{"id":186912,"date":"2015-09-11T09:41:00","date_gmt":"2015-09-11T09:41:00","guid":{"rendered":"https:\/\/www.webdo.tn\/fr\/blog\/plaidoyer-pour-une-tunisienne-sans-papiers\/186912\/"},"modified":"2025-05-19T10:08:32","modified_gmt":"2025-05-19T10:08:32","slug":"plaidoyer-pour-une-tunisienne-sans-papiers","status":"publish","type":"post","link":"https:\/\/www.webdo.tn\/fr\/actualite\/chroniques\/plaidoyer-pour-une-tunisienne-sans-papiers\/186912\/","title":{"rendered":"Plaidoyer pour une Tunisienne sans papiers"},"content":{"rendered":"<p>Ces derni\u00e8res semaines, la nationalit\u00e9 tunisienne a \u00e9t\u00e9 octroy\u00e9e \u00e0 un basketteur et, au cours des ann\u00e9es ant\u00e9rieures, deux footballeurs br\u00e9siliens ont obtenu cette nationalit\u00e9 tunisienne. Dans ces deux cas, cet octroi s&rsquo;est fait pour que ces sportifs puissent renforcer nos \u00e9quipes nationales.<\/p>\n<p>Cette d\u00e9marche souligne bien que la nationalit\u00e9 tunisienne, on la donne quand on veut et comme on veut. Et qu&rsquo;on ne vienne pas me dire le contraire&#8230;<br \/>\nL&rsquo;avanie faite aux minorit\u00e9s<br \/>\nPourquoi je vous parle de cela ? Parce qu&rsquo;au hasard d&rsquo;une conversation, je viens d&rsquo;apprendre que l&rsquo;orthophoniste Muriel Bessis a engag\u00e9 une d\u00e9marche pour retrouver sa nationalit\u00e9 tunisienne et que la r\u00e9ponse des autorit\u00e9s a \u00e9t\u00e9 n\u00e9gative.<\/p>\n<p>Un \u00ab\u00a0non\u00a0\u00bb sec et sans recours, un v\u00e9to sans autre forme de proc\u00e8s viennent d&rsquo;\u00eatre brandis au visage de cette femme qui, pourtant, m\u00e9rite de la Tunisie \u00e0 plusieurs titres.<\/p>\n<p>N\u00e9e Tunisienne, Muriel Bessis a perdu sa nationalit\u00e9 apr\u00e8s son d\u00e9part pour la France dans les ann\u00e9es soixante. Faudrait-il revenir sur le caract\u00e8re de ce d\u00e9part, sur le fait que la Tunisie de Ben Salah avait pouss\u00e9 vers la porte toutes ses minorit\u00e9s en faisant peser sur elles de nombreuses lois sc\u00e9l\u00e9rates et en pratiquant des expropriations massives ?<\/p>\n<p>De fait, malgr\u00e9 elle, malgr\u00e9 des racines tunisiennes s\u00e9culaires et \u00e9videntes, la famille de l&rsquo;alors toute jeune Muriel s&rsquo;est retrouv\u00e9e hors du pays natal et sans espoir de retour&#8230;<\/p>\n<p>Les lois \u00e9taient ainsi faites: autrefois, la double nationalit\u00e9 n&rsquo;existait pas et en cas de mariage par exemple, vous perdiez votre nationalit\u00e9 d&rsquo;origine. C&rsquo;est d&rsquo;ailleurs ce qui arriva \u00e0 Muriel Bessis puisque la nouvelle loi sur la double nationalit\u00e9 n&rsquo;existe que depuis 1973.<br \/>\nLe recours du pr\u00e9sident de la R\u00e9publique<br \/>\nDepuis, cette femme brillante et de renomm\u00e9e internationale a v\u00e9cu avec ce manque. Depuis, elle a toujours voulu retrouver son identit\u00e9 tunisienne. Depuis, elle a toujours gard\u00e9 son lien ins\u00e9cable avec la Tunisie.<br \/>\nMais voil\u00e0, les autorit\u00e9s tunisiennes ne l&rsquo;entendent pas de cette oreille !<\/p>\n<p>Devant le rejet de sa demande en nationalit\u00e9, Muriel Bessis a saisi le pr\u00e9sident de la R\u00e9publique qui, peut-\u00eatre, sauvera l&rsquo;honneur de la Tunisie.<\/p>\n<p>Car c&rsquo;est bien d&rsquo;honneur qu&rsquo;il s&rsquo;agit ! Pourquoi, en effet, amputer une seconde fois une personne bless\u00e9e par les soubresauts de l&rsquo;histoire ? Pourquoi ne pas reconnaitre \u00e0 Muriel Bessis qu&rsquo;elle m\u00e9rite de la Tunisie ? Pourquoi punir par ce refus absurde une femme dans la force de la maturit\u00e9 qui n&rsquo;aspire qu&rsquo;\u00e0 un retour au pays natal ?<\/p>\n<p>Muriel Bessis a mis toutes ses \u00e9conomies dans la restauration de la maison familiale qu&rsquo;elle habite pour trois mois puis trois nouveaux mois puis trois autres mois car, sans carte de s\u00e9jour ni nationalit\u00e9 tunisienne, elle est condamn\u00e9e \u00e0 cette ridicule valse aux fronti\u00e8res.<\/p>\n<p>Serions-nous \u00e0 ce point schizophr\u00e8nes et adeptes du double discours ? En fait, nous nous mentons \u00e0 nous m\u00eames lorsque nous parlons d&rsquo;ouverture, de g\u00e9n\u00e9rosit\u00e9 et d&rsquo;humanisme&#8230; En tous cas, ce cas individuel est exemplaire de nos ratages absolus et de notre honte devant l&rsquo;Eternel.<\/p>\n<p>Pourquoi jeter aux bureaucrates la dignit\u00e9 d&rsquo;une femme qui ne fait que demander ce qu&rsquo;elle a perdu \u00e0 cause d&rsquo;une histoire heurt\u00e9e ? Pourquoi refuser de rendre sa nationalit\u00e9 \u00e0 Muriel Bessis, une scientifique universellement connue qui a tant donn\u00e9 \u00e0 son pays ?<br \/>\nL&rsquo;honneur d&rsquo;une femme jet\u00e9 en p\u00e2ture aux bureaucrates<br \/>\nJe reste perplexe, trouble, piteux&#8230; Quand je pense \u00e0 l&rsquo;Espagne qui a rendu leur nationalit\u00e9 aux pers\u00e9cut\u00e9s et aux exil\u00e9s de l&rsquo;inquisition ! Quand je pense \u00e0 l&rsquo;Europe qui continue \u00e0 ouvrir les bras aux mis\u00e9rables de la Terre enti\u00e8re !<\/p>\n<p>Comment accepter que la Tunisie, non contente de castrer sa jeunesse actuelle qui ne r\u00eave que de partir, s&rsquo;\u00e9vertue \u00e0 punir celles et ceux qui l&rsquo;aiment, y compris et surtout une femme qui, dans ces temps o\u00f9 tout le monde nous fuit, choisit de retourner au pays ?<br \/>\nQuelle avanie ! Quel camouflet ! Quelle bassesse ! Quelle ignominie !<\/p>\n<p>Ils pourront nous faire avaler toutes les couleuvres et pas cette turpitude&#8230; Ils pourront toujours se gargariser avec des discours tartuffes sur la dignit\u00e9, ils n&rsquo;en continueront pas moins \u00e0 se vautrer dans toutes les fanges du d\u00e9shonneur&#8230;<\/p>\n<p>Pourquoi humilier la Tunisie avec ce refus inexplicable de rendre son \u00e2me, son drapeau, sa vie \u00e0 une femme qui en fait humblement la demande ? Pourquoi, par ricochet, humilier cette femme dont le \u00ab\u00a0tort\u00a0\u00bb originel est d&rsquo;avoir \u00e9t\u00e9 pouss\u00e9e vers la porte par les pr\u00e9d\u00e9cesseurs bureaucrates de ceux qui la crucifient aujourd&rsquo;hui ?<\/p>\n<p>Je suis confus, constern\u00e9, d\u00e9confit mais convaincu que la raison, l&rsquo;\u00e9quit\u00e9 et la morale la plus \u00e9l\u00e9mentaire finiront par pr\u00e9valoir&#8230;<br \/>\nHatem Bourial<\/p>\n","protected":false},"excerpt":{"rendered":"<p>Plaidoyer pour une Tunisienne sans papiers<\/p>\n","protected":false},"author":3229,"featured_media":317256,"comment_status":"open","ping_status":"closed","sticky":false,"template":"","format":"standard","meta":{"footnotes":""},"categories":[2596],"tags":[2600],"class_list":["post-186912","post","type-post","status-publish","format-standard","has-post-thumbnail","hentry","category-chroniques","tag-guerre"],"yoast_head":"<!-- This site is optimized with the Yoast SEO Premium plugin v27.5 (Yoast SEO v27.5) - https:\/\/yoast.com\/product\/yoast-seo-premium-wordpress\/ -->\n<title>Plaidoyer pour une Tunisienne sans papiers<\/title>\n<meta name=\"description\" content=\"Plaidoyer pour une Tunisienne sans papiers\" \/>\n<link rel=\"canonical\" href=\"https:\/\/www.webdo.tn\/fr\/actualite\/chroniques\/plaidoyer-pour-une-tunisienne-sans-papiers\/186912\/\" \/>\n<meta property=\"og:locale\" content=\"fr_FR\" \/>\n<meta property=\"og:type\" content=\"article\" \/>\n<meta property=\"og:title\" content=\"Plaidoyer pour une Tunisienne sans papiers\" \/>\n<meta property=\"og:description\" content=\"Plaidoyer pour une Tunisienne sans papiers\" \/>\n<meta property=\"og:url\" content=\"https:\/\/www.webdo.tn\/fr\/actualite\/chroniques\/plaidoyer-pour-une-tunisienne-sans-papiers\/186912\/\" \/>\n<meta property=\"og:site_name\" content=\"webdo\" \/>\n<meta property=\"article:publisher\" content=\"https:\/\/www.facebook.com\/webdotn\" \/>\n<meta property=\"article:author\" content=\"https:\/\/www.facebook.com\/hatem.bourial.2025\" \/>\n<meta property=\"article:published_time\" content=\"2015-09-11T09:41:00+00:00\" \/>\n<meta property=\"article:modified_time\" content=\"2025-05-19T10:08:32+00:00\" \/>\n<meta property=\"og:image\" content=\"https:\/\/www.webdo.tn\/fr\/wp-content\/uploads\/2015\/09\/Muriel-Bessis.jpg\" \/>\n\t<meta property=\"og:image:width\" content=\"631\" \/>\n\t<meta property=\"og:image:height\" content=\"355\" \/>\n\t<meta property=\"og:image:type\" content=\"image\/jpeg\" \/>\n<meta name=\"author\" content=\"Hatem Bourial\" \/>\n<meta name=\"twitter:card\" content=\"summary_large_image\" \/>\n<meta name=\"twitter:creator\" content=\"@webdo_tn\" \/>\n<meta name=\"twitter:site\" content=\"@webdo_tn\" \/>\n<meta name=\"twitter:label1\" content=\"\u00c9crit par\" \/>\n\t<meta name=\"twitter:data1\" content=\"Hatem Bourial\" \/>\n\t<meta name=\"twitter:label2\" content=\"Dur\u00e9e de lecture estim\u00e9e\" \/>\n\t<meta name=\"twitter:data2\" content=\"4 minutes\" \/>\n<script type=\"application\/ld+json\" class=\"yoast-schema-graph\">{\"@context\":\"https:\\\/\\\/schema.org\",\"@graph\":[{\"@type\":\"NewsArticle\",\"@id\":\"https:\\\/\\\/www.webdo.tn\\\/fr\\\/actualite\\\/chroniques\\\/plaidoyer-pour-une-tunisienne-sans-papiers\\\/186912\\\/#article\",\"isPartOf\":{\"@id\":\"https:\\\/\\\/www.webdo.tn\\\/fr\\\/actualite\\\/chroniques\\\/plaidoyer-pour-une-tunisienne-sans-papiers\\\/186912\\\/\"},\"author\":{\"name\":\"Hatem Bourial\",\"@id\":\"https:\\\/\\\/www.webdo.tn\\\/fr\\\/#\\\/schema\\\/person\\\/6bc0beba2cd23aec27cb5df85ca2554f\"},\"headline\":\"Plaidoyer pour une Tunisienne sans papiers\",\"datePublished\":\"2015-09-11T09:41:00+00:00\",\"dateModified\":\"2025-05-19T10:08:32+00:00\",\"mainEntityOfPage\":{\"@id\":\"https:\\\/\\\/www.webdo.tn\\\/fr\\\/actualite\\\/chroniques\\\/plaidoyer-pour-une-tunisienne-sans-papiers\\\/186912\\\/\"},\"wordCount\":833,\"commentCount\":0,\"publisher\":{\"@id\":\"https:\\\/\\\/www.webdo.tn\\\/fr\\\/#organization\"},\"image\":{\"@id\":\"https:\\\/\\\/www.webdo.tn\\\/fr\\\/actualite\\\/chroniques\\\/plaidoyer-pour-une-tunisienne-sans-papiers\\\/186912\\\/#primaryimage\"},\"thumbnailUrl\":\"https:\\\/\\\/www.webdo.tn\\\/fr\\\/wp-content\\\/uploads\\\/2015\\\/09\\\/Muriel-Bessis.jpg\",\"keywords\":[\"guerre\"],\"articleSection\":[\"Chroniques\"],\"inLanguage\":\"fr-FR\"},{\"@type\":\"WebPage\",\"@id\":\"https:\\\/\\\/www.webdo.tn\\\/fr\\\/actualite\\\/chroniques\\\/plaidoyer-pour-une-tunisienne-sans-papiers\\\/186912\\\/\",\"url\":\"https:\\\/\\\/www.webdo.tn\\\/fr\\\/actualite\\\/chroniques\\\/plaidoyer-pour-une-tunisienne-sans-papiers\\\/186912\\\/\",\"name\":\"Plaidoyer pour une Tunisienne sans papiers\",\"isPartOf\":{\"@id\":\"https:\\\/\\\/www.webdo.tn\\\/fr\\\/#website\"},\"primaryImageOfPage\":{\"@id\":\"https:\\\/\\\/www.webdo.tn\\\/fr\\\/actualite\\\/chroniques\\\/plaidoyer-pour-une-tunisienne-sans-papiers\\\/186912\\\/#primaryimage\"},\"image\":{\"@id\":\"https:\\\/\\\/www.webdo.tn\\\/fr\\\/actualite\\\/chroniques\\\/plaidoyer-pour-une-tunisienne-sans-papiers\\\/186912\\\/#primaryimage\"},\"thumbnailUrl\":\"https:\\\/\\\/www.webdo.tn\\\/fr\\\/wp-content\\\/uploads\\\/2015\\\/09\\\/Muriel-Bessis.jpg\",\"datePublished\":\"2015-09-11T09:41:00+00:00\",\"dateModified\":\"2025-05-19T10:08:32+00:00\",\"description\":\"Plaidoyer pour une Tunisienne sans papiers\",\"breadcrumb\":{\"@id\":\"https:\\\/\\\/www.webdo.tn\\\/fr\\\/actualite\\\/chroniques\\\/plaidoyer-pour-une-tunisienne-sans-papiers\\\/186912\\\/#breadcrumb\"},\"inLanguage\":\"fr-FR\",\"potentialAction\":[{\"@type\":\"ReadAction\",\"target\":[\"https:\\\/\\\/www.webdo.tn\\\/fr\\\/actualite\\\/chroniques\\\/plaidoyer-pour-une-tunisienne-sans-papiers\\\/186912\\\/\"]}]},{\"@type\":\"ImageObject\",\"inLanguage\":\"fr-FR\",\"@id\":\"https:\\\/\\\/www.webdo.tn\\\/fr\\\/actualite\\\/chroniques\\\/plaidoyer-pour-une-tunisienne-sans-papiers\\\/186912\\\/#primaryimage\",\"url\":\"https:\\\/\\\/www.webdo.tn\\\/fr\\\/wp-content\\\/uploads\\\/2015\\\/09\\\/Muriel-Bessis.jpg\",\"contentUrl\":\"https:\\\/\\\/www.webdo.tn\\\/fr\\\/wp-content\\\/uploads\\\/2015\\\/09\\\/Muriel-Bessis.jpg\",\"width\":631,\"height\":355,\"caption\":\"Plaidoyer pour une Tunisienne sans papiers\"},{\"@type\":\"BreadcrumbList\",\"@id\":\"https:\\\/\\\/www.webdo.tn\\\/fr\\\/actualite\\\/chroniques\\\/plaidoyer-pour-une-tunisienne-sans-papiers\\\/186912\\\/#breadcrumb\",\"itemListElement\":[{\"@type\":\"ListItem\",\"position\":1,\"name\":\"Accueil\",\"item\":\"https:\\\/\\\/www.webdo.tn\\\/fr\\\/\"},{\"@type\":\"ListItem\",\"position\":2,\"name\":\"Plaidoyer pour une Tunisienne sans papiers\"}]},{\"@type\":\"WebSite\",\"@id\":\"https:\\\/\\\/www.webdo.tn\\\/fr\\\/#website\",\"url\":\"https:\\\/\\\/www.webdo.tn\\\/fr\\\/\",\"name\":\"webdo\",\"description\":\"Tunisie - News en Tunisie et \u00e0 l&#039;international sur Webdo.tn\",\"publisher\":{\"@id\":\"https:\\\/\\\/www.webdo.tn\\\/fr\\\/#organization\"},\"potentialAction\":[{\"@type\":\"SearchAction\",\"target\":{\"@type\":\"EntryPoint\",\"urlTemplate\":\"https:\\\/\\\/www.webdo.tn\\\/fr\\\/?s={search_term_string}\"},\"query-input\":{\"@type\":\"PropertyValueSpecification\",\"valueRequired\":true,\"valueName\":\"search_term_string\"}}],\"inLanguage\":\"fr-FR\"},{\"@type\":\"Organization\",\"@id\":\"https:\\\/\\\/www.webdo.tn\\\/fr\\\/#organization\",\"name\":\"Webdo\",\"alternateName\":\"Webdo.tn\",\"url\":\"https:\\\/\\\/www.webdo.tn\\\/fr\\\/\",\"logo\":{\"@type\":\"ImageObject\",\"inLanguage\":\"fr-FR\",\"@id\":\"https:\\\/\\\/www.webdo.tn\\\/fr\\\/#\\\/schema\\\/logo\\\/image\\\/\",\"url\":\"https:\\\/\\\/www.webdo.tn\\\/fr\\\/wp-content\\\/uploads\\\/2025\\\/06\\\/Webdo-Tunisie_168377.jpg\",\"contentUrl\":\"https:\\\/\\\/www.webdo.tn\\\/fr\\\/wp-content\\\/uploads\\\/2025\\\/06\\\/Webdo-Tunisie_168377.jpg\",\"width\":301,\"height\":301,\"caption\":\"Webdo\"},\"image\":{\"@id\":\"https:\\\/\\\/www.webdo.tn\\\/fr\\\/#\\\/schema\\\/logo\\\/image\\\/\"},\"sameAs\":[\"https:\\\/\\\/www.facebook.com\\\/webdotn\",\"https:\\\/\\\/x.com\\\/webdo_tn\"],\"description\":\"Webdo est un m\u00e9dia num\u00e9rique tunisien fond\u00e9 en 2010, sp\u00e9cialis\u00e9 dans l\u2019actualit\u00e9 nationale et internationale, l\u2019\u00e9conomie, la soci\u00e9t\u00e9 et les analyses politiques. Le site s\u2019adresse \u00e0 un large public francophone et couvre l\u2019information tunisienne en temps r\u00e9el.\",\"email\":\"redac@webdo.tn\",\"legalName\":\"YNJ SARL\",\"foundingDate\":\"2010-09-06\",\"numberOfEmployees\":{\"@type\":\"QuantitativeValue\",\"minValue\":\"11\",\"maxValue\":\"50\"}},{\"@type\":\"Person\",\"@id\":\"https:\\\/\\\/www.webdo.tn\\\/fr\\\/#\\\/schema\\\/person\\\/6bc0beba2cd23aec27cb5df85ca2554f\",\"name\":\"Hatem Bourial\",\"image\":{\"@type\":\"ImageObject\",\"inLanguage\":\"fr-FR\",\"@id\":\"https:\\\/\\\/www.webdo.tn\\\/fr\\\/wp-content\\\/uploads\\\/2026\\\/04\\\/hatem-bourial_avatar-96x96.jpg\",\"url\":\"https:\\\/\\\/www.webdo.tn\\\/fr\\\/wp-content\\\/uploads\\\/2026\\\/04\\\/hatem-bourial_avatar-96x96.jpg\",\"contentUrl\":\"https:\\\/\\\/www.webdo.tn\\\/fr\\\/wp-content\\\/uploads\\\/2026\\\/04\\\/hatem-bourial_avatar-96x96.jpg\",\"caption\":\"Hatem Bourial\"},\"description\":\"Hatem Bourial est journaliste, \u00e9crivain et chroniqueur tunisien. Actif depuis plusieurs d\u00e9cennies, il s\u2019est impos\u00e9 comme un observateur attentif de la soci\u00e9t\u00e9 tunisienne, m\u00ealant dans ses \u00e9crits m\u00e9moire, culture et analyse du quotidien. Auteur de nombreux ouvrages, il d\u00e9veloppe une \u0153uvre \u00e0 la crois\u00e9e du r\u00e9cit, de la po\u00e9sie et de l\u2019observation sociologique. Parall\u00e8lement \u00e0 ses contributions dans la presse, il intervient r\u00e9guli\u00e8rement \u00e0 la radio et dans des espaces culturels, o\u00f9 il explore les enjeux li\u00e9s au patrimoine, \u00e0 l\u2019identit\u00e9 et aux transformations du monde contemporain. \u00c0 travers ses chroniques, Hatem Bourial propose une lecture sensible et approfondie de l\u2019actualit\u00e9, nourrie par une exp\u00e9rience journalistique et litt\u00e9raire reconnue. \ud83d\udd17 Facebook : https:\\\/\\\/www.facebook.com\\\/hatem.bourial.2025\",\"sameAs\":[\"https:\\\/\\\/www.facebook.com\\\/hatem.bourial.2025\",\"https:\\\/\\\/fr.wikipedia.org\\\/wiki\\\/Fichier:Hatem_Bourial.jpg\"],\"knowsAbout\":[\"Culture & patrimoine tunisien\",\"Chronique soci\u00e9tale\",\"Litt\u00e9rature & m\u00e9moire\",\"Cin\u00e9ma & critique culturelle\",\"Identit\u00e9 & mutations sociales\"],\"knowsLanguage\":[\"Arabe\",\"Fran\u00e7ais\",\"Anglais\",\"Italien\",\"Polonais\"],\"jobTitle\":\"Journaliste, \u00e9crivain et chroniqueur culturel\",\"worksFor\":\"Webdo\",\"url\":\"https:\\\/\\\/www.webdo.tn\\\/fr\\\/actualite\\\/author\\\/hatem-bourial-2\\\/\"}]}<\/script>\n<!-- \/ Yoast SEO Premium plugin. -->","yoast_head_json":{"title":"Plaidoyer pour une Tunisienne sans papiers","description":"Plaidoyer pour une Tunisienne sans papiers","canonical":"https:\/\/www.webdo.tn\/fr\/actualite\/chroniques\/plaidoyer-pour-une-tunisienne-sans-papiers\/186912\/","og_locale":"fr_FR","og_type":"article","og_title":"Plaidoyer pour une Tunisienne sans papiers","og_description":"Plaidoyer pour une Tunisienne sans papiers","og_url":"https:\/\/www.webdo.tn\/fr\/actualite\/chroniques\/plaidoyer-pour-une-tunisienne-sans-papiers\/186912\/","og_site_name":"webdo","article_publisher":"https:\/\/www.facebook.com\/webdotn","article_author":"https:\/\/www.facebook.com\/hatem.bourial.2025","article_published_time":"2015-09-11T09:41:00+00:00","article_modified_time":"2025-05-19T10:08:32+00:00","og_image":[{"width":631,"height":355,"url":"https:\/\/www.webdo.tn\/fr\/wp-content\/uploads\/2015\/09\/Muriel-Bessis.jpg","type":"image\/jpeg"}],"author":"Hatem Bourial","twitter_card":"summary_large_image","twitter_creator":"@webdo_tn","twitter_site":"@webdo_tn","twitter_misc":{"\u00c9crit par":"Hatem Bourial","Dur\u00e9e de lecture estim\u00e9e":"4 minutes"},"schema":{"@context":"https:\/\/schema.org","@graph":[{"@type":"NewsArticle","@id":"https:\/\/www.webdo.tn\/fr\/actualite\/chroniques\/plaidoyer-pour-une-tunisienne-sans-papiers\/186912\/#article","isPartOf":{"@id":"https:\/\/www.webdo.tn\/fr\/actualite\/chroniques\/plaidoyer-pour-une-tunisienne-sans-papiers\/186912\/"},"author":{"name":"Hatem Bourial","@id":"https:\/\/www.webdo.tn\/fr\/#\/schema\/person\/6bc0beba2cd23aec27cb5df85ca2554f"},"headline":"Plaidoyer pour une Tunisienne sans papiers","datePublished":"2015-09-11T09:41:00+00:00","dateModified":"2025-05-19T10:08:32+00:00","mainEntityOfPage":{"@id":"https:\/\/www.webdo.tn\/fr\/actualite\/chroniques\/plaidoyer-pour-une-tunisienne-sans-papiers\/186912\/"},"wordCount":833,"commentCount":0,"publisher":{"@id":"https:\/\/www.webdo.tn\/fr\/#organization"},"image":{"@id":"https:\/\/www.webdo.tn\/fr\/actualite\/chroniques\/plaidoyer-pour-une-tunisienne-sans-papiers\/186912\/#primaryimage"},"thumbnailUrl":"https:\/\/www.webdo.tn\/fr\/wp-content\/uploads\/2015\/09\/Muriel-Bessis.jpg","keywords":["guerre"],"articleSection":["Chroniques"],"inLanguage":"fr-FR"},{"@type":"WebPage","@id":"https:\/\/www.webdo.tn\/fr\/actualite\/chroniques\/plaidoyer-pour-une-tunisienne-sans-papiers\/186912\/","url":"https:\/\/www.webdo.tn\/fr\/actualite\/chroniques\/plaidoyer-pour-une-tunisienne-sans-papiers\/186912\/","name":"Plaidoyer pour une Tunisienne sans papiers","isPartOf":{"@id":"https:\/\/www.webdo.tn\/fr\/#website"},"primaryImageOfPage":{"@id":"https:\/\/www.webdo.tn\/fr\/actualite\/chroniques\/plaidoyer-pour-une-tunisienne-sans-papiers\/186912\/#primaryimage"},"image":{"@id":"https:\/\/www.webdo.tn\/fr\/actualite\/chroniques\/plaidoyer-pour-une-tunisienne-sans-papiers\/186912\/#primaryimage"},"thumbnailUrl":"https:\/\/www.webdo.tn\/fr\/wp-content\/uploads\/2015\/09\/Muriel-Bessis.jpg","datePublished":"2015-09-11T09:41:00+00:00","dateModified":"2025-05-19T10:08:32+00:00","description":"Plaidoyer pour une Tunisienne sans papiers","breadcrumb":{"@id":"https:\/\/www.webdo.tn\/fr\/actualite\/chroniques\/plaidoyer-pour-une-tunisienne-sans-papiers\/186912\/#breadcrumb"},"inLanguage":"fr-FR","potentialAction":[{"@type":"ReadAction","target":["https:\/\/www.webdo.tn\/fr\/actualite\/chroniques\/plaidoyer-pour-une-tunisienne-sans-papiers\/186912\/"]}]},{"@type":"ImageObject","inLanguage":"fr-FR","@id":"https:\/\/www.webdo.tn\/fr\/actualite\/chroniques\/plaidoyer-pour-une-tunisienne-sans-papiers\/186912\/#primaryimage","url":"https:\/\/www.webdo.tn\/fr\/wp-content\/uploads\/2015\/09\/Muriel-Bessis.jpg","contentUrl":"https:\/\/www.webdo.tn\/fr\/wp-content\/uploads\/2015\/09\/Muriel-Bessis.jpg","width":631,"height":355,"caption":"Plaidoyer pour une Tunisienne sans papiers"},{"@type":"BreadcrumbList","@id":"https:\/\/www.webdo.tn\/fr\/actualite\/chroniques\/plaidoyer-pour-une-tunisienne-sans-papiers\/186912\/#breadcrumb","itemListElement":[{"@type":"ListItem","position":1,"name":"Accueil","item":"https:\/\/www.webdo.tn\/fr\/"},{"@type":"ListItem","position":2,"name":"Plaidoyer pour une Tunisienne sans papiers"}]},{"@type":"WebSite","@id":"https:\/\/www.webdo.tn\/fr\/#website","url":"https:\/\/www.webdo.tn\/fr\/","name":"webdo","description":"Tunisie - News en Tunisie et \u00e0 l&#039;international sur Webdo.tn","publisher":{"@id":"https:\/\/www.webdo.tn\/fr\/#organization"},"potentialAction":[{"@type":"SearchAction","target":{"@type":"EntryPoint","urlTemplate":"https:\/\/www.webdo.tn\/fr\/?s={search_term_string}"},"query-input":{"@type":"PropertyValueSpecification","valueRequired":true,"valueName":"search_term_string"}}],"inLanguage":"fr-FR"},{"@type":"Organization","@id":"https:\/\/www.webdo.tn\/fr\/#organization","name":"Webdo","alternateName":"Webdo.tn","url":"https:\/\/www.webdo.tn\/fr\/","logo":{"@type":"ImageObject","inLanguage":"fr-FR","@id":"https:\/\/www.webdo.tn\/fr\/#\/schema\/logo\/image\/","url":"https:\/\/www.webdo.tn\/fr\/wp-content\/uploads\/2025\/06\/Webdo-Tunisie_168377.jpg","contentUrl":"https:\/\/www.webdo.tn\/fr\/wp-content\/uploads\/2025\/06\/Webdo-Tunisie_168377.jpg","width":301,"height":301,"caption":"Webdo"},"image":{"@id":"https:\/\/www.webdo.tn\/fr\/#\/schema\/logo\/image\/"},"sameAs":["https:\/\/www.facebook.com\/webdotn","https:\/\/x.com\/webdo_tn"],"description":"Webdo est un m\u00e9dia num\u00e9rique tunisien fond\u00e9 en 2010, sp\u00e9cialis\u00e9 dans l\u2019actualit\u00e9 nationale et internationale, l\u2019\u00e9conomie, la soci\u00e9t\u00e9 et les analyses politiques. Le site s\u2019adresse \u00e0 un large public francophone et couvre l\u2019information tunisienne en temps r\u00e9el.","email":"redac@webdo.tn","legalName":"YNJ SARL","foundingDate":"2010-09-06","numberOfEmployees":{"@type":"QuantitativeValue","minValue":"11","maxValue":"50"}},{"@type":"Person","@id":"https:\/\/www.webdo.tn\/fr\/#\/schema\/person\/6bc0beba2cd23aec27cb5df85ca2554f","name":"Hatem Bourial","image":{"@type":"ImageObject","inLanguage":"fr-FR","@id":"https:\/\/www.webdo.tn\/fr\/wp-content\/uploads\/2026\/04\/hatem-bourial_avatar-96x96.jpg","url":"https:\/\/www.webdo.tn\/fr\/wp-content\/uploads\/2026\/04\/hatem-bourial_avatar-96x96.jpg","contentUrl":"https:\/\/www.webdo.tn\/fr\/wp-content\/uploads\/2026\/04\/hatem-bourial_avatar-96x96.jpg","caption":"Hatem Bourial"},"description":"Hatem Bourial est journaliste, \u00e9crivain et chroniqueur tunisien. Actif depuis plusieurs d\u00e9cennies, il s\u2019est impos\u00e9 comme un observateur attentif de la soci\u00e9t\u00e9 tunisienne, m\u00ealant dans ses \u00e9crits m\u00e9moire, culture et analyse du quotidien. Auteur de nombreux ouvrages, il d\u00e9veloppe une \u0153uvre \u00e0 la crois\u00e9e du r\u00e9cit, de la po\u00e9sie et de l\u2019observation sociologique. Parall\u00e8lement \u00e0 ses contributions dans la presse, il intervient r\u00e9guli\u00e8rement \u00e0 la radio et dans des espaces culturels, o\u00f9 il explore les enjeux li\u00e9s au patrimoine, \u00e0 l\u2019identit\u00e9 et aux transformations du monde contemporain. \u00c0 travers ses chroniques, Hatem Bourial propose une lecture sensible et approfondie de l\u2019actualit\u00e9, nourrie par une exp\u00e9rience journalistique et litt\u00e9raire reconnue. \ud83d\udd17 Facebook : https:\/\/www.facebook.com\/hatem.bourial.2025","sameAs":["https:\/\/www.facebook.com\/hatem.bourial.2025","https:\/\/fr.wikipedia.org\/wiki\/Fichier:Hatem_Bourial.jpg"],"knowsAbout":["Culture & patrimoine tunisien","Chronique soci\u00e9tale","Litt\u00e9rature & m\u00e9moire","Cin\u00e9ma & critique culturelle","Identit\u00e9 & mutations sociales"],"knowsLanguage":["Arabe","Fran\u00e7ais","Anglais","Italien","Polonais"],"jobTitle":"Journaliste, \u00e9crivain et chroniqueur culturel","worksFor":"Webdo","url":"https:\/\/www.webdo.tn\/fr\/actualite\/author\/hatem-bourial-2\/"}]}},"_links":{"self":[{"href":"https:\/\/www.webdo.tn\/fr\/wp-json\/wp\/v2\/posts\/186912","targetHints":{"allow":["GET"]}}],"collection":[{"href":"https:\/\/www.webdo.tn\/fr\/wp-json\/wp\/v2\/posts"}],"about":[{"href":"https:\/\/www.webdo.tn\/fr\/wp-json\/wp\/v2\/types\/post"}],"author":[{"embeddable":true,"href":"https:\/\/www.webdo.tn\/fr\/wp-json\/wp\/v2\/users\/3229"}],"replies":[{"embeddable":true,"href":"https:\/\/www.webdo.tn\/fr\/wp-json\/wp\/v2\/comments?post=186912"}],"version-history":[{"count":0,"href":"https:\/\/www.webdo.tn\/fr\/wp-json\/wp\/v2\/posts\/186912\/revisions"}],"wp:featuredmedia":[{"embeddable":true,"href":"https:\/\/www.webdo.tn\/fr\/wp-json\/wp\/v2\/media\/317256"}],"wp:attachment":[{"href":"https:\/\/www.webdo.tn\/fr\/wp-json\/wp\/v2\/media?parent=186912"}],"wp:term":[{"taxonomy":"category","embeddable":true,"href":"https:\/\/www.webdo.tn\/fr\/wp-json\/wp\/v2\/categories?post=186912"},{"taxonomy":"post_tag","embeddable":true,"href":"https:\/\/www.webdo.tn\/fr\/wp-json\/wp\/v2\/tags?post=186912"}],"curies":[{"name":"wp","href":"https:\/\/api.w.org\/{rel}","templated":true}]}}