{"id":186906,"date":"2015-08-25T10:17:00","date_gmt":"2015-08-25T10:17:00","guid":{"rendered":"https:\/\/www.webdo.tn\/fr\/blog\/tunisie-sur-facebook-le-civisme-se-porte-plutot-bien\/186906\/"},"modified":"2025-05-19T10:09:36","modified_gmt":"2025-05-19T10:09:36","slug":"tunisie-sur-facebook-le-civisme-se-porte-plutot-bien","status":"publish","type":"post","link":"https:\/\/www.webdo.tn\/fr\/actualite\/chroniques\/tunisie-sur-facebook-le-civisme-se-porte-plutot-bien\/186906\/","title":{"rendered":"Sur Facebook, le civisme se porte plut\u00f4t bien&#8230;"},"content":{"rendered":"<p>Des dizaines d&rsquo;initiatives civiques ont r\u00e9cemment vu le jour sur Facebook. Pour virtuelles qu&rsquo;elles soient, ces initiatives d\u00e9bouchent souvent sur des actions sur le terrain lorsqu&rsquo;elles n&rsquo;\u00e9manent pas de compte-rendus citoyens sur diverses r\u00e9alit\u00e9s d&rsquo;aujourd&rsquo;hui.<br \/>\nDes internautes\/citoyens par centaines de milliers<br \/>\nDe plus en plus nombreux, efficaces et cr\u00e9dibles, ces groupes d&rsquo;internautes sont en train de redessiner la carte du civisme dans notre pays tout en \u00e9tablissant une feuille de route de toutes les actions citoyennes. C&rsquo;est par milliers, et chacun selon ses moyens, que les Tunisiennes et les Tunisiens et aussi la communaut\u00e9 expatri\u00e9e en Tunisie se joignent \u00e0 ces initiatives qui ratissent large.<\/p>\n<p>V\u00e9ritable fait de soci\u00e9t\u00e9, alternatives au folklore associatif de certains cercles qui lorgnent plus vers la notabilit\u00e9 que le travail de terrain, ces initiatives sont une r\u00e9ponse de la soci\u00e9t\u00e9 civile \u00e0 l&rsquo;immobilisme des \u00e9lus et aussi \u00e0 certaines formes d&rsquo;anarchie qui perdurent.<\/p>\n<p>Je voudrais t\u00e9moigner ici de la qualit\u00e9 et du plein engagement de celles et ceux qui animent ces initiatives dont la toile est le berceau. J&rsquo;ai pu, \u00e0 travers ces r\u00e9seaux, rencontrer des gens aussi fantastiques que discrets, aussi d\u00e9vou\u00e9s qu&rsquo;humbles, aussi convaincus qu&rsquo;altruistes.<br \/>\nUne ligue citoyenne vers\u00e9e dans l&rsquo;action<br \/>\nQu&rsquo;on me permette donc de leur tirer mon chapeau ! Bien entendu, je ne connais pas tous les acteurs civiques de la Toile mais il importe de constater qu&rsquo;ils prennent d\u00e9sormais le pas sur les blogueurs qui investissent dans le politique sur fond de cynisme et de d\u00e9nigrement syst\u00e9matique.<\/p>\n<p>Avec ces acteurs du civique, la Toile retrouve son emprise citoyenne et se conjugue au fil des projets et des r\u00e9alisations.<\/p>\n<p>Comment ne pas citer l&rsquo;initiative \u00ab\u00a0On a \u00e9t\u00e9 emb\u00eat\u00e9s pour vous\u00a0\u00bb qui appelle \u00e0 une action citoyenne ce 30 ao\u00fbt \u00e0 travers la Tunisie ? Comment ne pas \u00e9voquer le groupe \u00ab\u00a0Civisme et Civilit\u00e9\u00a0\u00bb qui r\u00e9unit de plus en plus de membres ?<\/p>\n<p>Comment oublier \u00ab\u00a0Les bons plans de Tunisie\u00a0\u00bb ou \u00ab\u00a0On a mang\u00e9 pour vous\u00a0\u00bb qui accompagnent d\u00e9sormais notre quotidien ? Et les groupes structur\u00e9s autour d&rsquo;une id\u00e9e-force : \u00ab\u00a0Nettoyons notre rue\u00a0\u00bb, \u00ab\u00a0Amoureux de Marsa, Carthage, Sidi Bou Said\u00a0\u00bb, \u00ab\u00a0J&rsquo;aime le fran\u00e7ais\u00a0\u00bb ou \u00ab\u00a0Carthagina Community\u00a0\u00bb&#8230;<\/p>\n<p>Ensemble, ces groupes r\u00e9unissent des centaines de milliers de membres et nous montrent la voie des horizons \u00e0 d\u00e9fricher.<br \/>\nUn simple clic peut beaucoup !<br \/>\nPuissent-ils \u00eatre entendus ! Puissent-ils \u00e9voluer sans perdre cette puret\u00e9, cet amour d&rsquo;autrui qui font leur force et leur originalit\u00e9. Puissent-ils continuer \u00e0 nous surprendre et nous r\u00e9apprendre les chemins de l&rsquo;action et du civisme&#8230;<\/p>\n<p>Chapeau bas, les filles et les gars, vous \u00eates bel et bien le sel de notre r\u00e9volution, le socle virtuel de nos nouveaux \u00e9lans civiques et, surtout, les exemples d&rsquo;un engagement citoyen qui ne s&rsquo;\u00e9gare pas dans les discours scabreux ni les man\u0153uvres d&rsquo;appareils&#8230; Merci, au nom de tous ceux qui observent et admirent votre efficacit\u00e9, au nom aussi de celles et ceux qui y participent, ne serait-ce qu&rsquo;avec un simple clic !<\/p>\n","protected":false},"excerpt":{"rendered":"<p>Sur Facebook, le civisme se porte plut\u00f4t bien&#8230;<\/p>\n","protected":false},"author":3229,"featured_media":317417,"comment_status":"open","ping_status":"closed","sticky":false,"template":"","format":"standard","meta":{"footnotes":""},"categories":[2596],"tags":[2600],"class_list":["post-186906","post","type-post","status-publish","format-standard","has-post-thumbnail","hentry","category-chroniques","tag-guerre"],"yoast_head":"<!-- This site is optimized with the Yoast SEO Premium plugin v27.5 (Yoast SEO v27.5) - https:\/\/yoast.com\/product\/yoast-seo-premium-wordpress\/ -->\n<title>Sur Facebook, le civisme se porte plut\u00f4t bien...<\/title>\n<meta name=\"description\" content=\"Sur Facebook, le civisme se porte plut\u00f4t bien...\" \/>\n<link rel=\"canonical\" href=\"https:\/\/www.webdo.tn\/fr\/actualite\/chroniques\/tunisie-sur-facebook-le-civisme-se-porte-plutot-bien\/186906\/\" \/>\n<meta property=\"og:locale\" content=\"fr_FR\" \/>\n<meta property=\"og:type\" content=\"article\" \/>\n<meta property=\"og:title\" content=\"Sur Facebook, le civisme se porte plut\u00f4t bien...\" \/>\n<meta property=\"og:description\" content=\"Sur Facebook, le civisme se porte plut\u00f4t bien...\" \/>\n<meta property=\"og:url\" content=\"https:\/\/www.webdo.tn\/fr\/actualite\/chroniques\/tunisie-sur-facebook-le-civisme-se-porte-plutot-bien\/186906\/\" \/>\n<meta property=\"og:site_name\" content=\"webdo\" \/>\n<meta property=\"article:publisher\" content=\"https:\/\/www.facebook.com\/webdotn\" \/>\n<meta property=\"article:author\" content=\"https:\/\/www.facebook.com\/hatem.bourial.2025\" \/>\n<meta property=\"article:published_time\" content=\"2015-08-25T10:17:00+00:00\" \/>\n<meta property=\"article:modified_time\" content=\"2025-05-19T10:09:36+00:00\" \/>\n<meta property=\"og:image\" content=\"https:\/\/www.webdo.tn\/fr\/wp-content\/uploads\/2015\/08\/Carthagina-300x198-1.jpg\" \/>\n\t<meta property=\"og:image:width\" content=\"300\" \/>\n\t<meta property=\"og:image:height\" content=\"198\" \/>\n\t<meta property=\"og:image:type\" content=\"image\/jpeg\" \/>\n<meta name=\"author\" content=\"Hatem Bourial\" \/>\n<meta name=\"twitter:card\" content=\"summary_large_image\" \/>\n<meta name=\"twitter:creator\" content=\"@webdo_tn\" \/>\n<meta name=\"twitter:site\" content=\"@webdo_tn\" \/>\n<meta name=\"twitter:label1\" content=\"\u00c9crit par\" \/>\n\t<meta name=\"twitter:data1\" content=\"Hatem Bourial\" \/>\n\t<meta name=\"twitter:label2\" content=\"Dur\u00e9e de lecture estim\u00e9e\" \/>\n\t<meta name=\"twitter:data2\" content=\"3 minutes\" \/>\n<script type=\"application\/ld+json\" class=\"yoast-schema-graph\">{\"@context\":\"https:\\\/\\\/schema.org\",\"@graph\":[{\"@type\":\"NewsArticle\",\"@id\":\"https:\\\/\\\/www.webdo.tn\\\/fr\\\/actualite\\\/chroniques\\\/tunisie-sur-facebook-le-civisme-se-porte-plutot-bien\\\/186906\\\/#article\",\"isPartOf\":{\"@id\":\"https:\\\/\\\/www.webdo.tn\\\/fr\\\/actualite\\\/chroniques\\\/tunisie-sur-facebook-le-civisme-se-porte-plutot-bien\\\/186906\\\/\"},\"author\":{\"name\":\"Hatem Bourial\",\"@id\":\"https:\\\/\\\/www.webdo.tn\\\/fr\\\/#\\\/schema\\\/person\\\/6bc0beba2cd23aec27cb5df85ca2554f\"},\"headline\":\"Sur Facebook, le civisme se porte plut\u00f4t bien&#8230;\",\"datePublished\":\"2015-08-25T10:17:00+00:00\",\"dateModified\":\"2025-05-19T10:09:36+00:00\",\"mainEntityOfPage\":{\"@id\":\"https:\\\/\\\/www.webdo.tn\\\/fr\\\/actualite\\\/chroniques\\\/tunisie-sur-facebook-le-civisme-se-porte-plutot-bien\\\/186906\\\/\"},\"wordCount\":537,\"commentCount\":0,\"publisher\":{\"@id\":\"https:\\\/\\\/www.webdo.tn\\\/fr\\\/#organization\"},\"image\":{\"@id\":\"https:\\\/\\\/www.webdo.tn\\\/fr\\\/actualite\\\/chroniques\\\/tunisie-sur-facebook-le-civisme-se-porte-plutot-bien\\\/186906\\\/#primaryimage\"},\"thumbnailUrl\":\"https:\\\/\\\/www.webdo.tn\\\/fr\\\/wp-content\\\/uploads\\\/2015\\\/08\\\/Carthagina-300x198-1.jpg\",\"keywords\":[\"guerre\"],\"articleSection\":[\"Chroniques\"],\"inLanguage\":\"fr-FR\"},{\"@type\":\"WebPage\",\"@id\":\"https:\\\/\\\/www.webdo.tn\\\/fr\\\/actualite\\\/chroniques\\\/tunisie-sur-facebook-le-civisme-se-porte-plutot-bien\\\/186906\\\/\",\"url\":\"https:\\\/\\\/www.webdo.tn\\\/fr\\\/actualite\\\/chroniques\\\/tunisie-sur-facebook-le-civisme-se-porte-plutot-bien\\\/186906\\\/\",\"name\":\"Sur Facebook, le civisme se porte plut\u00f4t bien...\",\"isPartOf\":{\"@id\":\"https:\\\/\\\/www.webdo.tn\\\/fr\\\/#website\"},\"primaryImageOfPage\":{\"@id\":\"https:\\\/\\\/www.webdo.tn\\\/fr\\\/actualite\\\/chroniques\\\/tunisie-sur-facebook-le-civisme-se-porte-plutot-bien\\\/186906\\\/#primaryimage\"},\"image\":{\"@id\":\"https:\\\/\\\/www.webdo.tn\\\/fr\\\/actualite\\\/chroniques\\\/tunisie-sur-facebook-le-civisme-se-porte-plutot-bien\\\/186906\\\/#primaryimage\"},\"thumbnailUrl\":\"https:\\\/\\\/www.webdo.tn\\\/fr\\\/wp-content\\\/uploads\\\/2015\\\/08\\\/Carthagina-300x198-1.jpg\",\"datePublished\":\"2015-08-25T10:17:00+00:00\",\"dateModified\":\"2025-05-19T10:09:36+00:00\",\"description\":\"Sur Facebook, le civisme se porte plut\u00f4t bien...\",\"breadcrumb\":{\"@id\":\"https:\\\/\\\/www.webdo.tn\\\/fr\\\/actualite\\\/chroniques\\\/tunisie-sur-facebook-le-civisme-se-porte-plutot-bien\\\/186906\\\/#breadcrumb\"},\"inLanguage\":\"fr-FR\",\"potentialAction\":[{\"@type\":\"ReadAction\",\"target\":[\"https:\\\/\\\/www.webdo.tn\\\/fr\\\/actualite\\\/chroniques\\\/tunisie-sur-facebook-le-civisme-se-porte-plutot-bien\\\/186906\\\/\"]}]},{\"@type\":\"ImageObject\",\"inLanguage\":\"fr-FR\",\"@id\":\"https:\\\/\\\/www.webdo.tn\\\/fr\\\/actualite\\\/chroniques\\\/tunisie-sur-facebook-le-civisme-se-porte-plutot-bien\\\/186906\\\/#primaryimage\",\"url\":\"https:\\\/\\\/www.webdo.tn\\\/fr\\\/wp-content\\\/uploads\\\/2015\\\/08\\\/Carthagina-300x198-1.jpg\",\"contentUrl\":\"https:\\\/\\\/www.webdo.tn\\\/fr\\\/wp-content\\\/uploads\\\/2015\\\/08\\\/Carthagina-300x198-1.jpg\",\"width\":300,\"height\":198,\"caption\":\"Sur Facebook, le civisme se porte plut\u00f4t bien...\"},{\"@type\":\"BreadcrumbList\",\"@id\":\"https:\\\/\\\/www.webdo.tn\\\/fr\\\/actualite\\\/chroniques\\\/tunisie-sur-facebook-le-civisme-se-porte-plutot-bien\\\/186906\\\/#breadcrumb\",\"itemListElement\":[{\"@type\":\"ListItem\",\"position\":1,\"name\":\"Accueil\",\"item\":\"https:\\\/\\\/www.webdo.tn\\\/fr\\\/\"},{\"@type\":\"ListItem\",\"position\":2,\"name\":\"Sur Facebook, le civisme se porte plut\u00f4t bien&#8230;\"}]},{\"@type\":\"WebSite\",\"@id\":\"https:\\\/\\\/www.webdo.tn\\\/fr\\\/#website\",\"url\":\"https:\\\/\\\/www.webdo.tn\\\/fr\\\/\",\"name\":\"webdo\",\"description\":\"Tunisie - News en Tunisie et \u00e0 l&#039;international sur Webdo.tn\",\"publisher\":{\"@id\":\"https:\\\/\\\/www.webdo.tn\\\/fr\\\/#organization\"},\"potentialAction\":[{\"@type\":\"SearchAction\",\"target\":{\"@type\":\"EntryPoint\",\"urlTemplate\":\"https:\\\/\\\/www.webdo.tn\\\/fr\\\/?s={search_term_string}\"},\"query-input\":{\"@type\":\"PropertyValueSpecification\",\"valueRequired\":true,\"valueName\":\"search_term_string\"}}],\"inLanguage\":\"fr-FR\"},{\"@type\":\"Organization\",\"@id\":\"https:\\\/\\\/www.webdo.tn\\\/fr\\\/#organization\",\"name\":\"Webdo\",\"alternateName\":\"Webdo.tn\",\"url\":\"https:\\\/\\\/www.webdo.tn\\\/fr\\\/\",\"logo\":{\"@type\":\"ImageObject\",\"inLanguage\":\"fr-FR\",\"@id\":\"https:\\\/\\\/www.webdo.tn\\\/fr\\\/#\\\/schema\\\/logo\\\/image\\\/\",\"url\":\"https:\\\/\\\/www.webdo.tn\\\/fr\\\/wp-content\\\/uploads\\\/2025\\\/06\\\/Webdo-Tunisie_168377.jpg\",\"contentUrl\":\"https:\\\/\\\/www.webdo.tn\\\/fr\\\/wp-content\\\/uploads\\\/2025\\\/06\\\/Webdo-Tunisie_168377.jpg\",\"width\":301,\"height\":301,\"caption\":\"Webdo\"},\"image\":{\"@id\":\"https:\\\/\\\/www.webdo.tn\\\/fr\\\/#\\\/schema\\\/logo\\\/image\\\/\"},\"sameAs\":[\"https:\\\/\\\/www.facebook.com\\\/webdotn\",\"https:\\\/\\\/x.com\\\/webdo_tn\"],\"description\":\"Webdo est un m\u00e9dia num\u00e9rique tunisien fond\u00e9 en 2010, sp\u00e9cialis\u00e9 dans l\u2019actualit\u00e9 nationale et internationale, l\u2019\u00e9conomie, la soci\u00e9t\u00e9 et les analyses politiques. Le site s\u2019adresse \u00e0 un large public francophone et couvre l\u2019information tunisienne en temps r\u00e9el.\",\"email\":\"redac@webdo.tn\",\"legalName\":\"YNJ SARL\",\"foundingDate\":\"2010-09-06\",\"numberOfEmployees\":{\"@type\":\"QuantitativeValue\",\"minValue\":\"11\",\"maxValue\":\"50\"}},{\"@type\":\"Person\",\"@id\":\"https:\\\/\\\/www.webdo.tn\\\/fr\\\/#\\\/schema\\\/person\\\/6bc0beba2cd23aec27cb5df85ca2554f\",\"name\":\"Hatem Bourial\",\"image\":{\"@type\":\"ImageObject\",\"inLanguage\":\"fr-FR\",\"@id\":\"https:\\\/\\\/www.webdo.tn\\\/fr\\\/wp-content\\\/uploads\\\/2026\\\/04\\\/hatem-bourial_avatar-96x96.jpg\",\"url\":\"https:\\\/\\\/www.webdo.tn\\\/fr\\\/wp-content\\\/uploads\\\/2026\\\/04\\\/hatem-bourial_avatar-96x96.jpg\",\"contentUrl\":\"https:\\\/\\\/www.webdo.tn\\\/fr\\\/wp-content\\\/uploads\\\/2026\\\/04\\\/hatem-bourial_avatar-96x96.jpg\",\"caption\":\"Hatem Bourial\"},\"description\":\"Hatem Bourial est journaliste, \u00e9crivain et chroniqueur tunisien. Actif depuis plusieurs d\u00e9cennies, il s\u2019est impos\u00e9 comme un observateur attentif de la soci\u00e9t\u00e9 tunisienne, m\u00ealant dans ses \u00e9crits m\u00e9moire, culture et analyse du quotidien. Auteur de nombreux ouvrages, il d\u00e9veloppe une \u0153uvre \u00e0 la crois\u00e9e du r\u00e9cit, de la po\u00e9sie et de l\u2019observation sociologique. Parall\u00e8lement \u00e0 ses contributions dans la presse, il intervient r\u00e9guli\u00e8rement \u00e0 la radio et dans des espaces culturels, o\u00f9 il explore les enjeux li\u00e9s au patrimoine, \u00e0 l\u2019identit\u00e9 et aux transformations du monde contemporain. \u00c0 travers ses chroniques, Hatem Bourial propose une lecture sensible et approfondie de l\u2019actualit\u00e9, nourrie par une exp\u00e9rience journalistique et litt\u00e9raire reconnue. \ud83d\udd17 Facebook : https:\\\/\\\/www.facebook.com\\\/hatem.bourial.2025\",\"sameAs\":[\"https:\\\/\\\/www.facebook.com\\\/hatem.bourial.2025\",\"https:\\\/\\\/fr.wikipedia.org\\\/wiki\\\/Fichier:Hatem_Bourial.jpg\"],\"knowsAbout\":[\"Culture & patrimoine tunisien\",\"Chronique soci\u00e9tale\",\"Litt\u00e9rature & m\u00e9moire\",\"Cin\u00e9ma & critique culturelle\",\"Identit\u00e9 & mutations sociales\"],\"knowsLanguage\":[\"Arabe\",\"Fran\u00e7ais\",\"Anglais\",\"Italien\",\"Polonais\"],\"jobTitle\":\"Journaliste, \u00e9crivain et chroniqueur culturel\",\"worksFor\":\"Webdo\",\"url\":\"https:\\\/\\\/www.webdo.tn\\\/fr\\\/actualite\\\/author\\\/hatem-bourial-2\\\/\"}]}<\/script>\n<!-- \/ Yoast SEO Premium plugin. -->","yoast_head_json":{"title":"Sur Facebook, le civisme se porte plut\u00f4t bien...","description":"Sur Facebook, le civisme se porte plut\u00f4t bien...","canonical":"https:\/\/www.webdo.tn\/fr\/actualite\/chroniques\/tunisie-sur-facebook-le-civisme-se-porte-plutot-bien\/186906\/","og_locale":"fr_FR","og_type":"article","og_title":"Sur Facebook, le civisme se porte plut\u00f4t bien...","og_description":"Sur Facebook, le civisme se porte plut\u00f4t bien...","og_url":"https:\/\/www.webdo.tn\/fr\/actualite\/chroniques\/tunisie-sur-facebook-le-civisme-se-porte-plutot-bien\/186906\/","og_site_name":"webdo","article_publisher":"https:\/\/www.facebook.com\/webdotn","article_author":"https:\/\/www.facebook.com\/hatem.bourial.2025","article_published_time":"2015-08-25T10:17:00+00:00","article_modified_time":"2025-05-19T10:09:36+00:00","og_image":[{"width":300,"height":198,"url":"https:\/\/www.webdo.tn\/fr\/wp-content\/uploads\/2015\/08\/Carthagina-300x198-1.jpg","type":"image\/jpeg"}],"author":"Hatem Bourial","twitter_card":"summary_large_image","twitter_creator":"@webdo_tn","twitter_site":"@webdo_tn","twitter_misc":{"\u00c9crit par":"Hatem Bourial","Dur\u00e9e de lecture estim\u00e9e":"3 minutes"},"schema":{"@context":"https:\/\/schema.org","@graph":[{"@type":"NewsArticle","@id":"https:\/\/www.webdo.tn\/fr\/actualite\/chroniques\/tunisie-sur-facebook-le-civisme-se-porte-plutot-bien\/186906\/#article","isPartOf":{"@id":"https:\/\/www.webdo.tn\/fr\/actualite\/chroniques\/tunisie-sur-facebook-le-civisme-se-porte-plutot-bien\/186906\/"},"author":{"name":"Hatem Bourial","@id":"https:\/\/www.webdo.tn\/fr\/#\/schema\/person\/6bc0beba2cd23aec27cb5df85ca2554f"},"headline":"Sur Facebook, le civisme se porte plut\u00f4t bien&#8230;","datePublished":"2015-08-25T10:17:00+00:00","dateModified":"2025-05-19T10:09:36+00:00","mainEntityOfPage":{"@id":"https:\/\/www.webdo.tn\/fr\/actualite\/chroniques\/tunisie-sur-facebook-le-civisme-se-porte-plutot-bien\/186906\/"},"wordCount":537,"commentCount":0,"publisher":{"@id":"https:\/\/www.webdo.tn\/fr\/#organization"},"image":{"@id":"https:\/\/www.webdo.tn\/fr\/actualite\/chroniques\/tunisie-sur-facebook-le-civisme-se-porte-plutot-bien\/186906\/#primaryimage"},"thumbnailUrl":"https:\/\/www.webdo.tn\/fr\/wp-content\/uploads\/2015\/08\/Carthagina-300x198-1.jpg","keywords":["guerre"],"articleSection":["Chroniques"],"inLanguage":"fr-FR"},{"@type":"WebPage","@id":"https:\/\/www.webdo.tn\/fr\/actualite\/chroniques\/tunisie-sur-facebook-le-civisme-se-porte-plutot-bien\/186906\/","url":"https:\/\/www.webdo.tn\/fr\/actualite\/chroniques\/tunisie-sur-facebook-le-civisme-se-porte-plutot-bien\/186906\/","name":"Sur Facebook, le civisme se porte plut\u00f4t bien...","isPartOf":{"@id":"https:\/\/www.webdo.tn\/fr\/#website"},"primaryImageOfPage":{"@id":"https:\/\/www.webdo.tn\/fr\/actualite\/chroniques\/tunisie-sur-facebook-le-civisme-se-porte-plutot-bien\/186906\/#primaryimage"},"image":{"@id":"https:\/\/www.webdo.tn\/fr\/actualite\/chroniques\/tunisie-sur-facebook-le-civisme-se-porte-plutot-bien\/186906\/#primaryimage"},"thumbnailUrl":"https:\/\/www.webdo.tn\/fr\/wp-content\/uploads\/2015\/08\/Carthagina-300x198-1.jpg","datePublished":"2015-08-25T10:17:00+00:00","dateModified":"2025-05-19T10:09:36+00:00","description":"Sur Facebook, le civisme se porte plut\u00f4t bien...","breadcrumb":{"@id":"https:\/\/www.webdo.tn\/fr\/actualite\/chroniques\/tunisie-sur-facebook-le-civisme-se-porte-plutot-bien\/186906\/#breadcrumb"},"inLanguage":"fr-FR","potentialAction":[{"@type":"ReadAction","target":["https:\/\/www.webdo.tn\/fr\/actualite\/chroniques\/tunisie-sur-facebook-le-civisme-se-porte-plutot-bien\/186906\/"]}]},{"@type":"ImageObject","inLanguage":"fr-FR","@id":"https:\/\/www.webdo.tn\/fr\/actualite\/chroniques\/tunisie-sur-facebook-le-civisme-se-porte-plutot-bien\/186906\/#primaryimage","url":"https:\/\/www.webdo.tn\/fr\/wp-content\/uploads\/2015\/08\/Carthagina-300x198-1.jpg","contentUrl":"https:\/\/www.webdo.tn\/fr\/wp-content\/uploads\/2015\/08\/Carthagina-300x198-1.jpg","width":300,"height":198,"caption":"Sur Facebook, le civisme se porte plut\u00f4t bien..."},{"@type":"BreadcrumbList","@id":"https:\/\/www.webdo.tn\/fr\/actualite\/chroniques\/tunisie-sur-facebook-le-civisme-se-porte-plutot-bien\/186906\/#breadcrumb","itemListElement":[{"@type":"ListItem","position":1,"name":"Accueil","item":"https:\/\/www.webdo.tn\/fr\/"},{"@type":"ListItem","position":2,"name":"Sur Facebook, le civisme se porte plut\u00f4t bien&#8230;"}]},{"@type":"WebSite","@id":"https:\/\/www.webdo.tn\/fr\/#website","url":"https:\/\/www.webdo.tn\/fr\/","name":"webdo","description":"Tunisie - News en Tunisie et \u00e0 l&#039;international sur Webdo.tn","publisher":{"@id":"https:\/\/www.webdo.tn\/fr\/#organization"},"potentialAction":[{"@type":"SearchAction","target":{"@type":"EntryPoint","urlTemplate":"https:\/\/www.webdo.tn\/fr\/?s={search_term_string}"},"query-input":{"@type":"PropertyValueSpecification","valueRequired":true,"valueName":"search_term_string"}}],"inLanguage":"fr-FR"},{"@type":"Organization","@id":"https:\/\/www.webdo.tn\/fr\/#organization","name":"Webdo","alternateName":"Webdo.tn","url":"https:\/\/www.webdo.tn\/fr\/","logo":{"@type":"ImageObject","inLanguage":"fr-FR","@id":"https:\/\/www.webdo.tn\/fr\/#\/schema\/logo\/image\/","url":"https:\/\/www.webdo.tn\/fr\/wp-content\/uploads\/2025\/06\/Webdo-Tunisie_168377.jpg","contentUrl":"https:\/\/www.webdo.tn\/fr\/wp-content\/uploads\/2025\/06\/Webdo-Tunisie_168377.jpg","width":301,"height":301,"caption":"Webdo"},"image":{"@id":"https:\/\/www.webdo.tn\/fr\/#\/schema\/logo\/image\/"},"sameAs":["https:\/\/www.facebook.com\/webdotn","https:\/\/x.com\/webdo_tn"],"description":"Webdo est un m\u00e9dia num\u00e9rique tunisien fond\u00e9 en 2010, sp\u00e9cialis\u00e9 dans l\u2019actualit\u00e9 nationale et internationale, l\u2019\u00e9conomie, la soci\u00e9t\u00e9 et les analyses politiques. Le site s\u2019adresse \u00e0 un large public francophone et couvre l\u2019information tunisienne en temps r\u00e9el.","email":"redac@webdo.tn","legalName":"YNJ SARL","foundingDate":"2010-09-06","numberOfEmployees":{"@type":"QuantitativeValue","minValue":"11","maxValue":"50"}},{"@type":"Person","@id":"https:\/\/www.webdo.tn\/fr\/#\/schema\/person\/6bc0beba2cd23aec27cb5df85ca2554f","name":"Hatem Bourial","image":{"@type":"ImageObject","inLanguage":"fr-FR","@id":"https:\/\/www.webdo.tn\/fr\/wp-content\/uploads\/2026\/04\/hatem-bourial_avatar-96x96.jpg","url":"https:\/\/www.webdo.tn\/fr\/wp-content\/uploads\/2026\/04\/hatem-bourial_avatar-96x96.jpg","contentUrl":"https:\/\/www.webdo.tn\/fr\/wp-content\/uploads\/2026\/04\/hatem-bourial_avatar-96x96.jpg","caption":"Hatem Bourial"},"description":"Hatem Bourial est journaliste, \u00e9crivain et chroniqueur tunisien. Actif depuis plusieurs d\u00e9cennies, il s\u2019est impos\u00e9 comme un observateur attentif de la soci\u00e9t\u00e9 tunisienne, m\u00ealant dans ses \u00e9crits m\u00e9moire, culture et analyse du quotidien. Auteur de nombreux ouvrages, il d\u00e9veloppe une \u0153uvre \u00e0 la crois\u00e9e du r\u00e9cit, de la po\u00e9sie et de l\u2019observation sociologique. Parall\u00e8lement \u00e0 ses contributions dans la presse, il intervient r\u00e9guli\u00e8rement \u00e0 la radio et dans des espaces culturels, o\u00f9 il explore les enjeux li\u00e9s au patrimoine, \u00e0 l\u2019identit\u00e9 et aux transformations du monde contemporain. \u00c0 travers ses chroniques, Hatem Bourial propose une lecture sensible et approfondie de l\u2019actualit\u00e9, nourrie par une exp\u00e9rience journalistique et litt\u00e9raire reconnue. \ud83d\udd17 Facebook : https:\/\/www.facebook.com\/hatem.bourial.2025","sameAs":["https:\/\/www.facebook.com\/hatem.bourial.2025","https:\/\/fr.wikipedia.org\/wiki\/Fichier:Hatem_Bourial.jpg"],"knowsAbout":["Culture & patrimoine tunisien","Chronique soci\u00e9tale","Litt\u00e9rature & m\u00e9moire","Cin\u00e9ma & critique culturelle","Identit\u00e9 & mutations sociales"],"knowsLanguage":["Arabe","Fran\u00e7ais","Anglais","Italien","Polonais"],"jobTitle":"Journaliste, \u00e9crivain et chroniqueur culturel","worksFor":"Webdo","url":"https:\/\/www.webdo.tn\/fr\/actualite\/author\/hatem-bourial-2\/"}]}},"_links":{"self":[{"href":"https:\/\/www.webdo.tn\/fr\/wp-json\/wp\/v2\/posts\/186906","targetHints":{"allow":["GET"]}}],"collection":[{"href":"https:\/\/www.webdo.tn\/fr\/wp-json\/wp\/v2\/posts"}],"about":[{"href":"https:\/\/www.webdo.tn\/fr\/wp-json\/wp\/v2\/types\/post"}],"author":[{"embeddable":true,"href":"https:\/\/www.webdo.tn\/fr\/wp-json\/wp\/v2\/users\/3229"}],"replies":[{"embeddable":true,"href":"https:\/\/www.webdo.tn\/fr\/wp-json\/wp\/v2\/comments?post=186906"}],"version-history":[{"count":0,"href":"https:\/\/www.webdo.tn\/fr\/wp-json\/wp\/v2\/posts\/186906\/revisions"}],"wp:featuredmedia":[{"embeddable":true,"href":"https:\/\/www.webdo.tn\/fr\/wp-json\/wp\/v2\/media\/317417"}],"wp:attachment":[{"href":"https:\/\/www.webdo.tn\/fr\/wp-json\/wp\/v2\/media?parent=186906"}],"wp:term":[{"taxonomy":"category","embeddable":true,"href":"https:\/\/www.webdo.tn\/fr\/wp-json\/wp\/v2\/categories?post=186906"},{"taxonomy":"post_tag","embeddable":true,"href":"https:\/\/www.webdo.tn\/fr\/wp-json\/wp\/v2\/tags?post=186906"}],"curies":[{"name":"wp","href":"https:\/\/api.w.org\/{rel}","templated":true}]}}