{"id":186901,"date":"2015-08-08T11:56:00","date_gmt":"2015-08-08T11:56:00","guid":{"rendered":"https:\/\/www.webdo.tn\/fr\/blog\/tunisie-sur-la-scene-de-carthage-akon-portera-le-niqab\/186901\/"},"modified":"2015-08-08T11:56:00","modified_gmt":"2015-08-08T11:56:00","slug":"tunisie-sur-la-scene-de-carthage-akon-portera-le-niqab","status":"publish","type":"post","link":"https:\/\/www.webdo.tn\/fr\/actualite\/chroniques\/tunisie-sur-la-scene-de-carthage-akon-portera-le-niqab\/186901\/","title":{"rendered":"Sur la sc\u00e8ne de Carthage, Akon portera le niqab!"},"content":{"rendered":"<p>La star Akon, idole des jeunes et des moins jeunes, sera dimanche soir sur la sc\u00e8ne du festival international de Carthage pour un concert unique.<\/p>\n<p>Toutefois, il y aura pour cette soir\u00e9e carthaginoise, interdiction de photographier \u00ab\u00a0avant, pendant et apr\u00e8s le spectacle\u00a0\u00bb<br \/>\nGros sous et caprices de stars<br \/>\nMesure inique et m\u00e9prisante dict\u00e9e par Akon \u00e0 la direction du festival qui s&rsquo;est inclin\u00e9e devant le caprice de la star. Caprice ? Pas vraiment ! Car il s&rsquo;agit probablement d&rsquo;une exigence contractuelle, d\u00fbment sign\u00e9e entre les deux parties et que la direction du festival n&rsquo;a jug\u00e9 utile de r\u00e9v\u00e9ler au public qu&rsquo;\u00e0 la veille du concert.<\/p>\n<p>Sinon, s&rsquo;il s&rsquo;agit bel et bien d&rsquo;un caprice de derni\u00e8re minute, le festival doit cat\u00e9goriquement rejeter ce chantage \u00e0 la photo et exiger que le contrat soit honor\u00e9.<\/p>\n<p>Beaucoup de vedettes du show business se comportent avec nos festivals avec une l\u00e9g\u00e8ret\u00e9 qui fr\u00f4le le m\u00e9pris. C&rsquo;est dire l&rsquo;image en ruines de nos grands festivals&#8230;<br \/>\nLes portables seront-ils interdits ?<br \/>\nRevenons \u00e0 Akon. Et demandons une pr\u00e9cision ! Est-ce que l&rsquo;interdiction de photographier concerne uniquement les professionnels des m\u00e9dias ou bien le public aussi sera interdit de photo ?<\/p>\n<p>Le plus s\u00e9rieusement du monde, le festival annonce que tout contrevenant verra son appareil confisqu\u00e9. Cela concerne-t-il les portables, tablettes et smartphones ? Est ce que des proc\u00e8s verbaux seront dress\u00e9s ou bien flirtera-t-on avec l&rsquo;ill\u00e9galit\u00e9 lorsqu&rsquo;il s&rsquo;agira de s\u00e9parer un appareil de son propri\u00e9taire ?<\/p>\n<p>Nous comprenons ais\u00e9ment que Akon et ses impr\u00e9sarios ne voudraient pas retrouver des extraits du concert sur les r\u00e9seaux. Mais de l\u00e0 \u00e0 leur donner le droit, tr\u00e8s stalinien, de g\u00e2cher la f\u00eate en recouvrant le th\u00e9\u00e2tre antique d&rsquo;un niqab virtuel, il y a un pas qui ne devrait pas \u00eatre franchi&#8230;<br \/>\nUn th\u00e9\u00e2tre en niqab ou le chantage \u00e0 la photo<br \/>\nC&rsquo;est la derni\u00e8re ! Un th\u00e9\u00e2tre virtuellement niqab\u00e9, burkis\u00e9, voil\u00e9, soustrait \u00e0 la joie&#8230; Si Akon veut se voiler derri\u00e8re une interdiction de photographier et de filmer, c&rsquo;est son affaire. Et celle du festival qui ne devrait pas obtemp\u00e9rer.<\/p>\n<p>Le tableau n&rsquo;est pas brillant : des pros vont \u00eatre emp\u00each\u00e9s de faire leur boulot pour d&rsquo;inextricables questions de droit \u00e0 l&rsquo;image. Des pros risquent d&rsquo;\u00eatre fouill\u00e9s et d\u00e9lest\u00e9s de leur mat\u00e9riel. Quant au public, qui paie la peau des fesses, il ne pourra probablement pas ramener un souvenir ni m\u00eame un selfie de cette soir\u00e9e plac\u00e9e sous le signe de la censure.<br \/>\nUn bonus pour les int\u00e9gristes ?<br \/>\nAkon en niqab ! Qu&rsquo;on se le dise&#8230; Peut-\u00eatre que dans son esprit, il ne pige pas que ce faisant, il fait la nique \u00e0 son public et une fleur aux islamistes radicaux. Car dans nos pays o\u00f9 monte la querelle des images, il n&rsquo;est jamais neutre ni innocent de mettre des menottes aux photographes.<\/p>\n<p>Puissent Akon et la direction du festival trouver rapidement une solution \u00e0 cette ridicule d\u00e9cision qui vient dans un contexte troubl\u00e9, sur fond de trag\u00e9dies et d&rsquo;espoir t\u00eatu, offrir un bonus \u00e0 tous les int\u00e9gristes qui r\u00eavent d&rsquo;interdire les images et aussi la musique&#8230;<\/p>\n","protected":false},"excerpt":{"rendered":"<p>Sur la sc\u00e8ne de Carthage, Akon portera le niqab!<\/p>\n","protected":false},"author":3229,"featured_media":336147,"comment_status":"open","ping_status":"closed","sticky":false,"template":"","format":"standard","meta":{"footnotes":""},"categories":[2596],"tags":[2600],"class_list":["post-186901","post","type-post","status-publish","format-standard","has-post-thumbnail","hentry","category-chroniques","tag-guerre"],"yoast_head":"<!-- This site is optimized with the Yoast SEO Premium plugin v27.5 (Yoast SEO v27.5) - https:\/\/yoast.com\/product\/yoast-seo-premium-wordpress\/ -->\n<title>Sur la sc\u00e8ne de Carthage, Akon portera le niqab!<\/title>\n<meta name=\"description\" content=\"Sur la sc\u00e8ne de Carthage, Akon portera le niqab!\" \/>\n<link rel=\"canonical\" href=\"https:\/\/www.webdo.tn\/fr\/actualite\/chroniques\/tunisie-sur-la-scene-de-carthage-akon-portera-le-niqab\/186901\/\" \/>\n<meta property=\"og:locale\" content=\"fr_FR\" \/>\n<meta property=\"og:type\" content=\"article\" \/>\n<meta property=\"og:title\" content=\"Sur la sc\u00e8ne de Carthage, Akon portera le niqab!\" \/>\n<meta property=\"og:description\" content=\"Sur la sc\u00e8ne de Carthage, Akon portera le niqab!\" \/>\n<meta property=\"og:url\" content=\"https:\/\/www.webdo.tn\/fr\/actualite\/chroniques\/tunisie-sur-la-scene-de-carthage-akon-portera-le-niqab\/186901\/\" \/>\n<meta property=\"og:site_name\" content=\"webdo\" \/>\n<meta property=\"article:publisher\" content=\"https:\/\/www.facebook.com\/webdotn\" \/>\n<meta property=\"article:author\" content=\"https:\/\/www.facebook.com\/hatem.bourial.2025\" \/>\n<meta property=\"article:published_time\" content=\"2015-08-08T11:56:00+00:00\" \/>\n<meta property=\"og:image\" content=\"https:\/\/www.webdo.tn\/fr\/wp-content\/uploads\/2015\/08\/Akon.jpg\" \/>\n\t<meta property=\"og:image:width\" content=\"600\" \/>\n\t<meta property=\"og:image:height\" content=\"398\" \/>\n\t<meta property=\"og:image:type\" content=\"image\/jpeg\" \/>\n<meta name=\"author\" content=\"Hatem Bourial\" \/>\n<meta name=\"twitter:card\" content=\"summary_large_image\" \/>\n<meta name=\"twitter:creator\" content=\"@webdo_tn\" \/>\n<meta name=\"twitter:site\" content=\"@webdo_tn\" \/>\n<meta name=\"twitter:label1\" content=\"\u00c9crit par\" \/>\n\t<meta name=\"twitter:data1\" content=\"Hatem Bourial\" \/>\n\t<meta name=\"twitter:label2\" content=\"Dur\u00e9e de lecture estim\u00e9e\" \/>\n\t<meta name=\"twitter:data2\" content=\"3 minutes\" \/>\n<script type=\"application\/ld+json\" class=\"yoast-schema-graph\">{\"@context\":\"https:\\\/\\\/schema.org\",\"@graph\":[{\"@type\":\"NewsArticle\",\"@id\":\"https:\\\/\\\/www.webdo.tn\\\/fr\\\/actualite\\\/chroniques\\\/tunisie-sur-la-scene-de-carthage-akon-portera-le-niqab\\\/186901\\\/#article\",\"isPartOf\":{\"@id\":\"https:\\\/\\\/www.webdo.tn\\\/fr\\\/actualite\\\/chroniques\\\/tunisie-sur-la-scene-de-carthage-akon-portera-le-niqab\\\/186901\\\/\"},\"author\":{\"name\":\"Hatem Bourial\",\"@id\":\"https:\\\/\\\/www.webdo.tn\\\/fr\\\/#\\\/schema\\\/person\\\/6bc0beba2cd23aec27cb5df85ca2554f\"},\"headline\":\"Sur la sc\u00e8ne de Carthage, Akon portera le niqab!\",\"datePublished\":\"2015-08-08T11:56:00+00:00\",\"mainEntityOfPage\":{\"@id\":\"https:\\\/\\\/www.webdo.tn\\\/fr\\\/actualite\\\/chroniques\\\/tunisie-sur-la-scene-de-carthage-akon-portera-le-niqab\\\/186901\\\/\"},\"wordCount\":574,\"commentCount\":0,\"publisher\":{\"@id\":\"https:\\\/\\\/www.webdo.tn\\\/fr\\\/#organization\"},\"image\":{\"@id\":\"https:\\\/\\\/www.webdo.tn\\\/fr\\\/actualite\\\/chroniques\\\/tunisie-sur-la-scene-de-carthage-akon-portera-le-niqab\\\/186901\\\/#primaryimage\"},\"thumbnailUrl\":\"https:\\\/\\\/www.webdo.tn\\\/fr\\\/wp-content\\\/uploads\\\/2015\\\/08\\\/Akon.jpg\",\"keywords\":[\"guerre\"],\"articleSection\":[\"Chroniques\"],\"inLanguage\":\"fr-FR\"},{\"@type\":\"WebPage\",\"@id\":\"https:\\\/\\\/www.webdo.tn\\\/fr\\\/actualite\\\/chroniques\\\/tunisie-sur-la-scene-de-carthage-akon-portera-le-niqab\\\/186901\\\/\",\"url\":\"https:\\\/\\\/www.webdo.tn\\\/fr\\\/actualite\\\/chroniques\\\/tunisie-sur-la-scene-de-carthage-akon-portera-le-niqab\\\/186901\\\/\",\"name\":\"Sur la sc\u00e8ne de Carthage, Akon portera le niqab!\",\"isPartOf\":{\"@id\":\"https:\\\/\\\/www.webdo.tn\\\/fr\\\/#website\"},\"primaryImageOfPage\":{\"@id\":\"https:\\\/\\\/www.webdo.tn\\\/fr\\\/actualite\\\/chroniques\\\/tunisie-sur-la-scene-de-carthage-akon-portera-le-niqab\\\/186901\\\/#primaryimage\"},\"image\":{\"@id\":\"https:\\\/\\\/www.webdo.tn\\\/fr\\\/actualite\\\/chroniques\\\/tunisie-sur-la-scene-de-carthage-akon-portera-le-niqab\\\/186901\\\/#primaryimage\"},\"thumbnailUrl\":\"https:\\\/\\\/www.webdo.tn\\\/fr\\\/wp-content\\\/uploads\\\/2015\\\/08\\\/Akon.jpg\",\"datePublished\":\"2015-08-08T11:56:00+00:00\",\"description\":\"Sur la sc\u00e8ne de Carthage, Akon portera le niqab!\",\"breadcrumb\":{\"@id\":\"https:\\\/\\\/www.webdo.tn\\\/fr\\\/actualite\\\/chroniques\\\/tunisie-sur-la-scene-de-carthage-akon-portera-le-niqab\\\/186901\\\/#breadcrumb\"},\"inLanguage\":\"fr-FR\",\"potentialAction\":[{\"@type\":\"ReadAction\",\"target\":[\"https:\\\/\\\/www.webdo.tn\\\/fr\\\/actualite\\\/chroniques\\\/tunisie-sur-la-scene-de-carthage-akon-portera-le-niqab\\\/186901\\\/\"]}]},{\"@type\":\"ImageObject\",\"inLanguage\":\"fr-FR\",\"@id\":\"https:\\\/\\\/www.webdo.tn\\\/fr\\\/actualite\\\/chroniques\\\/tunisie-sur-la-scene-de-carthage-akon-portera-le-niqab\\\/186901\\\/#primaryimage\",\"url\":\"https:\\\/\\\/www.webdo.tn\\\/fr\\\/wp-content\\\/uploads\\\/2015\\\/08\\\/Akon.jpg\",\"contentUrl\":\"https:\\\/\\\/www.webdo.tn\\\/fr\\\/wp-content\\\/uploads\\\/2015\\\/08\\\/Akon.jpg\",\"width\":600,\"height\":398,\"caption\":\"Sur la sc\u00e8ne de Carthage, Akon portera le niqab!\"},{\"@type\":\"BreadcrumbList\",\"@id\":\"https:\\\/\\\/www.webdo.tn\\\/fr\\\/actualite\\\/chroniques\\\/tunisie-sur-la-scene-de-carthage-akon-portera-le-niqab\\\/186901\\\/#breadcrumb\",\"itemListElement\":[{\"@type\":\"ListItem\",\"position\":1,\"name\":\"Accueil\",\"item\":\"https:\\\/\\\/www.webdo.tn\\\/fr\\\/\"},{\"@type\":\"ListItem\",\"position\":2,\"name\":\"Sur la sc\u00e8ne de Carthage, Akon portera le niqab!\"}]},{\"@type\":\"WebSite\",\"@id\":\"https:\\\/\\\/www.webdo.tn\\\/fr\\\/#website\",\"url\":\"https:\\\/\\\/www.webdo.tn\\\/fr\\\/\",\"name\":\"webdo\",\"description\":\"Tunisie - News en Tunisie et \u00e0 l&#039;international sur Webdo.tn\",\"publisher\":{\"@id\":\"https:\\\/\\\/www.webdo.tn\\\/fr\\\/#organization\"},\"potentialAction\":[{\"@type\":\"SearchAction\",\"target\":{\"@type\":\"EntryPoint\",\"urlTemplate\":\"https:\\\/\\\/www.webdo.tn\\\/fr\\\/?s={search_term_string}\"},\"query-input\":{\"@type\":\"PropertyValueSpecification\",\"valueRequired\":true,\"valueName\":\"search_term_string\"}}],\"inLanguage\":\"fr-FR\"},{\"@type\":\"Organization\",\"@id\":\"https:\\\/\\\/www.webdo.tn\\\/fr\\\/#organization\",\"name\":\"Webdo\",\"alternateName\":\"Webdo.tn\",\"url\":\"https:\\\/\\\/www.webdo.tn\\\/fr\\\/\",\"logo\":{\"@type\":\"ImageObject\",\"inLanguage\":\"fr-FR\",\"@id\":\"https:\\\/\\\/www.webdo.tn\\\/fr\\\/#\\\/schema\\\/logo\\\/image\\\/\",\"url\":\"https:\\\/\\\/www.webdo.tn\\\/fr\\\/wp-content\\\/uploads\\\/2025\\\/06\\\/Webdo-Tunisie_168377.jpg\",\"contentUrl\":\"https:\\\/\\\/www.webdo.tn\\\/fr\\\/wp-content\\\/uploads\\\/2025\\\/06\\\/Webdo-Tunisie_168377.jpg\",\"width\":301,\"height\":301,\"caption\":\"Webdo\"},\"image\":{\"@id\":\"https:\\\/\\\/www.webdo.tn\\\/fr\\\/#\\\/schema\\\/logo\\\/image\\\/\"},\"sameAs\":[\"https:\\\/\\\/www.facebook.com\\\/webdotn\",\"https:\\\/\\\/x.com\\\/webdo_tn\"],\"description\":\"Webdo est un m\u00e9dia num\u00e9rique tunisien fond\u00e9 en 2010, sp\u00e9cialis\u00e9 dans l\u2019actualit\u00e9 nationale et internationale, l\u2019\u00e9conomie, la soci\u00e9t\u00e9 et les analyses politiques. Le site s\u2019adresse \u00e0 un large public francophone et couvre l\u2019information tunisienne en temps r\u00e9el.\",\"email\":\"redac@webdo.tn\",\"legalName\":\"YNJ SARL\",\"foundingDate\":\"2010-09-06\",\"numberOfEmployees\":{\"@type\":\"QuantitativeValue\",\"minValue\":\"11\",\"maxValue\":\"50\"}},{\"@type\":\"Person\",\"@id\":\"https:\\\/\\\/www.webdo.tn\\\/fr\\\/#\\\/schema\\\/person\\\/6bc0beba2cd23aec27cb5df85ca2554f\",\"name\":\"Hatem Bourial\",\"image\":{\"@type\":\"ImageObject\",\"inLanguage\":\"fr-FR\",\"@id\":\"https:\\\/\\\/www.webdo.tn\\\/fr\\\/wp-content\\\/uploads\\\/2026\\\/04\\\/hatem-bourial_avatar-96x96.jpg\",\"url\":\"https:\\\/\\\/www.webdo.tn\\\/fr\\\/wp-content\\\/uploads\\\/2026\\\/04\\\/hatem-bourial_avatar-96x96.jpg\",\"contentUrl\":\"https:\\\/\\\/www.webdo.tn\\\/fr\\\/wp-content\\\/uploads\\\/2026\\\/04\\\/hatem-bourial_avatar-96x96.jpg\",\"caption\":\"Hatem Bourial\"},\"description\":\"Hatem Bourial est journaliste, \u00e9crivain et chroniqueur tunisien. Actif depuis plusieurs d\u00e9cennies, il s\u2019est impos\u00e9 comme un observateur attentif de la soci\u00e9t\u00e9 tunisienne, m\u00ealant dans ses \u00e9crits m\u00e9moire, culture et analyse du quotidien. Auteur de nombreux ouvrages, il d\u00e9veloppe une \u0153uvre \u00e0 la crois\u00e9e du r\u00e9cit, de la po\u00e9sie et de l\u2019observation sociologique. Parall\u00e8lement \u00e0 ses contributions dans la presse, il intervient r\u00e9guli\u00e8rement \u00e0 la radio et dans des espaces culturels, o\u00f9 il explore les enjeux li\u00e9s au patrimoine, \u00e0 l\u2019identit\u00e9 et aux transformations du monde contemporain. \u00c0 travers ses chroniques, Hatem Bourial propose une lecture sensible et approfondie de l\u2019actualit\u00e9, nourrie par une exp\u00e9rience journalistique et litt\u00e9raire reconnue. \ud83d\udd17 Facebook : https:\\\/\\\/www.facebook.com\\\/hatem.bourial.2025\",\"sameAs\":[\"https:\\\/\\\/www.facebook.com\\\/hatem.bourial.2025\",\"https:\\\/\\\/fr.wikipedia.org\\\/wiki\\\/Fichier:Hatem_Bourial.jpg\"],\"knowsAbout\":[\"Culture & patrimoine tunisien\",\"Chronique soci\u00e9tale\",\"Litt\u00e9rature & m\u00e9moire\",\"Cin\u00e9ma & critique culturelle\",\"Identit\u00e9 & mutations sociales\"],\"knowsLanguage\":[\"Arabe\",\"Fran\u00e7ais\",\"Anglais\",\"Italien\",\"Polonais\"],\"jobTitle\":\"Journaliste, \u00e9crivain et chroniqueur culturel\",\"worksFor\":\"Webdo\",\"url\":\"https:\\\/\\\/www.webdo.tn\\\/fr\\\/actualite\\\/author\\\/hatem-bourial-2\\\/\"}]}<\/script>\n<!-- \/ Yoast SEO Premium plugin. -->","yoast_head_json":{"title":"Sur la sc\u00e8ne de Carthage, Akon portera le niqab!","description":"Sur la sc\u00e8ne de Carthage, Akon portera le niqab!","canonical":"https:\/\/www.webdo.tn\/fr\/actualite\/chroniques\/tunisie-sur-la-scene-de-carthage-akon-portera-le-niqab\/186901\/","og_locale":"fr_FR","og_type":"article","og_title":"Sur la sc\u00e8ne de Carthage, Akon portera le niqab!","og_description":"Sur la sc\u00e8ne de Carthage, Akon portera le niqab!","og_url":"https:\/\/www.webdo.tn\/fr\/actualite\/chroniques\/tunisie-sur-la-scene-de-carthage-akon-portera-le-niqab\/186901\/","og_site_name":"webdo","article_publisher":"https:\/\/www.facebook.com\/webdotn","article_author":"https:\/\/www.facebook.com\/hatem.bourial.2025","article_published_time":"2015-08-08T11:56:00+00:00","og_image":[{"width":600,"height":398,"url":"https:\/\/www.webdo.tn\/fr\/wp-content\/uploads\/2015\/08\/Akon.jpg","type":"image\/jpeg"}],"author":"Hatem Bourial","twitter_card":"summary_large_image","twitter_creator":"@webdo_tn","twitter_site":"@webdo_tn","twitter_misc":{"\u00c9crit par":"Hatem Bourial","Dur\u00e9e de lecture estim\u00e9e":"3 minutes"},"schema":{"@context":"https:\/\/schema.org","@graph":[{"@type":"NewsArticle","@id":"https:\/\/www.webdo.tn\/fr\/actualite\/chroniques\/tunisie-sur-la-scene-de-carthage-akon-portera-le-niqab\/186901\/#article","isPartOf":{"@id":"https:\/\/www.webdo.tn\/fr\/actualite\/chroniques\/tunisie-sur-la-scene-de-carthage-akon-portera-le-niqab\/186901\/"},"author":{"name":"Hatem Bourial","@id":"https:\/\/www.webdo.tn\/fr\/#\/schema\/person\/6bc0beba2cd23aec27cb5df85ca2554f"},"headline":"Sur la sc\u00e8ne de Carthage, Akon portera le niqab!","datePublished":"2015-08-08T11:56:00+00:00","mainEntityOfPage":{"@id":"https:\/\/www.webdo.tn\/fr\/actualite\/chroniques\/tunisie-sur-la-scene-de-carthage-akon-portera-le-niqab\/186901\/"},"wordCount":574,"commentCount":0,"publisher":{"@id":"https:\/\/www.webdo.tn\/fr\/#organization"},"image":{"@id":"https:\/\/www.webdo.tn\/fr\/actualite\/chroniques\/tunisie-sur-la-scene-de-carthage-akon-portera-le-niqab\/186901\/#primaryimage"},"thumbnailUrl":"https:\/\/www.webdo.tn\/fr\/wp-content\/uploads\/2015\/08\/Akon.jpg","keywords":["guerre"],"articleSection":["Chroniques"],"inLanguage":"fr-FR"},{"@type":"WebPage","@id":"https:\/\/www.webdo.tn\/fr\/actualite\/chroniques\/tunisie-sur-la-scene-de-carthage-akon-portera-le-niqab\/186901\/","url":"https:\/\/www.webdo.tn\/fr\/actualite\/chroniques\/tunisie-sur-la-scene-de-carthage-akon-portera-le-niqab\/186901\/","name":"Sur la sc\u00e8ne de Carthage, Akon portera le niqab!","isPartOf":{"@id":"https:\/\/www.webdo.tn\/fr\/#website"},"primaryImageOfPage":{"@id":"https:\/\/www.webdo.tn\/fr\/actualite\/chroniques\/tunisie-sur-la-scene-de-carthage-akon-portera-le-niqab\/186901\/#primaryimage"},"image":{"@id":"https:\/\/www.webdo.tn\/fr\/actualite\/chroniques\/tunisie-sur-la-scene-de-carthage-akon-portera-le-niqab\/186901\/#primaryimage"},"thumbnailUrl":"https:\/\/www.webdo.tn\/fr\/wp-content\/uploads\/2015\/08\/Akon.jpg","datePublished":"2015-08-08T11:56:00+00:00","description":"Sur la sc\u00e8ne de Carthage, Akon portera le niqab!","breadcrumb":{"@id":"https:\/\/www.webdo.tn\/fr\/actualite\/chroniques\/tunisie-sur-la-scene-de-carthage-akon-portera-le-niqab\/186901\/#breadcrumb"},"inLanguage":"fr-FR","potentialAction":[{"@type":"ReadAction","target":["https:\/\/www.webdo.tn\/fr\/actualite\/chroniques\/tunisie-sur-la-scene-de-carthage-akon-portera-le-niqab\/186901\/"]}]},{"@type":"ImageObject","inLanguage":"fr-FR","@id":"https:\/\/www.webdo.tn\/fr\/actualite\/chroniques\/tunisie-sur-la-scene-de-carthage-akon-portera-le-niqab\/186901\/#primaryimage","url":"https:\/\/www.webdo.tn\/fr\/wp-content\/uploads\/2015\/08\/Akon.jpg","contentUrl":"https:\/\/www.webdo.tn\/fr\/wp-content\/uploads\/2015\/08\/Akon.jpg","width":600,"height":398,"caption":"Sur la sc\u00e8ne de Carthage, Akon portera le niqab!"},{"@type":"BreadcrumbList","@id":"https:\/\/www.webdo.tn\/fr\/actualite\/chroniques\/tunisie-sur-la-scene-de-carthage-akon-portera-le-niqab\/186901\/#breadcrumb","itemListElement":[{"@type":"ListItem","position":1,"name":"Accueil","item":"https:\/\/www.webdo.tn\/fr\/"},{"@type":"ListItem","position":2,"name":"Sur la sc\u00e8ne de Carthage, Akon portera le niqab!"}]},{"@type":"WebSite","@id":"https:\/\/www.webdo.tn\/fr\/#website","url":"https:\/\/www.webdo.tn\/fr\/","name":"webdo","description":"Tunisie - News en Tunisie et \u00e0 l&#039;international sur Webdo.tn","publisher":{"@id":"https:\/\/www.webdo.tn\/fr\/#organization"},"potentialAction":[{"@type":"SearchAction","target":{"@type":"EntryPoint","urlTemplate":"https:\/\/www.webdo.tn\/fr\/?s={search_term_string}"},"query-input":{"@type":"PropertyValueSpecification","valueRequired":true,"valueName":"search_term_string"}}],"inLanguage":"fr-FR"},{"@type":"Organization","@id":"https:\/\/www.webdo.tn\/fr\/#organization","name":"Webdo","alternateName":"Webdo.tn","url":"https:\/\/www.webdo.tn\/fr\/","logo":{"@type":"ImageObject","inLanguage":"fr-FR","@id":"https:\/\/www.webdo.tn\/fr\/#\/schema\/logo\/image\/","url":"https:\/\/www.webdo.tn\/fr\/wp-content\/uploads\/2025\/06\/Webdo-Tunisie_168377.jpg","contentUrl":"https:\/\/www.webdo.tn\/fr\/wp-content\/uploads\/2025\/06\/Webdo-Tunisie_168377.jpg","width":301,"height":301,"caption":"Webdo"},"image":{"@id":"https:\/\/www.webdo.tn\/fr\/#\/schema\/logo\/image\/"},"sameAs":["https:\/\/www.facebook.com\/webdotn","https:\/\/x.com\/webdo_tn"],"description":"Webdo est un m\u00e9dia num\u00e9rique tunisien fond\u00e9 en 2010, sp\u00e9cialis\u00e9 dans l\u2019actualit\u00e9 nationale et internationale, l\u2019\u00e9conomie, la soci\u00e9t\u00e9 et les analyses politiques. Le site s\u2019adresse \u00e0 un large public francophone et couvre l\u2019information tunisienne en temps r\u00e9el.","email":"redac@webdo.tn","legalName":"YNJ SARL","foundingDate":"2010-09-06","numberOfEmployees":{"@type":"QuantitativeValue","minValue":"11","maxValue":"50"}},{"@type":"Person","@id":"https:\/\/www.webdo.tn\/fr\/#\/schema\/person\/6bc0beba2cd23aec27cb5df85ca2554f","name":"Hatem Bourial","image":{"@type":"ImageObject","inLanguage":"fr-FR","@id":"https:\/\/www.webdo.tn\/fr\/wp-content\/uploads\/2026\/04\/hatem-bourial_avatar-96x96.jpg","url":"https:\/\/www.webdo.tn\/fr\/wp-content\/uploads\/2026\/04\/hatem-bourial_avatar-96x96.jpg","contentUrl":"https:\/\/www.webdo.tn\/fr\/wp-content\/uploads\/2026\/04\/hatem-bourial_avatar-96x96.jpg","caption":"Hatem Bourial"},"description":"Hatem Bourial est journaliste, \u00e9crivain et chroniqueur tunisien. Actif depuis plusieurs d\u00e9cennies, il s\u2019est impos\u00e9 comme un observateur attentif de la soci\u00e9t\u00e9 tunisienne, m\u00ealant dans ses \u00e9crits m\u00e9moire, culture et analyse du quotidien. Auteur de nombreux ouvrages, il d\u00e9veloppe une \u0153uvre \u00e0 la crois\u00e9e du r\u00e9cit, de la po\u00e9sie et de l\u2019observation sociologique. Parall\u00e8lement \u00e0 ses contributions dans la presse, il intervient r\u00e9guli\u00e8rement \u00e0 la radio et dans des espaces culturels, o\u00f9 il explore les enjeux li\u00e9s au patrimoine, \u00e0 l\u2019identit\u00e9 et aux transformations du monde contemporain. \u00c0 travers ses chroniques, Hatem Bourial propose une lecture sensible et approfondie de l\u2019actualit\u00e9, nourrie par une exp\u00e9rience journalistique et litt\u00e9raire reconnue. \ud83d\udd17 Facebook : https:\/\/www.facebook.com\/hatem.bourial.2025","sameAs":["https:\/\/www.facebook.com\/hatem.bourial.2025","https:\/\/fr.wikipedia.org\/wiki\/Fichier:Hatem_Bourial.jpg"],"knowsAbout":["Culture & patrimoine tunisien","Chronique soci\u00e9tale","Litt\u00e9rature & m\u00e9moire","Cin\u00e9ma & critique culturelle","Identit\u00e9 & mutations sociales"],"knowsLanguage":["Arabe","Fran\u00e7ais","Anglais","Italien","Polonais"],"jobTitle":"Journaliste, \u00e9crivain et chroniqueur culturel","worksFor":"Webdo","url":"https:\/\/www.webdo.tn\/fr\/actualite\/author\/hatem-bourial-2\/"}]}},"_links":{"self":[{"href":"https:\/\/www.webdo.tn\/fr\/wp-json\/wp\/v2\/posts\/186901","targetHints":{"allow":["GET"]}}],"collection":[{"href":"https:\/\/www.webdo.tn\/fr\/wp-json\/wp\/v2\/posts"}],"about":[{"href":"https:\/\/www.webdo.tn\/fr\/wp-json\/wp\/v2\/types\/post"}],"author":[{"embeddable":true,"href":"https:\/\/www.webdo.tn\/fr\/wp-json\/wp\/v2\/users\/3229"}],"replies":[{"embeddable":true,"href":"https:\/\/www.webdo.tn\/fr\/wp-json\/wp\/v2\/comments?post=186901"}],"version-history":[{"count":0,"href":"https:\/\/www.webdo.tn\/fr\/wp-json\/wp\/v2\/posts\/186901\/revisions"}],"wp:featuredmedia":[{"embeddable":true,"href":"https:\/\/www.webdo.tn\/fr\/wp-json\/wp\/v2\/media\/336147"}],"wp:attachment":[{"href":"https:\/\/www.webdo.tn\/fr\/wp-json\/wp\/v2\/media?parent=186901"}],"wp:term":[{"taxonomy":"category","embeddable":true,"href":"https:\/\/www.webdo.tn\/fr\/wp-json\/wp\/v2\/categories?post=186901"},{"taxonomy":"post_tag","embeddable":true,"href":"https:\/\/www.webdo.tn\/fr\/wp-json\/wp\/v2\/tags?post=186901"}],"curies":[{"name":"wp","href":"https:\/\/api.w.org\/{rel}","templated":true}]}}