{"id":186898,"date":"2015-07-06T10:34:00","date_gmt":"2015-07-06T10:34:00","guid":{"rendered":"https:\/\/www.webdo.tn\/fr\/blog\/tunisie-tu-jeunes-moi-non-plus\/186898\/"},"modified":"2015-07-06T10:34:00","modified_gmt":"2015-07-06T10:34:00","slug":"tunisie-tu-jeunes-moi-non-plus","status":"publish","type":"post","link":"https:\/\/www.webdo.tn\/fr\/actualite\/chroniques\/tunisie-tu-jeunes-moi-non-plus\/186898\/","title":{"rendered":"Tu je\u00fbnes ? moi non plus&#8230;"},"content":{"rendered":"<p>Pour qu&rsquo;il n y ait aucune ambigu\u00eft\u00e9, je voudrais dire tout de go que je compte parmi les je\u00fbneurs et que je consid\u00e8re le mois du Ramadan comme un temps de frugalit\u00e9 et de contemplation.<\/p>\n<p>Cela ne m&#8217;emp\u00eache pas de reconnaitre leur droit le plus l\u00e9gitime \u00e0 ceux qui ne je\u00fbneraient pas. Leur droit le plus absolu doit \u00eatre d\u00e9fendu sans nuances. De plus, le droit positif et la tradition leur donnent raison, avec une recommandation conviviale pour certaines formes de discr\u00e9tion.<\/p>\n<p>D&rsquo;ailleurs, ma propre lecture du Ramadan est fort minoritaire puisque ce mois sens\u00e9 \u00eatre frugal devient peu \u00e0 peu celui de la grande bouffe. Y compris pour ceux qui r\u00eavent d&rsquo;int\u00e9grisme pur et dur et se voient en h\u00e9rauts de la religion en milieu pa\u00efen&#8230;<\/p>\n<p>Mais, dans ce cas, les islamistes fulminants sont les agents consentants des marchands du temple et de la soci\u00e9t\u00e9 de consommation qui leur imposent des r\u00e8gles qui n&rsquo;ont rien \u00e0 voir avec le sacr\u00e9 et qu&rsquo;ils se gardent bien de questionner.<br \/>\nLE GRIGNOTAGE SYST\u00c9MATIQUE DE TOUS LES ESPACES DE LIBERT\u00c9<br \/>\nJour apr\u00e8s jour, les affaires se multiplient et, n&rsquo;e\u00fbt \u00e9t\u00e9 leur charge de violence, fr\u00f4lent all\u00e9grement le ridicule le plus cocasse. Elles soulignent, en filigrane, le grignotage syst\u00e9matique de l&rsquo;espace public et sa mise aux normes des lectures int\u00e9gristes.<\/p>\n<p>L&rsquo;ordre moral a de beaux jours devant lui et, encore une fois, les faits d\u00e9montrent que, sous nos cieux, c&rsquo;est le groupe qui \u00e9crase l&rsquo;individu. Des gens illustres comme Tahar Haddad l&rsquo;ont exp\u00e9riment\u00e9 il y a d\u00e9j\u00e0 longtemps et nous continuons \u00e0 assister, impuissants, \u00e0 des lectures muscl\u00e9es de textes de loi existants et qu&rsquo;on active selon le bon vouloir de la mar\u00e9chauss\u00e9e.<\/p>\n<p>Que d\u2019\u00e9p\u00e9es de Damocl\u00e8s pendent au-dessus de nos t\u00eates ! Disons-le clairement : nul ne pourrait se pr\u00e9valoir de la modernit\u00e9 alors qu&rsquo;il laisse tabasser des quidams car ils ne je\u00fbnent pas. La remarque vaut \u00e9galement pour les gens qui sont jet\u00e9s en prison parce qu&rsquo;ils transportent des boites de bi\u00e8re dans le coffre de leur voiture.<\/p>\n<p>Tout cela est ridicule et ach\u00e8ve de mettre en pi\u00e8ces un Etat auquel nous croyons et qui semble obnubil\u00e9 par ces d\u00e9tails dict\u00e9s par l&rsquo;ordre moral qui pr\u00e9tend r\u00e9genter nos vies, comme dans le plus totalitaire des syst\u00e8mes politiques.<\/p>\n<p>Car n&rsquo;est-ce pas le totalitarisme lorsque les repr\u00e9sentants de l&rsquo;Etat s&rsquo;immiscent dans les d\u00e9tails les plus intimes de nos vies ? N&rsquo;est-ce pas tout simplement ubuesque, face au terrorisme qui nous guette, de constater que trois canettes peuvent vous envoyer en prison alors que les assassins de notre pays menacent de toutes parts ?<\/p>\n<p>Et, a contrario, pourquoi personne ne trouve rien \u00e0 redire dans les faits quant au port du niqab et de la barbiche daechiste, pour ne pas parler des drapeaux noirs ?<\/p>\n<p>Certains seraient-ils plus libres que d&rsquo;autres dans nos d\u00e9mocraties musulmanes naissantes?<br \/>\nN&rsquo;admettons-nous pas, furtivement, que ce sont dans ces soci\u00e9t\u00e9s, les conservateurs qui ont raison dans tous les cas?<br \/>\nL&rsquo;ORDRE MORAL CONSERVATEUR DES D\u00c9MOCRATIES MUSULMANES NAISSANTES<br \/>\nLa Tunisie passe par une phase d\u00e9licate. D\u00e8s lors de gr\u00e2ce, \u00e9pargnez-nous ces pantalonnades d&rsquo;un autre \u00e2ge&#8230;<\/p>\n<p>Coup sur coup, on a tabass\u00e9 des gens dans un caf\u00e9, arr\u00eat\u00e9 un jeune \u00e0 cause de quelques bi\u00e8res &#8211; alors qu&rsquo;on parle de l\u00e9galiser le cannabis ! &#8211; puis menac\u00e9 une radio nationale d&rsquo;autodaf\u00e9 en comparant Youssef Seddik \u00e0 Salman Rochdi !<\/p>\n<p>Des affaires pour rien ! Et, heureusement, des sanctions sont tomb\u00e9es pour punir les abus de pouvoir et d\u00e9rives constat\u00e9es. Mais le mal est fait et le seuil du ridicule une nouvelle fois atteint.<\/p>\n<p>Il n&rsquo;en reste pas moins que notre soci\u00e9t\u00e9 est en voie d&rsquo;archa\u00efsation et en constante r\u00e9gression.<br \/>\nDans une soci\u00e9t\u00e9 moderne, le je\u00fbne d&rsquo;un individu, par exemple, devrait \u00eatre une question personnelle et non pas une affaire d&rsquo;Etat. C&rsquo;est l\u00e0 o\u00f9 le b\u00e2t blesse car, comme nous le disions, sous nos cieux, l&rsquo;individu a toutes les chances de vivre et mourir \u00e9cras\u00e9.<\/p>\n<p>Qu&rsquo;on ne se demande pas ensuite pourquoi les forces vives et la jeunesse cherchent \u00e0 fuir le pays. Comme l&rsquo;a tragiquement exprim\u00e9 un jeune Tunisien : \u00ab\u00a0Je pr\u00e9f\u00e8re la prison \u00e0 Lampedusa plut\u00f4t qu&rsquo;un pays o\u00f9 il n&rsquo;y a pas d&rsquo;espoir\u00a0\u00bb.<br \/>\nUNE VERSION ORIENTALE DU TOTALITARISME<br \/>\nCessons ces mascarades inutiles tout en ayant \u00e0 l&rsquo;esprit la parabole du doigt qu&rsquo;on donne avant de finir de se laisser prendre la main en totalit\u00e9. Toutes ces gesticulations ont valeur de test : elles pr\u00e9parent le terrain \u00e0 l&rsquo;ordre moral int\u00e9griste, elles grignotent chaque nuance de libert\u00e9 pour imposer cinquante nuances de noir, elles affirment l&#8217;emprise des conservateurs de tout poil sur la soci\u00e9t\u00e9 tunisienne.<\/p>\n<p>Ces gestes de policiers z\u00e9l\u00e9s pourraient paraitre anodins. Seulement, ils interviennent dans le sillage et selon la philosophie intol\u00e9rante de beaucoup d&rsquo;incidents ant\u00e9rieurs. Car ces incidents du Ramadan sont de degr\u00e9 diff\u00e9rent mais, au fond, de m\u00eame nature que les raids revanchards contre les artistes \u00e0 El Abdellia ou l&rsquo;Africa ainsi que les campagnes insidieuses pour imposer le voile \u00e0 des femmes dites consentantes.<\/p>\n<p>Toutes ces manigances consistent en fait \u00e0 prendre le pouls de la soci\u00e9t\u00e9 tunisienne en imposant une sorte de fait accompli et de mainmise de l&rsquo;ordre moral.<\/p>\n<p>Si personne n y pr\u00eate garde, si les pouvoirs publics continuent \u00e0 laisser faire en m\u00e9nageant la ch\u00e8vre de l&rsquo;int\u00e9grisme triomphant et le chou de la modernit\u00e9, notre pays finira par se retrouver entrav\u00e9 par le mode de vie dont r\u00eavent les islamistes de tout acabit, un mode de vie qui tourne le dos \u00e0 la libert\u00e9 et ouvre la voie \u00e0 une version orientale du totalitarisme&#8230;<\/p>\n","protected":false},"excerpt":{"rendered":"<p>Tu je\u00fbnes ? moi non plus&#8230;<\/p>\n","protected":false},"author":3229,"featured_media":317825,"comment_status":"open","ping_status":"closed","sticky":false,"template":"","format":"standard","meta":{"footnotes":""},"categories":[2596],"tags":[2600],"class_list":["post-186898","post","type-post","status-publish","format-standard","has-post-thumbnail","hentry","category-chroniques","tag-guerre"],"yoast_head":"<!-- This site is optimized with the Yoast SEO Premium plugin v27.5 (Yoast SEO v27.5) - https:\/\/yoast.com\/product\/yoast-seo-premium-wordpress\/ -->\n<title>Tu je\u00fbnes ? moi non plus...<\/title>\n<meta name=\"description\" content=\"Tu je\u00fbnes ? moi non plus...\" \/>\n<link rel=\"canonical\" href=\"https:\/\/www.webdo.tn\/fr\/actualite\/chroniques\/tunisie-tu-jeunes-moi-non-plus\/186898\/\" \/>\n<meta property=\"og:locale\" content=\"fr_FR\" \/>\n<meta property=\"og:type\" content=\"article\" \/>\n<meta property=\"og:title\" content=\"Tu je\u00fbnes ? moi non plus...\" \/>\n<meta property=\"og:description\" content=\"Tu je\u00fbnes ? moi non plus...\" \/>\n<meta property=\"og:url\" content=\"https:\/\/www.webdo.tn\/fr\/actualite\/chroniques\/tunisie-tu-jeunes-moi-non-plus\/186898\/\" \/>\n<meta property=\"og:site_name\" content=\"webdo\" \/>\n<meta property=\"article:publisher\" content=\"https:\/\/www.facebook.com\/webdotn\" \/>\n<meta property=\"article:author\" content=\"https:\/\/www.facebook.com\/hatem.bourial.2025\" \/>\n<meta property=\"article:published_time\" content=\"2015-07-06T10:34:00+00:00\" \/>\n<meta property=\"og:image\" content=\"https:\/\/www.webdo.tn\/fr\/wp-content\/uploads\/2015\/07\/IMG_5735-300x169-1.jpg\" \/>\n\t<meta property=\"og:image:width\" content=\"300\" \/>\n\t<meta property=\"og:image:height\" content=\"169\" \/>\n\t<meta property=\"og:image:type\" content=\"image\/jpeg\" \/>\n<meta name=\"author\" content=\"Hatem Bourial\" \/>\n<meta name=\"twitter:card\" content=\"summary_large_image\" \/>\n<meta name=\"twitter:creator\" content=\"@webdo_tn\" \/>\n<meta name=\"twitter:site\" content=\"@webdo_tn\" \/>\n<meta name=\"twitter:label1\" content=\"\u00c9crit par\" \/>\n\t<meta name=\"twitter:data1\" content=\"Hatem Bourial\" \/>\n\t<meta name=\"twitter:label2\" content=\"Dur\u00e9e de lecture estim\u00e9e\" \/>\n\t<meta name=\"twitter:data2\" content=\"5 minutes\" \/>\n<script type=\"application\/ld+json\" class=\"yoast-schema-graph\">{\"@context\":\"https:\\\/\\\/schema.org\",\"@graph\":[{\"@type\":\"NewsArticle\",\"@id\":\"https:\\\/\\\/www.webdo.tn\\\/fr\\\/actualite\\\/chroniques\\\/tunisie-tu-jeunes-moi-non-plus\\\/186898\\\/#article\",\"isPartOf\":{\"@id\":\"https:\\\/\\\/www.webdo.tn\\\/fr\\\/actualite\\\/chroniques\\\/tunisie-tu-jeunes-moi-non-plus\\\/186898\\\/\"},\"author\":{\"name\":\"Hatem Bourial\",\"@id\":\"https:\\\/\\\/www.webdo.tn\\\/fr\\\/#\\\/schema\\\/person\\\/6bc0beba2cd23aec27cb5df85ca2554f\"},\"headline\":\"Tu je\u00fbnes ? moi non plus&#8230;\",\"datePublished\":\"2015-07-06T10:34:00+00:00\",\"mainEntityOfPage\":{\"@id\":\"https:\\\/\\\/www.webdo.tn\\\/fr\\\/actualite\\\/chroniques\\\/tunisie-tu-jeunes-moi-non-plus\\\/186898\\\/\"},\"wordCount\":1025,\"commentCount\":0,\"publisher\":{\"@id\":\"https:\\\/\\\/www.webdo.tn\\\/fr\\\/#organization\"},\"image\":{\"@id\":\"https:\\\/\\\/www.webdo.tn\\\/fr\\\/actualite\\\/chroniques\\\/tunisie-tu-jeunes-moi-non-plus\\\/186898\\\/#primaryimage\"},\"thumbnailUrl\":\"https:\\\/\\\/www.webdo.tn\\\/fr\\\/wp-content\\\/uploads\\\/2015\\\/07\\\/IMG_5735-300x169-1.jpg\",\"keywords\":[\"guerre\"],\"articleSection\":[\"Chroniques\"],\"inLanguage\":\"fr-FR\"},{\"@type\":\"WebPage\",\"@id\":\"https:\\\/\\\/www.webdo.tn\\\/fr\\\/actualite\\\/chroniques\\\/tunisie-tu-jeunes-moi-non-plus\\\/186898\\\/\",\"url\":\"https:\\\/\\\/www.webdo.tn\\\/fr\\\/actualite\\\/chroniques\\\/tunisie-tu-jeunes-moi-non-plus\\\/186898\\\/\",\"name\":\"Tu je\u00fbnes ? moi non plus...\",\"isPartOf\":{\"@id\":\"https:\\\/\\\/www.webdo.tn\\\/fr\\\/#website\"},\"primaryImageOfPage\":{\"@id\":\"https:\\\/\\\/www.webdo.tn\\\/fr\\\/actualite\\\/chroniques\\\/tunisie-tu-jeunes-moi-non-plus\\\/186898\\\/#primaryimage\"},\"image\":{\"@id\":\"https:\\\/\\\/www.webdo.tn\\\/fr\\\/actualite\\\/chroniques\\\/tunisie-tu-jeunes-moi-non-plus\\\/186898\\\/#primaryimage\"},\"thumbnailUrl\":\"https:\\\/\\\/www.webdo.tn\\\/fr\\\/wp-content\\\/uploads\\\/2015\\\/07\\\/IMG_5735-300x169-1.jpg\",\"datePublished\":\"2015-07-06T10:34:00+00:00\",\"description\":\"Tu je\u00fbnes ? moi non plus...\",\"breadcrumb\":{\"@id\":\"https:\\\/\\\/www.webdo.tn\\\/fr\\\/actualite\\\/chroniques\\\/tunisie-tu-jeunes-moi-non-plus\\\/186898\\\/#breadcrumb\"},\"inLanguage\":\"fr-FR\",\"potentialAction\":[{\"@type\":\"ReadAction\",\"target\":[\"https:\\\/\\\/www.webdo.tn\\\/fr\\\/actualite\\\/chroniques\\\/tunisie-tu-jeunes-moi-non-plus\\\/186898\\\/\"]}]},{\"@type\":\"ImageObject\",\"inLanguage\":\"fr-FR\",\"@id\":\"https:\\\/\\\/www.webdo.tn\\\/fr\\\/actualite\\\/chroniques\\\/tunisie-tu-jeunes-moi-non-plus\\\/186898\\\/#primaryimage\",\"url\":\"https:\\\/\\\/www.webdo.tn\\\/fr\\\/wp-content\\\/uploads\\\/2015\\\/07\\\/IMG_5735-300x169-1.jpg\",\"contentUrl\":\"https:\\\/\\\/www.webdo.tn\\\/fr\\\/wp-content\\\/uploads\\\/2015\\\/07\\\/IMG_5735-300x169-1.jpg\",\"width\":300,\"height\":169,\"caption\":\"Tu je\u00fbnes ? moi non plus...\"},{\"@type\":\"BreadcrumbList\",\"@id\":\"https:\\\/\\\/www.webdo.tn\\\/fr\\\/actualite\\\/chroniques\\\/tunisie-tu-jeunes-moi-non-plus\\\/186898\\\/#breadcrumb\",\"itemListElement\":[{\"@type\":\"ListItem\",\"position\":1,\"name\":\"Accueil\",\"item\":\"https:\\\/\\\/www.webdo.tn\\\/fr\\\/\"},{\"@type\":\"ListItem\",\"position\":2,\"name\":\"Tu je\u00fbnes ? moi non plus&#8230;\"}]},{\"@type\":\"WebSite\",\"@id\":\"https:\\\/\\\/www.webdo.tn\\\/fr\\\/#website\",\"url\":\"https:\\\/\\\/www.webdo.tn\\\/fr\\\/\",\"name\":\"webdo\",\"description\":\"Tunisie - News en Tunisie et \u00e0 l&#039;international sur Webdo.tn\",\"publisher\":{\"@id\":\"https:\\\/\\\/www.webdo.tn\\\/fr\\\/#organization\"},\"potentialAction\":[{\"@type\":\"SearchAction\",\"target\":{\"@type\":\"EntryPoint\",\"urlTemplate\":\"https:\\\/\\\/www.webdo.tn\\\/fr\\\/?s={search_term_string}\"},\"query-input\":{\"@type\":\"PropertyValueSpecification\",\"valueRequired\":true,\"valueName\":\"search_term_string\"}}],\"inLanguage\":\"fr-FR\"},{\"@type\":\"Organization\",\"@id\":\"https:\\\/\\\/www.webdo.tn\\\/fr\\\/#organization\",\"name\":\"Webdo\",\"alternateName\":\"Webdo.tn\",\"url\":\"https:\\\/\\\/www.webdo.tn\\\/fr\\\/\",\"logo\":{\"@type\":\"ImageObject\",\"inLanguage\":\"fr-FR\",\"@id\":\"https:\\\/\\\/www.webdo.tn\\\/fr\\\/#\\\/schema\\\/logo\\\/image\\\/\",\"url\":\"https:\\\/\\\/www.webdo.tn\\\/fr\\\/wp-content\\\/uploads\\\/2025\\\/06\\\/Webdo-Tunisie_168377.jpg\",\"contentUrl\":\"https:\\\/\\\/www.webdo.tn\\\/fr\\\/wp-content\\\/uploads\\\/2025\\\/06\\\/Webdo-Tunisie_168377.jpg\",\"width\":301,\"height\":301,\"caption\":\"Webdo\"},\"image\":{\"@id\":\"https:\\\/\\\/www.webdo.tn\\\/fr\\\/#\\\/schema\\\/logo\\\/image\\\/\"},\"sameAs\":[\"https:\\\/\\\/www.facebook.com\\\/webdotn\",\"https:\\\/\\\/x.com\\\/webdo_tn\"],\"description\":\"Webdo est un m\u00e9dia num\u00e9rique tunisien fond\u00e9 en 2010, sp\u00e9cialis\u00e9 dans l\u2019actualit\u00e9 nationale et internationale, l\u2019\u00e9conomie, la soci\u00e9t\u00e9 et les analyses politiques. Le site s\u2019adresse \u00e0 un large public francophone et couvre l\u2019information tunisienne en temps r\u00e9el.\",\"email\":\"redac@webdo.tn\",\"legalName\":\"YNJ SARL\",\"foundingDate\":\"2010-09-06\",\"numberOfEmployees\":{\"@type\":\"QuantitativeValue\",\"minValue\":\"11\",\"maxValue\":\"50\"}},{\"@type\":\"Person\",\"@id\":\"https:\\\/\\\/www.webdo.tn\\\/fr\\\/#\\\/schema\\\/person\\\/6bc0beba2cd23aec27cb5df85ca2554f\",\"name\":\"Hatem Bourial\",\"image\":{\"@type\":\"ImageObject\",\"inLanguage\":\"fr-FR\",\"@id\":\"https:\\\/\\\/www.webdo.tn\\\/fr\\\/wp-content\\\/uploads\\\/2026\\\/04\\\/hatem-bourial_avatar-96x96.jpg\",\"url\":\"https:\\\/\\\/www.webdo.tn\\\/fr\\\/wp-content\\\/uploads\\\/2026\\\/04\\\/hatem-bourial_avatar-96x96.jpg\",\"contentUrl\":\"https:\\\/\\\/www.webdo.tn\\\/fr\\\/wp-content\\\/uploads\\\/2026\\\/04\\\/hatem-bourial_avatar-96x96.jpg\",\"caption\":\"Hatem Bourial\"},\"description\":\"Hatem Bourial est journaliste, \u00e9crivain et chroniqueur tunisien. Actif depuis plusieurs d\u00e9cennies, il s\u2019est impos\u00e9 comme un observateur attentif de la soci\u00e9t\u00e9 tunisienne, m\u00ealant dans ses \u00e9crits m\u00e9moire, culture et analyse du quotidien. Auteur de nombreux ouvrages, il d\u00e9veloppe une \u0153uvre \u00e0 la crois\u00e9e du r\u00e9cit, de la po\u00e9sie et de l\u2019observation sociologique. Parall\u00e8lement \u00e0 ses contributions dans la presse, il intervient r\u00e9guli\u00e8rement \u00e0 la radio et dans des espaces culturels, o\u00f9 il explore les enjeux li\u00e9s au patrimoine, \u00e0 l\u2019identit\u00e9 et aux transformations du monde contemporain. \u00c0 travers ses chroniques, Hatem Bourial propose une lecture sensible et approfondie de l\u2019actualit\u00e9, nourrie par une exp\u00e9rience journalistique et litt\u00e9raire reconnue. \ud83d\udd17 Facebook : https:\\\/\\\/www.facebook.com\\\/hatem.bourial.2025\",\"sameAs\":[\"https:\\\/\\\/www.facebook.com\\\/hatem.bourial.2025\",\"https:\\\/\\\/fr.wikipedia.org\\\/wiki\\\/Fichier:Hatem_Bourial.jpg\"],\"knowsAbout\":[\"Culture & patrimoine tunisien\",\"Chronique soci\u00e9tale\",\"Litt\u00e9rature & m\u00e9moire\",\"Cin\u00e9ma & critique culturelle\",\"Identit\u00e9 & mutations sociales\"],\"knowsLanguage\":[\"Arabe\",\"Fran\u00e7ais\",\"Anglais\",\"Italien\",\"Polonais\"],\"jobTitle\":\"Journaliste, \u00e9crivain et chroniqueur culturel\",\"worksFor\":\"Webdo\",\"url\":\"https:\\\/\\\/www.webdo.tn\\\/fr\\\/actualite\\\/author\\\/hatem-bourial-2\\\/\"}]}<\/script>\n<!-- \/ Yoast SEO Premium plugin. -->","yoast_head_json":{"title":"Tu je\u00fbnes ? moi non plus...","description":"Tu je\u00fbnes ? moi non plus...","canonical":"https:\/\/www.webdo.tn\/fr\/actualite\/chroniques\/tunisie-tu-jeunes-moi-non-plus\/186898\/","og_locale":"fr_FR","og_type":"article","og_title":"Tu je\u00fbnes ? moi non plus...","og_description":"Tu je\u00fbnes ? moi non plus...","og_url":"https:\/\/www.webdo.tn\/fr\/actualite\/chroniques\/tunisie-tu-jeunes-moi-non-plus\/186898\/","og_site_name":"webdo","article_publisher":"https:\/\/www.facebook.com\/webdotn","article_author":"https:\/\/www.facebook.com\/hatem.bourial.2025","article_published_time":"2015-07-06T10:34:00+00:00","og_image":[{"width":300,"height":169,"url":"https:\/\/www.webdo.tn\/fr\/wp-content\/uploads\/2015\/07\/IMG_5735-300x169-1.jpg","type":"image\/jpeg"}],"author":"Hatem Bourial","twitter_card":"summary_large_image","twitter_creator":"@webdo_tn","twitter_site":"@webdo_tn","twitter_misc":{"\u00c9crit par":"Hatem Bourial","Dur\u00e9e de lecture estim\u00e9e":"5 minutes"},"schema":{"@context":"https:\/\/schema.org","@graph":[{"@type":"NewsArticle","@id":"https:\/\/www.webdo.tn\/fr\/actualite\/chroniques\/tunisie-tu-jeunes-moi-non-plus\/186898\/#article","isPartOf":{"@id":"https:\/\/www.webdo.tn\/fr\/actualite\/chroniques\/tunisie-tu-jeunes-moi-non-plus\/186898\/"},"author":{"name":"Hatem Bourial","@id":"https:\/\/www.webdo.tn\/fr\/#\/schema\/person\/6bc0beba2cd23aec27cb5df85ca2554f"},"headline":"Tu je\u00fbnes ? moi non plus&#8230;","datePublished":"2015-07-06T10:34:00+00:00","mainEntityOfPage":{"@id":"https:\/\/www.webdo.tn\/fr\/actualite\/chroniques\/tunisie-tu-jeunes-moi-non-plus\/186898\/"},"wordCount":1025,"commentCount":0,"publisher":{"@id":"https:\/\/www.webdo.tn\/fr\/#organization"},"image":{"@id":"https:\/\/www.webdo.tn\/fr\/actualite\/chroniques\/tunisie-tu-jeunes-moi-non-plus\/186898\/#primaryimage"},"thumbnailUrl":"https:\/\/www.webdo.tn\/fr\/wp-content\/uploads\/2015\/07\/IMG_5735-300x169-1.jpg","keywords":["guerre"],"articleSection":["Chroniques"],"inLanguage":"fr-FR"},{"@type":"WebPage","@id":"https:\/\/www.webdo.tn\/fr\/actualite\/chroniques\/tunisie-tu-jeunes-moi-non-plus\/186898\/","url":"https:\/\/www.webdo.tn\/fr\/actualite\/chroniques\/tunisie-tu-jeunes-moi-non-plus\/186898\/","name":"Tu je\u00fbnes ? moi non plus...","isPartOf":{"@id":"https:\/\/www.webdo.tn\/fr\/#website"},"primaryImageOfPage":{"@id":"https:\/\/www.webdo.tn\/fr\/actualite\/chroniques\/tunisie-tu-jeunes-moi-non-plus\/186898\/#primaryimage"},"image":{"@id":"https:\/\/www.webdo.tn\/fr\/actualite\/chroniques\/tunisie-tu-jeunes-moi-non-plus\/186898\/#primaryimage"},"thumbnailUrl":"https:\/\/www.webdo.tn\/fr\/wp-content\/uploads\/2015\/07\/IMG_5735-300x169-1.jpg","datePublished":"2015-07-06T10:34:00+00:00","description":"Tu je\u00fbnes ? moi non plus...","breadcrumb":{"@id":"https:\/\/www.webdo.tn\/fr\/actualite\/chroniques\/tunisie-tu-jeunes-moi-non-plus\/186898\/#breadcrumb"},"inLanguage":"fr-FR","potentialAction":[{"@type":"ReadAction","target":["https:\/\/www.webdo.tn\/fr\/actualite\/chroniques\/tunisie-tu-jeunes-moi-non-plus\/186898\/"]}]},{"@type":"ImageObject","inLanguage":"fr-FR","@id":"https:\/\/www.webdo.tn\/fr\/actualite\/chroniques\/tunisie-tu-jeunes-moi-non-plus\/186898\/#primaryimage","url":"https:\/\/www.webdo.tn\/fr\/wp-content\/uploads\/2015\/07\/IMG_5735-300x169-1.jpg","contentUrl":"https:\/\/www.webdo.tn\/fr\/wp-content\/uploads\/2015\/07\/IMG_5735-300x169-1.jpg","width":300,"height":169,"caption":"Tu je\u00fbnes ? moi non plus..."},{"@type":"BreadcrumbList","@id":"https:\/\/www.webdo.tn\/fr\/actualite\/chroniques\/tunisie-tu-jeunes-moi-non-plus\/186898\/#breadcrumb","itemListElement":[{"@type":"ListItem","position":1,"name":"Accueil","item":"https:\/\/www.webdo.tn\/fr\/"},{"@type":"ListItem","position":2,"name":"Tu je\u00fbnes ? moi non plus&#8230;"}]},{"@type":"WebSite","@id":"https:\/\/www.webdo.tn\/fr\/#website","url":"https:\/\/www.webdo.tn\/fr\/","name":"webdo","description":"Tunisie - News en Tunisie et \u00e0 l&#039;international sur Webdo.tn","publisher":{"@id":"https:\/\/www.webdo.tn\/fr\/#organization"},"potentialAction":[{"@type":"SearchAction","target":{"@type":"EntryPoint","urlTemplate":"https:\/\/www.webdo.tn\/fr\/?s={search_term_string}"},"query-input":{"@type":"PropertyValueSpecification","valueRequired":true,"valueName":"search_term_string"}}],"inLanguage":"fr-FR"},{"@type":"Organization","@id":"https:\/\/www.webdo.tn\/fr\/#organization","name":"Webdo","alternateName":"Webdo.tn","url":"https:\/\/www.webdo.tn\/fr\/","logo":{"@type":"ImageObject","inLanguage":"fr-FR","@id":"https:\/\/www.webdo.tn\/fr\/#\/schema\/logo\/image\/","url":"https:\/\/www.webdo.tn\/fr\/wp-content\/uploads\/2025\/06\/Webdo-Tunisie_168377.jpg","contentUrl":"https:\/\/www.webdo.tn\/fr\/wp-content\/uploads\/2025\/06\/Webdo-Tunisie_168377.jpg","width":301,"height":301,"caption":"Webdo"},"image":{"@id":"https:\/\/www.webdo.tn\/fr\/#\/schema\/logo\/image\/"},"sameAs":["https:\/\/www.facebook.com\/webdotn","https:\/\/x.com\/webdo_tn"],"description":"Webdo est un m\u00e9dia num\u00e9rique tunisien fond\u00e9 en 2010, sp\u00e9cialis\u00e9 dans l\u2019actualit\u00e9 nationale et internationale, l\u2019\u00e9conomie, la soci\u00e9t\u00e9 et les analyses politiques. Le site s\u2019adresse \u00e0 un large public francophone et couvre l\u2019information tunisienne en temps r\u00e9el.","email":"redac@webdo.tn","legalName":"YNJ SARL","foundingDate":"2010-09-06","numberOfEmployees":{"@type":"QuantitativeValue","minValue":"11","maxValue":"50"}},{"@type":"Person","@id":"https:\/\/www.webdo.tn\/fr\/#\/schema\/person\/6bc0beba2cd23aec27cb5df85ca2554f","name":"Hatem Bourial","image":{"@type":"ImageObject","inLanguage":"fr-FR","@id":"https:\/\/www.webdo.tn\/fr\/wp-content\/uploads\/2026\/04\/hatem-bourial_avatar-96x96.jpg","url":"https:\/\/www.webdo.tn\/fr\/wp-content\/uploads\/2026\/04\/hatem-bourial_avatar-96x96.jpg","contentUrl":"https:\/\/www.webdo.tn\/fr\/wp-content\/uploads\/2026\/04\/hatem-bourial_avatar-96x96.jpg","caption":"Hatem Bourial"},"description":"Hatem Bourial est journaliste, \u00e9crivain et chroniqueur tunisien. Actif depuis plusieurs d\u00e9cennies, il s\u2019est impos\u00e9 comme un observateur attentif de la soci\u00e9t\u00e9 tunisienne, m\u00ealant dans ses \u00e9crits m\u00e9moire, culture et analyse du quotidien. Auteur de nombreux ouvrages, il d\u00e9veloppe une \u0153uvre \u00e0 la crois\u00e9e du r\u00e9cit, de la po\u00e9sie et de l\u2019observation sociologique. Parall\u00e8lement \u00e0 ses contributions dans la presse, il intervient r\u00e9guli\u00e8rement \u00e0 la radio et dans des espaces culturels, o\u00f9 il explore les enjeux li\u00e9s au patrimoine, \u00e0 l\u2019identit\u00e9 et aux transformations du monde contemporain. \u00c0 travers ses chroniques, Hatem Bourial propose une lecture sensible et approfondie de l\u2019actualit\u00e9, nourrie par une exp\u00e9rience journalistique et litt\u00e9raire reconnue. \ud83d\udd17 Facebook : https:\/\/www.facebook.com\/hatem.bourial.2025","sameAs":["https:\/\/www.facebook.com\/hatem.bourial.2025","https:\/\/fr.wikipedia.org\/wiki\/Fichier:Hatem_Bourial.jpg"],"knowsAbout":["Culture & patrimoine tunisien","Chronique soci\u00e9tale","Litt\u00e9rature & m\u00e9moire","Cin\u00e9ma & critique culturelle","Identit\u00e9 & mutations sociales"],"knowsLanguage":["Arabe","Fran\u00e7ais","Anglais","Italien","Polonais"],"jobTitle":"Journaliste, \u00e9crivain et chroniqueur culturel","worksFor":"Webdo","url":"https:\/\/www.webdo.tn\/fr\/actualite\/author\/hatem-bourial-2\/"}]}},"_links":{"self":[{"href":"https:\/\/www.webdo.tn\/fr\/wp-json\/wp\/v2\/posts\/186898","targetHints":{"allow":["GET"]}}],"collection":[{"href":"https:\/\/www.webdo.tn\/fr\/wp-json\/wp\/v2\/posts"}],"about":[{"href":"https:\/\/www.webdo.tn\/fr\/wp-json\/wp\/v2\/types\/post"}],"author":[{"embeddable":true,"href":"https:\/\/www.webdo.tn\/fr\/wp-json\/wp\/v2\/users\/3229"}],"replies":[{"embeddable":true,"href":"https:\/\/www.webdo.tn\/fr\/wp-json\/wp\/v2\/comments?post=186898"}],"version-history":[{"count":0,"href":"https:\/\/www.webdo.tn\/fr\/wp-json\/wp\/v2\/posts\/186898\/revisions"}],"wp:featuredmedia":[{"embeddable":true,"href":"https:\/\/www.webdo.tn\/fr\/wp-json\/wp\/v2\/media\/317825"}],"wp:attachment":[{"href":"https:\/\/www.webdo.tn\/fr\/wp-json\/wp\/v2\/media?parent=186898"}],"wp:term":[{"taxonomy":"category","embeddable":true,"href":"https:\/\/www.webdo.tn\/fr\/wp-json\/wp\/v2\/categories?post=186898"},{"taxonomy":"post_tag","embeddable":true,"href":"https:\/\/www.webdo.tn\/fr\/wp-json\/wp\/v2\/tags?post=186898"}],"curies":[{"name":"wp","href":"https:\/\/api.w.org\/{rel}","templated":true}]}}