{"id":186893,"date":"2015-06-09T14:00:00","date_gmt":"2015-06-09T14:00:00","guid":{"rendered":"https:\/\/www.webdo.tn\/fr\/blog\/tunisie-qui-cherche-a-harceler-et-demoraliser-les-forces-de-lordre\/186893\/"},"modified":"2025-05-19T10:14:13","modified_gmt":"2025-05-19T10:14:13","slug":"tunisie-qui-cherche-a-harceler-et-demoraliser-les-forces-de-lordre","status":"publish","type":"post","link":"https:\/\/www.webdo.tn\/fr\/actualite\/chroniques\/tunisie-qui-cherche-a-harceler-et-demoraliser-les-forces-de-lordre\/186893\/","title":{"rendered":"Qui cherche \u00e0 harceler et d\u00e9moraliser les forces de l&rsquo;ordre ?"},"content":{"rendered":"<p>En toute chose, il faut garder un certain sens de la mesure !<\/p>\n<p>Alors que l&rsquo;Unit\u00e9 sp\u00e9ciale de la Garde nationale (dans les zones rurales) et la Brigade antiterrorisme (en milieu urbain) traquent et \u00e9liminent plusieurs terroristes, il est clair que l&rsquo;opinion publique soutient et applaudit les faits d&rsquo;armes de ces unit\u00e9s d&rsquo;\u00e9lite.<\/p>\n<p>Ces forces sp\u00e9ciales de la garde nationale ont eu raison de Loqman Abou Sakhr, responsable de plusieurs attaques contre nos militaires et tomb\u00e9 dans une embuscade le 28 mars dernier. Pour sa part, la Brigade antiterroriste a \u00e9vit\u00e9, gr\u00e2ce \u00e0 son intervention rapide, que l&rsquo;attentat du Bardo ne se transforme en carnage.<\/p>\n<p>Dans la m\u00eame optique, les commandos de l&rsquo;arm\u00e9e ont \u00e9galement men\u00e9 l&rsquo;assaut contre les jihadistes retranch\u00e9s au Chaambi et continuent \u00e0 le faire.<\/p>\n<p>Ceci dit, on souhaiterait une mobilisation plus active de la soci\u00e9t\u00e9 dans son ensemble pour soutenir les forces de l&rsquo;ordre, engag\u00e9es dans un combat meurtrier pour la protection de la Tunisie contre des menaces multiformes.<\/p>\n<p>Se demande-t-on quel est le quotidien d&rsquo;un policier ou d&rsquo;un garde national en ce moment dans le gouvernorat de K\u00e9bili ? Affiche-t-on un soutien franc \u00e0 ces agents de l&rsquo;ordre, aux moyens logistiques r\u00e9duits et confront\u00e9s \u00e0 des manifestations violentes ?<\/p>\n<p>Dans ce gouvernorat du sud, trois postes de la garde nationale ont \u00e9t\u00e9 br\u00fbl\u00e9s \u00e0 Douz, El Faouar et Souk Lahad. Des attaques en r\u00e8gle ont \u00e9t\u00e9 men\u00e9es pendant plusieurs jours qui ciblaient clairement les forces de l&rsquo;ordre et ce qu&rsquo;elles symbolisent.<\/p>\n<p>Pourtant, on a entendu tr\u00e8s peu de r\u00e9actions et constat\u00e9 un soutien confus, timor\u00e9, du bout des l\u00e8vres. A se demander o\u00f9 sont pass\u00e9s les h\u00e9rauts toujours pr\u00eats \u00e0 s&rsquo;indigner et s&rsquo;engager pour d&rsquo;autres causes, bien moins strat\u00e9giques.<\/p>\n<p>Comme si ce harc\u00e8lement des forces de l&rsquo;ordre allait de soi&#8230; Comme si ce travail de sape qui vise le moral des agents \u00e9tait dans l&rsquo;ordre des choses&#8230;<\/p>\n<p>Paradoxalement, apr\u00e8s une manifestation \u00e0 Tunis, samedi dernier, c&rsquo;est la \u00ab\u00a0brutalit\u00e9\u00a0\u00bb des forces de l&rsquo;ordre qui est mise \u00e0 l&rsquo;index et montr\u00e9e du doigt. Ce sont des \u00ab\u00a0agressions\u00a0\u00bb contre des coll\u00e8gues journalistes qui sont mises en exergue et se transforment en une pol\u00e9mique mal venue.<\/p>\n<p>Pourquoi s&rsquo;acharne-t-on ainsi sur des agents de l&rsquo;ordre sollicit\u00e9s sur tous les fronts ? Pourquoi cette attitude qui minimise ce qui se passe dans le gouvernorat de K\u00e9bili, alors que des t\u00e9moins cr\u00e9dibles affirment que les attaques contre les forces de l&rsquo;ordre sont concert\u00e9es et que des drapeaux jihadistes ont \u00e9t\u00e9 brandis par des assaillants \u00e9trangers \u00e0 la r\u00e9gion ?<\/p>\n<p>Qu&rsquo;on se le dise: il est important, pour le moral des agents engag\u00e9s dans des affrontements qui les ciblent au premier chef, qu&rsquo;ils sachent que nous les respectons, les soutenons et savons leurs difficult\u00e9s et leurs sacrifices.<\/p>\n<p>Ce ne sont ici que les propos d&rsquo;un individu. Toutefois, j&rsquo;ai la certitude que nous sommes tr\u00e8s nombreux \u00e0 ressentir ce d\u00e9ni auquel sont confront\u00e9es nos forces de l&rsquo;ordre.<\/p>\n<p>Parfois, les mots suffisent, lorsqu&rsquo;ils sont exprim\u00e9s sinc\u00e8rement et qu&rsquo;ils portent un message de soutien. N&rsquo;h\u00e9sitons plus \u00e0 les dire, ne serait-ce que pour soulager celles et ceux qui sont \u00e0 l&rsquo;avant-garde de la d\u00e9fense de la Tunisie et ses r\u00e9alisations.<\/p>\n<p>Verser des larmes sur les martyrs, lorsqu&rsquo;ils tombent au champ d&rsquo;honneur ne suffit pas. Soyons proactifs au lieu de nous lamenter a posteriori.<\/p>\n<p>La victoire contre l&rsquo;obscurantisme est \u00e0 ce prix, celui de la vigilance de tous et de l&rsquo;engagement sans faille aux c\u00f4t\u00e9s de celles et ceux qui nous d\u00e9fendent et combattent l\u2019extr\u00e9misme et la violence en notre nom.<\/p>\n","protected":false},"excerpt":{"rendered":"<p>Qui cherche \u00e0 harceler et d\u00e9moraliser les forces de l&rsquo;ordre ?<\/p>\n","protected":false},"author":3229,"featured_media":318088,"comment_status":"open","ping_status":"closed","sticky":false,"template":"","format":"standard","meta":{"footnotes":""},"categories":[2596],"tags":[2600],"class_list":["post-186893","post","type-post","status-publish","format-standard","has-post-thumbnail","hentry","category-chroniques","tag-guerre"],"yoast_head":"<!-- This site is optimized with the Yoast SEO Premium plugin v27.5 (Yoast SEO v27.5) - https:\/\/yoast.com\/product\/yoast-seo-premium-wordpress\/ -->\n<title>Qui cherche \u00e0 harceler et d\u00e9moraliser les forces de l&#039;ordre ?<\/title>\n<meta name=\"description\" content=\"Qui cherche \u00e0 harceler et d\u00e9moraliser les forces de l&#039;ordre ?\" \/>\n<link rel=\"canonical\" href=\"https:\/\/www.webdo.tn\/fr\/actualite\/chroniques\/tunisie-qui-cherche-a-harceler-et-demoraliser-les-forces-de-lordre\/186893\/\" \/>\n<meta property=\"og:locale\" content=\"fr_FR\" \/>\n<meta property=\"og:type\" content=\"article\" \/>\n<meta property=\"og:title\" content=\"Qui cherche \u00e0 harceler et d\u00e9moraliser les forces de l&#039;ordre ?\" \/>\n<meta property=\"og:description\" content=\"Qui cherche \u00e0 harceler et d\u00e9moraliser les forces de l&#039;ordre ?\" \/>\n<meta property=\"og:url\" content=\"https:\/\/www.webdo.tn\/fr\/actualite\/chroniques\/tunisie-qui-cherche-a-harceler-et-demoraliser-les-forces-de-lordre\/186893\/\" \/>\n<meta property=\"og:site_name\" content=\"webdo\" \/>\n<meta property=\"article:publisher\" content=\"https:\/\/www.facebook.com\/webdotn\" \/>\n<meta property=\"article:author\" content=\"https:\/\/www.facebook.com\/hatem.bourial.2025\" \/>\n<meta property=\"article:published_time\" content=\"2015-06-09T14:00:00+00:00\" \/>\n<meta property=\"article:modified_time\" content=\"2025-05-19T10:14:13+00:00\" \/>\n<meta property=\"og:image\" content=\"https:\/\/www.webdo.tn\/fr\/wp-content\/uploads\/2015\/06\/IMG_0049.jpg\" \/>\n\t<meta property=\"og:image:width\" content=\"600\" \/>\n\t<meta property=\"og:image:height\" content=\"400\" \/>\n\t<meta property=\"og:image:type\" content=\"image\/jpeg\" \/>\n<meta name=\"author\" content=\"Hatem Bourial\" \/>\n<meta name=\"twitter:card\" content=\"summary_large_image\" \/>\n<meta name=\"twitter:creator\" content=\"@webdo_tn\" \/>\n<meta name=\"twitter:site\" content=\"@webdo_tn\" \/>\n<meta name=\"twitter:label1\" content=\"\u00c9crit par\" \/>\n\t<meta name=\"twitter:data1\" content=\"Hatem Bourial\" \/>\n\t<meta name=\"twitter:label2\" content=\"Dur\u00e9e de lecture estim\u00e9e\" \/>\n\t<meta name=\"twitter:data2\" content=\"3 minutes\" \/>\n<script type=\"application\/ld+json\" class=\"yoast-schema-graph\">{\"@context\":\"https:\\\/\\\/schema.org\",\"@graph\":[{\"@type\":\"NewsArticle\",\"@id\":\"https:\\\/\\\/www.webdo.tn\\\/fr\\\/actualite\\\/chroniques\\\/tunisie-qui-cherche-a-harceler-et-demoraliser-les-forces-de-lordre\\\/186893\\\/#article\",\"isPartOf\":{\"@id\":\"https:\\\/\\\/www.webdo.tn\\\/fr\\\/actualite\\\/chroniques\\\/tunisie-qui-cherche-a-harceler-et-demoraliser-les-forces-de-lordre\\\/186893\\\/\"},\"author\":{\"name\":\"Hatem Bourial\",\"@id\":\"https:\\\/\\\/www.webdo.tn\\\/fr\\\/#\\\/schema\\\/person\\\/6bc0beba2cd23aec27cb5df85ca2554f\"},\"headline\":\"Qui cherche \u00e0 harceler et d\u00e9moraliser les forces de l&rsquo;ordre ?\",\"datePublished\":\"2015-06-09T14:00:00+00:00\",\"dateModified\":\"2025-05-19T10:14:13+00:00\",\"mainEntityOfPage\":{\"@id\":\"https:\\\/\\\/www.webdo.tn\\\/fr\\\/actualite\\\/chroniques\\\/tunisie-qui-cherche-a-harceler-et-demoraliser-les-forces-de-lordre\\\/186893\\\/\"},\"wordCount\":662,\"commentCount\":0,\"publisher\":{\"@id\":\"https:\\\/\\\/www.webdo.tn\\\/fr\\\/#organization\"},\"image\":{\"@id\":\"https:\\\/\\\/www.webdo.tn\\\/fr\\\/actualite\\\/chroniques\\\/tunisie-qui-cherche-a-harceler-et-demoraliser-les-forces-de-lordre\\\/186893\\\/#primaryimage\"},\"thumbnailUrl\":\"https:\\\/\\\/www.webdo.tn\\\/fr\\\/wp-content\\\/uploads\\\/2015\\\/06\\\/IMG_0049.jpg\",\"keywords\":[\"guerre\"],\"articleSection\":[\"Chroniques\"],\"inLanguage\":\"fr-FR\"},{\"@type\":\"WebPage\",\"@id\":\"https:\\\/\\\/www.webdo.tn\\\/fr\\\/actualite\\\/chroniques\\\/tunisie-qui-cherche-a-harceler-et-demoraliser-les-forces-de-lordre\\\/186893\\\/\",\"url\":\"https:\\\/\\\/www.webdo.tn\\\/fr\\\/actualite\\\/chroniques\\\/tunisie-qui-cherche-a-harceler-et-demoraliser-les-forces-de-lordre\\\/186893\\\/\",\"name\":\"Qui cherche \u00e0 harceler et d\u00e9moraliser les forces de l'ordre ?\",\"isPartOf\":{\"@id\":\"https:\\\/\\\/www.webdo.tn\\\/fr\\\/#website\"},\"primaryImageOfPage\":{\"@id\":\"https:\\\/\\\/www.webdo.tn\\\/fr\\\/actualite\\\/chroniques\\\/tunisie-qui-cherche-a-harceler-et-demoraliser-les-forces-de-lordre\\\/186893\\\/#primaryimage\"},\"image\":{\"@id\":\"https:\\\/\\\/www.webdo.tn\\\/fr\\\/actualite\\\/chroniques\\\/tunisie-qui-cherche-a-harceler-et-demoraliser-les-forces-de-lordre\\\/186893\\\/#primaryimage\"},\"thumbnailUrl\":\"https:\\\/\\\/www.webdo.tn\\\/fr\\\/wp-content\\\/uploads\\\/2015\\\/06\\\/IMG_0049.jpg\",\"datePublished\":\"2015-06-09T14:00:00+00:00\",\"dateModified\":\"2025-05-19T10:14:13+00:00\",\"description\":\"Qui cherche \u00e0 harceler et d\u00e9moraliser les forces de l'ordre ?\",\"breadcrumb\":{\"@id\":\"https:\\\/\\\/www.webdo.tn\\\/fr\\\/actualite\\\/chroniques\\\/tunisie-qui-cherche-a-harceler-et-demoraliser-les-forces-de-lordre\\\/186893\\\/#breadcrumb\"},\"inLanguage\":\"fr-FR\",\"potentialAction\":[{\"@type\":\"ReadAction\",\"target\":[\"https:\\\/\\\/www.webdo.tn\\\/fr\\\/actualite\\\/chroniques\\\/tunisie-qui-cherche-a-harceler-et-demoraliser-les-forces-de-lordre\\\/186893\\\/\"]}]},{\"@type\":\"ImageObject\",\"inLanguage\":\"fr-FR\",\"@id\":\"https:\\\/\\\/www.webdo.tn\\\/fr\\\/actualite\\\/chroniques\\\/tunisie-qui-cherche-a-harceler-et-demoraliser-les-forces-de-lordre\\\/186893\\\/#primaryimage\",\"url\":\"https:\\\/\\\/www.webdo.tn\\\/fr\\\/wp-content\\\/uploads\\\/2015\\\/06\\\/IMG_0049.jpg\",\"contentUrl\":\"https:\\\/\\\/www.webdo.tn\\\/fr\\\/wp-content\\\/uploads\\\/2015\\\/06\\\/IMG_0049.jpg\",\"width\":600,\"height\":400,\"caption\":\"Qui cherche \u00e0 harceler et d\u00e9moraliser les forces de l'ordre ?\"},{\"@type\":\"BreadcrumbList\",\"@id\":\"https:\\\/\\\/www.webdo.tn\\\/fr\\\/actualite\\\/chroniques\\\/tunisie-qui-cherche-a-harceler-et-demoraliser-les-forces-de-lordre\\\/186893\\\/#breadcrumb\",\"itemListElement\":[{\"@type\":\"ListItem\",\"position\":1,\"name\":\"Accueil\",\"item\":\"https:\\\/\\\/www.webdo.tn\\\/fr\\\/\"},{\"@type\":\"ListItem\",\"position\":2,\"name\":\"Qui cherche \u00e0 harceler et d\u00e9moraliser les forces de l&#8217;ordre ?\"}]},{\"@type\":\"WebSite\",\"@id\":\"https:\\\/\\\/www.webdo.tn\\\/fr\\\/#website\",\"url\":\"https:\\\/\\\/www.webdo.tn\\\/fr\\\/\",\"name\":\"webdo\",\"description\":\"Tunisie - News en Tunisie et \u00e0 l&#039;international sur Webdo.tn\",\"publisher\":{\"@id\":\"https:\\\/\\\/www.webdo.tn\\\/fr\\\/#organization\"},\"potentialAction\":[{\"@type\":\"SearchAction\",\"target\":{\"@type\":\"EntryPoint\",\"urlTemplate\":\"https:\\\/\\\/www.webdo.tn\\\/fr\\\/?s={search_term_string}\"},\"query-input\":{\"@type\":\"PropertyValueSpecification\",\"valueRequired\":true,\"valueName\":\"search_term_string\"}}],\"inLanguage\":\"fr-FR\"},{\"@type\":\"Organization\",\"@id\":\"https:\\\/\\\/www.webdo.tn\\\/fr\\\/#organization\",\"name\":\"Webdo\",\"alternateName\":\"Webdo.tn\",\"url\":\"https:\\\/\\\/www.webdo.tn\\\/fr\\\/\",\"logo\":{\"@type\":\"ImageObject\",\"inLanguage\":\"fr-FR\",\"@id\":\"https:\\\/\\\/www.webdo.tn\\\/fr\\\/#\\\/schema\\\/logo\\\/image\\\/\",\"url\":\"https:\\\/\\\/www.webdo.tn\\\/fr\\\/wp-content\\\/uploads\\\/2025\\\/06\\\/Webdo-Tunisie_168377.jpg\",\"contentUrl\":\"https:\\\/\\\/www.webdo.tn\\\/fr\\\/wp-content\\\/uploads\\\/2025\\\/06\\\/Webdo-Tunisie_168377.jpg\",\"width\":301,\"height\":301,\"caption\":\"Webdo\"},\"image\":{\"@id\":\"https:\\\/\\\/www.webdo.tn\\\/fr\\\/#\\\/schema\\\/logo\\\/image\\\/\"},\"sameAs\":[\"https:\\\/\\\/www.facebook.com\\\/webdotn\",\"https:\\\/\\\/x.com\\\/webdo_tn\"],\"description\":\"Webdo est un m\u00e9dia num\u00e9rique tunisien fond\u00e9 en 2010, sp\u00e9cialis\u00e9 dans l\u2019actualit\u00e9 nationale et internationale, l\u2019\u00e9conomie, la soci\u00e9t\u00e9 et les analyses politiques. Le site s\u2019adresse \u00e0 un large public francophone et couvre l\u2019information tunisienne en temps r\u00e9el.\",\"email\":\"redac@webdo.tn\",\"legalName\":\"YNJ SARL\",\"foundingDate\":\"2010-09-06\",\"numberOfEmployees\":{\"@type\":\"QuantitativeValue\",\"minValue\":\"11\",\"maxValue\":\"50\"}},{\"@type\":\"Person\",\"@id\":\"https:\\\/\\\/www.webdo.tn\\\/fr\\\/#\\\/schema\\\/person\\\/6bc0beba2cd23aec27cb5df85ca2554f\",\"name\":\"Hatem Bourial\",\"image\":{\"@type\":\"ImageObject\",\"inLanguage\":\"fr-FR\",\"@id\":\"https:\\\/\\\/www.webdo.tn\\\/fr\\\/wp-content\\\/uploads\\\/2026\\\/04\\\/hatem-bourial_avatar-96x96.jpg\",\"url\":\"https:\\\/\\\/www.webdo.tn\\\/fr\\\/wp-content\\\/uploads\\\/2026\\\/04\\\/hatem-bourial_avatar-96x96.jpg\",\"contentUrl\":\"https:\\\/\\\/www.webdo.tn\\\/fr\\\/wp-content\\\/uploads\\\/2026\\\/04\\\/hatem-bourial_avatar-96x96.jpg\",\"caption\":\"Hatem Bourial\"},\"description\":\"Hatem Bourial est journaliste, \u00e9crivain et chroniqueur tunisien. Actif depuis plusieurs d\u00e9cennies, il s\u2019est impos\u00e9 comme un observateur attentif de la soci\u00e9t\u00e9 tunisienne, m\u00ealant dans ses \u00e9crits m\u00e9moire, culture et analyse du quotidien. Auteur de nombreux ouvrages, il d\u00e9veloppe une \u0153uvre \u00e0 la crois\u00e9e du r\u00e9cit, de la po\u00e9sie et de l\u2019observation sociologique. Parall\u00e8lement \u00e0 ses contributions dans la presse, il intervient r\u00e9guli\u00e8rement \u00e0 la radio et dans des espaces culturels, o\u00f9 il explore les enjeux li\u00e9s au patrimoine, \u00e0 l\u2019identit\u00e9 et aux transformations du monde contemporain. \u00c0 travers ses chroniques, Hatem Bourial propose une lecture sensible et approfondie de l\u2019actualit\u00e9, nourrie par une exp\u00e9rience journalistique et litt\u00e9raire reconnue. \ud83d\udd17 Facebook : https:\\\/\\\/www.facebook.com\\\/hatem.bourial.2025\",\"sameAs\":[\"https:\\\/\\\/www.facebook.com\\\/hatem.bourial.2025\",\"https:\\\/\\\/fr.wikipedia.org\\\/wiki\\\/Fichier:Hatem_Bourial.jpg\"],\"knowsAbout\":[\"Culture & patrimoine tunisien\",\"Chronique soci\u00e9tale\",\"Litt\u00e9rature & m\u00e9moire\",\"Cin\u00e9ma & critique culturelle\",\"Identit\u00e9 & mutations sociales\"],\"knowsLanguage\":[\"Arabe\",\"Fran\u00e7ais\",\"Anglais\",\"Italien\",\"Polonais\"],\"jobTitle\":\"Journaliste, \u00e9crivain et chroniqueur culturel\",\"worksFor\":\"Webdo\",\"url\":\"https:\\\/\\\/www.webdo.tn\\\/fr\\\/actualite\\\/author\\\/hatem-bourial-2\\\/\"}]}<\/script>\n<!-- \/ Yoast SEO Premium plugin. -->","yoast_head_json":{"title":"Qui cherche \u00e0 harceler et d\u00e9moraliser les forces de l'ordre ?","description":"Qui cherche \u00e0 harceler et d\u00e9moraliser les forces de l'ordre ?","canonical":"https:\/\/www.webdo.tn\/fr\/actualite\/chroniques\/tunisie-qui-cherche-a-harceler-et-demoraliser-les-forces-de-lordre\/186893\/","og_locale":"fr_FR","og_type":"article","og_title":"Qui cherche \u00e0 harceler et d\u00e9moraliser les forces de l'ordre ?","og_description":"Qui cherche \u00e0 harceler et d\u00e9moraliser les forces de l'ordre ?","og_url":"https:\/\/www.webdo.tn\/fr\/actualite\/chroniques\/tunisie-qui-cherche-a-harceler-et-demoraliser-les-forces-de-lordre\/186893\/","og_site_name":"webdo","article_publisher":"https:\/\/www.facebook.com\/webdotn","article_author":"https:\/\/www.facebook.com\/hatem.bourial.2025","article_published_time":"2015-06-09T14:00:00+00:00","article_modified_time":"2025-05-19T10:14:13+00:00","og_image":[{"width":600,"height":400,"url":"https:\/\/www.webdo.tn\/fr\/wp-content\/uploads\/2015\/06\/IMG_0049.jpg","type":"image\/jpeg"}],"author":"Hatem Bourial","twitter_card":"summary_large_image","twitter_creator":"@webdo_tn","twitter_site":"@webdo_tn","twitter_misc":{"\u00c9crit par":"Hatem Bourial","Dur\u00e9e de lecture estim\u00e9e":"3 minutes"},"schema":{"@context":"https:\/\/schema.org","@graph":[{"@type":"NewsArticle","@id":"https:\/\/www.webdo.tn\/fr\/actualite\/chroniques\/tunisie-qui-cherche-a-harceler-et-demoraliser-les-forces-de-lordre\/186893\/#article","isPartOf":{"@id":"https:\/\/www.webdo.tn\/fr\/actualite\/chroniques\/tunisie-qui-cherche-a-harceler-et-demoraliser-les-forces-de-lordre\/186893\/"},"author":{"name":"Hatem Bourial","@id":"https:\/\/www.webdo.tn\/fr\/#\/schema\/person\/6bc0beba2cd23aec27cb5df85ca2554f"},"headline":"Qui cherche \u00e0 harceler et d\u00e9moraliser les forces de l&rsquo;ordre ?","datePublished":"2015-06-09T14:00:00+00:00","dateModified":"2025-05-19T10:14:13+00:00","mainEntityOfPage":{"@id":"https:\/\/www.webdo.tn\/fr\/actualite\/chroniques\/tunisie-qui-cherche-a-harceler-et-demoraliser-les-forces-de-lordre\/186893\/"},"wordCount":662,"commentCount":0,"publisher":{"@id":"https:\/\/www.webdo.tn\/fr\/#organization"},"image":{"@id":"https:\/\/www.webdo.tn\/fr\/actualite\/chroniques\/tunisie-qui-cherche-a-harceler-et-demoraliser-les-forces-de-lordre\/186893\/#primaryimage"},"thumbnailUrl":"https:\/\/www.webdo.tn\/fr\/wp-content\/uploads\/2015\/06\/IMG_0049.jpg","keywords":["guerre"],"articleSection":["Chroniques"],"inLanguage":"fr-FR"},{"@type":"WebPage","@id":"https:\/\/www.webdo.tn\/fr\/actualite\/chroniques\/tunisie-qui-cherche-a-harceler-et-demoraliser-les-forces-de-lordre\/186893\/","url":"https:\/\/www.webdo.tn\/fr\/actualite\/chroniques\/tunisie-qui-cherche-a-harceler-et-demoraliser-les-forces-de-lordre\/186893\/","name":"Qui cherche \u00e0 harceler et d\u00e9moraliser les forces de l'ordre ?","isPartOf":{"@id":"https:\/\/www.webdo.tn\/fr\/#website"},"primaryImageOfPage":{"@id":"https:\/\/www.webdo.tn\/fr\/actualite\/chroniques\/tunisie-qui-cherche-a-harceler-et-demoraliser-les-forces-de-lordre\/186893\/#primaryimage"},"image":{"@id":"https:\/\/www.webdo.tn\/fr\/actualite\/chroniques\/tunisie-qui-cherche-a-harceler-et-demoraliser-les-forces-de-lordre\/186893\/#primaryimage"},"thumbnailUrl":"https:\/\/www.webdo.tn\/fr\/wp-content\/uploads\/2015\/06\/IMG_0049.jpg","datePublished":"2015-06-09T14:00:00+00:00","dateModified":"2025-05-19T10:14:13+00:00","description":"Qui cherche \u00e0 harceler et d\u00e9moraliser les forces de l'ordre ?","breadcrumb":{"@id":"https:\/\/www.webdo.tn\/fr\/actualite\/chroniques\/tunisie-qui-cherche-a-harceler-et-demoraliser-les-forces-de-lordre\/186893\/#breadcrumb"},"inLanguage":"fr-FR","potentialAction":[{"@type":"ReadAction","target":["https:\/\/www.webdo.tn\/fr\/actualite\/chroniques\/tunisie-qui-cherche-a-harceler-et-demoraliser-les-forces-de-lordre\/186893\/"]}]},{"@type":"ImageObject","inLanguage":"fr-FR","@id":"https:\/\/www.webdo.tn\/fr\/actualite\/chroniques\/tunisie-qui-cherche-a-harceler-et-demoraliser-les-forces-de-lordre\/186893\/#primaryimage","url":"https:\/\/www.webdo.tn\/fr\/wp-content\/uploads\/2015\/06\/IMG_0049.jpg","contentUrl":"https:\/\/www.webdo.tn\/fr\/wp-content\/uploads\/2015\/06\/IMG_0049.jpg","width":600,"height":400,"caption":"Qui cherche \u00e0 harceler et d\u00e9moraliser les forces de l'ordre ?"},{"@type":"BreadcrumbList","@id":"https:\/\/www.webdo.tn\/fr\/actualite\/chroniques\/tunisie-qui-cherche-a-harceler-et-demoraliser-les-forces-de-lordre\/186893\/#breadcrumb","itemListElement":[{"@type":"ListItem","position":1,"name":"Accueil","item":"https:\/\/www.webdo.tn\/fr\/"},{"@type":"ListItem","position":2,"name":"Qui cherche \u00e0 harceler et d\u00e9moraliser les forces de l&#8217;ordre ?"}]},{"@type":"WebSite","@id":"https:\/\/www.webdo.tn\/fr\/#website","url":"https:\/\/www.webdo.tn\/fr\/","name":"webdo","description":"Tunisie - News en Tunisie et \u00e0 l&#039;international sur Webdo.tn","publisher":{"@id":"https:\/\/www.webdo.tn\/fr\/#organization"},"potentialAction":[{"@type":"SearchAction","target":{"@type":"EntryPoint","urlTemplate":"https:\/\/www.webdo.tn\/fr\/?s={search_term_string}"},"query-input":{"@type":"PropertyValueSpecification","valueRequired":true,"valueName":"search_term_string"}}],"inLanguage":"fr-FR"},{"@type":"Organization","@id":"https:\/\/www.webdo.tn\/fr\/#organization","name":"Webdo","alternateName":"Webdo.tn","url":"https:\/\/www.webdo.tn\/fr\/","logo":{"@type":"ImageObject","inLanguage":"fr-FR","@id":"https:\/\/www.webdo.tn\/fr\/#\/schema\/logo\/image\/","url":"https:\/\/www.webdo.tn\/fr\/wp-content\/uploads\/2025\/06\/Webdo-Tunisie_168377.jpg","contentUrl":"https:\/\/www.webdo.tn\/fr\/wp-content\/uploads\/2025\/06\/Webdo-Tunisie_168377.jpg","width":301,"height":301,"caption":"Webdo"},"image":{"@id":"https:\/\/www.webdo.tn\/fr\/#\/schema\/logo\/image\/"},"sameAs":["https:\/\/www.facebook.com\/webdotn","https:\/\/x.com\/webdo_tn"],"description":"Webdo est un m\u00e9dia num\u00e9rique tunisien fond\u00e9 en 2010, sp\u00e9cialis\u00e9 dans l\u2019actualit\u00e9 nationale et internationale, l\u2019\u00e9conomie, la soci\u00e9t\u00e9 et les analyses politiques. Le site s\u2019adresse \u00e0 un large public francophone et couvre l\u2019information tunisienne en temps r\u00e9el.","email":"redac@webdo.tn","legalName":"YNJ SARL","foundingDate":"2010-09-06","numberOfEmployees":{"@type":"QuantitativeValue","minValue":"11","maxValue":"50"}},{"@type":"Person","@id":"https:\/\/www.webdo.tn\/fr\/#\/schema\/person\/6bc0beba2cd23aec27cb5df85ca2554f","name":"Hatem Bourial","image":{"@type":"ImageObject","inLanguage":"fr-FR","@id":"https:\/\/www.webdo.tn\/fr\/wp-content\/uploads\/2026\/04\/hatem-bourial_avatar-96x96.jpg","url":"https:\/\/www.webdo.tn\/fr\/wp-content\/uploads\/2026\/04\/hatem-bourial_avatar-96x96.jpg","contentUrl":"https:\/\/www.webdo.tn\/fr\/wp-content\/uploads\/2026\/04\/hatem-bourial_avatar-96x96.jpg","caption":"Hatem Bourial"},"description":"Hatem Bourial est journaliste, \u00e9crivain et chroniqueur tunisien. Actif depuis plusieurs d\u00e9cennies, il s\u2019est impos\u00e9 comme un observateur attentif de la soci\u00e9t\u00e9 tunisienne, m\u00ealant dans ses \u00e9crits m\u00e9moire, culture et analyse du quotidien. Auteur de nombreux ouvrages, il d\u00e9veloppe une \u0153uvre \u00e0 la crois\u00e9e du r\u00e9cit, de la po\u00e9sie et de l\u2019observation sociologique. Parall\u00e8lement \u00e0 ses contributions dans la presse, il intervient r\u00e9guli\u00e8rement \u00e0 la radio et dans des espaces culturels, o\u00f9 il explore les enjeux li\u00e9s au patrimoine, \u00e0 l\u2019identit\u00e9 et aux transformations du monde contemporain. \u00c0 travers ses chroniques, Hatem Bourial propose une lecture sensible et approfondie de l\u2019actualit\u00e9, nourrie par une exp\u00e9rience journalistique et litt\u00e9raire reconnue. \ud83d\udd17 Facebook : https:\/\/www.facebook.com\/hatem.bourial.2025","sameAs":["https:\/\/www.facebook.com\/hatem.bourial.2025","https:\/\/fr.wikipedia.org\/wiki\/Fichier:Hatem_Bourial.jpg"],"knowsAbout":["Culture & patrimoine tunisien","Chronique soci\u00e9tale","Litt\u00e9rature & m\u00e9moire","Cin\u00e9ma & critique culturelle","Identit\u00e9 & mutations sociales"],"knowsLanguage":["Arabe","Fran\u00e7ais","Anglais","Italien","Polonais"],"jobTitle":"Journaliste, \u00e9crivain et chroniqueur culturel","worksFor":"Webdo","url":"https:\/\/www.webdo.tn\/fr\/actualite\/author\/hatem-bourial-2\/"}]}},"_links":{"self":[{"href":"https:\/\/www.webdo.tn\/fr\/wp-json\/wp\/v2\/posts\/186893","targetHints":{"allow":["GET"]}}],"collection":[{"href":"https:\/\/www.webdo.tn\/fr\/wp-json\/wp\/v2\/posts"}],"about":[{"href":"https:\/\/www.webdo.tn\/fr\/wp-json\/wp\/v2\/types\/post"}],"author":[{"embeddable":true,"href":"https:\/\/www.webdo.tn\/fr\/wp-json\/wp\/v2\/users\/3229"}],"replies":[{"embeddable":true,"href":"https:\/\/www.webdo.tn\/fr\/wp-json\/wp\/v2\/comments?post=186893"}],"version-history":[{"count":0,"href":"https:\/\/www.webdo.tn\/fr\/wp-json\/wp\/v2\/posts\/186893\/revisions"}],"wp:featuredmedia":[{"embeddable":true,"href":"https:\/\/www.webdo.tn\/fr\/wp-json\/wp\/v2\/media\/318088"}],"wp:attachment":[{"href":"https:\/\/www.webdo.tn\/fr\/wp-json\/wp\/v2\/media?parent=186893"}],"wp:term":[{"taxonomy":"category","embeddable":true,"href":"https:\/\/www.webdo.tn\/fr\/wp-json\/wp\/v2\/categories?post=186893"},{"taxonomy":"post_tag","embeddable":true,"href":"https:\/\/www.webdo.tn\/fr\/wp-json\/wp\/v2\/tags?post=186893"}],"curies":[{"name":"wp","href":"https:\/\/api.w.org\/{rel}","templated":true}]}}