{"id":186892,"date":"2015-06-01T09:25:00","date_gmt":"2015-06-01T09:25:00","guid":{"rendered":"https:\/\/www.webdo.tn\/fr\/blog\/tunisie-democrasseux-et-bluffocrates\/186892\/"},"modified":"2025-05-19T10:14:54","modified_gmt":"2025-05-19T10:14:54","slug":"tunisie-democrasseux-et-bluffocrates","status":"publish","type":"post","link":"https:\/\/www.webdo.tn\/fr\/actualite\/chroniques\/tunisie-democrasseux-et-bluffocrates\/186892\/","title":{"rendered":"D\u00e9mocrasseux et bluffocrates"},"content":{"rendered":"<p>D\u00e9sormais, cinq ans apr\u00e8s la r\u00e9volution, nous savons tous ce que valent vraiment nos d\u00e9mocrates historiques, ceux qui se targuaient d&rsquo;avoir r\u00e9sist\u00e9 \u00e0 Ben Ali.<\/p>\n<p>Nous savons tous le poids v\u00e9ritable d&rsquo;un Mustapha Ben Jaafar ou d&rsquo;un N\u00e9jib Chebbi, simples aventuriers sans troupes qui ont longuement flirt\u00e9 avec les int\u00e9gristes d&rsquo;Ennahdha, avant de se faire coiffer au poteau par plus rus\u00e9 et plus retors qu&rsquo;eux.<\/p>\n<p>Entre eux et leur fantasme supr\u00eame s&rsquo;est en effet dress\u00e9 Moncef Marzouki dont nous savons maintenant jusqu&rsquo;o\u00f9 il peut (et pourrait) aller pour ne pas sortir du jeu et rester dans la course.<\/p>\n<p>Campagnes diffamatoires, populisme digne des pires formations d&rsquo;extr\u00eame-droite, alignement aveugle sur ses ma\u00eetres du Golfe arabe et man\u0153uvres s\u00e9ditieuses dans le sud&#8230; Et ce n&rsquo;est rien encore par rapport \u00e0 ce dont est capable un homme sans honneur, un homme pour lequel le drapeau tunisien semble le cadet de ses soucis.<\/p>\n<p>On a les Ghandi, les Walesa, les Churchill, les Mandela qu&rsquo;on m\u00e9rite.<br \/>\nLes technocrates qu&rsquo;on nous pr\u00e9sentait comme une panac\u00e9e ne valent pas mieux. Une ann\u00e9e durant, ils nous ont eu au bluff et \u00e0 l&rsquo;usure puis sont partis la queue entre les jambes et leur nouveau c.v de ministre sous le bras.<br \/>\nA les voir, \u00e0 les entendre, ils auraient pu mieux faire. Mais qui les croira encore&#8230;<br \/>\nPanne de projet et fantasmes supr\u00eames<br \/>\nIl semble bien que ceux que la rue a vite fait d&rsquo;affubler des qualificatifs de \u00ab\u00a0bluffocrates\u00a0\u00bb et de \u00ab\u00a0d\u00e9mocrasseux\u00a0\u00bb ne vont pas enfin entendre raison. Autoproclam\u00e9s, sortis du chapeau d&rsquo;un magicien invisible, certains d&rsquo;entre eux ont pris gout \u00e0 l&rsquo;aventure. Au d\u00e9triment, il faut le dire, de la Tunisie&#8230;<\/p>\n<p>Pourtant, la plus grande d\u00e9sillusion de cette r\u00e9volution \u00e0 laquelle beaucoup ont cru c&rsquo;est le peuple tunisien. On pensait ce peuple mature, cultiv\u00e9, r\u00e9publicain. Il n&rsquo;en est rien ou pas grand chose. La r\u00e9volution a mis \u00e0 nu nos tares, nos scandales et, pour le moment, n&rsquo;a pas apport\u00e9 de solution viable.<\/p>\n<p>C&rsquo;est clair, du moins \u00e0 mes yeux, que la Tunisie est en panne non seulement d&rsquo;un dessein ou d&rsquo;un projet d&rsquo;avenir mais aussi d&rsquo;une classe politique comp\u00e9tente et fonci\u00e8rement patriote.<\/p>\n<p>Sinon comment expliquer les parachutages d&rsquo;inconnus comme Slim Riahi ou Yassine Brahim qui se pavanent aujourd&rsquo;hui au sein de la majorit\u00e9 ? D&rsquo;o\u00f9 sortent les formations qu&rsquo;ils dirigent et quels sont leurs moyens et l&rsquo;origine de leurs fonds ? Quelles sont les officines aussi invisibles qu&rsquo;insaisissables qui forgent les leaders de la transition ?<\/p>\n<p>Triste panorama qui souligne combien les alternatives \u00e0 Ben Ali sont impuissantes \u00e0 formuler un projet ! Et le comble, c&rsquo;est que le syst\u00e8me qui a mis le pays en coupe r\u00e9gl\u00e9e semble avoir des capacit\u00e9s de management plus efficaces que l&rsquo;actuel ch\u0153ur des fripouilles et des incapables drapes de vertu.<br \/>\nUne profonde crise des valeurs<br \/>\nTriste panorama qui, \u00e0 moyen terme, rendra in\u00e9luctablement le pouvoir aux int\u00e9gristes d&rsquo;Ennahdha, pass\u00e9s ma\u00eetres dans l&rsquo;art de manipuler ces r\u00e9sistibles bluffocrates et d\u00e9mocrasseux, pour gagner du temps et s&rsquo;implanter davantage encore dans chaque ville, chaque quartier, chaque rue.<\/p>\n<p>Ce que subit la Tunisie de nos jours, c&rsquo;est une profonde crise de valeurs. Avec d&rsquo;un c\u00f4t\u00e9, le projet f\u00e9odal d&rsquo;Ennahdha qui, paradoxalement, jouit d&rsquo;une assise populaire incontestable et surfe sur la na\u00efvet\u00e9 du petit peuple.<\/p>\n<p>Et avec de l&rsquo;autre c\u00f4t\u00e9, un camp moderniste qui, tout en acceptant de mettre de l&rsquo;eau dans son vin, reste trahi par les incapacit\u00e9s, l&rsquo;absence de vision et l&rsquo;ignorance strat\u00e9gique de ses leaders.<\/p>\n<p>Que faire ? Continuer, comme le font BCE et Ghannouchi, \u00e0 \u00e9laborer une synth\u00e8se qui marginalise les aventuriers que nous subissons depuis cinq ans et renvoie \u00e0 leurs fantasmes les plus r\u00e9actionnaires de tous les camps.<\/p>\n<p>C&rsquo;est bel et bien la voie \u00e0 suivre. A condition que la duplicit\u00e9 des uns et les calculs d&rsquo;\u00e9piciers des autres restent au vestiaire&#8230;<\/p>\n","protected":false},"excerpt":{"rendered":"<p>D\u00e9mocrasseux et bluffocrates<\/p>\n","protected":false},"author":3229,"featured_media":318181,"comment_status":"open","ping_status":"closed","sticky":false,"template":"","format":"standard","meta":{"footnotes":""},"categories":[2596],"tags":[2600],"class_list":["post-186892","post","type-post","status-publish","format-standard","has-post-thumbnail","hentry","category-chroniques","tag-guerre"],"yoast_head":"<!-- This site is optimized with the Yoast SEO Premium plugin v27.5 (Yoast SEO v27.5) - https:\/\/yoast.com\/product\/yoast-seo-premium-wordpress\/ -->\n<title>D\u00e9mocrasseux et bluffocrates<\/title>\n<meta name=\"description\" content=\"D\u00e9mocrasseux et bluffocrates\" \/>\n<link rel=\"canonical\" href=\"https:\/\/www.webdo.tn\/fr\/actualite\/chroniques\/tunisie-democrasseux-et-bluffocrates\/186892\/\" \/>\n<meta property=\"og:locale\" content=\"fr_FR\" \/>\n<meta property=\"og:type\" content=\"article\" \/>\n<meta property=\"og:title\" content=\"D\u00e9mocrasseux et bluffocrates\" \/>\n<meta property=\"og:description\" content=\"D\u00e9mocrasseux et bluffocrates\" \/>\n<meta property=\"og:url\" content=\"https:\/\/www.webdo.tn\/fr\/actualite\/chroniques\/tunisie-democrasseux-et-bluffocrates\/186892\/\" \/>\n<meta property=\"og:site_name\" content=\"webdo\" \/>\n<meta property=\"article:publisher\" content=\"https:\/\/www.facebook.com\/webdotn\" \/>\n<meta property=\"article:author\" content=\"https:\/\/www.facebook.com\/hatem.bourial.2025\" \/>\n<meta property=\"article:published_time\" content=\"2015-06-01T09:25:00+00:00\" \/>\n<meta property=\"article:modified_time\" content=\"2025-05-19T10:14:54+00:00\" \/>\n<meta property=\"og:image\" content=\"https:\/\/www.webdo.tn\/fr\/wp-content\/uploads\/2015\/06\/Marzouki-Ghannouchi-ben-Jaafar-photo-The-Times-300x200-1.jpg\" \/>\n\t<meta property=\"og:image:width\" content=\"300\" \/>\n\t<meta property=\"og:image:height\" content=\"200\" \/>\n\t<meta property=\"og:image:type\" content=\"image\/jpeg\" \/>\n<meta name=\"author\" content=\"Hatem Bourial\" \/>\n<meta name=\"twitter:card\" content=\"summary_large_image\" \/>\n<meta name=\"twitter:creator\" content=\"@webdo_tn\" \/>\n<meta name=\"twitter:site\" content=\"@webdo_tn\" \/>\n<meta name=\"twitter:label1\" content=\"\u00c9crit par\" \/>\n\t<meta name=\"twitter:data1\" content=\"Hatem Bourial\" \/>\n\t<meta name=\"twitter:label2\" content=\"Dur\u00e9e de lecture estim\u00e9e\" \/>\n\t<meta name=\"twitter:data2\" content=\"3 minutes\" \/>\n<script type=\"application\/ld+json\" class=\"yoast-schema-graph\">{\"@context\":\"https:\\\/\\\/schema.org\",\"@graph\":[{\"@type\":\"NewsArticle\",\"@id\":\"https:\\\/\\\/www.webdo.tn\\\/fr\\\/actualite\\\/chroniques\\\/tunisie-democrasseux-et-bluffocrates\\\/186892\\\/#article\",\"isPartOf\":{\"@id\":\"https:\\\/\\\/www.webdo.tn\\\/fr\\\/actualite\\\/chroniques\\\/tunisie-democrasseux-et-bluffocrates\\\/186892\\\/\"},\"author\":{\"name\":\"Hatem Bourial\",\"@id\":\"https:\\\/\\\/www.webdo.tn\\\/fr\\\/#\\\/schema\\\/person\\\/6bc0beba2cd23aec27cb5df85ca2554f\"},\"headline\":\"D\u00e9mocrasseux et bluffocrates\",\"datePublished\":\"2015-06-01T09:25:00+00:00\",\"dateModified\":\"2025-05-19T10:14:54+00:00\",\"mainEntityOfPage\":{\"@id\":\"https:\\\/\\\/www.webdo.tn\\\/fr\\\/actualite\\\/chroniques\\\/tunisie-democrasseux-et-bluffocrates\\\/186892\\\/\"},\"wordCount\":710,\"commentCount\":0,\"publisher\":{\"@id\":\"https:\\\/\\\/www.webdo.tn\\\/fr\\\/#organization\"},\"image\":{\"@id\":\"https:\\\/\\\/www.webdo.tn\\\/fr\\\/actualite\\\/chroniques\\\/tunisie-democrasseux-et-bluffocrates\\\/186892\\\/#primaryimage\"},\"thumbnailUrl\":\"https:\\\/\\\/www.webdo.tn\\\/fr\\\/wp-content\\\/uploads\\\/2015\\\/06\\\/Marzouki-Ghannouchi-ben-Jaafar-photo-The-Times-300x200-1.jpg\",\"keywords\":[\"guerre\"],\"articleSection\":[\"Chroniques\"],\"inLanguage\":\"fr-FR\"},{\"@type\":\"WebPage\",\"@id\":\"https:\\\/\\\/www.webdo.tn\\\/fr\\\/actualite\\\/chroniques\\\/tunisie-democrasseux-et-bluffocrates\\\/186892\\\/\",\"url\":\"https:\\\/\\\/www.webdo.tn\\\/fr\\\/actualite\\\/chroniques\\\/tunisie-democrasseux-et-bluffocrates\\\/186892\\\/\",\"name\":\"D\u00e9mocrasseux et bluffocrates\",\"isPartOf\":{\"@id\":\"https:\\\/\\\/www.webdo.tn\\\/fr\\\/#website\"},\"primaryImageOfPage\":{\"@id\":\"https:\\\/\\\/www.webdo.tn\\\/fr\\\/actualite\\\/chroniques\\\/tunisie-democrasseux-et-bluffocrates\\\/186892\\\/#primaryimage\"},\"image\":{\"@id\":\"https:\\\/\\\/www.webdo.tn\\\/fr\\\/actualite\\\/chroniques\\\/tunisie-democrasseux-et-bluffocrates\\\/186892\\\/#primaryimage\"},\"thumbnailUrl\":\"https:\\\/\\\/www.webdo.tn\\\/fr\\\/wp-content\\\/uploads\\\/2015\\\/06\\\/Marzouki-Ghannouchi-ben-Jaafar-photo-The-Times-300x200-1.jpg\",\"datePublished\":\"2015-06-01T09:25:00+00:00\",\"dateModified\":\"2025-05-19T10:14:54+00:00\",\"description\":\"D\u00e9mocrasseux et bluffocrates\",\"breadcrumb\":{\"@id\":\"https:\\\/\\\/www.webdo.tn\\\/fr\\\/actualite\\\/chroniques\\\/tunisie-democrasseux-et-bluffocrates\\\/186892\\\/#breadcrumb\"},\"inLanguage\":\"fr-FR\",\"potentialAction\":[{\"@type\":\"ReadAction\",\"target\":[\"https:\\\/\\\/www.webdo.tn\\\/fr\\\/actualite\\\/chroniques\\\/tunisie-democrasseux-et-bluffocrates\\\/186892\\\/\"]}]},{\"@type\":\"ImageObject\",\"inLanguage\":\"fr-FR\",\"@id\":\"https:\\\/\\\/www.webdo.tn\\\/fr\\\/actualite\\\/chroniques\\\/tunisie-democrasseux-et-bluffocrates\\\/186892\\\/#primaryimage\",\"url\":\"https:\\\/\\\/www.webdo.tn\\\/fr\\\/wp-content\\\/uploads\\\/2015\\\/06\\\/Marzouki-Ghannouchi-ben-Jaafar-photo-The-Times-300x200-1.jpg\",\"contentUrl\":\"https:\\\/\\\/www.webdo.tn\\\/fr\\\/wp-content\\\/uploads\\\/2015\\\/06\\\/Marzouki-Ghannouchi-ben-Jaafar-photo-The-Times-300x200-1.jpg\",\"width\":300,\"height\":200,\"caption\":\"D\u00e9mocrasseux et bluffocrates\"},{\"@type\":\"BreadcrumbList\",\"@id\":\"https:\\\/\\\/www.webdo.tn\\\/fr\\\/actualite\\\/chroniques\\\/tunisie-democrasseux-et-bluffocrates\\\/186892\\\/#breadcrumb\",\"itemListElement\":[{\"@type\":\"ListItem\",\"position\":1,\"name\":\"Accueil\",\"item\":\"https:\\\/\\\/www.webdo.tn\\\/fr\\\/\"},{\"@type\":\"ListItem\",\"position\":2,\"name\":\"D\u00e9mocrasseux et bluffocrates\"}]},{\"@type\":\"WebSite\",\"@id\":\"https:\\\/\\\/www.webdo.tn\\\/fr\\\/#website\",\"url\":\"https:\\\/\\\/www.webdo.tn\\\/fr\\\/\",\"name\":\"webdo\",\"description\":\"Tunisie - News en Tunisie et \u00e0 l&#039;international sur Webdo.tn\",\"publisher\":{\"@id\":\"https:\\\/\\\/www.webdo.tn\\\/fr\\\/#organization\"},\"potentialAction\":[{\"@type\":\"SearchAction\",\"target\":{\"@type\":\"EntryPoint\",\"urlTemplate\":\"https:\\\/\\\/www.webdo.tn\\\/fr\\\/?s={search_term_string}\"},\"query-input\":{\"@type\":\"PropertyValueSpecification\",\"valueRequired\":true,\"valueName\":\"search_term_string\"}}],\"inLanguage\":\"fr-FR\"},{\"@type\":\"Organization\",\"@id\":\"https:\\\/\\\/www.webdo.tn\\\/fr\\\/#organization\",\"name\":\"Webdo\",\"alternateName\":\"Webdo.tn\",\"url\":\"https:\\\/\\\/www.webdo.tn\\\/fr\\\/\",\"logo\":{\"@type\":\"ImageObject\",\"inLanguage\":\"fr-FR\",\"@id\":\"https:\\\/\\\/www.webdo.tn\\\/fr\\\/#\\\/schema\\\/logo\\\/image\\\/\",\"url\":\"https:\\\/\\\/www.webdo.tn\\\/fr\\\/wp-content\\\/uploads\\\/2025\\\/06\\\/Webdo-Tunisie_168377.jpg\",\"contentUrl\":\"https:\\\/\\\/www.webdo.tn\\\/fr\\\/wp-content\\\/uploads\\\/2025\\\/06\\\/Webdo-Tunisie_168377.jpg\",\"width\":301,\"height\":301,\"caption\":\"Webdo\"},\"image\":{\"@id\":\"https:\\\/\\\/www.webdo.tn\\\/fr\\\/#\\\/schema\\\/logo\\\/image\\\/\"},\"sameAs\":[\"https:\\\/\\\/www.facebook.com\\\/webdotn\",\"https:\\\/\\\/x.com\\\/webdo_tn\"],\"description\":\"Webdo est un m\u00e9dia num\u00e9rique tunisien fond\u00e9 en 2010, sp\u00e9cialis\u00e9 dans l\u2019actualit\u00e9 nationale et internationale, l\u2019\u00e9conomie, la soci\u00e9t\u00e9 et les analyses politiques. Le site s\u2019adresse \u00e0 un large public francophone et couvre l\u2019information tunisienne en temps r\u00e9el.\",\"email\":\"redac@webdo.tn\",\"legalName\":\"YNJ SARL\",\"foundingDate\":\"2010-09-06\",\"numberOfEmployees\":{\"@type\":\"QuantitativeValue\",\"minValue\":\"11\",\"maxValue\":\"50\"}},{\"@type\":\"Person\",\"@id\":\"https:\\\/\\\/www.webdo.tn\\\/fr\\\/#\\\/schema\\\/person\\\/6bc0beba2cd23aec27cb5df85ca2554f\",\"name\":\"Hatem Bourial\",\"image\":{\"@type\":\"ImageObject\",\"inLanguage\":\"fr-FR\",\"@id\":\"https:\\\/\\\/www.webdo.tn\\\/fr\\\/wp-content\\\/uploads\\\/2026\\\/04\\\/hatem-bourial_avatar-96x96.jpg\",\"url\":\"https:\\\/\\\/www.webdo.tn\\\/fr\\\/wp-content\\\/uploads\\\/2026\\\/04\\\/hatem-bourial_avatar-96x96.jpg\",\"contentUrl\":\"https:\\\/\\\/www.webdo.tn\\\/fr\\\/wp-content\\\/uploads\\\/2026\\\/04\\\/hatem-bourial_avatar-96x96.jpg\",\"caption\":\"Hatem Bourial\"},\"description\":\"Hatem Bourial est journaliste, \u00e9crivain et chroniqueur tunisien. Actif depuis plusieurs d\u00e9cennies, il s\u2019est impos\u00e9 comme un observateur attentif de la soci\u00e9t\u00e9 tunisienne, m\u00ealant dans ses \u00e9crits m\u00e9moire, culture et analyse du quotidien. Auteur de nombreux ouvrages, il d\u00e9veloppe une \u0153uvre \u00e0 la crois\u00e9e du r\u00e9cit, de la po\u00e9sie et de l\u2019observation sociologique. Parall\u00e8lement \u00e0 ses contributions dans la presse, il intervient r\u00e9guli\u00e8rement \u00e0 la radio et dans des espaces culturels, o\u00f9 il explore les enjeux li\u00e9s au patrimoine, \u00e0 l\u2019identit\u00e9 et aux transformations du monde contemporain. \u00c0 travers ses chroniques, Hatem Bourial propose une lecture sensible et approfondie de l\u2019actualit\u00e9, nourrie par une exp\u00e9rience journalistique et litt\u00e9raire reconnue. \ud83d\udd17 Facebook : https:\\\/\\\/www.facebook.com\\\/hatem.bourial.2025\",\"sameAs\":[\"https:\\\/\\\/www.facebook.com\\\/hatem.bourial.2025\",\"https:\\\/\\\/fr.wikipedia.org\\\/wiki\\\/Fichier:Hatem_Bourial.jpg\"],\"knowsAbout\":[\"Culture & patrimoine tunisien\",\"Chronique soci\u00e9tale\",\"Litt\u00e9rature & m\u00e9moire\",\"Cin\u00e9ma & critique culturelle\",\"Identit\u00e9 & mutations sociales\"],\"knowsLanguage\":[\"Arabe\",\"Fran\u00e7ais\",\"Anglais\",\"Italien\",\"Polonais\"],\"jobTitle\":\"Journaliste, \u00e9crivain et chroniqueur culturel\",\"worksFor\":\"Webdo\",\"url\":\"https:\\\/\\\/www.webdo.tn\\\/fr\\\/actualite\\\/author\\\/hatem-bourial-2\\\/\"}]}<\/script>\n<!-- \/ Yoast SEO Premium plugin. -->","yoast_head_json":{"title":"D\u00e9mocrasseux et bluffocrates","description":"D\u00e9mocrasseux et bluffocrates","canonical":"https:\/\/www.webdo.tn\/fr\/actualite\/chroniques\/tunisie-democrasseux-et-bluffocrates\/186892\/","og_locale":"fr_FR","og_type":"article","og_title":"D\u00e9mocrasseux et bluffocrates","og_description":"D\u00e9mocrasseux et bluffocrates","og_url":"https:\/\/www.webdo.tn\/fr\/actualite\/chroniques\/tunisie-democrasseux-et-bluffocrates\/186892\/","og_site_name":"webdo","article_publisher":"https:\/\/www.facebook.com\/webdotn","article_author":"https:\/\/www.facebook.com\/hatem.bourial.2025","article_published_time":"2015-06-01T09:25:00+00:00","article_modified_time":"2025-05-19T10:14:54+00:00","og_image":[{"width":300,"height":200,"url":"https:\/\/www.webdo.tn\/fr\/wp-content\/uploads\/2015\/06\/Marzouki-Ghannouchi-ben-Jaafar-photo-The-Times-300x200-1.jpg","type":"image\/jpeg"}],"author":"Hatem Bourial","twitter_card":"summary_large_image","twitter_creator":"@webdo_tn","twitter_site":"@webdo_tn","twitter_misc":{"\u00c9crit par":"Hatem Bourial","Dur\u00e9e de lecture estim\u00e9e":"3 minutes"},"schema":{"@context":"https:\/\/schema.org","@graph":[{"@type":"NewsArticle","@id":"https:\/\/www.webdo.tn\/fr\/actualite\/chroniques\/tunisie-democrasseux-et-bluffocrates\/186892\/#article","isPartOf":{"@id":"https:\/\/www.webdo.tn\/fr\/actualite\/chroniques\/tunisie-democrasseux-et-bluffocrates\/186892\/"},"author":{"name":"Hatem Bourial","@id":"https:\/\/www.webdo.tn\/fr\/#\/schema\/person\/6bc0beba2cd23aec27cb5df85ca2554f"},"headline":"D\u00e9mocrasseux et bluffocrates","datePublished":"2015-06-01T09:25:00+00:00","dateModified":"2025-05-19T10:14:54+00:00","mainEntityOfPage":{"@id":"https:\/\/www.webdo.tn\/fr\/actualite\/chroniques\/tunisie-democrasseux-et-bluffocrates\/186892\/"},"wordCount":710,"commentCount":0,"publisher":{"@id":"https:\/\/www.webdo.tn\/fr\/#organization"},"image":{"@id":"https:\/\/www.webdo.tn\/fr\/actualite\/chroniques\/tunisie-democrasseux-et-bluffocrates\/186892\/#primaryimage"},"thumbnailUrl":"https:\/\/www.webdo.tn\/fr\/wp-content\/uploads\/2015\/06\/Marzouki-Ghannouchi-ben-Jaafar-photo-The-Times-300x200-1.jpg","keywords":["guerre"],"articleSection":["Chroniques"],"inLanguage":"fr-FR"},{"@type":"WebPage","@id":"https:\/\/www.webdo.tn\/fr\/actualite\/chroniques\/tunisie-democrasseux-et-bluffocrates\/186892\/","url":"https:\/\/www.webdo.tn\/fr\/actualite\/chroniques\/tunisie-democrasseux-et-bluffocrates\/186892\/","name":"D\u00e9mocrasseux et bluffocrates","isPartOf":{"@id":"https:\/\/www.webdo.tn\/fr\/#website"},"primaryImageOfPage":{"@id":"https:\/\/www.webdo.tn\/fr\/actualite\/chroniques\/tunisie-democrasseux-et-bluffocrates\/186892\/#primaryimage"},"image":{"@id":"https:\/\/www.webdo.tn\/fr\/actualite\/chroniques\/tunisie-democrasseux-et-bluffocrates\/186892\/#primaryimage"},"thumbnailUrl":"https:\/\/www.webdo.tn\/fr\/wp-content\/uploads\/2015\/06\/Marzouki-Ghannouchi-ben-Jaafar-photo-The-Times-300x200-1.jpg","datePublished":"2015-06-01T09:25:00+00:00","dateModified":"2025-05-19T10:14:54+00:00","description":"D\u00e9mocrasseux et bluffocrates","breadcrumb":{"@id":"https:\/\/www.webdo.tn\/fr\/actualite\/chroniques\/tunisie-democrasseux-et-bluffocrates\/186892\/#breadcrumb"},"inLanguage":"fr-FR","potentialAction":[{"@type":"ReadAction","target":["https:\/\/www.webdo.tn\/fr\/actualite\/chroniques\/tunisie-democrasseux-et-bluffocrates\/186892\/"]}]},{"@type":"ImageObject","inLanguage":"fr-FR","@id":"https:\/\/www.webdo.tn\/fr\/actualite\/chroniques\/tunisie-democrasseux-et-bluffocrates\/186892\/#primaryimage","url":"https:\/\/www.webdo.tn\/fr\/wp-content\/uploads\/2015\/06\/Marzouki-Ghannouchi-ben-Jaafar-photo-The-Times-300x200-1.jpg","contentUrl":"https:\/\/www.webdo.tn\/fr\/wp-content\/uploads\/2015\/06\/Marzouki-Ghannouchi-ben-Jaafar-photo-The-Times-300x200-1.jpg","width":300,"height":200,"caption":"D\u00e9mocrasseux et bluffocrates"},{"@type":"BreadcrumbList","@id":"https:\/\/www.webdo.tn\/fr\/actualite\/chroniques\/tunisie-democrasseux-et-bluffocrates\/186892\/#breadcrumb","itemListElement":[{"@type":"ListItem","position":1,"name":"Accueil","item":"https:\/\/www.webdo.tn\/fr\/"},{"@type":"ListItem","position":2,"name":"D\u00e9mocrasseux et bluffocrates"}]},{"@type":"WebSite","@id":"https:\/\/www.webdo.tn\/fr\/#website","url":"https:\/\/www.webdo.tn\/fr\/","name":"webdo","description":"Tunisie - News en Tunisie et \u00e0 l&#039;international sur Webdo.tn","publisher":{"@id":"https:\/\/www.webdo.tn\/fr\/#organization"},"potentialAction":[{"@type":"SearchAction","target":{"@type":"EntryPoint","urlTemplate":"https:\/\/www.webdo.tn\/fr\/?s={search_term_string}"},"query-input":{"@type":"PropertyValueSpecification","valueRequired":true,"valueName":"search_term_string"}}],"inLanguage":"fr-FR"},{"@type":"Organization","@id":"https:\/\/www.webdo.tn\/fr\/#organization","name":"Webdo","alternateName":"Webdo.tn","url":"https:\/\/www.webdo.tn\/fr\/","logo":{"@type":"ImageObject","inLanguage":"fr-FR","@id":"https:\/\/www.webdo.tn\/fr\/#\/schema\/logo\/image\/","url":"https:\/\/www.webdo.tn\/fr\/wp-content\/uploads\/2025\/06\/Webdo-Tunisie_168377.jpg","contentUrl":"https:\/\/www.webdo.tn\/fr\/wp-content\/uploads\/2025\/06\/Webdo-Tunisie_168377.jpg","width":301,"height":301,"caption":"Webdo"},"image":{"@id":"https:\/\/www.webdo.tn\/fr\/#\/schema\/logo\/image\/"},"sameAs":["https:\/\/www.facebook.com\/webdotn","https:\/\/x.com\/webdo_tn"],"description":"Webdo est un m\u00e9dia num\u00e9rique tunisien fond\u00e9 en 2010, sp\u00e9cialis\u00e9 dans l\u2019actualit\u00e9 nationale et internationale, l\u2019\u00e9conomie, la soci\u00e9t\u00e9 et les analyses politiques. Le site s\u2019adresse \u00e0 un large public francophone et couvre l\u2019information tunisienne en temps r\u00e9el.","email":"redac@webdo.tn","legalName":"YNJ SARL","foundingDate":"2010-09-06","numberOfEmployees":{"@type":"QuantitativeValue","minValue":"11","maxValue":"50"}},{"@type":"Person","@id":"https:\/\/www.webdo.tn\/fr\/#\/schema\/person\/6bc0beba2cd23aec27cb5df85ca2554f","name":"Hatem Bourial","image":{"@type":"ImageObject","inLanguage":"fr-FR","@id":"https:\/\/www.webdo.tn\/fr\/wp-content\/uploads\/2026\/04\/hatem-bourial_avatar-96x96.jpg","url":"https:\/\/www.webdo.tn\/fr\/wp-content\/uploads\/2026\/04\/hatem-bourial_avatar-96x96.jpg","contentUrl":"https:\/\/www.webdo.tn\/fr\/wp-content\/uploads\/2026\/04\/hatem-bourial_avatar-96x96.jpg","caption":"Hatem Bourial"},"description":"Hatem Bourial est journaliste, \u00e9crivain et chroniqueur tunisien. Actif depuis plusieurs d\u00e9cennies, il s\u2019est impos\u00e9 comme un observateur attentif de la soci\u00e9t\u00e9 tunisienne, m\u00ealant dans ses \u00e9crits m\u00e9moire, culture et analyse du quotidien. Auteur de nombreux ouvrages, il d\u00e9veloppe une \u0153uvre \u00e0 la crois\u00e9e du r\u00e9cit, de la po\u00e9sie et de l\u2019observation sociologique. Parall\u00e8lement \u00e0 ses contributions dans la presse, il intervient r\u00e9guli\u00e8rement \u00e0 la radio et dans des espaces culturels, o\u00f9 il explore les enjeux li\u00e9s au patrimoine, \u00e0 l\u2019identit\u00e9 et aux transformations du monde contemporain. \u00c0 travers ses chroniques, Hatem Bourial propose une lecture sensible et approfondie de l\u2019actualit\u00e9, nourrie par une exp\u00e9rience journalistique et litt\u00e9raire reconnue. \ud83d\udd17 Facebook : https:\/\/www.facebook.com\/hatem.bourial.2025","sameAs":["https:\/\/www.facebook.com\/hatem.bourial.2025","https:\/\/fr.wikipedia.org\/wiki\/Fichier:Hatem_Bourial.jpg"],"knowsAbout":["Culture & patrimoine tunisien","Chronique soci\u00e9tale","Litt\u00e9rature & m\u00e9moire","Cin\u00e9ma & critique culturelle","Identit\u00e9 & mutations sociales"],"knowsLanguage":["Arabe","Fran\u00e7ais","Anglais","Italien","Polonais"],"jobTitle":"Journaliste, \u00e9crivain et chroniqueur culturel","worksFor":"Webdo","url":"https:\/\/www.webdo.tn\/fr\/actualite\/author\/hatem-bourial-2\/"}]}},"_links":{"self":[{"href":"https:\/\/www.webdo.tn\/fr\/wp-json\/wp\/v2\/posts\/186892","targetHints":{"allow":["GET"]}}],"collection":[{"href":"https:\/\/www.webdo.tn\/fr\/wp-json\/wp\/v2\/posts"}],"about":[{"href":"https:\/\/www.webdo.tn\/fr\/wp-json\/wp\/v2\/types\/post"}],"author":[{"embeddable":true,"href":"https:\/\/www.webdo.tn\/fr\/wp-json\/wp\/v2\/users\/3229"}],"replies":[{"embeddable":true,"href":"https:\/\/www.webdo.tn\/fr\/wp-json\/wp\/v2\/comments?post=186892"}],"version-history":[{"count":0,"href":"https:\/\/www.webdo.tn\/fr\/wp-json\/wp\/v2\/posts\/186892\/revisions"}],"wp:featuredmedia":[{"embeddable":true,"href":"https:\/\/www.webdo.tn\/fr\/wp-json\/wp\/v2\/media\/318181"}],"wp:attachment":[{"href":"https:\/\/www.webdo.tn\/fr\/wp-json\/wp\/v2\/media?parent=186892"}],"wp:term":[{"taxonomy":"category","embeddable":true,"href":"https:\/\/www.webdo.tn\/fr\/wp-json\/wp\/v2\/categories?post=186892"},{"taxonomy":"post_tag","embeddable":true,"href":"https:\/\/www.webdo.tn\/fr\/wp-json\/wp\/v2\/tags?post=186892"}],"curies":[{"name":"wp","href":"https:\/\/api.w.org\/{rel}","templated":true}]}}