{"id":186891,"date":"2015-05-27T12:35:00","date_gmt":"2015-05-27T12:35:00","guid":{"rendered":"https:\/\/www.webdo.tn\/fr\/actualite\/blog\/si-la-tunisie-etait-une-entreprise\/186891\/"},"modified":"2025-05-22T12:56:06","modified_gmt":"2025-05-22T12:56:06","slug":"si-la-tunisie-etait-une-entreprise","status":"publish","type":"post","link":"https:\/\/www.webdo.tn\/fr\/actualite\/chroniques\/si-la-tunisie-etait-une-entreprise\/186891\/","title":{"rendered":"Si la Tunisie \u00e9tait une entreprise&#8230;"},"content":{"rendered":"<p>Ne jouons pas \u00e0 l&rsquo;autruche ni ne nous cachons la t\u00eate sous un tapis : si la Tunisie \u00e9tait une entreprise, elle serait tout simplement en faillite. Notre bon vieux pays serait tout bonnement d\u00e9clar\u00e9 insolvable, cribl\u00e9 de dettes et accul\u00e9 au d\u00e9p\u00f4t de bilan.<\/p>\n<p>Je crois que pratiquement tous les Tunisiens pressentent cette \u00e9vidence et, heureusement pour nous, la Tunisie n&rsquo;est pas astreinte aux rigoureux crit\u00e8res qui pr\u00e9sident \u00e0 la vie et la mort des entreprises.<\/p>\n<p>Comment en sommes-nous arriv\u00e9s l\u00e0 ? Comment un pays en \u00e9tat de marche (mais gangr\u00e9n\u00e9 par la corruption) se retrouve-t-il quasiment en cessation de paiement en cinq ans ? Pourquoi les escarmouches politiques et sociales continuent-elles malgr\u00e9 les urgences auxquelles nous invite la fragilit\u00e9 de notre situation ?<br \/>\nPRINCES WAHABITES, COWBOYS TEXANS ET GRANDS ARGENTIERS<br \/>\nSi la Tunisie \u00e9tait une entreprise, elle aurait \u00e9t\u00e9 d\u00e9clar\u00e9e en faillite depuis longtemps&#8230; Elle aurait disparu ou aurait \u00e9t\u00e9 oblig\u00e9e de fusionner avec une entit\u00e9 plus grande. Elle aurait d\u00fb mettre un genou \u00e0 terre et se soumettre \u00e0 plus fort et plus riche qu&rsquo;elle, qu&rsquo;il soit un prince wahabite, un cowboy texan ou un grand argentier. Elle aurait un destin d&rsquo;Etat phagocyt\u00e9 de l&rsquo;int\u00e9rieur, bouff\u00e9 par ses propres enfants.<\/p>\n<p>Le constat est amer et, hier encore, des affrontements entre clans sudistes nous sugg\u00e8rent que notre pays replonge dans les querelles tribales. Feutr\u00e9e, tue, \u00e9lud\u00e9e, la discorde politique continue \u00e0 r\u00e9gner sur fond de coups de poignards dans le dos au sein d&rsquo;une majorit\u00e9 incompatible. Et la fuite en avant continue&#8230;<\/p>\n<p>Pressions sociales surgies de partout, d\u00e9clarations belliqueuses venant du camp des semeurs de peur, av\u00e8nement de nouveaux seigneurs de la corruption et, parfois, crises de folie meurtri\u00e8re comme celle qui s&rsquo;est empar\u00e9e de ce militaire de Bouchoucha et qui nous remet en m\u00e9moire cette autre fusillade qui, en 1985, avait vu un policier ouvrir le feu sur trois fid\u00e8les juifs abattus devant la Ghriba de Djerba. A l&rsquo;\u00e9poque aussi, on avait parl\u00e9 de troubles mentaux et d&rsquo;un meurtrier malgr\u00e9 lui, influenc\u00e9 par des \u00e9missions de radio diffuses \u00e0 partir de la Libye&#8230;<\/p>\n<p>Si la Tunisie \u00e9tait une entreprise, nous serions en train de mettre la cl\u00e9 sous la porte en baissant le rideau&#8230; La Troika a grassement compens\u00e9 \u00ab\u00a0les souffrances de ses militants\u00a0\u00bb en les faisant profiter de ses largesses au d\u00e9triment du tr\u00e9sor public. Les syndicats accentuent leur pression sur des caisses vides avec un gouvernement qui fait mine de g\u00e9rer tout en \u00e9tant compl\u00e9tement d\u00e9boussol\u00e9 et livr\u00e9 \u00e0 la merci de cette junte barbue qui dicte ses desiderata \u00e0 un Etat \u00e0 genoux.<br \/>\nLA START-UP DE MEHDI JOMAA ENTERR\u00c9E PAR LES BUREAUCRATES<br \/>\nSi la Tunisie \u00e9tait une entreprise, elle aurait ce sursaut d&rsquo;orgueil qui consisterait \u00e0 demander des comptes \u00e0 ceux qui se bousculent au portillon des responsabilit\u00e9s pour se contenter ensuite, du haut de leurs maroquins, d&rsquo;avouer leur impuissance.<\/p>\n<p>Dans une entreprise, ils auraient \u00e9t\u00e9 nombreux \u00e0 avoir \u00e9t\u00e9 vir\u00e9s sans espoir de retour. Ils auraient \u00e9t\u00e9 nombreux ceux mis \u00e0 l&rsquo;index pour une gestion laxiste ou des ordres venus d&rsquo;ailleurs. Ils auraient \u00e9t\u00e9 d\u00e9masqu\u00e9s les coupables de d\u00e9lits d&rsquo;initi\u00e9s et autres d\u00e9rives impardonnables. Ils auraient \u00e9t\u00e9 nombreux \u00e0 se voir rappeler \u00e0 l&rsquo;ordre les \u00ab\u00a0cavaliere\u00a0\u00bb peu soucieux du service public, ces fossoyeurs inavou\u00e9s de la r\u00e9publique tunisienne.<\/p>\n<p>Que faire alors au lieu de se complaire dans ces litanies \u00e9plor\u00e9es, sur fond de turpitudes ?<br \/>\nPeut-\u00eatre est-il encore temps de faire renaitre le r\u00eave de start-up de Mehdi Jomaa, une start-up couveuse de d\u00e9mocratie et soucieuse d&rsquo;une \u00e9conomie \u00e9quitable ?<\/p>\n<p>Peut-\u00eatre est-il temps de reconnaitre que la bureaucratie reste toujours trop puissante ? Apr\u00e8s tout, ce pauvre Bouazizi en s&rsquo;immolant ne faisait que hurler son exasp\u00e9ration face \u00e0 une bureaucratie qui punit&#8230; Par certains aspects, la Tunisie continue \u00e0 ressembler \u00e0 ces anciens pays communistes qui punissaient l&rsquo;initiative, faisaient de leur mieux pour l&rsquo;anesth\u00e9sier, l&rsquo;annihiler.<\/p>\n<p>Faudrait-il souligner qu&rsquo;une bureaucratie souveraine est un indice de sous-d\u00e9veloppement, une caract\u00e9ristique bien tiers-mondiste ? Tout comme d&rsquo;ailleurs la crasse partout, les mendiants en guenilles sur les avenues hupp\u00e9es et le commerce informel qui campe dans les villes. Tout cela \u00ab\u00a0travaille\u00a0\u00bb \u00e0 l&rsquo;effritement de l&rsquo;Etat.<br \/>\nQUAND L&rsquo;ESPRIT D&rsquo;ENTREPRISE EST AU SOMMET DE L&rsquo;ETAT<br \/>\nA contrario, il faut savoir regarder les exemples venus d&rsquo;ailleurs. Comme en Chine ou au Vietnam, des pays qui ont une philosophie d&rsquo;entreprise et qui agissent dans la complexit\u00e9 du monde actuel. Dans ces pays, l&rsquo;esprit d&rsquo;entreprise est au sommet de l&rsquo;Etat mais pas chez nous, un petit pays dans lequel tout le monde s&rsquo;amuse, impun\u00e9ment, \u00e0 marquer contre son propre camp.<\/p>\n<p>Si la Tunisie \u00e9tait une entreprise, nul doute qu&rsquo;elle serait en grand danger car en perte d&rsquo;\u00e9thique, de rep\u00e8res et de projet. Une Tunisie livr\u00e9e \u00e0 un peuple en voie d&rsquo;hilalisation et en qu\u00eate de leaders pleinement engag\u00e9s. Une Tunisie \u00e9cartel\u00e9e entre son r\u00eave r\u00e9volutionnaire, une crise sans pr\u00e9c\u00e9dent, une classe politique en mal de patriotisme et la terreur int\u00e9griste qui menace de tout emporter&#8230;<\/p>\n","protected":false},"excerpt":{"rendered":"<p>Si la Tunisie \u00e9tait une entreprise&#8230;<\/p>\n","protected":false},"author":3229,"featured_media":352067,"comment_status":"open","ping_status":"closed","sticky":false,"template":"","format":"standard","meta":{"footnotes":""},"categories":[2596],"tags":[],"class_list":["post-186891","post","type-post","status-publish","format-standard","has-post-thumbnail","hentry","category-chroniques"],"yoast_head":"<!-- This site is optimized with the Yoast SEO Premium plugin v27.5 (Yoast SEO v27.5) - https:\/\/yoast.com\/product\/yoast-seo-premium-wordpress\/ -->\n<title>Si la Tunisie \u00e9tait une entreprise...<\/title>\n<meta name=\"description\" content=\"Si la Tunisie \u00e9tait une entreprise...\" \/>\n<link rel=\"canonical\" href=\"https:\/\/www.webdo.tn\/fr\/actualite\/chroniques\/si-la-tunisie-etait-une-entreprise\/186891\/\" \/>\n<meta property=\"og:locale\" content=\"fr_FR\" \/>\n<meta property=\"og:type\" content=\"article\" \/>\n<meta property=\"og:title\" content=\"Si la Tunisie \u00e9tait une entreprise...\" \/>\n<meta property=\"og:description\" content=\"Si la Tunisie \u00e9tait une entreprise...\" \/>\n<meta property=\"og:url\" content=\"https:\/\/www.webdo.tn\/fr\/actualite\/chroniques\/si-la-tunisie-etait-une-entreprise\/186891\/\" \/>\n<meta property=\"og:site_name\" content=\"webdo\" \/>\n<meta property=\"article:publisher\" content=\"https:\/\/www.facebook.com\/webdotn\" \/>\n<meta property=\"article:author\" content=\"https:\/\/www.facebook.com\/hatem.bourial.2025\" \/>\n<meta property=\"article:published_time\" content=\"2015-05-27T12:35:00+00:00\" \/>\n<meta property=\"article:modified_time\" content=\"2025-05-22T12:56:06+00:00\" \/>\n<meta property=\"og:image\" content=\"https:\/\/www.webdo.tn\/fr\/wp-content\/uploads\/2015\/05\/Drapeau-Tunisie-300x201-1.jpg\" \/>\n\t<meta property=\"og:image:width\" content=\"300\" \/>\n\t<meta property=\"og:image:height\" content=\"201\" \/>\n\t<meta property=\"og:image:type\" content=\"image\/jpeg\" \/>\n<meta name=\"author\" content=\"Hatem Bourial\" \/>\n<meta name=\"twitter:card\" content=\"summary_large_image\" \/>\n<meta name=\"twitter:creator\" content=\"@webdo_tn\" \/>\n<meta name=\"twitter:site\" content=\"@webdo_tn\" \/>\n<meta name=\"twitter:label1\" content=\"\u00c9crit par\" \/>\n\t<meta name=\"twitter:data1\" content=\"Hatem Bourial\" \/>\n\t<meta name=\"twitter:label2\" content=\"Dur\u00e9e de lecture estim\u00e9e\" \/>\n\t<meta name=\"twitter:data2\" content=\"4 minutes\" \/>\n<script type=\"application\/ld+json\" class=\"yoast-schema-graph\">{\"@context\":\"https:\\\/\\\/schema.org\",\"@graph\":[{\"@type\":\"NewsArticle\",\"@id\":\"https:\\\/\\\/www.webdo.tn\\\/fr\\\/actualite\\\/chroniques\\\/si-la-tunisie-etait-une-entreprise\\\/186891\\\/#article\",\"isPartOf\":{\"@id\":\"https:\\\/\\\/www.webdo.tn\\\/fr\\\/actualite\\\/chroniques\\\/si-la-tunisie-etait-une-entreprise\\\/186891\\\/\"},\"author\":{\"name\":\"Hatem Bourial\",\"@id\":\"https:\\\/\\\/www.webdo.tn\\\/fr\\\/#\\\/schema\\\/person\\\/6bc0beba2cd23aec27cb5df85ca2554f\"},\"headline\":\"Si la Tunisie \u00e9tait une entreprise&#8230;\",\"datePublished\":\"2015-05-27T12:35:00+00:00\",\"dateModified\":\"2025-05-22T12:56:06+00:00\",\"mainEntityOfPage\":{\"@id\":\"https:\\\/\\\/www.webdo.tn\\\/fr\\\/actualite\\\/chroniques\\\/si-la-tunisie-etait-une-entreprise\\\/186891\\\/\"},\"wordCount\":894,\"commentCount\":0,\"publisher\":{\"@id\":\"https:\\\/\\\/www.webdo.tn\\\/fr\\\/#organization\"},\"image\":{\"@id\":\"https:\\\/\\\/www.webdo.tn\\\/fr\\\/actualite\\\/chroniques\\\/si-la-tunisie-etait-une-entreprise\\\/186891\\\/#primaryimage\"},\"thumbnailUrl\":\"https:\\\/\\\/www.webdo.tn\\\/fr\\\/wp-content\\\/uploads\\\/2015\\\/05\\\/Drapeau-Tunisie-300x201-1.jpg\",\"articleSection\":[\"Chroniques\"],\"inLanguage\":\"fr-FR\"},{\"@type\":\"WebPage\",\"@id\":\"https:\\\/\\\/www.webdo.tn\\\/fr\\\/actualite\\\/chroniques\\\/si-la-tunisie-etait-une-entreprise\\\/186891\\\/\",\"url\":\"https:\\\/\\\/www.webdo.tn\\\/fr\\\/actualite\\\/chroniques\\\/si-la-tunisie-etait-une-entreprise\\\/186891\\\/\",\"name\":\"Si la Tunisie \u00e9tait une entreprise...\",\"isPartOf\":{\"@id\":\"https:\\\/\\\/www.webdo.tn\\\/fr\\\/#website\"},\"primaryImageOfPage\":{\"@id\":\"https:\\\/\\\/www.webdo.tn\\\/fr\\\/actualite\\\/chroniques\\\/si-la-tunisie-etait-une-entreprise\\\/186891\\\/#primaryimage\"},\"image\":{\"@id\":\"https:\\\/\\\/www.webdo.tn\\\/fr\\\/actualite\\\/chroniques\\\/si-la-tunisie-etait-une-entreprise\\\/186891\\\/#primaryimage\"},\"thumbnailUrl\":\"https:\\\/\\\/www.webdo.tn\\\/fr\\\/wp-content\\\/uploads\\\/2015\\\/05\\\/Drapeau-Tunisie-300x201-1.jpg\",\"datePublished\":\"2015-05-27T12:35:00+00:00\",\"dateModified\":\"2025-05-22T12:56:06+00:00\",\"description\":\"Si la Tunisie \u00e9tait une entreprise...\",\"breadcrumb\":{\"@id\":\"https:\\\/\\\/www.webdo.tn\\\/fr\\\/actualite\\\/chroniques\\\/si-la-tunisie-etait-une-entreprise\\\/186891\\\/#breadcrumb\"},\"inLanguage\":\"fr-FR\",\"potentialAction\":[{\"@type\":\"ReadAction\",\"target\":[\"https:\\\/\\\/www.webdo.tn\\\/fr\\\/actualite\\\/chroniques\\\/si-la-tunisie-etait-une-entreprise\\\/186891\\\/\"]}]},{\"@type\":\"ImageObject\",\"inLanguage\":\"fr-FR\",\"@id\":\"https:\\\/\\\/www.webdo.tn\\\/fr\\\/actualite\\\/chroniques\\\/si-la-tunisie-etait-une-entreprise\\\/186891\\\/#primaryimage\",\"url\":\"https:\\\/\\\/www.webdo.tn\\\/fr\\\/wp-content\\\/uploads\\\/2015\\\/05\\\/Drapeau-Tunisie-300x201-1.jpg\",\"contentUrl\":\"https:\\\/\\\/www.webdo.tn\\\/fr\\\/wp-content\\\/uploads\\\/2015\\\/05\\\/Drapeau-Tunisie-300x201-1.jpg\",\"width\":300,\"height\":201,\"caption\":\"Si la Tunisie \u00e9tait une entreprise...\"},{\"@type\":\"BreadcrumbList\",\"@id\":\"https:\\\/\\\/www.webdo.tn\\\/fr\\\/actualite\\\/chroniques\\\/si-la-tunisie-etait-une-entreprise\\\/186891\\\/#breadcrumb\",\"itemListElement\":[{\"@type\":\"ListItem\",\"position\":1,\"name\":\"Accueil\",\"item\":\"https:\\\/\\\/www.webdo.tn\\\/fr\\\/\"},{\"@type\":\"ListItem\",\"position\":2,\"name\":\"Si la Tunisie \u00e9tait une entreprise&#8230;\"}]},{\"@type\":\"WebSite\",\"@id\":\"https:\\\/\\\/www.webdo.tn\\\/fr\\\/#website\",\"url\":\"https:\\\/\\\/www.webdo.tn\\\/fr\\\/\",\"name\":\"webdo\",\"description\":\"Tunisie - News en Tunisie et \u00e0 l&#039;international sur Webdo.tn\",\"publisher\":{\"@id\":\"https:\\\/\\\/www.webdo.tn\\\/fr\\\/#organization\"},\"potentialAction\":[{\"@type\":\"SearchAction\",\"target\":{\"@type\":\"EntryPoint\",\"urlTemplate\":\"https:\\\/\\\/www.webdo.tn\\\/fr\\\/?s={search_term_string}\"},\"query-input\":{\"@type\":\"PropertyValueSpecification\",\"valueRequired\":true,\"valueName\":\"search_term_string\"}}],\"inLanguage\":\"fr-FR\"},{\"@type\":\"Organization\",\"@id\":\"https:\\\/\\\/www.webdo.tn\\\/fr\\\/#organization\",\"name\":\"Webdo\",\"alternateName\":\"Webdo.tn\",\"url\":\"https:\\\/\\\/www.webdo.tn\\\/fr\\\/\",\"logo\":{\"@type\":\"ImageObject\",\"inLanguage\":\"fr-FR\",\"@id\":\"https:\\\/\\\/www.webdo.tn\\\/fr\\\/#\\\/schema\\\/logo\\\/image\\\/\",\"url\":\"https:\\\/\\\/www.webdo.tn\\\/fr\\\/wp-content\\\/uploads\\\/2025\\\/06\\\/Webdo-Tunisie_168377.jpg\",\"contentUrl\":\"https:\\\/\\\/www.webdo.tn\\\/fr\\\/wp-content\\\/uploads\\\/2025\\\/06\\\/Webdo-Tunisie_168377.jpg\",\"width\":301,\"height\":301,\"caption\":\"Webdo\"},\"image\":{\"@id\":\"https:\\\/\\\/www.webdo.tn\\\/fr\\\/#\\\/schema\\\/logo\\\/image\\\/\"},\"sameAs\":[\"https:\\\/\\\/www.facebook.com\\\/webdotn\",\"https:\\\/\\\/x.com\\\/webdo_tn\"],\"description\":\"Webdo est un m\u00e9dia num\u00e9rique tunisien fond\u00e9 en 2010, sp\u00e9cialis\u00e9 dans l\u2019actualit\u00e9 nationale et internationale, l\u2019\u00e9conomie, la soci\u00e9t\u00e9 et les analyses politiques. Le site s\u2019adresse \u00e0 un large public francophone et couvre l\u2019information tunisienne en temps r\u00e9el.\",\"email\":\"redac@webdo.tn\",\"legalName\":\"YNJ SARL\",\"foundingDate\":\"2010-09-06\",\"numberOfEmployees\":{\"@type\":\"QuantitativeValue\",\"minValue\":\"11\",\"maxValue\":\"50\"}},{\"@type\":\"Person\",\"@id\":\"https:\\\/\\\/www.webdo.tn\\\/fr\\\/#\\\/schema\\\/person\\\/6bc0beba2cd23aec27cb5df85ca2554f\",\"name\":\"Hatem Bourial\",\"image\":{\"@type\":\"ImageObject\",\"inLanguage\":\"fr-FR\",\"@id\":\"https:\\\/\\\/www.webdo.tn\\\/fr\\\/wp-content\\\/uploads\\\/2026\\\/04\\\/hatem-bourial_avatar-96x96.jpg\",\"url\":\"https:\\\/\\\/www.webdo.tn\\\/fr\\\/wp-content\\\/uploads\\\/2026\\\/04\\\/hatem-bourial_avatar-96x96.jpg\",\"contentUrl\":\"https:\\\/\\\/www.webdo.tn\\\/fr\\\/wp-content\\\/uploads\\\/2026\\\/04\\\/hatem-bourial_avatar-96x96.jpg\",\"caption\":\"Hatem Bourial\"},\"description\":\"Hatem Bourial est journaliste, \u00e9crivain et chroniqueur tunisien. Actif depuis plusieurs d\u00e9cennies, il s\u2019est impos\u00e9 comme un observateur attentif de la soci\u00e9t\u00e9 tunisienne, m\u00ealant dans ses \u00e9crits m\u00e9moire, culture et analyse du quotidien. Auteur de nombreux ouvrages, il d\u00e9veloppe une \u0153uvre \u00e0 la crois\u00e9e du r\u00e9cit, de la po\u00e9sie et de l\u2019observation sociologique. Parall\u00e8lement \u00e0 ses contributions dans la presse, il intervient r\u00e9guli\u00e8rement \u00e0 la radio et dans des espaces culturels, o\u00f9 il explore les enjeux li\u00e9s au patrimoine, \u00e0 l\u2019identit\u00e9 et aux transformations du monde contemporain. \u00c0 travers ses chroniques, Hatem Bourial propose une lecture sensible et approfondie de l\u2019actualit\u00e9, nourrie par une exp\u00e9rience journalistique et litt\u00e9raire reconnue. \ud83d\udd17 Facebook : https:\\\/\\\/www.facebook.com\\\/hatem.bourial.2025\",\"sameAs\":[\"https:\\\/\\\/www.facebook.com\\\/hatem.bourial.2025\",\"https:\\\/\\\/fr.wikipedia.org\\\/wiki\\\/Fichier:Hatem_Bourial.jpg\"],\"knowsAbout\":[\"Culture & patrimoine tunisien\",\"Chronique soci\u00e9tale\",\"Litt\u00e9rature & m\u00e9moire\",\"Cin\u00e9ma & critique culturelle\",\"Identit\u00e9 & mutations sociales\"],\"knowsLanguage\":[\"Arabe\",\"Fran\u00e7ais\",\"Anglais\",\"Italien\",\"Polonais\"],\"jobTitle\":\"Journaliste, \u00e9crivain et chroniqueur culturel\",\"worksFor\":\"Webdo\",\"url\":\"https:\\\/\\\/www.webdo.tn\\\/fr\\\/actualite\\\/author\\\/hatem-bourial-2\\\/\"}]}<\/script>\n<!-- \/ Yoast SEO Premium plugin. -->","yoast_head_json":{"title":"Si la Tunisie \u00e9tait une entreprise...","description":"Si la Tunisie \u00e9tait une entreprise...","canonical":"https:\/\/www.webdo.tn\/fr\/actualite\/chroniques\/si-la-tunisie-etait-une-entreprise\/186891\/","og_locale":"fr_FR","og_type":"article","og_title":"Si la Tunisie \u00e9tait une entreprise...","og_description":"Si la Tunisie \u00e9tait une entreprise...","og_url":"https:\/\/www.webdo.tn\/fr\/actualite\/chroniques\/si-la-tunisie-etait-une-entreprise\/186891\/","og_site_name":"webdo","article_publisher":"https:\/\/www.facebook.com\/webdotn","article_author":"https:\/\/www.facebook.com\/hatem.bourial.2025","article_published_time":"2015-05-27T12:35:00+00:00","article_modified_time":"2025-05-22T12:56:06+00:00","og_image":[{"width":300,"height":201,"url":"https:\/\/www.webdo.tn\/fr\/wp-content\/uploads\/2015\/05\/Drapeau-Tunisie-300x201-1.jpg","type":"image\/jpeg"}],"author":"Hatem Bourial","twitter_card":"summary_large_image","twitter_creator":"@webdo_tn","twitter_site":"@webdo_tn","twitter_misc":{"\u00c9crit par":"Hatem Bourial","Dur\u00e9e de lecture estim\u00e9e":"4 minutes"},"schema":{"@context":"https:\/\/schema.org","@graph":[{"@type":"NewsArticle","@id":"https:\/\/www.webdo.tn\/fr\/actualite\/chroniques\/si-la-tunisie-etait-une-entreprise\/186891\/#article","isPartOf":{"@id":"https:\/\/www.webdo.tn\/fr\/actualite\/chroniques\/si-la-tunisie-etait-une-entreprise\/186891\/"},"author":{"name":"Hatem Bourial","@id":"https:\/\/www.webdo.tn\/fr\/#\/schema\/person\/6bc0beba2cd23aec27cb5df85ca2554f"},"headline":"Si la Tunisie \u00e9tait une entreprise&#8230;","datePublished":"2015-05-27T12:35:00+00:00","dateModified":"2025-05-22T12:56:06+00:00","mainEntityOfPage":{"@id":"https:\/\/www.webdo.tn\/fr\/actualite\/chroniques\/si-la-tunisie-etait-une-entreprise\/186891\/"},"wordCount":894,"commentCount":0,"publisher":{"@id":"https:\/\/www.webdo.tn\/fr\/#organization"},"image":{"@id":"https:\/\/www.webdo.tn\/fr\/actualite\/chroniques\/si-la-tunisie-etait-une-entreprise\/186891\/#primaryimage"},"thumbnailUrl":"https:\/\/www.webdo.tn\/fr\/wp-content\/uploads\/2015\/05\/Drapeau-Tunisie-300x201-1.jpg","articleSection":["Chroniques"],"inLanguage":"fr-FR"},{"@type":"WebPage","@id":"https:\/\/www.webdo.tn\/fr\/actualite\/chroniques\/si-la-tunisie-etait-une-entreprise\/186891\/","url":"https:\/\/www.webdo.tn\/fr\/actualite\/chroniques\/si-la-tunisie-etait-une-entreprise\/186891\/","name":"Si la Tunisie \u00e9tait une entreprise...","isPartOf":{"@id":"https:\/\/www.webdo.tn\/fr\/#website"},"primaryImageOfPage":{"@id":"https:\/\/www.webdo.tn\/fr\/actualite\/chroniques\/si-la-tunisie-etait-une-entreprise\/186891\/#primaryimage"},"image":{"@id":"https:\/\/www.webdo.tn\/fr\/actualite\/chroniques\/si-la-tunisie-etait-une-entreprise\/186891\/#primaryimage"},"thumbnailUrl":"https:\/\/www.webdo.tn\/fr\/wp-content\/uploads\/2015\/05\/Drapeau-Tunisie-300x201-1.jpg","datePublished":"2015-05-27T12:35:00+00:00","dateModified":"2025-05-22T12:56:06+00:00","description":"Si la Tunisie \u00e9tait une entreprise...","breadcrumb":{"@id":"https:\/\/www.webdo.tn\/fr\/actualite\/chroniques\/si-la-tunisie-etait-une-entreprise\/186891\/#breadcrumb"},"inLanguage":"fr-FR","potentialAction":[{"@type":"ReadAction","target":["https:\/\/www.webdo.tn\/fr\/actualite\/chroniques\/si-la-tunisie-etait-une-entreprise\/186891\/"]}]},{"@type":"ImageObject","inLanguage":"fr-FR","@id":"https:\/\/www.webdo.tn\/fr\/actualite\/chroniques\/si-la-tunisie-etait-une-entreprise\/186891\/#primaryimage","url":"https:\/\/www.webdo.tn\/fr\/wp-content\/uploads\/2015\/05\/Drapeau-Tunisie-300x201-1.jpg","contentUrl":"https:\/\/www.webdo.tn\/fr\/wp-content\/uploads\/2015\/05\/Drapeau-Tunisie-300x201-1.jpg","width":300,"height":201,"caption":"Si la Tunisie \u00e9tait une entreprise..."},{"@type":"BreadcrumbList","@id":"https:\/\/www.webdo.tn\/fr\/actualite\/chroniques\/si-la-tunisie-etait-une-entreprise\/186891\/#breadcrumb","itemListElement":[{"@type":"ListItem","position":1,"name":"Accueil","item":"https:\/\/www.webdo.tn\/fr\/"},{"@type":"ListItem","position":2,"name":"Si la Tunisie \u00e9tait une entreprise&#8230;"}]},{"@type":"WebSite","@id":"https:\/\/www.webdo.tn\/fr\/#website","url":"https:\/\/www.webdo.tn\/fr\/","name":"webdo","description":"Tunisie - News en Tunisie et \u00e0 l&#039;international sur Webdo.tn","publisher":{"@id":"https:\/\/www.webdo.tn\/fr\/#organization"},"potentialAction":[{"@type":"SearchAction","target":{"@type":"EntryPoint","urlTemplate":"https:\/\/www.webdo.tn\/fr\/?s={search_term_string}"},"query-input":{"@type":"PropertyValueSpecification","valueRequired":true,"valueName":"search_term_string"}}],"inLanguage":"fr-FR"},{"@type":"Organization","@id":"https:\/\/www.webdo.tn\/fr\/#organization","name":"Webdo","alternateName":"Webdo.tn","url":"https:\/\/www.webdo.tn\/fr\/","logo":{"@type":"ImageObject","inLanguage":"fr-FR","@id":"https:\/\/www.webdo.tn\/fr\/#\/schema\/logo\/image\/","url":"https:\/\/www.webdo.tn\/fr\/wp-content\/uploads\/2025\/06\/Webdo-Tunisie_168377.jpg","contentUrl":"https:\/\/www.webdo.tn\/fr\/wp-content\/uploads\/2025\/06\/Webdo-Tunisie_168377.jpg","width":301,"height":301,"caption":"Webdo"},"image":{"@id":"https:\/\/www.webdo.tn\/fr\/#\/schema\/logo\/image\/"},"sameAs":["https:\/\/www.facebook.com\/webdotn","https:\/\/x.com\/webdo_tn"],"description":"Webdo est un m\u00e9dia num\u00e9rique tunisien fond\u00e9 en 2010, sp\u00e9cialis\u00e9 dans l\u2019actualit\u00e9 nationale et internationale, l\u2019\u00e9conomie, la soci\u00e9t\u00e9 et les analyses politiques. Le site s\u2019adresse \u00e0 un large public francophone et couvre l\u2019information tunisienne en temps r\u00e9el.","email":"redac@webdo.tn","legalName":"YNJ SARL","foundingDate":"2010-09-06","numberOfEmployees":{"@type":"QuantitativeValue","minValue":"11","maxValue":"50"}},{"@type":"Person","@id":"https:\/\/www.webdo.tn\/fr\/#\/schema\/person\/6bc0beba2cd23aec27cb5df85ca2554f","name":"Hatem Bourial","image":{"@type":"ImageObject","inLanguage":"fr-FR","@id":"https:\/\/www.webdo.tn\/fr\/wp-content\/uploads\/2026\/04\/hatem-bourial_avatar-96x96.jpg","url":"https:\/\/www.webdo.tn\/fr\/wp-content\/uploads\/2026\/04\/hatem-bourial_avatar-96x96.jpg","contentUrl":"https:\/\/www.webdo.tn\/fr\/wp-content\/uploads\/2026\/04\/hatem-bourial_avatar-96x96.jpg","caption":"Hatem Bourial"},"description":"Hatem Bourial est journaliste, \u00e9crivain et chroniqueur tunisien. Actif depuis plusieurs d\u00e9cennies, il s\u2019est impos\u00e9 comme un observateur attentif de la soci\u00e9t\u00e9 tunisienne, m\u00ealant dans ses \u00e9crits m\u00e9moire, culture et analyse du quotidien. Auteur de nombreux ouvrages, il d\u00e9veloppe une \u0153uvre \u00e0 la crois\u00e9e du r\u00e9cit, de la po\u00e9sie et de l\u2019observation sociologique. Parall\u00e8lement \u00e0 ses contributions dans la presse, il intervient r\u00e9guli\u00e8rement \u00e0 la radio et dans des espaces culturels, o\u00f9 il explore les enjeux li\u00e9s au patrimoine, \u00e0 l\u2019identit\u00e9 et aux transformations du monde contemporain. \u00c0 travers ses chroniques, Hatem Bourial propose une lecture sensible et approfondie de l\u2019actualit\u00e9, nourrie par une exp\u00e9rience journalistique et litt\u00e9raire reconnue. \ud83d\udd17 Facebook : https:\/\/www.facebook.com\/hatem.bourial.2025","sameAs":["https:\/\/www.facebook.com\/hatem.bourial.2025","https:\/\/fr.wikipedia.org\/wiki\/Fichier:Hatem_Bourial.jpg"],"knowsAbout":["Culture & patrimoine tunisien","Chronique soci\u00e9tale","Litt\u00e9rature & m\u00e9moire","Cin\u00e9ma & critique culturelle","Identit\u00e9 & mutations sociales"],"knowsLanguage":["Arabe","Fran\u00e7ais","Anglais","Italien","Polonais"],"jobTitle":"Journaliste, \u00e9crivain et chroniqueur culturel","worksFor":"Webdo","url":"https:\/\/www.webdo.tn\/fr\/actualite\/author\/hatem-bourial-2\/"}]}},"_links":{"self":[{"href":"https:\/\/www.webdo.tn\/fr\/wp-json\/wp\/v2\/posts\/186891","targetHints":{"allow":["GET"]}}],"collection":[{"href":"https:\/\/www.webdo.tn\/fr\/wp-json\/wp\/v2\/posts"}],"about":[{"href":"https:\/\/www.webdo.tn\/fr\/wp-json\/wp\/v2\/types\/post"}],"author":[{"embeddable":true,"href":"https:\/\/www.webdo.tn\/fr\/wp-json\/wp\/v2\/users\/3229"}],"replies":[{"embeddable":true,"href":"https:\/\/www.webdo.tn\/fr\/wp-json\/wp\/v2\/comments?post=186891"}],"version-history":[{"count":0,"href":"https:\/\/www.webdo.tn\/fr\/wp-json\/wp\/v2\/posts\/186891\/revisions"}],"wp:featuredmedia":[{"embeddable":true,"href":"https:\/\/www.webdo.tn\/fr\/wp-json\/wp\/v2\/media\/352067"}],"wp:attachment":[{"href":"https:\/\/www.webdo.tn\/fr\/wp-json\/wp\/v2\/media?parent=186891"}],"wp:term":[{"taxonomy":"category","embeddable":true,"href":"https:\/\/www.webdo.tn\/fr\/wp-json\/wp\/v2\/categories?post=186891"},{"taxonomy":"post_tag","embeddable":true,"href":"https:\/\/www.webdo.tn\/fr\/wp-json\/wp\/v2\/tags?post=186891"}],"curies":[{"name":"wp","href":"https:\/\/api.w.org\/{rel}","templated":true}]}}