{"id":186886,"date":"2014-01-06T10:21:00","date_gmt":"2014-01-06T10:21:00","guid":{"rendered":"https:\/\/www.webdo.tn\/fr\/blog\/le-billet-de-hatem-bourial-pour-lislam-contre-la-theocratie-et-la-haine\/186886\/"},"modified":"2014-01-06T10:21:00","modified_gmt":"2014-01-06T10:21:00","slug":"le-billet-de-hatem-bourial-pour-lislam-contre-la-theocratie-et-la-haine","status":"publish","type":"post","link":"https:\/\/www.webdo.tn\/fr\/actualite\/chroniques\/le-billet-de-hatem-bourial-pour-lislam-contre-la-theocratie-et-la-haine\/186886\/","title":{"rendered":"Le billet de Hatem Bourial &#8211; Pour l&rsquo;Islam. Contre la th\u00e9ocratie et la haine&#8230;"},"content":{"rendered":"<p>Difficile de rester de bois devant les mena\u00e7antes d\u00e9rives du faucon Ellouze. Voici donc un fondamentaliste agressif qui compte parmi les d\u00e9put\u00e9s de la nation et les t\u00e9nors du parti majoritaire et se laisse aller \u00e0 des propos qui tombent sous le coup de la loi, de la morale et de la raison.<br \/>\nTragiques errements suivis, sous la probable injonction de la hi\u00e9rarchie du parti, d&rsquo;excuses \u00e0 demi-mots qui n&rsquo;\u00f4tent en rien \u00e0 ses anath\u00e8mes leur extr\u00eame gravit\u00e9.<\/p>\n<p>Ces vitup\u00e9rations haineuses d&rsquo;Ellouze ont \u00e9t\u00e9 imm\u00e9diatement d\u00e9nonc\u00e9es par Ennahdha et l&rsquo;ensemble des courants de l&rsquo;ANC. Aujourd&rsquo;hui, nous verrons certainement une avalanche de communiqu\u00e9s pour mettre \u00e0 l&rsquo;index les incitations criminelles de ce d\u00e9put\u00e9 nahdhaoui et couvrir d&rsquo;opprobre leur auteur.<\/p>\n<p>Sous d&rsquo;autres cieux, pareilles d\u00e9clarations auraient imm\u00e9diatement valu \u00e0 Ellouze une suspension voire une mise en examen. Mais dans notre Tunisie rong\u00e9e par le d\u00e9litement de l&rsquo;Etat et par le cancer int\u00e9griste, d&rsquo;hypocrites excuses semblent avoir suffi. Du moins pour le moment&#8230;<br \/>\nLES APOLOGUES DE LA VIOLENCE<br \/>\nQuand on songe \u00e0 la suite donn\u00e9e aux propos haineux et appelant \u00e0 la violence de Sahbi Attig ou Larbi Gasmi, pour ne citer qu&rsquo;eux, on peut ais\u00e9ment imaginer que rien de s\u00e9rieux ne pourra arriver \u00e0 un Ellouze, digne \u00e9mule des fondamentalistes les plus obtus. D&rsquo;ailleurs, malgr\u00e9 les d\u00e9clarations \u00e9mues de la d\u00e9put\u00e9e Zoghlami (Ennahdha) qui a qualifi\u00e9 les propos du mentor int\u00e9griste de \u00ab\u00a0catastrophe\u00a0\u00bb, le parti islamiste ne semble avoir pris aucune mesure contre le cheikh fulminant, alli\u00e9 \u00e0 l&rsquo;aile dure nahdhaoui et aux radicaux de tous poils.<\/p>\n<p>Bien s\u00fbr, tout cela pose le caract\u00e8re r\u00e9publicain ou pas d&rsquo;Ennahdha. Car au sein de ce parti, les pendules sont aussi bien \u00e0 l&rsquo;heure de Kaboul, Alep, Fallouja, Ryadh, Doha ou Washington. Et ce qu&rsquo;exprimait Ellouze \u00e0 l&rsquo;encontre du d\u00e9put\u00e9 Rahoui n&rsquo;est que la d\u00e9claration \u00e0 voix haute de ce qui est tu dans d&rsquo;autres cercles.<\/p>\n<p>Avons-nous tort de consid\u00e9rer Ennahdha comme un parti conservateur et r\u00e9publicain ? Les \u00e9l\u00e9ments qui se disent mod\u00e9r\u00e9s (par rapport \u00e0 quoi d&rsquo;ailleurs?) sont-ils les otages des extr\u00e9mistes ? Ennahdha tentera-t-elle \u00e0 court terme de remettre en question l&rsquo;esprit de la R\u00e9publique ?<\/p>\n<p>Depuis ces propos intol\u00e9rables qui disqualifient autant le politicien que l&rsquo;homme, une blessure s&rsquo;est rouverte : comment cela s&rsquo;est-il pass\u00e9 pour les meurtres de Belaid et Brahmi ? Qui a donn\u00e9 l&rsquo;ordre d&rsquo;ex\u00e9cuter les deux leaders ? Ennahdha et certains de ses faucons ont-ils quelque chose \u00e0 se reprocher comme le soutient la contre-enqu\u00eate des militants de la soci\u00e9t\u00e9 civile ?<\/p>\n<p>Terrible d\u00e9rapage alors que nous ne savons pas encore si la r\u00e9daction de la constitution est bien dans sa derni\u00e8re ligne droite ou si elle n\u00e9gocie un virage dangereux. D&rsquo;autant plus terrible que ces propos qui tombent sous le coup de la loi ont \u00e9t\u00e9 prof\u00e9r\u00e9s de mani\u00e8re banale, comme si de rien n&rsquo;\u00e9tait, comme si les bains de sang et les appels au meurtre faisaient partie de notre quotidien.<br \/>\nLA R\u00c9SISTIBLE D\u00c9FERLANTE WAHABITE<br \/>\nLe d\u00e9put\u00e9 Ellouze m\u00e9rite d&rsquo;\u00eatre rappel\u00e9 \u00e0 l&rsquo;ordre, vigoureusement et sans \u00e9quivoque. Quant au d\u00e9put\u00e9 Rahoui qui, d\u00e9sormais vit sous la menace d&rsquo;une ex\u00e9cution sommaire, il a eu raison de se r\u00e9clamer de l&rsquo;Islam de nos anc\u00eatres qui n&rsquo;a rien \u00e0 voir avec l&rsquo;intol\u00e9rance d&rsquo;Ellouze et de ses acolytes.<\/p>\n<p>Oui, nous sommes tous pour un Islam p\u00e9tri des valeurs de la foi et de l&rsquo;exemplarit\u00e9 du Proph\u00e8te. Oui, nous sommes pour un Islam moderne, accueillant et ouvert qui laisse leur place aux minorit\u00e9s et aux libres penseurs. Oui, nous sommes pour un Islam de partage, tel que nous l&rsquo;avons toujours connu avant que nous atteigne cette d\u00e9ferlante wahabite, fanatis\u00e9e \u00e0 coups de p\u00e9trodollars et de fatwas assassines.<\/p>\n<p>Notre Islam n&rsquo;a rien \u00e0 voir avec la haine ni avec les th\u00e9ocraties qui ne sont que des dictatures sous couvert de la religion. Sont-ce des Etats esclavagistes, sexistes et brutaux qui pourraient nous d\u00e9signer le sens de la modernit\u00e9 ? Les faucons fondamentalistes d&rsquo;Ennahdha sont-ils \u00e0 ce point inf\u00e9od\u00e9s \u00e0 l&rsquo;obscurantisme ?<\/p>\n<p>Il est temps pour ce parti de r\u00e9aliser son aggiornamento et se fondre dans le moule consensuel de la deuxi\u00e8me R\u00e9publique naissante. Sinon,Ellouze et consorts auront toujours droit de cit\u00e9 et continueront \u00e0 \u00eatre couverts par&#8230; un parti de gouvernement.<\/p>\n<p>Pour l&rsquo;Islam, nous sommes. R\u00e9solument contre la th\u00e9ocratie nous sommes. Contre la haine, le fanatisme, l&rsquo;int\u00e9grisme et l&rsquo;intol\u00e9rance nous sommes. Et contre toute r\u00e9surgence dictatoriale nous sommes.<br \/>\nHONTE A VOUS MONSIEUR ELLOUZE!<br \/>\nCar, en derni\u00e8re analyse, les mots de la haine et les appels au meurtre sous-jacents prononc\u00e9s par Ellouze d\u00e9montrent bien la nature inqui\u00e9tante de l&rsquo;utilisation de la religion \u00e0 des fins politiciennes. Ceci, le r\u00e9gime destourien l&rsquo;avait bien compris en tra\u00e7ant des lignes rouges \u00e0 ce niveau. C&rsquo;est en quoi les propos d&rsquo;Ellouze sont contre-r\u00e9volutionnaires et profond\u00e9ment r\u00e9actionnaires : sans le vouloir, ils donnent raison \u00e0 Ben Ali et d\u00e9montrent que si nous avons v\u00e9cu sous le joug d&rsquo;une dictature, c&rsquo;\u00e9tait pour que les illumin\u00e9s que nous subissons aujourd&rsquo;hui n&rsquo;aient pas droit \u00e0 la parole.<\/p>\n<p>Plus que jamais, les ennemis de la d\u00e9mocratie ne devraient pas se servir de la d\u00e9mocratie. Plus que jamais, nous devons \u00eatre vigilants face \u00e0 ces d\u00e9rives haineuses et fascisantes, face \u00e0 cette culture de la violence qui n&rsquo;est pas la notre.<\/p>\n<p>Honte \u00e0 vous monsieur Ellouze ! Honte \u00e0 vous de pr\u00eacher le mal au nom de notre religion commune ! Honte \u00e0 vous de salir le sublime pour un pouvoir temporel sans issue ! Honte \u00e0 vous, car au final, c&rsquo;est bien le d\u00e9put\u00e9 Rahoui que vous d\u00e9signez comme bouc \u00e9missaire de votre folie et de vos errements qui porte les valeurs que vous pr\u00e9tendez d\u00e9fendre !<\/p>\n","protected":false},"excerpt":{"rendered":"<p>Le billet de Hatem Bourial &#8211; Pour l&rsquo;Islam. Contre la th\u00e9ocratie et la haine&#8230;<\/p>\n","protected":false},"author":3229,"featured_media":332529,"comment_status":"open","ping_status":"closed","sticky":false,"template":"","format":"standard","meta":{"footnotes":""},"categories":[2596],"tags":[2600],"class_list":["post-186886","post","type-post","status-publish","format-standard","has-post-thumbnail","hentry","category-chroniques","tag-guerre"],"yoast_head":"<!-- This site is optimized with the Yoast SEO Premium plugin v27.5 (Yoast SEO v27.5) - https:\/\/yoast.com\/product\/yoast-seo-premium-wordpress\/ -->\n<title>Le billet de Hatem Bourial - Pour l&#039;Islam. Contre la th\u00e9ocratie et la haine...<\/title>\n<meta name=\"description\" content=\"Le billet de Hatem Bourial - Pour l&#039;Islam. Contre la th\u00e9ocratie et la haine...\" \/>\n<link rel=\"canonical\" href=\"https:\/\/www.webdo.tn\/fr\/actualite\/chroniques\/le-billet-de-hatem-bourial-pour-lislam-contre-la-theocratie-et-la-haine\/186886\/\" \/>\n<meta property=\"og:locale\" content=\"fr_FR\" \/>\n<meta property=\"og:type\" content=\"article\" \/>\n<meta property=\"og:title\" content=\"Le billet de Hatem Bourial - Pour l&#039;Islam. Contre la th\u00e9ocratie et la haine...\" \/>\n<meta property=\"og:description\" content=\"Le billet de Hatem Bourial - Pour l&#039;Islam. Contre la th\u00e9ocratie et la haine...\" \/>\n<meta property=\"og:url\" content=\"https:\/\/www.webdo.tn\/fr\/actualite\/chroniques\/le-billet-de-hatem-bourial-pour-lislam-contre-la-theocratie-et-la-haine\/186886\/\" \/>\n<meta property=\"og:site_name\" content=\"webdo\" \/>\n<meta property=\"article:publisher\" content=\"https:\/\/www.facebook.com\/webdotn\" \/>\n<meta property=\"article:author\" content=\"https:\/\/www.facebook.com\/hatem.bourial.2025\" \/>\n<meta property=\"article:published_time\" content=\"2014-01-06T10:21:00+00:00\" \/>\n<meta property=\"og:image\" content=\"https:\/\/www.webdo.tn\/fr\/wp-content\/uploads\/2014\/01\/Habib-Ellouze.jpg\" \/>\n\t<meta property=\"og:image:width\" content=\"300\" \/>\n\t<meta property=\"og:image:height\" content=\"267\" \/>\n\t<meta property=\"og:image:type\" content=\"image\/jpeg\" \/>\n<meta name=\"author\" content=\"Hatem Bourial\" \/>\n<meta name=\"twitter:card\" content=\"summary_large_image\" \/>\n<meta name=\"twitter:creator\" content=\"@webdo_tn\" \/>\n<meta name=\"twitter:site\" content=\"@webdo_tn\" \/>\n<meta name=\"twitter:label1\" content=\"\u00c9crit par\" \/>\n\t<meta name=\"twitter:data1\" content=\"Hatem Bourial\" \/>\n\t<meta name=\"twitter:label2\" content=\"Dur\u00e9e de lecture estim\u00e9e\" \/>\n\t<meta name=\"twitter:data2\" content=\"5 minutes\" \/>\n<script type=\"application\/ld+json\" class=\"yoast-schema-graph\">{\"@context\":\"https:\\\/\\\/schema.org\",\"@graph\":[{\"@type\":\"NewsArticle\",\"@id\":\"https:\\\/\\\/www.webdo.tn\\\/fr\\\/actualite\\\/chroniques\\\/le-billet-de-hatem-bourial-pour-lislam-contre-la-theocratie-et-la-haine\\\/186886\\\/#article\",\"isPartOf\":{\"@id\":\"https:\\\/\\\/www.webdo.tn\\\/fr\\\/actualite\\\/chroniques\\\/le-billet-de-hatem-bourial-pour-lislam-contre-la-theocratie-et-la-haine\\\/186886\\\/\"},\"author\":{\"name\":\"Hatem Bourial\",\"@id\":\"https:\\\/\\\/www.webdo.tn\\\/fr\\\/#\\\/schema\\\/person\\\/6bc0beba2cd23aec27cb5df85ca2554f\"},\"headline\":\"Le billet de Hatem Bourial &#8211; Pour l&rsquo;Islam. Contre la th\u00e9ocratie et la haine&#8230;\",\"datePublished\":\"2014-01-06T10:21:00+00:00\",\"mainEntityOfPage\":{\"@id\":\"https:\\\/\\\/www.webdo.tn\\\/fr\\\/actualite\\\/chroniques\\\/le-billet-de-hatem-bourial-pour-lislam-contre-la-theocratie-et-la-haine\\\/186886\\\/\"},\"wordCount\":1057,\"commentCount\":0,\"publisher\":{\"@id\":\"https:\\\/\\\/www.webdo.tn\\\/fr\\\/#organization\"},\"image\":{\"@id\":\"https:\\\/\\\/www.webdo.tn\\\/fr\\\/actualite\\\/chroniques\\\/le-billet-de-hatem-bourial-pour-lislam-contre-la-theocratie-et-la-haine\\\/186886\\\/#primaryimage\"},\"thumbnailUrl\":\"https:\\\/\\\/www.webdo.tn\\\/fr\\\/wp-content\\\/uploads\\\/2014\\\/01\\\/Habib-Ellouze.jpg\",\"keywords\":[\"guerre\"],\"articleSection\":[\"Chroniques\"],\"inLanguage\":\"fr-FR\"},{\"@type\":\"WebPage\",\"@id\":\"https:\\\/\\\/www.webdo.tn\\\/fr\\\/actualite\\\/chroniques\\\/le-billet-de-hatem-bourial-pour-lislam-contre-la-theocratie-et-la-haine\\\/186886\\\/\",\"url\":\"https:\\\/\\\/www.webdo.tn\\\/fr\\\/actualite\\\/chroniques\\\/le-billet-de-hatem-bourial-pour-lislam-contre-la-theocratie-et-la-haine\\\/186886\\\/\",\"name\":\"Le billet de Hatem Bourial - Pour l'Islam. Contre la th\u00e9ocratie et la haine...\",\"isPartOf\":{\"@id\":\"https:\\\/\\\/www.webdo.tn\\\/fr\\\/#website\"},\"primaryImageOfPage\":{\"@id\":\"https:\\\/\\\/www.webdo.tn\\\/fr\\\/actualite\\\/chroniques\\\/le-billet-de-hatem-bourial-pour-lislam-contre-la-theocratie-et-la-haine\\\/186886\\\/#primaryimage\"},\"image\":{\"@id\":\"https:\\\/\\\/www.webdo.tn\\\/fr\\\/actualite\\\/chroniques\\\/le-billet-de-hatem-bourial-pour-lislam-contre-la-theocratie-et-la-haine\\\/186886\\\/#primaryimage\"},\"thumbnailUrl\":\"https:\\\/\\\/www.webdo.tn\\\/fr\\\/wp-content\\\/uploads\\\/2014\\\/01\\\/Habib-Ellouze.jpg\",\"datePublished\":\"2014-01-06T10:21:00+00:00\",\"description\":\"Le billet de Hatem Bourial - Pour l'Islam. Contre la th\u00e9ocratie et la haine...\",\"breadcrumb\":{\"@id\":\"https:\\\/\\\/www.webdo.tn\\\/fr\\\/actualite\\\/chroniques\\\/le-billet-de-hatem-bourial-pour-lislam-contre-la-theocratie-et-la-haine\\\/186886\\\/#breadcrumb\"},\"inLanguage\":\"fr-FR\",\"potentialAction\":[{\"@type\":\"ReadAction\",\"target\":[\"https:\\\/\\\/www.webdo.tn\\\/fr\\\/actualite\\\/chroniques\\\/le-billet-de-hatem-bourial-pour-lislam-contre-la-theocratie-et-la-haine\\\/186886\\\/\"]}]},{\"@type\":\"ImageObject\",\"inLanguage\":\"fr-FR\",\"@id\":\"https:\\\/\\\/www.webdo.tn\\\/fr\\\/actualite\\\/chroniques\\\/le-billet-de-hatem-bourial-pour-lislam-contre-la-theocratie-et-la-haine\\\/186886\\\/#primaryimage\",\"url\":\"https:\\\/\\\/www.webdo.tn\\\/fr\\\/wp-content\\\/uploads\\\/2014\\\/01\\\/Habib-Ellouze.jpg\",\"contentUrl\":\"https:\\\/\\\/www.webdo.tn\\\/fr\\\/wp-content\\\/uploads\\\/2014\\\/01\\\/Habib-Ellouze.jpg\",\"width\":300,\"height\":267,\"caption\":\"Le billet de Hatem Bourial - Pour l'Islam. Contre la th\u00e9ocratie et la haine...\"},{\"@type\":\"BreadcrumbList\",\"@id\":\"https:\\\/\\\/www.webdo.tn\\\/fr\\\/actualite\\\/chroniques\\\/le-billet-de-hatem-bourial-pour-lislam-contre-la-theocratie-et-la-haine\\\/186886\\\/#breadcrumb\",\"itemListElement\":[{\"@type\":\"ListItem\",\"position\":1,\"name\":\"Accueil\",\"item\":\"https:\\\/\\\/www.webdo.tn\\\/fr\\\/\"},{\"@type\":\"ListItem\",\"position\":2,\"name\":\"Le billet de Hatem Bourial &#8211; Pour l&#8217;Islam. Contre la th\u00e9ocratie et la haine&#8230;\"}]},{\"@type\":\"WebSite\",\"@id\":\"https:\\\/\\\/www.webdo.tn\\\/fr\\\/#website\",\"url\":\"https:\\\/\\\/www.webdo.tn\\\/fr\\\/\",\"name\":\"webdo\",\"description\":\"Tunisie - News en Tunisie et \u00e0 l&#039;international sur Webdo.tn\",\"publisher\":{\"@id\":\"https:\\\/\\\/www.webdo.tn\\\/fr\\\/#organization\"},\"potentialAction\":[{\"@type\":\"SearchAction\",\"target\":{\"@type\":\"EntryPoint\",\"urlTemplate\":\"https:\\\/\\\/www.webdo.tn\\\/fr\\\/?s={search_term_string}\"},\"query-input\":{\"@type\":\"PropertyValueSpecification\",\"valueRequired\":true,\"valueName\":\"search_term_string\"}}],\"inLanguage\":\"fr-FR\"},{\"@type\":\"Organization\",\"@id\":\"https:\\\/\\\/www.webdo.tn\\\/fr\\\/#organization\",\"name\":\"Webdo\",\"alternateName\":\"Webdo.tn\",\"url\":\"https:\\\/\\\/www.webdo.tn\\\/fr\\\/\",\"logo\":{\"@type\":\"ImageObject\",\"inLanguage\":\"fr-FR\",\"@id\":\"https:\\\/\\\/www.webdo.tn\\\/fr\\\/#\\\/schema\\\/logo\\\/image\\\/\",\"url\":\"https:\\\/\\\/www.webdo.tn\\\/fr\\\/wp-content\\\/uploads\\\/2025\\\/06\\\/Webdo-Tunisie_168377.jpg\",\"contentUrl\":\"https:\\\/\\\/www.webdo.tn\\\/fr\\\/wp-content\\\/uploads\\\/2025\\\/06\\\/Webdo-Tunisie_168377.jpg\",\"width\":301,\"height\":301,\"caption\":\"Webdo\"},\"image\":{\"@id\":\"https:\\\/\\\/www.webdo.tn\\\/fr\\\/#\\\/schema\\\/logo\\\/image\\\/\"},\"sameAs\":[\"https:\\\/\\\/www.facebook.com\\\/webdotn\",\"https:\\\/\\\/x.com\\\/webdo_tn\"],\"description\":\"Webdo est un m\u00e9dia num\u00e9rique tunisien fond\u00e9 en 2010, sp\u00e9cialis\u00e9 dans l\u2019actualit\u00e9 nationale et internationale, l\u2019\u00e9conomie, la soci\u00e9t\u00e9 et les analyses politiques. Le site s\u2019adresse \u00e0 un large public francophone et couvre l\u2019information tunisienne en temps r\u00e9el.\",\"email\":\"redac@webdo.tn\",\"legalName\":\"YNJ SARL\",\"foundingDate\":\"2010-09-06\",\"numberOfEmployees\":{\"@type\":\"QuantitativeValue\",\"minValue\":\"11\",\"maxValue\":\"50\"}},{\"@type\":\"Person\",\"@id\":\"https:\\\/\\\/www.webdo.tn\\\/fr\\\/#\\\/schema\\\/person\\\/6bc0beba2cd23aec27cb5df85ca2554f\",\"name\":\"Hatem Bourial\",\"image\":{\"@type\":\"ImageObject\",\"inLanguage\":\"fr-FR\",\"@id\":\"https:\\\/\\\/www.webdo.tn\\\/fr\\\/wp-content\\\/uploads\\\/2026\\\/04\\\/hatem-bourial_avatar-96x96.jpg\",\"url\":\"https:\\\/\\\/www.webdo.tn\\\/fr\\\/wp-content\\\/uploads\\\/2026\\\/04\\\/hatem-bourial_avatar-96x96.jpg\",\"contentUrl\":\"https:\\\/\\\/www.webdo.tn\\\/fr\\\/wp-content\\\/uploads\\\/2026\\\/04\\\/hatem-bourial_avatar-96x96.jpg\",\"caption\":\"Hatem Bourial\"},\"description\":\"Hatem Bourial est journaliste, \u00e9crivain et chroniqueur tunisien. Actif depuis plusieurs d\u00e9cennies, il s\u2019est impos\u00e9 comme un observateur attentif de la soci\u00e9t\u00e9 tunisienne, m\u00ealant dans ses \u00e9crits m\u00e9moire, culture et analyse du quotidien. Auteur de nombreux ouvrages, il d\u00e9veloppe une \u0153uvre \u00e0 la crois\u00e9e du r\u00e9cit, de la po\u00e9sie et de l\u2019observation sociologique. Parall\u00e8lement \u00e0 ses contributions dans la presse, il intervient r\u00e9guli\u00e8rement \u00e0 la radio et dans des espaces culturels, o\u00f9 il explore les enjeux li\u00e9s au patrimoine, \u00e0 l\u2019identit\u00e9 et aux transformations du monde contemporain. \u00c0 travers ses chroniques, Hatem Bourial propose une lecture sensible et approfondie de l\u2019actualit\u00e9, nourrie par une exp\u00e9rience journalistique et litt\u00e9raire reconnue. \ud83d\udd17 Facebook : https:\\\/\\\/www.facebook.com\\\/hatem.bourial.2025\",\"sameAs\":[\"https:\\\/\\\/www.facebook.com\\\/hatem.bourial.2025\",\"https:\\\/\\\/fr.wikipedia.org\\\/wiki\\\/Fichier:Hatem_Bourial.jpg\"],\"knowsAbout\":[\"Culture & patrimoine tunisien\",\"Chronique soci\u00e9tale\",\"Litt\u00e9rature & m\u00e9moire\",\"Cin\u00e9ma & critique culturelle\",\"Identit\u00e9 & mutations sociales\"],\"knowsLanguage\":[\"Arabe\",\"Fran\u00e7ais\",\"Anglais\",\"Italien\",\"Polonais\"],\"jobTitle\":\"Journaliste, \u00e9crivain et chroniqueur culturel\",\"worksFor\":\"Webdo\",\"url\":\"https:\\\/\\\/www.webdo.tn\\\/fr\\\/actualite\\\/author\\\/hatem-bourial-2\\\/\"}]}<\/script>\n<!-- \/ Yoast SEO Premium plugin. -->","yoast_head_json":{"title":"Le billet de Hatem Bourial - Pour l'Islam. Contre la th\u00e9ocratie et la haine...","description":"Le billet de Hatem Bourial - Pour l'Islam. Contre la th\u00e9ocratie et la haine...","canonical":"https:\/\/www.webdo.tn\/fr\/actualite\/chroniques\/le-billet-de-hatem-bourial-pour-lislam-contre-la-theocratie-et-la-haine\/186886\/","og_locale":"fr_FR","og_type":"article","og_title":"Le billet de Hatem Bourial - Pour l'Islam. Contre la th\u00e9ocratie et la haine...","og_description":"Le billet de Hatem Bourial - Pour l'Islam. Contre la th\u00e9ocratie et la haine...","og_url":"https:\/\/www.webdo.tn\/fr\/actualite\/chroniques\/le-billet-de-hatem-bourial-pour-lislam-contre-la-theocratie-et-la-haine\/186886\/","og_site_name":"webdo","article_publisher":"https:\/\/www.facebook.com\/webdotn","article_author":"https:\/\/www.facebook.com\/hatem.bourial.2025","article_published_time":"2014-01-06T10:21:00+00:00","og_image":[{"width":300,"height":267,"url":"https:\/\/www.webdo.tn\/fr\/wp-content\/uploads\/2014\/01\/Habib-Ellouze.jpg","type":"image\/jpeg"}],"author":"Hatem Bourial","twitter_card":"summary_large_image","twitter_creator":"@webdo_tn","twitter_site":"@webdo_tn","twitter_misc":{"\u00c9crit par":"Hatem Bourial","Dur\u00e9e de lecture estim\u00e9e":"5 minutes"},"schema":{"@context":"https:\/\/schema.org","@graph":[{"@type":"NewsArticle","@id":"https:\/\/www.webdo.tn\/fr\/actualite\/chroniques\/le-billet-de-hatem-bourial-pour-lislam-contre-la-theocratie-et-la-haine\/186886\/#article","isPartOf":{"@id":"https:\/\/www.webdo.tn\/fr\/actualite\/chroniques\/le-billet-de-hatem-bourial-pour-lislam-contre-la-theocratie-et-la-haine\/186886\/"},"author":{"name":"Hatem Bourial","@id":"https:\/\/www.webdo.tn\/fr\/#\/schema\/person\/6bc0beba2cd23aec27cb5df85ca2554f"},"headline":"Le billet de Hatem Bourial &#8211; Pour l&rsquo;Islam. Contre la th\u00e9ocratie et la haine&#8230;","datePublished":"2014-01-06T10:21:00+00:00","mainEntityOfPage":{"@id":"https:\/\/www.webdo.tn\/fr\/actualite\/chroniques\/le-billet-de-hatem-bourial-pour-lislam-contre-la-theocratie-et-la-haine\/186886\/"},"wordCount":1057,"commentCount":0,"publisher":{"@id":"https:\/\/www.webdo.tn\/fr\/#organization"},"image":{"@id":"https:\/\/www.webdo.tn\/fr\/actualite\/chroniques\/le-billet-de-hatem-bourial-pour-lislam-contre-la-theocratie-et-la-haine\/186886\/#primaryimage"},"thumbnailUrl":"https:\/\/www.webdo.tn\/fr\/wp-content\/uploads\/2014\/01\/Habib-Ellouze.jpg","keywords":["guerre"],"articleSection":["Chroniques"],"inLanguage":"fr-FR"},{"@type":"WebPage","@id":"https:\/\/www.webdo.tn\/fr\/actualite\/chroniques\/le-billet-de-hatem-bourial-pour-lislam-contre-la-theocratie-et-la-haine\/186886\/","url":"https:\/\/www.webdo.tn\/fr\/actualite\/chroniques\/le-billet-de-hatem-bourial-pour-lislam-contre-la-theocratie-et-la-haine\/186886\/","name":"Le billet de Hatem Bourial - Pour l'Islam. Contre la th\u00e9ocratie et la haine...","isPartOf":{"@id":"https:\/\/www.webdo.tn\/fr\/#website"},"primaryImageOfPage":{"@id":"https:\/\/www.webdo.tn\/fr\/actualite\/chroniques\/le-billet-de-hatem-bourial-pour-lislam-contre-la-theocratie-et-la-haine\/186886\/#primaryimage"},"image":{"@id":"https:\/\/www.webdo.tn\/fr\/actualite\/chroniques\/le-billet-de-hatem-bourial-pour-lislam-contre-la-theocratie-et-la-haine\/186886\/#primaryimage"},"thumbnailUrl":"https:\/\/www.webdo.tn\/fr\/wp-content\/uploads\/2014\/01\/Habib-Ellouze.jpg","datePublished":"2014-01-06T10:21:00+00:00","description":"Le billet de Hatem Bourial - Pour l'Islam. Contre la th\u00e9ocratie et la haine...","breadcrumb":{"@id":"https:\/\/www.webdo.tn\/fr\/actualite\/chroniques\/le-billet-de-hatem-bourial-pour-lislam-contre-la-theocratie-et-la-haine\/186886\/#breadcrumb"},"inLanguage":"fr-FR","potentialAction":[{"@type":"ReadAction","target":["https:\/\/www.webdo.tn\/fr\/actualite\/chroniques\/le-billet-de-hatem-bourial-pour-lislam-contre-la-theocratie-et-la-haine\/186886\/"]}]},{"@type":"ImageObject","inLanguage":"fr-FR","@id":"https:\/\/www.webdo.tn\/fr\/actualite\/chroniques\/le-billet-de-hatem-bourial-pour-lislam-contre-la-theocratie-et-la-haine\/186886\/#primaryimage","url":"https:\/\/www.webdo.tn\/fr\/wp-content\/uploads\/2014\/01\/Habib-Ellouze.jpg","contentUrl":"https:\/\/www.webdo.tn\/fr\/wp-content\/uploads\/2014\/01\/Habib-Ellouze.jpg","width":300,"height":267,"caption":"Le billet de Hatem Bourial - Pour l'Islam. Contre la th\u00e9ocratie et la haine..."},{"@type":"BreadcrumbList","@id":"https:\/\/www.webdo.tn\/fr\/actualite\/chroniques\/le-billet-de-hatem-bourial-pour-lislam-contre-la-theocratie-et-la-haine\/186886\/#breadcrumb","itemListElement":[{"@type":"ListItem","position":1,"name":"Accueil","item":"https:\/\/www.webdo.tn\/fr\/"},{"@type":"ListItem","position":2,"name":"Le billet de Hatem Bourial &#8211; Pour l&#8217;Islam. Contre la th\u00e9ocratie et la haine&#8230;"}]},{"@type":"WebSite","@id":"https:\/\/www.webdo.tn\/fr\/#website","url":"https:\/\/www.webdo.tn\/fr\/","name":"webdo","description":"Tunisie - News en Tunisie et \u00e0 l&#039;international sur Webdo.tn","publisher":{"@id":"https:\/\/www.webdo.tn\/fr\/#organization"},"potentialAction":[{"@type":"SearchAction","target":{"@type":"EntryPoint","urlTemplate":"https:\/\/www.webdo.tn\/fr\/?s={search_term_string}"},"query-input":{"@type":"PropertyValueSpecification","valueRequired":true,"valueName":"search_term_string"}}],"inLanguage":"fr-FR"},{"@type":"Organization","@id":"https:\/\/www.webdo.tn\/fr\/#organization","name":"Webdo","alternateName":"Webdo.tn","url":"https:\/\/www.webdo.tn\/fr\/","logo":{"@type":"ImageObject","inLanguage":"fr-FR","@id":"https:\/\/www.webdo.tn\/fr\/#\/schema\/logo\/image\/","url":"https:\/\/www.webdo.tn\/fr\/wp-content\/uploads\/2025\/06\/Webdo-Tunisie_168377.jpg","contentUrl":"https:\/\/www.webdo.tn\/fr\/wp-content\/uploads\/2025\/06\/Webdo-Tunisie_168377.jpg","width":301,"height":301,"caption":"Webdo"},"image":{"@id":"https:\/\/www.webdo.tn\/fr\/#\/schema\/logo\/image\/"},"sameAs":["https:\/\/www.facebook.com\/webdotn","https:\/\/x.com\/webdo_tn"],"description":"Webdo est un m\u00e9dia num\u00e9rique tunisien fond\u00e9 en 2010, sp\u00e9cialis\u00e9 dans l\u2019actualit\u00e9 nationale et internationale, l\u2019\u00e9conomie, la soci\u00e9t\u00e9 et les analyses politiques. Le site s\u2019adresse \u00e0 un large public francophone et couvre l\u2019information tunisienne en temps r\u00e9el.","email":"redac@webdo.tn","legalName":"YNJ SARL","foundingDate":"2010-09-06","numberOfEmployees":{"@type":"QuantitativeValue","minValue":"11","maxValue":"50"}},{"@type":"Person","@id":"https:\/\/www.webdo.tn\/fr\/#\/schema\/person\/6bc0beba2cd23aec27cb5df85ca2554f","name":"Hatem Bourial","image":{"@type":"ImageObject","inLanguage":"fr-FR","@id":"https:\/\/www.webdo.tn\/fr\/wp-content\/uploads\/2026\/04\/hatem-bourial_avatar-96x96.jpg","url":"https:\/\/www.webdo.tn\/fr\/wp-content\/uploads\/2026\/04\/hatem-bourial_avatar-96x96.jpg","contentUrl":"https:\/\/www.webdo.tn\/fr\/wp-content\/uploads\/2026\/04\/hatem-bourial_avatar-96x96.jpg","caption":"Hatem Bourial"},"description":"Hatem Bourial est journaliste, \u00e9crivain et chroniqueur tunisien. Actif depuis plusieurs d\u00e9cennies, il s\u2019est impos\u00e9 comme un observateur attentif de la soci\u00e9t\u00e9 tunisienne, m\u00ealant dans ses \u00e9crits m\u00e9moire, culture et analyse du quotidien. Auteur de nombreux ouvrages, il d\u00e9veloppe une \u0153uvre \u00e0 la crois\u00e9e du r\u00e9cit, de la po\u00e9sie et de l\u2019observation sociologique. Parall\u00e8lement \u00e0 ses contributions dans la presse, il intervient r\u00e9guli\u00e8rement \u00e0 la radio et dans des espaces culturels, o\u00f9 il explore les enjeux li\u00e9s au patrimoine, \u00e0 l\u2019identit\u00e9 et aux transformations du monde contemporain. \u00c0 travers ses chroniques, Hatem Bourial propose une lecture sensible et approfondie de l\u2019actualit\u00e9, nourrie par une exp\u00e9rience journalistique et litt\u00e9raire reconnue. \ud83d\udd17 Facebook : https:\/\/www.facebook.com\/hatem.bourial.2025","sameAs":["https:\/\/www.facebook.com\/hatem.bourial.2025","https:\/\/fr.wikipedia.org\/wiki\/Fichier:Hatem_Bourial.jpg"],"knowsAbout":["Culture & patrimoine tunisien","Chronique soci\u00e9tale","Litt\u00e9rature & m\u00e9moire","Cin\u00e9ma & critique culturelle","Identit\u00e9 & mutations sociales"],"knowsLanguage":["Arabe","Fran\u00e7ais","Anglais","Italien","Polonais"],"jobTitle":"Journaliste, \u00e9crivain et chroniqueur culturel","worksFor":"Webdo","url":"https:\/\/www.webdo.tn\/fr\/actualite\/author\/hatem-bourial-2\/"}]}},"_links":{"self":[{"href":"https:\/\/www.webdo.tn\/fr\/wp-json\/wp\/v2\/posts\/186886","targetHints":{"allow":["GET"]}}],"collection":[{"href":"https:\/\/www.webdo.tn\/fr\/wp-json\/wp\/v2\/posts"}],"about":[{"href":"https:\/\/www.webdo.tn\/fr\/wp-json\/wp\/v2\/types\/post"}],"author":[{"embeddable":true,"href":"https:\/\/www.webdo.tn\/fr\/wp-json\/wp\/v2\/users\/3229"}],"replies":[{"embeddable":true,"href":"https:\/\/www.webdo.tn\/fr\/wp-json\/wp\/v2\/comments?post=186886"}],"version-history":[{"count":0,"href":"https:\/\/www.webdo.tn\/fr\/wp-json\/wp\/v2\/posts\/186886\/revisions"}],"wp:featuredmedia":[{"embeddable":true,"href":"https:\/\/www.webdo.tn\/fr\/wp-json\/wp\/v2\/media\/332529"}],"wp:attachment":[{"href":"https:\/\/www.webdo.tn\/fr\/wp-json\/wp\/v2\/media?parent=186886"}],"wp:term":[{"taxonomy":"category","embeddable":true,"href":"https:\/\/www.webdo.tn\/fr\/wp-json\/wp\/v2\/categories?post=186886"},{"taxonomy":"post_tag","embeddable":true,"href":"https:\/\/www.webdo.tn\/fr\/wp-json\/wp\/v2\/tags?post=186886"}],"curies":[{"name":"wp","href":"https:\/\/api.w.org\/{rel}","templated":true}]}}