{"id":186885,"date":"2013-12-31T10:52:00","date_gmt":"2013-12-31T10:52:00","guid":{"rendered":"https:\/\/www.webdo.tn\/fr\/actualite\/blog\/le-billet-de-hatem-bourial-harry-potter-contre-le-mage-au-noir-burnous\/186885\/"},"modified":"2025-06-04T18:35:28","modified_gmt":"2025-06-04T18:35:28","slug":"le-billet-de-hatem-bourial-harry-potter-contre-le-mage-au-noir-burnous","status":"publish","type":"post","link":"https:\/\/www.webdo.tn\/fr\/actualite\/chroniques\/le-billet-de-hatem-bourial-harry-potter-contre-le-mage-au-noir-burnous\/186885\/","title":{"rendered":"Le billet de Hatem Bourial &#8211; Harry Potter contre le Mage au noir burnous"},"content":{"rendered":"<p>C&rsquo;est lui, le sombre, l&rsquo;imp\u00e9n\u00e9trable, l&rsquo;omniscient Lord Voldemort qui, \u00e0 la t\u00eate du clan des mages noirs, cherche \u00e0 s&#8217;emparer de la Tunisie.<br \/>\nC&rsquo;est lui, le barbu supr\u00eame dont la barbe est invisible \u00e0 l&rsquo;\u0153il nu car il la porte sous la peau. C&rsquo;est lui le chef secret des adeptes tunisiens des Mangemorts qui r\u00eave d&rsquo;offrir son pays en p\u00e2ture \u00e0 la secte des mages avides et ennemis de la libert\u00e9.<\/p>\n<p>Car les Mangemorts ne peuvent s&rsquo;\u00e9panouir qu&rsquo;en liquidant toute forme de libert\u00e9. C&rsquo;est lorsque le monde deviendra une immense caserne, un camp de concentration dont on ne peut s&rsquo;\u00e9chapper qu&rsquo;ils pourront retrouver leur apparence v\u00e9ritable et enfin acc\u00e8de \u00e0 leur paradis.<br \/>\nCar la pl\u00e9nitude de leur paradis ne peut \u00eatre atteinte que par l&rsquo;\u00e9crasement de toute aspiration \u00e0 la libert\u00e9, la liquidation de toute raison, l&rsquo;\u00e9limination de tout libre-arbitre.<\/p>\n<p>V\u00eatu de son burnous noir, leur chef est r\u00e9put\u00e9 invincible. Haranguant le peuple qu&rsquo;il a pris en otage, il est le tribun supr\u00eame, redout\u00e9 de tous. Seul Harry Potter connait son secret, seul Harry Potter peut le mettre hors d&rsquo;\u00e9tat de nuire.<br \/>\nLe secret de Valdemort, le sinistre barbu sans barbe apparente, c&rsquo;est qu&rsquo;il est dans une cage tout aussi invisible que sa barbe. Et les cl\u00e9s de cette cage sont entre les mains d&rsquo;un \u00eatre immonde, malsain et terrifiant.<\/p>\n<p>Seul Harry Potter, l&rsquo;apprenti-sorcier aux huit merveilleuses aventures peut lib\u00e9rer ce peuple qui attend, r\u00e9sign\u00e9 mais r\u00e9sistant.<br \/>\nPour Potter, c&rsquo;est une nouvelle aventure merveilleuse qui va le mener de Londres \u00e0 Carthage, de Paris \u00e0 Doha. Mille dangers enturbann\u00e9s et mille menaces voil\u00e9es l&rsquo;attendent. Harry devra combattre la Chauve-souris, une femme \u00e0 la voix d&rsquo;homme et totalement v\u00eatue de noir rituel. Il devra vaincre Abou Hitler, l&rsquo;esprit ectoplasmique qui dicte ses ordres aux Mangemorts. Il devra aussi rendre \u00e0 Bendir Man son tr\u00f4ne usurp\u00e9 par Burnous Man.<\/p>\n<p>Combat de titans, nouvelle guerre des \u00e9toiles, aventure finale pour Harry Potter qui appellera \u00e0 la rescousse tous les h\u00e9ros du bien. C&rsquo;est \u00e0 la t\u00eate des Pokemons, des Power Rangers et des Schtroumps bleus qu\u2019Harry, victorieux, rel\u00e8vera le peuple menac\u00e9. Avec lui, une cohorte de h\u00e9ros bienveillants fait son apparition dans les rues du pays lib\u00e9r\u00e9 : voici Tintin, Blek le Roc, Ast\u00e9rix et m\u00eame le fennec Labib qui d\u00e9filent sous les applaudissements de la foule.<\/p>\n<p>Avec, triomphant, menant la parade, le grand Harry Potter, victorieux de son dernier combat apr\u00e8s avoir rendu la r\u00e9volution au peuple qui l&rsquo;a men\u00e9e, apr\u00e8s avoir chass\u00e9 les usurpateurs qui ont fini par fuir dans leur burnous volants.<br \/>\nVoici donc un petit conte pour vous pr\u00e9senter mes v\u0153ux pour 2014, des v\u0153ux doux-amers mais p\u00e9tris de l&rsquo;argile de la r\u00e9sistance et gonfl\u00e9s de l&rsquo;espoir d&rsquo;un changement v\u00e9ritable. En guise de v\u0153ux auguraux, terminons donc l&rsquo;ann\u00e9e par une petite fantasy qui appelle Harry Potter \u00e0 la rescousse !<br \/>\nMeilleurs v\u0153ux et puisse 2014 ressembler davantage \u00e0 la Tunisie que nous aimons&#8230;<\/p>\n","protected":false},"excerpt":{"rendered":"<p>Le billet de Hatem Bourial &#8211; Harry Potter contre le Mage au noir burnous<\/p>\n","protected":false},"author":3229,"featured_media":353397,"comment_status":"open","ping_status":"closed","sticky":false,"template":"","format":"standard","meta":{"footnotes":""},"categories":[2596],"tags":[],"class_list":["post-186885","post","type-post","status-publish","format-standard","has-post-thumbnail","hentry","category-chroniques"],"yoast_head":"<!-- This site is optimized with the Yoast SEO Premium plugin v27.5 (Yoast SEO v27.5) - https:\/\/yoast.com\/product\/yoast-seo-premium-wordpress\/ -->\n<title>Le billet de Hatem Bourial - Harry Potter contre le Mage au noir burnous<\/title>\n<meta name=\"description\" content=\"Le billet de Hatem Bourial - Harry Potter contre le Mage au noir burnous\" \/>\n<link rel=\"canonical\" href=\"https:\/\/www.webdo.tn\/fr\/actualite\/chroniques\/le-billet-de-hatem-bourial-harry-potter-contre-le-mage-au-noir-burnous\/186885\/\" \/>\n<meta property=\"og:locale\" content=\"fr_FR\" \/>\n<meta property=\"og:type\" content=\"article\" \/>\n<meta property=\"og:title\" content=\"Le billet de Hatem Bourial - Harry Potter contre le Mage au noir burnous\" \/>\n<meta property=\"og:description\" content=\"Le billet de Hatem Bourial - Harry Potter contre le Mage au noir burnous\" \/>\n<meta property=\"og:url\" content=\"https:\/\/www.webdo.tn\/fr\/actualite\/chroniques\/le-billet-de-hatem-bourial-harry-potter-contre-le-mage-au-noir-burnous\/186885\/\" \/>\n<meta property=\"og:site_name\" content=\"webdo\" \/>\n<meta property=\"article:publisher\" content=\"https:\/\/www.facebook.com\/webdotn\" \/>\n<meta property=\"article:author\" content=\"https:\/\/www.facebook.com\/hatem.bourial.2025\" \/>\n<meta property=\"article:published_time\" content=\"2013-12-31T10:52:00+00:00\" \/>\n<meta property=\"article:modified_time\" content=\"2025-06-04T18:35:28+00:00\" \/>\n<meta property=\"og:image\" content=\"https:\/\/www.webdo.tn\/fr\/wp-content\/uploads\/2013\/12\/Harry-Potter-and-the-Deathly-Hallows-Part-2-Early-Reviews.jpg\" \/>\n\t<meta property=\"og:image:width\" content=\"470\" \/>\n\t<meta property=\"og:image:height\" content=\"250\" \/>\n\t<meta property=\"og:image:type\" content=\"image\/jpeg\" \/>\n<meta name=\"author\" content=\"Hatem Bourial\" \/>\n<meta name=\"twitter:card\" content=\"summary_large_image\" \/>\n<meta name=\"twitter:creator\" content=\"@webdo_tn\" \/>\n<meta name=\"twitter:site\" content=\"@webdo_tn\" \/>\n<meta name=\"twitter:label1\" content=\"\u00c9crit par\" \/>\n\t<meta name=\"twitter:data1\" content=\"Hatem Bourial\" \/>\n\t<meta name=\"twitter:label2\" content=\"Dur\u00e9e de lecture estim\u00e9e\" \/>\n\t<meta name=\"twitter:data2\" content=\"3 minutes\" \/>\n<script type=\"application\/ld+json\" class=\"yoast-schema-graph\">{\"@context\":\"https:\\\/\\\/schema.org\",\"@graph\":[{\"@type\":\"NewsArticle\",\"@id\":\"https:\\\/\\\/www.webdo.tn\\\/fr\\\/actualite\\\/chroniques\\\/le-billet-de-hatem-bourial-harry-potter-contre-le-mage-au-noir-burnous\\\/186885\\\/#article\",\"isPartOf\":{\"@id\":\"https:\\\/\\\/www.webdo.tn\\\/fr\\\/actualite\\\/chroniques\\\/le-billet-de-hatem-bourial-harry-potter-contre-le-mage-au-noir-burnous\\\/186885\\\/\"},\"author\":{\"name\":\"Hatem Bourial\",\"@id\":\"https:\\\/\\\/www.webdo.tn\\\/fr\\\/#\\\/schema\\\/person\\\/6bc0beba2cd23aec27cb5df85ca2554f\"},\"headline\":\"Le billet de Hatem Bourial &#8211; Harry Potter contre le Mage au noir burnous\",\"datePublished\":\"2013-12-31T10:52:00+00:00\",\"dateModified\":\"2025-06-04T18:35:28+00:00\",\"mainEntityOfPage\":{\"@id\":\"https:\\\/\\\/www.webdo.tn\\\/fr\\\/actualite\\\/chroniques\\\/le-billet-de-hatem-bourial-harry-potter-contre-le-mage-au-noir-burnous\\\/186885\\\/\"},\"wordCount\":554,\"commentCount\":0,\"publisher\":{\"@id\":\"https:\\\/\\\/www.webdo.tn\\\/fr\\\/#organization\"},\"image\":{\"@id\":\"https:\\\/\\\/www.webdo.tn\\\/fr\\\/actualite\\\/chroniques\\\/le-billet-de-hatem-bourial-harry-potter-contre-le-mage-au-noir-burnous\\\/186885\\\/#primaryimage\"},\"thumbnailUrl\":\"https:\\\/\\\/www.webdo.tn\\\/fr\\\/wp-content\\\/uploads\\\/2013\\\/12\\\/Harry-Potter-and-the-Deathly-Hallows-Part-2-Early-Reviews.jpg\",\"articleSection\":[\"Chroniques\"],\"inLanguage\":\"fr-FR\"},{\"@type\":\"WebPage\",\"@id\":\"https:\\\/\\\/www.webdo.tn\\\/fr\\\/actualite\\\/chroniques\\\/le-billet-de-hatem-bourial-harry-potter-contre-le-mage-au-noir-burnous\\\/186885\\\/\",\"url\":\"https:\\\/\\\/www.webdo.tn\\\/fr\\\/actualite\\\/chroniques\\\/le-billet-de-hatem-bourial-harry-potter-contre-le-mage-au-noir-burnous\\\/186885\\\/\",\"name\":\"Le billet de Hatem Bourial - Harry Potter contre le Mage au noir burnous\",\"isPartOf\":{\"@id\":\"https:\\\/\\\/www.webdo.tn\\\/fr\\\/#website\"},\"primaryImageOfPage\":{\"@id\":\"https:\\\/\\\/www.webdo.tn\\\/fr\\\/actualite\\\/chroniques\\\/le-billet-de-hatem-bourial-harry-potter-contre-le-mage-au-noir-burnous\\\/186885\\\/#primaryimage\"},\"image\":{\"@id\":\"https:\\\/\\\/www.webdo.tn\\\/fr\\\/actualite\\\/chroniques\\\/le-billet-de-hatem-bourial-harry-potter-contre-le-mage-au-noir-burnous\\\/186885\\\/#primaryimage\"},\"thumbnailUrl\":\"https:\\\/\\\/www.webdo.tn\\\/fr\\\/wp-content\\\/uploads\\\/2013\\\/12\\\/Harry-Potter-and-the-Deathly-Hallows-Part-2-Early-Reviews.jpg\",\"datePublished\":\"2013-12-31T10:52:00+00:00\",\"dateModified\":\"2025-06-04T18:35:28+00:00\",\"description\":\"Le billet de Hatem Bourial - Harry Potter contre le Mage au noir burnous\",\"breadcrumb\":{\"@id\":\"https:\\\/\\\/www.webdo.tn\\\/fr\\\/actualite\\\/chroniques\\\/le-billet-de-hatem-bourial-harry-potter-contre-le-mage-au-noir-burnous\\\/186885\\\/#breadcrumb\"},\"inLanguage\":\"fr-FR\",\"potentialAction\":[{\"@type\":\"ReadAction\",\"target\":[\"https:\\\/\\\/www.webdo.tn\\\/fr\\\/actualite\\\/chroniques\\\/le-billet-de-hatem-bourial-harry-potter-contre-le-mage-au-noir-burnous\\\/186885\\\/\"]}]},{\"@type\":\"ImageObject\",\"inLanguage\":\"fr-FR\",\"@id\":\"https:\\\/\\\/www.webdo.tn\\\/fr\\\/actualite\\\/chroniques\\\/le-billet-de-hatem-bourial-harry-potter-contre-le-mage-au-noir-burnous\\\/186885\\\/#primaryimage\",\"url\":\"https:\\\/\\\/www.webdo.tn\\\/fr\\\/wp-content\\\/uploads\\\/2013\\\/12\\\/Harry-Potter-and-the-Deathly-Hallows-Part-2-Early-Reviews.jpg\",\"contentUrl\":\"https:\\\/\\\/www.webdo.tn\\\/fr\\\/wp-content\\\/uploads\\\/2013\\\/12\\\/Harry-Potter-and-the-Deathly-Hallows-Part-2-Early-Reviews.jpg\",\"width\":470,\"height\":250,\"caption\":\"Le billet de Hatem Bourial - Harry Potter contre le Mage au noir burnous\"},{\"@type\":\"BreadcrumbList\",\"@id\":\"https:\\\/\\\/www.webdo.tn\\\/fr\\\/actualite\\\/chroniques\\\/le-billet-de-hatem-bourial-harry-potter-contre-le-mage-au-noir-burnous\\\/186885\\\/#breadcrumb\",\"itemListElement\":[{\"@type\":\"ListItem\",\"position\":1,\"name\":\"Accueil\",\"item\":\"https:\\\/\\\/www.webdo.tn\\\/fr\\\/\"},{\"@type\":\"ListItem\",\"position\":2,\"name\":\"Le billet de Hatem Bourial &#8211; Harry Potter contre le Mage au noir burnous\"}]},{\"@type\":\"WebSite\",\"@id\":\"https:\\\/\\\/www.webdo.tn\\\/fr\\\/#website\",\"url\":\"https:\\\/\\\/www.webdo.tn\\\/fr\\\/\",\"name\":\"webdo\",\"description\":\"Tunisie - News en Tunisie et \u00e0 l&#039;international sur Webdo.tn\",\"publisher\":{\"@id\":\"https:\\\/\\\/www.webdo.tn\\\/fr\\\/#organization\"},\"potentialAction\":[{\"@type\":\"SearchAction\",\"target\":{\"@type\":\"EntryPoint\",\"urlTemplate\":\"https:\\\/\\\/www.webdo.tn\\\/fr\\\/?s={search_term_string}\"},\"query-input\":{\"@type\":\"PropertyValueSpecification\",\"valueRequired\":true,\"valueName\":\"search_term_string\"}}],\"inLanguage\":\"fr-FR\"},{\"@type\":\"Organization\",\"@id\":\"https:\\\/\\\/www.webdo.tn\\\/fr\\\/#organization\",\"name\":\"Webdo\",\"alternateName\":\"Webdo.tn\",\"url\":\"https:\\\/\\\/www.webdo.tn\\\/fr\\\/\",\"logo\":{\"@type\":\"ImageObject\",\"inLanguage\":\"fr-FR\",\"@id\":\"https:\\\/\\\/www.webdo.tn\\\/fr\\\/#\\\/schema\\\/logo\\\/image\\\/\",\"url\":\"https:\\\/\\\/www.webdo.tn\\\/fr\\\/wp-content\\\/uploads\\\/2025\\\/06\\\/Webdo-Tunisie_168377.jpg\",\"contentUrl\":\"https:\\\/\\\/www.webdo.tn\\\/fr\\\/wp-content\\\/uploads\\\/2025\\\/06\\\/Webdo-Tunisie_168377.jpg\",\"width\":301,\"height\":301,\"caption\":\"Webdo\"},\"image\":{\"@id\":\"https:\\\/\\\/www.webdo.tn\\\/fr\\\/#\\\/schema\\\/logo\\\/image\\\/\"},\"sameAs\":[\"https:\\\/\\\/www.facebook.com\\\/webdotn\",\"https:\\\/\\\/x.com\\\/webdo_tn\"],\"description\":\"Webdo est un m\u00e9dia num\u00e9rique tunisien fond\u00e9 en 2010, sp\u00e9cialis\u00e9 dans l\u2019actualit\u00e9 nationale et internationale, l\u2019\u00e9conomie, la soci\u00e9t\u00e9 et les analyses politiques. Le site s\u2019adresse \u00e0 un large public francophone et couvre l\u2019information tunisienne en temps r\u00e9el.\",\"email\":\"redac@webdo.tn\",\"legalName\":\"YNJ SARL\",\"foundingDate\":\"2010-09-06\",\"numberOfEmployees\":{\"@type\":\"QuantitativeValue\",\"minValue\":\"11\",\"maxValue\":\"50\"}},{\"@type\":\"Person\",\"@id\":\"https:\\\/\\\/www.webdo.tn\\\/fr\\\/#\\\/schema\\\/person\\\/6bc0beba2cd23aec27cb5df85ca2554f\",\"name\":\"Hatem Bourial\",\"image\":{\"@type\":\"ImageObject\",\"inLanguage\":\"fr-FR\",\"@id\":\"https:\\\/\\\/www.webdo.tn\\\/fr\\\/wp-content\\\/uploads\\\/2026\\\/04\\\/hatem-bourial_avatar-96x96.jpg\",\"url\":\"https:\\\/\\\/www.webdo.tn\\\/fr\\\/wp-content\\\/uploads\\\/2026\\\/04\\\/hatem-bourial_avatar-96x96.jpg\",\"contentUrl\":\"https:\\\/\\\/www.webdo.tn\\\/fr\\\/wp-content\\\/uploads\\\/2026\\\/04\\\/hatem-bourial_avatar-96x96.jpg\",\"caption\":\"Hatem Bourial\"},\"description\":\"Hatem Bourial est journaliste, \u00e9crivain et chroniqueur tunisien. Actif depuis plusieurs d\u00e9cennies, il s\u2019est impos\u00e9 comme un observateur attentif de la soci\u00e9t\u00e9 tunisienne, m\u00ealant dans ses \u00e9crits m\u00e9moire, culture et analyse du quotidien. Auteur de nombreux ouvrages, il d\u00e9veloppe une \u0153uvre \u00e0 la crois\u00e9e du r\u00e9cit, de la po\u00e9sie et de l\u2019observation sociologique. Parall\u00e8lement \u00e0 ses contributions dans la presse, il intervient r\u00e9guli\u00e8rement \u00e0 la radio et dans des espaces culturels, o\u00f9 il explore les enjeux li\u00e9s au patrimoine, \u00e0 l\u2019identit\u00e9 et aux transformations du monde contemporain. \u00c0 travers ses chroniques, Hatem Bourial propose une lecture sensible et approfondie de l\u2019actualit\u00e9, nourrie par une exp\u00e9rience journalistique et litt\u00e9raire reconnue. \ud83d\udd17 Facebook : https:\\\/\\\/www.facebook.com\\\/hatem.bourial.2025\",\"sameAs\":[\"https:\\\/\\\/www.facebook.com\\\/hatem.bourial.2025\",\"https:\\\/\\\/fr.wikipedia.org\\\/wiki\\\/Fichier:Hatem_Bourial.jpg\"],\"knowsAbout\":[\"Culture & patrimoine tunisien\",\"Chronique soci\u00e9tale\",\"Litt\u00e9rature & m\u00e9moire\",\"Cin\u00e9ma & critique culturelle\",\"Identit\u00e9 & mutations sociales\"],\"knowsLanguage\":[\"Arabe\",\"Fran\u00e7ais\",\"Anglais\",\"Italien\",\"Polonais\"],\"jobTitle\":\"Journaliste, \u00e9crivain et chroniqueur culturel\",\"worksFor\":\"Webdo\",\"url\":\"https:\\\/\\\/www.webdo.tn\\\/fr\\\/actualite\\\/author\\\/hatem-bourial-2\\\/\"}]}<\/script>\n<!-- \/ Yoast SEO Premium plugin. -->","yoast_head_json":{"title":"Le billet de Hatem Bourial - Harry Potter contre le Mage au noir burnous","description":"Le billet de Hatem Bourial - Harry Potter contre le Mage au noir burnous","canonical":"https:\/\/www.webdo.tn\/fr\/actualite\/chroniques\/le-billet-de-hatem-bourial-harry-potter-contre-le-mage-au-noir-burnous\/186885\/","og_locale":"fr_FR","og_type":"article","og_title":"Le billet de Hatem Bourial - Harry Potter contre le Mage au noir burnous","og_description":"Le billet de Hatem Bourial - Harry Potter contre le Mage au noir burnous","og_url":"https:\/\/www.webdo.tn\/fr\/actualite\/chroniques\/le-billet-de-hatem-bourial-harry-potter-contre-le-mage-au-noir-burnous\/186885\/","og_site_name":"webdo","article_publisher":"https:\/\/www.facebook.com\/webdotn","article_author":"https:\/\/www.facebook.com\/hatem.bourial.2025","article_published_time":"2013-12-31T10:52:00+00:00","article_modified_time":"2025-06-04T18:35:28+00:00","og_image":[{"width":470,"height":250,"url":"https:\/\/www.webdo.tn\/fr\/wp-content\/uploads\/2013\/12\/Harry-Potter-and-the-Deathly-Hallows-Part-2-Early-Reviews.jpg","type":"image\/jpeg"}],"author":"Hatem Bourial","twitter_card":"summary_large_image","twitter_creator":"@webdo_tn","twitter_site":"@webdo_tn","twitter_misc":{"\u00c9crit par":"Hatem Bourial","Dur\u00e9e de lecture estim\u00e9e":"3 minutes"},"schema":{"@context":"https:\/\/schema.org","@graph":[{"@type":"NewsArticle","@id":"https:\/\/www.webdo.tn\/fr\/actualite\/chroniques\/le-billet-de-hatem-bourial-harry-potter-contre-le-mage-au-noir-burnous\/186885\/#article","isPartOf":{"@id":"https:\/\/www.webdo.tn\/fr\/actualite\/chroniques\/le-billet-de-hatem-bourial-harry-potter-contre-le-mage-au-noir-burnous\/186885\/"},"author":{"name":"Hatem Bourial","@id":"https:\/\/www.webdo.tn\/fr\/#\/schema\/person\/6bc0beba2cd23aec27cb5df85ca2554f"},"headline":"Le billet de Hatem Bourial &#8211; Harry Potter contre le Mage au noir burnous","datePublished":"2013-12-31T10:52:00+00:00","dateModified":"2025-06-04T18:35:28+00:00","mainEntityOfPage":{"@id":"https:\/\/www.webdo.tn\/fr\/actualite\/chroniques\/le-billet-de-hatem-bourial-harry-potter-contre-le-mage-au-noir-burnous\/186885\/"},"wordCount":554,"commentCount":0,"publisher":{"@id":"https:\/\/www.webdo.tn\/fr\/#organization"},"image":{"@id":"https:\/\/www.webdo.tn\/fr\/actualite\/chroniques\/le-billet-de-hatem-bourial-harry-potter-contre-le-mage-au-noir-burnous\/186885\/#primaryimage"},"thumbnailUrl":"https:\/\/www.webdo.tn\/fr\/wp-content\/uploads\/2013\/12\/Harry-Potter-and-the-Deathly-Hallows-Part-2-Early-Reviews.jpg","articleSection":["Chroniques"],"inLanguage":"fr-FR"},{"@type":"WebPage","@id":"https:\/\/www.webdo.tn\/fr\/actualite\/chroniques\/le-billet-de-hatem-bourial-harry-potter-contre-le-mage-au-noir-burnous\/186885\/","url":"https:\/\/www.webdo.tn\/fr\/actualite\/chroniques\/le-billet-de-hatem-bourial-harry-potter-contre-le-mage-au-noir-burnous\/186885\/","name":"Le billet de Hatem Bourial - Harry Potter contre le Mage au noir burnous","isPartOf":{"@id":"https:\/\/www.webdo.tn\/fr\/#website"},"primaryImageOfPage":{"@id":"https:\/\/www.webdo.tn\/fr\/actualite\/chroniques\/le-billet-de-hatem-bourial-harry-potter-contre-le-mage-au-noir-burnous\/186885\/#primaryimage"},"image":{"@id":"https:\/\/www.webdo.tn\/fr\/actualite\/chroniques\/le-billet-de-hatem-bourial-harry-potter-contre-le-mage-au-noir-burnous\/186885\/#primaryimage"},"thumbnailUrl":"https:\/\/www.webdo.tn\/fr\/wp-content\/uploads\/2013\/12\/Harry-Potter-and-the-Deathly-Hallows-Part-2-Early-Reviews.jpg","datePublished":"2013-12-31T10:52:00+00:00","dateModified":"2025-06-04T18:35:28+00:00","description":"Le billet de Hatem Bourial - Harry Potter contre le Mage au noir burnous","breadcrumb":{"@id":"https:\/\/www.webdo.tn\/fr\/actualite\/chroniques\/le-billet-de-hatem-bourial-harry-potter-contre-le-mage-au-noir-burnous\/186885\/#breadcrumb"},"inLanguage":"fr-FR","potentialAction":[{"@type":"ReadAction","target":["https:\/\/www.webdo.tn\/fr\/actualite\/chroniques\/le-billet-de-hatem-bourial-harry-potter-contre-le-mage-au-noir-burnous\/186885\/"]}]},{"@type":"ImageObject","inLanguage":"fr-FR","@id":"https:\/\/www.webdo.tn\/fr\/actualite\/chroniques\/le-billet-de-hatem-bourial-harry-potter-contre-le-mage-au-noir-burnous\/186885\/#primaryimage","url":"https:\/\/www.webdo.tn\/fr\/wp-content\/uploads\/2013\/12\/Harry-Potter-and-the-Deathly-Hallows-Part-2-Early-Reviews.jpg","contentUrl":"https:\/\/www.webdo.tn\/fr\/wp-content\/uploads\/2013\/12\/Harry-Potter-and-the-Deathly-Hallows-Part-2-Early-Reviews.jpg","width":470,"height":250,"caption":"Le billet de Hatem Bourial - Harry Potter contre le Mage au noir burnous"},{"@type":"BreadcrumbList","@id":"https:\/\/www.webdo.tn\/fr\/actualite\/chroniques\/le-billet-de-hatem-bourial-harry-potter-contre-le-mage-au-noir-burnous\/186885\/#breadcrumb","itemListElement":[{"@type":"ListItem","position":1,"name":"Accueil","item":"https:\/\/www.webdo.tn\/fr\/"},{"@type":"ListItem","position":2,"name":"Le billet de Hatem Bourial &#8211; Harry Potter contre le Mage au noir burnous"}]},{"@type":"WebSite","@id":"https:\/\/www.webdo.tn\/fr\/#website","url":"https:\/\/www.webdo.tn\/fr\/","name":"webdo","description":"Tunisie - News en Tunisie et \u00e0 l&#039;international sur Webdo.tn","publisher":{"@id":"https:\/\/www.webdo.tn\/fr\/#organization"},"potentialAction":[{"@type":"SearchAction","target":{"@type":"EntryPoint","urlTemplate":"https:\/\/www.webdo.tn\/fr\/?s={search_term_string}"},"query-input":{"@type":"PropertyValueSpecification","valueRequired":true,"valueName":"search_term_string"}}],"inLanguage":"fr-FR"},{"@type":"Organization","@id":"https:\/\/www.webdo.tn\/fr\/#organization","name":"Webdo","alternateName":"Webdo.tn","url":"https:\/\/www.webdo.tn\/fr\/","logo":{"@type":"ImageObject","inLanguage":"fr-FR","@id":"https:\/\/www.webdo.tn\/fr\/#\/schema\/logo\/image\/","url":"https:\/\/www.webdo.tn\/fr\/wp-content\/uploads\/2025\/06\/Webdo-Tunisie_168377.jpg","contentUrl":"https:\/\/www.webdo.tn\/fr\/wp-content\/uploads\/2025\/06\/Webdo-Tunisie_168377.jpg","width":301,"height":301,"caption":"Webdo"},"image":{"@id":"https:\/\/www.webdo.tn\/fr\/#\/schema\/logo\/image\/"},"sameAs":["https:\/\/www.facebook.com\/webdotn","https:\/\/x.com\/webdo_tn"],"description":"Webdo est un m\u00e9dia num\u00e9rique tunisien fond\u00e9 en 2010, sp\u00e9cialis\u00e9 dans l\u2019actualit\u00e9 nationale et internationale, l\u2019\u00e9conomie, la soci\u00e9t\u00e9 et les analyses politiques. Le site s\u2019adresse \u00e0 un large public francophone et couvre l\u2019information tunisienne en temps r\u00e9el.","email":"redac@webdo.tn","legalName":"YNJ SARL","foundingDate":"2010-09-06","numberOfEmployees":{"@type":"QuantitativeValue","minValue":"11","maxValue":"50"}},{"@type":"Person","@id":"https:\/\/www.webdo.tn\/fr\/#\/schema\/person\/6bc0beba2cd23aec27cb5df85ca2554f","name":"Hatem Bourial","image":{"@type":"ImageObject","inLanguage":"fr-FR","@id":"https:\/\/www.webdo.tn\/fr\/wp-content\/uploads\/2026\/04\/hatem-bourial_avatar-96x96.jpg","url":"https:\/\/www.webdo.tn\/fr\/wp-content\/uploads\/2026\/04\/hatem-bourial_avatar-96x96.jpg","contentUrl":"https:\/\/www.webdo.tn\/fr\/wp-content\/uploads\/2026\/04\/hatem-bourial_avatar-96x96.jpg","caption":"Hatem Bourial"},"description":"Hatem Bourial est journaliste, \u00e9crivain et chroniqueur tunisien. Actif depuis plusieurs d\u00e9cennies, il s\u2019est impos\u00e9 comme un observateur attentif de la soci\u00e9t\u00e9 tunisienne, m\u00ealant dans ses \u00e9crits m\u00e9moire, culture et analyse du quotidien. Auteur de nombreux ouvrages, il d\u00e9veloppe une \u0153uvre \u00e0 la crois\u00e9e du r\u00e9cit, de la po\u00e9sie et de l\u2019observation sociologique. Parall\u00e8lement \u00e0 ses contributions dans la presse, il intervient r\u00e9guli\u00e8rement \u00e0 la radio et dans des espaces culturels, o\u00f9 il explore les enjeux li\u00e9s au patrimoine, \u00e0 l\u2019identit\u00e9 et aux transformations du monde contemporain. \u00c0 travers ses chroniques, Hatem Bourial propose une lecture sensible et approfondie de l\u2019actualit\u00e9, nourrie par une exp\u00e9rience journalistique et litt\u00e9raire reconnue. \ud83d\udd17 Facebook : https:\/\/www.facebook.com\/hatem.bourial.2025","sameAs":["https:\/\/www.facebook.com\/hatem.bourial.2025","https:\/\/fr.wikipedia.org\/wiki\/Fichier:Hatem_Bourial.jpg"],"knowsAbout":["Culture & patrimoine tunisien","Chronique soci\u00e9tale","Litt\u00e9rature & m\u00e9moire","Cin\u00e9ma & critique culturelle","Identit\u00e9 & mutations sociales"],"knowsLanguage":["Arabe","Fran\u00e7ais","Anglais","Italien","Polonais"],"jobTitle":"Journaliste, \u00e9crivain et chroniqueur culturel","worksFor":"Webdo","url":"https:\/\/www.webdo.tn\/fr\/actualite\/author\/hatem-bourial-2\/"}]}},"_links":{"self":[{"href":"https:\/\/www.webdo.tn\/fr\/wp-json\/wp\/v2\/posts\/186885","targetHints":{"allow":["GET"]}}],"collection":[{"href":"https:\/\/www.webdo.tn\/fr\/wp-json\/wp\/v2\/posts"}],"about":[{"href":"https:\/\/www.webdo.tn\/fr\/wp-json\/wp\/v2\/types\/post"}],"author":[{"embeddable":true,"href":"https:\/\/www.webdo.tn\/fr\/wp-json\/wp\/v2\/users\/3229"}],"replies":[{"embeddable":true,"href":"https:\/\/www.webdo.tn\/fr\/wp-json\/wp\/v2\/comments?post=186885"}],"version-history":[{"count":0,"href":"https:\/\/www.webdo.tn\/fr\/wp-json\/wp\/v2\/posts\/186885\/revisions"}],"wp:featuredmedia":[{"embeddable":true,"href":"https:\/\/www.webdo.tn\/fr\/wp-json\/wp\/v2\/media\/353397"}],"wp:attachment":[{"href":"https:\/\/www.webdo.tn\/fr\/wp-json\/wp\/v2\/media?parent=186885"}],"wp:term":[{"taxonomy":"category","embeddable":true,"href":"https:\/\/www.webdo.tn\/fr\/wp-json\/wp\/v2\/categories?post=186885"},{"taxonomy":"post_tag","embeddable":true,"href":"https:\/\/www.webdo.tn\/fr\/wp-json\/wp\/v2\/tags?post=186885"}],"curies":[{"name":"wp","href":"https:\/\/api.w.org\/{rel}","templated":true}]}}