{"id":186883,"date":"2013-12-20T09:30:00","date_gmt":"2013-12-20T08:30:00","guid":{"rendered":"https:\/\/www.webdo.tn\/fr\/actualite\/les-billets-de-hatem-bourial\/le-contre-preche-du-vendredi-nous-sommes-tous-salafistes\/186883"},"modified":"2013-12-20T09:30:00","modified_gmt":"2013-12-20T08:30:00","slug":"le-contre-preche-du-vendredi-nous-sommes-tous-salafistes","status":"publish","type":"post","link":"https:\/\/www.webdo.tn\/fr\/actualite\/chroniques\/le-contre-preche-du-vendredi-nous-sommes-tous-salafistes\/186883\/","title":{"rendered":"Le contre-pr\u00eache du vendredi &#8211; Nous sommes tous salafistes !"},"content":{"rendered":"<p>Et pourquoi pas moi ? Oui, pourquoi pas, comme tant d&rsquo;autres, ne m&rsquo;auto-proclamerai-je pas imam ? Oui, vous lisez bien, je vais moi aussi me bombarder imam et commettre des sermons du vendredi qui seront aussi \u00ab\u00a0ill\u00e9gaux\u00a0\u00bb que ceux prononc\u00e9s dans certaines mosqu\u00e9es mais certainement moins f\u00e9roces.<\/p>\n<p>Jamais, au grand jamais, mes ch\u00e8res ouailles, je ne pr\u00f4nerai haine et violence du haut de mon minbar num\u00e9rique. Jamais, je ne pr\u00eacherai la fitna et, toujours je demeurerai dans les valeurs qui nous rassemblent : sunnisme mal\u00e9kite, r\u00e9publique civile et libert\u00e9 de culte.<\/p>\n<p>Oyez donc mes ch\u00e8res ouailles, mon premier sermon en ce vendredi qui nous rapproche des f\u00eates du Mouled qui interviendront dans quelques semaines et seront l&rsquo;occasion de c\u00e9l\u00e9brer notre Proph\u00e8te.<\/p>\n<p>Permettez-moi de vous raconter une aventure qui m&rsquo;est arriv\u00e9e r\u00e9cemment et vous demander de r\u00e9fl\u00e9chir \u00e0 la morale qu&rsquo;on pourrait en retirer.<\/p>\n<p>C&rsquo;\u00e9tait mercredi dernier \u00e0 une heure matinale. Il faisait encore noir et une affaire urgente m&rsquo;a men\u00e9 \u00e0 arr\u00eater un taxi alors qu&rsquo;il \u00e9tait \u00e0 peine six heures.<\/p>\n<p>J&#8217;embarquai dans la voiture et, sans surprise, le taximan \u00e9coutait des versets de Coran sur son poste radio. J&rsquo;aime en ces heures matinales, \u00e9couter les voix comme celle du cheikh Barrak ou de Abdelbasset Abdessamad psalmodier la parole sacr\u00e9e. C&rsquo;est beau, c&rsquo;est apaisant, c&rsquo;est un moment de contemplation et de ferveur avant d&rsquo;affronter une rude journ\u00e9e de travail. Nous \u00e9cout\u00e2mes donc en ch\u0153ur&#8230;<\/p>\n<p>Barbu, cultivant un look clairement salafiste, mon chauffeur ne se contenta pas, \u00e0 mon instar, d&rsquo;une pri\u00e8re silencieuse. Il engagea la conversation et choisit de l&rsquo;orienter vers un terrain religieux. M\u00eame si je trouvais qu&rsquo;il avait tort d&rsquo;agir de la sorte, je me pliai \u00e0 sa volont\u00e9 et acceptai de discuter.<\/p>\n<p>Seulement, il e\u00fbt vite fait de m&rsquo;entrainer sur un terrain glissant, en divisant les Tunisiens en m\u00e9cr\u00e9ants et en personnes pieuses.<\/p>\n<p>Je lui demandai alors si nos accoutrements diff\u00e9rents permettaient de me classer dans l&rsquo;un des deux camps. Il r\u00e9pondit que non mais qu&rsquo;il valait mieux suivre la Sunna du Proph\u00e8te et adopter un costume \u00e0 la fois plus oriental, plus politiquement correct et plus conforme \u00e0 la mode salafiste.<\/p>\n<p>Je lui r\u00e9pondis alors que nous autres sunnites sommes par d\u00e9finition tous des salafistes.<br \/>\nEn effet, notre foi et nos rites nous demandent d&rsquo;ob\u00e9ir aux pr\u00e9ceptes du Proph\u00e8te, \u00e0 sa Sunna qui consigne ses dits, ses gestes et m\u00eame ses silences.<\/p>\n<p>Seulement ajoutai-je, il y a deux mani\u00e8res d&rsquo;\u00eatre salafiste. La premi\u00e8re consiste \u00e0 adopter un look salafiste. La seconde \u00e0 s&rsquo;inspirer de notre Proph\u00e8te. Je demandai \u00e0 mon chauffeur de bien suivre ce que je disais et poursuivis en ces termes : \u00ab\u00a0Prenons une amande verte. Vous viendrait-il \u00e0 l&rsquo;id\u00e9e de manger la peau et jeter le fruit ? Bien s\u00fbr que non ! Nous jetons la peau (qchour) et mangeons le fruit (mammou). C&rsquo;est pour cela que l&rsquo;habit ou la barbe ne font pas le moine. Il faut en effet se m\u00e9fier des apparences et une personne glabre habill\u00e9e en veston cravate peut \u00eatre plus fervente qu&rsquo;un barbu en qamis\u00a0\u00bb.<\/p>\n<p>Je ne sais pas si mon chauffeur a \u00e9t\u00e9 convaincu par ma d\u00e9monstration. La fin de la course a interrompu notre conversation. Toutefois, il a accept\u00e9 mon id\u00e9e et dialogu\u00e9 civilement. C&rsquo;est ce que je recommande \u00e0 tous tout en vous demandant de r\u00e9fl\u00e9chir \u00e0 cette aventure. Allez maintenant en paix et, surtout, aimez votre prochain&#8230;<\/p>\n","protected":false},"excerpt":{"rendered":"<p>Et pourquoi pas moi ? Oui, pourquoi pas, comme tant d&rsquo;autres, ne m&rsquo;auto-proclamerai-je pas imam ? Oui, vous lisez bien, je vais moi aussi me bombarder imam<\/p>\n","protected":false},"author":3229,"featured_media":374087,"comment_status":"open","ping_status":"open","sticky":false,"template":"","format":"standard","meta":{"footnotes":""},"categories":[2596],"tags":[],"class_list":["post-186883","post","type-post","status-publish","format-standard","has-post-thumbnail","hentry","category-chroniques"],"yoast_head":"<!-- This site is optimized with the Yoast SEO Premium plugin v27.5 (Yoast SEO v27.5) - https:\/\/yoast.com\/product\/yoast-seo-premium-wordpress\/ -->\n<title>Le contre-pr\u00eache du vendredi - Nous sommes tous salafistes !<\/title>\n<meta name=\"description\" content=\"Le contre-pr\u00eache du vendredi - Nous sommes tous salafistes !\" \/>\n<link rel=\"canonical\" href=\"https:\/\/www.webdo.tn\/fr\/actualite\/chroniques\/le-contre-preche-du-vendredi-nous-sommes-tous-salafistes\/186883\/\" \/>\n<meta property=\"og:locale\" content=\"fr_FR\" \/>\n<meta property=\"og:type\" content=\"article\" \/>\n<meta property=\"og:title\" content=\"Le contre-pr\u00eache du vendredi - Nous sommes tous salafistes !\" \/>\n<meta property=\"og:description\" content=\"Le contre-pr\u00eache du vendredi - Nous sommes tous salafistes !\" \/>\n<meta property=\"og:url\" content=\"https:\/\/www.webdo.tn\/fr\/actualite\/chroniques\/le-contre-preche-du-vendredi-nous-sommes-tous-salafistes\/186883\/\" \/>\n<meta property=\"og:site_name\" content=\"webdo\" \/>\n<meta property=\"article:publisher\" content=\"https:\/\/www.facebook.com\/webdotn\" \/>\n<meta property=\"article:author\" content=\"https:\/\/www.facebook.com\/hatem.bourial.2025\" \/>\n<meta property=\"article:published_time\" content=\"2013-12-20T08:30:00+00:00\" \/>\n<meta name=\"author\" content=\"Hatem Bourial\" \/>\n<meta name=\"twitter:card\" content=\"summary_large_image\" \/>\n<meta name=\"twitter:creator\" content=\"@webdo_tn\" \/>\n<meta name=\"twitter:site\" content=\"@webdo_tn\" \/>\n<meta name=\"twitter:label1\" content=\"\u00c9crit par\" \/>\n\t<meta name=\"twitter:data1\" content=\"Hatem Bourial\" \/>\n\t<meta name=\"twitter:label2\" content=\"Dur\u00e9e de lecture estim\u00e9e\" \/>\n\t<meta name=\"twitter:data2\" content=\"3 minutes\" \/>\n<script type=\"application\/ld+json\" class=\"yoast-schema-graph\">{\"@context\":\"https:\\\/\\\/schema.org\",\"@graph\":[{\"@type\":\"NewsArticle\",\"@id\":\"https:\\\/\\\/www.webdo.tn\\\/fr\\\/actualite\\\/chroniques\\\/le-contre-preche-du-vendredi-nous-sommes-tous-salafistes\\\/186883\\\/#article\",\"isPartOf\":{\"@id\":\"https:\\\/\\\/www.webdo.tn\\\/fr\\\/actualite\\\/chroniques\\\/le-contre-preche-du-vendredi-nous-sommes-tous-salafistes\\\/186883\\\/\"},\"author\":{\"name\":\"Hatem Bourial\",\"@id\":\"https:\\\/\\\/www.webdo.tn\\\/fr\\\/#\\\/schema\\\/person\\\/6bc0beba2cd23aec27cb5df85ca2554f\"},\"headline\":\"Le contre-pr\u00eache du vendredi &#8211; Nous sommes tous salafistes !\",\"datePublished\":\"2013-12-20T08:30:00+00:00\",\"mainEntityOfPage\":{\"@id\":\"https:\\\/\\\/www.webdo.tn\\\/fr\\\/actualite\\\/chroniques\\\/le-contre-preche-du-vendredi-nous-sommes-tous-salafistes\\\/186883\\\/\"},\"wordCount\":630,\"commentCount\":0,\"publisher\":{\"@id\":\"https:\\\/\\\/www.webdo.tn\\\/fr\\\/#organization\"},\"image\":{\"@id\":\"https:\\\/\\\/www.webdo.tn\\\/fr\\\/actualite\\\/chroniques\\\/le-contre-preche-du-vendredi-nous-sommes-tous-salafistes\\\/186883\\\/#primaryimage\"},\"thumbnailUrl\":\"https:\\\/\\\/www.webdo.tn\\\/fr\\\/wp-content\\\/uploads\\\/2025\\\/06\\\/Salafistes-photo-Reuters_186883.jpg\",\"articleSection\":[\"Chroniques\"],\"inLanguage\":\"fr-FR\"},{\"@type\":\"WebPage\",\"@id\":\"https:\\\/\\\/www.webdo.tn\\\/fr\\\/actualite\\\/chroniques\\\/le-contre-preche-du-vendredi-nous-sommes-tous-salafistes\\\/186883\\\/\",\"url\":\"https:\\\/\\\/www.webdo.tn\\\/fr\\\/actualite\\\/chroniques\\\/le-contre-preche-du-vendredi-nous-sommes-tous-salafistes\\\/186883\\\/\",\"name\":\"Le contre-pr\u00eache du vendredi - Nous sommes tous salafistes !\",\"isPartOf\":{\"@id\":\"https:\\\/\\\/www.webdo.tn\\\/fr\\\/#website\"},\"primaryImageOfPage\":{\"@id\":\"https:\\\/\\\/www.webdo.tn\\\/fr\\\/actualite\\\/chroniques\\\/le-contre-preche-du-vendredi-nous-sommes-tous-salafistes\\\/186883\\\/#primaryimage\"},\"image\":{\"@id\":\"https:\\\/\\\/www.webdo.tn\\\/fr\\\/actualite\\\/chroniques\\\/le-contre-preche-du-vendredi-nous-sommes-tous-salafistes\\\/186883\\\/#primaryimage\"},\"thumbnailUrl\":\"https:\\\/\\\/www.webdo.tn\\\/fr\\\/wp-content\\\/uploads\\\/2025\\\/06\\\/Salafistes-photo-Reuters_186883.jpg\",\"datePublished\":\"2013-12-20T08:30:00+00:00\",\"description\":\"Le contre-pr\u00eache du vendredi - Nous sommes tous salafistes !\",\"breadcrumb\":{\"@id\":\"https:\\\/\\\/www.webdo.tn\\\/fr\\\/actualite\\\/chroniques\\\/le-contre-preche-du-vendredi-nous-sommes-tous-salafistes\\\/186883\\\/#breadcrumb\"},\"inLanguage\":\"fr-FR\",\"potentialAction\":[{\"@type\":\"ReadAction\",\"target\":[\"https:\\\/\\\/www.webdo.tn\\\/fr\\\/actualite\\\/chroniques\\\/le-contre-preche-du-vendredi-nous-sommes-tous-salafistes\\\/186883\\\/\"]}]},{\"@type\":\"ImageObject\",\"inLanguage\":\"fr-FR\",\"@id\":\"https:\\\/\\\/www.webdo.tn\\\/fr\\\/actualite\\\/chroniques\\\/le-contre-preche-du-vendredi-nous-sommes-tous-salafistes\\\/186883\\\/#primaryimage\",\"url\":\"https:\\\/\\\/www.webdo.tn\\\/fr\\\/wp-content\\\/uploads\\\/2025\\\/06\\\/Salafistes-photo-Reuters_186883.jpg\",\"contentUrl\":\"https:\\\/\\\/www.webdo.tn\\\/fr\\\/wp-content\\\/uploads\\\/2025\\\/06\\\/Salafistes-photo-Reuters_186883.jpg\",\"width\":290,\"height\":200,\"caption\":\"Le contre-pr\u00eache du vendredi - Nous sommes tous salafistes !\"},{\"@type\":\"BreadcrumbList\",\"@id\":\"https:\\\/\\\/www.webdo.tn\\\/fr\\\/actualite\\\/chroniques\\\/le-contre-preche-du-vendredi-nous-sommes-tous-salafistes\\\/186883\\\/#breadcrumb\",\"itemListElement\":[{\"@type\":\"ListItem\",\"position\":1,\"name\":\"Accueil\",\"item\":\"https:\\\/\\\/www.webdo.tn\\\/fr\\\/\"},{\"@type\":\"ListItem\",\"position\":2,\"name\":\"Le contre-pr\u00eache du vendredi &#8211; Nous sommes tous salafistes !\"}]},{\"@type\":\"WebSite\",\"@id\":\"https:\\\/\\\/www.webdo.tn\\\/fr\\\/#website\",\"url\":\"https:\\\/\\\/www.webdo.tn\\\/fr\\\/\",\"name\":\"webdo\",\"description\":\"Tunisie - News en Tunisie et \u00e0 l&#039;international sur Webdo.tn\",\"publisher\":{\"@id\":\"https:\\\/\\\/www.webdo.tn\\\/fr\\\/#organization\"},\"potentialAction\":[{\"@type\":\"SearchAction\",\"target\":{\"@type\":\"EntryPoint\",\"urlTemplate\":\"https:\\\/\\\/www.webdo.tn\\\/fr\\\/?s={search_term_string}\"},\"query-input\":{\"@type\":\"PropertyValueSpecification\",\"valueRequired\":true,\"valueName\":\"search_term_string\"}}],\"inLanguage\":\"fr-FR\"},{\"@type\":\"Organization\",\"@id\":\"https:\\\/\\\/www.webdo.tn\\\/fr\\\/#organization\",\"name\":\"Webdo\",\"alternateName\":\"Webdo.tn\",\"url\":\"https:\\\/\\\/www.webdo.tn\\\/fr\\\/\",\"logo\":{\"@type\":\"ImageObject\",\"inLanguage\":\"fr-FR\",\"@id\":\"https:\\\/\\\/www.webdo.tn\\\/fr\\\/#\\\/schema\\\/logo\\\/image\\\/\",\"url\":\"https:\\\/\\\/www.webdo.tn\\\/fr\\\/wp-content\\\/uploads\\\/2025\\\/06\\\/Webdo-Tunisie_168377.jpg\",\"contentUrl\":\"https:\\\/\\\/www.webdo.tn\\\/fr\\\/wp-content\\\/uploads\\\/2025\\\/06\\\/Webdo-Tunisie_168377.jpg\",\"width\":301,\"height\":301,\"caption\":\"Webdo\"},\"image\":{\"@id\":\"https:\\\/\\\/www.webdo.tn\\\/fr\\\/#\\\/schema\\\/logo\\\/image\\\/\"},\"sameAs\":[\"https:\\\/\\\/www.facebook.com\\\/webdotn\",\"https:\\\/\\\/x.com\\\/webdo_tn\"],\"description\":\"Webdo est un m\u00e9dia num\u00e9rique tunisien fond\u00e9 en 2010, sp\u00e9cialis\u00e9 dans l\u2019actualit\u00e9 nationale et internationale, l\u2019\u00e9conomie, la soci\u00e9t\u00e9 et les analyses politiques. Le site s\u2019adresse \u00e0 un large public francophone et couvre l\u2019information tunisienne en temps r\u00e9el.\",\"email\":\"redac@webdo.tn\",\"legalName\":\"YNJ SARL\",\"foundingDate\":\"2010-09-06\",\"numberOfEmployees\":{\"@type\":\"QuantitativeValue\",\"minValue\":\"11\",\"maxValue\":\"50\"}},{\"@type\":\"Person\",\"@id\":\"https:\\\/\\\/www.webdo.tn\\\/fr\\\/#\\\/schema\\\/person\\\/6bc0beba2cd23aec27cb5df85ca2554f\",\"name\":\"Hatem Bourial\",\"image\":{\"@type\":\"ImageObject\",\"inLanguage\":\"fr-FR\",\"@id\":\"https:\\\/\\\/www.webdo.tn\\\/fr\\\/wp-content\\\/uploads\\\/2026\\\/04\\\/hatem-bourial_avatar-96x96.jpg\",\"url\":\"https:\\\/\\\/www.webdo.tn\\\/fr\\\/wp-content\\\/uploads\\\/2026\\\/04\\\/hatem-bourial_avatar-96x96.jpg\",\"contentUrl\":\"https:\\\/\\\/www.webdo.tn\\\/fr\\\/wp-content\\\/uploads\\\/2026\\\/04\\\/hatem-bourial_avatar-96x96.jpg\",\"caption\":\"Hatem Bourial\"},\"description\":\"Hatem Bourial est journaliste, \u00e9crivain et chroniqueur tunisien. Actif depuis plusieurs d\u00e9cennies, il s\u2019est impos\u00e9 comme un observateur attentif de la soci\u00e9t\u00e9 tunisienne, m\u00ealant dans ses \u00e9crits m\u00e9moire, culture et analyse du quotidien. Auteur de nombreux ouvrages, il d\u00e9veloppe une \u0153uvre \u00e0 la crois\u00e9e du r\u00e9cit, de la po\u00e9sie et de l\u2019observation sociologique. Parall\u00e8lement \u00e0 ses contributions dans la presse, il intervient r\u00e9guli\u00e8rement \u00e0 la radio et dans des espaces culturels, o\u00f9 il explore les enjeux li\u00e9s au patrimoine, \u00e0 l\u2019identit\u00e9 et aux transformations du monde contemporain. \u00c0 travers ses chroniques, Hatem Bourial propose une lecture sensible et approfondie de l\u2019actualit\u00e9, nourrie par une exp\u00e9rience journalistique et litt\u00e9raire reconnue. \ud83d\udd17 Facebook : https:\\\/\\\/www.facebook.com\\\/hatem.bourial.2025\",\"sameAs\":[\"https:\\\/\\\/www.facebook.com\\\/hatem.bourial.2025\",\"https:\\\/\\\/fr.wikipedia.org\\\/wiki\\\/Fichier:Hatem_Bourial.jpg\"],\"knowsAbout\":[\"Culture & patrimoine tunisien\",\"Chronique soci\u00e9tale\",\"Litt\u00e9rature & m\u00e9moire\",\"Cin\u00e9ma & critique culturelle\",\"Identit\u00e9 & mutations sociales\"],\"knowsLanguage\":[\"Arabe\",\"Fran\u00e7ais\",\"Anglais\",\"Italien\",\"Polonais\"],\"jobTitle\":\"Journaliste, \u00e9crivain et chroniqueur culturel\",\"worksFor\":\"Webdo\",\"url\":\"https:\\\/\\\/www.webdo.tn\\\/fr\\\/actualite\\\/author\\\/hatem-bourial-2\\\/\"}]}<\/script>\n<!-- \/ Yoast SEO Premium plugin. -->","yoast_head_json":{"title":"Le contre-pr\u00eache du vendredi - Nous sommes tous salafistes !","description":"Le contre-pr\u00eache du vendredi - Nous sommes tous salafistes !","canonical":"https:\/\/www.webdo.tn\/fr\/actualite\/chroniques\/le-contre-preche-du-vendredi-nous-sommes-tous-salafistes\/186883\/","og_locale":"fr_FR","og_type":"article","og_title":"Le contre-pr\u00eache du vendredi - Nous sommes tous salafistes !","og_description":"Le contre-pr\u00eache du vendredi - Nous sommes tous salafistes !","og_url":"https:\/\/www.webdo.tn\/fr\/actualite\/chroniques\/le-contre-preche-du-vendredi-nous-sommes-tous-salafistes\/186883\/","og_site_name":"webdo","article_publisher":"https:\/\/www.facebook.com\/webdotn","article_author":"https:\/\/www.facebook.com\/hatem.bourial.2025","article_published_time":"2013-12-20T08:30:00+00:00","author":"Hatem Bourial","twitter_card":"summary_large_image","twitter_creator":"@webdo_tn","twitter_site":"@webdo_tn","twitter_misc":{"\u00c9crit par":"Hatem Bourial","Dur\u00e9e de lecture estim\u00e9e":"3 minutes"},"schema":{"@context":"https:\/\/schema.org","@graph":[{"@type":"NewsArticle","@id":"https:\/\/www.webdo.tn\/fr\/actualite\/chroniques\/le-contre-preche-du-vendredi-nous-sommes-tous-salafistes\/186883\/#article","isPartOf":{"@id":"https:\/\/www.webdo.tn\/fr\/actualite\/chroniques\/le-contre-preche-du-vendredi-nous-sommes-tous-salafistes\/186883\/"},"author":{"name":"Hatem Bourial","@id":"https:\/\/www.webdo.tn\/fr\/#\/schema\/person\/6bc0beba2cd23aec27cb5df85ca2554f"},"headline":"Le contre-pr\u00eache du vendredi &#8211; Nous sommes tous salafistes !","datePublished":"2013-12-20T08:30:00+00:00","mainEntityOfPage":{"@id":"https:\/\/www.webdo.tn\/fr\/actualite\/chroniques\/le-contre-preche-du-vendredi-nous-sommes-tous-salafistes\/186883\/"},"wordCount":630,"commentCount":0,"publisher":{"@id":"https:\/\/www.webdo.tn\/fr\/#organization"},"image":{"@id":"https:\/\/www.webdo.tn\/fr\/actualite\/chroniques\/le-contre-preche-du-vendredi-nous-sommes-tous-salafistes\/186883\/#primaryimage"},"thumbnailUrl":"https:\/\/www.webdo.tn\/fr\/wp-content\/uploads\/2025\/06\/Salafistes-photo-Reuters_186883.jpg","articleSection":["Chroniques"],"inLanguage":"fr-FR"},{"@type":"WebPage","@id":"https:\/\/www.webdo.tn\/fr\/actualite\/chroniques\/le-contre-preche-du-vendredi-nous-sommes-tous-salafistes\/186883\/","url":"https:\/\/www.webdo.tn\/fr\/actualite\/chroniques\/le-contre-preche-du-vendredi-nous-sommes-tous-salafistes\/186883\/","name":"Le contre-pr\u00eache du vendredi - Nous sommes tous salafistes !","isPartOf":{"@id":"https:\/\/www.webdo.tn\/fr\/#website"},"primaryImageOfPage":{"@id":"https:\/\/www.webdo.tn\/fr\/actualite\/chroniques\/le-contre-preche-du-vendredi-nous-sommes-tous-salafistes\/186883\/#primaryimage"},"image":{"@id":"https:\/\/www.webdo.tn\/fr\/actualite\/chroniques\/le-contre-preche-du-vendredi-nous-sommes-tous-salafistes\/186883\/#primaryimage"},"thumbnailUrl":"https:\/\/www.webdo.tn\/fr\/wp-content\/uploads\/2025\/06\/Salafistes-photo-Reuters_186883.jpg","datePublished":"2013-12-20T08:30:00+00:00","description":"Le contre-pr\u00eache du vendredi - Nous sommes tous salafistes !","breadcrumb":{"@id":"https:\/\/www.webdo.tn\/fr\/actualite\/chroniques\/le-contre-preche-du-vendredi-nous-sommes-tous-salafistes\/186883\/#breadcrumb"},"inLanguage":"fr-FR","potentialAction":[{"@type":"ReadAction","target":["https:\/\/www.webdo.tn\/fr\/actualite\/chroniques\/le-contre-preche-du-vendredi-nous-sommes-tous-salafistes\/186883\/"]}]},{"@type":"ImageObject","inLanguage":"fr-FR","@id":"https:\/\/www.webdo.tn\/fr\/actualite\/chroniques\/le-contre-preche-du-vendredi-nous-sommes-tous-salafistes\/186883\/#primaryimage","url":"https:\/\/www.webdo.tn\/fr\/wp-content\/uploads\/2025\/06\/Salafistes-photo-Reuters_186883.jpg","contentUrl":"https:\/\/www.webdo.tn\/fr\/wp-content\/uploads\/2025\/06\/Salafistes-photo-Reuters_186883.jpg","width":290,"height":200,"caption":"Le contre-pr\u00eache du vendredi - Nous sommes tous salafistes !"},{"@type":"BreadcrumbList","@id":"https:\/\/www.webdo.tn\/fr\/actualite\/chroniques\/le-contre-preche-du-vendredi-nous-sommes-tous-salafistes\/186883\/#breadcrumb","itemListElement":[{"@type":"ListItem","position":1,"name":"Accueil","item":"https:\/\/www.webdo.tn\/fr\/"},{"@type":"ListItem","position":2,"name":"Le contre-pr\u00eache du vendredi &#8211; Nous sommes tous salafistes !"}]},{"@type":"WebSite","@id":"https:\/\/www.webdo.tn\/fr\/#website","url":"https:\/\/www.webdo.tn\/fr\/","name":"webdo","description":"Tunisie - News en Tunisie et \u00e0 l&#039;international sur Webdo.tn","publisher":{"@id":"https:\/\/www.webdo.tn\/fr\/#organization"},"potentialAction":[{"@type":"SearchAction","target":{"@type":"EntryPoint","urlTemplate":"https:\/\/www.webdo.tn\/fr\/?s={search_term_string}"},"query-input":{"@type":"PropertyValueSpecification","valueRequired":true,"valueName":"search_term_string"}}],"inLanguage":"fr-FR"},{"@type":"Organization","@id":"https:\/\/www.webdo.tn\/fr\/#organization","name":"Webdo","alternateName":"Webdo.tn","url":"https:\/\/www.webdo.tn\/fr\/","logo":{"@type":"ImageObject","inLanguage":"fr-FR","@id":"https:\/\/www.webdo.tn\/fr\/#\/schema\/logo\/image\/","url":"https:\/\/www.webdo.tn\/fr\/wp-content\/uploads\/2025\/06\/Webdo-Tunisie_168377.jpg","contentUrl":"https:\/\/www.webdo.tn\/fr\/wp-content\/uploads\/2025\/06\/Webdo-Tunisie_168377.jpg","width":301,"height":301,"caption":"Webdo"},"image":{"@id":"https:\/\/www.webdo.tn\/fr\/#\/schema\/logo\/image\/"},"sameAs":["https:\/\/www.facebook.com\/webdotn","https:\/\/x.com\/webdo_tn"],"description":"Webdo est un m\u00e9dia num\u00e9rique tunisien fond\u00e9 en 2010, sp\u00e9cialis\u00e9 dans l\u2019actualit\u00e9 nationale et internationale, l\u2019\u00e9conomie, la soci\u00e9t\u00e9 et les analyses politiques. Le site s\u2019adresse \u00e0 un large public francophone et couvre l\u2019information tunisienne en temps r\u00e9el.","email":"redac@webdo.tn","legalName":"YNJ SARL","foundingDate":"2010-09-06","numberOfEmployees":{"@type":"QuantitativeValue","minValue":"11","maxValue":"50"}},{"@type":"Person","@id":"https:\/\/www.webdo.tn\/fr\/#\/schema\/person\/6bc0beba2cd23aec27cb5df85ca2554f","name":"Hatem Bourial","image":{"@type":"ImageObject","inLanguage":"fr-FR","@id":"https:\/\/www.webdo.tn\/fr\/wp-content\/uploads\/2026\/04\/hatem-bourial_avatar-96x96.jpg","url":"https:\/\/www.webdo.tn\/fr\/wp-content\/uploads\/2026\/04\/hatem-bourial_avatar-96x96.jpg","contentUrl":"https:\/\/www.webdo.tn\/fr\/wp-content\/uploads\/2026\/04\/hatem-bourial_avatar-96x96.jpg","caption":"Hatem Bourial"},"description":"Hatem Bourial est journaliste, \u00e9crivain et chroniqueur tunisien. Actif depuis plusieurs d\u00e9cennies, il s\u2019est impos\u00e9 comme un observateur attentif de la soci\u00e9t\u00e9 tunisienne, m\u00ealant dans ses \u00e9crits m\u00e9moire, culture et analyse du quotidien. Auteur de nombreux ouvrages, il d\u00e9veloppe une \u0153uvre \u00e0 la crois\u00e9e du r\u00e9cit, de la po\u00e9sie et de l\u2019observation sociologique. Parall\u00e8lement \u00e0 ses contributions dans la presse, il intervient r\u00e9guli\u00e8rement \u00e0 la radio et dans des espaces culturels, o\u00f9 il explore les enjeux li\u00e9s au patrimoine, \u00e0 l\u2019identit\u00e9 et aux transformations du monde contemporain. \u00c0 travers ses chroniques, Hatem Bourial propose une lecture sensible et approfondie de l\u2019actualit\u00e9, nourrie par une exp\u00e9rience journalistique et litt\u00e9raire reconnue. \ud83d\udd17 Facebook : https:\/\/www.facebook.com\/hatem.bourial.2025","sameAs":["https:\/\/www.facebook.com\/hatem.bourial.2025","https:\/\/fr.wikipedia.org\/wiki\/Fichier:Hatem_Bourial.jpg"],"knowsAbout":["Culture & patrimoine tunisien","Chronique soci\u00e9tale","Litt\u00e9rature & m\u00e9moire","Cin\u00e9ma & critique culturelle","Identit\u00e9 & mutations sociales"],"knowsLanguage":["Arabe","Fran\u00e7ais","Anglais","Italien","Polonais"],"jobTitle":"Journaliste, \u00e9crivain et chroniqueur culturel","worksFor":"Webdo","url":"https:\/\/www.webdo.tn\/fr\/actualite\/author\/hatem-bourial-2\/"}]}},"_links":{"self":[{"href":"https:\/\/www.webdo.tn\/fr\/wp-json\/wp\/v2\/posts\/186883","targetHints":{"allow":["GET"]}}],"collection":[{"href":"https:\/\/www.webdo.tn\/fr\/wp-json\/wp\/v2\/posts"}],"about":[{"href":"https:\/\/www.webdo.tn\/fr\/wp-json\/wp\/v2\/types\/post"}],"author":[{"embeddable":true,"href":"https:\/\/www.webdo.tn\/fr\/wp-json\/wp\/v2\/users\/3229"}],"replies":[{"embeddable":true,"href":"https:\/\/www.webdo.tn\/fr\/wp-json\/wp\/v2\/comments?post=186883"}],"version-history":[{"count":0,"href":"https:\/\/www.webdo.tn\/fr\/wp-json\/wp\/v2\/posts\/186883\/revisions"}],"wp:featuredmedia":[{"embeddable":true,"href":"https:\/\/www.webdo.tn\/fr\/wp-json\/wp\/v2\/media\/374087"}],"wp:attachment":[{"href":"https:\/\/www.webdo.tn\/fr\/wp-json\/wp\/v2\/media?parent=186883"}],"wp:term":[{"taxonomy":"category","embeddable":true,"href":"https:\/\/www.webdo.tn\/fr\/wp-json\/wp\/v2\/categories?post=186883"},{"taxonomy":"post_tag","embeddable":true,"href":"https:\/\/www.webdo.tn\/fr\/wp-json\/wp\/v2\/tags?post=186883"}],"curies":[{"name":"wp","href":"https:\/\/api.w.org\/{rel}","templated":true}]}}