{"id":186882,"date":"2013-12-17T11:51:00","date_gmt":"2013-12-17T11:51:00","guid":{"rendered":"https:\/\/www.webdo.tn\/fr\/blog\/le-billet-de-hatem-bourial-notre-perte-du-francais-a-fait-le-lit-de-lintegrisme\/186882\/"},"modified":"2013-12-17T11:51:00","modified_gmt":"2013-12-17T11:51:00","slug":"le-billet-de-hatem-bourial-notre-perte-du-francais-a-fait-le-lit-de-lintegrisme","status":"publish","type":"post","link":"https:\/\/www.webdo.tn\/fr\/actualite\/chroniques\/le-billet-de-hatem-bourial-notre-perte-du-francais-a-fait-le-lit-de-lintegrisme\/186882\/","title":{"rendered":"Le billet de Hatem Bourial &#8211; Notre perte du fran\u00e7ais a fait le lit de l&rsquo;int\u00e9grisme"},"content":{"rendered":"<p>Chaque langue est porteuse de valeurs, d&rsquo;une vision du monde, d&rsquo;un syst\u00e8me de pens\u00e9e. Jusqu&rsquo;aux ann\u00e9es 80, les Tunisiens \u00e9taient clairement bilingues. A condition bien-s\u00fbr qu&rsquo;ils soient pass\u00e9s par l&rsquo;\u00e9cole. Aujourd&rsquo;hui, ils sont nombreux \u00e0 \u00eatre devenus bib\u00e8gues tout en se targuant d&rsquo;\u00eatre de v\u00e9ritables arabophones.<\/p>\n<p>Que s&rsquo;est-il pass\u00e9 pour qu&rsquo;en trente ans, un pays perde sa boussole linguistique et alimente d\u00e9sormais l&rsquo;int\u00e9grisme et le terrorisme ? Peut-on dire que notre perte de la langue fran\u00e7aise a contribu\u00e9 \u00e0 faire le lit du fondamentalisme et de la violence ?<br \/>\nLa r\u00e9ponse \u00e0 ces questions n\u00e9cessiterait une longue analyse. Essayons toutefois d&rsquo;au moins d\u00e9fricher cette probl\u00e9matique qui m\u00e9rite d&rsquo;\u00eatre discut\u00e9e. Quelques remarques devraient ainsi nous permettre d&rsquo;ouvrir la discussion en \u00e9voquant quelques points contradictoires, quelques \u00e9l\u00e9ments porteurs de rupture.<\/p>\n<p>1. Comment un pays perd-il sa deuxi\u00e8me langue ? Question ardue car, en r\u00e9alit\u00e9, c&rsquo;est une strat\u00e9gie d&rsquo;Etat qui a men\u00e9 \u00e0 notre nouvelle situation linguistique. Dans les ann\u00e9es soixante, l&rsquo;arabisation mise en \u0153uvre dans le domaine de l&rsquo;\u00e9ducation a port\u00e9 ses fruits douteux et fait basculer un pays entier.<br \/>\nEn un peu plus de deux d\u00e9cennies, cette politique qui combattait la langue fran\u00e7aise a d\u00e9bouch\u00e9 sur des r\u00e9sultats graves. Le bilinguisme tunisien \u00e9tait sap\u00e9 \u00e0 la base. La langue fran\u00e7aise \u00e9tait victime d&rsquo;une tentative d&rsquo;\u00e9radication marqu\u00e9e du sceau de l&rsquo;hypocrisie.<\/p>\n<p>En effet, ceux qui menaient tambour battant la politique d&rsquo;arabisation avaient en ce qui les concerne pris le soin d&rsquo;inscrire leurs enfants dans les \u00e9tablissements fran\u00e7ais. Rien que pour cette raison, le projet arabisant s&rsquo;apparentait \u00e0 une confiscation de la langue fran\u00e7aise \u00e0 laquelle le peuple n&rsquo;aurait plus acc\u00e8s et qui devenait le privil\u00e8ge des \u00e9lites du pays. De fait, d\u00e9truire la langue fran\u00e7aise revenait \u00e0 pr\u00e9parer le terrain \u00e0 une mont\u00e9e du fondamentalisme.<br \/>\nCette d\u00e9possession du fran\u00e7ais a \u00e9t\u00e9 d&rsquo;ailleurs le seul v\u00e9ritable r\u00e9sultat de l&rsquo;arabisation en Tunisie. Car, par ailleurs, l&rsquo;enseignement de l&rsquo;arabe \u00e9tait si catastrophique que nous avons fini par nous retrouver avec cette g\u00e9n\u00e9ration bib\u00e8gue et ce pouvoir burlesque qui la repr\u00e9sente.<\/p>\n<p>2. La langue des medias est d&rsquo;ailleurs \u00e0 l&rsquo;image de cette situation linguistique. A la radio surtout, on parle un arabe populiste qu&rsquo;on saupoudre de quelques termes en fran\u00e7ais pour faire bonne mesure. Cette langue n\u00e9vrotique tend d&rsquo;ailleurs \u00e0 devenir celle du d\u00e9bat politique. Ce qui est surprenant, c&rsquo;est que cette langue sans queue ni t\u00eate s&rsquo;est banalis\u00e9e \u00e0 l&rsquo;extr\u00eame, portant les germes d&rsquo;une d\u00e9route linguistique.<\/p>\n<p>3. Pourquoi affirmer que c&rsquo;est aussi notre perte du fran\u00e7ais qui a fait le lit de l&rsquo;int\u00e9grisme et de la violence ? Parce que cette perte nous a justement fait basculer dans un r\u00e9f\u00e9rentiel qui n&rsquo;est pas le notre. Avec l&rsquo;arabisation telle qu&rsquo;elle fut men\u00e9e, il devenait pour un Tunisien plus ais\u00e9 d&rsquo;acc\u00e9der au discours d&rsquo;un pr\u00eacheur wahabite et cathodique qu&rsquo;\u00e0 celui d&rsquo;un intellectuel francophone. Je parle bien du Tunisien moyen car la classe ais\u00e9e n&rsquo;a jamais rompu avec la langue fran\u00e7aise devenue un p\u00e9piement solitaire, confin\u00e9 dans les salons de la bourgeoisie et les cercles universitaires privil\u00e9gi\u00e9s et ignorants du pays profond voire du pays tout court.<\/p>\n<p>Simultan\u00e9ment, nos petits \u00e9crans \u00e9taient envahis de productions enfantines doubl\u00e9es en dialecte arabe du Golfe qui venaient supplanter la production nationale y compris en langue dialectale. Ceci est d&rsquo;ailleurs un fait essentiel et indiscutable : la langue fran\u00e7aise a \u00e9t\u00e9 \u00e9radiqu\u00e9e du paysage t\u00e9l\u00e9visuel national et se r\u00e9sumait \u00e0 la production d&rsquo;un t\u00e9l\u00e9 journal. D&rsquo;autre part, avec des complicit\u00e9s qu&rsquo;il faudra un jour d\u00e9m\u00ealer, notre t\u00e9l\u00e9vision a commenc\u00e9 \u00e0 s&rsquo;adresser \u00e0 nos enfants en&#8230; saoudien ! Je le r\u00e9p\u00e8te ce sont l\u00e0 des faits indiscutables.<\/p>\n<p>4. Le recul du fran\u00e7ais est aussi le r\u00e9sultat de la politique culturelle fran\u00e7aise en Tunisie. Cette politique a fait le choix d&rsquo;accompagner les \u00e9lites et seulement les \u00e9lites. Des sommes impressionnantes ont \u00e9t\u00e9 d\u00e9pens\u00e9es pour les caprices d&rsquo;une certaine bourgeoisie tunisoise qui contr\u00f4lait les r\u00e9seaux et se targuait de cr\u00e9ativit\u00e9 artistique. Ces connivences ont d&rsquo;ailleurs connu leur apog\u00e9e sous le minist\u00e8re Mitterrand. Malheureusement, rien n&rsquo;est fait pour le moment afin de rectifier le tir et soutenir la langue fran\u00e7aise dans sa vocation \u00e0 demeurer l&rsquo;une des deux langues d&rsquo;usage du peuple tunisien.<\/p>\n<p>Pourtant, les responsables culturels fran\u00e7ais peuvent ais\u00e9ment comprendre que celles et ceux qui font la queue pour s&rsquo;inscrire en cours de langue ne sont pas les enfants de la bourgeoisie mais ceux des classes moyenne et populaire, d\u00e9poss\u00e9d\u00e9es du fran\u00e7ais.<br \/>\nPourquoi donc cette perte du fran\u00e7ais ? Parce que la langue de Voltaire est devenue chez nous une langue de classe \u00e0 cause d&rsquo;une arabisation mal pens\u00e9e c\u00f4t\u00e9 tunisien et d&rsquo;une politique mal cibl\u00e9e c\u00f4t\u00e9 fran\u00e7ais.<\/p>\n<p>5. Pour sortir de cette impasse, pour \u00e9duquer une nouvelle g\u00e9n\u00e9ration dans une v\u00e9ritable \u00e9galit\u00e9 des chances, il est temps de rendre \u00e0 la langue fran\u00e7aise sa vocation de langue d&rsquo;ouverture sur le monde, aux c\u00f4t\u00e9s de l&rsquo;anglais qui n&rsquo;est pas mieux pratiqu\u00e9 en Tunisie. Sinon, nous nous condamnons \u00e0 faire encore et toujours le lit de l&rsquo;int\u00e9grisme tout en pr\u00e9parant le terrain \u00e0 un protectorat de fait : celui des monarchies du Golfe qui consid\u00e8rent que la Tunisie est d&rsquo;ores et d\u00e9j\u00e0 tomb\u00e9e dans leur escarcelle.<\/p>\n","protected":false},"excerpt":{"rendered":"<p>Le billet de Hatem Bourial &#8211; Notre perte du fran\u00e7ais a fait le lit de l&rsquo;int\u00e9grisme<\/p>\n","protected":false},"author":3229,"featured_media":374095,"comment_status":"open","ping_status":"closed","sticky":false,"template":"","format":"standard","meta":{"footnotes":""},"categories":[2596],"tags":[2600],"class_list":["post-186882","post","type-post","status-publish","format-standard","has-post-thumbnail","hentry","category-chroniques","tag-guerre"],"yoast_head":"<!-- This site is optimized with the Yoast SEO Premium plugin v27.5 (Yoast SEO v27.5) - https:\/\/yoast.com\/product\/yoast-seo-premium-wordpress\/ -->\n<title>Le billet de Hatem Bourial - Notre perte du fran\u00e7ais a fait le lit de l&#039;int\u00e9grisme<\/title>\n<meta name=\"description\" content=\"Le billet de Hatem Bourial - Notre perte du fran\u00e7ais a fait le lit de l&#039;int\u00e9grisme\" \/>\n<link rel=\"canonical\" href=\"https:\/\/www.webdo.tn\/fr\/actualite\/chroniques\/le-billet-de-hatem-bourial-notre-perte-du-francais-a-fait-le-lit-de-lintegrisme\/186882\/\" \/>\n<meta property=\"og:locale\" content=\"fr_FR\" \/>\n<meta property=\"og:type\" content=\"article\" \/>\n<meta property=\"og:title\" content=\"Le billet de Hatem Bourial - Notre perte du fran\u00e7ais a fait le lit de l&#039;int\u00e9grisme\" \/>\n<meta property=\"og:description\" content=\"Le billet de Hatem Bourial - Notre perte du fran\u00e7ais a fait le lit de l&#039;int\u00e9grisme\" \/>\n<meta property=\"og:url\" content=\"https:\/\/www.webdo.tn\/fr\/actualite\/chroniques\/le-billet-de-hatem-bourial-notre-perte-du-francais-a-fait-le-lit-de-lintegrisme\/186882\/\" \/>\n<meta property=\"og:site_name\" content=\"webdo\" \/>\n<meta property=\"article:publisher\" content=\"https:\/\/www.facebook.com\/webdotn\" \/>\n<meta property=\"article:author\" content=\"https:\/\/www.facebook.com\/hatem.bourial.2025\" \/>\n<meta property=\"article:published_time\" content=\"2013-12-17T11:51:00+00:00\" \/>\n<meta name=\"author\" content=\"Hatem Bourial\" \/>\n<meta name=\"twitter:card\" content=\"summary_large_image\" \/>\n<meta name=\"twitter:creator\" content=\"@webdo_tn\" \/>\n<meta name=\"twitter:site\" content=\"@webdo_tn\" \/>\n<meta name=\"twitter:label1\" content=\"\u00c9crit par\" \/>\n\t<meta name=\"twitter:data1\" content=\"Hatem Bourial\" \/>\n\t<meta name=\"twitter:label2\" content=\"Dur\u00e9e de lecture estim\u00e9e\" \/>\n\t<meta name=\"twitter:data2\" content=\"5 minutes\" \/>\n<script type=\"application\/ld+json\" class=\"yoast-schema-graph\">{\"@context\":\"https:\\\/\\\/schema.org\",\"@graph\":[{\"@type\":\"NewsArticle\",\"@id\":\"https:\\\/\\\/www.webdo.tn\\\/fr\\\/actualite\\\/chroniques\\\/le-billet-de-hatem-bourial-notre-perte-du-francais-a-fait-le-lit-de-lintegrisme\\\/186882\\\/#article\",\"isPartOf\":{\"@id\":\"https:\\\/\\\/www.webdo.tn\\\/fr\\\/actualite\\\/chroniques\\\/le-billet-de-hatem-bourial-notre-perte-du-francais-a-fait-le-lit-de-lintegrisme\\\/186882\\\/\"},\"author\":{\"name\":\"Hatem Bourial\",\"@id\":\"https:\\\/\\\/www.webdo.tn\\\/fr\\\/#\\\/schema\\\/person\\\/6bc0beba2cd23aec27cb5df85ca2554f\"},\"headline\":\"Le billet de Hatem Bourial &#8211; Notre perte du fran\u00e7ais a fait le lit de l&rsquo;int\u00e9grisme\",\"datePublished\":\"2013-12-17T11:51:00+00:00\",\"mainEntityOfPage\":{\"@id\":\"https:\\\/\\\/www.webdo.tn\\\/fr\\\/actualite\\\/chroniques\\\/le-billet-de-hatem-bourial-notre-perte-du-francais-a-fait-le-lit-de-lintegrisme\\\/186882\\\/\"},\"wordCount\":1010,\"commentCount\":0,\"publisher\":{\"@id\":\"https:\\\/\\\/www.webdo.tn\\\/fr\\\/#organization\"},\"image\":{\"@id\":\"https:\\\/\\\/www.webdo.tn\\\/fr\\\/actualite\\\/chroniques\\\/le-billet-de-hatem-bourial-notre-perte-du-francais-a-fait-le-lit-de-lintegrisme\\\/186882\\\/#primaryimage\"},\"thumbnailUrl\":\"https:\\\/\\\/www.webdo.tn\\\/fr\\\/wp-content\\\/uploads\\\/2025\\\/06\\\/Eleve-tunisien-photo-magharebia.com__186882.jpg\",\"keywords\":[\"guerre\"],\"articleSection\":[\"Chroniques\"],\"inLanguage\":\"fr-FR\"},{\"@type\":\"WebPage\",\"@id\":\"https:\\\/\\\/www.webdo.tn\\\/fr\\\/actualite\\\/chroniques\\\/le-billet-de-hatem-bourial-notre-perte-du-francais-a-fait-le-lit-de-lintegrisme\\\/186882\\\/\",\"url\":\"https:\\\/\\\/www.webdo.tn\\\/fr\\\/actualite\\\/chroniques\\\/le-billet-de-hatem-bourial-notre-perte-du-francais-a-fait-le-lit-de-lintegrisme\\\/186882\\\/\",\"name\":\"Le billet de Hatem Bourial - Notre perte du fran\u00e7ais a fait le lit de l'int\u00e9grisme\",\"isPartOf\":{\"@id\":\"https:\\\/\\\/www.webdo.tn\\\/fr\\\/#website\"},\"primaryImageOfPage\":{\"@id\":\"https:\\\/\\\/www.webdo.tn\\\/fr\\\/actualite\\\/chroniques\\\/le-billet-de-hatem-bourial-notre-perte-du-francais-a-fait-le-lit-de-lintegrisme\\\/186882\\\/#primaryimage\"},\"image\":{\"@id\":\"https:\\\/\\\/www.webdo.tn\\\/fr\\\/actualite\\\/chroniques\\\/le-billet-de-hatem-bourial-notre-perte-du-francais-a-fait-le-lit-de-lintegrisme\\\/186882\\\/#primaryimage\"},\"thumbnailUrl\":\"https:\\\/\\\/www.webdo.tn\\\/fr\\\/wp-content\\\/uploads\\\/2025\\\/06\\\/Eleve-tunisien-photo-magharebia.com__186882.jpg\",\"datePublished\":\"2013-12-17T11:51:00+00:00\",\"description\":\"Le billet de Hatem Bourial - Notre perte du fran\u00e7ais a fait le lit de l'int\u00e9grisme\",\"breadcrumb\":{\"@id\":\"https:\\\/\\\/www.webdo.tn\\\/fr\\\/actualite\\\/chroniques\\\/le-billet-de-hatem-bourial-notre-perte-du-francais-a-fait-le-lit-de-lintegrisme\\\/186882\\\/#breadcrumb\"},\"inLanguage\":\"fr-FR\",\"potentialAction\":[{\"@type\":\"ReadAction\",\"target\":[\"https:\\\/\\\/www.webdo.tn\\\/fr\\\/actualite\\\/chroniques\\\/le-billet-de-hatem-bourial-notre-perte-du-francais-a-fait-le-lit-de-lintegrisme\\\/186882\\\/\"]}]},{\"@type\":\"ImageObject\",\"inLanguage\":\"fr-FR\",\"@id\":\"https:\\\/\\\/www.webdo.tn\\\/fr\\\/actualite\\\/chroniques\\\/le-billet-de-hatem-bourial-notre-perte-du-francais-a-fait-le-lit-de-lintegrisme\\\/186882\\\/#primaryimage\",\"url\":\"https:\\\/\\\/www.webdo.tn\\\/fr\\\/wp-content\\\/uploads\\\/2025\\\/06\\\/Eleve-tunisien-photo-magharebia.com__186882.jpg\",\"contentUrl\":\"https:\\\/\\\/www.webdo.tn\\\/fr\\\/wp-content\\\/uploads\\\/2025\\\/06\\\/Eleve-tunisien-photo-magharebia.com__186882.jpg\",\"width\":225,\"height\":200,\"caption\":\"Le billet de Hatem Bourial - Notre perte du fran\u00e7ais a fait le lit de l'int\u00e9grisme\"},{\"@type\":\"BreadcrumbList\",\"@id\":\"https:\\\/\\\/www.webdo.tn\\\/fr\\\/actualite\\\/chroniques\\\/le-billet-de-hatem-bourial-notre-perte-du-francais-a-fait-le-lit-de-lintegrisme\\\/186882\\\/#breadcrumb\",\"itemListElement\":[{\"@type\":\"ListItem\",\"position\":1,\"name\":\"Accueil\",\"item\":\"https:\\\/\\\/www.webdo.tn\\\/fr\\\/\"},{\"@type\":\"ListItem\",\"position\":2,\"name\":\"Le billet de Hatem Bourial &#8211; Notre perte du fran\u00e7ais a fait le lit de l&#8217;int\u00e9grisme\"}]},{\"@type\":\"WebSite\",\"@id\":\"https:\\\/\\\/www.webdo.tn\\\/fr\\\/#website\",\"url\":\"https:\\\/\\\/www.webdo.tn\\\/fr\\\/\",\"name\":\"webdo\",\"description\":\"Tunisie - News en Tunisie et \u00e0 l&#039;international sur Webdo.tn\",\"publisher\":{\"@id\":\"https:\\\/\\\/www.webdo.tn\\\/fr\\\/#organization\"},\"potentialAction\":[{\"@type\":\"SearchAction\",\"target\":{\"@type\":\"EntryPoint\",\"urlTemplate\":\"https:\\\/\\\/www.webdo.tn\\\/fr\\\/?s={search_term_string}\"},\"query-input\":{\"@type\":\"PropertyValueSpecification\",\"valueRequired\":true,\"valueName\":\"search_term_string\"}}],\"inLanguage\":\"fr-FR\"},{\"@type\":\"Organization\",\"@id\":\"https:\\\/\\\/www.webdo.tn\\\/fr\\\/#organization\",\"name\":\"Webdo\",\"alternateName\":\"Webdo.tn\",\"url\":\"https:\\\/\\\/www.webdo.tn\\\/fr\\\/\",\"logo\":{\"@type\":\"ImageObject\",\"inLanguage\":\"fr-FR\",\"@id\":\"https:\\\/\\\/www.webdo.tn\\\/fr\\\/#\\\/schema\\\/logo\\\/image\\\/\",\"url\":\"https:\\\/\\\/www.webdo.tn\\\/fr\\\/wp-content\\\/uploads\\\/2025\\\/06\\\/Webdo-Tunisie_168377.jpg\",\"contentUrl\":\"https:\\\/\\\/www.webdo.tn\\\/fr\\\/wp-content\\\/uploads\\\/2025\\\/06\\\/Webdo-Tunisie_168377.jpg\",\"width\":301,\"height\":301,\"caption\":\"Webdo\"},\"image\":{\"@id\":\"https:\\\/\\\/www.webdo.tn\\\/fr\\\/#\\\/schema\\\/logo\\\/image\\\/\"},\"sameAs\":[\"https:\\\/\\\/www.facebook.com\\\/webdotn\",\"https:\\\/\\\/x.com\\\/webdo_tn\"],\"description\":\"Webdo est un m\u00e9dia num\u00e9rique tunisien fond\u00e9 en 2010, sp\u00e9cialis\u00e9 dans l\u2019actualit\u00e9 nationale et internationale, l\u2019\u00e9conomie, la soci\u00e9t\u00e9 et les analyses politiques. Le site s\u2019adresse \u00e0 un large public francophone et couvre l\u2019information tunisienne en temps r\u00e9el.\",\"email\":\"redac@webdo.tn\",\"legalName\":\"YNJ SARL\",\"foundingDate\":\"2010-09-06\",\"numberOfEmployees\":{\"@type\":\"QuantitativeValue\",\"minValue\":\"11\",\"maxValue\":\"50\"}},{\"@type\":\"Person\",\"@id\":\"https:\\\/\\\/www.webdo.tn\\\/fr\\\/#\\\/schema\\\/person\\\/6bc0beba2cd23aec27cb5df85ca2554f\",\"name\":\"Hatem Bourial\",\"image\":{\"@type\":\"ImageObject\",\"inLanguage\":\"fr-FR\",\"@id\":\"https:\\\/\\\/www.webdo.tn\\\/fr\\\/wp-content\\\/uploads\\\/2026\\\/04\\\/hatem-bourial_avatar-96x96.jpg\",\"url\":\"https:\\\/\\\/www.webdo.tn\\\/fr\\\/wp-content\\\/uploads\\\/2026\\\/04\\\/hatem-bourial_avatar-96x96.jpg\",\"contentUrl\":\"https:\\\/\\\/www.webdo.tn\\\/fr\\\/wp-content\\\/uploads\\\/2026\\\/04\\\/hatem-bourial_avatar-96x96.jpg\",\"caption\":\"Hatem Bourial\"},\"description\":\"Hatem Bourial est journaliste, \u00e9crivain et chroniqueur tunisien. Actif depuis plusieurs d\u00e9cennies, il s\u2019est impos\u00e9 comme un observateur attentif de la soci\u00e9t\u00e9 tunisienne, m\u00ealant dans ses \u00e9crits m\u00e9moire, culture et analyse du quotidien. Auteur de nombreux ouvrages, il d\u00e9veloppe une \u0153uvre \u00e0 la crois\u00e9e du r\u00e9cit, de la po\u00e9sie et de l\u2019observation sociologique. Parall\u00e8lement \u00e0 ses contributions dans la presse, il intervient r\u00e9guli\u00e8rement \u00e0 la radio et dans des espaces culturels, o\u00f9 il explore les enjeux li\u00e9s au patrimoine, \u00e0 l\u2019identit\u00e9 et aux transformations du monde contemporain. \u00c0 travers ses chroniques, Hatem Bourial propose une lecture sensible et approfondie de l\u2019actualit\u00e9, nourrie par une exp\u00e9rience journalistique et litt\u00e9raire reconnue. \ud83d\udd17 Facebook : https:\\\/\\\/www.facebook.com\\\/hatem.bourial.2025\",\"sameAs\":[\"https:\\\/\\\/www.facebook.com\\\/hatem.bourial.2025\",\"https:\\\/\\\/fr.wikipedia.org\\\/wiki\\\/Fichier:Hatem_Bourial.jpg\"],\"knowsAbout\":[\"Culture & patrimoine tunisien\",\"Chronique soci\u00e9tale\",\"Litt\u00e9rature & m\u00e9moire\",\"Cin\u00e9ma & critique culturelle\",\"Identit\u00e9 & mutations sociales\"],\"knowsLanguage\":[\"Arabe\",\"Fran\u00e7ais\",\"Anglais\",\"Italien\",\"Polonais\"],\"jobTitle\":\"Journaliste, \u00e9crivain et chroniqueur culturel\",\"worksFor\":\"Webdo\",\"url\":\"https:\\\/\\\/www.webdo.tn\\\/fr\\\/actualite\\\/author\\\/hatem-bourial-2\\\/\"}]}<\/script>\n<!-- \/ Yoast SEO Premium plugin. -->","yoast_head_json":{"title":"Le billet de Hatem Bourial - Notre perte du fran\u00e7ais a fait le lit de l'int\u00e9grisme","description":"Le billet de Hatem Bourial - Notre perte du fran\u00e7ais a fait le lit de l'int\u00e9grisme","canonical":"https:\/\/www.webdo.tn\/fr\/actualite\/chroniques\/le-billet-de-hatem-bourial-notre-perte-du-francais-a-fait-le-lit-de-lintegrisme\/186882\/","og_locale":"fr_FR","og_type":"article","og_title":"Le billet de Hatem Bourial - Notre perte du fran\u00e7ais a fait le lit de l'int\u00e9grisme","og_description":"Le billet de Hatem Bourial - Notre perte du fran\u00e7ais a fait le lit de l'int\u00e9grisme","og_url":"https:\/\/www.webdo.tn\/fr\/actualite\/chroniques\/le-billet-de-hatem-bourial-notre-perte-du-francais-a-fait-le-lit-de-lintegrisme\/186882\/","og_site_name":"webdo","article_publisher":"https:\/\/www.facebook.com\/webdotn","article_author":"https:\/\/www.facebook.com\/hatem.bourial.2025","article_published_time":"2013-12-17T11:51:00+00:00","author":"Hatem Bourial","twitter_card":"summary_large_image","twitter_creator":"@webdo_tn","twitter_site":"@webdo_tn","twitter_misc":{"\u00c9crit par":"Hatem Bourial","Dur\u00e9e de lecture estim\u00e9e":"5 minutes"},"schema":{"@context":"https:\/\/schema.org","@graph":[{"@type":"NewsArticle","@id":"https:\/\/www.webdo.tn\/fr\/actualite\/chroniques\/le-billet-de-hatem-bourial-notre-perte-du-francais-a-fait-le-lit-de-lintegrisme\/186882\/#article","isPartOf":{"@id":"https:\/\/www.webdo.tn\/fr\/actualite\/chroniques\/le-billet-de-hatem-bourial-notre-perte-du-francais-a-fait-le-lit-de-lintegrisme\/186882\/"},"author":{"name":"Hatem Bourial","@id":"https:\/\/www.webdo.tn\/fr\/#\/schema\/person\/6bc0beba2cd23aec27cb5df85ca2554f"},"headline":"Le billet de Hatem Bourial &#8211; Notre perte du fran\u00e7ais a fait le lit de l&rsquo;int\u00e9grisme","datePublished":"2013-12-17T11:51:00+00:00","mainEntityOfPage":{"@id":"https:\/\/www.webdo.tn\/fr\/actualite\/chroniques\/le-billet-de-hatem-bourial-notre-perte-du-francais-a-fait-le-lit-de-lintegrisme\/186882\/"},"wordCount":1010,"commentCount":0,"publisher":{"@id":"https:\/\/www.webdo.tn\/fr\/#organization"},"image":{"@id":"https:\/\/www.webdo.tn\/fr\/actualite\/chroniques\/le-billet-de-hatem-bourial-notre-perte-du-francais-a-fait-le-lit-de-lintegrisme\/186882\/#primaryimage"},"thumbnailUrl":"https:\/\/www.webdo.tn\/fr\/wp-content\/uploads\/2025\/06\/Eleve-tunisien-photo-magharebia.com__186882.jpg","keywords":["guerre"],"articleSection":["Chroniques"],"inLanguage":"fr-FR"},{"@type":"WebPage","@id":"https:\/\/www.webdo.tn\/fr\/actualite\/chroniques\/le-billet-de-hatem-bourial-notre-perte-du-francais-a-fait-le-lit-de-lintegrisme\/186882\/","url":"https:\/\/www.webdo.tn\/fr\/actualite\/chroniques\/le-billet-de-hatem-bourial-notre-perte-du-francais-a-fait-le-lit-de-lintegrisme\/186882\/","name":"Le billet de Hatem Bourial - Notre perte du fran\u00e7ais a fait le lit de l'int\u00e9grisme","isPartOf":{"@id":"https:\/\/www.webdo.tn\/fr\/#website"},"primaryImageOfPage":{"@id":"https:\/\/www.webdo.tn\/fr\/actualite\/chroniques\/le-billet-de-hatem-bourial-notre-perte-du-francais-a-fait-le-lit-de-lintegrisme\/186882\/#primaryimage"},"image":{"@id":"https:\/\/www.webdo.tn\/fr\/actualite\/chroniques\/le-billet-de-hatem-bourial-notre-perte-du-francais-a-fait-le-lit-de-lintegrisme\/186882\/#primaryimage"},"thumbnailUrl":"https:\/\/www.webdo.tn\/fr\/wp-content\/uploads\/2025\/06\/Eleve-tunisien-photo-magharebia.com__186882.jpg","datePublished":"2013-12-17T11:51:00+00:00","description":"Le billet de Hatem Bourial - Notre perte du fran\u00e7ais a fait le lit de l'int\u00e9grisme","breadcrumb":{"@id":"https:\/\/www.webdo.tn\/fr\/actualite\/chroniques\/le-billet-de-hatem-bourial-notre-perte-du-francais-a-fait-le-lit-de-lintegrisme\/186882\/#breadcrumb"},"inLanguage":"fr-FR","potentialAction":[{"@type":"ReadAction","target":["https:\/\/www.webdo.tn\/fr\/actualite\/chroniques\/le-billet-de-hatem-bourial-notre-perte-du-francais-a-fait-le-lit-de-lintegrisme\/186882\/"]}]},{"@type":"ImageObject","inLanguage":"fr-FR","@id":"https:\/\/www.webdo.tn\/fr\/actualite\/chroniques\/le-billet-de-hatem-bourial-notre-perte-du-francais-a-fait-le-lit-de-lintegrisme\/186882\/#primaryimage","url":"https:\/\/www.webdo.tn\/fr\/wp-content\/uploads\/2025\/06\/Eleve-tunisien-photo-magharebia.com__186882.jpg","contentUrl":"https:\/\/www.webdo.tn\/fr\/wp-content\/uploads\/2025\/06\/Eleve-tunisien-photo-magharebia.com__186882.jpg","width":225,"height":200,"caption":"Le billet de Hatem Bourial - Notre perte du fran\u00e7ais a fait le lit de l'int\u00e9grisme"},{"@type":"BreadcrumbList","@id":"https:\/\/www.webdo.tn\/fr\/actualite\/chroniques\/le-billet-de-hatem-bourial-notre-perte-du-francais-a-fait-le-lit-de-lintegrisme\/186882\/#breadcrumb","itemListElement":[{"@type":"ListItem","position":1,"name":"Accueil","item":"https:\/\/www.webdo.tn\/fr\/"},{"@type":"ListItem","position":2,"name":"Le billet de Hatem Bourial &#8211; Notre perte du fran\u00e7ais a fait le lit de l&#8217;int\u00e9grisme"}]},{"@type":"WebSite","@id":"https:\/\/www.webdo.tn\/fr\/#website","url":"https:\/\/www.webdo.tn\/fr\/","name":"webdo","description":"Tunisie - News en Tunisie et \u00e0 l&#039;international sur Webdo.tn","publisher":{"@id":"https:\/\/www.webdo.tn\/fr\/#organization"},"potentialAction":[{"@type":"SearchAction","target":{"@type":"EntryPoint","urlTemplate":"https:\/\/www.webdo.tn\/fr\/?s={search_term_string}"},"query-input":{"@type":"PropertyValueSpecification","valueRequired":true,"valueName":"search_term_string"}}],"inLanguage":"fr-FR"},{"@type":"Organization","@id":"https:\/\/www.webdo.tn\/fr\/#organization","name":"Webdo","alternateName":"Webdo.tn","url":"https:\/\/www.webdo.tn\/fr\/","logo":{"@type":"ImageObject","inLanguage":"fr-FR","@id":"https:\/\/www.webdo.tn\/fr\/#\/schema\/logo\/image\/","url":"https:\/\/www.webdo.tn\/fr\/wp-content\/uploads\/2025\/06\/Webdo-Tunisie_168377.jpg","contentUrl":"https:\/\/www.webdo.tn\/fr\/wp-content\/uploads\/2025\/06\/Webdo-Tunisie_168377.jpg","width":301,"height":301,"caption":"Webdo"},"image":{"@id":"https:\/\/www.webdo.tn\/fr\/#\/schema\/logo\/image\/"},"sameAs":["https:\/\/www.facebook.com\/webdotn","https:\/\/x.com\/webdo_tn"],"description":"Webdo est un m\u00e9dia num\u00e9rique tunisien fond\u00e9 en 2010, sp\u00e9cialis\u00e9 dans l\u2019actualit\u00e9 nationale et internationale, l\u2019\u00e9conomie, la soci\u00e9t\u00e9 et les analyses politiques. Le site s\u2019adresse \u00e0 un large public francophone et couvre l\u2019information tunisienne en temps r\u00e9el.","email":"redac@webdo.tn","legalName":"YNJ SARL","foundingDate":"2010-09-06","numberOfEmployees":{"@type":"QuantitativeValue","minValue":"11","maxValue":"50"}},{"@type":"Person","@id":"https:\/\/www.webdo.tn\/fr\/#\/schema\/person\/6bc0beba2cd23aec27cb5df85ca2554f","name":"Hatem Bourial","image":{"@type":"ImageObject","inLanguage":"fr-FR","@id":"https:\/\/www.webdo.tn\/fr\/wp-content\/uploads\/2026\/04\/hatem-bourial_avatar-96x96.jpg","url":"https:\/\/www.webdo.tn\/fr\/wp-content\/uploads\/2026\/04\/hatem-bourial_avatar-96x96.jpg","contentUrl":"https:\/\/www.webdo.tn\/fr\/wp-content\/uploads\/2026\/04\/hatem-bourial_avatar-96x96.jpg","caption":"Hatem Bourial"},"description":"Hatem Bourial est journaliste, \u00e9crivain et chroniqueur tunisien. Actif depuis plusieurs d\u00e9cennies, il s\u2019est impos\u00e9 comme un observateur attentif de la soci\u00e9t\u00e9 tunisienne, m\u00ealant dans ses \u00e9crits m\u00e9moire, culture et analyse du quotidien. Auteur de nombreux ouvrages, il d\u00e9veloppe une \u0153uvre \u00e0 la crois\u00e9e du r\u00e9cit, de la po\u00e9sie et de l\u2019observation sociologique. Parall\u00e8lement \u00e0 ses contributions dans la presse, il intervient r\u00e9guli\u00e8rement \u00e0 la radio et dans des espaces culturels, o\u00f9 il explore les enjeux li\u00e9s au patrimoine, \u00e0 l\u2019identit\u00e9 et aux transformations du monde contemporain. \u00c0 travers ses chroniques, Hatem Bourial propose une lecture sensible et approfondie de l\u2019actualit\u00e9, nourrie par une exp\u00e9rience journalistique et litt\u00e9raire reconnue. \ud83d\udd17 Facebook : https:\/\/www.facebook.com\/hatem.bourial.2025","sameAs":["https:\/\/www.facebook.com\/hatem.bourial.2025","https:\/\/fr.wikipedia.org\/wiki\/Fichier:Hatem_Bourial.jpg"],"knowsAbout":["Culture & patrimoine tunisien","Chronique soci\u00e9tale","Litt\u00e9rature & m\u00e9moire","Cin\u00e9ma & critique culturelle","Identit\u00e9 & mutations sociales"],"knowsLanguage":["Arabe","Fran\u00e7ais","Anglais","Italien","Polonais"],"jobTitle":"Journaliste, \u00e9crivain et chroniqueur culturel","worksFor":"Webdo","url":"https:\/\/www.webdo.tn\/fr\/actualite\/author\/hatem-bourial-2\/"}]}},"_links":{"self":[{"href":"https:\/\/www.webdo.tn\/fr\/wp-json\/wp\/v2\/posts\/186882","targetHints":{"allow":["GET"]}}],"collection":[{"href":"https:\/\/www.webdo.tn\/fr\/wp-json\/wp\/v2\/posts"}],"about":[{"href":"https:\/\/www.webdo.tn\/fr\/wp-json\/wp\/v2\/types\/post"}],"author":[{"embeddable":true,"href":"https:\/\/www.webdo.tn\/fr\/wp-json\/wp\/v2\/users\/3229"}],"replies":[{"embeddable":true,"href":"https:\/\/www.webdo.tn\/fr\/wp-json\/wp\/v2\/comments?post=186882"}],"version-history":[{"count":0,"href":"https:\/\/www.webdo.tn\/fr\/wp-json\/wp\/v2\/posts\/186882\/revisions"}],"wp:featuredmedia":[{"embeddable":true,"href":"https:\/\/www.webdo.tn\/fr\/wp-json\/wp\/v2\/media\/374095"}],"wp:attachment":[{"href":"https:\/\/www.webdo.tn\/fr\/wp-json\/wp\/v2\/media?parent=186882"}],"wp:term":[{"taxonomy":"category","embeddable":true,"href":"https:\/\/www.webdo.tn\/fr\/wp-json\/wp\/v2\/categories?post=186882"},{"taxonomy":"post_tag","embeddable":true,"href":"https:\/\/www.webdo.tn\/fr\/wp-json\/wp\/v2\/tags?post=186882"}],"curies":[{"name":"wp","href":"https:\/\/api.w.org\/{rel}","templated":true}]}}