{"id":186881,"date":"2013-12-09T11:44:00","date_gmt":"2013-12-09T11:44:00","guid":{"rendered":"https:\/\/www.webdo.tn\/fr\/blog\/le-billet-de-hatem-bourial-touche-pas-a-mes-freres-ennemis\/186881\/"},"modified":"2025-05-22T13:11:05","modified_gmt":"2025-05-22T13:11:05","slug":"le-billet-de-hatem-bourial-touche-pas-a-mes-freres-ennemis","status":"publish","type":"post","link":"https:\/\/www.webdo.tn\/fr\/actualite\/chroniques\/le-billet-de-hatem-bourial-touche-pas-a-mes-freres-ennemis\/186881\/","title":{"rendered":"Le billet de Hatem Bourial &#8211; Touche pas \u00e0 mes fr\u00e8res ennemis !"},"content":{"rendered":"<p>Vive l&rsquo;Esp\u00e9rance qui depuis 95 ans honore la Tunisie et sa jeunesse ! Et que se taisent les langues fourchues des d\u00e9magogues qui jettent aux chiens la dignit\u00e9 de leurs compatriotes&#8230;<br \/>\nEncore heureux que Marzouki n&rsquo;ait pas cit\u00e9&#8230; la Tunisie dans son rapport de la honte brune, de la revanche ignoble et de la d\u00e9lation la plus repoussante ! Il aurait pu en effet accuser les Tunisiens dans leur ensemble &#8211; ceux qui sont rest\u00e9s au pays et ont d\u00fb composer avec le syst\u00e8me Ben Ali &#8211; de collaboration avec la dictature. Il n&rsquo;h\u00e9siterait d&rsquo;ailleurs pas \u00e0 le faire puisque pour l&rsquo;illumin\u00e9 de Carthage, seul son \u00e9go d\u00e9mesur\u00e9 compte.<\/p>\n<p>Tout en salissant des dizaines de journalistes, ce rapport aux intentions aussi noires que son titre, est une \u0153uvre de poujadiste, une nouvelle fuite en avant d&rsquo;un homme \u00e9pris de lui-m\u00eame et qui croit que sa trajectoire est couronn\u00e9e de succ\u00e8s puisqu&rsquo;il est pr\u00e9sident d&rsquo;une r\u00e9publique fant\u00f4me, aux allures de mosqu\u00e9e ivre.<\/p>\n<p>Non monsieur, le succ\u00e8s d&rsquo;un pays ne se mesure ni \u00e0 l&rsquo;aune du d\u00e9lire de ses dirigeants provisoires ni \u00e0 celle de leurs ressentiments tellement exacerb\u00e9s qu&rsquo;ils n&rsquo;h\u00e9sitent plus \u00e0 pr\u00eacher la haine alors qu&rsquo;ils sont \u00e0 la t\u00eate de l&rsquo;Etat. C&rsquo;est pour quand la Nuit de cristal ? C&rsquo;est pour quand les tribunaux d&rsquo;exception ? C&rsquo;est pour quand la loi du talion ?<br \/>\nJe le r\u00e9p\u00e8te : vive l&rsquo;Esp\u00e9rance&#8230;<\/p>\n<p>Clubiste Africain dans l&rsquo;\u00e2me, je ne reconnais le droit \u00e0 aucun Marzouki, f\u00fbt-il pr\u00e9sident provisoire, de salir l&rsquo;honneur de mon fr\u00e8re ennemi esp\u00e9rantiste qui vaut 1919.000 fois mieux que ces opportunistes dont les compromissions, les manigances et les connivences les ont hiss\u00e9s \u00e0 la t\u00eate d&rsquo;un Etat que nos parents ont construit et qu&rsquo;ils ont clochardis\u00e9 en deux ans de r\u00e8gne d\u00e9risoire et d\u00e9sormais frapp\u00e9 du sceau de l&rsquo;ill\u00e9gitimit\u00e9.<\/p>\n<p>Ce path\u00e9tique Marzouki qui ose se voir en Mandela s\u00e8me maintenant la haine et le ressentiment. Il r\u00e8gle ses comptes avec la Tunisie et semble oublier que le 14 janvier 2011, ce sont ceux qu&rsquo;il voue \u00e0 la vindicte qui ont pris des risques alors qu&rsquo;il vivait son exil dor\u00e9 aux frais de \u00ab\u00a0princesses\u00a0\u00bb inavouables dont il profitait des largesses pour stigmatiser et saper son pays natal. Dire qu&rsquo;il se compare \u00e0 Mandela alors qu&rsquo;il n&rsquo;est qu&rsquo;un banal vell\u00e9itaire, une simple grenouille de La Fontaine.<\/p>\n<p>Quand on s&rsquo;en prend \u00e0 l&rsquo;Esp\u00e9rance, on s&rsquo;en prend \u00e0 la Tunisie et au petit peuple. On s&rsquo;en prend aussi \u00e0 la grande famille du sport qui est li\u00e9e par des rivalit\u00e9s qui s&rsquo;expriment sur le terrain et pas ailleurs. Pourquoi ces dossiers et ces rapports revanchards ? Et pourquoi l&rsquo;Esp\u00e9rance alors que tous \u00e9taient log\u00e9s \u00e0 la m\u00eame enseigne ? A cause de Slim Chiboub dites-vous ? Dr\u00f4le de feinte apr\u00e8s avoir humili\u00e9 le doyen des clubs tunisiens. Vous le savez, vos arguments fallacieux ne tiennent pas la route car il ne s&rsquo;agit pour vous de rien d&rsquo;autre que semer la haine pour le compte de vos amis int\u00e9gristes.<\/p>\n<p>Honte de la R\u00e9publique, vous \u00eates ! Manipulateur supr\u00eame, vous \u00eates ! Malheur de la Tunisie vous \u00eates aussi ! Salaud sartrien, vous \u00eates enfin ! Je parle modestement au nom d&rsquo;un peuple bless\u00e9, d&rsquo;un pays meurtri que vous \u00e9crasez de vos turpitudes, de vos burnous menteurs et de votre alliance finalement naturelle avec nos bourreaux islamistes.<br \/>\nCar, avec votre torchon noir, vous \u00eates devenu aussi arrogant que ceux qui nous ont vol\u00e9 nos vies avant le 14 janvier 2011 et ceux, semblables \u00e0 vous, qui nous ont pris en otage depuis le 23 octobre 2012.<\/p>\n<p>Les Tunisiens ont besoin de r\u00e9conciliation, de v\u00e9rit\u00e9 et de sagesse. La Tunisie a besoin de v\u00e9ritables dirigeants et non pas d&rsquo;id\u00e9ologues d\u00e9risoires qui se trompent de si\u00e8cle et de pays. Je ne crois pas me tromper en disant que la Tunisie et les Tunisiens n&rsquo;ont besoin ni de vous ni de votre rancune, ni de vos mensonges ni de cette haine que vous semez, cette haine qui vous ressemble et ne nous ressemble pas. Taisez-vous, je vous en conjure, taisez-vous car vous d\u00e9shonorez notre pays par vos stratag\u00e8mes obscurs et les graines de discorde que vous semez sciemment.<\/p>\n<p>R\u00e9publicain jusqu&rsquo;au bout, je n&rsquo;ai d&rsquo;autre choix que de reconnaitre votre statut de magistrat supr\u00eame mais sachez, monsieur le pr\u00e9sident provisoire, que Clubiste Africain dans l&rsquo;\u00e2me, si j&rsquo;avais le choix entre vous et l&rsquo;Esp\u00e9rance, ce serait, sans l&rsquo;ombre d&rsquo;une h\u00e9sitation, l&rsquo;Esp\u00e9rance, mon fr\u00e8re ennemi de toujours en lequel je me reconnais bien plus qu&rsquo;en vos sombres gesticulations. Et c&rsquo;est tout dire&#8230;<\/p>\n","protected":false},"excerpt":{"rendered":"<p>Le billet de Hatem Bourial &#8211; Touche pas \u00e0 mes fr\u00e8res ennemis !<\/p>\n","protected":false},"author":3229,"featured_media":322263,"comment_status":"open","ping_status":"closed","sticky":false,"template":"","format":"standard","meta":{"footnotes":""},"categories":[2596],"tags":[],"class_list":["post-186881","post","type-post","status-publish","format-standard","has-post-thumbnail","hentry","category-chroniques"],"yoast_head":"<!-- This site is optimized with the Yoast SEO Premium plugin v27.5 (Yoast SEO v27.5) - https:\/\/yoast.com\/product\/yoast-seo-premium-wordpress\/ -->\n<title>Le billet de Hatem Bourial - Touche pas \u00e0 mes fr\u00e8res ennemis !<\/title>\n<meta name=\"description\" content=\"Le billet de Hatem Bourial - Touche pas \u00e0 mes fr\u00e8res ennemis !\" \/>\n<link rel=\"canonical\" href=\"https:\/\/www.webdo.tn\/fr\/actualite\/chroniques\/le-billet-de-hatem-bourial-touche-pas-a-mes-freres-ennemis\/186881\/\" \/>\n<meta property=\"og:locale\" content=\"fr_FR\" \/>\n<meta property=\"og:type\" content=\"article\" \/>\n<meta property=\"og:title\" content=\"Le billet de Hatem Bourial - Touche pas \u00e0 mes fr\u00e8res ennemis !\" \/>\n<meta property=\"og:description\" content=\"Le billet de Hatem Bourial - Touche pas \u00e0 mes fr\u00e8res ennemis !\" \/>\n<meta property=\"og:url\" content=\"https:\/\/www.webdo.tn\/fr\/actualite\/chroniques\/le-billet-de-hatem-bourial-touche-pas-a-mes-freres-ennemis\/186881\/\" \/>\n<meta property=\"og:site_name\" content=\"webdo\" \/>\n<meta property=\"article:publisher\" content=\"https:\/\/www.facebook.com\/webdotn\" \/>\n<meta property=\"article:author\" content=\"https:\/\/www.facebook.com\/hatem.bourial.2025\" \/>\n<meta property=\"article:published_time\" content=\"2013-12-09T11:44:00+00:00\" \/>\n<meta property=\"article:modified_time\" content=\"2025-05-22T13:11:05+00:00\" \/>\n<meta property=\"og:image\" content=\"https:\/\/www.webdo.tn\/fr\/wp-content\/uploads\/2013\/12\/Moncef-Marzouki-New-York-23-septembre-2013-photo-carthage.tn_.jpg\" \/>\n\t<meta property=\"og:image:width\" content=\"333\" \/>\n\t<meta property=\"og:image:height\" content=\"308\" \/>\n\t<meta property=\"og:image:type\" content=\"image\/jpeg\" \/>\n<meta name=\"author\" content=\"Hatem Bourial\" \/>\n<meta name=\"twitter:card\" content=\"summary_large_image\" \/>\n<meta name=\"twitter:creator\" content=\"@webdo_tn\" \/>\n<meta name=\"twitter:site\" content=\"@webdo_tn\" \/>\n<meta name=\"twitter:label1\" content=\"\u00c9crit par\" \/>\n\t<meta name=\"twitter:data1\" content=\"Hatem Bourial\" \/>\n\t<meta name=\"twitter:label2\" content=\"Dur\u00e9e de lecture estim\u00e9e\" \/>\n\t<meta name=\"twitter:data2\" content=\"4 minutes\" \/>\n<script type=\"application\/ld+json\" class=\"yoast-schema-graph\">{\"@context\":\"https:\\\/\\\/schema.org\",\"@graph\":[{\"@type\":\"NewsArticle\",\"@id\":\"https:\\\/\\\/www.webdo.tn\\\/fr\\\/actualite\\\/chroniques\\\/le-billet-de-hatem-bourial-touche-pas-a-mes-freres-ennemis\\\/186881\\\/#article\",\"isPartOf\":{\"@id\":\"https:\\\/\\\/www.webdo.tn\\\/fr\\\/actualite\\\/chroniques\\\/le-billet-de-hatem-bourial-touche-pas-a-mes-freres-ennemis\\\/186881\\\/\"},\"author\":{\"name\":\"Hatem Bourial\",\"@id\":\"https:\\\/\\\/www.webdo.tn\\\/fr\\\/#\\\/schema\\\/person\\\/6bc0beba2cd23aec27cb5df85ca2554f\"},\"headline\":\"Le billet de Hatem Bourial &#8211; Touche pas \u00e0 mes fr\u00e8res ennemis !\",\"datePublished\":\"2013-12-09T11:44:00+00:00\",\"dateModified\":\"2025-05-22T13:11:05+00:00\",\"mainEntityOfPage\":{\"@id\":\"https:\\\/\\\/www.webdo.tn\\\/fr\\\/actualite\\\/chroniques\\\/le-billet-de-hatem-bourial-touche-pas-a-mes-freres-ennemis\\\/186881\\\/\"},\"wordCount\":844,\"commentCount\":0,\"publisher\":{\"@id\":\"https:\\\/\\\/www.webdo.tn\\\/fr\\\/#organization\"},\"image\":{\"@id\":\"https:\\\/\\\/www.webdo.tn\\\/fr\\\/actualite\\\/chroniques\\\/le-billet-de-hatem-bourial-touche-pas-a-mes-freres-ennemis\\\/186881\\\/#primaryimage\"},\"thumbnailUrl\":\"https:\\\/\\\/www.webdo.tn\\\/fr\\\/wp-content\\\/uploads\\\/2013\\\/12\\\/Moncef-Marzouki-New-York-23-septembre-2013-photo-carthage.tn_.jpg\",\"articleSection\":[\"Chroniques\"],\"inLanguage\":\"fr-FR\"},{\"@type\":\"WebPage\",\"@id\":\"https:\\\/\\\/www.webdo.tn\\\/fr\\\/actualite\\\/chroniques\\\/le-billet-de-hatem-bourial-touche-pas-a-mes-freres-ennemis\\\/186881\\\/\",\"url\":\"https:\\\/\\\/www.webdo.tn\\\/fr\\\/actualite\\\/chroniques\\\/le-billet-de-hatem-bourial-touche-pas-a-mes-freres-ennemis\\\/186881\\\/\",\"name\":\"Le billet de Hatem Bourial - Touche pas \u00e0 mes fr\u00e8res ennemis !\",\"isPartOf\":{\"@id\":\"https:\\\/\\\/www.webdo.tn\\\/fr\\\/#website\"},\"primaryImageOfPage\":{\"@id\":\"https:\\\/\\\/www.webdo.tn\\\/fr\\\/actualite\\\/chroniques\\\/le-billet-de-hatem-bourial-touche-pas-a-mes-freres-ennemis\\\/186881\\\/#primaryimage\"},\"image\":{\"@id\":\"https:\\\/\\\/www.webdo.tn\\\/fr\\\/actualite\\\/chroniques\\\/le-billet-de-hatem-bourial-touche-pas-a-mes-freres-ennemis\\\/186881\\\/#primaryimage\"},\"thumbnailUrl\":\"https:\\\/\\\/www.webdo.tn\\\/fr\\\/wp-content\\\/uploads\\\/2013\\\/12\\\/Moncef-Marzouki-New-York-23-septembre-2013-photo-carthage.tn_.jpg\",\"datePublished\":\"2013-12-09T11:44:00+00:00\",\"dateModified\":\"2025-05-22T13:11:05+00:00\",\"description\":\"Le billet de Hatem Bourial - Touche pas \u00e0 mes fr\u00e8res ennemis !\",\"breadcrumb\":{\"@id\":\"https:\\\/\\\/www.webdo.tn\\\/fr\\\/actualite\\\/chroniques\\\/le-billet-de-hatem-bourial-touche-pas-a-mes-freres-ennemis\\\/186881\\\/#breadcrumb\"},\"inLanguage\":\"fr-FR\",\"potentialAction\":[{\"@type\":\"ReadAction\",\"target\":[\"https:\\\/\\\/www.webdo.tn\\\/fr\\\/actualite\\\/chroniques\\\/le-billet-de-hatem-bourial-touche-pas-a-mes-freres-ennemis\\\/186881\\\/\"]}]},{\"@type\":\"ImageObject\",\"inLanguage\":\"fr-FR\",\"@id\":\"https:\\\/\\\/www.webdo.tn\\\/fr\\\/actualite\\\/chroniques\\\/le-billet-de-hatem-bourial-touche-pas-a-mes-freres-ennemis\\\/186881\\\/#primaryimage\",\"url\":\"https:\\\/\\\/www.webdo.tn\\\/fr\\\/wp-content\\\/uploads\\\/2013\\\/12\\\/Moncef-Marzouki-New-York-23-septembre-2013-photo-carthage.tn_.jpg\",\"contentUrl\":\"https:\\\/\\\/www.webdo.tn\\\/fr\\\/wp-content\\\/uploads\\\/2013\\\/12\\\/Moncef-Marzouki-New-York-23-septembre-2013-photo-carthage.tn_.jpg\",\"width\":333,\"height\":308,\"caption\":\"Le billet de Hatem Bourial - Touche pas \u00e0 mes fr\u00e8res ennemis !\"},{\"@type\":\"BreadcrumbList\",\"@id\":\"https:\\\/\\\/www.webdo.tn\\\/fr\\\/actualite\\\/chroniques\\\/le-billet-de-hatem-bourial-touche-pas-a-mes-freres-ennemis\\\/186881\\\/#breadcrumb\",\"itemListElement\":[{\"@type\":\"ListItem\",\"position\":1,\"name\":\"Accueil\",\"item\":\"https:\\\/\\\/www.webdo.tn\\\/fr\\\/\"},{\"@type\":\"ListItem\",\"position\":2,\"name\":\"Le billet de Hatem Bourial &#8211; Touche pas \u00e0 mes fr\u00e8res ennemis !\"}]},{\"@type\":\"WebSite\",\"@id\":\"https:\\\/\\\/www.webdo.tn\\\/fr\\\/#website\",\"url\":\"https:\\\/\\\/www.webdo.tn\\\/fr\\\/\",\"name\":\"webdo\",\"description\":\"Tunisie - News en Tunisie et \u00e0 l&#039;international sur Webdo.tn\",\"publisher\":{\"@id\":\"https:\\\/\\\/www.webdo.tn\\\/fr\\\/#organization\"},\"potentialAction\":[{\"@type\":\"SearchAction\",\"target\":{\"@type\":\"EntryPoint\",\"urlTemplate\":\"https:\\\/\\\/www.webdo.tn\\\/fr\\\/?s={search_term_string}\"},\"query-input\":{\"@type\":\"PropertyValueSpecification\",\"valueRequired\":true,\"valueName\":\"search_term_string\"}}],\"inLanguage\":\"fr-FR\"},{\"@type\":\"Organization\",\"@id\":\"https:\\\/\\\/www.webdo.tn\\\/fr\\\/#organization\",\"name\":\"Webdo\",\"alternateName\":\"Webdo.tn\",\"url\":\"https:\\\/\\\/www.webdo.tn\\\/fr\\\/\",\"logo\":{\"@type\":\"ImageObject\",\"inLanguage\":\"fr-FR\",\"@id\":\"https:\\\/\\\/www.webdo.tn\\\/fr\\\/#\\\/schema\\\/logo\\\/image\\\/\",\"url\":\"https:\\\/\\\/www.webdo.tn\\\/fr\\\/wp-content\\\/uploads\\\/2025\\\/06\\\/Webdo-Tunisie_168377.jpg\",\"contentUrl\":\"https:\\\/\\\/www.webdo.tn\\\/fr\\\/wp-content\\\/uploads\\\/2025\\\/06\\\/Webdo-Tunisie_168377.jpg\",\"width\":301,\"height\":301,\"caption\":\"Webdo\"},\"image\":{\"@id\":\"https:\\\/\\\/www.webdo.tn\\\/fr\\\/#\\\/schema\\\/logo\\\/image\\\/\"},\"sameAs\":[\"https:\\\/\\\/www.facebook.com\\\/webdotn\",\"https:\\\/\\\/x.com\\\/webdo_tn\"],\"description\":\"Webdo est un m\u00e9dia num\u00e9rique tunisien fond\u00e9 en 2010, sp\u00e9cialis\u00e9 dans l\u2019actualit\u00e9 nationale et internationale, l\u2019\u00e9conomie, la soci\u00e9t\u00e9 et les analyses politiques. Le site s\u2019adresse \u00e0 un large public francophone et couvre l\u2019information tunisienne en temps r\u00e9el.\",\"email\":\"redac@webdo.tn\",\"legalName\":\"YNJ SARL\",\"foundingDate\":\"2010-09-06\",\"numberOfEmployees\":{\"@type\":\"QuantitativeValue\",\"minValue\":\"11\",\"maxValue\":\"50\"}},{\"@type\":\"Person\",\"@id\":\"https:\\\/\\\/www.webdo.tn\\\/fr\\\/#\\\/schema\\\/person\\\/6bc0beba2cd23aec27cb5df85ca2554f\",\"name\":\"Hatem Bourial\",\"image\":{\"@type\":\"ImageObject\",\"inLanguage\":\"fr-FR\",\"@id\":\"https:\\\/\\\/www.webdo.tn\\\/fr\\\/wp-content\\\/uploads\\\/2026\\\/04\\\/hatem-bourial_avatar-96x96.jpg\",\"url\":\"https:\\\/\\\/www.webdo.tn\\\/fr\\\/wp-content\\\/uploads\\\/2026\\\/04\\\/hatem-bourial_avatar-96x96.jpg\",\"contentUrl\":\"https:\\\/\\\/www.webdo.tn\\\/fr\\\/wp-content\\\/uploads\\\/2026\\\/04\\\/hatem-bourial_avatar-96x96.jpg\",\"caption\":\"Hatem Bourial\"},\"description\":\"Hatem Bourial est journaliste, \u00e9crivain et chroniqueur tunisien. Actif depuis plusieurs d\u00e9cennies, il s\u2019est impos\u00e9 comme un observateur attentif de la soci\u00e9t\u00e9 tunisienne, m\u00ealant dans ses \u00e9crits m\u00e9moire, culture et analyse du quotidien. Auteur de nombreux ouvrages, il d\u00e9veloppe une \u0153uvre \u00e0 la crois\u00e9e du r\u00e9cit, de la po\u00e9sie et de l\u2019observation sociologique. Parall\u00e8lement \u00e0 ses contributions dans la presse, il intervient r\u00e9guli\u00e8rement \u00e0 la radio et dans des espaces culturels, o\u00f9 il explore les enjeux li\u00e9s au patrimoine, \u00e0 l\u2019identit\u00e9 et aux transformations du monde contemporain. \u00c0 travers ses chroniques, Hatem Bourial propose une lecture sensible et approfondie de l\u2019actualit\u00e9, nourrie par une exp\u00e9rience journalistique et litt\u00e9raire reconnue. \ud83d\udd17 Facebook : https:\\\/\\\/www.facebook.com\\\/hatem.bourial.2025\",\"sameAs\":[\"https:\\\/\\\/www.facebook.com\\\/hatem.bourial.2025\",\"https:\\\/\\\/fr.wikipedia.org\\\/wiki\\\/Fichier:Hatem_Bourial.jpg\"],\"knowsAbout\":[\"Culture & patrimoine tunisien\",\"Chronique soci\u00e9tale\",\"Litt\u00e9rature & m\u00e9moire\",\"Cin\u00e9ma & critique culturelle\",\"Identit\u00e9 & mutations sociales\"],\"knowsLanguage\":[\"Arabe\",\"Fran\u00e7ais\",\"Anglais\",\"Italien\",\"Polonais\"],\"jobTitle\":\"Journaliste, \u00e9crivain et chroniqueur culturel\",\"worksFor\":\"Webdo\",\"url\":\"https:\\\/\\\/www.webdo.tn\\\/fr\\\/actualite\\\/author\\\/hatem-bourial-2\\\/\"}]}<\/script>\n<!-- \/ Yoast SEO Premium plugin. -->","yoast_head_json":{"title":"Le billet de Hatem Bourial - Touche pas \u00e0 mes fr\u00e8res ennemis !","description":"Le billet de Hatem Bourial - Touche pas \u00e0 mes fr\u00e8res ennemis !","canonical":"https:\/\/www.webdo.tn\/fr\/actualite\/chroniques\/le-billet-de-hatem-bourial-touche-pas-a-mes-freres-ennemis\/186881\/","og_locale":"fr_FR","og_type":"article","og_title":"Le billet de Hatem Bourial - Touche pas \u00e0 mes fr\u00e8res ennemis !","og_description":"Le billet de Hatem Bourial - Touche pas \u00e0 mes fr\u00e8res ennemis !","og_url":"https:\/\/www.webdo.tn\/fr\/actualite\/chroniques\/le-billet-de-hatem-bourial-touche-pas-a-mes-freres-ennemis\/186881\/","og_site_name":"webdo","article_publisher":"https:\/\/www.facebook.com\/webdotn","article_author":"https:\/\/www.facebook.com\/hatem.bourial.2025","article_published_time":"2013-12-09T11:44:00+00:00","article_modified_time":"2025-05-22T13:11:05+00:00","og_image":[{"width":333,"height":308,"url":"https:\/\/www.webdo.tn\/fr\/wp-content\/uploads\/2013\/12\/Moncef-Marzouki-New-York-23-septembre-2013-photo-carthage.tn_.jpg","type":"image\/jpeg"}],"author":"Hatem Bourial","twitter_card":"summary_large_image","twitter_creator":"@webdo_tn","twitter_site":"@webdo_tn","twitter_misc":{"\u00c9crit par":"Hatem Bourial","Dur\u00e9e de lecture estim\u00e9e":"4 minutes"},"schema":{"@context":"https:\/\/schema.org","@graph":[{"@type":"NewsArticle","@id":"https:\/\/www.webdo.tn\/fr\/actualite\/chroniques\/le-billet-de-hatem-bourial-touche-pas-a-mes-freres-ennemis\/186881\/#article","isPartOf":{"@id":"https:\/\/www.webdo.tn\/fr\/actualite\/chroniques\/le-billet-de-hatem-bourial-touche-pas-a-mes-freres-ennemis\/186881\/"},"author":{"name":"Hatem Bourial","@id":"https:\/\/www.webdo.tn\/fr\/#\/schema\/person\/6bc0beba2cd23aec27cb5df85ca2554f"},"headline":"Le billet de Hatem Bourial &#8211; Touche pas \u00e0 mes fr\u00e8res ennemis !","datePublished":"2013-12-09T11:44:00+00:00","dateModified":"2025-05-22T13:11:05+00:00","mainEntityOfPage":{"@id":"https:\/\/www.webdo.tn\/fr\/actualite\/chroniques\/le-billet-de-hatem-bourial-touche-pas-a-mes-freres-ennemis\/186881\/"},"wordCount":844,"commentCount":0,"publisher":{"@id":"https:\/\/www.webdo.tn\/fr\/#organization"},"image":{"@id":"https:\/\/www.webdo.tn\/fr\/actualite\/chroniques\/le-billet-de-hatem-bourial-touche-pas-a-mes-freres-ennemis\/186881\/#primaryimage"},"thumbnailUrl":"https:\/\/www.webdo.tn\/fr\/wp-content\/uploads\/2013\/12\/Moncef-Marzouki-New-York-23-septembre-2013-photo-carthage.tn_.jpg","articleSection":["Chroniques"],"inLanguage":"fr-FR"},{"@type":"WebPage","@id":"https:\/\/www.webdo.tn\/fr\/actualite\/chroniques\/le-billet-de-hatem-bourial-touche-pas-a-mes-freres-ennemis\/186881\/","url":"https:\/\/www.webdo.tn\/fr\/actualite\/chroniques\/le-billet-de-hatem-bourial-touche-pas-a-mes-freres-ennemis\/186881\/","name":"Le billet de Hatem Bourial - Touche pas \u00e0 mes fr\u00e8res ennemis !","isPartOf":{"@id":"https:\/\/www.webdo.tn\/fr\/#website"},"primaryImageOfPage":{"@id":"https:\/\/www.webdo.tn\/fr\/actualite\/chroniques\/le-billet-de-hatem-bourial-touche-pas-a-mes-freres-ennemis\/186881\/#primaryimage"},"image":{"@id":"https:\/\/www.webdo.tn\/fr\/actualite\/chroniques\/le-billet-de-hatem-bourial-touche-pas-a-mes-freres-ennemis\/186881\/#primaryimage"},"thumbnailUrl":"https:\/\/www.webdo.tn\/fr\/wp-content\/uploads\/2013\/12\/Moncef-Marzouki-New-York-23-septembre-2013-photo-carthage.tn_.jpg","datePublished":"2013-12-09T11:44:00+00:00","dateModified":"2025-05-22T13:11:05+00:00","description":"Le billet de Hatem Bourial - Touche pas \u00e0 mes fr\u00e8res ennemis !","breadcrumb":{"@id":"https:\/\/www.webdo.tn\/fr\/actualite\/chroniques\/le-billet-de-hatem-bourial-touche-pas-a-mes-freres-ennemis\/186881\/#breadcrumb"},"inLanguage":"fr-FR","potentialAction":[{"@type":"ReadAction","target":["https:\/\/www.webdo.tn\/fr\/actualite\/chroniques\/le-billet-de-hatem-bourial-touche-pas-a-mes-freres-ennemis\/186881\/"]}]},{"@type":"ImageObject","inLanguage":"fr-FR","@id":"https:\/\/www.webdo.tn\/fr\/actualite\/chroniques\/le-billet-de-hatem-bourial-touche-pas-a-mes-freres-ennemis\/186881\/#primaryimage","url":"https:\/\/www.webdo.tn\/fr\/wp-content\/uploads\/2013\/12\/Moncef-Marzouki-New-York-23-septembre-2013-photo-carthage.tn_.jpg","contentUrl":"https:\/\/www.webdo.tn\/fr\/wp-content\/uploads\/2013\/12\/Moncef-Marzouki-New-York-23-septembre-2013-photo-carthage.tn_.jpg","width":333,"height":308,"caption":"Le billet de Hatem Bourial - Touche pas \u00e0 mes fr\u00e8res ennemis !"},{"@type":"BreadcrumbList","@id":"https:\/\/www.webdo.tn\/fr\/actualite\/chroniques\/le-billet-de-hatem-bourial-touche-pas-a-mes-freres-ennemis\/186881\/#breadcrumb","itemListElement":[{"@type":"ListItem","position":1,"name":"Accueil","item":"https:\/\/www.webdo.tn\/fr\/"},{"@type":"ListItem","position":2,"name":"Le billet de Hatem Bourial &#8211; Touche pas \u00e0 mes fr\u00e8res ennemis !"}]},{"@type":"WebSite","@id":"https:\/\/www.webdo.tn\/fr\/#website","url":"https:\/\/www.webdo.tn\/fr\/","name":"webdo","description":"Tunisie - News en Tunisie et \u00e0 l&#039;international sur Webdo.tn","publisher":{"@id":"https:\/\/www.webdo.tn\/fr\/#organization"},"potentialAction":[{"@type":"SearchAction","target":{"@type":"EntryPoint","urlTemplate":"https:\/\/www.webdo.tn\/fr\/?s={search_term_string}"},"query-input":{"@type":"PropertyValueSpecification","valueRequired":true,"valueName":"search_term_string"}}],"inLanguage":"fr-FR"},{"@type":"Organization","@id":"https:\/\/www.webdo.tn\/fr\/#organization","name":"Webdo","alternateName":"Webdo.tn","url":"https:\/\/www.webdo.tn\/fr\/","logo":{"@type":"ImageObject","inLanguage":"fr-FR","@id":"https:\/\/www.webdo.tn\/fr\/#\/schema\/logo\/image\/","url":"https:\/\/www.webdo.tn\/fr\/wp-content\/uploads\/2025\/06\/Webdo-Tunisie_168377.jpg","contentUrl":"https:\/\/www.webdo.tn\/fr\/wp-content\/uploads\/2025\/06\/Webdo-Tunisie_168377.jpg","width":301,"height":301,"caption":"Webdo"},"image":{"@id":"https:\/\/www.webdo.tn\/fr\/#\/schema\/logo\/image\/"},"sameAs":["https:\/\/www.facebook.com\/webdotn","https:\/\/x.com\/webdo_tn"],"description":"Webdo est un m\u00e9dia num\u00e9rique tunisien fond\u00e9 en 2010, sp\u00e9cialis\u00e9 dans l\u2019actualit\u00e9 nationale et internationale, l\u2019\u00e9conomie, la soci\u00e9t\u00e9 et les analyses politiques. Le site s\u2019adresse \u00e0 un large public francophone et couvre l\u2019information tunisienne en temps r\u00e9el.","email":"redac@webdo.tn","legalName":"YNJ SARL","foundingDate":"2010-09-06","numberOfEmployees":{"@type":"QuantitativeValue","minValue":"11","maxValue":"50"}},{"@type":"Person","@id":"https:\/\/www.webdo.tn\/fr\/#\/schema\/person\/6bc0beba2cd23aec27cb5df85ca2554f","name":"Hatem Bourial","image":{"@type":"ImageObject","inLanguage":"fr-FR","@id":"https:\/\/www.webdo.tn\/fr\/wp-content\/uploads\/2026\/04\/hatem-bourial_avatar-96x96.jpg","url":"https:\/\/www.webdo.tn\/fr\/wp-content\/uploads\/2026\/04\/hatem-bourial_avatar-96x96.jpg","contentUrl":"https:\/\/www.webdo.tn\/fr\/wp-content\/uploads\/2026\/04\/hatem-bourial_avatar-96x96.jpg","caption":"Hatem Bourial"},"description":"Hatem Bourial est journaliste, \u00e9crivain et chroniqueur tunisien. Actif depuis plusieurs d\u00e9cennies, il s\u2019est impos\u00e9 comme un observateur attentif de la soci\u00e9t\u00e9 tunisienne, m\u00ealant dans ses \u00e9crits m\u00e9moire, culture et analyse du quotidien. Auteur de nombreux ouvrages, il d\u00e9veloppe une \u0153uvre \u00e0 la crois\u00e9e du r\u00e9cit, de la po\u00e9sie et de l\u2019observation sociologique. Parall\u00e8lement \u00e0 ses contributions dans la presse, il intervient r\u00e9guli\u00e8rement \u00e0 la radio et dans des espaces culturels, o\u00f9 il explore les enjeux li\u00e9s au patrimoine, \u00e0 l\u2019identit\u00e9 et aux transformations du monde contemporain. \u00c0 travers ses chroniques, Hatem Bourial propose une lecture sensible et approfondie de l\u2019actualit\u00e9, nourrie par une exp\u00e9rience journalistique et litt\u00e9raire reconnue. \ud83d\udd17 Facebook : https:\/\/www.facebook.com\/hatem.bourial.2025","sameAs":["https:\/\/www.facebook.com\/hatem.bourial.2025","https:\/\/fr.wikipedia.org\/wiki\/Fichier:Hatem_Bourial.jpg"],"knowsAbout":["Culture & patrimoine tunisien","Chronique soci\u00e9tale","Litt\u00e9rature & m\u00e9moire","Cin\u00e9ma & critique culturelle","Identit\u00e9 & mutations sociales"],"knowsLanguage":["Arabe","Fran\u00e7ais","Anglais","Italien","Polonais"],"jobTitle":"Journaliste, \u00e9crivain et chroniqueur culturel","worksFor":"Webdo","url":"https:\/\/www.webdo.tn\/fr\/actualite\/author\/hatem-bourial-2\/"}]}},"_links":{"self":[{"href":"https:\/\/www.webdo.tn\/fr\/wp-json\/wp\/v2\/posts\/186881","targetHints":{"allow":["GET"]}}],"collection":[{"href":"https:\/\/www.webdo.tn\/fr\/wp-json\/wp\/v2\/posts"}],"about":[{"href":"https:\/\/www.webdo.tn\/fr\/wp-json\/wp\/v2\/types\/post"}],"author":[{"embeddable":true,"href":"https:\/\/www.webdo.tn\/fr\/wp-json\/wp\/v2\/users\/3229"}],"replies":[{"embeddable":true,"href":"https:\/\/www.webdo.tn\/fr\/wp-json\/wp\/v2\/comments?post=186881"}],"version-history":[{"count":0,"href":"https:\/\/www.webdo.tn\/fr\/wp-json\/wp\/v2\/posts\/186881\/revisions"}],"wp:featuredmedia":[{"embeddable":true,"href":"https:\/\/www.webdo.tn\/fr\/wp-json\/wp\/v2\/media\/322263"}],"wp:attachment":[{"href":"https:\/\/www.webdo.tn\/fr\/wp-json\/wp\/v2\/media?parent=186881"}],"wp:term":[{"taxonomy":"category","embeddable":true,"href":"https:\/\/www.webdo.tn\/fr\/wp-json\/wp\/v2\/categories?post=186881"},{"taxonomy":"post_tag","embeddable":true,"href":"https:\/\/www.webdo.tn\/fr\/wp-json\/wp\/v2\/tags?post=186881"}],"curies":[{"name":"wp","href":"https:\/\/api.w.org\/{rel}","templated":true}]}}