{"id":186880,"date":"2013-11-23T16:51:00","date_gmt":"2013-11-23T16:51:00","guid":{"rendered":"https:\/\/www.webdo.tn\/fr\/blog\/le-billet-de-hatem-bourial-desormais-nous-vivons-dans-limminence-dune-attaque-terroriste-de-grande-ampleur\/186880\/"},"modified":"2013-11-23T16:51:00","modified_gmt":"2013-11-23T16:51:00","slug":"le-billet-de-hatem-bourial-desormais-nous-vivons-dans-limminence-dune-attaque-terroriste-de-grande-ampleur","status":"publish","type":"post","link":"https:\/\/www.webdo.tn\/fr\/actualite\/chroniques\/le-billet-de-hatem-bourial-desormais-nous-vivons-dans-limminence-dune-attaque-terroriste-de-grande-ampleur\/186880\/","title":{"rendered":"Le billet de Hatem Bourial &#8211; D\u00e9sormais, nous vivons dans l&rsquo;imminence d&rsquo;une attaque terroriste de grande ampleur"},"content":{"rendered":"<p>Les nouvelles inqui\u00e9tantes qui arrivent de la fronti\u00e8re libyenne o\u00f9 une concentration de terroristes se pr\u00e9parerait \u00e0 un assaut contre la Tunisie ne sont certainement pas d\u00e9nu\u00e9es de tout fondement. La cible serait choisie dans le sud tunisien pour frapper les esprits et mettre les Tunisiens devant le fait accompli de la terreur qui les vise dans la foul\u00e9e de la contre-r\u00e9volution islamiste qui tente de s&#8217;emparer de notre pays.<\/p>\n<p>Cette menace intervient alors qu&rsquo;un autre front \u00e0 l&rsquo;Ouest pourrait s&rsquo;ouvrir devant des raids que pr\u00e9pareraient des jihadistes de retour du Mali et qui seraient infiltr\u00e9s en Alg\u00e9rie et font mouvement vers la fronti\u00e8re tunisienne.<br \/>\nOn dirait ainsi que la Tunisie est quasiment prise en tenailles sur ses deux flancs sud et ouest par la m\u00eame menace.<\/p>\n<p>Entretemps, le retour des jihadistes tunisiens actuellement en Syrie se pr\u00e9cise alors qu&rsquo;une petite \u00ab\u00a0arm\u00e9e\u00a0\u00bb de 12.500 ex-prisonniers graci\u00e9s par le pr\u00e9sident provisoire est diss\u00e9min\u00e9e dans le pays, avec parfois des coups d&rsquo;\u00e9clat dans des affaires de droit commun (vols, viols, braquages).<\/p>\n<p>Par ailleurs, des caches et des convois d&rsquo;armes et de munitions sont r\u00e9guli\u00e8rement d\u00e9couverts un peu partout en Tunisie. Parfois des sommes importantes en argent liquide sont \u00e9galement saisies par les forces de l&rsquo;ordre.<\/p>\n<p>Tout cela se passe alors que la pr\u00e9sence terroriste au djebel Chaambi ressemble de plus en plus \u00e0 une t\u00eate de pont, une sorte de poste avanc\u00e9 d&rsquo;une campagne meurtri\u00e8re \u00e0 venir. Pire, d&rsquo;autres abc\u00e8s de fixation semblent attendre d&rsquo;\u00eatre activ\u00e9s dans les r\u00e9gions du Kef et de Ghardimaou, dans des zones montagneuses difficiles d&rsquo;acc\u00e8s.<\/p>\n<p>La vie quotidienne des Tunisiens a entretemps chang\u00e9. Les prix se sont envol\u00e9s alors que les pseudo-politiques discutaillent sans se rendre compte qu&rsquo;Ennahdha joue la montre sans se soucier vraiment du dialogue national. Les points de contr\u00f4le de s\u00e9curit\u00e9 sont apparus un peu partout : sur les routes mais aussi \u00e0 l&rsquo;a\u00e9roport, dans les supermarch\u00e9s et plusieurs lieux publics. Nouveaut\u00e9, la police patrouille les rues portant ostensiblement des armes lourdes, en plein centre-ville.<\/p>\n<p>La Tunisie a peur, se le cache pour le moment tout en s&rsquo;attendant au pire. Les Tunisiens commencent \u00e0 peine \u00e0 se rendre compte que la guerre est \u00e0 nos portes, que nous pouvons basculer dans l&rsquo;horreur d&rsquo;un instant \u00e0 l&rsquo;autre et qu&rsquo;au del\u00e0 de la Tunisie, cette guerre qui se pr\u00e9pare vise aussi nos voisins alg\u00e9riens en lutte contre le terrorisme islamiste depuis vingt ans.<\/p>\n<p>Dramatiquement, la Troika au pouvoir ne semble pas r\u00e9aliser l&rsquo;imminence d&rsquo;un bouleversement r\u00e9gional qui pourrait transformer en brasier l&rsquo;Afrique du nord orientale et centrale. Ennahdha et ses suppl\u00e9tifs s&rsquo;amusent avec la Tunisie comme si elle \u00e9tait un jouet tomb\u00e9 entre leurs mains, une prise de guerre, un pays \u00e9tranger soumis et sous occupation.<\/p>\n<p>A moins que tout ce qui se passe sous nos yeux m\u00e9dus\u00e9s ne fasse partie d&rsquo;un plan de destruction de la Tunisie dont se rendraient complices certains faucons au pouvoir et certains aveugles qui continuent \u00e0 ne pas comprendre la complexit\u00e9 des enjeux.<\/p>\n<p>Aujourd&rsquo;hui, plusieurs experts commencent \u00e0 avancer une th\u00e9orie d&rsquo;un complot de l&rsquo;Internationale islamiste contre une Tunisie punie pour son lib\u00e9ralisme, sa tol\u00e9rance, le statut de ses femmes, son Islam mod\u00e9r\u00e9 et son identit\u00e9 plurielle.<\/p>\n<p>Les bruits de bottes se font de plus en plus forts et il serait tragique que des partis actuellement au pouvoir pensent aux gains politiques qu&rsquo;ils pourraient retirer d&rsquo;une guerre ouverte qui ciblerait la Tunisie et mettrait notre pays en premi\u00e8re ligne face \u00e0 Al Qaida et ses agents locaux.<\/p>\n<p>Ennahdha peut-elle, au nom de la l\u00e9gitimit\u00e9 maintenant douteuse des urnes du 23 octobre 2012, sacrifier la Tunisie sur l&rsquo;autel de ses ambitions ? Ghannouchi et ses alli\u00e9s auront-ils le nationalisme tunisien relatif au point de laisser leur pays s&rsquo;enfoncer dans une tourmente r\u00e9gionale qu&rsquo;ils appellent de leurs v\u0153ux ? A les fr\u00e9quenter depuis maintenant presque trois ans, les Tunisiens ne seraient surpris de rien de la part d&rsquo;un parti au cynisme de fer et \u00e0 la langue fourchue.<\/p>\n<p>En attendant d&rsquo;y voir plus clair, la Tunisie redoute les agressions terroristes qui lui sont promises, l&rsquo;assaut qui pourrait viser ses fronti\u00e8res et la guerre qui semble se pr\u00e9parer. Las, tristes et d\u00e9boussol\u00e9s, les Tunisiens n&rsquo;ont plus confiance en l&rsquo;avenir et regardent leurs dirigeants ainsi que leurs opposants avec une inqui\u00e9tude d\u00e9sormais teint\u00e9e de m\u00e9fiance.<br \/>\nLa guerre s&rsquo;installe \u00e0 nos portes. Le danger est imminent. Que Dieu prot\u00e8ge la Tunisie en ces temps d&rsquo;incertitude si nos dirigeants n&rsquo;ont pas la bonne foi n\u00e9cessaire pour le faire.<\/p>\n","protected":false},"excerpt":{"rendered":"<p>Le billet de Hatem Bourial &#8211; D\u00e9sormais, nous vivons dans l&rsquo;imminence d&rsquo;une attaque terroriste de grande ampleur<\/p>\n","protected":false},"author":3229,"featured_media":332627,"comment_status":"open","ping_status":"closed","sticky":false,"template":"","format":"standard","meta":{"footnotes":""},"categories":[2596],"tags":[2600],"class_list":["post-186880","post","type-post","status-publish","format-standard","has-post-thumbnail","hentry","category-chroniques","tag-guerre"],"yoast_head":"<!-- This site is optimized with the Yoast SEO Premium plugin v27.5 (Yoast SEO v27.5) - https:\/\/yoast.com\/product\/yoast-seo-premium-wordpress\/ -->\n<title>Le billet de Hatem Bourial - D\u00e9sormais, nous vivons dans l&#039;imminence d&#039;une attaque terroriste de grande ampleur<\/title>\n<meta name=\"description\" content=\"Le billet de Hatem Bourial - D\u00e9sormais, nous vivons dans l&#039;imminence d&#039;une attaque terroriste de grande ampleur\" \/>\n<link rel=\"canonical\" href=\"https:\/\/www.webdo.tn\/fr\/actualite\/chroniques\/le-billet-de-hatem-bourial-desormais-nous-vivons-dans-limminence-dune-attaque-terroriste-de-grande-ampleur\/186880\/\" \/>\n<meta property=\"og:locale\" content=\"fr_FR\" \/>\n<meta property=\"og:type\" content=\"article\" \/>\n<meta property=\"og:title\" content=\"Le billet de Hatem Bourial - D\u00e9sormais, nous vivons dans l&#039;imminence d&#039;une attaque terroriste de grande ampleur\" \/>\n<meta property=\"og:description\" content=\"Le billet de Hatem Bourial - D\u00e9sormais, nous vivons dans l&#039;imminence d&#039;une attaque terroriste de grande ampleur\" \/>\n<meta property=\"og:url\" content=\"https:\/\/www.webdo.tn\/fr\/actualite\/chroniques\/le-billet-de-hatem-bourial-desormais-nous-vivons-dans-limminence-dune-attaque-terroriste-de-grande-ampleur\/186880\/\" \/>\n<meta property=\"og:site_name\" content=\"webdo\" \/>\n<meta property=\"article:publisher\" content=\"https:\/\/www.facebook.com\/webdotn\" \/>\n<meta property=\"article:author\" content=\"https:\/\/www.facebook.com\/hatem.bourial.2025\" \/>\n<meta property=\"article:published_time\" content=\"2013-11-23T16:51:00+00:00\" \/>\n<meta property=\"og:image\" content=\"https:\/\/www.webdo.tn\/fr\/wp-content\/uploads\/2013\/11\/Brigade-Anti-Terrorisme-1.jpg\" \/>\n\t<meta property=\"og:image:width\" content=\"266\" \/>\n\t<meta property=\"og:image:height\" content=\"200\" \/>\n\t<meta property=\"og:image:type\" content=\"image\/jpeg\" \/>\n<meta name=\"author\" content=\"Hatem Bourial\" \/>\n<meta name=\"twitter:card\" content=\"summary_large_image\" \/>\n<meta name=\"twitter:creator\" content=\"@webdo_tn\" \/>\n<meta name=\"twitter:site\" content=\"@webdo_tn\" \/>\n<meta name=\"twitter:label1\" content=\"\u00c9crit par\" \/>\n\t<meta name=\"twitter:data1\" content=\"Hatem Bourial\" \/>\n\t<meta name=\"twitter:label2\" content=\"Dur\u00e9e de lecture estim\u00e9e\" \/>\n\t<meta name=\"twitter:data2\" content=\"4 minutes\" \/>\n<script type=\"application\/ld+json\" class=\"yoast-schema-graph\">{\"@context\":\"https:\\\/\\\/schema.org\",\"@graph\":[{\"@type\":\"NewsArticle\",\"@id\":\"https:\\\/\\\/www.webdo.tn\\\/fr\\\/actualite\\\/chroniques\\\/le-billet-de-hatem-bourial-desormais-nous-vivons-dans-limminence-dune-attaque-terroriste-de-grande-ampleur\\\/186880\\\/#article\",\"isPartOf\":{\"@id\":\"https:\\\/\\\/www.webdo.tn\\\/fr\\\/actualite\\\/chroniques\\\/le-billet-de-hatem-bourial-desormais-nous-vivons-dans-limminence-dune-attaque-terroriste-de-grande-ampleur\\\/186880\\\/\"},\"author\":{\"name\":\"Hatem Bourial\",\"@id\":\"https:\\\/\\\/www.webdo.tn\\\/fr\\\/#\\\/schema\\\/person\\\/6bc0beba2cd23aec27cb5df85ca2554f\"},\"headline\":\"Le billet de Hatem Bourial &#8211; D\u00e9sormais, nous vivons dans l&rsquo;imminence d&rsquo;une attaque terroriste de grande ampleur\",\"datePublished\":\"2013-11-23T16:51:00+00:00\",\"mainEntityOfPage\":{\"@id\":\"https:\\\/\\\/www.webdo.tn\\\/fr\\\/actualite\\\/chroniques\\\/le-billet-de-hatem-bourial-desormais-nous-vivons-dans-limminence-dune-attaque-terroriste-de-grande-ampleur\\\/186880\\\/\"},\"wordCount\":842,\"commentCount\":0,\"publisher\":{\"@id\":\"https:\\\/\\\/www.webdo.tn\\\/fr\\\/#organization\"},\"image\":{\"@id\":\"https:\\\/\\\/www.webdo.tn\\\/fr\\\/actualite\\\/chroniques\\\/le-billet-de-hatem-bourial-desormais-nous-vivons-dans-limminence-dune-attaque-terroriste-de-grande-ampleur\\\/186880\\\/#primaryimage\"},\"thumbnailUrl\":\"https:\\\/\\\/www.webdo.tn\\\/fr\\\/wp-content\\\/uploads\\\/2013\\\/11\\\/Brigade-Anti-Terrorisme-1.jpg\",\"keywords\":[\"guerre\"],\"articleSection\":[\"Chroniques\"],\"inLanguage\":\"fr-FR\"},{\"@type\":\"WebPage\",\"@id\":\"https:\\\/\\\/www.webdo.tn\\\/fr\\\/actualite\\\/chroniques\\\/le-billet-de-hatem-bourial-desormais-nous-vivons-dans-limminence-dune-attaque-terroriste-de-grande-ampleur\\\/186880\\\/\",\"url\":\"https:\\\/\\\/www.webdo.tn\\\/fr\\\/actualite\\\/chroniques\\\/le-billet-de-hatem-bourial-desormais-nous-vivons-dans-limminence-dune-attaque-terroriste-de-grande-ampleur\\\/186880\\\/\",\"name\":\"Le billet de Hatem Bourial - D\u00e9sormais, nous vivons dans l'imminence d'une attaque terroriste de grande ampleur\",\"isPartOf\":{\"@id\":\"https:\\\/\\\/www.webdo.tn\\\/fr\\\/#website\"},\"primaryImageOfPage\":{\"@id\":\"https:\\\/\\\/www.webdo.tn\\\/fr\\\/actualite\\\/chroniques\\\/le-billet-de-hatem-bourial-desormais-nous-vivons-dans-limminence-dune-attaque-terroriste-de-grande-ampleur\\\/186880\\\/#primaryimage\"},\"image\":{\"@id\":\"https:\\\/\\\/www.webdo.tn\\\/fr\\\/actualite\\\/chroniques\\\/le-billet-de-hatem-bourial-desormais-nous-vivons-dans-limminence-dune-attaque-terroriste-de-grande-ampleur\\\/186880\\\/#primaryimage\"},\"thumbnailUrl\":\"https:\\\/\\\/www.webdo.tn\\\/fr\\\/wp-content\\\/uploads\\\/2013\\\/11\\\/Brigade-Anti-Terrorisme-1.jpg\",\"datePublished\":\"2013-11-23T16:51:00+00:00\",\"description\":\"Le billet de Hatem Bourial - D\u00e9sormais, nous vivons dans l'imminence d'une attaque terroriste de grande ampleur\",\"breadcrumb\":{\"@id\":\"https:\\\/\\\/www.webdo.tn\\\/fr\\\/actualite\\\/chroniques\\\/le-billet-de-hatem-bourial-desormais-nous-vivons-dans-limminence-dune-attaque-terroriste-de-grande-ampleur\\\/186880\\\/#breadcrumb\"},\"inLanguage\":\"fr-FR\",\"potentialAction\":[{\"@type\":\"ReadAction\",\"target\":[\"https:\\\/\\\/www.webdo.tn\\\/fr\\\/actualite\\\/chroniques\\\/le-billet-de-hatem-bourial-desormais-nous-vivons-dans-limminence-dune-attaque-terroriste-de-grande-ampleur\\\/186880\\\/\"]}]},{\"@type\":\"ImageObject\",\"inLanguage\":\"fr-FR\",\"@id\":\"https:\\\/\\\/www.webdo.tn\\\/fr\\\/actualite\\\/chroniques\\\/le-billet-de-hatem-bourial-desormais-nous-vivons-dans-limminence-dune-attaque-terroriste-de-grande-ampleur\\\/186880\\\/#primaryimage\",\"url\":\"https:\\\/\\\/www.webdo.tn\\\/fr\\\/wp-content\\\/uploads\\\/2013\\\/11\\\/Brigade-Anti-Terrorisme-1.jpg\",\"contentUrl\":\"https:\\\/\\\/www.webdo.tn\\\/fr\\\/wp-content\\\/uploads\\\/2013\\\/11\\\/Brigade-Anti-Terrorisme-1.jpg\",\"width\":266,\"height\":200,\"caption\":\"Le billet de Hatem Bourial - D\u00e9sormais, nous vivons dans l'imminence d'une attaque terroriste de grande ampleur\"},{\"@type\":\"BreadcrumbList\",\"@id\":\"https:\\\/\\\/www.webdo.tn\\\/fr\\\/actualite\\\/chroniques\\\/le-billet-de-hatem-bourial-desormais-nous-vivons-dans-limminence-dune-attaque-terroriste-de-grande-ampleur\\\/186880\\\/#breadcrumb\",\"itemListElement\":[{\"@type\":\"ListItem\",\"position\":1,\"name\":\"Accueil\",\"item\":\"https:\\\/\\\/www.webdo.tn\\\/fr\\\/\"},{\"@type\":\"ListItem\",\"position\":2,\"name\":\"Le billet de Hatem Bourial &#8211; D\u00e9sormais, nous vivons dans l&#8217;imminence d&#8217;une attaque terroriste de grande ampleur\"}]},{\"@type\":\"WebSite\",\"@id\":\"https:\\\/\\\/www.webdo.tn\\\/fr\\\/#website\",\"url\":\"https:\\\/\\\/www.webdo.tn\\\/fr\\\/\",\"name\":\"webdo\",\"description\":\"Tunisie - News en Tunisie et \u00e0 l&#039;international sur Webdo.tn\",\"publisher\":{\"@id\":\"https:\\\/\\\/www.webdo.tn\\\/fr\\\/#organization\"},\"potentialAction\":[{\"@type\":\"SearchAction\",\"target\":{\"@type\":\"EntryPoint\",\"urlTemplate\":\"https:\\\/\\\/www.webdo.tn\\\/fr\\\/?s={search_term_string}\"},\"query-input\":{\"@type\":\"PropertyValueSpecification\",\"valueRequired\":true,\"valueName\":\"search_term_string\"}}],\"inLanguage\":\"fr-FR\"},{\"@type\":\"Organization\",\"@id\":\"https:\\\/\\\/www.webdo.tn\\\/fr\\\/#organization\",\"name\":\"Webdo\",\"alternateName\":\"Webdo.tn\",\"url\":\"https:\\\/\\\/www.webdo.tn\\\/fr\\\/\",\"logo\":{\"@type\":\"ImageObject\",\"inLanguage\":\"fr-FR\",\"@id\":\"https:\\\/\\\/www.webdo.tn\\\/fr\\\/#\\\/schema\\\/logo\\\/image\\\/\",\"url\":\"https:\\\/\\\/www.webdo.tn\\\/fr\\\/wp-content\\\/uploads\\\/2025\\\/06\\\/Webdo-Tunisie_168377.jpg\",\"contentUrl\":\"https:\\\/\\\/www.webdo.tn\\\/fr\\\/wp-content\\\/uploads\\\/2025\\\/06\\\/Webdo-Tunisie_168377.jpg\",\"width\":301,\"height\":301,\"caption\":\"Webdo\"},\"image\":{\"@id\":\"https:\\\/\\\/www.webdo.tn\\\/fr\\\/#\\\/schema\\\/logo\\\/image\\\/\"},\"sameAs\":[\"https:\\\/\\\/www.facebook.com\\\/webdotn\",\"https:\\\/\\\/x.com\\\/webdo_tn\"],\"description\":\"Webdo est un m\u00e9dia num\u00e9rique tunisien fond\u00e9 en 2010, sp\u00e9cialis\u00e9 dans l\u2019actualit\u00e9 nationale et internationale, l\u2019\u00e9conomie, la soci\u00e9t\u00e9 et les analyses politiques. Le site s\u2019adresse \u00e0 un large public francophone et couvre l\u2019information tunisienne en temps r\u00e9el.\",\"email\":\"redac@webdo.tn\",\"legalName\":\"YNJ SARL\",\"foundingDate\":\"2010-09-06\",\"numberOfEmployees\":{\"@type\":\"QuantitativeValue\",\"minValue\":\"11\",\"maxValue\":\"50\"}},{\"@type\":\"Person\",\"@id\":\"https:\\\/\\\/www.webdo.tn\\\/fr\\\/#\\\/schema\\\/person\\\/6bc0beba2cd23aec27cb5df85ca2554f\",\"name\":\"Hatem Bourial\",\"image\":{\"@type\":\"ImageObject\",\"inLanguage\":\"fr-FR\",\"@id\":\"https:\\\/\\\/www.webdo.tn\\\/fr\\\/wp-content\\\/uploads\\\/2026\\\/04\\\/hatem-bourial_avatar-96x96.jpg\",\"url\":\"https:\\\/\\\/www.webdo.tn\\\/fr\\\/wp-content\\\/uploads\\\/2026\\\/04\\\/hatem-bourial_avatar-96x96.jpg\",\"contentUrl\":\"https:\\\/\\\/www.webdo.tn\\\/fr\\\/wp-content\\\/uploads\\\/2026\\\/04\\\/hatem-bourial_avatar-96x96.jpg\",\"caption\":\"Hatem Bourial\"},\"description\":\"Hatem Bourial est journaliste, \u00e9crivain et chroniqueur tunisien. Actif depuis plusieurs d\u00e9cennies, il s\u2019est impos\u00e9 comme un observateur attentif de la soci\u00e9t\u00e9 tunisienne, m\u00ealant dans ses \u00e9crits m\u00e9moire, culture et analyse du quotidien. Auteur de nombreux ouvrages, il d\u00e9veloppe une \u0153uvre \u00e0 la crois\u00e9e du r\u00e9cit, de la po\u00e9sie et de l\u2019observation sociologique. Parall\u00e8lement \u00e0 ses contributions dans la presse, il intervient r\u00e9guli\u00e8rement \u00e0 la radio et dans des espaces culturels, o\u00f9 il explore les enjeux li\u00e9s au patrimoine, \u00e0 l\u2019identit\u00e9 et aux transformations du monde contemporain. \u00c0 travers ses chroniques, Hatem Bourial propose une lecture sensible et approfondie de l\u2019actualit\u00e9, nourrie par une exp\u00e9rience journalistique et litt\u00e9raire reconnue. \ud83d\udd17 Facebook : https:\\\/\\\/www.facebook.com\\\/hatem.bourial.2025\",\"sameAs\":[\"https:\\\/\\\/www.facebook.com\\\/hatem.bourial.2025\",\"https:\\\/\\\/fr.wikipedia.org\\\/wiki\\\/Fichier:Hatem_Bourial.jpg\"],\"knowsAbout\":[\"Culture & patrimoine tunisien\",\"Chronique soci\u00e9tale\",\"Litt\u00e9rature & m\u00e9moire\",\"Cin\u00e9ma & critique culturelle\",\"Identit\u00e9 & mutations sociales\"],\"knowsLanguage\":[\"Arabe\",\"Fran\u00e7ais\",\"Anglais\",\"Italien\",\"Polonais\"],\"jobTitle\":\"Journaliste, \u00e9crivain et chroniqueur culturel\",\"worksFor\":\"Webdo\",\"url\":\"https:\\\/\\\/www.webdo.tn\\\/fr\\\/actualite\\\/author\\\/hatem-bourial-2\\\/\"}]}<\/script>\n<!-- \/ Yoast SEO Premium plugin. -->","yoast_head_json":{"title":"Le billet de Hatem Bourial - D\u00e9sormais, nous vivons dans l'imminence d'une attaque terroriste de grande ampleur","description":"Le billet de Hatem Bourial - D\u00e9sormais, nous vivons dans l'imminence d'une attaque terroriste de grande ampleur","canonical":"https:\/\/www.webdo.tn\/fr\/actualite\/chroniques\/le-billet-de-hatem-bourial-desormais-nous-vivons-dans-limminence-dune-attaque-terroriste-de-grande-ampleur\/186880\/","og_locale":"fr_FR","og_type":"article","og_title":"Le billet de Hatem Bourial - D\u00e9sormais, nous vivons dans l'imminence d'une attaque terroriste de grande ampleur","og_description":"Le billet de Hatem Bourial - D\u00e9sormais, nous vivons dans l'imminence d'une attaque terroriste de grande ampleur","og_url":"https:\/\/www.webdo.tn\/fr\/actualite\/chroniques\/le-billet-de-hatem-bourial-desormais-nous-vivons-dans-limminence-dune-attaque-terroriste-de-grande-ampleur\/186880\/","og_site_name":"webdo","article_publisher":"https:\/\/www.facebook.com\/webdotn","article_author":"https:\/\/www.facebook.com\/hatem.bourial.2025","article_published_time":"2013-11-23T16:51:00+00:00","og_image":[{"width":266,"height":200,"url":"https:\/\/www.webdo.tn\/fr\/wp-content\/uploads\/2013\/11\/Brigade-Anti-Terrorisme-1.jpg","type":"image\/jpeg"}],"author":"Hatem Bourial","twitter_card":"summary_large_image","twitter_creator":"@webdo_tn","twitter_site":"@webdo_tn","twitter_misc":{"\u00c9crit par":"Hatem Bourial","Dur\u00e9e de lecture estim\u00e9e":"4 minutes"},"schema":{"@context":"https:\/\/schema.org","@graph":[{"@type":"NewsArticle","@id":"https:\/\/www.webdo.tn\/fr\/actualite\/chroniques\/le-billet-de-hatem-bourial-desormais-nous-vivons-dans-limminence-dune-attaque-terroriste-de-grande-ampleur\/186880\/#article","isPartOf":{"@id":"https:\/\/www.webdo.tn\/fr\/actualite\/chroniques\/le-billet-de-hatem-bourial-desormais-nous-vivons-dans-limminence-dune-attaque-terroriste-de-grande-ampleur\/186880\/"},"author":{"name":"Hatem Bourial","@id":"https:\/\/www.webdo.tn\/fr\/#\/schema\/person\/6bc0beba2cd23aec27cb5df85ca2554f"},"headline":"Le billet de Hatem Bourial &#8211; D\u00e9sormais, nous vivons dans l&rsquo;imminence d&rsquo;une attaque terroriste de grande ampleur","datePublished":"2013-11-23T16:51:00+00:00","mainEntityOfPage":{"@id":"https:\/\/www.webdo.tn\/fr\/actualite\/chroniques\/le-billet-de-hatem-bourial-desormais-nous-vivons-dans-limminence-dune-attaque-terroriste-de-grande-ampleur\/186880\/"},"wordCount":842,"commentCount":0,"publisher":{"@id":"https:\/\/www.webdo.tn\/fr\/#organization"},"image":{"@id":"https:\/\/www.webdo.tn\/fr\/actualite\/chroniques\/le-billet-de-hatem-bourial-desormais-nous-vivons-dans-limminence-dune-attaque-terroriste-de-grande-ampleur\/186880\/#primaryimage"},"thumbnailUrl":"https:\/\/www.webdo.tn\/fr\/wp-content\/uploads\/2013\/11\/Brigade-Anti-Terrorisme-1.jpg","keywords":["guerre"],"articleSection":["Chroniques"],"inLanguage":"fr-FR"},{"@type":"WebPage","@id":"https:\/\/www.webdo.tn\/fr\/actualite\/chroniques\/le-billet-de-hatem-bourial-desormais-nous-vivons-dans-limminence-dune-attaque-terroriste-de-grande-ampleur\/186880\/","url":"https:\/\/www.webdo.tn\/fr\/actualite\/chroniques\/le-billet-de-hatem-bourial-desormais-nous-vivons-dans-limminence-dune-attaque-terroriste-de-grande-ampleur\/186880\/","name":"Le billet de Hatem Bourial - D\u00e9sormais, nous vivons dans l'imminence d'une attaque terroriste de grande ampleur","isPartOf":{"@id":"https:\/\/www.webdo.tn\/fr\/#website"},"primaryImageOfPage":{"@id":"https:\/\/www.webdo.tn\/fr\/actualite\/chroniques\/le-billet-de-hatem-bourial-desormais-nous-vivons-dans-limminence-dune-attaque-terroriste-de-grande-ampleur\/186880\/#primaryimage"},"image":{"@id":"https:\/\/www.webdo.tn\/fr\/actualite\/chroniques\/le-billet-de-hatem-bourial-desormais-nous-vivons-dans-limminence-dune-attaque-terroriste-de-grande-ampleur\/186880\/#primaryimage"},"thumbnailUrl":"https:\/\/www.webdo.tn\/fr\/wp-content\/uploads\/2013\/11\/Brigade-Anti-Terrorisme-1.jpg","datePublished":"2013-11-23T16:51:00+00:00","description":"Le billet de Hatem Bourial - D\u00e9sormais, nous vivons dans l'imminence d'une attaque terroriste de grande ampleur","breadcrumb":{"@id":"https:\/\/www.webdo.tn\/fr\/actualite\/chroniques\/le-billet-de-hatem-bourial-desormais-nous-vivons-dans-limminence-dune-attaque-terroriste-de-grande-ampleur\/186880\/#breadcrumb"},"inLanguage":"fr-FR","potentialAction":[{"@type":"ReadAction","target":["https:\/\/www.webdo.tn\/fr\/actualite\/chroniques\/le-billet-de-hatem-bourial-desormais-nous-vivons-dans-limminence-dune-attaque-terroriste-de-grande-ampleur\/186880\/"]}]},{"@type":"ImageObject","inLanguage":"fr-FR","@id":"https:\/\/www.webdo.tn\/fr\/actualite\/chroniques\/le-billet-de-hatem-bourial-desormais-nous-vivons-dans-limminence-dune-attaque-terroriste-de-grande-ampleur\/186880\/#primaryimage","url":"https:\/\/www.webdo.tn\/fr\/wp-content\/uploads\/2013\/11\/Brigade-Anti-Terrorisme-1.jpg","contentUrl":"https:\/\/www.webdo.tn\/fr\/wp-content\/uploads\/2013\/11\/Brigade-Anti-Terrorisme-1.jpg","width":266,"height":200,"caption":"Le billet de Hatem Bourial - D\u00e9sormais, nous vivons dans l'imminence d'une attaque terroriste de grande ampleur"},{"@type":"BreadcrumbList","@id":"https:\/\/www.webdo.tn\/fr\/actualite\/chroniques\/le-billet-de-hatem-bourial-desormais-nous-vivons-dans-limminence-dune-attaque-terroriste-de-grande-ampleur\/186880\/#breadcrumb","itemListElement":[{"@type":"ListItem","position":1,"name":"Accueil","item":"https:\/\/www.webdo.tn\/fr\/"},{"@type":"ListItem","position":2,"name":"Le billet de Hatem Bourial &#8211; D\u00e9sormais, nous vivons dans l&#8217;imminence d&#8217;une attaque terroriste de grande ampleur"}]},{"@type":"WebSite","@id":"https:\/\/www.webdo.tn\/fr\/#website","url":"https:\/\/www.webdo.tn\/fr\/","name":"webdo","description":"Tunisie - News en Tunisie et \u00e0 l&#039;international sur Webdo.tn","publisher":{"@id":"https:\/\/www.webdo.tn\/fr\/#organization"},"potentialAction":[{"@type":"SearchAction","target":{"@type":"EntryPoint","urlTemplate":"https:\/\/www.webdo.tn\/fr\/?s={search_term_string}"},"query-input":{"@type":"PropertyValueSpecification","valueRequired":true,"valueName":"search_term_string"}}],"inLanguage":"fr-FR"},{"@type":"Organization","@id":"https:\/\/www.webdo.tn\/fr\/#organization","name":"Webdo","alternateName":"Webdo.tn","url":"https:\/\/www.webdo.tn\/fr\/","logo":{"@type":"ImageObject","inLanguage":"fr-FR","@id":"https:\/\/www.webdo.tn\/fr\/#\/schema\/logo\/image\/","url":"https:\/\/www.webdo.tn\/fr\/wp-content\/uploads\/2025\/06\/Webdo-Tunisie_168377.jpg","contentUrl":"https:\/\/www.webdo.tn\/fr\/wp-content\/uploads\/2025\/06\/Webdo-Tunisie_168377.jpg","width":301,"height":301,"caption":"Webdo"},"image":{"@id":"https:\/\/www.webdo.tn\/fr\/#\/schema\/logo\/image\/"},"sameAs":["https:\/\/www.facebook.com\/webdotn","https:\/\/x.com\/webdo_tn"],"description":"Webdo est un m\u00e9dia num\u00e9rique tunisien fond\u00e9 en 2010, sp\u00e9cialis\u00e9 dans l\u2019actualit\u00e9 nationale et internationale, l\u2019\u00e9conomie, la soci\u00e9t\u00e9 et les analyses politiques. Le site s\u2019adresse \u00e0 un large public francophone et couvre l\u2019information tunisienne en temps r\u00e9el.","email":"redac@webdo.tn","legalName":"YNJ SARL","foundingDate":"2010-09-06","numberOfEmployees":{"@type":"QuantitativeValue","minValue":"11","maxValue":"50"}},{"@type":"Person","@id":"https:\/\/www.webdo.tn\/fr\/#\/schema\/person\/6bc0beba2cd23aec27cb5df85ca2554f","name":"Hatem Bourial","image":{"@type":"ImageObject","inLanguage":"fr-FR","@id":"https:\/\/www.webdo.tn\/fr\/wp-content\/uploads\/2026\/04\/hatem-bourial_avatar-96x96.jpg","url":"https:\/\/www.webdo.tn\/fr\/wp-content\/uploads\/2026\/04\/hatem-bourial_avatar-96x96.jpg","contentUrl":"https:\/\/www.webdo.tn\/fr\/wp-content\/uploads\/2026\/04\/hatem-bourial_avatar-96x96.jpg","caption":"Hatem Bourial"},"description":"Hatem Bourial est journaliste, \u00e9crivain et chroniqueur tunisien. Actif depuis plusieurs d\u00e9cennies, il s\u2019est impos\u00e9 comme un observateur attentif de la soci\u00e9t\u00e9 tunisienne, m\u00ealant dans ses \u00e9crits m\u00e9moire, culture et analyse du quotidien. Auteur de nombreux ouvrages, il d\u00e9veloppe une \u0153uvre \u00e0 la crois\u00e9e du r\u00e9cit, de la po\u00e9sie et de l\u2019observation sociologique. Parall\u00e8lement \u00e0 ses contributions dans la presse, il intervient r\u00e9guli\u00e8rement \u00e0 la radio et dans des espaces culturels, o\u00f9 il explore les enjeux li\u00e9s au patrimoine, \u00e0 l\u2019identit\u00e9 et aux transformations du monde contemporain. \u00c0 travers ses chroniques, Hatem Bourial propose une lecture sensible et approfondie de l\u2019actualit\u00e9, nourrie par une exp\u00e9rience journalistique et litt\u00e9raire reconnue. \ud83d\udd17 Facebook : https:\/\/www.facebook.com\/hatem.bourial.2025","sameAs":["https:\/\/www.facebook.com\/hatem.bourial.2025","https:\/\/fr.wikipedia.org\/wiki\/Fichier:Hatem_Bourial.jpg"],"knowsAbout":["Culture & patrimoine tunisien","Chronique soci\u00e9tale","Litt\u00e9rature & m\u00e9moire","Cin\u00e9ma & critique culturelle","Identit\u00e9 & mutations sociales"],"knowsLanguage":["Arabe","Fran\u00e7ais","Anglais","Italien","Polonais"],"jobTitle":"Journaliste, \u00e9crivain et chroniqueur culturel","worksFor":"Webdo","url":"https:\/\/www.webdo.tn\/fr\/actualite\/author\/hatem-bourial-2\/"}]}},"_links":{"self":[{"href":"https:\/\/www.webdo.tn\/fr\/wp-json\/wp\/v2\/posts\/186880","targetHints":{"allow":["GET"]}}],"collection":[{"href":"https:\/\/www.webdo.tn\/fr\/wp-json\/wp\/v2\/posts"}],"about":[{"href":"https:\/\/www.webdo.tn\/fr\/wp-json\/wp\/v2\/types\/post"}],"author":[{"embeddable":true,"href":"https:\/\/www.webdo.tn\/fr\/wp-json\/wp\/v2\/users\/3229"}],"replies":[{"embeddable":true,"href":"https:\/\/www.webdo.tn\/fr\/wp-json\/wp\/v2\/comments?post=186880"}],"version-history":[{"count":0,"href":"https:\/\/www.webdo.tn\/fr\/wp-json\/wp\/v2\/posts\/186880\/revisions"}],"wp:featuredmedia":[{"embeddable":true,"href":"https:\/\/www.webdo.tn\/fr\/wp-json\/wp\/v2\/media\/332627"}],"wp:attachment":[{"href":"https:\/\/www.webdo.tn\/fr\/wp-json\/wp\/v2\/media?parent=186880"}],"wp:term":[{"taxonomy":"category","embeddable":true,"href":"https:\/\/www.webdo.tn\/fr\/wp-json\/wp\/v2\/categories?post=186880"},{"taxonomy":"post_tag","embeddable":true,"href":"https:\/\/www.webdo.tn\/fr\/wp-json\/wp\/v2\/tags?post=186880"}],"curies":[{"name":"wp","href":"https:\/\/api.w.org\/{rel}","templated":true}]}}