{"id":186878,"date":"2013-11-07T11:12:00","date_gmt":"2013-11-07T11:12:00","guid":{"rendered":"https:\/\/www.webdo.tn\/fr\/blog\/le-billet-de-hatem-bourial-que-reste-t-il-du-7-novembre-et-que-reste-t-il-de-la-revolution\/186878\/"},"modified":"2025-06-04T18:38:51","modified_gmt":"2025-06-04T18:38:51","slug":"le-billet-de-hatem-bourial-que-reste-t-il-du-7-novembre-et-que-reste-t-il-de-la-revolution","status":"publish","type":"post","link":"https:\/\/www.webdo.tn\/fr\/actualite\/chroniques\/le-billet-de-hatem-bourial-que-reste-t-il-du-7-novembre-et-que-reste-t-il-de-la-revolution\/186878\/","title":{"rendered":"Le billet de Hatem Bourial &#8211; Que reste-t-il du 7 novembre ? Et que reste-t-il de la r\u00e9volution ?"},"content":{"rendered":"<p>Alors que la Tunisie s&rsquo;enfonce chaque jour davantage dans une crise politique dont nous ne voyons pas le bout, alors que des voix oppos\u00e9es parlent de confrontation et que les indicateurs \u00e9conomiques sont au rouge, le 7 novembre s&rsquo;invite dans notre calendrier, comme pour nous poser des questions qui, presque toutes demeurent sans r\u00e9ponse.<\/p>\n<p>1. Alors que Ben Ali avait d\u00e9pos\u00e9 Bourguiba, au soulagement g\u00e9n\u00e9ral faut-il le rappeler, \u00e0 cause de la s\u00e9nilit\u00e9 due \u00e0 son grand \u00e2ge, la r\u00e9volution est en train de se transformer en g\u00e9rontocratie digne des derni\u00e8res d\u00e9cennies de l&#8217;empire sovi\u00e9tique. Le 7 novembre 1987, Bourguiba n&rsquo;avait que 84 ans. Mestiri en aligne 88 alors que Mohamed Ennaceur, Rached Ghannouchi ou Beji Caid Essebsi ne sont plus de jeunes poulains mais plut\u00f4t des v\u00e9t\u00e9rans. Faut-il r\u00e9p\u00e9ter, apr\u00e8s un optimiste r\u00e9solu, que m\u00eame Aznavour fait figure de Mathusalem, ce qui ne l&#8217;emp\u00eache pas de chanter&#8230;<\/p>\n<p>2. Le parti unique que fut le RCD de Ben Ali reste d&rsquo;actualit\u00e9. D&rsquo;abord parce qu&rsquo;Ennahdha aspire \u00e0 simplement le remplacer pour tout r\u00e9genter \u00e0 sa mani\u00e8re. Ensuite, car de nombreux membres de ce parti ont rejoint, apr\u00e8s s&rsquo;\u00eatre fait pousser une barbe, le mouvement islamiste. Enfin, puisque, comme en son temps, le RCD, Ennahdha s&rsquo;est entour\u00e9 de partis croupions et de satellites pour construire un leurre d\u00e9mocratique.<\/p>\n<p>3. Nous sommes en pleine partitocratie mais tout le monde parle de consensus. Souvenez-vous, avant la d\u00e9rive mafieuse de la famille, ce terme de consensus \u00e9tait le favori de Ben Ali. L&rsquo;ancien pr\u00e9sident et ses conseillers ont en effet d\u00e9fini le consensus comme \u00e9tant l&rsquo;objectif politique \u00e0 atteindre. Nous y sommes de nouveau et m\u00eame si les partis continuent \u00e0 jouer la cacophonie, Ennahdha, comme hier le RCD, se contenterait bien d&rsquo;un consensus tronqu\u00e9, d&rsquo;un faux \u00ab\u00a0pacte national\u00a0\u00bb qui pr\u00e9serverait ses pouvoirs.<\/p>\n<p>4. On peut poursuivre cette \u00e9num\u00e9ration sur beaucoup d&rsquo;autres plans. Presque tous les indicateurs soulignent que politiquement, nous demeurons dans la matrice du 7 novembre. Comme si la r\u00e9volution du 14 janvier 2011 avait accouch\u00e9 d&rsquo;un autre 7 novembre dont la date serait le 23 octobre2012.<\/p>\n<p>Le fait est que, par ailleurs, Bourguiba et les destouriens demeurent encore les tenants de la l\u00e9gitimit\u00e9 historique alors que ceux qui pourront se pr\u00e9valoir de la l\u00e9gitimit\u00e9 d\u00e9mocratique se font toujours attendre. Quant \u00e0 la l\u00e9gitimit\u00e9 r\u00e9volutionnaire, seul le peuple et la jeunesse en demeurent les d\u00e9tenteurs malgr\u00e9 les gesticulations trompeuses de la classe politique.<\/p>\n<p>Que reste-t-il de la r\u00e9volution ? Pas grand chose, sinon l&rsquo;attente des uns en une prise de pouvoir totale des islamistes et l&rsquo;espoir des autres en une rectification du cours des choses vers plus de justice sociale et moins de diktats au nom de la religion, devenue une arme politique.<\/p>\n<p>Que reste-t-il du 7 novembre, trois ans apr\u00e8s le d\u00e9part de Ben Ali ? Un syst\u00e8me politique toujours tent\u00e9 par la pens\u00e9e unique et la dictature pour de nouveaux objectifs, un personnel politique qui ne s&rsquo;est pas renouvel\u00e9 et une bipolarisation qui revient au galop, mena\u00e7ant d&#8217;emporter tout l&rsquo;\u00e9difice construit par des g\u00e9n\u00e9rations de Tunisiens.<\/p>\n","protected":false},"excerpt":{"rendered":"<p>Le billet de Hatem Bourial &#8211; Que reste-t-il du 7 novembre ? Et que reste-t-il de la r\u00e9volution ?<\/p>\n","protected":false},"author":3229,"featured_media":332660,"comment_status":"open","ping_status":"closed","sticky":false,"template":"","format":"standard","meta":{"footnotes":""},"categories":[2596],"tags":[],"class_list":["post-186878","post","type-post","status-publish","format-standard","has-post-thumbnail","hentry","category-chroniques"],"yoast_head":"<!-- This site is optimized with the Yoast SEO Premium plugin v27.5 (Yoast SEO v27.5) - https:\/\/yoast.com\/product\/yoast-seo-premium-wordpress\/ -->\n<title>Le billet de Hatem Bourial - Que reste-t-il du 7 novembre ? Et que reste-t-il de la r\u00e9volution ?<\/title>\n<meta name=\"description\" content=\"Le billet de Hatem Bourial - Que reste-t-il du 7 novembre ? Et que reste-t-il de la r\u00e9volution ?\" \/>\n<link rel=\"canonical\" href=\"https:\/\/www.webdo.tn\/fr\/actualite\/chroniques\/le-billet-de-hatem-bourial-que-reste-t-il-du-7-novembre-et-que-reste-t-il-de-la-revolution\/186878\/\" \/>\n<meta property=\"og:locale\" content=\"fr_FR\" \/>\n<meta property=\"og:type\" content=\"article\" \/>\n<meta property=\"og:title\" content=\"Le billet de Hatem Bourial - Que reste-t-il du 7 novembre ? Et que reste-t-il de la r\u00e9volution ?\" \/>\n<meta property=\"og:description\" content=\"Le billet de Hatem Bourial - Que reste-t-il du 7 novembre ? Et que reste-t-il de la r\u00e9volution ?\" \/>\n<meta property=\"og:url\" content=\"https:\/\/www.webdo.tn\/fr\/actualite\/chroniques\/le-billet-de-hatem-bourial-que-reste-t-il-du-7-novembre-et-que-reste-t-il-de-la-revolution\/186878\/\" \/>\n<meta property=\"og:site_name\" content=\"webdo\" \/>\n<meta property=\"article:publisher\" content=\"https:\/\/www.facebook.com\/webdotn\" \/>\n<meta property=\"article:author\" content=\"https:\/\/www.facebook.com\/hatem.bourial.2025\" \/>\n<meta property=\"article:published_time\" content=\"2013-11-07T11:12:00+00:00\" \/>\n<meta property=\"article:modified_time\" content=\"2025-06-04T18:38:51+00:00\" \/>\n<meta property=\"og:image\" content=\"https:\/\/www.webdo.tn\/fr\/wp-content\/uploads\/2013\/11\/RCD-out-photo-tunisienumerique.jpg\" \/>\n\t<meta property=\"og:image:width\" content=\"560\" \/>\n\t<meta property=\"og:image:height\" content=\"412\" \/>\n\t<meta property=\"og:image:type\" content=\"image\/jpeg\" \/>\n<meta name=\"author\" content=\"Hatem Bourial\" \/>\n<meta name=\"twitter:card\" content=\"summary_large_image\" \/>\n<meta name=\"twitter:creator\" content=\"@webdo_tn\" \/>\n<meta name=\"twitter:site\" content=\"@webdo_tn\" \/>\n<meta name=\"twitter:label1\" content=\"\u00c9crit par\" \/>\n\t<meta name=\"twitter:data1\" content=\"Hatem Bourial\" \/>\n\t<meta name=\"twitter:label2\" content=\"Dur\u00e9e de lecture estim\u00e9e\" \/>\n\t<meta name=\"twitter:data2\" content=\"3 minutes\" \/>\n<script type=\"application\/ld+json\" class=\"yoast-schema-graph\">{\"@context\":\"https:\\\/\\\/schema.org\",\"@graph\":[{\"@type\":\"NewsArticle\",\"@id\":\"https:\\\/\\\/www.webdo.tn\\\/fr\\\/actualite\\\/chroniques\\\/le-billet-de-hatem-bourial-que-reste-t-il-du-7-novembre-et-que-reste-t-il-de-la-revolution\\\/186878\\\/#article\",\"isPartOf\":{\"@id\":\"https:\\\/\\\/www.webdo.tn\\\/fr\\\/actualite\\\/chroniques\\\/le-billet-de-hatem-bourial-que-reste-t-il-du-7-novembre-et-que-reste-t-il-de-la-revolution\\\/186878\\\/\"},\"author\":{\"name\":\"Hatem Bourial\",\"@id\":\"https:\\\/\\\/www.webdo.tn\\\/fr\\\/#\\\/schema\\\/person\\\/6bc0beba2cd23aec27cb5df85ca2554f\"},\"headline\":\"Le billet de Hatem Bourial &#8211; Que reste-t-il du 7 novembre ? Et que reste-t-il de la r\u00e9volution ?\",\"datePublished\":\"2013-11-07T11:12:00+00:00\",\"dateModified\":\"2025-06-04T18:38:51+00:00\",\"mainEntityOfPage\":{\"@id\":\"https:\\\/\\\/www.webdo.tn\\\/fr\\\/actualite\\\/chroniques\\\/le-billet-de-hatem-bourial-que-reste-t-il-du-7-novembre-et-que-reste-t-il-de-la-revolution\\\/186878\\\/\"},\"wordCount\":565,\"commentCount\":0,\"publisher\":{\"@id\":\"https:\\\/\\\/www.webdo.tn\\\/fr\\\/#organization\"},\"image\":{\"@id\":\"https:\\\/\\\/www.webdo.tn\\\/fr\\\/actualite\\\/chroniques\\\/le-billet-de-hatem-bourial-que-reste-t-il-du-7-novembre-et-que-reste-t-il-de-la-revolution\\\/186878\\\/#primaryimage\"},\"thumbnailUrl\":\"https:\\\/\\\/www.webdo.tn\\\/fr\\\/wp-content\\\/uploads\\\/2013\\\/11\\\/RCD-out-photo-tunisienumerique.jpg\",\"articleSection\":[\"Chroniques\"],\"inLanguage\":\"fr-FR\"},{\"@type\":\"WebPage\",\"@id\":\"https:\\\/\\\/www.webdo.tn\\\/fr\\\/actualite\\\/chroniques\\\/le-billet-de-hatem-bourial-que-reste-t-il-du-7-novembre-et-que-reste-t-il-de-la-revolution\\\/186878\\\/\",\"url\":\"https:\\\/\\\/www.webdo.tn\\\/fr\\\/actualite\\\/chroniques\\\/le-billet-de-hatem-bourial-que-reste-t-il-du-7-novembre-et-que-reste-t-il-de-la-revolution\\\/186878\\\/\",\"name\":\"Le billet de Hatem Bourial - Que reste-t-il du 7 novembre ? Et que reste-t-il de la r\u00e9volution ?\",\"isPartOf\":{\"@id\":\"https:\\\/\\\/www.webdo.tn\\\/fr\\\/#website\"},\"primaryImageOfPage\":{\"@id\":\"https:\\\/\\\/www.webdo.tn\\\/fr\\\/actualite\\\/chroniques\\\/le-billet-de-hatem-bourial-que-reste-t-il-du-7-novembre-et-que-reste-t-il-de-la-revolution\\\/186878\\\/#primaryimage\"},\"image\":{\"@id\":\"https:\\\/\\\/www.webdo.tn\\\/fr\\\/actualite\\\/chroniques\\\/le-billet-de-hatem-bourial-que-reste-t-il-du-7-novembre-et-que-reste-t-il-de-la-revolution\\\/186878\\\/#primaryimage\"},\"thumbnailUrl\":\"https:\\\/\\\/www.webdo.tn\\\/fr\\\/wp-content\\\/uploads\\\/2013\\\/11\\\/RCD-out-photo-tunisienumerique.jpg\",\"datePublished\":\"2013-11-07T11:12:00+00:00\",\"dateModified\":\"2025-06-04T18:38:51+00:00\",\"description\":\"Le billet de Hatem Bourial - Que reste-t-il du 7 novembre ? Et que reste-t-il de la r\u00e9volution ?\",\"breadcrumb\":{\"@id\":\"https:\\\/\\\/www.webdo.tn\\\/fr\\\/actualite\\\/chroniques\\\/le-billet-de-hatem-bourial-que-reste-t-il-du-7-novembre-et-que-reste-t-il-de-la-revolution\\\/186878\\\/#breadcrumb\"},\"inLanguage\":\"fr-FR\",\"potentialAction\":[{\"@type\":\"ReadAction\",\"target\":[\"https:\\\/\\\/www.webdo.tn\\\/fr\\\/actualite\\\/chroniques\\\/le-billet-de-hatem-bourial-que-reste-t-il-du-7-novembre-et-que-reste-t-il-de-la-revolution\\\/186878\\\/\"]}]},{\"@type\":\"ImageObject\",\"inLanguage\":\"fr-FR\",\"@id\":\"https:\\\/\\\/www.webdo.tn\\\/fr\\\/actualite\\\/chroniques\\\/le-billet-de-hatem-bourial-que-reste-t-il-du-7-novembre-et-que-reste-t-il-de-la-revolution\\\/186878\\\/#primaryimage\",\"url\":\"https:\\\/\\\/www.webdo.tn\\\/fr\\\/wp-content\\\/uploads\\\/2013\\\/11\\\/RCD-out-photo-tunisienumerique.jpg\",\"contentUrl\":\"https:\\\/\\\/www.webdo.tn\\\/fr\\\/wp-content\\\/uploads\\\/2013\\\/11\\\/RCD-out-photo-tunisienumerique.jpg\",\"width\":560,\"height\":412,\"caption\":\"Le billet de Hatem Bourial - Que reste-t-il du 7 novembre ? Et que reste-t-il de la r\u00e9volution ?\"},{\"@type\":\"BreadcrumbList\",\"@id\":\"https:\\\/\\\/www.webdo.tn\\\/fr\\\/actualite\\\/chroniques\\\/le-billet-de-hatem-bourial-que-reste-t-il-du-7-novembre-et-que-reste-t-il-de-la-revolution\\\/186878\\\/#breadcrumb\",\"itemListElement\":[{\"@type\":\"ListItem\",\"position\":1,\"name\":\"Accueil\",\"item\":\"https:\\\/\\\/www.webdo.tn\\\/fr\\\/\"},{\"@type\":\"ListItem\",\"position\":2,\"name\":\"Le billet de Hatem Bourial &#8211; Que reste-t-il du 7 novembre ? Et que reste-t-il de la r\u00e9volution ?\"}]},{\"@type\":\"WebSite\",\"@id\":\"https:\\\/\\\/www.webdo.tn\\\/fr\\\/#website\",\"url\":\"https:\\\/\\\/www.webdo.tn\\\/fr\\\/\",\"name\":\"webdo\",\"description\":\"Tunisie - News en Tunisie et \u00e0 l&#039;international sur Webdo.tn\",\"publisher\":{\"@id\":\"https:\\\/\\\/www.webdo.tn\\\/fr\\\/#organization\"},\"potentialAction\":[{\"@type\":\"SearchAction\",\"target\":{\"@type\":\"EntryPoint\",\"urlTemplate\":\"https:\\\/\\\/www.webdo.tn\\\/fr\\\/?s={search_term_string}\"},\"query-input\":{\"@type\":\"PropertyValueSpecification\",\"valueRequired\":true,\"valueName\":\"search_term_string\"}}],\"inLanguage\":\"fr-FR\"},{\"@type\":\"Organization\",\"@id\":\"https:\\\/\\\/www.webdo.tn\\\/fr\\\/#organization\",\"name\":\"Webdo\",\"alternateName\":\"Webdo.tn\",\"url\":\"https:\\\/\\\/www.webdo.tn\\\/fr\\\/\",\"logo\":{\"@type\":\"ImageObject\",\"inLanguage\":\"fr-FR\",\"@id\":\"https:\\\/\\\/www.webdo.tn\\\/fr\\\/#\\\/schema\\\/logo\\\/image\\\/\",\"url\":\"https:\\\/\\\/www.webdo.tn\\\/fr\\\/wp-content\\\/uploads\\\/2025\\\/06\\\/Webdo-Tunisie_168377.jpg\",\"contentUrl\":\"https:\\\/\\\/www.webdo.tn\\\/fr\\\/wp-content\\\/uploads\\\/2025\\\/06\\\/Webdo-Tunisie_168377.jpg\",\"width\":301,\"height\":301,\"caption\":\"Webdo\"},\"image\":{\"@id\":\"https:\\\/\\\/www.webdo.tn\\\/fr\\\/#\\\/schema\\\/logo\\\/image\\\/\"},\"sameAs\":[\"https:\\\/\\\/www.facebook.com\\\/webdotn\",\"https:\\\/\\\/x.com\\\/webdo_tn\"],\"description\":\"Webdo est un m\u00e9dia num\u00e9rique tunisien fond\u00e9 en 2010, sp\u00e9cialis\u00e9 dans l\u2019actualit\u00e9 nationale et internationale, l\u2019\u00e9conomie, la soci\u00e9t\u00e9 et les analyses politiques. Le site s\u2019adresse \u00e0 un large public francophone et couvre l\u2019information tunisienne en temps r\u00e9el.\",\"email\":\"redac@webdo.tn\",\"legalName\":\"YNJ SARL\",\"foundingDate\":\"2010-09-06\",\"numberOfEmployees\":{\"@type\":\"QuantitativeValue\",\"minValue\":\"11\",\"maxValue\":\"50\"}},{\"@type\":\"Person\",\"@id\":\"https:\\\/\\\/www.webdo.tn\\\/fr\\\/#\\\/schema\\\/person\\\/6bc0beba2cd23aec27cb5df85ca2554f\",\"name\":\"Hatem Bourial\",\"image\":{\"@type\":\"ImageObject\",\"inLanguage\":\"fr-FR\",\"@id\":\"https:\\\/\\\/www.webdo.tn\\\/fr\\\/wp-content\\\/uploads\\\/2026\\\/04\\\/hatem-bourial_avatar-96x96.jpg\",\"url\":\"https:\\\/\\\/www.webdo.tn\\\/fr\\\/wp-content\\\/uploads\\\/2026\\\/04\\\/hatem-bourial_avatar-96x96.jpg\",\"contentUrl\":\"https:\\\/\\\/www.webdo.tn\\\/fr\\\/wp-content\\\/uploads\\\/2026\\\/04\\\/hatem-bourial_avatar-96x96.jpg\",\"caption\":\"Hatem Bourial\"},\"description\":\"Hatem Bourial est journaliste, \u00e9crivain et chroniqueur tunisien. Actif depuis plusieurs d\u00e9cennies, il s\u2019est impos\u00e9 comme un observateur attentif de la soci\u00e9t\u00e9 tunisienne, m\u00ealant dans ses \u00e9crits m\u00e9moire, culture et analyse du quotidien. Auteur de nombreux ouvrages, il d\u00e9veloppe une \u0153uvre \u00e0 la crois\u00e9e du r\u00e9cit, de la po\u00e9sie et de l\u2019observation sociologique. Parall\u00e8lement \u00e0 ses contributions dans la presse, il intervient r\u00e9guli\u00e8rement \u00e0 la radio et dans des espaces culturels, o\u00f9 il explore les enjeux li\u00e9s au patrimoine, \u00e0 l\u2019identit\u00e9 et aux transformations du monde contemporain. \u00c0 travers ses chroniques, Hatem Bourial propose une lecture sensible et approfondie de l\u2019actualit\u00e9, nourrie par une exp\u00e9rience journalistique et litt\u00e9raire reconnue. \ud83d\udd17 Facebook : https:\\\/\\\/www.facebook.com\\\/hatem.bourial.2025\",\"sameAs\":[\"https:\\\/\\\/www.facebook.com\\\/hatem.bourial.2025\",\"https:\\\/\\\/fr.wikipedia.org\\\/wiki\\\/Fichier:Hatem_Bourial.jpg\"],\"knowsAbout\":[\"Culture & patrimoine tunisien\",\"Chronique soci\u00e9tale\",\"Litt\u00e9rature & m\u00e9moire\",\"Cin\u00e9ma & critique culturelle\",\"Identit\u00e9 & mutations sociales\"],\"knowsLanguage\":[\"Arabe\",\"Fran\u00e7ais\",\"Anglais\",\"Italien\",\"Polonais\"],\"jobTitle\":\"Journaliste, \u00e9crivain et chroniqueur culturel\",\"worksFor\":\"Webdo\",\"url\":\"https:\\\/\\\/www.webdo.tn\\\/fr\\\/actualite\\\/author\\\/hatem-bourial-2\\\/\"}]}<\/script>\n<!-- \/ Yoast SEO Premium plugin. -->","yoast_head_json":{"title":"Le billet de Hatem Bourial - Que reste-t-il du 7 novembre ? Et que reste-t-il de la r\u00e9volution ?","description":"Le billet de Hatem Bourial - Que reste-t-il du 7 novembre ? Et que reste-t-il de la r\u00e9volution ?","canonical":"https:\/\/www.webdo.tn\/fr\/actualite\/chroniques\/le-billet-de-hatem-bourial-que-reste-t-il-du-7-novembre-et-que-reste-t-il-de-la-revolution\/186878\/","og_locale":"fr_FR","og_type":"article","og_title":"Le billet de Hatem Bourial - Que reste-t-il du 7 novembre ? Et que reste-t-il de la r\u00e9volution ?","og_description":"Le billet de Hatem Bourial - Que reste-t-il du 7 novembre ? Et que reste-t-il de la r\u00e9volution ?","og_url":"https:\/\/www.webdo.tn\/fr\/actualite\/chroniques\/le-billet-de-hatem-bourial-que-reste-t-il-du-7-novembre-et-que-reste-t-il-de-la-revolution\/186878\/","og_site_name":"webdo","article_publisher":"https:\/\/www.facebook.com\/webdotn","article_author":"https:\/\/www.facebook.com\/hatem.bourial.2025","article_published_time":"2013-11-07T11:12:00+00:00","article_modified_time":"2025-06-04T18:38:51+00:00","og_image":[{"width":560,"height":412,"url":"https:\/\/www.webdo.tn\/fr\/wp-content\/uploads\/2013\/11\/RCD-out-photo-tunisienumerique.jpg","type":"image\/jpeg"}],"author":"Hatem Bourial","twitter_card":"summary_large_image","twitter_creator":"@webdo_tn","twitter_site":"@webdo_tn","twitter_misc":{"\u00c9crit par":"Hatem Bourial","Dur\u00e9e de lecture estim\u00e9e":"3 minutes"},"schema":{"@context":"https:\/\/schema.org","@graph":[{"@type":"NewsArticle","@id":"https:\/\/www.webdo.tn\/fr\/actualite\/chroniques\/le-billet-de-hatem-bourial-que-reste-t-il-du-7-novembre-et-que-reste-t-il-de-la-revolution\/186878\/#article","isPartOf":{"@id":"https:\/\/www.webdo.tn\/fr\/actualite\/chroniques\/le-billet-de-hatem-bourial-que-reste-t-il-du-7-novembre-et-que-reste-t-il-de-la-revolution\/186878\/"},"author":{"name":"Hatem Bourial","@id":"https:\/\/www.webdo.tn\/fr\/#\/schema\/person\/6bc0beba2cd23aec27cb5df85ca2554f"},"headline":"Le billet de Hatem Bourial &#8211; Que reste-t-il du 7 novembre ? Et que reste-t-il de la r\u00e9volution ?","datePublished":"2013-11-07T11:12:00+00:00","dateModified":"2025-06-04T18:38:51+00:00","mainEntityOfPage":{"@id":"https:\/\/www.webdo.tn\/fr\/actualite\/chroniques\/le-billet-de-hatem-bourial-que-reste-t-il-du-7-novembre-et-que-reste-t-il-de-la-revolution\/186878\/"},"wordCount":565,"commentCount":0,"publisher":{"@id":"https:\/\/www.webdo.tn\/fr\/#organization"},"image":{"@id":"https:\/\/www.webdo.tn\/fr\/actualite\/chroniques\/le-billet-de-hatem-bourial-que-reste-t-il-du-7-novembre-et-que-reste-t-il-de-la-revolution\/186878\/#primaryimage"},"thumbnailUrl":"https:\/\/www.webdo.tn\/fr\/wp-content\/uploads\/2013\/11\/RCD-out-photo-tunisienumerique.jpg","articleSection":["Chroniques"],"inLanguage":"fr-FR"},{"@type":"WebPage","@id":"https:\/\/www.webdo.tn\/fr\/actualite\/chroniques\/le-billet-de-hatem-bourial-que-reste-t-il-du-7-novembre-et-que-reste-t-il-de-la-revolution\/186878\/","url":"https:\/\/www.webdo.tn\/fr\/actualite\/chroniques\/le-billet-de-hatem-bourial-que-reste-t-il-du-7-novembre-et-que-reste-t-il-de-la-revolution\/186878\/","name":"Le billet de Hatem Bourial - Que reste-t-il du 7 novembre ? Et que reste-t-il de la r\u00e9volution ?","isPartOf":{"@id":"https:\/\/www.webdo.tn\/fr\/#website"},"primaryImageOfPage":{"@id":"https:\/\/www.webdo.tn\/fr\/actualite\/chroniques\/le-billet-de-hatem-bourial-que-reste-t-il-du-7-novembre-et-que-reste-t-il-de-la-revolution\/186878\/#primaryimage"},"image":{"@id":"https:\/\/www.webdo.tn\/fr\/actualite\/chroniques\/le-billet-de-hatem-bourial-que-reste-t-il-du-7-novembre-et-que-reste-t-il-de-la-revolution\/186878\/#primaryimage"},"thumbnailUrl":"https:\/\/www.webdo.tn\/fr\/wp-content\/uploads\/2013\/11\/RCD-out-photo-tunisienumerique.jpg","datePublished":"2013-11-07T11:12:00+00:00","dateModified":"2025-06-04T18:38:51+00:00","description":"Le billet de Hatem Bourial - Que reste-t-il du 7 novembre ? Et que reste-t-il de la r\u00e9volution ?","breadcrumb":{"@id":"https:\/\/www.webdo.tn\/fr\/actualite\/chroniques\/le-billet-de-hatem-bourial-que-reste-t-il-du-7-novembre-et-que-reste-t-il-de-la-revolution\/186878\/#breadcrumb"},"inLanguage":"fr-FR","potentialAction":[{"@type":"ReadAction","target":["https:\/\/www.webdo.tn\/fr\/actualite\/chroniques\/le-billet-de-hatem-bourial-que-reste-t-il-du-7-novembre-et-que-reste-t-il-de-la-revolution\/186878\/"]}]},{"@type":"ImageObject","inLanguage":"fr-FR","@id":"https:\/\/www.webdo.tn\/fr\/actualite\/chroniques\/le-billet-de-hatem-bourial-que-reste-t-il-du-7-novembre-et-que-reste-t-il-de-la-revolution\/186878\/#primaryimage","url":"https:\/\/www.webdo.tn\/fr\/wp-content\/uploads\/2013\/11\/RCD-out-photo-tunisienumerique.jpg","contentUrl":"https:\/\/www.webdo.tn\/fr\/wp-content\/uploads\/2013\/11\/RCD-out-photo-tunisienumerique.jpg","width":560,"height":412,"caption":"Le billet de Hatem Bourial - Que reste-t-il du 7 novembre ? Et que reste-t-il de la r\u00e9volution ?"},{"@type":"BreadcrumbList","@id":"https:\/\/www.webdo.tn\/fr\/actualite\/chroniques\/le-billet-de-hatem-bourial-que-reste-t-il-du-7-novembre-et-que-reste-t-il-de-la-revolution\/186878\/#breadcrumb","itemListElement":[{"@type":"ListItem","position":1,"name":"Accueil","item":"https:\/\/www.webdo.tn\/fr\/"},{"@type":"ListItem","position":2,"name":"Le billet de Hatem Bourial &#8211; Que reste-t-il du 7 novembre ? Et que reste-t-il de la r\u00e9volution ?"}]},{"@type":"WebSite","@id":"https:\/\/www.webdo.tn\/fr\/#website","url":"https:\/\/www.webdo.tn\/fr\/","name":"webdo","description":"Tunisie - News en Tunisie et \u00e0 l&#039;international sur Webdo.tn","publisher":{"@id":"https:\/\/www.webdo.tn\/fr\/#organization"},"potentialAction":[{"@type":"SearchAction","target":{"@type":"EntryPoint","urlTemplate":"https:\/\/www.webdo.tn\/fr\/?s={search_term_string}"},"query-input":{"@type":"PropertyValueSpecification","valueRequired":true,"valueName":"search_term_string"}}],"inLanguage":"fr-FR"},{"@type":"Organization","@id":"https:\/\/www.webdo.tn\/fr\/#organization","name":"Webdo","alternateName":"Webdo.tn","url":"https:\/\/www.webdo.tn\/fr\/","logo":{"@type":"ImageObject","inLanguage":"fr-FR","@id":"https:\/\/www.webdo.tn\/fr\/#\/schema\/logo\/image\/","url":"https:\/\/www.webdo.tn\/fr\/wp-content\/uploads\/2025\/06\/Webdo-Tunisie_168377.jpg","contentUrl":"https:\/\/www.webdo.tn\/fr\/wp-content\/uploads\/2025\/06\/Webdo-Tunisie_168377.jpg","width":301,"height":301,"caption":"Webdo"},"image":{"@id":"https:\/\/www.webdo.tn\/fr\/#\/schema\/logo\/image\/"},"sameAs":["https:\/\/www.facebook.com\/webdotn","https:\/\/x.com\/webdo_tn"],"description":"Webdo est un m\u00e9dia num\u00e9rique tunisien fond\u00e9 en 2010, sp\u00e9cialis\u00e9 dans l\u2019actualit\u00e9 nationale et internationale, l\u2019\u00e9conomie, la soci\u00e9t\u00e9 et les analyses politiques. Le site s\u2019adresse \u00e0 un large public francophone et couvre l\u2019information tunisienne en temps r\u00e9el.","email":"redac@webdo.tn","legalName":"YNJ SARL","foundingDate":"2010-09-06","numberOfEmployees":{"@type":"QuantitativeValue","minValue":"11","maxValue":"50"}},{"@type":"Person","@id":"https:\/\/www.webdo.tn\/fr\/#\/schema\/person\/6bc0beba2cd23aec27cb5df85ca2554f","name":"Hatem Bourial","image":{"@type":"ImageObject","inLanguage":"fr-FR","@id":"https:\/\/www.webdo.tn\/fr\/wp-content\/uploads\/2026\/04\/hatem-bourial_avatar-96x96.jpg","url":"https:\/\/www.webdo.tn\/fr\/wp-content\/uploads\/2026\/04\/hatem-bourial_avatar-96x96.jpg","contentUrl":"https:\/\/www.webdo.tn\/fr\/wp-content\/uploads\/2026\/04\/hatem-bourial_avatar-96x96.jpg","caption":"Hatem Bourial"},"description":"Hatem Bourial est journaliste, \u00e9crivain et chroniqueur tunisien. Actif depuis plusieurs d\u00e9cennies, il s\u2019est impos\u00e9 comme un observateur attentif de la soci\u00e9t\u00e9 tunisienne, m\u00ealant dans ses \u00e9crits m\u00e9moire, culture et analyse du quotidien. Auteur de nombreux ouvrages, il d\u00e9veloppe une \u0153uvre \u00e0 la crois\u00e9e du r\u00e9cit, de la po\u00e9sie et de l\u2019observation sociologique. Parall\u00e8lement \u00e0 ses contributions dans la presse, il intervient r\u00e9guli\u00e8rement \u00e0 la radio et dans des espaces culturels, o\u00f9 il explore les enjeux li\u00e9s au patrimoine, \u00e0 l\u2019identit\u00e9 et aux transformations du monde contemporain. \u00c0 travers ses chroniques, Hatem Bourial propose une lecture sensible et approfondie de l\u2019actualit\u00e9, nourrie par une exp\u00e9rience journalistique et litt\u00e9raire reconnue. \ud83d\udd17 Facebook : https:\/\/www.facebook.com\/hatem.bourial.2025","sameAs":["https:\/\/www.facebook.com\/hatem.bourial.2025","https:\/\/fr.wikipedia.org\/wiki\/Fichier:Hatem_Bourial.jpg"],"knowsAbout":["Culture & patrimoine tunisien","Chronique soci\u00e9tale","Litt\u00e9rature & m\u00e9moire","Cin\u00e9ma & critique culturelle","Identit\u00e9 & mutations sociales"],"knowsLanguage":["Arabe","Fran\u00e7ais","Anglais","Italien","Polonais"],"jobTitle":"Journaliste, \u00e9crivain et chroniqueur culturel","worksFor":"Webdo","url":"https:\/\/www.webdo.tn\/fr\/actualite\/author\/hatem-bourial-2\/"}]}},"_links":{"self":[{"href":"https:\/\/www.webdo.tn\/fr\/wp-json\/wp\/v2\/posts\/186878","targetHints":{"allow":["GET"]}}],"collection":[{"href":"https:\/\/www.webdo.tn\/fr\/wp-json\/wp\/v2\/posts"}],"about":[{"href":"https:\/\/www.webdo.tn\/fr\/wp-json\/wp\/v2\/types\/post"}],"author":[{"embeddable":true,"href":"https:\/\/www.webdo.tn\/fr\/wp-json\/wp\/v2\/users\/3229"}],"replies":[{"embeddable":true,"href":"https:\/\/www.webdo.tn\/fr\/wp-json\/wp\/v2\/comments?post=186878"}],"version-history":[{"count":0,"href":"https:\/\/www.webdo.tn\/fr\/wp-json\/wp\/v2\/posts\/186878\/revisions"}],"wp:featuredmedia":[{"embeddable":true,"href":"https:\/\/www.webdo.tn\/fr\/wp-json\/wp\/v2\/media\/332660"}],"wp:attachment":[{"href":"https:\/\/www.webdo.tn\/fr\/wp-json\/wp\/v2\/media?parent=186878"}],"wp:term":[{"taxonomy":"category","embeddable":true,"href":"https:\/\/www.webdo.tn\/fr\/wp-json\/wp\/v2\/categories?post=186878"},{"taxonomy":"post_tag","embeddable":true,"href":"https:\/\/www.webdo.tn\/fr\/wp-json\/wp\/v2\/tags?post=186878"}],"curies":[{"name":"wp","href":"https:\/\/api.w.org\/{rel}","templated":true}]}}