{"id":186876,"date":"2013-10-25T11:42:00","date_gmt":"2013-10-25T11:42:00","guid":{"rendered":"https:\/\/www.webdo.tn\/fr\/blog\/pour-beaucoup-de-tunisiens-le-deuil-national-se-poursuivra-jusquau-depart-de-la-troika\/186876\/"},"modified":"2025-05-19T11:18:03","modified_gmt":"2025-05-19T11:18:03","slug":"pour-beaucoup-de-tunisiens-le-deuil-national-se-poursuivra-jusquau-depart-de-la-troika","status":"publish","type":"post","link":"https:\/\/www.webdo.tn\/fr\/actualite\/chroniques\/pour-beaucoup-de-tunisiens-le-deuil-national-se-poursuivra-jusquau-depart-de-la-troika\/186876\/","title":{"rendered":"Pour beaucoup de Tunisiens, le deuil national se poursuivra jusqu&rsquo;au d\u00e9part de la Troika"},"content":{"rendered":"<p>Trois jours de deuil national ne suffiront ni \u00e0 s\u00e9cher nos larmes, ni \u00e0 dig\u00e9rer la trag\u00e9die qui se noue sur notre terre pacifique. Trois jours de deuil, c&rsquo;est suffisant pour l&rsquo;Etat mais pour le peuple tunisien dans son immense majorit\u00e9, le deuil devrait se poursuivre jusqu&rsquo;au d\u00e9part de la Troika qui a ouvert, par ses manigances, ses silences et ses connivences, un boulevard devant le terrorisme.<\/p>\n<p>Inspir\u00e9e par Al Qaida, financ\u00e9e par des r\u00e9seaux internationaux, cette vague de terreur qui s&rsquo;abat sur nous a d\u00e9j\u00e0 fait trop de victimes. Ce n&rsquo;est que maintenant que le p\u00e9ril est bien install\u00e9 que l&rsquo;Etat daigne r\u00e9agir avec fermet\u00e9.<\/p>\n<p>Comme beaucoup de Tunisiens, je pense et ressens confus\u00e9ment que les ultras d&rsquo;Ennahdha se sont donn\u00e9 pour objectif d&rsquo;installer le ver dans le fruit et faire entrer le loup dans la bergerie. Maintenant que c&rsquo;est chose faite, le parti islamiste peut changer de discours, condamner le terrorisme et feindre de pleurer nos morts.<\/p>\n<p>Pourtant, les leaders d&rsquo;Al Qaida avaient envoy\u00e9 un message en clair \u00e0 leurs r\u00e9seaux dormants en Tunisie pour qu&rsquo;ils fassent capoter le dialogue national (voir notre article Al Qaida s&rsquo;invite au dialogue national). Gr\u00e2ce \u00e0 la vigilance des forces de s\u00e9curit\u00e9, des attentats ont certainement pu \u00eatre \u00e9vit\u00e9s. Mais nous d\u00e9plorons d\u00e9j\u00e0 des pertes dans nos rangs. Et nous devons redoubler de vigilance, surtout \u00e0 l&rsquo;approche de Ras el Am el Hejri, sachant que les fous d&rsquo;un Dieu qui n&rsquo;est pas le notre, cherchent toujours \u00e0 frapper en ces moments.<\/p>\n<p>Fait r\u00e9v\u00e9lateur : aucun repr\u00e9sentant de la Troika n&rsquo;a cherch\u00e9 \u00e0 se pr\u00e9senter aux obs\u00e8ques de nos martyrs. Ils ont certainement compris que ce sont les martyrs du peuple et que ce peuple agress\u00e9 qu&rsquo;ils ont d\u00e9fendu jusqu&rsquo;\u00e0 la mort leur rendra les honneurs.<\/p>\n<p>De plus, ils n&rsquo;ont certainement pas oubli\u00e9 leur d\u00e9convenue d&rsquo;El Aouina et leur fuite devant les hu\u00e9es. Ils pourront bien punir les \u00ab\u00a0coupables\u00a0\u00bb, les trainer devant des conseils de discipline et des tribunaux. Mais ce faisant, ils ne feront que raviver la douleur d&rsquo;un peuple et le ressentiment \u00e0 leur \u00e9gard.<\/p>\n<p>Bien plus que trois jours de deuil, je crois que pour beaucoup de Tunisiens, le deuil v\u00e9ritable se poursuivra jusqu&rsquo;au d\u00e9part de cette Troika. Le deuil est une forme de r\u00e9sistance active et passive \u00e0 la fois. Il est une forme de r\u00e9sistance \u00e0 l&rsquo;agression et \u00e0 la duplicit\u00e9 qui nous taraudent. Il est le sens \u00e0 donner \u00e0 la chute de nos martyrs dont nous devons porter le deuil jusqu&rsquo;\u00e0 ce que leur sacrifice ait abouti \u00e0 un r\u00e9sultat.<\/p>\n<p>Endeuill\u00e9s, luttons de toutes nos forces contre le terrorisme et retrouvons les chemins qui m\u00e9nent \u00e0 un gouvernement vertueux. Cette parenth\u00e8se de malheur commence apr\u00e8s les \u00e9l\u00e9ctions d&rsquo;octobre 2011 doit connaitre un terme, avant que nous nous retrouvions dans le gouffre.<br \/>\nLes incapables et les hypocrites doivent partir car, sous ce qu&rsquo;ils ont per\u00e7u comme \u00e9tant leur r\u00e8gne, la Tunisie n&rsquo;a que trop souffert.<br \/>\nIl est temps d&rsquo;assumer cette souffrance, de porter le deuil jusqu&rsquo;au d\u00e9part de ceux qui feignent de croire en la Tunisie mais qui sont les complices de l&rsquo;agenda des fr\u00e8res musulmans. Trois jours de deuil ne suffiront jamais.<\/p>\n<p>Je d\u00e9cr\u00e8te, simple individu et citoyen d\u00e9finitif, le deuil national jusqu&rsquo;au d\u00e9part de cette Troika coupable. Tout en disant \u00e0 la nation v\u00e9ritable, c&rsquo;est \u00e0 dire le peuple dans sa permanence, qu&rsquo;il est aussi une sentence de Ho Chi Minh qu&rsquo;il ne s&rsquo;agit pas d&rsquo;oublier : \u00ab\u00a0Un peuple qui ne sait pas chanter et danser ne sait pas lutter\u00a0\u00bb.<\/p>\n<p>D\u00e8s lors, portons le deuil et luttons, portons le deuil et soyons vigilants, portons le deuil et remettons notre pays sur les rails de sa r\u00e9volution pour la justice sociale, sa r\u00e9volution souill\u00e9e par une Troika aussi arrogante que mal \u00e9lue.<\/p>\n","protected":false},"excerpt":{"rendered":"<p>Pour beaucoup de Tunisiens, le deuil national se poursuivra jusqu&rsquo;au d\u00e9part de la Troika<\/p>\n","protected":false},"author":3229,"featured_media":374132,"comment_status":"open","ping_status":"closed","sticky":false,"template":"","format":"standard","meta":{"footnotes":""},"categories":[2596],"tags":[2600],"class_list":["post-186876","post","type-post","status-publish","format-standard","has-post-thumbnail","hentry","category-chroniques","tag-guerre"],"yoast_head":"<!-- This site is optimized with the Yoast SEO Premium plugin v27.5 (Yoast SEO v27.5) - https:\/\/yoast.com\/product\/yoast-seo-premium-wordpress\/ -->\n<title>Pour beaucoup de Tunisiens, le deuil national se poursuivra jusqu&#039;au d\u00e9part de la Troika<\/title>\n<meta name=\"description\" content=\"Pour beaucoup de Tunisiens, le deuil national se poursuivra jusqu&#039;au d\u00e9part de la Troika\" \/>\n<link rel=\"canonical\" href=\"https:\/\/www.webdo.tn\/fr\/actualite\/chroniques\/pour-beaucoup-de-tunisiens-le-deuil-national-se-poursuivra-jusquau-depart-de-la-troika\/186876\/\" \/>\n<meta property=\"og:locale\" content=\"fr_FR\" \/>\n<meta property=\"og:type\" content=\"article\" \/>\n<meta property=\"og:title\" content=\"Pour beaucoup de Tunisiens, le deuil national se poursuivra jusqu&#039;au d\u00e9part de la Troika\" \/>\n<meta property=\"og:description\" content=\"Pour beaucoup de Tunisiens, le deuil national se poursuivra jusqu&#039;au d\u00e9part de la Troika\" \/>\n<meta property=\"og:url\" content=\"https:\/\/www.webdo.tn\/fr\/actualite\/chroniques\/pour-beaucoup-de-tunisiens-le-deuil-national-se-poursuivra-jusquau-depart-de-la-troika\/186876\/\" \/>\n<meta property=\"og:site_name\" content=\"webdo\" \/>\n<meta property=\"article:publisher\" content=\"https:\/\/www.facebook.com\/webdotn\" \/>\n<meta property=\"article:author\" content=\"https:\/\/www.facebook.com\/hatem.bourial.2025\" \/>\n<meta property=\"article:published_time\" content=\"2013-10-25T11:42:00+00:00\" \/>\n<meta property=\"article:modified_time\" content=\"2025-05-19T11:18:03+00:00\" \/>\n<meta name=\"author\" content=\"Hatem Bourial\" \/>\n<meta name=\"twitter:card\" content=\"summary_large_image\" \/>\n<meta name=\"twitter:creator\" content=\"@webdo_tn\" \/>\n<meta name=\"twitter:site\" content=\"@webdo_tn\" \/>\n<meta name=\"twitter:label1\" content=\"\u00c9crit par\" \/>\n\t<meta name=\"twitter:data1\" content=\"Hatem Bourial\" \/>\n\t<meta name=\"twitter:label2\" content=\"Dur\u00e9e de lecture estim\u00e9e\" \/>\n\t<meta name=\"twitter:data2\" content=\"3 minutes\" \/>\n<script type=\"application\/ld+json\" class=\"yoast-schema-graph\">{\"@context\":\"https:\\\/\\\/schema.org\",\"@graph\":[{\"@type\":\"NewsArticle\",\"@id\":\"https:\\\/\\\/www.webdo.tn\\\/fr\\\/actualite\\\/chroniques\\\/pour-beaucoup-de-tunisiens-le-deuil-national-se-poursuivra-jusquau-depart-de-la-troika\\\/186876\\\/#article\",\"isPartOf\":{\"@id\":\"https:\\\/\\\/www.webdo.tn\\\/fr\\\/actualite\\\/chroniques\\\/pour-beaucoup-de-tunisiens-le-deuil-national-se-poursuivra-jusquau-depart-de-la-troika\\\/186876\\\/\"},\"author\":{\"name\":\"Hatem Bourial\",\"@id\":\"https:\\\/\\\/www.webdo.tn\\\/fr\\\/#\\\/schema\\\/person\\\/6bc0beba2cd23aec27cb5df85ca2554f\"},\"headline\":\"Pour beaucoup de Tunisiens, le deuil national se poursuivra jusqu&rsquo;au d\u00e9part de la Troika\",\"datePublished\":\"2013-10-25T11:42:00+00:00\",\"dateModified\":\"2025-05-19T11:18:03+00:00\",\"mainEntityOfPage\":{\"@id\":\"https:\\\/\\\/www.webdo.tn\\\/fr\\\/actualite\\\/chroniques\\\/pour-beaucoup-de-tunisiens-le-deuil-national-se-poursuivra-jusquau-depart-de-la-troika\\\/186876\\\/\"},\"wordCount\":704,\"commentCount\":0,\"publisher\":{\"@id\":\"https:\\\/\\\/www.webdo.tn\\\/fr\\\/#organization\"},\"image\":{\"@id\":\"https:\\\/\\\/www.webdo.tn\\\/fr\\\/actualite\\\/chroniques\\\/pour-beaucoup-de-tunisiens-le-deuil-national-se-poursuivra-jusquau-depart-de-la-troika\\\/186876\\\/#primaryimage\"},\"thumbnailUrl\":\"https:\\\/\\\/www.webdo.tn\\\/fr\\\/wp-content\\\/uploads\\\/2025\\\/06\\\/Funerailles_186876.jpg\",\"keywords\":[\"guerre\"],\"articleSection\":[\"Chroniques\"],\"inLanguage\":\"fr-FR\"},{\"@type\":\"WebPage\",\"@id\":\"https:\\\/\\\/www.webdo.tn\\\/fr\\\/actualite\\\/chroniques\\\/pour-beaucoup-de-tunisiens-le-deuil-national-se-poursuivra-jusquau-depart-de-la-troika\\\/186876\\\/\",\"url\":\"https:\\\/\\\/www.webdo.tn\\\/fr\\\/actualite\\\/chroniques\\\/pour-beaucoup-de-tunisiens-le-deuil-national-se-poursuivra-jusquau-depart-de-la-troika\\\/186876\\\/\",\"name\":\"Pour beaucoup de Tunisiens, le deuil national se poursuivra jusqu'au d\u00e9part de la Troika\",\"isPartOf\":{\"@id\":\"https:\\\/\\\/www.webdo.tn\\\/fr\\\/#website\"},\"primaryImageOfPage\":{\"@id\":\"https:\\\/\\\/www.webdo.tn\\\/fr\\\/actualite\\\/chroniques\\\/pour-beaucoup-de-tunisiens-le-deuil-national-se-poursuivra-jusquau-depart-de-la-troika\\\/186876\\\/#primaryimage\"},\"image\":{\"@id\":\"https:\\\/\\\/www.webdo.tn\\\/fr\\\/actualite\\\/chroniques\\\/pour-beaucoup-de-tunisiens-le-deuil-national-se-poursuivra-jusquau-depart-de-la-troika\\\/186876\\\/#primaryimage\"},\"thumbnailUrl\":\"https:\\\/\\\/www.webdo.tn\\\/fr\\\/wp-content\\\/uploads\\\/2025\\\/06\\\/Funerailles_186876.jpg\",\"datePublished\":\"2013-10-25T11:42:00+00:00\",\"dateModified\":\"2025-05-19T11:18:03+00:00\",\"description\":\"Pour beaucoup de Tunisiens, le deuil national se poursuivra jusqu'au d\u00e9part de la Troika\",\"breadcrumb\":{\"@id\":\"https:\\\/\\\/www.webdo.tn\\\/fr\\\/actualite\\\/chroniques\\\/pour-beaucoup-de-tunisiens-le-deuil-national-se-poursuivra-jusquau-depart-de-la-troika\\\/186876\\\/#breadcrumb\"},\"inLanguage\":\"fr-FR\",\"potentialAction\":[{\"@type\":\"ReadAction\",\"target\":[\"https:\\\/\\\/www.webdo.tn\\\/fr\\\/actualite\\\/chroniques\\\/pour-beaucoup-de-tunisiens-le-deuil-national-se-poursuivra-jusquau-depart-de-la-troika\\\/186876\\\/\"]}]},{\"@type\":\"ImageObject\",\"inLanguage\":\"fr-FR\",\"@id\":\"https:\\\/\\\/www.webdo.tn\\\/fr\\\/actualite\\\/chroniques\\\/pour-beaucoup-de-tunisiens-le-deuil-national-se-poursuivra-jusquau-depart-de-la-troika\\\/186876\\\/#primaryimage\",\"url\":\"https:\\\/\\\/www.webdo.tn\\\/fr\\\/wp-content\\\/uploads\\\/2025\\\/06\\\/Funerailles_186876.jpg\",\"contentUrl\":\"https:\\\/\\\/www.webdo.tn\\\/fr\\\/wp-content\\\/uploads\\\/2025\\\/06\\\/Funerailles_186876.jpg\",\"width\":600,\"height\":338,\"caption\":\"Pour beaucoup de Tunisiens, le deuil national se poursuivra jusqu'au d\u00e9part de la Troika\"},{\"@type\":\"BreadcrumbList\",\"@id\":\"https:\\\/\\\/www.webdo.tn\\\/fr\\\/actualite\\\/chroniques\\\/pour-beaucoup-de-tunisiens-le-deuil-national-se-poursuivra-jusquau-depart-de-la-troika\\\/186876\\\/#breadcrumb\",\"itemListElement\":[{\"@type\":\"ListItem\",\"position\":1,\"name\":\"Accueil\",\"item\":\"https:\\\/\\\/www.webdo.tn\\\/fr\\\/\"},{\"@type\":\"ListItem\",\"position\":2,\"name\":\"Pour beaucoup de Tunisiens, le deuil national se poursuivra jusqu&#8217;au d\u00e9part de la Troika\"}]},{\"@type\":\"WebSite\",\"@id\":\"https:\\\/\\\/www.webdo.tn\\\/fr\\\/#website\",\"url\":\"https:\\\/\\\/www.webdo.tn\\\/fr\\\/\",\"name\":\"webdo\",\"description\":\"Tunisie - News en Tunisie et \u00e0 l&#039;international sur Webdo.tn\",\"publisher\":{\"@id\":\"https:\\\/\\\/www.webdo.tn\\\/fr\\\/#organization\"},\"potentialAction\":[{\"@type\":\"SearchAction\",\"target\":{\"@type\":\"EntryPoint\",\"urlTemplate\":\"https:\\\/\\\/www.webdo.tn\\\/fr\\\/?s={search_term_string}\"},\"query-input\":{\"@type\":\"PropertyValueSpecification\",\"valueRequired\":true,\"valueName\":\"search_term_string\"}}],\"inLanguage\":\"fr-FR\"},{\"@type\":\"Organization\",\"@id\":\"https:\\\/\\\/www.webdo.tn\\\/fr\\\/#organization\",\"name\":\"Webdo\",\"alternateName\":\"Webdo.tn\",\"url\":\"https:\\\/\\\/www.webdo.tn\\\/fr\\\/\",\"logo\":{\"@type\":\"ImageObject\",\"inLanguage\":\"fr-FR\",\"@id\":\"https:\\\/\\\/www.webdo.tn\\\/fr\\\/#\\\/schema\\\/logo\\\/image\\\/\",\"url\":\"https:\\\/\\\/www.webdo.tn\\\/fr\\\/wp-content\\\/uploads\\\/2025\\\/06\\\/Webdo-Tunisie_168377.jpg\",\"contentUrl\":\"https:\\\/\\\/www.webdo.tn\\\/fr\\\/wp-content\\\/uploads\\\/2025\\\/06\\\/Webdo-Tunisie_168377.jpg\",\"width\":301,\"height\":301,\"caption\":\"Webdo\"},\"image\":{\"@id\":\"https:\\\/\\\/www.webdo.tn\\\/fr\\\/#\\\/schema\\\/logo\\\/image\\\/\"},\"sameAs\":[\"https:\\\/\\\/www.facebook.com\\\/webdotn\",\"https:\\\/\\\/x.com\\\/webdo_tn\"],\"description\":\"Webdo est un m\u00e9dia num\u00e9rique tunisien fond\u00e9 en 2010, sp\u00e9cialis\u00e9 dans l\u2019actualit\u00e9 nationale et internationale, l\u2019\u00e9conomie, la soci\u00e9t\u00e9 et les analyses politiques. Le site s\u2019adresse \u00e0 un large public francophone et couvre l\u2019information tunisienne en temps r\u00e9el.\",\"email\":\"redac@webdo.tn\",\"legalName\":\"YNJ SARL\",\"foundingDate\":\"2010-09-06\",\"numberOfEmployees\":{\"@type\":\"QuantitativeValue\",\"minValue\":\"11\",\"maxValue\":\"50\"}},{\"@type\":\"Person\",\"@id\":\"https:\\\/\\\/www.webdo.tn\\\/fr\\\/#\\\/schema\\\/person\\\/6bc0beba2cd23aec27cb5df85ca2554f\",\"name\":\"Hatem Bourial\",\"image\":{\"@type\":\"ImageObject\",\"inLanguage\":\"fr-FR\",\"@id\":\"https:\\\/\\\/www.webdo.tn\\\/fr\\\/wp-content\\\/uploads\\\/2026\\\/04\\\/hatem-bourial_avatar-96x96.jpg\",\"url\":\"https:\\\/\\\/www.webdo.tn\\\/fr\\\/wp-content\\\/uploads\\\/2026\\\/04\\\/hatem-bourial_avatar-96x96.jpg\",\"contentUrl\":\"https:\\\/\\\/www.webdo.tn\\\/fr\\\/wp-content\\\/uploads\\\/2026\\\/04\\\/hatem-bourial_avatar-96x96.jpg\",\"caption\":\"Hatem Bourial\"},\"description\":\"Hatem Bourial est journaliste, \u00e9crivain et chroniqueur tunisien. Actif depuis plusieurs d\u00e9cennies, il s\u2019est impos\u00e9 comme un observateur attentif de la soci\u00e9t\u00e9 tunisienne, m\u00ealant dans ses \u00e9crits m\u00e9moire, culture et analyse du quotidien. Auteur de nombreux ouvrages, il d\u00e9veloppe une \u0153uvre \u00e0 la crois\u00e9e du r\u00e9cit, de la po\u00e9sie et de l\u2019observation sociologique. Parall\u00e8lement \u00e0 ses contributions dans la presse, il intervient r\u00e9guli\u00e8rement \u00e0 la radio et dans des espaces culturels, o\u00f9 il explore les enjeux li\u00e9s au patrimoine, \u00e0 l\u2019identit\u00e9 et aux transformations du monde contemporain. \u00c0 travers ses chroniques, Hatem Bourial propose une lecture sensible et approfondie de l\u2019actualit\u00e9, nourrie par une exp\u00e9rience journalistique et litt\u00e9raire reconnue. \ud83d\udd17 Facebook : https:\\\/\\\/www.facebook.com\\\/hatem.bourial.2025\",\"sameAs\":[\"https:\\\/\\\/www.facebook.com\\\/hatem.bourial.2025\",\"https:\\\/\\\/fr.wikipedia.org\\\/wiki\\\/Fichier:Hatem_Bourial.jpg\"],\"knowsAbout\":[\"Culture & patrimoine tunisien\",\"Chronique soci\u00e9tale\",\"Litt\u00e9rature & m\u00e9moire\",\"Cin\u00e9ma & critique culturelle\",\"Identit\u00e9 & mutations sociales\"],\"knowsLanguage\":[\"Arabe\",\"Fran\u00e7ais\",\"Anglais\",\"Italien\",\"Polonais\"],\"jobTitle\":\"Journaliste, \u00e9crivain et chroniqueur culturel\",\"worksFor\":\"Webdo\",\"url\":\"https:\\\/\\\/www.webdo.tn\\\/fr\\\/actualite\\\/author\\\/hatem-bourial-2\\\/\"}]}<\/script>\n<!-- \/ Yoast SEO Premium plugin. -->","yoast_head_json":{"title":"Pour beaucoup de Tunisiens, le deuil national se poursuivra jusqu'au d\u00e9part de la Troika","description":"Pour beaucoup de Tunisiens, le deuil national se poursuivra jusqu'au d\u00e9part de la Troika","canonical":"https:\/\/www.webdo.tn\/fr\/actualite\/chroniques\/pour-beaucoup-de-tunisiens-le-deuil-national-se-poursuivra-jusquau-depart-de-la-troika\/186876\/","og_locale":"fr_FR","og_type":"article","og_title":"Pour beaucoup de Tunisiens, le deuil national se poursuivra jusqu'au d\u00e9part de la Troika","og_description":"Pour beaucoup de Tunisiens, le deuil national se poursuivra jusqu'au d\u00e9part de la Troika","og_url":"https:\/\/www.webdo.tn\/fr\/actualite\/chroniques\/pour-beaucoup-de-tunisiens-le-deuil-national-se-poursuivra-jusquau-depart-de-la-troika\/186876\/","og_site_name":"webdo","article_publisher":"https:\/\/www.facebook.com\/webdotn","article_author":"https:\/\/www.facebook.com\/hatem.bourial.2025","article_published_time":"2013-10-25T11:42:00+00:00","article_modified_time":"2025-05-19T11:18:03+00:00","author":"Hatem Bourial","twitter_card":"summary_large_image","twitter_creator":"@webdo_tn","twitter_site":"@webdo_tn","twitter_misc":{"\u00c9crit par":"Hatem Bourial","Dur\u00e9e de lecture estim\u00e9e":"3 minutes"},"schema":{"@context":"https:\/\/schema.org","@graph":[{"@type":"NewsArticle","@id":"https:\/\/www.webdo.tn\/fr\/actualite\/chroniques\/pour-beaucoup-de-tunisiens-le-deuil-national-se-poursuivra-jusquau-depart-de-la-troika\/186876\/#article","isPartOf":{"@id":"https:\/\/www.webdo.tn\/fr\/actualite\/chroniques\/pour-beaucoup-de-tunisiens-le-deuil-national-se-poursuivra-jusquau-depart-de-la-troika\/186876\/"},"author":{"name":"Hatem Bourial","@id":"https:\/\/www.webdo.tn\/fr\/#\/schema\/person\/6bc0beba2cd23aec27cb5df85ca2554f"},"headline":"Pour beaucoup de Tunisiens, le deuil national se poursuivra jusqu&rsquo;au d\u00e9part de la Troika","datePublished":"2013-10-25T11:42:00+00:00","dateModified":"2025-05-19T11:18:03+00:00","mainEntityOfPage":{"@id":"https:\/\/www.webdo.tn\/fr\/actualite\/chroniques\/pour-beaucoup-de-tunisiens-le-deuil-national-se-poursuivra-jusquau-depart-de-la-troika\/186876\/"},"wordCount":704,"commentCount":0,"publisher":{"@id":"https:\/\/www.webdo.tn\/fr\/#organization"},"image":{"@id":"https:\/\/www.webdo.tn\/fr\/actualite\/chroniques\/pour-beaucoup-de-tunisiens-le-deuil-national-se-poursuivra-jusquau-depart-de-la-troika\/186876\/#primaryimage"},"thumbnailUrl":"https:\/\/www.webdo.tn\/fr\/wp-content\/uploads\/2025\/06\/Funerailles_186876.jpg","keywords":["guerre"],"articleSection":["Chroniques"],"inLanguage":"fr-FR"},{"@type":"WebPage","@id":"https:\/\/www.webdo.tn\/fr\/actualite\/chroniques\/pour-beaucoup-de-tunisiens-le-deuil-national-se-poursuivra-jusquau-depart-de-la-troika\/186876\/","url":"https:\/\/www.webdo.tn\/fr\/actualite\/chroniques\/pour-beaucoup-de-tunisiens-le-deuil-national-se-poursuivra-jusquau-depart-de-la-troika\/186876\/","name":"Pour beaucoup de Tunisiens, le deuil national se poursuivra jusqu'au d\u00e9part de la Troika","isPartOf":{"@id":"https:\/\/www.webdo.tn\/fr\/#website"},"primaryImageOfPage":{"@id":"https:\/\/www.webdo.tn\/fr\/actualite\/chroniques\/pour-beaucoup-de-tunisiens-le-deuil-national-se-poursuivra-jusquau-depart-de-la-troika\/186876\/#primaryimage"},"image":{"@id":"https:\/\/www.webdo.tn\/fr\/actualite\/chroniques\/pour-beaucoup-de-tunisiens-le-deuil-national-se-poursuivra-jusquau-depart-de-la-troika\/186876\/#primaryimage"},"thumbnailUrl":"https:\/\/www.webdo.tn\/fr\/wp-content\/uploads\/2025\/06\/Funerailles_186876.jpg","datePublished":"2013-10-25T11:42:00+00:00","dateModified":"2025-05-19T11:18:03+00:00","description":"Pour beaucoup de Tunisiens, le deuil national se poursuivra jusqu'au d\u00e9part de la Troika","breadcrumb":{"@id":"https:\/\/www.webdo.tn\/fr\/actualite\/chroniques\/pour-beaucoup-de-tunisiens-le-deuil-national-se-poursuivra-jusquau-depart-de-la-troika\/186876\/#breadcrumb"},"inLanguage":"fr-FR","potentialAction":[{"@type":"ReadAction","target":["https:\/\/www.webdo.tn\/fr\/actualite\/chroniques\/pour-beaucoup-de-tunisiens-le-deuil-national-se-poursuivra-jusquau-depart-de-la-troika\/186876\/"]}]},{"@type":"ImageObject","inLanguage":"fr-FR","@id":"https:\/\/www.webdo.tn\/fr\/actualite\/chroniques\/pour-beaucoup-de-tunisiens-le-deuil-national-se-poursuivra-jusquau-depart-de-la-troika\/186876\/#primaryimage","url":"https:\/\/www.webdo.tn\/fr\/wp-content\/uploads\/2025\/06\/Funerailles_186876.jpg","contentUrl":"https:\/\/www.webdo.tn\/fr\/wp-content\/uploads\/2025\/06\/Funerailles_186876.jpg","width":600,"height":338,"caption":"Pour beaucoup de Tunisiens, le deuil national se poursuivra jusqu'au d\u00e9part de la Troika"},{"@type":"BreadcrumbList","@id":"https:\/\/www.webdo.tn\/fr\/actualite\/chroniques\/pour-beaucoup-de-tunisiens-le-deuil-national-se-poursuivra-jusquau-depart-de-la-troika\/186876\/#breadcrumb","itemListElement":[{"@type":"ListItem","position":1,"name":"Accueil","item":"https:\/\/www.webdo.tn\/fr\/"},{"@type":"ListItem","position":2,"name":"Pour beaucoup de Tunisiens, le deuil national se poursuivra jusqu&#8217;au d\u00e9part de la Troika"}]},{"@type":"WebSite","@id":"https:\/\/www.webdo.tn\/fr\/#website","url":"https:\/\/www.webdo.tn\/fr\/","name":"webdo","description":"Tunisie - News en Tunisie et \u00e0 l&#039;international sur Webdo.tn","publisher":{"@id":"https:\/\/www.webdo.tn\/fr\/#organization"},"potentialAction":[{"@type":"SearchAction","target":{"@type":"EntryPoint","urlTemplate":"https:\/\/www.webdo.tn\/fr\/?s={search_term_string}"},"query-input":{"@type":"PropertyValueSpecification","valueRequired":true,"valueName":"search_term_string"}}],"inLanguage":"fr-FR"},{"@type":"Organization","@id":"https:\/\/www.webdo.tn\/fr\/#organization","name":"Webdo","alternateName":"Webdo.tn","url":"https:\/\/www.webdo.tn\/fr\/","logo":{"@type":"ImageObject","inLanguage":"fr-FR","@id":"https:\/\/www.webdo.tn\/fr\/#\/schema\/logo\/image\/","url":"https:\/\/www.webdo.tn\/fr\/wp-content\/uploads\/2025\/06\/Webdo-Tunisie_168377.jpg","contentUrl":"https:\/\/www.webdo.tn\/fr\/wp-content\/uploads\/2025\/06\/Webdo-Tunisie_168377.jpg","width":301,"height":301,"caption":"Webdo"},"image":{"@id":"https:\/\/www.webdo.tn\/fr\/#\/schema\/logo\/image\/"},"sameAs":["https:\/\/www.facebook.com\/webdotn","https:\/\/x.com\/webdo_tn"],"description":"Webdo est un m\u00e9dia num\u00e9rique tunisien fond\u00e9 en 2010, sp\u00e9cialis\u00e9 dans l\u2019actualit\u00e9 nationale et internationale, l\u2019\u00e9conomie, la soci\u00e9t\u00e9 et les analyses politiques. Le site s\u2019adresse \u00e0 un large public francophone et couvre l\u2019information tunisienne en temps r\u00e9el.","email":"redac@webdo.tn","legalName":"YNJ SARL","foundingDate":"2010-09-06","numberOfEmployees":{"@type":"QuantitativeValue","minValue":"11","maxValue":"50"}},{"@type":"Person","@id":"https:\/\/www.webdo.tn\/fr\/#\/schema\/person\/6bc0beba2cd23aec27cb5df85ca2554f","name":"Hatem Bourial","image":{"@type":"ImageObject","inLanguage":"fr-FR","@id":"https:\/\/www.webdo.tn\/fr\/wp-content\/uploads\/2026\/04\/hatem-bourial_avatar-96x96.jpg","url":"https:\/\/www.webdo.tn\/fr\/wp-content\/uploads\/2026\/04\/hatem-bourial_avatar-96x96.jpg","contentUrl":"https:\/\/www.webdo.tn\/fr\/wp-content\/uploads\/2026\/04\/hatem-bourial_avatar-96x96.jpg","caption":"Hatem Bourial"},"description":"Hatem Bourial est journaliste, \u00e9crivain et chroniqueur tunisien. Actif depuis plusieurs d\u00e9cennies, il s\u2019est impos\u00e9 comme un observateur attentif de la soci\u00e9t\u00e9 tunisienne, m\u00ealant dans ses \u00e9crits m\u00e9moire, culture et analyse du quotidien. Auteur de nombreux ouvrages, il d\u00e9veloppe une \u0153uvre \u00e0 la crois\u00e9e du r\u00e9cit, de la po\u00e9sie et de l\u2019observation sociologique. Parall\u00e8lement \u00e0 ses contributions dans la presse, il intervient r\u00e9guli\u00e8rement \u00e0 la radio et dans des espaces culturels, o\u00f9 il explore les enjeux li\u00e9s au patrimoine, \u00e0 l\u2019identit\u00e9 et aux transformations du monde contemporain. \u00c0 travers ses chroniques, Hatem Bourial propose une lecture sensible et approfondie de l\u2019actualit\u00e9, nourrie par une exp\u00e9rience journalistique et litt\u00e9raire reconnue. \ud83d\udd17 Facebook : https:\/\/www.facebook.com\/hatem.bourial.2025","sameAs":["https:\/\/www.facebook.com\/hatem.bourial.2025","https:\/\/fr.wikipedia.org\/wiki\/Fichier:Hatem_Bourial.jpg"],"knowsAbout":["Culture & patrimoine tunisien","Chronique soci\u00e9tale","Litt\u00e9rature & m\u00e9moire","Cin\u00e9ma & critique culturelle","Identit\u00e9 & mutations sociales"],"knowsLanguage":["Arabe","Fran\u00e7ais","Anglais","Italien","Polonais"],"jobTitle":"Journaliste, \u00e9crivain et chroniqueur culturel","worksFor":"Webdo","url":"https:\/\/www.webdo.tn\/fr\/actualite\/author\/hatem-bourial-2\/"}]}},"_links":{"self":[{"href":"https:\/\/www.webdo.tn\/fr\/wp-json\/wp\/v2\/posts\/186876","targetHints":{"allow":["GET"]}}],"collection":[{"href":"https:\/\/www.webdo.tn\/fr\/wp-json\/wp\/v2\/posts"}],"about":[{"href":"https:\/\/www.webdo.tn\/fr\/wp-json\/wp\/v2\/types\/post"}],"author":[{"embeddable":true,"href":"https:\/\/www.webdo.tn\/fr\/wp-json\/wp\/v2\/users\/3229"}],"replies":[{"embeddable":true,"href":"https:\/\/www.webdo.tn\/fr\/wp-json\/wp\/v2\/comments?post=186876"}],"version-history":[{"count":0,"href":"https:\/\/www.webdo.tn\/fr\/wp-json\/wp\/v2\/posts\/186876\/revisions"}],"wp:featuredmedia":[{"embeddable":true,"href":"https:\/\/www.webdo.tn\/fr\/wp-json\/wp\/v2\/media\/374132"}],"wp:attachment":[{"href":"https:\/\/www.webdo.tn\/fr\/wp-json\/wp\/v2\/media?parent=186876"}],"wp:term":[{"taxonomy":"category","embeddable":true,"href":"https:\/\/www.webdo.tn\/fr\/wp-json\/wp\/v2\/categories?post=186876"},{"taxonomy":"post_tag","embeddable":true,"href":"https:\/\/www.webdo.tn\/fr\/wp-json\/wp\/v2\/tags?post=186876"}],"curies":[{"name":"wp","href":"https:\/\/api.w.org\/{rel}","templated":true}]}}