{"id":186875,"date":"2013-10-25T00:05:00","date_gmt":"2013-10-25T00:05:00","guid":{"rendered":"https:\/\/www.webdo.tn\/fr\/blog\/le-billet-de-hatem-bourial-ghannouchi-attig-et-consorts-devraient-demander-pardon-a-la-tunisie\/186875\/"},"modified":"2025-05-19T11:18:04","modified_gmt":"2025-05-19T11:18:04","slug":"le-billet-de-hatem-bourial-ghannouchi-attig-et-consorts-devraient-demander-pardon-a-la-tunisie","status":"publish","type":"post","link":"https:\/\/www.webdo.tn\/fr\/actualite\/chroniques\/le-billet-de-hatem-bourial-ghannouchi-attig-et-consorts-devraient-demander-pardon-a-la-tunisie\/186875\/","title":{"rendered":"Le billet de Hatem Bourial &#8211; Ghannouchi, Attig et consorts devraient demander pardon \u00e0 la Tunisie"},"content":{"rendered":"<p>Que ce soit au Kef ou bien \u00e0 Sidi Bouzid, lors des fun\u00e9railles des gardes nationaux, tomb\u00e9s au champ d&rsquo;honneur, des slogans s&rsquo;en prenant \u00e0 Ennahdha et \u00e0 ses connivences av\u00e9r\u00e9es avec les mouvances salafistes violentes ont \u00e9t\u00e9 entendus.<br \/>\nLa col\u00e8re a pris une tournure plus brutale au Kef, puisque les locaux d&rsquo;Ennahdha y ont \u00e9t\u00e9 incendi\u00e9s.<\/p>\n<p>A Tunis aussi, la col\u00e8re \u00e9tait perceptible et des voix de plus en plus nombreuses &#8211; et pas seulement parmi les activistes &#8211; d\u00e9signaient Ennahdha comme responsable moral de ces massacres qui se succ\u00e8dent.<\/p>\n<p>Car, avec plus d&rsquo;une dizaine de morts en une semaine, \u00e0 l&rsquo;\u00e9chelle de la Tunisie, on peut parler de massacre, et m\u00eame d&rsquo;une h\u00e9catombe dans les rangs des forces de l&rsquo;ordre alors que l&rsquo;arm\u00e9e paie un lourd tribut au Chaambi.<\/p>\n<p>L&rsquo;opinion publique est v\u00e9ritablement \u00e0 cran et les accusations, sans preuves patentes, pleuvent sur le parti islamiste qui, pour sa part, appelle ses partisans \u00e0 manifester contre le terrorisme.<br \/>\nA notre humble avis, le pr\u00e9sident d&rsquo;Ennahdha a vu, depuis longue date, sa responsabilit\u00e9 engag\u00e9e \u00e0 cause de ses propos compr\u00e9hensifs \u00e0 l&rsquo;\u00e9gard de certaines mouvances terroristes.<\/p>\n<p>Ghannouchi aurait-il oubli\u00e9 \u00ab\u00a0ses enfants\u00a0\u00bb ? Et Sahbi Attig aurait-il oubli\u00e9 ses \u00ab\u00a0bains de sang\u00a0\u00bb ? Et Laarayedh Junior ses propos haineux ?<br \/>\nEnnahdha a bien entendu pleinement le droit de manifester. Toutefois, il existe ici comme un hiatus entre les mots et les id\u00e9es, les positions et les actes, les discours des faucons et le silence des colombes.<\/p>\n<p>Le simple citoyen que je suis se demande pourquoi Ghannouchi, Attig et consorts n&rsquo;implorent pas le pardon de la Tunisie pour leurs propos d\u00e9plac\u00e9s, pour leurs silences coupables et toutes ces attitudes qui ont fait le lit du terrorisme dont ils sont les b\u00e9n\u00e9ficiaires politiques objectifs ?<\/p>\n<p>Car ce parti qui appelle \u00e0 manifester est bien celui qui a minimis\u00e9 voire ignor\u00e9 les camps salafistes au Chaambi. Ennahdha n&rsquo;a \u00e9galement pas bronch\u00e9 quand les fondamentalistes de son aile dure ont bafou\u00e9 le drapeau national et hiss\u00e9 les couleurs noires du jihad. Du bout des l\u00e8vres, quelques condamnations ont parfois \u00e9t\u00e9 chuchot\u00e9es et aujourd&rsquo;hui, ce parti appelle a manifester contre le terrorisme !<\/p>\n<p>Indigne r\u00e9cup\u00e9ration et strat\u00e9gie de faussaires ! Ceux qui ont fait clairement l&rsquo;apologie de la violence se mobilisent contre le monstre auquel ils ont contribu\u00e9 \u00e0 donner naissance.<br \/>\nLa Tunisie n&rsquo;a pas fini de souffrir et perdre son \u00e9thique \u00e0 cause de ces ma\u00eetres du double langage, ces experts de la duplicit\u00e9 et ces loups d\u00e9guis\u00e9s en d\u00e9mocrates.<\/p>\n<p>Car ce n&rsquo;est pas parce que les nahdhaouis se sont oppos\u00e9s \u00e0 Ben Ali que cela fait d&rsquo;eux des d\u00e9mocrates. Au contraire, jour apr\u00e8s jour, ils d\u00e9montrent que leur projet est bien totalitaire et qu&rsquo;il se nourrira du sang des Tunisiens.<\/p>\n","protected":false},"excerpt":{"rendered":"<p>Le billet de Hatem Bourial &#8211; Ghannouchi, Attig et consorts devraient demander pardon \u00e0 la Tunisie<\/p>\n","protected":false},"author":3229,"featured_media":322404,"comment_status":"open","ping_status":"closed","sticky":false,"template":"","format":"standard","meta":{"footnotes":""},"categories":[2596],"tags":[2600],"class_list":["post-186875","post","type-post","status-publish","format-standard","has-post-thumbnail","hentry","category-chroniques","tag-guerre"],"yoast_head":"<!-- This site is optimized with the Yoast SEO Premium plugin v27.5 (Yoast SEO v27.5) - https:\/\/yoast.com\/product\/yoast-seo-premium-wordpress\/ -->\n<title>Le billet de Hatem Bourial - Ghannouchi, Attig et consorts devraient demander pardon \u00e0 la Tunisie<\/title>\n<meta name=\"description\" content=\"Le billet de Hatem Bourial - Ghannouchi, Attig et consorts devraient demander pardon \u00e0 la Tunisie\" \/>\n<link rel=\"canonical\" href=\"https:\/\/www.webdo.tn\/fr\/actualite\/chroniques\/le-billet-de-hatem-bourial-ghannouchi-attig-et-consorts-devraient-demander-pardon-a-la-tunisie\/186875\/\" \/>\n<meta property=\"og:locale\" content=\"fr_FR\" \/>\n<meta property=\"og:type\" content=\"article\" \/>\n<meta property=\"og:title\" content=\"Le billet de Hatem Bourial - Ghannouchi, Attig et consorts devraient demander pardon \u00e0 la Tunisie\" \/>\n<meta property=\"og:description\" content=\"Le billet de Hatem Bourial - Ghannouchi, Attig et consorts devraient demander pardon \u00e0 la Tunisie\" \/>\n<meta property=\"og:url\" content=\"https:\/\/www.webdo.tn\/fr\/actualite\/chroniques\/le-billet-de-hatem-bourial-ghannouchi-attig-et-consorts-devraient-demander-pardon-a-la-tunisie\/186875\/\" \/>\n<meta property=\"og:site_name\" content=\"webdo\" \/>\n<meta property=\"article:publisher\" content=\"https:\/\/www.facebook.com\/webdotn\" \/>\n<meta property=\"article:author\" content=\"https:\/\/www.facebook.com\/hatem.bourial.2025\" \/>\n<meta property=\"article:published_time\" content=\"2013-10-25T00:05:00+00:00\" \/>\n<meta property=\"article:modified_time\" content=\"2025-05-19T11:18:04+00:00\" \/>\n<meta property=\"og:image\" content=\"https:\/\/www.webdo.tn\/fr\/wp-content\/uploads\/2013\/10\/Local-Ennahdha-Kef-photo-FB.jpg\" \/>\n\t<meta property=\"og:image:width\" content=\"500\" \/>\n\t<meta property=\"og:image:height\" content=\"329\" \/>\n\t<meta property=\"og:image:type\" content=\"image\/jpeg\" \/>\n<meta name=\"author\" content=\"Hatem Bourial\" \/>\n<meta name=\"twitter:card\" content=\"summary_large_image\" \/>\n<meta name=\"twitter:creator\" content=\"@webdo_tn\" \/>\n<meta name=\"twitter:site\" content=\"@webdo_tn\" \/>\n<meta name=\"twitter:label1\" content=\"\u00c9crit par\" \/>\n\t<meta name=\"twitter:data1\" content=\"Hatem Bourial\" \/>\n\t<meta name=\"twitter:label2\" content=\"Dur\u00e9e de lecture estim\u00e9e\" \/>\n\t<meta name=\"twitter:data2\" content=\"2 minutes\" \/>\n<script type=\"application\/ld+json\" class=\"yoast-schema-graph\">{\"@context\":\"https:\\\/\\\/schema.org\",\"@graph\":[{\"@type\":\"NewsArticle\",\"@id\":\"https:\\\/\\\/www.webdo.tn\\\/fr\\\/actualite\\\/chroniques\\\/le-billet-de-hatem-bourial-ghannouchi-attig-et-consorts-devraient-demander-pardon-a-la-tunisie\\\/186875\\\/#article\",\"isPartOf\":{\"@id\":\"https:\\\/\\\/www.webdo.tn\\\/fr\\\/actualite\\\/chroniques\\\/le-billet-de-hatem-bourial-ghannouchi-attig-et-consorts-devraient-demander-pardon-a-la-tunisie\\\/186875\\\/\"},\"author\":{\"name\":\"Hatem Bourial\",\"@id\":\"https:\\\/\\\/www.webdo.tn\\\/fr\\\/#\\\/schema\\\/person\\\/6bc0beba2cd23aec27cb5df85ca2554f\"},\"headline\":\"Le billet de Hatem Bourial &#8211; Ghannouchi, Attig et consorts devraient demander pardon \u00e0 la Tunisie\",\"datePublished\":\"2013-10-25T00:05:00+00:00\",\"dateModified\":\"2025-05-19T11:18:04+00:00\",\"mainEntityOfPage\":{\"@id\":\"https:\\\/\\\/www.webdo.tn\\\/fr\\\/actualite\\\/chroniques\\\/le-billet-de-hatem-bourial-ghannouchi-attig-et-consorts-devraient-demander-pardon-a-la-tunisie\\\/186875\\\/\"},\"wordCount\":507,\"commentCount\":0,\"publisher\":{\"@id\":\"https:\\\/\\\/www.webdo.tn\\\/fr\\\/#organization\"},\"image\":{\"@id\":\"https:\\\/\\\/www.webdo.tn\\\/fr\\\/actualite\\\/chroniques\\\/le-billet-de-hatem-bourial-ghannouchi-attig-et-consorts-devraient-demander-pardon-a-la-tunisie\\\/186875\\\/#primaryimage\"},\"thumbnailUrl\":\"https:\\\/\\\/www.webdo.tn\\\/fr\\\/wp-content\\\/uploads\\\/2013\\\/10\\\/Local-Ennahdha-Kef-photo-FB.jpg\",\"keywords\":[\"guerre\"],\"articleSection\":[\"Chroniques\"],\"inLanguage\":\"fr-FR\"},{\"@type\":\"WebPage\",\"@id\":\"https:\\\/\\\/www.webdo.tn\\\/fr\\\/actualite\\\/chroniques\\\/le-billet-de-hatem-bourial-ghannouchi-attig-et-consorts-devraient-demander-pardon-a-la-tunisie\\\/186875\\\/\",\"url\":\"https:\\\/\\\/www.webdo.tn\\\/fr\\\/actualite\\\/chroniques\\\/le-billet-de-hatem-bourial-ghannouchi-attig-et-consorts-devraient-demander-pardon-a-la-tunisie\\\/186875\\\/\",\"name\":\"Le billet de Hatem Bourial - Ghannouchi, Attig et consorts devraient demander pardon \u00e0 la Tunisie\",\"isPartOf\":{\"@id\":\"https:\\\/\\\/www.webdo.tn\\\/fr\\\/#website\"},\"primaryImageOfPage\":{\"@id\":\"https:\\\/\\\/www.webdo.tn\\\/fr\\\/actualite\\\/chroniques\\\/le-billet-de-hatem-bourial-ghannouchi-attig-et-consorts-devraient-demander-pardon-a-la-tunisie\\\/186875\\\/#primaryimage\"},\"image\":{\"@id\":\"https:\\\/\\\/www.webdo.tn\\\/fr\\\/actualite\\\/chroniques\\\/le-billet-de-hatem-bourial-ghannouchi-attig-et-consorts-devraient-demander-pardon-a-la-tunisie\\\/186875\\\/#primaryimage\"},\"thumbnailUrl\":\"https:\\\/\\\/www.webdo.tn\\\/fr\\\/wp-content\\\/uploads\\\/2013\\\/10\\\/Local-Ennahdha-Kef-photo-FB.jpg\",\"datePublished\":\"2013-10-25T00:05:00+00:00\",\"dateModified\":\"2025-05-19T11:18:04+00:00\",\"description\":\"Le billet de Hatem Bourial - Ghannouchi, Attig et consorts devraient demander pardon \u00e0 la Tunisie\",\"breadcrumb\":{\"@id\":\"https:\\\/\\\/www.webdo.tn\\\/fr\\\/actualite\\\/chroniques\\\/le-billet-de-hatem-bourial-ghannouchi-attig-et-consorts-devraient-demander-pardon-a-la-tunisie\\\/186875\\\/#breadcrumb\"},\"inLanguage\":\"fr-FR\",\"potentialAction\":[{\"@type\":\"ReadAction\",\"target\":[\"https:\\\/\\\/www.webdo.tn\\\/fr\\\/actualite\\\/chroniques\\\/le-billet-de-hatem-bourial-ghannouchi-attig-et-consorts-devraient-demander-pardon-a-la-tunisie\\\/186875\\\/\"]}]},{\"@type\":\"ImageObject\",\"inLanguage\":\"fr-FR\",\"@id\":\"https:\\\/\\\/www.webdo.tn\\\/fr\\\/actualite\\\/chroniques\\\/le-billet-de-hatem-bourial-ghannouchi-attig-et-consorts-devraient-demander-pardon-a-la-tunisie\\\/186875\\\/#primaryimage\",\"url\":\"https:\\\/\\\/www.webdo.tn\\\/fr\\\/wp-content\\\/uploads\\\/2013\\\/10\\\/Local-Ennahdha-Kef-photo-FB.jpg\",\"contentUrl\":\"https:\\\/\\\/www.webdo.tn\\\/fr\\\/wp-content\\\/uploads\\\/2013\\\/10\\\/Local-Ennahdha-Kef-photo-FB.jpg\",\"width\":500,\"height\":329,\"caption\":\"Le billet de Hatem Bourial - Ghannouchi, Attig et consorts devraient demander pardon \u00e0 la Tunisie\"},{\"@type\":\"BreadcrumbList\",\"@id\":\"https:\\\/\\\/www.webdo.tn\\\/fr\\\/actualite\\\/chroniques\\\/le-billet-de-hatem-bourial-ghannouchi-attig-et-consorts-devraient-demander-pardon-a-la-tunisie\\\/186875\\\/#breadcrumb\",\"itemListElement\":[{\"@type\":\"ListItem\",\"position\":1,\"name\":\"Accueil\",\"item\":\"https:\\\/\\\/www.webdo.tn\\\/fr\\\/\"},{\"@type\":\"ListItem\",\"position\":2,\"name\":\"Le billet de Hatem Bourial &#8211; Ghannouchi, Attig et consorts devraient demander pardon \u00e0 la Tunisie\"}]},{\"@type\":\"WebSite\",\"@id\":\"https:\\\/\\\/www.webdo.tn\\\/fr\\\/#website\",\"url\":\"https:\\\/\\\/www.webdo.tn\\\/fr\\\/\",\"name\":\"webdo\",\"description\":\"Tunisie - News en Tunisie et \u00e0 l&#039;international sur Webdo.tn\",\"publisher\":{\"@id\":\"https:\\\/\\\/www.webdo.tn\\\/fr\\\/#organization\"},\"potentialAction\":[{\"@type\":\"SearchAction\",\"target\":{\"@type\":\"EntryPoint\",\"urlTemplate\":\"https:\\\/\\\/www.webdo.tn\\\/fr\\\/?s={search_term_string}\"},\"query-input\":{\"@type\":\"PropertyValueSpecification\",\"valueRequired\":true,\"valueName\":\"search_term_string\"}}],\"inLanguage\":\"fr-FR\"},{\"@type\":\"Organization\",\"@id\":\"https:\\\/\\\/www.webdo.tn\\\/fr\\\/#organization\",\"name\":\"Webdo\",\"alternateName\":\"Webdo.tn\",\"url\":\"https:\\\/\\\/www.webdo.tn\\\/fr\\\/\",\"logo\":{\"@type\":\"ImageObject\",\"inLanguage\":\"fr-FR\",\"@id\":\"https:\\\/\\\/www.webdo.tn\\\/fr\\\/#\\\/schema\\\/logo\\\/image\\\/\",\"url\":\"https:\\\/\\\/www.webdo.tn\\\/fr\\\/wp-content\\\/uploads\\\/2025\\\/06\\\/Webdo-Tunisie_168377.jpg\",\"contentUrl\":\"https:\\\/\\\/www.webdo.tn\\\/fr\\\/wp-content\\\/uploads\\\/2025\\\/06\\\/Webdo-Tunisie_168377.jpg\",\"width\":301,\"height\":301,\"caption\":\"Webdo\"},\"image\":{\"@id\":\"https:\\\/\\\/www.webdo.tn\\\/fr\\\/#\\\/schema\\\/logo\\\/image\\\/\"},\"sameAs\":[\"https:\\\/\\\/www.facebook.com\\\/webdotn\",\"https:\\\/\\\/x.com\\\/webdo_tn\"],\"description\":\"Webdo est un m\u00e9dia num\u00e9rique tunisien fond\u00e9 en 2010, sp\u00e9cialis\u00e9 dans l\u2019actualit\u00e9 nationale et internationale, l\u2019\u00e9conomie, la soci\u00e9t\u00e9 et les analyses politiques. Le site s\u2019adresse \u00e0 un large public francophone et couvre l\u2019information tunisienne en temps r\u00e9el.\",\"email\":\"redac@webdo.tn\",\"legalName\":\"YNJ SARL\",\"foundingDate\":\"2010-09-06\",\"numberOfEmployees\":{\"@type\":\"QuantitativeValue\",\"minValue\":\"11\",\"maxValue\":\"50\"}},{\"@type\":\"Person\",\"@id\":\"https:\\\/\\\/www.webdo.tn\\\/fr\\\/#\\\/schema\\\/person\\\/6bc0beba2cd23aec27cb5df85ca2554f\",\"name\":\"Hatem Bourial\",\"image\":{\"@type\":\"ImageObject\",\"inLanguage\":\"fr-FR\",\"@id\":\"https:\\\/\\\/www.webdo.tn\\\/fr\\\/wp-content\\\/uploads\\\/2026\\\/04\\\/hatem-bourial_avatar-96x96.jpg\",\"url\":\"https:\\\/\\\/www.webdo.tn\\\/fr\\\/wp-content\\\/uploads\\\/2026\\\/04\\\/hatem-bourial_avatar-96x96.jpg\",\"contentUrl\":\"https:\\\/\\\/www.webdo.tn\\\/fr\\\/wp-content\\\/uploads\\\/2026\\\/04\\\/hatem-bourial_avatar-96x96.jpg\",\"caption\":\"Hatem Bourial\"},\"description\":\"Hatem Bourial est journaliste, \u00e9crivain et chroniqueur tunisien. Actif depuis plusieurs d\u00e9cennies, il s\u2019est impos\u00e9 comme un observateur attentif de la soci\u00e9t\u00e9 tunisienne, m\u00ealant dans ses \u00e9crits m\u00e9moire, culture et analyse du quotidien. Auteur de nombreux ouvrages, il d\u00e9veloppe une \u0153uvre \u00e0 la crois\u00e9e du r\u00e9cit, de la po\u00e9sie et de l\u2019observation sociologique. Parall\u00e8lement \u00e0 ses contributions dans la presse, il intervient r\u00e9guli\u00e8rement \u00e0 la radio et dans des espaces culturels, o\u00f9 il explore les enjeux li\u00e9s au patrimoine, \u00e0 l\u2019identit\u00e9 et aux transformations du monde contemporain. \u00c0 travers ses chroniques, Hatem Bourial propose une lecture sensible et approfondie de l\u2019actualit\u00e9, nourrie par une exp\u00e9rience journalistique et litt\u00e9raire reconnue. \ud83d\udd17 Facebook : https:\\\/\\\/www.facebook.com\\\/hatem.bourial.2025\",\"sameAs\":[\"https:\\\/\\\/www.facebook.com\\\/hatem.bourial.2025\",\"https:\\\/\\\/fr.wikipedia.org\\\/wiki\\\/Fichier:Hatem_Bourial.jpg\"],\"knowsAbout\":[\"Culture & patrimoine tunisien\",\"Chronique soci\u00e9tale\",\"Litt\u00e9rature & m\u00e9moire\",\"Cin\u00e9ma & critique culturelle\",\"Identit\u00e9 & mutations sociales\"],\"knowsLanguage\":[\"Arabe\",\"Fran\u00e7ais\",\"Anglais\",\"Italien\",\"Polonais\"],\"jobTitle\":\"Journaliste, \u00e9crivain et chroniqueur culturel\",\"worksFor\":\"Webdo\",\"url\":\"https:\\\/\\\/www.webdo.tn\\\/fr\\\/actualite\\\/author\\\/hatem-bourial-2\\\/\"}]}<\/script>\n<!-- \/ Yoast SEO Premium plugin. -->","yoast_head_json":{"title":"Le billet de Hatem Bourial - Ghannouchi, Attig et consorts devraient demander pardon \u00e0 la Tunisie","description":"Le billet de Hatem Bourial - Ghannouchi, Attig et consorts devraient demander pardon \u00e0 la Tunisie","canonical":"https:\/\/www.webdo.tn\/fr\/actualite\/chroniques\/le-billet-de-hatem-bourial-ghannouchi-attig-et-consorts-devraient-demander-pardon-a-la-tunisie\/186875\/","og_locale":"fr_FR","og_type":"article","og_title":"Le billet de Hatem Bourial - Ghannouchi, Attig et consorts devraient demander pardon \u00e0 la Tunisie","og_description":"Le billet de Hatem Bourial - Ghannouchi, Attig et consorts devraient demander pardon \u00e0 la Tunisie","og_url":"https:\/\/www.webdo.tn\/fr\/actualite\/chroniques\/le-billet-de-hatem-bourial-ghannouchi-attig-et-consorts-devraient-demander-pardon-a-la-tunisie\/186875\/","og_site_name":"webdo","article_publisher":"https:\/\/www.facebook.com\/webdotn","article_author":"https:\/\/www.facebook.com\/hatem.bourial.2025","article_published_time":"2013-10-25T00:05:00+00:00","article_modified_time":"2025-05-19T11:18:04+00:00","og_image":[{"width":500,"height":329,"url":"https:\/\/www.webdo.tn\/fr\/wp-content\/uploads\/2013\/10\/Local-Ennahdha-Kef-photo-FB.jpg","type":"image\/jpeg"}],"author":"Hatem Bourial","twitter_card":"summary_large_image","twitter_creator":"@webdo_tn","twitter_site":"@webdo_tn","twitter_misc":{"\u00c9crit par":"Hatem Bourial","Dur\u00e9e de lecture estim\u00e9e":"2 minutes"},"schema":{"@context":"https:\/\/schema.org","@graph":[{"@type":"NewsArticle","@id":"https:\/\/www.webdo.tn\/fr\/actualite\/chroniques\/le-billet-de-hatem-bourial-ghannouchi-attig-et-consorts-devraient-demander-pardon-a-la-tunisie\/186875\/#article","isPartOf":{"@id":"https:\/\/www.webdo.tn\/fr\/actualite\/chroniques\/le-billet-de-hatem-bourial-ghannouchi-attig-et-consorts-devraient-demander-pardon-a-la-tunisie\/186875\/"},"author":{"name":"Hatem Bourial","@id":"https:\/\/www.webdo.tn\/fr\/#\/schema\/person\/6bc0beba2cd23aec27cb5df85ca2554f"},"headline":"Le billet de Hatem Bourial &#8211; Ghannouchi, Attig et consorts devraient demander pardon \u00e0 la Tunisie","datePublished":"2013-10-25T00:05:00+00:00","dateModified":"2025-05-19T11:18:04+00:00","mainEntityOfPage":{"@id":"https:\/\/www.webdo.tn\/fr\/actualite\/chroniques\/le-billet-de-hatem-bourial-ghannouchi-attig-et-consorts-devraient-demander-pardon-a-la-tunisie\/186875\/"},"wordCount":507,"commentCount":0,"publisher":{"@id":"https:\/\/www.webdo.tn\/fr\/#organization"},"image":{"@id":"https:\/\/www.webdo.tn\/fr\/actualite\/chroniques\/le-billet-de-hatem-bourial-ghannouchi-attig-et-consorts-devraient-demander-pardon-a-la-tunisie\/186875\/#primaryimage"},"thumbnailUrl":"https:\/\/www.webdo.tn\/fr\/wp-content\/uploads\/2013\/10\/Local-Ennahdha-Kef-photo-FB.jpg","keywords":["guerre"],"articleSection":["Chroniques"],"inLanguage":"fr-FR"},{"@type":"WebPage","@id":"https:\/\/www.webdo.tn\/fr\/actualite\/chroniques\/le-billet-de-hatem-bourial-ghannouchi-attig-et-consorts-devraient-demander-pardon-a-la-tunisie\/186875\/","url":"https:\/\/www.webdo.tn\/fr\/actualite\/chroniques\/le-billet-de-hatem-bourial-ghannouchi-attig-et-consorts-devraient-demander-pardon-a-la-tunisie\/186875\/","name":"Le billet de Hatem Bourial - Ghannouchi, Attig et consorts devraient demander pardon \u00e0 la Tunisie","isPartOf":{"@id":"https:\/\/www.webdo.tn\/fr\/#website"},"primaryImageOfPage":{"@id":"https:\/\/www.webdo.tn\/fr\/actualite\/chroniques\/le-billet-de-hatem-bourial-ghannouchi-attig-et-consorts-devraient-demander-pardon-a-la-tunisie\/186875\/#primaryimage"},"image":{"@id":"https:\/\/www.webdo.tn\/fr\/actualite\/chroniques\/le-billet-de-hatem-bourial-ghannouchi-attig-et-consorts-devraient-demander-pardon-a-la-tunisie\/186875\/#primaryimage"},"thumbnailUrl":"https:\/\/www.webdo.tn\/fr\/wp-content\/uploads\/2013\/10\/Local-Ennahdha-Kef-photo-FB.jpg","datePublished":"2013-10-25T00:05:00+00:00","dateModified":"2025-05-19T11:18:04+00:00","description":"Le billet de Hatem Bourial - Ghannouchi, Attig et consorts devraient demander pardon \u00e0 la Tunisie","breadcrumb":{"@id":"https:\/\/www.webdo.tn\/fr\/actualite\/chroniques\/le-billet-de-hatem-bourial-ghannouchi-attig-et-consorts-devraient-demander-pardon-a-la-tunisie\/186875\/#breadcrumb"},"inLanguage":"fr-FR","potentialAction":[{"@type":"ReadAction","target":["https:\/\/www.webdo.tn\/fr\/actualite\/chroniques\/le-billet-de-hatem-bourial-ghannouchi-attig-et-consorts-devraient-demander-pardon-a-la-tunisie\/186875\/"]}]},{"@type":"ImageObject","inLanguage":"fr-FR","@id":"https:\/\/www.webdo.tn\/fr\/actualite\/chroniques\/le-billet-de-hatem-bourial-ghannouchi-attig-et-consorts-devraient-demander-pardon-a-la-tunisie\/186875\/#primaryimage","url":"https:\/\/www.webdo.tn\/fr\/wp-content\/uploads\/2013\/10\/Local-Ennahdha-Kef-photo-FB.jpg","contentUrl":"https:\/\/www.webdo.tn\/fr\/wp-content\/uploads\/2013\/10\/Local-Ennahdha-Kef-photo-FB.jpg","width":500,"height":329,"caption":"Le billet de Hatem Bourial - Ghannouchi, Attig et consorts devraient demander pardon \u00e0 la Tunisie"},{"@type":"BreadcrumbList","@id":"https:\/\/www.webdo.tn\/fr\/actualite\/chroniques\/le-billet-de-hatem-bourial-ghannouchi-attig-et-consorts-devraient-demander-pardon-a-la-tunisie\/186875\/#breadcrumb","itemListElement":[{"@type":"ListItem","position":1,"name":"Accueil","item":"https:\/\/www.webdo.tn\/fr\/"},{"@type":"ListItem","position":2,"name":"Le billet de Hatem Bourial &#8211; Ghannouchi, Attig et consorts devraient demander pardon \u00e0 la Tunisie"}]},{"@type":"WebSite","@id":"https:\/\/www.webdo.tn\/fr\/#website","url":"https:\/\/www.webdo.tn\/fr\/","name":"webdo","description":"Tunisie - News en Tunisie et \u00e0 l&#039;international sur Webdo.tn","publisher":{"@id":"https:\/\/www.webdo.tn\/fr\/#organization"},"potentialAction":[{"@type":"SearchAction","target":{"@type":"EntryPoint","urlTemplate":"https:\/\/www.webdo.tn\/fr\/?s={search_term_string}"},"query-input":{"@type":"PropertyValueSpecification","valueRequired":true,"valueName":"search_term_string"}}],"inLanguage":"fr-FR"},{"@type":"Organization","@id":"https:\/\/www.webdo.tn\/fr\/#organization","name":"Webdo","alternateName":"Webdo.tn","url":"https:\/\/www.webdo.tn\/fr\/","logo":{"@type":"ImageObject","inLanguage":"fr-FR","@id":"https:\/\/www.webdo.tn\/fr\/#\/schema\/logo\/image\/","url":"https:\/\/www.webdo.tn\/fr\/wp-content\/uploads\/2025\/06\/Webdo-Tunisie_168377.jpg","contentUrl":"https:\/\/www.webdo.tn\/fr\/wp-content\/uploads\/2025\/06\/Webdo-Tunisie_168377.jpg","width":301,"height":301,"caption":"Webdo"},"image":{"@id":"https:\/\/www.webdo.tn\/fr\/#\/schema\/logo\/image\/"},"sameAs":["https:\/\/www.facebook.com\/webdotn","https:\/\/x.com\/webdo_tn"],"description":"Webdo est un m\u00e9dia num\u00e9rique tunisien fond\u00e9 en 2010, sp\u00e9cialis\u00e9 dans l\u2019actualit\u00e9 nationale et internationale, l\u2019\u00e9conomie, la soci\u00e9t\u00e9 et les analyses politiques. Le site s\u2019adresse \u00e0 un large public francophone et couvre l\u2019information tunisienne en temps r\u00e9el.","email":"redac@webdo.tn","legalName":"YNJ SARL","foundingDate":"2010-09-06","numberOfEmployees":{"@type":"QuantitativeValue","minValue":"11","maxValue":"50"}},{"@type":"Person","@id":"https:\/\/www.webdo.tn\/fr\/#\/schema\/person\/6bc0beba2cd23aec27cb5df85ca2554f","name":"Hatem Bourial","image":{"@type":"ImageObject","inLanguage":"fr-FR","@id":"https:\/\/www.webdo.tn\/fr\/wp-content\/uploads\/2026\/04\/hatem-bourial_avatar-96x96.jpg","url":"https:\/\/www.webdo.tn\/fr\/wp-content\/uploads\/2026\/04\/hatem-bourial_avatar-96x96.jpg","contentUrl":"https:\/\/www.webdo.tn\/fr\/wp-content\/uploads\/2026\/04\/hatem-bourial_avatar-96x96.jpg","caption":"Hatem Bourial"},"description":"Hatem Bourial est journaliste, \u00e9crivain et chroniqueur tunisien. Actif depuis plusieurs d\u00e9cennies, il s\u2019est impos\u00e9 comme un observateur attentif de la soci\u00e9t\u00e9 tunisienne, m\u00ealant dans ses \u00e9crits m\u00e9moire, culture et analyse du quotidien. Auteur de nombreux ouvrages, il d\u00e9veloppe une \u0153uvre \u00e0 la crois\u00e9e du r\u00e9cit, de la po\u00e9sie et de l\u2019observation sociologique. Parall\u00e8lement \u00e0 ses contributions dans la presse, il intervient r\u00e9guli\u00e8rement \u00e0 la radio et dans des espaces culturels, o\u00f9 il explore les enjeux li\u00e9s au patrimoine, \u00e0 l\u2019identit\u00e9 et aux transformations du monde contemporain. \u00c0 travers ses chroniques, Hatem Bourial propose une lecture sensible et approfondie de l\u2019actualit\u00e9, nourrie par une exp\u00e9rience journalistique et litt\u00e9raire reconnue. \ud83d\udd17 Facebook : https:\/\/www.facebook.com\/hatem.bourial.2025","sameAs":["https:\/\/www.facebook.com\/hatem.bourial.2025","https:\/\/fr.wikipedia.org\/wiki\/Fichier:Hatem_Bourial.jpg"],"knowsAbout":["Culture & patrimoine tunisien","Chronique soci\u00e9tale","Litt\u00e9rature & m\u00e9moire","Cin\u00e9ma & critique culturelle","Identit\u00e9 & mutations sociales"],"knowsLanguage":["Arabe","Fran\u00e7ais","Anglais","Italien","Polonais"],"jobTitle":"Journaliste, \u00e9crivain et chroniqueur culturel","worksFor":"Webdo","url":"https:\/\/www.webdo.tn\/fr\/actualite\/author\/hatem-bourial-2\/"}]}},"_links":{"self":[{"href":"https:\/\/www.webdo.tn\/fr\/wp-json\/wp\/v2\/posts\/186875","targetHints":{"allow":["GET"]}}],"collection":[{"href":"https:\/\/www.webdo.tn\/fr\/wp-json\/wp\/v2\/posts"}],"about":[{"href":"https:\/\/www.webdo.tn\/fr\/wp-json\/wp\/v2\/types\/post"}],"author":[{"embeddable":true,"href":"https:\/\/www.webdo.tn\/fr\/wp-json\/wp\/v2\/users\/3229"}],"replies":[{"embeddable":true,"href":"https:\/\/www.webdo.tn\/fr\/wp-json\/wp\/v2\/comments?post=186875"}],"version-history":[{"count":0,"href":"https:\/\/www.webdo.tn\/fr\/wp-json\/wp\/v2\/posts\/186875\/revisions"}],"wp:featuredmedia":[{"embeddable":true,"href":"https:\/\/www.webdo.tn\/fr\/wp-json\/wp\/v2\/media\/322404"}],"wp:attachment":[{"href":"https:\/\/www.webdo.tn\/fr\/wp-json\/wp\/v2\/media?parent=186875"}],"wp:term":[{"taxonomy":"category","embeddable":true,"href":"https:\/\/www.webdo.tn\/fr\/wp-json\/wp\/v2\/categories?post=186875"},{"taxonomy":"post_tag","embeddable":true,"href":"https:\/\/www.webdo.tn\/fr\/wp-json\/wp\/v2\/tags?post=186875"}],"curies":[{"name":"wp","href":"https:\/\/api.w.org\/{rel}","templated":true}]}}