{"id":186874,"date":"2013-10-22T10:59:00","date_gmt":"2013-10-22T10:59:00","guid":{"rendered":"https:\/\/www.webdo.tn\/fr\/blog\/seismes-a-monastir-cest-probablement-bourguiba-qui-se-retourne-dans-sa-tombe\/186874\/"},"modified":"2013-10-22T10:59:00","modified_gmt":"2013-10-22T10:59:00","slug":"seismes-a-monastir-cest-probablement-bourguiba-qui-se-retourne-dans-sa-tombe","status":"publish","type":"post","link":"https:\/\/www.webdo.tn\/fr\/actualite\/chroniques\/seismes-a-monastir-cest-probablement-bourguiba-qui-se-retourne-dans-sa-tombe\/186874\/","title":{"rendered":"S\u00e9ismes \u00e0 Monastir &#8211; C&rsquo;est probablement Bourguiba qui se retourne dans sa tombe !"},"content":{"rendered":"<p>Et si tous ces s\u00e9ismes qui secouent actuellement la Tunisie, tout en prenant soin de ne pas la blesser avaient quelque chose de surnaturel ! Et si c&rsquo;\u00e9tait le combattant supr\u00eame qui serait en train de se retourner dans sa tombe, ulc\u00e9r\u00e9 par la gabegie et l&rsquo;incomp\u00e9tence qui r\u00e8gnent sur le pays que celles et ceux de sa g\u00e9n\u00e9ration ont b\u00e2ti.<\/p>\n<p>Marzouki et consorts devraient m\u00e9diter ces soubresauts sismiques car m\u00eame l&rsquo;\u00e9corce, la terre et les sols de la Tunisie semblent vouloir dire : \u00ab\u00a0\u00e7a suffit !\u00a0\u00bb<\/p>\n<p>Ben Jaafar et consorts qui n&rsquo;ont pas su \u00e9couter les Tunisiens sauront-ils prendre le pouls du pays ? Sauront-ils avoir les gestes \u00e9l\u00e9mentaires des m\u00e9decins qu&rsquo;ils ne sont plus vraiment depuis qu&rsquo;ils se sont recycl\u00e9s dans la politique ?<\/p>\n<p>Et Laarayedh et consorts sauront-ils prendre la mesure de la terre qui fr\u00e9mit, le peuple qui se plaint et Bourguiba, qui peut-\u00eatre gronde ?<\/p>\n<p>D\u00e9lire pour d\u00e9lire, je pr\u00e9f\u00e8re fantasmer sur un Bourguiba qui se retournerait dans sa tombe, r\u00e9volt\u00e9 par les propos incendiaires du mufti pyromane, bless\u00e9 par le sort de la Tunisie qu&rsquo;il aimait par-dessus tout et choqu\u00e9 de l&rsquo;incurie de ceux qui furent ses opposants les plus r\u00e9solus.<\/p>\n<p>A bon entendeur, salut !<\/p>\n","protected":false},"excerpt":{"rendered":"<p>S\u00e9ismes \u00e0 Monastir &#8211; C&rsquo;est probablement Bourguiba qui se retourne dans sa tombe !<\/p>\n","protected":false},"author":3229,"featured_media":334521,"comment_status":"open","ping_status":"closed","sticky":false,"template":"","format":"standard","meta":{"footnotes":""},"categories":[2596],"tags":[2600],"class_list":["post-186874","post","type-post","status-publish","format-standard","has-post-thumbnail","hentry","category-chroniques","tag-guerre"],"yoast_head":"<!-- This site is optimized with the Yoast SEO Premium plugin v27.5 (Yoast SEO v27.5) - https:\/\/yoast.com\/product\/yoast-seo-premium-wordpress\/ -->\n<title>S\u00e9ismes \u00e0 Monastir - C&#039;est probablement Bourguiba qui se retourne dans sa tombe !<\/title>\n<meta name=\"description\" content=\"S\u00e9ismes \u00e0 Monastir - C&#039;est probablement Bourguiba qui se retourne dans sa tombe !\" \/>\n<link rel=\"canonical\" href=\"https:\/\/www.webdo.tn\/fr\/actualite\/chroniques\/seismes-a-monastir-cest-probablement-bourguiba-qui-se-retourne-dans-sa-tombe\/186874\/\" \/>\n<meta property=\"og:locale\" content=\"fr_FR\" \/>\n<meta property=\"og:type\" content=\"article\" \/>\n<meta property=\"og:title\" content=\"S\u00e9ismes \u00e0 Monastir - C&#039;est probablement Bourguiba qui se retourne dans sa tombe !\" \/>\n<meta property=\"og:description\" content=\"S\u00e9ismes \u00e0 Monastir - C&#039;est probablement Bourguiba qui se retourne dans sa tombe !\" \/>\n<meta property=\"og:url\" content=\"https:\/\/www.webdo.tn\/fr\/actualite\/chroniques\/seismes-a-monastir-cest-probablement-bourguiba-qui-se-retourne-dans-sa-tombe\/186874\/\" \/>\n<meta property=\"og:site_name\" content=\"webdo\" \/>\n<meta property=\"article:publisher\" content=\"https:\/\/www.facebook.com\/webdotn\" \/>\n<meta property=\"article:author\" content=\"https:\/\/www.facebook.com\/hatem.bourial.2025\" \/>\n<meta property=\"article:published_time\" content=\"2013-10-22T10:59:00+00:00\" \/>\n<meta property=\"og:image\" content=\"https:\/\/www.webdo.tn\/fr\/wp-content\/uploads\/2013\/10\/Bourguiba.jpg\" \/>\n\t<meta property=\"og:image:width\" content=\"241\" \/>\n\t<meta property=\"og:image:height\" content=\"300\" \/>\n\t<meta property=\"og:image:type\" content=\"image\/jpeg\" \/>\n<meta name=\"author\" content=\"Hatem Bourial\" \/>\n<meta name=\"twitter:card\" content=\"summary_large_image\" \/>\n<meta name=\"twitter:creator\" content=\"@webdo_tn\" \/>\n<meta name=\"twitter:site\" content=\"@webdo_tn\" \/>\n<meta name=\"twitter:label1\" content=\"\u00c9crit par\" \/>\n\t<meta name=\"twitter:data1\" content=\"Hatem Bourial\" \/>\n\t<meta name=\"twitter:label2\" content=\"Dur\u00e9e de lecture estim\u00e9e\" \/>\n\t<meta name=\"twitter:data2\" content=\"1 minute\" \/>\n<script type=\"application\/ld+json\" class=\"yoast-schema-graph\">{\"@context\":\"https:\\\/\\\/schema.org\",\"@graph\":[{\"@type\":\"NewsArticle\",\"@id\":\"https:\\\/\\\/www.webdo.tn\\\/fr\\\/actualite\\\/chroniques\\\/seismes-a-monastir-cest-probablement-bourguiba-qui-se-retourne-dans-sa-tombe\\\/186874\\\/#article\",\"isPartOf\":{\"@id\":\"https:\\\/\\\/www.webdo.tn\\\/fr\\\/actualite\\\/chroniques\\\/seismes-a-monastir-cest-probablement-bourguiba-qui-se-retourne-dans-sa-tombe\\\/186874\\\/\"},\"author\":{\"name\":\"Hatem Bourial\",\"@id\":\"https:\\\/\\\/www.webdo.tn\\\/fr\\\/#\\\/schema\\\/person\\\/6bc0beba2cd23aec27cb5df85ca2554f\"},\"headline\":\"S\u00e9ismes \u00e0 Monastir &#8211; C&rsquo;est probablement Bourguiba qui se retourne dans sa tombe !\",\"datePublished\":\"2013-10-22T10:59:00+00:00\",\"mainEntityOfPage\":{\"@id\":\"https:\\\/\\\/www.webdo.tn\\\/fr\\\/actualite\\\/chroniques\\\/seismes-a-monastir-cest-probablement-bourguiba-qui-se-retourne-dans-sa-tombe\\\/186874\\\/\"},\"wordCount\":238,\"commentCount\":0,\"publisher\":{\"@id\":\"https:\\\/\\\/www.webdo.tn\\\/fr\\\/#organization\"},\"image\":{\"@id\":\"https:\\\/\\\/www.webdo.tn\\\/fr\\\/actualite\\\/chroniques\\\/seismes-a-monastir-cest-probablement-bourguiba-qui-se-retourne-dans-sa-tombe\\\/186874\\\/#primaryimage\"},\"thumbnailUrl\":\"https:\\\/\\\/www.webdo.tn\\\/fr\\\/wp-content\\\/uploads\\\/2013\\\/10\\\/Bourguiba.jpg\",\"keywords\":[\"guerre\"],\"articleSection\":[\"Chroniques\"],\"inLanguage\":\"fr-FR\"},{\"@type\":\"WebPage\",\"@id\":\"https:\\\/\\\/www.webdo.tn\\\/fr\\\/actualite\\\/chroniques\\\/seismes-a-monastir-cest-probablement-bourguiba-qui-se-retourne-dans-sa-tombe\\\/186874\\\/\",\"url\":\"https:\\\/\\\/www.webdo.tn\\\/fr\\\/actualite\\\/chroniques\\\/seismes-a-monastir-cest-probablement-bourguiba-qui-se-retourne-dans-sa-tombe\\\/186874\\\/\",\"name\":\"S\u00e9ismes \u00e0 Monastir - C'est probablement Bourguiba qui se retourne dans sa tombe !\",\"isPartOf\":{\"@id\":\"https:\\\/\\\/www.webdo.tn\\\/fr\\\/#website\"},\"primaryImageOfPage\":{\"@id\":\"https:\\\/\\\/www.webdo.tn\\\/fr\\\/actualite\\\/chroniques\\\/seismes-a-monastir-cest-probablement-bourguiba-qui-se-retourne-dans-sa-tombe\\\/186874\\\/#primaryimage\"},\"image\":{\"@id\":\"https:\\\/\\\/www.webdo.tn\\\/fr\\\/actualite\\\/chroniques\\\/seismes-a-monastir-cest-probablement-bourguiba-qui-se-retourne-dans-sa-tombe\\\/186874\\\/#primaryimage\"},\"thumbnailUrl\":\"https:\\\/\\\/www.webdo.tn\\\/fr\\\/wp-content\\\/uploads\\\/2013\\\/10\\\/Bourguiba.jpg\",\"datePublished\":\"2013-10-22T10:59:00+00:00\",\"description\":\"S\u00e9ismes \u00e0 Monastir - C'est probablement Bourguiba qui se retourne dans sa tombe !\",\"breadcrumb\":{\"@id\":\"https:\\\/\\\/www.webdo.tn\\\/fr\\\/actualite\\\/chroniques\\\/seismes-a-monastir-cest-probablement-bourguiba-qui-se-retourne-dans-sa-tombe\\\/186874\\\/#breadcrumb\"},\"inLanguage\":\"fr-FR\",\"potentialAction\":[{\"@type\":\"ReadAction\",\"target\":[\"https:\\\/\\\/www.webdo.tn\\\/fr\\\/actualite\\\/chroniques\\\/seismes-a-monastir-cest-probablement-bourguiba-qui-se-retourne-dans-sa-tombe\\\/186874\\\/\"]}]},{\"@type\":\"ImageObject\",\"inLanguage\":\"fr-FR\",\"@id\":\"https:\\\/\\\/www.webdo.tn\\\/fr\\\/actualite\\\/chroniques\\\/seismes-a-monastir-cest-probablement-bourguiba-qui-se-retourne-dans-sa-tombe\\\/186874\\\/#primaryimage\",\"url\":\"https:\\\/\\\/www.webdo.tn\\\/fr\\\/wp-content\\\/uploads\\\/2013\\\/10\\\/Bourguiba.jpg\",\"contentUrl\":\"https:\\\/\\\/www.webdo.tn\\\/fr\\\/wp-content\\\/uploads\\\/2013\\\/10\\\/Bourguiba.jpg\",\"width\":241,\"height\":300,\"caption\":\"S\u00e9ismes \u00e0 Monastir - C'est probablement Bourguiba qui se retourne dans sa tombe !\"},{\"@type\":\"BreadcrumbList\",\"@id\":\"https:\\\/\\\/www.webdo.tn\\\/fr\\\/actualite\\\/chroniques\\\/seismes-a-monastir-cest-probablement-bourguiba-qui-se-retourne-dans-sa-tombe\\\/186874\\\/#breadcrumb\",\"itemListElement\":[{\"@type\":\"ListItem\",\"position\":1,\"name\":\"Accueil\",\"item\":\"https:\\\/\\\/www.webdo.tn\\\/fr\\\/\"},{\"@type\":\"ListItem\",\"position\":2,\"name\":\"S\u00e9ismes \u00e0 Monastir &#8211; C&#8217;est probablement Bourguiba qui se retourne dans sa tombe !\"}]},{\"@type\":\"WebSite\",\"@id\":\"https:\\\/\\\/www.webdo.tn\\\/fr\\\/#website\",\"url\":\"https:\\\/\\\/www.webdo.tn\\\/fr\\\/\",\"name\":\"webdo\",\"description\":\"Tunisie - News en Tunisie et \u00e0 l&#039;international sur Webdo.tn\",\"publisher\":{\"@id\":\"https:\\\/\\\/www.webdo.tn\\\/fr\\\/#organization\"},\"potentialAction\":[{\"@type\":\"SearchAction\",\"target\":{\"@type\":\"EntryPoint\",\"urlTemplate\":\"https:\\\/\\\/www.webdo.tn\\\/fr\\\/?s={search_term_string}\"},\"query-input\":{\"@type\":\"PropertyValueSpecification\",\"valueRequired\":true,\"valueName\":\"search_term_string\"}}],\"inLanguage\":\"fr-FR\"},{\"@type\":\"Organization\",\"@id\":\"https:\\\/\\\/www.webdo.tn\\\/fr\\\/#organization\",\"name\":\"Webdo\",\"alternateName\":\"Webdo.tn\",\"url\":\"https:\\\/\\\/www.webdo.tn\\\/fr\\\/\",\"logo\":{\"@type\":\"ImageObject\",\"inLanguage\":\"fr-FR\",\"@id\":\"https:\\\/\\\/www.webdo.tn\\\/fr\\\/#\\\/schema\\\/logo\\\/image\\\/\",\"url\":\"https:\\\/\\\/www.webdo.tn\\\/fr\\\/wp-content\\\/uploads\\\/2025\\\/06\\\/Webdo-Tunisie_168377.jpg\",\"contentUrl\":\"https:\\\/\\\/www.webdo.tn\\\/fr\\\/wp-content\\\/uploads\\\/2025\\\/06\\\/Webdo-Tunisie_168377.jpg\",\"width\":301,\"height\":301,\"caption\":\"Webdo\"},\"image\":{\"@id\":\"https:\\\/\\\/www.webdo.tn\\\/fr\\\/#\\\/schema\\\/logo\\\/image\\\/\"},\"sameAs\":[\"https:\\\/\\\/www.facebook.com\\\/webdotn\",\"https:\\\/\\\/x.com\\\/webdo_tn\"],\"description\":\"Webdo est un m\u00e9dia num\u00e9rique tunisien fond\u00e9 en 2010, sp\u00e9cialis\u00e9 dans l\u2019actualit\u00e9 nationale et internationale, l\u2019\u00e9conomie, la soci\u00e9t\u00e9 et les analyses politiques. Le site s\u2019adresse \u00e0 un large public francophone et couvre l\u2019information tunisienne en temps r\u00e9el.\",\"email\":\"redac@webdo.tn\",\"legalName\":\"YNJ SARL\",\"foundingDate\":\"2010-09-06\",\"numberOfEmployees\":{\"@type\":\"QuantitativeValue\",\"minValue\":\"11\",\"maxValue\":\"50\"}},{\"@type\":\"Person\",\"@id\":\"https:\\\/\\\/www.webdo.tn\\\/fr\\\/#\\\/schema\\\/person\\\/6bc0beba2cd23aec27cb5df85ca2554f\",\"name\":\"Hatem Bourial\",\"image\":{\"@type\":\"ImageObject\",\"inLanguage\":\"fr-FR\",\"@id\":\"https:\\\/\\\/www.webdo.tn\\\/fr\\\/wp-content\\\/uploads\\\/2026\\\/04\\\/hatem-bourial_avatar-96x96.jpg\",\"url\":\"https:\\\/\\\/www.webdo.tn\\\/fr\\\/wp-content\\\/uploads\\\/2026\\\/04\\\/hatem-bourial_avatar-96x96.jpg\",\"contentUrl\":\"https:\\\/\\\/www.webdo.tn\\\/fr\\\/wp-content\\\/uploads\\\/2026\\\/04\\\/hatem-bourial_avatar-96x96.jpg\",\"caption\":\"Hatem Bourial\"},\"description\":\"Hatem Bourial est journaliste, \u00e9crivain et chroniqueur tunisien. Actif depuis plusieurs d\u00e9cennies, il s\u2019est impos\u00e9 comme un observateur attentif de la soci\u00e9t\u00e9 tunisienne, m\u00ealant dans ses \u00e9crits m\u00e9moire, culture et analyse du quotidien. Auteur de nombreux ouvrages, il d\u00e9veloppe une \u0153uvre \u00e0 la crois\u00e9e du r\u00e9cit, de la po\u00e9sie et de l\u2019observation sociologique. Parall\u00e8lement \u00e0 ses contributions dans la presse, il intervient r\u00e9guli\u00e8rement \u00e0 la radio et dans des espaces culturels, o\u00f9 il explore les enjeux li\u00e9s au patrimoine, \u00e0 l\u2019identit\u00e9 et aux transformations du monde contemporain. \u00c0 travers ses chroniques, Hatem Bourial propose une lecture sensible et approfondie de l\u2019actualit\u00e9, nourrie par une exp\u00e9rience journalistique et litt\u00e9raire reconnue. \ud83d\udd17 Facebook : https:\\\/\\\/www.facebook.com\\\/hatem.bourial.2025\",\"sameAs\":[\"https:\\\/\\\/www.facebook.com\\\/hatem.bourial.2025\",\"https:\\\/\\\/fr.wikipedia.org\\\/wiki\\\/Fichier:Hatem_Bourial.jpg\"],\"knowsAbout\":[\"Culture & patrimoine tunisien\",\"Chronique soci\u00e9tale\",\"Litt\u00e9rature & m\u00e9moire\",\"Cin\u00e9ma & critique culturelle\",\"Identit\u00e9 & mutations sociales\"],\"knowsLanguage\":[\"Arabe\",\"Fran\u00e7ais\",\"Anglais\",\"Italien\",\"Polonais\"],\"jobTitle\":\"Journaliste, \u00e9crivain et chroniqueur culturel\",\"worksFor\":\"Webdo\",\"url\":\"https:\\\/\\\/www.webdo.tn\\\/fr\\\/actualite\\\/author\\\/hatem-bourial-2\\\/\"}]}<\/script>\n<!-- \/ Yoast SEO Premium plugin. -->","yoast_head_json":{"title":"S\u00e9ismes \u00e0 Monastir - C'est probablement Bourguiba qui se retourne dans sa tombe !","description":"S\u00e9ismes \u00e0 Monastir - C'est probablement Bourguiba qui se retourne dans sa tombe !","canonical":"https:\/\/www.webdo.tn\/fr\/actualite\/chroniques\/seismes-a-monastir-cest-probablement-bourguiba-qui-se-retourne-dans-sa-tombe\/186874\/","og_locale":"fr_FR","og_type":"article","og_title":"S\u00e9ismes \u00e0 Monastir - C'est probablement Bourguiba qui se retourne dans sa tombe !","og_description":"S\u00e9ismes \u00e0 Monastir - C'est probablement Bourguiba qui se retourne dans sa tombe !","og_url":"https:\/\/www.webdo.tn\/fr\/actualite\/chroniques\/seismes-a-monastir-cest-probablement-bourguiba-qui-se-retourne-dans-sa-tombe\/186874\/","og_site_name":"webdo","article_publisher":"https:\/\/www.facebook.com\/webdotn","article_author":"https:\/\/www.facebook.com\/hatem.bourial.2025","article_published_time":"2013-10-22T10:59:00+00:00","og_image":[{"width":241,"height":300,"url":"https:\/\/www.webdo.tn\/fr\/wp-content\/uploads\/2013\/10\/Bourguiba.jpg","type":"image\/jpeg"}],"author":"Hatem Bourial","twitter_card":"summary_large_image","twitter_creator":"@webdo_tn","twitter_site":"@webdo_tn","twitter_misc":{"\u00c9crit par":"Hatem Bourial","Dur\u00e9e de lecture estim\u00e9e":"1 minute"},"schema":{"@context":"https:\/\/schema.org","@graph":[{"@type":"NewsArticle","@id":"https:\/\/www.webdo.tn\/fr\/actualite\/chroniques\/seismes-a-monastir-cest-probablement-bourguiba-qui-se-retourne-dans-sa-tombe\/186874\/#article","isPartOf":{"@id":"https:\/\/www.webdo.tn\/fr\/actualite\/chroniques\/seismes-a-monastir-cest-probablement-bourguiba-qui-se-retourne-dans-sa-tombe\/186874\/"},"author":{"name":"Hatem Bourial","@id":"https:\/\/www.webdo.tn\/fr\/#\/schema\/person\/6bc0beba2cd23aec27cb5df85ca2554f"},"headline":"S\u00e9ismes \u00e0 Monastir &#8211; C&rsquo;est probablement Bourguiba qui se retourne dans sa tombe !","datePublished":"2013-10-22T10:59:00+00:00","mainEntityOfPage":{"@id":"https:\/\/www.webdo.tn\/fr\/actualite\/chroniques\/seismes-a-monastir-cest-probablement-bourguiba-qui-se-retourne-dans-sa-tombe\/186874\/"},"wordCount":238,"commentCount":0,"publisher":{"@id":"https:\/\/www.webdo.tn\/fr\/#organization"},"image":{"@id":"https:\/\/www.webdo.tn\/fr\/actualite\/chroniques\/seismes-a-monastir-cest-probablement-bourguiba-qui-se-retourne-dans-sa-tombe\/186874\/#primaryimage"},"thumbnailUrl":"https:\/\/www.webdo.tn\/fr\/wp-content\/uploads\/2013\/10\/Bourguiba.jpg","keywords":["guerre"],"articleSection":["Chroniques"],"inLanguage":"fr-FR"},{"@type":"WebPage","@id":"https:\/\/www.webdo.tn\/fr\/actualite\/chroniques\/seismes-a-monastir-cest-probablement-bourguiba-qui-se-retourne-dans-sa-tombe\/186874\/","url":"https:\/\/www.webdo.tn\/fr\/actualite\/chroniques\/seismes-a-monastir-cest-probablement-bourguiba-qui-se-retourne-dans-sa-tombe\/186874\/","name":"S\u00e9ismes \u00e0 Monastir - C'est probablement Bourguiba qui se retourne dans sa tombe !","isPartOf":{"@id":"https:\/\/www.webdo.tn\/fr\/#website"},"primaryImageOfPage":{"@id":"https:\/\/www.webdo.tn\/fr\/actualite\/chroniques\/seismes-a-monastir-cest-probablement-bourguiba-qui-se-retourne-dans-sa-tombe\/186874\/#primaryimage"},"image":{"@id":"https:\/\/www.webdo.tn\/fr\/actualite\/chroniques\/seismes-a-monastir-cest-probablement-bourguiba-qui-se-retourne-dans-sa-tombe\/186874\/#primaryimage"},"thumbnailUrl":"https:\/\/www.webdo.tn\/fr\/wp-content\/uploads\/2013\/10\/Bourguiba.jpg","datePublished":"2013-10-22T10:59:00+00:00","description":"S\u00e9ismes \u00e0 Monastir - C'est probablement Bourguiba qui se retourne dans sa tombe !","breadcrumb":{"@id":"https:\/\/www.webdo.tn\/fr\/actualite\/chroniques\/seismes-a-monastir-cest-probablement-bourguiba-qui-se-retourne-dans-sa-tombe\/186874\/#breadcrumb"},"inLanguage":"fr-FR","potentialAction":[{"@type":"ReadAction","target":["https:\/\/www.webdo.tn\/fr\/actualite\/chroniques\/seismes-a-monastir-cest-probablement-bourguiba-qui-se-retourne-dans-sa-tombe\/186874\/"]}]},{"@type":"ImageObject","inLanguage":"fr-FR","@id":"https:\/\/www.webdo.tn\/fr\/actualite\/chroniques\/seismes-a-monastir-cest-probablement-bourguiba-qui-se-retourne-dans-sa-tombe\/186874\/#primaryimage","url":"https:\/\/www.webdo.tn\/fr\/wp-content\/uploads\/2013\/10\/Bourguiba.jpg","contentUrl":"https:\/\/www.webdo.tn\/fr\/wp-content\/uploads\/2013\/10\/Bourguiba.jpg","width":241,"height":300,"caption":"S\u00e9ismes \u00e0 Monastir - C'est probablement Bourguiba qui se retourne dans sa tombe !"},{"@type":"BreadcrumbList","@id":"https:\/\/www.webdo.tn\/fr\/actualite\/chroniques\/seismes-a-monastir-cest-probablement-bourguiba-qui-se-retourne-dans-sa-tombe\/186874\/#breadcrumb","itemListElement":[{"@type":"ListItem","position":1,"name":"Accueil","item":"https:\/\/www.webdo.tn\/fr\/"},{"@type":"ListItem","position":2,"name":"S\u00e9ismes \u00e0 Monastir &#8211; C&#8217;est probablement Bourguiba qui se retourne dans sa tombe !"}]},{"@type":"WebSite","@id":"https:\/\/www.webdo.tn\/fr\/#website","url":"https:\/\/www.webdo.tn\/fr\/","name":"webdo","description":"Tunisie - News en Tunisie et \u00e0 l&#039;international sur Webdo.tn","publisher":{"@id":"https:\/\/www.webdo.tn\/fr\/#organization"},"potentialAction":[{"@type":"SearchAction","target":{"@type":"EntryPoint","urlTemplate":"https:\/\/www.webdo.tn\/fr\/?s={search_term_string}"},"query-input":{"@type":"PropertyValueSpecification","valueRequired":true,"valueName":"search_term_string"}}],"inLanguage":"fr-FR"},{"@type":"Organization","@id":"https:\/\/www.webdo.tn\/fr\/#organization","name":"Webdo","alternateName":"Webdo.tn","url":"https:\/\/www.webdo.tn\/fr\/","logo":{"@type":"ImageObject","inLanguage":"fr-FR","@id":"https:\/\/www.webdo.tn\/fr\/#\/schema\/logo\/image\/","url":"https:\/\/www.webdo.tn\/fr\/wp-content\/uploads\/2025\/06\/Webdo-Tunisie_168377.jpg","contentUrl":"https:\/\/www.webdo.tn\/fr\/wp-content\/uploads\/2025\/06\/Webdo-Tunisie_168377.jpg","width":301,"height":301,"caption":"Webdo"},"image":{"@id":"https:\/\/www.webdo.tn\/fr\/#\/schema\/logo\/image\/"},"sameAs":["https:\/\/www.facebook.com\/webdotn","https:\/\/x.com\/webdo_tn"],"description":"Webdo est un m\u00e9dia num\u00e9rique tunisien fond\u00e9 en 2010, sp\u00e9cialis\u00e9 dans l\u2019actualit\u00e9 nationale et internationale, l\u2019\u00e9conomie, la soci\u00e9t\u00e9 et les analyses politiques. Le site s\u2019adresse \u00e0 un large public francophone et couvre l\u2019information tunisienne en temps r\u00e9el.","email":"redac@webdo.tn","legalName":"YNJ SARL","foundingDate":"2010-09-06","numberOfEmployees":{"@type":"QuantitativeValue","minValue":"11","maxValue":"50"}},{"@type":"Person","@id":"https:\/\/www.webdo.tn\/fr\/#\/schema\/person\/6bc0beba2cd23aec27cb5df85ca2554f","name":"Hatem Bourial","image":{"@type":"ImageObject","inLanguage":"fr-FR","@id":"https:\/\/www.webdo.tn\/fr\/wp-content\/uploads\/2026\/04\/hatem-bourial_avatar-96x96.jpg","url":"https:\/\/www.webdo.tn\/fr\/wp-content\/uploads\/2026\/04\/hatem-bourial_avatar-96x96.jpg","contentUrl":"https:\/\/www.webdo.tn\/fr\/wp-content\/uploads\/2026\/04\/hatem-bourial_avatar-96x96.jpg","caption":"Hatem Bourial"},"description":"Hatem Bourial est journaliste, \u00e9crivain et chroniqueur tunisien. Actif depuis plusieurs d\u00e9cennies, il s\u2019est impos\u00e9 comme un observateur attentif de la soci\u00e9t\u00e9 tunisienne, m\u00ealant dans ses \u00e9crits m\u00e9moire, culture et analyse du quotidien. Auteur de nombreux ouvrages, il d\u00e9veloppe une \u0153uvre \u00e0 la crois\u00e9e du r\u00e9cit, de la po\u00e9sie et de l\u2019observation sociologique. Parall\u00e8lement \u00e0 ses contributions dans la presse, il intervient r\u00e9guli\u00e8rement \u00e0 la radio et dans des espaces culturels, o\u00f9 il explore les enjeux li\u00e9s au patrimoine, \u00e0 l\u2019identit\u00e9 et aux transformations du monde contemporain. \u00c0 travers ses chroniques, Hatem Bourial propose une lecture sensible et approfondie de l\u2019actualit\u00e9, nourrie par une exp\u00e9rience journalistique et litt\u00e9raire reconnue. \ud83d\udd17 Facebook : https:\/\/www.facebook.com\/hatem.bourial.2025","sameAs":["https:\/\/www.facebook.com\/hatem.bourial.2025","https:\/\/fr.wikipedia.org\/wiki\/Fichier:Hatem_Bourial.jpg"],"knowsAbout":["Culture & patrimoine tunisien","Chronique soci\u00e9tale","Litt\u00e9rature & m\u00e9moire","Cin\u00e9ma & critique culturelle","Identit\u00e9 & mutations sociales"],"knowsLanguage":["Arabe","Fran\u00e7ais","Anglais","Italien","Polonais"],"jobTitle":"Journaliste, \u00e9crivain et chroniqueur culturel","worksFor":"Webdo","url":"https:\/\/www.webdo.tn\/fr\/actualite\/author\/hatem-bourial-2\/"}]}},"_links":{"self":[{"href":"https:\/\/www.webdo.tn\/fr\/wp-json\/wp\/v2\/posts\/186874","targetHints":{"allow":["GET"]}}],"collection":[{"href":"https:\/\/www.webdo.tn\/fr\/wp-json\/wp\/v2\/posts"}],"about":[{"href":"https:\/\/www.webdo.tn\/fr\/wp-json\/wp\/v2\/types\/post"}],"author":[{"embeddable":true,"href":"https:\/\/www.webdo.tn\/fr\/wp-json\/wp\/v2\/users\/3229"}],"replies":[{"embeddable":true,"href":"https:\/\/www.webdo.tn\/fr\/wp-json\/wp\/v2\/comments?post=186874"}],"version-history":[{"count":0,"href":"https:\/\/www.webdo.tn\/fr\/wp-json\/wp\/v2\/posts\/186874\/revisions"}],"wp:featuredmedia":[{"embeddable":true,"href":"https:\/\/www.webdo.tn\/fr\/wp-json\/wp\/v2\/media\/334521"}],"wp:attachment":[{"href":"https:\/\/www.webdo.tn\/fr\/wp-json\/wp\/v2\/media?parent=186874"}],"wp:term":[{"taxonomy":"category","embeddable":true,"href":"https:\/\/www.webdo.tn\/fr\/wp-json\/wp\/v2\/categories?post=186874"},{"taxonomy":"post_tag","embeddable":true,"href":"https:\/\/www.webdo.tn\/fr\/wp-json\/wp\/v2\/tags?post=186874"}],"curies":[{"name":"wp","href":"https:\/\/api.w.org\/{rel}","templated":true}]}}