{"id":186873,"date":"2013-10-21T11:27:00","date_gmt":"2013-10-21T09:27:00","guid":{"rendered":"https:\/\/www.webdo.tn\/fr\/actualite\/les-billets-de-hatem-bourial\/champs-libres-le-mufti-de-la-republique-impute-la-menace-terroriste-a-bourguiba-surrealiste\/186873"},"modified":"2013-10-21T11:27:00","modified_gmt":"2013-10-21T09:27:00","slug":"champs-libres-le-mufti-de-la-republique-impute-la-menace-terroriste-a-bourguiba-surrealiste","status":"publish","type":"post","link":"https:\/\/www.webdo.tn\/fr\/actualite\/chroniques\/champs-libres-le-mufti-de-la-republique-impute-la-menace-terroriste-a-bourguiba-surrealiste\/186873\/","title":{"rendered":"Champs libres &#8211; Le mufti de la R\u00e9publique impute la menace terroriste \u00e0 Bourguiba&#8230; Surr\u00e9aliste!"},"content":{"rendered":"<p>Le moins que l&rsquo;on puisse dire, c&rsquo;est que les propos dont nous a gratifi\u00e9 le mufti de la R\u00e9publique dans un extrait radiodiffus\u00e9 sur Mosaique FM, samedi soir, sont incoh\u00e9rents, mena\u00e7ants, voire surr\u00e9alistes.<\/p>\n<p>S&rsquo;exprimant \u00e0 propos des violences de Goubellat, le mufti ayant succ\u00e9d\u00e9 au cheikh Battikh dans des conditions discutables s&rsquo;en est violemment pris \u00e0 Bourguiba et \u00e0 sa politique de modernisation des ann\u00e9es 50-60.<br \/>\nAinsi pour expliquer un fait survenu en 2013 dans une situation politique caract\u00e9ris\u00e9e par l&rsquo;instabilit\u00e9, le mufti \u00e9voque en vrac les rapports de Bourguiba avec le Ramadan ou encore \u00ab\u00a0la destruction\u00a0\u00bb de l&rsquo;universit\u00e9 zeitounienne\u00a0\u00bb.<\/p>\n<p>Ces propos sont graves pour deux raisons. En premier lieu, le mufti est pris ici en flagrant d\u00e9lit de mensonge. Celui qui est sens\u00e9 donner ses avis religieux \u00e0 la R\u00e9publique tunisienne ment sans vergogne et, \u00e0 tout le moins, relit l&rsquo;histoire de mani\u00e8re biais\u00e9e et politiquement engag\u00e9e. Ensuite, il prend des postures et pratique une violence verbale qui sont indignes d&rsquo;un mufti de la R\u00e9publique. A l&rsquo;entendre, on ressent combien la Tunisie avec son islam authentique est en train de sombrer corps et biens. Dire que ce cheikh fulminant, qui ne semble connaitre ni pond\u00e9ration ni pardon, est le bien indigne successeur des muftis exemplaires que furent les Ben Achour, Mohsen et autres Belkadhi. Est-il admissible qu&rsquo;un mufti se livre \u00e0 une lecture fondamentaliste de notre histoire contemporaine?<br \/>\nEst-il admissible qu&rsquo;il quitte sa sph\u00e8re jurisprudentielle pour s&rsquo;ing\u00e9rer de la sorte dans le d\u00e9bat politique, en prenant parti pour les uns contre les autres? Enfin que vient faire Bourguiba dans cette affaire de Goubellat?<br \/>\nD\u00e9cid\u00e9ment, certaines haines ne s&rsquo;\u00e9teignent pas et il est tragique que les propos de notre plus haute instance religieuse soient impr\u00e9gn\u00e9s de cette haine envers Bourguiba qui domine les esprits int\u00e9gristes.<\/p>\n<p>En effet, Bourguiba n&rsquo;a jamais ferm\u00e9 ou d\u00e9truit la Zitouna. L&rsquo;affirmer rel\u00e8ve du mensonge. A l&rsquo;\u00e9poque, pour unifier le syst\u00e8me de l&rsquo;enseignement public, la Zitouna avait \u00e9t\u00e9 transform\u00e9e en facult\u00e9 de th\u00e9ologie et perdue son autonomie historique. D&rsquo;autre part, en ce qui concerne le rapport de Bourguiba au Ramadan, il se comprend lorsque l&rsquo;on se souvient que le fondateur de la R\u00e9publique pr\u00f4nait le jihad contre le sous-d\u00e9veloppement et, par cons\u00e9quent, soutenait que sortir la Tunisie de la pauvret\u00e9 devait \u00eatre le combat de tous m\u00eame s&rsquo;il fallait lui sacrifier le je\u00fbne rituel.<\/p>\n<p>Quelle mouche a donc piqu\u00e9 le mufti pour qu&rsquo;il se livre \u00e0 pareilles extrapolations? Evoquerait-il Bourguiba dans le contexte de Goubellat juste pour le d\u00e9signer comme racine lointaine du terrorisme qui nous menace? Ou bien ce faisant, cherche-t-il \u00e0 \u00e9loigner les regards d&rsquo;Ennahdha et du CPR et de leur gestion d\u00e9sastreuse du dossier s\u00e9curitaire? Agit-il plut\u00f4t en porte-voix des th\u00e8ses du wahabite Ibn Taymia qui pratique ces amalgames pour discr\u00e9diter les pouvoirs s\u00e9culiers? Notre mufti aurait-il tourn\u00e9 le dos au malekisme?<\/p>\n<p>Et que vient faire un mufti dans cette foire d&#8217;empoigne politique? Car ce que mes oreilles ont entendu est pour le simple citoyen que je suis indigne d&rsquo;un responsable du culte et fort \u00e9loign\u00e9 de l&rsquo;id\u00e9e que je me fais de la fonction du mufti?<\/p>\n<p>Mais, alors que la Tunisie marche sur les mains et que ses responsables politiques sont aux abois, que peut-on attendre de positif? D&rsquo;ailleurs cette derni\u00e8re saillie du mufti ne ressemble-t-elle pas, dans le proc\u00e9d\u00e9, aux nombreuses d\u00e9clarations fulminantes de l&rsquo;actuel imam auto-proclam\u00e9 de la v\u00e9n\u00e9rable Zitouna? Qu&rsquo;ajouter sinon que les wahabites ne se cachent plus, et ayant investi les rouages du culte, n&rsquo;h\u00e9sitent plus \u00e0 sortir du bois pour semer la haine et les graines de la violence&#8230;<\/p>\n","protected":false},"excerpt":{"rendered":"<p>Le moins que l&rsquo;on puisse dire, c&rsquo;est que les propos dont nous a gratifi\u00e9 le mufti de la R\u00e9publique dans un extrait radiodiffus\u00e9 sur Mosaique FM, samedi <\/p>\n","protected":false},"author":3229,"featured_media":374139,"comment_status":"open","ping_status":"open","sticky":false,"template":"","format":"standard","meta":{"footnotes":""},"categories":[2596],"tags":[],"class_list":["post-186873","post","type-post","status-publish","format-standard","has-post-thumbnail","hentry","category-chroniques"],"yoast_head":"<!-- This site is optimized with the Yoast SEO Premium plugin v27.5 (Yoast SEO v27.5) - https:\/\/yoast.com\/product\/yoast-seo-premium-wordpress\/ -->\n<title>Champs libres - Le mufti de la R\u00e9publique impute la menace terroriste \u00e0 Bourguiba... Surr\u00e9aliste!<\/title>\n<meta name=\"description\" content=\"Champs libres - Le mufti de la R\u00e9publique impute la menace terroriste \u00e0 Bourguiba... Surr\u00e9aliste!\" \/>\n<link rel=\"canonical\" href=\"https:\/\/www.webdo.tn\/fr\/actualite\/chroniques\/champs-libres-le-mufti-de-la-republique-impute-la-menace-terroriste-a-bourguiba-surrealiste\/186873\/\" \/>\n<meta property=\"og:locale\" content=\"fr_FR\" \/>\n<meta property=\"og:type\" content=\"article\" \/>\n<meta property=\"og:title\" content=\"Champs libres - Le mufti de la R\u00e9publique impute la menace terroriste \u00e0 Bourguiba... Surr\u00e9aliste!\" \/>\n<meta property=\"og:description\" content=\"Champs libres - Le mufti de la R\u00e9publique impute la menace terroriste \u00e0 Bourguiba... Surr\u00e9aliste!\" \/>\n<meta property=\"og:url\" content=\"https:\/\/www.webdo.tn\/fr\/actualite\/chroniques\/champs-libres-le-mufti-de-la-republique-impute-la-menace-terroriste-a-bourguiba-surrealiste\/186873\/\" \/>\n<meta property=\"og:site_name\" content=\"webdo\" \/>\n<meta property=\"article:publisher\" content=\"https:\/\/www.facebook.com\/webdotn\" \/>\n<meta property=\"article:author\" content=\"https:\/\/www.facebook.com\/hatem.bourial.2025\" \/>\n<meta property=\"article:published_time\" content=\"2013-10-21T09:27:00+00:00\" \/>\n<meta name=\"author\" content=\"Hatem Bourial\" \/>\n<meta name=\"twitter:card\" content=\"summary_large_image\" \/>\n<meta name=\"twitter:creator\" content=\"@webdo_tn\" \/>\n<meta name=\"twitter:site\" content=\"@webdo_tn\" \/>\n<meta name=\"twitter:label1\" content=\"\u00c9crit par\" \/>\n\t<meta name=\"twitter:data1\" content=\"Hatem Bourial\" \/>\n\t<meta name=\"twitter:label2\" content=\"Dur\u00e9e de lecture estim\u00e9e\" \/>\n\t<meta name=\"twitter:data2\" content=\"3 minutes\" \/>\n<script type=\"application\/ld+json\" class=\"yoast-schema-graph\">{\"@context\":\"https:\\\/\\\/schema.org\",\"@graph\":[{\"@type\":\"NewsArticle\",\"@id\":\"https:\\\/\\\/www.webdo.tn\\\/fr\\\/actualite\\\/chroniques\\\/champs-libres-le-mufti-de-la-republique-impute-la-menace-terroriste-a-bourguiba-surrealiste\\\/186873\\\/#article\",\"isPartOf\":{\"@id\":\"https:\\\/\\\/www.webdo.tn\\\/fr\\\/actualite\\\/chroniques\\\/champs-libres-le-mufti-de-la-republique-impute-la-menace-terroriste-a-bourguiba-surrealiste\\\/186873\\\/\"},\"author\":{\"name\":\"Hatem Bourial\",\"@id\":\"https:\\\/\\\/www.webdo.tn\\\/fr\\\/#\\\/schema\\\/person\\\/6bc0beba2cd23aec27cb5df85ca2554f\"},\"headline\":\"Champs libres &#8211; Le mufti de la R\u00e9publique impute la menace terroriste \u00e0 Bourguiba&#8230; Surr\u00e9aliste!\",\"datePublished\":\"2013-10-21T09:27:00+00:00\",\"mainEntityOfPage\":{\"@id\":\"https:\\\/\\\/www.webdo.tn\\\/fr\\\/actualite\\\/chroniques\\\/champs-libres-le-mufti-de-la-republique-impute-la-menace-terroriste-a-bourguiba-surrealiste\\\/186873\\\/\"},\"wordCount\":675,\"commentCount\":0,\"publisher\":{\"@id\":\"https:\\\/\\\/www.webdo.tn\\\/fr\\\/#organization\"},\"image\":{\"@id\":\"https:\\\/\\\/www.webdo.tn\\\/fr\\\/actualite\\\/chroniques\\\/champs-libres-le-mufti-de-la-republique-impute-la-menace-terroriste-a-bourguiba-surrealiste\\\/186873\\\/#primaryimage\"},\"thumbnailUrl\":\"https:\\\/\\\/www.webdo.tn\\\/fr\\\/wp-content\\\/uploads\\\/2025\\\/06\\\/Hamda-Saiid_186873.jpg\",\"articleSection\":[\"Chroniques\"],\"inLanguage\":\"fr-FR\"},{\"@type\":\"WebPage\",\"@id\":\"https:\\\/\\\/www.webdo.tn\\\/fr\\\/actualite\\\/chroniques\\\/champs-libres-le-mufti-de-la-republique-impute-la-menace-terroriste-a-bourguiba-surrealiste\\\/186873\\\/\",\"url\":\"https:\\\/\\\/www.webdo.tn\\\/fr\\\/actualite\\\/chroniques\\\/champs-libres-le-mufti-de-la-republique-impute-la-menace-terroriste-a-bourguiba-surrealiste\\\/186873\\\/\",\"name\":\"Champs libres - Le mufti de la R\u00e9publique impute la menace terroriste \u00e0 Bourguiba... Surr\u00e9aliste!\",\"isPartOf\":{\"@id\":\"https:\\\/\\\/www.webdo.tn\\\/fr\\\/#website\"},\"primaryImageOfPage\":{\"@id\":\"https:\\\/\\\/www.webdo.tn\\\/fr\\\/actualite\\\/chroniques\\\/champs-libres-le-mufti-de-la-republique-impute-la-menace-terroriste-a-bourguiba-surrealiste\\\/186873\\\/#primaryimage\"},\"image\":{\"@id\":\"https:\\\/\\\/www.webdo.tn\\\/fr\\\/actualite\\\/chroniques\\\/champs-libres-le-mufti-de-la-republique-impute-la-menace-terroriste-a-bourguiba-surrealiste\\\/186873\\\/#primaryimage\"},\"thumbnailUrl\":\"https:\\\/\\\/www.webdo.tn\\\/fr\\\/wp-content\\\/uploads\\\/2025\\\/06\\\/Hamda-Saiid_186873.jpg\",\"datePublished\":\"2013-10-21T09:27:00+00:00\",\"description\":\"Champs libres - Le mufti de la R\u00e9publique impute la menace terroriste \u00e0 Bourguiba... Surr\u00e9aliste!\",\"breadcrumb\":{\"@id\":\"https:\\\/\\\/www.webdo.tn\\\/fr\\\/actualite\\\/chroniques\\\/champs-libres-le-mufti-de-la-republique-impute-la-menace-terroriste-a-bourguiba-surrealiste\\\/186873\\\/#breadcrumb\"},\"inLanguage\":\"fr-FR\",\"potentialAction\":[{\"@type\":\"ReadAction\",\"target\":[\"https:\\\/\\\/www.webdo.tn\\\/fr\\\/actualite\\\/chroniques\\\/champs-libres-le-mufti-de-la-republique-impute-la-menace-terroriste-a-bourguiba-surrealiste\\\/186873\\\/\"]}]},{\"@type\":\"ImageObject\",\"inLanguage\":\"fr-FR\",\"@id\":\"https:\\\/\\\/www.webdo.tn\\\/fr\\\/actualite\\\/chroniques\\\/champs-libres-le-mufti-de-la-republique-impute-la-menace-terroriste-a-bourguiba-surrealiste\\\/186873\\\/#primaryimage\",\"url\":\"https:\\\/\\\/www.webdo.tn\\\/fr\\\/wp-content\\\/uploads\\\/2025\\\/06\\\/Hamda-Saiid_186873.jpg\",\"contentUrl\":\"https:\\\/\\\/www.webdo.tn\\\/fr\\\/wp-content\\\/uploads\\\/2025\\\/06\\\/Hamda-Saiid_186873.jpg\",\"width\":296,\"height\":200,\"caption\":\"Champs libres - Le mufti de la R\u00e9publique impute la menace terroriste \u00e0 Bourguiba... Surr\u00e9aliste!\"},{\"@type\":\"BreadcrumbList\",\"@id\":\"https:\\\/\\\/www.webdo.tn\\\/fr\\\/actualite\\\/chroniques\\\/champs-libres-le-mufti-de-la-republique-impute-la-menace-terroriste-a-bourguiba-surrealiste\\\/186873\\\/#breadcrumb\",\"itemListElement\":[{\"@type\":\"ListItem\",\"position\":1,\"name\":\"Accueil\",\"item\":\"https:\\\/\\\/www.webdo.tn\\\/fr\\\/\"},{\"@type\":\"ListItem\",\"position\":2,\"name\":\"Champs libres &#8211; Le mufti de la R\u00e9publique impute la menace terroriste \u00e0 Bourguiba&#8230; Surr\u00e9aliste!\"}]},{\"@type\":\"WebSite\",\"@id\":\"https:\\\/\\\/www.webdo.tn\\\/fr\\\/#website\",\"url\":\"https:\\\/\\\/www.webdo.tn\\\/fr\\\/\",\"name\":\"webdo\",\"description\":\"Tunisie - News en Tunisie et \u00e0 l&#039;international sur Webdo.tn\",\"publisher\":{\"@id\":\"https:\\\/\\\/www.webdo.tn\\\/fr\\\/#organization\"},\"potentialAction\":[{\"@type\":\"SearchAction\",\"target\":{\"@type\":\"EntryPoint\",\"urlTemplate\":\"https:\\\/\\\/www.webdo.tn\\\/fr\\\/?s={search_term_string}\"},\"query-input\":{\"@type\":\"PropertyValueSpecification\",\"valueRequired\":true,\"valueName\":\"search_term_string\"}}],\"inLanguage\":\"fr-FR\"},{\"@type\":\"Organization\",\"@id\":\"https:\\\/\\\/www.webdo.tn\\\/fr\\\/#organization\",\"name\":\"Webdo\",\"alternateName\":\"Webdo.tn\",\"url\":\"https:\\\/\\\/www.webdo.tn\\\/fr\\\/\",\"logo\":{\"@type\":\"ImageObject\",\"inLanguage\":\"fr-FR\",\"@id\":\"https:\\\/\\\/www.webdo.tn\\\/fr\\\/#\\\/schema\\\/logo\\\/image\\\/\",\"url\":\"https:\\\/\\\/www.webdo.tn\\\/fr\\\/wp-content\\\/uploads\\\/2025\\\/06\\\/Webdo-Tunisie_168377.jpg\",\"contentUrl\":\"https:\\\/\\\/www.webdo.tn\\\/fr\\\/wp-content\\\/uploads\\\/2025\\\/06\\\/Webdo-Tunisie_168377.jpg\",\"width\":301,\"height\":301,\"caption\":\"Webdo\"},\"image\":{\"@id\":\"https:\\\/\\\/www.webdo.tn\\\/fr\\\/#\\\/schema\\\/logo\\\/image\\\/\"},\"sameAs\":[\"https:\\\/\\\/www.facebook.com\\\/webdotn\",\"https:\\\/\\\/x.com\\\/webdo_tn\"],\"description\":\"Webdo est un m\u00e9dia num\u00e9rique tunisien fond\u00e9 en 2010, sp\u00e9cialis\u00e9 dans l\u2019actualit\u00e9 nationale et internationale, l\u2019\u00e9conomie, la soci\u00e9t\u00e9 et les analyses politiques. Le site s\u2019adresse \u00e0 un large public francophone et couvre l\u2019information tunisienne en temps r\u00e9el.\",\"email\":\"redac@webdo.tn\",\"legalName\":\"YNJ SARL\",\"foundingDate\":\"2010-09-06\",\"numberOfEmployees\":{\"@type\":\"QuantitativeValue\",\"minValue\":\"11\",\"maxValue\":\"50\"}},{\"@type\":\"Person\",\"@id\":\"https:\\\/\\\/www.webdo.tn\\\/fr\\\/#\\\/schema\\\/person\\\/6bc0beba2cd23aec27cb5df85ca2554f\",\"name\":\"Hatem Bourial\",\"image\":{\"@type\":\"ImageObject\",\"inLanguage\":\"fr-FR\",\"@id\":\"https:\\\/\\\/www.webdo.tn\\\/fr\\\/wp-content\\\/uploads\\\/2026\\\/04\\\/hatem-bourial_avatar-96x96.jpg\",\"url\":\"https:\\\/\\\/www.webdo.tn\\\/fr\\\/wp-content\\\/uploads\\\/2026\\\/04\\\/hatem-bourial_avatar-96x96.jpg\",\"contentUrl\":\"https:\\\/\\\/www.webdo.tn\\\/fr\\\/wp-content\\\/uploads\\\/2026\\\/04\\\/hatem-bourial_avatar-96x96.jpg\",\"caption\":\"Hatem Bourial\"},\"description\":\"Hatem Bourial est journaliste, \u00e9crivain et chroniqueur tunisien. Actif depuis plusieurs d\u00e9cennies, il s\u2019est impos\u00e9 comme un observateur attentif de la soci\u00e9t\u00e9 tunisienne, m\u00ealant dans ses \u00e9crits m\u00e9moire, culture et analyse du quotidien. Auteur de nombreux ouvrages, il d\u00e9veloppe une \u0153uvre \u00e0 la crois\u00e9e du r\u00e9cit, de la po\u00e9sie et de l\u2019observation sociologique. Parall\u00e8lement \u00e0 ses contributions dans la presse, il intervient r\u00e9guli\u00e8rement \u00e0 la radio et dans des espaces culturels, o\u00f9 il explore les enjeux li\u00e9s au patrimoine, \u00e0 l\u2019identit\u00e9 et aux transformations du monde contemporain. \u00c0 travers ses chroniques, Hatem Bourial propose une lecture sensible et approfondie de l\u2019actualit\u00e9, nourrie par une exp\u00e9rience journalistique et litt\u00e9raire reconnue. \ud83d\udd17 Facebook : https:\\\/\\\/www.facebook.com\\\/hatem.bourial.2025\",\"sameAs\":[\"https:\\\/\\\/www.facebook.com\\\/hatem.bourial.2025\",\"https:\\\/\\\/fr.wikipedia.org\\\/wiki\\\/Fichier:Hatem_Bourial.jpg\"],\"knowsAbout\":[\"Culture & patrimoine tunisien\",\"Chronique soci\u00e9tale\",\"Litt\u00e9rature & m\u00e9moire\",\"Cin\u00e9ma & critique culturelle\",\"Identit\u00e9 & mutations sociales\"],\"knowsLanguage\":[\"Arabe\",\"Fran\u00e7ais\",\"Anglais\",\"Italien\",\"Polonais\"],\"jobTitle\":\"Journaliste, \u00e9crivain et chroniqueur culturel\",\"worksFor\":\"Webdo\",\"url\":\"https:\\\/\\\/www.webdo.tn\\\/fr\\\/actualite\\\/author\\\/hatem-bourial-2\\\/\"}]}<\/script>\n<!-- \/ Yoast SEO Premium plugin. -->","yoast_head_json":{"title":"Champs libres - Le mufti de la R\u00e9publique impute la menace terroriste \u00e0 Bourguiba... Surr\u00e9aliste!","description":"Champs libres - Le mufti de la R\u00e9publique impute la menace terroriste \u00e0 Bourguiba... Surr\u00e9aliste!","canonical":"https:\/\/www.webdo.tn\/fr\/actualite\/chroniques\/champs-libres-le-mufti-de-la-republique-impute-la-menace-terroriste-a-bourguiba-surrealiste\/186873\/","og_locale":"fr_FR","og_type":"article","og_title":"Champs libres - Le mufti de la R\u00e9publique impute la menace terroriste \u00e0 Bourguiba... Surr\u00e9aliste!","og_description":"Champs libres - Le mufti de la R\u00e9publique impute la menace terroriste \u00e0 Bourguiba... Surr\u00e9aliste!","og_url":"https:\/\/www.webdo.tn\/fr\/actualite\/chroniques\/champs-libres-le-mufti-de-la-republique-impute-la-menace-terroriste-a-bourguiba-surrealiste\/186873\/","og_site_name":"webdo","article_publisher":"https:\/\/www.facebook.com\/webdotn","article_author":"https:\/\/www.facebook.com\/hatem.bourial.2025","article_published_time":"2013-10-21T09:27:00+00:00","author":"Hatem Bourial","twitter_card":"summary_large_image","twitter_creator":"@webdo_tn","twitter_site":"@webdo_tn","twitter_misc":{"\u00c9crit par":"Hatem Bourial","Dur\u00e9e de lecture estim\u00e9e":"3 minutes"},"schema":{"@context":"https:\/\/schema.org","@graph":[{"@type":"NewsArticle","@id":"https:\/\/www.webdo.tn\/fr\/actualite\/chroniques\/champs-libres-le-mufti-de-la-republique-impute-la-menace-terroriste-a-bourguiba-surrealiste\/186873\/#article","isPartOf":{"@id":"https:\/\/www.webdo.tn\/fr\/actualite\/chroniques\/champs-libres-le-mufti-de-la-republique-impute-la-menace-terroriste-a-bourguiba-surrealiste\/186873\/"},"author":{"name":"Hatem Bourial","@id":"https:\/\/www.webdo.tn\/fr\/#\/schema\/person\/6bc0beba2cd23aec27cb5df85ca2554f"},"headline":"Champs libres &#8211; Le mufti de la R\u00e9publique impute la menace terroriste \u00e0 Bourguiba&#8230; Surr\u00e9aliste!","datePublished":"2013-10-21T09:27:00+00:00","mainEntityOfPage":{"@id":"https:\/\/www.webdo.tn\/fr\/actualite\/chroniques\/champs-libres-le-mufti-de-la-republique-impute-la-menace-terroriste-a-bourguiba-surrealiste\/186873\/"},"wordCount":675,"commentCount":0,"publisher":{"@id":"https:\/\/www.webdo.tn\/fr\/#organization"},"image":{"@id":"https:\/\/www.webdo.tn\/fr\/actualite\/chroniques\/champs-libres-le-mufti-de-la-republique-impute-la-menace-terroriste-a-bourguiba-surrealiste\/186873\/#primaryimage"},"thumbnailUrl":"https:\/\/www.webdo.tn\/fr\/wp-content\/uploads\/2025\/06\/Hamda-Saiid_186873.jpg","articleSection":["Chroniques"],"inLanguage":"fr-FR"},{"@type":"WebPage","@id":"https:\/\/www.webdo.tn\/fr\/actualite\/chroniques\/champs-libres-le-mufti-de-la-republique-impute-la-menace-terroriste-a-bourguiba-surrealiste\/186873\/","url":"https:\/\/www.webdo.tn\/fr\/actualite\/chroniques\/champs-libres-le-mufti-de-la-republique-impute-la-menace-terroriste-a-bourguiba-surrealiste\/186873\/","name":"Champs libres - Le mufti de la R\u00e9publique impute la menace terroriste \u00e0 Bourguiba... Surr\u00e9aliste!","isPartOf":{"@id":"https:\/\/www.webdo.tn\/fr\/#website"},"primaryImageOfPage":{"@id":"https:\/\/www.webdo.tn\/fr\/actualite\/chroniques\/champs-libres-le-mufti-de-la-republique-impute-la-menace-terroriste-a-bourguiba-surrealiste\/186873\/#primaryimage"},"image":{"@id":"https:\/\/www.webdo.tn\/fr\/actualite\/chroniques\/champs-libres-le-mufti-de-la-republique-impute-la-menace-terroriste-a-bourguiba-surrealiste\/186873\/#primaryimage"},"thumbnailUrl":"https:\/\/www.webdo.tn\/fr\/wp-content\/uploads\/2025\/06\/Hamda-Saiid_186873.jpg","datePublished":"2013-10-21T09:27:00+00:00","description":"Champs libres - Le mufti de la R\u00e9publique impute la menace terroriste \u00e0 Bourguiba... Surr\u00e9aliste!","breadcrumb":{"@id":"https:\/\/www.webdo.tn\/fr\/actualite\/chroniques\/champs-libres-le-mufti-de-la-republique-impute-la-menace-terroriste-a-bourguiba-surrealiste\/186873\/#breadcrumb"},"inLanguage":"fr-FR","potentialAction":[{"@type":"ReadAction","target":["https:\/\/www.webdo.tn\/fr\/actualite\/chroniques\/champs-libres-le-mufti-de-la-republique-impute-la-menace-terroriste-a-bourguiba-surrealiste\/186873\/"]}]},{"@type":"ImageObject","inLanguage":"fr-FR","@id":"https:\/\/www.webdo.tn\/fr\/actualite\/chroniques\/champs-libres-le-mufti-de-la-republique-impute-la-menace-terroriste-a-bourguiba-surrealiste\/186873\/#primaryimage","url":"https:\/\/www.webdo.tn\/fr\/wp-content\/uploads\/2025\/06\/Hamda-Saiid_186873.jpg","contentUrl":"https:\/\/www.webdo.tn\/fr\/wp-content\/uploads\/2025\/06\/Hamda-Saiid_186873.jpg","width":296,"height":200,"caption":"Champs libres - Le mufti de la R\u00e9publique impute la menace terroriste \u00e0 Bourguiba... Surr\u00e9aliste!"},{"@type":"BreadcrumbList","@id":"https:\/\/www.webdo.tn\/fr\/actualite\/chroniques\/champs-libres-le-mufti-de-la-republique-impute-la-menace-terroriste-a-bourguiba-surrealiste\/186873\/#breadcrumb","itemListElement":[{"@type":"ListItem","position":1,"name":"Accueil","item":"https:\/\/www.webdo.tn\/fr\/"},{"@type":"ListItem","position":2,"name":"Champs libres &#8211; Le mufti de la R\u00e9publique impute la menace terroriste \u00e0 Bourguiba&#8230; Surr\u00e9aliste!"}]},{"@type":"WebSite","@id":"https:\/\/www.webdo.tn\/fr\/#website","url":"https:\/\/www.webdo.tn\/fr\/","name":"webdo","description":"Tunisie - News en Tunisie et \u00e0 l&#039;international sur Webdo.tn","publisher":{"@id":"https:\/\/www.webdo.tn\/fr\/#organization"},"potentialAction":[{"@type":"SearchAction","target":{"@type":"EntryPoint","urlTemplate":"https:\/\/www.webdo.tn\/fr\/?s={search_term_string}"},"query-input":{"@type":"PropertyValueSpecification","valueRequired":true,"valueName":"search_term_string"}}],"inLanguage":"fr-FR"},{"@type":"Organization","@id":"https:\/\/www.webdo.tn\/fr\/#organization","name":"Webdo","alternateName":"Webdo.tn","url":"https:\/\/www.webdo.tn\/fr\/","logo":{"@type":"ImageObject","inLanguage":"fr-FR","@id":"https:\/\/www.webdo.tn\/fr\/#\/schema\/logo\/image\/","url":"https:\/\/www.webdo.tn\/fr\/wp-content\/uploads\/2025\/06\/Webdo-Tunisie_168377.jpg","contentUrl":"https:\/\/www.webdo.tn\/fr\/wp-content\/uploads\/2025\/06\/Webdo-Tunisie_168377.jpg","width":301,"height":301,"caption":"Webdo"},"image":{"@id":"https:\/\/www.webdo.tn\/fr\/#\/schema\/logo\/image\/"},"sameAs":["https:\/\/www.facebook.com\/webdotn","https:\/\/x.com\/webdo_tn"],"description":"Webdo est un m\u00e9dia num\u00e9rique tunisien fond\u00e9 en 2010, sp\u00e9cialis\u00e9 dans l\u2019actualit\u00e9 nationale et internationale, l\u2019\u00e9conomie, la soci\u00e9t\u00e9 et les analyses politiques. Le site s\u2019adresse \u00e0 un large public francophone et couvre l\u2019information tunisienne en temps r\u00e9el.","email":"redac@webdo.tn","legalName":"YNJ SARL","foundingDate":"2010-09-06","numberOfEmployees":{"@type":"QuantitativeValue","minValue":"11","maxValue":"50"}},{"@type":"Person","@id":"https:\/\/www.webdo.tn\/fr\/#\/schema\/person\/6bc0beba2cd23aec27cb5df85ca2554f","name":"Hatem Bourial","image":{"@type":"ImageObject","inLanguage":"fr-FR","@id":"https:\/\/www.webdo.tn\/fr\/wp-content\/uploads\/2026\/04\/hatem-bourial_avatar-96x96.jpg","url":"https:\/\/www.webdo.tn\/fr\/wp-content\/uploads\/2026\/04\/hatem-bourial_avatar-96x96.jpg","contentUrl":"https:\/\/www.webdo.tn\/fr\/wp-content\/uploads\/2026\/04\/hatem-bourial_avatar-96x96.jpg","caption":"Hatem Bourial"},"description":"Hatem Bourial est journaliste, \u00e9crivain et chroniqueur tunisien. Actif depuis plusieurs d\u00e9cennies, il s\u2019est impos\u00e9 comme un observateur attentif de la soci\u00e9t\u00e9 tunisienne, m\u00ealant dans ses \u00e9crits m\u00e9moire, culture et analyse du quotidien. Auteur de nombreux ouvrages, il d\u00e9veloppe une \u0153uvre \u00e0 la crois\u00e9e du r\u00e9cit, de la po\u00e9sie et de l\u2019observation sociologique. Parall\u00e8lement \u00e0 ses contributions dans la presse, il intervient r\u00e9guli\u00e8rement \u00e0 la radio et dans des espaces culturels, o\u00f9 il explore les enjeux li\u00e9s au patrimoine, \u00e0 l\u2019identit\u00e9 et aux transformations du monde contemporain. \u00c0 travers ses chroniques, Hatem Bourial propose une lecture sensible et approfondie de l\u2019actualit\u00e9, nourrie par une exp\u00e9rience journalistique et litt\u00e9raire reconnue. \ud83d\udd17 Facebook : https:\/\/www.facebook.com\/hatem.bourial.2025","sameAs":["https:\/\/www.facebook.com\/hatem.bourial.2025","https:\/\/fr.wikipedia.org\/wiki\/Fichier:Hatem_Bourial.jpg"],"knowsAbout":["Culture & patrimoine tunisien","Chronique soci\u00e9tale","Litt\u00e9rature & m\u00e9moire","Cin\u00e9ma & critique culturelle","Identit\u00e9 & mutations sociales"],"knowsLanguage":["Arabe","Fran\u00e7ais","Anglais","Italien","Polonais"],"jobTitle":"Journaliste, \u00e9crivain et chroniqueur culturel","worksFor":"Webdo","url":"https:\/\/www.webdo.tn\/fr\/actualite\/author\/hatem-bourial-2\/"}]}},"_links":{"self":[{"href":"https:\/\/www.webdo.tn\/fr\/wp-json\/wp\/v2\/posts\/186873","targetHints":{"allow":["GET"]}}],"collection":[{"href":"https:\/\/www.webdo.tn\/fr\/wp-json\/wp\/v2\/posts"}],"about":[{"href":"https:\/\/www.webdo.tn\/fr\/wp-json\/wp\/v2\/types\/post"}],"author":[{"embeddable":true,"href":"https:\/\/www.webdo.tn\/fr\/wp-json\/wp\/v2\/users\/3229"}],"replies":[{"embeddable":true,"href":"https:\/\/www.webdo.tn\/fr\/wp-json\/wp\/v2\/comments?post=186873"}],"version-history":[{"count":0,"href":"https:\/\/www.webdo.tn\/fr\/wp-json\/wp\/v2\/posts\/186873\/revisions"}],"wp:featuredmedia":[{"embeddable":true,"href":"https:\/\/www.webdo.tn\/fr\/wp-json\/wp\/v2\/media\/374139"}],"wp:attachment":[{"href":"https:\/\/www.webdo.tn\/fr\/wp-json\/wp\/v2\/media?parent=186873"}],"wp:term":[{"taxonomy":"category","embeddable":true,"href":"https:\/\/www.webdo.tn\/fr\/wp-json\/wp\/v2\/categories?post=186873"},{"taxonomy":"post_tag","embeddable":true,"href":"https:\/\/www.webdo.tn\/fr\/wp-json\/wp\/v2\/tags?post=186873"}],"curies":[{"name":"wp","href":"https:\/\/api.w.org\/{rel}","templated":true}]}}