{"id":186872,"date":"2013-10-14T11:24:00","date_gmt":"2013-10-14T11:24:00","guid":{"rendered":"https:\/\/www.webdo.tn\/fr\/blog\/champs-libres-et-maintenant-al-qaida-sinvite-au-dialogue-national\/186872\/"},"modified":"2025-05-22T13:11:16","modified_gmt":"2025-05-22T13:11:16","slug":"champs-libres-et-maintenant-al-qaida-sinvite-au-dialogue-national","status":"publish","type":"post","link":"https:\/\/www.webdo.tn\/fr\/actualite\/chroniques\/champs-libres-et-maintenant-al-qaida-sinvite-au-dialogue-national\/186872\/","title":{"rendered":"Champs libres &#8211; Et maintenant, Al Qa\u00efda s&rsquo;invite&#8230; au dialogue national !"},"content":{"rendered":"<p>Le tr\u00e8s attendu dialogue national semble enfin avoir trouv\u00e9 ses rails, m\u00eame si quelques voix discordantes continuent \u00e0 contester certains de ses aspects alors que d&rsquo;autres doutent encore de la bonne foi de certains participants.<\/p>\n<p>C&rsquo;est ce moment qu&rsquo;a choisi Aymen Zawahiri, chef d&rsquo;Al Qa\u00efda, pour jeter un pav\u00e9 dans les mares \u00e9gyptienne et tunisienne. En effet, selon une d\u00e9claration de Zawahiri, diffus\u00e9e sur des forums jihadistes vendredi, il accuse les islamistes au pouvoir d&rsquo;\u00eatre trop conciliants et \u00e9tablit un parall\u00e8le entre les situations politiques en Tunisie et en Egypte.<\/p>\n<p>Zawahiri appelle ainsi les Egyptiens \u00ab\u00a0\u00e0 se d\u00e9barrasser de la bande criminelle qui s&rsquo;est empar\u00e9e du pouvoir par le feu et le fer\u00a0\u00bb. Dans la foul\u00e9e, il qualifie la situation en Tunisie de \u00ab\u00a0trag\u00e9die\u00a0\u00bb et s&rsquo;inqui\u00e8te des promesses du parti Ennahdha d&rsquo;ouvrir un round de n\u00e9gociations qui pourrait mener \u00e0 la d\u00e9mission du gouvernement.<\/p>\n<p>Le chef d&rsquo;Al Qa\u00efda se place ainsi \u00e0 rebours des objectifs du dialogue national tout en reprochant aux Fr\u00e8res musulmans \u00e9gyptiens et tunisiens de faire trop de concessions, en se laissant pi\u00e9ger par \u00ab\u00a0les mirages de la r\u00e9conciliation\u00a0\u00bb.<\/p>\n<p>Cette prise de position de Zawahiri n&rsquo;est pas anodine, m\u00eame si elle concerne surtout la situation en Egypte qu&rsquo;il qualifie de \u00ab\u00a0guerre contre l&rsquo;Islam\u00a0\u00bb.<br \/>\nEn \u00e9tablissant un parall\u00e8le avec la Tunisie, il laisse entendre que les m\u00eames causes produisent les m\u00eames effets et condamne indirectement le dialogue national.<\/p>\n<p>Ces menaces d&rsquo;Al Qa\u00efda sont doubl\u00e9es d&rsquo;un constat : celui selon lequel les islamistes en Tunisie et en Egypte sont, pour des raisons de strat\u00e9gie, responsables de leurs \u00e9checs respectifs.<\/p>\n<p>Par ailleurs, le dialogue national qui s&rsquo;ouvre en Tunisie le sera sur fond de dissensions au sein du parti Ennahdha et de mise \u00e0 l&rsquo;index du groupe Ansar Acharia\u00e2, align\u00e9 sur les th\u00e8ses d&rsquo;Al Qa\u00efda.<\/p>\n","protected":false},"excerpt":{"rendered":"<p>Champs libres &#8211; Et maintenant, Al Qa\u00efda s&rsquo;invite&#8230; au dialogue national !<\/p>\n","protected":false},"author":3229,"featured_media":332696,"comment_status":"open","ping_status":"closed","sticky":false,"template":"","format":"standard","meta":{"footnotes":""},"categories":[2596],"tags":[],"class_list":["post-186872","post","type-post","status-publish","format-standard","has-post-thumbnail","hentry","category-chroniques"],"yoast_head":"<!-- This site is optimized with the Yoast SEO Premium plugin v27.5 (Yoast SEO v27.5) - https:\/\/yoast.com\/product\/yoast-seo-premium-wordpress\/ -->\n<title>Champs libres - Et maintenant, Al Qa\u00efda s&#039;invite... au dialogue national !<\/title>\n<meta name=\"description\" content=\"Champs libres - Et maintenant, Al Qa\u00efda s&#039;invite... au dialogue national !\" \/>\n<link rel=\"canonical\" href=\"https:\/\/www.webdo.tn\/fr\/actualite\/chroniques\/champs-libres-et-maintenant-al-qaida-sinvite-au-dialogue-national\/186872\/\" \/>\n<meta property=\"og:locale\" content=\"fr_FR\" \/>\n<meta property=\"og:type\" content=\"article\" \/>\n<meta property=\"og:title\" content=\"Champs libres - Et maintenant, Al Qa\u00efda s&#039;invite... au dialogue national !\" \/>\n<meta property=\"og:description\" content=\"Champs libres - Et maintenant, Al Qa\u00efda s&#039;invite... au dialogue national !\" \/>\n<meta property=\"og:url\" content=\"https:\/\/www.webdo.tn\/fr\/actualite\/chroniques\/champs-libres-et-maintenant-al-qaida-sinvite-au-dialogue-national\/186872\/\" \/>\n<meta property=\"og:site_name\" content=\"webdo\" \/>\n<meta property=\"article:publisher\" content=\"https:\/\/www.facebook.com\/webdotn\" \/>\n<meta property=\"article:author\" content=\"https:\/\/www.facebook.com\/hatem.bourial.2025\" \/>\n<meta property=\"article:published_time\" content=\"2013-10-14T11:24:00+00:00\" \/>\n<meta property=\"article:modified_time\" content=\"2025-05-22T13:11:16+00:00\" \/>\n<meta property=\"og:image\" content=\"https:\/\/www.webdo.tn\/fr\/wp-content\/uploads\/2013\/10\/Les-3-presidents-au-dialogue-national-05-10-2013-Credit-photo-Presidence-de-la-Republique.jpg\" \/>\n\t<meta property=\"og:image:width\" content=\"600\" \/>\n\t<meta property=\"og:image:height\" content=\"400\" \/>\n\t<meta property=\"og:image:type\" content=\"image\/jpeg\" \/>\n<meta name=\"author\" content=\"Hatem Bourial\" \/>\n<meta name=\"twitter:card\" content=\"summary_large_image\" \/>\n<meta name=\"twitter:creator\" content=\"@webdo_tn\" \/>\n<meta name=\"twitter:site\" content=\"@webdo_tn\" \/>\n<meta name=\"twitter:label1\" content=\"\u00c9crit par\" \/>\n\t<meta name=\"twitter:data1\" content=\"Hatem Bourial\" \/>\n\t<meta name=\"twitter:label2\" content=\"Dur\u00e9e de lecture estim\u00e9e\" \/>\n\t<meta name=\"twitter:data2\" content=\"2 minutes\" \/>\n<script type=\"application\/ld+json\" class=\"yoast-schema-graph\">{\"@context\":\"https:\\\/\\\/schema.org\",\"@graph\":[{\"@type\":\"NewsArticle\",\"@id\":\"https:\\\/\\\/www.webdo.tn\\\/fr\\\/actualite\\\/chroniques\\\/champs-libres-et-maintenant-al-qaida-sinvite-au-dialogue-national\\\/186872\\\/#article\",\"isPartOf\":{\"@id\":\"https:\\\/\\\/www.webdo.tn\\\/fr\\\/actualite\\\/chroniques\\\/champs-libres-et-maintenant-al-qaida-sinvite-au-dialogue-national\\\/186872\\\/\"},\"author\":{\"name\":\"Hatem Bourial\",\"@id\":\"https:\\\/\\\/www.webdo.tn\\\/fr\\\/#\\\/schema\\\/person\\\/6bc0beba2cd23aec27cb5df85ca2554f\"},\"headline\":\"Champs libres &#8211; Et maintenant, Al Qa\u00efda s&rsquo;invite&#8230; au dialogue national !\",\"datePublished\":\"2013-10-14T11:24:00+00:00\",\"dateModified\":\"2025-05-22T13:11:16+00:00\",\"mainEntityOfPage\":{\"@id\":\"https:\\\/\\\/www.webdo.tn\\\/fr\\\/actualite\\\/chroniques\\\/champs-libres-et-maintenant-al-qaida-sinvite-au-dialogue-national\\\/186872\\\/\"},\"wordCount\":345,\"commentCount\":0,\"publisher\":{\"@id\":\"https:\\\/\\\/www.webdo.tn\\\/fr\\\/#organization\"},\"image\":{\"@id\":\"https:\\\/\\\/www.webdo.tn\\\/fr\\\/actualite\\\/chroniques\\\/champs-libres-et-maintenant-al-qaida-sinvite-au-dialogue-national\\\/186872\\\/#primaryimage\"},\"thumbnailUrl\":\"https:\\\/\\\/www.webdo.tn\\\/fr\\\/wp-content\\\/uploads\\\/2013\\\/10\\\/Les-3-presidents-au-dialogue-national-05-10-2013-Credit-photo-Presidence-de-la-Republique.jpg\",\"articleSection\":[\"Chroniques\"],\"inLanguage\":\"fr-FR\"},{\"@type\":\"WebPage\",\"@id\":\"https:\\\/\\\/www.webdo.tn\\\/fr\\\/actualite\\\/chroniques\\\/champs-libres-et-maintenant-al-qaida-sinvite-au-dialogue-national\\\/186872\\\/\",\"url\":\"https:\\\/\\\/www.webdo.tn\\\/fr\\\/actualite\\\/chroniques\\\/champs-libres-et-maintenant-al-qaida-sinvite-au-dialogue-national\\\/186872\\\/\",\"name\":\"Champs libres - Et maintenant, Al Qa\u00efda s'invite... au dialogue national !\",\"isPartOf\":{\"@id\":\"https:\\\/\\\/www.webdo.tn\\\/fr\\\/#website\"},\"primaryImageOfPage\":{\"@id\":\"https:\\\/\\\/www.webdo.tn\\\/fr\\\/actualite\\\/chroniques\\\/champs-libres-et-maintenant-al-qaida-sinvite-au-dialogue-national\\\/186872\\\/#primaryimage\"},\"image\":{\"@id\":\"https:\\\/\\\/www.webdo.tn\\\/fr\\\/actualite\\\/chroniques\\\/champs-libres-et-maintenant-al-qaida-sinvite-au-dialogue-national\\\/186872\\\/#primaryimage\"},\"thumbnailUrl\":\"https:\\\/\\\/www.webdo.tn\\\/fr\\\/wp-content\\\/uploads\\\/2013\\\/10\\\/Les-3-presidents-au-dialogue-national-05-10-2013-Credit-photo-Presidence-de-la-Republique.jpg\",\"datePublished\":\"2013-10-14T11:24:00+00:00\",\"dateModified\":\"2025-05-22T13:11:16+00:00\",\"description\":\"Champs libres - Et maintenant, Al Qa\u00efda s'invite... au dialogue national !\",\"breadcrumb\":{\"@id\":\"https:\\\/\\\/www.webdo.tn\\\/fr\\\/actualite\\\/chroniques\\\/champs-libres-et-maintenant-al-qaida-sinvite-au-dialogue-national\\\/186872\\\/#breadcrumb\"},\"inLanguage\":\"fr-FR\",\"potentialAction\":[{\"@type\":\"ReadAction\",\"target\":[\"https:\\\/\\\/www.webdo.tn\\\/fr\\\/actualite\\\/chroniques\\\/champs-libres-et-maintenant-al-qaida-sinvite-au-dialogue-national\\\/186872\\\/\"]}]},{\"@type\":\"ImageObject\",\"inLanguage\":\"fr-FR\",\"@id\":\"https:\\\/\\\/www.webdo.tn\\\/fr\\\/actualite\\\/chroniques\\\/champs-libres-et-maintenant-al-qaida-sinvite-au-dialogue-national\\\/186872\\\/#primaryimage\",\"url\":\"https:\\\/\\\/www.webdo.tn\\\/fr\\\/wp-content\\\/uploads\\\/2013\\\/10\\\/Les-3-presidents-au-dialogue-national-05-10-2013-Credit-photo-Presidence-de-la-Republique.jpg\",\"contentUrl\":\"https:\\\/\\\/www.webdo.tn\\\/fr\\\/wp-content\\\/uploads\\\/2013\\\/10\\\/Les-3-presidents-au-dialogue-national-05-10-2013-Credit-photo-Presidence-de-la-Republique.jpg\",\"width\":600,\"height\":400,\"caption\":\"Champs libres - Et maintenant, Al Qa\u00efda s'invite... au dialogue national !\"},{\"@type\":\"BreadcrumbList\",\"@id\":\"https:\\\/\\\/www.webdo.tn\\\/fr\\\/actualite\\\/chroniques\\\/champs-libres-et-maintenant-al-qaida-sinvite-au-dialogue-national\\\/186872\\\/#breadcrumb\",\"itemListElement\":[{\"@type\":\"ListItem\",\"position\":1,\"name\":\"Accueil\",\"item\":\"https:\\\/\\\/www.webdo.tn\\\/fr\\\/\"},{\"@type\":\"ListItem\",\"position\":2,\"name\":\"Champs libres &#8211; Et maintenant, Al Qa\u00efda s&#8217;invite&#8230; au dialogue national !\"}]},{\"@type\":\"WebSite\",\"@id\":\"https:\\\/\\\/www.webdo.tn\\\/fr\\\/#website\",\"url\":\"https:\\\/\\\/www.webdo.tn\\\/fr\\\/\",\"name\":\"webdo\",\"description\":\"Tunisie - News en Tunisie et \u00e0 l&#039;international sur Webdo.tn\",\"publisher\":{\"@id\":\"https:\\\/\\\/www.webdo.tn\\\/fr\\\/#organization\"},\"potentialAction\":[{\"@type\":\"SearchAction\",\"target\":{\"@type\":\"EntryPoint\",\"urlTemplate\":\"https:\\\/\\\/www.webdo.tn\\\/fr\\\/?s={search_term_string}\"},\"query-input\":{\"@type\":\"PropertyValueSpecification\",\"valueRequired\":true,\"valueName\":\"search_term_string\"}}],\"inLanguage\":\"fr-FR\"},{\"@type\":\"Organization\",\"@id\":\"https:\\\/\\\/www.webdo.tn\\\/fr\\\/#organization\",\"name\":\"Webdo\",\"alternateName\":\"Webdo.tn\",\"url\":\"https:\\\/\\\/www.webdo.tn\\\/fr\\\/\",\"logo\":{\"@type\":\"ImageObject\",\"inLanguage\":\"fr-FR\",\"@id\":\"https:\\\/\\\/www.webdo.tn\\\/fr\\\/#\\\/schema\\\/logo\\\/image\\\/\",\"url\":\"https:\\\/\\\/www.webdo.tn\\\/fr\\\/wp-content\\\/uploads\\\/2025\\\/06\\\/Webdo-Tunisie_168377.jpg\",\"contentUrl\":\"https:\\\/\\\/www.webdo.tn\\\/fr\\\/wp-content\\\/uploads\\\/2025\\\/06\\\/Webdo-Tunisie_168377.jpg\",\"width\":301,\"height\":301,\"caption\":\"Webdo\"},\"image\":{\"@id\":\"https:\\\/\\\/www.webdo.tn\\\/fr\\\/#\\\/schema\\\/logo\\\/image\\\/\"},\"sameAs\":[\"https:\\\/\\\/www.facebook.com\\\/webdotn\",\"https:\\\/\\\/x.com\\\/webdo_tn\"],\"description\":\"Webdo est un m\u00e9dia num\u00e9rique tunisien fond\u00e9 en 2010, sp\u00e9cialis\u00e9 dans l\u2019actualit\u00e9 nationale et internationale, l\u2019\u00e9conomie, la soci\u00e9t\u00e9 et les analyses politiques. Le site s\u2019adresse \u00e0 un large public francophone et couvre l\u2019information tunisienne en temps r\u00e9el.\",\"email\":\"redac@webdo.tn\",\"legalName\":\"YNJ SARL\",\"foundingDate\":\"2010-09-06\",\"numberOfEmployees\":{\"@type\":\"QuantitativeValue\",\"minValue\":\"11\",\"maxValue\":\"50\"}},{\"@type\":\"Person\",\"@id\":\"https:\\\/\\\/www.webdo.tn\\\/fr\\\/#\\\/schema\\\/person\\\/6bc0beba2cd23aec27cb5df85ca2554f\",\"name\":\"Hatem Bourial\",\"image\":{\"@type\":\"ImageObject\",\"inLanguage\":\"fr-FR\",\"@id\":\"https:\\\/\\\/www.webdo.tn\\\/fr\\\/wp-content\\\/uploads\\\/2026\\\/04\\\/hatem-bourial_avatar-96x96.jpg\",\"url\":\"https:\\\/\\\/www.webdo.tn\\\/fr\\\/wp-content\\\/uploads\\\/2026\\\/04\\\/hatem-bourial_avatar-96x96.jpg\",\"contentUrl\":\"https:\\\/\\\/www.webdo.tn\\\/fr\\\/wp-content\\\/uploads\\\/2026\\\/04\\\/hatem-bourial_avatar-96x96.jpg\",\"caption\":\"Hatem Bourial\"},\"description\":\"Hatem Bourial est journaliste, \u00e9crivain et chroniqueur tunisien. Actif depuis plusieurs d\u00e9cennies, il s\u2019est impos\u00e9 comme un observateur attentif de la soci\u00e9t\u00e9 tunisienne, m\u00ealant dans ses \u00e9crits m\u00e9moire, culture et analyse du quotidien. Auteur de nombreux ouvrages, il d\u00e9veloppe une \u0153uvre \u00e0 la crois\u00e9e du r\u00e9cit, de la po\u00e9sie et de l\u2019observation sociologique. Parall\u00e8lement \u00e0 ses contributions dans la presse, il intervient r\u00e9guli\u00e8rement \u00e0 la radio et dans des espaces culturels, o\u00f9 il explore les enjeux li\u00e9s au patrimoine, \u00e0 l\u2019identit\u00e9 et aux transformations du monde contemporain. \u00c0 travers ses chroniques, Hatem Bourial propose une lecture sensible et approfondie de l\u2019actualit\u00e9, nourrie par une exp\u00e9rience journalistique et litt\u00e9raire reconnue. \ud83d\udd17 Facebook : https:\\\/\\\/www.facebook.com\\\/hatem.bourial.2025\",\"sameAs\":[\"https:\\\/\\\/www.facebook.com\\\/hatem.bourial.2025\",\"https:\\\/\\\/fr.wikipedia.org\\\/wiki\\\/Fichier:Hatem_Bourial.jpg\"],\"knowsAbout\":[\"Culture & patrimoine tunisien\",\"Chronique soci\u00e9tale\",\"Litt\u00e9rature & m\u00e9moire\",\"Cin\u00e9ma & critique culturelle\",\"Identit\u00e9 & mutations sociales\"],\"knowsLanguage\":[\"Arabe\",\"Fran\u00e7ais\",\"Anglais\",\"Italien\",\"Polonais\"],\"jobTitle\":\"Journaliste, \u00e9crivain et chroniqueur culturel\",\"worksFor\":\"Webdo\",\"url\":\"https:\\\/\\\/www.webdo.tn\\\/fr\\\/actualite\\\/author\\\/hatem-bourial-2\\\/\"}]}<\/script>\n<!-- \/ Yoast SEO Premium plugin. -->","yoast_head_json":{"title":"Champs libres - Et maintenant, Al Qa\u00efda s'invite... au dialogue national !","description":"Champs libres - Et maintenant, Al Qa\u00efda s'invite... au dialogue national !","canonical":"https:\/\/www.webdo.tn\/fr\/actualite\/chroniques\/champs-libres-et-maintenant-al-qaida-sinvite-au-dialogue-national\/186872\/","og_locale":"fr_FR","og_type":"article","og_title":"Champs libres - Et maintenant, Al Qa\u00efda s'invite... au dialogue national !","og_description":"Champs libres - Et maintenant, Al Qa\u00efda s'invite... au dialogue national !","og_url":"https:\/\/www.webdo.tn\/fr\/actualite\/chroniques\/champs-libres-et-maintenant-al-qaida-sinvite-au-dialogue-national\/186872\/","og_site_name":"webdo","article_publisher":"https:\/\/www.facebook.com\/webdotn","article_author":"https:\/\/www.facebook.com\/hatem.bourial.2025","article_published_time":"2013-10-14T11:24:00+00:00","article_modified_time":"2025-05-22T13:11:16+00:00","og_image":[{"width":600,"height":400,"url":"https:\/\/www.webdo.tn\/fr\/wp-content\/uploads\/2013\/10\/Les-3-presidents-au-dialogue-national-05-10-2013-Credit-photo-Presidence-de-la-Republique.jpg","type":"image\/jpeg"}],"author":"Hatem Bourial","twitter_card":"summary_large_image","twitter_creator":"@webdo_tn","twitter_site":"@webdo_tn","twitter_misc":{"\u00c9crit par":"Hatem Bourial","Dur\u00e9e de lecture estim\u00e9e":"2 minutes"},"schema":{"@context":"https:\/\/schema.org","@graph":[{"@type":"NewsArticle","@id":"https:\/\/www.webdo.tn\/fr\/actualite\/chroniques\/champs-libres-et-maintenant-al-qaida-sinvite-au-dialogue-national\/186872\/#article","isPartOf":{"@id":"https:\/\/www.webdo.tn\/fr\/actualite\/chroniques\/champs-libres-et-maintenant-al-qaida-sinvite-au-dialogue-national\/186872\/"},"author":{"name":"Hatem Bourial","@id":"https:\/\/www.webdo.tn\/fr\/#\/schema\/person\/6bc0beba2cd23aec27cb5df85ca2554f"},"headline":"Champs libres &#8211; Et maintenant, Al Qa\u00efda s&rsquo;invite&#8230; au dialogue national !","datePublished":"2013-10-14T11:24:00+00:00","dateModified":"2025-05-22T13:11:16+00:00","mainEntityOfPage":{"@id":"https:\/\/www.webdo.tn\/fr\/actualite\/chroniques\/champs-libres-et-maintenant-al-qaida-sinvite-au-dialogue-national\/186872\/"},"wordCount":345,"commentCount":0,"publisher":{"@id":"https:\/\/www.webdo.tn\/fr\/#organization"},"image":{"@id":"https:\/\/www.webdo.tn\/fr\/actualite\/chroniques\/champs-libres-et-maintenant-al-qaida-sinvite-au-dialogue-national\/186872\/#primaryimage"},"thumbnailUrl":"https:\/\/www.webdo.tn\/fr\/wp-content\/uploads\/2013\/10\/Les-3-presidents-au-dialogue-national-05-10-2013-Credit-photo-Presidence-de-la-Republique.jpg","articleSection":["Chroniques"],"inLanguage":"fr-FR"},{"@type":"WebPage","@id":"https:\/\/www.webdo.tn\/fr\/actualite\/chroniques\/champs-libres-et-maintenant-al-qaida-sinvite-au-dialogue-national\/186872\/","url":"https:\/\/www.webdo.tn\/fr\/actualite\/chroniques\/champs-libres-et-maintenant-al-qaida-sinvite-au-dialogue-national\/186872\/","name":"Champs libres - Et maintenant, Al Qa\u00efda s'invite... au dialogue national !","isPartOf":{"@id":"https:\/\/www.webdo.tn\/fr\/#website"},"primaryImageOfPage":{"@id":"https:\/\/www.webdo.tn\/fr\/actualite\/chroniques\/champs-libres-et-maintenant-al-qaida-sinvite-au-dialogue-national\/186872\/#primaryimage"},"image":{"@id":"https:\/\/www.webdo.tn\/fr\/actualite\/chroniques\/champs-libres-et-maintenant-al-qaida-sinvite-au-dialogue-national\/186872\/#primaryimage"},"thumbnailUrl":"https:\/\/www.webdo.tn\/fr\/wp-content\/uploads\/2013\/10\/Les-3-presidents-au-dialogue-national-05-10-2013-Credit-photo-Presidence-de-la-Republique.jpg","datePublished":"2013-10-14T11:24:00+00:00","dateModified":"2025-05-22T13:11:16+00:00","description":"Champs libres - Et maintenant, Al Qa\u00efda s'invite... au dialogue national !","breadcrumb":{"@id":"https:\/\/www.webdo.tn\/fr\/actualite\/chroniques\/champs-libres-et-maintenant-al-qaida-sinvite-au-dialogue-national\/186872\/#breadcrumb"},"inLanguage":"fr-FR","potentialAction":[{"@type":"ReadAction","target":["https:\/\/www.webdo.tn\/fr\/actualite\/chroniques\/champs-libres-et-maintenant-al-qaida-sinvite-au-dialogue-national\/186872\/"]}]},{"@type":"ImageObject","inLanguage":"fr-FR","@id":"https:\/\/www.webdo.tn\/fr\/actualite\/chroniques\/champs-libres-et-maintenant-al-qaida-sinvite-au-dialogue-national\/186872\/#primaryimage","url":"https:\/\/www.webdo.tn\/fr\/wp-content\/uploads\/2013\/10\/Les-3-presidents-au-dialogue-national-05-10-2013-Credit-photo-Presidence-de-la-Republique.jpg","contentUrl":"https:\/\/www.webdo.tn\/fr\/wp-content\/uploads\/2013\/10\/Les-3-presidents-au-dialogue-national-05-10-2013-Credit-photo-Presidence-de-la-Republique.jpg","width":600,"height":400,"caption":"Champs libres - Et maintenant, Al Qa\u00efda s'invite... au dialogue national !"},{"@type":"BreadcrumbList","@id":"https:\/\/www.webdo.tn\/fr\/actualite\/chroniques\/champs-libres-et-maintenant-al-qaida-sinvite-au-dialogue-national\/186872\/#breadcrumb","itemListElement":[{"@type":"ListItem","position":1,"name":"Accueil","item":"https:\/\/www.webdo.tn\/fr\/"},{"@type":"ListItem","position":2,"name":"Champs libres &#8211; Et maintenant, Al Qa\u00efda s&#8217;invite&#8230; au dialogue national !"}]},{"@type":"WebSite","@id":"https:\/\/www.webdo.tn\/fr\/#website","url":"https:\/\/www.webdo.tn\/fr\/","name":"webdo","description":"Tunisie - News en Tunisie et \u00e0 l&#039;international sur Webdo.tn","publisher":{"@id":"https:\/\/www.webdo.tn\/fr\/#organization"},"potentialAction":[{"@type":"SearchAction","target":{"@type":"EntryPoint","urlTemplate":"https:\/\/www.webdo.tn\/fr\/?s={search_term_string}"},"query-input":{"@type":"PropertyValueSpecification","valueRequired":true,"valueName":"search_term_string"}}],"inLanguage":"fr-FR"},{"@type":"Organization","@id":"https:\/\/www.webdo.tn\/fr\/#organization","name":"Webdo","alternateName":"Webdo.tn","url":"https:\/\/www.webdo.tn\/fr\/","logo":{"@type":"ImageObject","inLanguage":"fr-FR","@id":"https:\/\/www.webdo.tn\/fr\/#\/schema\/logo\/image\/","url":"https:\/\/www.webdo.tn\/fr\/wp-content\/uploads\/2025\/06\/Webdo-Tunisie_168377.jpg","contentUrl":"https:\/\/www.webdo.tn\/fr\/wp-content\/uploads\/2025\/06\/Webdo-Tunisie_168377.jpg","width":301,"height":301,"caption":"Webdo"},"image":{"@id":"https:\/\/www.webdo.tn\/fr\/#\/schema\/logo\/image\/"},"sameAs":["https:\/\/www.facebook.com\/webdotn","https:\/\/x.com\/webdo_tn"],"description":"Webdo est un m\u00e9dia num\u00e9rique tunisien fond\u00e9 en 2010, sp\u00e9cialis\u00e9 dans l\u2019actualit\u00e9 nationale et internationale, l\u2019\u00e9conomie, la soci\u00e9t\u00e9 et les analyses politiques. Le site s\u2019adresse \u00e0 un large public francophone et couvre l\u2019information tunisienne en temps r\u00e9el.","email":"redac@webdo.tn","legalName":"YNJ SARL","foundingDate":"2010-09-06","numberOfEmployees":{"@type":"QuantitativeValue","minValue":"11","maxValue":"50"}},{"@type":"Person","@id":"https:\/\/www.webdo.tn\/fr\/#\/schema\/person\/6bc0beba2cd23aec27cb5df85ca2554f","name":"Hatem Bourial","image":{"@type":"ImageObject","inLanguage":"fr-FR","@id":"https:\/\/www.webdo.tn\/fr\/wp-content\/uploads\/2026\/04\/hatem-bourial_avatar-96x96.jpg","url":"https:\/\/www.webdo.tn\/fr\/wp-content\/uploads\/2026\/04\/hatem-bourial_avatar-96x96.jpg","contentUrl":"https:\/\/www.webdo.tn\/fr\/wp-content\/uploads\/2026\/04\/hatem-bourial_avatar-96x96.jpg","caption":"Hatem Bourial"},"description":"Hatem Bourial est journaliste, \u00e9crivain et chroniqueur tunisien. Actif depuis plusieurs d\u00e9cennies, il s\u2019est impos\u00e9 comme un observateur attentif de la soci\u00e9t\u00e9 tunisienne, m\u00ealant dans ses \u00e9crits m\u00e9moire, culture et analyse du quotidien. Auteur de nombreux ouvrages, il d\u00e9veloppe une \u0153uvre \u00e0 la crois\u00e9e du r\u00e9cit, de la po\u00e9sie et de l\u2019observation sociologique. Parall\u00e8lement \u00e0 ses contributions dans la presse, il intervient r\u00e9guli\u00e8rement \u00e0 la radio et dans des espaces culturels, o\u00f9 il explore les enjeux li\u00e9s au patrimoine, \u00e0 l\u2019identit\u00e9 et aux transformations du monde contemporain. \u00c0 travers ses chroniques, Hatem Bourial propose une lecture sensible et approfondie de l\u2019actualit\u00e9, nourrie par une exp\u00e9rience journalistique et litt\u00e9raire reconnue. \ud83d\udd17 Facebook : https:\/\/www.facebook.com\/hatem.bourial.2025","sameAs":["https:\/\/www.facebook.com\/hatem.bourial.2025","https:\/\/fr.wikipedia.org\/wiki\/Fichier:Hatem_Bourial.jpg"],"knowsAbout":["Culture & patrimoine tunisien","Chronique soci\u00e9tale","Litt\u00e9rature & m\u00e9moire","Cin\u00e9ma & critique culturelle","Identit\u00e9 & mutations sociales"],"knowsLanguage":["Arabe","Fran\u00e7ais","Anglais","Italien","Polonais"],"jobTitle":"Journaliste, \u00e9crivain et chroniqueur culturel","worksFor":"Webdo","url":"https:\/\/www.webdo.tn\/fr\/actualite\/author\/hatem-bourial-2\/"}]}},"_links":{"self":[{"href":"https:\/\/www.webdo.tn\/fr\/wp-json\/wp\/v2\/posts\/186872","targetHints":{"allow":["GET"]}}],"collection":[{"href":"https:\/\/www.webdo.tn\/fr\/wp-json\/wp\/v2\/posts"}],"about":[{"href":"https:\/\/www.webdo.tn\/fr\/wp-json\/wp\/v2\/types\/post"}],"author":[{"embeddable":true,"href":"https:\/\/www.webdo.tn\/fr\/wp-json\/wp\/v2\/users\/3229"}],"replies":[{"embeddable":true,"href":"https:\/\/www.webdo.tn\/fr\/wp-json\/wp\/v2\/comments?post=186872"}],"version-history":[{"count":0,"href":"https:\/\/www.webdo.tn\/fr\/wp-json\/wp\/v2\/posts\/186872\/revisions"}],"wp:featuredmedia":[{"embeddable":true,"href":"https:\/\/www.webdo.tn\/fr\/wp-json\/wp\/v2\/media\/332696"}],"wp:attachment":[{"href":"https:\/\/www.webdo.tn\/fr\/wp-json\/wp\/v2\/media?parent=186872"}],"wp:term":[{"taxonomy":"category","embeddable":true,"href":"https:\/\/www.webdo.tn\/fr\/wp-json\/wp\/v2\/categories?post=186872"},{"taxonomy":"post_tag","embeddable":true,"href":"https:\/\/www.webdo.tn\/fr\/wp-json\/wp\/v2\/tags?post=186872"}],"curies":[{"name":"wp","href":"https:\/\/api.w.org\/{rel}","templated":true}]}}