{"id":186871,"date":"2013-10-17T10:03:00","date_gmt":"2013-10-17T10:03:00","guid":{"rendered":"https:\/\/www.webdo.tn\/fr\/blog\/rebonds-dou-vient-donc-toute-cette-violence-qui-deferle-sur-la-tunisie\/186871\/"},"modified":"2025-05-19T11:18:25","modified_gmt":"2025-05-19T11:18:25","slug":"rebonds-dou-vient-donc-toute-cette-violence-qui-deferle-sur-la-tunisie","status":"publish","type":"post","link":"https:\/\/www.webdo.tn\/fr\/actualite\/chroniques\/rebonds-dou-vient-donc-toute-cette-violence-qui-deferle-sur-la-tunisie\/186871\/","title":{"rendered":"Rebonds &#8211; D&rsquo;o\u00f9 vient donc toute cette violence qui d\u00e9ferle sur la Tunisie ?"},"content":{"rendered":"<p>Comment en sommes-nous arrives \u00e0 ce point ? Qu&rsquo;est-ce qui est d\u00e9sormais si profond\u00e9ment d\u00e9traqu\u00e9 en nous que la violence sous toutes ses formes se banalise autant ?<\/p>\n<p>J&rsquo;ai du mal \u00e0 comprendre ce qui se pass\u00e9 \u00e0 un degr\u00e9 tel que saisir la complexit\u00e9 du v\u00e9cu qui nous entoure devient de plus en plus ardu. Pour parler vrai, je ne peux qu&rsquo;avouer mon impuissance \u00e0 d\u00e9m\u00ealer l&rsquo;\u00e9cheveau qui nous ligote et, dans cet esprit, je ne peux qu&rsquo;interpeller le lecteur pour que nous puissions, ensemble, tenter de d\u00e9crypter, d\u00e9coder, analyser ces nouvelles r\u00e9alit\u00e9s qui ont fracass\u00e9 l&rsquo;image pacifique du Tunisien pour lui substituer celle qui conjugue incivisme, violence et fuite en avant.<\/p>\n<p>En ces journ\u00e9es d&rsquo;Aid &#8211; un temps de c\u00e9l\u00e9bration et de recueillement -, j&rsquo;ai suivi de pr\u00e8s l&rsquo;actualit\u00e9 des trois journ\u00e9es qui viennent de s&rsquo;\u00e9couler. Et, \u00e0 ma grande surprise, trois jours durant, les acc\u00e8s de fi\u00e8vre, les d\u00e9rapages et les actes de vandalisme n&rsquo;ont pas cess\u00e9 d&rsquo;occuper le devant de l&rsquo;actualit\u00e9.<\/p>\n<p>UNE VIOLENCE D\u00c9SORMAIS ANODINE, BANALE, NORMALE<\/p>\n<p>Depuis la veille de l&rsquo;Aid, voici les \u00e9v\u00e8nements qui se sont succ\u00e9d\u00e9s :<\/p>\n<p>1. Des salafistes au Kef ont, sous la menace, oblig\u00e9 des bars \u00e0 fermer. Impuissantes, les autorit\u00e9s ont ob\u00e9i, sachant qu&rsquo;elles n&rsquo;auraient probablement pas pu s&rsquo;interposer pour d\u00e9fendre les droits des uns et conforter les convictions des autres. Au bout, c&rsquo;est la foule qui gronde, qui impose sa loi et pi\u00e9tine le lien r\u00e9publicain, les lois du pays et le contrat social.<\/p>\n<p>2. Le jour de l&rsquo;Aid, des sc\u00e8nes de pillage ont \u00e9t\u00e9 \u00e9vit\u00e9es de justesse \u00e0 Jebel Jelloud. N&rsquo;e\u00fbt-\u00e9t\u00e9 l&rsquo;intervention muscl\u00e9e de la police, des citoyens usagers de la route nationale auraient perdu leurs biens et subi les agressions de bandes organis\u00e9es qui cherchent \u00e0 en d\u00e9coudre avec les forces de l&rsquo;ordre tout en imposant leur loi sur la voie publique.<\/p>\n<p>3. Au m\u00eame moment \u00e0 Kasserine, une foule en col\u00e8re envahissait, pour des motifs obscurs, l&rsquo;h\u00f4pital r\u00e9gional, molestait le personnel et provoquait des d\u00e9g\u00e2ts mat\u00e9riels importants. R\u00e9sultat : l&rsquo;h\u00f4pital est ferm\u00e9 et ses \u00e9quipes en \u00e9tat de choc. Encore une fois, la foule folle. Encore une fois, une exp\u00e9dition punitive qui d\u00e9truit tout sur son passage.<\/p>\n<p>4. Quelques heures plus t\u00f4t, une autre exp\u00e9dition punitive de citoyens en col\u00e8re (car leurs enfants avaient \u00e9t\u00e9 pris par la police en flagrant d\u00e9lit de trafic de drogue) s&rsquo;attaque aux postes de la garde nationale et de la police d&rsquo;Enfidha. Un inspecteur de police sera gravement bless\u00e9 et devra subir une op\u00e9ration chirurgicale lourde \u00e0 cause d&rsquo;une double fracture. De nouveau, la foule qui devient horde qui devient meute et qui prend le contr\u00f4le de la situation, envers et contre les forces de l&rsquo;ordre.<\/p>\n<p>5. Ces jours d&rsquo;Aid ont connu beaucoup d&rsquo;autres faits de violence, de m\u00eame nature mais \u00e0 des degr\u00e9s diff\u00e9rents. Faudrait-il invoquer le cas de ce jeune d&rsquo;El Guettar qui a assassin\u00e9 un de ses amis avant d&rsquo;\u00eatre arr\u00eat\u00e9 \u00e0 Ben Guerdane, alors qu&rsquo;il tentait de passer la fronti\u00e8re avec de faux papiers ? Faudrait-il rappeler le cas des bless\u00e9s de la r\u00e9volution qui mena\u00e7aient mercredi de se suicider collectivement sur le parvis de l&rsquo;assembl\u00e9e constituante ? Et d&rsquo;autres cas encore qui n&rsquo;ont pas \u00e9t\u00e9 \u00e9voqu\u00e9s dans les m\u00e9dias mais qui n&rsquo;en existent pas moins et qui n&rsquo;attendent qu&rsquo;un micro ou une cam\u00e9ra pour surgir ?<\/p>\n<p>Tout ce que je viens d&rsquo;\u00e9num\u00e9rer s&rsquo;est pass\u00e9 en quelques heures et il est inutile de gloser davantage. La vraie question demeure : o\u00f9 cette violence trouve-t-elle son origine ? Comment l&rsquo;expliquer \u00e0 d\u00e9faut de la conjurer?<\/p>\n<p>SORTIR DU D\u00c9BAT POLITICIEN<\/p>\n<p>Je n&rsquo;oserai pas pr\u00e9tendre avancer des explications exhaustives mais tout au plus quelques pistes que les lecteurs pourront investir, d\u00e9fricher ou d\u00e9laisser. Voici quelques points qui me semblent dignes d&rsquo;int\u00e9r\u00eat :<\/p>\n<p>1. La r\u00e9volution tunisienne a commenc\u00e9 par un acte d&rsquo;une violence insoutenable, une immolation par le feu qui continue \u00e0 marquer les esprits trois ans plus tard. Ce geste de Bouazizi relativise toutes les violences post\u00e9rieures. Et, si les uns parlent de suicide collectif, d&rsquo;autres s&rsquo;immolent v\u00e9ritablement, brouillant le caract\u00e8re divin de toute vie et pla\u00e7ant un tabou de l&rsquo;islam sur la place publique.<\/p>\n<p>2. Les frustrations et le d\u00e9sespoir de la jeunesse sont le terreau de cette violence. Peu importe de mourir si l&rsquo;on vit sans dignit\u00e9. Et peu importe la loi si elle encadre le d\u00e9sespoir. En fait, ces jeunes qui sombrent dans la violence interrogent la l\u00e9gitimit\u00e9 de la l\u00e9galit\u00e9. Et, en cela, ils sont bel et bien dans un moment r\u00e9volutionnaire. M\u00eame si c&rsquo;est la d\u00e9linquance qui prime sur tout autre projet.<\/p>\n<p>3. De fait, c&rsquo;est la police qui est vis\u00e9e par cet irrespect de l&rsquo;ordre qui se g\u00e9n\u00e9ralise. On marque ainsi sa d\u00e9fiance des autorit\u00e9s et, au plan symbolique, on d\u00e9montre par la violence sur les agents de l&rsquo;ordre que c&rsquo;est bien la rue qui m\u00e8ne la danse. En ce sens, c&rsquo;est l&rsquo;Etat et ses institutions qui trinquent et perdent leur aur\u00e9ole et leur monopole de la violence. Ne trafique-t-on pas armes et munitions en plein jour ? Ne d\u00e9fie-t-on pas arm\u00e9e et police dans les maquis des montagnes et les labyrinthes des cit\u00e9s populaires ? D\u00e8s lors, tout peut paraitre permis puisque le b\u00e2ton si redout\u00e9 est en panne.<\/p>\n<p>4. Un autre \u00e9l\u00e9ment me semble d\u00e9cisif. Partout, c&rsquo;est l&rsquo;instinct gr\u00e9gaire qui remonte, le vieux fonds des clans et des tribus, le souvenir enfoui des razzias, l&rsquo;irr\u00e9dentisme par rapport au pouvoir central, les jacqueries et la loi de la foule. Car souvent, le sc\u00e9nario est le m\u00eame : une foule de gens li\u00e9s par le sang attaque une repr\u00e9sentation de l&rsquo;Etat. Par d\u00e9finition, une foule est anonyme, protectrice, violente collectivement voire rassurante pour ceux qui la composent et qui d\u00e9fient ainsi un ordre \u00e9tabli qu&rsquo;ils redoutaient et qu&rsquo;ils ont l&rsquo;impression d&rsquo;avoir \u00e9cras\u00e9. En ce sens, depuis la r\u00e9volution, les pr\u00e9c\u00e9dents de flamb\u00e9es de violence locale sont innombrables et presque tous du m\u00eame type.<\/p>\n<p>5. Un dernier point. Il est malvenu de parler de \u00ab\u00a0presse de la honte\u00a0\u00bb lorsque ces \u00e9v\u00e8nements sont rapport\u00e9s. La presse ne fait que son travail de m\u00e9diation et vilipender les journalistes parce qu&rsquo;ils rendent compte du r\u00e9el est une bien \u00e9trange mani\u00e8re d&rsquo;\u00e9luder un d\u00e9bat devenu n\u00e9cessaire sur les racines, les tenants et les aboutissants de cette violence qui nous m\u00e8ne au bord du gouffre. Au lieu de jeter l&rsquo;anath\u00e8me sur les journalistes, les dirigeants actuels devraient se poser enfin les vraies questions sur l&rsquo;\u00e9tat r\u00e9el de notre soci\u00e9t\u00e9 domin\u00e9e par les Tartuffes, les loubards et les roublards de tous acabits. Et si on parlait plut\u00f4t d&rsquo;un pays qui se vautre dans la honte ? Ce que diffuse la presse est en effet le malheureux reflet de ce que nous sommes devenus&#8230;<\/p>\n<p>Mes explications, je le sais, sont insuffisantes, impr\u00e9cises, partielles. Toutefois, elles m\u00e9ritent d&rsquo;\u00eatre pos\u00e9es. Elles montrent, je l&rsquo;esp\u00e8re, la direction du d\u00e9bat de soci\u00e9t\u00e9 qui devient urgent et qui m\u00e9riterait de se d\u00e9velopper parall\u00e8lement au dialogue national qui n&rsquo;a qu&rsquo;une connotation politicienne.<\/p>\n<p>Oui, un d\u00e9bat national sur la violence, le mod\u00e8le de soci\u00e9t\u00e9 que nous voulons et le contrat social qui nous lie doit \u00eatre institu\u00e9. Car ce n&rsquo;est pas un dialogue des partis qui va r\u00e9soudre la crise morale profonde que nous traversons. Ce si attendu dialogue national ne posera la crise qu&rsquo;en termes politiciens et ignorera les autres dimensions du mal qui nous ronge et que personne ne veut affronter.<\/p>\n<p>Depuis janvier 2011, ce sont les juristes et les politiciens qui ont accapar\u00e9 la parole, avec les r\u00e9sultats qu&rsquo;on connait. M\u00eame celles et ceux que nous pensions \u00eatre nos consciences nationales se sont emp\u00eatr\u00e9s dans le magma politicien. On aura parl\u00e9, jusqu&rsquo;\u00e0 la naus\u00e9e d&rsquo;histoire, de combinaisons, de retournements de vestes et de puissances \u00e9trang\u00e8res.<\/p>\n<p>Mais, les philosophes, les psychologues, les sociologues, les intellectuels qui ne sont pas dans l&rsquo;institution universitaire, les artistes, tous ont \u00e9t\u00e9 r\u00e9duits au silence et \u00e0 des r\u00f4les de faire-valoir. A l&rsquo;oppos\u00e9, nombreux sont celles et ceux qui ont \u00e9t\u00e9 promus politologues, experts en transition ou activistes patent\u00e9s.<\/p>\n<p>Cela a men\u00e9 le d\u00e9bat et le r\u00e9el au point o\u00f9 nous sommes aujourd&rsquo;hui, c&rsquo;est \u00e0 dire dans une situation bloqu\u00e9e o\u00f9 seuls les partisans auraient quelque chose \u00e0 exprimer alors que celles et ceux qui pr\u00e9f\u00e8rent agir hors champ politicien sont rejet\u00e9s par des m\u00e9dias en mal de scoops, de petites phrases et de spectaculaire.<\/p>\n<p>Avec la violence qui r\u00e9gnait ces trois derniers jours, nous avons eu notre part de ce spectaculaire d\u00e9risoire qui est \u00e0 l&rsquo;\u00e9cume des jours ce que l&rsquo;ennui est aux peuples malades. Heureux encore que nous n&rsquo;ayons pas \u00e0 d\u00e9plorer de morts. Seulement des bless\u00e9s, parfois graves, et c&rsquo;est d\u00e9j\u00e0 trop&#8230;<\/p>\n<p>ENTRE JASMIN BARBU ET DIGNIT\u00c9 VOIL\u00c9E<\/p>\n<p>La Tunisie va mal. Elle a besoin d&rsquo;autre chose que de politiciens \u00e0 son chevet. Elle a besoin d&rsquo;autre chose que d&rsquo;une l\u00e9gitimit\u00e9 factice et p\u00e9rim\u00e9e \u00e0 laquelle s&rsquo;arcboute une Troika d\u00e9faite. Elle a besoin d&rsquo;autre chose que de la fuite en avant de certains parmi les opposants qui ne savent pas vraiment vers quel cap diriger la barque. Elle a besoin de bien plus qu&rsquo;une constitution, un gouvernement de technocrates ou une \u00e9lection. Elle a besoin de bien plus que ces diversions besogneuses et ces agendas partisans.<\/p>\n<p>La Tunisie cherche d\u00e9sesp\u00e9r\u00e9ment \u00e0 retrouver son honneur perdu et son identit\u00e9 d\u00e9tourn\u00e9e. La Tunisie veut n\u00e9vrotiquement se r\u00e9concilier avec sa modernit\u00e9 souill\u00e9e par l&rsquo;entourage de Ben Ali puis \u00e9mascul\u00e9e par les fondamentalistes. Entre jasmin barbu et dignit\u00e9 voil\u00e9e, la voie est d\u00e9sormais \u00e9troite car beaucoup de temps a \u00e9t\u00e9 perdu d\u00e8s le moment o\u00f9 un d\u00e9bat sur le mod\u00e8le de soci\u00e9t\u00e9 s&rsquo;est substitu\u00e9 \u00e0 l&rsquo;exigence de justice sociale, n\u00e9e de la r\u00e9volution.<\/p>\n<p>Aujourd&rsquo;hui, nous comptons les pots cass\u00e9s, regardons quelques dinosaures s&rsquo;affronter et voyons notre pays s&rsquo;effondrer et entrer lentement dans la spirale d&rsquo;une violence devenue anodine, banale, normale. Il est temps de reprendre le dessus sur ce cancer qui se g\u00e9n\u00e9ralise, poser les vrais probl\u00e8mes et, enfin, regarder de l&rsquo;avant.<\/p>\n","protected":false},"excerpt":{"rendered":"<p>Rebonds &#8211; D&rsquo;o\u00f9 vient donc toute cette violence qui d\u00e9ferle sur la Tunisie ?<\/p>\n","protected":false},"author":3229,"featured_media":322442,"comment_status":"open","ping_status":"closed","sticky":false,"template":"","format":"standard","meta":{"footnotes":""},"categories":[2596],"tags":[2600],"class_list":["post-186871","post","type-post","status-publish","format-standard","has-post-thumbnail","hentry","category-chroniques","tag-guerre"],"yoast_head":"<!-- This site is optimized with the Yoast SEO Premium plugin v27.5 (Yoast SEO v27.5) - https:\/\/yoast.com\/product\/yoast-seo-premium-wordpress\/ -->\n<title>Rebonds - D&#039;o\u00f9 vient donc toute cette violence qui d\u00e9ferle sur la Tunisie ?<\/title>\n<meta name=\"description\" content=\"Rebonds - D&#039;o\u00f9 vient donc toute cette violence qui d\u00e9ferle sur la Tunisie ?\" \/>\n<link rel=\"canonical\" href=\"https:\/\/www.webdo.tn\/fr\/actualite\/chroniques\/rebonds-dou-vient-donc-toute-cette-violence-qui-deferle-sur-la-tunisie\/186871\/\" \/>\n<meta property=\"og:locale\" content=\"fr_FR\" \/>\n<meta property=\"og:type\" content=\"article\" \/>\n<meta property=\"og:title\" content=\"Rebonds - D&#039;o\u00f9 vient donc toute cette violence qui d\u00e9ferle sur la Tunisie ?\" \/>\n<meta property=\"og:description\" content=\"Rebonds - D&#039;o\u00f9 vient donc toute cette violence qui d\u00e9ferle sur la Tunisie ?\" \/>\n<meta property=\"og:url\" content=\"https:\/\/www.webdo.tn\/fr\/actualite\/chroniques\/rebonds-dou-vient-donc-toute-cette-violence-qui-deferle-sur-la-tunisie\/186871\/\" \/>\n<meta property=\"og:site_name\" content=\"webdo\" \/>\n<meta property=\"article:publisher\" content=\"https:\/\/www.facebook.com\/webdotn\" \/>\n<meta property=\"article:author\" content=\"https:\/\/www.facebook.com\/hatem.bourial.2025\" \/>\n<meta property=\"article:published_time\" content=\"2013-10-17T10:03:00+00:00\" \/>\n<meta property=\"article:modified_time\" content=\"2025-05-19T11:18:25+00:00\" \/>\n<meta property=\"og:image\" content=\"https:\/\/www.webdo.tn\/fr\/wp-content\/uploads\/2013\/10\/Violence-Tunisie-photo-mondoblog.org_.jpg\" \/>\n\t<meta property=\"og:image:width\" content=\"465\" \/>\n\t<meta property=\"og:image:height\" content=\"290\" \/>\n\t<meta property=\"og:image:type\" content=\"image\/jpeg\" \/>\n<meta name=\"author\" content=\"Hatem Bourial\" \/>\n<meta name=\"twitter:card\" content=\"summary_large_image\" \/>\n<meta name=\"twitter:creator\" content=\"@webdo_tn\" \/>\n<meta name=\"twitter:site\" content=\"@webdo_tn\" \/>\n<meta name=\"twitter:label1\" content=\"\u00c9crit par\" \/>\n\t<meta name=\"twitter:data1\" content=\"Hatem Bourial\" \/>\n\t<meta name=\"twitter:label2\" content=\"Dur\u00e9e de lecture estim\u00e9e\" \/>\n\t<meta name=\"twitter:data2\" content=\"9 minutes\" \/>\n<script type=\"application\/ld+json\" class=\"yoast-schema-graph\">{\"@context\":\"https:\\\/\\\/schema.org\",\"@graph\":[{\"@type\":\"NewsArticle\",\"@id\":\"https:\\\/\\\/www.webdo.tn\\\/fr\\\/actualite\\\/chroniques\\\/rebonds-dou-vient-donc-toute-cette-violence-qui-deferle-sur-la-tunisie\\\/186871\\\/#article\",\"isPartOf\":{\"@id\":\"https:\\\/\\\/www.webdo.tn\\\/fr\\\/actualite\\\/chroniques\\\/rebonds-dou-vient-donc-toute-cette-violence-qui-deferle-sur-la-tunisie\\\/186871\\\/\"},\"author\":{\"name\":\"Hatem Bourial\",\"@id\":\"https:\\\/\\\/www.webdo.tn\\\/fr\\\/#\\\/schema\\\/person\\\/6bc0beba2cd23aec27cb5df85ca2554f\"},\"headline\":\"Rebonds &#8211; D&rsquo;o\u00f9 vient donc toute cette violence qui d\u00e9ferle sur la Tunisie ?\",\"datePublished\":\"2013-10-17T10:03:00+00:00\",\"dateModified\":\"2025-05-19T11:18:25+00:00\",\"mainEntityOfPage\":{\"@id\":\"https:\\\/\\\/www.webdo.tn\\\/fr\\\/actualite\\\/chroniques\\\/rebonds-dou-vient-donc-toute-cette-violence-qui-deferle-sur-la-tunisie\\\/186871\\\/\"},\"wordCount\":1902,\"commentCount\":0,\"publisher\":{\"@id\":\"https:\\\/\\\/www.webdo.tn\\\/fr\\\/#organization\"},\"image\":{\"@id\":\"https:\\\/\\\/www.webdo.tn\\\/fr\\\/actualite\\\/chroniques\\\/rebonds-dou-vient-donc-toute-cette-violence-qui-deferle-sur-la-tunisie\\\/186871\\\/#primaryimage\"},\"thumbnailUrl\":\"https:\\\/\\\/www.webdo.tn\\\/fr\\\/wp-content\\\/uploads\\\/2013\\\/10\\\/Violence-Tunisie-photo-mondoblog.org_.jpg\",\"keywords\":[\"guerre\"],\"articleSection\":[\"Chroniques\"],\"inLanguage\":\"fr-FR\"},{\"@type\":\"WebPage\",\"@id\":\"https:\\\/\\\/www.webdo.tn\\\/fr\\\/actualite\\\/chroniques\\\/rebonds-dou-vient-donc-toute-cette-violence-qui-deferle-sur-la-tunisie\\\/186871\\\/\",\"url\":\"https:\\\/\\\/www.webdo.tn\\\/fr\\\/actualite\\\/chroniques\\\/rebonds-dou-vient-donc-toute-cette-violence-qui-deferle-sur-la-tunisie\\\/186871\\\/\",\"name\":\"Rebonds - D'o\u00f9 vient donc toute cette violence qui d\u00e9ferle sur la Tunisie ?\",\"isPartOf\":{\"@id\":\"https:\\\/\\\/www.webdo.tn\\\/fr\\\/#website\"},\"primaryImageOfPage\":{\"@id\":\"https:\\\/\\\/www.webdo.tn\\\/fr\\\/actualite\\\/chroniques\\\/rebonds-dou-vient-donc-toute-cette-violence-qui-deferle-sur-la-tunisie\\\/186871\\\/#primaryimage\"},\"image\":{\"@id\":\"https:\\\/\\\/www.webdo.tn\\\/fr\\\/actualite\\\/chroniques\\\/rebonds-dou-vient-donc-toute-cette-violence-qui-deferle-sur-la-tunisie\\\/186871\\\/#primaryimage\"},\"thumbnailUrl\":\"https:\\\/\\\/www.webdo.tn\\\/fr\\\/wp-content\\\/uploads\\\/2013\\\/10\\\/Violence-Tunisie-photo-mondoblog.org_.jpg\",\"datePublished\":\"2013-10-17T10:03:00+00:00\",\"dateModified\":\"2025-05-19T11:18:25+00:00\",\"description\":\"Rebonds - D'o\u00f9 vient donc toute cette violence qui d\u00e9ferle sur la Tunisie ?\",\"breadcrumb\":{\"@id\":\"https:\\\/\\\/www.webdo.tn\\\/fr\\\/actualite\\\/chroniques\\\/rebonds-dou-vient-donc-toute-cette-violence-qui-deferle-sur-la-tunisie\\\/186871\\\/#breadcrumb\"},\"inLanguage\":\"fr-FR\",\"potentialAction\":[{\"@type\":\"ReadAction\",\"target\":[\"https:\\\/\\\/www.webdo.tn\\\/fr\\\/actualite\\\/chroniques\\\/rebonds-dou-vient-donc-toute-cette-violence-qui-deferle-sur-la-tunisie\\\/186871\\\/\"]}]},{\"@type\":\"ImageObject\",\"inLanguage\":\"fr-FR\",\"@id\":\"https:\\\/\\\/www.webdo.tn\\\/fr\\\/actualite\\\/chroniques\\\/rebonds-dou-vient-donc-toute-cette-violence-qui-deferle-sur-la-tunisie\\\/186871\\\/#primaryimage\",\"url\":\"https:\\\/\\\/www.webdo.tn\\\/fr\\\/wp-content\\\/uploads\\\/2013\\\/10\\\/Violence-Tunisie-photo-mondoblog.org_.jpg\",\"contentUrl\":\"https:\\\/\\\/www.webdo.tn\\\/fr\\\/wp-content\\\/uploads\\\/2013\\\/10\\\/Violence-Tunisie-photo-mondoblog.org_.jpg\",\"width\":465,\"height\":290,\"caption\":\"Rebonds - D'o\u00f9 vient donc toute cette violence qui d\u00e9ferle sur la Tunisie ?\"},{\"@type\":\"BreadcrumbList\",\"@id\":\"https:\\\/\\\/www.webdo.tn\\\/fr\\\/actualite\\\/chroniques\\\/rebonds-dou-vient-donc-toute-cette-violence-qui-deferle-sur-la-tunisie\\\/186871\\\/#breadcrumb\",\"itemListElement\":[{\"@type\":\"ListItem\",\"position\":1,\"name\":\"Accueil\",\"item\":\"https:\\\/\\\/www.webdo.tn\\\/fr\\\/\"},{\"@type\":\"ListItem\",\"position\":2,\"name\":\"Rebonds &#8211; D&#8217;o\u00f9 vient donc toute cette violence qui d\u00e9ferle sur la Tunisie ?\"}]},{\"@type\":\"WebSite\",\"@id\":\"https:\\\/\\\/www.webdo.tn\\\/fr\\\/#website\",\"url\":\"https:\\\/\\\/www.webdo.tn\\\/fr\\\/\",\"name\":\"webdo\",\"description\":\"Tunisie - News en Tunisie et \u00e0 l&#039;international sur Webdo.tn\",\"publisher\":{\"@id\":\"https:\\\/\\\/www.webdo.tn\\\/fr\\\/#organization\"},\"potentialAction\":[{\"@type\":\"SearchAction\",\"target\":{\"@type\":\"EntryPoint\",\"urlTemplate\":\"https:\\\/\\\/www.webdo.tn\\\/fr\\\/?s={search_term_string}\"},\"query-input\":{\"@type\":\"PropertyValueSpecification\",\"valueRequired\":true,\"valueName\":\"search_term_string\"}}],\"inLanguage\":\"fr-FR\"},{\"@type\":\"Organization\",\"@id\":\"https:\\\/\\\/www.webdo.tn\\\/fr\\\/#organization\",\"name\":\"Webdo\",\"alternateName\":\"Webdo.tn\",\"url\":\"https:\\\/\\\/www.webdo.tn\\\/fr\\\/\",\"logo\":{\"@type\":\"ImageObject\",\"inLanguage\":\"fr-FR\",\"@id\":\"https:\\\/\\\/www.webdo.tn\\\/fr\\\/#\\\/schema\\\/logo\\\/image\\\/\",\"url\":\"https:\\\/\\\/www.webdo.tn\\\/fr\\\/wp-content\\\/uploads\\\/2025\\\/06\\\/Webdo-Tunisie_168377.jpg\",\"contentUrl\":\"https:\\\/\\\/www.webdo.tn\\\/fr\\\/wp-content\\\/uploads\\\/2025\\\/06\\\/Webdo-Tunisie_168377.jpg\",\"width\":301,\"height\":301,\"caption\":\"Webdo\"},\"image\":{\"@id\":\"https:\\\/\\\/www.webdo.tn\\\/fr\\\/#\\\/schema\\\/logo\\\/image\\\/\"},\"sameAs\":[\"https:\\\/\\\/www.facebook.com\\\/webdotn\",\"https:\\\/\\\/x.com\\\/webdo_tn\"],\"description\":\"Webdo est un m\u00e9dia num\u00e9rique tunisien fond\u00e9 en 2010, sp\u00e9cialis\u00e9 dans l\u2019actualit\u00e9 nationale et internationale, l\u2019\u00e9conomie, la soci\u00e9t\u00e9 et les analyses politiques. Le site s\u2019adresse \u00e0 un large public francophone et couvre l\u2019information tunisienne en temps r\u00e9el.\",\"email\":\"redac@webdo.tn\",\"legalName\":\"YNJ SARL\",\"foundingDate\":\"2010-09-06\",\"numberOfEmployees\":{\"@type\":\"QuantitativeValue\",\"minValue\":\"11\",\"maxValue\":\"50\"}},{\"@type\":\"Person\",\"@id\":\"https:\\\/\\\/www.webdo.tn\\\/fr\\\/#\\\/schema\\\/person\\\/6bc0beba2cd23aec27cb5df85ca2554f\",\"name\":\"Hatem Bourial\",\"image\":{\"@type\":\"ImageObject\",\"inLanguage\":\"fr-FR\",\"@id\":\"https:\\\/\\\/www.webdo.tn\\\/fr\\\/wp-content\\\/uploads\\\/2026\\\/04\\\/hatem-bourial_avatar-96x96.jpg\",\"url\":\"https:\\\/\\\/www.webdo.tn\\\/fr\\\/wp-content\\\/uploads\\\/2026\\\/04\\\/hatem-bourial_avatar-96x96.jpg\",\"contentUrl\":\"https:\\\/\\\/www.webdo.tn\\\/fr\\\/wp-content\\\/uploads\\\/2026\\\/04\\\/hatem-bourial_avatar-96x96.jpg\",\"caption\":\"Hatem Bourial\"},\"description\":\"Hatem Bourial est journaliste, \u00e9crivain et chroniqueur tunisien. Actif depuis plusieurs d\u00e9cennies, il s\u2019est impos\u00e9 comme un observateur attentif de la soci\u00e9t\u00e9 tunisienne, m\u00ealant dans ses \u00e9crits m\u00e9moire, culture et analyse du quotidien. Auteur de nombreux ouvrages, il d\u00e9veloppe une \u0153uvre \u00e0 la crois\u00e9e du r\u00e9cit, de la po\u00e9sie et de l\u2019observation sociologique. Parall\u00e8lement \u00e0 ses contributions dans la presse, il intervient r\u00e9guli\u00e8rement \u00e0 la radio et dans des espaces culturels, o\u00f9 il explore les enjeux li\u00e9s au patrimoine, \u00e0 l\u2019identit\u00e9 et aux transformations du monde contemporain. \u00c0 travers ses chroniques, Hatem Bourial propose une lecture sensible et approfondie de l\u2019actualit\u00e9, nourrie par une exp\u00e9rience journalistique et litt\u00e9raire reconnue. \ud83d\udd17 Facebook : https:\\\/\\\/www.facebook.com\\\/hatem.bourial.2025\",\"sameAs\":[\"https:\\\/\\\/www.facebook.com\\\/hatem.bourial.2025\",\"https:\\\/\\\/fr.wikipedia.org\\\/wiki\\\/Fichier:Hatem_Bourial.jpg\"],\"knowsAbout\":[\"Culture & patrimoine tunisien\",\"Chronique soci\u00e9tale\",\"Litt\u00e9rature & m\u00e9moire\",\"Cin\u00e9ma & critique culturelle\",\"Identit\u00e9 & mutations sociales\"],\"knowsLanguage\":[\"Arabe\",\"Fran\u00e7ais\",\"Anglais\",\"Italien\",\"Polonais\"],\"jobTitle\":\"Journaliste, \u00e9crivain et chroniqueur culturel\",\"worksFor\":\"Webdo\",\"url\":\"https:\\\/\\\/www.webdo.tn\\\/fr\\\/actualite\\\/author\\\/hatem-bourial-2\\\/\"}]}<\/script>\n<!-- \/ Yoast SEO Premium plugin. -->","yoast_head_json":{"title":"Rebonds - D'o\u00f9 vient donc toute cette violence qui d\u00e9ferle sur la Tunisie ?","description":"Rebonds - D'o\u00f9 vient donc toute cette violence qui d\u00e9ferle sur la Tunisie ?","canonical":"https:\/\/www.webdo.tn\/fr\/actualite\/chroniques\/rebonds-dou-vient-donc-toute-cette-violence-qui-deferle-sur-la-tunisie\/186871\/","og_locale":"fr_FR","og_type":"article","og_title":"Rebonds - D'o\u00f9 vient donc toute cette violence qui d\u00e9ferle sur la Tunisie ?","og_description":"Rebonds - D'o\u00f9 vient donc toute cette violence qui d\u00e9ferle sur la Tunisie ?","og_url":"https:\/\/www.webdo.tn\/fr\/actualite\/chroniques\/rebonds-dou-vient-donc-toute-cette-violence-qui-deferle-sur-la-tunisie\/186871\/","og_site_name":"webdo","article_publisher":"https:\/\/www.facebook.com\/webdotn","article_author":"https:\/\/www.facebook.com\/hatem.bourial.2025","article_published_time":"2013-10-17T10:03:00+00:00","article_modified_time":"2025-05-19T11:18:25+00:00","og_image":[{"width":465,"height":290,"url":"https:\/\/www.webdo.tn\/fr\/wp-content\/uploads\/2013\/10\/Violence-Tunisie-photo-mondoblog.org_.jpg","type":"image\/jpeg"}],"author":"Hatem Bourial","twitter_card":"summary_large_image","twitter_creator":"@webdo_tn","twitter_site":"@webdo_tn","twitter_misc":{"\u00c9crit par":"Hatem Bourial","Dur\u00e9e de lecture estim\u00e9e":"9 minutes"},"schema":{"@context":"https:\/\/schema.org","@graph":[{"@type":"NewsArticle","@id":"https:\/\/www.webdo.tn\/fr\/actualite\/chroniques\/rebonds-dou-vient-donc-toute-cette-violence-qui-deferle-sur-la-tunisie\/186871\/#article","isPartOf":{"@id":"https:\/\/www.webdo.tn\/fr\/actualite\/chroniques\/rebonds-dou-vient-donc-toute-cette-violence-qui-deferle-sur-la-tunisie\/186871\/"},"author":{"name":"Hatem Bourial","@id":"https:\/\/www.webdo.tn\/fr\/#\/schema\/person\/6bc0beba2cd23aec27cb5df85ca2554f"},"headline":"Rebonds &#8211; D&rsquo;o\u00f9 vient donc toute cette violence qui d\u00e9ferle sur la Tunisie ?","datePublished":"2013-10-17T10:03:00+00:00","dateModified":"2025-05-19T11:18:25+00:00","mainEntityOfPage":{"@id":"https:\/\/www.webdo.tn\/fr\/actualite\/chroniques\/rebonds-dou-vient-donc-toute-cette-violence-qui-deferle-sur-la-tunisie\/186871\/"},"wordCount":1902,"commentCount":0,"publisher":{"@id":"https:\/\/www.webdo.tn\/fr\/#organization"},"image":{"@id":"https:\/\/www.webdo.tn\/fr\/actualite\/chroniques\/rebonds-dou-vient-donc-toute-cette-violence-qui-deferle-sur-la-tunisie\/186871\/#primaryimage"},"thumbnailUrl":"https:\/\/www.webdo.tn\/fr\/wp-content\/uploads\/2013\/10\/Violence-Tunisie-photo-mondoblog.org_.jpg","keywords":["guerre"],"articleSection":["Chroniques"],"inLanguage":"fr-FR"},{"@type":"WebPage","@id":"https:\/\/www.webdo.tn\/fr\/actualite\/chroniques\/rebonds-dou-vient-donc-toute-cette-violence-qui-deferle-sur-la-tunisie\/186871\/","url":"https:\/\/www.webdo.tn\/fr\/actualite\/chroniques\/rebonds-dou-vient-donc-toute-cette-violence-qui-deferle-sur-la-tunisie\/186871\/","name":"Rebonds - D'o\u00f9 vient donc toute cette violence qui d\u00e9ferle sur la Tunisie ?","isPartOf":{"@id":"https:\/\/www.webdo.tn\/fr\/#website"},"primaryImageOfPage":{"@id":"https:\/\/www.webdo.tn\/fr\/actualite\/chroniques\/rebonds-dou-vient-donc-toute-cette-violence-qui-deferle-sur-la-tunisie\/186871\/#primaryimage"},"image":{"@id":"https:\/\/www.webdo.tn\/fr\/actualite\/chroniques\/rebonds-dou-vient-donc-toute-cette-violence-qui-deferle-sur-la-tunisie\/186871\/#primaryimage"},"thumbnailUrl":"https:\/\/www.webdo.tn\/fr\/wp-content\/uploads\/2013\/10\/Violence-Tunisie-photo-mondoblog.org_.jpg","datePublished":"2013-10-17T10:03:00+00:00","dateModified":"2025-05-19T11:18:25+00:00","description":"Rebonds - D'o\u00f9 vient donc toute cette violence qui d\u00e9ferle sur la Tunisie ?","breadcrumb":{"@id":"https:\/\/www.webdo.tn\/fr\/actualite\/chroniques\/rebonds-dou-vient-donc-toute-cette-violence-qui-deferle-sur-la-tunisie\/186871\/#breadcrumb"},"inLanguage":"fr-FR","potentialAction":[{"@type":"ReadAction","target":["https:\/\/www.webdo.tn\/fr\/actualite\/chroniques\/rebonds-dou-vient-donc-toute-cette-violence-qui-deferle-sur-la-tunisie\/186871\/"]}]},{"@type":"ImageObject","inLanguage":"fr-FR","@id":"https:\/\/www.webdo.tn\/fr\/actualite\/chroniques\/rebonds-dou-vient-donc-toute-cette-violence-qui-deferle-sur-la-tunisie\/186871\/#primaryimage","url":"https:\/\/www.webdo.tn\/fr\/wp-content\/uploads\/2013\/10\/Violence-Tunisie-photo-mondoblog.org_.jpg","contentUrl":"https:\/\/www.webdo.tn\/fr\/wp-content\/uploads\/2013\/10\/Violence-Tunisie-photo-mondoblog.org_.jpg","width":465,"height":290,"caption":"Rebonds - D'o\u00f9 vient donc toute cette violence qui d\u00e9ferle sur la Tunisie ?"},{"@type":"BreadcrumbList","@id":"https:\/\/www.webdo.tn\/fr\/actualite\/chroniques\/rebonds-dou-vient-donc-toute-cette-violence-qui-deferle-sur-la-tunisie\/186871\/#breadcrumb","itemListElement":[{"@type":"ListItem","position":1,"name":"Accueil","item":"https:\/\/www.webdo.tn\/fr\/"},{"@type":"ListItem","position":2,"name":"Rebonds &#8211; D&#8217;o\u00f9 vient donc toute cette violence qui d\u00e9ferle sur la Tunisie ?"}]},{"@type":"WebSite","@id":"https:\/\/www.webdo.tn\/fr\/#website","url":"https:\/\/www.webdo.tn\/fr\/","name":"webdo","description":"Tunisie - News en Tunisie et \u00e0 l&#039;international sur Webdo.tn","publisher":{"@id":"https:\/\/www.webdo.tn\/fr\/#organization"},"potentialAction":[{"@type":"SearchAction","target":{"@type":"EntryPoint","urlTemplate":"https:\/\/www.webdo.tn\/fr\/?s={search_term_string}"},"query-input":{"@type":"PropertyValueSpecification","valueRequired":true,"valueName":"search_term_string"}}],"inLanguage":"fr-FR"},{"@type":"Organization","@id":"https:\/\/www.webdo.tn\/fr\/#organization","name":"Webdo","alternateName":"Webdo.tn","url":"https:\/\/www.webdo.tn\/fr\/","logo":{"@type":"ImageObject","inLanguage":"fr-FR","@id":"https:\/\/www.webdo.tn\/fr\/#\/schema\/logo\/image\/","url":"https:\/\/www.webdo.tn\/fr\/wp-content\/uploads\/2025\/06\/Webdo-Tunisie_168377.jpg","contentUrl":"https:\/\/www.webdo.tn\/fr\/wp-content\/uploads\/2025\/06\/Webdo-Tunisie_168377.jpg","width":301,"height":301,"caption":"Webdo"},"image":{"@id":"https:\/\/www.webdo.tn\/fr\/#\/schema\/logo\/image\/"},"sameAs":["https:\/\/www.facebook.com\/webdotn","https:\/\/x.com\/webdo_tn"],"description":"Webdo est un m\u00e9dia num\u00e9rique tunisien fond\u00e9 en 2010, sp\u00e9cialis\u00e9 dans l\u2019actualit\u00e9 nationale et internationale, l\u2019\u00e9conomie, la soci\u00e9t\u00e9 et les analyses politiques. Le site s\u2019adresse \u00e0 un large public francophone et couvre l\u2019information tunisienne en temps r\u00e9el.","email":"redac@webdo.tn","legalName":"YNJ SARL","foundingDate":"2010-09-06","numberOfEmployees":{"@type":"QuantitativeValue","minValue":"11","maxValue":"50"}},{"@type":"Person","@id":"https:\/\/www.webdo.tn\/fr\/#\/schema\/person\/6bc0beba2cd23aec27cb5df85ca2554f","name":"Hatem Bourial","image":{"@type":"ImageObject","inLanguage":"fr-FR","@id":"https:\/\/www.webdo.tn\/fr\/wp-content\/uploads\/2026\/04\/hatem-bourial_avatar-96x96.jpg","url":"https:\/\/www.webdo.tn\/fr\/wp-content\/uploads\/2026\/04\/hatem-bourial_avatar-96x96.jpg","contentUrl":"https:\/\/www.webdo.tn\/fr\/wp-content\/uploads\/2026\/04\/hatem-bourial_avatar-96x96.jpg","caption":"Hatem Bourial"},"description":"Hatem Bourial est journaliste, \u00e9crivain et chroniqueur tunisien. Actif depuis plusieurs d\u00e9cennies, il s\u2019est impos\u00e9 comme un observateur attentif de la soci\u00e9t\u00e9 tunisienne, m\u00ealant dans ses \u00e9crits m\u00e9moire, culture et analyse du quotidien. Auteur de nombreux ouvrages, il d\u00e9veloppe une \u0153uvre \u00e0 la crois\u00e9e du r\u00e9cit, de la po\u00e9sie et de l\u2019observation sociologique. Parall\u00e8lement \u00e0 ses contributions dans la presse, il intervient r\u00e9guli\u00e8rement \u00e0 la radio et dans des espaces culturels, o\u00f9 il explore les enjeux li\u00e9s au patrimoine, \u00e0 l\u2019identit\u00e9 et aux transformations du monde contemporain. \u00c0 travers ses chroniques, Hatem Bourial propose une lecture sensible et approfondie de l\u2019actualit\u00e9, nourrie par une exp\u00e9rience journalistique et litt\u00e9raire reconnue. \ud83d\udd17 Facebook : https:\/\/www.facebook.com\/hatem.bourial.2025","sameAs":["https:\/\/www.facebook.com\/hatem.bourial.2025","https:\/\/fr.wikipedia.org\/wiki\/Fichier:Hatem_Bourial.jpg"],"knowsAbout":["Culture & patrimoine tunisien","Chronique soci\u00e9tale","Litt\u00e9rature & m\u00e9moire","Cin\u00e9ma & critique culturelle","Identit\u00e9 & mutations sociales"],"knowsLanguage":["Arabe","Fran\u00e7ais","Anglais","Italien","Polonais"],"jobTitle":"Journaliste, \u00e9crivain et chroniqueur culturel","worksFor":"Webdo","url":"https:\/\/www.webdo.tn\/fr\/actualite\/author\/hatem-bourial-2\/"}]}},"_links":{"self":[{"href":"https:\/\/www.webdo.tn\/fr\/wp-json\/wp\/v2\/posts\/186871","targetHints":{"allow":["GET"]}}],"collection":[{"href":"https:\/\/www.webdo.tn\/fr\/wp-json\/wp\/v2\/posts"}],"about":[{"href":"https:\/\/www.webdo.tn\/fr\/wp-json\/wp\/v2\/types\/post"}],"author":[{"embeddable":true,"href":"https:\/\/www.webdo.tn\/fr\/wp-json\/wp\/v2\/users\/3229"}],"replies":[{"embeddable":true,"href":"https:\/\/www.webdo.tn\/fr\/wp-json\/wp\/v2\/comments?post=186871"}],"version-history":[{"count":0,"href":"https:\/\/www.webdo.tn\/fr\/wp-json\/wp\/v2\/posts\/186871\/revisions"}],"wp:featuredmedia":[{"embeddable":true,"href":"https:\/\/www.webdo.tn\/fr\/wp-json\/wp\/v2\/media\/322442"}],"wp:attachment":[{"href":"https:\/\/www.webdo.tn\/fr\/wp-json\/wp\/v2\/media?parent=186871"}],"wp:term":[{"taxonomy":"category","embeddable":true,"href":"https:\/\/www.webdo.tn\/fr\/wp-json\/wp\/v2\/categories?post=186871"},{"taxonomy":"post_tag","embeddable":true,"href":"https:\/\/www.webdo.tn\/fr\/wp-json\/wp\/v2\/tags?post=186871"}],"curies":[{"name":"wp","href":"https:\/\/api.w.org\/{rel}","templated":true}]}}