{"id":186869,"date":"2013-10-16T11:36:00","date_gmt":"2013-10-16T11:36:00","guid":{"rendered":"https:\/\/www.webdo.tn\/fr\/blog\/le-billet-dun-ecolo-qui-sauvera-les-trois-dernieres-gazelles-tunisiennes\/186869\/"},"modified":"2013-10-16T11:36:00","modified_gmt":"2013-10-16T11:36:00","slug":"le-billet-dun-ecolo-qui-sauvera-les-trois-dernieres-gazelles-tunisiennes","status":"publish","type":"post","link":"https:\/\/www.webdo.tn\/fr\/actualite\/chroniques\/le-billet-dun-ecolo-qui-sauvera-les-trois-dernieres-gazelles-tunisiennes\/186869\/","title":{"rendered":"Le billet d&rsquo;un \u00e9colo &#8211; Qui sauvera les trois derni\u00e8res gazelles tunisiennes?"},"content":{"rendered":"<p>Selon un dicton bien connu, la Tunisie serait la terre des gazelles. En effet, notre pays en abrite quatre esp\u00e8ces qui sont les gazelles dorcas, les gazelles mohr, les gazelles des montagnes qu&rsquo;on trouve au Chaambi et les gazelles Rim du Sahara.<\/p>\n<p>Malheureusement, trois de ces esp\u00e8ces sont aujourd&rsquo;hui menac\u00e9es de disparition, surtout les gazelles mohr.<br \/>\nIl ne reste plus d\u00e9sormais que trois gazelles mohr en Tunisie. Pire, il s&rsquo;agit de trois m\u00e2les, ce qui ne laisse de chance \u00e0 leur reproduction qu&rsquo;au cas o\u00f9 des femelles seraient introduites et import\u00e9es de Mauritanie.Ces trois derni\u00e8res gazelles vivent aujourd&rsquo;hui dans la r\u00e9gion de Haddej, non loin de Jbel Orbata. Elles font partie d&rsquo;un troupeau de 80 gazelles qui a \u00e9t\u00e9 d\u00e9cim\u00e9 au cours des derni\u00e8res ann\u00e9es. Cette extermination des gazelles s&rsquo;est acc\u00e9l\u00e9r\u00e9e apr\u00e8s la r\u00e9volution tunisienne. Conjugu\u00e9e \u00e0 la passivit\u00e9 des responsables forestiers, la chasse anarchique a eu raison de ce troupeau en plein d\u00e9veloppement. Car il faut noter que les gazelles mohr avaient disparu de l&rsquo;environnement tunisien puis ont \u00e9t\u00e9 r\u00e9introduites avec succ\u00e8s au cours des ann\u00e9es 90, avec l&rsquo;appui de l&rsquo;Union europ\u00e9enne. D&rsquo;ailleurs, devant la r\u00e9ussite de cette op\u00e9ration, il \u00e9tait pr\u00e9vu de r\u00e9introduire ces gazelles dans d&rsquo;autres zones prot\u00e9g\u00e9es. La r\u00e9volution est venue mettre un terme \u00e0 ces projets.<\/p>\n<p>Aujourd&rsquo;hui, une grande menace p\u00e8se sur les trois gazelles encore vivantes, car elles pourraient \u00eatre tu\u00e9es \u00e0 tout moment et subissent la pression des chasseurs qui visent le sanglier et la perdrix.<\/p>\n<p>Comment sauver les derni\u00e8res gazelles tunisiennes? Comment \u00e9viter que les gazelles des montagnes et les gazelles rim du Sahara ne subissent le m\u00eame sort? Vaste probl\u00e8me qui demeure en qu\u00eate de solutions durables&#8230;<\/p>\n","protected":false},"excerpt":{"rendered":"<p>Le billet d&rsquo;un \u00e9colo &#8211; Qui sauvera les trois derni\u00e8res gazelles tunisiennes?<\/p>\n","protected":false},"author":3229,"featured_media":334515,"comment_status":"open","ping_status":"closed","sticky":false,"template":"","format":"standard","meta":{"footnotes":""},"categories":[2596],"tags":[2600],"class_list":["post-186869","post","type-post","status-publish","format-standard","has-post-thumbnail","hentry","category-chroniques","tag-guerre"],"yoast_head":"<!-- This site is optimized with the Yoast SEO Premium plugin v27.5 (Yoast SEO v27.5) - https:\/\/yoast.com\/product\/yoast-seo-premium-wordpress\/ -->\n<title>Le billet d&#039;un \u00e9colo - Qui sauvera les trois derni\u00e8res gazelles tunisiennes?<\/title>\n<meta name=\"description\" content=\"Le billet d&#039;un \u00e9colo - Qui sauvera les trois derni\u00e8res gazelles tunisiennes?\" \/>\n<link rel=\"canonical\" href=\"https:\/\/www.webdo.tn\/fr\/actualite\/chroniques\/le-billet-dun-ecolo-qui-sauvera-les-trois-dernieres-gazelles-tunisiennes\/186869\/\" \/>\n<meta property=\"og:locale\" content=\"fr_FR\" \/>\n<meta property=\"og:type\" content=\"article\" \/>\n<meta property=\"og:title\" content=\"Le billet d&#039;un \u00e9colo - Qui sauvera les trois derni\u00e8res gazelles tunisiennes?\" \/>\n<meta property=\"og:description\" content=\"Le billet d&#039;un \u00e9colo - Qui sauvera les trois derni\u00e8res gazelles tunisiennes?\" \/>\n<meta property=\"og:url\" content=\"https:\/\/www.webdo.tn\/fr\/actualite\/chroniques\/le-billet-dun-ecolo-qui-sauvera-les-trois-dernieres-gazelles-tunisiennes\/186869\/\" \/>\n<meta property=\"og:site_name\" content=\"webdo\" \/>\n<meta property=\"article:publisher\" content=\"https:\/\/www.facebook.com\/webdotn\" \/>\n<meta property=\"article:author\" content=\"https:\/\/www.facebook.com\/hatem.bourial.2025\" \/>\n<meta property=\"article:published_time\" content=\"2013-10-16T11:36:00+00:00\" \/>\n<meta property=\"og:image\" content=\"https:\/\/www.webdo.tn\/fr\/wp-content\/uploads\/2013\/10\/Gazelles-mohr-Haddeje-Gafsa-Tunisie.jpg\" \/>\n\t<meta property=\"og:image:width\" content=\"600\" \/>\n\t<meta property=\"og:image:height\" content=\"390\" \/>\n\t<meta property=\"og:image:type\" content=\"image\/jpeg\" \/>\n<meta name=\"author\" content=\"Hatem Bourial\" \/>\n<meta name=\"twitter:card\" content=\"summary_large_image\" \/>\n<meta name=\"twitter:creator\" content=\"@webdo_tn\" \/>\n<meta name=\"twitter:site\" content=\"@webdo_tn\" \/>\n<meta name=\"twitter:label1\" content=\"\u00c9crit par\" \/>\n\t<meta name=\"twitter:data1\" content=\"Hatem Bourial\" \/>\n\t<meta name=\"twitter:label2\" content=\"Dur\u00e9e de lecture estim\u00e9e\" \/>\n\t<meta name=\"twitter:data2\" content=\"2 minutes\" \/>\n<script type=\"application\/ld+json\" class=\"yoast-schema-graph\">{\"@context\":\"https:\\\/\\\/schema.org\",\"@graph\":[{\"@type\":\"NewsArticle\",\"@id\":\"https:\\\/\\\/www.webdo.tn\\\/fr\\\/actualite\\\/chroniques\\\/le-billet-dun-ecolo-qui-sauvera-les-trois-dernieres-gazelles-tunisiennes\\\/186869\\\/#article\",\"isPartOf\":{\"@id\":\"https:\\\/\\\/www.webdo.tn\\\/fr\\\/actualite\\\/chroniques\\\/le-billet-dun-ecolo-qui-sauvera-les-trois-dernieres-gazelles-tunisiennes\\\/186869\\\/\"},\"author\":{\"name\":\"Hatem Bourial\",\"@id\":\"https:\\\/\\\/www.webdo.tn\\\/fr\\\/#\\\/schema\\\/person\\\/6bc0beba2cd23aec27cb5df85ca2554f\"},\"headline\":\"Le billet d&rsquo;un \u00e9colo &#8211; Qui sauvera les trois derni\u00e8res gazelles tunisiennes?\",\"datePublished\":\"2013-10-16T11:36:00+00:00\",\"mainEntityOfPage\":{\"@id\":\"https:\\\/\\\/www.webdo.tn\\\/fr\\\/actualite\\\/chroniques\\\/le-billet-dun-ecolo-qui-sauvera-les-trois-dernieres-gazelles-tunisiennes\\\/186869\\\/\"},\"wordCount\":333,\"commentCount\":0,\"publisher\":{\"@id\":\"https:\\\/\\\/www.webdo.tn\\\/fr\\\/#organization\"},\"image\":{\"@id\":\"https:\\\/\\\/www.webdo.tn\\\/fr\\\/actualite\\\/chroniques\\\/le-billet-dun-ecolo-qui-sauvera-les-trois-dernieres-gazelles-tunisiennes\\\/186869\\\/#primaryimage\"},\"thumbnailUrl\":\"https:\\\/\\\/www.webdo.tn\\\/fr\\\/wp-content\\\/uploads\\\/2013\\\/10\\\/Gazelles-mohr-Haddeje-Gafsa-Tunisie.jpg\",\"keywords\":[\"guerre\"],\"articleSection\":[\"Chroniques\"],\"inLanguage\":\"fr-FR\"},{\"@type\":\"WebPage\",\"@id\":\"https:\\\/\\\/www.webdo.tn\\\/fr\\\/actualite\\\/chroniques\\\/le-billet-dun-ecolo-qui-sauvera-les-trois-dernieres-gazelles-tunisiennes\\\/186869\\\/\",\"url\":\"https:\\\/\\\/www.webdo.tn\\\/fr\\\/actualite\\\/chroniques\\\/le-billet-dun-ecolo-qui-sauvera-les-trois-dernieres-gazelles-tunisiennes\\\/186869\\\/\",\"name\":\"Le billet d'un \u00e9colo - Qui sauvera les trois derni\u00e8res gazelles tunisiennes?\",\"isPartOf\":{\"@id\":\"https:\\\/\\\/www.webdo.tn\\\/fr\\\/#website\"},\"primaryImageOfPage\":{\"@id\":\"https:\\\/\\\/www.webdo.tn\\\/fr\\\/actualite\\\/chroniques\\\/le-billet-dun-ecolo-qui-sauvera-les-trois-dernieres-gazelles-tunisiennes\\\/186869\\\/#primaryimage\"},\"image\":{\"@id\":\"https:\\\/\\\/www.webdo.tn\\\/fr\\\/actualite\\\/chroniques\\\/le-billet-dun-ecolo-qui-sauvera-les-trois-dernieres-gazelles-tunisiennes\\\/186869\\\/#primaryimage\"},\"thumbnailUrl\":\"https:\\\/\\\/www.webdo.tn\\\/fr\\\/wp-content\\\/uploads\\\/2013\\\/10\\\/Gazelles-mohr-Haddeje-Gafsa-Tunisie.jpg\",\"datePublished\":\"2013-10-16T11:36:00+00:00\",\"description\":\"Le billet d'un \u00e9colo - Qui sauvera les trois derni\u00e8res gazelles tunisiennes?\",\"breadcrumb\":{\"@id\":\"https:\\\/\\\/www.webdo.tn\\\/fr\\\/actualite\\\/chroniques\\\/le-billet-dun-ecolo-qui-sauvera-les-trois-dernieres-gazelles-tunisiennes\\\/186869\\\/#breadcrumb\"},\"inLanguage\":\"fr-FR\",\"potentialAction\":[{\"@type\":\"ReadAction\",\"target\":[\"https:\\\/\\\/www.webdo.tn\\\/fr\\\/actualite\\\/chroniques\\\/le-billet-dun-ecolo-qui-sauvera-les-trois-dernieres-gazelles-tunisiennes\\\/186869\\\/\"]}]},{\"@type\":\"ImageObject\",\"inLanguage\":\"fr-FR\",\"@id\":\"https:\\\/\\\/www.webdo.tn\\\/fr\\\/actualite\\\/chroniques\\\/le-billet-dun-ecolo-qui-sauvera-les-trois-dernieres-gazelles-tunisiennes\\\/186869\\\/#primaryimage\",\"url\":\"https:\\\/\\\/www.webdo.tn\\\/fr\\\/wp-content\\\/uploads\\\/2013\\\/10\\\/Gazelles-mohr-Haddeje-Gafsa-Tunisie.jpg\",\"contentUrl\":\"https:\\\/\\\/www.webdo.tn\\\/fr\\\/wp-content\\\/uploads\\\/2013\\\/10\\\/Gazelles-mohr-Haddeje-Gafsa-Tunisie.jpg\",\"width\":600,\"height\":390,\"caption\":\"Le billet d'un \u00e9colo - Qui sauvera les trois derni\u00e8res gazelles tunisiennes?\"},{\"@type\":\"BreadcrumbList\",\"@id\":\"https:\\\/\\\/www.webdo.tn\\\/fr\\\/actualite\\\/chroniques\\\/le-billet-dun-ecolo-qui-sauvera-les-trois-dernieres-gazelles-tunisiennes\\\/186869\\\/#breadcrumb\",\"itemListElement\":[{\"@type\":\"ListItem\",\"position\":1,\"name\":\"Accueil\",\"item\":\"https:\\\/\\\/www.webdo.tn\\\/fr\\\/\"},{\"@type\":\"ListItem\",\"position\":2,\"name\":\"Le billet d&#8217;un \u00e9colo &#8211; Qui sauvera les trois derni\u00e8res gazelles tunisiennes?\"}]},{\"@type\":\"WebSite\",\"@id\":\"https:\\\/\\\/www.webdo.tn\\\/fr\\\/#website\",\"url\":\"https:\\\/\\\/www.webdo.tn\\\/fr\\\/\",\"name\":\"webdo\",\"description\":\"Tunisie - News en Tunisie et \u00e0 l&#039;international sur Webdo.tn\",\"publisher\":{\"@id\":\"https:\\\/\\\/www.webdo.tn\\\/fr\\\/#organization\"},\"potentialAction\":[{\"@type\":\"SearchAction\",\"target\":{\"@type\":\"EntryPoint\",\"urlTemplate\":\"https:\\\/\\\/www.webdo.tn\\\/fr\\\/?s={search_term_string}\"},\"query-input\":{\"@type\":\"PropertyValueSpecification\",\"valueRequired\":true,\"valueName\":\"search_term_string\"}}],\"inLanguage\":\"fr-FR\"},{\"@type\":\"Organization\",\"@id\":\"https:\\\/\\\/www.webdo.tn\\\/fr\\\/#organization\",\"name\":\"Webdo\",\"alternateName\":\"Webdo.tn\",\"url\":\"https:\\\/\\\/www.webdo.tn\\\/fr\\\/\",\"logo\":{\"@type\":\"ImageObject\",\"inLanguage\":\"fr-FR\",\"@id\":\"https:\\\/\\\/www.webdo.tn\\\/fr\\\/#\\\/schema\\\/logo\\\/image\\\/\",\"url\":\"https:\\\/\\\/www.webdo.tn\\\/fr\\\/wp-content\\\/uploads\\\/2025\\\/06\\\/Webdo-Tunisie_168377.jpg\",\"contentUrl\":\"https:\\\/\\\/www.webdo.tn\\\/fr\\\/wp-content\\\/uploads\\\/2025\\\/06\\\/Webdo-Tunisie_168377.jpg\",\"width\":301,\"height\":301,\"caption\":\"Webdo\"},\"image\":{\"@id\":\"https:\\\/\\\/www.webdo.tn\\\/fr\\\/#\\\/schema\\\/logo\\\/image\\\/\"},\"sameAs\":[\"https:\\\/\\\/www.facebook.com\\\/webdotn\",\"https:\\\/\\\/x.com\\\/webdo_tn\"],\"description\":\"Webdo est un m\u00e9dia num\u00e9rique tunisien fond\u00e9 en 2010, sp\u00e9cialis\u00e9 dans l\u2019actualit\u00e9 nationale et internationale, l\u2019\u00e9conomie, la soci\u00e9t\u00e9 et les analyses politiques. Le site s\u2019adresse \u00e0 un large public francophone et couvre l\u2019information tunisienne en temps r\u00e9el.\",\"email\":\"redac@webdo.tn\",\"legalName\":\"YNJ SARL\",\"foundingDate\":\"2010-09-06\",\"numberOfEmployees\":{\"@type\":\"QuantitativeValue\",\"minValue\":\"11\",\"maxValue\":\"50\"}},{\"@type\":\"Person\",\"@id\":\"https:\\\/\\\/www.webdo.tn\\\/fr\\\/#\\\/schema\\\/person\\\/6bc0beba2cd23aec27cb5df85ca2554f\",\"name\":\"Hatem Bourial\",\"image\":{\"@type\":\"ImageObject\",\"inLanguage\":\"fr-FR\",\"@id\":\"https:\\\/\\\/www.webdo.tn\\\/fr\\\/wp-content\\\/uploads\\\/2026\\\/04\\\/hatem-bourial_avatar-96x96.jpg\",\"url\":\"https:\\\/\\\/www.webdo.tn\\\/fr\\\/wp-content\\\/uploads\\\/2026\\\/04\\\/hatem-bourial_avatar-96x96.jpg\",\"contentUrl\":\"https:\\\/\\\/www.webdo.tn\\\/fr\\\/wp-content\\\/uploads\\\/2026\\\/04\\\/hatem-bourial_avatar-96x96.jpg\",\"caption\":\"Hatem Bourial\"},\"description\":\"Hatem Bourial est journaliste, \u00e9crivain et chroniqueur tunisien. Actif depuis plusieurs d\u00e9cennies, il s\u2019est impos\u00e9 comme un observateur attentif de la soci\u00e9t\u00e9 tunisienne, m\u00ealant dans ses \u00e9crits m\u00e9moire, culture et analyse du quotidien. Auteur de nombreux ouvrages, il d\u00e9veloppe une \u0153uvre \u00e0 la crois\u00e9e du r\u00e9cit, de la po\u00e9sie et de l\u2019observation sociologique. Parall\u00e8lement \u00e0 ses contributions dans la presse, il intervient r\u00e9guli\u00e8rement \u00e0 la radio et dans des espaces culturels, o\u00f9 il explore les enjeux li\u00e9s au patrimoine, \u00e0 l\u2019identit\u00e9 et aux transformations du monde contemporain. \u00c0 travers ses chroniques, Hatem Bourial propose une lecture sensible et approfondie de l\u2019actualit\u00e9, nourrie par une exp\u00e9rience journalistique et litt\u00e9raire reconnue. \ud83d\udd17 Facebook : https:\\\/\\\/www.facebook.com\\\/hatem.bourial.2025\",\"sameAs\":[\"https:\\\/\\\/www.facebook.com\\\/hatem.bourial.2025\",\"https:\\\/\\\/fr.wikipedia.org\\\/wiki\\\/Fichier:Hatem_Bourial.jpg\"],\"knowsAbout\":[\"Culture & patrimoine tunisien\",\"Chronique soci\u00e9tale\",\"Litt\u00e9rature & m\u00e9moire\",\"Cin\u00e9ma & critique culturelle\",\"Identit\u00e9 & mutations sociales\"],\"knowsLanguage\":[\"Arabe\",\"Fran\u00e7ais\",\"Anglais\",\"Italien\",\"Polonais\"],\"jobTitle\":\"Journaliste, \u00e9crivain et chroniqueur culturel\",\"worksFor\":\"Webdo\",\"url\":\"https:\\\/\\\/www.webdo.tn\\\/fr\\\/actualite\\\/author\\\/hatem-bourial-2\\\/\"}]}<\/script>\n<!-- \/ Yoast SEO Premium plugin. -->","yoast_head_json":{"title":"Le billet d'un \u00e9colo - Qui sauvera les trois derni\u00e8res gazelles tunisiennes?","description":"Le billet d'un \u00e9colo - Qui sauvera les trois derni\u00e8res gazelles tunisiennes?","canonical":"https:\/\/www.webdo.tn\/fr\/actualite\/chroniques\/le-billet-dun-ecolo-qui-sauvera-les-trois-dernieres-gazelles-tunisiennes\/186869\/","og_locale":"fr_FR","og_type":"article","og_title":"Le billet d'un \u00e9colo - Qui sauvera les trois derni\u00e8res gazelles tunisiennes?","og_description":"Le billet d'un \u00e9colo - Qui sauvera les trois derni\u00e8res gazelles tunisiennes?","og_url":"https:\/\/www.webdo.tn\/fr\/actualite\/chroniques\/le-billet-dun-ecolo-qui-sauvera-les-trois-dernieres-gazelles-tunisiennes\/186869\/","og_site_name":"webdo","article_publisher":"https:\/\/www.facebook.com\/webdotn","article_author":"https:\/\/www.facebook.com\/hatem.bourial.2025","article_published_time":"2013-10-16T11:36:00+00:00","og_image":[{"width":600,"height":390,"url":"https:\/\/www.webdo.tn\/fr\/wp-content\/uploads\/2013\/10\/Gazelles-mohr-Haddeje-Gafsa-Tunisie.jpg","type":"image\/jpeg"}],"author":"Hatem Bourial","twitter_card":"summary_large_image","twitter_creator":"@webdo_tn","twitter_site":"@webdo_tn","twitter_misc":{"\u00c9crit par":"Hatem Bourial","Dur\u00e9e de lecture estim\u00e9e":"2 minutes"},"schema":{"@context":"https:\/\/schema.org","@graph":[{"@type":"NewsArticle","@id":"https:\/\/www.webdo.tn\/fr\/actualite\/chroniques\/le-billet-dun-ecolo-qui-sauvera-les-trois-dernieres-gazelles-tunisiennes\/186869\/#article","isPartOf":{"@id":"https:\/\/www.webdo.tn\/fr\/actualite\/chroniques\/le-billet-dun-ecolo-qui-sauvera-les-trois-dernieres-gazelles-tunisiennes\/186869\/"},"author":{"name":"Hatem Bourial","@id":"https:\/\/www.webdo.tn\/fr\/#\/schema\/person\/6bc0beba2cd23aec27cb5df85ca2554f"},"headline":"Le billet d&rsquo;un \u00e9colo &#8211; Qui sauvera les trois derni\u00e8res gazelles tunisiennes?","datePublished":"2013-10-16T11:36:00+00:00","mainEntityOfPage":{"@id":"https:\/\/www.webdo.tn\/fr\/actualite\/chroniques\/le-billet-dun-ecolo-qui-sauvera-les-trois-dernieres-gazelles-tunisiennes\/186869\/"},"wordCount":333,"commentCount":0,"publisher":{"@id":"https:\/\/www.webdo.tn\/fr\/#organization"},"image":{"@id":"https:\/\/www.webdo.tn\/fr\/actualite\/chroniques\/le-billet-dun-ecolo-qui-sauvera-les-trois-dernieres-gazelles-tunisiennes\/186869\/#primaryimage"},"thumbnailUrl":"https:\/\/www.webdo.tn\/fr\/wp-content\/uploads\/2013\/10\/Gazelles-mohr-Haddeje-Gafsa-Tunisie.jpg","keywords":["guerre"],"articleSection":["Chroniques"],"inLanguage":"fr-FR"},{"@type":"WebPage","@id":"https:\/\/www.webdo.tn\/fr\/actualite\/chroniques\/le-billet-dun-ecolo-qui-sauvera-les-trois-dernieres-gazelles-tunisiennes\/186869\/","url":"https:\/\/www.webdo.tn\/fr\/actualite\/chroniques\/le-billet-dun-ecolo-qui-sauvera-les-trois-dernieres-gazelles-tunisiennes\/186869\/","name":"Le billet d'un \u00e9colo - Qui sauvera les trois derni\u00e8res gazelles tunisiennes?","isPartOf":{"@id":"https:\/\/www.webdo.tn\/fr\/#website"},"primaryImageOfPage":{"@id":"https:\/\/www.webdo.tn\/fr\/actualite\/chroniques\/le-billet-dun-ecolo-qui-sauvera-les-trois-dernieres-gazelles-tunisiennes\/186869\/#primaryimage"},"image":{"@id":"https:\/\/www.webdo.tn\/fr\/actualite\/chroniques\/le-billet-dun-ecolo-qui-sauvera-les-trois-dernieres-gazelles-tunisiennes\/186869\/#primaryimage"},"thumbnailUrl":"https:\/\/www.webdo.tn\/fr\/wp-content\/uploads\/2013\/10\/Gazelles-mohr-Haddeje-Gafsa-Tunisie.jpg","datePublished":"2013-10-16T11:36:00+00:00","description":"Le billet d'un \u00e9colo - Qui sauvera les trois derni\u00e8res gazelles tunisiennes?","breadcrumb":{"@id":"https:\/\/www.webdo.tn\/fr\/actualite\/chroniques\/le-billet-dun-ecolo-qui-sauvera-les-trois-dernieres-gazelles-tunisiennes\/186869\/#breadcrumb"},"inLanguage":"fr-FR","potentialAction":[{"@type":"ReadAction","target":["https:\/\/www.webdo.tn\/fr\/actualite\/chroniques\/le-billet-dun-ecolo-qui-sauvera-les-trois-dernieres-gazelles-tunisiennes\/186869\/"]}]},{"@type":"ImageObject","inLanguage":"fr-FR","@id":"https:\/\/www.webdo.tn\/fr\/actualite\/chroniques\/le-billet-dun-ecolo-qui-sauvera-les-trois-dernieres-gazelles-tunisiennes\/186869\/#primaryimage","url":"https:\/\/www.webdo.tn\/fr\/wp-content\/uploads\/2013\/10\/Gazelles-mohr-Haddeje-Gafsa-Tunisie.jpg","contentUrl":"https:\/\/www.webdo.tn\/fr\/wp-content\/uploads\/2013\/10\/Gazelles-mohr-Haddeje-Gafsa-Tunisie.jpg","width":600,"height":390,"caption":"Le billet d'un \u00e9colo - Qui sauvera les trois derni\u00e8res gazelles tunisiennes?"},{"@type":"BreadcrumbList","@id":"https:\/\/www.webdo.tn\/fr\/actualite\/chroniques\/le-billet-dun-ecolo-qui-sauvera-les-trois-dernieres-gazelles-tunisiennes\/186869\/#breadcrumb","itemListElement":[{"@type":"ListItem","position":1,"name":"Accueil","item":"https:\/\/www.webdo.tn\/fr\/"},{"@type":"ListItem","position":2,"name":"Le billet d&#8217;un \u00e9colo &#8211; Qui sauvera les trois derni\u00e8res gazelles tunisiennes?"}]},{"@type":"WebSite","@id":"https:\/\/www.webdo.tn\/fr\/#website","url":"https:\/\/www.webdo.tn\/fr\/","name":"webdo","description":"Tunisie - News en Tunisie et \u00e0 l&#039;international sur Webdo.tn","publisher":{"@id":"https:\/\/www.webdo.tn\/fr\/#organization"},"potentialAction":[{"@type":"SearchAction","target":{"@type":"EntryPoint","urlTemplate":"https:\/\/www.webdo.tn\/fr\/?s={search_term_string}"},"query-input":{"@type":"PropertyValueSpecification","valueRequired":true,"valueName":"search_term_string"}}],"inLanguage":"fr-FR"},{"@type":"Organization","@id":"https:\/\/www.webdo.tn\/fr\/#organization","name":"Webdo","alternateName":"Webdo.tn","url":"https:\/\/www.webdo.tn\/fr\/","logo":{"@type":"ImageObject","inLanguage":"fr-FR","@id":"https:\/\/www.webdo.tn\/fr\/#\/schema\/logo\/image\/","url":"https:\/\/www.webdo.tn\/fr\/wp-content\/uploads\/2025\/06\/Webdo-Tunisie_168377.jpg","contentUrl":"https:\/\/www.webdo.tn\/fr\/wp-content\/uploads\/2025\/06\/Webdo-Tunisie_168377.jpg","width":301,"height":301,"caption":"Webdo"},"image":{"@id":"https:\/\/www.webdo.tn\/fr\/#\/schema\/logo\/image\/"},"sameAs":["https:\/\/www.facebook.com\/webdotn","https:\/\/x.com\/webdo_tn"],"description":"Webdo est un m\u00e9dia num\u00e9rique tunisien fond\u00e9 en 2010, sp\u00e9cialis\u00e9 dans l\u2019actualit\u00e9 nationale et internationale, l\u2019\u00e9conomie, la soci\u00e9t\u00e9 et les analyses politiques. Le site s\u2019adresse \u00e0 un large public francophone et couvre l\u2019information tunisienne en temps r\u00e9el.","email":"redac@webdo.tn","legalName":"YNJ SARL","foundingDate":"2010-09-06","numberOfEmployees":{"@type":"QuantitativeValue","minValue":"11","maxValue":"50"}},{"@type":"Person","@id":"https:\/\/www.webdo.tn\/fr\/#\/schema\/person\/6bc0beba2cd23aec27cb5df85ca2554f","name":"Hatem Bourial","image":{"@type":"ImageObject","inLanguage":"fr-FR","@id":"https:\/\/www.webdo.tn\/fr\/wp-content\/uploads\/2026\/04\/hatem-bourial_avatar-96x96.jpg","url":"https:\/\/www.webdo.tn\/fr\/wp-content\/uploads\/2026\/04\/hatem-bourial_avatar-96x96.jpg","contentUrl":"https:\/\/www.webdo.tn\/fr\/wp-content\/uploads\/2026\/04\/hatem-bourial_avatar-96x96.jpg","caption":"Hatem Bourial"},"description":"Hatem Bourial est journaliste, \u00e9crivain et chroniqueur tunisien. Actif depuis plusieurs d\u00e9cennies, il s\u2019est impos\u00e9 comme un observateur attentif de la soci\u00e9t\u00e9 tunisienne, m\u00ealant dans ses \u00e9crits m\u00e9moire, culture et analyse du quotidien. Auteur de nombreux ouvrages, il d\u00e9veloppe une \u0153uvre \u00e0 la crois\u00e9e du r\u00e9cit, de la po\u00e9sie et de l\u2019observation sociologique. Parall\u00e8lement \u00e0 ses contributions dans la presse, il intervient r\u00e9guli\u00e8rement \u00e0 la radio et dans des espaces culturels, o\u00f9 il explore les enjeux li\u00e9s au patrimoine, \u00e0 l\u2019identit\u00e9 et aux transformations du monde contemporain. \u00c0 travers ses chroniques, Hatem Bourial propose une lecture sensible et approfondie de l\u2019actualit\u00e9, nourrie par une exp\u00e9rience journalistique et litt\u00e9raire reconnue. \ud83d\udd17 Facebook : https:\/\/www.facebook.com\/hatem.bourial.2025","sameAs":["https:\/\/www.facebook.com\/hatem.bourial.2025","https:\/\/fr.wikipedia.org\/wiki\/Fichier:Hatem_Bourial.jpg"],"knowsAbout":["Culture & patrimoine tunisien","Chronique soci\u00e9tale","Litt\u00e9rature & m\u00e9moire","Cin\u00e9ma & critique culturelle","Identit\u00e9 & mutations sociales"],"knowsLanguage":["Arabe","Fran\u00e7ais","Anglais","Italien","Polonais"],"jobTitle":"Journaliste, \u00e9crivain et chroniqueur culturel","worksFor":"Webdo","url":"https:\/\/www.webdo.tn\/fr\/actualite\/author\/hatem-bourial-2\/"}]}},"_links":{"self":[{"href":"https:\/\/www.webdo.tn\/fr\/wp-json\/wp\/v2\/posts\/186869","targetHints":{"allow":["GET"]}}],"collection":[{"href":"https:\/\/www.webdo.tn\/fr\/wp-json\/wp\/v2\/posts"}],"about":[{"href":"https:\/\/www.webdo.tn\/fr\/wp-json\/wp\/v2\/types\/post"}],"author":[{"embeddable":true,"href":"https:\/\/www.webdo.tn\/fr\/wp-json\/wp\/v2\/users\/3229"}],"replies":[{"embeddable":true,"href":"https:\/\/www.webdo.tn\/fr\/wp-json\/wp\/v2\/comments?post=186869"}],"version-history":[{"count":0,"href":"https:\/\/www.webdo.tn\/fr\/wp-json\/wp\/v2\/posts\/186869\/revisions"}],"wp:featuredmedia":[{"embeddable":true,"href":"https:\/\/www.webdo.tn\/fr\/wp-json\/wp\/v2\/media\/334515"}],"wp:attachment":[{"href":"https:\/\/www.webdo.tn\/fr\/wp-json\/wp\/v2\/media?parent=186869"}],"wp:term":[{"taxonomy":"category","embeddable":true,"href":"https:\/\/www.webdo.tn\/fr\/wp-json\/wp\/v2\/categories?post=186869"},{"taxonomy":"post_tag","embeddable":true,"href":"https:\/\/www.webdo.tn\/fr\/wp-json\/wp\/v2\/tags?post=186869"}],"curies":[{"name":"wp","href":"https:\/\/api.w.org\/{rel}","templated":true}]}}