{"id":186868,"date":"2013-10-03T13:08:00","date_gmt":"2013-10-03T13:08:00","guid":{"rendered":"https:\/\/www.webdo.tn\/fr\/blog\/rebonds-la-troika-est-dans-limpasse-mais-la-bande-des-quatre-continue-a-nier-la-realite\/186868\/"},"modified":"2025-06-04T18:40:21","modified_gmt":"2025-06-04T18:40:21","slug":"rebonds-la-troika-est-dans-limpasse-mais-la-bande-des-quatre-continue-a-nier-la-realite","status":"publish","type":"post","link":"https:\/\/www.webdo.tn\/fr\/actualite\/chroniques\/rebonds-la-troika-est-dans-limpasse-mais-la-bande-des-quatre-continue-a-nier-la-realite\/186868\/","title":{"rendered":"Rebonds &#8211; La Troika est dans l&rsquo;impasse mais la bande des Quatre continue \u00e0 nier la r\u00e9alit\u00e9"},"content":{"rendered":"<p>Les nuages continuent \u00e0 s&rsquo;amonceler au-dessus du ciel peu serein de la Troika au pouvoir dont les tenants d\u00e9montrent chaque jour un peu plus leur incapacit\u00e9 \u00e0 gouverner et le manque d&rsquo;envergure de leurs leaders.<\/p>\n<p>Rached Ghannouchi, par exemple, peut-il pr\u00e9tendre avoir une envergure d&rsquo;homme d&rsquo;Etat ? Les faits d\u00e9montrent que non, tout simplement non. D\u00e9veloppant un agenda id\u00e9ologique, se substituant aux institutions en cours de construction, cet homme, sous couvert de diriger le parti majoritaire, n&rsquo;a jamais cess\u00e9 de d\u00e9truire notre lien social. Croyant que seule la ruse suffit pour gouverner, il est parvenu \u00e0 ses fins : engager le processus de destruction de l&rsquo;h\u00e9ritage moderniste de la Tunisie tout en faisant mine de dialoguer.<\/p>\n<p>M\u00eame s&rsquo;il est clair que la Tunisie ne l&rsquo;entend pas de cette oreille, Ghannouchi persiste dans ses erreurs, ses mensonges, ses d\u00e9robades et ses liaisons dangereuses.<br \/>\nOn sent confus\u00e9ment que pour lui, l&rsquo;effondrement programm\u00e9 de la Tunisie est un gain politique pour l&rsquo;aile islamiste dans son ensemble et qu&rsquo;au fond, il se r\u00e9jouit en son for int\u00e9rieur de ce qui, aujourd&rsquo;hui, meurtrit la Tunisie.<\/p>\n<p>En position de leader dans la Troika, Ennahdha a trouv\u00e9 en Moncef Marzouki un instrument au fond docile et en Mustapha Ben Jaafar, un alli\u00e9 qui, lui aussi n&rsquo;h\u00e9site pas \u00e0 tourner le dos \u00e0 ses principes et \u00e0 ses \u00e9lecteurs. Quant \u00e0 Ali Laarayedh, les faits r\u00e9cents et les soup\u00e7ons ant\u00e9rieurs finiront bien par r\u00e9v\u00e9ler les compromissions dont il a pu se rendre coupable.<\/p>\n<p>L&rsquo;\u00e8re minable dans laquelle ce quarteron de fuyards en avant a engag\u00e9 la Tunisie nous meurtrit chaque jour davantage. Ils ont brad\u00e9 l&rsquo;honneur de notre pays, ils ont donn\u00e9 \u00e0 nos institutions l&rsquo;apanage d&rsquo;un Etat-guignol, ils ont menti, trahi, manipul\u00e9 \u00e0 tout-va et ne comptent pas rendre de comptes.<\/p>\n<p>Alors que la Troika est dans l&rsquo;impasse et que le pays s&#8217;embourbe dangereusement, ils continuent \u00e0 vouloir tenir le gouvernail bris\u00e9 d&rsquo;un pays en chute libre, \u00e0 la d\u00e9rive et qui menace de couler.<\/p>\n<p>Ce carr\u00e9 de leaders autistes devrait tirer toutes les cons\u00e9quences de son \u00e9chec, demander pardon \u00e0 la Tunisie et partir. Ils ne m\u00e9ritent pas de la Tunisie, d&rsquo;une Tunisie qu&rsquo;ils contribuent \u00e0 blesser gravement tout en niant la r\u00e9alit\u00e9.<\/p>\n<p>Notre bande des Quatre continue \u00e0 louvoyer, cherche \u00e0 rebondir malgr\u00e9 son bilan catastrophique et nous tient sous la menace sous-jacente d&rsquo;un d\u00e9ferlement de violence dont les islamistes sont toujours capables et dont leurs alli\u00e9s -Marzouki et Ben Jaafar- sauront tirer les marrons du feu.<\/p>\n<p>Puissent les premiers pas du dialogue national mettre l&rsquo;obstination sur le chemin de la vertu et remettre la Tunisie sur les rails qu&rsquo;elle n&rsquo;aurait jamais d\u00fb quitter&#8230;<\/p>\n","protected":false},"excerpt":{"rendered":"<p>Rebonds &#8211; La Troika est dans l&rsquo;impasse mais la bande des Quatre continue \u00e0 nier la r\u00e9alit\u00e9<\/p>\n","protected":false},"author":3229,"featured_media":374142,"comment_status":"open","ping_status":"closed","sticky":false,"template":"","format":"standard","meta":{"footnotes":""},"categories":[2596],"tags":[],"class_list":["post-186868","post","type-post","status-publish","format-standard","has-post-thumbnail","hentry","category-chroniques"],"yoast_head":"<!-- This site is optimized with the Yoast SEO Premium plugin v27.5 (Yoast SEO v27.5) - https:\/\/yoast.com\/product\/yoast-seo-premium-wordpress\/ -->\n<title>Rebonds - La Troika est dans l&#039;impasse mais la bande des Quatre continue \u00e0 nier la r\u00e9alit\u00e9<\/title>\n<meta name=\"description\" content=\"Rebonds - La Troika est dans l&#039;impasse mais la bande des Quatre continue \u00e0 nier la r\u00e9alit\u00e9\" \/>\n<link rel=\"canonical\" href=\"https:\/\/www.webdo.tn\/fr\/actualite\/chroniques\/rebonds-la-troika-est-dans-limpasse-mais-la-bande-des-quatre-continue-a-nier-la-realite\/186868\/\" \/>\n<meta property=\"og:locale\" content=\"fr_FR\" \/>\n<meta property=\"og:type\" content=\"article\" \/>\n<meta property=\"og:title\" content=\"Rebonds - La Troika est dans l&#039;impasse mais la bande des Quatre continue \u00e0 nier la r\u00e9alit\u00e9\" \/>\n<meta property=\"og:description\" content=\"Rebonds - La Troika est dans l&#039;impasse mais la bande des Quatre continue \u00e0 nier la r\u00e9alit\u00e9\" \/>\n<meta property=\"og:url\" content=\"https:\/\/www.webdo.tn\/fr\/actualite\/chroniques\/rebonds-la-troika-est-dans-limpasse-mais-la-bande-des-quatre-continue-a-nier-la-realite\/186868\/\" \/>\n<meta property=\"og:site_name\" content=\"webdo\" \/>\n<meta property=\"article:publisher\" content=\"https:\/\/www.facebook.com\/webdotn\" \/>\n<meta property=\"article:author\" content=\"https:\/\/www.facebook.com\/hatem.bourial.2025\" \/>\n<meta property=\"article:published_time\" content=\"2013-10-03T13:08:00+00:00\" \/>\n<meta property=\"article:modified_time\" content=\"2025-06-04T18:40:21+00:00\" \/>\n<meta name=\"author\" content=\"Hatem Bourial\" \/>\n<meta name=\"twitter:card\" content=\"summary_large_image\" \/>\n<meta name=\"twitter:creator\" content=\"@webdo_tn\" \/>\n<meta name=\"twitter:site\" content=\"@webdo_tn\" \/>\n<meta name=\"twitter:label1\" content=\"\u00c9crit par\" \/>\n\t<meta name=\"twitter:data1\" content=\"Hatem Bourial\" \/>\n\t<meta name=\"twitter:label2\" content=\"Dur\u00e9e de lecture estim\u00e9e\" \/>\n\t<meta name=\"twitter:data2\" content=\"2 minutes\" \/>\n<script type=\"application\/ld+json\" class=\"yoast-schema-graph\">{\"@context\":\"https:\\\/\\\/schema.org\",\"@graph\":[{\"@type\":\"NewsArticle\",\"@id\":\"https:\\\/\\\/www.webdo.tn\\\/fr\\\/actualite\\\/chroniques\\\/rebonds-la-troika-est-dans-limpasse-mais-la-bande-des-quatre-continue-a-nier-la-realite\\\/186868\\\/#article\",\"isPartOf\":{\"@id\":\"https:\\\/\\\/www.webdo.tn\\\/fr\\\/actualite\\\/chroniques\\\/rebonds-la-troika-est-dans-limpasse-mais-la-bande-des-quatre-continue-a-nier-la-realite\\\/186868\\\/\"},\"author\":{\"name\":\"Hatem Bourial\",\"@id\":\"https:\\\/\\\/www.webdo.tn\\\/fr\\\/#\\\/schema\\\/person\\\/6bc0beba2cd23aec27cb5df85ca2554f\"},\"headline\":\"Rebonds &#8211; La Troika est dans l&rsquo;impasse mais la bande des Quatre continue \u00e0 nier la r\u00e9alit\u00e9\",\"datePublished\":\"2013-10-03T13:08:00+00:00\",\"dateModified\":\"2025-06-04T18:40:21+00:00\",\"mainEntityOfPage\":{\"@id\":\"https:\\\/\\\/www.webdo.tn\\\/fr\\\/actualite\\\/chroniques\\\/rebonds-la-troika-est-dans-limpasse-mais-la-bande-des-quatre-continue-a-nier-la-realite\\\/186868\\\/\"},\"wordCount\":490,\"commentCount\":0,\"publisher\":{\"@id\":\"https:\\\/\\\/www.webdo.tn\\\/fr\\\/#organization\"},\"image\":{\"@id\":\"https:\\\/\\\/www.webdo.tn\\\/fr\\\/actualite\\\/chroniques\\\/rebonds-la-troika-est-dans-limpasse-mais-la-bande-des-quatre-continue-a-nier-la-realite\\\/186868\\\/#primaryimage\"},\"thumbnailUrl\":\"https:\\\/\\\/www.webdo.tn\\\/fr\\\/wp-content\\\/uploads\\\/2025\\\/06\\\/Trio-presidence_186868.jpg\",\"articleSection\":[\"Chroniques\"],\"inLanguage\":\"fr-FR\"},{\"@type\":\"WebPage\",\"@id\":\"https:\\\/\\\/www.webdo.tn\\\/fr\\\/actualite\\\/chroniques\\\/rebonds-la-troika-est-dans-limpasse-mais-la-bande-des-quatre-continue-a-nier-la-realite\\\/186868\\\/\",\"url\":\"https:\\\/\\\/www.webdo.tn\\\/fr\\\/actualite\\\/chroniques\\\/rebonds-la-troika-est-dans-limpasse-mais-la-bande-des-quatre-continue-a-nier-la-realite\\\/186868\\\/\",\"name\":\"Rebonds - La Troika est dans l'impasse mais la bande des Quatre continue \u00e0 nier la r\u00e9alit\u00e9\",\"isPartOf\":{\"@id\":\"https:\\\/\\\/www.webdo.tn\\\/fr\\\/#website\"},\"primaryImageOfPage\":{\"@id\":\"https:\\\/\\\/www.webdo.tn\\\/fr\\\/actualite\\\/chroniques\\\/rebonds-la-troika-est-dans-limpasse-mais-la-bande-des-quatre-continue-a-nier-la-realite\\\/186868\\\/#primaryimage\"},\"image\":{\"@id\":\"https:\\\/\\\/www.webdo.tn\\\/fr\\\/actualite\\\/chroniques\\\/rebonds-la-troika-est-dans-limpasse-mais-la-bande-des-quatre-continue-a-nier-la-realite\\\/186868\\\/#primaryimage\"},\"thumbnailUrl\":\"https:\\\/\\\/www.webdo.tn\\\/fr\\\/wp-content\\\/uploads\\\/2025\\\/06\\\/Trio-presidence_186868.jpg\",\"datePublished\":\"2013-10-03T13:08:00+00:00\",\"dateModified\":\"2025-06-04T18:40:21+00:00\",\"description\":\"Rebonds - La Troika est dans l'impasse mais la bande des Quatre continue \u00e0 nier la r\u00e9alit\u00e9\",\"breadcrumb\":{\"@id\":\"https:\\\/\\\/www.webdo.tn\\\/fr\\\/actualite\\\/chroniques\\\/rebonds-la-troika-est-dans-limpasse-mais-la-bande-des-quatre-continue-a-nier-la-realite\\\/186868\\\/#breadcrumb\"},\"inLanguage\":\"fr-FR\",\"potentialAction\":[{\"@type\":\"ReadAction\",\"target\":[\"https:\\\/\\\/www.webdo.tn\\\/fr\\\/actualite\\\/chroniques\\\/rebonds-la-troika-est-dans-limpasse-mais-la-bande-des-quatre-continue-a-nier-la-realite\\\/186868\\\/\"]}]},{\"@type\":\"ImageObject\",\"inLanguage\":\"fr-FR\",\"@id\":\"https:\\\/\\\/www.webdo.tn\\\/fr\\\/actualite\\\/chroniques\\\/rebonds-la-troika-est-dans-limpasse-mais-la-bande-des-quatre-continue-a-nier-la-realite\\\/186868\\\/#primaryimage\",\"url\":\"https:\\\/\\\/www.webdo.tn\\\/fr\\\/wp-content\\\/uploads\\\/2025\\\/06\\\/Trio-presidence_186868.jpg\",\"contentUrl\":\"https:\\\/\\\/www.webdo.tn\\\/fr\\\/wp-content\\\/uploads\\\/2025\\\/06\\\/Trio-presidence_186868.jpg\",\"width\":517,\"height\":325,\"caption\":\"Rebonds - La Troika est dans l'impasse mais la bande des Quatre continue \u00e0 nier la r\u00e9alit\u00e9\"},{\"@type\":\"BreadcrumbList\",\"@id\":\"https:\\\/\\\/www.webdo.tn\\\/fr\\\/actualite\\\/chroniques\\\/rebonds-la-troika-est-dans-limpasse-mais-la-bande-des-quatre-continue-a-nier-la-realite\\\/186868\\\/#breadcrumb\",\"itemListElement\":[{\"@type\":\"ListItem\",\"position\":1,\"name\":\"Accueil\",\"item\":\"https:\\\/\\\/www.webdo.tn\\\/fr\\\/\"},{\"@type\":\"ListItem\",\"position\":2,\"name\":\"Rebonds &#8211; La Troika est dans l&rsquo;impasse mais la bande des Quatre continue \u00e0 nier la r\u00e9alit\u00e9\"}]},{\"@type\":\"WebSite\",\"@id\":\"https:\\\/\\\/www.webdo.tn\\\/fr\\\/#website\",\"url\":\"https:\\\/\\\/www.webdo.tn\\\/fr\\\/\",\"name\":\"webdo\",\"description\":\"Tunisie - News en Tunisie et \u00e0 l&#039;international sur Webdo.tn\",\"publisher\":{\"@id\":\"https:\\\/\\\/www.webdo.tn\\\/fr\\\/#organization\"},\"potentialAction\":[{\"@type\":\"SearchAction\",\"target\":{\"@type\":\"EntryPoint\",\"urlTemplate\":\"https:\\\/\\\/www.webdo.tn\\\/fr\\\/?s={search_term_string}\"},\"query-input\":{\"@type\":\"PropertyValueSpecification\",\"valueRequired\":true,\"valueName\":\"search_term_string\"}}],\"inLanguage\":\"fr-FR\"},{\"@type\":\"Organization\",\"@id\":\"https:\\\/\\\/www.webdo.tn\\\/fr\\\/#organization\",\"name\":\"Webdo\",\"alternateName\":\"Webdo.tn\",\"url\":\"https:\\\/\\\/www.webdo.tn\\\/fr\\\/\",\"logo\":{\"@type\":\"ImageObject\",\"inLanguage\":\"fr-FR\",\"@id\":\"https:\\\/\\\/www.webdo.tn\\\/fr\\\/#\\\/schema\\\/logo\\\/image\\\/\",\"url\":\"https:\\\/\\\/www.webdo.tn\\\/fr\\\/wp-content\\\/uploads\\\/2025\\\/06\\\/Webdo-Tunisie_168377.jpg\",\"contentUrl\":\"https:\\\/\\\/www.webdo.tn\\\/fr\\\/wp-content\\\/uploads\\\/2025\\\/06\\\/Webdo-Tunisie_168377.jpg\",\"width\":301,\"height\":301,\"caption\":\"Webdo\"},\"image\":{\"@id\":\"https:\\\/\\\/www.webdo.tn\\\/fr\\\/#\\\/schema\\\/logo\\\/image\\\/\"},\"sameAs\":[\"https:\\\/\\\/www.facebook.com\\\/webdotn\",\"https:\\\/\\\/x.com\\\/webdo_tn\"],\"description\":\"Webdo est un m\u00e9dia num\u00e9rique tunisien fond\u00e9 en 2010, sp\u00e9cialis\u00e9 dans l\u2019actualit\u00e9 nationale et internationale, l\u2019\u00e9conomie, la soci\u00e9t\u00e9 et les analyses politiques. Le site s\u2019adresse \u00e0 un large public francophone et couvre l\u2019information tunisienne en temps r\u00e9el.\",\"email\":\"redac@webdo.tn\",\"legalName\":\"YNJ SARL\",\"foundingDate\":\"2010-09-06\",\"numberOfEmployees\":{\"@type\":\"QuantitativeValue\",\"minValue\":\"11\",\"maxValue\":\"50\"}},{\"@type\":\"Person\",\"@id\":\"https:\\\/\\\/www.webdo.tn\\\/fr\\\/#\\\/schema\\\/person\\\/6bc0beba2cd23aec27cb5df85ca2554f\",\"name\":\"Hatem Bourial\",\"image\":{\"@type\":\"ImageObject\",\"inLanguage\":\"fr-FR\",\"@id\":\"https:\\\/\\\/www.webdo.tn\\\/fr\\\/wp-content\\\/uploads\\\/2026\\\/04\\\/hatem-bourial_avatar-96x96.jpg\",\"url\":\"https:\\\/\\\/www.webdo.tn\\\/fr\\\/wp-content\\\/uploads\\\/2026\\\/04\\\/hatem-bourial_avatar-96x96.jpg\",\"contentUrl\":\"https:\\\/\\\/www.webdo.tn\\\/fr\\\/wp-content\\\/uploads\\\/2026\\\/04\\\/hatem-bourial_avatar-96x96.jpg\",\"caption\":\"Hatem Bourial\"},\"description\":\"Hatem Bourial est journaliste, \u00e9crivain et chroniqueur tunisien. Actif depuis plusieurs d\u00e9cennies, il s\u2019est impos\u00e9 comme un observateur attentif de la soci\u00e9t\u00e9 tunisienne, m\u00ealant dans ses \u00e9crits m\u00e9moire, culture et analyse du quotidien. Auteur de nombreux ouvrages, il d\u00e9veloppe une \u0153uvre \u00e0 la crois\u00e9e du r\u00e9cit, de la po\u00e9sie et de l\u2019observation sociologique. Parall\u00e8lement \u00e0 ses contributions dans la presse, il intervient r\u00e9guli\u00e8rement \u00e0 la radio et dans des espaces culturels, o\u00f9 il explore les enjeux li\u00e9s au patrimoine, \u00e0 l\u2019identit\u00e9 et aux transformations du monde contemporain. \u00c0 travers ses chroniques, Hatem Bourial propose une lecture sensible et approfondie de l\u2019actualit\u00e9, nourrie par une exp\u00e9rience journalistique et litt\u00e9raire reconnue. \ud83d\udd17 Facebook : https:\\\/\\\/www.facebook.com\\\/hatem.bourial.2025\",\"sameAs\":[\"https:\\\/\\\/www.facebook.com\\\/hatem.bourial.2025\",\"https:\\\/\\\/fr.wikipedia.org\\\/wiki\\\/Fichier:Hatem_Bourial.jpg\"],\"knowsAbout\":[\"Culture & patrimoine tunisien\",\"Chronique soci\u00e9tale\",\"Litt\u00e9rature & m\u00e9moire\",\"Cin\u00e9ma & critique culturelle\",\"Identit\u00e9 & mutations sociales\"],\"knowsLanguage\":[\"Arabe\",\"Fran\u00e7ais\",\"Anglais\",\"Italien\",\"Polonais\"],\"jobTitle\":\"Journaliste, \u00e9crivain et chroniqueur culturel\",\"worksFor\":\"Webdo\",\"url\":\"https:\\\/\\\/www.webdo.tn\\\/fr\\\/actualite\\\/author\\\/hatem-bourial-2\\\/\"}]}<\/script>\n<!-- \/ Yoast SEO Premium plugin. -->","yoast_head_json":{"title":"Rebonds - La Troika est dans l'impasse mais la bande des Quatre continue \u00e0 nier la r\u00e9alit\u00e9","description":"Rebonds - La Troika est dans l'impasse mais la bande des Quatre continue \u00e0 nier la r\u00e9alit\u00e9","canonical":"https:\/\/www.webdo.tn\/fr\/actualite\/chroniques\/rebonds-la-troika-est-dans-limpasse-mais-la-bande-des-quatre-continue-a-nier-la-realite\/186868\/","og_locale":"fr_FR","og_type":"article","og_title":"Rebonds - La Troika est dans l'impasse mais la bande des Quatre continue \u00e0 nier la r\u00e9alit\u00e9","og_description":"Rebonds - La Troika est dans l'impasse mais la bande des Quatre continue \u00e0 nier la r\u00e9alit\u00e9","og_url":"https:\/\/www.webdo.tn\/fr\/actualite\/chroniques\/rebonds-la-troika-est-dans-limpasse-mais-la-bande-des-quatre-continue-a-nier-la-realite\/186868\/","og_site_name":"webdo","article_publisher":"https:\/\/www.facebook.com\/webdotn","article_author":"https:\/\/www.facebook.com\/hatem.bourial.2025","article_published_time":"2013-10-03T13:08:00+00:00","article_modified_time":"2025-06-04T18:40:21+00:00","author":"Hatem Bourial","twitter_card":"summary_large_image","twitter_creator":"@webdo_tn","twitter_site":"@webdo_tn","twitter_misc":{"\u00c9crit par":"Hatem Bourial","Dur\u00e9e de lecture estim\u00e9e":"2 minutes"},"schema":{"@context":"https:\/\/schema.org","@graph":[{"@type":"NewsArticle","@id":"https:\/\/www.webdo.tn\/fr\/actualite\/chroniques\/rebonds-la-troika-est-dans-limpasse-mais-la-bande-des-quatre-continue-a-nier-la-realite\/186868\/#article","isPartOf":{"@id":"https:\/\/www.webdo.tn\/fr\/actualite\/chroniques\/rebonds-la-troika-est-dans-limpasse-mais-la-bande-des-quatre-continue-a-nier-la-realite\/186868\/"},"author":{"name":"Hatem Bourial","@id":"https:\/\/www.webdo.tn\/fr\/#\/schema\/person\/6bc0beba2cd23aec27cb5df85ca2554f"},"headline":"Rebonds &#8211; La Troika est dans l&rsquo;impasse mais la bande des Quatre continue \u00e0 nier la r\u00e9alit\u00e9","datePublished":"2013-10-03T13:08:00+00:00","dateModified":"2025-06-04T18:40:21+00:00","mainEntityOfPage":{"@id":"https:\/\/www.webdo.tn\/fr\/actualite\/chroniques\/rebonds-la-troika-est-dans-limpasse-mais-la-bande-des-quatre-continue-a-nier-la-realite\/186868\/"},"wordCount":490,"commentCount":0,"publisher":{"@id":"https:\/\/www.webdo.tn\/fr\/#organization"},"image":{"@id":"https:\/\/www.webdo.tn\/fr\/actualite\/chroniques\/rebonds-la-troika-est-dans-limpasse-mais-la-bande-des-quatre-continue-a-nier-la-realite\/186868\/#primaryimage"},"thumbnailUrl":"https:\/\/www.webdo.tn\/fr\/wp-content\/uploads\/2025\/06\/Trio-presidence_186868.jpg","articleSection":["Chroniques"],"inLanguage":"fr-FR"},{"@type":"WebPage","@id":"https:\/\/www.webdo.tn\/fr\/actualite\/chroniques\/rebonds-la-troika-est-dans-limpasse-mais-la-bande-des-quatre-continue-a-nier-la-realite\/186868\/","url":"https:\/\/www.webdo.tn\/fr\/actualite\/chroniques\/rebonds-la-troika-est-dans-limpasse-mais-la-bande-des-quatre-continue-a-nier-la-realite\/186868\/","name":"Rebonds - La Troika est dans l'impasse mais la bande des Quatre continue \u00e0 nier la r\u00e9alit\u00e9","isPartOf":{"@id":"https:\/\/www.webdo.tn\/fr\/#website"},"primaryImageOfPage":{"@id":"https:\/\/www.webdo.tn\/fr\/actualite\/chroniques\/rebonds-la-troika-est-dans-limpasse-mais-la-bande-des-quatre-continue-a-nier-la-realite\/186868\/#primaryimage"},"image":{"@id":"https:\/\/www.webdo.tn\/fr\/actualite\/chroniques\/rebonds-la-troika-est-dans-limpasse-mais-la-bande-des-quatre-continue-a-nier-la-realite\/186868\/#primaryimage"},"thumbnailUrl":"https:\/\/www.webdo.tn\/fr\/wp-content\/uploads\/2025\/06\/Trio-presidence_186868.jpg","datePublished":"2013-10-03T13:08:00+00:00","dateModified":"2025-06-04T18:40:21+00:00","description":"Rebonds - La Troika est dans l'impasse mais la bande des Quatre continue \u00e0 nier la r\u00e9alit\u00e9","breadcrumb":{"@id":"https:\/\/www.webdo.tn\/fr\/actualite\/chroniques\/rebonds-la-troika-est-dans-limpasse-mais-la-bande-des-quatre-continue-a-nier-la-realite\/186868\/#breadcrumb"},"inLanguage":"fr-FR","potentialAction":[{"@type":"ReadAction","target":["https:\/\/www.webdo.tn\/fr\/actualite\/chroniques\/rebonds-la-troika-est-dans-limpasse-mais-la-bande-des-quatre-continue-a-nier-la-realite\/186868\/"]}]},{"@type":"ImageObject","inLanguage":"fr-FR","@id":"https:\/\/www.webdo.tn\/fr\/actualite\/chroniques\/rebonds-la-troika-est-dans-limpasse-mais-la-bande-des-quatre-continue-a-nier-la-realite\/186868\/#primaryimage","url":"https:\/\/www.webdo.tn\/fr\/wp-content\/uploads\/2025\/06\/Trio-presidence_186868.jpg","contentUrl":"https:\/\/www.webdo.tn\/fr\/wp-content\/uploads\/2025\/06\/Trio-presidence_186868.jpg","width":517,"height":325,"caption":"Rebonds - La Troika est dans l'impasse mais la bande des Quatre continue \u00e0 nier la r\u00e9alit\u00e9"},{"@type":"BreadcrumbList","@id":"https:\/\/www.webdo.tn\/fr\/actualite\/chroniques\/rebonds-la-troika-est-dans-limpasse-mais-la-bande-des-quatre-continue-a-nier-la-realite\/186868\/#breadcrumb","itemListElement":[{"@type":"ListItem","position":1,"name":"Accueil","item":"https:\/\/www.webdo.tn\/fr\/"},{"@type":"ListItem","position":2,"name":"Rebonds &#8211; La Troika est dans l&rsquo;impasse mais la bande des Quatre continue \u00e0 nier la r\u00e9alit\u00e9"}]},{"@type":"WebSite","@id":"https:\/\/www.webdo.tn\/fr\/#website","url":"https:\/\/www.webdo.tn\/fr\/","name":"webdo","description":"Tunisie - News en Tunisie et \u00e0 l&#039;international sur Webdo.tn","publisher":{"@id":"https:\/\/www.webdo.tn\/fr\/#organization"},"potentialAction":[{"@type":"SearchAction","target":{"@type":"EntryPoint","urlTemplate":"https:\/\/www.webdo.tn\/fr\/?s={search_term_string}"},"query-input":{"@type":"PropertyValueSpecification","valueRequired":true,"valueName":"search_term_string"}}],"inLanguage":"fr-FR"},{"@type":"Organization","@id":"https:\/\/www.webdo.tn\/fr\/#organization","name":"Webdo","alternateName":"Webdo.tn","url":"https:\/\/www.webdo.tn\/fr\/","logo":{"@type":"ImageObject","inLanguage":"fr-FR","@id":"https:\/\/www.webdo.tn\/fr\/#\/schema\/logo\/image\/","url":"https:\/\/www.webdo.tn\/fr\/wp-content\/uploads\/2025\/06\/Webdo-Tunisie_168377.jpg","contentUrl":"https:\/\/www.webdo.tn\/fr\/wp-content\/uploads\/2025\/06\/Webdo-Tunisie_168377.jpg","width":301,"height":301,"caption":"Webdo"},"image":{"@id":"https:\/\/www.webdo.tn\/fr\/#\/schema\/logo\/image\/"},"sameAs":["https:\/\/www.facebook.com\/webdotn","https:\/\/x.com\/webdo_tn"],"description":"Webdo est un m\u00e9dia num\u00e9rique tunisien fond\u00e9 en 2010, sp\u00e9cialis\u00e9 dans l\u2019actualit\u00e9 nationale et internationale, l\u2019\u00e9conomie, la soci\u00e9t\u00e9 et les analyses politiques. Le site s\u2019adresse \u00e0 un large public francophone et couvre l\u2019information tunisienne en temps r\u00e9el.","email":"redac@webdo.tn","legalName":"YNJ SARL","foundingDate":"2010-09-06","numberOfEmployees":{"@type":"QuantitativeValue","minValue":"11","maxValue":"50"}},{"@type":"Person","@id":"https:\/\/www.webdo.tn\/fr\/#\/schema\/person\/6bc0beba2cd23aec27cb5df85ca2554f","name":"Hatem Bourial","image":{"@type":"ImageObject","inLanguage":"fr-FR","@id":"https:\/\/www.webdo.tn\/fr\/wp-content\/uploads\/2026\/04\/hatem-bourial_avatar-96x96.jpg","url":"https:\/\/www.webdo.tn\/fr\/wp-content\/uploads\/2026\/04\/hatem-bourial_avatar-96x96.jpg","contentUrl":"https:\/\/www.webdo.tn\/fr\/wp-content\/uploads\/2026\/04\/hatem-bourial_avatar-96x96.jpg","caption":"Hatem Bourial"},"description":"Hatem Bourial est journaliste, \u00e9crivain et chroniqueur tunisien. Actif depuis plusieurs d\u00e9cennies, il s\u2019est impos\u00e9 comme un observateur attentif de la soci\u00e9t\u00e9 tunisienne, m\u00ealant dans ses \u00e9crits m\u00e9moire, culture et analyse du quotidien. Auteur de nombreux ouvrages, il d\u00e9veloppe une \u0153uvre \u00e0 la crois\u00e9e du r\u00e9cit, de la po\u00e9sie et de l\u2019observation sociologique. Parall\u00e8lement \u00e0 ses contributions dans la presse, il intervient r\u00e9guli\u00e8rement \u00e0 la radio et dans des espaces culturels, o\u00f9 il explore les enjeux li\u00e9s au patrimoine, \u00e0 l\u2019identit\u00e9 et aux transformations du monde contemporain. \u00c0 travers ses chroniques, Hatem Bourial propose une lecture sensible et approfondie de l\u2019actualit\u00e9, nourrie par une exp\u00e9rience journalistique et litt\u00e9raire reconnue. \ud83d\udd17 Facebook : https:\/\/www.facebook.com\/hatem.bourial.2025","sameAs":["https:\/\/www.facebook.com\/hatem.bourial.2025","https:\/\/fr.wikipedia.org\/wiki\/Fichier:Hatem_Bourial.jpg"],"knowsAbout":["Culture & patrimoine tunisien","Chronique soci\u00e9tale","Litt\u00e9rature & m\u00e9moire","Cin\u00e9ma & critique culturelle","Identit\u00e9 & mutations sociales"],"knowsLanguage":["Arabe","Fran\u00e7ais","Anglais","Italien","Polonais"],"jobTitle":"Journaliste, \u00e9crivain et chroniqueur culturel","worksFor":"Webdo","url":"https:\/\/www.webdo.tn\/fr\/actualite\/author\/hatem-bourial-2\/"}]}},"_links":{"self":[{"href":"https:\/\/www.webdo.tn\/fr\/wp-json\/wp\/v2\/posts\/186868","targetHints":{"allow":["GET"]}}],"collection":[{"href":"https:\/\/www.webdo.tn\/fr\/wp-json\/wp\/v2\/posts"}],"about":[{"href":"https:\/\/www.webdo.tn\/fr\/wp-json\/wp\/v2\/types\/post"}],"author":[{"embeddable":true,"href":"https:\/\/www.webdo.tn\/fr\/wp-json\/wp\/v2\/users\/3229"}],"replies":[{"embeddable":true,"href":"https:\/\/www.webdo.tn\/fr\/wp-json\/wp\/v2\/comments?post=186868"}],"version-history":[{"count":0,"href":"https:\/\/www.webdo.tn\/fr\/wp-json\/wp\/v2\/posts\/186868\/revisions"}],"wp:featuredmedia":[{"embeddable":true,"href":"https:\/\/www.webdo.tn\/fr\/wp-json\/wp\/v2\/media\/374142"}],"wp:attachment":[{"href":"https:\/\/www.webdo.tn\/fr\/wp-json\/wp\/v2\/media?parent=186868"}],"wp:term":[{"taxonomy":"category","embeddable":true,"href":"https:\/\/www.webdo.tn\/fr\/wp-json\/wp\/v2\/categories?post=186868"},{"taxonomy":"post_tag","embeddable":true,"href":"https:\/\/www.webdo.tn\/fr\/wp-json\/wp\/v2\/tags?post=186868"}],"curies":[{"name":"wp","href":"https:\/\/api.w.org\/{rel}","templated":true}]}}