{"id":186865,"date":"2013-09-25T10:20:00","date_gmt":"2013-09-25T10:20:00","guid":{"rendered":"https:\/\/www.webdo.tn\/fr\/blog\/rebonds-quattendent-ettakatol-et-le-cpr-pour-se-conformer-a-la-volonte-de-leurs-electeurs\/186865\/"},"modified":"2025-06-04T18:40:33","modified_gmt":"2025-06-04T18:40:33","slug":"rebonds-quattendent-ettakatol-et-le-cpr-pour-se-conformer-a-la-volonte-de-leurs-electeurs","status":"publish","type":"post","link":"https:\/\/www.webdo.tn\/fr\/actualite\/chroniques\/rebonds-quattendent-ettakatol-et-le-cpr-pour-se-conformer-a-la-volonte-de-leurs-electeurs\/186865\/","title":{"rendered":"Rebonds &#8211; Qu\u2019attendent Ettakatol et le CPR pour se conformer \u00e0 la volont\u00e9 de leurs \u00e9lecteurs ?"},"content":{"rendered":"<p>Les \u00e9lecteurs trahis en octobre 2011 se comptent par milliers. Outre ceux qui se sont laiss\u00e9s bercer par les sir\u00e8nes trompeuses d\u2019Ennahdha, ceux qui ont donn\u00e9 leurs voix \u00e0 Ettakatol et au CPR sont \u00e9galement nombreux.<\/p>\n<p>Ainsi, les promesses non tenues de ces deux partis p\u00e8sent lourd dans la crise actuelle. En effet, pensant voter pour des formations qui mod\u00e9reraient voire s\u2019opposeraient au projet islamiste d\u2019Ennahdha, les \u00e9lecteurs se sont retrouv\u00e9s face \u00e0 un parti crypto-islamiste (le CPR) et un parti croupion (Ettakatol).<\/p>\n<p>Se pr\u00e9sentant \u00e0 leurs \u00e9lecteurs comme deux partis modernistes, ces formations &#8211; et leur attitude apr\u00e8s les \u00e9lections &#8211; ont sem\u00e9 d\u00e8s octobre 2011 les graines de la zizanie que nous vivons aujourd\u2019hui.<\/p>\n<p>D\u00e8s lors qu\u2019attendent Ettakatol et le CPR pour se conformer \u00e0 la volont\u00e9 de leurs \u00e9lecteurs d\u2019octobre 2011 ? Ou alors consid\u00e9reraient-ils leurs \u00e9lecteurs comme les dindons d\u2019une farce malsaine, les cocus d\u2019une r\u00e9volution factice ?<\/p>\n<p>De plus, la \u00abl\u00e9gitimit\u00e9\u00bb de la Tro\u00efka repose aussi sur ces milliers d\u2019\u00e9lecteurs tromp\u00e9s et il est plus que temps que justice leur soit rendue. Mais le CPR et Ettakatol l\u2019entendent-ils de cette oreille, eux qui sont d\u00e9sormais coupables de toutes les compromissions pour \u00eatre au gouvernement ?<\/p>\n","protected":false},"excerpt":{"rendered":"<p>Rebonds &#8211; Qu\u2019attendent Ettakatol et le CPR pour se conformer \u00e0 la volont\u00e9 de leurs \u00e9lecteurs ?<\/p>\n","protected":false},"author":3229,"featured_media":374152,"comment_status":"open","ping_status":"closed","sticky":false,"template":"","format":"standard","meta":{"footnotes":""},"categories":[2596],"tags":[],"class_list":["post-186865","post","type-post","status-publish","format-standard","has-post-thumbnail","hentry","category-chroniques"],"yoast_head":"<!-- This site is optimized with the Yoast SEO Premium plugin v27.5 (Yoast SEO v27.5) - https:\/\/yoast.com\/product\/yoast-seo-premium-wordpress\/ -->\n<title>Rebonds - Qu\u2019attendent Ettakatol et le CPR pour se conformer \u00e0 la volont\u00e9 de leurs \u00e9lecteurs ?<\/title>\n<meta name=\"description\" content=\"Rebonds - Qu\u2019attendent Ettakatol et le CPR pour se conformer \u00e0 la volont\u00e9 de leurs \u00e9lecteurs ?\" \/>\n<link rel=\"canonical\" href=\"https:\/\/www.webdo.tn\/fr\/actualite\/chroniques\/rebonds-quattendent-ettakatol-et-le-cpr-pour-se-conformer-a-la-volonte-de-leurs-electeurs\/186865\/\" \/>\n<meta property=\"og:locale\" content=\"fr_FR\" \/>\n<meta property=\"og:type\" content=\"article\" \/>\n<meta property=\"og:title\" content=\"Rebonds - Qu\u2019attendent Ettakatol et le CPR pour se conformer \u00e0 la volont\u00e9 de leurs \u00e9lecteurs ?\" \/>\n<meta property=\"og:description\" content=\"Rebonds - Qu\u2019attendent Ettakatol et le CPR pour se conformer \u00e0 la volont\u00e9 de leurs \u00e9lecteurs ?\" \/>\n<meta property=\"og:url\" content=\"https:\/\/www.webdo.tn\/fr\/actualite\/chroniques\/rebonds-quattendent-ettakatol-et-le-cpr-pour-se-conformer-a-la-volonte-de-leurs-electeurs\/186865\/\" \/>\n<meta property=\"og:site_name\" content=\"webdo\" \/>\n<meta property=\"article:publisher\" content=\"https:\/\/www.facebook.com\/webdotn\" \/>\n<meta property=\"article:author\" content=\"https:\/\/www.facebook.com\/hatem.bourial.2025\" \/>\n<meta property=\"article:published_time\" content=\"2013-09-25T10:20:00+00:00\" \/>\n<meta property=\"article:modified_time\" content=\"2025-06-04T18:40:33+00:00\" \/>\n<meta name=\"author\" content=\"Hatem Bourial\" \/>\n<meta name=\"twitter:card\" content=\"summary_large_image\" \/>\n<meta name=\"twitter:creator\" content=\"@webdo_tn\" \/>\n<meta name=\"twitter:site\" content=\"@webdo_tn\" \/>\n<meta name=\"twitter:label1\" content=\"\u00c9crit par\" \/>\n\t<meta name=\"twitter:data1\" content=\"Hatem Bourial\" \/>\n\t<meta name=\"twitter:label2\" content=\"Dur\u00e9e de lecture estim\u00e9e\" \/>\n\t<meta name=\"twitter:data2\" content=\"1 minute\" \/>\n<script type=\"application\/ld+json\" class=\"yoast-schema-graph\">{\"@context\":\"https:\\\/\\\/schema.org\",\"@graph\":[{\"@type\":\"NewsArticle\",\"@id\":\"https:\\\/\\\/www.webdo.tn\\\/fr\\\/actualite\\\/chroniques\\\/rebonds-quattendent-ettakatol-et-le-cpr-pour-se-conformer-a-la-volonte-de-leurs-electeurs\\\/186865\\\/#article\",\"isPartOf\":{\"@id\":\"https:\\\/\\\/www.webdo.tn\\\/fr\\\/actualite\\\/chroniques\\\/rebonds-quattendent-ettakatol-et-le-cpr-pour-se-conformer-a-la-volonte-de-leurs-electeurs\\\/186865\\\/\"},\"author\":{\"name\":\"Hatem Bourial\",\"@id\":\"https:\\\/\\\/www.webdo.tn\\\/fr\\\/#\\\/schema\\\/person\\\/6bc0beba2cd23aec27cb5df85ca2554f\"},\"headline\":\"Rebonds &#8211; Qu\u2019attendent Ettakatol et le CPR pour se conformer \u00e0 la volont\u00e9 de leurs \u00e9lecteurs ?\",\"datePublished\":\"2013-09-25T10:20:00+00:00\",\"dateModified\":\"2025-06-04T18:40:33+00:00\",\"mainEntityOfPage\":{\"@id\":\"https:\\\/\\\/www.webdo.tn\\\/fr\\\/actualite\\\/chroniques\\\/rebonds-quattendent-ettakatol-et-le-cpr-pour-se-conformer-a-la-volonte-de-leurs-electeurs\\\/186865\\\/\"},\"wordCount\":231,\"commentCount\":0,\"publisher\":{\"@id\":\"https:\\\/\\\/www.webdo.tn\\\/fr\\\/#organization\"},\"image\":{\"@id\":\"https:\\\/\\\/www.webdo.tn\\\/fr\\\/actualite\\\/chroniques\\\/rebonds-quattendent-ettakatol-et-le-cpr-pour-se-conformer-a-la-volonte-de-leurs-electeurs\\\/186865\\\/#primaryimage\"},\"thumbnailUrl\":\"https:\\\/\\\/www.webdo.tn\\\/fr\\\/wp-content\\\/uploads\\\/2025\\\/06\\\/Ben-Jaafar-Marzouki-Credit-photo-ledevoir.com__186865.jpg\",\"articleSection\":[\"Chroniques\"],\"inLanguage\":\"fr-FR\"},{\"@type\":\"WebPage\",\"@id\":\"https:\\\/\\\/www.webdo.tn\\\/fr\\\/actualite\\\/chroniques\\\/rebonds-quattendent-ettakatol-et-le-cpr-pour-se-conformer-a-la-volonte-de-leurs-electeurs\\\/186865\\\/\",\"url\":\"https:\\\/\\\/www.webdo.tn\\\/fr\\\/actualite\\\/chroniques\\\/rebonds-quattendent-ettakatol-et-le-cpr-pour-se-conformer-a-la-volonte-de-leurs-electeurs\\\/186865\\\/\",\"name\":\"Rebonds - Qu\u2019attendent Ettakatol et le CPR pour se conformer \u00e0 la volont\u00e9 de leurs \u00e9lecteurs ?\",\"isPartOf\":{\"@id\":\"https:\\\/\\\/www.webdo.tn\\\/fr\\\/#website\"},\"primaryImageOfPage\":{\"@id\":\"https:\\\/\\\/www.webdo.tn\\\/fr\\\/actualite\\\/chroniques\\\/rebonds-quattendent-ettakatol-et-le-cpr-pour-se-conformer-a-la-volonte-de-leurs-electeurs\\\/186865\\\/#primaryimage\"},\"image\":{\"@id\":\"https:\\\/\\\/www.webdo.tn\\\/fr\\\/actualite\\\/chroniques\\\/rebonds-quattendent-ettakatol-et-le-cpr-pour-se-conformer-a-la-volonte-de-leurs-electeurs\\\/186865\\\/#primaryimage\"},\"thumbnailUrl\":\"https:\\\/\\\/www.webdo.tn\\\/fr\\\/wp-content\\\/uploads\\\/2025\\\/06\\\/Ben-Jaafar-Marzouki-Credit-photo-ledevoir.com__186865.jpg\",\"datePublished\":\"2013-09-25T10:20:00+00:00\",\"dateModified\":\"2025-06-04T18:40:33+00:00\",\"description\":\"Rebonds - Qu\u2019attendent Ettakatol et le CPR pour se conformer \u00e0 la volont\u00e9 de leurs \u00e9lecteurs ?\",\"breadcrumb\":{\"@id\":\"https:\\\/\\\/www.webdo.tn\\\/fr\\\/actualite\\\/chroniques\\\/rebonds-quattendent-ettakatol-et-le-cpr-pour-se-conformer-a-la-volonte-de-leurs-electeurs\\\/186865\\\/#breadcrumb\"},\"inLanguage\":\"fr-FR\",\"potentialAction\":[{\"@type\":\"ReadAction\",\"target\":[\"https:\\\/\\\/www.webdo.tn\\\/fr\\\/actualite\\\/chroniques\\\/rebonds-quattendent-ettakatol-et-le-cpr-pour-se-conformer-a-la-volonte-de-leurs-electeurs\\\/186865\\\/\"]}]},{\"@type\":\"ImageObject\",\"inLanguage\":\"fr-FR\",\"@id\":\"https:\\\/\\\/www.webdo.tn\\\/fr\\\/actualite\\\/chroniques\\\/rebonds-quattendent-ettakatol-et-le-cpr-pour-se-conformer-a-la-volonte-de-leurs-electeurs\\\/186865\\\/#primaryimage\",\"url\":\"https:\\\/\\\/www.webdo.tn\\\/fr\\\/wp-content\\\/uploads\\\/2025\\\/06\\\/Ben-Jaafar-Marzouki-Credit-photo-ledevoir.com__186865.jpg\",\"contentUrl\":\"https:\\\/\\\/www.webdo.tn\\\/fr\\\/wp-content\\\/uploads\\\/2025\\\/06\\\/Ben-Jaafar-Marzouki-Credit-photo-ledevoir.com__186865.jpg\",\"width\":449,\"height\":304,\"caption\":\"Rebonds - Qu\u2019attendent Ettakatol et le CPR pour se conformer \u00e0 la volont\u00e9 de leurs \u00e9lecteurs ?\"},{\"@type\":\"BreadcrumbList\",\"@id\":\"https:\\\/\\\/www.webdo.tn\\\/fr\\\/actualite\\\/chroniques\\\/rebonds-quattendent-ettakatol-et-le-cpr-pour-se-conformer-a-la-volonte-de-leurs-electeurs\\\/186865\\\/#breadcrumb\",\"itemListElement\":[{\"@type\":\"ListItem\",\"position\":1,\"name\":\"Accueil\",\"item\":\"https:\\\/\\\/www.webdo.tn\\\/fr\\\/\"},{\"@type\":\"ListItem\",\"position\":2,\"name\":\"Rebonds &#8211; Qu\u2019attendent Ettakatol et le CPR pour se conformer \u00e0 la volont\u00e9 de leurs \u00e9lecteurs ?\"}]},{\"@type\":\"WebSite\",\"@id\":\"https:\\\/\\\/www.webdo.tn\\\/fr\\\/#website\",\"url\":\"https:\\\/\\\/www.webdo.tn\\\/fr\\\/\",\"name\":\"webdo\",\"description\":\"Tunisie - News en Tunisie et \u00e0 l&#039;international sur Webdo.tn\",\"publisher\":{\"@id\":\"https:\\\/\\\/www.webdo.tn\\\/fr\\\/#organization\"},\"potentialAction\":[{\"@type\":\"SearchAction\",\"target\":{\"@type\":\"EntryPoint\",\"urlTemplate\":\"https:\\\/\\\/www.webdo.tn\\\/fr\\\/?s={search_term_string}\"},\"query-input\":{\"@type\":\"PropertyValueSpecification\",\"valueRequired\":true,\"valueName\":\"search_term_string\"}}],\"inLanguage\":\"fr-FR\"},{\"@type\":\"Organization\",\"@id\":\"https:\\\/\\\/www.webdo.tn\\\/fr\\\/#organization\",\"name\":\"Webdo\",\"alternateName\":\"Webdo.tn\",\"url\":\"https:\\\/\\\/www.webdo.tn\\\/fr\\\/\",\"logo\":{\"@type\":\"ImageObject\",\"inLanguage\":\"fr-FR\",\"@id\":\"https:\\\/\\\/www.webdo.tn\\\/fr\\\/#\\\/schema\\\/logo\\\/image\\\/\",\"url\":\"https:\\\/\\\/www.webdo.tn\\\/fr\\\/wp-content\\\/uploads\\\/2025\\\/06\\\/Webdo-Tunisie_168377.jpg\",\"contentUrl\":\"https:\\\/\\\/www.webdo.tn\\\/fr\\\/wp-content\\\/uploads\\\/2025\\\/06\\\/Webdo-Tunisie_168377.jpg\",\"width\":301,\"height\":301,\"caption\":\"Webdo\"},\"image\":{\"@id\":\"https:\\\/\\\/www.webdo.tn\\\/fr\\\/#\\\/schema\\\/logo\\\/image\\\/\"},\"sameAs\":[\"https:\\\/\\\/www.facebook.com\\\/webdotn\",\"https:\\\/\\\/x.com\\\/webdo_tn\"],\"description\":\"Webdo est un m\u00e9dia num\u00e9rique tunisien fond\u00e9 en 2010, sp\u00e9cialis\u00e9 dans l\u2019actualit\u00e9 nationale et internationale, l\u2019\u00e9conomie, la soci\u00e9t\u00e9 et les analyses politiques. Le site s\u2019adresse \u00e0 un large public francophone et couvre l\u2019information tunisienne en temps r\u00e9el.\",\"email\":\"redac@webdo.tn\",\"legalName\":\"YNJ SARL\",\"foundingDate\":\"2010-09-06\",\"numberOfEmployees\":{\"@type\":\"QuantitativeValue\",\"minValue\":\"11\",\"maxValue\":\"50\"}},{\"@type\":\"Person\",\"@id\":\"https:\\\/\\\/www.webdo.tn\\\/fr\\\/#\\\/schema\\\/person\\\/6bc0beba2cd23aec27cb5df85ca2554f\",\"name\":\"Hatem Bourial\",\"image\":{\"@type\":\"ImageObject\",\"inLanguage\":\"fr-FR\",\"@id\":\"https:\\\/\\\/www.webdo.tn\\\/fr\\\/wp-content\\\/uploads\\\/2026\\\/04\\\/hatem-bourial_avatar-96x96.jpg\",\"url\":\"https:\\\/\\\/www.webdo.tn\\\/fr\\\/wp-content\\\/uploads\\\/2026\\\/04\\\/hatem-bourial_avatar-96x96.jpg\",\"contentUrl\":\"https:\\\/\\\/www.webdo.tn\\\/fr\\\/wp-content\\\/uploads\\\/2026\\\/04\\\/hatem-bourial_avatar-96x96.jpg\",\"caption\":\"Hatem Bourial\"},\"description\":\"Hatem Bourial est journaliste, \u00e9crivain et chroniqueur tunisien. Actif depuis plusieurs d\u00e9cennies, il s\u2019est impos\u00e9 comme un observateur attentif de la soci\u00e9t\u00e9 tunisienne, m\u00ealant dans ses \u00e9crits m\u00e9moire, culture et analyse du quotidien. Auteur de nombreux ouvrages, il d\u00e9veloppe une \u0153uvre \u00e0 la crois\u00e9e du r\u00e9cit, de la po\u00e9sie et de l\u2019observation sociologique. Parall\u00e8lement \u00e0 ses contributions dans la presse, il intervient r\u00e9guli\u00e8rement \u00e0 la radio et dans des espaces culturels, o\u00f9 il explore les enjeux li\u00e9s au patrimoine, \u00e0 l\u2019identit\u00e9 et aux transformations du monde contemporain. \u00c0 travers ses chroniques, Hatem Bourial propose une lecture sensible et approfondie de l\u2019actualit\u00e9, nourrie par une exp\u00e9rience journalistique et litt\u00e9raire reconnue. \ud83d\udd17 Facebook : https:\\\/\\\/www.facebook.com\\\/hatem.bourial.2025\",\"sameAs\":[\"https:\\\/\\\/www.facebook.com\\\/hatem.bourial.2025\",\"https:\\\/\\\/fr.wikipedia.org\\\/wiki\\\/Fichier:Hatem_Bourial.jpg\"],\"knowsAbout\":[\"Culture & patrimoine tunisien\",\"Chronique soci\u00e9tale\",\"Litt\u00e9rature & m\u00e9moire\",\"Cin\u00e9ma & critique culturelle\",\"Identit\u00e9 & mutations sociales\"],\"knowsLanguage\":[\"Arabe\",\"Fran\u00e7ais\",\"Anglais\",\"Italien\",\"Polonais\"],\"jobTitle\":\"Journaliste, \u00e9crivain et chroniqueur culturel\",\"worksFor\":\"Webdo\",\"url\":\"https:\\\/\\\/www.webdo.tn\\\/fr\\\/actualite\\\/author\\\/hatem-bourial-2\\\/\"}]}<\/script>\n<!-- \/ Yoast SEO Premium plugin. -->","yoast_head_json":{"title":"Rebonds - Qu\u2019attendent Ettakatol et le CPR pour se conformer \u00e0 la volont\u00e9 de leurs \u00e9lecteurs ?","description":"Rebonds - Qu\u2019attendent Ettakatol et le CPR pour se conformer \u00e0 la volont\u00e9 de leurs \u00e9lecteurs ?","canonical":"https:\/\/www.webdo.tn\/fr\/actualite\/chroniques\/rebonds-quattendent-ettakatol-et-le-cpr-pour-se-conformer-a-la-volonte-de-leurs-electeurs\/186865\/","og_locale":"fr_FR","og_type":"article","og_title":"Rebonds - Qu\u2019attendent Ettakatol et le CPR pour se conformer \u00e0 la volont\u00e9 de leurs \u00e9lecteurs ?","og_description":"Rebonds - Qu\u2019attendent Ettakatol et le CPR pour se conformer \u00e0 la volont\u00e9 de leurs \u00e9lecteurs ?","og_url":"https:\/\/www.webdo.tn\/fr\/actualite\/chroniques\/rebonds-quattendent-ettakatol-et-le-cpr-pour-se-conformer-a-la-volonte-de-leurs-electeurs\/186865\/","og_site_name":"webdo","article_publisher":"https:\/\/www.facebook.com\/webdotn","article_author":"https:\/\/www.facebook.com\/hatem.bourial.2025","article_published_time":"2013-09-25T10:20:00+00:00","article_modified_time":"2025-06-04T18:40:33+00:00","author":"Hatem Bourial","twitter_card":"summary_large_image","twitter_creator":"@webdo_tn","twitter_site":"@webdo_tn","twitter_misc":{"\u00c9crit par":"Hatem Bourial","Dur\u00e9e de lecture estim\u00e9e":"1 minute"},"schema":{"@context":"https:\/\/schema.org","@graph":[{"@type":"NewsArticle","@id":"https:\/\/www.webdo.tn\/fr\/actualite\/chroniques\/rebonds-quattendent-ettakatol-et-le-cpr-pour-se-conformer-a-la-volonte-de-leurs-electeurs\/186865\/#article","isPartOf":{"@id":"https:\/\/www.webdo.tn\/fr\/actualite\/chroniques\/rebonds-quattendent-ettakatol-et-le-cpr-pour-se-conformer-a-la-volonte-de-leurs-electeurs\/186865\/"},"author":{"name":"Hatem Bourial","@id":"https:\/\/www.webdo.tn\/fr\/#\/schema\/person\/6bc0beba2cd23aec27cb5df85ca2554f"},"headline":"Rebonds &#8211; Qu\u2019attendent Ettakatol et le CPR pour se conformer \u00e0 la volont\u00e9 de leurs \u00e9lecteurs ?","datePublished":"2013-09-25T10:20:00+00:00","dateModified":"2025-06-04T18:40:33+00:00","mainEntityOfPage":{"@id":"https:\/\/www.webdo.tn\/fr\/actualite\/chroniques\/rebonds-quattendent-ettakatol-et-le-cpr-pour-se-conformer-a-la-volonte-de-leurs-electeurs\/186865\/"},"wordCount":231,"commentCount":0,"publisher":{"@id":"https:\/\/www.webdo.tn\/fr\/#organization"},"image":{"@id":"https:\/\/www.webdo.tn\/fr\/actualite\/chroniques\/rebonds-quattendent-ettakatol-et-le-cpr-pour-se-conformer-a-la-volonte-de-leurs-electeurs\/186865\/#primaryimage"},"thumbnailUrl":"https:\/\/www.webdo.tn\/fr\/wp-content\/uploads\/2025\/06\/Ben-Jaafar-Marzouki-Credit-photo-ledevoir.com__186865.jpg","articleSection":["Chroniques"],"inLanguage":"fr-FR"},{"@type":"WebPage","@id":"https:\/\/www.webdo.tn\/fr\/actualite\/chroniques\/rebonds-quattendent-ettakatol-et-le-cpr-pour-se-conformer-a-la-volonte-de-leurs-electeurs\/186865\/","url":"https:\/\/www.webdo.tn\/fr\/actualite\/chroniques\/rebonds-quattendent-ettakatol-et-le-cpr-pour-se-conformer-a-la-volonte-de-leurs-electeurs\/186865\/","name":"Rebonds - Qu\u2019attendent Ettakatol et le CPR pour se conformer \u00e0 la volont\u00e9 de leurs \u00e9lecteurs ?","isPartOf":{"@id":"https:\/\/www.webdo.tn\/fr\/#website"},"primaryImageOfPage":{"@id":"https:\/\/www.webdo.tn\/fr\/actualite\/chroniques\/rebonds-quattendent-ettakatol-et-le-cpr-pour-se-conformer-a-la-volonte-de-leurs-electeurs\/186865\/#primaryimage"},"image":{"@id":"https:\/\/www.webdo.tn\/fr\/actualite\/chroniques\/rebonds-quattendent-ettakatol-et-le-cpr-pour-se-conformer-a-la-volonte-de-leurs-electeurs\/186865\/#primaryimage"},"thumbnailUrl":"https:\/\/www.webdo.tn\/fr\/wp-content\/uploads\/2025\/06\/Ben-Jaafar-Marzouki-Credit-photo-ledevoir.com__186865.jpg","datePublished":"2013-09-25T10:20:00+00:00","dateModified":"2025-06-04T18:40:33+00:00","description":"Rebonds - Qu\u2019attendent Ettakatol et le CPR pour se conformer \u00e0 la volont\u00e9 de leurs \u00e9lecteurs ?","breadcrumb":{"@id":"https:\/\/www.webdo.tn\/fr\/actualite\/chroniques\/rebonds-quattendent-ettakatol-et-le-cpr-pour-se-conformer-a-la-volonte-de-leurs-electeurs\/186865\/#breadcrumb"},"inLanguage":"fr-FR","potentialAction":[{"@type":"ReadAction","target":["https:\/\/www.webdo.tn\/fr\/actualite\/chroniques\/rebonds-quattendent-ettakatol-et-le-cpr-pour-se-conformer-a-la-volonte-de-leurs-electeurs\/186865\/"]}]},{"@type":"ImageObject","inLanguage":"fr-FR","@id":"https:\/\/www.webdo.tn\/fr\/actualite\/chroniques\/rebonds-quattendent-ettakatol-et-le-cpr-pour-se-conformer-a-la-volonte-de-leurs-electeurs\/186865\/#primaryimage","url":"https:\/\/www.webdo.tn\/fr\/wp-content\/uploads\/2025\/06\/Ben-Jaafar-Marzouki-Credit-photo-ledevoir.com__186865.jpg","contentUrl":"https:\/\/www.webdo.tn\/fr\/wp-content\/uploads\/2025\/06\/Ben-Jaafar-Marzouki-Credit-photo-ledevoir.com__186865.jpg","width":449,"height":304,"caption":"Rebonds - Qu\u2019attendent Ettakatol et le CPR pour se conformer \u00e0 la volont\u00e9 de leurs \u00e9lecteurs ?"},{"@type":"BreadcrumbList","@id":"https:\/\/www.webdo.tn\/fr\/actualite\/chroniques\/rebonds-quattendent-ettakatol-et-le-cpr-pour-se-conformer-a-la-volonte-de-leurs-electeurs\/186865\/#breadcrumb","itemListElement":[{"@type":"ListItem","position":1,"name":"Accueil","item":"https:\/\/www.webdo.tn\/fr\/"},{"@type":"ListItem","position":2,"name":"Rebonds &#8211; Qu\u2019attendent Ettakatol et le CPR pour se conformer \u00e0 la volont\u00e9 de leurs \u00e9lecteurs ?"}]},{"@type":"WebSite","@id":"https:\/\/www.webdo.tn\/fr\/#website","url":"https:\/\/www.webdo.tn\/fr\/","name":"webdo","description":"Tunisie - News en Tunisie et \u00e0 l&#039;international sur Webdo.tn","publisher":{"@id":"https:\/\/www.webdo.tn\/fr\/#organization"},"potentialAction":[{"@type":"SearchAction","target":{"@type":"EntryPoint","urlTemplate":"https:\/\/www.webdo.tn\/fr\/?s={search_term_string}"},"query-input":{"@type":"PropertyValueSpecification","valueRequired":true,"valueName":"search_term_string"}}],"inLanguage":"fr-FR"},{"@type":"Organization","@id":"https:\/\/www.webdo.tn\/fr\/#organization","name":"Webdo","alternateName":"Webdo.tn","url":"https:\/\/www.webdo.tn\/fr\/","logo":{"@type":"ImageObject","inLanguage":"fr-FR","@id":"https:\/\/www.webdo.tn\/fr\/#\/schema\/logo\/image\/","url":"https:\/\/www.webdo.tn\/fr\/wp-content\/uploads\/2025\/06\/Webdo-Tunisie_168377.jpg","contentUrl":"https:\/\/www.webdo.tn\/fr\/wp-content\/uploads\/2025\/06\/Webdo-Tunisie_168377.jpg","width":301,"height":301,"caption":"Webdo"},"image":{"@id":"https:\/\/www.webdo.tn\/fr\/#\/schema\/logo\/image\/"},"sameAs":["https:\/\/www.facebook.com\/webdotn","https:\/\/x.com\/webdo_tn"],"description":"Webdo est un m\u00e9dia num\u00e9rique tunisien fond\u00e9 en 2010, sp\u00e9cialis\u00e9 dans l\u2019actualit\u00e9 nationale et internationale, l\u2019\u00e9conomie, la soci\u00e9t\u00e9 et les analyses politiques. Le site s\u2019adresse \u00e0 un large public francophone et couvre l\u2019information tunisienne en temps r\u00e9el.","email":"redac@webdo.tn","legalName":"YNJ SARL","foundingDate":"2010-09-06","numberOfEmployees":{"@type":"QuantitativeValue","minValue":"11","maxValue":"50"}},{"@type":"Person","@id":"https:\/\/www.webdo.tn\/fr\/#\/schema\/person\/6bc0beba2cd23aec27cb5df85ca2554f","name":"Hatem Bourial","image":{"@type":"ImageObject","inLanguage":"fr-FR","@id":"https:\/\/www.webdo.tn\/fr\/wp-content\/uploads\/2026\/04\/hatem-bourial_avatar-96x96.jpg","url":"https:\/\/www.webdo.tn\/fr\/wp-content\/uploads\/2026\/04\/hatem-bourial_avatar-96x96.jpg","contentUrl":"https:\/\/www.webdo.tn\/fr\/wp-content\/uploads\/2026\/04\/hatem-bourial_avatar-96x96.jpg","caption":"Hatem Bourial"},"description":"Hatem Bourial est journaliste, \u00e9crivain et chroniqueur tunisien. Actif depuis plusieurs d\u00e9cennies, il s\u2019est impos\u00e9 comme un observateur attentif de la soci\u00e9t\u00e9 tunisienne, m\u00ealant dans ses \u00e9crits m\u00e9moire, culture et analyse du quotidien. Auteur de nombreux ouvrages, il d\u00e9veloppe une \u0153uvre \u00e0 la crois\u00e9e du r\u00e9cit, de la po\u00e9sie et de l\u2019observation sociologique. Parall\u00e8lement \u00e0 ses contributions dans la presse, il intervient r\u00e9guli\u00e8rement \u00e0 la radio et dans des espaces culturels, o\u00f9 il explore les enjeux li\u00e9s au patrimoine, \u00e0 l\u2019identit\u00e9 et aux transformations du monde contemporain. \u00c0 travers ses chroniques, Hatem Bourial propose une lecture sensible et approfondie de l\u2019actualit\u00e9, nourrie par une exp\u00e9rience journalistique et litt\u00e9raire reconnue. \ud83d\udd17 Facebook : https:\/\/www.facebook.com\/hatem.bourial.2025","sameAs":["https:\/\/www.facebook.com\/hatem.bourial.2025","https:\/\/fr.wikipedia.org\/wiki\/Fichier:Hatem_Bourial.jpg"],"knowsAbout":["Culture & patrimoine tunisien","Chronique soci\u00e9tale","Litt\u00e9rature & m\u00e9moire","Cin\u00e9ma & critique culturelle","Identit\u00e9 & mutations sociales"],"knowsLanguage":["Arabe","Fran\u00e7ais","Anglais","Italien","Polonais"],"jobTitle":"Journaliste, \u00e9crivain et chroniqueur culturel","worksFor":"Webdo","url":"https:\/\/www.webdo.tn\/fr\/actualite\/author\/hatem-bourial-2\/"}]}},"_links":{"self":[{"href":"https:\/\/www.webdo.tn\/fr\/wp-json\/wp\/v2\/posts\/186865","targetHints":{"allow":["GET"]}}],"collection":[{"href":"https:\/\/www.webdo.tn\/fr\/wp-json\/wp\/v2\/posts"}],"about":[{"href":"https:\/\/www.webdo.tn\/fr\/wp-json\/wp\/v2\/types\/post"}],"author":[{"embeddable":true,"href":"https:\/\/www.webdo.tn\/fr\/wp-json\/wp\/v2\/users\/3229"}],"replies":[{"embeddable":true,"href":"https:\/\/www.webdo.tn\/fr\/wp-json\/wp\/v2\/comments?post=186865"}],"version-history":[{"count":0,"href":"https:\/\/www.webdo.tn\/fr\/wp-json\/wp\/v2\/posts\/186865\/revisions"}],"wp:featuredmedia":[{"embeddable":true,"href":"https:\/\/www.webdo.tn\/fr\/wp-json\/wp\/v2\/media\/374152"}],"wp:attachment":[{"href":"https:\/\/www.webdo.tn\/fr\/wp-json\/wp\/v2\/media?parent=186865"}],"wp:term":[{"taxonomy":"category","embeddable":true,"href":"https:\/\/www.webdo.tn\/fr\/wp-json\/wp\/v2\/categories?post=186865"},{"taxonomy":"post_tag","embeddable":true,"href":"https:\/\/www.webdo.tn\/fr\/wp-json\/wp\/v2\/tags?post=186865"}],"curies":[{"name":"wp","href":"https:\/\/api.w.org\/{rel}","templated":true}]}}