{"id":186862,"date":"2013-07-05T10:15:00","date_gmt":"2013-07-05T10:15:00","guid":{"rendered":"https:\/\/www.webdo.tn\/fr\/blog\/le-billet-de-hatem-bourial-moins-dislam-plus-de-solutions\/186862\/"},"modified":"2013-07-05T10:15:00","modified_gmt":"2013-07-05T10:15:00","slug":"le-billet-de-hatem-bourial-moins-dislam-plus-de-solutions","status":"publish","type":"post","link":"https:\/\/www.webdo.tn\/fr\/actualite\/chroniques\/le-billet-de-hatem-bourial-moins-dislam-plus-de-solutions\/186862\/","title":{"rendered":"Le billet de Hatem Bourial &#8211; \u00ab\u00a0Moins d&rsquo;Islam, plus de solutions !\u00a0\u00bb"},"content":{"rendered":"<p>Pour les fr\u00e8res musulmans, o\u00f9 qu&rsquo;ils se trouvent, un slogan fameux qui a valeur de credo s&rsquo;\u00e9nonce de la mani\u00e8re suivante : \u00ab\u00a0L&rsquo;Islam est la solution, le Coran est notre constitution\u00a0\u00bb.<br \/>\nD\u00e9tournant cette p\u00e9tition de principe, un diplomate occidental a invent\u00e9 une autre formule en guise de rebond. Je la reprends pour le titre de ce billet et elle s&rsquo;\u00e9nonce : \u00ab\u00a0Moins d&rsquo;Islam, plus de solutions\u00a0\u00bb ou, si l&rsquo;on pr\u00e9f\u00e8re : moins de discours id\u00e9ologiques drap\u00e9s d&rsquo;une parure religieuse et plus de r\u00e9alisations \u00e9conomiques et sociales.<\/p>\n<p>De fait, les r\u00e9volutions arabes de 2011 se sont vite d\u00e9tourn\u00e9es de leur essence \u00e9conomique et sociale pour se transformer en processus d&rsquo;islamisation par le haut et par le bas. En d&rsquo;autres termes, les pouvoirs issus d&rsquo;\u00e9lections discutables &#8211; car bas\u00e9es sur des exclusives, une impr\u00e9paration des forces politiques et aussi une mainmise des partis islamistes &#8211; se sont arrog\u00e9s le droit de fuir en avant en \u00e9ludant les revendications populaires tout en les rempla\u00e7ant par un agenda d&rsquo;inspiration religieuse sous couvert de politique ou vice-versa.<\/p>\n<p>Au lieu d&rsquo;investir le champ \u00e9conomique et prendre le taureau du ch\u00f4mage et des d\u00e9s\u00e9quilibres r\u00e9gionaux par les cornes, les islamistes au pouvoir ont pr\u00e9f\u00e9r\u00e9 botter en touche et jouer la montre. Jusqu&rsquo;a l&rsquo;outrance. Jusqu&rsquo;a l&rsquo;ind\u00e9cence. Au point o\u00f9 ils ont fini par \u00eatre rattrap\u00e9s par la r\u00e9alit\u00e9 qu&rsquo;ils refusaient de voir tout en se complaisant dans les man\u0153uvres politiciennes.<\/p>\n<p>CE SONT DEUX SI\u00c8CLES D&rsquo;HISTOIRE QU&rsquo;ON CHERCHE A EFFACER<\/p>\n<p>A ses d\u00e9buts, la r\u00e9volution tunisienne \u00e9tait porteuse d&rsquo;esp\u00e9rance. Deux ans plus tard, elle s&rsquo;est transform\u00e9e en cauchemar pour un grand nombre de Tunisiens qui n&rsquo;ont toujours pas compris ni accept\u00e9 ce que les gagnants des \u00e9lections d&rsquo;octobre 2011 ont fait de la r\u00e9volution.<br \/>\nEn d&rsquo;autres termes, pourquoi les islamistes au pouvoir ont-ils multipli\u00e9 les promesses trompeuses, pourquoi leur alli\u00e9s de la Troika ont-ils tourn\u00e9 le dos \u00e0 leurs fondamentaux militants, pourquoi le pouvoir actuel est-il en train de tenter de noyauter tout un pays, pourquoi cherche-t-on \u00e0 discr\u00e9diter le syndicat historique de l&rsquo;UGTT et l&rsquo;institution militaire qui sont pourtant deux p\u00f4les de stabilit\u00e9 dans un pays en crise ?<\/p>\n<p>Sur un autre plan, les tentatives de wahabisation des esprits, la violence sous toutes ses formes, les milices qui ne disent pas leur nom et l&rsquo;entrisme politique dans les mosqu\u00e9es sont d&rsquo;autres indices de cette volont\u00e9 du pouvoir actuel de faire basculer la Tunisie dans un mod\u00e8le qui n&rsquo;a jamais \u00e9t\u00e9 le sien. Sous couvert de r\u00e9volution, ce sont deux si\u00e8cles que l&rsquo;on cherche \u00e0 effacer, ce sont nos h\u00e9ritages r\u00e9formistes et moderniste que l&rsquo;on veut d\u00e9truire, c&rsquo;est notre identit\u00e9 m\u00e9diterran\u00e9enne que l&rsquo;on tente de dissoudre dans les diktats venus du Golfe et relay\u00e9s par des islamistes au patriotisme \u00e9lastique.<\/p>\n<p>POUVOIR TUNISOPHOBE ET PATRIOTISME \u00c9LASTIQUE<\/p>\n<p>Et dans tout cela, on perd de vue l&rsquo;essentiel : la vie des gens, le bonheur des peuples, la dignit\u00e9 qui rend l&rsquo;\u00e2me, les aspirations de la jeunesse et l&rsquo;attente des d\u00e9sh\u00e9rites qui avaient cru qu&rsquo;enfin, le soleil se levait pour eux aussi.<\/p>\n<p>Il est temps de remettre les pendules \u00e0 l&rsquo;heure et revenir \u00e0 la case Dignit\u00e9. Il est temps de rel\u00e9guer les lanternes de l&rsquo;islamisme pour revenir au pragmatisme modeste et sinc\u00e8re qui a permis \u00e0 notre pays de se construire malgr\u00e9 la voracit\u00e9 de certaines \u00e9lites. Il est temps de rendre \u00e0 l&rsquo;Etat sa dignit\u00e9 et \u00e0 la religion sa place v\u00e9ritable, dans les c\u0153urs des croyants et la splendeur de la r\u00e9v\u00e9lation.<br \/>\nIl est bien triste de voir ces coupables bricolages qui ont transform\u00e9 notre Etat en jouet entre des mains insatiables et notre religion en caricature vocif\u00e9rante, en repoussoir, en instrument de discorde.<\/p>\n<p>Il est temps de le dire haut et fort : la Tunisie a besoin de moins d&rsquo;Islam qui cultive l&rsquo;intol\u00e9rance et la violence et de plus de solutions pragmatiques pour construire un Etat enfin moderne et social, sans dictature ni pauvret\u00e9. Et qu&rsquo;on ne me parle pas de mod\u00e8le turc ou d&rsquo;argent du Qatar. Et qu&rsquo;on ne me parle plus de grands fr\u00e8res ni d&rsquo;amis qui nous veulent du bien. Nous sommes Tunisiens, majeurs et vaccin\u00e9s. Nous connaissons nos racines, nos d\u00e9sirs et nos identit\u00e9s. Enfin libres, nous ne pensions pas tomber dans pareil gouffre, pareilles impostures et occultations.<\/p>\n<p>LE TEMPS DES TOURS D\u2019IVOIRE EST FINI<\/p>\n<p>Notre pays ne m\u00e9rite pas ce pouvoir tunisophobe qui malm\u00e8ne ce qui nous est le plus cher : notre libert\u00e9 reconquise. La Tunisie devrait avoir d&rsquo;autres priorit\u00e9s que celle de voiler les femmes, g\u00e9n\u00e9raliser l&rsquo;enseignement qui se pr\u00e9tend religieux, embrigader nos enfants et les envoyer aux boucheries du jihad, promouvoir une nouvelle nomenklatura barbue ou \u00e9craser la jeunesse par des oukases d&rsquo;un autre \u00e2ge.<\/p>\n<p>Les solutions v\u00e9ritables sont ailleurs et si le pouvoir actuel refuse de les regarder en face, de les mettre en \u0153uvre, c&rsquo;est bien parce que, dans une aveugle fuite en avant, nos \u00e9lus \u00ab\u00a0l\u00e9gitimes\u00a0\u00bb ont oubli\u00e9 qu&rsquo;eux aussi devaient rendre des comptes.<br \/>\nQu&rsquo;on se le dise enfin : la page du paternalisme de Bourguiba et celle des d\u00e9rives de Ben Ali sont bel et bien tourn\u00e9es. Nous sommes le peuple et d\u00e9sormais nos \u00e9lus devront nous rendre des comptes et faire preuve de modestie.<br \/>\nSinon, ils nous d\u00e9montreront simplement qu&rsquo;ils n&rsquo;ont rien compris \u00e0 la r\u00e9volution que d&rsquo;ailleurs, ils n&rsquo;ont pas faite mais dont ils se sont empar\u00e9s pour la trahir, la d\u00e9voyer, la violer et la falsifier.<\/p>\n<p>De d\u00e9cembre 2010 \u00e0 janvier 2011, le peuple n&rsquo;a pas demand\u00e9 plus d&rsquo;Islam mais du travail, de la justice sociale et sa dignit\u00e9. L&rsquo;arrogance et l&rsquo;autisme des tenants de la Troika a vite fait de brouiller ce message fort et le passer \u00e0 la trappe. Pourtant, des voix par milliers continuent \u00e0 clamer haut et fort : \u00ab\u00a0Rendez nous notre dignit\u00e9, ne vous comportez ni comme Ben Ali ni comme son entourage. Ecoutez ceux qui vous ont \u00e9lus. Car ils vous ont donn\u00e9 un mandat et non pas un permis de construire de nouvelles tours d&rsquo;ivoire sur le dos d&rsquo;une nation qui in fine vous demandera des comptes.<\/p>\n<p>POPULISME, MENSONGE ET D\u00c9MAGOGIE<\/p>\n<p>Dieu m&rsquo;est t\u00e9moin, en cette veille de Ramadan, en ces jours o\u00f9 me taraude la peur d&rsquo;une d\u00e9rive \u00e0 l&rsquo;alg\u00e9rienne que quelques exalt\u00e9s pourraient faire subir \u00e0 l&rsquo;Egypte, en ces jours o\u00f9 la Tunisie cherche \u00e0 rebrousser chemin de l&rsquo;impasse o\u00f9 elle s&rsquo;est fourvoy\u00e9e, en ces jours qui ressemblent de nouveau \u00e0 la longue nuit qui nous a recouvert de sa chape de plomb, en ces jours o\u00f9 tel Machiavel des musulmans jettent l&rsquo;anath\u00e8me sur d&rsquo;autres musulmans&#8230; Dieu m&rsquo;est t\u00e9moin et Il est seul juge : en quoi des politiciens rus\u00e9s qui ont su s&#8217;emparer du pouvoir en cachant leurs intentions derri\u00e8re un discours moralisateur seraient-ils plus aptes que n&rsquo;importe quel autre croyant, n&rsquo;importe quel autre militant \u00e0 mettre notre pays sur les rails de sa d\u00e9mocratie ?<\/p>\n<p>Car tous ces bigots qui cherchent \u00e0 nous \u00e9craser, au nom de notre propre religion qu&rsquo;ils d\u00e9tournent de son sens et de sa tradition, n&rsquo;ont cure de d\u00e9mocratie ni d&rsquo;Islam d&rsquo;ailleurs puisque ce que nous consid\u00e9rons comme sublime et \u00e9ternel n&rsquo;est entre leurs mains qu&rsquo;un instrument de prise et de contr\u00f4le du pouvoir.<br \/>\nOui, notre pays a besoin de moins d&rsquo;Islam biais\u00e9 et de plus de solutions g\u00e9n\u00e9reuses. Oui, notre pays a bien besoin de son Islam v\u00e9ritable &#8211; tol\u00e9rant, \u00e9clair\u00e9, libre et ouvert &#8211; qui lui, est porteur des solutions de la modernit\u00e9. Tout le reste n&rsquo;est que populisme, mensonge et d\u00e9magogie&#8230;<\/p>\n","protected":false},"excerpt":{"rendered":"<p>Le billet de Hatem Bourial &#8211;  Moins d&rsquo;Islam, plus de solutions !<\/p>\n","protected":false},"author":3229,"featured_media":374840,"comment_status":"open","ping_status":"closed","sticky":false,"template":"","format":"standard","meta":{"footnotes":""},"categories":[2596],"tags":[2600],"class_list":["post-186862","post","type-post","status-publish","format-standard","has-post-thumbnail","hentry","category-chroniques","tag-guerre"],"yoast_head":"<!-- This site is optimized with the Yoast SEO Premium plugin v27.5 (Yoast SEO v27.5) - https:\/\/yoast.com\/product\/yoast-seo-premium-wordpress\/ -->\n<title>Le billet de Hatem Bourial - Moins d&#039;Islam, plus de solutions !<\/title>\n<meta name=\"description\" content=\"Le billet de Hatem Bourial - Moins d&#039;Islam, plus de solutions !\" \/>\n<link rel=\"canonical\" href=\"https:\/\/www.webdo.tn\/fr\/actualite\/chroniques\/le-billet-de-hatem-bourial-moins-dislam-plus-de-solutions\/186862\/\" \/>\n<meta property=\"og:locale\" content=\"fr_FR\" \/>\n<meta property=\"og:type\" content=\"article\" \/>\n<meta property=\"og:title\" content=\"Le billet de Hatem Bourial - &quot;Moins d&#039;Islam, plus de solutions !&quot;\" \/>\n<meta property=\"og:description\" content=\"Le billet de Hatem Bourial - Moins d&#039;Islam, plus de solutions !\" \/>\n<meta property=\"og:url\" content=\"https:\/\/www.webdo.tn\/fr\/actualite\/chroniques\/le-billet-de-hatem-bourial-moins-dislam-plus-de-solutions\/186862\/\" \/>\n<meta property=\"og:site_name\" content=\"webdo\" \/>\n<meta property=\"article:publisher\" content=\"https:\/\/www.facebook.com\/webdotn\" \/>\n<meta property=\"article:author\" content=\"https:\/\/www.facebook.com\/hatem.bourial.2025\" \/>\n<meta property=\"article:published_time\" content=\"2013-07-05T10:15:00+00:00\" \/>\n<meta name=\"author\" content=\"Hatem Bourial\" \/>\n<meta name=\"twitter:card\" content=\"summary_large_image\" \/>\n<meta name=\"twitter:creator\" content=\"@webdo_tn\" \/>\n<meta name=\"twitter:site\" content=\"@webdo_tn\" \/>\n<meta name=\"twitter:label1\" content=\"\u00c9crit par\" \/>\n\t<meta name=\"twitter:data1\" content=\"Hatem Bourial\" \/>\n\t<meta name=\"twitter:label2\" content=\"Dur\u00e9e de lecture estim\u00e9e\" \/>\n\t<meta name=\"twitter:data2\" content=\"7 minutes\" \/>\n<script type=\"application\/ld+json\" class=\"yoast-schema-graph\">{\"@context\":\"https:\\\/\\\/schema.org\",\"@graph\":[{\"@type\":\"NewsArticle\",\"@id\":\"https:\\\/\\\/www.webdo.tn\\\/fr\\\/actualite\\\/chroniques\\\/le-billet-de-hatem-bourial-moins-dislam-plus-de-solutions\\\/186862\\\/#article\",\"isPartOf\":{\"@id\":\"https:\\\/\\\/www.webdo.tn\\\/fr\\\/actualite\\\/chroniques\\\/le-billet-de-hatem-bourial-moins-dislam-plus-de-solutions\\\/186862\\\/\"},\"author\":{\"name\":\"Hatem Bourial\",\"@id\":\"https:\\\/\\\/www.webdo.tn\\\/fr\\\/#\\\/schema\\\/person\\\/6bc0beba2cd23aec27cb5df85ca2554f\"},\"headline\":\"Le billet de Hatem Bourial &#8211; \u00ab\u00a0Moins d&rsquo;Islam, plus de solutions !\u00a0\u00bb\",\"datePublished\":\"2013-07-05T10:15:00+00:00\",\"mainEntityOfPage\":{\"@id\":\"https:\\\/\\\/www.webdo.tn\\\/fr\\\/actualite\\\/chroniques\\\/le-billet-de-hatem-bourial-moins-dislam-plus-de-solutions\\\/186862\\\/\"},\"wordCount\":1393,\"commentCount\":0,\"publisher\":{\"@id\":\"https:\\\/\\\/www.webdo.tn\\\/fr\\\/#organization\"},\"image\":{\"@id\":\"https:\\\/\\\/www.webdo.tn\\\/fr\\\/actualite\\\/chroniques\\\/le-billet-de-hatem-bourial-moins-dislam-plus-de-solutions\\\/186862\\\/#primaryimage\"},\"thumbnailUrl\":\"https:\\\/\\\/www.webdo.tn\\\/fr\\\/wp-content\\\/uploads\\\/2025\\\/06\\\/Revolution-photo-lexpress.fr__186862.jpg\",\"keywords\":[\"guerre\"],\"articleSection\":[\"Chroniques\"],\"inLanguage\":\"fr-FR\"},{\"@type\":\"WebPage\",\"@id\":\"https:\\\/\\\/www.webdo.tn\\\/fr\\\/actualite\\\/chroniques\\\/le-billet-de-hatem-bourial-moins-dislam-plus-de-solutions\\\/186862\\\/\",\"url\":\"https:\\\/\\\/www.webdo.tn\\\/fr\\\/actualite\\\/chroniques\\\/le-billet-de-hatem-bourial-moins-dislam-plus-de-solutions\\\/186862\\\/\",\"name\":\"Le billet de Hatem Bourial - Moins d'Islam, plus de solutions !\",\"isPartOf\":{\"@id\":\"https:\\\/\\\/www.webdo.tn\\\/fr\\\/#website\"},\"primaryImageOfPage\":{\"@id\":\"https:\\\/\\\/www.webdo.tn\\\/fr\\\/actualite\\\/chroniques\\\/le-billet-de-hatem-bourial-moins-dislam-plus-de-solutions\\\/186862\\\/#primaryimage\"},\"image\":{\"@id\":\"https:\\\/\\\/www.webdo.tn\\\/fr\\\/actualite\\\/chroniques\\\/le-billet-de-hatem-bourial-moins-dislam-plus-de-solutions\\\/186862\\\/#primaryimage\"},\"thumbnailUrl\":\"https:\\\/\\\/www.webdo.tn\\\/fr\\\/wp-content\\\/uploads\\\/2025\\\/06\\\/Revolution-photo-lexpress.fr__186862.jpg\",\"datePublished\":\"2013-07-05T10:15:00+00:00\",\"description\":\"Le billet de Hatem Bourial - Moins d'Islam, plus de solutions !\",\"breadcrumb\":{\"@id\":\"https:\\\/\\\/www.webdo.tn\\\/fr\\\/actualite\\\/chroniques\\\/le-billet-de-hatem-bourial-moins-dislam-plus-de-solutions\\\/186862\\\/#breadcrumb\"},\"inLanguage\":\"fr-FR\",\"potentialAction\":[{\"@type\":\"ReadAction\",\"target\":[\"https:\\\/\\\/www.webdo.tn\\\/fr\\\/actualite\\\/chroniques\\\/le-billet-de-hatem-bourial-moins-dislam-plus-de-solutions\\\/186862\\\/\"]}]},{\"@type\":\"ImageObject\",\"inLanguage\":\"fr-FR\",\"@id\":\"https:\\\/\\\/www.webdo.tn\\\/fr\\\/actualite\\\/chroniques\\\/le-billet-de-hatem-bourial-moins-dislam-plus-de-solutions\\\/186862\\\/#primaryimage\",\"url\":\"https:\\\/\\\/www.webdo.tn\\\/fr\\\/wp-content\\\/uploads\\\/2025\\\/06\\\/Revolution-photo-lexpress.fr__186862.jpg\",\"contentUrl\":\"https:\\\/\\\/www.webdo.tn\\\/fr\\\/wp-content\\\/uploads\\\/2025\\\/06\\\/Revolution-photo-lexpress.fr__186862.jpg\",\"width\":299,\"height\":200,\"caption\":\"Le billet de Hatem Bourial - \\\"Moins d'Islam, plus de solutions !\\\"\"},{\"@type\":\"BreadcrumbList\",\"@id\":\"https:\\\/\\\/www.webdo.tn\\\/fr\\\/actualite\\\/chroniques\\\/le-billet-de-hatem-bourial-moins-dislam-plus-de-solutions\\\/186862\\\/#breadcrumb\",\"itemListElement\":[{\"@type\":\"ListItem\",\"position\":1,\"name\":\"Accueil\",\"item\":\"https:\\\/\\\/www.webdo.tn\\\/fr\\\/\"},{\"@type\":\"ListItem\",\"position\":2,\"name\":\"Le billet de Hatem Bourial &#8211; &#8220;Moins d&#8217;Islam, plus de solutions !&#8221;\"}]},{\"@type\":\"WebSite\",\"@id\":\"https:\\\/\\\/www.webdo.tn\\\/fr\\\/#website\",\"url\":\"https:\\\/\\\/www.webdo.tn\\\/fr\\\/\",\"name\":\"webdo\",\"description\":\"Tunisie - News en Tunisie et \u00e0 l&#039;international sur Webdo.tn\",\"publisher\":{\"@id\":\"https:\\\/\\\/www.webdo.tn\\\/fr\\\/#organization\"},\"potentialAction\":[{\"@type\":\"SearchAction\",\"target\":{\"@type\":\"EntryPoint\",\"urlTemplate\":\"https:\\\/\\\/www.webdo.tn\\\/fr\\\/?s={search_term_string}\"},\"query-input\":{\"@type\":\"PropertyValueSpecification\",\"valueRequired\":true,\"valueName\":\"search_term_string\"}}],\"inLanguage\":\"fr-FR\"},{\"@type\":\"Organization\",\"@id\":\"https:\\\/\\\/www.webdo.tn\\\/fr\\\/#organization\",\"name\":\"Webdo\",\"alternateName\":\"Webdo.tn\",\"url\":\"https:\\\/\\\/www.webdo.tn\\\/fr\\\/\",\"logo\":{\"@type\":\"ImageObject\",\"inLanguage\":\"fr-FR\",\"@id\":\"https:\\\/\\\/www.webdo.tn\\\/fr\\\/#\\\/schema\\\/logo\\\/image\\\/\",\"url\":\"https:\\\/\\\/www.webdo.tn\\\/fr\\\/wp-content\\\/uploads\\\/2025\\\/06\\\/Webdo-Tunisie_168377.jpg\",\"contentUrl\":\"https:\\\/\\\/www.webdo.tn\\\/fr\\\/wp-content\\\/uploads\\\/2025\\\/06\\\/Webdo-Tunisie_168377.jpg\",\"width\":301,\"height\":301,\"caption\":\"Webdo\"},\"image\":{\"@id\":\"https:\\\/\\\/www.webdo.tn\\\/fr\\\/#\\\/schema\\\/logo\\\/image\\\/\"},\"sameAs\":[\"https:\\\/\\\/www.facebook.com\\\/webdotn\",\"https:\\\/\\\/x.com\\\/webdo_tn\"],\"description\":\"Webdo est un m\u00e9dia num\u00e9rique tunisien fond\u00e9 en 2010, sp\u00e9cialis\u00e9 dans l\u2019actualit\u00e9 nationale et internationale, l\u2019\u00e9conomie, la soci\u00e9t\u00e9 et les analyses politiques. Le site s\u2019adresse \u00e0 un large public francophone et couvre l\u2019information tunisienne en temps r\u00e9el.\",\"email\":\"redac@webdo.tn\",\"legalName\":\"YNJ SARL\",\"foundingDate\":\"2010-09-06\",\"numberOfEmployees\":{\"@type\":\"QuantitativeValue\",\"minValue\":\"11\",\"maxValue\":\"50\"}},{\"@type\":\"Person\",\"@id\":\"https:\\\/\\\/www.webdo.tn\\\/fr\\\/#\\\/schema\\\/person\\\/6bc0beba2cd23aec27cb5df85ca2554f\",\"name\":\"Hatem Bourial\",\"image\":{\"@type\":\"ImageObject\",\"inLanguage\":\"fr-FR\",\"@id\":\"https:\\\/\\\/www.webdo.tn\\\/fr\\\/wp-content\\\/uploads\\\/2026\\\/04\\\/hatem-bourial_avatar-96x96.jpg\",\"url\":\"https:\\\/\\\/www.webdo.tn\\\/fr\\\/wp-content\\\/uploads\\\/2026\\\/04\\\/hatem-bourial_avatar-96x96.jpg\",\"contentUrl\":\"https:\\\/\\\/www.webdo.tn\\\/fr\\\/wp-content\\\/uploads\\\/2026\\\/04\\\/hatem-bourial_avatar-96x96.jpg\",\"caption\":\"Hatem Bourial\"},\"description\":\"Hatem Bourial est journaliste, \u00e9crivain et chroniqueur tunisien. Actif depuis plusieurs d\u00e9cennies, il s\u2019est impos\u00e9 comme un observateur attentif de la soci\u00e9t\u00e9 tunisienne, m\u00ealant dans ses \u00e9crits m\u00e9moire, culture et analyse du quotidien. Auteur de nombreux ouvrages, il d\u00e9veloppe une \u0153uvre \u00e0 la crois\u00e9e du r\u00e9cit, de la po\u00e9sie et de l\u2019observation sociologique. Parall\u00e8lement \u00e0 ses contributions dans la presse, il intervient r\u00e9guli\u00e8rement \u00e0 la radio et dans des espaces culturels, o\u00f9 il explore les enjeux li\u00e9s au patrimoine, \u00e0 l\u2019identit\u00e9 et aux transformations du monde contemporain. \u00c0 travers ses chroniques, Hatem Bourial propose une lecture sensible et approfondie de l\u2019actualit\u00e9, nourrie par une exp\u00e9rience journalistique et litt\u00e9raire reconnue. \ud83d\udd17 Facebook : https:\\\/\\\/www.facebook.com\\\/hatem.bourial.2025\",\"sameAs\":[\"https:\\\/\\\/www.facebook.com\\\/hatem.bourial.2025\",\"https:\\\/\\\/fr.wikipedia.org\\\/wiki\\\/Fichier:Hatem_Bourial.jpg\"],\"knowsAbout\":[\"Culture & patrimoine tunisien\",\"Chronique soci\u00e9tale\",\"Litt\u00e9rature & m\u00e9moire\",\"Cin\u00e9ma & critique culturelle\",\"Identit\u00e9 & mutations sociales\"],\"knowsLanguage\":[\"Arabe\",\"Fran\u00e7ais\",\"Anglais\",\"Italien\",\"Polonais\"],\"jobTitle\":\"Journaliste, \u00e9crivain et chroniqueur culturel\",\"worksFor\":\"Webdo\",\"url\":\"https:\\\/\\\/www.webdo.tn\\\/fr\\\/actualite\\\/author\\\/hatem-bourial-2\\\/\"}]}<\/script>\n<!-- \/ Yoast SEO Premium plugin. -->","yoast_head_json":{"title":"Le billet de Hatem Bourial - Moins d'Islam, plus de solutions !","description":"Le billet de Hatem Bourial - Moins d'Islam, plus de solutions !","canonical":"https:\/\/www.webdo.tn\/fr\/actualite\/chroniques\/le-billet-de-hatem-bourial-moins-dislam-plus-de-solutions\/186862\/","og_locale":"fr_FR","og_type":"article","og_title":"Le billet de Hatem Bourial - \"Moins d'Islam, plus de solutions !\"","og_description":"Le billet de Hatem Bourial - Moins d'Islam, plus de solutions !","og_url":"https:\/\/www.webdo.tn\/fr\/actualite\/chroniques\/le-billet-de-hatem-bourial-moins-dislam-plus-de-solutions\/186862\/","og_site_name":"webdo","article_publisher":"https:\/\/www.facebook.com\/webdotn","article_author":"https:\/\/www.facebook.com\/hatem.bourial.2025","article_published_time":"2013-07-05T10:15:00+00:00","author":"Hatem Bourial","twitter_card":"summary_large_image","twitter_creator":"@webdo_tn","twitter_site":"@webdo_tn","twitter_misc":{"\u00c9crit par":"Hatem Bourial","Dur\u00e9e de lecture estim\u00e9e":"7 minutes"},"schema":{"@context":"https:\/\/schema.org","@graph":[{"@type":"NewsArticle","@id":"https:\/\/www.webdo.tn\/fr\/actualite\/chroniques\/le-billet-de-hatem-bourial-moins-dislam-plus-de-solutions\/186862\/#article","isPartOf":{"@id":"https:\/\/www.webdo.tn\/fr\/actualite\/chroniques\/le-billet-de-hatem-bourial-moins-dislam-plus-de-solutions\/186862\/"},"author":{"name":"Hatem Bourial","@id":"https:\/\/www.webdo.tn\/fr\/#\/schema\/person\/6bc0beba2cd23aec27cb5df85ca2554f"},"headline":"Le billet de Hatem Bourial &#8211; \u00ab\u00a0Moins d&rsquo;Islam, plus de solutions !\u00a0\u00bb","datePublished":"2013-07-05T10:15:00+00:00","mainEntityOfPage":{"@id":"https:\/\/www.webdo.tn\/fr\/actualite\/chroniques\/le-billet-de-hatem-bourial-moins-dislam-plus-de-solutions\/186862\/"},"wordCount":1393,"commentCount":0,"publisher":{"@id":"https:\/\/www.webdo.tn\/fr\/#organization"},"image":{"@id":"https:\/\/www.webdo.tn\/fr\/actualite\/chroniques\/le-billet-de-hatem-bourial-moins-dislam-plus-de-solutions\/186862\/#primaryimage"},"thumbnailUrl":"https:\/\/www.webdo.tn\/fr\/wp-content\/uploads\/2025\/06\/Revolution-photo-lexpress.fr__186862.jpg","keywords":["guerre"],"articleSection":["Chroniques"],"inLanguage":"fr-FR"},{"@type":"WebPage","@id":"https:\/\/www.webdo.tn\/fr\/actualite\/chroniques\/le-billet-de-hatem-bourial-moins-dislam-plus-de-solutions\/186862\/","url":"https:\/\/www.webdo.tn\/fr\/actualite\/chroniques\/le-billet-de-hatem-bourial-moins-dislam-plus-de-solutions\/186862\/","name":"Le billet de Hatem Bourial - Moins d'Islam, plus de solutions !","isPartOf":{"@id":"https:\/\/www.webdo.tn\/fr\/#website"},"primaryImageOfPage":{"@id":"https:\/\/www.webdo.tn\/fr\/actualite\/chroniques\/le-billet-de-hatem-bourial-moins-dislam-plus-de-solutions\/186862\/#primaryimage"},"image":{"@id":"https:\/\/www.webdo.tn\/fr\/actualite\/chroniques\/le-billet-de-hatem-bourial-moins-dislam-plus-de-solutions\/186862\/#primaryimage"},"thumbnailUrl":"https:\/\/www.webdo.tn\/fr\/wp-content\/uploads\/2025\/06\/Revolution-photo-lexpress.fr__186862.jpg","datePublished":"2013-07-05T10:15:00+00:00","description":"Le billet de Hatem Bourial - Moins d'Islam, plus de solutions !","breadcrumb":{"@id":"https:\/\/www.webdo.tn\/fr\/actualite\/chroniques\/le-billet-de-hatem-bourial-moins-dislam-plus-de-solutions\/186862\/#breadcrumb"},"inLanguage":"fr-FR","potentialAction":[{"@type":"ReadAction","target":["https:\/\/www.webdo.tn\/fr\/actualite\/chroniques\/le-billet-de-hatem-bourial-moins-dislam-plus-de-solutions\/186862\/"]}]},{"@type":"ImageObject","inLanguage":"fr-FR","@id":"https:\/\/www.webdo.tn\/fr\/actualite\/chroniques\/le-billet-de-hatem-bourial-moins-dislam-plus-de-solutions\/186862\/#primaryimage","url":"https:\/\/www.webdo.tn\/fr\/wp-content\/uploads\/2025\/06\/Revolution-photo-lexpress.fr__186862.jpg","contentUrl":"https:\/\/www.webdo.tn\/fr\/wp-content\/uploads\/2025\/06\/Revolution-photo-lexpress.fr__186862.jpg","width":299,"height":200,"caption":"Le billet de Hatem Bourial - \"Moins d'Islam, plus de solutions !\""},{"@type":"BreadcrumbList","@id":"https:\/\/www.webdo.tn\/fr\/actualite\/chroniques\/le-billet-de-hatem-bourial-moins-dislam-plus-de-solutions\/186862\/#breadcrumb","itemListElement":[{"@type":"ListItem","position":1,"name":"Accueil","item":"https:\/\/www.webdo.tn\/fr\/"},{"@type":"ListItem","position":2,"name":"Le billet de Hatem Bourial &#8211; &#8220;Moins d&#8217;Islam, plus de solutions !&#8221;"}]},{"@type":"WebSite","@id":"https:\/\/www.webdo.tn\/fr\/#website","url":"https:\/\/www.webdo.tn\/fr\/","name":"webdo","description":"Tunisie - News en Tunisie et \u00e0 l&#039;international sur Webdo.tn","publisher":{"@id":"https:\/\/www.webdo.tn\/fr\/#organization"},"potentialAction":[{"@type":"SearchAction","target":{"@type":"EntryPoint","urlTemplate":"https:\/\/www.webdo.tn\/fr\/?s={search_term_string}"},"query-input":{"@type":"PropertyValueSpecification","valueRequired":true,"valueName":"search_term_string"}}],"inLanguage":"fr-FR"},{"@type":"Organization","@id":"https:\/\/www.webdo.tn\/fr\/#organization","name":"Webdo","alternateName":"Webdo.tn","url":"https:\/\/www.webdo.tn\/fr\/","logo":{"@type":"ImageObject","inLanguage":"fr-FR","@id":"https:\/\/www.webdo.tn\/fr\/#\/schema\/logo\/image\/","url":"https:\/\/www.webdo.tn\/fr\/wp-content\/uploads\/2025\/06\/Webdo-Tunisie_168377.jpg","contentUrl":"https:\/\/www.webdo.tn\/fr\/wp-content\/uploads\/2025\/06\/Webdo-Tunisie_168377.jpg","width":301,"height":301,"caption":"Webdo"},"image":{"@id":"https:\/\/www.webdo.tn\/fr\/#\/schema\/logo\/image\/"},"sameAs":["https:\/\/www.facebook.com\/webdotn","https:\/\/x.com\/webdo_tn"],"description":"Webdo est un m\u00e9dia num\u00e9rique tunisien fond\u00e9 en 2010, sp\u00e9cialis\u00e9 dans l\u2019actualit\u00e9 nationale et internationale, l\u2019\u00e9conomie, la soci\u00e9t\u00e9 et les analyses politiques. Le site s\u2019adresse \u00e0 un large public francophone et couvre l\u2019information tunisienne en temps r\u00e9el.","email":"redac@webdo.tn","legalName":"YNJ SARL","foundingDate":"2010-09-06","numberOfEmployees":{"@type":"QuantitativeValue","minValue":"11","maxValue":"50"}},{"@type":"Person","@id":"https:\/\/www.webdo.tn\/fr\/#\/schema\/person\/6bc0beba2cd23aec27cb5df85ca2554f","name":"Hatem Bourial","image":{"@type":"ImageObject","inLanguage":"fr-FR","@id":"https:\/\/www.webdo.tn\/fr\/wp-content\/uploads\/2026\/04\/hatem-bourial_avatar-96x96.jpg","url":"https:\/\/www.webdo.tn\/fr\/wp-content\/uploads\/2026\/04\/hatem-bourial_avatar-96x96.jpg","contentUrl":"https:\/\/www.webdo.tn\/fr\/wp-content\/uploads\/2026\/04\/hatem-bourial_avatar-96x96.jpg","caption":"Hatem Bourial"},"description":"Hatem Bourial est journaliste, \u00e9crivain et chroniqueur tunisien. Actif depuis plusieurs d\u00e9cennies, il s\u2019est impos\u00e9 comme un observateur attentif de la soci\u00e9t\u00e9 tunisienne, m\u00ealant dans ses \u00e9crits m\u00e9moire, culture et analyse du quotidien. Auteur de nombreux ouvrages, il d\u00e9veloppe une \u0153uvre \u00e0 la crois\u00e9e du r\u00e9cit, de la po\u00e9sie et de l\u2019observation sociologique. Parall\u00e8lement \u00e0 ses contributions dans la presse, il intervient r\u00e9guli\u00e8rement \u00e0 la radio et dans des espaces culturels, o\u00f9 il explore les enjeux li\u00e9s au patrimoine, \u00e0 l\u2019identit\u00e9 et aux transformations du monde contemporain. \u00c0 travers ses chroniques, Hatem Bourial propose une lecture sensible et approfondie de l\u2019actualit\u00e9, nourrie par une exp\u00e9rience journalistique et litt\u00e9raire reconnue. \ud83d\udd17 Facebook : https:\/\/www.facebook.com\/hatem.bourial.2025","sameAs":["https:\/\/www.facebook.com\/hatem.bourial.2025","https:\/\/fr.wikipedia.org\/wiki\/Fichier:Hatem_Bourial.jpg"],"knowsAbout":["Culture & patrimoine tunisien","Chronique soci\u00e9tale","Litt\u00e9rature & m\u00e9moire","Cin\u00e9ma & critique culturelle","Identit\u00e9 & mutations sociales"],"knowsLanguage":["Arabe","Fran\u00e7ais","Anglais","Italien","Polonais"],"jobTitle":"Journaliste, \u00e9crivain et chroniqueur culturel","worksFor":"Webdo","url":"https:\/\/www.webdo.tn\/fr\/actualite\/author\/hatem-bourial-2\/"}]}},"_links":{"self":[{"href":"https:\/\/www.webdo.tn\/fr\/wp-json\/wp\/v2\/posts\/186862","targetHints":{"allow":["GET"]}}],"collection":[{"href":"https:\/\/www.webdo.tn\/fr\/wp-json\/wp\/v2\/posts"}],"about":[{"href":"https:\/\/www.webdo.tn\/fr\/wp-json\/wp\/v2\/types\/post"}],"author":[{"embeddable":true,"href":"https:\/\/www.webdo.tn\/fr\/wp-json\/wp\/v2\/users\/3229"}],"replies":[{"embeddable":true,"href":"https:\/\/www.webdo.tn\/fr\/wp-json\/wp\/v2\/comments?post=186862"}],"version-history":[{"count":0,"href":"https:\/\/www.webdo.tn\/fr\/wp-json\/wp\/v2\/posts\/186862\/revisions"}],"wp:featuredmedia":[{"embeddable":true,"href":"https:\/\/www.webdo.tn\/fr\/wp-json\/wp\/v2\/media\/374840"}],"wp:attachment":[{"href":"https:\/\/www.webdo.tn\/fr\/wp-json\/wp\/v2\/media?parent=186862"}],"wp:term":[{"taxonomy":"category","embeddable":true,"href":"https:\/\/www.webdo.tn\/fr\/wp-json\/wp\/v2\/categories?post=186862"},{"taxonomy":"post_tag","embeddable":true,"href":"https:\/\/www.webdo.tn\/fr\/wp-json\/wp\/v2\/tags?post=186862"}],"curies":[{"name":"wp","href":"https:\/\/api.w.org\/{rel}","templated":true}]}}