{"id":186860,"date":"2013-06-12T15:56:00","date_gmt":"2013-06-12T15:56:00","guid":{"rendered":"https:\/\/www.webdo.tn\/fr\/blog\/le-billet-de-hatem-bourial-emprunter-et-mendier-ne-font-pas-une-politique-economique\/186860\/"},"modified":"2025-05-19T11:23:32","modified_gmt":"2025-05-19T11:23:32","slug":"le-billet-de-hatem-bourial-emprunter-et-mendier-ne-font-pas-une-politique-economique","status":"publish","type":"post","link":"https:\/\/www.webdo.tn\/fr\/actualite\/chroniques\/le-billet-de-hatem-bourial-emprunter-et-mendier-ne-font-pas-une-politique-economique\/186860\/","title":{"rendered":"Le billet de Hatem Bourial &#8211; Emprunter et mendier ne font pas une politique \u00e9conomique"},"content":{"rendered":"<p>Il est difficile pour un \u00ab\u00a0litt\u00e9raire\u00a0\u00bb de pr\u00e9tendre s&rsquo;immiscer dans un d\u00e9bat \u00e9conomique. Pourtant les r\u00e9cents pr\u00eats obtenus par la Tunisie interpellent le bon sens de chacun.<\/p>\n<p>Est-il vrai, comme l&rsquo;affirment plusieurs experts que ces pr\u00eats vont plomber l&rsquo;\u00e9conomie tunisienne ? L&rsquo;endettement \u00e0 outrance est-il la seule voie passante ? Questions ardues et, selon le parti qu&rsquo;il repr\u00e9sente, chacun leur donnera des r\u00e9ponses oppos\u00e9es.<\/p>\n<p>Ce qui saute aux yeux toutefois, c&rsquo;est le triomphalisme d\u00e9mesur\u00e9 des pouvoirs publics qui nous pr\u00e9sentent des pr\u00eats \u00e0 taux tr\u00e8s lourd comme des troph\u00e9es. Ce qui frappe \u00e9galement, c&rsquo;est la s\u00e9bile tendue de l&rsquo;Etat tunisien qui, sans prestige ni vergogne, fait la manche pour boucler les fins de mois sans expliquer \u00e0 l&rsquo;opinion publique la gravit\u00e9 de la situation.<\/p>\n<p>QUI VEUT ENTRAINER LA TUNISIE DANS UN GOUFFRE<\/p>\n<p>Tout se passe comme si une main invisible mais cousue de fil blanc laisserait se d\u00e9t\u00e9riorer la situation de notre pays. La Troika est-elle aveugle \u00e0 ce point ou bien cette myopie relative \u00e0 la situation du pays est-elle voulue, voire aliment\u00e9e. On me pardonnera mon pessimisme mais tout semble se passer comme si nos gouvernants au sens large nous m\u00e8neraient vers un gouffre.<\/p>\n<p>En effet, la situation est incroyable : une \u00e9conomie en chute libre, une transition qui va tout droit dans le mur, des \u00e9lections qui auront peut-\u00eatre lieu en 2014, une Constituante immature et accroch\u00e9e \u00e0 sa l\u00e9gitimit\u00e9 caduque, une menace terroriste qui se pr\u00e9cise&#8230; Malgr\u00e9 tout cela, la Troika continue \u00e0 louvoyer, ne reconnait pas ses erreurs et persiste dans sa volont\u00e9 d&rsquo;exclure de la vie politique celles et ceux dont elle sait qu&rsquo;ils ne voteront pas dans son sens.<\/p>\n<p>Pire encore, la Troika est en train d&rsquo;enfoncer le pays dans la spirale de l&rsquo;endettement, ouvrant la voie \u00e0 des protectorats de fait sur la Tunisie. Il est d&rsquo;ailleurs \u00e9trange que ceux qui aujourd&rsquo;hui bradent l&rsquo;ind\u00e9pendance du pays doublent leur action coupable d&rsquo;un discours qui jette l&rsquo;anath\u00e8me sur la g\u00e9n\u00e9ration qui a obtenu cette ind\u00e9pendance.<br \/>\nFaut-il revenir sur les dangers du dernier pr\u00eat contract\u00e9 aupr\u00e8s du FMI, de ses diktats et notre solvabilit\u00e9 ? Les experts l&rsquo;ont analys\u00e9 bien mieux que je ne le pourrais.<\/p>\n<p>Faut-il souligner que des pans entiers de notre \u00e9conomie sont en train d&rsquo;\u00eatre conc\u00e9d\u00e9s \u00e0 des pays \u00e9trangers comme le Qatar ou la Turquie ? Et, on nous demande d&rsquo;applaudir ! Parlons par exemple de ce pr\u00eat turc de 200 millions approuv\u00e9 la semaine derni\u00e8re par l&rsquo;ANC. Il revient \u00e0 accepter des conditions l\u00e9onines et impose des experts turcs et des produits turcs \u00e0 la Tunisie, au m\u00e9pris des lois de la libre concurrence.<\/p>\n<p>C&rsquo;est aussi le cas de certains dons qui cachent d&rsquo;autres compromis difficilement avouables. Car si nous offrons aujourd&rsquo;hui des roses au Qatar pour son portefeuille ouvert, nous r\u00e9colterons demain les \u00e9pines de cette charit\u00e9 qui, bien ordonn\u00e9e, commence par soi-m\u00eame.<\/p>\n<p>L\u00c9GITIMIT\u00c9 CADUQUE ET FUITE EN AVANT<\/p>\n<p>Dr\u00f4le de strat\u00e9gie \u00e9conomique qui rompt les grands \u00e9quilibres et hypoth\u00e8que l&rsquo;avenir, sans se soucier de la n\u00e9cessaire refondation de notre outil productif et de notre commerce. Des slogans creux, des promesses aussi vides que celles de l&rsquo;ancien r\u00e9gime et l&rsquo;arrogance des vainqueurs qui qualifient de Cassandre ou de Judas chaque voix discordante.<\/p>\n<p>Emprunter et mendier ne font pas une politique \u00e9conomique. Le faire au nom d&rsquo;un Etat chancelant insulte l&rsquo;avenir. Le faire au nom de la dignit\u00e9 reconquise insulte la r\u00e9volution. L&rsquo;essentiel est ailleurs que dans cette fuite en avant qui consiste \u00e0 tendre la s\u00e9bile alors que la Tunisie est embourb\u00e9e dans la r\u00e9daction d&rsquo;une constitution qui ne promet rien de bon.<\/p>\n<p>Les politiciens qui nous ont pouss\u00e9s dans cette voie, ceux qui ont pr\u00e9f\u00e9r\u00e9 tourner le dos \u00e0 la constitution de 1959, savaient ce qu&rsquo;ils faisaient. Leur objectif \u00e9tait de gagner du temps pour leur agenda partisan et perdre un temps pr\u00e9cieux pour la Tunisie.<br \/>\nCes apprentis-sorciers (je devrais plut\u00f4t \u00e9crire ces sorciers) savaient qu&rsquo;ils ne pourraient s&#8217;emparer de notre pays qu&rsquo;\u00e0 condition que d\u00e9sordre et confusion soient install\u00e9s dans la dur\u00e9e. Aujourd&rsquo;hui, au lieu de reconnaitre leurs erreurs, faire amende honorable et achever la transition, ils enferrent le pays dans une spirale d&#8217;emprunts, tentent de voter des lois d&rsquo;exclusion et se sont lanc\u00e9s dans une wahabisation rampante de la soci\u00e9t\u00e9 tunisienne.<\/p>\n<p>Pire encore, ils veulent laisser la facture de leurs errements pr\u00e9sents aux g\u00e9n\u00e9rations futures. Tout cela au prix de la plus abominable des impostures : celle d&rsquo;avoir transform\u00e9 les premi\u00e8res \u00e9lections se voulant d\u00e9mocratiques en carte blanche pour outrepasser le vote populaire et transformer le mandat d&rsquo;une ann\u00e9e en permis permanent de d\u00e9truire, ridiculiser et embraser notre pays.<\/p>\n","protected":false},"excerpt":{"rendered":"<p>Le billet de Hatem Bourial &#8211; Emprunter et mendier ne font pas une politique \u00e9conomique<\/p>\n","protected":false},"author":3229,"featured_media":322705,"comment_status":"open","ping_status":"closed","sticky":false,"template":"","format":"standard","meta":{"footnotes":""},"categories":[2596],"tags":[2600],"class_list":["post-186860","post","type-post","status-publish","format-standard","has-post-thumbnail","hentry","category-chroniques","tag-guerre"],"yoast_head":"<!-- This site is optimized with the Yoast SEO Premium plugin v27.5 (Yoast SEO v27.5) - https:\/\/yoast.com\/product\/yoast-seo-premium-wordpress\/ -->\n<title>Le billet de Hatem Bourial - Emprunter et mendier ne font pas une politique \u00e9conomique<\/title>\n<meta name=\"description\" content=\"Le billet de Hatem Bourial - Emprunter et mendier ne font pas une politique \u00e9conomique\" \/>\n<link rel=\"canonical\" href=\"https:\/\/www.webdo.tn\/fr\/actualite\/chroniques\/le-billet-de-hatem-bourial-emprunter-et-mendier-ne-font-pas-une-politique-economique\/186860\/\" \/>\n<meta property=\"og:locale\" content=\"fr_FR\" \/>\n<meta property=\"og:type\" content=\"article\" \/>\n<meta property=\"og:title\" content=\"Le billet de Hatem Bourial - Emprunter et mendier ne font pas une politique \u00e9conomique\" \/>\n<meta property=\"og:description\" content=\"Le billet de Hatem Bourial - Emprunter et mendier ne font pas une politique \u00e9conomique\" \/>\n<meta property=\"og:url\" content=\"https:\/\/www.webdo.tn\/fr\/actualite\/chroniques\/le-billet-de-hatem-bourial-emprunter-et-mendier-ne-font-pas-une-politique-economique\/186860\/\" \/>\n<meta property=\"og:site_name\" content=\"webdo\" \/>\n<meta property=\"article:publisher\" content=\"https:\/\/www.facebook.com\/webdotn\" \/>\n<meta property=\"article:author\" content=\"https:\/\/www.facebook.com\/hatem.bourial.2025\" \/>\n<meta property=\"article:published_time\" content=\"2013-06-12T15:56:00+00:00\" \/>\n<meta property=\"article:modified_time\" content=\"2025-05-19T11:23:32+00:00\" \/>\n<meta property=\"og:image\" content=\"https:\/\/www.webdo.tn\/fr\/wp-content\/uploads\/2013\/06\/Marzouki-Ghannouchi-ben-Jaafar-photo-The-Times.jpg\" \/>\n\t<meta property=\"og:image:width\" content=\"375\" \/>\n\t<meta property=\"og:image:height\" content=\"250\" \/>\n\t<meta property=\"og:image:type\" content=\"image\/jpeg\" \/>\n<meta name=\"author\" content=\"Hatem Bourial\" \/>\n<meta name=\"twitter:card\" content=\"summary_large_image\" \/>\n<meta name=\"twitter:creator\" content=\"@webdo_tn\" \/>\n<meta name=\"twitter:site\" content=\"@webdo_tn\" \/>\n<meta name=\"twitter:label1\" content=\"\u00c9crit par\" \/>\n\t<meta name=\"twitter:data1\" content=\"Hatem Bourial\" \/>\n\t<meta name=\"twitter:label2\" content=\"Dur\u00e9e de lecture estim\u00e9e\" \/>\n\t<meta name=\"twitter:data2\" content=\"4 minutes\" \/>\n<script type=\"application\/ld+json\" class=\"yoast-schema-graph\">{\"@context\":\"https:\\\/\\\/schema.org\",\"@graph\":[{\"@type\":\"NewsArticle\",\"@id\":\"https:\\\/\\\/www.webdo.tn\\\/fr\\\/actualite\\\/chroniques\\\/le-billet-de-hatem-bourial-emprunter-et-mendier-ne-font-pas-une-politique-economique\\\/186860\\\/#article\",\"isPartOf\":{\"@id\":\"https:\\\/\\\/www.webdo.tn\\\/fr\\\/actualite\\\/chroniques\\\/le-billet-de-hatem-bourial-emprunter-et-mendier-ne-font-pas-une-politique-economique\\\/186860\\\/\"},\"author\":{\"name\":\"Hatem Bourial\",\"@id\":\"https:\\\/\\\/www.webdo.tn\\\/fr\\\/#\\\/schema\\\/person\\\/6bc0beba2cd23aec27cb5df85ca2554f\"},\"headline\":\"Le billet de Hatem Bourial &#8211; Emprunter et mendier ne font pas une politique \u00e9conomique\",\"datePublished\":\"2013-06-12T15:56:00+00:00\",\"dateModified\":\"2025-05-19T11:23:32+00:00\",\"mainEntityOfPage\":{\"@id\":\"https:\\\/\\\/www.webdo.tn\\\/fr\\\/actualite\\\/chroniques\\\/le-billet-de-hatem-bourial-emprunter-et-mendier-ne-font-pas-une-politique-economique\\\/186860\\\/\"},\"wordCount\":862,\"commentCount\":0,\"publisher\":{\"@id\":\"https:\\\/\\\/www.webdo.tn\\\/fr\\\/#organization\"},\"image\":{\"@id\":\"https:\\\/\\\/www.webdo.tn\\\/fr\\\/actualite\\\/chroniques\\\/le-billet-de-hatem-bourial-emprunter-et-mendier-ne-font-pas-une-politique-economique\\\/186860\\\/#primaryimage\"},\"thumbnailUrl\":\"https:\\\/\\\/www.webdo.tn\\\/fr\\\/wp-content\\\/uploads\\\/2013\\\/06\\\/Marzouki-Ghannouchi-ben-Jaafar-photo-The-Times.jpg\",\"keywords\":[\"guerre\"],\"articleSection\":[\"Chroniques\"],\"inLanguage\":\"fr-FR\"},{\"@type\":\"WebPage\",\"@id\":\"https:\\\/\\\/www.webdo.tn\\\/fr\\\/actualite\\\/chroniques\\\/le-billet-de-hatem-bourial-emprunter-et-mendier-ne-font-pas-une-politique-economique\\\/186860\\\/\",\"url\":\"https:\\\/\\\/www.webdo.tn\\\/fr\\\/actualite\\\/chroniques\\\/le-billet-de-hatem-bourial-emprunter-et-mendier-ne-font-pas-une-politique-economique\\\/186860\\\/\",\"name\":\"Le billet de Hatem Bourial - Emprunter et mendier ne font pas une politique \u00e9conomique\",\"isPartOf\":{\"@id\":\"https:\\\/\\\/www.webdo.tn\\\/fr\\\/#website\"},\"primaryImageOfPage\":{\"@id\":\"https:\\\/\\\/www.webdo.tn\\\/fr\\\/actualite\\\/chroniques\\\/le-billet-de-hatem-bourial-emprunter-et-mendier-ne-font-pas-une-politique-economique\\\/186860\\\/#primaryimage\"},\"image\":{\"@id\":\"https:\\\/\\\/www.webdo.tn\\\/fr\\\/actualite\\\/chroniques\\\/le-billet-de-hatem-bourial-emprunter-et-mendier-ne-font-pas-une-politique-economique\\\/186860\\\/#primaryimage\"},\"thumbnailUrl\":\"https:\\\/\\\/www.webdo.tn\\\/fr\\\/wp-content\\\/uploads\\\/2013\\\/06\\\/Marzouki-Ghannouchi-ben-Jaafar-photo-The-Times.jpg\",\"datePublished\":\"2013-06-12T15:56:00+00:00\",\"dateModified\":\"2025-05-19T11:23:32+00:00\",\"description\":\"Le billet de Hatem Bourial - Emprunter et mendier ne font pas une politique \u00e9conomique\",\"breadcrumb\":{\"@id\":\"https:\\\/\\\/www.webdo.tn\\\/fr\\\/actualite\\\/chroniques\\\/le-billet-de-hatem-bourial-emprunter-et-mendier-ne-font-pas-une-politique-economique\\\/186860\\\/#breadcrumb\"},\"inLanguage\":\"fr-FR\",\"potentialAction\":[{\"@type\":\"ReadAction\",\"target\":[\"https:\\\/\\\/www.webdo.tn\\\/fr\\\/actualite\\\/chroniques\\\/le-billet-de-hatem-bourial-emprunter-et-mendier-ne-font-pas-une-politique-economique\\\/186860\\\/\"]}]},{\"@type\":\"ImageObject\",\"inLanguage\":\"fr-FR\",\"@id\":\"https:\\\/\\\/www.webdo.tn\\\/fr\\\/actualite\\\/chroniques\\\/le-billet-de-hatem-bourial-emprunter-et-mendier-ne-font-pas-une-politique-economique\\\/186860\\\/#primaryimage\",\"url\":\"https:\\\/\\\/www.webdo.tn\\\/fr\\\/wp-content\\\/uploads\\\/2013\\\/06\\\/Marzouki-Ghannouchi-ben-Jaafar-photo-The-Times.jpg\",\"contentUrl\":\"https:\\\/\\\/www.webdo.tn\\\/fr\\\/wp-content\\\/uploads\\\/2013\\\/06\\\/Marzouki-Ghannouchi-ben-Jaafar-photo-The-Times.jpg\",\"width\":375,\"height\":250,\"caption\":\"Le billet de Hatem Bourial - Emprunter et mendier ne font pas une politique \u00e9conomique\"},{\"@type\":\"BreadcrumbList\",\"@id\":\"https:\\\/\\\/www.webdo.tn\\\/fr\\\/actualite\\\/chroniques\\\/le-billet-de-hatem-bourial-emprunter-et-mendier-ne-font-pas-une-politique-economique\\\/186860\\\/#breadcrumb\",\"itemListElement\":[{\"@type\":\"ListItem\",\"position\":1,\"name\":\"Accueil\",\"item\":\"https:\\\/\\\/www.webdo.tn\\\/fr\\\/\"},{\"@type\":\"ListItem\",\"position\":2,\"name\":\"Le billet de Hatem Bourial &#8211; Emprunter et mendier ne font pas une politique \u00e9conomique\"}]},{\"@type\":\"WebSite\",\"@id\":\"https:\\\/\\\/www.webdo.tn\\\/fr\\\/#website\",\"url\":\"https:\\\/\\\/www.webdo.tn\\\/fr\\\/\",\"name\":\"webdo\",\"description\":\"Tunisie - News en Tunisie et \u00e0 l&#039;international sur Webdo.tn\",\"publisher\":{\"@id\":\"https:\\\/\\\/www.webdo.tn\\\/fr\\\/#organization\"},\"potentialAction\":[{\"@type\":\"SearchAction\",\"target\":{\"@type\":\"EntryPoint\",\"urlTemplate\":\"https:\\\/\\\/www.webdo.tn\\\/fr\\\/?s={search_term_string}\"},\"query-input\":{\"@type\":\"PropertyValueSpecification\",\"valueRequired\":true,\"valueName\":\"search_term_string\"}}],\"inLanguage\":\"fr-FR\"},{\"@type\":\"Organization\",\"@id\":\"https:\\\/\\\/www.webdo.tn\\\/fr\\\/#organization\",\"name\":\"Webdo\",\"alternateName\":\"Webdo.tn\",\"url\":\"https:\\\/\\\/www.webdo.tn\\\/fr\\\/\",\"logo\":{\"@type\":\"ImageObject\",\"inLanguage\":\"fr-FR\",\"@id\":\"https:\\\/\\\/www.webdo.tn\\\/fr\\\/#\\\/schema\\\/logo\\\/image\\\/\",\"url\":\"https:\\\/\\\/www.webdo.tn\\\/fr\\\/wp-content\\\/uploads\\\/2025\\\/06\\\/Webdo-Tunisie_168377.jpg\",\"contentUrl\":\"https:\\\/\\\/www.webdo.tn\\\/fr\\\/wp-content\\\/uploads\\\/2025\\\/06\\\/Webdo-Tunisie_168377.jpg\",\"width\":301,\"height\":301,\"caption\":\"Webdo\"},\"image\":{\"@id\":\"https:\\\/\\\/www.webdo.tn\\\/fr\\\/#\\\/schema\\\/logo\\\/image\\\/\"},\"sameAs\":[\"https:\\\/\\\/www.facebook.com\\\/webdotn\",\"https:\\\/\\\/x.com\\\/webdo_tn\"],\"description\":\"Webdo est un m\u00e9dia num\u00e9rique tunisien fond\u00e9 en 2010, sp\u00e9cialis\u00e9 dans l\u2019actualit\u00e9 nationale et internationale, l\u2019\u00e9conomie, la soci\u00e9t\u00e9 et les analyses politiques. Le site s\u2019adresse \u00e0 un large public francophone et couvre l\u2019information tunisienne en temps r\u00e9el.\",\"email\":\"redac@webdo.tn\",\"legalName\":\"YNJ SARL\",\"foundingDate\":\"2010-09-06\",\"numberOfEmployees\":{\"@type\":\"QuantitativeValue\",\"minValue\":\"11\",\"maxValue\":\"50\"}},{\"@type\":\"Person\",\"@id\":\"https:\\\/\\\/www.webdo.tn\\\/fr\\\/#\\\/schema\\\/person\\\/6bc0beba2cd23aec27cb5df85ca2554f\",\"name\":\"Hatem Bourial\",\"image\":{\"@type\":\"ImageObject\",\"inLanguage\":\"fr-FR\",\"@id\":\"https:\\\/\\\/www.webdo.tn\\\/fr\\\/wp-content\\\/uploads\\\/2026\\\/04\\\/hatem-bourial_avatar-96x96.jpg\",\"url\":\"https:\\\/\\\/www.webdo.tn\\\/fr\\\/wp-content\\\/uploads\\\/2026\\\/04\\\/hatem-bourial_avatar-96x96.jpg\",\"contentUrl\":\"https:\\\/\\\/www.webdo.tn\\\/fr\\\/wp-content\\\/uploads\\\/2026\\\/04\\\/hatem-bourial_avatar-96x96.jpg\",\"caption\":\"Hatem Bourial\"},\"description\":\"Hatem Bourial est journaliste, \u00e9crivain et chroniqueur tunisien. Actif depuis plusieurs d\u00e9cennies, il s\u2019est impos\u00e9 comme un observateur attentif de la soci\u00e9t\u00e9 tunisienne, m\u00ealant dans ses \u00e9crits m\u00e9moire, culture et analyse du quotidien. Auteur de nombreux ouvrages, il d\u00e9veloppe une \u0153uvre \u00e0 la crois\u00e9e du r\u00e9cit, de la po\u00e9sie et de l\u2019observation sociologique. Parall\u00e8lement \u00e0 ses contributions dans la presse, il intervient r\u00e9guli\u00e8rement \u00e0 la radio et dans des espaces culturels, o\u00f9 il explore les enjeux li\u00e9s au patrimoine, \u00e0 l\u2019identit\u00e9 et aux transformations du monde contemporain. \u00c0 travers ses chroniques, Hatem Bourial propose une lecture sensible et approfondie de l\u2019actualit\u00e9, nourrie par une exp\u00e9rience journalistique et litt\u00e9raire reconnue. \ud83d\udd17 Facebook : https:\\\/\\\/www.facebook.com\\\/hatem.bourial.2025\",\"sameAs\":[\"https:\\\/\\\/www.facebook.com\\\/hatem.bourial.2025\",\"https:\\\/\\\/fr.wikipedia.org\\\/wiki\\\/Fichier:Hatem_Bourial.jpg\"],\"knowsAbout\":[\"Culture & patrimoine tunisien\",\"Chronique soci\u00e9tale\",\"Litt\u00e9rature & m\u00e9moire\",\"Cin\u00e9ma & critique culturelle\",\"Identit\u00e9 & mutations sociales\"],\"knowsLanguage\":[\"Arabe\",\"Fran\u00e7ais\",\"Anglais\",\"Italien\",\"Polonais\"],\"jobTitle\":\"Journaliste, \u00e9crivain et chroniqueur culturel\",\"worksFor\":\"Webdo\",\"url\":\"https:\\\/\\\/www.webdo.tn\\\/fr\\\/actualite\\\/author\\\/hatem-bourial-2\\\/\"}]}<\/script>\n<!-- \/ Yoast SEO Premium plugin. -->","yoast_head_json":{"title":"Le billet de Hatem Bourial - Emprunter et mendier ne font pas une politique \u00e9conomique","description":"Le billet de Hatem Bourial - Emprunter et mendier ne font pas une politique \u00e9conomique","canonical":"https:\/\/www.webdo.tn\/fr\/actualite\/chroniques\/le-billet-de-hatem-bourial-emprunter-et-mendier-ne-font-pas-une-politique-economique\/186860\/","og_locale":"fr_FR","og_type":"article","og_title":"Le billet de Hatem Bourial - Emprunter et mendier ne font pas une politique \u00e9conomique","og_description":"Le billet de Hatem Bourial - Emprunter et mendier ne font pas une politique \u00e9conomique","og_url":"https:\/\/www.webdo.tn\/fr\/actualite\/chroniques\/le-billet-de-hatem-bourial-emprunter-et-mendier-ne-font-pas-une-politique-economique\/186860\/","og_site_name":"webdo","article_publisher":"https:\/\/www.facebook.com\/webdotn","article_author":"https:\/\/www.facebook.com\/hatem.bourial.2025","article_published_time":"2013-06-12T15:56:00+00:00","article_modified_time":"2025-05-19T11:23:32+00:00","og_image":[{"width":375,"height":250,"url":"https:\/\/www.webdo.tn\/fr\/wp-content\/uploads\/2013\/06\/Marzouki-Ghannouchi-ben-Jaafar-photo-The-Times.jpg","type":"image\/jpeg"}],"author":"Hatem Bourial","twitter_card":"summary_large_image","twitter_creator":"@webdo_tn","twitter_site":"@webdo_tn","twitter_misc":{"\u00c9crit par":"Hatem Bourial","Dur\u00e9e de lecture estim\u00e9e":"4 minutes"},"schema":{"@context":"https:\/\/schema.org","@graph":[{"@type":"NewsArticle","@id":"https:\/\/www.webdo.tn\/fr\/actualite\/chroniques\/le-billet-de-hatem-bourial-emprunter-et-mendier-ne-font-pas-une-politique-economique\/186860\/#article","isPartOf":{"@id":"https:\/\/www.webdo.tn\/fr\/actualite\/chroniques\/le-billet-de-hatem-bourial-emprunter-et-mendier-ne-font-pas-une-politique-economique\/186860\/"},"author":{"name":"Hatem Bourial","@id":"https:\/\/www.webdo.tn\/fr\/#\/schema\/person\/6bc0beba2cd23aec27cb5df85ca2554f"},"headline":"Le billet de Hatem Bourial &#8211; Emprunter et mendier ne font pas une politique \u00e9conomique","datePublished":"2013-06-12T15:56:00+00:00","dateModified":"2025-05-19T11:23:32+00:00","mainEntityOfPage":{"@id":"https:\/\/www.webdo.tn\/fr\/actualite\/chroniques\/le-billet-de-hatem-bourial-emprunter-et-mendier-ne-font-pas-une-politique-economique\/186860\/"},"wordCount":862,"commentCount":0,"publisher":{"@id":"https:\/\/www.webdo.tn\/fr\/#organization"},"image":{"@id":"https:\/\/www.webdo.tn\/fr\/actualite\/chroniques\/le-billet-de-hatem-bourial-emprunter-et-mendier-ne-font-pas-une-politique-economique\/186860\/#primaryimage"},"thumbnailUrl":"https:\/\/www.webdo.tn\/fr\/wp-content\/uploads\/2013\/06\/Marzouki-Ghannouchi-ben-Jaafar-photo-The-Times.jpg","keywords":["guerre"],"articleSection":["Chroniques"],"inLanguage":"fr-FR"},{"@type":"WebPage","@id":"https:\/\/www.webdo.tn\/fr\/actualite\/chroniques\/le-billet-de-hatem-bourial-emprunter-et-mendier-ne-font-pas-une-politique-economique\/186860\/","url":"https:\/\/www.webdo.tn\/fr\/actualite\/chroniques\/le-billet-de-hatem-bourial-emprunter-et-mendier-ne-font-pas-une-politique-economique\/186860\/","name":"Le billet de Hatem Bourial - Emprunter et mendier ne font pas une politique \u00e9conomique","isPartOf":{"@id":"https:\/\/www.webdo.tn\/fr\/#website"},"primaryImageOfPage":{"@id":"https:\/\/www.webdo.tn\/fr\/actualite\/chroniques\/le-billet-de-hatem-bourial-emprunter-et-mendier-ne-font-pas-une-politique-economique\/186860\/#primaryimage"},"image":{"@id":"https:\/\/www.webdo.tn\/fr\/actualite\/chroniques\/le-billet-de-hatem-bourial-emprunter-et-mendier-ne-font-pas-une-politique-economique\/186860\/#primaryimage"},"thumbnailUrl":"https:\/\/www.webdo.tn\/fr\/wp-content\/uploads\/2013\/06\/Marzouki-Ghannouchi-ben-Jaafar-photo-The-Times.jpg","datePublished":"2013-06-12T15:56:00+00:00","dateModified":"2025-05-19T11:23:32+00:00","description":"Le billet de Hatem Bourial - Emprunter et mendier ne font pas une politique \u00e9conomique","breadcrumb":{"@id":"https:\/\/www.webdo.tn\/fr\/actualite\/chroniques\/le-billet-de-hatem-bourial-emprunter-et-mendier-ne-font-pas-une-politique-economique\/186860\/#breadcrumb"},"inLanguage":"fr-FR","potentialAction":[{"@type":"ReadAction","target":["https:\/\/www.webdo.tn\/fr\/actualite\/chroniques\/le-billet-de-hatem-bourial-emprunter-et-mendier-ne-font-pas-une-politique-economique\/186860\/"]}]},{"@type":"ImageObject","inLanguage":"fr-FR","@id":"https:\/\/www.webdo.tn\/fr\/actualite\/chroniques\/le-billet-de-hatem-bourial-emprunter-et-mendier-ne-font-pas-une-politique-economique\/186860\/#primaryimage","url":"https:\/\/www.webdo.tn\/fr\/wp-content\/uploads\/2013\/06\/Marzouki-Ghannouchi-ben-Jaafar-photo-The-Times.jpg","contentUrl":"https:\/\/www.webdo.tn\/fr\/wp-content\/uploads\/2013\/06\/Marzouki-Ghannouchi-ben-Jaafar-photo-The-Times.jpg","width":375,"height":250,"caption":"Le billet de Hatem Bourial - Emprunter et mendier ne font pas une politique \u00e9conomique"},{"@type":"BreadcrumbList","@id":"https:\/\/www.webdo.tn\/fr\/actualite\/chroniques\/le-billet-de-hatem-bourial-emprunter-et-mendier-ne-font-pas-une-politique-economique\/186860\/#breadcrumb","itemListElement":[{"@type":"ListItem","position":1,"name":"Accueil","item":"https:\/\/www.webdo.tn\/fr\/"},{"@type":"ListItem","position":2,"name":"Le billet de Hatem Bourial &#8211; Emprunter et mendier ne font pas une politique \u00e9conomique"}]},{"@type":"WebSite","@id":"https:\/\/www.webdo.tn\/fr\/#website","url":"https:\/\/www.webdo.tn\/fr\/","name":"webdo","description":"Tunisie - News en Tunisie et \u00e0 l&#039;international sur Webdo.tn","publisher":{"@id":"https:\/\/www.webdo.tn\/fr\/#organization"},"potentialAction":[{"@type":"SearchAction","target":{"@type":"EntryPoint","urlTemplate":"https:\/\/www.webdo.tn\/fr\/?s={search_term_string}"},"query-input":{"@type":"PropertyValueSpecification","valueRequired":true,"valueName":"search_term_string"}}],"inLanguage":"fr-FR"},{"@type":"Organization","@id":"https:\/\/www.webdo.tn\/fr\/#organization","name":"Webdo","alternateName":"Webdo.tn","url":"https:\/\/www.webdo.tn\/fr\/","logo":{"@type":"ImageObject","inLanguage":"fr-FR","@id":"https:\/\/www.webdo.tn\/fr\/#\/schema\/logo\/image\/","url":"https:\/\/www.webdo.tn\/fr\/wp-content\/uploads\/2025\/06\/Webdo-Tunisie_168377.jpg","contentUrl":"https:\/\/www.webdo.tn\/fr\/wp-content\/uploads\/2025\/06\/Webdo-Tunisie_168377.jpg","width":301,"height":301,"caption":"Webdo"},"image":{"@id":"https:\/\/www.webdo.tn\/fr\/#\/schema\/logo\/image\/"},"sameAs":["https:\/\/www.facebook.com\/webdotn","https:\/\/x.com\/webdo_tn"],"description":"Webdo est un m\u00e9dia num\u00e9rique tunisien fond\u00e9 en 2010, sp\u00e9cialis\u00e9 dans l\u2019actualit\u00e9 nationale et internationale, l\u2019\u00e9conomie, la soci\u00e9t\u00e9 et les analyses politiques. Le site s\u2019adresse \u00e0 un large public francophone et couvre l\u2019information tunisienne en temps r\u00e9el.","email":"redac@webdo.tn","legalName":"YNJ SARL","foundingDate":"2010-09-06","numberOfEmployees":{"@type":"QuantitativeValue","minValue":"11","maxValue":"50"}},{"@type":"Person","@id":"https:\/\/www.webdo.tn\/fr\/#\/schema\/person\/6bc0beba2cd23aec27cb5df85ca2554f","name":"Hatem Bourial","image":{"@type":"ImageObject","inLanguage":"fr-FR","@id":"https:\/\/www.webdo.tn\/fr\/wp-content\/uploads\/2026\/04\/hatem-bourial_avatar-96x96.jpg","url":"https:\/\/www.webdo.tn\/fr\/wp-content\/uploads\/2026\/04\/hatem-bourial_avatar-96x96.jpg","contentUrl":"https:\/\/www.webdo.tn\/fr\/wp-content\/uploads\/2026\/04\/hatem-bourial_avatar-96x96.jpg","caption":"Hatem Bourial"},"description":"Hatem Bourial est journaliste, \u00e9crivain et chroniqueur tunisien. Actif depuis plusieurs d\u00e9cennies, il s\u2019est impos\u00e9 comme un observateur attentif de la soci\u00e9t\u00e9 tunisienne, m\u00ealant dans ses \u00e9crits m\u00e9moire, culture et analyse du quotidien. Auteur de nombreux ouvrages, il d\u00e9veloppe une \u0153uvre \u00e0 la crois\u00e9e du r\u00e9cit, de la po\u00e9sie et de l\u2019observation sociologique. Parall\u00e8lement \u00e0 ses contributions dans la presse, il intervient r\u00e9guli\u00e8rement \u00e0 la radio et dans des espaces culturels, o\u00f9 il explore les enjeux li\u00e9s au patrimoine, \u00e0 l\u2019identit\u00e9 et aux transformations du monde contemporain. \u00c0 travers ses chroniques, Hatem Bourial propose une lecture sensible et approfondie de l\u2019actualit\u00e9, nourrie par une exp\u00e9rience journalistique et litt\u00e9raire reconnue. \ud83d\udd17 Facebook : https:\/\/www.facebook.com\/hatem.bourial.2025","sameAs":["https:\/\/www.facebook.com\/hatem.bourial.2025","https:\/\/fr.wikipedia.org\/wiki\/Fichier:Hatem_Bourial.jpg"],"knowsAbout":["Culture & patrimoine tunisien","Chronique soci\u00e9tale","Litt\u00e9rature & m\u00e9moire","Cin\u00e9ma & critique culturelle","Identit\u00e9 & mutations sociales"],"knowsLanguage":["Arabe","Fran\u00e7ais","Anglais","Italien","Polonais"],"jobTitle":"Journaliste, \u00e9crivain et chroniqueur culturel","worksFor":"Webdo","url":"https:\/\/www.webdo.tn\/fr\/actualite\/author\/hatem-bourial-2\/"}]}},"_links":{"self":[{"href":"https:\/\/www.webdo.tn\/fr\/wp-json\/wp\/v2\/posts\/186860","targetHints":{"allow":["GET"]}}],"collection":[{"href":"https:\/\/www.webdo.tn\/fr\/wp-json\/wp\/v2\/posts"}],"about":[{"href":"https:\/\/www.webdo.tn\/fr\/wp-json\/wp\/v2\/types\/post"}],"author":[{"embeddable":true,"href":"https:\/\/www.webdo.tn\/fr\/wp-json\/wp\/v2\/users\/3229"}],"replies":[{"embeddable":true,"href":"https:\/\/www.webdo.tn\/fr\/wp-json\/wp\/v2\/comments?post=186860"}],"version-history":[{"count":0,"href":"https:\/\/www.webdo.tn\/fr\/wp-json\/wp\/v2\/posts\/186860\/revisions"}],"wp:featuredmedia":[{"embeddable":true,"href":"https:\/\/www.webdo.tn\/fr\/wp-json\/wp\/v2\/media\/322705"}],"wp:attachment":[{"href":"https:\/\/www.webdo.tn\/fr\/wp-json\/wp\/v2\/media?parent=186860"}],"wp:term":[{"taxonomy":"category","embeddable":true,"href":"https:\/\/www.webdo.tn\/fr\/wp-json\/wp\/v2\/categories?post=186860"},{"taxonomy":"post_tag","embeddable":true,"href":"https:\/\/www.webdo.tn\/fr\/wp-json\/wp\/v2\/tags?post=186860"}],"curies":[{"name":"wp","href":"https:\/\/api.w.org\/{rel}","templated":true}]}}