{"id":186858,"date":"2013-05-19T20:18:00","date_gmt":"2013-05-19T20:18:00","guid":{"rendered":"https:\/\/www.webdo.tn\/fr\/blog\/le-billet-de-hatem-bourial-mais-ou-se-cache-donc-rached-ghannouchi\/186858\/"},"modified":"2025-05-22T13:13:30","modified_gmt":"2025-05-22T13:13:30","slug":"le-billet-de-hatem-bourial-mais-ou-se-cache-donc-rached-ghannouchi","status":"publish","type":"post","link":"https:\/\/www.webdo.tn\/fr\/actualite\/chroniques\/le-billet-de-hatem-bourial-mais-ou-se-cache-donc-rached-ghannouchi\/186858\/","title":{"rendered":"Le billet de Hatem Bourial &#8211; Mais o\u00f9 se cache donc Rached Ghannouchi?"},"content":{"rendered":"<p>Phrases terribles et malheureuses que celles prof\u00e9r\u00e9es par Rached Ghannouchi : \u00a0\u00bb Ce sont nos enfants\u00a0\u00bb, \u00ab\u00a0Ils me rappellent ma jeunesse\u00a0\u00bb. Personne n&rsquo;a oubli\u00e9 en Tunisie ces saillies du leader int\u00e9griste, ces mots qui r\u00e9sonnent aujourd&rsquo;hui aussi bien comme une incitation \u00e0 la violence que comme une justification a priori des violences qui secouent actuellement la Tunisie.<\/p>\n<p>Apr\u00e8s une conf\u00e9rence de presse en d\u00e9but de semaine dans laquelle il demandait indirectement aux salafistes le respect de la loi, Ghannouchi n&rsquo;a pas repris la parole.<\/p>\n<p>Aucun responsable d&rsquo;Ennahdha n&rsquo;a encore condamn\u00e9 les violences en cours \u00e0 Ettadhamen et Al Intilaka. Aucun CPR n&rsquo;a pris la parole non plus. Seul Mohamed Bennour d&rsquo;Ettakatol a eu le courage de condamner les agissements salafistes et par ricochet reconnaitre les erreurs tactiques de son parti engage dans une alliance contre nature qui devrait lui \u00eatre fatale.<\/p>\n<p>Quant \u00e0 Rached Ghannouchi, on se demande pourquoi il se cache et r\u00e9pugne \u00e0 prendre la parole pour condamner sans \u00e9quivoque la strat\u00e9gie des radicaux islamistes qui ont publiquement fait all\u00e9geance \u00e0 Al Qaida.<\/p>\n<p>Tiraill\u00e9 par des soucis tactiques, h\u00e9siterait-il \u00e0 faire passer son agenda partisan et id\u00e9ologique apr\u00e8s celui de la nation tunisienne? Chercherait-il plut\u00f4t par le silence a ne pas s&rsquo;ali\u00e9ner l&rsquo;aile dure des faucons de son parti dont le soutien aux salafistes est aussi notoire que pleinement assume? Ou bien serait-ce une mani\u00e8re subtile et man\u0153uvri\u00e8re de se placer au-dessus de la m\u00eal\u00e9e?<\/p>\n<p>Ghannouchi dont les atermoiements et le soutien aux courants wahabbites ont precipit\u00e9 ces crises successives en Tunisie manquerait-il de courage? Ou bien chercherait-il \u00e0 adopter une posture absurde qui consisterait \u00e0 se substituer \u00e0 l&rsquo;\u00c9tat tout en ne condamnant pas les atteintes \u00e0 la surette de l&rsquo;\u00c9tat?<\/p>\n<p>\u00c9trange Guide qui depuis son exil britannique a retrouv\u00e9 la Tunisie un certain 30 janvier et continue \u00e0 d\u00e9frayer la chronique par ses silences et le clair-obscur qui entoure ses faits et gestes. L&rsquo;homme qui fut graci\u00e9 par Ben Ali se comporte aujourd&rsquo;hui en \u00c9tat dans l&rsquo;\u00c9tat, en institution hors institutions qui dicte ce qu&rsquo;il doit faire \u00e0 l&rsquo;\u00c9tat tunisien.<\/p>\n<p>Dans un geste de m\u00e9pris, inconcevable apr\u00e8s une r\u00e9volution, le chef islamiste n&rsquo;avait pas h\u00e9sit\u00e9 \u00e0 laisser nommer ses proches parents \u00e0 la t\u00eate des minist\u00e8res puis multiplier les d\u00e9clarations empreintes d&rsquo;une r\u00e9sistible volont\u00e9 de puissance. Terrible situation qui m\u00e8ne la transition tunisienne vers la pire des impasses : celle de la violence politique et des confrontations arm\u00e9es.<\/p>\n<p>Doit-on laisser celui qui n&rsquo;est qu&rsquo;un chef de parti faire la pluie et le beau temps? Doit-on continuer \u00e0 se taire devant le d\u00e9lire d&rsquo;un vieil homme qui pr\u00e9tend effacer deux si\u00e8cles d&rsquo;histoire tunisienne? Qui rappellera Ghannouchi \u00e0 l&rsquo;ordre r\u00e9publicain?<br \/>\nCar lui, comme son n\u00e9gatif Marzouki, semblent coup\u00e9s de la v\u00e9ritable Tunisie et cherchent d\u00e9sesp\u00e9r\u00e9ment a s&rsquo;accrocher a leurs illusions trompeuses.<\/p>\n<p>Parlez Monsieur Ghannouchi, parlez et condamnez ceux qui s&rsquo;\u00e9garent dans la violence, l&rsquo;inquisition et les anath\u00e8mes. Parlez et m\u00e9ritez de la Tunisie comme les martyrs qui ont permis votre retour et les jeunes que vous \u00e9crasez de vos complicit\u00e9s. Parlez, soulagez votre conscience, ayez le courage de vous adresser a tous les Tunisiens et non plus qu&rsquo;a ceux qui vous ressemblent.<\/p>\n<p>Mais peut-\u00eatre que vos passeports britannique et soudanais font de votre patriotisme quelque chose d&rsquo;\u00e9lastique et relatif. Car si l&rsquo;avenir est incertain, il pourrait ne concerner que les Tunisiens qui ne croient qu&rsquo;en leur drapeau. Alors que vous avez bel et bien d\u00e9montr\u00e9 que la Tunisie n&rsquo;est pas le seul de vos horizons.<\/p>\n<p>Puisse Dieu vous pardonner. Mais l&rsquo;histoire et les Tunisiens ne vous pardonneront pas. Brisez le silence, Monsieur Ghannouchi. Ayez enfin le courage de tourner le dos au terrorisme avec un Non franc et massif. Sinon, le destin qui vous attend sera au mieux celui d&rsquo;une minable Leila Trabelsi et au pire celui d&rsquo;un roitelet prisonnier de ses illusions.<\/p>\n","protected":false},"excerpt":{"rendered":"<p>Le billet de Hatem Bourial &#8211; Mais o\u00f9 se cache donc Rached Ghannouchi?<\/p>\n","protected":false},"author":3229,"featured_media":334426,"comment_status":"open","ping_status":"closed","sticky":false,"template":"","format":"standard","meta":{"footnotes":""},"categories":[2596],"tags":[],"class_list":["post-186858","post","type-post","status-publish","format-standard","has-post-thumbnail","hentry","category-chroniques"],"yoast_head":"<!-- This site is optimized with the Yoast SEO Premium plugin v27.5 (Yoast SEO v27.5) - https:\/\/yoast.com\/product\/yoast-seo-premium-wordpress\/ -->\n<title>Le billet de Hatem Bourial - Mais o\u00f9 se cache donc Rached Ghannouchi?<\/title>\n<meta name=\"description\" content=\"Le billet de Hatem Bourial - Mais o\u00f9 se cache donc Rached Ghannouchi?\" \/>\n<link rel=\"canonical\" href=\"https:\/\/www.webdo.tn\/fr\/actualite\/chroniques\/le-billet-de-hatem-bourial-mais-ou-se-cache-donc-rached-ghannouchi\/186858\/\" \/>\n<meta property=\"og:locale\" content=\"fr_FR\" \/>\n<meta property=\"og:type\" content=\"article\" \/>\n<meta property=\"og:title\" content=\"Le billet de Hatem Bourial - Mais o\u00f9 se cache donc Rached Ghannouchi?\" \/>\n<meta property=\"og:description\" content=\"Le billet de Hatem Bourial - Mais o\u00f9 se cache donc Rached Ghannouchi?\" \/>\n<meta property=\"og:url\" content=\"https:\/\/www.webdo.tn\/fr\/actualite\/chroniques\/le-billet-de-hatem-bourial-mais-ou-se-cache-donc-rached-ghannouchi\/186858\/\" \/>\n<meta property=\"og:site_name\" content=\"webdo\" \/>\n<meta property=\"article:publisher\" content=\"https:\/\/www.facebook.com\/webdotn\" \/>\n<meta property=\"article:author\" content=\"https:\/\/www.facebook.com\/hatem.bourial.2025\" \/>\n<meta property=\"article:published_time\" content=\"2013-05-19T20:18:00+00:00\" \/>\n<meta property=\"article:modified_time\" content=\"2025-05-22T13:13:30+00:00\" \/>\n<meta property=\"og:image\" content=\"https:\/\/www.webdo.tn\/fr\/wp-content\/uploads\/2013\/05\/Rached-Ghannouchi-photo-naharnet.com_.jpg\" \/>\n\t<meta property=\"og:image:width\" content=\"260\" \/>\n\t<meta property=\"og:image:height\" content=\"216\" \/>\n\t<meta property=\"og:image:type\" content=\"image\/jpeg\" \/>\n<meta name=\"author\" content=\"Hatem Bourial\" \/>\n<meta name=\"twitter:card\" content=\"summary_large_image\" \/>\n<meta name=\"twitter:creator\" content=\"@webdo_tn\" \/>\n<meta name=\"twitter:site\" content=\"@webdo_tn\" \/>\n<meta name=\"twitter:label1\" content=\"\u00c9crit par\" \/>\n\t<meta name=\"twitter:data1\" content=\"Hatem Bourial\" \/>\n\t<meta name=\"twitter:label2\" content=\"Dur\u00e9e de lecture estim\u00e9e\" \/>\n\t<meta name=\"twitter:data2\" content=\"3 minutes\" \/>\n<script type=\"application\/ld+json\" class=\"yoast-schema-graph\">{\"@context\":\"https:\\\/\\\/schema.org\",\"@graph\":[{\"@type\":\"NewsArticle\",\"@id\":\"https:\\\/\\\/www.webdo.tn\\\/fr\\\/actualite\\\/chroniques\\\/le-billet-de-hatem-bourial-mais-ou-se-cache-donc-rached-ghannouchi\\\/186858\\\/#article\",\"isPartOf\":{\"@id\":\"https:\\\/\\\/www.webdo.tn\\\/fr\\\/actualite\\\/chroniques\\\/le-billet-de-hatem-bourial-mais-ou-se-cache-donc-rached-ghannouchi\\\/186858\\\/\"},\"author\":{\"name\":\"Hatem Bourial\",\"@id\":\"https:\\\/\\\/www.webdo.tn\\\/fr\\\/#\\\/schema\\\/person\\\/6bc0beba2cd23aec27cb5df85ca2554f\"},\"headline\":\"Le billet de Hatem Bourial &#8211; Mais o\u00f9 se cache donc Rached Ghannouchi?\",\"datePublished\":\"2013-05-19T20:18:00+00:00\",\"dateModified\":\"2025-05-22T13:13:30+00:00\",\"mainEntityOfPage\":{\"@id\":\"https:\\\/\\\/www.webdo.tn\\\/fr\\\/actualite\\\/chroniques\\\/le-billet-de-hatem-bourial-mais-ou-se-cache-donc-rached-ghannouchi\\\/186858\\\/\"},\"wordCount\":708,\"commentCount\":0,\"publisher\":{\"@id\":\"https:\\\/\\\/www.webdo.tn\\\/fr\\\/#organization\"},\"image\":{\"@id\":\"https:\\\/\\\/www.webdo.tn\\\/fr\\\/actualite\\\/chroniques\\\/le-billet-de-hatem-bourial-mais-ou-se-cache-donc-rached-ghannouchi\\\/186858\\\/#primaryimage\"},\"thumbnailUrl\":\"https:\\\/\\\/www.webdo.tn\\\/fr\\\/wp-content\\\/uploads\\\/2013\\\/05\\\/Rached-Ghannouchi-photo-naharnet.com_.jpg\",\"articleSection\":[\"Chroniques\"],\"inLanguage\":\"fr-FR\"},{\"@type\":\"WebPage\",\"@id\":\"https:\\\/\\\/www.webdo.tn\\\/fr\\\/actualite\\\/chroniques\\\/le-billet-de-hatem-bourial-mais-ou-se-cache-donc-rached-ghannouchi\\\/186858\\\/\",\"url\":\"https:\\\/\\\/www.webdo.tn\\\/fr\\\/actualite\\\/chroniques\\\/le-billet-de-hatem-bourial-mais-ou-se-cache-donc-rached-ghannouchi\\\/186858\\\/\",\"name\":\"Le billet de Hatem Bourial - Mais o\u00f9 se cache donc Rached Ghannouchi?\",\"isPartOf\":{\"@id\":\"https:\\\/\\\/www.webdo.tn\\\/fr\\\/#website\"},\"primaryImageOfPage\":{\"@id\":\"https:\\\/\\\/www.webdo.tn\\\/fr\\\/actualite\\\/chroniques\\\/le-billet-de-hatem-bourial-mais-ou-se-cache-donc-rached-ghannouchi\\\/186858\\\/#primaryimage\"},\"image\":{\"@id\":\"https:\\\/\\\/www.webdo.tn\\\/fr\\\/actualite\\\/chroniques\\\/le-billet-de-hatem-bourial-mais-ou-se-cache-donc-rached-ghannouchi\\\/186858\\\/#primaryimage\"},\"thumbnailUrl\":\"https:\\\/\\\/www.webdo.tn\\\/fr\\\/wp-content\\\/uploads\\\/2013\\\/05\\\/Rached-Ghannouchi-photo-naharnet.com_.jpg\",\"datePublished\":\"2013-05-19T20:18:00+00:00\",\"dateModified\":\"2025-05-22T13:13:30+00:00\",\"description\":\"Le billet de Hatem Bourial - Mais o\u00f9 se cache donc Rached Ghannouchi?\",\"breadcrumb\":{\"@id\":\"https:\\\/\\\/www.webdo.tn\\\/fr\\\/actualite\\\/chroniques\\\/le-billet-de-hatem-bourial-mais-ou-se-cache-donc-rached-ghannouchi\\\/186858\\\/#breadcrumb\"},\"inLanguage\":\"fr-FR\",\"potentialAction\":[{\"@type\":\"ReadAction\",\"target\":[\"https:\\\/\\\/www.webdo.tn\\\/fr\\\/actualite\\\/chroniques\\\/le-billet-de-hatem-bourial-mais-ou-se-cache-donc-rached-ghannouchi\\\/186858\\\/\"]}]},{\"@type\":\"ImageObject\",\"inLanguage\":\"fr-FR\",\"@id\":\"https:\\\/\\\/www.webdo.tn\\\/fr\\\/actualite\\\/chroniques\\\/le-billet-de-hatem-bourial-mais-ou-se-cache-donc-rached-ghannouchi\\\/186858\\\/#primaryimage\",\"url\":\"https:\\\/\\\/www.webdo.tn\\\/fr\\\/wp-content\\\/uploads\\\/2013\\\/05\\\/Rached-Ghannouchi-photo-naharnet.com_.jpg\",\"contentUrl\":\"https:\\\/\\\/www.webdo.tn\\\/fr\\\/wp-content\\\/uploads\\\/2013\\\/05\\\/Rached-Ghannouchi-photo-naharnet.com_.jpg\",\"width\":260,\"height\":216,\"caption\":\"Le billet de Hatem Bourial - Mais o\u00f9 se cache donc Rached Ghannouchi?\"},{\"@type\":\"BreadcrumbList\",\"@id\":\"https:\\\/\\\/www.webdo.tn\\\/fr\\\/actualite\\\/chroniques\\\/le-billet-de-hatem-bourial-mais-ou-se-cache-donc-rached-ghannouchi\\\/186858\\\/#breadcrumb\",\"itemListElement\":[{\"@type\":\"ListItem\",\"position\":1,\"name\":\"Accueil\",\"item\":\"https:\\\/\\\/www.webdo.tn\\\/fr\\\/\"},{\"@type\":\"ListItem\",\"position\":2,\"name\":\"Le billet de Hatem Bourial &#8211; Mais o\u00f9 se cache donc Rached Ghannouchi?\"}]},{\"@type\":\"WebSite\",\"@id\":\"https:\\\/\\\/www.webdo.tn\\\/fr\\\/#website\",\"url\":\"https:\\\/\\\/www.webdo.tn\\\/fr\\\/\",\"name\":\"webdo\",\"description\":\"Tunisie - News en Tunisie et \u00e0 l&#039;international sur Webdo.tn\",\"publisher\":{\"@id\":\"https:\\\/\\\/www.webdo.tn\\\/fr\\\/#organization\"},\"potentialAction\":[{\"@type\":\"SearchAction\",\"target\":{\"@type\":\"EntryPoint\",\"urlTemplate\":\"https:\\\/\\\/www.webdo.tn\\\/fr\\\/?s={search_term_string}\"},\"query-input\":{\"@type\":\"PropertyValueSpecification\",\"valueRequired\":true,\"valueName\":\"search_term_string\"}}],\"inLanguage\":\"fr-FR\"},{\"@type\":\"Organization\",\"@id\":\"https:\\\/\\\/www.webdo.tn\\\/fr\\\/#organization\",\"name\":\"Webdo\",\"alternateName\":\"Webdo.tn\",\"url\":\"https:\\\/\\\/www.webdo.tn\\\/fr\\\/\",\"logo\":{\"@type\":\"ImageObject\",\"inLanguage\":\"fr-FR\",\"@id\":\"https:\\\/\\\/www.webdo.tn\\\/fr\\\/#\\\/schema\\\/logo\\\/image\\\/\",\"url\":\"https:\\\/\\\/www.webdo.tn\\\/fr\\\/wp-content\\\/uploads\\\/2025\\\/06\\\/Webdo-Tunisie_168377.jpg\",\"contentUrl\":\"https:\\\/\\\/www.webdo.tn\\\/fr\\\/wp-content\\\/uploads\\\/2025\\\/06\\\/Webdo-Tunisie_168377.jpg\",\"width\":301,\"height\":301,\"caption\":\"Webdo\"},\"image\":{\"@id\":\"https:\\\/\\\/www.webdo.tn\\\/fr\\\/#\\\/schema\\\/logo\\\/image\\\/\"},\"sameAs\":[\"https:\\\/\\\/www.facebook.com\\\/webdotn\",\"https:\\\/\\\/x.com\\\/webdo_tn\"],\"description\":\"Webdo est un m\u00e9dia num\u00e9rique tunisien fond\u00e9 en 2010, sp\u00e9cialis\u00e9 dans l\u2019actualit\u00e9 nationale et internationale, l\u2019\u00e9conomie, la soci\u00e9t\u00e9 et les analyses politiques. Le site s\u2019adresse \u00e0 un large public francophone et couvre l\u2019information tunisienne en temps r\u00e9el.\",\"email\":\"redac@webdo.tn\",\"legalName\":\"YNJ SARL\",\"foundingDate\":\"2010-09-06\",\"numberOfEmployees\":{\"@type\":\"QuantitativeValue\",\"minValue\":\"11\",\"maxValue\":\"50\"}},{\"@type\":\"Person\",\"@id\":\"https:\\\/\\\/www.webdo.tn\\\/fr\\\/#\\\/schema\\\/person\\\/6bc0beba2cd23aec27cb5df85ca2554f\",\"name\":\"Hatem Bourial\",\"image\":{\"@type\":\"ImageObject\",\"inLanguage\":\"fr-FR\",\"@id\":\"https:\\\/\\\/www.webdo.tn\\\/fr\\\/wp-content\\\/uploads\\\/2026\\\/04\\\/hatem-bourial_avatar-96x96.jpg\",\"url\":\"https:\\\/\\\/www.webdo.tn\\\/fr\\\/wp-content\\\/uploads\\\/2026\\\/04\\\/hatem-bourial_avatar-96x96.jpg\",\"contentUrl\":\"https:\\\/\\\/www.webdo.tn\\\/fr\\\/wp-content\\\/uploads\\\/2026\\\/04\\\/hatem-bourial_avatar-96x96.jpg\",\"caption\":\"Hatem Bourial\"},\"description\":\"Hatem Bourial est journaliste, \u00e9crivain et chroniqueur tunisien. Actif depuis plusieurs d\u00e9cennies, il s\u2019est impos\u00e9 comme un observateur attentif de la soci\u00e9t\u00e9 tunisienne, m\u00ealant dans ses \u00e9crits m\u00e9moire, culture et analyse du quotidien. Auteur de nombreux ouvrages, il d\u00e9veloppe une \u0153uvre \u00e0 la crois\u00e9e du r\u00e9cit, de la po\u00e9sie et de l\u2019observation sociologique. Parall\u00e8lement \u00e0 ses contributions dans la presse, il intervient r\u00e9guli\u00e8rement \u00e0 la radio et dans des espaces culturels, o\u00f9 il explore les enjeux li\u00e9s au patrimoine, \u00e0 l\u2019identit\u00e9 et aux transformations du monde contemporain. \u00c0 travers ses chroniques, Hatem Bourial propose une lecture sensible et approfondie de l\u2019actualit\u00e9, nourrie par une exp\u00e9rience journalistique et litt\u00e9raire reconnue. \ud83d\udd17 Facebook : https:\\\/\\\/www.facebook.com\\\/hatem.bourial.2025\",\"sameAs\":[\"https:\\\/\\\/www.facebook.com\\\/hatem.bourial.2025\",\"https:\\\/\\\/fr.wikipedia.org\\\/wiki\\\/Fichier:Hatem_Bourial.jpg\"],\"knowsAbout\":[\"Culture & patrimoine tunisien\",\"Chronique soci\u00e9tale\",\"Litt\u00e9rature & m\u00e9moire\",\"Cin\u00e9ma & critique culturelle\",\"Identit\u00e9 & mutations sociales\"],\"knowsLanguage\":[\"Arabe\",\"Fran\u00e7ais\",\"Anglais\",\"Italien\",\"Polonais\"],\"jobTitle\":\"Journaliste, \u00e9crivain et chroniqueur culturel\",\"worksFor\":\"Webdo\",\"url\":\"https:\\\/\\\/www.webdo.tn\\\/fr\\\/actualite\\\/author\\\/hatem-bourial-2\\\/\"}]}<\/script>\n<!-- \/ Yoast SEO Premium plugin. -->","yoast_head_json":{"title":"Le billet de Hatem Bourial - Mais o\u00f9 se cache donc Rached Ghannouchi?","description":"Le billet de Hatem Bourial - Mais o\u00f9 se cache donc Rached Ghannouchi?","canonical":"https:\/\/www.webdo.tn\/fr\/actualite\/chroniques\/le-billet-de-hatem-bourial-mais-ou-se-cache-donc-rached-ghannouchi\/186858\/","og_locale":"fr_FR","og_type":"article","og_title":"Le billet de Hatem Bourial - Mais o\u00f9 se cache donc Rached Ghannouchi?","og_description":"Le billet de Hatem Bourial - Mais o\u00f9 se cache donc Rached Ghannouchi?","og_url":"https:\/\/www.webdo.tn\/fr\/actualite\/chroniques\/le-billet-de-hatem-bourial-mais-ou-se-cache-donc-rached-ghannouchi\/186858\/","og_site_name":"webdo","article_publisher":"https:\/\/www.facebook.com\/webdotn","article_author":"https:\/\/www.facebook.com\/hatem.bourial.2025","article_published_time":"2013-05-19T20:18:00+00:00","article_modified_time":"2025-05-22T13:13:30+00:00","og_image":[{"width":260,"height":216,"url":"https:\/\/www.webdo.tn\/fr\/wp-content\/uploads\/2013\/05\/Rached-Ghannouchi-photo-naharnet.com_.jpg","type":"image\/jpeg"}],"author":"Hatem Bourial","twitter_card":"summary_large_image","twitter_creator":"@webdo_tn","twitter_site":"@webdo_tn","twitter_misc":{"\u00c9crit par":"Hatem Bourial","Dur\u00e9e de lecture estim\u00e9e":"3 minutes"},"schema":{"@context":"https:\/\/schema.org","@graph":[{"@type":"NewsArticle","@id":"https:\/\/www.webdo.tn\/fr\/actualite\/chroniques\/le-billet-de-hatem-bourial-mais-ou-se-cache-donc-rached-ghannouchi\/186858\/#article","isPartOf":{"@id":"https:\/\/www.webdo.tn\/fr\/actualite\/chroniques\/le-billet-de-hatem-bourial-mais-ou-se-cache-donc-rached-ghannouchi\/186858\/"},"author":{"name":"Hatem Bourial","@id":"https:\/\/www.webdo.tn\/fr\/#\/schema\/person\/6bc0beba2cd23aec27cb5df85ca2554f"},"headline":"Le billet de Hatem Bourial &#8211; Mais o\u00f9 se cache donc Rached Ghannouchi?","datePublished":"2013-05-19T20:18:00+00:00","dateModified":"2025-05-22T13:13:30+00:00","mainEntityOfPage":{"@id":"https:\/\/www.webdo.tn\/fr\/actualite\/chroniques\/le-billet-de-hatem-bourial-mais-ou-se-cache-donc-rached-ghannouchi\/186858\/"},"wordCount":708,"commentCount":0,"publisher":{"@id":"https:\/\/www.webdo.tn\/fr\/#organization"},"image":{"@id":"https:\/\/www.webdo.tn\/fr\/actualite\/chroniques\/le-billet-de-hatem-bourial-mais-ou-se-cache-donc-rached-ghannouchi\/186858\/#primaryimage"},"thumbnailUrl":"https:\/\/www.webdo.tn\/fr\/wp-content\/uploads\/2013\/05\/Rached-Ghannouchi-photo-naharnet.com_.jpg","articleSection":["Chroniques"],"inLanguage":"fr-FR"},{"@type":"WebPage","@id":"https:\/\/www.webdo.tn\/fr\/actualite\/chroniques\/le-billet-de-hatem-bourial-mais-ou-se-cache-donc-rached-ghannouchi\/186858\/","url":"https:\/\/www.webdo.tn\/fr\/actualite\/chroniques\/le-billet-de-hatem-bourial-mais-ou-se-cache-donc-rached-ghannouchi\/186858\/","name":"Le billet de Hatem Bourial - Mais o\u00f9 se cache donc Rached Ghannouchi?","isPartOf":{"@id":"https:\/\/www.webdo.tn\/fr\/#website"},"primaryImageOfPage":{"@id":"https:\/\/www.webdo.tn\/fr\/actualite\/chroniques\/le-billet-de-hatem-bourial-mais-ou-se-cache-donc-rached-ghannouchi\/186858\/#primaryimage"},"image":{"@id":"https:\/\/www.webdo.tn\/fr\/actualite\/chroniques\/le-billet-de-hatem-bourial-mais-ou-se-cache-donc-rached-ghannouchi\/186858\/#primaryimage"},"thumbnailUrl":"https:\/\/www.webdo.tn\/fr\/wp-content\/uploads\/2013\/05\/Rached-Ghannouchi-photo-naharnet.com_.jpg","datePublished":"2013-05-19T20:18:00+00:00","dateModified":"2025-05-22T13:13:30+00:00","description":"Le billet de Hatem Bourial - Mais o\u00f9 se cache donc Rached Ghannouchi?","breadcrumb":{"@id":"https:\/\/www.webdo.tn\/fr\/actualite\/chroniques\/le-billet-de-hatem-bourial-mais-ou-se-cache-donc-rached-ghannouchi\/186858\/#breadcrumb"},"inLanguage":"fr-FR","potentialAction":[{"@type":"ReadAction","target":["https:\/\/www.webdo.tn\/fr\/actualite\/chroniques\/le-billet-de-hatem-bourial-mais-ou-se-cache-donc-rached-ghannouchi\/186858\/"]}]},{"@type":"ImageObject","inLanguage":"fr-FR","@id":"https:\/\/www.webdo.tn\/fr\/actualite\/chroniques\/le-billet-de-hatem-bourial-mais-ou-se-cache-donc-rached-ghannouchi\/186858\/#primaryimage","url":"https:\/\/www.webdo.tn\/fr\/wp-content\/uploads\/2013\/05\/Rached-Ghannouchi-photo-naharnet.com_.jpg","contentUrl":"https:\/\/www.webdo.tn\/fr\/wp-content\/uploads\/2013\/05\/Rached-Ghannouchi-photo-naharnet.com_.jpg","width":260,"height":216,"caption":"Le billet de Hatem Bourial - Mais o\u00f9 se cache donc Rached Ghannouchi?"},{"@type":"BreadcrumbList","@id":"https:\/\/www.webdo.tn\/fr\/actualite\/chroniques\/le-billet-de-hatem-bourial-mais-ou-se-cache-donc-rached-ghannouchi\/186858\/#breadcrumb","itemListElement":[{"@type":"ListItem","position":1,"name":"Accueil","item":"https:\/\/www.webdo.tn\/fr\/"},{"@type":"ListItem","position":2,"name":"Le billet de Hatem Bourial &#8211; Mais o\u00f9 se cache donc Rached Ghannouchi?"}]},{"@type":"WebSite","@id":"https:\/\/www.webdo.tn\/fr\/#website","url":"https:\/\/www.webdo.tn\/fr\/","name":"webdo","description":"Tunisie - News en Tunisie et \u00e0 l&#039;international sur Webdo.tn","publisher":{"@id":"https:\/\/www.webdo.tn\/fr\/#organization"},"potentialAction":[{"@type":"SearchAction","target":{"@type":"EntryPoint","urlTemplate":"https:\/\/www.webdo.tn\/fr\/?s={search_term_string}"},"query-input":{"@type":"PropertyValueSpecification","valueRequired":true,"valueName":"search_term_string"}}],"inLanguage":"fr-FR"},{"@type":"Organization","@id":"https:\/\/www.webdo.tn\/fr\/#organization","name":"Webdo","alternateName":"Webdo.tn","url":"https:\/\/www.webdo.tn\/fr\/","logo":{"@type":"ImageObject","inLanguage":"fr-FR","@id":"https:\/\/www.webdo.tn\/fr\/#\/schema\/logo\/image\/","url":"https:\/\/www.webdo.tn\/fr\/wp-content\/uploads\/2025\/06\/Webdo-Tunisie_168377.jpg","contentUrl":"https:\/\/www.webdo.tn\/fr\/wp-content\/uploads\/2025\/06\/Webdo-Tunisie_168377.jpg","width":301,"height":301,"caption":"Webdo"},"image":{"@id":"https:\/\/www.webdo.tn\/fr\/#\/schema\/logo\/image\/"},"sameAs":["https:\/\/www.facebook.com\/webdotn","https:\/\/x.com\/webdo_tn"],"description":"Webdo est un m\u00e9dia num\u00e9rique tunisien fond\u00e9 en 2010, sp\u00e9cialis\u00e9 dans l\u2019actualit\u00e9 nationale et internationale, l\u2019\u00e9conomie, la soci\u00e9t\u00e9 et les analyses politiques. Le site s\u2019adresse \u00e0 un large public francophone et couvre l\u2019information tunisienne en temps r\u00e9el.","email":"redac@webdo.tn","legalName":"YNJ SARL","foundingDate":"2010-09-06","numberOfEmployees":{"@type":"QuantitativeValue","minValue":"11","maxValue":"50"}},{"@type":"Person","@id":"https:\/\/www.webdo.tn\/fr\/#\/schema\/person\/6bc0beba2cd23aec27cb5df85ca2554f","name":"Hatem Bourial","image":{"@type":"ImageObject","inLanguage":"fr-FR","@id":"https:\/\/www.webdo.tn\/fr\/wp-content\/uploads\/2026\/04\/hatem-bourial_avatar-96x96.jpg","url":"https:\/\/www.webdo.tn\/fr\/wp-content\/uploads\/2026\/04\/hatem-bourial_avatar-96x96.jpg","contentUrl":"https:\/\/www.webdo.tn\/fr\/wp-content\/uploads\/2026\/04\/hatem-bourial_avatar-96x96.jpg","caption":"Hatem Bourial"},"description":"Hatem Bourial est journaliste, \u00e9crivain et chroniqueur tunisien. Actif depuis plusieurs d\u00e9cennies, il s\u2019est impos\u00e9 comme un observateur attentif de la soci\u00e9t\u00e9 tunisienne, m\u00ealant dans ses \u00e9crits m\u00e9moire, culture et analyse du quotidien. Auteur de nombreux ouvrages, il d\u00e9veloppe une \u0153uvre \u00e0 la crois\u00e9e du r\u00e9cit, de la po\u00e9sie et de l\u2019observation sociologique. Parall\u00e8lement \u00e0 ses contributions dans la presse, il intervient r\u00e9guli\u00e8rement \u00e0 la radio et dans des espaces culturels, o\u00f9 il explore les enjeux li\u00e9s au patrimoine, \u00e0 l\u2019identit\u00e9 et aux transformations du monde contemporain. \u00c0 travers ses chroniques, Hatem Bourial propose une lecture sensible et approfondie de l\u2019actualit\u00e9, nourrie par une exp\u00e9rience journalistique et litt\u00e9raire reconnue. \ud83d\udd17 Facebook : https:\/\/www.facebook.com\/hatem.bourial.2025","sameAs":["https:\/\/www.facebook.com\/hatem.bourial.2025","https:\/\/fr.wikipedia.org\/wiki\/Fichier:Hatem_Bourial.jpg"],"knowsAbout":["Culture & patrimoine tunisien","Chronique soci\u00e9tale","Litt\u00e9rature & m\u00e9moire","Cin\u00e9ma & critique culturelle","Identit\u00e9 & mutations sociales"],"knowsLanguage":["Arabe","Fran\u00e7ais","Anglais","Italien","Polonais"],"jobTitle":"Journaliste, \u00e9crivain et chroniqueur culturel","worksFor":"Webdo","url":"https:\/\/www.webdo.tn\/fr\/actualite\/author\/hatem-bourial-2\/"}]}},"_links":{"self":[{"href":"https:\/\/www.webdo.tn\/fr\/wp-json\/wp\/v2\/posts\/186858","targetHints":{"allow":["GET"]}}],"collection":[{"href":"https:\/\/www.webdo.tn\/fr\/wp-json\/wp\/v2\/posts"}],"about":[{"href":"https:\/\/www.webdo.tn\/fr\/wp-json\/wp\/v2\/types\/post"}],"author":[{"embeddable":true,"href":"https:\/\/www.webdo.tn\/fr\/wp-json\/wp\/v2\/users\/3229"}],"replies":[{"embeddable":true,"href":"https:\/\/www.webdo.tn\/fr\/wp-json\/wp\/v2\/comments?post=186858"}],"version-history":[{"count":0,"href":"https:\/\/www.webdo.tn\/fr\/wp-json\/wp\/v2\/posts\/186858\/revisions"}],"wp:featuredmedia":[{"embeddable":true,"href":"https:\/\/www.webdo.tn\/fr\/wp-json\/wp\/v2\/media\/334426"}],"wp:attachment":[{"href":"https:\/\/www.webdo.tn\/fr\/wp-json\/wp\/v2\/media?parent=186858"}],"wp:term":[{"taxonomy":"category","embeddable":true,"href":"https:\/\/www.webdo.tn\/fr\/wp-json\/wp\/v2\/categories?post=186858"},{"taxonomy":"post_tag","embeddable":true,"href":"https:\/\/www.webdo.tn\/fr\/wp-json\/wp\/v2\/tags?post=186858"}],"curies":[{"name":"wp","href":"https:\/\/api.w.org\/{rel}","templated":true}]}}