{"id":186857,"date":"2013-05-04T19:51:00","date_gmt":"2013-05-04T19:51:00","guid":{"rendered":"https:\/\/www.webdo.tn\/fr\/blog\/le-billet-de-hatem-bourial-talibans-tunisiens-iceberg-terroriste-et-troika-medusee\/186857\/"},"modified":"2025-05-22T13:11:19","modified_gmt":"2025-05-22T13:11:19","slug":"le-billet-de-hatem-bourial-talibans-tunisiens-iceberg-terroriste-et-troika-medusee","status":"publish","type":"post","link":"https:\/\/www.webdo.tn\/fr\/actualite\/chroniques\/le-billet-de-hatem-bourial-talibans-tunisiens-iceberg-terroriste-et-troika-medusee\/186857\/","title":{"rendered":"Le billet de Hatem Bourial &#8211; Talibans tunisiens, iceberg terroriste et Troika m\u00e9dus\u00e9e"},"content":{"rendered":"<p>Sur fond de pr\u00e9sence terroriste au Djebel Chaambi et ailleurs, la grave question du djihadisme tunisien prend de plus en plus d&rsquo;acuit\u00e9. Au Canada, un \u00e9tudiant tunisien se retrouve impliqu\u00e9 dans la planification d&rsquo;une op\u00e9ration terroriste. En Italie, ce sont plusieurs Tunisiens qui viennent d&rsquo;\u00eatre d\u00e9couverts par la police alors qu&rsquo;ils projetaient des attentats et faisaient l&rsquo;apologie de la violence. Ceci pour n&rsquo;\u00e9voquer que les affaires les plus r\u00e9centes. Quelle fr\u00e9n\u00e9sie, quel endoctrinement, quel lavage de cerveau se sont empar\u00e9s de la jeunesse d&rsquo;un pays r\u00e9put\u00e9 serein?<\/p>\n<p>LES TROIS MENACES<br \/>\nLa menace terroriste se pr\u00e9cise davantage encore ces derniers jours. Et, il devient clair que les islamistes arm\u00e9s s&rsquo;appr\u00eatent \u00e0 frapper la Tunisie. Si l&rsquo;on se r\u00e9f\u00e8re \u00e0 leur mode op\u00e9ratoire, trois types d&rsquo;actions pourraient se produire \u00e0 des moments choisis.<\/p>\n<p>En premier lieu, les terroristes pourraient chercher par des attentats \u00e0 briser l&rsquo;\u00e9lan pris par la saison touristique. Cette m\u00e9thode d&rsquo;action a d\u00e9j\u00e0 permis de frapper en Egypte et au Maroc. Elle a aussi eu pour cible en Tunisie des touristes en 1987 et plus pr\u00e8s de nous le sanctuaire de la Ghriba \u00e0 Djerba. Avec les cons\u00e9quences que nous connaissons&#8230;<\/p>\n<p>D&rsquo;autre part, les agents de l&rsquo;islamisme radical pourraient tenter de choquer l&rsquo;opinion avec des attentats aveugles au cours du mois de Ramadan. Ce risque existe bel et bien et constitue un cas d&rsquo;\u00e9cole puisque les int\u00e9gristes alg\u00e9riens ont souvent eu recours \u00e0 ces crimes barbares.<\/p>\n<p>De mani\u00e8re plus classique, les caches d&rsquo;armes et les abris forestiers des islamistes arm\u00e9s pourraient avoir pour but de d\u00e9clencher une campagne de terreur et d&rsquo;intimidation \u00e0 l&rsquo;approche des \u00e9lections \u00e0 venir.<\/p>\n<p>Cette derni\u00e8re hypoth\u00e8se est fort probable et s&rsquo;inscrit dans le droit fil des exactions commises lors de plusieurs meetings de l&rsquo;opposition la\u00efque. Elle serait aussi dans la continuit\u00e9 des agissements qui ont men\u00e9 au meurtre de Chokri Bela\u00efd et qui cherchent \u00e0 intimider par des menaces de mort des acteurs politiques et civiques.<\/p>\n<p>Enfin, les int\u00e9gristes de tout poil pourraient aussi entreprendre des actions d&rsquo;\u00e9clat sans strat\u00e9gie concert\u00e9e ou bien des gestes meurtriers t\u00e9moignant d&rsquo;une fuite en avant des desperados de l&rsquo;islam.<\/p>\n<p>LES EXALTES DU CHAAMBI<br \/>\nCes remarques ne cherchent ni \u00e0 propager la panique ni \u00e0 jeter la pierre \u00e0 qui que ce soit. Elles tentent plut\u00f4t d&rsquo;analyser sommairement une situation devenue inqui\u00e9tante avec les \u00e9v\u00e8nements en cours au Djebel Chaambi. Le risque terroriste existe bel et bien et il faudrait ni le minimiser comme semble le faire le discours apaisant des autorit\u00e9s ni l&rsquo;exag\u00e9rer comme le font quelques confr\u00e8res. Il s&rsquo;agit juste de prendre la pleine mesure de ce qui se passe et anticiper les risques qui nous guettent.<\/p>\n<p>Plusieurs facteurs se sont conjugu\u00e9s pour que nous en arrivions \u00e0 ce drame du Chaambi qui choque, car encore une fois, une op\u00e9ration pr\u00e9ventive, un ratissage cibl\u00e9, fait couler le sang de nos vaillants hommes. Car au Chaambi, si l&rsquo;on en croit les autorit\u00e9s, il ne s&rsquo;agit pas de combats, mais seulement d&rsquo;une traque qui aurait mal tourn\u00e9.<\/p>\n<p>Examinons les facteurs mentionn\u00e9s plus haut :<br \/>\n&#8211; D&rsquo;abord, ces actes de terreur dans lesquels sont impliqu\u00e9s des djihadistes au nom d&rsquo;une foi pervertie ne sont pas une premi\u00e8re. De Bir Ali \u00e0 Rouhia, des fusillades ont \u00e9maill\u00e9 ces derni\u00e8res ann\u00e9es faisant des victimes parmi nos hommes.<br \/>\nPire, depuis d\u00e9cembre2012, la menace se pr\u00e9cise avec des heurts \u00e0 Kasserine et Jendouba, la d\u00e9couverte de plusieurs caches d&rsquo;armes, notamment \u00e0 Medenine et Mnihla, aux portes de Tunis. Ceci est balay\u00e9 du revers de la main par les autorit\u00e9s qui parlent d&rsquo;une cinquantaine d&rsquo;exalt\u00e9s au bord de la rupture de forces. Pourtant, l&rsquo;opinion publique demande d&rsquo;\u00eatre clairement rassur\u00e9e, d&rsquo;autant plus que plusieurs islamistes en vue ont cautionn\u00e9 et minimis\u00e9 cette exaltation qui d\u00e9sormais menace ce qui reste de la stabilit\u00e9 de la Tunisie.<br \/>\nMonsieur Ghannouchi avait-il raison en prof\u00e9rant ses propos de sinistre m\u00e9moire \u00e0 propos des djihadistes? Les strat\u00e8ges d&rsquo;Ennahdha consid\u00e8rent-ils cette menace diffuse comme un atout, une sorte de joker de nature \u00e0 perturber \u00e0 leur profit la transition d\u00e9mocratique? Les faucons islamistes chercheraient-ils, comme le soulignent leurs d\u00e9tracteurs, \u00e0 laisser pourrir la situation?<\/p>\n<p>La TERREUR AUX PORTES DES VILLES<br \/>\nLoin de ces supputations, il est toutefois ais\u00e9 de constater que la peur est bien l\u00e0 et que les Tunisiens craignent d\u00e9sormais une lente et in\u00e9luctable d\u00e9rive.<\/p>\n<p>&#8211; Ensuite, le fait m\u00eame qu&rsquo;une cache d&rsquo;armes ait \u00e9t\u00e9 d\u00e9couverte aux portes de Tunis, \u00e0 Mnihla, induit que des caches similaires pourraient exister sur les marges de nos villes les plus importantes. Et cela n&rsquo;est pas de nature \u00e0 rassurer, surtout lorsque les autorit\u00e9s, par la voix du Premier ministre, r\u00e9pondent par l&rsquo;absurde en \u00e9voquant les attentats de Boston pour souligner que \u00a0\u00bb nul n&rsquo;est \u00e0 l&rsquo;abri\u00a0\u00bb. Souvenez-vous aussi des caches d&rsquo;armes d\u00e9couvertes dans des mosqu\u00e9es dissidentes. Qu&rsquo;en est-il de cette autre r\u00e9alit\u00e9? Qu&rsquo;ont fait les autorit\u00e9s dans ce domaine pr\u00e9cis et quel est le nombre exact de ces mosqu\u00e9es qui, pr\u00e9tendument, \u00e9chappent \u00e0 tout contr\u00f4le. Ceci sans \u00e9voquer les trafics en tous genres auxquels sont confront\u00e9s militaires et gardes nationaux sur nos fronti\u00e8res.<\/p>\n<p>&#8211; Enfin, que dire de la pr\u00e9sence de Al Qaida en Tunisie? Qu&rsquo;en est-il v\u00e9ritablement des cellules dormantes de cette n\u00e9buleuse, car les activistes traqu\u00e9s au Chaambi ne sont, selon toute hypoth\u00e8se, que l&rsquo;une des faces apparentes de l&rsquo;iceberg terroriste? Une question encore : on a beaucoup glos\u00e9 ces derniers temps \u00e0 propos du recrutement dans les mosqu\u00e9es de djihadistes tunisiens pour la Syrie. A-t-on en ce sens \u00e9mis la simple hypoth\u00e8se d&rsquo;\u00e9cole que ces mosqu\u00e9es auraient un lien avec Al Qaida? Et pour quelle raison n n\u2019y a-t-il pas d&rsquo;enqu\u00eate publique sur ce ph\u00e9nom\u00e8ne inqui\u00e9tant? Une commission est n\u00e9cessaire et un rapport pour que l&rsquo;opinion puisse comprendre cette incroyable mue de nos mosqu\u00e9es. On me dira que, comme les autres, si rapport il y a, il sera enterr\u00e9. Cela serait, \u00e0 tout le moins r\u00e9v\u00e9lateur d&rsquo;intol\u00e9rables complicit\u00e9s&#8230;<\/p>\n<p>ACTIVISME ET DIVERSIONS<br \/>\nPour conclure ce billet, je voudrais souligner quelques points qui poussent \u00e0 la r\u00e9flexion. Je vous les livre afin de d\u00e9m\u00ealer ensemble la complexit\u00e9 de la situation que nous vivons et qui chaque jour mutile davantage notre pays et son image.<\/p>\n<p>1- La Tunisie vit \u00e0 l&rsquo;heure de l&rsquo;activisme islamiste. Deux ans apr\u00e8s la r\u00e9volution de janvier 2011, les islamistes au pouvoir sont parvenus avec la complicit\u00e9 de leurs alli\u00e9s dans et en dehors de la Troika \u00e0 rendre diffuse la pr\u00e9sence d&rsquo;un Islam intol\u00e9rant, vindicatif et sanguinaire dans notre pays. Il suffit d&rsquo;entendre quelques pr\u00eaches et \u00e9couter quelques militants pour s&rsquo;en convaincre.<\/p>\n<p>De fait, la traque du Chaambi se passe avec pour toile de fond une mont\u00e9e du salafisme, des tourn\u00e9es de pr\u00e9dicateurs radicaux, des appels au Djihad et un essor de la violence sous toutes ses formes via les fameuses ligues aux redoutables arguments.<\/p>\n<p>2- Cette nouvelle atmosph\u00e8re a eu un effet somme toute attendu. Forte de ces \u00ab\u00a0acquis\u00a0\u00bb, Ennahdha a temp\u00e9r\u00e9 son discours dans plusieurs domaines et m\u00eame effectu\u00e9 quelques rapprochements avec ses adversaires politiques les plus r\u00e9solus. Ceci n&rsquo;est pas vraiment \u00e9tonnant, car si les strat\u00e8ges d&rsquo;Ennahdha le font, c&rsquo;est bien parce que ce parti, malgr\u00e9 les sondages, sait qu&rsquo;il contr\u00f4le l&rsquo;assembl\u00e9e, la rue au sens large et a fortiori l&rsquo;agenda qui m\u00e8nera ou pas aux \u00e9lections que le peuple attend. Ce sont l\u00e0 les cyniques b\u00e9n\u00e9fices de la l\u00e9gitimit\u00e9 engrang\u00e9e le 23 octobre 2012.<\/p>\n<p>3- Il ne manquait plus \u00e0 cette main basse sur la Tunisie qu&rsquo;une dose de terreur. On agite aujourd&rsquo;hui l&rsquo;\u00e9pouvantail Al Qaida, on engage des op\u00e9rations de ratissage, on promet des r\u00e9sultats rapides tout en louvoyant.<\/p>\n<p>TRISTESSE ET PRECARITE<br \/>\nAinsi m\u00eame devant le terrorisme arm\u00e9, on ne parlera pas d&rsquo;\u00e9radication ou d&rsquo;\u00e9limination concr\u00e8te de la menace. Etrange cette mansu\u00e9tude et ce discours l\u00e9nifiant, surtout lorsque des repr\u00e9sentants de l&rsquo;ordre tombent, meurtris dans leur chair par des mines.<\/p>\n<p>Tel est le paysage dans lequel nous vivons. Telles sont les infamies que nous subissons. Tel est le triste sort d&rsquo;une Tunisie tomb\u00e9e dans l&rsquo;escarcelle des islamistes qui se pr\u00e9sentent comme mod\u00e9r\u00e9s, mais laissent se r\u00e9pandre la train\u00e9e de poudre terroriste en r\u00eavant d&rsquo;un nouveau totalitarisme.<\/p>\n<p>C&rsquo;est vrai, la peur a chang\u00e9 de camp. Et ceux qui hier subissaient les foudres de la dictature tout en jouissant pour certains d&rsquo;exils dor\u00e9s se vengent aujourd&rsquo;hui en d\u00e9truisant le pays de leurs anc\u00eatres. Et si Ben Ali et les Trabelsi ont mis la Tunisie en coupe r\u00e9gl\u00e9e, c&rsquo;est au tour aujourd&rsquo;hui des islamistes de pratiquer n\u00e9potisme, terre br\u00fbl\u00e9e et d\u00e9lire de puissance. Quant au peuple, il s&rsquo;installe de nouveau dans la peur et subit de plein fouet une affolante pr\u00e9carit\u00e9.<\/p>\n","protected":false},"excerpt":{"rendered":"<p>Le billet de Hatem Bourial &#8211; Talibans tunisiens, iceberg terroriste et Troika m\u00e9dus\u00e9e<\/p>\n","protected":false},"author":3229,"featured_media":332896,"comment_status":"open","ping_status":"closed","sticky":false,"template":"","format":"standard","meta":{"footnotes":""},"categories":[2596],"tags":[],"class_list":["post-186857","post","type-post","status-publish","format-standard","has-post-thumbnail","hentry","category-chroniques"],"yoast_head":"<!-- This site is optimized with the Yoast SEO Premium plugin v27.5 (Yoast SEO v27.5) - https:\/\/yoast.com\/product\/yoast-seo-premium-wordpress\/ -->\n<title>Le billet de Hatem Bourial - Talibans tunisiens, iceberg terroriste et Troika m\u00e9dus\u00e9e<\/title>\n<meta name=\"description\" content=\"Le billet de Hatem Bourial - Talibans tunisiens, iceberg terroriste et Troika m\u00e9dus\u00e9e\" \/>\n<link rel=\"canonical\" href=\"https:\/\/www.webdo.tn\/fr\/actualite\/chroniques\/le-billet-de-hatem-bourial-talibans-tunisiens-iceberg-terroriste-et-troika-medusee\/186857\/\" \/>\n<meta property=\"og:locale\" content=\"fr_FR\" \/>\n<meta property=\"og:type\" content=\"article\" \/>\n<meta property=\"og:title\" content=\"Le billet de Hatem Bourial - Talibans tunisiens, iceberg terroriste et Troika m\u00e9dus\u00e9e\" \/>\n<meta property=\"og:description\" content=\"Le billet de Hatem Bourial - Talibans tunisiens, iceberg terroriste et Troika m\u00e9dus\u00e9e\" \/>\n<meta property=\"og:url\" content=\"https:\/\/www.webdo.tn\/fr\/actualite\/chroniques\/le-billet-de-hatem-bourial-talibans-tunisiens-iceberg-terroriste-et-troika-medusee\/186857\/\" \/>\n<meta property=\"og:site_name\" content=\"webdo\" \/>\n<meta property=\"article:publisher\" content=\"https:\/\/www.facebook.com\/webdotn\" \/>\n<meta property=\"article:author\" content=\"https:\/\/www.facebook.com\/hatem.bourial.2025\" \/>\n<meta property=\"article:published_time\" content=\"2013-05-04T19:51:00+00:00\" \/>\n<meta property=\"article:modified_time\" content=\"2025-05-22T13:11:19+00:00\" \/>\n<meta property=\"og:image\" content=\"https:\/\/www.webdo.tn\/fr\/wp-content\/uploads\/2013\/05\/Regueb.jpg\" \/>\n\t<meta property=\"og:image:width\" content=\"300\" \/>\n\t<meta property=\"og:image:height\" content=\"270\" \/>\n\t<meta property=\"og:image:type\" content=\"image\/jpeg\" \/>\n<meta name=\"author\" content=\"Hatem Bourial\" \/>\n<meta name=\"twitter:card\" content=\"summary_large_image\" \/>\n<meta name=\"twitter:creator\" content=\"@webdo_tn\" \/>\n<meta name=\"twitter:site\" content=\"@webdo_tn\" \/>\n<meta name=\"twitter:label1\" content=\"\u00c9crit par\" \/>\n\t<meta name=\"twitter:data1\" content=\"Hatem Bourial\" \/>\n\t<meta name=\"twitter:label2\" content=\"Dur\u00e9e de lecture estim\u00e9e\" \/>\n\t<meta name=\"twitter:data2\" content=\"8 minutes\" \/>\n<script type=\"application\/ld+json\" class=\"yoast-schema-graph\">{\"@context\":\"https:\\\/\\\/schema.org\",\"@graph\":[{\"@type\":\"NewsArticle\",\"@id\":\"https:\\\/\\\/www.webdo.tn\\\/fr\\\/actualite\\\/chroniques\\\/le-billet-de-hatem-bourial-talibans-tunisiens-iceberg-terroriste-et-troika-medusee\\\/186857\\\/#article\",\"isPartOf\":{\"@id\":\"https:\\\/\\\/www.webdo.tn\\\/fr\\\/actualite\\\/chroniques\\\/le-billet-de-hatem-bourial-talibans-tunisiens-iceberg-terroriste-et-troika-medusee\\\/186857\\\/\"},\"author\":{\"name\":\"Hatem Bourial\",\"@id\":\"https:\\\/\\\/www.webdo.tn\\\/fr\\\/#\\\/schema\\\/person\\\/6bc0beba2cd23aec27cb5df85ca2554f\"},\"headline\":\"Le billet de Hatem Bourial &#8211; Talibans tunisiens, iceberg terroriste et Troika m\u00e9dus\u00e9e\",\"datePublished\":\"2013-05-04T19:51:00+00:00\",\"dateModified\":\"2025-05-22T13:11:19+00:00\",\"mainEntityOfPage\":{\"@id\":\"https:\\\/\\\/www.webdo.tn\\\/fr\\\/actualite\\\/chroniques\\\/le-billet-de-hatem-bourial-talibans-tunisiens-iceberg-terroriste-et-troika-medusee\\\/186857\\\/\"},\"wordCount\":1627,\"commentCount\":0,\"publisher\":{\"@id\":\"https:\\\/\\\/www.webdo.tn\\\/fr\\\/#organization\"},\"image\":{\"@id\":\"https:\\\/\\\/www.webdo.tn\\\/fr\\\/actualite\\\/chroniques\\\/le-billet-de-hatem-bourial-talibans-tunisiens-iceberg-terroriste-et-troika-medusee\\\/186857\\\/#primaryimage\"},\"thumbnailUrl\":\"https:\\\/\\\/www.webdo.tn\\\/fr\\\/wp-content\\\/uploads\\\/2013\\\/05\\\/Regueb.jpg\",\"articleSection\":[\"Chroniques\"],\"inLanguage\":\"fr-FR\"},{\"@type\":\"WebPage\",\"@id\":\"https:\\\/\\\/www.webdo.tn\\\/fr\\\/actualite\\\/chroniques\\\/le-billet-de-hatem-bourial-talibans-tunisiens-iceberg-terroriste-et-troika-medusee\\\/186857\\\/\",\"url\":\"https:\\\/\\\/www.webdo.tn\\\/fr\\\/actualite\\\/chroniques\\\/le-billet-de-hatem-bourial-talibans-tunisiens-iceberg-terroriste-et-troika-medusee\\\/186857\\\/\",\"name\":\"Le billet de Hatem Bourial - Talibans tunisiens, iceberg terroriste et Troika m\u00e9dus\u00e9e\",\"isPartOf\":{\"@id\":\"https:\\\/\\\/www.webdo.tn\\\/fr\\\/#website\"},\"primaryImageOfPage\":{\"@id\":\"https:\\\/\\\/www.webdo.tn\\\/fr\\\/actualite\\\/chroniques\\\/le-billet-de-hatem-bourial-talibans-tunisiens-iceberg-terroriste-et-troika-medusee\\\/186857\\\/#primaryimage\"},\"image\":{\"@id\":\"https:\\\/\\\/www.webdo.tn\\\/fr\\\/actualite\\\/chroniques\\\/le-billet-de-hatem-bourial-talibans-tunisiens-iceberg-terroriste-et-troika-medusee\\\/186857\\\/#primaryimage\"},\"thumbnailUrl\":\"https:\\\/\\\/www.webdo.tn\\\/fr\\\/wp-content\\\/uploads\\\/2013\\\/05\\\/Regueb.jpg\",\"datePublished\":\"2013-05-04T19:51:00+00:00\",\"dateModified\":\"2025-05-22T13:11:19+00:00\",\"description\":\"Le billet de Hatem Bourial - Talibans tunisiens, iceberg terroriste et Troika m\u00e9dus\u00e9e\",\"breadcrumb\":{\"@id\":\"https:\\\/\\\/www.webdo.tn\\\/fr\\\/actualite\\\/chroniques\\\/le-billet-de-hatem-bourial-talibans-tunisiens-iceberg-terroriste-et-troika-medusee\\\/186857\\\/#breadcrumb\"},\"inLanguage\":\"fr-FR\",\"potentialAction\":[{\"@type\":\"ReadAction\",\"target\":[\"https:\\\/\\\/www.webdo.tn\\\/fr\\\/actualite\\\/chroniques\\\/le-billet-de-hatem-bourial-talibans-tunisiens-iceberg-terroriste-et-troika-medusee\\\/186857\\\/\"]}]},{\"@type\":\"ImageObject\",\"inLanguage\":\"fr-FR\",\"@id\":\"https:\\\/\\\/www.webdo.tn\\\/fr\\\/actualite\\\/chroniques\\\/le-billet-de-hatem-bourial-talibans-tunisiens-iceberg-terroriste-et-troika-medusee\\\/186857\\\/#primaryimage\",\"url\":\"https:\\\/\\\/www.webdo.tn\\\/fr\\\/wp-content\\\/uploads\\\/2013\\\/05\\\/Regueb.jpg\",\"contentUrl\":\"https:\\\/\\\/www.webdo.tn\\\/fr\\\/wp-content\\\/uploads\\\/2013\\\/05\\\/Regueb.jpg\",\"width\":300,\"height\":270,\"caption\":\"Le billet de Hatem Bourial - Talibans tunisiens, iceberg terroriste et Troika m\u00e9dus\u00e9e\"},{\"@type\":\"BreadcrumbList\",\"@id\":\"https:\\\/\\\/www.webdo.tn\\\/fr\\\/actualite\\\/chroniques\\\/le-billet-de-hatem-bourial-talibans-tunisiens-iceberg-terroriste-et-troika-medusee\\\/186857\\\/#breadcrumb\",\"itemListElement\":[{\"@type\":\"ListItem\",\"position\":1,\"name\":\"Accueil\",\"item\":\"https:\\\/\\\/www.webdo.tn\\\/fr\\\/\"},{\"@type\":\"ListItem\",\"position\":2,\"name\":\"Le billet de Hatem Bourial &#8211; Talibans tunisiens, iceberg terroriste et Troika m\u00e9dus\u00e9e\"}]},{\"@type\":\"WebSite\",\"@id\":\"https:\\\/\\\/www.webdo.tn\\\/fr\\\/#website\",\"url\":\"https:\\\/\\\/www.webdo.tn\\\/fr\\\/\",\"name\":\"webdo\",\"description\":\"Tunisie - News en Tunisie et \u00e0 l&#039;international sur Webdo.tn\",\"publisher\":{\"@id\":\"https:\\\/\\\/www.webdo.tn\\\/fr\\\/#organization\"},\"potentialAction\":[{\"@type\":\"SearchAction\",\"target\":{\"@type\":\"EntryPoint\",\"urlTemplate\":\"https:\\\/\\\/www.webdo.tn\\\/fr\\\/?s={search_term_string}\"},\"query-input\":{\"@type\":\"PropertyValueSpecification\",\"valueRequired\":true,\"valueName\":\"search_term_string\"}}],\"inLanguage\":\"fr-FR\"},{\"@type\":\"Organization\",\"@id\":\"https:\\\/\\\/www.webdo.tn\\\/fr\\\/#organization\",\"name\":\"Webdo\",\"alternateName\":\"Webdo.tn\",\"url\":\"https:\\\/\\\/www.webdo.tn\\\/fr\\\/\",\"logo\":{\"@type\":\"ImageObject\",\"inLanguage\":\"fr-FR\",\"@id\":\"https:\\\/\\\/www.webdo.tn\\\/fr\\\/#\\\/schema\\\/logo\\\/image\\\/\",\"url\":\"https:\\\/\\\/www.webdo.tn\\\/fr\\\/wp-content\\\/uploads\\\/2025\\\/06\\\/Webdo-Tunisie_168377.jpg\",\"contentUrl\":\"https:\\\/\\\/www.webdo.tn\\\/fr\\\/wp-content\\\/uploads\\\/2025\\\/06\\\/Webdo-Tunisie_168377.jpg\",\"width\":301,\"height\":301,\"caption\":\"Webdo\"},\"image\":{\"@id\":\"https:\\\/\\\/www.webdo.tn\\\/fr\\\/#\\\/schema\\\/logo\\\/image\\\/\"},\"sameAs\":[\"https:\\\/\\\/www.facebook.com\\\/webdotn\",\"https:\\\/\\\/x.com\\\/webdo_tn\"],\"description\":\"Webdo est un m\u00e9dia num\u00e9rique tunisien fond\u00e9 en 2010, sp\u00e9cialis\u00e9 dans l\u2019actualit\u00e9 nationale et internationale, l\u2019\u00e9conomie, la soci\u00e9t\u00e9 et les analyses politiques. Le site s\u2019adresse \u00e0 un large public francophone et couvre l\u2019information tunisienne en temps r\u00e9el.\",\"email\":\"redac@webdo.tn\",\"legalName\":\"YNJ SARL\",\"foundingDate\":\"2010-09-06\",\"numberOfEmployees\":{\"@type\":\"QuantitativeValue\",\"minValue\":\"11\",\"maxValue\":\"50\"}},{\"@type\":\"Person\",\"@id\":\"https:\\\/\\\/www.webdo.tn\\\/fr\\\/#\\\/schema\\\/person\\\/6bc0beba2cd23aec27cb5df85ca2554f\",\"name\":\"Hatem Bourial\",\"image\":{\"@type\":\"ImageObject\",\"inLanguage\":\"fr-FR\",\"@id\":\"https:\\\/\\\/www.webdo.tn\\\/fr\\\/wp-content\\\/uploads\\\/2026\\\/04\\\/hatem-bourial_avatar-96x96.jpg\",\"url\":\"https:\\\/\\\/www.webdo.tn\\\/fr\\\/wp-content\\\/uploads\\\/2026\\\/04\\\/hatem-bourial_avatar-96x96.jpg\",\"contentUrl\":\"https:\\\/\\\/www.webdo.tn\\\/fr\\\/wp-content\\\/uploads\\\/2026\\\/04\\\/hatem-bourial_avatar-96x96.jpg\",\"caption\":\"Hatem Bourial\"},\"description\":\"Hatem Bourial est journaliste, \u00e9crivain et chroniqueur tunisien. Actif depuis plusieurs d\u00e9cennies, il s\u2019est impos\u00e9 comme un observateur attentif de la soci\u00e9t\u00e9 tunisienne, m\u00ealant dans ses \u00e9crits m\u00e9moire, culture et analyse du quotidien. Auteur de nombreux ouvrages, il d\u00e9veloppe une \u0153uvre \u00e0 la crois\u00e9e du r\u00e9cit, de la po\u00e9sie et de l\u2019observation sociologique. Parall\u00e8lement \u00e0 ses contributions dans la presse, il intervient r\u00e9guli\u00e8rement \u00e0 la radio et dans des espaces culturels, o\u00f9 il explore les enjeux li\u00e9s au patrimoine, \u00e0 l\u2019identit\u00e9 et aux transformations du monde contemporain. \u00c0 travers ses chroniques, Hatem Bourial propose une lecture sensible et approfondie de l\u2019actualit\u00e9, nourrie par une exp\u00e9rience journalistique et litt\u00e9raire reconnue. \ud83d\udd17 Facebook : https:\\\/\\\/www.facebook.com\\\/hatem.bourial.2025\",\"sameAs\":[\"https:\\\/\\\/www.facebook.com\\\/hatem.bourial.2025\",\"https:\\\/\\\/fr.wikipedia.org\\\/wiki\\\/Fichier:Hatem_Bourial.jpg\"],\"knowsAbout\":[\"Culture & patrimoine tunisien\",\"Chronique soci\u00e9tale\",\"Litt\u00e9rature & m\u00e9moire\",\"Cin\u00e9ma & critique culturelle\",\"Identit\u00e9 & mutations sociales\"],\"knowsLanguage\":[\"Arabe\",\"Fran\u00e7ais\",\"Anglais\",\"Italien\",\"Polonais\"],\"jobTitle\":\"Journaliste, \u00e9crivain et chroniqueur culturel\",\"worksFor\":\"Webdo\",\"url\":\"https:\\\/\\\/www.webdo.tn\\\/fr\\\/actualite\\\/author\\\/hatem-bourial-2\\\/\"}]}<\/script>\n<!-- \/ Yoast SEO Premium plugin. -->","yoast_head_json":{"title":"Le billet de Hatem Bourial - Talibans tunisiens, iceberg terroriste et Troika m\u00e9dus\u00e9e","description":"Le billet de Hatem Bourial - Talibans tunisiens, iceberg terroriste et Troika m\u00e9dus\u00e9e","canonical":"https:\/\/www.webdo.tn\/fr\/actualite\/chroniques\/le-billet-de-hatem-bourial-talibans-tunisiens-iceberg-terroriste-et-troika-medusee\/186857\/","og_locale":"fr_FR","og_type":"article","og_title":"Le billet de Hatem Bourial - Talibans tunisiens, iceberg terroriste et Troika m\u00e9dus\u00e9e","og_description":"Le billet de Hatem Bourial - Talibans tunisiens, iceberg terroriste et Troika m\u00e9dus\u00e9e","og_url":"https:\/\/www.webdo.tn\/fr\/actualite\/chroniques\/le-billet-de-hatem-bourial-talibans-tunisiens-iceberg-terroriste-et-troika-medusee\/186857\/","og_site_name":"webdo","article_publisher":"https:\/\/www.facebook.com\/webdotn","article_author":"https:\/\/www.facebook.com\/hatem.bourial.2025","article_published_time":"2013-05-04T19:51:00+00:00","article_modified_time":"2025-05-22T13:11:19+00:00","og_image":[{"width":300,"height":270,"url":"https:\/\/www.webdo.tn\/fr\/wp-content\/uploads\/2013\/05\/Regueb.jpg","type":"image\/jpeg"}],"author":"Hatem Bourial","twitter_card":"summary_large_image","twitter_creator":"@webdo_tn","twitter_site":"@webdo_tn","twitter_misc":{"\u00c9crit par":"Hatem Bourial","Dur\u00e9e de lecture estim\u00e9e":"8 minutes"},"schema":{"@context":"https:\/\/schema.org","@graph":[{"@type":"NewsArticle","@id":"https:\/\/www.webdo.tn\/fr\/actualite\/chroniques\/le-billet-de-hatem-bourial-talibans-tunisiens-iceberg-terroriste-et-troika-medusee\/186857\/#article","isPartOf":{"@id":"https:\/\/www.webdo.tn\/fr\/actualite\/chroniques\/le-billet-de-hatem-bourial-talibans-tunisiens-iceberg-terroriste-et-troika-medusee\/186857\/"},"author":{"name":"Hatem Bourial","@id":"https:\/\/www.webdo.tn\/fr\/#\/schema\/person\/6bc0beba2cd23aec27cb5df85ca2554f"},"headline":"Le billet de Hatem Bourial &#8211; Talibans tunisiens, iceberg terroriste et Troika m\u00e9dus\u00e9e","datePublished":"2013-05-04T19:51:00+00:00","dateModified":"2025-05-22T13:11:19+00:00","mainEntityOfPage":{"@id":"https:\/\/www.webdo.tn\/fr\/actualite\/chroniques\/le-billet-de-hatem-bourial-talibans-tunisiens-iceberg-terroriste-et-troika-medusee\/186857\/"},"wordCount":1627,"commentCount":0,"publisher":{"@id":"https:\/\/www.webdo.tn\/fr\/#organization"},"image":{"@id":"https:\/\/www.webdo.tn\/fr\/actualite\/chroniques\/le-billet-de-hatem-bourial-talibans-tunisiens-iceberg-terroriste-et-troika-medusee\/186857\/#primaryimage"},"thumbnailUrl":"https:\/\/www.webdo.tn\/fr\/wp-content\/uploads\/2013\/05\/Regueb.jpg","articleSection":["Chroniques"],"inLanguage":"fr-FR"},{"@type":"WebPage","@id":"https:\/\/www.webdo.tn\/fr\/actualite\/chroniques\/le-billet-de-hatem-bourial-talibans-tunisiens-iceberg-terroriste-et-troika-medusee\/186857\/","url":"https:\/\/www.webdo.tn\/fr\/actualite\/chroniques\/le-billet-de-hatem-bourial-talibans-tunisiens-iceberg-terroriste-et-troika-medusee\/186857\/","name":"Le billet de Hatem Bourial - Talibans tunisiens, iceberg terroriste et Troika m\u00e9dus\u00e9e","isPartOf":{"@id":"https:\/\/www.webdo.tn\/fr\/#website"},"primaryImageOfPage":{"@id":"https:\/\/www.webdo.tn\/fr\/actualite\/chroniques\/le-billet-de-hatem-bourial-talibans-tunisiens-iceberg-terroriste-et-troika-medusee\/186857\/#primaryimage"},"image":{"@id":"https:\/\/www.webdo.tn\/fr\/actualite\/chroniques\/le-billet-de-hatem-bourial-talibans-tunisiens-iceberg-terroriste-et-troika-medusee\/186857\/#primaryimage"},"thumbnailUrl":"https:\/\/www.webdo.tn\/fr\/wp-content\/uploads\/2013\/05\/Regueb.jpg","datePublished":"2013-05-04T19:51:00+00:00","dateModified":"2025-05-22T13:11:19+00:00","description":"Le billet de Hatem Bourial - Talibans tunisiens, iceberg terroriste et Troika m\u00e9dus\u00e9e","breadcrumb":{"@id":"https:\/\/www.webdo.tn\/fr\/actualite\/chroniques\/le-billet-de-hatem-bourial-talibans-tunisiens-iceberg-terroriste-et-troika-medusee\/186857\/#breadcrumb"},"inLanguage":"fr-FR","potentialAction":[{"@type":"ReadAction","target":["https:\/\/www.webdo.tn\/fr\/actualite\/chroniques\/le-billet-de-hatem-bourial-talibans-tunisiens-iceberg-terroriste-et-troika-medusee\/186857\/"]}]},{"@type":"ImageObject","inLanguage":"fr-FR","@id":"https:\/\/www.webdo.tn\/fr\/actualite\/chroniques\/le-billet-de-hatem-bourial-talibans-tunisiens-iceberg-terroriste-et-troika-medusee\/186857\/#primaryimage","url":"https:\/\/www.webdo.tn\/fr\/wp-content\/uploads\/2013\/05\/Regueb.jpg","contentUrl":"https:\/\/www.webdo.tn\/fr\/wp-content\/uploads\/2013\/05\/Regueb.jpg","width":300,"height":270,"caption":"Le billet de Hatem Bourial - Talibans tunisiens, iceberg terroriste et Troika m\u00e9dus\u00e9e"},{"@type":"BreadcrumbList","@id":"https:\/\/www.webdo.tn\/fr\/actualite\/chroniques\/le-billet-de-hatem-bourial-talibans-tunisiens-iceberg-terroriste-et-troika-medusee\/186857\/#breadcrumb","itemListElement":[{"@type":"ListItem","position":1,"name":"Accueil","item":"https:\/\/www.webdo.tn\/fr\/"},{"@type":"ListItem","position":2,"name":"Le billet de Hatem Bourial &#8211; Talibans tunisiens, iceberg terroriste et Troika m\u00e9dus\u00e9e"}]},{"@type":"WebSite","@id":"https:\/\/www.webdo.tn\/fr\/#website","url":"https:\/\/www.webdo.tn\/fr\/","name":"webdo","description":"Tunisie - News en Tunisie et \u00e0 l&#039;international sur Webdo.tn","publisher":{"@id":"https:\/\/www.webdo.tn\/fr\/#organization"},"potentialAction":[{"@type":"SearchAction","target":{"@type":"EntryPoint","urlTemplate":"https:\/\/www.webdo.tn\/fr\/?s={search_term_string}"},"query-input":{"@type":"PropertyValueSpecification","valueRequired":true,"valueName":"search_term_string"}}],"inLanguage":"fr-FR"},{"@type":"Organization","@id":"https:\/\/www.webdo.tn\/fr\/#organization","name":"Webdo","alternateName":"Webdo.tn","url":"https:\/\/www.webdo.tn\/fr\/","logo":{"@type":"ImageObject","inLanguage":"fr-FR","@id":"https:\/\/www.webdo.tn\/fr\/#\/schema\/logo\/image\/","url":"https:\/\/www.webdo.tn\/fr\/wp-content\/uploads\/2025\/06\/Webdo-Tunisie_168377.jpg","contentUrl":"https:\/\/www.webdo.tn\/fr\/wp-content\/uploads\/2025\/06\/Webdo-Tunisie_168377.jpg","width":301,"height":301,"caption":"Webdo"},"image":{"@id":"https:\/\/www.webdo.tn\/fr\/#\/schema\/logo\/image\/"},"sameAs":["https:\/\/www.facebook.com\/webdotn","https:\/\/x.com\/webdo_tn"],"description":"Webdo est un m\u00e9dia num\u00e9rique tunisien fond\u00e9 en 2010, sp\u00e9cialis\u00e9 dans l\u2019actualit\u00e9 nationale et internationale, l\u2019\u00e9conomie, la soci\u00e9t\u00e9 et les analyses politiques. Le site s\u2019adresse \u00e0 un large public francophone et couvre l\u2019information tunisienne en temps r\u00e9el.","email":"redac@webdo.tn","legalName":"YNJ SARL","foundingDate":"2010-09-06","numberOfEmployees":{"@type":"QuantitativeValue","minValue":"11","maxValue":"50"}},{"@type":"Person","@id":"https:\/\/www.webdo.tn\/fr\/#\/schema\/person\/6bc0beba2cd23aec27cb5df85ca2554f","name":"Hatem Bourial","image":{"@type":"ImageObject","inLanguage":"fr-FR","@id":"https:\/\/www.webdo.tn\/fr\/wp-content\/uploads\/2026\/04\/hatem-bourial_avatar-96x96.jpg","url":"https:\/\/www.webdo.tn\/fr\/wp-content\/uploads\/2026\/04\/hatem-bourial_avatar-96x96.jpg","contentUrl":"https:\/\/www.webdo.tn\/fr\/wp-content\/uploads\/2026\/04\/hatem-bourial_avatar-96x96.jpg","caption":"Hatem Bourial"},"description":"Hatem Bourial est journaliste, \u00e9crivain et chroniqueur tunisien. Actif depuis plusieurs d\u00e9cennies, il s\u2019est impos\u00e9 comme un observateur attentif de la soci\u00e9t\u00e9 tunisienne, m\u00ealant dans ses \u00e9crits m\u00e9moire, culture et analyse du quotidien. Auteur de nombreux ouvrages, il d\u00e9veloppe une \u0153uvre \u00e0 la crois\u00e9e du r\u00e9cit, de la po\u00e9sie et de l\u2019observation sociologique. Parall\u00e8lement \u00e0 ses contributions dans la presse, il intervient r\u00e9guli\u00e8rement \u00e0 la radio et dans des espaces culturels, o\u00f9 il explore les enjeux li\u00e9s au patrimoine, \u00e0 l\u2019identit\u00e9 et aux transformations du monde contemporain. \u00c0 travers ses chroniques, Hatem Bourial propose une lecture sensible et approfondie de l\u2019actualit\u00e9, nourrie par une exp\u00e9rience journalistique et litt\u00e9raire reconnue. \ud83d\udd17 Facebook : https:\/\/www.facebook.com\/hatem.bourial.2025","sameAs":["https:\/\/www.facebook.com\/hatem.bourial.2025","https:\/\/fr.wikipedia.org\/wiki\/Fichier:Hatem_Bourial.jpg"],"knowsAbout":["Culture & patrimoine tunisien","Chronique soci\u00e9tale","Litt\u00e9rature & m\u00e9moire","Cin\u00e9ma & critique culturelle","Identit\u00e9 & mutations sociales"],"knowsLanguage":["Arabe","Fran\u00e7ais","Anglais","Italien","Polonais"],"jobTitle":"Journaliste, \u00e9crivain et chroniqueur culturel","worksFor":"Webdo","url":"https:\/\/www.webdo.tn\/fr\/actualite\/author\/hatem-bourial-2\/"}]}},"_links":{"self":[{"href":"https:\/\/www.webdo.tn\/fr\/wp-json\/wp\/v2\/posts\/186857","targetHints":{"allow":["GET"]}}],"collection":[{"href":"https:\/\/www.webdo.tn\/fr\/wp-json\/wp\/v2\/posts"}],"about":[{"href":"https:\/\/www.webdo.tn\/fr\/wp-json\/wp\/v2\/types\/post"}],"author":[{"embeddable":true,"href":"https:\/\/www.webdo.tn\/fr\/wp-json\/wp\/v2\/users\/3229"}],"replies":[{"embeddable":true,"href":"https:\/\/www.webdo.tn\/fr\/wp-json\/wp\/v2\/comments?post=186857"}],"version-history":[{"count":0,"href":"https:\/\/www.webdo.tn\/fr\/wp-json\/wp\/v2\/posts\/186857\/revisions"}],"wp:featuredmedia":[{"embeddable":true,"href":"https:\/\/www.webdo.tn\/fr\/wp-json\/wp\/v2\/media\/332896"}],"wp:attachment":[{"href":"https:\/\/www.webdo.tn\/fr\/wp-json\/wp\/v2\/media?parent=186857"}],"wp:term":[{"taxonomy":"category","embeddable":true,"href":"https:\/\/www.webdo.tn\/fr\/wp-json\/wp\/v2\/categories?post=186857"},{"taxonomy":"post_tag","embeddable":true,"href":"https:\/\/www.webdo.tn\/fr\/wp-json\/wp\/v2\/tags?post=186857"}],"curies":[{"name":"wp","href":"https:\/\/api.w.org\/{rel}","templated":true}]}}