{"id":186856,"date":"2013-04-17T15:03:00","date_gmt":"2013-04-17T15:03:00","guid":{"rendered":"https:\/\/www.webdo.tn\/fr\/blog\/le-billet-de-hatem-bourial-pres-de-90-des-tunisiens-sont-mecontents-et-inquiets\/186856\/"},"modified":"2025-06-04T18:45:30","modified_gmt":"2025-06-04T18:45:30","slug":"le-billet-de-hatem-bourial-pres-de-90-des-tunisiens-sont-mecontents-et-inquiets","status":"publish","type":"post","link":"https:\/\/www.webdo.tn\/fr\/actualite\/chroniques\/le-billet-de-hatem-bourial-pres-de-90-des-tunisiens-sont-mecontents-et-inquiets\/186856\/","title":{"rendered":"Le billet de Hatem Bourial &#8211; Pr\u00e8s de 90% des Tunisiens sont m\u00e9contents et inquiets"},"content":{"rendered":"<p>Les chiffres sont g\u00e9n\u00e9ralement aussi t\u00eatus que les faits. C&rsquo;est ainsi que, selon un r\u00e9cent sondage r\u00e9alis\u00e9 par Sygma pour le quotidien \u00ab\u00a0Le Maghreb\u00a0\u00bb, les chiffres publi\u00e9s donnent froid au dos tout en \u00e9tant un reflet plut\u00f4t fid\u00e8le de la situation que nous vivons.<\/p>\n<p>Voyons ces chiffres de plus pr\u00e8s. Selon l&rsquo;institut de sondage, voici ce qui ressort de l&rsquo;enqu\u00eate effectu\u00e9e au mois de mars dernier :<br \/>\n&#8211; 87% des Tunisiens sont m\u00e9contents et inquiets de la situation \u00e9conomique qu&rsquo;ils vivent<br \/>\n&#8211; 80% des Tunisiens sont m\u00e9contents et inquiets de la conduite des affaires dans le pays<br \/>\n&#8211; 69% des Tunisiens redoutent l&rsquo;extr\u00e9misme islamiste<\/p>\n<p>Bien entendu, il ne s&rsquo;agit que d&rsquo;un sondage. Toutefois, les figures sont d&rsquo;autant plus inqui\u00e9tantes qu&rsquo;elles paraissent raisonnables, rationnelles. En effet, elles traduisent bien le malaise ambiant sur fond de d\u00e9litement des valeurs et de fuite en avant d&rsquo;une Troika au pouvoir qui s&rsquo;est enferr\u00e9e dans un d\u00e9ni de r\u00e9alit\u00e9.<\/p>\n<p>N&rsquo;\u00e9ludons pas la question : Faut-il croire ces chiffres ou faut-il les prendre avec les pincettes de toutes les pr\u00e9cautions ? En effet, un sondage n&rsquo;est qu&rsquo;une image \u00e0 un moment donn\u00e9 d&rsquo;une r\u00e9alit\u00e9. De plus, il repose sur un \u00e9chantillon r\u00e9duit, mais repr\u00e9sentatif, de la population. En Tunisie, nous n&rsquo;en sommes pas encore \u00e0 la tyrannie des sondages dans notre vie politique et sociale mais il ne faut pas non plus rejeter cette m\u00e9thode d&rsquo;\u00e9coute de la population.<\/p>\n<p>Certains vont hurler leur col\u00e8re devant des chiffres aussi accablants, d&rsquo;autres vont y trouver une illustration de leurs craintes. Pour notre part, nous ne pouvons que les commenter (superficiellement, il est vrai). Que disent donc ces chiffres ?<\/p>\n<p>Ils nous disent simplement le ras-le-bol des Tunisiens devant l&rsquo;incurie qui r\u00e8gne. Ils nous disent aussi le rejet global de l&rsquo;amateurisme narcissique de nos gouvernants et de leur opposition qui peine encore \u00e0 aborder les questions de fond. Ils nous disent enfin qu&rsquo;une vaste majorit\u00e9 de Tunisiens rejette la politique de l&rsquo;autruche de gouvernants qui pr\u00e9f\u00e8rent ne pas regarder la v\u00e9rit\u00e9 en face et multiplient ad nauseam diversions et \u00e9crans de fum\u00e9e.<\/p>\n<p>En deux mots, je crois que les r\u00e9sultats de ce sondage ressemblent \u00e0 un \u00ab\u00a0il y en a assez de votre incomp\u00e9tence, de vos mensonges et de vos vestes \u00e0 faces multiples\u00a0\u00bb. Ainsi, une solution \u00e0 la crise \u00e9conomique, plus de s\u00e9rieux dans la gestion des affaires et une mise au pas des extr\u00e9mistes deviennent \u00e0 rebours les trois priorit\u00e9s des Tunisiens.<\/p>\n<p>Ce qui me permet de conclure que devant la d\u00e9t\u00e9rioration tous azimuts de la situation, plus personne ne se soucie du ch\u00f4mage des jeunes ou des d\u00e9s\u00e9quilibres r\u00e9gionaux. Et pourtant, ce sont ces deux \u00e9l\u00e9ments conjugu\u00e9s qui ont men\u00e9 \u00e0 la r\u00e9volte un peuple d\u00e9sesp\u00e9r\u00e9.<\/p>\n<p>Que sont donc devenus les objectifs de la r\u00e9volution ? Dissous dans la violence des ligues islamistes qui pr\u00e9tendent les prot\u00e9ger alors qu&rsquo;elles ne font qu&rsquo;instaurer la terreur propice au maintien au pouvoir de leurs champions contre la volont\u00e9 du peuple, s&rsquo;il le fallait.<br \/>\nUn terrible p\u00e9ril guette la Tunisie. Les r\u00e9sultats de ce sondage l&rsquo;expriment de mani\u00e8re feutr\u00e9e. Reste \u00e0 savoir si les politiciens sauront \u00e9couter la voix du peuple, celle de la raison&#8230;<\/p>\n<p>&#8212;&#8212;&#8212;&#8212;&#8212;&#8212;&#8212;&#8211;<\/p>\n<p>Post-scriptum : un voyage en Europe puis des soucis de sant\u00e9 sont \u00e0 l&rsquo;origine de l&rsquo;absence de cette rubrique durant les deux derniers mois. Je reprends donc le fil interrompu et ne peux que constater qu&rsquo;en deux mois, les choses se sont davantage compliqu\u00e9es alors que la Tunisie attend toujours une sortie de l&rsquo;impasse.<\/p>\n","protected":false},"excerpt":{"rendered":"<p>Le billet de Hatem Bourial &#8211; Pr\u00e8s de 90% des Tunisiens sont m\u00e9contents et inquiets<\/p>\n","protected":false},"author":3229,"featured_media":374216,"comment_status":"open","ping_status":"closed","sticky":false,"template":"","format":"standard","meta":{"footnotes":""},"categories":[2596],"tags":[],"class_list":["post-186856","post","type-post","status-publish","format-standard","has-post-thumbnail","hentry","category-chroniques"],"yoast_head":"<!-- This site is optimized with the Yoast SEO Premium plugin v27.5 (Yoast SEO v27.5) - https:\/\/yoast.com\/product\/yoast-seo-premium-wordpress\/ -->\n<title>Le billet de Hatem Bourial - Pr\u00e8s de 90% des Tunisiens sont m\u00e9contents et inquiets<\/title>\n<meta name=\"description\" content=\"Le billet de Hatem Bourial - Pr\u00e8s de 90% des Tunisiens sont m\u00e9contents et inquiets\" \/>\n<link rel=\"canonical\" href=\"https:\/\/www.webdo.tn\/fr\/actualite\/blog\/le-billet-de-hatem-bourial-pres-de-90-des-tunisiens-sont-mecontents-et-inquiets\/186856\/\" \/>\n<meta property=\"og:locale\" content=\"fr_FR\" \/>\n<meta property=\"og:type\" content=\"article\" \/>\n<meta property=\"og:title\" content=\"Le billet de Hatem Bourial - Pr\u00e8s de 90% des Tunisiens sont m\u00e9contents et inquiets\" \/>\n<meta property=\"og:description\" content=\"Le billet de Hatem Bourial - Pr\u00e8s de 90% des Tunisiens sont m\u00e9contents et inquiets\" \/>\n<meta property=\"og:url\" content=\"https:\/\/www.webdo.tn\/fr\/actualite\/blog\/le-billet-de-hatem-bourial-pres-de-90-des-tunisiens-sont-mecontents-et-inquiets\/186856\/\" \/>\n<meta property=\"og:site_name\" content=\"webdo\" \/>\n<meta property=\"article:publisher\" content=\"https:\/\/www.facebook.com\/webdotn\" \/>\n<meta property=\"article:author\" content=\"https:\/\/www.facebook.com\/hatem.bourial.2025\" \/>\n<meta property=\"article:published_time\" content=\"2013-04-17T15:03:00+00:00\" \/>\n<meta property=\"article:modified_time\" content=\"2025-06-04T18:45:30+00:00\" \/>\n<meta name=\"author\" content=\"Hatem Bourial\" \/>\n<meta name=\"twitter:card\" content=\"summary_large_image\" \/>\n<meta name=\"twitter:creator\" content=\"@webdo_tn\" \/>\n<meta name=\"twitter:site\" content=\"@webdo_tn\" \/>\n<meta name=\"twitter:label1\" content=\"\u00c9crit par\" \/>\n\t<meta name=\"twitter:data1\" content=\"Hatem Bourial\" \/>\n\t<meta name=\"twitter:label2\" content=\"Dur\u00e9e de lecture estim\u00e9e\" \/>\n\t<meta name=\"twitter:data2\" content=\"3 minutes\" \/>\n<script type=\"application\/ld+json\" class=\"yoast-schema-graph\">{\"@context\":\"https:\\\/\\\/schema.org\",\"@graph\":[{\"@type\":\"NewsArticle\",\"@id\":\"https:\\\/\\\/www.webdo.tn\\\/fr\\\/actualite\\\/blog\\\/le-billet-de-hatem-bourial-pres-de-90-des-tunisiens-sont-mecontents-et-inquiets\\\/186856\\\/#article\",\"isPartOf\":{\"@id\":\"https:\\\/\\\/www.webdo.tn\\\/fr\\\/actualite\\\/blog\\\/le-billet-de-hatem-bourial-pres-de-90-des-tunisiens-sont-mecontents-et-inquiets\\\/186856\\\/\"},\"author\":{\"name\":\"Hatem Bourial\",\"@id\":\"https:\\\/\\\/www.webdo.tn\\\/fr\\\/#\\\/schema\\\/person\\\/6bc0beba2cd23aec27cb5df85ca2554f\"},\"headline\":\"Le billet de Hatem Bourial &#8211; Pr\u00e8s de 90% des Tunisiens sont m\u00e9contents et inquiets\",\"datePublished\":\"2013-04-17T15:03:00+00:00\",\"dateModified\":\"2025-06-04T18:45:30+00:00\",\"mainEntityOfPage\":{\"@id\":\"https:\\\/\\\/www.webdo.tn\\\/fr\\\/actualite\\\/blog\\\/le-billet-de-hatem-bourial-pres-de-90-des-tunisiens-sont-mecontents-et-inquiets\\\/186856\\\/\"},\"wordCount\":661,\"commentCount\":0,\"publisher\":{\"@id\":\"https:\\\/\\\/www.webdo.tn\\\/fr\\\/#organization\"},\"image\":{\"@id\":\"https:\\\/\\\/www.webdo.tn\\\/fr\\\/actualite\\\/blog\\\/le-billet-de-hatem-bourial-pres-de-90-des-tunisiens-sont-mecontents-et-inquiets\\\/186856\\\/#primaryimage\"},\"thumbnailUrl\":\"https:\\\/\\\/www.webdo.tn\\\/fr\\\/wp-content\\\/uploads\\\/2025\\\/06\\\/Tunisie-inquietude-photo-lexpress.fr__186856.jpg\",\"articleSection\":[\"Chroniques\"],\"inLanguage\":\"fr-FR\"},{\"@type\":\"WebPage\",\"@id\":\"https:\\\/\\\/www.webdo.tn\\\/fr\\\/actualite\\\/blog\\\/le-billet-de-hatem-bourial-pres-de-90-des-tunisiens-sont-mecontents-et-inquiets\\\/186856\\\/\",\"url\":\"https:\\\/\\\/www.webdo.tn\\\/fr\\\/actualite\\\/blog\\\/le-billet-de-hatem-bourial-pres-de-90-des-tunisiens-sont-mecontents-et-inquiets\\\/186856\\\/\",\"name\":\"Le billet de Hatem Bourial - Pr\u00e8s de 90% des Tunisiens sont m\u00e9contents et inquiets\",\"isPartOf\":{\"@id\":\"https:\\\/\\\/www.webdo.tn\\\/fr\\\/#website\"},\"primaryImageOfPage\":{\"@id\":\"https:\\\/\\\/www.webdo.tn\\\/fr\\\/actualite\\\/blog\\\/le-billet-de-hatem-bourial-pres-de-90-des-tunisiens-sont-mecontents-et-inquiets\\\/186856\\\/#primaryimage\"},\"image\":{\"@id\":\"https:\\\/\\\/www.webdo.tn\\\/fr\\\/actualite\\\/blog\\\/le-billet-de-hatem-bourial-pres-de-90-des-tunisiens-sont-mecontents-et-inquiets\\\/186856\\\/#primaryimage\"},\"thumbnailUrl\":\"https:\\\/\\\/www.webdo.tn\\\/fr\\\/wp-content\\\/uploads\\\/2025\\\/06\\\/Tunisie-inquietude-photo-lexpress.fr__186856.jpg\",\"datePublished\":\"2013-04-17T15:03:00+00:00\",\"dateModified\":\"2025-06-04T18:45:30+00:00\",\"description\":\"Le billet de Hatem Bourial - Pr\u00e8s de 90% des Tunisiens sont m\u00e9contents et inquiets\",\"breadcrumb\":{\"@id\":\"https:\\\/\\\/www.webdo.tn\\\/fr\\\/actualite\\\/blog\\\/le-billet-de-hatem-bourial-pres-de-90-des-tunisiens-sont-mecontents-et-inquiets\\\/186856\\\/#breadcrumb\"},\"inLanguage\":\"fr-FR\",\"potentialAction\":[{\"@type\":\"ReadAction\",\"target\":[\"https:\\\/\\\/www.webdo.tn\\\/fr\\\/actualite\\\/blog\\\/le-billet-de-hatem-bourial-pres-de-90-des-tunisiens-sont-mecontents-et-inquiets\\\/186856\\\/\"]}]},{\"@type\":\"ImageObject\",\"inLanguage\":\"fr-FR\",\"@id\":\"https:\\\/\\\/www.webdo.tn\\\/fr\\\/actualite\\\/blog\\\/le-billet-de-hatem-bourial-pres-de-90-des-tunisiens-sont-mecontents-et-inquiets\\\/186856\\\/#primaryimage\",\"url\":\"https:\\\/\\\/www.webdo.tn\\\/fr\\\/wp-content\\\/uploads\\\/2025\\\/06\\\/Tunisie-inquietude-photo-lexpress.fr__186856.jpg\",\"contentUrl\":\"https:\\\/\\\/www.webdo.tn\\\/fr\\\/wp-content\\\/uploads\\\/2025\\\/06\\\/Tunisie-inquietude-photo-lexpress.fr__186856.jpg\",\"width\":605,\"height\":417,\"caption\":\"Le billet de Hatem Bourial - Pr\u00e8s de 90% des Tunisiens sont m\u00e9contents et inquiets\"},{\"@type\":\"BreadcrumbList\",\"@id\":\"https:\\\/\\\/www.webdo.tn\\\/fr\\\/actualite\\\/blog\\\/le-billet-de-hatem-bourial-pres-de-90-des-tunisiens-sont-mecontents-et-inquiets\\\/186856\\\/#breadcrumb\",\"itemListElement\":[{\"@type\":\"ListItem\",\"position\":1,\"name\":\"Accueil\",\"item\":\"https:\\\/\\\/www.webdo.tn\\\/fr\\\/\"},{\"@type\":\"ListItem\",\"position\":2,\"name\":\"Le billet de Hatem Bourial &#8211; Pr\u00e8s de 90% des Tunisiens sont m\u00e9contents et inquiets\"}]},{\"@type\":\"WebSite\",\"@id\":\"https:\\\/\\\/www.webdo.tn\\\/fr\\\/#website\",\"url\":\"https:\\\/\\\/www.webdo.tn\\\/fr\\\/\",\"name\":\"webdo\",\"description\":\"Tunisie - News en Tunisie et \u00e0 l&#039;international sur Webdo.tn\",\"publisher\":{\"@id\":\"https:\\\/\\\/www.webdo.tn\\\/fr\\\/#organization\"},\"potentialAction\":[{\"@type\":\"SearchAction\",\"target\":{\"@type\":\"EntryPoint\",\"urlTemplate\":\"https:\\\/\\\/www.webdo.tn\\\/fr\\\/?s={search_term_string}\"},\"query-input\":{\"@type\":\"PropertyValueSpecification\",\"valueRequired\":true,\"valueName\":\"search_term_string\"}}],\"inLanguage\":\"fr-FR\"},{\"@type\":\"Organization\",\"@id\":\"https:\\\/\\\/www.webdo.tn\\\/fr\\\/#organization\",\"name\":\"Webdo\",\"alternateName\":\"Webdo.tn\",\"url\":\"https:\\\/\\\/www.webdo.tn\\\/fr\\\/\",\"logo\":{\"@type\":\"ImageObject\",\"inLanguage\":\"fr-FR\",\"@id\":\"https:\\\/\\\/www.webdo.tn\\\/fr\\\/#\\\/schema\\\/logo\\\/image\\\/\",\"url\":\"https:\\\/\\\/www.webdo.tn\\\/fr\\\/wp-content\\\/uploads\\\/2025\\\/06\\\/Webdo-Tunisie_168377.jpg\",\"contentUrl\":\"https:\\\/\\\/www.webdo.tn\\\/fr\\\/wp-content\\\/uploads\\\/2025\\\/06\\\/Webdo-Tunisie_168377.jpg\",\"width\":301,\"height\":301,\"caption\":\"Webdo\"},\"image\":{\"@id\":\"https:\\\/\\\/www.webdo.tn\\\/fr\\\/#\\\/schema\\\/logo\\\/image\\\/\"},\"sameAs\":[\"https:\\\/\\\/www.facebook.com\\\/webdotn\",\"https:\\\/\\\/x.com\\\/webdo_tn\"],\"description\":\"Webdo est un m\u00e9dia num\u00e9rique tunisien fond\u00e9 en 2010, sp\u00e9cialis\u00e9 dans l\u2019actualit\u00e9 nationale et internationale, l\u2019\u00e9conomie, la soci\u00e9t\u00e9 et les analyses politiques. Le site s\u2019adresse \u00e0 un large public francophone et couvre l\u2019information tunisienne en temps r\u00e9el.\",\"email\":\"redac@webdo.tn\",\"legalName\":\"YNJ SARL\",\"foundingDate\":\"2010-09-06\",\"numberOfEmployees\":{\"@type\":\"QuantitativeValue\",\"minValue\":\"11\",\"maxValue\":\"50\"}},{\"@type\":\"Person\",\"@id\":\"https:\\\/\\\/www.webdo.tn\\\/fr\\\/#\\\/schema\\\/person\\\/6bc0beba2cd23aec27cb5df85ca2554f\",\"name\":\"Hatem Bourial\",\"image\":{\"@type\":\"ImageObject\",\"inLanguage\":\"fr-FR\",\"@id\":\"https:\\\/\\\/www.webdo.tn\\\/fr\\\/wp-content\\\/uploads\\\/2026\\\/04\\\/hatem-bourial_avatar-96x96.jpg\",\"url\":\"https:\\\/\\\/www.webdo.tn\\\/fr\\\/wp-content\\\/uploads\\\/2026\\\/04\\\/hatem-bourial_avatar-96x96.jpg\",\"contentUrl\":\"https:\\\/\\\/www.webdo.tn\\\/fr\\\/wp-content\\\/uploads\\\/2026\\\/04\\\/hatem-bourial_avatar-96x96.jpg\",\"caption\":\"Hatem Bourial\"},\"description\":\"Hatem Bourial est journaliste, \u00e9crivain et chroniqueur tunisien. Actif depuis plusieurs d\u00e9cennies, il s\u2019est impos\u00e9 comme un observateur attentif de la soci\u00e9t\u00e9 tunisienne, m\u00ealant dans ses \u00e9crits m\u00e9moire, culture et analyse du quotidien. Auteur de nombreux ouvrages, il d\u00e9veloppe une \u0153uvre \u00e0 la crois\u00e9e du r\u00e9cit, de la po\u00e9sie et de l\u2019observation sociologique. Parall\u00e8lement \u00e0 ses contributions dans la presse, il intervient r\u00e9guli\u00e8rement \u00e0 la radio et dans des espaces culturels, o\u00f9 il explore les enjeux li\u00e9s au patrimoine, \u00e0 l\u2019identit\u00e9 et aux transformations du monde contemporain. \u00c0 travers ses chroniques, Hatem Bourial propose une lecture sensible et approfondie de l\u2019actualit\u00e9, nourrie par une exp\u00e9rience journalistique et litt\u00e9raire reconnue. \ud83d\udd17 Facebook : https:\\\/\\\/www.facebook.com\\\/hatem.bourial.2025\",\"sameAs\":[\"https:\\\/\\\/www.facebook.com\\\/hatem.bourial.2025\",\"https:\\\/\\\/fr.wikipedia.org\\\/wiki\\\/Fichier:Hatem_Bourial.jpg\"],\"knowsAbout\":[\"Culture & patrimoine tunisien\",\"Chronique soci\u00e9tale\",\"Litt\u00e9rature & m\u00e9moire\",\"Cin\u00e9ma & critique culturelle\",\"Identit\u00e9 & mutations sociales\"],\"knowsLanguage\":[\"Arabe\",\"Fran\u00e7ais\",\"Anglais\",\"Italien\",\"Polonais\"],\"jobTitle\":\"Journaliste, \u00e9crivain et chroniqueur culturel\",\"worksFor\":\"Webdo\",\"url\":\"https:\\\/\\\/www.webdo.tn\\\/fr\\\/actualite\\\/author\\\/hatem-bourial-2\\\/\"}]}<\/script>\n<!-- \/ Yoast SEO Premium plugin. -->","yoast_head_json":{"title":"Le billet de Hatem Bourial - Pr\u00e8s de 90% des Tunisiens sont m\u00e9contents et inquiets","description":"Le billet de Hatem Bourial - Pr\u00e8s de 90% des Tunisiens sont m\u00e9contents et inquiets","canonical":"https:\/\/www.webdo.tn\/fr\/actualite\/blog\/le-billet-de-hatem-bourial-pres-de-90-des-tunisiens-sont-mecontents-et-inquiets\/186856\/","og_locale":"fr_FR","og_type":"article","og_title":"Le billet de Hatem Bourial - Pr\u00e8s de 90% des Tunisiens sont m\u00e9contents et inquiets","og_description":"Le billet de Hatem Bourial - Pr\u00e8s de 90% des Tunisiens sont m\u00e9contents et inquiets","og_url":"https:\/\/www.webdo.tn\/fr\/actualite\/blog\/le-billet-de-hatem-bourial-pres-de-90-des-tunisiens-sont-mecontents-et-inquiets\/186856\/","og_site_name":"webdo","article_publisher":"https:\/\/www.facebook.com\/webdotn","article_author":"https:\/\/www.facebook.com\/hatem.bourial.2025","article_published_time":"2013-04-17T15:03:00+00:00","article_modified_time":"2025-06-04T18:45:30+00:00","author":"Hatem Bourial","twitter_card":"summary_large_image","twitter_creator":"@webdo_tn","twitter_site":"@webdo_tn","twitter_misc":{"\u00c9crit par":"Hatem Bourial","Dur\u00e9e de lecture estim\u00e9e":"3 minutes"},"schema":{"@context":"https:\/\/schema.org","@graph":[{"@type":"NewsArticle","@id":"https:\/\/www.webdo.tn\/fr\/actualite\/blog\/le-billet-de-hatem-bourial-pres-de-90-des-tunisiens-sont-mecontents-et-inquiets\/186856\/#article","isPartOf":{"@id":"https:\/\/www.webdo.tn\/fr\/actualite\/blog\/le-billet-de-hatem-bourial-pres-de-90-des-tunisiens-sont-mecontents-et-inquiets\/186856\/"},"author":{"name":"Hatem Bourial","@id":"https:\/\/www.webdo.tn\/fr\/#\/schema\/person\/6bc0beba2cd23aec27cb5df85ca2554f"},"headline":"Le billet de Hatem Bourial &#8211; Pr\u00e8s de 90% des Tunisiens sont m\u00e9contents et inquiets","datePublished":"2013-04-17T15:03:00+00:00","dateModified":"2025-06-04T18:45:30+00:00","mainEntityOfPage":{"@id":"https:\/\/www.webdo.tn\/fr\/actualite\/blog\/le-billet-de-hatem-bourial-pres-de-90-des-tunisiens-sont-mecontents-et-inquiets\/186856\/"},"wordCount":661,"commentCount":0,"publisher":{"@id":"https:\/\/www.webdo.tn\/fr\/#organization"},"image":{"@id":"https:\/\/www.webdo.tn\/fr\/actualite\/blog\/le-billet-de-hatem-bourial-pres-de-90-des-tunisiens-sont-mecontents-et-inquiets\/186856\/#primaryimage"},"thumbnailUrl":"https:\/\/www.webdo.tn\/fr\/wp-content\/uploads\/2025\/06\/Tunisie-inquietude-photo-lexpress.fr__186856.jpg","articleSection":["Chroniques"],"inLanguage":"fr-FR"},{"@type":"WebPage","@id":"https:\/\/www.webdo.tn\/fr\/actualite\/blog\/le-billet-de-hatem-bourial-pres-de-90-des-tunisiens-sont-mecontents-et-inquiets\/186856\/","url":"https:\/\/www.webdo.tn\/fr\/actualite\/blog\/le-billet-de-hatem-bourial-pres-de-90-des-tunisiens-sont-mecontents-et-inquiets\/186856\/","name":"Le billet de Hatem Bourial - Pr\u00e8s de 90% des Tunisiens sont m\u00e9contents et inquiets","isPartOf":{"@id":"https:\/\/www.webdo.tn\/fr\/#website"},"primaryImageOfPage":{"@id":"https:\/\/www.webdo.tn\/fr\/actualite\/blog\/le-billet-de-hatem-bourial-pres-de-90-des-tunisiens-sont-mecontents-et-inquiets\/186856\/#primaryimage"},"image":{"@id":"https:\/\/www.webdo.tn\/fr\/actualite\/blog\/le-billet-de-hatem-bourial-pres-de-90-des-tunisiens-sont-mecontents-et-inquiets\/186856\/#primaryimage"},"thumbnailUrl":"https:\/\/www.webdo.tn\/fr\/wp-content\/uploads\/2025\/06\/Tunisie-inquietude-photo-lexpress.fr__186856.jpg","datePublished":"2013-04-17T15:03:00+00:00","dateModified":"2025-06-04T18:45:30+00:00","description":"Le billet de Hatem Bourial - Pr\u00e8s de 90% des Tunisiens sont m\u00e9contents et inquiets","breadcrumb":{"@id":"https:\/\/www.webdo.tn\/fr\/actualite\/blog\/le-billet-de-hatem-bourial-pres-de-90-des-tunisiens-sont-mecontents-et-inquiets\/186856\/#breadcrumb"},"inLanguage":"fr-FR","potentialAction":[{"@type":"ReadAction","target":["https:\/\/www.webdo.tn\/fr\/actualite\/blog\/le-billet-de-hatem-bourial-pres-de-90-des-tunisiens-sont-mecontents-et-inquiets\/186856\/"]}]},{"@type":"ImageObject","inLanguage":"fr-FR","@id":"https:\/\/www.webdo.tn\/fr\/actualite\/blog\/le-billet-de-hatem-bourial-pres-de-90-des-tunisiens-sont-mecontents-et-inquiets\/186856\/#primaryimage","url":"https:\/\/www.webdo.tn\/fr\/wp-content\/uploads\/2025\/06\/Tunisie-inquietude-photo-lexpress.fr__186856.jpg","contentUrl":"https:\/\/www.webdo.tn\/fr\/wp-content\/uploads\/2025\/06\/Tunisie-inquietude-photo-lexpress.fr__186856.jpg","width":605,"height":417,"caption":"Le billet de Hatem Bourial - Pr\u00e8s de 90% des Tunisiens sont m\u00e9contents et inquiets"},{"@type":"BreadcrumbList","@id":"https:\/\/www.webdo.tn\/fr\/actualite\/blog\/le-billet-de-hatem-bourial-pres-de-90-des-tunisiens-sont-mecontents-et-inquiets\/186856\/#breadcrumb","itemListElement":[{"@type":"ListItem","position":1,"name":"Accueil","item":"https:\/\/www.webdo.tn\/fr\/"},{"@type":"ListItem","position":2,"name":"Le billet de Hatem Bourial &#8211; Pr\u00e8s de 90% des Tunisiens sont m\u00e9contents et inquiets"}]},{"@type":"WebSite","@id":"https:\/\/www.webdo.tn\/fr\/#website","url":"https:\/\/www.webdo.tn\/fr\/","name":"webdo","description":"Tunisie - News en Tunisie et \u00e0 l&#039;international sur Webdo.tn","publisher":{"@id":"https:\/\/www.webdo.tn\/fr\/#organization"},"potentialAction":[{"@type":"SearchAction","target":{"@type":"EntryPoint","urlTemplate":"https:\/\/www.webdo.tn\/fr\/?s={search_term_string}"},"query-input":{"@type":"PropertyValueSpecification","valueRequired":true,"valueName":"search_term_string"}}],"inLanguage":"fr-FR"},{"@type":"Organization","@id":"https:\/\/www.webdo.tn\/fr\/#organization","name":"Webdo","alternateName":"Webdo.tn","url":"https:\/\/www.webdo.tn\/fr\/","logo":{"@type":"ImageObject","inLanguage":"fr-FR","@id":"https:\/\/www.webdo.tn\/fr\/#\/schema\/logo\/image\/","url":"https:\/\/www.webdo.tn\/fr\/wp-content\/uploads\/2025\/06\/Webdo-Tunisie_168377.jpg","contentUrl":"https:\/\/www.webdo.tn\/fr\/wp-content\/uploads\/2025\/06\/Webdo-Tunisie_168377.jpg","width":301,"height":301,"caption":"Webdo"},"image":{"@id":"https:\/\/www.webdo.tn\/fr\/#\/schema\/logo\/image\/"},"sameAs":["https:\/\/www.facebook.com\/webdotn","https:\/\/x.com\/webdo_tn"],"description":"Webdo est un m\u00e9dia num\u00e9rique tunisien fond\u00e9 en 2010, sp\u00e9cialis\u00e9 dans l\u2019actualit\u00e9 nationale et internationale, l\u2019\u00e9conomie, la soci\u00e9t\u00e9 et les analyses politiques. Le site s\u2019adresse \u00e0 un large public francophone et couvre l\u2019information tunisienne en temps r\u00e9el.","email":"redac@webdo.tn","legalName":"YNJ SARL","foundingDate":"2010-09-06","numberOfEmployees":{"@type":"QuantitativeValue","minValue":"11","maxValue":"50"}},{"@type":"Person","@id":"https:\/\/www.webdo.tn\/fr\/#\/schema\/person\/6bc0beba2cd23aec27cb5df85ca2554f","name":"Hatem Bourial","image":{"@type":"ImageObject","inLanguage":"fr-FR","@id":"https:\/\/www.webdo.tn\/fr\/wp-content\/uploads\/2026\/04\/hatem-bourial_avatar-96x96.jpg","url":"https:\/\/www.webdo.tn\/fr\/wp-content\/uploads\/2026\/04\/hatem-bourial_avatar-96x96.jpg","contentUrl":"https:\/\/www.webdo.tn\/fr\/wp-content\/uploads\/2026\/04\/hatem-bourial_avatar-96x96.jpg","caption":"Hatem Bourial"},"description":"Hatem Bourial est journaliste, \u00e9crivain et chroniqueur tunisien. Actif depuis plusieurs d\u00e9cennies, il s\u2019est impos\u00e9 comme un observateur attentif de la soci\u00e9t\u00e9 tunisienne, m\u00ealant dans ses \u00e9crits m\u00e9moire, culture et analyse du quotidien. Auteur de nombreux ouvrages, il d\u00e9veloppe une \u0153uvre \u00e0 la crois\u00e9e du r\u00e9cit, de la po\u00e9sie et de l\u2019observation sociologique. Parall\u00e8lement \u00e0 ses contributions dans la presse, il intervient r\u00e9guli\u00e8rement \u00e0 la radio et dans des espaces culturels, o\u00f9 il explore les enjeux li\u00e9s au patrimoine, \u00e0 l\u2019identit\u00e9 et aux transformations du monde contemporain. \u00c0 travers ses chroniques, Hatem Bourial propose une lecture sensible et approfondie de l\u2019actualit\u00e9, nourrie par une exp\u00e9rience journalistique et litt\u00e9raire reconnue. \ud83d\udd17 Facebook : https:\/\/www.facebook.com\/hatem.bourial.2025","sameAs":["https:\/\/www.facebook.com\/hatem.bourial.2025","https:\/\/fr.wikipedia.org\/wiki\/Fichier:Hatem_Bourial.jpg"],"knowsAbout":["Culture & patrimoine tunisien","Chronique soci\u00e9tale","Litt\u00e9rature & m\u00e9moire","Cin\u00e9ma & critique culturelle","Identit\u00e9 & mutations sociales"],"knowsLanguage":["Arabe","Fran\u00e7ais","Anglais","Italien","Polonais"],"jobTitle":"Journaliste, \u00e9crivain et chroniqueur culturel","worksFor":"Webdo","url":"https:\/\/www.webdo.tn\/fr\/actualite\/author\/hatem-bourial-2\/"}]}},"_links":{"self":[{"href":"https:\/\/www.webdo.tn\/fr\/wp-json\/wp\/v2\/posts\/186856","targetHints":{"allow":["GET"]}}],"collection":[{"href":"https:\/\/www.webdo.tn\/fr\/wp-json\/wp\/v2\/posts"}],"about":[{"href":"https:\/\/www.webdo.tn\/fr\/wp-json\/wp\/v2\/types\/post"}],"author":[{"embeddable":true,"href":"https:\/\/www.webdo.tn\/fr\/wp-json\/wp\/v2\/users\/3229"}],"replies":[{"embeddable":true,"href":"https:\/\/www.webdo.tn\/fr\/wp-json\/wp\/v2\/comments?post=186856"}],"version-history":[{"count":0,"href":"https:\/\/www.webdo.tn\/fr\/wp-json\/wp\/v2\/posts\/186856\/revisions"}],"wp:featuredmedia":[{"embeddable":true,"href":"https:\/\/www.webdo.tn\/fr\/wp-json\/wp\/v2\/media\/374216"}],"wp:attachment":[{"href":"https:\/\/www.webdo.tn\/fr\/wp-json\/wp\/v2\/media?parent=186856"}],"wp:term":[{"taxonomy":"category","embeddable":true,"href":"https:\/\/www.webdo.tn\/fr\/wp-json\/wp\/v2\/categories?post=186856"},{"taxonomy":"post_tag","embeddable":true,"href":"https:\/\/www.webdo.tn\/fr\/wp-json\/wp\/v2\/tags?post=186856"}],"curies":[{"name":"wp","href":"https:\/\/api.w.org\/{rel}","templated":true}]}}