{"id":186855,"date":"2013-02-15T13:04:00","date_gmt":"2013-02-15T13:04:00","guid":{"rendered":"https:\/\/www.webdo.tn\/fr\/blog\/le-billet-de-hatem-bourial-je-reve-de-bruler-le-drapeau-du-qatar\/186855\/"},"modified":"2025-06-04T18:47:30","modified_gmt":"2025-06-04T18:47:30","slug":"le-billet-de-hatem-bourial-je-reve-de-bruler-le-drapeau-du-qatar","status":"publish","type":"post","link":"https:\/\/www.webdo.tn\/fr\/actualite\/chroniques\/le-billet-de-hatem-bourial-je-reve-de-bruler-le-drapeau-du-qatar\/186855\/","title":{"rendered":"Le billet de Hatem Bourial &#8211; Je r\u00eave de br\u00fbler le drapeau du Qatar"},"content":{"rendered":"<p>Tout le monde semble pris par la fr\u00e9n\u00e9sie de br\u00fbler des drapeaux. Vais-je, moi aussi, finir par succomber \u00e0 cette mode barbare et me mettre \u00e0 incin\u00e9rer des pavillons sur la place publique, avec force hurlements, gesticulations et impr\u00e9cations ?<br \/>\nJe ne m y attendais pas mais un ami dou\u00e9 de toute sa raison vient de formuler le v\u0153u de br\u00fbler le drapeau qatari et m\u2019en fait part. Cela m\u2019a surpris de sa part car je le savais moins brutal. Mais que voulez vous, les temps sont durs et les gens les plus calmes sont \u00e0 bout de nerfs.<\/p>\n<p>C\u2019est vrai, moi aussi, par temps de spleen, je pourrais r\u00eaver de br\u00fbler des drapeaux : celui par exemple du Qatar pourrait effectivement former une \u00e9chappatoire \u00e0 mes frustrations et ressentiments\u2026<br \/>\nMais jamais, au grand jamais, je ne commettrais pareil geste qui insulte le symbole national d\u2019un pays \u00e9tranger, un pays ami de surcro\u00eet m\u00eame si son attitude \u00e0 notre \u00e9gard ne fait pas l\u2019unanimit\u00e9.<\/p>\n<p>Quelque soit le contentieux qui peut m\u2019opposer \u00e0 ce minuscule Etat du Golfe, je ne vois pas ce qui pourrait me pousser \u00e0 br\u00fbler sa banni\u00e8re, son \u00e9tendard qui se doit d\u2019\u00eatre sacr\u00e9 pour son peuple.<br \/>\nDe plus, pareil geste serait marqu\u00e9 du sceau de l\u2019absurdit\u00e9 la plus vive et de la b\u00eatise la plus d\u00e9sesp\u00e9rante.<br \/>\nNon, je ne me vois absolument pas \u00e9ructant, hurlant et fulminant devant une ambassade \u00e9trang\u00e8re tout en br\u00fblant le pavillon d\u2019une nation. Ce genre d\u2019acte me semble aussi relever d\u2019une sorte de \u00abpens\u00e9e\u00bb magique qui m\u2019est totalement \u00e9trang\u00e8re.<\/p>\n<p>Qu\u2019est-ce qui peut pousser une personne \u00e0 se livrer \u00e0 pareille profanation ? Pourquoi br\u00fble-t-on des drapeaux ? Et, pourquoi aussi les t\u00e9l\u00e9visions sont-elles friandes de pareils autodaf\u00e9s qu\u2019elles banalisent en les diffusant tout en ne les condamnant jamais. Pourtant, nous sommes en l\u2019esp\u00e8ce, devant un cas d\u2019\u00e9cole o\u00f9 l\u2019intol\u00e9rable le dispute \u00e0 l\u2019apologie du crime et l\u2019incitation \u00e0 la haine.\u00a0<\/p>\n<p>Au fond de moi-m\u00eame d\u2019ailleurs, je ne r\u00eave nullement de br\u00fbler des drapeaux, martyriser des photos \u00e0 coups de babouches ou encore m\u2019en prendre \u00e0 des symboles qui ne m\u2019appartiennent pas et ont une signification affective pour ceux dont ils soulignent l\u2019appartenance morale.<br \/>\nDes fois, je me demande ce que je ressentirais si l\u2019on br\u00fblait devant moi un drapeau tunisien. Sans nul doute, cela me r\u00e9volterait, m\u2019ulc\u00e9rerait et me r\u00e9vulserait \u00e0 la fois.<\/p>\n<p>Les fanatiques islamistes ont souvent profan\u00e9 le drapeau tunisien depuis qu\u2019ils ont instaur\u00e9 leur terreur. Mais \u00e0 chaque fois, tout le pays &#8211; sauf leurs complices &#8211; a r\u00e9agi d\u2019une seule voix. Dans le m\u00eame esprit, que peut ressentir un Fran\u00e7ais ou un Am\u00e9ricain lorsqu\u2019on br\u00fble le drapeau de son pays.<\/p>\n<p>M\u00eame lorsqu\u2019on ne veut pas marcher au pas, le drapeau reste un symbole sacr\u00e9. C\u2019est pour cela que les cercueils des martyrs sont recouverts d\u2019un drapeau. C\u2019est pour cela aussi qu\u2019on salue le drapeau. Parfois, la fid\u00e9lit\u00e9 aux couleurs du pays va plus loin. Ainsi l\u2019exemple de ce Maltais d\u2019origine, n\u00e9 en Tunisie comme ses anc\u00eatres et qui \u00e9migra en Australie. Il avait gard\u00e9 jusqu&rsquo;\u00e0 sa mort un drapeau tunisien et demand\u00e9 qu\u2019on en recouvre son cercueil lors de ses fun\u00e9railles. L\u2019histoire est parfaitement authentique.<\/p>\n<p>Pourquoi alors irais-je insulter la dignit\u00e9 des qataris en br\u00fblant leur drapeau ? Non pas qu\u2019ils ne m\u2019aient rien fait d\u2019ailleurs. Mais pareille pyromanie est aussi ridicule que certaines lois du talion. Et elle ne m\u00e8ne \u00e0 rien sinon \u00e0 nourrir des instincts barbares qui dorment et donner du grain \u00e0 moudre \u00e0 la haine.<\/p>\n<p>J\u2019en veux au Qatar, comme beaucoup de compatriotes, mais au lieu de br\u00fbler le drapeau de cet \u00e9mirat et prendre une posture aberrante et vindicative, je vais exprimer mon reproche en deux mots. De toute fa\u00e7on, je ne suis ni une foule en col\u00e8re ni un inquisiteur friand d\u2019incendies rituels ni un supp\u00f4t de Satan et des enfers ni m\u00eame un quelconque bilieux.<\/p>\n<p>Et puis, je me vois mal me rendant au souk de la rue du Pacha pour y commander une banni\u00e8re qatari pour le simple plaisir de la br\u00fbler en public devant l\u2019ambassade de ce pays. Il faut bien reconnaitre toutefois que certains partis gaspillent l\u2019argent des militants en achetant des stocks entiers de drapeaux \u00e0 br\u00fbler. Enfin, si les militants le veulent bien\u2026 Tout cela rel\u00e8ve de la psychanalyse ou tout simplement de l\u2019asile.<\/p>\n<p>Qatar pr\u00e9tendrait donc mettre son protectorat sur la Tunisie. Grand bien lui en fera car les Tunisiens sont des gens impossibles qui se feront un devoir de d\u00e9pouiller les riches \u00e9mirs puis aller voir ailleurs. Qatar exp\u00e9rimenterait en Tunisie une colonisation soft avec des moyens modernes qui ne n\u00e9cessitent ni peuplement ni invasion guerri\u00e8re. Rien que du virtuel et aussi du sonnant et tr\u00e9buchant !<\/p>\n<p>Avec une t\u00e9l\u00e9vision qui biaise le r\u00e9el et soutient mordicus les agents du petit \u00e9mirat contre leurs peuples tout en leur donnant une aur\u00e9ole de saints, les fr\u00e8res du Qatar ont partiellement r\u00e9ussi leur coup.<br \/>\nAvec des fonds en p\u00e9trodollars \u00e0 gogo, ils peuvent aussi arroser large et ne se privent pas de le faire. En plus, ils ont bel et bien une cause : r\u00e9pandre la version wahabite de l\u2019Islam gr\u00e2ce \u00e0 des nomenklaturas locales qui roulent pour eux.<\/p>\n<p>J\u2019ai d\u2019autres griefs encore mais \u00e0 quoi bon exhaler ces ranc\u0153urs. Et puis tout cela ne me poussera jamais \u00e0 des profanations de drapeaux. Quant \u00e0 ceux qui le font avec rage et les yeux brillant de haine dans le reflet des flammes, libre \u00e0 eux d\u2019\u00eatre passibles des tribunaux et d\u2019\u00eatre la honte de leur pays. M\u00eame si comme beaucoup de criminels, ils auront les honneurs de la t\u00e9l\u00e9. Pas Al Jazeera en tous cas si d\u2019aventure, ils incendieraient un drapeau du Qatar. Sur cette chaine tendancieuse, on ne br\u00fble que les pavillons am\u00e9ricains, isra\u00e9liens et d\u00e9sormais fran\u00e7ais. Car Al Jazeera fait dans les indignations s\u00e9lectives et cultive un racisme aussi primaire qu\u2019abject.\u00a0<\/p>\n<p>Enfin, ne nous \u00e9chauffons pas l\u2019esprit avec ces Tartuffes de la libert\u00e9 d\u2019informer.<br \/>\nA propos de drapeaux br\u00fbl\u00e9s, laissez-moi terminer en vous racontant l\u2019histoire du \u00abD\u00e9gageur\u00bb d\u00e9gag\u00e9. Un quidam s\u2019est r\u00e9cemment illustr\u00e9 devant l\u2019ambassade fran\u00e7aise \u00e0 Tunis en br\u00fblant avec ses petits camarades barbus un drapeau bleu blanc rouge. Quelques semaines plus tard, il s\u2019est pr\u00e9sent\u00e9 \u00e0 la m\u00eame ambassade pour un visa. Dommage pour lui, il avait \u00e9t\u00e9 film\u00e9 et fich\u00e9 alors qu\u2019il se livrait \u00e0 son autodaf\u00e9. Il ne fut pas arr\u00eat\u00e9 mais pour le visa, il en fut pour ses frais. L\u2019ambassade a m\u00eame pouss\u00e9 le cynisme en encaissant des frais de dossier. Le pauvre! Tel est grill\u00e9 celui qui croyait br\u00fbler. Cette histoire, n\u2019en croyez pas un mot. C\u2019est une l\u00e9gende urbaine et je viens de l\u2019inventer.<\/p>\n<p>Non, pas question de br\u00fbler des drapeaux. Ni celui du Qatar ni celui d\u2019une autre nation et si je r\u00eave \u00e0 quelque chose, c\u2019est plut\u00f4t \u00e0 un sursaut des patriotes tunisiens pour lever cette imposture qui fait qu\u2019un petit et riche \u00e9mirat pr\u00e9tend r\u00e9genter un pays de haute civilisation : un pays tol\u00e9rant mais jaloux de son ind\u00e9pendance, un pays modeste et fid\u00e8le qui sait reconnaitre ses v\u00e9ritables amis, un pays dont l\u2019\u00e9conomie est li\u00e9e aux voisins europ\u00e9ens et qui ne devrait pas se risquer \u00e0 se jeter dans les bras de la d\u00e9pendance \u00e0 quelque grand ou petit fr\u00e8re que ce soit. Surtout lorsque ceux qui pr\u00f4nent ces alliances qui insultent la g\u00e9ographie, n\u2019h\u00e9sitent pas \u00e0 se livrer \u00e0 des courbettes et des baisemains pour honorer Sa Majest\u00e9. Vous me direz que ce faisant, au moins, ils ne br\u00fblent pas de drapeaux\u2026<\/p>\n<p>Non, amis lecteurs, je ne r\u00eave pas de br\u00fbler le drapeau qatari. Par contre, j\u2019ai bel et bien fait un cauchemar. Dans ce r\u00eave horrible, le Qatar faisait banqueroute \u00e0 cause d\u2019un incroyable krach financier doubl\u00e9 d\u2019un \u00e9puisement de ses ressources naturelles. Le minuscule \u00e9mirat jadis influent se retrouvait sur la paille. Sans le sou\u2026 Comme un bidon vide avec un drapeau dessus\u2026<\/p>\n","protected":false},"excerpt":{"rendered":"<p>Le billet de Hatem Bourial &#8211; Je r\u00eave de br\u00fbler le drapeau du Qatar<\/p>\n","protected":false},"author":3229,"featured_media":374239,"comment_status":"open","ping_status":"closed","sticky":false,"template":"","format":"standard","meta":{"footnotes":""},"categories":[2596],"tags":[],"class_list":["post-186855","post","type-post","status-publish","format-standard","has-post-thumbnail","hentry","category-chroniques"],"yoast_head":"<!-- This site is optimized with the Yoast SEO Premium plugin v27.5 (Yoast SEO v27.5) - https:\/\/yoast.com\/product\/yoast-seo-premium-wordpress\/ -->\n<title>Le billet de Hatem Bourial - Je r\u00eave de br\u00fbler le drapeau du Qatar<\/title>\n<meta name=\"description\" content=\"Le billet de Hatem Bourial - Je r\u00eave de br\u00fbler le drapeau du Qatar\" \/>\n<link rel=\"canonical\" href=\"https:\/\/www.webdo.tn\/fr\/actualite\/chroniques\/le-billet-de-hatem-bourial-je-reve-de-bruler-le-drapeau-du-qatar\/186855\/\" \/>\n<meta property=\"og:locale\" content=\"fr_FR\" \/>\n<meta property=\"og:type\" content=\"article\" \/>\n<meta property=\"og:title\" content=\"Le billet de Hatem Bourial - Je r\u00eave de br\u00fbler le drapeau du Qatar\" \/>\n<meta property=\"og:description\" content=\"Le billet de Hatem Bourial - Je r\u00eave de br\u00fbler le drapeau du Qatar\" \/>\n<meta property=\"og:url\" content=\"https:\/\/www.webdo.tn\/fr\/actualite\/chroniques\/le-billet-de-hatem-bourial-je-reve-de-bruler-le-drapeau-du-qatar\/186855\/\" \/>\n<meta property=\"og:site_name\" content=\"webdo\" \/>\n<meta property=\"article:publisher\" content=\"https:\/\/www.facebook.com\/webdotn\" \/>\n<meta property=\"article:author\" content=\"https:\/\/www.facebook.com\/hatem.bourial.2025\" \/>\n<meta property=\"article:published_time\" content=\"2013-02-15T13:04:00+00:00\" \/>\n<meta property=\"article:modified_time\" content=\"2025-06-04T18:47:30+00:00\" \/>\n<meta name=\"author\" content=\"Hatem Bourial\" \/>\n<meta name=\"twitter:card\" content=\"summary_large_image\" \/>\n<meta name=\"twitter:creator\" content=\"@webdo_tn\" \/>\n<meta name=\"twitter:site\" content=\"@webdo_tn\" \/>\n<meta name=\"twitter:label1\" content=\"\u00c9crit par\" \/>\n\t<meta name=\"twitter:data1\" content=\"Hatem Bourial\" \/>\n\t<meta name=\"twitter:label2\" content=\"Dur\u00e9e de lecture estim\u00e9e\" \/>\n\t<meta name=\"twitter:data2\" content=\"7 minutes\" \/>\n<script type=\"application\/ld+json\" class=\"yoast-schema-graph\">{\"@context\":\"https:\\\/\\\/schema.org\",\"@graph\":[{\"@type\":\"NewsArticle\",\"@id\":\"https:\\\/\\\/www.webdo.tn\\\/fr\\\/actualite\\\/chroniques\\\/le-billet-de-hatem-bourial-je-reve-de-bruler-le-drapeau-du-qatar\\\/186855\\\/#article\",\"isPartOf\":{\"@id\":\"https:\\\/\\\/www.webdo.tn\\\/fr\\\/actualite\\\/chroniques\\\/le-billet-de-hatem-bourial-je-reve-de-bruler-le-drapeau-du-qatar\\\/186855\\\/\"},\"author\":{\"name\":\"Hatem Bourial\",\"@id\":\"https:\\\/\\\/www.webdo.tn\\\/fr\\\/#\\\/schema\\\/person\\\/6bc0beba2cd23aec27cb5df85ca2554f\"},\"headline\":\"Le billet de Hatem Bourial &#8211; Je r\u00eave de br\u00fbler le drapeau du Qatar\",\"datePublished\":\"2013-02-15T13:04:00+00:00\",\"dateModified\":\"2025-06-04T18:47:30+00:00\",\"mainEntityOfPage\":{\"@id\":\"https:\\\/\\\/www.webdo.tn\\\/fr\\\/actualite\\\/chroniques\\\/le-billet-de-hatem-bourial-je-reve-de-bruler-le-drapeau-du-qatar\\\/186855\\\/\"},\"wordCount\":1469,\"commentCount\":0,\"publisher\":{\"@id\":\"https:\\\/\\\/www.webdo.tn\\\/fr\\\/#organization\"},\"image\":{\"@id\":\"https:\\\/\\\/www.webdo.tn\\\/fr\\\/actualite\\\/chroniques\\\/le-billet-de-hatem-bourial-je-reve-de-bruler-le-drapeau-du-qatar\\\/186855\\\/#primaryimage\"},\"thumbnailUrl\":\"https:\\\/\\\/www.webdo.tn\\\/fr\\\/wp-content\\\/uploads\\\/2025\\\/06\\\/Tunis-14-janvier-2013-le-drapeau-francais-brule-devant-lambassade-de-France-photo-David-Thomson1_186855.jpg\",\"articleSection\":[\"Chroniques\"],\"inLanguage\":\"fr-FR\"},{\"@type\":\"WebPage\",\"@id\":\"https:\\\/\\\/www.webdo.tn\\\/fr\\\/actualite\\\/chroniques\\\/le-billet-de-hatem-bourial-je-reve-de-bruler-le-drapeau-du-qatar\\\/186855\\\/\",\"url\":\"https:\\\/\\\/www.webdo.tn\\\/fr\\\/actualite\\\/chroniques\\\/le-billet-de-hatem-bourial-je-reve-de-bruler-le-drapeau-du-qatar\\\/186855\\\/\",\"name\":\"Le billet de Hatem Bourial - Je r\u00eave de br\u00fbler le drapeau du Qatar\",\"isPartOf\":{\"@id\":\"https:\\\/\\\/www.webdo.tn\\\/fr\\\/#website\"},\"primaryImageOfPage\":{\"@id\":\"https:\\\/\\\/www.webdo.tn\\\/fr\\\/actualite\\\/chroniques\\\/le-billet-de-hatem-bourial-je-reve-de-bruler-le-drapeau-du-qatar\\\/186855\\\/#primaryimage\"},\"image\":{\"@id\":\"https:\\\/\\\/www.webdo.tn\\\/fr\\\/actualite\\\/chroniques\\\/le-billet-de-hatem-bourial-je-reve-de-bruler-le-drapeau-du-qatar\\\/186855\\\/#primaryimage\"},\"thumbnailUrl\":\"https:\\\/\\\/www.webdo.tn\\\/fr\\\/wp-content\\\/uploads\\\/2025\\\/06\\\/Tunis-14-janvier-2013-le-drapeau-francais-brule-devant-lambassade-de-France-photo-David-Thomson1_186855.jpg\",\"datePublished\":\"2013-02-15T13:04:00+00:00\",\"dateModified\":\"2025-06-04T18:47:30+00:00\",\"description\":\"Le billet de Hatem Bourial - Je r\u00eave de br\u00fbler le drapeau du Qatar\",\"breadcrumb\":{\"@id\":\"https:\\\/\\\/www.webdo.tn\\\/fr\\\/actualite\\\/chroniques\\\/le-billet-de-hatem-bourial-je-reve-de-bruler-le-drapeau-du-qatar\\\/186855\\\/#breadcrumb\"},\"inLanguage\":\"fr-FR\",\"potentialAction\":[{\"@type\":\"ReadAction\",\"target\":[\"https:\\\/\\\/www.webdo.tn\\\/fr\\\/actualite\\\/chroniques\\\/le-billet-de-hatem-bourial-je-reve-de-bruler-le-drapeau-du-qatar\\\/186855\\\/\"]}]},{\"@type\":\"ImageObject\",\"inLanguage\":\"fr-FR\",\"@id\":\"https:\\\/\\\/www.webdo.tn\\\/fr\\\/actualite\\\/chroniques\\\/le-billet-de-hatem-bourial-je-reve-de-bruler-le-drapeau-du-qatar\\\/186855\\\/#primaryimage\",\"url\":\"https:\\\/\\\/www.webdo.tn\\\/fr\\\/wp-content\\\/uploads\\\/2025\\\/06\\\/Tunis-14-janvier-2013-le-drapeau-francais-brule-devant-lambassade-de-France-photo-David-Thomson1_186855.jpg\",\"contentUrl\":\"https:\\\/\\\/www.webdo.tn\\\/fr\\\/wp-content\\\/uploads\\\/2025\\\/06\\\/Tunis-14-janvier-2013-le-drapeau-francais-brule-devant-lambassade-de-France-photo-David-Thomson1_186855.jpg\",\"width\":345,\"height\":272,\"caption\":\"Le billet de Hatem Bourial - Je r\u00eave de br\u00fbler le drapeau du Qatar\"},{\"@type\":\"BreadcrumbList\",\"@id\":\"https:\\\/\\\/www.webdo.tn\\\/fr\\\/actualite\\\/chroniques\\\/le-billet-de-hatem-bourial-je-reve-de-bruler-le-drapeau-du-qatar\\\/186855\\\/#breadcrumb\",\"itemListElement\":[{\"@type\":\"ListItem\",\"position\":1,\"name\":\"Accueil\",\"item\":\"https:\\\/\\\/www.webdo.tn\\\/fr\\\/\"},{\"@type\":\"ListItem\",\"position\":2,\"name\":\"Le billet de Hatem Bourial &#8211; Je r\u00eave de br\u00fbler le drapeau du Qatar\"}]},{\"@type\":\"WebSite\",\"@id\":\"https:\\\/\\\/www.webdo.tn\\\/fr\\\/#website\",\"url\":\"https:\\\/\\\/www.webdo.tn\\\/fr\\\/\",\"name\":\"webdo\",\"description\":\"Tunisie - News en Tunisie et \u00e0 l&#039;international sur Webdo.tn\",\"publisher\":{\"@id\":\"https:\\\/\\\/www.webdo.tn\\\/fr\\\/#organization\"},\"potentialAction\":[{\"@type\":\"SearchAction\",\"target\":{\"@type\":\"EntryPoint\",\"urlTemplate\":\"https:\\\/\\\/www.webdo.tn\\\/fr\\\/?s={search_term_string}\"},\"query-input\":{\"@type\":\"PropertyValueSpecification\",\"valueRequired\":true,\"valueName\":\"search_term_string\"}}],\"inLanguage\":\"fr-FR\"},{\"@type\":\"Organization\",\"@id\":\"https:\\\/\\\/www.webdo.tn\\\/fr\\\/#organization\",\"name\":\"Webdo\",\"alternateName\":\"Webdo.tn\",\"url\":\"https:\\\/\\\/www.webdo.tn\\\/fr\\\/\",\"logo\":{\"@type\":\"ImageObject\",\"inLanguage\":\"fr-FR\",\"@id\":\"https:\\\/\\\/www.webdo.tn\\\/fr\\\/#\\\/schema\\\/logo\\\/image\\\/\",\"url\":\"https:\\\/\\\/www.webdo.tn\\\/fr\\\/wp-content\\\/uploads\\\/2025\\\/06\\\/Webdo-Tunisie_168377.jpg\",\"contentUrl\":\"https:\\\/\\\/www.webdo.tn\\\/fr\\\/wp-content\\\/uploads\\\/2025\\\/06\\\/Webdo-Tunisie_168377.jpg\",\"width\":301,\"height\":301,\"caption\":\"Webdo\"},\"image\":{\"@id\":\"https:\\\/\\\/www.webdo.tn\\\/fr\\\/#\\\/schema\\\/logo\\\/image\\\/\"},\"sameAs\":[\"https:\\\/\\\/www.facebook.com\\\/webdotn\",\"https:\\\/\\\/x.com\\\/webdo_tn\"],\"description\":\"Webdo est un m\u00e9dia num\u00e9rique tunisien fond\u00e9 en 2010, sp\u00e9cialis\u00e9 dans l\u2019actualit\u00e9 nationale et internationale, l\u2019\u00e9conomie, la soci\u00e9t\u00e9 et les analyses politiques. Le site s\u2019adresse \u00e0 un large public francophone et couvre l\u2019information tunisienne en temps r\u00e9el.\",\"email\":\"redac@webdo.tn\",\"legalName\":\"YNJ SARL\",\"foundingDate\":\"2010-09-06\",\"numberOfEmployees\":{\"@type\":\"QuantitativeValue\",\"minValue\":\"11\",\"maxValue\":\"50\"}},{\"@type\":\"Person\",\"@id\":\"https:\\\/\\\/www.webdo.tn\\\/fr\\\/#\\\/schema\\\/person\\\/6bc0beba2cd23aec27cb5df85ca2554f\",\"name\":\"Hatem Bourial\",\"image\":{\"@type\":\"ImageObject\",\"inLanguage\":\"fr-FR\",\"@id\":\"https:\\\/\\\/www.webdo.tn\\\/fr\\\/wp-content\\\/uploads\\\/2026\\\/04\\\/hatem-bourial_avatar-96x96.jpg\",\"url\":\"https:\\\/\\\/www.webdo.tn\\\/fr\\\/wp-content\\\/uploads\\\/2026\\\/04\\\/hatem-bourial_avatar-96x96.jpg\",\"contentUrl\":\"https:\\\/\\\/www.webdo.tn\\\/fr\\\/wp-content\\\/uploads\\\/2026\\\/04\\\/hatem-bourial_avatar-96x96.jpg\",\"caption\":\"Hatem Bourial\"},\"description\":\"Hatem Bourial est journaliste, \u00e9crivain et chroniqueur tunisien. Actif depuis plusieurs d\u00e9cennies, il s\u2019est impos\u00e9 comme un observateur attentif de la soci\u00e9t\u00e9 tunisienne, m\u00ealant dans ses \u00e9crits m\u00e9moire, culture et analyse du quotidien. Auteur de nombreux ouvrages, il d\u00e9veloppe une \u0153uvre \u00e0 la crois\u00e9e du r\u00e9cit, de la po\u00e9sie et de l\u2019observation sociologique. Parall\u00e8lement \u00e0 ses contributions dans la presse, il intervient r\u00e9guli\u00e8rement \u00e0 la radio et dans des espaces culturels, o\u00f9 il explore les enjeux li\u00e9s au patrimoine, \u00e0 l\u2019identit\u00e9 et aux transformations du monde contemporain. \u00c0 travers ses chroniques, Hatem Bourial propose une lecture sensible et approfondie de l\u2019actualit\u00e9, nourrie par une exp\u00e9rience journalistique et litt\u00e9raire reconnue. \ud83d\udd17 Facebook : https:\\\/\\\/www.facebook.com\\\/hatem.bourial.2025\",\"sameAs\":[\"https:\\\/\\\/www.facebook.com\\\/hatem.bourial.2025\",\"https:\\\/\\\/fr.wikipedia.org\\\/wiki\\\/Fichier:Hatem_Bourial.jpg\"],\"knowsAbout\":[\"Culture & patrimoine tunisien\",\"Chronique soci\u00e9tale\",\"Litt\u00e9rature & m\u00e9moire\",\"Cin\u00e9ma & critique culturelle\",\"Identit\u00e9 & mutations sociales\"],\"knowsLanguage\":[\"Arabe\",\"Fran\u00e7ais\",\"Anglais\",\"Italien\",\"Polonais\"],\"jobTitle\":\"Journaliste, \u00e9crivain et chroniqueur culturel\",\"worksFor\":\"Webdo\",\"url\":\"https:\\\/\\\/www.webdo.tn\\\/fr\\\/actualite\\\/author\\\/hatem-bourial-2\\\/\"}]}<\/script>\n<!-- \/ Yoast SEO Premium plugin. -->","yoast_head_json":{"title":"Le billet de Hatem Bourial - Je r\u00eave de br\u00fbler le drapeau du Qatar","description":"Le billet de Hatem Bourial - Je r\u00eave de br\u00fbler le drapeau du Qatar","canonical":"https:\/\/www.webdo.tn\/fr\/actualite\/chroniques\/le-billet-de-hatem-bourial-je-reve-de-bruler-le-drapeau-du-qatar\/186855\/","og_locale":"fr_FR","og_type":"article","og_title":"Le billet de Hatem Bourial - Je r\u00eave de br\u00fbler le drapeau du Qatar","og_description":"Le billet de Hatem Bourial - Je r\u00eave de br\u00fbler le drapeau du Qatar","og_url":"https:\/\/www.webdo.tn\/fr\/actualite\/chroniques\/le-billet-de-hatem-bourial-je-reve-de-bruler-le-drapeau-du-qatar\/186855\/","og_site_name":"webdo","article_publisher":"https:\/\/www.facebook.com\/webdotn","article_author":"https:\/\/www.facebook.com\/hatem.bourial.2025","article_published_time":"2013-02-15T13:04:00+00:00","article_modified_time":"2025-06-04T18:47:30+00:00","author":"Hatem Bourial","twitter_card":"summary_large_image","twitter_creator":"@webdo_tn","twitter_site":"@webdo_tn","twitter_misc":{"\u00c9crit par":"Hatem Bourial","Dur\u00e9e de lecture estim\u00e9e":"7 minutes"},"schema":{"@context":"https:\/\/schema.org","@graph":[{"@type":"NewsArticle","@id":"https:\/\/www.webdo.tn\/fr\/actualite\/chroniques\/le-billet-de-hatem-bourial-je-reve-de-bruler-le-drapeau-du-qatar\/186855\/#article","isPartOf":{"@id":"https:\/\/www.webdo.tn\/fr\/actualite\/chroniques\/le-billet-de-hatem-bourial-je-reve-de-bruler-le-drapeau-du-qatar\/186855\/"},"author":{"name":"Hatem Bourial","@id":"https:\/\/www.webdo.tn\/fr\/#\/schema\/person\/6bc0beba2cd23aec27cb5df85ca2554f"},"headline":"Le billet de Hatem Bourial &#8211; Je r\u00eave de br\u00fbler le drapeau du Qatar","datePublished":"2013-02-15T13:04:00+00:00","dateModified":"2025-06-04T18:47:30+00:00","mainEntityOfPage":{"@id":"https:\/\/www.webdo.tn\/fr\/actualite\/chroniques\/le-billet-de-hatem-bourial-je-reve-de-bruler-le-drapeau-du-qatar\/186855\/"},"wordCount":1469,"commentCount":0,"publisher":{"@id":"https:\/\/www.webdo.tn\/fr\/#organization"},"image":{"@id":"https:\/\/www.webdo.tn\/fr\/actualite\/chroniques\/le-billet-de-hatem-bourial-je-reve-de-bruler-le-drapeau-du-qatar\/186855\/#primaryimage"},"thumbnailUrl":"https:\/\/www.webdo.tn\/fr\/wp-content\/uploads\/2025\/06\/Tunis-14-janvier-2013-le-drapeau-francais-brule-devant-lambassade-de-France-photo-David-Thomson1_186855.jpg","articleSection":["Chroniques"],"inLanguage":"fr-FR"},{"@type":"WebPage","@id":"https:\/\/www.webdo.tn\/fr\/actualite\/chroniques\/le-billet-de-hatem-bourial-je-reve-de-bruler-le-drapeau-du-qatar\/186855\/","url":"https:\/\/www.webdo.tn\/fr\/actualite\/chroniques\/le-billet-de-hatem-bourial-je-reve-de-bruler-le-drapeau-du-qatar\/186855\/","name":"Le billet de Hatem Bourial - Je r\u00eave de br\u00fbler le drapeau du Qatar","isPartOf":{"@id":"https:\/\/www.webdo.tn\/fr\/#website"},"primaryImageOfPage":{"@id":"https:\/\/www.webdo.tn\/fr\/actualite\/chroniques\/le-billet-de-hatem-bourial-je-reve-de-bruler-le-drapeau-du-qatar\/186855\/#primaryimage"},"image":{"@id":"https:\/\/www.webdo.tn\/fr\/actualite\/chroniques\/le-billet-de-hatem-bourial-je-reve-de-bruler-le-drapeau-du-qatar\/186855\/#primaryimage"},"thumbnailUrl":"https:\/\/www.webdo.tn\/fr\/wp-content\/uploads\/2025\/06\/Tunis-14-janvier-2013-le-drapeau-francais-brule-devant-lambassade-de-France-photo-David-Thomson1_186855.jpg","datePublished":"2013-02-15T13:04:00+00:00","dateModified":"2025-06-04T18:47:30+00:00","description":"Le billet de Hatem Bourial - Je r\u00eave de br\u00fbler le drapeau du Qatar","breadcrumb":{"@id":"https:\/\/www.webdo.tn\/fr\/actualite\/chroniques\/le-billet-de-hatem-bourial-je-reve-de-bruler-le-drapeau-du-qatar\/186855\/#breadcrumb"},"inLanguage":"fr-FR","potentialAction":[{"@type":"ReadAction","target":["https:\/\/www.webdo.tn\/fr\/actualite\/chroniques\/le-billet-de-hatem-bourial-je-reve-de-bruler-le-drapeau-du-qatar\/186855\/"]}]},{"@type":"ImageObject","inLanguage":"fr-FR","@id":"https:\/\/www.webdo.tn\/fr\/actualite\/chroniques\/le-billet-de-hatem-bourial-je-reve-de-bruler-le-drapeau-du-qatar\/186855\/#primaryimage","url":"https:\/\/www.webdo.tn\/fr\/wp-content\/uploads\/2025\/06\/Tunis-14-janvier-2013-le-drapeau-francais-brule-devant-lambassade-de-France-photo-David-Thomson1_186855.jpg","contentUrl":"https:\/\/www.webdo.tn\/fr\/wp-content\/uploads\/2025\/06\/Tunis-14-janvier-2013-le-drapeau-francais-brule-devant-lambassade-de-France-photo-David-Thomson1_186855.jpg","width":345,"height":272,"caption":"Le billet de Hatem Bourial - Je r\u00eave de br\u00fbler le drapeau du Qatar"},{"@type":"BreadcrumbList","@id":"https:\/\/www.webdo.tn\/fr\/actualite\/chroniques\/le-billet-de-hatem-bourial-je-reve-de-bruler-le-drapeau-du-qatar\/186855\/#breadcrumb","itemListElement":[{"@type":"ListItem","position":1,"name":"Accueil","item":"https:\/\/www.webdo.tn\/fr\/"},{"@type":"ListItem","position":2,"name":"Le billet de Hatem Bourial &#8211; Je r\u00eave de br\u00fbler le drapeau du Qatar"}]},{"@type":"WebSite","@id":"https:\/\/www.webdo.tn\/fr\/#website","url":"https:\/\/www.webdo.tn\/fr\/","name":"webdo","description":"Tunisie - News en Tunisie et \u00e0 l&#039;international sur Webdo.tn","publisher":{"@id":"https:\/\/www.webdo.tn\/fr\/#organization"},"potentialAction":[{"@type":"SearchAction","target":{"@type":"EntryPoint","urlTemplate":"https:\/\/www.webdo.tn\/fr\/?s={search_term_string}"},"query-input":{"@type":"PropertyValueSpecification","valueRequired":true,"valueName":"search_term_string"}}],"inLanguage":"fr-FR"},{"@type":"Organization","@id":"https:\/\/www.webdo.tn\/fr\/#organization","name":"Webdo","alternateName":"Webdo.tn","url":"https:\/\/www.webdo.tn\/fr\/","logo":{"@type":"ImageObject","inLanguage":"fr-FR","@id":"https:\/\/www.webdo.tn\/fr\/#\/schema\/logo\/image\/","url":"https:\/\/www.webdo.tn\/fr\/wp-content\/uploads\/2025\/06\/Webdo-Tunisie_168377.jpg","contentUrl":"https:\/\/www.webdo.tn\/fr\/wp-content\/uploads\/2025\/06\/Webdo-Tunisie_168377.jpg","width":301,"height":301,"caption":"Webdo"},"image":{"@id":"https:\/\/www.webdo.tn\/fr\/#\/schema\/logo\/image\/"},"sameAs":["https:\/\/www.facebook.com\/webdotn","https:\/\/x.com\/webdo_tn"],"description":"Webdo est un m\u00e9dia num\u00e9rique tunisien fond\u00e9 en 2010, sp\u00e9cialis\u00e9 dans l\u2019actualit\u00e9 nationale et internationale, l\u2019\u00e9conomie, la soci\u00e9t\u00e9 et les analyses politiques. Le site s\u2019adresse \u00e0 un large public francophone et couvre l\u2019information tunisienne en temps r\u00e9el.","email":"redac@webdo.tn","legalName":"YNJ SARL","foundingDate":"2010-09-06","numberOfEmployees":{"@type":"QuantitativeValue","minValue":"11","maxValue":"50"}},{"@type":"Person","@id":"https:\/\/www.webdo.tn\/fr\/#\/schema\/person\/6bc0beba2cd23aec27cb5df85ca2554f","name":"Hatem Bourial","image":{"@type":"ImageObject","inLanguage":"fr-FR","@id":"https:\/\/www.webdo.tn\/fr\/wp-content\/uploads\/2026\/04\/hatem-bourial_avatar-96x96.jpg","url":"https:\/\/www.webdo.tn\/fr\/wp-content\/uploads\/2026\/04\/hatem-bourial_avatar-96x96.jpg","contentUrl":"https:\/\/www.webdo.tn\/fr\/wp-content\/uploads\/2026\/04\/hatem-bourial_avatar-96x96.jpg","caption":"Hatem Bourial"},"description":"Hatem Bourial est journaliste, \u00e9crivain et chroniqueur tunisien. Actif depuis plusieurs d\u00e9cennies, il s\u2019est impos\u00e9 comme un observateur attentif de la soci\u00e9t\u00e9 tunisienne, m\u00ealant dans ses \u00e9crits m\u00e9moire, culture et analyse du quotidien. Auteur de nombreux ouvrages, il d\u00e9veloppe une \u0153uvre \u00e0 la crois\u00e9e du r\u00e9cit, de la po\u00e9sie et de l\u2019observation sociologique. Parall\u00e8lement \u00e0 ses contributions dans la presse, il intervient r\u00e9guli\u00e8rement \u00e0 la radio et dans des espaces culturels, o\u00f9 il explore les enjeux li\u00e9s au patrimoine, \u00e0 l\u2019identit\u00e9 et aux transformations du monde contemporain. \u00c0 travers ses chroniques, Hatem Bourial propose une lecture sensible et approfondie de l\u2019actualit\u00e9, nourrie par une exp\u00e9rience journalistique et litt\u00e9raire reconnue. \ud83d\udd17 Facebook : https:\/\/www.facebook.com\/hatem.bourial.2025","sameAs":["https:\/\/www.facebook.com\/hatem.bourial.2025","https:\/\/fr.wikipedia.org\/wiki\/Fichier:Hatem_Bourial.jpg"],"knowsAbout":["Culture & patrimoine tunisien","Chronique soci\u00e9tale","Litt\u00e9rature & m\u00e9moire","Cin\u00e9ma & critique culturelle","Identit\u00e9 & mutations sociales"],"knowsLanguage":["Arabe","Fran\u00e7ais","Anglais","Italien","Polonais"],"jobTitle":"Journaliste, \u00e9crivain et chroniqueur culturel","worksFor":"Webdo","url":"https:\/\/www.webdo.tn\/fr\/actualite\/author\/hatem-bourial-2\/"}]}},"_links":{"self":[{"href":"https:\/\/www.webdo.tn\/fr\/wp-json\/wp\/v2\/posts\/186855","targetHints":{"allow":["GET"]}}],"collection":[{"href":"https:\/\/www.webdo.tn\/fr\/wp-json\/wp\/v2\/posts"}],"about":[{"href":"https:\/\/www.webdo.tn\/fr\/wp-json\/wp\/v2\/types\/post"}],"author":[{"embeddable":true,"href":"https:\/\/www.webdo.tn\/fr\/wp-json\/wp\/v2\/users\/3229"}],"replies":[{"embeddable":true,"href":"https:\/\/www.webdo.tn\/fr\/wp-json\/wp\/v2\/comments?post=186855"}],"version-history":[{"count":0,"href":"https:\/\/www.webdo.tn\/fr\/wp-json\/wp\/v2\/posts\/186855\/revisions"}],"wp:featuredmedia":[{"embeddable":true,"href":"https:\/\/www.webdo.tn\/fr\/wp-json\/wp\/v2\/media\/374239"}],"wp:attachment":[{"href":"https:\/\/www.webdo.tn\/fr\/wp-json\/wp\/v2\/media?parent=186855"}],"wp:term":[{"taxonomy":"category","embeddable":true,"href":"https:\/\/www.webdo.tn\/fr\/wp-json\/wp\/v2\/categories?post=186855"},{"taxonomy":"post_tag","embeddable":true,"href":"https:\/\/www.webdo.tn\/fr\/wp-json\/wp\/v2\/tags?post=186855"}],"curies":[{"name":"wp","href":"https:\/\/api.w.org\/{rel}","templated":true}]}}