{"id":186854,"date":"2013-02-08T22:44:00","date_gmt":"2013-02-08T22:44:00","guid":{"rendered":"https:\/\/www.webdo.tn\/fr\/blog\/le-billet-de-hatem-bourial-les-jours-ou-tunis-avait-une-tete-denterrement\/186854\/"},"modified":"2025-06-04T18:47:36","modified_gmt":"2025-06-04T18:47:36","slug":"le-billet-de-hatem-bourial-les-jours-ou-tunis-avait-une-tete-denterrement","status":"publish","type":"post","link":"https:\/\/www.webdo.tn\/fr\/actualite\/chroniques\/le-billet-de-hatem-bourial-les-jours-ou-tunis-avait-une-tete-denterrement\/186854\/","title":{"rendered":"Le billet de Hatem Bourial &#8211; Les jours o\u00f9 Tunis avait une t\u00eate d\u2019enterrement"},"content":{"rendered":"<p>Non loin du cimeti\u00e8re du Jellaz, il a fallu que je tombe sur le plus improbable des habitants que doit compter la ville de Tunis. Le visage \u00e9maci\u00e9, le teint blafard, l\u2019homme me demande : \u00abJe viens d\u2019entendre des coups de feu. Et je vois des gens courir dans tous les sens. Et puis, c\u2019est quoi cette foule ?\u00bb<br \/>\nJe lui expliquai en deux mots. Et, \u00e0 ma grande surprise, il n\u2019\u00e9tait au courant de rien. Ni pourquoi tous les rideaux de l\u2019avenue Manachou \u00e9taient baiss\u00e9s, ni pourquoi l\u2019acc\u00e8s \u00e0 l\u2019autoroute \u00e9tait bond\u00e9 par des bus et des voitures en stationnement, ni m\u00eame pourquoi une foule pareille s\u2019\u00e9tait agglutin\u00e9e partout dans les parages : sur les abris du m\u00e9tro, les toits des immeubles et m\u00eame au-dessus de l\u2019h\u00f4pital militaire.<br \/>\nMagnanime, l\u2019homme r\u00e9pondit lapidairement \u00e0 mes explications : \u00abQue Sidi Belhassen aupr\u00e8s duquel il va reposer veille sur lui.\u00bb Et c\u2019est vrai que du haut de sa colline, le marabout de Sidi Belhassen semblait veiller silencieusement sur ces fun\u00e9railles de tous les risques.<\/p>\n<p>MOSAIQUE HUMAINE POUR UN DERNIER HOMMAGE<\/p>\n<p>L\u2019enterrement de Chokri Bela\u00efd avait une allure de kermesse populaire. L\u2019atmosph\u00e8re, au d\u00e9but, jusqu\u2019\u00e0 13h30, me rappelait celle du 20 mars dernier sur l\u2019avenue Bourguiba. Des anonymes c\u00f4toyaient des stars, Fadhel Jaibi ou Moncef Dhouib circulaient au milieu de la foule, des femmes nombreuses agitaient des drapeaux et, parfois, des familles enti\u00e8res semblaient s\u2019\u00eatre donn\u00e9 rendez-vous.<br \/>\nLes petits d\u00e9linquants de la ceinture de Tunis \u00e9taient aussi venus en masse. Tr\u00e8s populaire \u00e0 El Kabaria o\u00f9 il avait un temps v\u00e9cu, Bela\u00efd, avec sa gouaille populaire, savait convaincre ces jeunes sans horizons. Malheureusement, nombreux sont parmi eux, ceux qui \u00e9taient venus pour tenter d\u2019infiltrer une possible manifestation vers le centre-ville. D\u2019autres se distingueront en essayant d\u2019envahir la fourri\u00e8re municipale mais seront repouss\u00e9s par la police et, en un premier temps, dissuad\u00e9s par la noria des h\u00e9licopt\u00e8res de l\u2019arm\u00e9e.<br \/>\nAux abords du cimeti\u00e8re, la pr\u00e9sence polici\u00e8re n\u2019est pas impressionnante. Il semble fort que de nombreux agent de l\u2019ordre aient \u00e9t\u00e9 fix\u00e9s au centre-ville par d\u2019autres groupes de casseurs qui ont tout l\u2019air d\u2019agir en service command\u00e9.<\/p>\n<p>LES JOURS QUI ONT MEURTRI TUNIS<\/p>\n<p>Je ne veux pas c\u00e9der \u00e0 la parano\u00efa. Mais j\u2019ai tr\u00e8s peur que les \u00e9v\u00e9nements qui s\u2019\u00e9taient produits la veille reprennent, en plus grave, en ce jour o\u00f9 tout le monde ne veut pas voir r\u00e9ussir la gr\u00e8ve g\u00e9n\u00e9rale. Ce simple mot me renvoie au souvenir du 26 janvier 1978, ce jeudi noir durant lequel, sur fond de gr\u00e8ve g\u00e9n\u00e9rale, de nombreuses victimes \u00e9taient tomb\u00e9es sous les balles, sur les m\u00eames avenues qui aimantent manifestants et pillards.<br \/>\nCela me ram\u00e8ne aussi \u00e0 d\u2019autres souvenirs p\u00e9nibles : 3 janvier 1984 lorsqu\u2019une foule en col\u00e8re envahit Tunis dans une fr\u00e9n\u00e9sie de destruction ; 6 juin 1967 lorsqu\u2019enfant, je vis les manifestants d\u00e9truire plusieurs si\u00e8cles de qui\u00e9tude relative de la communaut\u00e9 juive tunisienne.<br \/>\nJe prie silencieusement : \u00abPuisse le 8 janvier 2013 ne pas entrer dans le d\u00e9compte macabre des jours qui ont chang\u00e9 l\u2019histoire de Tunis. Puisse le martyre de Chokri Bela\u00efd n\u2019\u00eatre entach\u00e9 d\u2019aucune autre souffrance.\u00bb<\/p>\n<p>UNE SOUFFRANCE INTIME<\/p>\n<p>Le 6 f\u00e9vrier, jour de l\u2019ignoble assassinat \u00e0 l\u2019origine des fun\u00e9railles d\u2019aujourd\u2019hui, j\u2019\u00e9tais comme d\u00e9sesp\u00e9r\u00e9. Je me suis r\u00e9fugi\u00e9 depuis dans l\u2019\u00e9criture et tent\u00e9 d\u2019exorciser mes propres d\u00e9mons. Ce meurtre abominable a fait rena\u00eetre en moi le propre souvenir d\u2019une agression sauvage que j\u2019ai subie sur le campus de Tunis en 1980.<br \/>\nCette agression qui a radicalement chang\u00e9 ma vie n\u2019a depuis jamais cess\u00e9 de me tarauder. Des islamistes avaient ce jour-l\u00e0 envahi le campus et je m\u2019\u00e9tais trouv\u00e9 sur leur chemin. Deux d\u2019entre eux n\u2019ont ross\u00e9, malmen\u00e9, rou\u00e9 de coups. Peut-\u00eatre \u00e9tait-ce \u00e0 cause de mes cheveux longs, peut-\u00eatre ma d\u00e9gaine, peut-\u00eatre mes sympathies politiques qu\u2019ils pressentaient car ils s\u2019\u00e9taient ru\u00e9s sur moi, sans autre forme de proc\u00e8s.<br \/>\nJ\u2019ai d\u00fb faire beaucoup d\u2019efforts cette semaine pour ne pas consacrer ma chronique hebdomadaire dans le journal \u00ab Tunis Hebdo \u00bb \u00e0 cet \u00e9v\u00e9nement qui fut le pivot de ma vie. Pourtant, me voil\u00e0, me confessant de nouveau \u00e0 vous car cette blessure jamais ferm\u00e9e a de nouveau surgi lorsque j\u2019ai appris la mort de mon camarade Chokri Bela\u00efd. Apr\u00e8s cette agression, c\u2019en \u00e9tait fini de mes \u00e9tudes. Compl\u00e8tement traumatis\u00e9, je ne remettrai plus les pieds au campus. Je prendrai une autre voie\u2026<\/p>\n<p>LACRYMOG\u00c8NES AU JELLAZ<\/p>\n<p>Machinalement, dans la rumeur sourde des h\u00e9licopt\u00e8res, j\u2019ouvre la radio de mon t\u00e9l\u00e9phone portable. Toutes les radios sont branch\u00e9s sur l\u2019\u00e9v\u00e8nement avec des programmes sp\u00e9ciaux au cours desquels des politiques dissertent jusqu\u2019\u00e0 la naus\u00e9e. Chacun en rajoute une couche de la v\u00e9rit\u00e9 qu\u2019il croit uniquement sienne. Est-ce d\u00e9cent ? Allez-savoir\u2026<br \/>\nAutour du cimeti\u00e8re, la foule grossit. Les abords du Jellaz grouillent de monde, les immeubles alentour aussi. M\u00eame les toits de l\u2019h\u00f4pital militaire sont pleins de monde. Tout comme les hauteurs de Borj Ali Ra\u00efs investies par des gens venus parfois par bus entiers.<br \/>\nTout \u00e0 coup, l\u2019odeur \u00e2cre des lacrymog\u00e8nes commence \u00e0 monter et le mouvement de foule devient impressionnant. La clameur monte : \u00abCe sont des casseurs qui ont envahi la fourri\u00e8re et la police tente de les d\u00e9loger !\u00bb<br \/>\nMes appr\u00e9hensions prennent forme. Les minutes qui suivirent seront dramatiques : incendies de voitures, gaz lacrymog\u00e8ne qui s\u2019infiltre dans le cimeti\u00e8re, renforts qui n\u2019arrivent pas, panique dans la foule.<\/p>\n<p>LA TOMBE DE TAHAR HADDAD<\/p>\n<p>Le convoi fun\u00e8bre arrive \u00e0 14h45 : la foule honore le martyr en saluant le cort\u00e8ge au son d\u2019un redoutable \u00abLe peuple veut la chute du r\u00e9gime\u00bb. Les larmes de peine et de col\u00e8re se m\u00ealent aux larmes que font couler les lacrymog\u00e8nes.<br \/>\nTout \u00e0 coup, je pense \u00e0 la tombe de Tahar Haddad, fervent f\u00e9ministe et syndicaliste historique : Il repose ici au Jellaz et sa tombe a \u00e9t\u00e9 profan\u00e9e il y a quelques mois et ses livres br\u00fbl\u00e9s. Comme Chokri Bela\u00efd, les fun\u00e9railles de Tahar Haddad avaient \u00e9t\u00e9 souill\u00e9es par la haine int\u00e9griste qui avait alors demand\u00e9 \u00e0 ce qu\u2019il ne soit pas enterr\u00e9 parmi les musulmans. 80 ann\u00e9es plus tard, les m\u00eames impr\u00e9cations ont \u00e9t\u00e9 prof\u00e9r\u00e9es \u00e0 l\u2019encontre de Chokri Bela\u00efd. Sur les pages Facebook des r\u00e9seaux de la haine fleurissent les appels \u00e0 ne pas le laisser enterrer avec les musulmans. Avec les menaces d\u2019usage\u2026 Comme au si\u00e8cle dernier\u2026<br \/>\nAu loin, \u00e0 l\u2019int\u00e9rieur du cimeti\u00e8re, les slogans fusent alors que, devant moi, les \u00e9chauffour\u00e9es redoublent de violence entre la police et de v\u00e9ritables gangs qui commencent \u00e0 se replier mais risquent de d\u00e9ferler sur le centre-ville.<br \/>\nPourtant, cette vague d\u00e9linquante \u00e9tait facilement pr\u00e9visible. Selon ce que j\u2019entends autour de moi, Sousse a aussi connu des tentatives similaires. Hier, Sfax et Tunis avaient subi un assaut destructeur qui annon\u00e7ait les violences criminelles et crapuleuses d\u2019aujourd\u2019hui.<br \/>\nJ\u2019avais travers\u00e9 Tunis hier, de long en large. Ce fut aussi le cas mercredi car je n\u2019ai eu aucun autre recours qu\u2019une navette \u00e0 pied de Montfleury \u00e0 l\u2019Ariana. Mercredi, la pluie et l\u2019absence du m\u00e9tro donnaient le ton ainsi qu\u2019une rumeur &#8211; d\u00e9mentie rapidement &#8211; de couvre-feu.<br \/>\nSur le chemin du retour, alors que je m\u2019abritais de la pluie sous un arbre, un automobiliste offre de m\u2019accompagner. Comme \u00e7a, spontan\u00e9ment, sans me conna\u00eetre et malgr\u00e9 mon allure plut\u00f4t chaotique. Par chance, il allait \u00e0 Hammam-Lif et me d\u00e9posera juste en face du Jellaz o\u00f9 je me retrouve aujourd\u2019hui.<\/p>\n<p>L\u2019\u00c9TRANGE R\u00c9VEIL NATIONAL DES CASSEURS<\/p>\n<p>Les casseurs continuent leurs m\u00e9faits, la police regagne du terrain et, dans le cimeti\u00e8re, la c\u00e9r\u00e9monie est en voie de s\u2019achever. Je crains plus que tout cette sortie des milliers de gens en col\u00e8re venus enterrer Chokri Bela\u00efd et dont certains voudraient en d\u00e9coudre avec la police et le gouvernement.<br \/>\nHier, en ville, j\u2019ai trouv\u00e9 que Tunis avait une gueule sinistr\u00e9e, une t\u00eate d\u2019enterrement : les bureaux ferm\u00e9s plus t\u00f4t, des abribus d\u00e9truits, de rares voitures, des traces des \u00e9meutiers, des gosses aux allures louches un peu partout\u2026 Au milieu de l\u2019apr\u00e8s-midi, un mouvement de panique saisit le m\u00e9tro au Passage. Six ou sept rames \u00e9taient immobilis\u00e9es avec des passagers qui en descendaient alors que les gaz lacrymog\u00e8nes s\u2019infiltraient partout.<br \/>\nRetour chez moi, les nouvelles en provenance de Bab Djedid hier soir, parlaient d\u2019une descente de police dans le quartier et de dizaines d\u2019arrestations. La veille, Bab Djazira avait \u00e9t\u00e9 le th\u00e9\u00e2tre d\u2019une v\u00e9ritable guerre de tranch\u00e9es entre d\u00e9linquants et forces de l\u2019ordre apr\u00e8s la mort d\u2019un policier.<br \/>\nMa parano\u00efa se rappelle \u00e0 mon bon souvenir. Je sais, les casseurs sont friands de pareils \u00e9v\u00e9nements mais depuis quelques jours, ils semblent agir en conqu\u00e9rants un peu partout dans la ville et dans le pays. Nous sommes en quelque sorte revenus \u00e0 l\u2019esprit des terribles journ\u00e9es de pillage de janvier 2011. Et, dans certains milieux, le mot \u00abr\u00e9volution\u00bb rime avec celui de \u00abpillage\u00bb.<\/p>\n<p>MONCEF BEY, SIDI AMOR, BOURGUIBA\u2026<\/p>\n<p>La c\u00e9r\u00e9monie fun\u00e8bre touche \u00e0 sa fin. Chokri Bela\u00efd entre dans la m\u00e9moire du Jellaz. Son enterrement me fait revenir en m\u00e9moire celui de Sidi Amor Fayache que je suivis, enfant, au milieu d\u2019une foule impressionnante.<br \/>\nIl me renvoie aussi \u00e0 la m\u00e9moire d\u2019autres fun\u00e9railles mythiques qui ont ponctu\u00e9 l\u2019histoire du Jellaz : Moncef Bey enterr\u00e9 dans la ferveur populaire ; Ali Chouereb, bandit au grand c\u0153ur accompagn\u00e9 en sa derni\u00e8re demeure par le peuple des faubourgs ; H\u00e9di Berrekhissa, fauch\u00e9 \u00e0 la fleur de l\u2019\u00e2ge sur un terrain de football ; d\u2019autres tombes encore qui me parlent et me racontent mille histoires, mille vies, mille deuils.<br \/>\nPuis je ne sais pourquoi mes pens\u00e9es vont \u00e0 Ben Ali. Il avait vol\u00e9 \u00e0 Bourguiba les fun\u00e9railles qu\u2019il m\u00e9ritait. Et par un coup que seul le destin sait produire, le voici en exil, dans l\u2019attente d\u2019une tombe anonyme, perdue dans le d\u00e9sert arabe\u2026 Hier encore, le portrait g\u00e9ant de Ben Ali me narguait en pleine avenue, anachronique sur une affiche de film, celui de Mohamed Zran intitul\u00e9 \u00abD\u00e9gage\u00bb.<\/p>\n<p>L\u2019OMBRE DE FARHAT HACHED<\/p>\n<p>Mon esprit revient au Jellaz, \u00e0 Chokri Bela\u00efd qu\u2019on enterre, \u00e0 tous ces pressentiments dont il faisait part \u00e0 ses proches, au combat qui continue, \u00e0 l\u2019ind\u00e9cence de certains politiciens et la violence des fondamentalistes.<br \/>\nTomb\u00e9 sous les balles, Chokri Bela\u00efd a eu la m\u00eame destin\u00e9e que Farhat Hached. Tous deux, proches par les id\u00e9es, sont morts assassin\u00e9s par des terroristes. Pour Hached, ce furent les agents de la sinistre Main Rouge qui terrorisait les ind\u00e9pendantistes tunisiens. Pour Bela\u00efd, ce sont certainement d\u2019autres Tunisiens qui ont commis ce crime abject. Les temps ont chang\u00e9\u2026 Mais les gestes des assassins n\u2019ont pas chang\u00e9 : aveugles, haineux et suivis par une fuite peu glorieuse\u2026<br \/>\nMaintenant, Chokri Bela\u00efd repose aupr\u00e8s des martyrs. La foule se disperse peu \u00e0 peu. Le p\u00e9ril guette encore : que va-t-il se passer au centre-ville ? Comment cette journ\u00e9e du 8 f\u00e9vrier va-t-elle s\u2019achever ? Pour l\u2019instant, malgr\u00e9 les incidents d\u00e9plorables d\u00fbs aux casseurs, rien de tr\u00e8s grave n\u2019est \u00e0 signaler.<br \/>\nJ\u2019apprends qu\u2019une voiture pleine d\u2019armes blanches a \u00e9t\u00e9 d\u00e9couverte pr\u00e8s du centre-ville de Tunis. La police l\u2019a saisie. Mais des doutes quant \u00e0 ce r\u00e9veil brutal \u2013 et national \u2013 des petits d\u00e9linquants continuent \u00e0 m\u2019assaillir.<br \/>\nCette co\u00efncidence des m\u00e9faits \u00e0 Tunis, Sousse, Sfax, Jendouba et le Kef comme l\u2019annoncent les radios m\u2019intrigue. Malgr\u00e9 moi, je soup\u00e7onne des mains invisibles\u2026<\/p>\n<p>AU NOM D\u2019ENNAHDHA<\/p>\n<p>D\u2019autres mains, militantes celles-l\u00e0 et appartenant aux islamistes d\u2019Ennahdha, se sont aussi mobilis\u00e9es aujourd\u2019hui. En effet, des manifestants, au nom d\u2019Ennahdha, ont manifest\u00e9 apr\u00e8s la pri\u00e8re du vendredi pour r\u00e9clamer le statu quo. Au Bardo, \u00e0 Sousse et Monastir, ils (avec eux, \u00ab elles \u00bb sont quantit\u00e9 n\u00e9gligeable) ont exig\u00e9 le \u00ab maintien de la l\u00e9gitimit\u00e9 \u00e9lectorale du 23 octobre \u00bb et promis de donner leur sang au maintien de cette l\u00e9gitimit\u00e9.<br \/>\nPlus troublant, dans certaines villes, aux c\u00f4t\u00e9s des forces de police, les membres des ligues de protection de la r\u00e9volution ont op\u00e9r\u00e9 b\u00e9n\u00e9volement et en tant que volontaires pour repousser les casseurs. Dans d\u2019autres villes, comme B\u00e9ja, les pri\u00e8res du vendredi ont \u00e9t\u00e9 suivies de manifestations unitaires (C\u2019est un fait important) contre toutes les violences politiques.<br \/>\nEn tout \u00e9tat de cause, esp\u00e9rons que nul ne tentera un amalgame coupable entre les casseurs et le peuple endeuill\u00e9 par la mort de Chokri Bela\u00efd. Ces d\u00e9linquants n\u2019ont rien \u00e0 voir avec les d\u00e9mocrates modernistes et socialistes. Leur identit\u00e9 est celle de petits criminels et seul Dieu sait qui a attis\u00e9 leur cupidit\u00e9 et aiguis\u00e9 leur voracit\u00e9.<\/p>\n<p>CES FUN\u00c9RAILLES NE SERONT PAS UN \u00abTOMBEAU POUR LA D\u00c9MOCRATIE\u00bb<\/p>\n<p>Paix \u00e0 l\u2019\u00e2me de Chokri Bela\u00efd. Il repose d\u00e9sormais dans l\u2019humus du Jellaz. Malgr\u00e9 les pr\u00e9dicateurs de la haine, ses fun\u00e9railles qu\u2019ils promettaient de transformer en tombeau pour la d\u00e9mocratie ont \u00e9t\u00e9 l\u2019hommage national que m\u00e9ritait cet homme tomb\u00e9 sous les balles de l\u2019intol\u00e9rance, cet avocat qui a d\u00e9ploy\u00e9 son \u00e9nergie pour d\u00e9fendre tous les militants emprisonn\u00e9s faisant toujours abstraction de leur couleur politique, ce t\u00e9nor de la gauche tunisienne anim\u00e9 par une fois indestructible en la cause du peuple et des travailleurs , ce patriote enfin qui n\u2019a jamais quitt\u00e9 la Tunisie tout en menant son combat de front contre un pouvoir qui ne lui a jamais fait de cadeaux. Ils ne sont pas nombreux parmi les chefs de partis actuels \u00e0 pouvoir en dire autant.<br \/>\nJ\u2019arrive au bout de cette journ\u00e9e pass\u00e9e en partie au Jellaz. La tristesse me domine. Une certaine appr\u00e9hension aussi. Faut-il que mes pas se dirigent vers le centre-ville ? Vaudrait-il mieux rentrer chez moi, \u00e0 dix minutes du cimeti\u00e8re du Jellaz ?<br \/>\nJ\u2019appr\u00e9hende d\u2019autres incidents. Et, en mon for int\u00e9rieur, je crains pour la tombe de Chokri Bela\u00efd. Des ultras islamistes ont jur\u00e9 de la profaner. Qui les en emp\u00eachera ? Car ni la pudeur, ni le repos \u00e9ternel des morts ni leur condamnation unanime par le peuple tunisien ne semblent devoir arr\u00eater la haine qui les porte\u2026<\/p>\n<p>A LA RECHERCHE D\u2019UN COMPROMIS HISTORIQUE<\/p>\n<p>Pas \u00e0 pas, je reviens vers mon domicile, r\u00eavant \u00e0 un compromis historique entre islamistes et destouriens pour que les ann\u00e9es de plomb s\u2019\u00e9loignent de nous.<br \/>\nLe pas fait par Hamadi Jebali, que nul n\u2019attendait comme homme d\u2019un compromis historique, me rassure pour l\u2019avenir. Son propre parti le laissera-t-il agir ?<br \/>\nD\u00e9j\u00e0, la base islamiste gronde alors que les politiciens professionnels en r\u00e9clament d\u2019avantage. Ne comprendront-ils jamais qu\u2019une convergence est toujours possible entre islamistes \u00e9clair\u00e9s et modernistes patriotes, entre conservateurs et progressistes ?<br \/>\nLes deux p\u00e9rils ultimes, les deux \u00e9cueils qu\u2019il s\u2019agit d\u2019\u00e9viter, nous les connaissons tous : accepter la confusion entre religion et Etat ; laisser la politique politicienne \u00e9touffer les grands desseins pour le progr\u00e8s social, la croissance \u00e9conomique et le d\u00e9veloppement culturel.<br \/>\nCeci nous le savons tous. D\u00e8s lors qui refuse que la sagesse l\u2019emporte ? Qui s\u2019ent\u00eate \u00e0 creuser la fracture entre Tunisiens et dans quel inavouable int\u00e9r\u00eat ?<br \/>\nIn\u00e9puisable discussion. Nous y reviendrons peut-\u00eatre\u2026 Aujourd\u2019hui, j\u2019ai ouvert mes yeux et mon c\u0153ur et il est temps de r\u00e9diger ces notes et les partager avec mes amis lecteurs, fussent-ils anonymes\u2026<\/p>\n","protected":false},"excerpt":{"rendered":"<p>Le billet de Hatem Bourial &#8211; Les jours o\u00f9 Tunis avait une t\u00eate d\u2019enterrement<\/p>\n","protected":false},"author":3229,"featured_media":334355,"comment_status":"open","ping_status":"closed","sticky":false,"template":"","format":"standard","meta":{"footnotes":""},"categories":[2596],"tags":[],"class_list":["post-186854","post","type-post","status-publish","format-standard","has-post-thumbnail","hentry","category-chroniques"],"yoast_head":"<!-- This site is optimized with the Yoast SEO Premium plugin v27.5 (Yoast SEO v27.5) - https:\/\/yoast.com\/product\/yoast-seo-premium-wordpress\/ -->\n<title>Le billet de Hatem Bourial - Les jours o\u00f9 Tunis avait une t\u00eate d\u2019enterrement<\/title>\n<meta name=\"description\" content=\"Le billet de Hatem Bourial - Les jours o\u00f9 Tunis avait une t\u00eate d\u2019enterrement\" \/>\n<link rel=\"canonical\" href=\"https:\/\/www.webdo.tn\/fr\/actualite\/chroniques\/le-billet-de-hatem-bourial-les-jours-ou-tunis-avait-une-tete-denterrement\/186854\/\" \/>\n<meta property=\"og:locale\" content=\"fr_FR\" \/>\n<meta property=\"og:type\" content=\"article\" \/>\n<meta property=\"og:title\" content=\"Le billet de Hatem Bourial - Les jours o\u00f9 Tunis avait une t\u00eate d\u2019enterrement\" \/>\n<meta property=\"og:description\" content=\"Le billet de Hatem Bourial - Les jours o\u00f9 Tunis avait une t\u00eate d\u2019enterrement\" \/>\n<meta property=\"og:url\" content=\"https:\/\/www.webdo.tn\/fr\/actualite\/chroniques\/le-billet-de-hatem-bourial-les-jours-ou-tunis-avait-une-tete-denterrement\/186854\/\" \/>\n<meta property=\"og:site_name\" content=\"webdo\" \/>\n<meta property=\"article:publisher\" content=\"https:\/\/www.facebook.com\/webdotn\" \/>\n<meta property=\"article:author\" content=\"https:\/\/www.facebook.com\/hatem.bourial.2025\" \/>\n<meta property=\"article:published_time\" content=\"2013-02-08T22:44:00+00:00\" \/>\n<meta property=\"article:modified_time\" content=\"2025-06-04T18:47:36+00:00\" \/>\n<meta property=\"og:image\" content=\"https:\/\/www.webdo.tn\/fr\/wp-content\/uploads\/2013\/02\/Hopital-Militaire-HBourial-080213.jpg\" \/>\n\t<meta property=\"og:image:width\" content=\"450\" \/>\n\t<meta property=\"og:image:height\" content=\"337\" \/>\n\t<meta property=\"og:image:type\" content=\"image\/jpeg\" \/>\n<meta name=\"author\" content=\"Hatem Bourial\" \/>\n<meta name=\"twitter:card\" content=\"summary_large_image\" \/>\n<meta name=\"twitter:creator\" content=\"@webdo_tn\" \/>\n<meta name=\"twitter:site\" content=\"@webdo_tn\" \/>\n<meta name=\"twitter:label1\" content=\"\u00c9crit par\" \/>\n\t<meta name=\"twitter:data1\" content=\"Hatem Bourial\" \/>\n\t<meta name=\"twitter:label2\" content=\"Dur\u00e9e de lecture estim\u00e9e\" \/>\n\t<meta name=\"twitter:data2\" content=\"14 minutes\" \/>\n<script type=\"application\/ld+json\" class=\"yoast-schema-graph\">{\"@context\":\"https:\\\/\\\/schema.org\",\"@graph\":[{\"@type\":\"NewsArticle\",\"@id\":\"https:\\\/\\\/www.webdo.tn\\\/fr\\\/actualite\\\/chroniques\\\/le-billet-de-hatem-bourial-les-jours-ou-tunis-avait-une-tete-denterrement\\\/186854\\\/#article\",\"isPartOf\":{\"@id\":\"https:\\\/\\\/www.webdo.tn\\\/fr\\\/actualite\\\/chroniques\\\/le-billet-de-hatem-bourial-les-jours-ou-tunis-avait-une-tete-denterrement\\\/186854\\\/\"},\"author\":{\"name\":\"Hatem Bourial\",\"@id\":\"https:\\\/\\\/www.webdo.tn\\\/fr\\\/#\\\/schema\\\/person\\\/6bc0beba2cd23aec27cb5df85ca2554f\"},\"headline\":\"Le billet de Hatem Bourial &#8211; Les jours o\u00f9 Tunis avait une t\u00eate d\u2019enterrement\",\"datePublished\":\"2013-02-08T22:44:00+00:00\",\"dateModified\":\"2025-06-04T18:47:36+00:00\",\"mainEntityOfPage\":{\"@id\":\"https:\\\/\\\/www.webdo.tn\\\/fr\\\/actualite\\\/chroniques\\\/le-billet-de-hatem-bourial-les-jours-ou-tunis-avait-une-tete-denterrement\\\/186854\\\/\"},\"wordCount\":2781,\"commentCount\":0,\"publisher\":{\"@id\":\"https:\\\/\\\/www.webdo.tn\\\/fr\\\/#organization\"},\"image\":{\"@id\":\"https:\\\/\\\/www.webdo.tn\\\/fr\\\/actualite\\\/chroniques\\\/le-billet-de-hatem-bourial-les-jours-ou-tunis-avait-une-tete-denterrement\\\/186854\\\/#primaryimage\"},\"thumbnailUrl\":\"https:\\\/\\\/www.webdo.tn\\\/fr\\\/wp-content\\\/uploads\\\/2013\\\/02\\\/Hopital-Militaire-HBourial-080213.jpg\",\"articleSection\":[\"Chroniques\"],\"inLanguage\":\"fr-FR\"},{\"@type\":\"WebPage\",\"@id\":\"https:\\\/\\\/www.webdo.tn\\\/fr\\\/actualite\\\/chroniques\\\/le-billet-de-hatem-bourial-les-jours-ou-tunis-avait-une-tete-denterrement\\\/186854\\\/\",\"url\":\"https:\\\/\\\/www.webdo.tn\\\/fr\\\/actualite\\\/chroniques\\\/le-billet-de-hatem-bourial-les-jours-ou-tunis-avait-une-tete-denterrement\\\/186854\\\/\",\"name\":\"Le billet de Hatem Bourial - Les jours o\u00f9 Tunis avait une t\u00eate d\u2019enterrement\",\"isPartOf\":{\"@id\":\"https:\\\/\\\/www.webdo.tn\\\/fr\\\/#website\"},\"primaryImageOfPage\":{\"@id\":\"https:\\\/\\\/www.webdo.tn\\\/fr\\\/actualite\\\/chroniques\\\/le-billet-de-hatem-bourial-les-jours-ou-tunis-avait-une-tete-denterrement\\\/186854\\\/#primaryimage\"},\"image\":{\"@id\":\"https:\\\/\\\/www.webdo.tn\\\/fr\\\/actualite\\\/chroniques\\\/le-billet-de-hatem-bourial-les-jours-ou-tunis-avait-une-tete-denterrement\\\/186854\\\/#primaryimage\"},\"thumbnailUrl\":\"https:\\\/\\\/www.webdo.tn\\\/fr\\\/wp-content\\\/uploads\\\/2013\\\/02\\\/Hopital-Militaire-HBourial-080213.jpg\",\"datePublished\":\"2013-02-08T22:44:00+00:00\",\"dateModified\":\"2025-06-04T18:47:36+00:00\",\"description\":\"Le billet de Hatem Bourial - Les jours o\u00f9 Tunis avait une t\u00eate d\u2019enterrement\",\"breadcrumb\":{\"@id\":\"https:\\\/\\\/www.webdo.tn\\\/fr\\\/actualite\\\/chroniques\\\/le-billet-de-hatem-bourial-les-jours-ou-tunis-avait-une-tete-denterrement\\\/186854\\\/#breadcrumb\"},\"inLanguage\":\"fr-FR\",\"potentialAction\":[{\"@type\":\"ReadAction\",\"target\":[\"https:\\\/\\\/www.webdo.tn\\\/fr\\\/actualite\\\/chroniques\\\/le-billet-de-hatem-bourial-les-jours-ou-tunis-avait-une-tete-denterrement\\\/186854\\\/\"]}]},{\"@type\":\"ImageObject\",\"inLanguage\":\"fr-FR\",\"@id\":\"https:\\\/\\\/www.webdo.tn\\\/fr\\\/actualite\\\/chroniques\\\/le-billet-de-hatem-bourial-les-jours-ou-tunis-avait-une-tete-denterrement\\\/186854\\\/#primaryimage\",\"url\":\"https:\\\/\\\/www.webdo.tn\\\/fr\\\/wp-content\\\/uploads\\\/2013\\\/02\\\/Hopital-Militaire-HBourial-080213.jpg\",\"contentUrl\":\"https:\\\/\\\/www.webdo.tn\\\/fr\\\/wp-content\\\/uploads\\\/2013\\\/02\\\/Hopital-Militaire-HBourial-080213.jpg\",\"width\":450,\"height\":337,\"caption\":\"Le billet de Hatem Bourial - Les jours o\u00f9 Tunis avait une t\u00eate d\u2019enterrement\"},{\"@type\":\"BreadcrumbList\",\"@id\":\"https:\\\/\\\/www.webdo.tn\\\/fr\\\/actualite\\\/chroniques\\\/le-billet-de-hatem-bourial-les-jours-ou-tunis-avait-une-tete-denterrement\\\/186854\\\/#breadcrumb\",\"itemListElement\":[{\"@type\":\"ListItem\",\"position\":1,\"name\":\"Accueil\",\"item\":\"https:\\\/\\\/www.webdo.tn\\\/fr\\\/\"},{\"@type\":\"ListItem\",\"position\":2,\"name\":\"Le billet de Hatem Bourial &#8211; Les jours o\u00f9 Tunis avait une t\u00eate d\u2019enterrement\"}]},{\"@type\":\"WebSite\",\"@id\":\"https:\\\/\\\/www.webdo.tn\\\/fr\\\/#website\",\"url\":\"https:\\\/\\\/www.webdo.tn\\\/fr\\\/\",\"name\":\"webdo\",\"description\":\"Tunisie - News en Tunisie et \u00e0 l&#039;international sur Webdo.tn\",\"publisher\":{\"@id\":\"https:\\\/\\\/www.webdo.tn\\\/fr\\\/#organization\"},\"potentialAction\":[{\"@type\":\"SearchAction\",\"target\":{\"@type\":\"EntryPoint\",\"urlTemplate\":\"https:\\\/\\\/www.webdo.tn\\\/fr\\\/?s={search_term_string}\"},\"query-input\":{\"@type\":\"PropertyValueSpecification\",\"valueRequired\":true,\"valueName\":\"search_term_string\"}}],\"inLanguage\":\"fr-FR\"},{\"@type\":\"Organization\",\"@id\":\"https:\\\/\\\/www.webdo.tn\\\/fr\\\/#organization\",\"name\":\"Webdo\",\"alternateName\":\"Webdo.tn\",\"url\":\"https:\\\/\\\/www.webdo.tn\\\/fr\\\/\",\"logo\":{\"@type\":\"ImageObject\",\"inLanguage\":\"fr-FR\",\"@id\":\"https:\\\/\\\/www.webdo.tn\\\/fr\\\/#\\\/schema\\\/logo\\\/image\\\/\",\"url\":\"https:\\\/\\\/www.webdo.tn\\\/fr\\\/wp-content\\\/uploads\\\/2025\\\/06\\\/Webdo-Tunisie_168377.jpg\",\"contentUrl\":\"https:\\\/\\\/www.webdo.tn\\\/fr\\\/wp-content\\\/uploads\\\/2025\\\/06\\\/Webdo-Tunisie_168377.jpg\",\"width\":301,\"height\":301,\"caption\":\"Webdo\"},\"image\":{\"@id\":\"https:\\\/\\\/www.webdo.tn\\\/fr\\\/#\\\/schema\\\/logo\\\/image\\\/\"},\"sameAs\":[\"https:\\\/\\\/www.facebook.com\\\/webdotn\",\"https:\\\/\\\/x.com\\\/webdo_tn\"],\"description\":\"Webdo est un m\u00e9dia num\u00e9rique tunisien fond\u00e9 en 2010, sp\u00e9cialis\u00e9 dans l\u2019actualit\u00e9 nationale et internationale, l\u2019\u00e9conomie, la soci\u00e9t\u00e9 et les analyses politiques. Le site s\u2019adresse \u00e0 un large public francophone et couvre l\u2019information tunisienne en temps r\u00e9el.\",\"email\":\"redac@webdo.tn\",\"legalName\":\"YNJ SARL\",\"foundingDate\":\"2010-09-06\",\"numberOfEmployees\":{\"@type\":\"QuantitativeValue\",\"minValue\":\"11\",\"maxValue\":\"50\"}},{\"@type\":\"Person\",\"@id\":\"https:\\\/\\\/www.webdo.tn\\\/fr\\\/#\\\/schema\\\/person\\\/6bc0beba2cd23aec27cb5df85ca2554f\",\"name\":\"Hatem Bourial\",\"image\":{\"@type\":\"ImageObject\",\"inLanguage\":\"fr-FR\",\"@id\":\"https:\\\/\\\/www.webdo.tn\\\/fr\\\/wp-content\\\/uploads\\\/2026\\\/04\\\/hatem-bourial_avatar-96x96.jpg\",\"url\":\"https:\\\/\\\/www.webdo.tn\\\/fr\\\/wp-content\\\/uploads\\\/2026\\\/04\\\/hatem-bourial_avatar-96x96.jpg\",\"contentUrl\":\"https:\\\/\\\/www.webdo.tn\\\/fr\\\/wp-content\\\/uploads\\\/2026\\\/04\\\/hatem-bourial_avatar-96x96.jpg\",\"caption\":\"Hatem Bourial\"},\"description\":\"Hatem Bourial est journaliste, \u00e9crivain et chroniqueur tunisien. Actif depuis plusieurs d\u00e9cennies, il s\u2019est impos\u00e9 comme un observateur attentif de la soci\u00e9t\u00e9 tunisienne, m\u00ealant dans ses \u00e9crits m\u00e9moire, culture et analyse du quotidien. Auteur de nombreux ouvrages, il d\u00e9veloppe une \u0153uvre \u00e0 la crois\u00e9e du r\u00e9cit, de la po\u00e9sie et de l\u2019observation sociologique. Parall\u00e8lement \u00e0 ses contributions dans la presse, il intervient r\u00e9guli\u00e8rement \u00e0 la radio et dans des espaces culturels, o\u00f9 il explore les enjeux li\u00e9s au patrimoine, \u00e0 l\u2019identit\u00e9 et aux transformations du monde contemporain. \u00c0 travers ses chroniques, Hatem Bourial propose une lecture sensible et approfondie de l\u2019actualit\u00e9, nourrie par une exp\u00e9rience journalistique et litt\u00e9raire reconnue. \ud83d\udd17 Facebook : https:\\\/\\\/www.facebook.com\\\/hatem.bourial.2025\",\"sameAs\":[\"https:\\\/\\\/www.facebook.com\\\/hatem.bourial.2025\",\"https:\\\/\\\/fr.wikipedia.org\\\/wiki\\\/Fichier:Hatem_Bourial.jpg\"],\"knowsAbout\":[\"Culture & patrimoine tunisien\",\"Chronique soci\u00e9tale\",\"Litt\u00e9rature & m\u00e9moire\",\"Cin\u00e9ma & critique culturelle\",\"Identit\u00e9 & mutations sociales\"],\"knowsLanguage\":[\"Arabe\",\"Fran\u00e7ais\",\"Anglais\",\"Italien\",\"Polonais\"],\"jobTitle\":\"Journaliste, \u00e9crivain et chroniqueur culturel\",\"worksFor\":\"Webdo\",\"url\":\"https:\\\/\\\/www.webdo.tn\\\/fr\\\/actualite\\\/author\\\/hatem-bourial-2\\\/\"}]}<\/script>\n<!-- \/ Yoast SEO Premium plugin. -->","yoast_head_json":{"title":"Le billet de Hatem Bourial - Les jours o\u00f9 Tunis avait une t\u00eate d\u2019enterrement","description":"Le billet de Hatem Bourial - Les jours o\u00f9 Tunis avait une t\u00eate d\u2019enterrement","canonical":"https:\/\/www.webdo.tn\/fr\/actualite\/chroniques\/le-billet-de-hatem-bourial-les-jours-ou-tunis-avait-une-tete-denterrement\/186854\/","og_locale":"fr_FR","og_type":"article","og_title":"Le billet de Hatem Bourial - Les jours o\u00f9 Tunis avait une t\u00eate d\u2019enterrement","og_description":"Le billet de Hatem Bourial - Les jours o\u00f9 Tunis avait une t\u00eate d\u2019enterrement","og_url":"https:\/\/www.webdo.tn\/fr\/actualite\/chroniques\/le-billet-de-hatem-bourial-les-jours-ou-tunis-avait-une-tete-denterrement\/186854\/","og_site_name":"webdo","article_publisher":"https:\/\/www.facebook.com\/webdotn","article_author":"https:\/\/www.facebook.com\/hatem.bourial.2025","article_published_time":"2013-02-08T22:44:00+00:00","article_modified_time":"2025-06-04T18:47:36+00:00","og_image":[{"width":450,"height":337,"url":"https:\/\/www.webdo.tn\/fr\/wp-content\/uploads\/2013\/02\/Hopital-Militaire-HBourial-080213.jpg","type":"image\/jpeg"}],"author":"Hatem Bourial","twitter_card":"summary_large_image","twitter_creator":"@webdo_tn","twitter_site":"@webdo_tn","twitter_misc":{"\u00c9crit par":"Hatem Bourial","Dur\u00e9e de lecture estim\u00e9e":"14 minutes"},"schema":{"@context":"https:\/\/schema.org","@graph":[{"@type":"NewsArticle","@id":"https:\/\/www.webdo.tn\/fr\/actualite\/chroniques\/le-billet-de-hatem-bourial-les-jours-ou-tunis-avait-une-tete-denterrement\/186854\/#article","isPartOf":{"@id":"https:\/\/www.webdo.tn\/fr\/actualite\/chroniques\/le-billet-de-hatem-bourial-les-jours-ou-tunis-avait-une-tete-denterrement\/186854\/"},"author":{"name":"Hatem Bourial","@id":"https:\/\/www.webdo.tn\/fr\/#\/schema\/person\/6bc0beba2cd23aec27cb5df85ca2554f"},"headline":"Le billet de Hatem Bourial &#8211; Les jours o\u00f9 Tunis avait une t\u00eate d\u2019enterrement","datePublished":"2013-02-08T22:44:00+00:00","dateModified":"2025-06-04T18:47:36+00:00","mainEntityOfPage":{"@id":"https:\/\/www.webdo.tn\/fr\/actualite\/chroniques\/le-billet-de-hatem-bourial-les-jours-ou-tunis-avait-une-tete-denterrement\/186854\/"},"wordCount":2781,"commentCount":0,"publisher":{"@id":"https:\/\/www.webdo.tn\/fr\/#organization"},"image":{"@id":"https:\/\/www.webdo.tn\/fr\/actualite\/chroniques\/le-billet-de-hatem-bourial-les-jours-ou-tunis-avait-une-tete-denterrement\/186854\/#primaryimage"},"thumbnailUrl":"https:\/\/www.webdo.tn\/fr\/wp-content\/uploads\/2013\/02\/Hopital-Militaire-HBourial-080213.jpg","articleSection":["Chroniques"],"inLanguage":"fr-FR"},{"@type":"WebPage","@id":"https:\/\/www.webdo.tn\/fr\/actualite\/chroniques\/le-billet-de-hatem-bourial-les-jours-ou-tunis-avait-une-tete-denterrement\/186854\/","url":"https:\/\/www.webdo.tn\/fr\/actualite\/chroniques\/le-billet-de-hatem-bourial-les-jours-ou-tunis-avait-une-tete-denterrement\/186854\/","name":"Le billet de Hatem Bourial - Les jours o\u00f9 Tunis avait une t\u00eate d\u2019enterrement","isPartOf":{"@id":"https:\/\/www.webdo.tn\/fr\/#website"},"primaryImageOfPage":{"@id":"https:\/\/www.webdo.tn\/fr\/actualite\/chroniques\/le-billet-de-hatem-bourial-les-jours-ou-tunis-avait-une-tete-denterrement\/186854\/#primaryimage"},"image":{"@id":"https:\/\/www.webdo.tn\/fr\/actualite\/chroniques\/le-billet-de-hatem-bourial-les-jours-ou-tunis-avait-une-tete-denterrement\/186854\/#primaryimage"},"thumbnailUrl":"https:\/\/www.webdo.tn\/fr\/wp-content\/uploads\/2013\/02\/Hopital-Militaire-HBourial-080213.jpg","datePublished":"2013-02-08T22:44:00+00:00","dateModified":"2025-06-04T18:47:36+00:00","description":"Le billet de Hatem Bourial - Les jours o\u00f9 Tunis avait une t\u00eate d\u2019enterrement","breadcrumb":{"@id":"https:\/\/www.webdo.tn\/fr\/actualite\/chroniques\/le-billet-de-hatem-bourial-les-jours-ou-tunis-avait-une-tete-denterrement\/186854\/#breadcrumb"},"inLanguage":"fr-FR","potentialAction":[{"@type":"ReadAction","target":["https:\/\/www.webdo.tn\/fr\/actualite\/chroniques\/le-billet-de-hatem-bourial-les-jours-ou-tunis-avait-une-tete-denterrement\/186854\/"]}]},{"@type":"ImageObject","inLanguage":"fr-FR","@id":"https:\/\/www.webdo.tn\/fr\/actualite\/chroniques\/le-billet-de-hatem-bourial-les-jours-ou-tunis-avait-une-tete-denterrement\/186854\/#primaryimage","url":"https:\/\/www.webdo.tn\/fr\/wp-content\/uploads\/2013\/02\/Hopital-Militaire-HBourial-080213.jpg","contentUrl":"https:\/\/www.webdo.tn\/fr\/wp-content\/uploads\/2013\/02\/Hopital-Militaire-HBourial-080213.jpg","width":450,"height":337,"caption":"Le billet de Hatem Bourial - Les jours o\u00f9 Tunis avait une t\u00eate d\u2019enterrement"},{"@type":"BreadcrumbList","@id":"https:\/\/www.webdo.tn\/fr\/actualite\/chroniques\/le-billet-de-hatem-bourial-les-jours-ou-tunis-avait-une-tete-denterrement\/186854\/#breadcrumb","itemListElement":[{"@type":"ListItem","position":1,"name":"Accueil","item":"https:\/\/www.webdo.tn\/fr\/"},{"@type":"ListItem","position":2,"name":"Le billet de Hatem Bourial &#8211; Les jours o\u00f9 Tunis avait une t\u00eate d\u2019enterrement"}]},{"@type":"WebSite","@id":"https:\/\/www.webdo.tn\/fr\/#website","url":"https:\/\/www.webdo.tn\/fr\/","name":"webdo","description":"Tunisie - News en Tunisie et \u00e0 l&#039;international sur Webdo.tn","publisher":{"@id":"https:\/\/www.webdo.tn\/fr\/#organization"},"potentialAction":[{"@type":"SearchAction","target":{"@type":"EntryPoint","urlTemplate":"https:\/\/www.webdo.tn\/fr\/?s={search_term_string}"},"query-input":{"@type":"PropertyValueSpecification","valueRequired":true,"valueName":"search_term_string"}}],"inLanguage":"fr-FR"},{"@type":"Organization","@id":"https:\/\/www.webdo.tn\/fr\/#organization","name":"Webdo","alternateName":"Webdo.tn","url":"https:\/\/www.webdo.tn\/fr\/","logo":{"@type":"ImageObject","inLanguage":"fr-FR","@id":"https:\/\/www.webdo.tn\/fr\/#\/schema\/logo\/image\/","url":"https:\/\/www.webdo.tn\/fr\/wp-content\/uploads\/2025\/06\/Webdo-Tunisie_168377.jpg","contentUrl":"https:\/\/www.webdo.tn\/fr\/wp-content\/uploads\/2025\/06\/Webdo-Tunisie_168377.jpg","width":301,"height":301,"caption":"Webdo"},"image":{"@id":"https:\/\/www.webdo.tn\/fr\/#\/schema\/logo\/image\/"},"sameAs":["https:\/\/www.facebook.com\/webdotn","https:\/\/x.com\/webdo_tn"],"description":"Webdo est un m\u00e9dia num\u00e9rique tunisien fond\u00e9 en 2010, sp\u00e9cialis\u00e9 dans l\u2019actualit\u00e9 nationale et internationale, l\u2019\u00e9conomie, la soci\u00e9t\u00e9 et les analyses politiques. Le site s\u2019adresse \u00e0 un large public francophone et couvre l\u2019information tunisienne en temps r\u00e9el.","email":"redac@webdo.tn","legalName":"YNJ SARL","foundingDate":"2010-09-06","numberOfEmployees":{"@type":"QuantitativeValue","minValue":"11","maxValue":"50"}},{"@type":"Person","@id":"https:\/\/www.webdo.tn\/fr\/#\/schema\/person\/6bc0beba2cd23aec27cb5df85ca2554f","name":"Hatem Bourial","image":{"@type":"ImageObject","inLanguage":"fr-FR","@id":"https:\/\/www.webdo.tn\/fr\/wp-content\/uploads\/2026\/04\/hatem-bourial_avatar-96x96.jpg","url":"https:\/\/www.webdo.tn\/fr\/wp-content\/uploads\/2026\/04\/hatem-bourial_avatar-96x96.jpg","contentUrl":"https:\/\/www.webdo.tn\/fr\/wp-content\/uploads\/2026\/04\/hatem-bourial_avatar-96x96.jpg","caption":"Hatem Bourial"},"description":"Hatem Bourial est journaliste, \u00e9crivain et chroniqueur tunisien. Actif depuis plusieurs d\u00e9cennies, il s\u2019est impos\u00e9 comme un observateur attentif de la soci\u00e9t\u00e9 tunisienne, m\u00ealant dans ses \u00e9crits m\u00e9moire, culture et analyse du quotidien. Auteur de nombreux ouvrages, il d\u00e9veloppe une \u0153uvre \u00e0 la crois\u00e9e du r\u00e9cit, de la po\u00e9sie et de l\u2019observation sociologique. Parall\u00e8lement \u00e0 ses contributions dans la presse, il intervient r\u00e9guli\u00e8rement \u00e0 la radio et dans des espaces culturels, o\u00f9 il explore les enjeux li\u00e9s au patrimoine, \u00e0 l\u2019identit\u00e9 et aux transformations du monde contemporain. \u00c0 travers ses chroniques, Hatem Bourial propose une lecture sensible et approfondie de l\u2019actualit\u00e9, nourrie par une exp\u00e9rience journalistique et litt\u00e9raire reconnue. \ud83d\udd17 Facebook : https:\/\/www.facebook.com\/hatem.bourial.2025","sameAs":["https:\/\/www.facebook.com\/hatem.bourial.2025","https:\/\/fr.wikipedia.org\/wiki\/Fichier:Hatem_Bourial.jpg"],"knowsAbout":["Culture & patrimoine tunisien","Chronique soci\u00e9tale","Litt\u00e9rature & m\u00e9moire","Cin\u00e9ma & critique culturelle","Identit\u00e9 & mutations sociales"],"knowsLanguage":["Arabe","Fran\u00e7ais","Anglais","Italien","Polonais"],"jobTitle":"Journaliste, \u00e9crivain et chroniqueur culturel","worksFor":"Webdo","url":"https:\/\/www.webdo.tn\/fr\/actualite\/author\/hatem-bourial-2\/"}]}},"_links":{"self":[{"href":"https:\/\/www.webdo.tn\/fr\/wp-json\/wp\/v2\/posts\/186854","targetHints":{"allow":["GET"]}}],"collection":[{"href":"https:\/\/www.webdo.tn\/fr\/wp-json\/wp\/v2\/posts"}],"about":[{"href":"https:\/\/www.webdo.tn\/fr\/wp-json\/wp\/v2\/types\/post"}],"author":[{"embeddable":true,"href":"https:\/\/www.webdo.tn\/fr\/wp-json\/wp\/v2\/users\/3229"}],"replies":[{"embeddable":true,"href":"https:\/\/www.webdo.tn\/fr\/wp-json\/wp\/v2\/comments?post=186854"}],"version-history":[{"count":0,"href":"https:\/\/www.webdo.tn\/fr\/wp-json\/wp\/v2\/posts\/186854\/revisions"}],"wp:featuredmedia":[{"embeddable":true,"href":"https:\/\/www.webdo.tn\/fr\/wp-json\/wp\/v2\/media\/334355"}],"wp:attachment":[{"href":"https:\/\/www.webdo.tn\/fr\/wp-json\/wp\/v2\/media?parent=186854"}],"wp:term":[{"taxonomy":"category","embeddable":true,"href":"https:\/\/www.webdo.tn\/fr\/wp-json\/wp\/v2\/categories?post=186854"},{"taxonomy":"post_tag","embeddable":true,"href":"https:\/\/www.webdo.tn\/fr\/wp-json\/wp\/v2\/tags?post=186854"}],"curies":[{"name":"wp","href":"https:\/\/api.w.org\/{rel}","templated":true}]}}