{"id":186852,"date":"2013-01-30T10:18:00","date_gmt":"2013-01-30T10:18:00","guid":{"rendered":"https:\/\/www.webdo.tn\/fr\/blog\/le-billet-de-hatem-bourial-un-tout-petit-oiseau-pour-booster-les-militants\/186852\/"},"modified":"2025-06-04T18:48:52","modified_gmt":"2025-06-04T18:48:52","slug":"le-billet-de-hatem-bourial-un-tout-petit-oiseau-pour-booster-les-militants","status":"publish","type":"post","link":"https:\/\/www.webdo.tn\/fr\/actualite\/chroniques\/le-billet-de-hatem-bourial-un-tout-petit-oiseau-pour-booster-les-militants\/186852\/","title":{"rendered":"Le billet de Hatem Bourial &#8211; Un tout petit oiseau pour booster les militants"},"content":{"rendered":"<p>Je tiens cette histoire de mon ami Karim Ben Smail. Elle a surgi au cours d&rsquo;une conversation et, depuis, je l&rsquo;ai racont\u00e9e autour de moi et pu constater que la morale qui en naissait \u00e9tait plut\u00f4t appr\u00e9ci\u00e9e. Je me suis alors d\u00e9cid\u00e9 \u00e0 vous la raconter car je trouve que cette histoire r\u00e9sume bien les moments de doute, les passages \u00e0 vide et l&rsquo;engagement toujours renaissant.<br \/>\nIl s&rsquo;agit d&rsquo;un tout petit oiseau, un minuscule volatile de la taille d&rsquo;un canari. Lorsque notre histoire commence, un incendie venait d&rsquo;\u00e9clater dans la grande for\u00eat des animaux. Le feu, pouss\u00e9 par le vent se propageait de plus en plus vite et les grands animaux commen\u00e7aient \u00e0 fuir pour se r\u00e9fugier dans les clairi\u00e8res et pr\u00e8s des points d&rsquo;eau, l\u00e0 ou leurs chances de survivre \u00e9taient plus grandes.<\/p>\n<p>Cet exode animal se passait sous le regard placide du Roi Lion, inquiet pour ses sujets. Pendant tout le temps durant lequel l&rsquo;incendie faisait rage, un tout petit oiseau faisait une \u00e9puisante noria du point d&rsquo;eau \u00e0 la foret et ainsi de suite. A chaque fois, il remplissait son bec d&rsquo;eau et allait d\u00e9verser cette eau sur l&rsquo;incendie. L&rsquo;oiseau continuait son man\u00e8ge malgr\u00e9 le peu d&rsquo;effet de son action.<\/p>\n<p>Suivant ce man\u00e8ge, le lion finit par demander \u00e0 l&rsquo;oiseau : \u00ab\u00a0Ne vois-tu pas que tes efforts ne servent \u00e0 rien?\u00a0\u00bb<br \/>\nCe \u00e0 quoi l&rsquo;oiseau, philosophe et convaincu r\u00e9pondit : \u00ab\u00a0Oui, mais je fais ce que je peux, tout ce que je peux pour sauver la for\u00eat\u00a0\u00bb.<\/p>\n<p>Karim ne m&rsquo;a pas dit ce que le Roi Lion a bien pu r\u00e9torquer \u00e0 ce Diog\u00e8ne ail\u00e9. J&rsquo;imagine qu&rsquo;il se demanda quel genre de fou \u00e9tait cet oiseau qui, dans la panique g\u00e9n\u00e9rale pensait encore \u00e0 l&rsquo;int\u00e9r\u00eat collectif et s&rsquo;\u00e9puisait en vains efforts. Il se dit probablement aussi qu&rsquo;au fond, cet oiseau avait peut-\u00eatre raison, qu&rsquo;en tous cas, il donnait le meilleur de lui-m\u00eame.<\/p>\n<p>L&rsquo;histoire de cet oiseau me renvoie \u00e0 mes propres d\u00e9missions mais aussi \u00e0 une \u00e9vidence. En ce moment, je fais ce que je peux pour faire ce qui me semble juste. Et je sais que nous sommes des millions dans ce cas \u00e0 ne pouvoir qu&rsquo;arroser l&rsquo;incendie, la menace, la catastrophe, de quelques gouttes de bonne volont\u00e9 qui sont tout ce que nous pouvons.<\/p>\n<p>Il faut continuer \u00e0 le faire, tout en essayant de mieux le faire. Car tout engagement est \u00e0 ce prix. Les valeurs d&rsquo;effort et de sacrifice sont essentielles dans la vie d&rsquo;un militant. Et, m\u00eame lorsqu\u2019on ne donne que ce que l&rsquo;on peut, l&rsquo;essentiel est de le faire avec courage et bonne foi. Et de toute fa\u00e7on, l&rsquo;attitude de cet oiseau m\u00e9taphorique est riche de mille messages, mille valeurs g\u00e9n\u00e9reuses que nous tendons \u00e0 perdre de vue.<\/p>\n<p>A chacun(e) de balayer devant sa porte, \u00e0 chacun(e) d&rsquo;apporter la brique qu&rsquo;il peut et de la sorte, le combat, toujours renouvel\u00e9, ne sera jamais perdu. Qu&rsquo;on se le dise, le geste d&rsquo;un petit oiseau peut parfois suffire&#8230; Et, ne dit-on pas que le battement d&rsquo;ailes d&rsquo;un papillon ici peut g\u00e9n\u00e9rer une temp\u00eate l\u00e0-bas ?<\/p>\n<p>J&rsquo;aimerais tant aujourd&rsquo;hui que des voix sinc\u00e8res se l\u00e8vent pour parler de r\u00e9volution v\u00e9ritable de nos mentalit\u00e9s, pour nous rappeler tous les sacrifices consentis par nos ain\u00e9s pour que la Tunisie soit ind\u00e9pendante, moderne et libre, pour nous dire que seul l&rsquo;effort contribue a la gloire des nations.<\/p>\n<p>Tous ces mots peuvent paraitre vagues, pompeux, d\u00e9mod\u00e9s. Pourtant, ce sont bien d&rsquo;eux et de toutes nos valeurs humaines dont nous avons besoin pour d\u00e9fricher l&rsquo;avenir et conjurer toutes ces menaces qui visent la Tunisie car elle est aujourd&rsquo;hui devenue le maillon faible de la modernit\u00e9 arabe voulue par nos p\u00e8res et a\u00efeux, un maillon que des \u00e9mirs d\u00e9cadents veulent abattre a tout prix.<\/p>\n<p>J&rsquo;ai parfois pu dire ces derniers temps qu&rsquo;il \u00e9tait difficile de se battre contre des p\u00e9trodollars. Et je crois avoir raison de le souligner. Toutefois, la le\u00e7on que me donne cet oiseau courageux me renforce, me rass\u00e9r\u00e8ne. La Fontaine ne disait-il pas qu&rsquo;on a toujours besoin de plus petit que soi ?<\/p>\n<p>D\u00e9s lors serais-je le plus anonyme et le plus minuscule militant pour la modernit\u00e9 et la libert\u00e9, je continuerai \u00e0 me battre. Pour que vive la Tunisie et pour que tombe l&rsquo;imposture imp\u00e9rialiste des agresseurs de notre ind\u00e9pendance et de nos consciences&#8230;<\/p>\n","protected":false},"excerpt":{"rendered":"<p>Le billet de Hatem Bourial &#8211; Un tout petit oiseau pour booster les militants<\/p>\n","protected":false},"author":3229,"featured_media":374249,"comment_status":"open","ping_status":"closed","sticky":false,"template":"","format":"standard","meta":{"footnotes":""},"categories":[2596],"tags":[],"class_list":["post-186852","post","type-post","status-publish","format-standard","has-post-thumbnail","hentry","category-chroniques"],"yoast_head":"<!-- This site is optimized with the Yoast SEO Premium plugin v27.5 (Yoast SEO v27.5) - https:\/\/yoast.com\/product\/yoast-seo-premium-wordpress\/ -->\n<title>Le billet de Hatem Bourial - Un tout petit oiseau pour booster les militants<\/title>\n<meta name=\"description\" content=\"Le billet de Hatem Bourial - Un tout petit oiseau pour booster les militants\" \/>\n<link rel=\"canonical\" href=\"https:\/\/www.webdo.tn\/fr\/actualite\/chroniques\/le-billet-de-hatem-bourial-un-tout-petit-oiseau-pour-booster-les-militants\/186852\/\" \/>\n<meta property=\"og:locale\" content=\"fr_FR\" \/>\n<meta property=\"og:type\" content=\"article\" \/>\n<meta property=\"og:title\" content=\"Le billet de Hatem Bourial - Un tout petit oiseau pour booster les militants\" \/>\n<meta property=\"og:description\" content=\"Le billet de Hatem Bourial - Un tout petit oiseau pour booster les militants\" \/>\n<meta property=\"og:url\" content=\"https:\/\/www.webdo.tn\/fr\/actualite\/chroniques\/le-billet-de-hatem-bourial-un-tout-petit-oiseau-pour-booster-les-militants\/186852\/\" \/>\n<meta property=\"og:site_name\" content=\"webdo\" \/>\n<meta property=\"article:publisher\" content=\"https:\/\/www.facebook.com\/webdotn\" \/>\n<meta property=\"article:author\" content=\"https:\/\/www.facebook.com\/hatem.bourial.2025\" \/>\n<meta property=\"article:published_time\" content=\"2013-01-30T10:18:00+00:00\" \/>\n<meta property=\"article:modified_time\" content=\"2025-06-04T18:48:52+00:00\" \/>\n<meta name=\"author\" content=\"Hatem Bourial\" \/>\n<meta name=\"twitter:card\" content=\"summary_large_image\" \/>\n<meta name=\"twitter:creator\" content=\"@webdo_tn\" \/>\n<meta name=\"twitter:site\" content=\"@webdo_tn\" \/>\n<meta name=\"twitter:label1\" content=\"\u00c9crit par\" \/>\n\t<meta name=\"twitter:data1\" content=\"Hatem Bourial\" \/>\n\t<meta name=\"twitter:label2\" content=\"Dur\u00e9e de lecture estim\u00e9e\" \/>\n\t<meta name=\"twitter:data2\" content=\"4 minutes\" \/>\n<script type=\"application\/ld+json\" class=\"yoast-schema-graph\">{\"@context\":\"https:\\\/\\\/schema.org\",\"@graph\":[{\"@type\":\"NewsArticle\",\"@id\":\"https:\\\/\\\/www.webdo.tn\\\/fr\\\/actualite\\\/chroniques\\\/le-billet-de-hatem-bourial-un-tout-petit-oiseau-pour-booster-les-militants\\\/186852\\\/#article\",\"isPartOf\":{\"@id\":\"https:\\\/\\\/www.webdo.tn\\\/fr\\\/actualite\\\/chroniques\\\/le-billet-de-hatem-bourial-un-tout-petit-oiseau-pour-booster-les-militants\\\/186852\\\/\"},\"author\":{\"name\":\"Hatem Bourial\",\"@id\":\"https:\\\/\\\/www.webdo.tn\\\/fr\\\/#\\\/schema\\\/person\\\/6bc0beba2cd23aec27cb5df85ca2554f\"},\"headline\":\"Le billet de Hatem Bourial &#8211; Un tout petit oiseau pour booster les militants\",\"datePublished\":\"2013-01-30T10:18:00+00:00\",\"dateModified\":\"2025-06-04T18:48:52+00:00\",\"mainEntityOfPage\":{\"@id\":\"https:\\\/\\\/www.webdo.tn\\\/fr\\\/actualite\\\/chroniques\\\/le-billet-de-hatem-bourial-un-tout-petit-oiseau-pour-booster-les-militants\\\/186852\\\/\"},\"wordCount\":814,\"commentCount\":0,\"publisher\":{\"@id\":\"https:\\\/\\\/www.webdo.tn\\\/fr\\\/#organization\"},\"image\":{\"@id\":\"https:\\\/\\\/www.webdo.tn\\\/fr\\\/actualite\\\/chroniques\\\/le-billet-de-hatem-bourial-un-tout-petit-oiseau-pour-booster-les-militants\\\/186852\\\/#primaryimage\"},\"thumbnailUrl\":\"https:\\\/\\\/www.webdo.tn\\\/fr\\\/wp-content\\\/uploads\\\/2025\\\/06\\\/Revolution-Tunisie-photo-lexpress.fr__186852.jpg\",\"articleSection\":[\"Chroniques\"],\"inLanguage\":\"fr-FR\"},{\"@type\":\"WebPage\",\"@id\":\"https:\\\/\\\/www.webdo.tn\\\/fr\\\/actualite\\\/chroniques\\\/le-billet-de-hatem-bourial-un-tout-petit-oiseau-pour-booster-les-militants\\\/186852\\\/\",\"url\":\"https:\\\/\\\/www.webdo.tn\\\/fr\\\/actualite\\\/chroniques\\\/le-billet-de-hatem-bourial-un-tout-petit-oiseau-pour-booster-les-militants\\\/186852\\\/\",\"name\":\"Le billet de Hatem Bourial - Un tout petit oiseau pour booster les militants\",\"isPartOf\":{\"@id\":\"https:\\\/\\\/www.webdo.tn\\\/fr\\\/#website\"},\"primaryImageOfPage\":{\"@id\":\"https:\\\/\\\/www.webdo.tn\\\/fr\\\/actualite\\\/chroniques\\\/le-billet-de-hatem-bourial-un-tout-petit-oiseau-pour-booster-les-militants\\\/186852\\\/#primaryimage\"},\"image\":{\"@id\":\"https:\\\/\\\/www.webdo.tn\\\/fr\\\/actualite\\\/chroniques\\\/le-billet-de-hatem-bourial-un-tout-petit-oiseau-pour-booster-les-militants\\\/186852\\\/#primaryimage\"},\"thumbnailUrl\":\"https:\\\/\\\/www.webdo.tn\\\/fr\\\/wp-content\\\/uploads\\\/2025\\\/06\\\/Revolution-Tunisie-photo-lexpress.fr__186852.jpg\",\"datePublished\":\"2013-01-30T10:18:00+00:00\",\"dateModified\":\"2025-06-04T18:48:52+00:00\",\"description\":\"Le billet de Hatem Bourial - Un tout petit oiseau pour booster les militants\",\"breadcrumb\":{\"@id\":\"https:\\\/\\\/www.webdo.tn\\\/fr\\\/actualite\\\/chroniques\\\/le-billet-de-hatem-bourial-un-tout-petit-oiseau-pour-booster-les-militants\\\/186852\\\/#breadcrumb\"},\"inLanguage\":\"fr-FR\",\"potentialAction\":[{\"@type\":\"ReadAction\",\"target\":[\"https:\\\/\\\/www.webdo.tn\\\/fr\\\/actualite\\\/chroniques\\\/le-billet-de-hatem-bourial-un-tout-petit-oiseau-pour-booster-les-militants\\\/186852\\\/\"]}]},{\"@type\":\"ImageObject\",\"inLanguage\":\"fr-FR\",\"@id\":\"https:\\\/\\\/www.webdo.tn\\\/fr\\\/actualite\\\/chroniques\\\/le-billet-de-hatem-bourial-un-tout-petit-oiseau-pour-booster-les-militants\\\/186852\\\/#primaryimage\",\"url\":\"https:\\\/\\\/www.webdo.tn\\\/fr\\\/wp-content\\\/uploads\\\/2025\\\/06\\\/Revolution-Tunisie-photo-lexpress.fr__186852.jpg\",\"contentUrl\":\"https:\\\/\\\/www.webdo.tn\\\/fr\\\/wp-content\\\/uploads\\\/2025\\\/06\\\/Revolution-Tunisie-photo-lexpress.fr__186852.jpg\",\"width\":605,\"height\":424,\"caption\":\"Le billet de Hatem Bourial - Un tout petit oiseau pour booster les militants\"},{\"@type\":\"BreadcrumbList\",\"@id\":\"https:\\\/\\\/www.webdo.tn\\\/fr\\\/actualite\\\/chroniques\\\/le-billet-de-hatem-bourial-un-tout-petit-oiseau-pour-booster-les-militants\\\/186852\\\/#breadcrumb\",\"itemListElement\":[{\"@type\":\"ListItem\",\"position\":1,\"name\":\"Accueil\",\"item\":\"https:\\\/\\\/www.webdo.tn\\\/fr\\\/\"},{\"@type\":\"ListItem\",\"position\":2,\"name\":\"Le billet de Hatem Bourial &#8211; Un tout petit oiseau pour booster les militants\"}]},{\"@type\":\"WebSite\",\"@id\":\"https:\\\/\\\/www.webdo.tn\\\/fr\\\/#website\",\"url\":\"https:\\\/\\\/www.webdo.tn\\\/fr\\\/\",\"name\":\"webdo\",\"description\":\"Tunisie - News en Tunisie et \u00e0 l&#039;international sur Webdo.tn\",\"publisher\":{\"@id\":\"https:\\\/\\\/www.webdo.tn\\\/fr\\\/#organization\"},\"potentialAction\":[{\"@type\":\"SearchAction\",\"target\":{\"@type\":\"EntryPoint\",\"urlTemplate\":\"https:\\\/\\\/www.webdo.tn\\\/fr\\\/?s={search_term_string}\"},\"query-input\":{\"@type\":\"PropertyValueSpecification\",\"valueRequired\":true,\"valueName\":\"search_term_string\"}}],\"inLanguage\":\"fr-FR\"},{\"@type\":\"Organization\",\"@id\":\"https:\\\/\\\/www.webdo.tn\\\/fr\\\/#organization\",\"name\":\"Webdo\",\"alternateName\":\"Webdo.tn\",\"url\":\"https:\\\/\\\/www.webdo.tn\\\/fr\\\/\",\"logo\":{\"@type\":\"ImageObject\",\"inLanguage\":\"fr-FR\",\"@id\":\"https:\\\/\\\/www.webdo.tn\\\/fr\\\/#\\\/schema\\\/logo\\\/image\\\/\",\"url\":\"https:\\\/\\\/www.webdo.tn\\\/fr\\\/wp-content\\\/uploads\\\/2025\\\/06\\\/Webdo-Tunisie_168377.jpg\",\"contentUrl\":\"https:\\\/\\\/www.webdo.tn\\\/fr\\\/wp-content\\\/uploads\\\/2025\\\/06\\\/Webdo-Tunisie_168377.jpg\",\"width\":301,\"height\":301,\"caption\":\"Webdo\"},\"image\":{\"@id\":\"https:\\\/\\\/www.webdo.tn\\\/fr\\\/#\\\/schema\\\/logo\\\/image\\\/\"},\"sameAs\":[\"https:\\\/\\\/www.facebook.com\\\/webdotn\",\"https:\\\/\\\/x.com\\\/webdo_tn\"],\"description\":\"Webdo est un m\u00e9dia num\u00e9rique tunisien fond\u00e9 en 2010, sp\u00e9cialis\u00e9 dans l\u2019actualit\u00e9 nationale et internationale, l\u2019\u00e9conomie, la soci\u00e9t\u00e9 et les analyses politiques. Le site s\u2019adresse \u00e0 un large public francophone et couvre l\u2019information tunisienne en temps r\u00e9el.\",\"email\":\"redac@webdo.tn\",\"legalName\":\"YNJ SARL\",\"foundingDate\":\"2010-09-06\",\"numberOfEmployees\":{\"@type\":\"QuantitativeValue\",\"minValue\":\"11\",\"maxValue\":\"50\"}},{\"@type\":\"Person\",\"@id\":\"https:\\\/\\\/www.webdo.tn\\\/fr\\\/#\\\/schema\\\/person\\\/6bc0beba2cd23aec27cb5df85ca2554f\",\"name\":\"Hatem Bourial\",\"image\":{\"@type\":\"ImageObject\",\"inLanguage\":\"fr-FR\",\"@id\":\"https:\\\/\\\/www.webdo.tn\\\/fr\\\/wp-content\\\/uploads\\\/2026\\\/04\\\/hatem-bourial_avatar-96x96.jpg\",\"url\":\"https:\\\/\\\/www.webdo.tn\\\/fr\\\/wp-content\\\/uploads\\\/2026\\\/04\\\/hatem-bourial_avatar-96x96.jpg\",\"contentUrl\":\"https:\\\/\\\/www.webdo.tn\\\/fr\\\/wp-content\\\/uploads\\\/2026\\\/04\\\/hatem-bourial_avatar-96x96.jpg\",\"caption\":\"Hatem Bourial\"},\"description\":\"Hatem Bourial est journaliste, \u00e9crivain et chroniqueur tunisien. Actif depuis plusieurs d\u00e9cennies, il s\u2019est impos\u00e9 comme un observateur attentif de la soci\u00e9t\u00e9 tunisienne, m\u00ealant dans ses \u00e9crits m\u00e9moire, culture et analyse du quotidien. Auteur de nombreux ouvrages, il d\u00e9veloppe une \u0153uvre \u00e0 la crois\u00e9e du r\u00e9cit, de la po\u00e9sie et de l\u2019observation sociologique. Parall\u00e8lement \u00e0 ses contributions dans la presse, il intervient r\u00e9guli\u00e8rement \u00e0 la radio et dans des espaces culturels, o\u00f9 il explore les enjeux li\u00e9s au patrimoine, \u00e0 l\u2019identit\u00e9 et aux transformations du monde contemporain. \u00c0 travers ses chroniques, Hatem Bourial propose une lecture sensible et approfondie de l\u2019actualit\u00e9, nourrie par une exp\u00e9rience journalistique et litt\u00e9raire reconnue. \ud83d\udd17 Facebook : https:\\\/\\\/www.facebook.com\\\/hatem.bourial.2025\",\"sameAs\":[\"https:\\\/\\\/www.facebook.com\\\/hatem.bourial.2025\",\"https:\\\/\\\/fr.wikipedia.org\\\/wiki\\\/Fichier:Hatem_Bourial.jpg\"],\"knowsAbout\":[\"Culture & patrimoine tunisien\",\"Chronique soci\u00e9tale\",\"Litt\u00e9rature & m\u00e9moire\",\"Cin\u00e9ma & critique culturelle\",\"Identit\u00e9 & mutations sociales\"],\"knowsLanguage\":[\"Arabe\",\"Fran\u00e7ais\",\"Anglais\",\"Italien\",\"Polonais\"],\"jobTitle\":\"Journaliste, \u00e9crivain et chroniqueur culturel\",\"worksFor\":\"Webdo\",\"url\":\"https:\\\/\\\/www.webdo.tn\\\/fr\\\/actualite\\\/author\\\/hatem-bourial-2\\\/\"}]}<\/script>\n<!-- \/ Yoast SEO Premium plugin. -->","yoast_head_json":{"title":"Le billet de Hatem Bourial - Un tout petit oiseau pour booster les militants","description":"Le billet de Hatem Bourial - Un tout petit oiseau pour booster les militants","canonical":"https:\/\/www.webdo.tn\/fr\/actualite\/chroniques\/le-billet-de-hatem-bourial-un-tout-petit-oiseau-pour-booster-les-militants\/186852\/","og_locale":"fr_FR","og_type":"article","og_title":"Le billet de Hatem Bourial - Un tout petit oiseau pour booster les militants","og_description":"Le billet de Hatem Bourial - Un tout petit oiseau pour booster les militants","og_url":"https:\/\/www.webdo.tn\/fr\/actualite\/chroniques\/le-billet-de-hatem-bourial-un-tout-petit-oiseau-pour-booster-les-militants\/186852\/","og_site_name":"webdo","article_publisher":"https:\/\/www.facebook.com\/webdotn","article_author":"https:\/\/www.facebook.com\/hatem.bourial.2025","article_published_time":"2013-01-30T10:18:00+00:00","article_modified_time":"2025-06-04T18:48:52+00:00","author":"Hatem Bourial","twitter_card":"summary_large_image","twitter_creator":"@webdo_tn","twitter_site":"@webdo_tn","twitter_misc":{"\u00c9crit par":"Hatem Bourial","Dur\u00e9e de lecture estim\u00e9e":"4 minutes"},"schema":{"@context":"https:\/\/schema.org","@graph":[{"@type":"NewsArticle","@id":"https:\/\/www.webdo.tn\/fr\/actualite\/chroniques\/le-billet-de-hatem-bourial-un-tout-petit-oiseau-pour-booster-les-militants\/186852\/#article","isPartOf":{"@id":"https:\/\/www.webdo.tn\/fr\/actualite\/chroniques\/le-billet-de-hatem-bourial-un-tout-petit-oiseau-pour-booster-les-militants\/186852\/"},"author":{"name":"Hatem Bourial","@id":"https:\/\/www.webdo.tn\/fr\/#\/schema\/person\/6bc0beba2cd23aec27cb5df85ca2554f"},"headline":"Le billet de Hatem Bourial &#8211; Un tout petit oiseau pour booster les militants","datePublished":"2013-01-30T10:18:00+00:00","dateModified":"2025-06-04T18:48:52+00:00","mainEntityOfPage":{"@id":"https:\/\/www.webdo.tn\/fr\/actualite\/chroniques\/le-billet-de-hatem-bourial-un-tout-petit-oiseau-pour-booster-les-militants\/186852\/"},"wordCount":814,"commentCount":0,"publisher":{"@id":"https:\/\/www.webdo.tn\/fr\/#organization"},"image":{"@id":"https:\/\/www.webdo.tn\/fr\/actualite\/chroniques\/le-billet-de-hatem-bourial-un-tout-petit-oiseau-pour-booster-les-militants\/186852\/#primaryimage"},"thumbnailUrl":"https:\/\/www.webdo.tn\/fr\/wp-content\/uploads\/2025\/06\/Revolution-Tunisie-photo-lexpress.fr__186852.jpg","articleSection":["Chroniques"],"inLanguage":"fr-FR"},{"@type":"WebPage","@id":"https:\/\/www.webdo.tn\/fr\/actualite\/chroniques\/le-billet-de-hatem-bourial-un-tout-petit-oiseau-pour-booster-les-militants\/186852\/","url":"https:\/\/www.webdo.tn\/fr\/actualite\/chroniques\/le-billet-de-hatem-bourial-un-tout-petit-oiseau-pour-booster-les-militants\/186852\/","name":"Le billet de Hatem Bourial - Un tout petit oiseau pour booster les militants","isPartOf":{"@id":"https:\/\/www.webdo.tn\/fr\/#website"},"primaryImageOfPage":{"@id":"https:\/\/www.webdo.tn\/fr\/actualite\/chroniques\/le-billet-de-hatem-bourial-un-tout-petit-oiseau-pour-booster-les-militants\/186852\/#primaryimage"},"image":{"@id":"https:\/\/www.webdo.tn\/fr\/actualite\/chroniques\/le-billet-de-hatem-bourial-un-tout-petit-oiseau-pour-booster-les-militants\/186852\/#primaryimage"},"thumbnailUrl":"https:\/\/www.webdo.tn\/fr\/wp-content\/uploads\/2025\/06\/Revolution-Tunisie-photo-lexpress.fr__186852.jpg","datePublished":"2013-01-30T10:18:00+00:00","dateModified":"2025-06-04T18:48:52+00:00","description":"Le billet de Hatem Bourial - Un tout petit oiseau pour booster les militants","breadcrumb":{"@id":"https:\/\/www.webdo.tn\/fr\/actualite\/chroniques\/le-billet-de-hatem-bourial-un-tout-petit-oiseau-pour-booster-les-militants\/186852\/#breadcrumb"},"inLanguage":"fr-FR","potentialAction":[{"@type":"ReadAction","target":["https:\/\/www.webdo.tn\/fr\/actualite\/chroniques\/le-billet-de-hatem-bourial-un-tout-petit-oiseau-pour-booster-les-militants\/186852\/"]}]},{"@type":"ImageObject","inLanguage":"fr-FR","@id":"https:\/\/www.webdo.tn\/fr\/actualite\/chroniques\/le-billet-de-hatem-bourial-un-tout-petit-oiseau-pour-booster-les-militants\/186852\/#primaryimage","url":"https:\/\/www.webdo.tn\/fr\/wp-content\/uploads\/2025\/06\/Revolution-Tunisie-photo-lexpress.fr__186852.jpg","contentUrl":"https:\/\/www.webdo.tn\/fr\/wp-content\/uploads\/2025\/06\/Revolution-Tunisie-photo-lexpress.fr__186852.jpg","width":605,"height":424,"caption":"Le billet de Hatem Bourial - Un tout petit oiseau pour booster les militants"},{"@type":"BreadcrumbList","@id":"https:\/\/www.webdo.tn\/fr\/actualite\/chroniques\/le-billet-de-hatem-bourial-un-tout-petit-oiseau-pour-booster-les-militants\/186852\/#breadcrumb","itemListElement":[{"@type":"ListItem","position":1,"name":"Accueil","item":"https:\/\/www.webdo.tn\/fr\/"},{"@type":"ListItem","position":2,"name":"Le billet de Hatem Bourial &#8211; Un tout petit oiseau pour booster les militants"}]},{"@type":"WebSite","@id":"https:\/\/www.webdo.tn\/fr\/#website","url":"https:\/\/www.webdo.tn\/fr\/","name":"webdo","description":"Tunisie - News en Tunisie et \u00e0 l&#039;international sur Webdo.tn","publisher":{"@id":"https:\/\/www.webdo.tn\/fr\/#organization"},"potentialAction":[{"@type":"SearchAction","target":{"@type":"EntryPoint","urlTemplate":"https:\/\/www.webdo.tn\/fr\/?s={search_term_string}"},"query-input":{"@type":"PropertyValueSpecification","valueRequired":true,"valueName":"search_term_string"}}],"inLanguage":"fr-FR"},{"@type":"Organization","@id":"https:\/\/www.webdo.tn\/fr\/#organization","name":"Webdo","alternateName":"Webdo.tn","url":"https:\/\/www.webdo.tn\/fr\/","logo":{"@type":"ImageObject","inLanguage":"fr-FR","@id":"https:\/\/www.webdo.tn\/fr\/#\/schema\/logo\/image\/","url":"https:\/\/www.webdo.tn\/fr\/wp-content\/uploads\/2025\/06\/Webdo-Tunisie_168377.jpg","contentUrl":"https:\/\/www.webdo.tn\/fr\/wp-content\/uploads\/2025\/06\/Webdo-Tunisie_168377.jpg","width":301,"height":301,"caption":"Webdo"},"image":{"@id":"https:\/\/www.webdo.tn\/fr\/#\/schema\/logo\/image\/"},"sameAs":["https:\/\/www.facebook.com\/webdotn","https:\/\/x.com\/webdo_tn"],"description":"Webdo est un m\u00e9dia num\u00e9rique tunisien fond\u00e9 en 2010, sp\u00e9cialis\u00e9 dans l\u2019actualit\u00e9 nationale et internationale, l\u2019\u00e9conomie, la soci\u00e9t\u00e9 et les analyses politiques. Le site s\u2019adresse \u00e0 un large public francophone et couvre l\u2019information tunisienne en temps r\u00e9el.","email":"redac@webdo.tn","legalName":"YNJ SARL","foundingDate":"2010-09-06","numberOfEmployees":{"@type":"QuantitativeValue","minValue":"11","maxValue":"50"}},{"@type":"Person","@id":"https:\/\/www.webdo.tn\/fr\/#\/schema\/person\/6bc0beba2cd23aec27cb5df85ca2554f","name":"Hatem Bourial","image":{"@type":"ImageObject","inLanguage":"fr-FR","@id":"https:\/\/www.webdo.tn\/fr\/wp-content\/uploads\/2026\/04\/hatem-bourial_avatar-96x96.jpg","url":"https:\/\/www.webdo.tn\/fr\/wp-content\/uploads\/2026\/04\/hatem-bourial_avatar-96x96.jpg","contentUrl":"https:\/\/www.webdo.tn\/fr\/wp-content\/uploads\/2026\/04\/hatem-bourial_avatar-96x96.jpg","caption":"Hatem Bourial"},"description":"Hatem Bourial est journaliste, \u00e9crivain et chroniqueur tunisien. Actif depuis plusieurs d\u00e9cennies, il s\u2019est impos\u00e9 comme un observateur attentif de la soci\u00e9t\u00e9 tunisienne, m\u00ealant dans ses \u00e9crits m\u00e9moire, culture et analyse du quotidien. Auteur de nombreux ouvrages, il d\u00e9veloppe une \u0153uvre \u00e0 la crois\u00e9e du r\u00e9cit, de la po\u00e9sie et de l\u2019observation sociologique. Parall\u00e8lement \u00e0 ses contributions dans la presse, il intervient r\u00e9guli\u00e8rement \u00e0 la radio et dans des espaces culturels, o\u00f9 il explore les enjeux li\u00e9s au patrimoine, \u00e0 l\u2019identit\u00e9 et aux transformations du monde contemporain. \u00c0 travers ses chroniques, Hatem Bourial propose une lecture sensible et approfondie de l\u2019actualit\u00e9, nourrie par une exp\u00e9rience journalistique et litt\u00e9raire reconnue. \ud83d\udd17 Facebook : https:\/\/www.facebook.com\/hatem.bourial.2025","sameAs":["https:\/\/www.facebook.com\/hatem.bourial.2025","https:\/\/fr.wikipedia.org\/wiki\/Fichier:Hatem_Bourial.jpg"],"knowsAbout":["Culture & patrimoine tunisien","Chronique soci\u00e9tale","Litt\u00e9rature & m\u00e9moire","Cin\u00e9ma & critique culturelle","Identit\u00e9 & mutations sociales"],"knowsLanguage":["Arabe","Fran\u00e7ais","Anglais","Italien","Polonais"],"jobTitle":"Journaliste, \u00e9crivain et chroniqueur culturel","worksFor":"Webdo","url":"https:\/\/www.webdo.tn\/fr\/actualite\/author\/hatem-bourial-2\/"}]}},"_links":{"self":[{"href":"https:\/\/www.webdo.tn\/fr\/wp-json\/wp\/v2\/posts\/186852","targetHints":{"allow":["GET"]}}],"collection":[{"href":"https:\/\/www.webdo.tn\/fr\/wp-json\/wp\/v2\/posts"}],"about":[{"href":"https:\/\/www.webdo.tn\/fr\/wp-json\/wp\/v2\/types\/post"}],"author":[{"embeddable":true,"href":"https:\/\/www.webdo.tn\/fr\/wp-json\/wp\/v2\/users\/3229"}],"replies":[{"embeddable":true,"href":"https:\/\/www.webdo.tn\/fr\/wp-json\/wp\/v2\/comments?post=186852"}],"version-history":[{"count":0,"href":"https:\/\/www.webdo.tn\/fr\/wp-json\/wp\/v2\/posts\/186852\/revisions"}],"wp:featuredmedia":[{"embeddable":true,"href":"https:\/\/www.webdo.tn\/fr\/wp-json\/wp\/v2\/media\/374249"}],"wp:attachment":[{"href":"https:\/\/www.webdo.tn\/fr\/wp-json\/wp\/v2\/media?parent=186852"}],"wp:term":[{"taxonomy":"category","embeddable":true,"href":"https:\/\/www.webdo.tn\/fr\/wp-json\/wp\/v2\/categories?post=186852"},{"taxonomy":"post_tag","embeddable":true,"href":"https:\/\/www.webdo.tn\/fr\/wp-json\/wp\/v2\/tags?post=186852"}],"curies":[{"name":"wp","href":"https:\/\/api.w.org\/{rel}","templated":true}]}}