{"id":186851,"date":"2013-01-24T23:25:00","date_gmt":"2013-01-24T23:25:00","guid":{"rendered":"https:\/\/www.webdo.tn\/fr\/blog\/le-billet-de-hatem-bourial-cri-du-coeur-pour-tunis-ma-ville-qui-se-meurt\/186851\/"},"modified":"2013-01-24T23:25:00","modified_gmt":"2013-01-24T23:25:00","slug":"le-billet-de-hatem-bourial-cri-du-coeur-pour-tunis-ma-ville-qui-se-meurt","status":"publish","type":"post","link":"https:\/\/www.webdo.tn\/fr\/actualite\/chroniques\/le-billet-de-hatem-bourial-cri-du-coeur-pour-tunis-ma-ville-qui-se-meurt\/186851\/","title":{"rendered":"Le billet de Hatem Bourial &#8211; Cri du c\u0153ur pour Tunis, ma ville qui se meurt&#8230;"},"content":{"rendered":"<p>Pourquoi cacher le malaise que je vis au quotidien dans les rues de Tunis. Mes lecteurs me pardonneront d\u2019employer un terme excessif mais ce qui se passe sur la voie publique est \u00e0 maints \u00e9gards scandaleux, pornographique (au sens \u00e9tymologique du terme).<\/p>\n<p>Des enfants qui lancent des pierres sur les passants, des d\u00e9s\u0153uvr\u00e9s qui boivent ostensiblement leur litre de rouge, des lyc\u00e9ens qui se comportent comme des hordes imb\u00e9ciles, des filles oblig\u00e9es de se v\u00eatir d\u2019accoutrements de style afghan pour \u00e9chapper ne serait-ce qu\u2019aux violences verbales, d\u2019autres filles qu\u2019on dirait tout droit sorties de bordels tha\u00eflandais, des bars o\u00f9 l\u2019on boit comme dans l\u2019Assommoir de Zola, des ivrognes qui pissent sans se soucier o\u00f9 et devant qui, des voleurs dans tous les recoins, des caf\u00e9s bond\u00e9s d\u2019oisifs \u00e0 perte de vue, des voitures gar\u00e9es partout, des voitures qui roulent partout, des voitures qui acc\u00e9l\u00e8rent l\u00e0 o\u00f9 il ne faut pas, des mendiants qui essaient de tirer leur \u00e9pingle du jeu, de faux aveugles et de vrais myopes, du verbe obsc\u00e8ne partout, partout, partout et \u00e0 longueur de journ\u00e9e.<\/p>\n<p>Sous nos regards coupables, nos rues sont devenues pornographiques, suintent de violence, se vautrent dans l\u2019incivilit\u00e9. O\u00f9 sommes-nous ? Que sont nos valeurs devenues ? Que vont nos villes devenir ?<br \/>\nAu d\u00e9but des ann\u00e9es soixante-dix, les sociologues parlaient de la ruralisation des villes. Je ne sais de quoi ils parleraient aujourd\u2019hui. De fait, je ne d\u00e9sire pas entrer dans cette discussion car j\u2019ai non seulement un respect t\u00eatu pour le monde rural (o\u00f9 nous avons tous nos racines quelque part) mais aussi la profonde conviction que tous les Tunisiens ont droit \u00e0 leur capitale et aux grandes villes du pays.<\/p>\n<p>Par contre, ce sont les modes de vie dans les grandes villes qui posent probl\u00e8me. Et dans cette optique, le passif continue \u00e0 s\u2019amplifier. Nous avons d\u2019abord connu la d\u00e9figuration des acc\u00e8s de pratiquement toutes nos villes au point o\u00f9 l\u2019anomalie est devenue une r\u00e8gle incontournable dans notre paysage. Entrer \u00e0 Zaghouan, \u00e0 Kasserine ou ailleurs implique le passage in\u00e9vitable devant le spectacle d\u2019immeubles provisoires et de garages polluants \u00e9quitablement r\u00e9partis des deux c\u00f4t\u00e9s de la chauss\u00e9e avec cette alternance hideuse du rouge brique avec le gris cendre du ciment.<\/p>\n<p>Les ceintures vertes, n\u2019en parlons plus ! Irr\u00e9m\u00e9diablement bouff\u00e9es par les constructions souvent anarchiques qui n\u2019h\u00e9sitent plus \u00e0 s\u2019installer dans le lit des rivi\u00e8res.<br \/>\nNous avons connu l\u2019oukalisation et son contraire, les march\u00e9s modernis\u00e9s puis le retour aux souks hebdomadaires, l\u2019ouverture puis l\u2019authenticit\u00e9, puis l\u2019authenticit\u00e9 sans ouverture et vice-versa.<br \/>\nQue mes lecteurs me pardonnent certains mots qu\u2019ils pourraient juger excessifs. Mais souvent, la r\u00e9alit\u00e9 est plus excessive encore. Et puis qu\u2019on prenne ce coup de gueule pour ce qu\u2019il est : un simple cri du c\u0153ur, l\u2019appel d\u00e9sesp\u00e9r\u00e9 de quelqu\u2019un qui n\u2019en peut plus, l\u2019expression d\u2019un ras-le-bol longtemps contenu.<\/p>\n<p>Cette r\u00e9alit\u00e9 brutale de nos rues me donne des crises d\u2019asthme. Ces petits d\u00e9linquants et ces terribles chauffards, je le sais, ne sont qu\u2019une minorit\u00e9 bruyante mais elle occupe le haut du pav\u00e9 et rend souvent le reste invisible.<br \/>\nJe sais aussi l\u2019amertume de ces propos mais si je les tiens devant vous, c\u2019est bien parce que je suis convaincu qu\u2019il est encore possible d\u2019inverser cette malheureuse tendance qui \u00abpornographise\u00bb le r\u00e9el, le v\u00e9cu et la vertu.<\/p>\n","protected":false},"excerpt":{"rendered":"<p>Le billet de Hatem Bourial &#8211; Cri du c\u0153ur pour Tunis, ma ville qui se meurt&#8230;<\/p>\n","protected":false},"author":3229,"featured_media":334333,"comment_status":"open","ping_status":"closed","sticky":false,"template":"","format":"standard","meta":{"footnotes":""},"categories":[2596],"tags":[2600],"class_list":["post-186851","post","type-post","status-publish","format-standard","has-post-thumbnail","hentry","category-chroniques","tag-guerre"],"yoast_head":"<!-- This site is optimized with the Yoast SEO Premium plugin v27.5 (Yoast SEO v27.5) - https:\/\/yoast.com\/product\/yoast-seo-premium-wordpress\/ -->\n<title>Le billet de Hatem Bourial - Cri du c\u0153ur pour Tunis, ma ville qui se meurt...<\/title>\n<meta name=\"description\" content=\"Le billet de Hatem Bourial - Cri du c\u0153ur pour Tunis, ma ville qui se meurt...\" \/>\n<link rel=\"canonical\" href=\"https:\/\/www.webdo.tn\/fr\/actualite\/chroniques\/le-billet-de-hatem-bourial-cri-du-coeur-pour-tunis-ma-ville-qui-se-meurt\/186851\/\" \/>\n<meta property=\"og:locale\" content=\"fr_FR\" \/>\n<meta property=\"og:type\" content=\"article\" \/>\n<meta property=\"og:title\" content=\"Le billet de Hatem Bourial - Cri du c\u0153ur pour Tunis, ma ville qui se meurt...\" \/>\n<meta property=\"og:description\" content=\"Le billet de Hatem Bourial - Cri du c\u0153ur pour Tunis, ma ville qui se meurt...\" \/>\n<meta property=\"og:url\" content=\"https:\/\/www.webdo.tn\/fr\/actualite\/chroniques\/le-billet-de-hatem-bourial-cri-du-coeur-pour-tunis-ma-ville-qui-se-meurt\/186851\/\" \/>\n<meta property=\"og:site_name\" content=\"webdo\" \/>\n<meta property=\"article:publisher\" content=\"https:\/\/www.facebook.com\/webdotn\" \/>\n<meta property=\"article:author\" content=\"https:\/\/www.facebook.com\/hatem.bourial.2025\" \/>\n<meta property=\"article:published_time\" content=\"2013-01-24T23:25:00+00:00\" \/>\n<meta property=\"og:image\" content=\"https:\/\/www.webdo.tn\/fr\/wp-content\/uploads\/2013\/01\/Tunis-1-photo-leparisien.fr_1.jpg\" \/>\n\t<meta property=\"og:image:width\" content=\"287\" \/>\n\t<meta property=\"og:image:height\" content=\"192\" \/>\n\t<meta property=\"og:image:type\" content=\"image\/jpeg\" \/>\n<meta name=\"author\" content=\"Hatem Bourial\" \/>\n<meta name=\"twitter:card\" content=\"summary_large_image\" \/>\n<meta name=\"twitter:creator\" content=\"@webdo_tn\" \/>\n<meta name=\"twitter:site\" content=\"@webdo_tn\" \/>\n<meta name=\"twitter:label1\" content=\"\u00c9crit par\" \/>\n\t<meta name=\"twitter:data1\" content=\"Hatem Bourial\" \/>\n\t<meta name=\"twitter:label2\" content=\"Dur\u00e9e de lecture estim\u00e9e\" \/>\n\t<meta name=\"twitter:data2\" content=\"3 minutes\" \/>\n<script type=\"application\/ld+json\" class=\"yoast-schema-graph\">{\"@context\":\"https:\\\/\\\/schema.org\",\"@graph\":[{\"@type\":\"NewsArticle\",\"@id\":\"https:\\\/\\\/www.webdo.tn\\\/fr\\\/actualite\\\/chroniques\\\/le-billet-de-hatem-bourial-cri-du-coeur-pour-tunis-ma-ville-qui-se-meurt\\\/186851\\\/#article\",\"isPartOf\":{\"@id\":\"https:\\\/\\\/www.webdo.tn\\\/fr\\\/actualite\\\/chroniques\\\/le-billet-de-hatem-bourial-cri-du-coeur-pour-tunis-ma-ville-qui-se-meurt\\\/186851\\\/\"},\"author\":{\"name\":\"Hatem Bourial\",\"@id\":\"https:\\\/\\\/www.webdo.tn\\\/fr\\\/#\\\/schema\\\/person\\\/6bc0beba2cd23aec27cb5df85ca2554f\"},\"headline\":\"Le billet de Hatem Bourial &#8211; Cri du c\u0153ur pour Tunis, ma ville qui se meurt&#8230;\",\"datePublished\":\"2013-01-24T23:25:00+00:00\",\"mainEntityOfPage\":{\"@id\":\"https:\\\/\\\/www.webdo.tn\\\/fr\\\/actualite\\\/chroniques\\\/le-billet-de-hatem-bourial-cri-du-coeur-pour-tunis-ma-ville-qui-se-meurt\\\/186851\\\/\"},\"wordCount\":628,\"commentCount\":0,\"publisher\":{\"@id\":\"https:\\\/\\\/www.webdo.tn\\\/fr\\\/#organization\"},\"image\":{\"@id\":\"https:\\\/\\\/www.webdo.tn\\\/fr\\\/actualite\\\/chroniques\\\/le-billet-de-hatem-bourial-cri-du-coeur-pour-tunis-ma-ville-qui-se-meurt\\\/186851\\\/#primaryimage\"},\"thumbnailUrl\":\"https:\\\/\\\/www.webdo.tn\\\/fr\\\/wp-content\\\/uploads\\\/2013\\\/01\\\/Tunis-1-photo-leparisien.fr_1.jpg\",\"keywords\":[\"guerre\"],\"articleSection\":[\"Chroniques\"],\"inLanguage\":\"fr-FR\"},{\"@type\":\"WebPage\",\"@id\":\"https:\\\/\\\/www.webdo.tn\\\/fr\\\/actualite\\\/chroniques\\\/le-billet-de-hatem-bourial-cri-du-coeur-pour-tunis-ma-ville-qui-se-meurt\\\/186851\\\/\",\"url\":\"https:\\\/\\\/www.webdo.tn\\\/fr\\\/actualite\\\/chroniques\\\/le-billet-de-hatem-bourial-cri-du-coeur-pour-tunis-ma-ville-qui-se-meurt\\\/186851\\\/\",\"name\":\"Le billet de Hatem Bourial - Cri du c\u0153ur pour Tunis, ma ville qui se meurt...\",\"isPartOf\":{\"@id\":\"https:\\\/\\\/www.webdo.tn\\\/fr\\\/#website\"},\"primaryImageOfPage\":{\"@id\":\"https:\\\/\\\/www.webdo.tn\\\/fr\\\/actualite\\\/chroniques\\\/le-billet-de-hatem-bourial-cri-du-coeur-pour-tunis-ma-ville-qui-se-meurt\\\/186851\\\/#primaryimage\"},\"image\":{\"@id\":\"https:\\\/\\\/www.webdo.tn\\\/fr\\\/actualite\\\/chroniques\\\/le-billet-de-hatem-bourial-cri-du-coeur-pour-tunis-ma-ville-qui-se-meurt\\\/186851\\\/#primaryimage\"},\"thumbnailUrl\":\"https:\\\/\\\/www.webdo.tn\\\/fr\\\/wp-content\\\/uploads\\\/2013\\\/01\\\/Tunis-1-photo-leparisien.fr_1.jpg\",\"datePublished\":\"2013-01-24T23:25:00+00:00\",\"description\":\"Le billet de Hatem Bourial - Cri du c\u0153ur pour Tunis, ma ville qui se meurt...\",\"breadcrumb\":{\"@id\":\"https:\\\/\\\/www.webdo.tn\\\/fr\\\/actualite\\\/chroniques\\\/le-billet-de-hatem-bourial-cri-du-coeur-pour-tunis-ma-ville-qui-se-meurt\\\/186851\\\/#breadcrumb\"},\"inLanguage\":\"fr-FR\",\"potentialAction\":[{\"@type\":\"ReadAction\",\"target\":[\"https:\\\/\\\/www.webdo.tn\\\/fr\\\/actualite\\\/chroniques\\\/le-billet-de-hatem-bourial-cri-du-coeur-pour-tunis-ma-ville-qui-se-meurt\\\/186851\\\/\"]}]},{\"@type\":\"ImageObject\",\"inLanguage\":\"fr-FR\",\"@id\":\"https:\\\/\\\/www.webdo.tn\\\/fr\\\/actualite\\\/chroniques\\\/le-billet-de-hatem-bourial-cri-du-coeur-pour-tunis-ma-ville-qui-se-meurt\\\/186851\\\/#primaryimage\",\"url\":\"https:\\\/\\\/www.webdo.tn\\\/fr\\\/wp-content\\\/uploads\\\/2013\\\/01\\\/Tunis-1-photo-leparisien.fr_1.jpg\",\"contentUrl\":\"https:\\\/\\\/www.webdo.tn\\\/fr\\\/wp-content\\\/uploads\\\/2013\\\/01\\\/Tunis-1-photo-leparisien.fr_1.jpg\",\"width\":287,\"height\":192,\"caption\":\"Le billet de Hatem Bourial - Cri du c\u0153ur pour Tunis, ma ville qui se meurt...\"},{\"@type\":\"BreadcrumbList\",\"@id\":\"https:\\\/\\\/www.webdo.tn\\\/fr\\\/actualite\\\/chroniques\\\/le-billet-de-hatem-bourial-cri-du-coeur-pour-tunis-ma-ville-qui-se-meurt\\\/186851\\\/#breadcrumb\",\"itemListElement\":[{\"@type\":\"ListItem\",\"position\":1,\"name\":\"Accueil\",\"item\":\"https:\\\/\\\/www.webdo.tn\\\/fr\\\/\"},{\"@type\":\"ListItem\",\"position\":2,\"name\":\"Le billet de Hatem Bourial &#8211; Cri du c\u0153ur pour Tunis, ma ville qui se meurt&#8230;\"}]},{\"@type\":\"WebSite\",\"@id\":\"https:\\\/\\\/www.webdo.tn\\\/fr\\\/#website\",\"url\":\"https:\\\/\\\/www.webdo.tn\\\/fr\\\/\",\"name\":\"webdo\",\"description\":\"Tunisie - News en Tunisie et \u00e0 l&#039;international sur Webdo.tn\",\"publisher\":{\"@id\":\"https:\\\/\\\/www.webdo.tn\\\/fr\\\/#organization\"},\"potentialAction\":[{\"@type\":\"SearchAction\",\"target\":{\"@type\":\"EntryPoint\",\"urlTemplate\":\"https:\\\/\\\/www.webdo.tn\\\/fr\\\/?s={search_term_string}\"},\"query-input\":{\"@type\":\"PropertyValueSpecification\",\"valueRequired\":true,\"valueName\":\"search_term_string\"}}],\"inLanguage\":\"fr-FR\"},{\"@type\":\"Organization\",\"@id\":\"https:\\\/\\\/www.webdo.tn\\\/fr\\\/#organization\",\"name\":\"Webdo\",\"alternateName\":\"Webdo.tn\",\"url\":\"https:\\\/\\\/www.webdo.tn\\\/fr\\\/\",\"logo\":{\"@type\":\"ImageObject\",\"inLanguage\":\"fr-FR\",\"@id\":\"https:\\\/\\\/www.webdo.tn\\\/fr\\\/#\\\/schema\\\/logo\\\/image\\\/\",\"url\":\"https:\\\/\\\/www.webdo.tn\\\/fr\\\/wp-content\\\/uploads\\\/2025\\\/06\\\/Webdo-Tunisie_168377.jpg\",\"contentUrl\":\"https:\\\/\\\/www.webdo.tn\\\/fr\\\/wp-content\\\/uploads\\\/2025\\\/06\\\/Webdo-Tunisie_168377.jpg\",\"width\":301,\"height\":301,\"caption\":\"Webdo\"},\"image\":{\"@id\":\"https:\\\/\\\/www.webdo.tn\\\/fr\\\/#\\\/schema\\\/logo\\\/image\\\/\"},\"sameAs\":[\"https:\\\/\\\/www.facebook.com\\\/webdotn\",\"https:\\\/\\\/x.com\\\/webdo_tn\"],\"description\":\"Webdo est un m\u00e9dia num\u00e9rique tunisien fond\u00e9 en 2010, sp\u00e9cialis\u00e9 dans l\u2019actualit\u00e9 nationale et internationale, l\u2019\u00e9conomie, la soci\u00e9t\u00e9 et les analyses politiques. Le site s\u2019adresse \u00e0 un large public francophone et couvre l\u2019information tunisienne en temps r\u00e9el.\",\"email\":\"redac@webdo.tn\",\"legalName\":\"YNJ SARL\",\"foundingDate\":\"2010-09-06\",\"numberOfEmployees\":{\"@type\":\"QuantitativeValue\",\"minValue\":\"11\",\"maxValue\":\"50\"}},{\"@type\":\"Person\",\"@id\":\"https:\\\/\\\/www.webdo.tn\\\/fr\\\/#\\\/schema\\\/person\\\/6bc0beba2cd23aec27cb5df85ca2554f\",\"name\":\"Hatem Bourial\",\"image\":{\"@type\":\"ImageObject\",\"inLanguage\":\"fr-FR\",\"@id\":\"https:\\\/\\\/www.webdo.tn\\\/fr\\\/wp-content\\\/uploads\\\/2026\\\/04\\\/hatem-bourial_avatar-96x96.jpg\",\"url\":\"https:\\\/\\\/www.webdo.tn\\\/fr\\\/wp-content\\\/uploads\\\/2026\\\/04\\\/hatem-bourial_avatar-96x96.jpg\",\"contentUrl\":\"https:\\\/\\\/www.webdo.tn\\\/fr\\\/wp-content\\\/uploads\\\/2026\\\/04\\\/hatem-bourial_avatar-96x96.jpg\",\"caption\":\"Hatem Bourial\"},\"description\":\"Hatem Bourial est journaliste, \u00e9crivain et chroniqueur tunisien. Actif depuis plusieurs d\u00e9cennies, il s\u2019est impos\u00e9 comme un observateur attentif de la soci\u00e9t\u00e9 tunisienne, m\u00ealant dans ses \u00e9crits m\u00e9moire, culture et analyse du quotidien. Auteur de nombreux ouvrages, il d\u00e9veloppe une \u0153uvre \u00e0 la crois\u00e9e du r\u00e9cit, de la po\u00e9sie et de l\u2019observation sociologique. Parall\u00e8lement \u00e0 ses contributions dans la presse, il intervient r\u00e9guli\u00e8rement \u00e0 la radio et dans des espaces culturels, o\u00f9 il explore les enjeux li\u00e9s au patrimoine, \u00e0 l\u2019identit\u00e9 et aux transformations du monde contemporain. \u00c0 travers ses chroniques, Hatem Bourial propose une lecture sensible et approfondie de l\u2019actualit\u00e9, nourrie par une exp\u00e9rience journalistique et litt\u00e9raire reconnue. \ud83d\udd17 Facebook : https:\\\/\\\/www.facebook.com\\\/hatem.bourial.2025\",\"sameAs\":[\"https:\\\/\\\/www.facebook.com\\\/hatem.bourial.2025\",\"https:\\\/\\\/fr.wikipedia.org\\\/wiki\\\/Fichier:Hatem_Bourial.jpg\"],\"knowsAbout\":[\"Culture & patrimoine tunisien\",\"Chronique soci\u00e9tale\",\"Litt\u00e9rature & m\u00e9moire\",\"Cin\u00e9ma & critique culturelle\",\"Identit\u00e9 & mutations sociales\"],\"knowsLanguage\":[\"Arabe\",\"Fran\u00e7ais\",\"Anglais\",\"Italien\",\"Polonais\"],\"jobTitle\":\"Journaliste, \u00e9crivain et chroniqueur culturel\",\"worksFor\":\"Webdo\",\"url\":\"https:\\\/\\\/www.webdo.tn\\\/fr\\\/actualite\\\/author\\\/hatem-bourial-2\\\/\"}]}<\/script>\n<!-- \/ Yoast SEO Premium plugin. -->","yoast_head_json":{"title":"Le billet de Hatem Bourial - Cri du c\u0153ur pour Tunis, ma ville qui se meurt...","description":"Le billet de Hatem Bourial - Cri du c\u0153ur pour Tunis, ma ville qui se meurt...","canonical":"https:\/\/www.webdo.tn\/fr\/actualite\/chroniques\/le-billet-de-hatem-bourial-cri-du-coeur-pour-tunis-ma-ville-qui-se-meurt\/186851\/","og_locale":"fr_FR","og_type":"article","og_title":"Le billet de Hatem Bourial - Cri du c\u0153ur pour Tunis, ma ville qui se meurt...","og_description":"Le billet de Hatem Bourial - Cri du c\u0153ur pour Tunis, ma ville qui se meurt...","og_url":"https:\/\/www.webdo.tn\/fr\/actualite\/chroniques\/le-billet-de-hatem-bourial-cri-du-coeur-pour-tunis-ma-ville-qui-se-meurt\/186851\/","og_site_name":"webdo","article_publisher":"https:\/\/www.facebook.com\/webdotn","article_author":"https:\/\/www.facebook.com\/hatem.bourial.2025","article_published_time":"2013-01-24T23:25:00+00:00","og_image":[{"width":287,"height":192,"url":"https:\/\/www.webdo.tn\/fr\/wp-content\/uploads\/2013\/01\/Tunis-1-photo-leparisien.fr_1.jpg","type":"image\/jpeg"}],"author":"Hatem Bourial","twitter_card":"summary_large_image","twitter_creator":"@webdo_tn","twitter_site":"@webdo_tn","twitter_misc":{"\u00c9crit par":"Hatem Bourial","Dur\u00e9e de lecture estim\u00e9e":"3 minutes"},"schema":{"@context":"https:\/\/schema.org","@graph":[{"@type":"NewsArticle","@id":"https:\/\/www.webdo.tn\/fr\/actualite\/chroniques\/le-billet-de-hatem-bourial-cri-du-coeur-pour-tunis-ma-ville-qui-se-meurt\/186851\/#article","isPartOf":{"@id":"https:\/\/www.webdo.tn\/fr\/actualite\/chroniques\/le-billet-de-hatem-bourial-cri-du-coeur-pour-tunis-ma-ville-qui-se-meurt\/186851\/"},"author":{"name":"Hatem Bourial","@id":"https:\/\/www.webdo.tn\/fr\/#\/schema\/person\/6bc0beba2cd23aec27cb5df85ca2554f"},"headline":"Le billet de Hatem Bourial &#8211; Cri du c\u0153ur pour Tunis, ma ville qui se meurt&#8230;","datePublished":"2013-01-24T23:25:00+00:00","mainEntityOfPage":{"@id":"https:\/\/www.webdo.tn\/fr\/actualite\/chroniques\/le-billet-de-hatem-bourial-cri-du-coeur-pour-tunis-ma-ville-qui-se-meurt\/186851\/"},"wordCount":628,"commentCount":0,"publisher":{"@id":"https:\/\/www.webdo.tn\/fr\/#organization"},"image":{"@id":"https:\/\/www.webdo.tn\/fr\/actualite\/chroniques\/le-billet-de-hatem-bourial-cri-du-coeur-pour-tunis-ma-ville-qui-se-meurt\/186851\/#primaryimage"},"thumbnailUrl":"https:\/\/www.webdo.tn\/fr\/wp-content\/uploads\/2013\/01\/Tunis-1-photo-leparisien.fr_1.jpg","keywords":["guerre"],"articleSection":["Chroniques"],"inLanguage":"fr-FR"},{"@type":"WebPage","@id":"https:\/\/www.webdo.tn\/fr\/actualite\/chroniques\/le-billet-de-hatem-bourial-cri-du-coeur-pour-tunis-ma-ville-qui-se-meurt\/186851\/","url":"https:\/\/www.webdo.tn\/fr\/actualite\/chroniques\/le-billet-de-hatem-bourial-cri-du-coeur-pour-tunis-ma-ville-qui-se-meurt\/186851\/","name":"Le billet de Hatem Bourial - Cri du c\u0153ur pour Tunis, ma ville qui se meurt...","isPartOf":{"@id":"https:\/\/www.webdo.tn\/fr\/#website"},"primaryImageOfPage":{"@id":"https:\/\/www.webdo.tn\/fr\/actualite\/chroniques\/le-billet-de-hatem-bourial-cri-du-coeur-pour-tunis-ma-ville-qui-se-meurt\/186851\/#primaryimage"},"image":{"@id":"https:\/\/www.webdo.tn\/fr\/actualite\/chroniques\/le-billet-de-hatem-bourial-cri-du-coeur-pour-tunis-ma-ville-qui-se-meurt\/186851\/#primaryimage"},"thumbnailUrl":"https:\/\/www.webdo.tn\/fr\/wp-content\/uploads\/2013\/01\/Tunis-1-photo-leparisien.fr_1.jpg","datePublished":"2013-01-24T23:25:00+00:00","description":"Le billet de Hatem Bourial - Cri du c\u0153ur pour Tunis, ma ville qui se meurt...","breadcrumb":{"@id":"https:\/\/www.webdo.tn\/fr\/actualite\/chroniques\/le-billet-de-hatem-bourial-cri-du-coeur-pour-tunis-ma-ville-qui-se-meurt\/186851\/#breadcrumb"},"inLanguage":"fr-FR","potentialAction":[{"@type":"ReadAction","target":["https:\/\/www.webdo.tn\/fr\/actualite\/chroniques\/le-billet-de-hatem-bourial-cri-du-coeur-pour-tunis-ma-ville-qui-se-meurt\/186851\/"]}]},{"@type":"ImageObject","inLanguage":"fr-FR","@id":"https:\/\/www.webdo.tn\/fr\/actualite\/chroniques\/le-billet-de-hatem-bourial-cri-du-coeur-pour-tunis-ma-ville-qui-se-meurt\/186851\/#primaryimage","url":"https:\/\/www.webdo.tn\/fr\/wp-content\/uploads\/2013\/01\/Tunis-1-photo-leparisien.fr_1.jpg","contentUrl":"https:\/\/www.webdo.tn\/fr\/wp-content\/uploads\/2013\/01\/Tunis-1-photo-leparisien.fr_1.jpg","width":287,"height":192,"caption":"Le billet de Hatem Bourial - Cri du c\u0153ur pour Tunis, ma ville qui se meurt..."},{"@type":"BreadcrumbList","@id":"https:\/\/www.webdo.tn\/fr\/actualite\/chroniques\/le-billet-de-hatem-bourial-cri-du-coeur-pour-tunis-ma-ville-qui-se-meurt\/186851\/#breadcrumb","itemListElement":[{"@type":"ListItem","position":1,"name":"Accueil","item":"https:\/\/www.webdo.tn\/fr\/"},{"@type":"ListItem","position":2,"name":"Le billet de Hatem Bourial &#8211; Cri du c\u0153ur pour Tunis, ma ville qui se meurt&#8230;"}]},{"@type":"WebSite","@id":"https:\/\/www.webdo.tn\/fr\/#website","url":"https:\/\/www.webdo.tn\/fr\/","name":"webdo","description":"Tunisie - News en Tunisie et \u00e0 l&#039;international sur Webdo.tn","publisher":{"@id":"https:\/\/www.webdo.tn\/fr\/#organization"},"potentialAction":[{"@type":"SearchAction","target":{"@type":"EntryPoint","urlTemplate":"https:\/\/www.webdo.tn\/fr\/?s={search_term_string}"},"query-input":{"@type":"PropertyValueSpecification","valueRequired":true,"valueName":"search_term_string"}}],"inLanguage":"fr-FR"},{"@type":"Organization","@id":"https:\/\/www.webdo.tn\/fr\/#organization","name":"Webdo","alternateName":"Webdo.tn","url":"https:\/\/www.webdo.tn\/fr\/","logo":{"@type":"ImageObject","inLanguage":"fr-FR","@id":"https:\/\/www.webdo.tn\/fr\/#\/schema\/logo\/image\/","url":"https:\/\/www.webdo.tn\/fr\/wp-content\/uploads\/2025\/06\/Webdo-Tunisie_168377.jpg","contentUrl":"https:\/\/www.webdo.tn\/fr\/wp-content\/uploads\/2025\/06\/Webdo-Tunisie_168377.jpg","width":301,"height":301,"caption":"Webdo"},"image":{"@id":"https:\/\/www.webdo.tn\/fr\/#\/schema\/logo\/image\/"},"sameAs":["https:\/\/www.facebook.com\/webdotn","https:\/\/x.com\/webdo_tn"],"description":"Webdo est un m\u00e9dia num\u00e9rique tunisien fond\u00e9 en 2010, sp\u00e9cialis\u00e9 dans l\u2019actualit\u00e9 nationale et internationale, l\u2019\u00e9conomie, la soci\u00e9t\u00e9 et les analyses politiques. Le site s\u2019adresse \u00e0 un large public francophone et couvre l\u2019information tunisienne en temps r\u00e9el.","email":"redac@webdo.tn","legalName":"YNJ SARL","foundingDate":"2010-09-06","numberOfEmployees":{"@type":"QuantitativeValue","minValue":"11","maxValue":"50"}},{"@type":"Person","@id":"https:\/\/www.webdo.tn\/fr\/#\/schema\/person\/6bc0beba2cd23aec27cb5df85ca2554f","name":"Hatem Bourial","image":{"@type":"ImageObject","inLanguage":"fr-FR","@id":"https:\/\/www.webdo.tn\/fr\/wp-content\/uploads\/2026\/04\/hatem-bourial_avatar-96x96.jpg","url":"https:\/\/www.webdo.tn\/fr\/wp-content\/uploads\/2026\/04\/hatem-bourial_avatar-96x96.jpg","contentUrl":"https:\/\/www.webdo.tn\/fr\/wp-content\/uploads\/2026\/04\/hatem-bourial_avatar-96x96.jpg","caption":"Hatem Bourial"},"description":"Hatem Bourial est journaliste, \u00e9crivain et chroniqueur tunisien. Actif depuis plusieurs d\u00e9cennies, il s\u2019est impos\u00e9 comme un observateur attentif de la soci\u00e9t\u00e9 tunisienne, m\u00ealant dans ses \u00e9crits m\u00e9moire, culture et analyse du quotidien. Auteur de nombreux ouvrages, il d\u00e9veloppe une \u0153uvre \u00e0 la crois\u00e9e du r\u00e9cit, de la po\u00e9sie et de l\u2019observation sociologique. Parall\u00e8lement \u00e0 ses contributions dans la presse, il intervient r\u00e9guli\u00e8rement \u00e0 la radio et dans des espaces culturels, o\u00f9 il explore les enjeux li\u00e9s au patrimoine, \u00e0 l\u2019identit\u00e9 et aux transformations du monde contemporain. \u00c0 travers ses chroniques, Hatem Bourial propose une lecture sensible et approfondie de l\u2019actualit\u00e9, nourrie par une exp\u00e9rience journalistique et litt\u00e9raire reconnue. \ud83d\udd17 Facebook : https:\/\/www.facebook.com\/hatem.bourial.2025","sameAs":["https:\/\/www.facebook.com\/hatem.bourial.2025","https:\/\/fr.wikipedia.org\/wiki\/Fichier:Hatem_Bourial.jpg"],"knowsAbout":["Culture & patrimoine tunisien","Chronique soci\u00e9tale","Litt\u00e9rature & m\u00e9moire","Cin\u00e9ma & critique culturelle","Identit\u00e9 & mutations sociales"],"knowsLanguage":["Arabe","Fran\u00e7ais","Anglais","Italien","Polonais"],"jobTitle":"Journaliste, \u00e9crivain et chroniqueur culturel","worksFor":"Webdo","url":"https:\/\/www.webdo.tn\/fr\/actualite\/author\/hatem-bourial-2\/"}]}},"_links":{"self":[{"href":"https:\/\/www.webdo.tn\/fr\/wp-json\/wp\/v2\/posts\/186851","targetHints":{"allow":["GET"]}}],"collection":[{"href":"https:\/\/www.webdo.tn\/fr\/wp-json\/wp\/v2\/posts"}],"about":[{"href":"https:\/\/www.webdo.tn\/fr\/wp-json\/wp\/v2\/types\/post"}],"author":[{"embeddable":true,"href":"https:\/\/www.webdo.tn\/fr\/wp-json\/wp\/v2\/users\/3229"}],"replies":[{"embeddable":true,"href":"https:\/\/www.webdo.tn\/fr\/wp-json\/wp\/v2\/comments?post=186851"}],"version-history":[{"count":0,"href":"https:\/\/www.webdo.tn\/fr\/wp-json\/wp\/v2\/posts\/186851\/revisions"}],"wp:featuredmedia":[{"embeddable":true,"href":"https:\/\/www.webdo.tn\/fr\/wp-json\/wp\/v2\/media\/334333"}],"wp:attachment":[{"href":"https:\/\/www.webdo.tn\/fr\/wp-json\/wp\/v2\/media?parent=186851"}],"wp:term":[{"taxonomy":"category","embeddable":true,"href":"https:\/\/www.webdo.tn\/fr\/wp-json\/wp\/v2\/categories?post=186851"},{"taxonomy":"post_tag","embeddable":true,"href":"https:\/\/www.webdo.tn\/fr\/wp-json\/wp\/v2\/tags?post=186851"}],"curies":[{"name":"wp","href":"https:\/\/api.w.org\/{rel}","templated":true}]}}