{"id":186850,"date":"2013-01-14T00:23:00","date_gmt":"2013-01-14T00:23:00","guid":{"rendered":"https:\/\/www.webdo.tn\/fr\/blog\/le-billet-de-hatem-bourial-la-revolution-falsifiee\/186850\/"},"modified":"2013-01-14T00:23:00","modified_gmt":"2013-01-14T00:23:00","slug":"le-billet-de-hatem-bourial-la-revolution-falsifiee","status":"publish","type":"post","link":"https:\/\/www.webdo.tn\/fr\/actualite\/chroniques\/le-billet-de-hatem-bourial-la-revolution-falsifiee\/186850\/","title":{"rendered":"Le billet de Hatem Bourial &#8211; La r\u00e9volution falsifi\u00e9e"},"content":{"rendered":"<p>Dans l\u2019histoire, il y a eu de nombreuses r\u00e9volutions ayant mal tourn\u00e9. Certaines ont \u00e9t\u00e9 d\u00e9tourn\u00e9es de leurs objectifs, d\u2019autres ont \u00e9t\u00e9 confisqu\u00e9es, trahies, r\u00e9cup\u00e9r\u00e9es, vid\u00e9es de leur sens.<br \/>\nLe destin de la r\u00e9volution tunisienne est encore plus \u00e9trange. Comme si elle devait devenir la premi\u00e8re r\u00e9volution falsifi\u00e9e dans l\u2019histoire de l\u2019humanit\u00e9.<br \/>\nDeux ans apr\u00e8s le fatidique 14 janvier 2011, plus rien ne demeure de l\u2019\u00e9lan qui avait port\u00e9 tout un peuple en qu\u00eate de dignit\u00e9 et de justice sociale.<\/p>\n<p>Les faussaires islamistes sont pass\u00e9s par l\u00e0 et sont parvenus \u00e0 transformer la premi\u00e8re \u00e9lection libre en \u00ab pi\u00e8ge \u00e0 cons \u00bb monumental.<\/p>\n<p>Encore faut-il souligner que cette \u00e9lection du 23 octobre 2011 \u00e9tait marqu\u00e9e par deux tares : une abstention importante et une exclusive condamnant la famille destourienne.<\/p>\n<p>De toutes les mani\u00e8res, tout cela rel\u00e8ve aujourd\u2019hui de l\u2019anecdote et l\u2019essentiel est bien ailleurs\u2026 En effet, la r\u00e9volution tunisienne souffre de nombreuses falsifications :<\/p>\n<p>Men\u00e9e par la jeunesse, relay\u00e9e par les r\u00e9seaux sociaux, soutenue par la centrale syndicale et &#8211; \u00e0 un degr\u00e9 diff\u00e9rent &#8211; par l\u2019arm\u00e9e nationale, la r\u00e9volution tunisienne avait tout pour enthousiasmer.<\/p>\n<p>Sa forte demande de justice sociale et d\u2019\u00e9quilibre entre les r\u00e9gions a toutefois vite \u00e9t\u00e9 d\u00e9laiss\u00e9e par une incroyable manipulation politicienne, men\u00e9e de concert mais avec des objectifs diff\u00e9rents, par les islamistes et la gauche radicale.<\/p>\n<p>Au lieu de soutenir les d\u00e9sh\u00e9rit\u00e9s et offrir de nouveaux horizons \u00e0 la jeunesse, la r\u00e9volution, dont les contours sociaux \u00e9taient \u00e9vidents, a \u00e9t\u00e9 vite dirig\u00e9e vers une voie de garage : la r\u00e9daction d\u2019une nouvelle constitution (qui soit dit en passant continue de tra\u00eener).<\/p>\n<p>Telle fut la premi\u00e8re falsification. Et, aujourd\u2019hui, nous sommes les t\u00e9moins des d\u00e9rives politiciennes et des palabres st\u00e9riles qui noient le poisson r\u00e9volutionnaire dans une eau douteuse.<\/p>\n<p>La deuxi\u00e8me falsification n\u2019allait pas tarder. Apr\u00e8s avoir esquiv\u00e9 la forte demande de justice sociale et donn\u00e9 un objectif politique \u00e0 la r\u00e9volution, les islamistes ont commenc\u00e9 \u00e0 d\u00e9ployer leur projet de r\u00e9volution culturelle.<\/p>\n<p>En d\u2019autres termes, Ennahdha (et ses alli\u00e9s) a commenc\u00e9 \u00e0 s\u2019attaquer de front \u00e0 l\u2019h\u00e9ritage bourguibien de la Tunisie. Il s\u2019agit d\u00e9sormais d\u2019une r\u00e9volution r\u00e9visionniste qui est \u00e0 l\u2019\u0153uvre, d\u2019une tentative de restauration islamique dans un champ o\u00f9 le politique et le religieux sont intimement m\u00eal\u00e9s.<\/p>\n<p>Les islamistes r\u00eavent tout haut d\u2019une Tunisie telle qu\u2019elle \u00e9tait avant l\u2019\u00e9poque d\u2019Ahmed Bey, premier souverain moderniste dans notre pays. Ils s\u2019attellent en tout cas \u00e0 d\u00e9molir consciencieusement tous les acquis de la g\u00e9n\u00e9ration Bourguiba.<\/p>\n<p>A ce titre, le tournant pris actuellement par la r\u00e9volution tunisienne est celui d\u2019une contre-r\u00e9volution qui vise \u00e0 liquider la modernit\u00e9 institu\u00e9e par Bourguiba et ses compagnons.<\/p>\n<p>Nous vivons au creux d\u2019une autre falsification. Il existe bel et bien en Tunisie une r\u00e9volution qui est en cours : celle culturelle, men\u00e9e tambour battant par les islamistes dont l\u2019agenda concerne aussi bien le court que le long terme.<\/p>\n<p>A l\u2019ombre de la r\u00e9daction de la constitution, gr\u00e2ce \u00e0 la compromission des alli\u00e9s politiques d\u2019Ennahdha (CPR et Ettakatol) qui laissent faire sans sourciller et au bien opportun activisme salafiste, le parti islamiste veut changer la soci\u00e9t\u00e9 et les modes de vie, tout en se d\u00e9sint\u00e9ressant des probl\u00e8mes de l\u2019emploi et des d\u00e9s\u00e9quilibres globaux.<\/p>\n<p>Ce que nous vivons aujourd\u2019hui s\u2019apparente bel et bien \u00e0 une r\u00e9volution islamique qui reste invisible pour ceux qui ne s\u2019int\u00e9ressent qu\u2019aux p\u00e9rip\u00e9ties politiciennes.<br \/>\nEt sur ce terrain, nul ne s\u2019oppose \u00e0 Ennahdha qui \u00e9volue en terrain conquis et s\u2019appr\u00eate \u00e0 consolider ses acquis.<\/p>\n<p>Devant ces falsifications \u00e9videntes, le r\u00e9veil de la soci\u00e9t\u00e9 civile sera d\u00e9terminant. Les Tunisiennes et les Tunisiens doivent apprendre \u00e0 sauvegarder leurs acquis dans le champ social et culturel. Nous devons cesser d\u2019\u00eatre obnubil\u00e9s par la politique politicienne ou le romantisme r\u00e9volutionnaire pour nous investir dans les grands chantiers qui nous attendent.<\/p>\n<p>Pour cela, il est fondamental de se d\u00e9complexer face \u00e0 l\u2019Islam militant. Pour cela, il est n\u00e9cessaire pour toutes celles et ceux qui ne veulent par entrer dans le XXIe si\u00e8cle \u00e0 reculons d\u2019assumer clairement leur choix moderniste. Pour cela, il devient urgent de d\u00e9noncer la confusion qui r\u00e8gne entre religion et politique.<\/p>\n<p>La r\u00e9volution voulue par la jeunesse tunisienne pi\u00e9tine face \u00e0 toutes ces forces contraires qui veulent l\u2019engoncer dans les oripeaux de l\u2019islamisme.<\/p>\n<p>Chacune et chacun d\u2019entre nous devrait se sentir plus l\u00e9gitime qu\u2019un Ghannouchi ou un Marzouki. Apr\u00e8s tout, ces derniers et leurs troupes n\u2019ont fait que s\u2019emparer du pouvoir au nom d\u2019une r\u00e9volution faite par d\u2019autres.<\/p>\n<p>Puissent tous les anonymes d\u00e9busquer les faussaires qui nous m\u00e8nent sur les chemins de la bigoterie.<br \/>\nEt puisse la r\u00e9volution tunisienne retrouver son sens, sa logique et ses priorit\u00e9s. La falsification n\u2019a que trop dur\u00e9 et ces parades salafistes comm\u00e9morant le 14 janvier ont un go\u00fbt d\u2019ind\u00e9cence.<\/p>\n<p>La Tunisie m\u00e9rite mieux. Et chacune et chacun d\u2019entre nous doit m\u00e9riter de la Tunisie.<\/p>\n","protected":false},"excerpt":{"rendered":"<p>Le billet de Hatem Bourial &#8211; La r\u00e9volution falsifi\u00e9e<\/p>\n","protected":false},"author":3229,"featured_media":374253,"comment_status":"open","ping_status":"closed","sticky":false,"template":"","format":"standard","meta":{"footnotes":""},"categories":[2596],"tags":[2600],"class_list":["post-186850","post","type-post","status-publish","format-standard","has-post-thumbnail","hentry","category-chroniques","tag-guerre"],"yoast_head":"<!-- This site is optimized with the Yoast SEO Premium plugin v27.5 (Yoast SEO v27.5) - https:\/\/yoast.com\/product\/yoast-seo-premium-wordpress\/ -->\n<title>Le billet de Hatem Bourial - La r\u00e9volution falsifi\u00e9e<\/title>\n<meta name=\"description\" content=\"Le billet de Hatem Bourial - La r\u00e9volution falsifi\u00e9e\" \/>\n<link rel=\"canonical\" href=\"https:\/\/www.webdo.tn\/fr\/actualite\/chroniques\/le-billet-de-hatem-bourial-la-revolution-falsifiee\/186850\/\" \/>\n<meta property=\"og:locale\" content=\"fr_FR\" \/>\n<meta property=\"og:type\" content=\"article\" \/>\n<meta property=\"og:title\" content=\"Le billet de Hatem Bourial - La r\u00e9volution falsifi\u00e9e\" \/>\n<meta property=\"og:description\" content=\"Le billet de Hatem Bourial - La r\u00e9volution falsifi\u00e9e\" \/>\n<meta property=\"og:url\" content=\"https:\/\/www.webdo.tn\/fr\/actualite\/chroniques\/le-billet-de-hatem-bourial-la-revolution-falsifiee\/186850\/\" \/>\n<meta property=\"og:site_name\" content=\"webdo\" \/>\n<meta property=\"article:publisher\" content=\"https:\/\/www.facebook.com\/webdotn\" \/>\n<meta property=\"article:author\" content=\"https:\/\/www.facebook.com\/hatem.bourial.2025\" \/>\n<meta property=\"article:published_time\" content=\"2013-01-14T00:23:00+00:00\" \/>\n<meta name=\"author\" content=\"Hatem Bourial\" \/>\n<meta name=\"twitter:card\" content=\"summary_large_image\" \/>\n<meta name=\"twitter:creator\" content=\"@webdo_tn\" \/>\n<meta name=\"twitter:site\" content=\"@webdo_tn\" \/>\n<meta name=\"twitter:label1\" content=\"\u00c9crit par\" \/>\n\t<meta name=\"twitter:data1\" content=\"Hatem Bourial\" \/>\n\t<meta name=\"twitter:label2\" content=\"Dur\u00e9e de lecture estim\u00e9e\" \/>\n\t<meta name=\"twitter:data2\" content=\"5 minutes\" \/>\n<script type=\"application\/ld+json\" class=\"yoast-schema-graph\">{\"@context\":\"https:\\\/\\\/schema.org\",\"@graph\":[{\"@type\":\"NewsArticle\",\"@id\":\"https:\\\/\\\/www.webdo.tn\\\/fr\\\/actualite\\\/chroniques\\\/le-billet-de-hatem-bourial-la-revolution-falsifiee\\\/186850\\\/#article\",\"isPartOf\":{\"@id\":\"https:\\\/\\\/www.webdo.tn\\\/fr\\\/actualite\\\/chroniques\\\/le-billet-de-hatem-bourial-la-revolution-falsifiee\\\/186850\\\/\"},\"author\":{\"name\":\"Hatem Bourial\",\"@id\":\"https:\\\/\\\/www.webdo.tn\\\/fr\\\/#\\\/schema\\\/person\\\/6bc0beba2cd23aec27cb5df85ca2554f\"},\"headline\":\"Le billet de Hatem Bourial &#8211; La r\u00e9volution falsifi\u00e9e\",\"datePublished\":\"2013-01-14T00:23:00+00:00\",\"mainEntityOfPage\":{\"@id\":\"https:\\\/\\\/www.webdo.tn\\\/fr\\\/actualite\\\/chroniques\\\/le-billet-de-hatem-bourial-la-revolution-falsifiee\\\/186850\\\/\"},\"wordCount\":932,\"commentCount\":0,\"publisher\":{\"@id\":\"https:\\\/\\\/www.webdo.tn\\\/fr\\\/#organization\"},\"image\":{\"@id\":\"https:\\\/\\\/www.webdo.tn\\\/fr\\\/actualite\\\/chroniques\\\/le-billet-de-hatem-bourial-la-revolution-falsifiee\\\/186850\\\/#primaryimage\"},\"thumbnailUrl\":\"https:\\\/\\\/www.webdo.tn\\\/fr\\\/wp-content\\\/uploads\\\/2025\\\/06\\\/Revolution-photo-lexpress.fr__186850.jpg\",\"keywords\":[\"guerre\"],\"articleSection\":[\"Chroniques\"],\"inLanguage\":\"fr-FR\"},{\"@type\":\"WebPage\",\"@id\":\"https:\\\/\\\/www.webdo.tn\\\/fr\\\/actualite\\\/chroniques\\\/le-billet-de-hatem-bourial-la-revolution-falsifiee\\\/186850\\\/\",\"url\":\"https:\\\/\\\/www.webdo.tn\\\/fr\\\/actualite\\\/chroniques\\\/le-billet-de-hatem-bourial-la-revolution-falsifiee\\\/186850\\\/\",\"name\":\"Le billet de Hatem Bourial - La r\u00e9volution falsifi\u00e9e\",\"isPartOf\":{\"@id\":\"https:\\\/\\\/www.webdo.tn\\\/fr\\\/#website\"},\"primaryImageOfPage\":{\"@id\":\"https:\\\/\\\/www.webdo.tn\\\/fr\\\/actualite\\\/chroniques\\\/le-billet-de-hatem-bourial-la-revolution-falsifiee\\\/186850\\\/#primaryimage\"},\"image\":{\"@id\":\"https:\\\/\\\/www.webdo.tn\\\/fr\\\/actualite\\\/chroniques\\\/le-billet-de-hatem-bourial-la-revolution-falsifiee\\\/186850\\\/#primaryimage\"},\"thumbnailUrl\":\"https:\\\/\\\/www.webdo.tn\\\/fr\\\/wp-content\\\/uploads\\\/2025\\\/06\\\/Revolution-photo-lexpress.fr__186850.jpg\",\"datePublished\":\"2013-01-14T00:23:00+00:00\",\"description\":\"Le billet de Hatem Bourial - La r\u00e9volution falsifi\u00e9e\",\"breadcrumb\":{\"@id\":\"https:\\\/\\\/www.webdo.tn\\\/fr\\\/actualite\\\/chroniques\\\/le-billet-de-hatem-bourial-la-revolution-falsifiee\\\/186850\\\/#breadcrumb\"},\"inLanguage\":\"fr-FR\",\"potentialAction\":[{\"@type\":\"ReadAction\",\"target\":[\"https:\\\/\\\/www.webdo.tn\\\/fr\\\/actualite\\\/chroniques\\\/le-billet-de-hatem-bourial-la-revolution-falsifiee\\\/186850\\\/\"]}]},{\"@type\":\"ImageObject\",\"inLanguage\":\"fr-FR\",\"@id\":\"https:\\\/\\\/www.webdo.tn\\\/fr\\\/actualite\\\/chroniques\\\/le-billet-de-hatem-bourial-la-revolution-falsifiee\\\/186850\\\/#primaryimage\",\"url\":\"https:\\\/\\\/www.webdo.tn\\\/fr\\\/wp-content\\\/uploads\\\/2025\\\/06\\\/Revolution-photo-lexpress.fr__186850.jpg\",\"contentUrl\":\"https:\\\/\\\/www.webdo.tn\\\/fr\\\/wp-content\\\/uploads\\\/2025\\\/06\\\/Revolution-photo-lexpress.fr__186850.jpg\",\"width\":299,\"height\":200,\"caption\":\"Le billet de Hatem Bourial - La r\u00e9volution falsifi\u00e9e\"},{\"@type\":\"BreadcrumbList\",\"@id\":\"https:\\\/\\\/www.webdo.tn\\\/fr\\\/actualite\\\/chroniques\\\/le-billet-de-hatem-bourial-la-revolution-falsifiee\\\/186850\\\/#breadcrumb\",\"itemListElement\":[{\"@type\":\"ListItem\",\"position\":1,\"name\":\"Accueil\",\"item\":\"https:\\\/\\\/www.webdo.tn\\\/fr\\\/\"},{\"@type\":\"ListItem\",\"position\":2,\"name\":\"Le billet de Hatem Bourial &#8211; La r\u00e9volution falsifi\u00e9e\"}]},{\"@type\":\"WebSite\",\"@id\":\"https:\\\/\\\/www.webdo.tn\\\/fr\\\/#website\",\"url\":\"https:\\\/\\\/www.webdo.tn\\\/fr\\\/\",\"name\":\"webdo\",\"description\":\"Tunisie - News en Tunisie et \u00e0 l&#039;international sur Webdo.tn\",\"publisher\":{\"@id\":\"https:\\\/\\\/www.webdo.tn\\\/fr\\\/#organization\"},\"potentialAction\":[{\"@type\":\"SearchAction\",\"target\":{\"@type\":\"EntryPoint\",\"urlTemplate\":\"https:\\\/\\\/www.webdo.tn\\\/fr\\\/?s={search_term_string}\"},\"query-input\":{\"@type\":\"PropertyValueSpecification\",\"valueRequired\":true,\"valueName\":\"search_term_string\"}}],\"inLanguage\":\"fr-FR\"},{\"@type\":\"Organization\",\"@id\":\"https:\\\/\\\/www.webdo.tn\\\/fr\\\/#organization\",\"name\":\"Webdo\",\"alternateName\":\"Webdo.tn\",\"url\":\"https:\\\/\\\/www.webdo.tn\\\/fr\\\/\",\"logo\":{\"@type\":\"ImageObject\",\"inLanguage\":\"fr-FR\",\"@id\":\"https:\\\/\\\/www.webdo.tn\\\/fr\\\/#\\\/schema\\\/logo\\\/image\\\/\",\"url\":\"https:\\\/\\\/www.webdo.tn\\\/fr\\\/wp-content\\\/uploads\\\/2025\\\/06\\\/Webdo-Tunisie_168377.jpg\",\"contentUrl\":\"https:\\\/\\\/www.webdo.tn\\\/fr\\\/wp-content\\\/uploads\\\/2025\\\/06\\\/Webdo-Tunisie_168377.jpg\",\"width\":301,\"height\":301,\"caption\":\"Webdo\"},\"image\":{\"@id\":\"https:\\\/\\\/www.webdo.tn\\\/fr\\\/#\\\/schema\\\/logo\\\/image\\\/\"},\"sameAs\":[\"https:\\\/\\\/www.facebook.com\\\/webdotn\",\"https:\\\/\\\/x.com\\\/webdo_tn\"],\"description\":\"Webdo est un m\u00e9dia num\u00e9rique tunisien fond\u00e9 en 2010, sp\u00e9cialis\u00e9 dans l\u2019actualit\u00e9 nationale et internationale, l\u2019\u00e9conomie, la soci\u00e9t\u00e9 et les analyses politiques. Le site s\u2019adresse \u00e0 un large public francophone et couvre l\u2019information tunisienne en temps r\u00e9el.\",\"email\":\"redac@webdo.tn\",\"legalName\":\"YNJ SARL\",\"foundingDate\":\"2010-09-06\",\"numberOfEmployees\":{\"@type\":\"QuantitativeValue\",\"minValue\":\"11\",\"maxValue\":\"50\"}},{\"@type\":\"Person\",\"@id\":\"https:\\\/\\\/www.webdo.tn\\\/fr\\\/#\\\/schema\\\/person\\\/6bc0beba2cd23aec27cb5df85ca2554f\",\"name\":\"Hatem Bourial\",\"image\":{\"@type\":\"ImageObject\",\"inLanguage\":\"fr-FR\",\"@id\":\"https:\\\/\\\/www.webdo.tn\\\/fr\\\/wp-content\\\/uploads\\\/2026\\\/04\\\/hatem-bourial_avatar-96x96.jpg\",\"url\":\"https:\\\/\\\/www.webdo.tn\\\/fr\\\/wp-content\\\/uploads\\\/2026\\\/04\\\/hatem-bourial_avatar-96x96.jpg\",\"contentUrl\":\"https:\\\/\\\/www.webdo.tn\\\/fr\\\/wp-content\\\/uploads\\\/2026\\\/04\\\/hatem-bourial_avatar-96x96.jpg\",\"caption\":\"Hatem Bourial\"},\"description\":\"Hatem Bourial est journaliste, \u00e9crivain et chroniqueur tunisien. Actif depuis plusieurs d\u00e9cennies, il s\u2019est impos\u00e9 comme un observateur attentif de la soci\u00e9t\u00e9 tunisienne, m\u00ealant dans ses \u00e9crits m\u00e9moire, culture et analyse du quotidien. Auteur de nombreux ouvrages, il d\u00e9veloppe une \u0153uvre \u00e0 la crois\u00e9e du r\u00e9cit, de la po\u00e9sie et de l\u2019observation sociologique. Parall\u00e8lement \u00e0 ses contributions dans la presse, il intervient r\u00e9guli\u00e8rement \u00e0 la radio et dans des espaces culturels, o\u00f9 il explore les enjeux li\u00e9s au patrimoine, \u00e0 l\u2019identit\u00e9 et aux transformations du monde contemporain. \u00c0 travers ses chroniques, Hatem Bourial propose une lecture sensible et approfondie de l\u2019actualit\u00e9, nourrie par une exp\u00e9rience journalistique et litt\u00e9raire reconnue. \ud83d\udd17 Facebook : https:\\\/\\\/www.facebook.com\\\/hatem.bourial.2025\",\"sameAs\":[\"https:\\\/\\\/www.facebook.com\\\/hatem.bourial.2025\",\"https:\\\/\\\/fr.wikipedia.org\\\/wiki\\\/Fichier:Hatem_Bourial.jpg\"],\"knowsAbout\":[\"Culture & patrimoine tunisien\",\"Chronique soci\u00e9tale\",\"Litt\u00e9rature & m\u00e9moire\",\"Cin\u00e9ma & critique culturelle\",\"Identit\u00e9 & mutations sociales\"],\"knowsLanguage\":[\"Arabe\",\"Fran\u00e7ais\",\"Anglais\",\"Italien\",\"Polonais\"],\"jobTitle\":\"Journaliste, \u00e9crivain et chroniqueur culturel\",\"worksFor\":\"Webdo\",\"url\":\"https:\\\/\\\/www.webdo.tn\\\/fr\\\/actualite\\\/author\\\/hatem-bourial-2\\\/\"}]}<\/script>\n<!-- \/ Yoast SEO Premium plugin. -->","yoast_head_json":{"title":"Le billet de Hatem Bourial - La r\u00e9volution falsifi\u00e9e","description":"Le billet de Hatem Bourial - La r\u00e9volution falsifi\u00e9e","canonical":"https:\/\/www.webdo.tn\/fr\/actualite\/chroniques\/le-billet-de-hatem-bourial-la-revolution-falsifiee\/186850\/","og_locale":"fr_FR","og_type":"article","og_title":"Le billet de Hatem Bourial - La r\u00e9volution falsifi\u00e9e","og_description":"Le billet de Hatem Bourial - La r\u00e9volution falsifi\u00e9e","og_url":"https:\/\/www.webdo.tn\/fr\/actualite\/chroniques\/le-billet-de-hatem-bourial-la-revolution-falsifiee\/186850\/","og_site_name":"webdo","article_publisher":"https:\/\/www.facebook.com\/webdotn","article_author":"https:\/\/www.facebook.com\/hatem.bourial.2025","article_published_time":"2013-01-14T00:23:00+00:00","author":"Hatem Bourial","twitter_card":"summary_large_image","twitter_creator":"@webdo_tn","twitter_site":"@webdo_tn","twitter_misc":{"\u00c9crit par":"Hatem Bourial","Dur\u00e9e de lecture estim\u00e9e":"5 minutes"},"schema":{"@context":"https:\/\/schema.org","@graph":[{"@type":"NewsArticle","@id":"https:\/\/www.webdo.tn\/fr\/actualite\/chroniques\/le-billet-de-hatem-bourial-la-revolution-falsifiee\/186850\/#article","isPartOf":{"@id":"https:\/\/www.webdo.tn\/fr\/actualite\/chroniques\/le-billet-de-hatem-bourial-la-revolution-falsifiee\/186850\/"},"author":{"name":"Hatem Bourial","@id":"https:\/\/www.webdo.tn\/fr\/#\/schema\/person\/6bc0beba2cd23aec27cb5df85ca2554f"},"headline":"Le billet de Hatem Bourial &#8211; La r\u00e9volution falsifi\u00e9e","datePublished":"2013-01-14T00:23:00+00:00","mainEntityOfPage":{"@id":"https:\/\/www.webdo.tn\/fr\/actualite\/chroniques\/le-billet-de-hatem-bourial-la-revolution-falsifiee\/186850\/"},"wordCount":932,"commentCount":0,"publisher":{"@id":"https:\/\/www.webdo.tn\/fr\/#organization"},"image":{"@id":"https:\/\/www.webdo.tn\/fr\/actualite\/chroniques\/le-billet-de-hatem-bourial-la-revolution-falsifiee\/186850\/#primaryimage"},"thumbnailUrl":"https:\/\/www.webdo.tn\/fr\/wp-content\/uploads\/2025\/06\/Revolution-photo-lexpress.fr__186850.jpg","keywords":["guerre"],"articleSection":["Chroniques"],"inLanguage":"fr-FR"},{"@type":"WebPage","@id":"https:\/\/www.webdo.tn\/fr\/actualite\/chroniques\/le-billet-de-hatem-bourial-la-revolution-falsifiee\/186850\/","url":"https:\/\/www.webdo.tn\/fr\/actualite\/chroniques\/le-billet-de-hatem-bourial-la-revolution-falsifiee\/186850\/","name":"Le billet de Hatem Bourial - La r\u00e9volution falsifi\u00e9e","isPartOf":{"@id":"https:\/\/www.webdo.tn\/fr\/#website"},"primaryImageOfPage":{"@id":"https:\/\/www.webdo.tn\/fr\/actualite\/chroniques\/le-billet-de-hatem-bourial-la-revolution-falsifiee\/186850\/#primaryimage"},"image":{"@id":"https:\/\/www.webdo.tn\/fr\/actualite\/chroniques\/le-billet-de-hatem-bourial-la-revolution-falsifiee\/186850\/#primaryimage"},"thumbnailUrl":"https:\/\/www.webdo.tn\/fr\/wp-content\/uploads\/2025\/06\/Revolution-photo-lexpress.fr__186850.jpg","datePublished":"2013-01-14T00:23:00+00:00","description":"Le billet de Hatem Bourial - La r\u00e9volution falsifi\u00e9e","breadcrumb":{"@id":"https:\/\/www.webdo.tn\/fr\/actualite\/chroniques\/le-billet-de-hatem-bourial-la-revolution-falsifiee\/186850\/#breadcrumb"},"inLanguage":"fr-FR","potentialAction":[{"@type":"ReadAction","target":["https:\/\/www.webdo.tn\/fr\/actualite\/chroniques\/le-billet-de-hatem-bourial-la-revolution-falsifiee\/186850\/"]}]},{"@type":"ImageObject","inLanguage":"fr-FR","@id":"https:\/\/www.webdo.tn\/fr\/actualite\/chroniques\/le-billet-de-hatem-bourial-la-revolution-falsifiee\/186850\/#primaryimage","url":"https:\/\/www.webdo.tn\/fr\/wp-content\/uploads\/2025\/06\/Revolution-photo-lexpress.fr__186850.jpg","contentUrl":"https:\/\/www.webdo.tn\/fr\/wp-content\/uploads\/2025\/06\/Revolution-photo-lexpress.fr__186850.jpg","width":299,"height":200,"caption":"Le billet de Hatem Bourial - La r\u00e9volution falsifi\u00e9e"},{"@type":"BreadcrumbList","@id":"https:\/\/www.webdo.tn\/fr\/actualite\/chroniques\/le-billet-de-hatem-bourial-la-revolution-falsifiee\/186850\/#breadcrumb","itemListElement":[{"@type":"ListItem","position":1,"name":"Accueil","item":"https:\/\/www.webdo.tn\/fr\/"},{"@type":"ListItem","position":2,"name":"Le billet de Hatem Bourial &#8211; La r\u00e9volution falsifi\u00e9e"}]},{"@type":"WebSite","@id":"https:\/\/www.webdo.tn\/fr\/#website","url":"https:\/\/www.webdo.tn\/fr\/","name":"webdo","description":"Tunisie - News en Tunisie et \u00e0 l&#039;international sur Webdo.tn","publisher":{"@id":"https:\/\/www.webdo.tn\/fr\/#organization"},"potentialAction":[{"@type":"SearchAction","target":{"@type":"EntryPoint","urlTemplate":"https:\/\/www.webdo.tn\/fr\/?s={search_term_string}"},"query-input":{"@type":"PropertyValueSpecification","valueRequired":true,"valueName":"search_term_string"}}],"inLanguage":"fr-FR"},{"@type":"Organization","@id":"https:\/\/www.webdo.tn\/fr\/#organization","name":"Webdo","alternateName":"Webdo.tn","url":"https:\/\/www.webdo.tn\/fr\/","logo":{"@type":"ImageObject","inLanguage":"fr-FR","@id":"https:\/\/www.webdo.tn\/fr\/#\/schema\/logo\/image\/","url":"https:\/\/www.webdo.tn\/fr\/wp-content\/uploads\/2025\/06\/Webdo-Tunisie_168377.jpg","contentUrl":"https:\/\/www.webdo.tn\/fr\/wp-content\/uploads\/2025\/06\/Webdo-Tunisie_168377.jpg","width":301,"height":301,"caption":"Webdo"},"image":{"@id":"https:\/\/www.webdo.tn\/fr\/#\/schema\/logo\/image\/"},"sameAs":["https:\/\/www.facebook.com\/webdotn","https:\/\/x.com\/webdo_tn"],"description":"Webdo est un m\u00e9dia num\u00e9rique tunisien fond\u00e9 en 2010, sp\u00e9cialis\u00e9 dans l\u2019actualit\u00e9 nationale et internationale, l\u2019\u00e9conomie, la soci\u00e9t\u00e9 et les analyses politiques. Le site s\u2019adresse \u00e0 un large public francophone et couvre l\u2019information tunisienne en temps r\u00e9el.","email":"redac@webdo.tn","legalName":"YNJ SARL","foundingDate":"2010-09-06","numberOfEmployees":{"@type":"QuantitativeValue","minValue":"11","maxValue":"50"}},{"@type":"Person","@id":"https:\/\/www.webdo.tn\/fr\/#\/schema\/person\/6bc0beba2cd23aec27cb5df85ca2554f","name":"Hatem Bourial","image":{"@type":"ImageObject","inLanguage":"fr-FR","@id":"https:\/\/www.webdo.tn\/fr\/wp-content\/uploads\/2026\/04\/hatem-bourial_avatar-96x96.jpg","url":"https:\/\/www.webdo.tn\/fr\/wp-content\/uploads\/2026\/04\/hatem-bourial_avatar-96x96.jpg","contentUrl":"https:\/\/www.webdo.tn\/fr\/wp-content\/uploads\/2026\/04\/hatem-bourial_avatar-96x96.jpg","caption":"Hatem Bourial"},"description":"Hatem Bourial est journaliste, \u00e9crivain et chroniqueur tunisien. Actif depuis plusieurs d\u00e9cennies, il s\u2019est impos\u00e9 comme un observateur attentif de la soci\u00e9t\u00e9 tunisienne, m\u00ealant dans ses \u00e9crits m\u00e9moire, culture et analyse du quotidien. Auteur de nombreux ouvrages, il d\u00e9veloppe une \u0153uvre \u00e0 la crois\u00e9e du r\u00e9cit, de la po\u00e9sie et de l\u2019observation sociologique. Parall\u00e8lement \u00e0 ses contributions dans la presse, il intervient r\u00e9guli\u00e8rement \u00e0 la radio et dans des espaces culturels, o\u00f9 il explore les enjeux li\u00e9s au patrimoine, \u00e0 l\u2019identit\u00e9 et aux transformations du monde contemporain. \u00c0 travers ses chroniques, Hatem Bourial propose une lecture sensible et approfondie de l\u2019actualit\u00e9, nourrie par une exp\u00e9rience journalistique et litt\u00e9raire reconnue. \ud83d\udd17 Facebook : https:\/\/www.facebook.com\/hatem.bourial.2025","sameAs":["https:\/\/www.facebook.com\/hatem.bourial.2025","https:\/\/fr.wikipedia.org\/wiki\/Fichier:Hatem_Bourial.jpg"],"knowsAbout":["Culture & patrimoine tunisien","Chronique soci\u00e9tale","Litt\u00e9rature & m\u00e9moire","Cin\u00e9ma & critique culturelle","Identit\u00e9 & mutations sociales"],"knowsLanguage":["Arabe","Fran\u00e7ais","Anglais","Italien","Polonais"],"jobTitle":"Journaliste, \u00e9crivain et chroniqueur culturel","worksFor":"Webdo","url":"https:\/\/www.webdo.tn\/fr\/actualite\/author\/hatem-bourial-2\/"}]}},"_links":{"self":[{"href":"https:\/\/www.webdo.tn\/fr\/wp-json\/wp\/v2\/posts\/186850","targetHints":{"allow":["GET"]}}],"collection":[{"href":"https:\/\/www.webdo.tn\/fr\/wp-json\/wp\/v2\/posts"}],"about":[{"href":"https:\/\/www.webdo.tn\/fr\/wp-json\/wp\/v2\/types\/post"}],"author":[{"embeddable":true,"href":"https:\/\/www.webdo.tn\/fr\/wp-json\/wp\/v2\/users\/3229"}],"replies":[{"embeddable":true,"href":"https:\/\/www.webdo.tn\/fr\/wp-json\/wp\/v2\/comments?post=186850"}],"version-history":[{"count":0,"href":"https:\/\/www.webdo.tn\/fr\/wp-json\/wp\/v2\/posts\/186850\/revisions"}],"wp:featuredmedia":[{"embeddable":true,"href":"https:\/\/www.webdo.tn\/fr\/wp-json\/wp\/v2\/media\/374253"}],"wp:attachment":[{"href":"https:\/\/www.webdo.tn\/fr\/wp-json\/wp\/v2\/media?parent=186850"}],"wp:term":[{"taxonomy":"category","embeddable":true,"href":"https:\/\/www.webdo.tn\/fr\/wp-json\/wp\/v2\/categories?post=186850"},{"taxonomy":"post_tag","embeddable":true,"href":"https:\/\/www.webdo.tn\/fr\/wp-json\/wp\/v2\/tags?post=186850"}],"curies":[{"name":"wp","href":"https:\/\/api.w.org\/{rel}","templated":true}]}}