{"id":186848,"date":"2013-01-08T10:01:00","date_gmt":"2013-01-08T10:01:00","guid":{"rendered":"https:\/\/www.webdo.tn\/fr\/blog\/le-billet-de-hatem-bourial-main-basse-sur-la-tunisie\/186848\/"},"modified":"2013-01-08T10:01:00","modified_gmt":"2013-01-08T10:01:00","slug":"le-billet-de-hatem-bourial-main-basse-sur-la-tunisie","status":"publish","type":"post","link":"https:\/\/www.webdo.tn\/fr\/actualite\/chroniques\/le-billet-de-hatem-bourial-main-basse-sur-la-tunisie\/186848\/","title":{"rendered":"Le billet de Hatem Bourial &#8211; Main basse sur la Tunisie"},"content":{"rendered":"<p>Le d\u00e9risoire spectacle des tractations en vue du remaniement minist\u00e9riel annonc\u00e9 se poursuit sur fond de d\u00e9sillusion profonde de l\u2019opinion publique.<\/p>\n<p>La fin de l\u2019ann\u00e9e 2011 avait \u00e9t\u00e9 pollu\u00e9e par des tractations similaires lorsqu\u2019il s\u2019\u00e9tait agi de traduire politiquement le r\u00e9sultat des \u00e9lections du 23 octobre.<\/p>\n<p>En ce temps, nous en avions d\u00e9j\u00e0 vu de toutes les couleurs : retournements de veste, danses du paon, chantages \u00e0 peine voil\u00e9s et autres simagr\u00e9es politiciennes.<\/p>\n<p>Ces ind\u00e9centes tractations avaient alors quasiment dur\u00e9 un trimestre et abouti au partage du G\u00e2teau Tunisie par une Tro\u00efka qui se r\u00eavait d\u00e9j\u00e0 en parti unique.<\/p>\n<p>Quinze mois plus tard, on remet \u00e7a et la mascarade reprend de plus belle sous les yeux m\u00e9dus\u00e9s du public lass\u00e9 par ces enfantillages narcissiques et ces surench\u00e8res partisanes.<\/p>\n<p>Du coup, on ne parle plus que de ce remaniement qu\u2019on nous invite \u00e0 attendre comme le Messie, la solution \u00e0 toutes les pannes, le rem\u00e8de miracle trouv\u00e9 par nos bobologues qui se bousculent au chevet d\u2019une Tunisie \u00e0 terre.<\/p>\n<p>La r\u00e9alit\u00e9 est plus complexe et s\u2019apparente \u00e0 une ruse de la Tro\u00efka au pouvoir. D\u2019abord, ces tractations et le bruit qui les entoure viennent installer un \u00e9cran de fum\u00e9e devant une situation sociale confuse.<\/p>\n<p>Col\u00e8re \u00e0 Kasserine, tension \u00e0 Ben Guerdane, gruy\u00e8re aux fronti\u00e8res, surench\u00e8res salafistes, violences politiques, gr\u00e8ves dans le bassin minier : tout cela (et tout le reste) pass\u00e9 \u00e0 la trappe et nous sommes invit\u00e9s \u00e0 nous concentrer sur les gesticulations politiciennes.<\/p>\n<p>Au del\u00e0 de cet \u00e9cran de fum\u00e9e qui d\u00e9tourne notre regard du r\u00e9el, des man\u0153uvres inqui\u00e9tantes se poursuivent. Elles sont de plusieurs ordres.<\/p>\n<p>\tLes politiciens dans leur ensemble tentent de faire main basse sur la Tunisie. Confin\u00e9s dans leur haute sph\u00e8re, ils se battent pour le butin. Ceux qui ont \u00e9t\u00e9 \u00e9lus ayant d\u00e9j\u00e0 trahi toutes leurs promesses, c\u2019est au tour des perdants du 23 octobre de tenter un retour par la fen\u00eatre, qu\u2019ils devront \u00e0 la mansu\u00e9tude d\u2019Ennahdha qui tient toujours toutes les cartes en main.<br \/>\n\tApr\u00e8s avoir fait main basse sur la r\u00e9volution, Ennahdha s\u2019appr\u00eate \u00e0 en faire de m\u00eame pour la Tunisien. Un noyautage m\u00e9thodique de l\u2019Etat se poursuit \u00e0 tous les niveaux, une alliance tactique avec le radicalisme islamiste sert d\u2019\u00e9pouvantail et la r\u00e9pression de la diff\u00e9rence commence \u00e0 se mettre en place. D\u2019une part, on lance des anath\u00e8mes, on interdit de voyager et on emprisonne et d\u2019autre part, on place cousins et gendres qu\u2019on absout \u00e0 priori de tout manquement.<br \/>\n\tApr\u00e8s avoir \u00f4t\u00e9 ce qu\u2019ils avaient de cr\u00e9dibilit\u00e9 au CPR et Ettakatol, le parti islamiste s\u2019appr\u00eate \u00e0 faire de m\u00eame pour d\u2019autres partis tent\u00e9s de gouverner. La d\u00e9marche est cousue de fil blanc : diaboliser la mouvance incarn\u00e9e par BCE, entra\u00eener sur la pente de l\u2019\u00e9chec d\u2019autres formations d\u2019un centre mou, autoproclam\u00e9 et peu soucieux de justice sociale, laisser le champ libre au Front populaire quitte \u00e0 l\u2019\u00e9craser ensuite. Enfin, les islamistes au pouvoir pensent \u00e9luder avec ce remaniement l\u2019initiative de l\u2019UGTT pour le dialogue national et consolider ainsi leur mainmise sur le pays.<\/p>\n<p>L\u2019heure est donc aux petites man\u0153uvres alors que les priorit\u00e9s sont bel et bien ailleurs : des prix qui s\u2019envolent, les caisses de l\u2019Etat qui se vident, la violence qui s\u2019installe, les r\u00e9gions qu\u2019on marginalise et la Tunisie cherche une sortie de crise et un dessein porteur d\u2019avenir.<\/p>\n<p>Que font les constituants ? Pas grand chose\u2026 Que font les politiciens ? Ils se battent pour les maroquins puis apr\u00e8s moi, le d\u00e9luge\u2026 Que font gouvernement et opposition ? Ils recherchent un compromis factice et des consensus mensongers\u2026<\/p>\n<p>Et pendant ce temps, m\u00e9thodiquement, sereinement, sans pudeur ni h\u00e9sitations \u00e9thiques, Ennahdha fait main basse sur la Tunisie.<\/p>\n","protected":false},"excerpt":{"rendered":"<p>Le billet de Hatem Bourial &#8211; Main basse sur la Tunisie<\/p>\n","protected":false},"author":3229,"featured_media":333170,"comment_status":"open","ping_status":"closed","sticky":false,"template":"","format":"standard","meta":{"footnotes":""},"categories":[2596],"tags":[2600],"class_list":["post-186848","post","type-post","status-publish","format-standard","has-post-thumbnail","hentry","category-chroniques","tag-guerre"],"yoast_head":"<!-- This site is optimized with the Yoast SEO Premium plugin v27.5 (Yoast SEO v27.5) - https:\/\/yoast.com\/product\/yoast-seo-premium-wordpress\/ -->\n<title>Le billet de Hatem Bourial - Main basse sur la Tunisie<\/title>\n<meta name=\"description\" content=\"Le billet de Hatem Bourial - Main basse sur la Tunisie\" \/>\n<link rel=\"canonical\" href=\"https:\/\/www.webdo.tn\/fr\/actualite\/chroniques\/le-billet-de-hatem-bourial-main-basse-sur-la-tunisie\/186848\/\" \/>\n<meta property=\"og:locale\" content=\"fr_FR\" \/>\n<meta property=\"og:type\" content=\"article\" \/>\n<meta property=\"og:title\" content=\"Le billet de Hatem Bourial - Main basse sur la Tunisie\" \/>\n<meta property=\"og:description\" content=\"Le billet de Hatem Bourial - Main basse sur la Tunisie\" \/>\n<meta property=\"og:url\" content=\"https:\/\/www.webdo.tn\/fr\/actualite\/chroniques\/le-billet-de-hatem-bourial-main-basse-sur-la-tunisie\/186848\/\" \/>\n<meta property=\"og:site_name\" content=\"webdo\" \/>\n<meta property=\"article:publisher\" content=\"https:\/\/www.facebook.com\/webdotn\" \/>\n<meta property=\"article:author\" content=\"https:\/\/www.facebook.com\/hatem.bourial.2025\" \/>\n<meta property=\"article:published_time\" content=\"2013-01-08T10:01:00+00:00\" \/>\n<meta property=\"og:image\" content=\"https:\/\/www.webdo.tn\/fr\/wp-content\/uploads\/2013\/01\/Rached-Ghannouchi-photo-Jeune-Afrique.jpg\" \/>\n\t<meta property=\"og:image:width\" content=\"350\" \/>\n\t<meta property=\"og:image:height\" content=\"200\" \/>\n\t<meta property=\"og:image:type\" content=\"image\/jpeg\" \/>\n<meta name=\"author\" content=\"Hatem Bourial\" \/>\n<meta name=\"twitter:card\" content=\"summary_large_image\" \/>\n<meta name=\"twitter:creator\" content=\"@webdo_tn\" \/>\n<meta name=\"twitter:site\" content=\"@webdo_tn\" \/>\n<meta name=\"twitter:label1\" content=\"\u00c9crit par\" \/>\n\t<meta name=\"twitter:data1\" content=\"Hatem Bourial\" \/>\n\t<meta name=\"twitter:label2\" content=\"Dur\u00e9e de lecture estim\u00e9e\" \/>\n\t<meta name=\"twitter:data2\" content=\"3 minutes\" \/>\n<script type=\"application\/ld+json\" class=\"yoast-schema-graph\">{\"@context\":\"https:\\\/\\\/schema.org\",\"@graph\":[{\"@type\":\"NewsArticle\",\"@id\":\"https:\\\/\\\/www.webdo.tn\\\/fr\\\/actualite\\\/chroniques\\\/le-billet-de-hatem-bourial-main-basse-sur-la-tunisie\\\/186848\\\/#article\",\"isPartOf\":{\"@id\":\"https:\\\/\\\/www.webdo.tn\\\/fr\\\/actualite\\\/chroniques\\\/le-billet-de-hatem-bourial-main-basse-sur-la-tunisie\\\/186848\\\/\"},\"author\":{\"name\":\"Hatem Bourial\",\"@id\":\"https:\\\/\\\/www.webdo.tn\\\/fr\\\/#\\\/schema\\\/person\\\/6bc0beba2cd23aec27cb5df85ca2554f\"},\"headline\":\"Le billet de Hatem Bourial &#8211; Main basse sur la Tunisie\",\"datePublished\":\"2013-01-08T10:01:00+00:00\",\"mainEntityOfPage\":{\"@id\":\"https:\\\/\\\/www.webdo.tn\\\/fr\\\/actualite\\\/chroniques\\\/le-billet-de-hatem-bourial-main-basse-sur-la-tunisie\\\/186848\\\/\"},\"wordCount\":685,\"commentCount\":0,\"publisher\":{\"@id\":\"https:\\\/\\\/www.webdo.tn\\\/fr\\\/#organization\"},\"image\":{\"@id\":\"https:\\\/\\\/www.webdo.tn\\\/fr\\\/actualite\\\/chroniques\\\/le-billet-de-hatem-bourial-main-basse-sur-la-tunisie\\\/186848\\\/#primaryimage\"},\"thumbnailUrl\":\"https:\\\/\\\/www.webdo.tn\\\/fr\\\/wp-content\\\/uploads\\\/2013\\\/01\\\/Rached-Ghannouchi-photo-Jeune-Afrique.jpg\",\"keywords\":[\"guerre\"],\"articleSection\":[\"Chroniques\"],\"inLanguage\":\"fr-FR\"},{\"@type\":\"WebPage\",\"@id\":\"https:\\\/\\\/www.webdo.tn\\\/fr\\\/actualite\\\/chroniques\\\/le-billet-de-hatem-bourial-main-basse-sur-la-tunisie\\\/186848\\\/\",\"url\":\"https:\\\/\\\/www.webdo.tn\\\/fr\\\/actualite\\\/chroniques\\\/le-billet-de-hatem-bourial-main-basse-sur-la-tunisie\\\/186848\\\/\",\"name\":\"Le billet de Hatem Bourial - Main basse sur la Tunisie\",\"isPartOf\":{\"@id\":\"https:\\\/\\\/www.webdo.tn\\\/fr\\\/#website\"},\"primaryImageOfPage\":{\"@id\":\"https:\\\/\\\/www.webdo.tn\\\/fr\\\/actualite\\\/chroniques\\\/le-billet-de-hatem-bourial-main-basse-sur-la-tunisie\\\/186848\\\/#primaryimage\"},\"image\":{\"@id\":\"https:\\\/\\\/www.webdo.tn\\\/fr\\\/actualite\\\/chroniques\\\/le-billet-de-hatem-bourial-main-basse-sur-la-tunisie\\\/186848\\\/#primaryimage\"},\"thumbnailUrl\":\"https:\\\/\\\/www.webdo.tn\\\/fr\\\/wp-content\\\/uploads\\\/2013\\\/01\\\/Rached-Ghannouchi-photo-Jeune-Afrique.jpg\",\"datePublished\":\"2013-01-08T10:01:00+00:00\",\"description\":\"Le billet de Hatem Bourial - Main basse sur la Tunisie\",\"breadcrumb\":{\"@id\":\"https:\\\/\\\/www.webdo.tn\\\/fr\\\/actualite\\\/chroniques\\\/le-billet-de-hatem-bourial-main-basse-sur-la-tunisie\\\/186848\\\/#breadcrumb\"},\"inLanguage\":\"fr-FR\",\"potentialAction\":[{\"@type\":\"ReadAction\",\"target\":[\"https:\\\/\\\/www.webdo.tn\\\/fr\\\/actualite\\\/chroniques\\\/le-billet-de-hatem-bourial-main-basse-sur-la-tunisie\\\/186848\\\/\"]}]},{\"@type\":\"ImageObject\",\"inLanguage\":\"fr-FR\",\"@id\":\"https:\\\/\\\/www.webdo.tn\\\/fr\\\/actualite\\\/chroniques\\\/le-billet-de-hatem-bourial-main-basse-sur-la-tunisie\\\/186848\\\/#primaryimage\",\"url\":\"https:\\\/\\\/www.webdo.tn\\\/fr\\\/wp-content\\\/uploads\\\/2013\\\/01\\\/Rached-Ghannouchi-photo-Jeune-Afrique.jpg\",\"contentUrl\":\"https:\\\/\\\/www.webdo.tn\\\/fr\\\/wp-content\\\/uploads\\\/2013\\\/01\\\/Rached-Ghannouchi-photo-Jeune-Afrique.jpg\",\"width\":350,\"height\":200,\"caption\":\"Le billet de Hatem Bourial - Main basse sur la Tunisie\"},{\"@type\":\"BreadcrumbList\",\"@id\":\"https:\\\/\\\/www.webdo.tn\\\/fr\\\/actualite\\\/chroniques\\\/le-billet-de-hatem-bourial-main-basse-sur-la-tunisie\\\/186848\\\/#breadcrumb\",\"itemListElement\":[{\"@type\":\"ListItem\",\"position\":1,\"name\":\"Accueil\",\"item\":\"https:\\\/\\\/www.webdo.tn\\\/fr\\\/\"},{\"@type\":\"ListItem\",\"position\":2,\"name\":\"Le billet de Hatem Bourial &#8211; Main basse sur la Tunisie\"}]},{\"@type\":\"WebSite\",\"@id\":\"https:\\\/\\\/www.webdo.tn\\\/fr\\\/#website\",\"url\":\"https:\\\/\\\/www.webdo.tn\\\/fr\\\/\",\"name\":\"webdo\",\"description\":\"Tunisie - News en Tunisie et \u00e0 l&#039;international sur Webdo.tn\",\"publisher\":{\"@id\":\"https:\\\/\\\/www.webdo.tn\\\/fr\\\/#organization\"},\"potentialAction\":[{\"@type\":\"SearchAction\",\"target\":{\"@type\":\"EntryPoint\",\"urlTemplate\":\"https:\\\/\\\/www.webdo.tn\\\/fr\\\/?s={search_term_string}\"},\"query-input\":{\"@type\":\"PropertyValueSpecification\",\"valueRequired\":true,\"valueName\":\"search_term_string\"}}],\"inLanguage\":\"fr-FR\"},{\"@type\":\"Organization\",\"@id\":\"https:\\\/\\\/www.webdo.tn\\\/fr\\\/#organization\",\"name\":\"Webdo\",\"alternateName\":\"Webdo.tn\",\"url\":\"https:\\\/\\\/www.webdo.tn\\\/fr\\\/\",\"logo\":{\"@type\":\"ImageObject\",\"inLanguage\":\"fr-FR\",\"@id\":\"https:\\\/\\\/www.webdo.tn\\\/fr\\\/#\\\/schema\\\/logo\\\/image\\\/\",\"url\":\"https:\\\/\\\/www.webdo.tn\\\/fr\\\/wp-content\\\/uploads\\\/2025\\\/06\\\/Webdo-Tunisie_168377.jpg\",\"contentUrl\":\"https:\\\/\\\/www.webdo.tn\\\/fr\\\/wp-content\\\/uploads\\\/2025\\\/06\\\/Webdo-Tunisie_168377.jpg\",\"width\":301,\"height\":301,\"caption\":\"Webdo\"},\"image\":{\"@id\":\"https:\\\/\\\/www.webdo.tn\\\/fr\\\/#\\\/schema\\\/logo\\\/image\\\/\"},\"sameAs\":[\"https:\\\/\\\/www.facebook.com\\\/webdotn\",\"https:\\\/\\\/x.com\\\/webdo_tn\"],\"description\":\"Webdo est un m\u00e9dia num\u00e9rique tunisien fond\u00e9 en 2010, sp\u00e9cialis\u00e9 dans l\u2019actualit\u00e9 nationale et internationale, l\u2019\u00e9conomie, la soci\u00e9t\u00e9 et les analyses politiques. Le site s\u2019adresse \u00e0 un large public francophone et couvre l\u2019information tunisienne en temps r\u00e9el.\",\"email\":\"redac@webdo.tn\",\"legalName\":\"YNJ SARL\",\"foundingDate\":\"2010-09-06\",\"numberOfEmployees\":{\"@type\":\"QuantitativeValue\",\"minValue\":\"11\",\"maxValue\":\"50\"}},{\"@type\":\"Person\",\"@id\":\"https:\\\/\\\/www.webdo.tn\\\/fr\\\/#\\\/schema\\\/person\\\/6bc0beba2cd23aec27cb5df85ca2554f\",\"name\":\"Hatem Bourial\",\"image\":{\"@type\":\"ImageObject\",\"inLanguage\":\"fr-FR\",\"@id\":\"https:\\\/\\\/www.webdo.tn\\\/fr\\\/wp-content\\\/uploads\\\/2026\\\/04\\\/hatem-bourial_avatar-96x96.jpg\",\"url\":\"https:\\\/\\\/www.webdo.tn\\\/fr\\\/wp-content\\\/uploads\\\/2026\\\/04\\\/hatem-bourial_avatar-96x96.jpg\",\"contentUrl\":\"https:\\\/\\\/www.webdo.tn\\\/fr\\\/wp-content\\\/uploads\\\/2026\\\/04\\\/hatem-bourial_avatar-96x96.jpg\",\"caption\":\"Hatem Bourial\"},\"description\":\"Hatem Bourial est journaliste, \u00e9crivain et chroniqueur tunisien. Actif depuis plusieurs d\u00e9cennies, il s\u2019est impos\u00e9 comme un observateur attentif de la soci\u00e9t\u00e9 tunisienne, m\u00ealant dans ses \u00e9crits m\u00e9moire, culture et analyse du quotidien. Auteur de nombreux ouvrages, il d\u00e9veloppe une \u0153uvre \u00e0 la crois\u00e9e du r\u00e9cit, de la po\u00e9sie et de l\u2019observation sociologique. Parall\u00e8lement \u00e0 ses contributions dans la presse, il intervient r\u00e9guli\u00e8rement \u00e0 la radio et dans des espaces culturels, o\u00f9 il explore les enjeux li\u00e9s au patrimoine, \u00e0 l\u2019identit\u00e9 et aux transformations du monde contemporain. \u00c0 travers ses chroniques, Hatem Bourial propose une lecture sensible et approfondie de l\u2019actualit\u00e9, nourrie par une exp\u00e9rience journalistique et litt\u00e9raire reconnue. \ud83d\udd17 Facebook : https:\\\/\\\/www.facebook.com\\\/hatem.bourial.2025\",\"sameAs\":[\"https:\\\/\\\/www.facebook.com\\\/hatem.bourial.2025\",\"https:\\\/\\\/fr.wikipedia.org\\\/wiki\\\/Fichier:Hatem_Bourial.jpg\"],\"knowsAbout\":[\"Culture & patrimoine tunisien\",\"Chronique soci\u00e9tale\",\"Litt\u00e9rature & m\u00e9moire\",\"Cin\u00e9ma & critique culturelle\",\"Identit\u00e9 & mutations sociales\"],\"knowsLanguage\":[\"Arabe\",\"Fran\u00e7ais\",\"Anglais\",\"Italien\",\"Polonais\"],\"jobTitle\":\"Journaliste, \u00e9crivain et chroniqueur culturel\",\"worksFor\":\"Webdo\",\"url\":\"https:\\\/\\\/www.webdo.tn\\\/fr\\\/actualite\\\/author\\\/hatem-bourial-2\\\/\"}]}<\/script>\n<!-- \/ Yoast SEO Premium plugin. -->","yoast_head_json":{"title":"Le billet de Hatem Bourial - Main basse sur la Tunisie","description":"Le billet de Hatem Bourial - Main basse sur la Tunisie","canonical":"https:\/\/www.webdo.tn\/fr\/actualite\/chroniques\/le-billet-de-hatem-bourial-main-basse-sur-la-tunisie\/186848\/","og_locale":"fr_FR","og_type":"article","og_title":"Le billet de Hatem Bourial - Main basse sur la Tunisie","og_description":"Le billet de Hatem Bourial - Main basse sur la Tunisie","og_url":"https:\/\/www.webdo.tn\/fr\/actualite\/chroniques\/le-billet-de-hatem-bourial-main-basse-sur-la-tunisie\/186848\/","og_site_name":"webdo","article_publisher":"https:\/\/www.facebook.com\/webdotn","article_author":"https:\/\/www.facebook.com\/hatem.bourial.2025","article_published_time":"2013-01-08T10:01:00+00:00","og_image":[{"width":350,"height":200,"url":"https:\/\/www.webdo.tn\/fr\/wp-content\/uploads\/2013\/01\/Rached-Ghannouchi-photo-Jeune-Afrique.jpg","type":"image\/jpeg"}],"author":"Hatem Bourial","twitter_card":"summary_large_image","twitter_creator":"@webdo_tn","twitter_site":"@webdo_tn","twitter_misc":{"\u00c9crit par":"Hatem Bourial","Dur\u00e9e de lecture estim\u00e9e":"3 minutes"},"schema":{"@context":"https:\/\/schema.org","@graph":[{"@type":"NewsArticle","@id":"https:\/\/www.webdo.tn\/fr\/actualite\/chroniques\/le-billet-de-hatem-bourial-main-basse-sur-la-tunisie\/186848\/#article","isPartOf":{"@id":"https:\/\/www.webdo.tn\/fr\/actualite\/chroniques\/le-billet-de-hatem-bourial-main-basse-sur-la-tunisie\/186848\/"},"author":{"name":"Hatem Bourial","@id":"https:\/\/www.webdo.tn\/fr\/#\/schema\/person\/6bc0beba2cd23aec27cb5df85ca2554f"},"headline":"Le billet de Hatem Bourial &#8211; Main basse sur la Tunisie","datePublished":"2013-01-08T10:01:00+00:00","mainEntityOfPage":{"@id":"https:\/\/www.webdo.tn\/fr\/actualite\/chroniques\/le-billet-de-hatem-bourial-main-basse-sur-la-tunisie\/186848\/"},"wordCount":685,"commentCount":0,"publisher":{"@id":"https:\/\/www.webdo.tn\/fr\/#organization"},"image":{"@id":"https:\/\/www.webdo.tn\/fr\/actualite\/chroniques\/le-billet-de-hatem-bourial-main-basse-sur-la-tunisie\/186848\/#primaryimage"},"thumbnailUrl":"https:\/\/www.webdo.tn\/fr\/wp-content\/uploads\/2013\/01\/Rached-Ghannouchi-photo-Jeune-Afrique.jpg","keywords":["guerre"],"articleSection":["Chroniques"],"inLanguage":"fr-FR"},{"@type":"WebPage","@id":"https:\/\/www.webdo.tn\/fr\/actualite\/chroniques\/le-billet-de-hatem-bourial-main-basse-sur-la-tunisie\/186848\/","url":"https:\/\/www.webdo.tn\/fr\/actualite\/chroniques\/le-billet-de-hatem-bourial-main-basse-sur-la-tunisie\/186848\/","name":"Le billet de Hatem Bourial - Main basse sur la Tunisie","isPartOf":{"@id":"https:\/\/www.webdo.tn\/fr\/#website"},"primaryImageOfPage":{"@id":"https:\/\/www.webdo.tn\/fr\/actualite\/chroniques\/le-billet-de-hatem-bourial-main-basse-sur-la-tunisie\/186848\/#primaryimage"},"image":{"@id":"https:\/\/www.webdo.tn\/fr\/actualite\/chroniques\/le-billet-de-hatem-bourial-main-basse-sur-la-tunisie\/186848\/#primaryimage"},"thumbnailUrl":"https:\/\/www.webdo.tn\/fr\/wp-content\/uploads\/2013\/01\/Rached-Ghannouchi-photo-Jeune-Afrique.jpg","datePublished":"2013-01-08T10:01:00+00:00","description":"Le billet de Hatem Bourial - Main basse sur la Tunisie","breadcrumb":{"@id":"https:\/\/www.webdo.tn\/fr\/actualite\/chroniques\/le-billet-de-hatem-bourial-main-basse-sur-la-tunisie\/186848\/#breadcrumb"},"inLanguage":"fr-FR","potentialAction":[{"@type":"ReadAction","target":["https:\/\/www.webdo.tn\/fr\/actualite\/chroniques\/le-billet-de-hatem-bourial-main-basse-sur-la-tunisie\/186848\/"]}]},{"@type":"ImageObject","inLanguage":"fr-FR","@id":"https:\/\/www.webdo.tn\/fr\/actualite\/chroniques\/le-billet-de-hatem-bourial-main-basse-sur-la-tunisie\/186848\/#primaryimage","url":"https:\/\/www.webdo.tn\/fr\/wp-content\/uploads\/2013\/01\/Rached-Ghannouchi-photo-Jeune-Afrique.jpg","contentUrl":"https:\/\/www.webdo.tn\/fr\/wp-content\/uploads\/2013\/01\/Rached-Ghannouchi-photo-Jeune-Afrique.jpg","width":350,"height":200,"caption":"Le billet de Hatem Bourial - Main basse sur la Tunisie"},{"@type":"BreadcrumbList","@id":"https:\/\/www.webdo.tn\/fr\/actualite\/chroniques\/le-billet-de-hatem-bourial-main-basse-sur-la-tunisie\/186848\/#breadcrumb","itemListElement":[{"@type":"ListItem","position":1,"name":"Accueil","item":"https:\/\/www.webdo.tn\/fr\/"},{"@type":"ListItem","position":2,"name":"Le billet de Hatem Bourial &#8211; Main basse sur la Tunisie"}]},{"@type":"WebSite","@id":"https:\/\/www.webdo.tn\/fr\/#website","url":"https:\/\/www.webdo.tn\/fr\/","name":"webdo","description":"Tunisie - News en Tunisie et \u00e0 l&#039;international sur Webdo.tn","publisher":{"@id":"https:\/\/www.webdo.tn\/fr\/#organization"},"potentialAction":[{"@type":"SearchAction","target":{"@type":"EntryPoint","urlTemplate":"https:\/\/www.webdo.tn\/fr\/?s={search_term_string}"},"query-input":{"@type":"PropertyValueSpecification","valueRequired":true,"valueName":"search_term_string"}}],"inLanguage":"fr-FR"},{"@type":"Organization","@id":"https:\/\/www.webdo.tn\/fr\/#organization","name":"Webdo","alternateName":"Webdo.tn","url":"https:\/\/www.webdo.tn\/fr\/","logo":{"@type":"ImageObject","inLanguage":"fr-FR","@id":"https:\/\/www.webdo.tn\/fr\/#\/schema\/logo\/image\/","url":"https:\/\/www.webdo.tn\/fr\/wp-content\/uploads\/2025\/06\/Webdo-Tunisie_168377.jpg","contentUrl":"https:\/\/www.webdo.tn\/fr\/wp-content\/uploads\/2025\/06\/Webdo-Tunisie_168377.jpg","width":301,"height":301,"caption":"Webdo"},"image":{"@id":"https:\/\/www.webdo.tn\/fr\/#\/schema\/logo\/image\/"},"sameAs":["https:\/\/www.facebook.com\/webdotn","https:\/\/x.com\/webdo_tn"],"description":"Webdo est un m\u00e9dia num\u00e9rique tunisien fond\u00e9 en 2010, sp\u00e9cialis\u00e9 dans l\u2019actualit\u00e9 nationale et internationale, l\u2019\u00e9conomie, la soci\u00e9t\u00e9 et les analyses politiques. Le site s\u2019adresse \u00e0 un large public francophone et couvre l\u2019information tunisienne en temps r\u00e9el.","email":"redac@webdo.tn","legalName":"YNJ SARL","foundingDate":"2010-09-06","numberOfEmployees":{"@type":"QuantitativeValue","minValue":"11","maxValue":"50"}},{"@type":"Person","@id":"https:\/\/www.webdo.tn\/fr\/#\/schema\/person\/6bc0beba2cd23aec27cb5df85ca2554f","name":"Hatem Bourial","image":{"@type":"ImageObject","inLanguage":"fr-FR","@id":"https:\/\/www.webdo.tn\/fr\/wp-content\/uploads\/2026\/04\/hatem-bourial_avatar-96x96.jpg","url":"https:\/\/www.webdo.tn\/fr\/wp-content\/uploads\/2026\/04\/hatem-bourial_avatar-96x96.jpg","contentUrl":"https:\/\/www.webdo.tn\/fr\/wp-content\/uploads\/2026\/04\/hatem-bourial_avatar-96x96.jpg","caption":"Hatem Bourial"},"description":"Hatem Bourial est journaliste, \u00e9crivain et chroniqueur tunisien. Actif depuis plusieurs d\u00e9cennies, il s\u2019est impos\u00e9 comme un observateur attentif de la soci\u00e9t\u00e9 tunisienne, m\u00ealant dans ses \u00e9crits m\u00e9moire, culture et analyse du quotidien. Auteur de nombreux ouvrages, il d\u00e9veloppe une \u0153uvre \u00e0 la crois\u00e9e du r\u00e9cit, de la po\u00e9sie et de l\u2019observation sociologique. Parall\u00e8lement \u00e0 ses contributions dans la presse, il intervient r\u00e9guli\u00e8rement \u00e0 la radio et dans des espaces culturels, o\u00f9 il explore les enjeux li\u00e9s au patrimoine, \u00e0 l\u2019identit\u00e9 et aux transformations du monde contemporain. \u00c0 travers ses chroniques, Hatem Bourial propose une lecture sensible et approfondie de l\u2019actualit\u00e9, nourrie par une exp\u00e9rience journalistique et litt\u00e9raire reconnue. \ud83d\udd17 Facebook : https:\/\/www.facebook.com\/hatem.bourial.2025","sameAs":["https:\/\/www.facebook.com\/hatem.bourial.2025","https:\/\/fr.wikipedia.org\/wiki\/Fichier:Hatem_Bourial.jpg"],"knowsAbout":["Culture & patrimoine tunisien","Chronique soci\u00e9tale","Litt\u00e9rature & m\u00e9moire","Cin\u00e9ma & critique culturelle","Identit\u00e9 & mutations sociales"],"knowsLanguage":["Arabe","Fran\u00e7ais","Anglais","Italien","Polonais"],"jobTitle":"Journaliste, \u00e9crivain et chroniqueur culturel","worksFor":"Webdo","url":"https:\/\/www.webdo.tn\/fr\/actualite\/author\/hatem-bourial-2\/"}]}},"_links":{"self":[{"href":"https:\/\/www.webdo.tn\/fr\/wp-json\/wp\/v2\/posts\/186848","targetHints":{"allow":["GET"]}}],"collection":[{"href":"https:\/\/www.webdo.tn\/fr\/wp-json\/wp\/v2\/posts"}],"about":[{"href":"https:\/\/www.webdo.tn\/fr\/wp-json\/wp\/v2\/types\/post"}],"author":[{"embeddable":true,"href":"https:\/\/www.webdo.tn\/fr\/wp-json\/wp\/v2\/users\/3229"}],"replies":[{"embeddable":true,"href":"https:\/\/www.webdo.tn\/fr\/wp-json\/wp\/v2\/comments?post=186848"}],"version-history":[{"count":0,"href":"https:\/\/www.webdo.tn\/fr\/wp-json\/wp\/v2\/posts\/186848\/revisions"}],"wp:featuredmedia":[{"embeddable":true,"href":"https:\/\/www.webdo.tn\/fr\/wp-json\/wp\/v2\/media\/333170"}],"wp:attachment":[{"href":"https:\/\/www.webdo.tn\/fr\/wp-json\/wp\/v2\/media?parent=186848"}],"wp:term":[{"taxonomy":"category","embeddable":true,"href":"https:\/\/www.webdo.tn\/fr\/wp-json\/wp\/v2\/categories?post=186848"},{"taxonomy":"post_tag","embeddable":true,"href":"https:\/\/www.webdo.tn\/fr\/wp-json\/wp\/v2\/tags?post=186848"}],"curies":[{"name":"wp","href":"https:\/\/api.w.org\/{rel}","templated":true}]}}