{"id":186847,"date":"2012-12-28T11:23:00","date_gmt":"2012-12-28T11:23:00","guid":{"rendered":"https:\/\/www.webdo.tn\/fr\/blog\/le-billet-de-hatem-bourial-impasse-du-tunisien-vous-ne-croyez-pas-si-bien-dire\/186847\/"},"modified":"2012-12-28T11:23:00","modified_gmt":"2012-12-28T11:23:00","slug":"le-billet-de-hatem-bourial-impasse-du-tunisien-vous-ne-croyez-pas-si-bien-dire","status":"publish","type":"post","link":"https:\/\/www.webdo.tn\/fr\/actualite\/chroniques\/le-billet-de-hatem-bourial-impasse-du-tunisien-vous-ne-croyez-pas-si-bien-dire\/186847\/","title":{"rendered":"Le billet de Hatem Bourial &#8211; Impasse du Tunisien ? Vous ne croyez pas si bien dire\u2026"},"content":{"rendered":"<p>On n\u2019en finit jamais de d\u00e9couvrir la m\u00e9dina. C\u2019est ainsi que, fl\u00e2nant du c\u00f4t\u00e9 d\u2019El Marr, j\u2019ai d\u00e9couvert une minuscule ruelle au nom aussi suggestif que pr\u00e9monitoire.<\/p>\n<p>Impasse du Tunisien ! En blanc sur bleu et en toutes lettres \u00e9maill\u00e9es\u2026 C\u2019est \u00e0 se demander par quel incroyable hasard, cette ruelle porte pareille d\u00e9nomination.<\/p>\n<p>Et il s\u2019agit bien d\u2019une impasse ! \u00c9troite au d\u00e9but, compl\u00e8tement bouch\u00e9e au fond. No way out, dead end, pas de passage.<\/p>\n<p>Le nom de cette impasse (qui se trouve rue de la rivi\u00e8re) me laisse songeur et d\u2019humeur \u00e0 extrapoler.<br \/>\nC\u2019est que, depuis quelque temps, nous sommes au carrefour de plusieurs impasses.<\/p>\n<p>Impasse du Tunisien ? Et s\u2019il s\u2019agissait plut\u00f4t de la voie que les id\u00e9ologues d\u2019Ennahdha croient passante?<\/p>\n<p>Impasse du Tunisien ? Et s\u2019il s\u2019agissait plut\u00f4t de cet hypocrite m\u00e9nage \u00e0 trois qu\u2019on nous vend sous le label de Tro\u00efka ?<\/p>\n<p>Impasse du Tunisien ? Et s\u2019il s\u2019agissait plut\u00f4t de tous ces opposants bavards et imbus d\u2019eux-m\u00eames ?<\/p>\n<p>Impasse du Tunisien ? Et si c\u2019\u00e9tait plut\u00f4t cette r\u00e9volution d\u00e9natur\u00e9e, d\u00e9vi\u00e9e de ses objectifs, confisqu\u00e9e par les urnes \u00e0 ceux qui l\u2019ont faite ?<\/p>\n<p>Impasse du Tunisien ? Et si c\u2019\u00e9tait plut\u00f4t tous ces r\u00e9visionnismes qui s\u2019affrontent et cette mont\u00e9e (r\u00e9sistible) de l\u2019obscurantisme ?<\/p>\n<p>On pourrait continuer longtemps de la sorte et voir dans le nom de cette minuscule art\u00e8re l\u2019\u00e9cho d\u2019un pays sinistr\u00e9, trahi, sali.<\/p>\n<p>Impasse du Tunisien : cette lente descente aux enfers qui se confirme chaque jour davantage. Comme si les Arabes \u00e9taient vou\u00e9s \u00e0 vivre une modernit\u00e9 malheureuse.<\/p>\n<p>Impasse du Tunisien, mais aussi l\u2019espoir d\u2019une vision de l\u2019avenir, d\u2019une dynamique vers le progr\u00e8s social et enfin d\u2019un dessein puissant pour la Tunisie.<\/p>\n<p>C\u2019est tout le mal que je vous souhaite pour 2013 !<\/p>\n<p>Bonne ann\u00e9e \u00e0 toutes et \u00e0 tous !<\/p>\n","protected":false},"excerpt":{"rendered":"<p>Le billet de Hatem Bourial &#8211; Impasse du Tunisien ? Vous ne croyez pas si bien dire\u2026<\/p>\n","protected":false},"author":3229,"featured_media":333192,"comment_status":"open","ping_status":"closed","sticky":false,"template":"","format":"standard","meta":{"footnotes":""},"categories":[2596],"tags":[2600],"class_list":["post-186847","post","type-post","status-publish","format-standard","has-post-thumbnail","hentry","category-chroniques","tag-guerre"],"yoast_head":"<!-- This site is optimized with the Yoast SEO Premium plugin v27.5 (Yoast SEO v27.5) - https:\/\/yoast.com\/product\/yoast-seo-premium-wordpress\/ -->\n<title>Le billet de Hatem Bourial - Impasse du Tunisien ? Vous ne croyez pas si bien dire\u2026<\/title>\n<meta name=\"description\" content=\"Le billet de Hatem Bourial - Impasse du Tunisien ? Vous ne croyez pas si bien dire\u2026\" \/>\n<link rel=\"canonical\" href=\"https:\/\/www.webdo.tn\/fr\/actualite\/chroniques\/le-billet-de-hatem-bourial-impasse-du-tunisien-vous-ne-croyez-pas-si-bien-dire\/186847\/\" \/>\n<meta property=\"og:locale\" content=\"fr_FR\" \/>\n<meta property=\"og:type\" content=\"article\" \/>\n<meta property=\"og:title\" content=\"Le billet de Hatem Bourial - Impasse du Tunisien ? Vous ne croyez pas si bien dire\u2026\" \/>\n<meta property=\"og:description\" content=\"Le billet de Hatem Bourial - Impasse du Tunisien ? Vous ne croyez pas si bien dire\u2026\" \/>\n<meta property=\"og:url\" content=\"https:\/\/www.webdo.tn\/fr\/actualite\/chroniques\/le-billet-de-hatem-bourial-impasse-du-tunisien-vous-ne-croyez-pas-si-bien-dire\/186847\/\" \/>\n<meta property=\"og:site_name\" content=\"webdo\" \/>\n<meta property=\"article:publisher\" content=\"https:\/\/www.facebook.com\/webdotn\" \/>\n<meta property=\"article:author\" content=\"https:\/\/www.facebook.com\/hatem.bourial.2025\" \/>\n<meta property=\"article:published_time\" content=\"2012-12-28T11:23:00+00:00\" \/>\n<meta property=\"og:image\" content=\"https:\/\/www.webdo.tn\/fr\/wp-content\/uploads\/2012\/12\/Impasse-du-Tunisien-photo-Hatem-Bourial.jpg\" \/>\n\t<meta property=\"og:image:width\" content=\"593\" \/>\n\t<meta property=\"og:image:height\" content=\"357\" \/>\n\t<meta property=\"og:image:type\" content=\"image\/jpeg\" \/>\n<meta name=\"author\" content=\"Hatem Bourial\" \/>\n<meta name=\"twitter:card\" content=\"summary_large_image\" \/>\n<meta name=\"twitter:creator\" content=\"@webdo_tn\" \/>\n<meta name=\"twitter:site\" content=\"@webdo_tn\" \/>\n<meta name=\"twitter:label1\" content=\"\u00c9crit par\" \/>\n\t<meta name=\"twitter:data1\" content=\"Hatem Bourial\" \/>\n\t<meta name=\"twitter:label2\" content=\"Dur\u00e9e de lecture estim\u00e9e\" \/>\n\t<meta name=\"twitter:data2\" content=\"2 minutes\" \/>\n<script type=\"application\/ld+json\" class=\"yoast-schema-graph\">{\"@context\":\"https:\\\/\\\/schema.org\",\"@graph\":[{\"@type\":\"NewsArticle\",\"@id\":\"https:\\\/\\\/www.webdo.tn\\\/fr\\\/actualite\\\/chroniques\\\/le-billet-de-hatem-bourial-impasse-du-tunisien-vous-ne-croyez-pas-si-bien-dire\\\/186847\\\/#article\",\"isPartOf\":{\"@id\":\"https:\\\/\\\/www.webdo.tn\\\/fr\\\/actualite\\\/chroniques\\\/le-billet-de-hatem-bourial-impasse-du-tunisien-vous-ne-croyez-pas-si-bien-dire\\\/186847\\\/\"},\"author\":{\"name\":\"Hatem Bourial\",\"@id\":\"https:\\\/\\\/www.webdo.tn\\\/fr\\\/#\\\/schema\\\/person\\\/6bc0beba2cd23aec27cb5df85ca2554f\"},\"headline\":\"Le billet de Hatem Bourial &#8211; Impasse du Tunisien ? Vous ne croyez pas si bien dire\u2026\",\"datePublished\":\"2012-12-28T11:23:00+00:00\",\"mainEntityOfPage\":{\"@id\":\"https:\\\/\\\/www.webdo.tn\\\/fr\\\/actualite\\\/chroniques\\\/le-billet-de-hatem-bourial-impasse-du-tunisien-vous-ne-croyez-pas-si-bien-dire\\\/186847\\\/\"},\"wordCount\":358,\"commentCount\":0,\"publisher\":{\"@id\":\"https:\\\/\\\/www.webdo.tn\\\/fr\\\/#organization\"},\"image\":{\"@id\":\"https:\\\/\\\/www.webdo.tn\\\/fr\\\/actualite\\\/chroniques\\\/le-billet-de-hatem-bourial-impasse-du-tunisien-vous-ne-croyez-pas-si-bien-dire\\\/186847\\\/#primaryimage\"},\"thumbnailUrl\":\"https:\\\/\\\/www.webdo.tn\\\/fr\\\/wp-content\\\/uploads\\\/2012\\\/12\\\/Impasse-du-Tunisien-photo-Hatem-Bourial.jpg\",\"keywords\":[\"guerre\"],\"articleSection\":[\"Chroniques\"],\"inLanguage\":\"fr-FR\"},{\"@type\":\"WebPage\",\"@id\":\"https:\\\/\\\/www.webdo.tn\\\/fr\\\/actualite\\\/chroniques\\\/le-billet-de-hatem-bourial-impasse-du-tunisien-vous-ne-croyez-pas-si-bien-dire\\\/186847\\\/\",\"url\":\"https:\\\/\\\/www.webdo.tn\\\/fr\\\/actualite\\\/chroniques\\\/le-billet-de-hatem-bourial-impasse-du-tunisien-vous-ne-croyez-pas-si-bien-dire\\\/186847\\\/\",\"name\":\"Le billet de Hatem Bourial - Impasse du Tunisien ? Vous ne croyez pas si bien dire\u2026\",\"isPartOf\":{\"@id\":\"https:\\\/\\\/www.webdo.tn\\\/fr\\\/#website\"},\"primaryImageOfPage\":{\"@id\":\"https:\\\/\\\/www.webdo.tn\\\/fr\\\/actualite\\\/chroniques\\\/le-billet-de-hatem-bourial-impasse-du-tunisien-vous-ne-croyez-pas-si-bien-dire\\\/186847\\\/#primaryimage\"},\"image\":{\"@id\":\"https:\\\/\\\/www.webdo.tn\\\/fr\\\/actualite\\\/chroniques\\\/le-billet-de-hatem-bourial-impasse-du-tunisien-vous-ne-croyez-pas-si-bien-dire\\\/186847\\\/#primaryimage\"},\"thumbnailUrl\":\"https:\\\/\\\/www.webdo.tn\\\/fr\\\/wp-content\\\/uploads\\\/2012\\\/12\\\/Impasse-du-Tunisien-photo-Hatem-Bourial.jpg\",\"datePublished\":\"2012-12-28T11:23:00+00:00\",\"description\":\"Le billet de Hatem Bourial - Impasse du Tunisien ? Vous ne croyez pas si bien dire\u2026\",\"breadcrumb\":{\"@id\":\"https:\\\/\\\/www.webdo.tn\\\/fr\\\/actualite\\\/chroniques\\\/le-billet-de-hatem-bourial-impasse-du-tunisien-vous-ne-croyez-pas-si-bien-dire\\\/186847\\\/#breadcrumb\"},\"inLanguage\":\"fr-FR\",\"potentialAction\":[{\"@type\":\"ReadAction\",\"target\":[\"https:\\\/\\\/www.webdo.tn\\\/fr\\\/actualite\\\/chroniques\\\/le-billet-de-hatem-bourial-impasse-du-tunisien-vous-ne-croyez-pas-si-bien-dire\\\/186847\\\/\"]}]},{\"@type\":\"ImageObject\",\"inLanguage\":\"fr-FR\",\"@id\":\"https:\\\/\\\/www.webdo.tn\\\/fr\\\/actualite\\\/chroniques\\\/le-billet-de-hatem-bourial-impasse-du-tunisien-vous-ne-croyez-pas-si-bien-dire\\\/186847\\\/#primaryimage\",\"url\":\"https:\\\/\\\/www.webdo.tn\\\/fr\\\/wp-content\\\/uploads\\\/2012\\\/12\\\/Impasse-du-Tunisien-photo-Hatem-Bourial.jpg\",\"contentUrl\":\"https:\\\/\\\/www.webdo.tn\\\/fr\\\/wp-content\\\/uploads\\\/2012\\\/12\\\/Impasse-du-Tunisien-photo-Hatem-Bourial.jpg\",\"width\":593,\"height\":357,\"caption\":\"Le billet de Hatem Bourial - Impasse du Tunisien ? Vous ne croyez pas si bien dire\u2026\"},{\"@type\":\"BreadcrumbList\",\"@id\":\"https:\\\/\\\/www.webdo.tn\\\/fr\\\/actualite\\\/chroniques\\\/le-billet-de-hatem-bourial-impasse-du-tunisien-vous-ne-croyez-pas-si-bien-dire\\\/186847\\\/#breadcrumb\",\"itemListElement\":[{\"@type\":\"ListItem\",\"position\":1,\"name\":\"Accueil\",\"item\":\"https:\\\/\\\/www.webdo.tn\\\/fr\\\/\"},{\"@type\":\"ListItem\",\"position\":2,\"name\":\"Le billet de Hatem Bourial &#8211; Impasse du Tunisien ? Vous ne croyez pas si bien dire\u2026\"}]},{\"@type\":\"WebSite\",\"@id\":\"https:\\\/\\\/www.webdo.tn\\\/fr\\\/#website\",\"url\":\"https:\\\/\\\/www.webdo.tn\\\/fr\\\/\",\"name\":\"webdo\",\"description\":\"Tunisie - News en Tunisie et \u00e0 l&#039;international sur Webdo.tn\",\"publisher\":{\"@id\":\"https:\\\/\\\/www.webdo.tn\\\/fr\\\/#organization\"},\"potentialAction\":[{\"@type\":\"SearchAction\",\"target\":{\"@type\":\"EntryPoint\",\"urlTemplate\":\"https:\\\/\\\/www.webdo.tn\\\/fr\\\/?s={search_term_string}\"},\"query-input\":{\"@type\":\"PropertyValueSpecification\",\"valueRequired\":true,\"valueName\":\"search_term_string\"}}],\"inLanguage\":\"fr-FR\"},{\"@type\":\"Organization\",\"@id\":\"https:\\\/\\\/www.webdo.tn\\\/fr\\\/#organization\",\"name\":\"Webdo\",\"alternateName\":\"Webdo.tn\",\"url\":\"https:\\\/\\\/www.webdo.tn\\\/fr\\\/\",\"logo\":{\"@type\":\"ImageObject\",\"inLanguage\":\"fr-FR\",\"@id\":\"https:\\\/\\\/www.webdo.tn\\\/fr\\\/#\\\/schema\\\/logo\\\/image\\\/\",\"url\":\"https:\\\/\\\/www.webdo.tn\\\/fr\\\/wp-content\\\/uploads\\\/2025\\\/06\\\/Webdo-Tunisie_168377.jpg\",\"contentUrl\":\"https:\\\/\\\/www.webdo.tn\\\/fr\\\/wp-content\\\/uploads\\\/2025\\\/06\\\/Webdo-Tunisie_168377.jpg\",\"width\":301,\"height\":301,\"caption\":\"Webdo\"},\"image\":{\"@id\":\"https:\\\/\\\/www.webdo.tn\\\/fr\\\/#\\\/schema\\\/logo\\\/image\\\/\"},\"sameAs\":[\"https:\\\/\\\/www.facebook.com\\\/webdotn\",\"https:\\\/\\\/x.com\\\/webdo_tn\"],\"description\":\"Webdo est un m\u00e9dia num\u00e9rique tunisien fond\u00e9 en 2010, sp\u00e9cialis\u00e9 dans l\u2019actualit\u00e9 nationale et internationale, l\u2019\u00e9conomie, la soci\u00e9t\u00e9 et les analyses politiques. Le site s\u2019adresse \u00e0 un large public francophone et couvre l\u2019information tunisienne en temps r\u00e9el.\",\"email\":\"redac@webdo.tn\",\"legalName\":\"YNJ SARL\",\"foundingDate\":\"2010-09-06\",\"numberOfEmployees\":{\"@type\":\"QuantitativeValue\",\"minValue\":\"11\",\"maxValue\":\"50\"}},{\"@type\":\"Person\",\"@id\":\"https:\\\/\\\/www.webdo.tn\\\/fr\\\/#\\\/schema\\\/person\\\/6bc0beba2cd23aec27cb5df85ca2554f\",\"name\":\"Hatem Bourial\",\"image\":{\"@type\":\"ImageObject\",\"inLanguage\":\"fr-FR\",\"@id\":\"https:\\\/\\\/www.webdo.tn\\\/fr\\\/wp-content\\\/uploads\\\/2026\\\/04\\\/hatem-bourial_avatar-96x96.jpg\",\"url\":\"https:\\\/\\\/www.webdo.tn\\\/fr\\\/wp-content\\\/uploads\\\/2026\\\/04\\\/hatem-bourial_avatar-96x96.jpg\",\"contentUrl\":\"https:\\\/\\\/www.webdo.tn\\\/fr\\\/wp-content\\\/uploads\\\/2026\\\/04\\\/hatem-bourial_avatar-96x96.jpg\",\"caption\":\"Hatem Bourial\"},\"description\":\"Hatem Bourial est journaliste, \u00e9crivain et chroniqueur tunisien. Actif depuis plusieurs d\u00e9cennies, il s\u2019est impos\u00e9 comme un observateur attentif de la soci\u00e9t\u00e9 tunisienne, m\u00ealant dans ses \u00e9crits m\u00e9moire, culture et analyse du quotidien. Auteur de nombreux ouvrages, il d\u00e9veloppe une \u0153uvre \u00e0 la crois\u00e9e du r\u00e9cit, de la po\u00e9sie et de l\u2019observation sociologique. Parall\u00e8lement \u00e0 ses contributions dans la presse, il intervient r\u00e9guli\u00e8rement \u00e0 la radio et dans des espaces culturels, o\u00f9 il explore les enjeux li\u00e9s au patrimoine, \u00e0 l\u2019identit\u00e9 et aux transformations du monde contemporain. \u00c0 travers ses chroniques, Hatem Bourial propose une lecture sensible et approfondie de l\u2019actualit\u00e9, nourrie par une exp\u00e9rience journalistique et litt\u00e9raire reconnue. \ud83d\udd17 Facebook : https:\\\/\\\/www.facebook.com\\\/hatem.bourial.2025\",\"sameAs\":[\"https:\\\/\\\/www.facebook.com\\\/hatem.bourial.2025\",\"https:\\\/\\\/fr.wikipedia.org\\\/wiki\\\/Fichier:Hatem_Bourial.jpg\"],\"knowsAbout\":[\"Culture & patrimoine tunisien\",\"Chronique soci\u00e9tale\",\"Litt\u00e9rature & m\u00e9moire\",\"Cin\u00e9ma & critique culturelle\",\"Identit\u00e9 & mutations sociales\"],\"knowsLanguage\":[\"Arabe\",\"Fran\u00e7ais\",\"Anglais\",\"Italien\",\"Polonais\"],\"jobTitle\":\"Journaliste, \u00e9crivain et chroniqueur culturel\",\"worksFor\":\"Webdo\",\"url\":\"https:\\\/\\\/www.webdo.tn\\\/fr\\\/actualite\\\/author\\\/hatem-bourial-2\\\/\"}]}<\/script>\n<!-- \/ Yoast SEO Premium plugin. -->","yoast_head_json":{"title":"Le billet de Hatem Bourial - Impasse du Tunisien ? Vous ne croyez pas si bien dire\u2026","description":"Le billet de Hatem Bourial - Impasse du Tunisien ? Vous ne croyez pas si bien dire\u2026","canonical":"https:\/\/www.webdo.tn\/fr\/actualite\/chroniques\/le-billet-de-hatem-bourial-impasse-du-tunisien-vous-ne-croyez-pas-si-bien-dire\/186847\/","og_locale":"fr_FR","og_type":"article","og_title":"Le billet de Hatem Bourial - Impasse du Tunisien ? Vous ne croyez pas si bien dire\u2026","og_description":"Le billet de Hatem Bourial - Impasse du Tunisien ? Vous ne croyez pas si bien dire\u2026","og_url":"https:\/\/www.webdo.tn\/fr\/actualite\/chroniques\/le-billet-de-hatem-bourial-impasse-du-tunisien-vous-ne-croyez-pas-si-bien-dire\/186847\/","og_site_name":"webdo","article_publisher":"https:\/\/www.facebook.com\/webdotn","article_author":"https:\/\/www.facebook.com\/hatem.bourial.2025","article_published_time":"2012-12-28T11:23:00+00:00","og_image":[{"width":593,"height":357,"url":"https:\/\/www.webdo.tn\/fr\/wp-content\/uploads\/2012\/12\/Impasse-du-Tunisien-photo-Hatem-Bourial.jpg","type":"image\/jpeg"}],"author":"Hatem Bourial","twitter_card":"summary_large_image","twitter_creator":"@webdo_tn","twitter_site":"@webdo_tn","twitter_misc":{"\u00c9crit par":"Hatem Bourial","Dur\u00e9e de lecture estim\u00e9e":"2 minutes"},"schema":{"@context":"https:\/\/schema.org","@graph":[{"@type":"NewsArticle","@id":"https:\/\/www.webdo.tn\/fr\/actualite\/chroniques\/le-billet-de-hatem-bourial-impasse-du-tunisien-vous-ne-croyez-pas-si-bien-dire\/186847\/#article","isPartOf":{"@id":"https:\/\/www.webdo.tn\/fr\/actualite\/chroniques\/le-billet-de-hatem-bourial-impasse-du-tunisien-vous-ne-croyez-pas-si-bien-dire\/186847\/"},"author":{"name":"Hatem Bourial","@id":"https:\/\/www.webdo.tn\/fr\/#\/schema\/person\/6bc0beba2cd23aec27cb5df85ca2554f"},"headline":"Le billet de Hatem Bourial &#8211; Impasse du Tunisien ? Vous ne croyez pas si bien dire\u2026","datePublished":"2012-12-28T11:23:00+00:00","mainEntityOfPage":{"@id":"https:\/\/www.webdo.tn\/fr\/actualite\/chroniques\/le-billet-de-hatem-bourial-impasse-du-tunisien-vous-ne-croyez-pas-si-bien-dire\/186847\/"},"wordCount":358,"commentCount":0,"publisher":{"@id":"https:\/\/www.webdo.tn\/fr\/#organization"},"image":{"@id":"https:\/\/www.webdo.tn\/fr\/actualite\/chroniques\/le-billet-de-hatem-bourial-impasse-du-tunisien-vous-ne-croyez-pas-si-bien-dire\/186847\/#primaryimage"},"thumbnailUrl":"https:\/\/www.webdo.tn\/fr\/wp-content\/uploads\/2012\/12\/Impasse-du-Tunisien-photo-Hatem-Bourial.jpg","keywords":["guerre"],"articleSection":["Chroniques"],"inLanguage":"fr-FR"},{"@type":"WebPage","@id":"https:\/\/www.webdo.tn\/fr\/actualite\/chroniques\/le-billet-de-hatem-bourial-impasse-du-tunisien-vous-ne-croyez-pas-si-bien-dire\/186847\/","url":"https:\/\/www.webdo.tn\/fr\/actualite\/chroniques\/le-billet-de-hatem-bourial-impasse-du-tunisien-vous-ne-croyez-pas-si-bien-dire\/186847\/","name":"Le billet de Hatem Bourial - Impasse du Tunisien ? Vous ne croyez pas si bien dire\u2026","isPartOf":{"@id":"https:\/\/www.webdo.tn\/fr\/#website"},"primaryImageOfPage":{"@id":"https:\/\/www.webdo.tn\/fr\/actualite\/chroniques\/le-billet-de-hatem-bourial-impasse-du-tunisien-vous-ne-croyez-pas-si-bien-dire\/186847\/#primaryimage"},"image":{"@id":"https:\/\/www.webdo.tn\/fr\/actualite\/chroniques\/le-billet-de-hatem-bourial-impasse-du-tunisien-vous-ne-croyez-pas-si-bien-dire\/186847\/#primaryimage"},"thumbnailUrl":"https:\/\/www.webdo.tn\/fr\/wp-content\/uploads\/2012\/12\/Impasse-du-Tunisien-photo-Hatem-Bourial.jpg","datePublished":"2012-12-28T11:23:00+00:00","description":"Le billet de Hatem Bourial - Impasse du Tunisien ? Vous ne croyez pas si bien dire\u2026","breadcrumb":{"@id":"https:\/\/www.webdo.tn\/fr\/actualite\/chroniques\/le-billet-de-hatem-bourial-impasse-du-tunisien-vous-ne-croyez-pas-si-bien-dire\/186847\/#breadcrumb"},"inLanguage":"fr-FR","potentialAction":[{"@type":"ReadAction","target":["https:\/\/www.webdo.tn\/fr\/actualite\/chroniques\/le-billet-de-hatem-bourial-impasse-du-tunisien-vous-ne-croyez-pas-si-bien-dire\/186847\/"]}]},{"@type":"ImageObject","inLanguage":"fr-FR","@id":"https:\/\/www.webdo.tn\/fr\/actualite\/chroniques\/le-billet-de-hatem-bourial-impasse-du-tunisien-vous-ne-croyez-pas-si-bien-dire\/186847\/#primaryimage","url":"https:\/\/www.webdo.tn\/fr\/wp-content\/uploads\/2012\/12\/Impasse-du-Tunisien-photo-Hatem-Bourial.jpg","contentUrl":"https:\/\/www.webdo.tn\/fr\/wp-content\/uploads\/2012\/12\/Impasse-du-Tunisien-photo-Hatem-Bourial.jpg","width":593,"height":357,"caption":"Le billet de Hatem Bourial - Impasse du Tunisien ? Vous ne croyez pas si bien dire\u2026"},{"@type":"BreadcrumbList","@id":"https:\/\/www.webdo.tn\/fr\/actualite\/chroniques\/le-billet-de-hatem-bourial-impasse-du-tunisien-vous-ne-croyez-pas-si-bien-dire\/186847\/#breadcrumb","itemListElement":[{"@type":"ListItem","position":1,"name":"Accueil","item":"https:\/\/www.webdo.tn\/fr\/"},{"@type":"ListItem","position":2,"name":"Le billet de Hatem Bourial &#8211; Impasse du Tunisien ? Vous ne croyez pas si bien dire\u2026"}]},{"@type":"WebSite","@id":"https:\/\/www.webdo.tn\/fr\/#website","url":"https:\/\/www.webdo.tn\/fr\/","name":"webdo","description":"Tunisie - News en Tunisie et \u00e0 l&#039;international sur Webdo.tn","publisher":{"@id":"https:\/\/www.webdo.tn\/fr\/#organization"},"potentialAction":[{"@type":"SearchAction","target":{"@type":"EntryPoint","urlTemplate":"https:\/\/www.webdo.tn\/fr\/?s={search_term_string}"},"query-input":{"@type":"PropertyValueSpecification","valueRequired":true,"valueName":"search_term_string"}}],"inLanguage":"fr-FR"},{"@type":"Organization","@id":"https:\/\/www.webdo.tn\/fr\/#organization","name":"Webdo","alternateName":"Webdo.tn","url":"https:\/\/www.webdo.tn\/fr\/","logo":{"@type":"ImageObject","inLanguage":"fr-FR","@id":"https:\/\/www.webdo.tn\/fr\/#\/schema\/logo\/image\/","url":"https:\/\/www.webdo.tn\/fr\/wp-content\/uploads\/2025\/06\/Webdo-Tunisie_168377.jpg","contentUrl":"https:\/\/www.webdo.tn\/fr\/wp-content\/uploads\/2025\/06\/Webdo-Tunisie_168377.jpg","width":301,"height":301,"caption":"Webdo"},"image":{"@id":"https:\/\/www.webdo.tn\/fr\/#\/schema\/logo\/image\/"},"sameAs":["https:\/\/www.facebook.com\/webdotn","https:\/\/x.com\/webdo_tn"],"description":"Webdo est un m\u00e9dia num\u00e9rique tunisien fond\u00e9 en 2010, sp\u00e9cialis\u00e9 dans l\u2019actualit\u00e9 nationale et internationale, l\u2019\u00e9conomie, la soci\u00e9t\u00e9 et les analyses politiques. Le site s\u2019adresse \u00e0 un large public francophone et couvre l\u2019information tunisienne en temps r\u00e9el.","email":"redac@webdo.tn","legalName":"YNJ SARL","foundingDate":"2010-09-06","numberOfEmployees":{"@type":"QuantitativeValue","minValue":"11","maxValue":"50"}},{"@type":"Person","@id":"https:\/\/www.webdo.tn\/fr\/#\/schema\/person\/6bc0beba2cd23aec27cb5df85ca2554f","name":"Hatem Bourial","image":{"@type":"ImageObject","inLanguage":"fr-FR","@id":"https:\/\/www.webdo.tn\/fr\/wp-content\/uploads\/2026\/04\/hatem-bourial_avatar-96x96.jpg","url":"https:\/\/www.webdo.tn\/fr\/wp-content\/uploads\/2026\/04\/hatem-bourial_avatar-96x96.jpg","contentUrl":"https:\/\/www.webdo.tn\/fr\/wp-content\/uploads\/2026\/04\/hatem-bourial_avatar-96x96.jpg","caption":"Hatem Bourial"},"description":"Hatem Bourial est journaliste, \u00e9crivain et chroniqueur tunisien. Actif depuis plusieurs d\u00e9cennies, il s\u2019est impos\u00e9 comme un observateur attentif de la soci\u00e9t\u00e9 tunisienne, m\u00ealant dans ses \u00e9crits m\u00e9moire, culture et analyse du quotidien. Auteur de nombreux ouvrages, il d\u00e9veloppe une \u0153uvre \u00e0 la crois\u00e9e du r\u00e9cit, de la po\u00e9sie et de l\u2019observation sociologique. Parall\u00e8lement \u00e0 ses contributions dans la presse, il intervient r\u00e9guli\u00e8rement \u00e0 la radio et dans des espaces culturels, o\u00f9 il explore les enjeux li\u00e9s au patrimoine, \u00e0 l\u2019identit\u00e9 et aux transformations du monde contemporain. \u00c0 travers ses chroniques, Hatem Bourial propose une lecture sensible et approfondie de l\u2019actualit\u00e9, nourrie par une exp\u00e9rience journalistique et litt\u00e9raire reconnue. \ud83d\udd17 Facebook : https:\/\/www.facebook.com\/hatem.bourial.2025","sameAs":["https:\/\/www.facebook.com\/hatem.bourial.2025","https:\/\/fr.wikipedia.org\/wiki\/Fichier:Hatem_Bourial.jpg"],"knowsAbout":["Culture & patrimoine tunisien","Chronique soci\u00e9tale","Litt\u00e9rature & m\u00e9moire","Cin\u00e9ma & critique culturelle","Identit\u00e9 & mutations sociales"],"knowsLanguage":["Arabe","Fran\u00e7ais","Anglais","Italien","Polonais"],"jobTitle":"Journaliste, \u00e9crivain et chroniqueur culturel","worksFor":"Webdo","url":"https:\/\/www.webdo.tn\/fr\/actualite\/author\/hatem-bourial-2\/"}]}},"_links":{"self":[{"href":"https:\/\/www.webdo.tn\/fr\/wp-json\/wp\/v2\/posts\/186847","targetHints":{"allow":["GET"]}}],"collection":[{"href":"https:\/\/www.webdo.tn\/fr\/wp-json\/wp\/v2\/posts"}],"about":[{"href":"https:\/\/www.webdo.tn\/fr\/wp-json\/wp\/v2\/types\/post"}],"author":[{"embeddable":true,"href":"https:\/\/www.webdo.tn\/fr\/wp-json\/wp\/v2\/users\/3229"}],"replies":[{"embeddable":true,"href":"https:\/\/www.webdo.tn\/fr\/wp-json\/wp\/v2\/comments?post=186847"}],"version-history":[{"count":0,"href":"https:\/\/www.webdo.tn\/fr\/wp-json\/wp\/v2\/posts\/186847\/revisions"}],"wp:featuredmedia":[{"embeddable":true,"href":"https:\/\/www.webdo.tn\/fr\/wp-json\/wp\/v2\/media\/333192"}],"wp:attachment":[{"href":"https:\/\/www.webdo.tn\/fr\/wp-json\/wp\/v2\/media?parent=186847"}],"wp:term":[{"taxonomy":"category","embeddable":true,"href":"https:\/\/www.webdo.tn\/fr\/wp-json\/wp\/v2\/categories?post=186847"},{"taxonomy":"post_tag","embeddable":true,"href":"https:\/\/www.webdo.tn\/fr\/wp-json\/wp\/v2\/tags?post=186847"}],"curies":[{"name":"wp","href":"https:\/\/api.w.org\/{rel}","templated":true}]}}