{"id":186845,"date":"2013-01-12T00:15:00","date_gmt":"2013-01-12T00:15:00","guid":{"rendered":"https:\/\/www.webdo.tn\/fr\/blog\/deux-ans-de-normalisation-islamiste-sur-fond-de-terreur-islamiste\/186845\/"},"modified":"2013-01-12T00:15:00","modified_gmt":"2013-01-12T00:15:00","slug":"deux-ans-de-normalisation-islamiste-sur-fond-de-terreur-islamiste","status":"publish","type":"post","link":"https:\/\/www.webdo.tn\/fr\/actualite\/chroniques\/deux-ans-de-normalisation-islamiste-sur-fond-de-terreur-islamiste\/186845\/","title":{"rendered":"Deux  ans de Normalisation (islamiste) sur fond de Terreur (islamiste)"},"content":{"rendered":"<p>Deux ann\u00e9es creuses et blafardes se sont presque \u00e9coul\u00e9es depuis le 14 janvier 2011. Et rien, sinon la volont\u00e9 du parti islamiste dominant, n\u2019explique le dangereux immobilisme qui pr\u00e9vaut depuis.<\/p>\n<p>Au lieu de prendre les d\u00e9cisions attendues, l\u2019ex\u00e9cutif continue \u00e0 tergiverser et \u00e0 se tirer dans les pattes. Comme si la Constitution et les mesures \u00e0 prendre n\u2019avaient aucun caract\u00e8re d\u2019urgence.<\/p>\n<p>La palabre et la trahison semblent avoir pris le pas sur l\u2019action. Au fond, l\u2019id\u00e9e m\u00eame d\u2019une Tro\u00efka au pouvoir n\u2019est qu\u2019une mani\u00e8re de dramaturgie, une sorte de mise en sc\u00e8ne qui justifie a priori l\u2019immobilisme. Clemenceau ne disait-il pas que pour d\u00e9cider, il faut \u00eatre un nombre impair inf\u00e9rieur \u00e0 trois ?<\/p>\n<p>Au-del\u00e0, cette perte de temps est a contrario un gain de temps pour le parti islamiste dans ses diverses composantes. La normalisation des d\u00e9s\u00e9quilibres induits par la r\u00e9volution implique pour les id\u00e9ologies de cette mouvance une inaction de nature \u00e0 laisser pourrir la situation.<\/p>\n<p>Cette normalisation islamiste qui s\u2019accommode des partis croupions de la Tro\u00efka ne tol\u00e8re pas toutefois d\u2019opposition cr\u00e9dible et structur\u00e9e. Les bras de fer avec l\u2019UGTT et le parti de BCE s\u2019expliquent dans cette logique.<\/p>\n<p>Ce qui importe aujourd\u2019hui pour les islamistes, c\u2019est de continuer \u00e0 investir tous les rouages de l\u2019Etat et y placer leurs affid\u00e9s. Pour eux, l\u2019essentiel est aussi de cr\u00e9er, parall\u00e8lement \u00e0 la soci\u00e9t\u00e9 civile, un autre tissu civil qui soit ancr\u00e9 dans le terreau islamiste.<\/p>\n<p>C\u2019est de la sorte que l\u2019on peut expliquer l\u2019explosion du nombre de cr\u00e8ches et jardins d\u2019enfants islamiques, l\u2019agitation men\u00e9e par les nouveaux zeitouniens contre l\u2019\u00e9ducation nationale et la profusion d\u2019initiatives visant au contr\u00f4le des mosqu\u00e9es et du champ social.<\/p>\n<p>Dans des cit\u00e9s populaires, comme Ettadhamen, Douar Hicher ou El Intilaka, cette transition vers la normalisation islamiste est, d\u00e9sormais, accomplie. Ces vastes ensembles p\u00e9ri-urbains \u00e9chappent, d\u00e9sormais, au mode de vie traditionnel des Tunisiens et sont rigoureusement noyaut\u00e9s par des militants z\u00e9l\u00e9s.<\/p>\n<p>Ce cha\u00eenage qui vise \u00e0 encadrer la soci\u00e9t\u00e9 tunisienne se d\u00e9ploie \u00e0 plusieurs niveaux.<\/p>\n<p>&#8211; Les mosqu\u00e9es sont le socle premier de cette prise de possession des champs social, politique et religieux.<\/p>\n<p>&#8211; Les ligues de protection de la r\u00e9volution, de sinistre r\u00e9putation, viennent doubler de mani\u00e8re visible (et aussi souterraine) ce premier r\u00e9seau.<\/p>\n<p>&#8211; Les structures du parti Ennahdha &#8211; avec leur double langage et leur diversit\u00e9 entre radicaux fulminants et mod\u00e9r\u00e9s de fa\u00e7ade &#8211; consolident ces deux premiers cercles du r\u00e9seau islamiste.<\/p>\n<p>Il est ainsi symptomatique que le Bureau politique d\u2019Ennahdha se d\u00e9signe comme \u00abMajless Choura\u00bb. Dans cette optique, la connotation religieuse est plus que claire.<\/p>\n<p>&#8211; Les associations coraniques et les structures associatives suscit\u00e9s par les islamistes participent aussi \u00e0 cette normalisation dont l\u2019objectif et de bouleverser (en d\u2019autres termes r\u00e9volutionner) le champ civique en Tunisie.<\/p>\n<p>Pour r\u00e9aliser ce dessein normalisateur (la seule vision politique de long terme \u00e0 l\u2019\u0153uvre actuellement en Tunisie), les islamistes jouent sur deux leviers. En premier lieu, l\u2019argent coule \u00e0 flots dans leurs caisses et constitue un redoutable instrument pour vaincre cette guerre culturelle. En second lieu, ils jouent sur la lassitude de l\u2019opinion publique que seul le temps peut d\u00e9mobiliser. D\u2019autre part, ils engrangent les gains de la division des oppositions, la vigilance relative de ceux qui s\u2019opposent \u00e0 eux, l\u2019inexp\u00e9rience d\u00e9mocratique des Tunisiens et la r\u00e9signation teint\u00e9e de fatalisme qui pointe \u00e0 l\u2019horizon.<\/p>\n<p>Ce sont toutes ces raisons conjugu\u00e9es qui expliquent l\u2019immobilisme actuel des gouvernants, pourtant \u00e9lus avec un agenda pr\u00e9cis. Ils gagnent du temps pour aboutir \u00e0 la normalisation qu\u2019ils appellent de leurs v\u0153ux. Ils jouent la montre contre la Tunisie et son peuple.<\/p>\n<p>Sur un autre plan, ces deux ann\u00e9es ont \u00e9t\u00e9 marqu\u00e9es par une v\u00e9ritable Terreur islamiste. Ne l\u2019oublions pas : on a coup\u00e9 des mains, assailli des ambassades ou des synagogues, poursuivi des intellectuels et des artistes et pr\u00f4n\u00e9 la violence politique et\u2026 r\u00e9volutionnaire lorsqu\u2019il s\u2019agit de jihadistes.<\/p>\n<p>Epouvantail des islamistes au pouvoir, la mouvance salafiste, d\u00e9sormais, reconnue, tr\u00e9pigne d\u2019impatience et se distingue m\u00eame en coupant l\u2019herbe sous les pieds d\u2019Ennahdha.<\/p>\n<p>Cette terreur politique a plusieurs ressorts. D\u2019abord, elle permet au pouvoir nahdhaoui de clamer sa mod\u00e9ration. Ensuite, elle permet aux islamistes au pouvoir de laisser toujours la porte ouverte \u00e0 une alliance avec les salafistes. Enfin, elle permet de souligner que tous les moyens seront bons pour r\u00e9aliser le projet islamiste.<\/p>\n<p>Telles sont les r\u00e9alit\u00e9s dont a accouch\u00e9 aujourd\u2019hui la r\u00e9volution tunisienne. Sur le terrain, la Normalisation et la Terreur islamistes se conjuguent et au niveau politique, on gagne du temps pour que, justement, ces r\u00e9alit\u00e9s du terrain se consolident.<\/p>\n<p>Il est d\u00e9risoire, en ce sens, pour le camp moderniste, de raisonner seulement en termes d\u2019\u00e9lections ou de suffrage universel. Comme nous le soulignons, c\u2019est une guerre culturelle qui se d\u00e9roule actuellement sous nos yeux. Et cette guerre, le camp moderniste, s\u2019il ne change pas de leaders ou de m\u00e9thode, est d\u00e9sign\u00e9 pour la perdre lamentablement.<\/p>\n<p>Quant aux r\u00e9volutionnaires (malgr\u00e9 eux) de janvier 2011, ils ont, d\u00e9sormais, rejoint la trappe de l\u2019Histoire et compteront bient\u00f4t parmi les oubli\u00e9s d\u2019une r\u00e9volution trahie, confisqu\u00e9e et porteuse du projet th\u00e9ocratique d\u2019une r\u00e9publique islamique sur les rivages de la M\u00e9diterran\u00e9e occidentale.<\/p>\n","protected":false},"excerpt":{"rendered":"<p>Deux  ans de Normalisation (islamiste) sur fond de Terreur (islamiste)<\/p>\n","protected":false},"author":3229,"featured_media":333159,"comment_status":"open","ping_status":"closed","sticky":false,"template":"","format":"standard","meta":{"footnotes":""},"categories":[2596],"tags":[2600],"class_list":["post-186845","post","type-post","status-publish","format-standard","has-post-thumbnail","hentry","category-chroniques","tag-guerre"],"yoast_head":"<!-- This site is optimized with the Yoast SEO Premium plugin v27.5 (Yoast SEO v27.5) - https:\/\/yoast.com\/product\/yoast-seo-premium-wordpress\/ -->\n<title>Deux ans de Normalisation (islamiste) sur fond de Terreur (islamiste)<\/title>\n<meta name=\"description\" content=\"Deux ans de Normalisation (islamiste) sur fond de Terreur (islamiste)\" \/>\n<link rel=\"canonical\" href=\"https:\/\/www.webdo.tn\/fr\/actualite\/chroniques\/deux-ans-de-normalisation-islamiste-sur-fond-de-terreur-islamiste\/186845\/\" \/>\n<meta property=\"og:locale\" content=\"fr_FR\" \/>\n<meta property=\"og:type\" content=\"article\" \/>\n<meta property=\"og:title\" content=\"Deux ans de Normalisation (islamiste) sur fond de Terreur (islamiste)\" \/>\n<meta property=\"og:description\" content=\"Deux ans de Normalisation (islamiste) sur fond de Terreur (islamiste)\" \/>\n<meta property=\"og:url\" content=\"https:\/\/www.webdo.tn\/fr\/actualite\/chroniques\/deux-ans-de-normalisation-islamiste-sur-fond-de-terreur-islamiste\/186845\/\" \/>\n<meta property=\"og:site_name\" content=\"webdo\" \/>\n<meta property=\"article:publisher\" content=\"https:\/\/www.facebook.com\/webdotn\" \/>\n<meta property=\"article:author\" content=\"https:\/\/www.facebook.com\/hatem.bourial.2025\" \/>\n<meta property=\"article:published_time\" content=\"2013-01-12T00:15:00+00:00\" \/>\n<meta property=\"og:image\" content=\"https:\/\/www.webdo.tn\/fr\/wp-content\/uploads\/2013\/01\/salafistes.jpg\" \/>\n\t<meta property=\"og:image:width\" content=\"370\" \/>\n\t<meta property=\"og:image:height\" content=\"200\" \/>\n\t<meta property=\"og:image:type\" content=\"image\/jpeg\" \/>\n<meta name=\"author\" content=\"Hatem Bourial\" \/>\n<meta name=\"twitter:card\" content=\"summary_large_image\" \/>\n<meta name=\"twitter:creator\" content=\"@webdo_tn\" \/>\n<meta name=\"twitter:site\" content=\"@webdo_tn\" \/>\n<meta name=\"twitter:label1\" content=\"\u00c9crit par\" \/>\n\t<meta name=\"twitter:data1\" content=\"Hatem Bourial\" \/>\n\t<meta name=\"twitter:label2\" content=\"Dur\u00e9e de lecture estim\u00e9e\" \/>\n\t<meta name=\"twitter:data2\" content=\"5 minutes\" \/>\n<script type=\"application\/ld+json\" class=\"yoast-schema-graph\">{\"@context\":\"https:\\\/\\\/schema.org\",\"@graph\":[{\"@type\":\"NewsArticle\",\"@id\":\"https:\\\/\\\/www.webdo.tn\\\/fr\\\/actualite\\\/chroniques\\\/deux-ans-de-normalisation-islamiste-sur-fond-de-terreur-islamiste\\\/186845\\\/#article\",\"isPartOf\":{\"@id\":\"https:\\\/\\\/www.webdo.tn\\\/fr\\\/actualite\\\/chroniques\\\/deux-ans-de-normalisation-islamiste-sur-fond-de-terreur-islamiste\\\/186845\\\/\"},\"author\":{\"name\":\"Hatem Bourial\",\"@id\":\"https:\\\/\\\/www.webdo.tn\\\/fr\\\/#\\\/schema\\\/person\\\/6bc0beba2cd23aec27cb5df85ca2554f\"},\"headline\":\"Deux ans de Normalisation (islamiste) sur fond de Terreur (islamiste)\",\"datePublished\":\"2013-01-12T00:15:00+00:00\",\"mainEntityOfPage\":{\"@id\":\"https:\\\/\\\/www.webdo.tn\\\/fr\\\/actualite\\\/chroniques\\\/deux-ans-de-normalisation-islamiste-sur-fond-de-terreur-islamiste\\\/186845\\\/\"},\"wordCount\":978,\"commentCount\":0,\"publisher\":{\"@id\":\"https:\\\/\\\/www.webdo.tn\\\/fr\\\/#organization\"},\"image\":{\"@id\":\"https:\\\/\\\/www.webdo.tn\\\/fr\\\/actualite\\\/chroniques\\\/deux-ans-de-normalisation-islamiste-sur-fond-de-terreur-islamiste\\\/186845\\\/#primaryimage\"},\"thumbnailUrl\":\"https:\\\/\\\/www.webdo.tn\\\/fr\\\/wp-content\\\/uploads\\\/2013\\\/01\\\/salafistes.jpg\",\"keywords\":[\"guerre\"],\"articleSection\":[\"Chroniques\"],\"inLanguage\":\"fr-FR\"},{\"@type\":\"WebPage\",\"@id\":\"https:\\\/\\\/www.webdo.tn\\\/fr\\\/actualite\\\/chroniques\\\/deux-ans-de-normalisation-islamiste-sur-fond-de-terreur-islamiste\\\/186845\\\/\",\"url\":\"https:\\\/\\\/www.webdo.tn\\\/fr\\\/actualite\\\/chroniques\\\/deux-ans-de-normalisation-islamiste-sur-fond-de-terreur-islamiste\\\/186845\\\/\",\"name\":\"Deux ans de Normalisation (islamiste) sur fond de Terreur (islamiste)\",\"isPartOf\":{\"@id\":\"https:\\\/\\\/www.webdo.tn\\\/fr\\\/#website\"},\"primaryImageOfPage\":{\"@id\":\"https:\\\/\\\/www.webdo.tn\\\/fr\\\/actualite\\\/chroniques\\\/deux-ans-de-normalisation-islamiste-sur-fond-de-terreur-islamiste\\\/186845\\\/#primaryimage\"},\"image\":{\"@id\":\"https:\\\/\\\/www.webdo.tn\\\/fr\\\/actualite\\\/chroniques\\\/deux-ans-de-normalisation-islamiste-sur-fond-de-terreur-islamiste\\\/186845\\\/#primaryimage\"},\"thumbnailUrl\":\"https:\\\/\\\/www.webdo.tn\\\/fr\\\/wp-content\\\/uploads\\\/2013\\\/01\\\/salafistes.jpg\",\"datePublished\":\"2013-01-12T00:15:00+00:00\",\"description\":\"Deux ans de Normalisation (islamiste) sur fond de Terreur (islamiste)\",\"breadcrumb\":{\"@id\":\"https:\\\/\\\/www.webdo.tn\\\/fr\\\/actualite\\\/chroniques\\\/deux-ans-de-normalisation-islamiste-sur-fond-de-terreur-islamiste\\\/186845\\\/#breadcrumb\"},\"inLanguage\":\"fr-FR\",\"potentialAction\":[{\"@type\":\"ReadAction\",\"target\":[\"https:\\\/\\\/www.webdo.tn\\\/fr\\\/actualite\\\/chroniques\\\/deux-ans-de-normalisation-islamiste-sur-fond-de-terreur-islamiste\\\/186845\\\/\"]}]},{\"@type\":\"ImageObject\",\"inLanguage\":\"fr-FR\",\"@id\":\"https:\\\/\\\/www.webdo.tn\\\/fr\\\/actualite\\\/chroniques\\\/deux-ans-de-normalisation-islamiste-sur-fond-de-terreur-islamiste\\\/186845\\\/#primaryimage\",\"url\":\"https:\\\/\\\/www.webdo.tn\\\/fr\\\/wp-content\\\/uploads\\\/2013\\\/01\\\/salafistes.jpg\",\"contentUrl\":\"https:\\\/\\\/www.webdo.tn\\\/fr\\\/wp-content\\\/uploads\\\/2013\\\/01\\\/salafistes.jpg\",\"width\":370,\"height\":200,\"caption\":\"Deux ans de Normalisation (islamiste) sur fond de Terreur (islamiste)\"},{\"@type\":\"BreadcrumbList\",\"@id\":\"https:\\\/\\\/www.webdo.tn\\\/fr\\\/actualite\\\/chroniques\\\/deux-ans-de-normalisation-islamiste-sur-fond-de-terreur-islamiste\\\/186845\\\/#breadcrumb\",\"itemListElement\":[{\"@type\":\"ListItem\",\"position\":1,\"name\":\"Accueil\",\"item\":\"https:\\\/\\\/www.webdo.tn\\\/fr\\\/\"},{\"@type\":\"ListItem\",\"position\":2,\"name\":\"Deux ans de Normalisation (islamiste) sur fond de Terreur (islamiste)\"}]},{\"@type\":\"WebSite\",\"@id\":\"https:\\\/\\\/www.webdo.tn\\\/fr\\\/#website\",\"url\":\"https:\\\/\\\/www.webdo.tn\\\/fr\\\/\",\"name\":\"webdo\",\"description\":\"Tunisie - News en Tunisie et \u00e0 l&#039;international sur Webdo.tn\",\"publisher\":{\"@id\":\"https:\\\/\\\/www.webdo.tn\\\/fr\\\/#organization\"},\"potentialAction\":[{\"@type\":\"SearchAction\",\"target\":{\"@type\":\"EntryPoint\",\"urlTemplate\":\"https:\\\/\\\/www.webdo.tn\\\/fr\\\/?s={search_term_string}\"},\"query-input\":{\"@type\":\"PropertyValueSpecification\",\"valueRequired\":true,\"valueName\":\"search_term_string\"}}],\"inLanguage\":\"fr-FR\"},{\"@type\":\"Organization\",\"@id\":\"https:\\\/\\\/www.webdo.tn\\\/fr\\\/#organization\",\"name\":\"Webdo\",\"alternateName\":\"Webdo.tn\",\"url\":\"https:\\\/\\\/www.webdo.tn\\\/fr\\\/\",\"logo\":{\"@type\":\"ImageObject\",\"inLanguage\":\"fr-FR\",\"@id\":\"https:\\\/\\\/www.webdo.tn\\\/fr\\\/#\\\/schema\\\/logo\\\/image\\\/\",\"url\":\"https:\\\/\\\/www.webdo.tn\\\/fr\\\/wp-content\\\/uploads\\\/2025\\\/06\\\/Webdo-Tunisie_168377.jpg\",\"contentUrl\":\"https:\\\/\\\/www.webdo.tn\\\/fr\\\/wp-content\\\/uploads\\\/2025\\\/06\\\/Webdo-Tunisie_168377.jpg\",\"width\":301,\"height\":301,\"caption\":\"Webdo\"},\"image\":{\"@id\":\"https:\\\/\\\/www.webdo.tn\\\/fr\\\/#\\\/schema\\\/logo\\\/image\\\/\"},\"sameAs\":[\"https:\\\/\\\/www.facebook.com\\\/webdotn\",\"https:\\\/\\\/x.com\\\/webdo_tn\"],\"description\":\"Webdo est un m\u00e9dia num\u00e9rique tunisien fond\u00e9 en 2010, sp\u00e9cialis\u00e9 dans l\u2019actualit\u00e9 nationale et internationale, l\u2019\u00e9conomie, la soci\u00e9t\u00e9 et les analyses politiques. Le site s\u2019adresse \u00e0 un large public francophone et couvre l\u2019information tunisienne en temps r\u00e9el.\",\"email\":\"redac@webdo.tn\",\"legalName\":\"YNJ SARL\",\"foundingDate\":\"2010-09-06\",\"numberOfEmployees\":{\"@type\":\"QuantitativeValue\",\"minValue\":\"11\",\"maxValue\":\"50\"}},{\"@type\":\"Person\",\"@id\":\"https:\\\/\\\/www.webdo.tn\\\/fr\\\/#\\\/schema\\\/person\\\/6bc0beba2cd23aec27cb5df85ca2554f\",\"name\":\"Hatem Bourial\",\"image\":{\"@type\":\"ImageObject\",\"inLanguage\":\"fr-FR\",\"@id\":\"https:\\\/\\\/www.webdo.tn\\\/fr\\\/wp-content\\\/uploads\\\/2026\\\/04\\\/hatem-bourial_avatar-96x96.jpg\",\"url\":\"https:\\\/\\\/www.webdo.tn\\\/fr\\\/wp-content\\\/uploads\\\/2026\\\/04\\\/hatem-bourial_avatar-96x96.jpg\",\"contentUrl\":\"https:\\\/\\\/www.webdo.tn\\\/fr\\\/wp-content\\\/uploads\\\/2026\\\/04\\\/hatem-bourial_avatar-96x96.jpg\",\"caption\":\"Hatem Bourial\"},\"description\":\"Hatem Bourial est journaliste, \u00e9crivain et chroniqueur tunisien. Actif depuis plusieurs d\u00e9cennies, il s\u2019est impos\u00e9 comme un observateur attentif de la soci\u00e9t\u00e9 tunisienne, m\u00ealant dans ses \u00e9crits m\u00e9moire, culture et analyse du quotidien. Auteur de nombreux ouvrages, il d\u00e9veloppe une \u0153uvre \u00e0 la crois\u00e9e du r\u00e9cit, de la po\u00e9sie et de l\u2019observation sociologique. Parall\u00e8lement \u00e0 ses contributions dans la presse, il intervient r\u00e9guli\u00e8rement \u00e0 la radio et dans des espaces culturels, o\u00f9 il explore les enjeux li\u00e9s au patrimoine, \u00e0 l\u2019identit\u00e9 et aux transformations du monde contemporain. \u00c0 travers ses chroniques, Hatem Bourial propose une lecture sensible et approfondie de l\u2019actualit\u00e9, nourrie par une exp\u00e9rience journalistique et litt\u00e9raire reconnue. \ud83d\udd17 Facebook : https:\\\/\\\/www.facebook.com\\\/hatem.bourial.2025\",\"sameAs\":[\"https:\\\/\\\/www.facebook.com\\\/hatem.bourial.2025\",\"https:\\\/\\\/fr.wikipedia.org\\\/wiki\\\/Fichier:Hatem_Bourial.jpg\"],\"knowsAbout\":[\"Culture & patrimoine tunisien\",\"Chronique soci\u00e9tale\",\"Litt\u00e9rature & m\u00e9moire\",\"Cin\u00e9ma & critique culturelle\",\"Identit\u00e9 & mutations sociales\"],\"knowsLanguage\":[\"Arabe\",\"Fran\u00e7ais\",\"Anglais\",\"Italien\",\"Polonais\"],\"jobTitle\":\"Journaliste, \u00e9crivain et chroniqueur culturel\",\"worksFor\":\"Webdo\",\"url\":\"https:\\\/\\\/www.webdo.tn\\\/fr\\\/actualite\\\/author\\\/hatem-bourial-2\\\/\"}]}<\/script>\n<!-- \/ Yoast SEO Premium plugin. -->","yoast_head_json":{"title":"Deux ans de Normalisation (islamiste) sur fond de Terreur (islamiste)","description":"Deux ans de Normalisation (islamiste) sur fond de Terreur (islamiste)","canonical":"https:\/\/www.webdo.tn\/fr\/actualite\/chroniques\/deux-ans-de-normalisation-islamiste-sur-fond-de-terreur-islamiste\/186845\/","og_locale":"fr_FR","og_type":"article","og_title":"Deux ans de Normalisation (islamiste) sur fond de Terreur (islamiste)","og_description":"Deux ans de Normalisation (islamiste) sur fond de Terreur (islamiste)","og_url":"https:\/\/www.webdo.tn\/fr\/actualite\/chroniques\/deux-ans-de-normalisation-islamiste-sur-fond-de-terreur-islamiste\/186845\/","og_site_name":"webdo","article_publisher":"https:\/\/www.facebook.com\/webdotn","article_author":"https:\/\/www.facebook.com\/hatem.bourial.2025","article_published_time":"2013-01-12T00:15:00+00:00","og_image":[{"width":370,"height":200,"url":"https:\/\/www.webdo.tn\/fr\/wp-content\/uploads\/2013\/01\/salafistes.jpg","type":"image\/jpeg"}],"author":"Hatem Bourial","twitter_card":"summary_large_image","twitter_creator":"@webdo_tn","twitter_site":"@webdo_tn","twitter_misc":{"\u00c9crit par":"Hatem Bourial","Dur\u00e9e de lecture estim\u00e9e":"5 minutes"},"schema":{"@context":"https:\/\/schema.org","@graph":[{"@type":"NewsArticle","@id":"https:\/\/www.webdo.tn\/fr\/actualite\/chroniques\/deux-ans-de-normalisation-islamiste-sur-fond-de-terreur-islamiste\/186845\/#article","isPartOf":{"@id":"https:\/\/www.webdo.tn\/fr\/actualite\/chroniques\/deux-ans-de-normalisation-islamiste-sur-fond-de-terreur-islamiste\/186845\/"},"author":{"name":"Hatem Bourial","@id":"https:\/\/www.webdo.tn\/fr\/#\/schema\/person\/6bc0beba2cd23aec27cb5df85ca2554f"},"headline":"Deux ans de Normalisation (islamiste) sur fond de Terreur (islamiste)","datePublished":"2013-01-12T00:15:00+00:00","mainEntityOfPage":{"@id":"https:\/\/www.webdo.tn\/fr\/actualite\/chroniques\/deux-ans-de-normalisation-islamiste-sur-fond-de-terreur-islamiste\/186845\/"},"wordCount":978,"commentCount":0,"publisher":{"@id":"https:\/\/www.webdo.tn\/fr\/#organization"},"image":{"@id":"https:\/\/www.webdo.tn\/fr\/actualite\/chroniques\/deux-ans-de-normalisation-islamiste-sur-fond-de-terreur-islamiste\/186845\/#primaryimage"},"thumbnailUrl":"https:\/\/www.webdo.tn\/fr\/wp-content\/uploads\/2013\/01\/salafistes.jpg","keywords":["guerre"],"articleSection":["Chroniques"],"inLanguage":"fr-FR"},{"@type":"WebPage","@id":"https:\/\/www.webdo.tn\/fr\/actualite\/chroniques\/deux-ans-de-normalisation-islamiste-sur-fond-de-terreur-islamiste\/186845\/","url":"https:\/\/www.webdo.tn\/fr\/actualite\/chroniques\/deux-ans-de-normalisation-islamiste-sur-fond-de-terreur-islamiste\/186845\/","name":"Deux ans de Normalisation (islamiste) sur fond de Terreur (islamiste)","isPartOf":{"@id":"https:\/\/www.webdo.tn\/fr\/#website"},"primaryImageOfPage":{"@id":"https:\/\/www.webdo.tn\/fr\/actualite\/chroniques\/deux-ans-de-normalisation-islamiste-sur-fond-de-terreur-islamiste\/186845\/#primaryimage"},"image":{"@id":"https:\/\/www.webdo.tn\/fr\/actualite\/chroniques\/deux-ans-de-normalisation-islamiste-sur-fond-de-terreur-islamiste\/186845\/#primaryimage"},"thumbnailUrl":"https:\/\/www.webdo.tn\/fr\/wp-content\/uploads\/2013\/01\/salafistes.jpg","datePublished":"2013-01-12T00:15:00+00:00","description":"Deux ans de Normalisation (islamiste) sur fond de Terreur (islamiste)","breadcrumb":{"@id":"https:\/\/www.webdo.tn\/fr\/actualite\/chroniques\/deux-ans-de-normalisation-islamiste-sur-fond-de-terreur-islamiste\/186845\/#breadcrumb"},"inLanguage":"fr-FR","potentialAction":[{"@type":"ReadAction","target":["https:\/\/www.webdo.tn\/fr\/actualite\/chroniques\/deux-ans-de-normalisation-islamiste-sur-fond-de-terreur-islamiste\/186845\/"]}]},{"@type":"ImageObject","inLanguage":"fr-FR","@id":"https:\/\/www.webdo.tn\/fr\/actualite\/chroniques\/deux-ans-de-normalisation-islamiste-sur-fond-de-terreur-islamiste\/186845\/#primaryimage","url":"https:\/\/www.webdo.tn\/fr\/wp-content\/uploads\/2013\/01\/salafistes.jpg","contentUrl":"https:\/\/www.webdo.tn\/fr\/wp-content\/uploads\/2013\/01\/salafistes.jpg","width":370,"height":200,"caption":"Deux ans de Normalisation (islamiste) sur fond de Terreur (islamiste)"},{"@type":"BreadcrumbList","@id":"https:\/\/www.webdo.tn\/fr\/actualite\/chroniques\/deux-ans-de-normalisation-islamiste-sur-fond-de-terreur-islamiste\/186845\/#breadcrumb","itemListElement":[{"@type":"ListItem","position":1,"name":"Accueil","item":"https:\/\/www.webdo.tn\/fr\/"},{"@type":"ListItem","position":2,"name":"Deux ans de Normalisation (islamiste) sur fond de Terreur (islamiste)"}]},{"@type":"WebSite","@id":"https:\/\/www.webdo.tn\/fr\/#website","url":"https:\/\/www.webdo.tn\/fr\/","name":"webdo","description":"Tunisie - News en Tunisie et \u00e0 l&#039;international sur Webdo.tn","publisher":{"@id":"https:\/\/www.webdo.tn\/fr\/#organization"},"potentialAction":[{"@type":"SearchAction","target":{"@type":"EntryPoint","urlTemplate":"https:\/\/www.webdo.tn\/fr\/?s={search_term_string}"},"query-input":{"@type":"PropertyValueSpecification","valueRequired":true,"valueName":"search_term_string"}}],"inLanguage":"fr-FR"},{"@type":"Organization","@id":"https:\/\/www.webdo.tn\/fr\/#organization","name":"Webdo","alternateName":"Webdo.tn","url":"https:\/\/www.webdo.tn\/fr\/","logo":{"@type":"ImageObject","inLanguage":"fr-FR","@id":"https:\/\/www.webdo.tn\/fr\/#\/schema\/logo\/image\/","url":"https:\/\/www.webdo.tn\/fr\/wp-content\/uploads\/2025\/06\/Webdo-Tunisie_168377.jpg","contentUrl":"https:\/\/www.webdo.tn\/fr\/wp-content\/uploads\/2025\/06\/Webdo-Tunisie_168377.jpg","width":301,"height":301,"caption":"Webdo"},"image":{"@id":"https:\/\/www.webdo.tn\/fr\/#\/schema\/logo\/image\/"},"sameAs":["https:\/\/www.facebook.com\/webdotn","https:\/\/x.com\/webdo_tn"],"description":"Webdo est un m\u00e9dia num\u00e9rique tunisien fond\u00e9 en 2010, sp\u00e9cialis\u00e9 dans l\u2019actualit\u00e9 nationale et internationale, l\u2019\u00e9conomie, la soci\u00e9t\u00e9 et les analyses politiques. Le site s\u2019adresse \u00e0 un large public francophone et couvre l\u2019information tunisienne en temps r\u00e9el.","email":"redac@webdo.tn","legalName":"YNJ SARL","foundingDate":"2010-09-06","numberOfEmployees":{"@type":"QuantitativeValue","minValue":"11","maxValue":"50"}},{"@type":"Person","@id":"https:\/\/www.webdo.tn\/fr\/#\/schema\/person\/6bc0beba2cd23aec27cb5df85ca2554f","name":"Hatem Bourial","image":{"@type":"ImageObject","inLanguage":"fr-FR","@id":"https:\/\/www.webdo.tn\/fr\/wp-content\/uploads\/2026\/04\/hatem-bourial_avatar-96x96.jpg","url":"https:\/\/www.webdo.tn\/fr\/wp-content\/uploads\/2026\/04\/hatem-bourial_avatar-96x96.jpg","contentUrl":"https:\/\/www.webdo.tn\/fr\/wp-content\/uploads\/2026\/04\/hatem-bourial_avatar-96x96.jpg","caption":"Hatem Bourial"},"description":"Hatem Bourial est journaliste, \u00e9crivain et chroniqueur tunisien. Actif depuis plusieurs d\u00e9cennies, il s\u2019est impos\u00e9 comme un observateur attentif de la soci\u00e9t\u00e9 tunisienne, m\u00ealant dans ses \u00e9crits m\u00e9moire, culture et analyse du quotidien. Auteur de nombreux ouvrages, il d\u00e9veloppe une \u0153uvre \u00e0 la crois\u00e9e du r\u00e9cit, de la po\u00e9sie et de l\u2019observation sociologique. Parall\u00e8lement \u00e0 ses contributions dans la presse, il intervient r\u00e9guli\u00e8rement \u00e0 la radio et dans des espaces culturels, o\u00f9 il explore les enjeux li\u00e9s au patrimoine, \u00e0 l\u2019identit\u00e9 et aux transformations du monde contemporain. \u00c0 travers ses chroniques, Hatem Bourial propose une lecture sensible et approfondie de l\u2019actualit\u00e9, nourrie par une exp\u00e9rience journalistique et litt\u00e9raire reconnue. \ud83d\udd17 Facebook : https:\/\/www.facebook.com\/hatem.bourial.2025","sameAs":["https:\/\/www.facebook.com\/hatem.bourial.2025","https:\/\/fr.wikipedia.org\/wiki\/Fichier:Hatem_Bourial.jpg"],"knowsAbout":["Culture & patrimoine tunisien","Chronique soci\u00e9tale","Litt\u00e9rature & m\u00e9moire","Cin\u00e9ma & critique culturelle","Identit\u00e9 & mutations sociales"],"knowsLanguage":["Arabe","Fran\u00e7ais","Anglais","Italien","Polonais"],"jobTitle":"Journaliste, \u00e9crivain et chroniqueur culturel","worksFor":"Webdo","url":"https:\/\/www.webdo.tn\/fr\/actualite\/author\/hatem-bourial-2\/"}]}},"_links":{"self":[{"href":"https:\/\/www.webdo.tn\/fr\/wp-json\/wp\/v2\/posts\/186845","targetHints":{"allow":["GET"]}}],"collection":[{"href":"https:\/\/www.webdo.tn\/fr\/wp-json\/wp\/v2\/posts"}],"about":[{"href":"https:\/\/www.webdo.tn\/fr\/wp-json\/wp\/v2\/types\/post"}],"author":[{"embeddable":true,"href":"https:\/\/www.webdo.tn\/fr\/wp-json\/wp\/v2\/users\/3229"}],"replies":[{"embeddable":true,"href":"https:\/\/www.webdo.tn\/fr\/wp-json\/wp\/v2\/comments?post=186845"}],"version-history":[{"count":0,"href":"https:\/\/www.webdo.tn\/fr\/wp-json\/wp\/v2\/posts\/186845\/revisions"}],"wp:featuredmedia":[{"embeddable":true,"href":"https:\/\/www.webdo.tn\/fr\/wp-json\/wp\/v2\/media\/333159"}],"wp:attachment":[{"href":"https:\/\/www.webdo.tn\/fr\/wp-json\/wp\/v2\/media?parent=186845"}],"wp:term":[{"taxonomy":"category","embeddable":true,"href":"https:\/\/www.webdo.tn\/fr\/wp-json\/wp\/v2\/categories?post=186845"},{"taxonomy":"post_tag","embeddable":true,"href":"https:\/\/www.webdo.tn\/fr\/wp-json\/wp\/v2\/tags?post=186845"}],"curies":[{"name":"wp","href":"https:\/\/api.w.org\/{rel}","templated":true}]}}