{"id":186843,"date":"2012-12-16T17:53:00","date_gmt":"2012-12-16T17:53:00","guid":{"rendered":"https:\/\/www.webdo.tn\/fr\/blog\/17-decembre-2010-14-janvier-2011-chronologie-des-28-jours-qui-ont-change-la-tunisie\/186843\/"},"modified":"2025-05-22T13:11:37","modified_gmt":"2025-05-22T13:11:37","slug":"17-decembre-2010-14-janvier-2011-chronologie-des-28-jours-qui-ont-change-la-tunisie","status":"publish","type":"post","link":"https:\/\/www.webdo.tn\/fr\/actualite\/chroniques\/17-decembre-2010-14-janvier-2011-chronologie-des-28-jours-qui-ont-change-la-tunisie\/186843\/","title":{"rendered":"17 d\u00e9cembre 2010 \u2013 14 janvier 2011 : Chronologie des 28 jours qui ont chang\u00e9 la Tunisie"},"content":{"rendered":"<p>Cela fait maintenant deux ans que Mohamed Bouazizi s\u2019est immol\u00e9 par le feu devant le gouvernorat de Sidi Bouzid.<\/p>\n<p>Retour sur la chronologie des \u00e9v\u00e9nements qui ont men\u00e9 \u00e0 la r\u00e9volution du 14 janvier et ont tenu la Tunisie (et le monde) en haleine pendant deux mois.<\/p>\n<p>17 d\u00e9cembre 2010 : Mohamed Bouazizi, marchand ambulant, proteste contre la saisie de son gagne-pain et s\u2019immole par le feu.<\/p>\n<p>18-20 d\u00e9cembre : Violents heurts entre manifestants et forces de l\u2019ordre dans le gouvernorat de Sidi Bouzid. La jeunesse de la r\u00e9gion laisse exploser sa col\u00e8re et son indignation apr\u00e8s le geste de Bouazizi.<\/p>\n<p>24 d\u00e9cembre : La police tire \u00e0 balles r\u00e9elles sur des manifestants \u00e0 Menzel Bouza\u00eeane, non loin de Sidi Bouzid. Deux morts sont \u00e0 d\u00e9plorer alors que des arrestations en masse visent la population de la r\u00e9gion.<\/p>\n<p>27 d\u00e9cembre : Plusieurs villes tunisiennes sont le th\u00e9\u00e2tre de manifestations de soutien organis\u00e9es par la soci\u00e9t\u00e9 civile.<\/p>\n<p>28 d\u00e9cembre : A la t\u00e9l\u00e9vision, dans un discours, Ben Ali d\u00e9nonce l\u2019instrumentalisation politique des \u00e9v\u00e9nements. Il se rend en outre \u00e0 l\u2019h\u00f4pital des grands br\u00fbl\u00e9s au chevet d\u2019un Bouazizi agonisant.<\/p>\n<p>30 d\u00e9cembre : Le gouverneur de Sidi Bouzid et le ministre de la Communication sont limog\u00e9s.<\/p>\n<p>4 janvier 2011 : Mohamed Bouazizi d\u00e9c\u00e8de. Il est inhum\u00e9 le lendemain \u00e0 Sidi Bouzid. Une foule impressionnante a investi le petit cimeti\u00e8re o\u00f9 ont lieu les fun\u00e9railles.<\/p>\n<p>6 janvier : Manifestations et violences ont lieu \u00e0 Thala et Kasserine o\u00f9 l\u2019arm\u00e9e est mobilis\u00e9e. Des b\u00e2timents officiels sont pris pour cible et saccag\u00e9s.<\/p>\n<p>8 janvier : Les affrontements se poursuivent \u00e0 Thala et Kasserine et s\u2019\u00e9tendent \u00e0 Regueb et Kairouan.<\/p>\n<p>10 janvier : Dans un deuxi\u00e8me discours au peuple tunisien, Ben Ali d\u00e9nonce des actes terroristes et promet la cr\u00e9ation de 300.000 emplois dans un bref d\u00e9lai.<\/p>\n<p>11 janvier : Les violences se poursuivent au centre du pays alors que d\u00e9bute le soul\u00e8vement des banlieues populaires de Tunis.<\/p>\n<p>12 janvier : L\u2019UGTT organise des gr\u00e8ves g\u00e9n\u00e9rales dans plusieurs villes (Sfax, Kairouan) et appelle \u00e0 une gr\u00e8ve g\u00e9n\u00e9rale \u00e0 Tunis pour le 14 janvier. L\u2019arm\u00e9e intervient dans les banlieues populaires de la capitale. Le couvre-feu est d\u00e9cr\u00e9t\u00e9.<\/p>\n<p>13 janvier : Alors que l\u2019arm\u00e9e investit Tunis, Ben Ali adresse son dernier discours et s\u2019engage \u00e0 quitter le pouvoir en 2014.<\/p>\n<p>14 janvier : \u00c0 travers le pays, des manifestations demandent le d\u00e9part de Ben Ali. Des milliers de Tunisiens occupent l\u2019avenue Bourguiba, devant le minist\u00e8re de l\u2019Int\u00e9rieur, scandant le slogan \u00abD\u00e9gage\u00bb.<\/p>\n<p>Le gouvernement est limog\u00e9 et l\u2019\u00e9tat d\u2019urgence d\u00e9clar\u00e9. Ben Ali quitte le pays alors que le g\u00e9n\u00e9ral Ammar est r\u00e9int\u00e9gr\u00e9 dans ses fonctions et Mohamed Ghanouchi assure l\u2019int\u00e9rim (pour quelques heures) \u00e0 la t\u00eate de l\u2019\u00c9tat avant de c\u00e9der la pr\u00e9sidence \u00e0 Foued Mbazza, pr\u00e9sident de la Chambre des d\u00e9put\u00e9s.<\/p>\n<p>Tels sont les principaux \u00e9v\u00e9nements qui ont men\u00e9 \u00e0 la r\u00e9volution du 14 janvier 2011. Il est toutefois certain que, selon les sensibilit\u00e9s et le v\u00e9cu de chacun, plusieurs autres p\u00e9rip\u00e9ties ont leur place dans cette chronologie sommaire.<\/p>\n<p>A nos lecteurs de souligner les \u00e9ventuelles omissions de cette chronologie et nous faire part de ce qu\u2019ils ont pu ressentir comme les \u00e9v\u00e9nements les plus importants.<\/p>\n<p>Pour ma part, je mentionnerai trois \u00e9v\u00e9nements qui ont particip\u00e9 \u00e0 pr\u00e9cipiter l\u2019encha\u00eenement des faits :<\/p>\n<p> La photographie de propagande repr\u00e9sentant Ben Ali au chevet de Bouazizi et sa perception par le public.<br \/>\n L\u2019indignation cons\u00e9cutive au d\u00e9c\u00e8s d\u2019un deuxi\u00e8me immol\u00e9 par le feu \u00e0 Metlaoui le 6 janvier<br \/>\n La brutalit\u00e9 de la r\u00e9pression et le silence total des m\u00e9dias, source de col\u00e8re des Tunisiens.<\/p>\n<p>En conclusion, cette chronologie tente de fixer les dates-cl\u00e9s et ne pr\u00e9tend pas \u00e0 la perfection. Ce sera la t\u00e2che des historiens d\u00e9j\u00e0 nombreux \u00e0 se pencher sur la r\u00e9volution du 14 janvier.<\/p>\n","protected":false},"excerpt":{"rendered":"<p>17 d\u00e9cembre 2010 \u2013 14 janvier 2011 : Chronologie des 28 jours qui ont chang\u00e9 la Tunisie<\/p>\n","protected":false},"author":3229,"featured_media":333244,"comment_status":"open","ping_status":"closed","sticky":false,"template":"","format":"standard","meta":{"footnotes":""},"categories":[2596],"tags":[],"class_list":["post-186843","post","type-post","status-publish","format-standard","has-post-thumbnail","hentry","category-chroniques"],"yoast_head":"<!-- This site is optimized with the Yoast SEO Premium plugin v27.5 (Yoast SEO v27.5) - https:\/\/yoast.com\/product\/yoast-seo-premium-wordpress\/ -->\n<title>17 d\u00e9cembre 2010 \u2013 14 janvier 2011 : Chronologie des 28 jours qui ont chang\u00e9 la Tunisie<\/title>\n<meta name=\"description\" content=\"17 d\u00e9cembre 2010 \u2013 14 janvier 2011 : Chronologie des 28 jours qui ont chang\u00e9 la Tunisie\" \/>\n<link rel=\"canonical\" href=\"https:\/\/www.webdo.tn\/fr\/actualite\/chroniques\/17-decembre-2010-14-janvier-2011-chronologie-des-28-jours-qui-ont-change-la-tunisie\/186843\/\" \/>\n<meta property=\"og:locale\" content=\"fr_FR\" \/>\n<meta property=\"og:type\" content=\"article\" \/>\n<meta property=\"og:title\" content=\"17 d\u00e9cembre 2010 \u2013 14 janvier 2011 : Chronologie des 28 jours qui ont chang\u00e9 la Tunisie\" \/>\n<meta property=\"og:description\" content=\"17 d\u00e9cembre 2010 \u2013 14 janvier 2011 : Chronologie des 28 jours qui ont chang\u00e9 la Tunisie\" \/>\n<meta property=\"og:url\" content=\"https:\/\/www.webdo.tn\/fr\/actualite\/chroniques\/17-decembre-2010-14-janvier-2011-chronologie-des-28-jours-qui-ont-change-la-tunisie\/186843\/\" \/>\n<meta property=\"og:site_name\" content=\"webdo\" \/>\n<meta property=\"article:publisher\" content=\"https:\/\/www.facebook.com\/webdotn\" \/>\n<meta property=\"article:author\" content=\"https:\/\/www.facebook.com\/hatem.bourial.2025\" \/>\n<meta property=\"article:published_time\" content=\"2012-12-16T17:53:00+00:00\" \/>\n<meta property=\"article:modified_time\" content=\"2025-05-22T13:11:37+00:00\" \/>\n<meta property=\"og:image\" content=\"https:\/\/www.webdo.tn\/fr\/wp-content\/uploads\/2012\/12\/Mohamed-Bouazizi.jpg\" \/>\n\t<meta property=\"og:image:width\" content=\"515\" \/>\n\t<meta property=\"og:image:height\" content=\"313\" \/>\n\t<meta property=\"og:image:type\" content=\"image\/jpeg\" \/>\n<meta name=\"author\" content=\"Hatem Bourial\" \/>\n<meta name=\"twitter:card\" content=\"summary_large_image\" \/>\n<meta name=\"twitter:creator\" content=\"@webdo_tn\" \/>\n<meta name=\"twitter:site\" content=\"@webdo_tn\" \/>\n<meta name=\"twitter:label1\" content=\"\u00c9crit par\" \/>\n\t<meta name=\"twitter:data1\" content=\"Hatem Bourial\" \/>\n\t<meta name=\"twitter:label2\" content=\"Dur\u00e9e de lecture estim\u00e9e\" \/>\n\t<meta name=\"twitter:data2\" content=\"3 minutes\" \/>\n<script type=\"application\/ld+json\" class=\"yoast-schema-graph\">{\"@context\":\"https:\\\/\\\/schema.org\",\"@graph\":[{\"@type\":\"NewsArticle\",\"@id\":\"https:\\\/\\\/www.webdo.tn\\\/fr\\\/actualite\\\/chroniques\\\/17-decembre-2010-14-janvier-2011-chronologie-des-28-jours-qui-ont-change-la-tunisie\\\/186843\\\/#article\",\"isPartOf\":{\"@id\":\"https:\\\/\\\/www.webdo.tn\\\/fr\\\/actualite\\\/chroniques\\\/17-decembre-2010-14-janvier-2011-chronologie-des-28-jours-qui-ont-change-la-tunisie\\\/186843\\\/\"},\"author\":{\"name\":\"Hatem Bourial\",\"@id\":\"https:\\\/\\\/www.webdo.tn\\\/fr\\\/#\\\/schema\\\/person\\\/6bc0beba2cd23aec27cb5df85ca2554f\"},\"headline\":\"17 d\u00e9cembre 2010 \u2013 14 janvier 2011 : Chronologie des 28 jours qui ont chang\u00e9 la Tunisie\",\"datePublished\":\"2012-12-16T17:53:00+00:00\",\"dateModified\":\"2025-05-22T13:11:37+00:00\",\"mainEntityOfPage\":{\"@id\":\"https:\\\/\\\/www.webdo.tn\\\/fr\\\/actualite\\\/chroniques\\\/17-decembre-2010-14-janvier-2011-chronologie-des-28-jours-qui-ont-change-la-tunisie\\\/186843\\\/\"},\"wordCount\":688,\"commentCount\":0,\"publisher\":{\"@id\":\"https:\\\/\\\/www.webdo.tn\\\/fr\\\/#organization\"},\"image\":{\"@id\":\"https:\\\/\\\/www.webdo.tn\\\/fr\\\/actualite\\\/chroniques\\\/17-decembre-2010-14-janvier-2011-chronologie-des-28-jours-qui-ont-change-la-tunisie\\\/186843\\\/#primaryimage\"},\"thumbnailUrl\":\"https:\\\/\\\/www.webdo.tn\\\/fr\\\/wp-content\\\/uploads\\\/2012\\\/12\\\/Mohamed-Bouazizi.jpg\",\"articleSection\":[\"Chroniques\"],\"inLanguage\":\"fr-FR\"},{\"@type\":\"WebPage\",\"@id\":\"https:\\\/\\\/www.webdo.tn\\\/fr\\\/actualite\\\/chroniques\\\/17-decembre-2010-14-janvier-2011-chronologie-des-28-jours-qui-ont-change-la-tunisie\\\/186843\\\/\",\"url\":\"https:\\\/\\\/www.webdo.tn\\\/fr\\\/actualite\\\/chroniques\\\/17-decembre-2010-14-janvier-2011-chronologie-des-28-jours-qui-ont-change-la-tunisie\\\/186843\\\/\",\"name\":\"17 d\u00e9cembre 2010 \u2013 14 janvier 2011 : Chronologie des 28 jours qui ont chang\u00e9 la Tunisie\",\"isPartOf\":{\"@id\":\"https:\\\/\\\/www.webdo.tn\\\/fr\\\/#website\"},\"primaryImageOfPage\":{\"@id\":\"https:\\\/\\\/www.webdo.tn\\\/fr\\\/actualite\\\/chroniques\\\/17-decembre-2010-14-janvier-2011-chronologie-des-28-jours-qui-ont-change-la-tunisie\\\/186843\\\/#primaryimage\"},\"image\":{\"@id\":\"https:\\\/\\\/www.webdo.tn\\\/fr\\\/actualite\\\/chroniques\\\/17-decembre-2010-14-janvier-2011-chronologie-des-28-jours-qui-ont-change-la-tunisie\\\/186843\\\/#primaryimage\"},\"thumbnailUrl\":\"https:\\\/\\\/www.webdo.tn\\\/fr\\\/wp-content\\\/uploads\\\/2012\\\/12\\\/Mohamed-Bouazizi.jpg\",\"datePublished\":\"2012-12-16T17:53:00+00:00\",\"dateModified\":\"2025-05-22T13:11:37+00:00\",\"description\":\"17 d\u00e9cembre 2010 \u2013 14 janvier 2011 : Chronologie des 28 jours qui ont chang\u00e9 la Tunisie\",\"breadcrumb\":{\"@id\":\"https:\\\/\\\/www.webdo.tn\\\/fr\\\/actualite\\\/chroniques\\\/17-decembre-2010-14-janvier-2011-chronologie-des-28-jours-qui-ont-change-la-tunisie\\\/186843\\\/#breadcrumb\"},\"inLanguage\":\"fr-FR\",\"potentialAction\":[{\"@type\":\"ReadAction\",\"target\":[\"https:\\\/\\\/www.webdo.tn\\\/fr\\\/actualite\\\/chroniques\\\/17-decembre-2010-14-janvier-2011-chronologie-des-28-jours-qui-ont-change-la-tunisie\\\/186843\\\/\"]}]},{\"@type\":\"ImageObject\",\"inLanguage\":\"fr-FR\",\"@id\":\"https:\\\/\\\/www.webdo.tn\\\/fr\\\/actualite\\\/chroniques\\\/17-decembre-2010-14-janvier-2011-chronologie-des-28-jours-qui-ont-change-la-tunisie\\\/186843\\\/#primaryimage\",\"url\":\"https:\\\/\\\/www.webdo.tn\\\/fr\\\/wp-content\\\/uploads\\\/2012\\\/12\\\/Mohamed-Bouazizi.jpg\",\"contentUrl\":\"https:\\\/\\\/www.webdo.tn\\\/fr\\\/wp-content\\\/uploads\\\/2012\\\/12\\\/Mohamed-Bouazizi.jpg\",\"width\":515,\"height\":313,\"caption\":\"17 d\u00e9cembre 2010 \u2013 14 janvier 2011 : Chronologie des 28 jours qui ont chang\u00e9 la Tunisie\"},{\"@type\":\"BreadcrumbList\",\"@id\":\"https:\\\/\\\/www.webdo.tn\\\/fr\\\/actualite\\\/chroniques\\\/17-decembre-2010-14-janvier-2011-chronologie-des-28-jours-qui-ont-change-la-tunisie\\\/186843\\\/#breadcrumb\",\"itemListElement\":[{\"@type\":\"ListItem\",\"position\":1,\"name\":\"Accueil\",\"item\":\"https:\\\/\\\/www.webdo.tn\\\/fr\\\/\"},{\"@type\":\"ListItem\",\"position\":2,\"name\":\"17 d\u00e9cembre 2010 \u2013 14 janvier 2011 : Chronologie des 28 jours qui ont chang\u00e9 la Tunisie\"}]},{\"@type\":\"WebSite\",\"@id\":\"https:\\\/\\\/www.webdo.tn\\\/fr\\\/#website\",\"url\":\"https:\\\/\\\/www.webdo.tn\\\/fr\\\/\",\"name\":\"webdo\",\"description\":\"Tunisie - News en Tunisie et \u00e0 l&#039;international sur Webdo.tn\",\"publisher\":{\"@id\":\"https:\\\/\\\/www.webdo.tn\\\/fr\\\/#organization\"},\"potentialAction\":[{\"@type\":\"SearchAction\",\"target\":{\"@type\":\"EntryPoint\",\"urlTemplate\":\"https:\\\/\\\/www.webdo.tn\\\/fr\\\/?s={search_term_string}\"},\"query-input\":{\"@type\":\"PropertyValueSpecification\",\"valueRequired\":true,\"valueName\":\"search_term_string\"}}],\"inLanguage\":\"fr-FR\"},{\"@type\":\"Organization\",\"@id\":\"https:\\\/\\\/www.webdo.tn\\\/fr\\\/#organization\",\"name\":\"Webdo\",\"alternateName\":\"Webdo.tn\",\"url\":\"https:\\\/\\\/www.webdo.tn\\\/fr\\\/\",\"logo\":{\"@type\":\"ImageObject\",\"inLanguage\":\"fr-FR\",\"@id\":\"https:\\\/\\\/www.webdo.tn\\\/fr\\\/#\\\/schema\\\/logo\\\/image\\\/\",\"url\":\"https:\\\/\\\/www.webdo.tn\\\/fr\\\/wp-content\\\/uploads\\\/2025\\\/06\\\/Webdo-Tunisie_168377.jpg\",\"contentUrl\":\"https:\\\/\\\/www.webdo.tn\\\/fr\\\/wp-content\\\/uploads\\\/2025\\\/06\\\/Webdo-Tunisie_168377.jpg\",\"width\":301,\"height\":301,\"caption\":\"Webdo\"},\"image\":{\"@id\":\"https:\\\/\\\/www.webdo.tn\\\/fr\\\/#\\\/schema\\\/logo\\\/image\\\/\"},\"sameAs\":[\"https:\\\/\\\/www.facebook.com\\\/webdotn\",\"https:\\\/\\\/x.com\\\/webdo_tn\"],\"description\":\"Webdo est un m\u00e9dia num\u00e9rique tunisien fond\u00e9 en 2010, sp\u00e9cialis\u00e9 dans l\u2019actualit\u00e9 nationale et internationale, l\u2019\u00e9conomie, la soci\u00e9t\u00e9 et les analyses politiques. Le site s\u2019adresse \u00e0 un large public francophone et couvre l\u2019information tunisienne en temps r\u00e9el.\",\"email\":\"redac@webdo.tn\",\"legalName\":\"YNJ SARL\",\"foundingDate\":\"2010-09-06\",\"numberOfEmployees\":{\"@type\":\"QuantitativeValue\",\"minValue\":\"11\",\"maxValue\":\"50\"}},{\"@type\":\"Person\",\"@id\":\"https:\\\/\\\/www.webdo.tn\\\/fr\\\/#\\\/schema\\\/person\\\/6bc0beba2cd23aec27cb5df85ca2554f\",\"name\":\"Hatem Bourial\",\"image\":{\"@type\":\"ImageObject\",\"inLanguage\":\"fr-FR\",\"@id\":\"https:\\\/\\\/www.webdo.tn\\\/fr\\\/wp-content\\\/uploads\\\/2026\\\/04\\\/hatem-bourial_avatar-96x96.jpg\",\"url\":\"https:\\\/\\\/www.webdo.tn\\\/fr\\\/wp-content\\\/uploads\\\/2026\\\/04\\\/hatem-bourial_avatar-96x96.jpg\",\"contentUrl\":\"https:\\\/\\\/www.webdo.tn\\\/fr\\\/wp-content\\\/uploads\\\/2026\\\/04\\\/hatem-bourial_avatar-96x96.jpg\",\"caption\":\"Hatem Bourial\"},\"description\":\"Hatem Bourial est journaliste, \u00e9crivain et chroniqueur tunisien. Actif depuis plusieurs d\u00e9cennies, il s\u2019est impos\u00e9 comme un observateur attentif de la soci\u00e9t\u00e9 tunisienne, m\u00ealant dans ses \u00e9crits m\u00e9moire, culture et analyse du quotidien. Auteur de nombreux ouvrages, il d\u00e9veloppe une \u0153uvre \u00e0 la crois\u00e9e du r\u00e9cit, de la po\u00e9sie et de l\u2019observation sociologique. Parall\u00e8lement \u00e0 ses contributions dans la presse, il intervient r\u00e9guli\u00e8rement \u00e0 la radio et dans des espaces culturels, o\u00f9 il explore les enjeux li\u00e9s au patrimoine, \u00e0 l\u2019identit\u00e9 et aux transformations du monde contemporain. \u00c0 travers ses chroniques, Hatem Bourial propose une lecture sensible et approfondie de l\u2019actualit\u00e9, nourrie par une exp\u00e9rience journalistique et litt\u00e9raire reconnue. \ud83d\udd17 Facebook : https:\\\/\\\/www.facebook.com\\\/hatem.bourial.2025\",\"sameAs\":[\"https:\\\/\\\/www.facebook.com\\\/hatem.bourial.2025\",\"https:\\\/\\\/fr.wikipedia.org\\\/wiki\\\/Fichier:Hatem_Bourial.jpg\"],\"knowsAbout\":[\"Culture & patrimoine tunisien\",\"Chronique soci\u00e9tale\",\"Litt\u00e9rature & m\u00e9moire\",\"Cin\u00e9ma & critique culturelle\",\"Identit\u00e9 & mutations sociales\"],\"knowsLanguage\":[\"Arabe\",\"Fran\u00e7ais\",\"Anglais\",\"Italien\",\"Polonais\"],\"jobTitle\":\"Journaliste, \u00e9crivain et chroniqueur culturel\",\"worksFor\":\"Webdo\",\"url\":\"https:\\\/\\\/www.webdo.tn\\\/fr\\\/actualite\\\/author\\\/hatem-bourial-2\\\/\"}]}<\/script>\n<!-- \/ Yoast SEO Premium plugin. -->","yoast_head_json":{"title":"17 d\u00e9cembre 2010 \u2013 14 janvier 2011 : Chronologie des 28 jours qui ont chang\u00e9 la Tunisie","description":"17 d\u00e9cembre 2010 \u2013 14 janvier 2011 : Chronologie des 28 jours qui ont chang\u00e9 la Tunisie","canonical":"https:\/\/www.webdo.tn\/fr\/actualite\/chroniques\/17-decembre-2010-14-janvier-2011-chronologie-des-28-jours-qui-ont-change-la-tunisie\/186843\/","og_locale":"fr_FR","og_type":"article","og_title":"17 d\u00e9cembre 2010 \u2013 14 janvier 2011 : Chronologie des 28 jours qui ont chang\u00e9 la Tunisie","og_description":"17 d\u00e9cembre 2010 \u2013 14 janvier 2011 : Chronologie des 28 jours qui ont chang\u00e9 la Tunisie","og_url":"https:\/\/www.webdo.tn\/fr\/actualite\/chroniques\/17-decembre-2010-14-janvier-2011-chronologie-des-28-jours-qui-ont-change-la-tunisie\/186843\/","og_site_name":"webdo","article_publisher":"https:\/\/www.facebook.com\/webdotn","article_author":"https:\/\/www.facebook.com\/hatem.bourial.2025","article_published_time":"2012-12-16T17:53:00+00:00","article_modified_time":"2025-05-22T13:11:37+00:00","og_image":[{"width":515,"height":313,"url":"https:\/\/www.webdo.tn\/fr\/wp-content\/uploads\/2012\/12\/Mohamed-Bouazizi.jpg","type":"image\/jpeg"}],"author":"Hatem Bourial","twitter_card":"summary_large_image","twitter_creator":"@webdo_tn","twitter_site":"@webdo_tn","twitter_misc":{"\u00c9crit par":"Hatem Bourial","Dur\u00e9e de lecture estim\u00e9e":"3 minutes"},"schema":{"@context":"https:\/\/schema.org","@graph":[{"@type":"NewsArticle","@id":"https:\/\/www.webdo.tn\/fr\/actualite\/chroniques\/17-decembre-2010-14-janvier-2011-chronologie-des-28-jours-qui-ont-change-la-tunisie\/186843\/#article","isPartOf":{"@id":"https:\/\/www.webdo.tn\/fr\/actualite\/chroniques\/17-decembre-2010-14-janvier-2011-chronologie-des-28-jours-qui-ont-change-la-tunisie\/186843\/"},"author":{"name":"Hatem Bourial","@id":"https:\/\/www.webdo.tn\/fr\/#\/schema\/person\/6bc0beba2cd23aec27cb5df85ca2554f"},"headline":"17 d\u00e9cembre 2010 \u2013 14 janvier 2011 : Chronologie des 28 jours qui ont chang\u00e9 la Tunisie","datePublished":"2012-12-16T17:53:00+00:00","dateModified":"2025-05-22T13:11:37+00:00","mainEntityOfPage":{"@id":"https:\/\/www.webdo.tn\/fr\/actualite\/chroniques\/17-decembre-2010-14-janvier-2011-chronologie-des-28-jours-qui-ont-change-la-tunisie\/186843\/"},"wordCount":688,"commentCount":0,"publisher":{"@id":"https:\/\/www.webdo.tn\/fr\/#organization"},"image":{"@id":"https:\/\/www.webdo.tn\/fr\/actualite\/chroniques\/17-decembre-2010-14-janvier-2011-chronologie-des-28-jours-qui-ont-change-la-tunisie\/186843\/#primaryimage"},"thumbnailUrl":"https:\/\/www.webdo.tn\/fr\/wp-content\/uploads\/2012\/12\/Mohamed-Bouazizi.jpg","articleSection":["Chroniques"],"inLanguage":"fr-FR"},{"@type":"WebPage","@id":"https:\/\/www.webdo.tn\/fr\/actualite\/chroniques\/17-decembre-2010-14-janvier-2011-chronologie-des-28-jours-qui-ont-change-la-tunisie\/186843\/","url":"https:\/\/www.webdo.tn\/fr\/actualite\/chroniques\/17-decembre-2010-14-janvier-2011-chronologie-des-28-jours-qui-ont-change-la-tunisie\/186843\/","name":"17 d\u00e9cembre 2010 \u2013 14 janvier 2011 : Chronologie des 28 jours qui ont chang\u00e9 la Tunisie","isPartOf":{"@id":"https:\/\/www.webdo.tn\/fr\/#website"},"primaryImageOfPage":{"@id":"https:\/\/www.webdo.tn\/fr\/actualite\/chroniques\/17-decembre-2010-14-janvier-2011-chronologie-des-28-jours-qui-ont-change-la-tunisie\/186843\/#primaryimage"},"image":{"@id":"https:\/\/www.webdo.tn\/fr\/actualite\/chroniques\/17-decembre-2010-14-janvier-2011-chronologie-des-28-jours-qui-ont-change-la-tunisie\/186843\/#primaryimage"},"thumbnailUrl":"https:\/\/www.webdo.tn\/fr\/wp-content\/uploads\/2012\/12\/Mohamed-Bouazizi.jpg","datePublished":"2012-12-16T17:53:00+00:00","dateModified":"2025-05-22T13:11:37+00:00","description":"17 d\u00e9cembre 2010 \u2013 14 janvier 2011 : Chronologie des 28 jours qui ont chang\u00e9 la Tunisie","breadcrumb":{"@id":"https:\/\/www.webdo.tn\/fr\/actualite\/chroniques\/17-decembre-2010-14-janvier-2011-chronologie-des-28-jours-qui-ont-change-la-tunisie\/186843\/#breadcrumb"},"inLanguage":"fr-FR","potentialAction":[{"@type":"ReadAction","target":["https:\/\/www.webdo.tn\/fr\/actualite\/chroniques\/17-decembre-2010-14-janvier-2011-chronologie-des-28-jours-qui-ont-change-la-tunisie\/186843\/"]}]},{"@type":"ImageObject","inLanguage":"fr-FR","@id":"https:\/\/www.webdo.tn\/fr\/actualite\/chroniques\/17-decembre-2010-14-janvier-2011-chronologie-des-28-jours-qui-ont-change-la-tunisie\/186843\/#primaryimage","url":"https:\/\/www.webdo.tn\/fr\/wp-content\/uploads\/2012\/12\/Mohamed-Bouazizi.jpg","contentUrl":"https:\/\/www.webdo.tn\/fr\/wp-content\/uploads\/2012\/12\/Mohamed-Bouazizi.jpg","width":515,"height":313,"caption":"17 d\u00e9cembre 2010 \u2013 14 janvier 2011 : Chronologie des 28 jours qui ont chang\u00e9 la Tunisie"},{"@type":"BreadcrumbList","@id":"https:\/\/www.webdo.tn\/fr\/actualite\/chroniques\/17-decembre-2010-14-janvier-2011-chronologie-des-28-jours-qui-ont-change-la-tunisie\/186843\/#breadcrumb","itemListElement":[{"@type":"ListItem","position":1,"name":"Accueil","item":"https:\/\/www.webdo.tn\/fr\/"},{"@type":"ListItem","position":2,"name":"17 d\u00e9cembre 2010 \u2013 14 janvier 2011 : Chronologie des 28 jours qui ont chang\u00e9 la Tunisie"}]},{"@type":"WebSite","@id":"https:\/\/www.webdo.tn\/fr\/#website","url":"https:\/\/www.webdo.tn\/fr\/","name":"webdo","description":"Tunisie - News en Tunisie et \u00e0 l&#039;international sur Webdo.tn","publisher":{"@id":"https:\/\/www.webdo.tn\/fr\/#organization"},"potentialAction":[{"@type":"SearchAction","target":{"@type":"EntryPoint","urlTemplate":"https:\/\/www.webdo.tn\/fr\/?s={search_term_string}"},"query-input":{"@type":"PropertyValueSpecification","valueRequired":true,"valueName":"search_term_string"}}],"inLanguage":"fr-FR"},{"@type":"Organization","@id":"https:\/\/www.webdo.tn\/fr\/#organization","name":"Webdo","alternateName":"Webdo.tn","url":"https:\/\/www.webdo.tn\/fr\/","logo":{"@type":"ImageObject","inLanguage":"fr-FR","@id":"https:\/\/www.webdo.tn\/fr\/#\/schema\/logo\/image\/","url":"https:\/\/www.webdo.tn\/fr\/wp-content\/uploads\/2025\/06\/Webdo-Tunisie_168377.jpg","contentUrl":"https:\/\/www.webdo.tn\/fr\/wp-content\/uploads\/2025\/06\/Webdo-Tunisie_168377.jpg","width":301,"height":301,"caption":"Webdo"},"image":{"@id":"https:\/\/www.webdo.tn\/fr\/#\/schema\/logo\/image\/"},"sameAs":["https:\/\/www.facebook.com\/webdotn","https:\/\/x.com\/webdo_tn"],"description":"Webdo est un m\u00e9dia num\u00e9rique tunisien fond\u00e9 en 2010, sp\u00e9cialis\u00e9 dans l\u2019actualit\u00e9 nationale et internationale, l\u2019\u00e9conomie, la soci\u00e9t\u00e9 et les analyses politiques. Le site s\u2019adresse \u00e0 un large public francophone et couvre l\u2019information tunisienne en temps r\u00e9el.","email":"redac@webdo.tn","legalName":"YNJ SARL","foundingDate":"2010-09-06","numberOfEmployees":{"@type":"QuantitativeValue","minValue":"11","maxValue":"50"}},{"@type":"Person","@id":"https:\/\/www.webdo.tn\/fr\/#\/schema\/person\/6bc0beba2cd23aec27cb5df85ca2554f","name":"Hatem Bourial","image":{"@type":"ImageObject","inLanguage":"fr-FR","@id":"https:\/\/www.webdo.tn\/fr\/wp-content\/uploads\/2026\/04\/hatem-bourial_avatar-96x96.jpg","url":"https:\/\/www.webdo.tn\/fr\/wp-content\/uploads\/2026\/04\/hatem-bourial_avatar-96x96.jpg","contentUrl":"https:\/\/www.webdo.tn\/fr\/wp-content\/uploads\/2026\/04\/hatem-bourial_avatar-96x96.jpg","caption":"Hatem Bourial"},"description":"Hatem Bourial est journaliste, \u00e9crivain et chroniqueur tunisien. Actif depuis plusieurs d\u00e9cennies, il s\u2019est impos\u00e9 comme un observateur attentif de la soci\u00e9t\u00e9 tunisienne, m\u00ealant dans ses \u00e9crits m\u00e9moire, culture et analyse du quotidien. Auteur de nombreux ouvrages, il d\u00e9veloppe une \u0153uvre \u00e0 la crois\u00e9e du r\u00e9cit, de la po\u00e9sie et de l\u2019observation sociologique. Parall\u00e8lement \u00e0 ses contributions dans la presse, il intervient r\u00e9guli\u00e8rement \u00e0 la radio et dans des espaces culturels, o\u00f9 il explore les enjeux li\u00e9s au patrimoine, \u00e0 l\u2019identit\u00e9 et aux transformations du monde contemporain. \u00c0 travers ses chroniques, Hatem Bourial propose une lecture sensible et approfondie de l\u2019actualit\u00e9, nourrie par une exp\u00e9rience journalistique et litt\u00e9raire reconnue. \ud83d\udd17 Facebook : https:\/\/www.facebook.com\/hatem.bourial.2025","sameAs":["https:\/\/www.facebook.com\/hatem.bourial.2025","https:\/\/fr.wikipedia.org\/wiki\/Fichier:Hatem_Bourial.jpg"],"knowsAbout":["Culture & patrimoine tunisien","Chronique soci\u00e9tale","Litt\u00e9rature & m\u00e9moire","Cin\u00e9ma & critique culturelle","Identit\u00e9 & mutations sociales"],"knowsLanguage":["Arabe","Fran\u00e7ais","Anglais","Italien","Polonais"],"jobTitle":"Journaliste, \u00e9crivain et chroniqueur culturel","worksFor":"Webdo","url":"https:\/\/www.webdo.tn\/fr\/actualite\/author\/hatem-bourial-2\/"}]}},"_links":{"self":[{"href":"https:\/\/www.webdo.tn\/fr\/wp-json\/wp\/v2\/posts\/186843","targetHints":{"allow":["GET"]}}],"collection":[{"href":"https:\/\/www.webdo.tn\/fr\/wp-json\/wp\/v2\/posts"}],"about":[{"href":"https:\/\/www.webdo.tn\/fr\/wp-json\/wp\/v2\/types\/post"}],"author":[{"embeddable":true,"href":"https:\/\/www.webdo.tn\/fr\/wp-json\/wp\/v2\/users\/3229"}],"replies":[{"embeddable":true,"href":"https:\/\/www.webdo.tn\/fr\/wp-json\/wp\/v2\/comments?post=186843"}],"version-history":[{"count":0,"href":"https:\/\/www.webdo.tn\/fr\/wp-json\/wp\/v2\/posts\/186843\/revisions"}],"wp:featuredmedia":[{"embeddable":true,"href":"https:\/\/www.webdo.tn\/fr\/wp-json\/wp\/v2\/media\/333244"}],"wp:attachment":[{"href":"https:\/\/www.webdo.tn\/fr\/wp-json\/wp\/v2\/media?parent=186843"}],"wp:term":[{"taxonomy":"category","embeddable":true,"href":"https:\/\/www.webdo.tn\/fr\/wp-json\/wp\/v2\/categories?post=186843"},{"taxonomy":"post_tag","embeddable":true,"href":"https:\/\/www.webdo.tn\/fr\/wp-json\/wp\/v2\/tags?post=186843"}],"curies":[{"name":"wp","href":"https:\/\/api.w.org\/{rel}","templated":true}]}}