{"id":186841,"date":"2013-01-11T15:26:00","date_gmt":"2013-01-11T15:26:00","guid":{"rendered":"https:\/\/www.webdo.tn\/fr\/blog\/deux-ans-apres-la-revolution-petrodollars-pour-ennahdha-precarite-pour-le-peuple\/186841\/"},"modified":"2025-05-22T13:11:27","modified_gmt":"2025-05-22T13:11:27","slug":"deux-ans-apres-la-revolution-petrodollars-pour-ennahdha-precarite-pour-le-peuple","status":"publish","type":"post","link":"https:\/\/www.webdo.tn\/fr\/actualite\/chroniques\/deux-ans-apres-la-revolution-petrodollars-pour-ennahdha-precarite-pour-le-peuple\/186841\/","title":{"rendered":"Deux ans apr\u00e8s la r\u00e9volution &#8211; P\u00e9trodollars pour Ennahdha, pr\u00e9carit\u00e9 pour le peuple"},"content":{"rendered":"<p>On aura tout vu ! A l\u2019heure o\u00f9 les prix flambent et les horizons se r\u00e9tr\u00e9cissent, certaines t\u00eates provisoirement couronn\u00e9es se vautrent dans les d\u00e9lices du pouvoir.<\/p>\n<p>S\u2019\u00e9tant empar\u00e9s des jouets de Zinochet et consorts, ils n\u2019en font qu\u2019\u00e0 leur t\u00eate, cultivent la d\u00e9magogie, m\u00e9nagent leurs arri\u00e8res et ignorent les revendications l\u00e9gitimes du peuple.<\/p>\n<p>Le peuple a donn\u00e9 un mandat \u00e0 une assembl\u00e9e constituante. Malheureusement, ce vote n\u2019aura pour l\u2019heure servi qu\u2019\u00e0 engraisser les \u00e9lus, pay\u00e9s des sommes astronomiques par rapport aux petites gens.<\/p>\n<p>Les indign\u00e9s tunisiens auront-ils men\u00e9 \u00e0 bien une r\u00e9volution pour que Maherzia Laabidi, Sihem Badi et leurs \u00e9mules m\u00e8nent la belle vie, placent leurs proches et vivent aux crochets du peuple ?<\/p>\n<p>Le peuple a donn\u00e9 un mandat \u00e0 une assembl\u00e9e constituante. Or, ce mandat a \u00e9t\u00e9 d\u00e9tourn\u00e9, d\u00e9voy\u00e9 et vid\u00e9 de son sens par le p\u00f4le fort de la Tro\u00efka pour noyauter l\u2019Etat.<\/p>\n<p>Le peuple, vivant dans la pr\u00e9carit\u00e9, s\u2019attendait \u00e0 une politique r\u00e9volutionnaire de l\u2019emploi. Et au lieu de cela, le ch\u00f4mage r\u00e8gne alors que les politiciens d\u2019Ennahdha p\u00e9rorent, menacent et, forts des p\u00e9trodollars du Golfe, se pensent intouchables.<\/p>\n<p>Est-ce ainsi le moment de lancer un pays \u00e0 genoux dans la r\u00e9paration mat\u00e9rielle des victimes du r\u00e9gime d\u00e9funt ? Cette man\u0153uvre ne cache-t-elle pas une volont\u00e9 d\u2019utiliser les caisses de l\u2019Etat \u2013 renflou\u00e9es par le Qatar entre autres \u2013 au b\u00e9n\u00e9fice des militants d\u2019Ennahdha et consorts ? Apr\u00e8s tout, les islamistes pensent bien que ces p\u00e9trodollars leur reviennent de droit\u2026<\/p>\n<p>Est-ce aussi le moment de payer d\u00e9put\u00e9s et ministres \u00e0 coups de milliers de dinars alors que le peuple s\u2019en sort \u00e0 peine ?<\/p>\n<p>Pourquoi ne pas le dire sans peur : les gouvernants actuels se comportent comme aux pires heures de la dictature. Eux d\u2019abord ! Le peuple peut attendre\u2026<\/p>\n<p>Lorsque les Tunisiens comptent leurs millimes, la nouvelle \u00e9lite compte ses p\u00e9trodollars et ses placements en livres sterling.<\/p>\n<p>Comme si certains foss\u00e9s \u00e9taient constamment condamn\u00e9s \u00e0 s\u2019\u00e9largir\u2026 O\u00f9 est donc la r\u00e9volution dans tout \u00e7a ?<\/p>\n","protected":false},"excerpt":{"rendered":"<p>Deux ans apr\u00e8s la r\u00e9volution &#8211; P\u00e9trodollars pour Ennahdha, pr\u00e9carit\u00e9 pour le peuple<\/p>\n","protected":false},"author":3229,"featured_media":333156,"comment_status":"open","ping_status":"closed","sticky":false,"template":"","format":"standard","meta":{"footnotes":""},"categories":[2596],"tags":[],"class_list":["post-186841","post","type-post","status-publish","format-standard","has-post-thumbnail","hentry","category-chroniques"],"yoast_head":"<!-- This site is optimized with the Yoast SEO Premium plugin v27.5 (Yoast SEO v27.5) - https:\/\/yoast.com\/product\/yoast-seo-premium-wordpress\/ -->\n<title>Deux ans apr\u00e8s la r\u00e9volution - P\u00e9trodollars pour Ennahdha, pr\u00e9carit\u00e9 pour le peuple<\/title>\n<meta name=\"description\" content=\"Deux ans apr\u00e8s la r\u00e9volution - P\u00e9trodollars pour Ennahdha, pr\u00e9carit\u00e9 pour le peuple\" \/>\n<link rel=\"canonical\" href=\"https:\/\/www.webdo.tn\/fr\/actualite\/chroniques\/deux-ans-apres-la-revolution-petrodollars-pour-ennahdha-precarite-pour-le-peuple\/186841\/\" \/>\n<meta property=\"og:locale\" content=\"fr_FR\" \/>\n<meta property=\"og:type\" content=\"article\" \/>\n<meta property=\"og:title\" content=\"Deux ans apr\u00e8s la r\u00e9volution - P\u00e9trodollars pour Ennahdha, pr\u00e9carit\u00e9 pour le peuple\" \/>\n<meta property=\"og:description\" content=\"Deux ans apr\u00e8s la r\u00e9volution - P\u00e9trodollars pour Ennahdha, pr\u00e9carit\u00e9 pour le peuple\" \/>\n<meta property=\"og:url\" content=\"https:\/\/www.webdo.tn\/fr\/actualite\/chroniques\/deux-ans-apres-la-revolution-petrodollars-pour-ennahdha-precarite-pour-le-peuple\/186841\/\" \/>\n<meta property=\"og:site_name\" content=\"webdo\" \/>\n<meta property=\"article:publisher\" content=\"https:\/\/www.facebook.com\/webdotn\" \/>\n<meta property=\"article:author\" content=\"https:\/\/www.facebook.com\/hatem.bourial.2025\" \/>\n<meta property=\"article:published_time\" content=\"2013-01-11T15:26:00+00:00\" \/>\n<meta property=\"article:modified_time\" content=\"2025-05-22T13:11:27+00:00\" \/>\n<meta property=\"og:image\" content=\"https:\/\/www.webdo.tn\/fr\/wp-content\/uploads\/2013\/01\/revolution-tunisie-photo-Gnet.jpg\" \/>\n\t<meta property=\"og:image:width\" content=\"267\" \/>\n\t<meta property=\"og:image:height\" content=\"200\" \/>\n\t<meta property=\"og:image:type\" content=\"image\/jpeg\" \/>\n<meta name=\"author\" content=\"Hatem Bourial\" \/>\n<meta name=\"twitter:card\" content=\"summary_large_image\" \/>\n<meta name=\"twitter:creator\" content=\"@webdo_tn\" \/>\n<meta name=\"twitter:site\" content=\"@webdo_tn\" \/>\n<meta name=\"twitter:label1\" content=\"\u00c9crit par\" \/>\n\t<meta name=\"twitter:data1\" content=\"Hatem Bourial\" \/>\n\t<meta name=\"twitter:label2\" content=\"Dur\u00e9e de lecture estim\u00e9e\" \/>\n\t<meta name=\"twitter:data2\" content=\"2 minutes\" \/>\n<script type=\"application\/ld+json\" class=\"yoast-schema-graph\">{\"@context\":\"https:\\\/\\\/schema.org\",\"@graph\":[{\"@type\":\"NewsArticle\",\"@id\":\"https:\\\/\\\/www.webdo.tn\\\/fr\\\/actualite\\\/chroniques\\\/deux-ans-apres-la-revolution-petrodollars-pour-ennahdha-precarite-pour-le-peuple\\\/186841\\\/#article\",\"isPartOf\":{\"@id\":\"https:\\\/\\\/www.webdo.tn\\\/fr\\\/actualite\\\/chroniques\\\/deux-ans-apres-la-revolution-petrodollars-pour-ennahdha-precarite-pour-le-peuple\\\/186841\\\/\"},\"author\":{\"name\":\"Hatem Bourial\",\"@id\":\"https:\\\/\\\/www.webdo.tn\\\/fr\\\/#\\\/schema\\\/person\\\/6bc0beba2cd23aec27cb5df85ca2554f\"},\"headline\":\"Deux ans apr\u00e8s la r\u00e9volution &#8211; P\u00e9trodollars pour Ennahdha, pr\u00e9carit\u00e9 pour le peuple\",\"datePublished\":\"2013-01-11T15:26:00+00:00\",\"dateModified\":\"2025-05-22T13:11:27+00:00\",\"mainEntityOfPage\":{\"@id\":\"https:\\\/\\\/www.webdo.tn\\\/fr\\\/actualite\\\/chroniques\\\/deux-ans-apres-la-revolution-petrodollars-pour-ennahdha-precarite-pour-le-peuple\\\/186841\\\/\"},\"wordCount\":390,\"commentCount\":0,\"publisher\":{\"@id\":\"https:\\\/\\\/www.webdo.tn\\\/fr\\\/#organization\"},\"image\":{\"@id\":\"https:\\\/\\\/www.webdo.tn\\\/fr\\\/actualite\\\/chroniques\\\/deux-ans-apres-la-revolution-petrodollars-pour-ennahdha-precarite-pour-le-peuple\\\/186841\\\/#primaryimage\"},\"thumbnailUrl\":\"https:\\\/\\\/www.webdo.tn\\\/fr\\\/wp-content\\\/uploads\\\/2013\\\/01\\\/revolution-tunisie-photo-Gnet.jpg\",\"articleSection\":[\"Chroniques\"],\"inLanguage\":\"fr-FR\"},{\"@type\":\"WebPage\",\"@id\":\"https:\\\/\\\/www.webdo.tn\\\/fr\\\/actualite\\\/chroniques\\\/deux-ans-apres-la-revolution-petrodollars-pour-ennahdha-precarite-pour-le-peuple\\\/186841\\\/\",\"url\":\"https:\\\/\\\/www.webdo.tn\\\/fr\\\/actualite\\\/chroniques\\\/deux-ans-apres-la-revolution-petrodollars-pour-ennahdha-precarite-pour-le-peuple\\\/186841\\\/\",\"name\":\"Deux ans apr\u00e8s la r\u00e9volution - P\u00e9trodollars pour Ennahdha, pr\u00e9carit\u00e9 pour le peuple\",\"isPartOf\":{\"@id\":\"https:\\\/\\\/www.webdo.tn\\\/fr\\\/#website\"},\"primaryImageOfPage\":{\"@id\":\"https:\\\/\\\/www.webdo.tn\\\/fr\\\/actualite\\\/chroniques\\\/deux-ans-apres-la-revolution-petrodollars-pour-ennahdha-precarite-pour-le-peuple\\\/186841\\\/#primaryimage\"},\"image\":{\"@id\":\"https:\\\/\\\/www.webdo.tn\\\/fr\\\/actualite\\\/chroniques\\\/deux-ans-apres-la-revolution-petrodollars-pour-ennahdha-precarite-pour-le-peuple\\\/186841\\\/#primaryimage\"},\"thumbnailUrl\":\"https:\\\/\\\/www.webdo.tn\\\/fr\\\/wp-content\\\/uploads\\\/2013\\\/01\\\/revolution-tunisie-photo-Gnet.jpg\",\"datePublished\":\"2013-01-11T15:26:00+00:00\",\"dateModified\":\"2025-05-22T13:11:27+00:00\",\"description\":\"Deux ans apr\u00e8s la r\u00e9volution - P\u00e9trodollars pour Ennahdha, pr\u00e9carit\u00e9 pour le peuple\",\"breadcrumb\":{\"@id\":\"https:\\\/\\\/www.webdo.tn\\\/fr\\\/actualite\\\/chroniques\\\/deux-ans-apres-la-revolution-petrodollars-pour-ennahdha-precarite-pour-le-peuple\\\/186841\\\/#breadcrumb\"},\"inLanguage\":\"fr-FR\",\"potentialAction\":[{\"@type\":\"ReadAction\",\"target\":[\"https:\\\/\\\/www.webdo.tn\\\/fr\\\/actualite\\\/chroniques\\\/deux-ans-apres-la-revolution-petrodollars-pour-ennahdha-precarite-pour-le-peuple\\\/186841\\\/\"]}]},{\"@type\":\"ImageObject\",\"inLanguage\":\"fr-FR\",\"@id\":\"https:\\\/\\\/www.webdo.tn\\\/fr\\\/actualite\\\/chroniques\\\/deux-ans-apres-la-revolution-petrodollars-pour-ennahdha-precarite-pour-le-peuple\\\/186841\\\/#primaryimage\",\"url\":\"https:\\\/\\\/www.webdo.tn\\\/fr\\\/wp-content\\\/uploads\\\/2013\\\/01\\\/revolution-tunisie-photo-Gnet.jpg\",\"contentUrl\":\"https:\\\/\\\/www.webdo.tn\\\/fr\\\/wp-content\\\/uploads\\\/2013\\\/01\\\/revolution-tunisie-photo-Gnet.jpg\",\"width\":267,\"height\":200,\"caption\":\"Deux ans apr\u00e8s la r\u00e9volution - P\u00e9trodollars pour Ennahdha, pr\u00e9carit\u00e9 pour le peuple\"},{\"@type\":\"BreadcrumbList\",\"@id\":\"https:\\\/\\\/www.webdo.tn\\\/fr\\\/actualite\\\/chroniques\\\/deux-ans-apres-la-revolution-petrodollars-pour-ennahdha-precarite-pour-le-peuple\\\/186841\\\/#breadcrumb\",\"itemListElement\":[{\"@type\":\"ListItem\",\"position\":1,\"name\":\"Accueil\",\"item\":\"https:\\\/\\\/www.webdo.tn\\\/fr\\\/\"},{\"@type\":\"ListItem\",\"position\":2,\"name\":\"Deux ans apr\u00e8s la r\u00e9volution &#8211; P\u00e9trodollars pour Ennahdha, pr\u00e9carit\u00e9 pour le peuple\"}]},{\"@type\":\"WebSite\",\"@id\":\"https:\\\/\\\/www.webdo.tn\\\/fr\\\/#website\",\"url\":\"https:\\\/\\\/www.webdo.tn\\\/fr\\\/\",\"name\":\"webdo\",\"description\":\"Tunisie - News en Tunisie et \u00e0 l&#039;international sur Webdo.tn\",\"publisher\":{\"@id\":\"https:\\\/\\\/www.webdo.tn\\\/fr\\\/#organization\"},\"potentialAction\":[{\"@type\":\"SearchAction\",\"target\":{\"@type\":\"EntryPoint\",\"urlTemplate\":\"https:\\\/\\\/www.webdo.tn\\\/fr\\\/?s={search_term_string}\"},\"query-input\":{\"@type\":\"PropertyValueSpecification\",\"valueRequired\":true,\"valueName\":\"search_term_string\"}}],\"inLanguage\":\"fr-FR\"},{\"@type\":\"Organization\",\"@id\":\"https:\\\/\\\/www.webdo.tn\\\/fr\\\/#organization\",\"name\":\"Webdo\",\"alternateName\":\"Webdo.tn\",\"url\":\"https:\\\/\\\/www.webdo.tn\\\/fr\\\/\",\"logo\":{\"@type\":\"ImageObject\",\"inLanguage\":\"fr-FR\",\"@id\":\"https:\\\/\\\/www.webdo.tn\\\/fr\\\/#\\\/schema\\\/logo\\\/image\\\/\",\"url\":\"https:\\\/\\\/www.webdo.tn\\\/fr\\\/wp-content\\\/uploads\\\/2025\\\/06\\\/Webdo-Tunisie_168377.jpg\",\"contentUrl\":\"https:\\\/\\\/www.webdo.tn\\\/fr\\\/wp-content\\\/uploads\\\/2025\\\/06\\\/Webdo-Tunisie_168377.jpg\",\"width\":301,\"height\":301,\"caption\":\"Webdo\"},\"image\":{\"@id\":\"https:\\\/\\\/www.webdo.tn\\\/fr\\\/#\\\/schema\\\/logo\\\/image\\\/\"},\"sameAs\":[\"https:\\\/\\\/www.facebook.com\\\/webdotn\",\"https:\\\/\\\/x.com\\\/webdo_tn\"],\"description\":\"Webdo est un m\u00e9dia num\u00e9rique tunisien fond\u00e9 en 2010, sp\u00e9cialis\u00e9 dans l\u2019actualit\u00e9 nationale et internationale, l\u2019\u00e9conomie, la soci\u00e9t\u00e9 et les analyses politiques. Le site s\u2019adresse \u00e0 un large public francophone et couvre l\u2019information tunisienne en temps r\u00e9el.\",\"email\":\"redac@webdo.tn\",\"legalName\":\"YNJ SARL\",\"foundingDate\":\"2010-09-06\",\"numberOfEmployees\":{\"@type\":\"QuantitativeValue\",\"minValue\":\"11\",\"maxValue\":\"50\"}},{\"@type\":\"Person\",\"@id\":\"https:\\\/\\\/www.webdo.tn\\\/fr\\\/#\\\/schema\\\/person\\\/6bc0beba2cd23aec27cb5df85ca2554f\",\"name\":\"Hatem Bourial\",\"image\":{\"@type\":\"ImageObject\",\"inLanguage\":\"fr-FR\",\"@id\":\"https:\\\/\\\/www.webdo.tn\\\/fr\\\/wp-content\\\/uploads\\\/2026\\\/04\\\/hatem-bourial_avatar-96x96.jpg\",\"url\":\"https:\\\/\\\/www.webdo.tn\\\/fr\\\/wp-content\\\/uploads\\\/2026\\\/04\\\/hatem-bourial_avatar-96x96.jpg\",\"contentUrl\":\"https:\\\/\\\/www.webdo.tn\\\/fr\\\/wp-content\\\/uploads\\\/2026\\\/04\\\/hatem-bourial_avatar-96x96.jpg\",\"caption\":\"Hatem Bourial\"},\"description\":\"Hatem Bourial est journaliste, \u00e9crivain et chroniqueur tunisien. Actif depuis plusieurs d\u00e9cennies, il s\u2019est impos\u00e9 comme un observateur attentif de la soci\u00e9t\u00e9 tunisienne, m\u00ealant dans ses \u00e9crits m\u00e9moire, culture et analyse du quotidien. Auteur de nombreux ouvrages, il d\u00e9veloppe une \u0153uvre \u00e0 la crois\u00e9e du r\u00e9cit, de la po\u00e9sie et de l\u2019observation sociologique. Parall\u00e8lement \u00e0 ses contributions dans la presse, il intervient r\u00e9guli\u00e8rement \u00e0 la radio et dans des espaces culturels, o\u00f9 il explore les enjeux li\u00e9s au patrimoine, \u00e0 l\u2019identit\u00e9 et aux transformations du monde contemporain. \u00c0 travers ses chroniques, Hatem Bourial propose une lecture sensible et approfondie de l\u2019actualit\u00e9, nourrie par une exp\u00e9rience journalistique et litt\u00e9raire reconnue. \ud83d\udd17 Facebook : https:\\\/\\\/www.facebook.com\\\/hatem.bourial.2025\",\"sameAs\":[\"https:\\\/\\\/www.facebook.com\\\/hatem.bourial.2025\",\"https:\\\/\\\/fr.wikipedia.org\\\/wiki\\\/Fichier:Hatem_Bourial.jpg\"],\"knowsAbout\":[\"Culture & patrimoine tunisien\",\"Chronique soci\u00e9tale\",\"Litt\u00e9rature & m\u00e9moire\",\"Cin\u00e9ma & critique culturelle\",\"Identit\u00e9 & mutations sociales\"],\"knowsLanguage\":[\"Arabe\",\"Fran\u00e7ais\",\"Anglais\",\"Italien\",\"Polonais\"],\"jobTitle\":\"Journaliste, \u00e9crivain et chroniqueur culturel\",\"worksFor\":\"Webdo\",\"url\":\"https:\\\/\\\/www.webdo.tn\\\/fr\\\/actualite\\\/author\\\/hatem-bourial-2\\\/\"}]}<\/script>\n<!-- \/ Yoast SEO Premium plugin. -->","yoast_head_json":{"title":"Deux ans apr\u00e8s la r\u00e9volution - P\u00e9trodollars pour Ennahdha, pr\u00e9carit\u00e9 pour le peuple","description":"Deux ans apr\u00e8s la r\u00e9volution - P\u00e9trodollars pour Ennahdha, pr\u00e9carit\u00e9 pour le peuple","canonical":"https:\/\/www.webdo.tn\/fr\/actualite\/chroniques\/deux-ans-apres-la-revolution-petrodollars-pour-ennahdha-precarite-pour-le-peuple\/186841\/","og_locale":"fr_FR","og_type":"article","og_title":"Deux ans apr\u00e8s la r\u00e9volution - P\u00e9trodollars pour Ennahdha, pr\u00e9carit\u00e9 pour le peuple","og_description":"Deux ans apr\u00e8s la r\u00e9volution - P\u00e9trodollars pour Ennahdha, pr\u00e9carit\u00e9 pour le peuple","og_url":"https:\/\/www.webdo.tn\/fr\/actualite\/chroniques\/deux-ans-apres-la-revolution-petrodollars-pour-ennahdha-precarite-pour-le-peuple\/186841\/","og_site_name":"webdo","article_publisher":"https:\/\/www.facebook.com\/webdotn","article_author":"https:\/\/www.facebook.com\/hatem.bourial.2025","article_published_time":"2013-01-11T15:26:00+00:00","article_modified_time":"2025-05-22T13:11:27+00:00","og_image":[{"width":267,"height":200,"url":"https:\/\/www.webdo.tn\/fr\/wp-content\/uploads\/2013\/01\/revolution-tunisie-photo-Gnet.jpg","type":"image\/jpeg"}],"author":"Hatem Bourial","twitter_card":"summary_large_image","twitter_creator":"@webdo_tn","twitter_site":"@webdo_tn","twitter_misc":{"\u00c9crit par":"Hatem Bourial","Dur\u00e9e de lecture estim\u00e9e":"2 minutes"},"schema":{"@context":"https:\/\/schema.org","@graph":[{"@type":"NewsArticle","@id":"https:\/\/www.webdo.tn\/fr\/actualite\/chroniques\/deux-ans-apres-la-revolution-petrodollars-pour-ennahdha-precarite-pour-le-peuple\/186841\/#article","isPartOf":{"@id":"https:\/\/www.webdo.tn\/fr\/actualite\/chroniques\/deux-ans-apres-la-revolution-petrodollars-pour-ennahdha-precarite-pour-le-peuple\/186841\/"},"author":{"name":"Hatem Bourial","@id":"https:\/\/www.webdo.tn\/fr\/#\/schema\/person\/6bc0beba2cd23aec27cb5df85ca2554f"},"headline":"Deux ans apr\u00e8s la r\u00e9volution &#8211; P\u00e9trodollars pour Ennahdha, pr\u00e9carit\u00e9 pour le peuple","datePublished":"2013-01-11T15:26:00+00:00","dateModified":"2025-05-22T13:11:27+00:00","mainEntityOfPage":{"@id":"https:\/\/www.webdo.tn\/fr\/actualite\/chroniques\/deux-ans-apres-la-revolution-petrodollars-pour-ennahdha-precarite-pour-le-peuple\/186841\/"},"wordCount":390,"commentCount":0,"publisher":{"@id":"https:\/\/www.webdo.tn\/fr\/#organization"},"image":{"@id":"https:\/\/www.webdo.tn\/fr\/actualite\/chroniques\/deux-ans-apres-la-revolution-petrodollars-pour-ennahdha-precarite-pour-le-peuple\/186841\/#primaryimage"},"thumbnailUrl":"https:\/\/www.webdo.tn\/fr\/wp-content\/uploads\/2013\/01\/revolution-tunisie-photo-Gnet.jpg","articleSection":["Chroniques"],"inLanguage":"fr-FR"},{"@type":"WebPage","@id":"https:\/\/www.webdo.tn\/fr\/actualite\/chroniques\/deux-ans-apres-la-revolution-petrodollars-pour-ennahdha-precarite-pour-le-peuple\/186841\/","url":"https:\/\/www.webdo.tn\/fr\/actualite\/chroniques\/deux-ans-apres-la-revolution-petrodollars-pour-ennahdha-precarite-pour-le-peuple\/186841\/","name":"Deux ans apr\u00e8s la r\u00e9volution - P\u00e9trodollars pour Ennahdha, pr\u00e9carit\u00e9 pour le peuple","isPartOf":{"@id":"https:\/\/www.webdo.tn\/fr\/#website"},"primaryImageOfPage":{"@id":"https:\/\/www.webdo.tn\/fr\/actualite\/chroniques\/deux-ans-apres-la-revolution-petrodollars-pour-ennahdha-precarite-pour-le-peuple\/186841\/#primaryimage"},"image":{"@id":"https:\/\/www.webdo.tn\/fr\/actualite\/chroniques\/deux-ans-apres-la-revolution-petrodollars-pour-ennahdha-precarite-pour-le-peuple\/186841\/#primaryimage"},"thumbnailUrl":"https:\/\/www.webdo.tn\/fr\/wp-content\/uploads\/2013\/01\/revolution-tunisie-photo-Gnet.jpg","datePublished":"2013-01-11T15:26:00+00:00","dateModified":"2025-05-22T13:11:27+00:00","description":"Deux ans apr\u00e8s la r\u00e9volution - P\u00e9trodollars pour Ennahdha, pr\u00e9carit\u00e9 pour le peuple","breadcrumb":{"@id":"https:\/\/www.webdo.tn\/fr\/actualite\/chroniques\/deux-ans-apres-la-revolution-petrodollars-pour-ennahdha-precarite-pour-le-peuple\/186841\/#breadcrumb"},"inLanguage":"fr-FR","potentialAction":[{"@type":"ReadAction","target":["https:\/\/www.webdo.tn\/fr\/actualite\/chroniques\/deux-ans-apres-la-revolution-petrodollars-pour-ennahdha-precarite-pour-le-peuple\/186841\/"]}]},{"@type":"ImageObject","inLanguage":"fr-FR","@id":"https:\/\/www.webdo.tn\/fr\/actualite\/chroniques\/deux-ans-apres-la-revolution-petrodollars-pour-ennahdha-precarite-pour-le-peuple\/186841\/#primaryimage","url":"https:\/\/www.webdo.tn\/fr\/wp-content\/uploads\/2013\/01\/revolution-tunisie-photo-Gnet.jpg","contentUrl":"https:\/\/www.webdo.tn\/fr\/wp-content\/uploads\/2013\/01\/revolution-tunisie-photo-Gnet.jpg","width":267,"height":200,"caption":"Deux ans apr\u00e8s la r\u00e9volution - P\u00e9trodollars pour Ennahdha, pr\u00e9carit\u00e9 pour le peuple"},{"@type":"BreadcrumbList","@id":"https:\/\/www.webdo.tn\/fr\/actualite\/chroniques\/deux-ans-apres-la-revolution-petrodollars-pour-ennahdha-precarite-pour-le-peuple\/186841\/#breadcrumb","itemListElement":[{"@type":"ListItem","position":1,"name":"Accueil","item":"https:\/\/www.webdo.tn\/fr\/"},{"@type":"ListItem","position":2,"name":"Deux ans apr\u00e8s la r\u00e9volution &#8211; P\u00e9trodollars pour Ennahdha, pr\u00e9carit\u00e9 pour le peuple"}]},{"@type":"WebSite","@id":"https:\/\/www.webdo.tn\/fr\/#website","url":"https:\/\/www.webdo.tn\/fr\/","name":"webdo","description":"Tunisie - News en Tunisie et \u00e0 l&#039;international sur Webdo.tn","publisher":{"@id":"https:\/\/www.webdo.tn\/fr\/#organization"},"potentialAction":[{"@type":"SearchAction","target":{"@type":"EntryPoint","urlTemplate":"https:\/\/www.webdo.tn\/fr\/?s={search_term_string}"},"query-input":{"@type":"PropertyValueSpecification","valueRequired":true,"valueName":"search_term_string"}}],"inLanguage":"fr-FR"},{"@type":"Organization","@id":"https:\/\/www.webdo.tn\/fr\/#organization","name":"Webdo","alternateName":"Webdo.tn","url":"https:\/\/www.webdo.tn\/fr\/","logo":{"@type":"ImageObject","inLanguage":"fr-FR","@id":"https:\/\/www.webdo.tn\/fr\/#\/schema\/logo\/image\/","url":"https:\/\/www.webdo.tn\/fr\/wp-content\/uploads\/2025\/06\/Webdo-Tunisie_168377.jpg","contentUrl":"https:\/\/www.webdo.tn\/fr\/wp-content\/uploads\/2025\/06\/Webdo-Tunisie_168377.jpg","width":301,"height":301,"caption":"Webdo"},"image":{"@id":"https:\/\/www.webdo.tn\/fr\/#\/schema\/logo\/image\/"},"sameAs":["https:\/\/www.facebook.com\/webdotn","https:\/\/x.com\/webdo_tn"],"description":"Webdo est un m\u00e9dia num\u00e9rique tunisien fond\u00e9 en 2010, sp\u00e9cialis\u00e9 dans l\u2019actualit\u00e9 nationale et internationale, l\u2019\u00e9conomie, la soci\u00e9t\u00e9 et les analyses politiques. Le site s\u2019adresse \u00e0 un large public francophone et couvre l\u2019information tunisienne en temps r\u00e9el.","email":"redac@webdo.tn","legalName":"YNJ SARL","foundingDate":"2010-09-06","numberOfEmployees":{"@type":"QuantitativeValue","minValue":"11","maxValue":"50"}},{"@type":"Person","@id":"https:\/\/www.webdo.tn\/fr\/#\/schema\/person\/6bc0beba2cd23aec27cb5df85ca2554f","name":"Hatem Bourial","image":{"@type":"ImageObject","inLanguage":"fr-FR","@id":"https:\/\/www.webdo.tn\/fr\/wp-content\/uploads\/2026\/04\/hatem-bourial_avatar-96x96.jpg","url":"https:\/\/www.webdo.tn\/fr\/wp-content\/uploads\/2026\/04\/hatem-bourial_avatar-96x96.jpg","contentUrl":"https:\/\/www.webdo.tn\/fr\/wp-content\/uploads\/2026\/04\/hatem-bourial_avatar-96x96.jpg","caption":"Hatem Bourial"},"description":"Hatem Bourial est journaliste, \u00e9crivain et chroniqueur tunisien. Actif depuis plusieurs d\u00e9cennies, il s\u2019est impos\u00e9 comme un observateur attentif de la soci\u00e9t\u00e9 tunisienne, m\u00ealant dans ses \u00e9crits m\u00e9moire, culture et analyse du quotidien. Auteur de nombreux ouvrages, il d\u00e9veloppe une \u0153uvre \u00e0 la crois\u00e9e du r\u00e9cit, de la po\u00e9sie et de l\u2019observation sociologique. Parall\u00e8lement \u00e0 ses contributions dans la presse, il intervient r\u00e9guli\u00e8rement \u00e0 la radio et dans des espaces culturels, o\u00f9 il explore les enjeux li\u00e9s au patrimoine, \u00e0 l\u2019identit\u00e9 et aux transformations du monde contemporain. \u00c0 travers ses chroniques, Hatem Bourial propose une lecture sensible et approfondie de l\u2019actualit\u00e9, nourrie par une exp\u00e9rience journalistique et litt\u00e9raire reconnue. \ud83d\udd17 Facebook : https:\/\/www.facebook.com\/hatem.bourial.2025","sameAs":["https:\/\/www.facebook.com\/hatem.bourial.2025","https:\/\/fr.wikipedia.org\/wiki\/Fichier:Hatem_Bourial.jpg"],"knowsAbout":["Culture & patrimoine tunisien","Chronique soci\u00e9tale","Litt\u00e9rature & m\u00e9moire","Cin\u00e9ma & critique culturelle","Identit\u00e9 & mutations sociales"],"knowsLanguage":["Arabe","Fran\u00e7ais","Anglais","Italien","Polonais"],"jobTitle":"Journaliste, \u00e9crivain et chroniqueur culturel","worksFor":"Webdo","url":"https:\/\/www.webdo.tn\/fr\/actualite\/author\/hatem-bourial-2\/"}]}},"_links":{"self":[{"href":"https:\/\/www.webdo.tn\/fr\/wp-json\/wp\/v2\/posts\/186841","targetHints":{"allow":["GET"]}}],"collection":[{"href":"https:\/\/www.webdo.tn\/fr\/wp-json\/wp\/v2\/posts"}],"about":[{"href":"https:\/\/www.webdo.tn\/fr\/wp-json\/wp\/v2\/types\/post"}],"author":[{"embeddable":true,"href":"https:\/\/www.webdo.tn\/fr\/wp-json\/wp\/v2\/users\/3229"}],"replies":[{"embeddable":true,"href":"https:\/\/www.webdo.tn\/fr\/wp-json\/wp\/v2\/comments?post=186841"}],"version-history":[{"count":0,"href":"https:\/\/www.webdo.tn\/fr\/wp-json\/wp\/v2\/posts\/186841\/revisions"}],"wp:featuredmedia":[{"embeddable":true,"href":"https:\/\/www.webdo.tn\/fr\/wp-json\/wp\/v2\/media\/333156"}],"wp:attachment":[{"href":"https:\/\/www.webdo.tn\/fr\/wp-json\/wp\/v2\/media?parent=186841"}],"wp:term":[{"taxonomy":"category","embeddable":true,"href":"https:\/\/www.webdo.tn\/fr\/wp-json\/wp\/v2\/categories?post=186841"},{"taxonomy":"post_tag","embeddable":true,"href":"https:\/\/www.webdo.tn\/fr\/wp-json\/wp\/v2\/tags?post=186841"}],"curies":[{"name":"wp","href":"https:\/\/api.w.org\/{rel}","templated":true}]}}