{"id":186840,"date":"2012-12-08T14:24:00","date_gmt":"2012-12-08T14:24:00","guid":{"rendered":"https:\/\/www.webdo.tn\/fr\/blog\/le-billet-de-hatem-bourial-voici-la-depouille-de-letat-bourguibien\/186840\/"},"modified":"2012-12-08T14:24:00","modified_gmt":"2012-12-08T14:24:00","slug":"le-billet-de-hatem-bourial-voici-la-depouille-de-letat-bourguibien","status":"publish","type":"post","link":"https:\/\/www.webdo.tn\/fr\/actualite\/chroniques\/le-billet-de-hatem-bourial-voici-la-depouille-de-letat-bourguibien\/186840\/","title":{"rendered":"Le billet de Hatem Bourial &#8211; \u00ab Voici la d\u00e9pouille de l\u2019\u00c9tat bourguibien \u00bb"},"content":{"rendered":"<p>Rien de nouveau sous le p\u00e2le soleil de ce d\u00e9but d\u2019hiver. Alors que montent les surench\u00e8res, le petit peuple continue, meurtri et profond\u00e9ment d\u00e9\u00e7u, \u00e0 observer ceux qui d\u00e9sormais repr\u00e9sentent la classe politique.<\/p>\n<p>Faut-il se condamner \u00e0 commenter, jusqu\u2019\u00e0 la naus\u00e9e, les gesticulations des uns, les menaces de autres et la fuite en avant de ceux qui, en deux ans, sont en train de d\u00e9truire l\u2019\u00e9difice (social, culturel et politique) construit par trois g\u00e9n\u00e9rations de Tunisiens.<\/p>\n<p>J\u2019ai fait depuis quelques semaines le choix de ne pas entrer dans cette danse macabre sur le cadavre vif de la Tunisie telle que nous la croyions \u00e9ternelle.<br \/>\nDepuis quelques semaines, je pr\u00e9f\u00e8re me taire, parler d\u2019autre chose, regarder ailleurs que dans la direction de ces politiciens qui n\u2019h\u00e9sitent plus \u00e0 devenir criminels lorsqu\u2019il s\u2019agit de souiller le drapeau tunisien et l\u2019honneur de notre pays.<\/p>\n<p>Est-ce mon r\u00f4le de commenter une actualit\u00e9 politique qui envahit tout ? Est-ce mon devoir de d\u00e9noncer cette imp\u00e9ritie des politiciens, visible \u00e0 l\u2019\u0153il nu ? Est-ce faire preuve de l\u00e2chet\u00e9 que de ne pas participer au tohu-bohu m\u00e9diatique qui creuse la tombe d\u2019une Tunisie que j\u2019ai au c\u0153ur ?<\/p>\n<p>Je ne le crois pas. Au contraire, j\u2019esp\u00e8re faire preuve de lucidit\u00e9 en ne transformant pas le d\u00e9risoire en spectaculaire et en tentant de comprendre avant de hurler. M\u00eame si l\u2019heure est plut\u00f4t aux vocif\u00e9rations de toutes sortes\u2026<\/p>\n<p>Les islamistes apportent chaque jour la preuve que tout ce qui int\u00e9resse leur parti n\u2019a rien \u00e0 voir avec le d\u00e9veloppement du pays, ni m\u00eame son ind\u00e9pendance.<\/p>\n<p>Ce que cherchent n\u00e9vrotiquement les islamistes au pouvoir, c\u2019est seulement \u00e0 en finir avec l\u2019h\u00e9ritage destourien et la\u00efque de la Tunisie.<\/p>\n<p>Tout ce qu\u2019ils veulent, quitte \u00e0 d\u00e9truire le pays, c\u2019est remettre \u00e0 leurs militants la d\u00e9pouille symbolique de l\u2019\u00c9tat bourguibien qu\u2019ils voient comme leur ennemi supr\u00eame.<\/p>\n<p>Ce faisant, ils ont rat\u00e9 tous leurs rendez-vous avec l\u2019histoire depuis leur \u00e9lection en octobre 2011. Au lieu de combler les in\u00e9galit\u00e9s, ils se sont comport\u00e9s en privil\u00e9gi\u00e9s. Au lieu de r\u00e9pondre aux attentes populaires, ils ont d\u00e9ploy\u00e9 leur agenda d\u2019islamisation par la menace.<\/p>\n<p>Consid\u00e9rant que la dissolution du RCD entrainait leur main-mise de fait sur le pays, ils se sont comport\u00e9s en graines de dictateurs face \u00e0 tout ce qui pouvait leur r\u00e9sister, mettant dans le m\u00eame sac contre-r\u00e9volutionnaire, presse libre, opposition radicale ou la\u00efque, mouvements sociaux et syndicats.<\/p>\n<p>Qu\u2019on ne s\u2019y trompe pas : le silence d\u2019une majorit\u00e9 de Tunisiens ne signifie pas qu\u2019ils laisseront faire. Le moment voulu, toutes les d\u00e9rives seront sanctionn\u00e9es par le verdict des urnes.<\/p>\n<p>Cela, les tenants du parti islamiste le sentent confus\u00e9ment. Int\u00e9grant la perspective d\u2019une prochaine d\u00e9faite \u00e9lectorale , ils haussent le ton et entrainent le pays dans le cercle vicieux de toutes sortes de confrontations.<\/p>\n<p>Ce faisant, ils renvoient aux calendes grecques les priorit\u00e9s politiques et les urgences \u00e9conomiques et sociales qu\u2019ils \u00e9taient sens\u00e9s r\u00e9soudre apr\u00e8s leur \u00e9lection.<\/p>\n<p>Au fond, les \u00e9lections du 23 octobre 2011 n\u2019auront pas servi \u00e0 grand-chose. Le peuple en attendait beaucoup, mais les politiciens ont trahi les promesses faites aux \u00e9lecteurs, perdant leur l\u00e9gitimit\u00e9 et un temps pr\u00e9cieux.<\/p>\n<p>Devant la d\u00e9bandade qui nous guette, il est temps de remettre les pendules \u00e0 l\u2019heure. F\u00fbt-elle celle de Bourguiba, en attendant le retour \u00e0 la dignit\u00e9 oubli\u00e9e&#8230;<\/p>\n","protected":false},"excerpt":{"rendered":"<p>Le billet de Hatem Bourial &#8211; \u00ab Voici la d\u00e9pouille de l\u2019\u00c9tat bourguibien \u00bb<\/p>\n","protected":false},"author":3229,"featured_media":333250,"comment_status":"open","ping_status":"closed","sticky":false,"template":"","format":"standard","meta":{"footnotes":""},"categories":[2596],"tags":[2600],"class_list":["post-186840","post","type-post","status-publish","format-standard","has-post-thumbnail","hentry","category-chroniques","tag-guerre"],"yoast_head":"<!-- This site is optimized with the Yoast SEO Premium plugin v27.5 (Yoast SEO v27.5) - https:\/\/yoast.com\/product\/yoast-seo-premium-wordpress\/ -->\n<title>Le billet de Hatem Bourial - \u00ab Voici la d\u00e9pouille de l\u2019\u00c9tat bourguibien \u00bb<\/title>\n<meta name=\"description\" content=\"Le billet de Hatem Bourial - \u00ab Voici la d\u00e9pouille de l\u2019\u00c9tat bourguibien \u00bb\" \/>\n<link rel=\"canonical\" href=\"https:\/\/www.webdo.tn\/fr\/actualite\/chroniques\/le-billet-de-hatem-bourial-voici-la-depouille-de-letat-bourguibien\/186840\/\" \/>\n<meta property=\"og:locale\" content=\"fr_FR\" \/>\n<meta property=\"og:type\" content=\"article\" \/>\n<meta property=\"og:title\" content=\"Le billet de Hatem Bourial - \u00ab Voici la d\u00e9pouille de l\u2019\u00c9tat bourguibien \u00bb\" \/>\n<meta property=\"og:description\" content=\"Le billet de Hatem Bourial - \u00ab Voici la d\u00e9pouille de l\u2019\u00c9tat bourguibien \u00bb\" \/>\n<meta property=\"og:url\" content=\"https:\/\/www.webdo.tn\/fr\/actualite\/chroniques\/le-billet-de-hatem-bourial-voici-la-depouille-de-letat-bourguibien\/186840\/\" \/>\n<meta property=\"og:site_name\" content=\"webdo\" \/>\n<meta property=\"article:publisher\" content=\"https:\/\/www.facebook.com\/webdotn\" \/>\n<meta property=\"article:author\" content=\"https:\/\/www.facebook.com\/hatem.bourial.2025\" \/>\n<meta property=\"article:published_time\" content=\"2012-12-08T14:24:00+00:00\" \/>\n<meta property=\"og:image\" content=\"https:\/\/www.webdo.tn\/fr\/wp-content\/uploads\/2012\/12\/Bourguiba.jpg\" \/>\n\t<meta property=\"og:image:width\" content=\"241\" \/>\n\t<meta property=\"og:image:height\" content=\"300\" \/>\n\t<meta property=\"og:image:type\" content=\"image\/jpeg\" \/>\n<meta name=\"author\" content=\"Hatem Bourial\" \/>\n<meta name=\"twitter:card\" content=\"summary_large_image\" \/>\n<meta name=\"twitter:creator\" content=\"@webdo_tn\" \/>\n<meta name=\"twitter:site\" content=\"@webdo_tn\" \/>\n<meta name=\"twitter:label1\" content=\"\u00c9crit par\" \/>\n\t<meta name=\"twitter:data1\" content=\"Hatem Bourial\" \/>\n\t<meta name=\"twitter:label2\" content=\"Dur\u00e9e de lecture estim\u00e9e\" \/>\n\t<meta name=\"twitter:data2\" content=\"3 minutes\" \/>\n<script type=\"application\/ld+json\" class=\"yoast-schema-graph\">{\"@context\":\"https:\\\/\\\/schema.org\",\"@graph\":[{\"@type\":\"NewsArticle\",\"@id\":\"https:\\\/\\\/www.webdo.tn\\\/fr\\\/actualite\\\/chroniques\\\/le-billet-de-hatem-bourial-voici-la-depouille-de-letat-bourguibien\\\/186840\\\/#article\",\"isPartOf\":{\"@id\":\"https:\\\/\\\/www.webdo.tn\\\/fr\\\/actualite\\\/chroniques\\\/le-billet-de-hatem-bourial-voici-la-depouille-de-letat-bourguibien\\\/186840\\\/\"},\"author\":{\"name\":\"Hatem Bourial\",\"@id\":\"https:\\\/\\\/www.webdo.tn\\\/fr\\\/#\\\/schema\\\/person\\\/6bc0beba2cd23aec27cb5df85ca2554f\"},\"headline\":\"Le billet de Hatem Bourial &#8211; \u00ab Voici la d\u00e9pouille de l\u2019\u00c9tat bourguibien \u00bb\",\"datePublished\":\"2012-12-08T14:24:00+00:00\",\"mainEntityOfPage\":{\"@id\":\"https:\\\/\\\/www.webdo.tn\\\/fr\\\/actualite\\\/chroniques\\\/le-billet-de-hatem-bourial-voici-la-depouille-de-letat-bourguibien\\\/186840\\\/\"},\"wordCount\":629,\"commentCount\":0,\"publisher\":{\"@id\":\"https:\\\/\\\/www.webdo.tn\\\/fr\\\/#organization\"},\"image\":{\"@id\":\"https:\\\/\\\/www.webdo.tn\\\/fr\\\/actualite\\\/chroniques\\\/le-billet-de-hatem-bourial-voici-la-depouille-de-letat-bourguibien\\\/186840\\\/#primaryimage\"},\"thumbnailUrl\":\"https:\\\/\\\/www.webdo.tn\\\/fr\\\/wp-content\\\/uploads\\\/2012\\\/12\\\/Bourguiba.jpg\",\"keywords\":[\"guerre\"],\"articleSection\":[\"Chroniques\"],\"inLanguage\":\"fr-FR\"},{\"@type\":\"WebPage\",\"@id\":\"https:\\\/\\\/www.webdo.tn\\\/fr\\\/actualite\\\/chroniques\\\/le-billet-de-hatem-bourial-voici-la-depouille-de-letat-bourguibien\\\/186840\\\/\",\"url\":\"https:\\\/\\\/www.webdo.tn\\\/fr\\\/actualite\\\/chroniques\\\/le-billet-de-hatem-bourial-voici-la-depouille-de-letat-bourguibien\\\/186840\\\/\",\"name\":\"Le billet de Hatem Bourial - \u00ab Voici la d\u00e9pouille de l\u2019\u00c9tat bourguibien \u00bb\",\"isPartOf\":{\"@id\":\"https:\\\/\\\/www.webdo.tn\\\/fr\\\/#website\"},\"primaryImageOfPage\":{\"@id\":\"https:\\\/\\\/www.webdo.tn\\\/fr\\\/actualite\\\/chroniques\\\/le-billet-de-hatem-bourial-voici-la-depouille-de-letat-bourguibien\\\/186840\\\/#primaryimage\"},\"image\":{\"@id\":\"https:\\\/\\\/www.webdo.tn\\\/fr\\\/actualite\\\/chroniques\\\/le-billet-de-hatem-bourial-voici-la-depouille-de-letat-bourguibien\\\/186840\\\/#primaryimage\"},\"thumbnailUrl\":\"https:\\\/\\\/www.webdo.tn\\\/fr\\\/wp-content\\\/uploads\\\/2012\\\/12\\\/Bourguiba.jpg\",\"datePublished\":\"2012-12-08T14:24:00+00:00\",\"description\":\"Le billet de Hatem Bourial - \u00ab Voici la d\u00e9pouille de l\u2019\u00c9tat bourguibien \u00bb\",\"breadcrumb\":{\"@id\":\"https:\\\/\\\/www.webdo.tn\\\/fr\\\/actualite\\\/chroniques\\\/le-billet-de-hatem-bourial-voici-la-depouille-de-letat-bourguibien\\\/186840\\\/#breadcrumb\"},\"inLanguage\":\"fr-FR\",\"potentialAction\":[{\"@type\":\"ReadAction\",\"target\":[\"https:\\\/\\\/www.webdo.tn\\\/fr\\\/actualite\\\/chroniques\\\/le-billet-de-hatem-bourial-voici-la-depouille-de-letat-bourguibien\\\/186840\\\/\"]}]},{\"@type\":\"ImageObject\",\"inLanguage\":\"fr-FR\",\"@id\":\"https:\\\/\\\/www.webdo.tn\\\/fr\\\/actualite\\\/chroniques\\\/le-billet-de-hatem-bourial-voici-la-depouille-de-letat-bourguibien\\\/186840\\\/#primaryimage\",\"url\":\"https:\\\/\\\/www.webdo.tn\\\/fr\\\/wp-content\\\/uploads\\\/2012\\\/12\\\/Bourguiba.jpg\",\"contentUrl\":\"https:\\\/\\\/www.webdo.tn\\\/fr\\\/wp-content\\\/uploads\\\/2012\\\/12\\\/Bourguiba.jpg\",\"width\":241,\"height\":300,\"caption\":\"Le billet de Hatem Bourial - \u00ab Voici la d\u00e9pouille de l\u2019\u00c9tat bourguibien \u00bb\"},{\"@type\":\"BreadcrumbList\",\"@id\":\"https:\\\/\\\/www.webdo.tn\\\/fr\\\/actualite\\\/chroniques\\\/le-billet-de-hatem-bourial-voici-la-depouille-de-letat-bourguibien\\\/186840\\\/#breadcrumb\",\"itemListElement\":[{\"@type\":\"ListItem\",\"position\":1,\"name\":\"Accueil\",\"item\":\"https:\\\/\\\/www.webdo.tn\\\/fr\\\/\"},{\"@type\":\"ListItem\",\"position\":2,\"name\":\"Le billet de Hatem Bourial &#8211; \u00ab Voici la d\u00e9pouille de l\u2019\u00c9tat bourguibien \u00bb\"}]},{\"@type\":\"WebSite\",\"@id\":\"https:\\\/\\\/www.webdo.tn\\\/fr\\\/#website\",\"url\":\"https:\\\/\\\/www.webdo.tn\\\/fr\\\/\",\"name\":\"webdo\",\"description\":\"Tunisie - News en Tunisie et \u00e0 l&#039;international sur Webdo.tn\",\"publisher\":{\"@id\":\"https:\\\/\\\/www.webdo.tn\\\/fr\\\/#organization\"},\"potentialAction\":[{\"@type\":\"SearchAction\",\"target\":{\"@type\":\"EntryPoint\",\"urlTemplate\":\"https:\\\/\\\/www.webdo.tn\\\/fr\\\/?s={search_term_string}\"},\"query-input\":{\"@type\":\"PropertyValueSpecification\",\"valueRequired\":true,\"valueName\":\"search_term_string\"}}],\"inLanguage\":\"fr-FR\"},{\"@type\":\"Organization\",\"@id\":\"https:\\\/\\\/www.webdo.tn\\\/fr\\\/#organization\",\"name\":\"Webdo\",\"alternateName\":\"Webdo.tn\",\"url\":\"https:\\\/\\\/www.webdo.tn\\\/fr\\\/\",\"logo\":{\"@type\":\"ImageObject\",\"inLanguage\":\"fr-FR\",\"@id\":\"https:\\\/\\\/www.webdo.tn\\\/fr\\\/#\\\/schema\\\/logo\\\/image\\\/\",\"url\":\"https:\\\/\\\/www.webdo.tn\\\/fr\\\/wp-content\\\/uploads\\\/2025\\\/06\\\/Webdo-Tunisie_168377.jpg\",\"contentUrl\":\"https:\\\/\\\/www.webdo.tn\\\/fr\\\/wp-content\\\/uploads\\\/2025\\\/06\\\/Webdo-Tunisie_168377.jpg\",\"width\":301,\"height\":301,\"caption\":\"Webdo\"},\"image\":{\"@id\":\"https:\\\/\\\/www.webdo.tn\\\/fr\\\/#\\\/schema\\\/logo\\\/image\\\/\"},\"sameAs\":[\"https:\\\/\\\/www.facebook.com\\\/webdotn\",\"https:\\\/\\\/x.com\\\/webdo_tn\"],\"description\":\"Webdo est un m\u00e9dia num\u00e9rique tunisien fond\u00e9 en 2010, sp\u00e9cialis\u00e9 dans l\u2019actualit\u00e9 nationale et internationale, l\u2019\u00e9conomie, la soci\u00e9t\u00e9 et les analyses politiques. Le site s\u2019adresse \u00e0 un large public francophone et couvre l\u2019information tunisienne en temps r\u00e9el.\",\"email\":\"redac@webdo.tn\",\"legalName\":\"YNJ SARL\",\"foundingDate\":\"2010-09-06\",\"numberOfEmployees\":{\"@type\":\"QuantitativeValue\",\"minValue\":\"11\",\"maxValue\":\"50\"}},{\"@type\":\"Person\",\"@id\":\"https:\\\/\\\/www.webdo.tn\\\/fr\\\/#\\\/schema\\\/person\\\/6bc0beba2cd23aec27cb5df85ca2554f\",\"name\":\"Hatem Bourial\",\"image\":{\"@type\":\"ImageObject\",\"inLanguage\":\"fr-FR\",\"@id\":\"https:\\\/\\\/www.webdo.tn\\\/fr\\\/wp-content\\\/uploads\\\/2026\\\/04\\\/hatem-bourial_avatar-96x96.jpg\",\"url\":\"https:\\\/\\\/www.webdo.tn\\\/fr\\\/wp-content\\\/uploads\\\/2026\\\/04\\\/hatem-bourial_avatar-96x96.jpg\",\"contentUrl\":\"https:\\\/\\\/www.webdo.tn\\\/fr\\\/wp-content\\\/uploads\\\/2026\\\/04\\\/hatem-bourial_avatar-96x96.jpg\",\"caption\":\"Hatem Bourial\"},\"description\":\"Hatem Bourial est journaliste, \u00e9crivain et chroniqueur tunisien. Actif depuis plusieurs d\u00e9cennies, il s\u2019est impos\u00e9 comme un observateur attentif de la soci\u00e9t\u00e9 tunisienne, m\u00ealant dans ses \u00e9crits m\u00e9moire, culture et analyse du quotidien. Auteur de nombreux ouvrages, il d\u00e9veloppe une \u0153uvre \u00e0 la crois\u00e9e du r\u00e9cit, de la po\u00e9sie et de l\u2019observation sociologique. Parall\u00e8lement \u00e0 ses contributions dans la presse, il intervient r\u00e9guli\u00e8rement \u00e0 la radio et dans des espaces culturels, o\u00f9 il explore les enjeux li\u00e9s au patrimoine, \u00e0 l\u2019identit\u00e9 et aux transformations du monde contemporain. \u00c0 travers ses chroniques, Hatem Bourial propose une lecture sensible et approfondie de l\u2019actualit\u00e9, nourrie par une exp\u00e9rience journalistique et litt\u00e9raire reconnue. \ud83d\udd17 Facebook : https:\\\/\\\/www.facebook.com\\\/hatem.bourial.2025\",\"sameAs\":[\"https:\\\/\\\/www.facebook.com\\\/hatem.bourial.2025\",\"https:\\\/\\\/fr.wikipedia.org\\\/wiki\\\/Fichier:Hatem_Bourial.jpg\"],\"knowsAbout\":[\"Culture & patrimoine tunisien\",\"Chronique soci\u00e9tale\",\"Litt\u00e9rature & m\u00e9moire\",\"Cin\u00e9ma & critique culturelle\",\"Identit\u00e9 & mutations sociales\"],\"knowsLanguage\":[\"Arabe\",\"Fran\u00e7ais\",\"Anglais\",\"Italien\",\"Polonais\"],\"jobTitle\":\"Journaliste, \u00e9crivain et chroniqueur culturel\",\"worksFor\":\"Webdo\",\"url\":\"https:\\\/\\\/www.webdo.tn\\\/fr\\\/actualite\\\/author\\\/hatem-bourial-2\\\/\"}]}<\/script>\n<!-- \/ Yoast SEO Premium plugin. -->","yoast_head_json":{"title":"Le billet de Hatem Bourial - \u00ab Voici la d\u00e9pouille de l\u2019\u00c9tat bourguibien \u00bb","description":"Le billet de Hatem Bourial - \u00ab Voici la d\u00e9pouille de l\u2019\u00c9tat bourguibien \u00bb","canonical":"https:\/\/www.webdo.tn\/fr\/actualite\/chroniques\/le-billet-de-hatem-bourial-voici-la-depouille-de-letat-bourguibien\/186840\/","og_locale":"fr_FR","og_type":"article","og_title":"Le billet de Hatem Bourial - \u00ab Voici la d\u00e9pouille de l\u2019\u00c9tat bourguibien \u00bb","og_description":"Le billet de Hatem Bourial - \u00ab Voici la d\u00e9pouille de l\u2019\u00c9tat bourguibien \u00bb","og_url":"https:\/\/www.webdo.tn\/fr\/actualite\/chroniques\/le-billet-de-hatem-bourial-voici-la-depouille-de-letat-bourguibien\/186840\/","og_site_name":"webdo","article_publisher":"https:\/\/www.facebook.com\/webdotn","article_author":"https:\/\/www.facebook.com\/hatem.bourial.2025","article_published_time":"2012-12-08T14:24:00+00:00","og_image":[{"width":241,"height":300,"url":"https:\/\/www.webdo.tn\/fr\/wp-content\/uploads\/2012\/12\/Bourguiba.jpg","type":"image\/jpeg"}],"author":"Hatem Bourial","twitter_card":"summary_large_image","twitter_creator":"@webdo_tn","twitter_site":"@webdo_tn","twitter_misc":{"\u00c9crit par":"Hatem Bourial","Dur\u00e9e de lecture estim\u00e9e":"3 minutes"},"schema":{"@context":"https:\/\/schema.org","@graph":[{"@type":"NewsArticle","@id":"https:\/\/www.webdo.tn\/fr\/actualite\/chroniques\/le-billet-de-hatem-bourial-voici-la-depouille-de-letat-bourguibien\/186840\/#article","isPartOf":{"@id":"https:\/\/www.webdo.tn\/fr\/actualite\/chroniques\/le-billet-de-hatem-bourial-voici-la-depouille-de-letat-bourguibien\/186840\/"},"author":{"name":"Hatem Bourial","@id":"https:\/\/www.webdo.tn\/fr\/#\/schema\/person\/6bc0beba2cd23aec27cb5df85ca2554f"},"headline":"Le billet de Hatem Bourial &#8211; \u00ab Voici la d\u00e9pouille de l\u2019\u00c9tat bourguibien \u00bb","datePublished":"2012-12-08T14:24:00+00:00","mainEntityOfPage":{"@id":"https:\/\/www.webdo.tn\/fr\/actualite\/chroniques\/le-billet-de-hatem-bourial-voici-la-depouille-de-letat-bourguibien\/186840\/"},"wordCount":629,"commentCount":0,"publisher":{"@id":"https:\/\/www.webdo.tn\/fr\/#organization"},"image":{"@id":"https:\/\/www.webdo.tn\/fr\/actualite\/chroniques\/le-billet-de-hatem-bourial-voici-la-depouille-de-letat-bourguibien\/186840\/#primaryimage"},"thumbnailUrl":"https:\/\/www.webdo.tn\/fr\/wp-content\/uploads\/2012\/12\/Bourguiba.jpg","keywords":["guerre"],"articleSection":["Chroniques"],"inLanguage":"fr-FR"},{"@type":"WebPage","@id":"https:\/\/www.webdo.tn\/fr\/actualite\/chroniques\/le-billet-de-hatem-bourial-voici-la-depouille-de-letat-bourguibien\/186840\/","url":"https:\/\/www.webdo.tn\/fr\/actualite\/chroniques\/le-billet-de-hatem-bourial-voici-la-depouille-de-letat-bourguibien\/186840\/","name":"Le billet de Hatem Bourial - \u00ab Voici la d\u00e9pouille de l\u2019\u00c9tat bourguibien \u00bb","isPartOf":{"@id":"https:\/\/www.webdo.tn\/fr\/#website"},"primaryImageOfPage":{"@id":"https:\/\/www.webdo.tn\/fr\/actualite\/chroniques\/le-billet-de-hatem-bourial-voici-la-depouille-de-letat-bourguibien\/186840\/#primaryimage"},"image":{"@id":"https:\/\/www.webdo.tn\/fr\/actualite\/chroniques\/le-billet-de-hatem-bourial-voici-la-depouille-de-letat-bourguibien\/186840\/#primaryimage"},"thumbnailUrl":"https:\/\/www.webdo.tn\/fr\/wp-content\/uploads\/2012\/12\/Bourguiba.jpg","datePublished":"2012-12-08T14:24:00+00:00","description":"Le billet de Hatem Bourial - \u00ab Voici la d\u00e9pouille de l\u2019\u00c9tat bourguibien \u00bb","breadcrumb":{"@id":"https:\/\/www.webdo.tn\/fr\/actualite\/chroniques\/le-billet-de-hatem-bourial-voici-la-depouille-de-letat-bourguibien\/186840\/#breadcrumb"},"inLanguage":"fr-FR","potentialAction":[{"@type":"ReadAction","target":["https:\/\/www.webdo.tn\/fr\/actualite\/chroniques\/le-billet-de-hatem-bourial-voici-la-depouille-de-letat-bourguibien\/186840\/"]}]},{"@type":"ImageObject","inLanguage":"fr-FR","@id":"https:\/\/www.webdo.tn\/fr\/actualite\/chroniques\/le-billet-de-hatem-bourial-voici-la-depouille-de-letat-bourguibien\/186840\/#primaryimage","url":"https:\/\/www.webdo.tn\/fr\/wp-content\/uploads\/2012\/12\/Bourguiba.jpg","contentUrl":"https:\/\/www.webdo.tn\/fr\/wp-content\/uploads\/2012\/12\/Bourguiba.jpg","width":241,"height":300,"caption":"Le billet de Hatem Bourial - \u00ab Voici la d\u00e9pouille de l\u2019\u00c9tat bourguibien \u00bb"},{"@type":"BreadcrumbList","@id":"https:\/\/www.webdo.tn\/fr\/actualite\/chroniques\/le-billet-de-hatem-bourial-voici-la-depouille-de-letat-bourguibien\/186840\/#breadcrumb","itemListElement":[{"@type":"ListItem","position":1,"name":"Accueil","item":"https:\/\/www.webdo.tn\/fr\/"},{"@type":"ListItem","position":2,"name":"Le billet de Hatem Bourial &#8211; \u00ab Voici la d\u00e9pouille de l\u2019\u00c9tat bourguibien \u00bb"}]},{"@type":"WebSite","@id":"https:\/\/www.webdo.tn\/fr\/#website","url":"https:\/\/www.webdo.tn\/fr\/","name":"webdo","description":"Tunisie - News en Tunisie et \u00e0 l&#039;international sur Webdo.tn","publisher":{"@id":"https:\/\/www.webdo.tn\/fr\/#organization"},"potentialAction":[{"@type":"SearchAction","target":{"@type":"EntryPoint","urlTemplate":"https:\/\/www.webdo.tn\/fr\/?s={search_term_string}"},"query-input":{"@type":"PropertyValueSpecification","valueRequired":true,"valueName":"search_term_string"}}],"inLanguage":"fr-FR"},{"@type":"Organization","@id":"https:\/\/www.webdo.tn\/fr\/#organization","name":"Webdo","alternateName":"Webdo.tn","url":"https:\/\/www.webdo.tn\/fr\/","logo":{"@type":"ImageObject","inLanguage":"fr-FR","@id":"https:\/\/www.webdo.tn\/fr\/#\/schema\/logo\/image\/","url":"https:\/\/www.webdo.tn\/fr\/wp-content\/uploads\/2025\/06\/Webdo-Tunisie_168377.jpg","contentUrl":"https:\/\/www.webdo.tn\/fr\/wp-content\/uploads\/2025\/06\/Webdo-Tunisie_168377.jpg","width":301,"height":301,"caption":"Webdo"},"image":{"@id":"https:\/\/www.webdo.tn\/fr\/#\/schema\/logo\/image\/"},"sameAs":["https:\/\/www.facebook.com\/webdotn","https:\/\/x.com\/webdo_tn"],"description":"Webdo est un m\u00e9dia num\u00e9rique tunisien fond\u00e9 en 2010, sp\u00e9cialis\u00e9 dans l\u2019actualit\u00e9 nationale et internationale, l\u2019\u00e9conomie, la soci\u00e9t\u00e9 et les analyses politiques. Le site s\u2019adresse \u00e0 un large public francophone et couvre l\u2019information tunisienne en temps r\u00e9el.","email":"redac@webdo.tn","legalName":"YNJ SARL","foundingDate":"2010-09-06","numberOfEmployees":{"@type":"QuantitativeValue","minValue":"11","maxValue":"50"}},{"@type":"Person","@id":"https:\/\/www.webdo.tn\/fr\/#\/schema\/person\/6bc0beba2cd23aec27cb5df85ca2554f","name":"Hatem Bourial","image":{"@type":"ImageObject","inLanguage":"fr-FR","@id":"https:\/\/www.webdo.tn\/fr\/wp-content\/uploads\/2026\/04\/hatem-bourial_avatar-96x96.jpg","url":"https:\/\/www.webdo.tn\/fr\/wp-content\/uploads\/2026\/04\/hatem-bourial_avatar-96x96.jpg","contentUrl":"https:\/\/www.webdo.tn\/fr\/wp-content\/uploads\/2026\/04\/hatem-bourial_avatar-96x96.jpg","caption":"Hatem Bourial"},"description":"Hatem Bourial est journaliste, \u00e9crivain et chroniqueur tunisien. Actif depuis plusieurs d\u00e9cennies, il s\u2019est impos\u00e9 comme un observateur attentif de la soci\u00e9t\u00e9 tunisienne, m\u00ealant dans ses \u00e9crits m\u00e9moire, culture et analyse du quotidien. Auteur de nombreux ouvrages, il d\u00e9veloppe une \u0153uvre \u00e0 la crois\u00e9e du r\u00e9cit, de la po\u00e9sie et de l\u2019observation sociologique. Parall\u00e8lement \u00e0 ses contributions dans la presse, il intervient r\u00e9guli\u00e8rement \u00e0 la radio et dans des espaces culturels, o\u00f9 il explore les enjeux li\u00e9s au patrimoine, \u00e0 l\u2019identit\u00e9 et aux transformations du monde contemporain. \u00c0 travers ses chroniques, Hatem Bourial propose une lecture sensible et approfondie de l\u2019actualit\u00e9, nourrie par une exp\u00e9rience journalistique et litt\u00e9raire reconnue. \ud83d\udd17 Facebook : https:\/\/www.facebook.com\/hatem.bourial.2025","sameAs":["https:\/\/www.facebook.com\/hatem.bourial.2025","https:\/\/fr.wikipedia.org\/wiki\/Fichier:Hatem_Bourial.jpg"],"knowsAbout":["Culture & patrimoine tunisien","Chronique soci\u00e9tale","Litt\u00e9rature & m\u00e9moire","Cin\u00e9ma & critique culturelle","Identit\u00e9 & mutations sociales"],"knowsLanguage":["Arabe","Fran\u00e7ais","Anglais","Italien","Polonais"],"jobTitle":"Journaliste, \u00e9crivain et chroniqueur culturel","worksFor":"Webdo","url":"https:\/\/www.webdo.tn\/fr\/actualite\/author\/hatem-bourial-2\/"}]}},"_links":{"self":[{"href":"https:\/\/www.webdo.tn\/fr\/wp-json\/wp\/v2\/posts\/186840","targetHints":{"allow":["GET"]}}],"collection":[{"href":"https:\/\/www.webdo.tn\/fr\/wp-json\/wp\/v2\/posts"}],"about":[{"href":"https:\/\/www.webdo.tn\/fr\/wp-json\/wp\/v2\/types\/post"}],"author":[{"embeddable":true,"href":"https:\/\/www.webdo.tn\/fr\/wp-json\/wp\/v2\/users\/3229"}],"replies":[{"embeddable":true,"href":"https:\/\/www.webdo.tn\/fr\/wp-json\/wp\/v2\/comments?post=186840"}],"version-history":[{"count":0,"href":"https:\/\/www.webdo.tn\/fr\/wp-json\/wp\/v2\/posts\/186840\/revisions"}],"wp:featuredmedia":[{"embeddable":true,"href":"https:\/\/www.webdo.tn\/fr\/wp-json\/wp\/v2\/media\/333250"}],"wp:attachment":[{"href":"https:\/\/www.webdo.tn\/fr\/wp-json\/wp\/v2\/media?parent=186840"}],"wp:term":[{"taxonomy":"category","embeddable":true,"href":"https:\/\/www.webdo.tn\/fr\/wp-json\/wp\/v2\/categories?post=186840"},{"taxonomy":"post_tag","embeddable":true,"href":"https:\/\/www.webdo.tn\/fr\/wp-json\/wp\/v2\/tags?post=186840"}],"curies":[{"name":"wp","href":"https:\/\/api.w.org\/{rel}","templated":true}]}}