{"id":186838,"date":"2012-10-12T12:31:00","date_gmt":"2012-10-12T12:31:00","guid":{"rendered":"https:\/\/www.webdo.tn\/fr\/blog\/dans-le-sillage-de-leila-il-se-voit-en-regent-de-carthage\/186838\/"},"modified":"2012-10-12T12:31:00","modified_gmt":"2012-10-12T12:31:00","slug":"dans-le-sillage-de-leila-il-se-voit-en-regent-de-carthage","status":"publish","type":"post","link":"https:\/\/www.webdo.tn\/fr\/actualite\/chroniques\/dans-le-sillage-de-leila-il-se-voit-en-regent-de-carthage\/186838\/","title":{"rendered":"Le Billet de Hatem Bourial &#8211; Dans le sillage de Le\u00efla, il se voit en R\u00e9gent de Carthage"},"content":{"rendered":"<p>La Tunisie a v\u00e9cu jusqu\u2019\u00e0 janvier 2011 au rythme des discours de Le\u00efla Trabelsi qui tendait \u00e0 rel\u00e9guer son cher \u00e9poux au rang de premi\u00e8re dame.<\/p>\n<p>Multipliant les initiatives, intervenant aux niveaux national, arabe et international, celle qui sera surnomm\u00e9e la R\u00e9gente de Carthage s\u2019installait au premier plan de la vie politique.<\/p>\n<p>Toutefois, son ascension s\u2019est faite en marge de l\u2019\u00c9tat. Le\u00efla Trabelsi n\u2019avait aucun r\u00f4le officiel, mais faisait quotidiennement la une des journaux qui y allaient de leur concert de louanges.<\/p>\n<p>Qui, aujourd\u2019hui, utilise la m\u00eame m\u00e9thode ? C\u2019est clairement ce cher Ghannouchi qui, leader d\u2019Ennahdha (faudrait-il \u00e9crire guide supr\u00eame ?), intervient aux marges de l\u2019\u00c9tat, tout en occupant l\u2019espace m\u00e9diatique.<\/p>\n<p>Comme Le\u00efla, ses discours transpirent de duplicit\u00e9 et autres man\u0153uvres obscures. Il se verrait bien en R\u00e9gent de Carthage, n\u2019occupant pas de fonction officielle, mais faisant et d\u00e9faisant l\u2019actualit\u00e9 politique.<\/p>\n<p>Se r\u00eavant en Guide supr\u00eame du Califat islamique d\u2019Ifriqiya, Ghannouchi est dans la lign\u00e9e des combattant supr\u00eame, sauveur supr\u00eame et autres path\u00e9tique supr\u00eame.<\/p>\n<p>Seulement, lui ne se mouille pas avec les structures \u00e9tatiques provisoires ou traditionnelles. Il pr\u00e9f\u00e8re allumer feux et contre-feux sans avoir l\u2019air d\u2019y toucher et, bien s\u00fbr, en ob\u00e9issant \u00e0 ses directeurs deconscience : les d\u00e9mocrates du Golfe et les pr\u00e9dicateurs radicaux qui s\u2019affublent de mod\u00e9ration.<\/p>\n<p>Tout comme Le\u00efla Trabelsi, il surfe sur les interstices de l\u2019\u00c9tat. Tout comme elle, il n\u2019assume aucune responsabilit\u00e9, mais fait entendre bruyamment sa voix.<\/p>\n<p>Et pire qu\u2019elle, il monte des Tunisiens contre d\u2019autres Tunisiens, menace le mode de vie de la communaut\u00e9 nationale et trahit son pays en le jetant dans les bras de l\u2019Internationale obscurantiste.<\/p>\n<p>D\u00e9cid\u00e9ment, n\u00e9 de sexe f\u00e9minin, il aurait fait une savoureuse R\u00e9gente de Carthage et n\u00e9 un peu plus \u00e0 l\u2019Est, il aurait peut-\u00eatre fait un bon petit \u00e9mir riche en p\u00e9trodollars.<\/p>\n<p>La r\u00e9alit\u00e9 est plus prosa\u00efque : celui qui aspire \u00e0 la R\u00e9gence de Carthage pourrait plut\u00f4t pr\u00e9tendre devenir duc d\u2019Oxford ou vicomte de Liverpool.<\/p>\n<p>Dites-moi, Sir Ghannouchi (vous voyez, j\u2019anticipe votre noblesse), est-il vrai que vous \u00eates sujet de Sa Majest\u00e9 britannique ? Est-il vrai que vous seriez de ces Tunisiens qui, militantisme et exil obligent dites-vous, auraient une double loyaut\u00e9 ?<\/p>\n<p>Si cela \u00e9tait av\u00e9r\u00e9, je serais le premier confus, car, tenant par-dessus tout \u00e0 mon drapeau tunisien, je suis de plus en plus d\u00e9\u00e7u par ces politiques qui, confortablement install\u00e9s dans une double nationalit\u00e9, m\u00e8nent notre pays \u00e0 la ruine.<\/p>\n<p>A la veille de la comm\u00e9moration du 15 octobre 1963, symbole de notre souverainet\u00e9 reconquise, je suis de plus en plus heurt\u00e9 par cette cohorte de (mauvais) politiques qui gouvernent la Tunisie sans \u00eatre Tunisiens.<\/p>\n<p>Bien s\u00fbr, la Oumma n\u2019a pas de fronti\u00e8res et le jihad pas de couleurs. Mais, si cela fait de vous notre guide par d\u00e9faut, cela ne vous \u00e9vitera pas d\u2019\u00eatre confin\u00e9 dans l\u2019indignit\u00e9 d\u2019un cheikh en blanc qui met ses int\u00e9r\u00eats, ceux des mod\u00e9r\u00e9s de son parti et de ses sponsors \u00e9trangers au-dessus de ceux de la Tunisie.<br \/>\nMay God forgive you, my dear !<\/p>\n<p>Et, j\u2019esp\u00e8re que vous d\u00e9clarerez solennellement que vous ne poss\u00e9dez pas d\u2019autre passeport que celui de la R\u00e9publique tunisienne.<\/p>\n<p>Et, dans la foul\u00e9e, puissent vos \u00e9lus et nomm\u00e9s d\u00e9clarer au peuple tunisien les diverses all\u00e9geances qu\u2019ils ont.<\/p>\n<p>Enfin, je sais qu\u2019il s\u2019agit d\u2019un v\u0153u pieux : puissent tous les Tunisiens candidats \u00e0 une \u00e9lection abandonner avant d\u2019entrer en campagne leur double voire triple nationalit\u00e9.<\/p>\n<p>Parole de souchard qui n\u2019a d\u2019autre horizon que la Tunisie \u00e9ternelle !<\/p>\n","protected":false},"excerpt":{"rendered":"<p>Le Billet de Hatem Bourial &#8211; Dans le sillage de Le\u00efla, il se voit en R\u00e9gent de Carthage<\/p>\n","protected":false},"author":3229,"featured_media":374312,"comment_status":"open","ping_status":"closed","sticky":false,"template":"","format":"standard","meta":{"footnotes":""},"categories":[2596],"tags":[2600],"class_list":["post-186838","post","type-post","status-publish","format-standard","has-post-thumbnail","hentry","category-chroniques","tag-guerre"],"yoast_head":"<!-- This site is optimized with the Yoast SEO Premium plugin v27.5 (Yoast SEO v27.5) - https:\/\/yoast.com\/product\/yoast-seo-premium-wordpress\/ -->\n<title>Le Billet de Hatem Bourial - Dans le sillage de Le\u00efla, il se voit en R\u00e9gent de Carthage<\/title>\n<meta name=\"description\" content=\"Le Billet de Hatem Bourial - Dans le sillage de Le\u00efla, il se voit en R\u00e9gent de Carthage\" \/>\n<link rel=\"canonical\" href=\"https:\/\/www.webdo.tn\/fr\/actualite\/chroniques\/dans-le-sillage-de-leila-il-se-voit-en-regent-de-carthage\/186838\/\" \/>\n<meta property=\"og:locale\" content=\"fr_FR\" \/>\n<meta property=\"og:type\" content=\"article\" \/>\n<meta property=\"og:title\" content=\"Le Billet de Hatem Bourial - Dans le sillage de Le\u00efla, il se voit en R\u00e9gent de Carthage\" \/>\n<meta property=\"og:description\" content=\"Le Billet de Hatem Bourial - Dans le sillage de Le\u00efla, il se voit en R\u00e9gent de Carthage\" \/>\n<meta property=\"og:url\" content=\"https:\/\/www.webdo.tn\/fr\/actualite\/chroniques\/dans-le-sillage-de-leila-il-se-voit-en-regent-de-carthage\/186838\/\" \/>\n<meta property=\"og:site_name\" content=\"webdo\" \/>\n<meta property=\"article:publisher\" content=\"https:\/\/www.facebook.com\/webdotn\" \/>\n<meta property=\"article:author\" content=\"https:\/\/www.facebook.com\/hatem.bourial.2025\" \/>\n<meta property=\"article:published_time\" content=\"2012-10-12T12:31:00+00:00\" \/>\n<meta name=\"author\" content=\"Hatem Bourial\" \/>\n<meta name=\"twitter:card\" content=\"summary_large_image\" \/>\n<meta name=\"twitter:creator\" content=\"@webdo_tn\" \/>\n<meta name=\"twitter:site\" content=\"@webdo_tn\" \/>\n<meta name=\"twitter:label1\" content=\"\u00c9crit par\" \/>\n\t<meta name=\"twitter:data1\" content=\"Hatem Bourial\" \/>\n\t<meta name=\"twitter:label2\" content=\"Dur\u00e9e de lecture estim\u00e9e\" \/>\n\t<meta name=\"twitter:data2\" content=\"3 minutes\" \/>\n<script type=\"application\/ld+json\" class=\"yoast-schema-graph\">{\"@context\":\"https:\\\/\\\/schema.org\",\"@graph\":[{\"@type\":\"NewsArticle\",\"@id\":\"https:\\\/\\\/www.webdo.tn\\\/fr\\\/actualite\\\/chroniques\\\/dans-le-sillage-de-leila-il-se-voit-en-regent-de-carthage\\\/186838\\\/#article\",\"isPartOf\":{\"@id\":\"https:\\\/\\\/www.webdo.tn\\\/fr\\\/actualite\\\/chroniques\\\/dans-le-sillage-de-leila-il-se-voit-en-regent-de-carthage\\\/186838\\\/\"},\"author\":{\"name\":\"Hatem Bourial\",\"@id\":\"https:\\\/\\\/www.webdo.tn\\\/fr\\\/#\\\/schema\\\/person\\\/6bc0beba2cd23aec27cb5df85ca2554f\"},\"headline\":\"Le Billet de Hatem Bourial &#8211; Dans le sillage de Le\u00efla, il se voit en R\u00e9gent de Carthage\",\"datePublished\":\"2012-10-12T12:31:00+00:00\",\"mainEntityOfPage\":{\"@id\":\"https:\\\/\\\/www.webdo.tn\\\/fr\\\/actualite\\\/chroniques\\\/dans-le-sillage-de-leila-il-se-voit-en-regent-de-carthage\\\/186838\\\/\"},\"wordCount\":676,\"commentCount\":0,\"publisher\":{\"@id\":\"https:\\\/\\\/www.webdo.tn\\\/fr\\\/#organization\"},\"image\":{\"@id\":\"https:\\\/\\\/www.webdo.tn\\\/fr\\\/actualite\\\/chroniques\\\/dans-le-sillage-de-leila-il-se-voit-en-regent-de-carthage\\\/186838\\\/#primaryimage\"},\"thumbnailUrl\":\"https:\\\/\\\/www.webdo.tn\\\/fr\\\/wp-content\\\/uploads\\\/2025\\\/06\\\/Leila-Trabelsi-Rached-Ghannouchi_186838.jpg\",\"keywords\":[\"guerre\"],\"articleSection\":[\"Chroniques\"],\"inLanguage\":\"fr-FR\"},{\"@type\":\"WebPage\",\"@id\":\"https:\\\/\\\/www.webdo.tn\\\/fr\\\/actualite\\\/chroniques\\\/dans-le-sillage-de-leila-il-se-voit-en-regent-de-carthage\\\/186838\\\/\",\"url\":\"https:\\\/\\\/www.webdo.tn\\\/fr\\\/actualite\\\/chroniques\\\/dans-le-sillage-de-leila-il-se-voit-en-regent-de-carthage\\\/186838\\\/\",\"name\":\"Le Billet de Hatem Bourial - Dans le sillage de Le\u00efla, il se voit en R\u00e9gent de Carthage\",\"isPartOf\":{\"@id\":\"https:\\\/\\\/www.webdo.tn\\\/fr\\\/#website\"},\"primaryImageOfPage\":{\"@id\":\"https:\\\/\\\/www.webdo.tn\\\/fr\\\/actualite\\\/chroniques\\\/dans-le-sillage-de-leila-il-se-voit-en-regent-de-carthage\\\/186838\\\/#primaryimage\"},\"image\":{\"@id\":\"https:\\\/\\\/www.webdo.tn\\\/fr\\\/actualite\\\/chroniques\\\/dans-le-sillage-de-leila-il-se-voit-en-regent-de-carthage\\\/186838\\\/#primaryimage\"},\"thumbnailUrl\":\"https:\\\/\\\/www.webdo.tn\\\/fr\\\/wp-content\\\/uploads\\\/2025\\\/06\\\/Leila-Trabelsi-Rached-Ghannouchi_186838.jpg\",\"datePublished\":\"2012-10-12T12:31:00+00:00\",\"description\":\"Le Billet de Hatem Bourial - Dans le sillage de Le\u00efla, il se voit en R\u00e9gent de Carthage\",\"breadcrumb\":{\"@id\":\"https:\\\/\\\/www.webdo.tn\\\/fr\\\/actualite\\\/chroniques\\\/dans-le-sillage-de-leila-il-se-voit-en-regent-de-carthage\\\/186838\\\/#breadcrumb\"},\"inLanguage\":\"fr-FR\",\"potentialAction\":[{\"@type\":\"ReadAction\",\"target\":[\"https:\\\/\\\/www.webdo.tn\\\/fr\\\/actualite\\\/chroniques\\\/dans-le-sillage-de-leila-il-se-voit-en-regent-de-carthage\\\/186838\\\/\"]}]},{\"@type\":\"ImageObject\",\"inLanguage\":\"fr-FR\",\"@id\":\"https:\\\/\\\/www.webdo.tn\\\/fr\\\/actualite\\\/chroniques\\\/dans-le-sillage-de-leila-il-se-voit-en-regent-de-carthage\\\/186838\\\/#primaryimage\",\"url\":\"https:\\\/\\\/www.webdo.tn\\\/fr\\\/wp-content\\\/uploads\\\/2025\\\/06\\\/Leila-Trabelsi-Rached-Ghannouchi_186838.jpg\",\"contentUrl\":\"https:\\\/\\\/www.webdo.tn\\\/fr\\\/wp-content\\\/uploads\\\/2025\\\/06\\\/Leila-Trabelsi-Rached-Ghannouchi_186838.jpg\",\"width\":581,\"height\":200,\"caption\":\"Le Billet de Hatem Bourial - Dans le sillage de Le\u00efla, il se voit en R\u00e9gent de Carthage\"},{\"@type\":\"BreadcrumbList\",\"@id\":\"https:\\\/\\\/www.webdo.tn\\\/fr\\\/actualite\\\/chroniques\\\/dans-le-sillage-de-leila-il-se-voit-en-regent-de-carthage\\\/186838\\\/#breadcrumb\",\"itemListElement\":[{\"@type\":\"ListItem\",\"position\":1,\"name\":\"Accueil\",\"item\":\"https:\\\/\\\/www.webdo.tn\\\/fr\\\/\"},{\"@type\":\"ListItem\",\"position\":2,\"name\":\"Le Billet de Hatem Bourial &#8211; Dans le sillage de Le\u00efla, il se voit en R\u00e9gent de Carthage\"}]},{\"@type\":\"WebSite\",\"@id\":\"https:\\\/\\\/www.webdo.tn\\\/fr\\\/#website\",\"url\":\"https:\\\/\\\/www.webdo.tn\\\/fr\\\/\",\"name\":\"webdo\",\"description\":\"Tunisie - News en Tunisie et \u00e0 l&#039;international sur Webdo.tn\",\"publisher\":{\"@id\":\"https:\\\/\\\/www.webdo.tn\\\/fr\\\/#organization\"},\"potentialAction\":[{\"@type\":\"SearchAction\",\"target\":{\"@type\":\"EntryPoint\",\"urlTemplate\":\"https:\\\/\\\/www.webdo.tn\\\/fr\\\/?s={search_term_string}\"},\"query-input\":{\"@type\":\"PropertyValueSpecification\",\"valueRequired\":true,\"valueName\":\"search_term_string\"}}],\"inLanguage\":\"fr-FR\"},{\"@type\":\"Organization\",\"@id\":\"https:\\\/\\\/www.webdo.tn\\\/fr\\\/#organization\",\"name\":\"Webdo\",\"alternateName\":\"Webdo.tn\",\"url\":\"https:\\\/\\\/www.webdo.tn\\\/fr\\\/\",\"logo\":{\"@type\":\"ImageObject\",\"inLanguage\":\"fr-FR\",\"@id\":\"https:\\\/\\\/www.webdo.tn\\\/fr\\\/#\\\/schema\\\/logo\\\/image\\\/\",\"url\":\"https:\\\/\\\/www.webdo.tn\\\/fr\\\/wp-content\\\/uploads\\\/2025\\\/06\\\/Webdo-Tunisie_168377.jpg\",\"contentUrl\":\"https:\\\/\\\/www.webdo.tn\\\/fr\\\/wp-content\\\/uploads\\\/2025\\\/06\\\/Webdo-Tunisie_168377.jpg\",\"width\":301,\"height\":301,\"caption\":\"Webdo\"},\"image\":{\"@id\":\"https:\\\/\\\/www.webdo.tn\\\/fr\\\/#\\\/schema\\\/logo\\\/image\\\/\"},\"sameAs\":[\"https:\\\/\\\/www.facebook.com\\\/webdotn\",\"https:\\\/\\\/x.com\\\/webdo_tn\"],\"description\":\"Webdo est un m\u00e9dia num\u00e9rique tunisien fond\u00e9 en 2010, sp\u00e9cialis\u00e9 dans l\u2019actualit\u00e9 nationale et internationale, l\u2019\u00e9conomie, la soci\u00e9t\u00e9 et les analyses politiques. Le site s\u2019adresse \u00e0 un large public francophone et couvre l\u2019information tunisienne en temps r\u00e9el.\",\"email\":\"redac@webdo.tn\",\"legalName\":\"YNJ SARL\",\"foundingDate\":\"2010-09-06\",\"numberOfEmployees\":{\"@type\":\"QuantitativeValue\",\"minValue\":\"11\",\"maxValue\":\"50\"}},{\"@type\":\"Person\",\"@id\":\"https:\\\/\\\/www.webdo.tn\\\/fr\\\/#\\\/schema\\\/person\\\/6bc0beba2cd23aec27cb5df85ca2554f\",\"name\":\"Hatem Bourial\",\"image\":{\"@type\":\"ImageObject\",\"inLanguage\":\"fr-FR\",\"@id\":\"https:\\\/\\\/www.webdo.tn\\\/fr\\\/wp-content\\\/uploads\\\/2026\\\/04\\\/hatem-bourial_avatar-96x96.jpg\",\"url\":\"https:\\\/\\\/www.webdo.tn\\\/fr\\\/wp-content\\\/uploads\\\/2026\\\/04\\\/hatem-bourial_avatar-96x96.jpg\",\"contentUrl\":\"https:\\\/\\\/www.webdo.tn\\\/fr\\\/wp-content\\\/uploads\\\/2026\\\/04\\\/hatem-bourial_avatar-96x96.jpg\",\"caption\":\"Hatem Bourial\"},\"description\":\"Hatem Bourial est journaliste, \u00e9crivain et chroniqueur tunisien. Actif depuis plusieurs d\u00e9cennies, il s\u2019est impos\u00e9 comme un observateur attentif de la soci\u00e9t\u00e9 tunisienne, m\u00ealant dans ses \u00e9crits m\u00e9moire, culture et analyse du quotidien. Auteur de nombreux ouvrages, il d\u00e9veloppe une \u0153uvre \u00e0 la crois\u00e9e du r\u00e9cit, de la po\u00e9sie et de l\u2019observation sociologique. Parall\u00e8lement \u00e0 ses contributions dans la presse, il intervient r\u00e9guli\u00e8rement \u00e0 la radio et dans des espaces culturels, o\u00f9 il explore les enjeux li\u00e9s au patrimoine, \u00e0 l\u2019identit\u00e9 et aux transformations du monde contemporain. \u00c0 travers ses chroniques, Hatem Bourial propose une lecture sensible et approfondie de l\u2019actualit\u00e9, nourrie par une exp\u00e9rience journalistique et litt\u00e9raire reconnue. \ud83d\udd17 Facebook : https:\\\/\\\/www.facebook.com\\\/hatem.bourial.2025\",\"sameAs\":[\"https:\\\/\\\/www.facebook.com\\\/hatem.bourial.2025\",\"https:\\\/\\\/fr.wikipedia.org\\\/wiki\\\/Fichier:Hatem_Bourial.jpg\"],\"knowsAbout\":[\"Culture & patrimoine tunisien\",\"Chronique soci\u00e9tale\",\"Litt\u00e9rature & m\u00e9moire\",\"Cin\u00e9ma & critique culturelle\",\"Identit\u00e9 & mutations sociales\"],\"knowsLanguage\":[\"Arabe\",\"Fran\u00e7ais\",\"Anglais\",\"Italien\",\"Polonais\"],\"jobTitle\":\"Journaliste, \u00e9crivain et chroniqueur culturel\",\"worksFor\":\"Webdo\",\"url\":\"https:\\\/\\\/www.webdo.tn\\\/fr\\\/actualite\\\/author\\\/hatem-bourial-2\\\/\"}]}<\/script>\n<!-- \/ Yoast SEO Premium plugin. -->","yoast_head_json":{"title":"Le Billet de Hatem Bourial - Dans le sillage de Le\u00efla, il se voit en R\u00e9gent de Carthage","description":"Le Billet de Hatem Bourial - Dans le sillage de Le\u00efla, il se voit en R\u00e9gent de Carthage","canonical":"https:\/\/www.webdo.tn\/fr\/actualite\/chroniques\/dans-le-sillage-de-leila-il-se-voit-en-regent-de-carthage\/186838\/","og_locale":"fr_FR","og_type":"article","og_title":"Le Billet de Hatem Bourial - Dans le sillage de Le\u00efla, il se voit en R\u00e9gent de Carthage","og_description":"Le Billet de Hatem Bourial - Dans le sillage de Le\u00efla, il se voit en R\u00e9gent de Carthage","og_url":"https:\/\/www.webdo.tn\/fr\/actualite\/chroniques\/dans-le-sillage-de-leila-il-se-voit-en-regent-de-carthage\/186838\/","og_site_name":"webdo","article_publisher":"https:\/\/www.facebook.com\/webdotn","article_author":"https:\/\/www.facebook.com\/hatem.bourial.2025","article_published_time":"2012-10-12T12:31:00+00:00","author":"Hatem Bourial","twitter_card":"summary_large_image","twitter_creator":"@webdo_tn","twitter_site":"@webdo_tn","twitter_misc":{"\u00c9crit par":"Hatem Bourial","Dur\u00e9e de lecture estim\u00e9e":"3 minutes"},"schema":{"@context":"https:\/\/schema.org","@graph":[{"@type":"NewsArticle","@id":"https:\/\/www.webdo.tn\/fr\/actualite\/chroniques\/dans-le-sillage-de-leila-il-se-voit-en-regent-de-carthage\/186838\/#article","isPartOf":{"@id":"https:\/\/www.webdo.tn\/fr\/actualite\/chroniques\/dans-le-sillage-de-leila-il-se-voit-en-regent-de-carthage\/186838\/"},"author":{"name":"Hatem Bourial","@id":"https:\/\/www.webdo.tn\/fr\/#\/schema\/person\/6bc0beba2cd23aec27cb5df85ca2554f"},"headline":"Le Billet de Hatem Bourial &#8211; Dans le sillage de Le\u00efla, il se voit en R\u00e9gent de Carthage","datePublished":"2012-10-12T12:31:00+00:00","mainEntityOfPage":{"@id":"https:\/\/www.webdo.tn\/fr\/actualite\/chroniques\/dans-le-sillage-de-leila-il-se-voit-en-regent-de-carthage\/186838\/"},"wordCount":676,"commentCount":0,"publisher":{"@id":"https:\/\/www.webdo.tn\/fr\/#organization"},"image":{"@id":"https:\/\/www.webdo.tn\/fr\/actualite\/chroniques\/dans-le-sillage-de-leila-il-se-voit-en-regent-de-carthage\/186838\/#primaryimage"},"thumbnailUrl":"https:\/\/www.webdo.tn\/fr\/wp-content\/uploads\/2025\/06\/Leila-Trabelsi-Rached-Ghannouchi_186838.jpg","keywords":["guerre"],"articleSection":["Chroniques"],"inLanguage":"fr-FR"},{"@type":"WebPage","@id":"https:\/\/www.webdo.tn\/fr\/actualite\/chroniques\/dans-le-sillage-de-leila-il-se-voit-en-regent-de-carthage\/186838\/","url":"https:\/\/www.webdo.tn\/fr\/actualite\/chroniques\/dans-le-sillage-de-leila-il-se-voit-en-regent-de-carthage\/186838\/","name":"Le Billet de Hatem Bourial - Dans le sillage de Le\u00efla, il se voit en R\u00e9gent de Carthage","isPartOf":{"@id":"https:\/\/www.webdo.tn\/fr\/#website"},"primaryImageOfPage":{"@id":"https:\/\/www.webdo.tn\/fr\/actualite\/chroniques\/dans-le-sillage-de-leila-il-se-voit-en-regent-de-carthage\/186838\/#primaryimage"},"image":{"@id":"https:\/\/www.webdo.tn\/fr\/actualite\/chroniques\/dans-le-sillage-de-leila-il-se-voit-en-regent-de-carthage\/186838\/#primaryimage"},"thumbnailUrl":"https:\/\/www.webdo.tn\/fr\/wp-content\/uploads\/2025\/06\/Leila-Trabelsi-Rached-Ghannouchi_186838.jpg","datePublished":"2012-10-12T12:31:00+00:00","description":"Le Billet de Hatem Bourial - Dans le sillage de Le\u00efla, il se voit en R\u00e9gent de Carthage","breadcrumb":{"@id":"https:\/\/www.webdo.tn\/fr\/actualite\/chroniques\/dans-le-sillage-de-leila-il-se-voit-en-regent-de-carthage\/186838\/#breadcrumb"},"inLanguage":"fr-FR","potentialAction":[{"@type":"ReadAction","target":["https:\/\/www.webdo.tn\/fr\/actualite\/chroniques\/dans-le-sillage-de-leila-il-se-voit-en-regent-de-carthage\/186838\/"]}]},{"@type":"ImageObject","inLanguage":"fr-FR","@id":"https:\/\/www.webdo.tn\/fr\/actualite\/chroniques\/dans-le-sillage-de-leila-il-se-voit-en-regent-de-carthage\/186838\/#primaryimage","url":"https:\/\/www.webdo.tn\/fr\/wp-content\/uploads\/2025\/06\/Leila-Trabelsi-Rached-Ghannouchi_186838.jpg","contentUrl":"https:\/\/www.webdo.tn\/fr\/wp-content\/uploads\/2025\/06\/Leila-Trabelsi-Rached-Ghannouchi_186838.jpg","width":581,"height":200,"caption":"Le Billet de Hatem Bourial - Dans le sillage de Le\u00efla, il se voit en R\u00e9gent de Carthage"},{"@type":"BreadcrumbList","@id":"https:\/\/www.webdo.tn\/fr\/actualite\/chroniques\/dans-le-sillage-de-leila-il-se-voit-en-regent-de-carthage\/186838\/#breadcrumb","itemListElement":[{"@type":"ListItem","position":1,"name":"Accueil","item":"https:\/\/www.webdo.tn\/fr\/"},{"@type":"ListItem","position":2,"name":"Le Billet de Hatem Bourial &#8211; Dans le sillage de Le\u00efla, il se voit en R\u00e9gent de Carthage"}]},{"@type":"WebSite","@id":"https:\/\/www.webdo.tn\/fr\/#website","url":"https:\/\/www.webdo.tn\/fr\/","name":"webdo","description":"Tunisie - News en Tunisie et \u00e0 l&#039;international sur Webdo.tn","publisher":{"@id":"https:\/\/www.webdo.tn\/fr\/#organization"},"potentialAction":[{"@type":"SearchAction","target":{"@type":"EntryPoint","urlTemplate":"https:\/\/www.webdo.tn\/fr\/?s={search_term_string}"},"query-input":{"@type":"PropertyValueSpecification","valueRequired":true,"valueName":"search_term_string"}}],"inLanguage":"fr-FR"},{"@type":"Organization","@id":"https:\/\/www.webdo.tn\/fr\/#organization","name":"Webdo","alternateName":"Webdo.tn","url":"https:\/\/www.webdo.tn\/fr\/","logo":{"@type":"ImageObject","inLanguage":"fr-FR","@id":"https:\/\/www.webdo.tn\/fr\/#\/schema\/logo\/image\/","url":"https:\/\/www.webdo.tn\/fr\/wp-content\/uploads\/2025\/06\/Webdo-Tunisie_168377.jpg","contentUrl":"https:\/\/www.webdo.tn\/fr\/wp-content\/uploads\/2025\/06\/Webdo-Tunisie_168377.jpg","width":301,"height":301,"caption":"Webdo"},"image":{"@id":"https:\/\/www.webdo.tn\/fr\/#\/schema\/logo\/image\/"},"sameAs":["https:\/\/www.facebook.com\/webdotn","https:\/\/x.com\/webdo_tn"],"description":"Webdo est un m\u00e9dia num\u00e9rique tunisien fond\u00e9 en 2010, sp\u00e9cialis\u00e9 dans l\u2019actualit\u00e9 nationale et internationale, l\u2019\u00e9conomie, la soci\u00e9t\u00e9 et les analyses politiques. Le site s\u2019adresse \u00e0 un large public francophone et couvre l\u2019information tunisienne en temps r\u00e9el.","email":"redac@webdo.tn","legalName":"YNJ SARL","foundingDate":"2010-09-06","numberOfEmployees":{"@type":"QuantitativeValue","minValue":"11","maxValue":"50"}},{"@type":"Person","@id":"https:\/\/www.webdo.tn\/fr\/#\/schema\/person\/6bc0beba2cd23aec27cb5df85ca2554f","name":"Hatem Bourial","image":{"@type":"ImageObject","inLanguage":"fr-FR","@id":"https:\/\/www.webdo.tn\/fr\/wp-content\/uploads\/2026\/04\/hatem-bourial_avatar-96x96.jpg","url":"https:\/\/www.webdo.tn\/fr\/wp-content\/uploads\/2026\/04\/hatem-bourial_avatar-96x96.jpg","contentUrl":"https:\/\/www.webdo.tn\/fr\/wp-content\/uploads\/2026\/04\/hatem-bourial_avatar-96x96.jpg","caption":"Hatem Bourial"},"description":"Hatem Bourial est journaliste, \u00e9crivain et chroniqueur tunisien. Actif depuis plusieurs d\u00e9cennies, il s\u2019est impos\u00e9 comme un observateur attentif de la soci\u00e9t\u00e9 tunisienne, m\u00ealant dans ses \u00e9crits m\u00e9moire, culture et analyse du quotidien. Auteur de nombreux ouvrages, il d\u00e9veloppe une \u0153uvre \u00e0 la crois\u00e9e du r\u00e9cit, de la po\u00e9sie et de l\u2019observation sociologique. Parall\u00e8lement \u00e0 ses contributions dans la presse, il intervient r\u00e9guli\u00e8rement \u00e0 la radio et dans des espaces culturels, o\u00f9 il explore les enjeux li\u00e9s au patrimoine, \u00e0 l\u2019identit\u00e9 et aux transformations du monde contemporain. \u00c0 travers ses chroniques, Hatem Bourial propose une lecture sensible et approfondie de l\u2019actualit\u00e9, nourrie par une exp\u00e9rience journalistique et litt\u00e9raire reconnue. \ud83d\udd17 Facebook : https:\/\/www.facebook.com\/hatem.bourial.2025","sameAs":["https:\/\/www.facebook.com\/hatem.bourial.2025","https:\/\/fr.wikipedia.org\/wiki\/Fichier:Hatem_Bourial.jpg"],"knowsAbout":["Culture & patrimoine tunisien","Chronique soci\u00e9tale","Litt\u00e9rature & m\u00e9moire","Cin\u00e9ma & critique culturelle","Identit\u00e9 & mutations sociales"],"knowsLanguage":["Arabe","Fran\u00e7ais","Anglais","Italien","Polonais"],"jobTitle":"Journaliste, \u00e9crivain et chroniqueur culturel","worksFor":"Webdo","url":"https:\/\/www.webdo.tn\/fr\/actualite\/author\/hatem-bourial-2\/"}]}},"_links":{"self":[{"href":"https:\/\/www.webdo.tn\/fr\/wp-json\/wp\/v2\/posts\/186838","targetHints":{"allow":["GET"]}}],"collection":[{"href":"https:\/\/www.webdo.tn\/fr\/wp-json\/wp\/v2\/posts"}],"about":[{"href":"https:\/\/www.webdo.tn\/fr\/wp-json\/wp\/v2\/types\/post"}],"author":[{"embeddable":true,"href":"https:\/\/www.webdo.tn\/fr\/wp-json\/wp\/v2\/users\/3229"}],"replies":[{"embeddable":true,"href":"https:\/\/www.webdo.tn\/fr\/wp-json\/wp\/v2\/comments?post=186838"}],"version-history":[{"count":0,"href":"https:\/\/www.webdo.tn\/fr\/wp-json\/wp\/v2\/posts\/186838\/revisions"}],"wp:featuredmedia":[{"embeddable":true,"href":"https:\/\/www.webdo.tn\/fr\/wp-json\/wp\/v2\/media\/374312"}],"wp:attachment":[{"href":"https:\/\/www.webdo.tn\/fr\/wp-json\/wp\/v2\/media?parent=186838"}],"wp:term":[{"taxonomy":"category","embeddable":true,"href":"https:\/\/www.webdo.tn\/fr\/wp-json\/wp\/v2\/categories?post=186838"},{"taxonomy":"post_tag","embeddable":true,"href":"https:\/\/www.webdo.tn\/fr\/wp-json\/wp\/v2\/tags?post=186838"}],"curies":[{"name":"wp","href":"https:\/\/api.w.org\/{rel}","templated":true}]}}