{"id":186833,"date":"2012-06-30T11:12:00","date_gmt":"2012-06-30T11:12:00","guid":{"rendered":"https:\/\/www.webdo.tn\/fr\/blog\/le-billet-de-hatem-bourial-hammamet-tunis-ou-ce-qu-il-en-reste\/186833\/"},"modified":"2012-06-30T11:12:00","modified_gmt":"2012-06-30T11:12:00","slug":"le-billet-de-hatem-bourial-hammamet-tunis-ou-ce-qu-il-en-reste","status":"publish","type":"post","link":"https:\/\/www.webdo.tn\/fr\/actualite\/chroniques\/le-billet-de-hatem-bourial-hammamet-tunis-ou-ce-qu-il-en-reste\/186833\/","title":{"rendered":"Le billet de Hatem Bourial &#8211; Hammamet, Tunis ou ce qu\u2019il en reste\u2026"},"content":{"rendered":"<p>Serait-ce faire la fine bouche que de dire que les plages de Hammamet n\u2019ont jamais \u00e9t\u00e9 aussi sales ?<\/p>\n<p>C\u00f4t\u00e9 h\u00f4tels, tout va bien puisque chacun fait le m\u00e9nage devant sa porte.<\/p>\n<p>Mais c\u00f4t\u00e9 plages publiques, c\u2019est Waterloo sur l\u2019eau. On dirait des d\u00e9charges \u00e0 ciel ouvert que n\u2019importe qui peut d\u00e9couvrir au fil d\u2019une promenade. C\u2019est l\u2019envers de la carte postale.<\/p>\n<p>On trouve de tout : des canettes et des bouteilles bien s\u00fbr, mais aussi des couches pour b\u00e9b\u00e9, des peaux de past\u00e8ques, des d\u00e9tritus m\u00e9nagers, des gravats de chantiers, des chiens morts, des matelas d\u00e9fonc\u00e9s et m\u00eame un frigidaire en ruine.<\/p>\n<p>Et dire qu\u2019on parle de tourisme, de villes modernes et de peuple \u00e9duqu\u00e9 !<\/p>\n<p>Ces plages de Hammamet font honte \u00e0 voir. Elles ressemblent \u00e0 une triste m\u00e9taphore de notre situation actuelle.<\/p>\n<p>Si je vous parle de Hammamet, c\u2019est que nous sommes \u00e0 la veille des grandes vacances d\u2019\u00e9t\u00e9. Je pourrais \u00e9voquer n\u2019importe quelle ville tant la situation se d\u00e9grade jour apr\u00e8s jour.<\/p>\n<p>Je pourrais aussi pleurer toutes les larmes de mon corps pour d\u00e9noncer la d\u00e9cadence qui frappe aujourd\u2019hui Tunis.<\/p>\n<p>Jamais, jamais, au grand jamais, Tunis n\u2019est tomb\u00e9 aussi bas. La salet\u00e9 partout, l\u2019incivilit\u00e9 partout, la violence partout\u2026<\/p>\n<p>Une agressivit\u00e9, jadis insoup\u00e7onnable, s\u00e9vit \u00e0 fleur de peau alors que les n\u00e9o-tunisois sont lanc\u00e9s dans un v\u00e9ritable concours de vulgarit\u00e9.<\/p>\n<p>Tous les coups sont permis et c\u2019est la ville qui trinque. Pire, Tunis n\u2019est plus une ville v\u00e9ritable. Tout au plus peut-on parler d\u2019une agglom\u00e9ration d\u2019agglom\u00e9rations qui chercherait son centre et son identit\u00e9.<\/p>\n<p>Depuis longtemps d\u00e9j\u00e0, les citadins se sont recroquevill\u00e9s face aux assauts de l\u2019exode rural et urbain. D\u00e9sormais, ils se cachent ou errent dans une ville d\u00e9boussol\u00e9e, \u00e9cras\u00e9e.<\/p>\n<p>Pauvre Tunis, que sont-ils en train de faire de toi\u2026<\/p>\n<p>Qu\u2019on ne m\u2019accuse pas de faire du \u00ab beldisme \u00bb primaire, car je ne suis ni \u00ab beldi \u00bb ni \u00ab g\u00f4or \u00bb. J\u2019appartiens tout simplement au petit peuple des faubourgs de Tunis.<\/p>\n<p>Et aujourd\u2019hui, j\u2019ai mal \u00e0 ma ville. Je ne reconnais plus ma ville. Ceux qui l\u2019habitent d\u00e9sormais la d\u00e9shonorent chaque jour un peu plus, effacent son histoire et son h\u00e9ritage pour mieux la livrer aux braqueurs, aux illumin\u00e9s et aux d\u00e9sesp\u00e9r\u00e9s.<\/p>\n<p>Je ne peux plus me r\u00e9signer \u00e0 vivre, dans la nouvelle humiliation qui se dessine. Celle qui fait que le plus violent dicte sa loi, le plus fort sa morale et le plus bigot ses cinq s\u00e9ries de g\u00e9nuflexions.<\/p>\n<p>Pauvre Tunis, tes nouveaux ma\u00eetres cherchent \u00e0 d\u00e9truire ce qui reste de ton esprit ouvert, cosmopolite et libre.<\/p>\n<p>Pauvre Tunis, que reste-t-il de ta splendeur \u00e9mascul\u00e9e par deux dictatures et une r\u00e9volution qui, au fond, leur ressemble.<\/p>\n<p>Pauvre Tunis, tu es le fant\u00f4me de ce que tu fus et d\u00e9sormais tu es peupl\u00e9e d\u2019ombres d\u00e9chues et de brutes triomphantes.<\/p>\n<p>Mais, tu le sais, je le sais, demain tu rena\u00eetras, car la barbarie t\u2019a souvent mise \u00e0 genoux, r\u00e9duite, mais jamais an\u00e9antie.<\/p>\n<p>Demain, Tunis, demain sera un autre jour\u2026 Demain, Hammamet, demain sera un autre jour\u2026<\/p>\n","protected":false},"excerpt":{"rendered":"<p>Le billet de Hatem Bourial &#8211; Hammamet, Tunis ou ce qu\u2019il en reste\u2026<\/p>\n","protected":false},"author":3229,"featured_media":333488,"comment_status":"open","ping_status":"closed","sticky":false,"template":"","format":"standard","meta":{"footnotes":""},"categories":[2596],"tags":[2600],"class_list":["post-186833","post","type-post","status-publish","format-standard","has-post-thumbnail","hentry","category-chroniques","tag-guerre"],"yoast_head":"<!-- This site is optimized with the Yoast SEO Premium plugin v27.5 (Yoast SEO v27.5) - https:\/\/yoast.com\/product\/yoast-seo-premium-wordpress\/ -->\n<title>Le billet de Hatem Bourial - Hammamet, Tunis ou ce qu\u2019il en reste\u2026<\/title>\n<meta name=\"description\" content=\"Le billet de Hatem Bourial - Hammamet, Tunis ou ce qu\u2019il en reste\u2026\" \/>\n<link rel=\"canonical\" href=\"https:\/\/www.webdo.tn\/fr\/actualite\/chroniques\/le-billet-de-hatem-bourial-hammamet-tunis-ou-ce-qu-il-en-reste\/186833\/\" \/>\n<meta property=\"og:locale\" content=\"fr_FR\" \/>\n<meta property=\"og:type\" content=\"article\" \/>\n<meta property=\"og:title\" content=\"Le billet de Hatem Bourial - Hammamet, Tunis ou ce qu\u2019il en reste\u2026\" \/>\n<meta property=\"og:description\" content=\"Le billet de Hatem Bourial - Hammamet, Tunis ou ce qu\u2019il en reste\u2026\" \/>\n<meta property=\"og:url\" content=\"https:\/\/www.webdo.tn\/fr\/actualite\/chroniques\/le-billet-de-hatem-bourial-hammamet-tunis-ou-ce-qu-il-en-reste\/186833\/\" \/>\n<meta property=\"og:site_name\" content=\"webdo\" \/>\n<meta property=\"article:publisher\" content=\"https:\/\/www.facebook.com\/webdotn\" \/>\n<meta property=\"article:author\" content=\"https:\/\/www.facebook.com\/hatem.bourial.2025\" \/>\n<meta property=\"article:published_time\" content=\"2012-06-30T11:12:00+00:00\" \/>\n<meta property=\"og:image\" content=\"https:\/\/www.webdo.tn\/fr\/wp-content\/uploads\/2012\/06\/Hammamet-plage-photo-Hatem-Bourial.jpg\" \/>\n\t<meta property=\"og:image:width\" content=\"252\" \/>\n\t<meta property=\"og:image:height\" content=\"336\" \/>\n\t<meta property=\"og:image:type\" content=\"image\/jpeg\" \/>\n<meta name=\"author\" content=\"Hatem Bourial\" \/>\n<meta name=\"twitter:card\" content=\"summary_large_image\" \/>\n<meta name=\"twitter:creator\" content=\"@webdo_tn\" \/>\n<meta name=\"twitter:site\" content=\"@webdo_tn\" \/>\n<meta name=\"twitter:label1\" content=\"\u00c9crit par\" \/>\n\t<meta name=\"twitter:data1\" content=\"Hatem Bourial\" \/>\n\t<meta name=\"twitter:label2\" content=\"Dur\u00e9e de lecture estim\u00e9e\" \/>\n\t<meta name=\"twitter:data2\" content=\"3 minutes\" \/>\n<script type=\"application\/ld+json\" class=\"yoast-schema-graph\">{\"@context\":\"https:\\\/\\\/schema.org\",\"@graph\":[{\"@type\":\"NewsArticle\",\"@id\":\"https:\\\/\\\/www.webdo.tn\\\/fr\\\/actualite\\\/chroniques\\\/le-billet-de-hatem-bourial-hammamet-tunis-ou-ce-qu-il-en-reste\\\/186833\\\/#article\",\"isPartOf\":{\"@id\":\"https:\\\/\\\/www.webdo.tn\\\/fr\\\/actualite\\\/chroniques\\\/le-billet-de-hatem-bourial-hammamet-tunis-ou-ce-qu-il-en-reste\\\/186833\\\/\"},\"author\":{\"name\":\"Hatem Bourial\",\"@id\":\"https:\\\/\\\/www.webdo.tn\\\/fr\\\/#\\\/schema\\\/person\\\/6bc0beba2cd23aec27cb5df85ca2554f\"},\"headline\":\"Le billet de Hatem Bourial &#8211; Hammamet, Tunis ou ce qu\u2019il en reste\u2026\",\"datePublished\":\"2012-06-30T11:12:00+00:00\",\"mainEntityOfPage\":{\"@id\":\"https:\\\/\\\/www.webdo.tn\\\/fr\\\/actualite\\\/chroniques\\\/le-billet-de-hatem-bourial-hammamet-tunis-ou-ce-qu-il-en-reste\\\/186833\\\/\"},\"wordCount\":579,\"commentCount\":0,\"publisher\":{\"@id\":\"https:\\\/\\\/www.webdo.tn\\\/fr\\\/#organization\"},\"image\":{\"@id\":\"https:\\\/\\\/www.webdo.tn\\\/fr\\\/actualite\\\/chroniques\\\/le-billet-de-hatem-bourial-hammamet-tunis-ou-ce-qu-il-en-reste\\\/186833\\\/#primaryimage\"},\"thumbnailUrl\":\"https:\\\/\\\/www.webdo.tn\\\/fr\\\/wp-content\\\/uploads\\\/2012\\\/06\\\/Hammamet-plage-photo-Hatem-Bourial.jpg\",\"keywords\":[\"guerre\"],\"articleSection\":[\"Chroniques\"],\"inLanguage\":\"fr-FR\"},{\"@type\":\"WebPage\",\"@id\":\"https:\\\/\\\/www.webdo.tn\\\/fr\\\/actualite\\\/chroniques\\\/le-billet-de-hatem-bourial-hammamet-tunis-ou-ce-qu-il-en-reste\\\/186833\\\/\",\"url\":\"https:\\\/\\\/www.webdo.tn\\\/fr\\\/actualite\\\/chroniques\\\/le-billet-de-hatem-bourial-hammamet-tunis-ou-ce-qu-il-en-reste\\\/186833\\\/\",\"name\":\"Le billet de Hatem Bourial - Hammamet, Tunis ou ce qu\u2019il en reste\u2026\",\"isPartOf\":{\"@id\":\"https:\\\/\\\/www.webdo.tn\\\/fr\\\/#website\"},\"primaryImageOfPage\":{\"@id\":\"https:\\\/\\\/www.webdo.tn\\\/fr\\\/actualite\\\/chroniques\\\/le-billet-de-hatem-bourial-hammamet-tunis-ou-ce-qu-il-en-reste\\\/186833\\\/#primaryimage\"},\"image\":{\"@id\":\"https:\\\/\\\/www.webdo.tn\\\/fr\\\/actualite\\\/chroniques\\\/le-billet-de-hatem-bourial-hammamet-tunis-ou-ce-qu-il-en-reste\\\/186833\\\/#primaryimage\"},\"thumbnailUrl\":\"https:\\\/\\\/www.webdo.tn\\\/fr\\\/wp-content\\\/uploads\\\/2012\\\/06\\\/Hammamet-plage-photo-Hatem-Bourial.jpg\",\"datePublished\":\"2012-06-30T11:12:00+00:00\",\"description\":\"Le billet de Hatem Bourial - Hammamet, Tunis ou ce qu\u2019il en reste\u2026\",\"breadcrumb\":{\"@id\":\"https:\\\/\\\/www.webdo.tn\\\/fr\\\/actualite\\\/chroniques\\\/le-billet-de-hatem-bourial-hammamet-tunis-ou-ce-qu-il-en-reste\\\/186833\\\/#breadcrumb\"},\"inLanguage\":\"fr-FR\",\"potentialAction\":[{\"@type\":\"ReadAction\",\"target\":[\"https:\\\/\\\/www.webdo.tn\\\/fr\\\/actualite\\\/chroniques\\\/le-billet-de-hatem-bourial-hammamet-tunis-ou-ce-qu-il-en-reste\\\/186833\\\/\"]}]},{\"@type\":\"ImageObject\",\"inLanguage\":\"fr-FR\",\"@id\":\"https:\\\/\\\/www.webdo.tn\\\/fr\\\/actualite\\\/chroniques\\\/le-billet-de-hatem-bourial-hammamet-tunis-ou-ce-qu-il-en-reste\\\/186833\\\/#primaryimage\",\"url\":\"https:\\\/\\\/www.webdo.tn\\\/fr\\\/wp-content\\\/uploads\\\/2012\\\/06\\\/Hammamet-plage-photo-Hatem-Bourial.jpg\",\"contentUrl\":\"https:\\\/\\\/www.webdo.tn\\\/fr\\\/wp-content\\\/uploads\\\/2012\\\/06\\\/Hammamet-plage-photo-Hatem-Bourial.jpg\",\"width\":252,\"height\":336,\"caption\":\"Le billet de Hatem Bourial - Hammamet, Tunis ou ce qu\u2019il en reste\u2026\"},{\"@type\":\"BreadcrumbList\",\"@id\":\"https:\\\/\\\/www.webdo.tn\\\/fr\\\/actualite\\\/chroniques\\\/le-billet-de-hatem-bourial-hammamet-tunis-ou-ce-qu-il-en-reste\\\/186833\\\/#breadcrumb\",\"itemListElement\":[{\"@type\":\"ListItem\",\"position\":1,\"name\":\"Accueil\",\"item\":\"https:\\\/\\\/www.webdo.tn\\\/fr\\\/\"},{\"@type\":\"ListItem\",\"position\":2,\"name\":\"Le billet de Hatem Bourial &#8211; Hammamet, Tunis ou ce qu\u2019il en reste\u2026\"}]},{\"@type\":\"WebSite\",\"@id\":\"https:\\\/\\\/www.webdo.tn\\\/fr\\\/#website\",\"url\":\"https:\\\/\\\/www.webdo.tn\\\/fr\\\/\",\"name\":\"webdo\",\"description\":\"Tunisie - News en Tunisie et \u00e0 l&#039;international sur Webdo.tn\",\"publisher\":{\"@id\":\"https:\\\/\\\/www.webdo.tn\\\/fr\\\/#organization\"},\"potentialAction\":[{\"@type\":\"SearchAction\",\"target\":{\"@type\":\"EntryPoint\",\"urlTemplate\":\"https:\\\/\\\/www.webdo.tn\\\/fr\\\/?s={search_term_string}\"},\"query-input\":{\"@type\":\"PropertyValueSpecification\",\"valueRequired\":true,\"valueName\":\"search_term_string\"}}],\"inLanguage\":\"fr-FR\"},{\"@type\":\"Organization\",\"@id\":\"https:\\\/\\\/www.webdo.tn\\\/fr\\\/#organization\",\"name\":\"Webdo\",\"alternateName\":\"Webdo.tn\",\"url\":\"https:\\\/\\\/www.webdo.tn\\\/fr\\\/\",\"logo\":{\"@type\":\"ImageObject\",\"inLanguage\":\"fr-FR\",\"@id\":\"https:\\\/\\\/www.webdo.tn\\\/fr\\\/#\\\/schema\\\/logo\\\/image\\\/\",\"url\":\"https:\\\/\\\/www.webdo.tn\\\/fr\\\/wp-content\\\/uploads\\\/2025\\\/06\\\/Webdo-Tunisie_168377.jpg\",\"contentUrl\":\"https:\\\/\\\/www.webdo.tn\\\/fr\\\/wp-content\\\/uploads\\\/2025\\\/06\\\/Webdo-Tunisie_168377.jpg\",\"width\":301,\"height\":301,\"caption\":\"Webdo\"},\"image\":{\"@id\":\"https:\\\/\\\/www.webdo.tn\\\/fr\\\/#\\\/schema\\\/logo\\\/image\\\/\"},\"sameAs\":[\"https:\\\/\\\/www.facebook.com\\\/webdotn\",\"https:\\\/\\\/x.com\\\/webdo_tn\"],\"description\":\"Webdo est un m\u00e9dia num\u00e9rique tunisien fond\u00e9 en 2010, sp\u00e9cialis\u00e9 dans l\u2019actualit\u00e9 nationale et internationale, l\u2019\u00e9conomie, la soci\u00e9t\u00e9 et les analyses politiques. Le site s\u2019adresse \u00e0 un large public francophone et couvre l\u2019information tunisienne en temps r\u00e9el.\",\"email\":\"redac@webdo.tn\",\"legalName\":\"YNJ SARL\",\"foundingDate\":\"2010-09-06\",\"numberOfEmployees\":{\"@type\":\"QuantitativeValue\",\"minValue\":\"11\",\"maxValue\":\"50\"}},{\"@type\":\"Person\",\"@id\":\"https:\\\/\\\/www.webdo.tn\\\/fr\\\/#\\\/schema\\\/person\\\/6bc0beba2cd23aec27cb5df85ca2554f\",\"name\":\"Hatem Bourial\",\"image\":{\"@type\":\"ImageObject\",\"inLanguage\":\"fr-FR\",\"@id\":\"https:\\\/\\\/www.webdo.tn\\\/fr\\\/wp-content\\\/uploads\\\/2026\\\/04\\\/hatem-bourial_avatar-96x96.jpg\",\"url\":\"https:\\\/\\\/www.webdo.tn\\\/fr\\\/wp-content\\\/uploads\\\/2026\\\/04\\\/hatem-bourial_avatar-96x96.jpg\",\"contentUrl\":\"https:\\\/\\\/www.webdo.tn\\\/fr\\\/wp-content\\\/uploads\\\/2026\\\/04\\\/hatem-bourial_avatar-96x96.jpg\",\"caption\":\"Hatem Bourial\"},\"description\":\"Hatem Bourial est journaliste, \u00e9crivain et chroniqueur tunisien. Actif depuis plusieurs d\u00e9cennies, il s\u2019est impos\u00e9 comme un observateur attentif de la soci\u00e9t\u00e9 tunisienne, m\u00ealant dans ses \u00e9crits m\u00e9moire, culture et analyse du quotidien. Auteur de nombreux ouvrages, il d\u00e9veloppe une \u0153uvre \u00e0 la crois\u00e9e du r\u00e9cit, de la po\u00e9sie et de l\u2019observation sociologique. Parall\u00e8lement \u00e0 ses contributions dans la presse, il intervient r\u00e9guli\u00e8rement \u00e0 la radio et dans des espaces culturels, o\u00f9 il explore les enjeux li\u00e9s au patrimoine, \u00e0 l\u2019identit\u00e9 et aux transformations du monde contemporain. \u00c0 travers ses chroniques, Hatem Bourial propose une lecture sensible et approfondie de l\u2019actualit\u00e9, nourrie par une exp\u00e9rience journalistique et litt\u00e9raire reconnue. \ud83d\udd17 Facebook : https:\\\/\\\/www.facebook.com\\\/hatem.bourial.2025\",\"sameAs\":[\"https:\\\/\\\/www.facebook.com\\\/hatem.bourial.2025\",\"https:\\\/\\\/fr.wikipedia.org\\\/wiki\\\/Fichier:Hatem_Bourial.jpg\"],\"knowsAbout\":[\"Culture & patrimoine tunisien\",\"Chronique soci\u00e9tale\",\"Litt\u00e9rature & m\u00e9moire\",\"Cin\u00e9ma & critique culturelle\",\"Identit\u00e9 & mutations sociales\"],\"knowsLanguage\":[\"Arabe\",\"Fran\u00e7ais\",\"Anglais\",\"Italien\",\"Polonais\"],\"jobTitle\":\"Journaliste, \u00e9crivain et chroniqueur culturel\",\"worksFor\":\"Webdo\",\"url\":\"https:\\\/\\\/www.webdo.tn\\\/fr\\\/actualite\\\/author\\\/hatem-bourial-2\\\/\"}]}<\/script>\n<!-- \/ Yoast SEO Premium plugin. -->","yoast_head_json":{"title":"Le billet de Hatem Bourial - Hammamet, Tunis ou ce qu\u2019il en reste\u2026","description":"Le billet de Hatem Bourial - Hammamet, Tunis ou ce qu\u2019il en reste\u2026","canonical":"https:\/\/www.webdo.tn\/fr\/actualite\/chroniques\/le-billet-de-hatem-bourial-hammamet-tunis-ou-ce-qu-il-en-reste\/186833\/","og_locale":"fr_FR","og_type":"article","og_title":"Le billet de Hatem Bourial - Hammamet, Tunis ou ce qu\u2019il en reste\u2026","og_description":"Le billet de Hatem Bourial - Hammamet, Tunis ou ce qu\u2019il en reste\u2026","og_url":"https:\/\/www.webdo.tn\/fr\/actualite\/chroniques\/le-billet-de-hatem-bourial-hammamet-tunis-ou-ce-qu-il-en-reste\/186833\/","og_site_name":"webdo","article_publisher":"https:\/\/www.facebook.com\/webdotn","article_author":"https:\/\/www.facebook.com\/hatem.bourial.2025","article_published_time":"2012-06-30T11:12:00+00:00","og_image":[{"width":252,"height":336,"url":"https:\/\/www.webdo.tn\/fr\/wp-content\/uploads\/2012\/06\/Hammamet-plage-photo-Hatem-Bourial.jpg","type":"image\/jpeg"}],"author":"Hatem Bourial","twitter_card":"summary_large_image","twitter_creator":"@webdo_tn","twitter_site":"@webdo_tn","twitter_misc":{"\u00c9crit par":"Hatem Bourial","Dur\u00e9e de lecture estim\u00e9e":"3 minutes"},"schema":{"@context":"https:\/\/schema.org","@graph":[{"@type":"NewsArticle","@id":"https:\/\/www.webdo.tn\/fr\/actualite\/chroniques\/le-billet-de-hatem-bourial-hammamet-tunis-ou-ce-qu-il-en-reste\/186833\/#article","isPartOf":{"@id":"https:\/\/www.webdo.tn\/fr\/actualite\/chroniques\/le-billet-de-hatem-bourial-hammamet-tunis-ou-ce-qu-il-en-reste\/186833\/"},"author":{"name":"Hatem Bourial","@id":"https:\/\/www.webdo.tn\/fr\/#\/schema\/person\/6bc0beba2cd23aec27cb5df85ca2554f"},"headline":"Le billet de Hatem Bourial &#8211; Hammamet, Tunis ou ce qu\u2019il en reste\u2026","datePublished":"2012-06-30T11:12:00+00:00","mainEntityOfPage":{"@id":"https:\/\/www.webdo.tn\/fr\/actualite\/chroniques\/le-billet-de-hatem-bourial-hammamet-tunis-ou-ce-qu-il-en-reste\/186833\/"},"wordCount":579,"commentCount":0,"publisher":{"@id":"https:\/\/www.webdo.tn\/fr\/#organization"},"image":{"@id":"https:\/\/www.webdo.tn\/fr\/actualite\/chroniques\/le-billet-de-hatem-bourial-hammamet-tunis-ou-ce-qu-il-en-reste\/186833\/#primaryimage"},"thumbnailUrl":"https:\/\/www.webdo.tn\/fr\/wp-content\/uploads\/2012\/06\/Hammamet-plage-photo-Hatem-Bourial.jpg","keywords":["guerre"],"articleSection":["Chroniques"],"inLanguage":"fr-FR"},{"@type":"WebPage","@id":"https:\/\/www.webdo.tn\/fr\/actualite\/chroniques\/le-billet-de-hatem-bourial-hammamet-tunis-ou-ce-qu-il-en-reste\/186833\/","url":"https:\/\/www.webdo.tn\/fr\/actualite\/chroniques\/le-billet-de-hatem-bourial-hammamet-tunis-ou-ce-qu-il-en-reste\/186833\/","name":"Le billet de Hatem Bourial - Hammamet, Tunis ou ce qu\u2019il en reste\u2026","isPartOf":{"@id":"https:\/\/www.webdo.tn\/fr\/#website"},"primaryImageOfPage":{"@id":"https:\/\/www.webdo.tn\/fr\/actualite\/chroniques\/le-billet-de-hatem-bourial-hammamet-tunis-ou-ce-qu-il-en-reste\/186833\/#primaryimage"},"image":{"@id":"https:\/\/www.webdo.tn\/fr\/actualite\/chroniques\/le-billet-de-hatem-bourial-hammamet-tunis-ou-ce-qu-il-en-reste\/186833\/#primaryimage"},"thumbnailUrl":"https:\/\/www.webdo.tn\/fr\/wp-content\/uploads\/2012\/06\/Hammamet-plage-photo-Hatem-Bourial.jpg","datePublished":"2012-06-30T11:12:00+00:00","description":"Le billet de Hatem Bourial - Hammamet, Tunis ou ce qu\u2019il en reste\u2026","breadcrumb":{"@id":"https:\/\/www.webdo.tn\/fr\/actualite\/chroniques\/le-billet-de-hatem-bourial-hammamet-tunis-ou-ce-qu-il-en-reste\/186833\/#breadcrumb"},"inLanguage":"fr-FR","potentialAction":[{"@type":"ReadAction","target":["https:\/\/www.webdo.tn\/fr\/actualite\/chroniques\/le-billet-de-hatem-bourial-hammamet-tunis-ou-ce-qu-il-en-reste\/186833\/"]}]},{"@type":"ImageObject","inLanguage":"fr-FR","@id":"https:\/\/www.webdo.tn\/fr\/actualite\/chroniques\/le-billet-de-hatem-bourial-hammamet-tunis-ou-ce-qu-il-en-reste\/186833\/#primaryimage","url":"https:\/\/www.webdo.tn\/fr\/wp-content\/uploads\/2012\/06\/Hammamet-plage-photo-Hatem-Bourial.jpg","contentUrl":"https:\/\/www.webdo.tn\/fr\/wp-content\/uploads\/2012\/06\/Hammamet-plage-photo-Hatem-Bourial.jpg","width":252,"height":336,"caption":"Le billet de Hatem Bourial - Hammamet, Tunis ou ce qu\u2019il en reste\u2026"},{"@type":"BreadcrumbList","@id":"https:\/\/www.webdo.tn\/fr\/actualite\/chroniques\/le-billet-de-hatem-bourial-hammamet-tunis-ou-ce-qu-il-en-reste\/186833\/#breadcrumb","itemListElement":[{"@type":"ListItem","position":1,"name":"Accueil","item":"https:\/\/www.webdo.tn\/fr\/"},{"@type":"ListItem","position":2,"name":"Le billet de Hatem Bourial &#8211; Hammamet, Tunis ou ce qu\u2019il en reste\u2026"}]},{"@type":"WebSite","@id":"https:\/\/www.webdo.tn\/fr\/#website","url":"https:\/\/www.webdo.tn\/fr\/","name":"webdo","description":"Tunisie - News en Tunisie et \u00e0 l&#039;international sur Webdo.tn","publisher":{"@id":"https:\/\/www.webdo.tn\/fr\/#organization"},"potentialAction":[{"@type":"SearchAction","target":{"@type":"EntryPoint","urlTemplate":"https:\/\/www.webdo.tn\/fr\/?s={search_term_string}"},"query-input":{"@type":"PropertyValueSpecification","valueRequired":true,"valueName":"search_term_string"}}],"inLanguage":"fr-FR"},{"@type":"Organization","@id":"https:\/\/www.webdo.tn\/fr\/#organization","name":"Webdo","alternateName":"Webdo.tn","url":"https:\/\/www.webdo.tn\/fr\/","logo":{"@type":"ImageObject","inLanguage":"fr-FR","@id":"https:\/\/www.webdo.tn\/fr\/#\/schema\/logo\/image\/","url":"https:\/\/www.webdo.tn\/fr\/wp-content\/uploads\/2025\/06\/Webdo-Tunisie_168377.jpg","contentUrl":"https:\/\/www.webdo.tn\/fr\/wp-content\/uploads\/2025\/06\/Webdo-Tunisie_168377.jpg","width":301,"height":301,"caption":"Webdo"},"image":{"@id":"https:\/\/www.webdo.tn\/fr\/#\/schema\/logo\/image\/"},"sameAs":["https:\/\/www.facebook.com\/webdotn","https:\/\/x.com\/webdo_tn"],"description":"Webdo est un m\u00e9dia num\u00e9rique tunisien fond\u00e9 en 2010, sp\u00e9cialis\u00e9 dans l\u2019actualit\u00e9 nationale et internationale, l\u2019\u00e9conomie, la soci\u00e9t\u00e9 et les analyses politiques. Le site s\u2019adresse \u00e0 un large public francophone et couvre l\u2019information tunisienne en temps r\u00e9el.","email":"redac@webdo.tn","legalName":"YNJ SARL","foundingDate":"2010-09-06","numberOfEmployees":{"@type":"QuantitativeValue","minValue":"11","maxValue":"50"}},{"@type":"Person","@id":"https:\/\/www.webdo.tn\/fr\/#\/schema\/person\/6bc0beba2cd23aec27cb5df85ca2554f","name":"Hatem Bourial","image":{"@type":"ImageObject","inLanguage":"fr-FR","@id":"https:\/\/www.webdo.tn\/fr\/wp-content\/uploads\/2026\/04\/hatem-bourial_avatar-96x96.jpg","url":"https:\/\/www.webdo.tn\/fr\/wp-content\/uploads\/2026\/04\/hatem-bourial_avatar-96x96.jpg","contentUrl":"https:\/\/www.webdo.tn\/fr\/wp-content\/uploads\/2026\/04\/hatem-bourial_avatar-96x96.jpg","caption":"Hatem Bourial"},"description":"Hatem Bourial est journaliste, \u00e9crivain et chroniqueur tunisien. Actif depuis plusieurs d\u00e9cennies, il s\u2019est impos\u00e9 comme un observateur attentif de la soci\u00e9t\u00e9 tunisienne, m\u00ealant dans ses \u00e9crits m\u00e9moire, culture et analyse du quotidien. Auteur de nombreux ouvrages, il d\u00e9veloppe une \u0153uvre \u00e0 la crois\u00e9e du r\u00e9cit, de la po\u00e9sie et de l\u2019observation sociologique. Parall\u00e8lement \u00e0 ses contributions dans la presse, il intervient r\u00e9guli\u00e8rement \u00e0 la radio et dans des espaces culturels, o\u00f9 il explore les enjeux li\u00e9s au patrimoine, \u00e0 l\u2019identit\u00e9 et aux transformations du monde contemporain. \u00c0 travers ses chroniques, Hatem Bourial propose une lecture sensible et approfondie de l\u2019actualit\u00e9, nourrie par une exp\u00e9rience journalistique et litt\u00e9raire reconnue. \ud83d\udd17 Facebook : https:\/\/www.facebook.com\/hatem.bourial.2025","sameAs":["https:\/\/www.facebook.com\/hatem.bourial.2025","https:\/\/fr.wikipedia.org\/wiki\/Fichier:Hatem_Bourial.jpg"],"knowsAbout":["Culture & patrimoine tunisien","Chronique soci\u00e9tale","Litt\u00e9rature & m\u00e9moire","Cin\u00e9ma & critique culturelle","Identit\u00e9 & mutations sociales"],"knowsLanguage":["Arabe","Fran\u00e7ais","Anglais","Italien","Polonais"],"jobTitle":"Journaliste, \u00e9crivain et chroniqueur culturel","worksFor":"Webdo","url":"https:\/\/www.webdo.tn\/fr\/actualite\/author\/hatem-bourial-2\/"}]}},"_links":{"self":[{"href":"https:\/\/www.webdo.tn\/fr\/wp-json\/wp\/v2\/posts\/186833","targetHints":{"allow":["GET"]}}],"collection":[{"href":"https:\/\/www.webdo.tn\/fr\/wp-json\/wp\/v2\/posts"}],"about":[{"href":"https:\/\/www.webdo.tn\/fr\/wp-json\/wp\/v2\/types\/post"}],"author":[{"embeddable":true,"href":"https:\/\/www.webdo.tn\/fr\/wp-json\/wp\/v2\/users\/3229"}],"replies":[{"embeddable":true,"href":"https:\/\/www.webdo.tn\/fr\/wp-json\/wp\/v2\/comments?post=186833"}],"version-history":[{"count":0,"href":"https:\/\/www.webdo.tn\/fr\/wp-json\/wp\/v2\/posts\/186833\/revisions"}],"wp:featuredmedia":[{"embeddable":true,"href":"https:\/\/www.webdo.tn\/fr\/wp-json\/wp\/v2\/media\/333488"}],"wp:attachment":[{"href":"https:\/\/www.webdo.tn\/fr\/wp-json\/wp\/v2\/media?parent=186833"}],"wp:term":[{"taxonomy":"category","embeddable":true,"href":"https:\/\/www.webdo.tn\/fr\/wp-json\/wp\/v2\/categories?post=186833"},{"taxonomy":"post_tag","embeddable":true,"href":"https:\/\/www.webdo.tn\/fr\/wp-json\/wp\/v2\/tags?post=186833"}],"curies":[{"name":"wp","href":"https:\/\/api.w.org\/{rel}","templated":true}]}}