{"id":186831,"date":"2012-06-08T10:36:00","date_gmt":"2012-06-08T10:36:00","guid":{"rendered":"https:\/\/www.webdo.tn\/fr\/blog\/le-billet-de-hatem-bourial-recherche-empire-desesperement\/186831\/"},"modified":"2012-06-08T10:36:00","modified_gmt":"2012-06-08T10:36:00","slug":"le-billet-de-hatem-bourial-recherche-empire-desesperement","status":"publish","type":"post","link":"https:\/\/www.webdo.tn\/fr\/actualite\/chroniques\/le-billet-de-hatem-bourial-recherche-empire-desesperement\/186831\/","title":{"rendered":"Le billet de Hatem Bourial &#8211; Recherche empire d\u00e9sesp\u00e9r\u00e9ment\u2026"},"content":{"rendered":"<p>Si le chef de l\u2019actuel gouvernement a pu d\u00e9frayer la chronique en clamant haut et fort sa nostalgie du califat, l\u2019un de ses ministres vient de se distinguer en appelant \u00e0 l\u2019enseignement de la langue turque dans les \u00e9coles.<\/p>\n<p>Dans les deux cas, il semble y avoir un besoin d\u00e9sesp\u00e9r\u00e9 d\u2019empire : peut-\u00eatre abbasside pour le premier, de toute \u00e9vidence ottoman pour le second.<\/p>\n<p>Ceci sans \u00e9voquer les nombreuses g\u00e9nuflexions, humiliations et baisemains des princes saoudiens et consorts lorsqu\u2019il s\u2019agit, au nom de la fraternit\u00e9 islamique, de leur soutirer quelques p\u00e9trodollars pour la bonne cause.<\/p>\n<p>Dr\u00f4le de mani\u00e8re de se d\u00e9marquer de ce que nos gouvernants actuels ressentent comme l\u2019Empire fran\u00e7ais dont ils cherchent aujourd\u2019hui \u00e0 n\u00e9vrotiquement effacer les traces.<\/p>\n<p>Selon eux \u2013 et c\u2019est presque risible -, pour att\u00e9nuer l\u2019influence fran\u00e7aise en Tunisie, il faudrait mettre en \u0153uvre la \u00ab renaissance \u00bb d\u2019un califat mythique, celle d\u2019un \u00e9mirat fantasm\u00e9 dans le giron des fr\u00e8res du golfe voire d\u2019une r\u00e9gence ottomane tomb\u00e9e dans les oubliettes de l\u2019histoire.<\/p>\n<p>On pourra toujours apr\u00e8s cette \u00e9ni\u00e8me sortie \u2013 cette fois turcophile \u2013 les affubler des surnoms qu\u2019ils m\u00e9ritent : Jebali Dey, Ghanouchi Pacha ou Bach Hamba Laaridh\u2026<\/p>\n<p>Plus s\u00e9rieusement d\u2019o\u00f9 vient ce besoin d\u2019\u00eatre domin\u00e9s pour nos actuels gouvernants ? Pourquoi ne consid\u00e8rent-ils la Tunisie que comme un confetti d\u2019empire et non une nation souveraine ?<\/p>\n<p>Pourquoi en veulent-ils tellement \u00e0 la France dont la haine semble \u00eatre en filigrane de toutes les (mauvaises) d\u00e9cisions qu\u2019ils prennent ?<\/p>\n<p>Sans entrer dans les analyses savantes, il est clair que ce qui rebute nos gouvernants en ce qui concerne la France r\u00e9side en les valeurs \u00e9clair\u00e9es de cette nation et de l\u2019Europe en g\u00e9n\u00e9ral.<\/p>\n<p>L\u2019habeas corpus, ils n\u2019y croient pas ! Sauf bien s\u00fbr lorsqu\u2019ils en furent les b\u00e9n\u00e9ficiaires.<\/p>\n<p>La libert\u00e9 individuelle, l\u2019\u00e9galit\u00e9 entre tous, la fraternit\u00e9 entre les peuples, ils n\u2019y croient pas, lui pr\u00e9f\u00e9rant les th\u00e9ocraties du golfe et les islamistes revanchards du Bosphore.<\/p>\n<p>Tout ce qui les obs\u00e8de, c\u2019est effacer \u2013 en fantasme \u2013 l\u2019influence europ\u00e9enne sur les id\u00e9es des peuples arabes.<\/p>\n<p>Pour eux, il faudrait en quelque sorte revenir \u00e0 une puret\u00e9 virginale \u2013 encore une fois fantasm\u00e9e \u2013 qui aurait pr\u00e9c\u00e9d\u00e9 l\u2019\u00e9poque coloniale.<\/p>\n<p>Pour eux, les ennemis absolus sont des hommes comme Atat\u00fcrk (il a aboli le califat) ou Bourguiba (il a os\u00e9 donner des droits aux femmes) dont il s\u2019agit d\u2019effacer les h\u00e9ritages, voire liquider les h\u00e9ritiers.<\/p>\n<p>Le ministre de l\u2019Education aurait-il jamais parl\u00e9 d\u2019enseigner le turc \u00e0 nos petites t\u00eates brunes et blondes si la Turquie n\u2019\u00e9tait pas sous influence islamiste ?<\/p>\n<p>Les printemps arabes sont en train de mener au pouvoir une vague r\u00e9visionniste sans pr\u00e9c\u00e9dent dans l\u2019histoire contemporaine.<\/p>\n<p>Pour ces n\u00e9o-gouvernants, l\u2019objectif premier est d\u2019expurger notre histoire des tendances r\u00e9formistes \u00e0 l\u2019\u0153uvre depuis pr\u00e8s de deux si\u00e8cles.<\/p>\n<p>Il faut effacer El Afghani, Abderrazak, Haddad, Atat\u00fcrk, Bourguiba pour faire place nette au wahabisme et faire na\u00eetre l\u2019homo islamicus destin\u00e9 \u00e0 dominer le monde.<\/p>\n<p>N\u2019est-ce pas l\u00e0 un ultime avatar des dogmes totalitaires et des th\u00e9ories agressives qui ont domin\u00e9 le vingti\u00e8me si\u00e8cle ?<\/p>\n<p>Dans leur qu\u00eate d\u00e9lirante d\u2019empires auxquels se raccrocher, les islamo-conservateurs disent bien leurs limites et tournent clairement le dos \u00e0 la modernit\u00e9 interculturelle.<\/p>\n<p>Ce faisant, croyant tenir leur revanche sur l\u2019Europe, ils insultent deux si\u00e8cles d\u2019histoire et prennent en otage des peuples qui se croyaient lib\u00e9r\u00e9s et se voient d\u00e9sormais tomb\u00e9s dans l\u2019escarcelle des doctrinaires islamistes de tout poil.<\/p>\n<p>Cette derni\u00e8re lubie de l\u2019enseignement du turc dans nos \u00e9coles tombe \u00e0 point pour d\u00e9masquer davantage les projets qui se d\u00e9ploient contre l\u2019ancrage latin de la Tunisie.<\/p>\n<p>Aveugl\u00e9 par sa doctrine, le ministre qui vient de se distinguer de la sorte aurait mieux fait d\u2019\u00e9tablir un diagnostic sur l\u2019effondrement de notre \u00e9cole r\u00e9publicaine sous les coups de boutoir de quarante ann\u00e9es de bricolage.<\/p>\n<p>Il aurait pu tout autant envisager un plan d\u2019action pour relever l\u2019\u00e9cole et l\u2019extraire de ses incertitudes.<\/p>\n<p>Il aurait pu voir plus loin et envisager \u2013 pourquoi pas ? \u2013 la g\u00e9n\u00e9ralisation de l\u2019anglais ou l\u2019enseignement du mandarin.<\/p>\n<p>Non, monsieur pr\u00e9f\u00e8re introduire le turc. Il doit penser qu\u2019ainsi, il fera la nique au fran\u00e7ais et obtiendra les faveurs de ses fr\u00e8res islamistes turcs.<\/p>\n<p>Pourtant, ce vague ministre se garde bien d\u2019\u00e9clairer certains points :<\/p>\n<p>\tComment cette d\u00e9cision d\u2019enseigner le turc a \u00e9t\u00e9 prise ? L\u2019a-t-elle \u00e9t\u00e9 d\u00e9mocratiquement c\u2019est-\u00e0-dire apr\u00e8s consultation et d\u00e9bat ?<br \/>\n\tA quels besoins, autres que d\u00e9magogiques et d\u00e9lirants, r\u00e9pond cette initiative ? A-t-on pris ne serait-ce que l\u2019avis des \u00e9l\u00e8ves et de leurs parents ?<br \/>\n\tQui va enseigner le turc dans nos \u00e9coles ? Seront-ce des professeurs tunisiens ou bien des coop\u00e9rants turcs ? Et par ricochet, avons-nous besoin d\u2019islamistes turcs dans nos \u00e9coles ?<\/p>\n<p>Beaucoup d\u2019autres questions se posent quant \u00e0 cette initiative psychologiquement correcte, mais techniquement absurde.<\/p>\n<p>Pauvre ministre qui veut nous faire passer des vessies pour des lanternes ! Au lieu de sauver l\u2019enseignement trilingue, il vogue dans le Bosphore de ses fantasmes.<\/p>\n<p>Il aurait eu toute autre allure s\u2019il avait pr\u00f4n\u00e9 l\u2019enseignement du berb\u00e8re dans les \u00e9coles tunisiennes. Mais que voulez-vous, on a l\u2019id\u00e9ologie qu\u2019on peut et les maitres qui vous paient le mieux.<\/p>\n<p>Qu\u2019ajouter ? D\u00e9sormais, la Tro\u00efka a son bey au burnous, ses cheikhs \u00e0 genoux devant les \u00e9mirs du golfe ainsi que ses id\u00e9ologues intempestifs, pr\u00eats \u00e0 d\u00e9gainer leurs cimeterres.<\/p>\n<p>Elle a d\u00e9sormais aussi sa t\u00eate de Turc : une t\u00eate ni bien faite, ni bien pleine qui regarde vers l\u2019Orient et appelle de ses v\u0153ux un imp\u00e9rialisme aussi renaissant que la dictature risible des doctrinaires d\u2019Ennahdha.<\/p>\n","protected":false},"excerpt":{"rendered":"<p>Le billet de Hatem Bourial &#8211; Recherche empire d\u00e9sesp\u00e9r\u00e9ment\u2026<\/p>\n","protected":false},"author":3229,"featured_media":333537,"comment_status":"open","ping_status":"closed","sticky":false,"template":"","format":"standard","meta":{"footnotes":""},"categories":[2596],"tags":[2600],"class_list":["post-186831","post","type-post","status-publish","format-standard","has-post-thumbnail","hentry","category-chroniques","tag-guerre"],"yoast_head":"<!-- This site is optimized with the Yoast SEO Premium plugin v27.5 (Yoast SEO v27.5) - https:\/\/yoast.com\/product\/yoast-seo-premium-wordpress\/ -->\n<title>Le billet de Hatem Bourial - Recherche empire d\u00e9sesp\u00e9r\u00e9ment\u2026<\/title>\n<meta name=\"description\" content=\"Le billet de Hatem Bourial - Recherche empire d\u00e9sesp\u00e9r\u00e9ment\u2026\" \/>\n<link rel=\"canonical\" href=\"https:\/\/www.webdo.tn\/fr\/actualite\/chroniques\/le-billet-de-hatem-bourial-recherche-empire-desesperement\/186831\/\" \/>\n<meta property=\"og:locale\" content=\"fr_FR\" \/>\n<meta property=\"og:type\" content=\"article\" \/>\n<meta property=\"og:title\" content=\"Le billet de Hatem Bourial - Recherche empire d\u00e9sesp\u00e9r\u00e9ment\u2026\" \/>\n<meta property=\"og:description\" content=\"Le billet de Hatem Bourial - Recherche empire d\u00e9sesp\u00e9r\u00e9ment\u2026\" \/>\n<meta property=\"og:url\" content=\"https:\/\/www.webdo.tn\/fr\/actualite\/chroniques\/le-billet-de-hatem-bourial-recherche-empire-desesperement\/186831\/\" \/>\n<meta property=\"og:site_name\" content=\"webdo\" \/>\n<meta property=\"article:publisher\" content=\"https:\/\/www.facebook.com\/webdotn\" \/>\n<meta property=\"article:author\" content=\"https:\/\/www.facebook.com\/hatem.bourial.2025\" \/>\n<meta property=\"article:published_time\" content=\"2012-06-08T10:36:00+00:00\" \/>\n<meta property=\"og:image\" content=\"https:\/\/www.webdo.tn\/fr\/wp-content\/uploads\/2012\/06\/St-Sophie-Istanbul-Turquie-photo-pjsphotos.org_.jpg\" \/>\n\t<meta property=\"og:image:width\" content=\"500\" \/>\n\t<meta property=\"og:image:height\" content=\"284\" \/>\n\t<meta property=\"og:image:type\" content=\"image\/jpeg\" \/>\n<meta name=\"author\" content=\"Hatem Bourial\" \/>\n<meta name=\"twitter:card\" content=\"summary_large_image\" \/>\n<meta name=\"twitter:creator\" content=\"@webdo_tn\" \/>\n<meta name=\"twitter:site\" content=\"@webdo_tn\" \/>\n<meta name=\"twitter:label1\" content=\"\u00c9crit par\" \/>\n\t<meta name=\"twitter:data1\" content=\"Hatem Bourial\" \/>\n\t<meta name=\"twitter:label2\" content=\"Dur\u00e9e de lecture estim\u00e9e\" \/>\n\t<meta name=\"twitter:data2\" content=\"5 minutes\" \/>\n<script type=\"application\/ld+json\" class=\"yoast-schema-graph\">{\"@context\":\"https:\\\/\\\/schema.org\",\"@graph\":[{\"@type\":\"NewsArticle\",\"@id\":\"https:\\\/\\\/www.webdo.tn\\\/fr\\\/actualite\\\/chroniques\\\/le-billet-de-hatem-bourial-recherche-empire-desesperement\\\/186831\\\/#article\",\"isPartOf\":{\"@id\":\"https:\\\/\\\/www.webdo.tn\\\/fr\\\/actualite\\\/chroniques\\\/le-billet-de-hatem-bourial-recherche-empire-desesperement\\\/186831\\\/\"},\"author\":{\"name\":\"Hatem Bourial\",\"@id\":\"https:\\\/\\\/www.webdo.tn\\\/fr\\\/#\\\/schema\\\/person\\\/6bc0beba2cd23aec27cb5df85ca2554f\"},\"headline\":\"Le billet de Hatem Bourial &#8211; Recherche empire d\u00e9sesp\u00e9r\u00e9ment\u2026\",\"datePublished\":\"2012-06-08T10:36:00+00:00\",\"mainEntityOfPage\":{\"@id\":\"https:\\\/\\\/www.webdo.tn\\\/fr\\\/actualite\\\/chroniques\\\/le-billet-de-hatem-bourial-recherche-empire-desesperement\\\/186831\\\/\"},\"wordCount\":1048,\"commentCount\":0,\"publisher\":{\"@id\":\"https:\\\/\\\/www.webdo.tn\\\/fr\\\/#organization\"},\"image\":{\"@id\":\"https:\\\/\\\/www.webdo.tn\\\/fr\\\/actualite\\\/chroniques\\\/le-billet-de-hatem-bourial-recherche-empire-desesperement\\\/186831\\\/#primaryimage\"},\"thumbnailUrl\":\"https:\\\/\\\/www.webdo.tn\\\/fr\\\/wp-content\\\/uploads\\\/2012\\\/06\\\/St-Sophie-Istanbul-Turquie-photo-pjsphotos.org_.jpg\",\"keywords\":[\"guerre\"],\"articleSection\":[\"Chroniques\"],\"inLanguage\":\"fr-FR\"},{\"@type\":\"WebPage\",\"@id\":\"https:\\\/\\\/www.webdo.tn\\\/fr\\\/actualite\\\/chroniques\\\/le-billet-de-hatem-bourial-recherche-empire-desesperement\\\/186831\\\/\",\"url\":\"https:\\\/\\\/www.webdo.tn\\\/fr\\\/actualite\\\/chroniques\\\/le-billet-de-hatem-bourial-recherche-empire-desesperement\\\/186831\\\/\",\"name\":\"Le billet de Hatem Bourial - Recherche empire d\u00e9sesp\u00e9r\u00e9ment\u2026\",\"isPartOf\":{\"@id\":\"https:\\\/\\\/www.webdo.tn\\\/fr\\\/#website\"},\"primaryImageOfPage\":{\"@id\":\"https:\\\/\\\/www.webdo.tn\\\/fr\\\/actualite\\\/chroniques\\\/le-billet-de-hatem-bourial-recherche-empire-desesperement\\\/186831\\\/#primaryimage\"},\"image\":{\"@id\":\"https:\\\/\\\/www.webdo.tn\\\/fr\\\/actualite\\\/chroniques\\\/le-billet-de-hatem-bourial-recherche-empire-desesperement\\\/186831\\\/#primaryimage\"},\"thumbnailUrl\":\"https:\\\/\\\/www.webdo.tn\\\/fr\\\/wp-content\\\/uploads\\\/2012\\\/06\\\/St-Sophie-Istanbul-Turquie-photo-pjsphotos.org_.jpg\",\"datePublished\":\"2012-06-08T10:36:00+00:00\",\"description\":\"Le billet de Hatem Bourial - Recherche empire d\u00e9sesp\u00e9r\u00e9ment\u2026\",\"breadcrumb\":{\"@id\":\"https:\\\/\\\/www.webdo.tn\\\/fr\\\/actualite\\\/chroniques\\\/le-billet-de-hatem-bourial-recherche-empire-desesperement\\\/186831\\\/#breadcrumb\"},\"inLanguage\":\"fr-FR\",\"potentialAction\":[{\"@type\":\"ReadAction\",\"target\":[\"https:\\\/\\\/www.webdo.tn\\\/fr\\\/actualite\\\/chroniques\\\/le-billet-de-hatem-bourial-recherche-empire-desesperement\\\/186831\\\/\"]}]},{\"@type\":\"ImageObject\",\"inLanguage\":\"fr-FR\",\"@id\":\"https:\\\/\\\/www.webdo.tn\\\/fr\\\/actualite\\\/chroniques\\\/le-billet-de-hatem-bourial-recherche-empire-desesperement\\\/186831\\\/#primaryimage\",\"url\":\"https:\\\/\\\/www.webdo.tn\\\/fr\\\/wp-content\\\/uploads\\\/2012\\\/06\\\/St-Sophie-Istanbul-Turquie-photo-pjsphotos.org_.jpg\",\"contentUrl\":\"https:\\\/\\\/www.webdo.tn\\\/fr\\\/wp-content\\\/uploads\\\/2012\\\/06\\\/St-Sophie-Istanbul-Turquie-photo-pjsphotos.org_.jpg\",\"width\":500,\"height\":284,\"caption\":\"Le billet de Hatem Bourial - Recherche empire d\u00e9sesp\u00e9r\u00e9ment\u2026\"},{\"@type\":\"BreadcrumbList\",\"@id\":\"https:\\\/\\\/www.webdo.tn\\\/fr\\\/actualite\\\/chroniques\\\/le-billet-de-hatem-bourial-recherche-empire-desesperement\\\/186831\\\/#breadcrumb\",\"itemListElement\":[{\"@type\":\"ListItem\",\"position\":1,\"name\":\"Accueil\",\"item\":\"https:\\\/\\\/www.webdo.tn\\\/fr\\\/\"},{\"@type\":\"ListItem\",\"position\":2,\"name\":\"Le billet de Hatem Bourial &#8211; Recherche empire d\u00e9sesp\u00e9r\u00e9ment\u2026\"}]},{\"@type\":\"WebSite\",\"@id\":\"https:\\\/\\\/www.webdo.tn\\\/fr\\\/#website\",\"url\":\"https:\\\/\\\/www.webdo.tn\\\/fr\\\/\",\"name\":\"webdo\",\"description\":\"Tunisie - News en Tunisie et \u00e0 l&#039;international sur Webdo.tn\",\"publisher\":{\"@id\":\"https:\\\/\\\/www.webdo.tn\\\/fr\\\/#organization\"},\"potentialAction\":[{\"@type\":\"SearchAction\",\"target\":{\"@type\":\"EntryPoint\",\"urlTemplate\":\"https:\\\/\\\/www.webdo.tn\\\/fr\\\/?s={search_term_string}\"},\"query-input\":{\"@type\":\"PropertyValueSpecification\",\"valueRequired\":true,\"valueName\":\"search_term_string\"}}],\"inLanguage\":\"fr-FR\"},{\"@type\":\"Organization\",\"@id\":\"https:\\\/\\\/www.webdo.tn\\\/fr\\\/#organization\",\"name\":\"Webdo\",\"alternateName\":\"Webdo.tn\",\"url\":\"https:\\\/\\\/www.webdo.tn\\\/fr\\\/\",\"logo\":{\"@type\":\"ImageObject\",\"inLanguage\":\"fr-FR\",\"@id\":\"https:\\\/\\\/www.webdo.tn\\\/fr\\\/#\\\/schema\\\/logo\\\/image\\\/\",\"url\":\"https:\\\/\\\/www.webdo.tn\\\/fr\\\/wp-content\\\/uploads\\\/2025\\\/06\\\/Webdo-Tunisie_168377.jpg\",\"contentUrl\":\"https:\\\/\\\/www.webdo.tn\\\/fr\\\/wp-content\\\/uploads\\\/2025\\\/06\\\/Webdo-Tunisie_168377.jpg\",\"width\":301,\"height\":301,\"caption\":\"Webdo\"},\"image\":{\"@id\":\"https:\\\/\\\/www.webdo.tn\\\/fr\\\/#\\\/schema\\\/logo\\\/image\\\/\"},\"sameAs\":[\"https:\\\/\\\/www.facebook.com\\\/webdotn\",\"https:\\\/\\\/x.com\\\/webdo_tn\"],\"description\":\"Webdo est un m\u00e9dia num\u00e9rique tunisien fond\u00e9 en 2010, sp\u00e9cialis\u00e9 dans l\u2019actualit\u00e9 nationale et internationale, l\u2019\u00e9conomie, la soci\u00e9t\u00e9 et les analyses politiques. Le site s\u2019adresse \u00e0 un large public francophone et couvre l\u2019information tunisienne en temps r\u00e9el.\",\"email\":\"redac@webdo.tn\",\"legalName\":\"YNJ SARL\",\"foundingDate\":\"2010-09-06\",\"numberOfEmployees\":{\"@type\":\"QuantitativeValue\",\"minValue\":\"11\",\"maxValue\":\"50\"}},{\"@type\":\"Person\",\"@id\":\"https:\\\/\\\/www.webdo.tn\\\/fr\\\/#\\\/schema\\\/person\\\/6bc0beba2cd23aec27cb5df85ca2554f\",\"name\":\"Hatem Bourial\",\"image\":{\"@type\":\"ImageObject\",\"inLanguage\":\"fr-FR\",\"@id\":\"https:\\\/\\\/www.webdo.tn\\\/fr\\\/wp-content\\\/uploads\\\/2026\\\/04\\\/hatem-bourial_avatar-96x96.jpg\",\"url\":\"https:\\\/\\\/www.webdo.tn\\\/fr\\\/wp-content\\\/uploads\\\/2026\\\/04\\\/hatem-bourial_avatar-96x96.jpg\",\"contentUrl\":\"https:\\\/\\\/www.webdo.tn\\\/fr\\\/wp-content\\\/uploads\\\/2026\\\/04\\\/hatem-bourial_avatar-96x96.jpg\",\"caption\":\"Hatem Bourial\"},\"description\":\"Hatem Bourial est journaliste, \u00e9crivain et chroniqueur tunisien. Actif depuis plusieurs d\u00e9cennies, il s\u2019est impos\u00e9 comme un observateur attentif de la soci\u00e9t\u00e9 tunisienne, m\u00ealant dans ses \u00e9crits m\u00e9moire, culture et analyse du quotidien. Auteur de nombreux ouvrages, il d\u00e9veloppe une \u0153uvre \u00e0 la crois\u00e9e du r\u00e9cit, de la po\u00e9sie et de l\u2019observation sociologique. Parall\u00e8lement \u00e0 ses contributions dans la presse, il intervient r\u00e9guli\u00e8rement \u00e0 la radio et dans des espaces culturels, o\u00f9 il explore les enjeux li\u00e9s au patrimoine, \u00e0 l\u2019identit\u00e9 et aux transformations du monde contemporain. \u00c0 travers ses chroniques, Hatem Bourial propose une lecture sensible et approfondie de l\u2019actualit\u00e9, nourrie par une exp\u00e9rience journalistique et litt\u00e9raire reconnue. \ud83d\udd17 Facebook : https:\\\/\\\/www.facebook.com\\\/hatem.bourial.2025\",\"sameAs\":[\"https:\\\/\\\/www.facebook.com\\\/hatem.bourial.2025\",\"https:\\\/\\\/fr.wikipedia.org\\\/wiki\\\/Fichier:Hatem_Bourial.jpg\"],\"knowsAbout\":[\"Culture & patrimoine tunisien\",\"Chronique soci\u00e9tale\",\"Litt\u00e9rature & m\u00e9moire\",\"Cin\u00e9ma & critique culturelle\",\"Identit\u00e9 & mutations sociales\"],\"knowsLanguage\":[\"Arabe\",\"Fran\u00e7ais\",\"Anglais\",\"Italien\",\"Polonais\"],\"jobTitle\":\"Journaliste, \u00e9crivain et chroniqueur culturel\",\"worksFor\":\"Webdo\",\"url\":\"https:\\\/\\\/www.webdo.tn\\\/fr\\\/actualite\\\/author\\\/hatem-bourial-2\\\/\"}]}<\/script>\n<!-- \/ Yoast SEO Premium plugin. -->","yoast_head_json":{"title":"Le billet de Hatem Bourial - Recherche empire d\u00e9sesp\u00e9r\u00e9ment\u2026","description":"Le billet de Hatem Bourial - Recherche empire d\u00e9sesp\u00e9r\u00e9ment\u2026","canonical":"https:\/\/www.webdo.tn\/fr\/actualite\/chroniques\/le-billet-de-hatem-bourial-recherche-empire-desesperement\/186831\/","og_locale":"fr_FR","og_type":"article","og_title":"Le billet de Hatem Bourial - Recherche empire d\u00e9sesp\u00e9r\u00e9ment\u2026","og_description":"Le billet de Hatem Bourial - Recherche empire d\u00e9sesp\u00e9r\u00e9ment\u2026","og_url":"https:\/\/www.webdo.tn\/fr\/actualite\/chroniques\/le-billet-de-hatem-bourial-recherche-empire-desesperement\/186831\/","og_site_name":"webdo","article_publisher":"https:\/\/www.facebook.com\/webdotn","article_author":"https:\/\/www.facebook.com\/hatem.bourial.2025","article_published_time":"2012-06-08T10:36:00+00:00","og_image":[{"width":500,"height":284,"url":"https:\/\/www.webdo.tn\/fr\/wp-content\/uploads\/2012\/06\/St-Sophie-Istanbul-Turquie-photo-pjsphotos.org_.jpg","type":"image\/jpeg"}],"author":"Hatem Bourial","twitter_card":"summary_large_image","twitter_creator":"@webdo_tn","twitter_site":"@webdo_tn","twitter_misc":{"\u00c9crit par":"Hatem Bourial","Dur\u00e9e de lecture estim\u00e9e":"5 minutes"},"schema":{"@context":"https:\/\/schema.org","@graph":[{"@type":"NewsArticle","@id":"https:\/\/www.webdo.tn\/fr\/actualite\/chroniques\/le-billet-de-hatem-bourial-recherche-empire-desesperement\/186831\/#article","isPartOf":{"@id":"https:\/\/www.webdo.tn\/fr\/actualite\/chroniques\/le-billet-de-hatem-bourial-recherche-empire-desesperement\/186831\/"},"author":{"name":"Hatem Bourial","@id":"https:\/\/www.webdo.tn\/fr\/#\/schema\/person\/6bc0beba2cd23aec27cb5df85ca2554f"},"headline":"Le billet de Hatem Bourial &#8211; Recherche empire d\u00e9sesp\u00e9r\u00e9ment\u2026","datePublished":"2012-06-08T10:36:00+00:00","mainEntityOfPage":{"@id":"https:\/\/www.webdo.tn\/fr\/actualite\/chroniques\/le-billet-de-hatem-bourial-recherche-empire-desesperement\/186831\/"},"wordCount":1048,"commentCount":0,"publisher":{"@id":"https:\/\/www.webdo.tn\/fr\/#organization"},"image":{"@id":"https:\/\/www.webdo.tn\/fr\/actualite\/chroniques\/le-billet-de-hatem-bourial-recherche-empire-desesperement\/186831\/#primaryimage"},"thumbnailUrl":"https:\/\/www.webdo.tn\/fr\/wp-content\/uploads\/2012\/06\/St-Sophie-Istanbul-Turquie-photo-pjsphotos.org_.jpg","keywords":["guerre"],"articleSection":["Chroniques"],"inLanguage":"fr-FR"},{"@type":"WebPage","@id":"https:\/\/www.webdo.tn\/fr\/actualite\/chroniques\/le-billet-de-hatem-bourial-recherche-empire-desesperement\/186831\/","url":"https:\/\/www.webdo.tn\/fr\/actualite\/chroniques\/le-billet-de-hatem-bourial-recherche-empire-desesperement\/186831\/","name":"Le billet de Hatem Bourial - Recherche empire d\u00e9sesp\u00e9r\u00e9ment\u2026","isPartOf":{"@id":"https:\/\/www.webdo.tn\/fr\/#website"},"primaryImageOfPage":{"@id":"https:\/\/www.webdo.tn\/fr\/actualite\/chroniques\/le-billet-de-hatem-bourial-recherche-empire-desesperement\/186831\/#primaryimage"},"image":{"@id":"https:\/\/www.webdo.tn\/fr\/actualite\/chroniques\/le-billet-de-hatem-bourial-recherche-empire-desesperement\/186831\/#primaryimage"},"thumbnailUrl":"https:\/\/www.webdo.tn\/fr\/wp-content\/uploads\/2012\/06\/St-Sophie-Istanbul-Turquie-photo-pjsphotos.org_.jpg","datePublished":"2012-06-08T10:36:00+00:00","description":"Le billet de Hatem Bourial - Recherche empire d\u00e9sesp\u00e9r\u00e9ment\u2026","breadcrumb":{"@id":"https:\/\/www.webdo.tn\/fr\/actualite\/chroniques\/le-billet-de-hatem-bourial-recherche-empire-desesperement\/186831\/#breadcrumb"},"inLanguage":"fr-FR","potentialAction":[{"@type":"ReadAction","target":["https:\/\/www.webdo.tn\/fr\/actualite\/chroniques\/le-billet-de-hatem-bourial-recherche-empire-desesperement\/186831\/"]}]},{"@type":"ImageObject","inLanguage":"fr-FR","@id":"https:\/\/www.webdo.tn\/fr\/actualite\/chroniques\/le-billet-de-hatem-bourial-recherche-empire-desesperement\/186831\/#primaryimage","url":"https:\/\/www.webdo.tn\/fr\/wp-content\/uploads\/2012\/06\/St-Sophie-Istanbul-Turquie-photo-pjsphotos.org_.jpg","contentUrl":"https:\/\/www.webdo.tn\/fr\/wp-content\/uploads\/2012\/06\/St-Sophie-Istanbul-Turquie-photo-pjsphotos.org_.jpg","width":500,"height":284,"caption":"Le billet de Hatem Bourial - Recherche empire d\u00e9sesp\u00e9r\u00e9ment\u2026"},{"@type":"BreadcrumbList","@id":"https:\/\/www.webdo.tn\/fr\/actualite\/chroniques\/le-billet-de-hatem-bourial-recherche-empire-desesperement\/186831\/#breadcrumb","itemListElement":[{"@type":"ListItem","position":1,"name":"Accueil","item":"https:\/\/www.webdo.tn\/fr\/"},{"@type":"ListItem","position":2,"name":"Le billet de Hatem Bourial &#8211; Recherche empire d\u00e9sesp\u00e9r\u00e9ment\u2026"}]},{"@type":"WebSite","@id":"https:\/\/www.webdo.tn\/fr\/#website","url":"https:\/\/www.webdo.tn\/fr\/","name":"webdo","description":"Tunisie - News en Tunisie et \u00e0 l&#039;international sur Webdo.tn","publisher":{"@id":"https:\/\/www.webdo.tn\/fr\/#organization"},"potentialAction":[{"@type":"SearchAction","target":{"@type":"EntryPoint","urlTemplate":"https:\/\/www.webdo.tn\/fr\/?s={search_term_string}"},"query-input":{"@type":"PropertyValueSpecification","valueRequired":true,"valueName":"search_term_string"}}],"inLanguage":"fr-FR"},{"@type":"Organization","@id":"https:\/\/www.webdo.tn\/fr\/#organization","name":"Webdo","alternateName":"Webdo.tn","url":"https:\/\/www.webdo.tn\/fr\/","logo":{"@type":"ImageObject","inLanguage":"fr-FR","@id":"https:\/\/www.webdo.tn\/fr\/#\/schema\/logo\/image\/","url":"https:\/\/www.webdo.tn\/fr\/wp-content\/uploads\/2025\/06\/Webdo-Tunisie_168377.jpg","contentUrl":"https:\/\/www.webdo.tn\/fr\/wp-content\/uploads\/2025\/06\/Webdo-Tunisie_168377.jpg","width":301,"height":301,"caption":"Webdo"},"image":{"@id":"https:\/\/www.webdo.tn\/fr\/#\/schema\/logo\/image\/"},"sameAs":["https:\/\/www.facebook.com\/webdotn","https:\/\/x.com\/webdo_tn"],"description":"Webdo est un m\u00e9dia num\u00e9rique tunisien fond\u00e9 en 2010, sp\u00e9cialis\u00e9 dans l\u2019actualit\u00e9 nationale et internationale, l\u2019\u00e9conomie, la soci\u00e9t\u00e9 et les analyses politiques. Le site s\u2019adresse \u00e0 un large public francophone et couvre l\u2019information tunisienne en temps r\u00e9el.","email":"redac@webdo.tn","legalName":"YNJ SARL","foundingDate":"2010-09-06","numberOfEmployees":{"@type":"QuantitativeValue","minValue":"11","maxValue":"50"}},{"@type":"Person","@id":"https:\/\/www.webdo.tn\/fr\/#\/schema\/person\/6bc0beba2cd23aec27cb5df85ca2554f","name":"Hatem Bourial","image":{"@type":"ImageObject","inLanguage":"fr-FR","@id":"https:\/\/www.webdo.tn\/fr\/wp-content\/uploads\/2026\/04\/hatem-bourial_avatar-96x96.jpg","url":"https:\/\/www.webdo.tn\/fr\/wp-content\/uploads\/2026\/04\/hatem-bourial_avatar-96x96.jpg","contentUrl":"https:\/\/www.webdo.tn\/fr\/wp-content\/uploads\/2026\/04\/hatem-bourial_avatar-96x96.jpg","caption":"Hatem Bourial"},"description":"Hatem Bourial est journaliste, \u00e9crivain et chroniqueur tunisien. Actif depuis plusieurs d\u00e9cennies, il s\u2019est impos\u00e9 comme un observateur attentif de la soci\u00e9t\u00e9 tunisienne, m\u00ealant dans ses \u00e9crits m\u00e9moire, culture et analyse du quotidien. Auteur de nombreux ouvrages, il d\u00e9veloppe une \u0153uvre \u00e0 la crois\u00e9e du r\u00e9cit, de la po\u00e9sie et de l\u2019observation sociologique. Parall\u00e8lement \u00e0 ses contributions dans la presse, il intervient r\u00e9guli\u00e8rement \u00e0 la radio et dans des espaces culturels, o\u00f9 il explore les enjeux li\u00e9s au patrimoine, \u00e0 l\u2019identit\u00e9 et aux transformations du monde contemporain. \u00c0 travers ses chroniques, Hatem Bourial propose une lecture sensible et approfondie de l\u2019actualit\u00e9, nourrie par une exp\u00e9rience journalistique et litt\u00e9raire reconnue. \ud83d\udd17 Facebook : https:\/\/www.facebook.com\/hatem.bourial.2025","sameAs":["https:\/\/www.facebook.com\/hatem.bourial.2025","https:\/\/fr.wikipedia.org\/wiki\/Fichier:Hatem_Bourial.jpg"],"knowsAbout":["Culture & patrimoine tunisien","Chronique soci\u00e9tale","Litt\u00e9rature & m\u00e9moire","Cin\u00e9ma & critique culturelle","Identit\u00e9 & mutations sociales"],"knowsLanguage":["Arabe","Fran\u00e7ais","Anglais","Italien","Polonais"],"jobTitle":"Journaliste, \u00e9crivain et chroniqueur culturel","worksFor":"Webdo","url":"https:\/\/www.webdo.tn\/fr\/actualite\/author\/hatem-bourial-2\/"}]}},"_links":{"self":[{"href":"https:\/\/www.webdo.tn\/fr\/wp-json\/wp\/v2\/posts\/186831","targetHints":{"allow":["GET"]}}],"collection":[{"href":"https:\/\/www.webdo.tn\/fr\/wp-json\/wp\/v2\/posts"}],"about":[{"href":"https:\/\/www.webdo.tn\/fr\/wp-json\/wp\/v2\/types\/post"}],"author":[{"embeddable":true,"href":"https:\/\/www.webdo.tn\/fr\/wp-json\/wp\/v2\/users\/3229"}],"replies":[{"embeddable":true,"href":"https:\/\/www.webdo.tn\/fr\/wp-json\/wp\/v2\/comments?post=186831"}],"version-history":[{"count":0,"href":"https:\/\/www.webdo.tn\/fr\/wp-json\/wp\/v2\/posts\/186831\/revisions"}],"wp:featuredmedia":[{"embeddable":true,"href":"https:\/\/www.webdo.tn\/fr\/wp-json\/wp\/v2\/media\/333537"}],"wp:attachment":[{"href":"https:\/\/www.webdo.tn\/fr\/wp-json\/wp\/v2\/media?parent=186831"}],"wp:term":[{"taxonomy":"category","embeddable":true,"href":"https:\/\/www.webdo.tn\/fr\/wp-json\/wp\/v2\/categories?post=186831"},{"taxonomy":"post_tag","embeddable":true,"href":"https:\/\/www.webdo.tn\/fr\/wp-json\/wp\/v2\/tags?post=186831"}],"curies":[{"name":"wp","href":"https:\/\/api.w.org\/{rel}","templated":true}]}}