{"id":186830,"date":"2012-04-23T11:35:00","date_gmt":"2012-04-23T11:35:00","guid":{"rendered":"https:\/\/www.webdo.tn\/fr\/blog\/le-billet-de-hatem-bourial-medersas-afghanes-et-bordels-thailandais\/186830\/"},"modified":"2012-04-23T11:35:00","modified_gmt":"2012-04-23T11:35:00","slug":"le-billet-de-hatem-bourial-medersas-afghanes-et-bordels-thailandais","status":"publish","type":"post","link":"https:\/\/www.webdo.tn\/fr\/actualite\/chroniques\/le-billet-de-hatem-bourial-medersas-afghanes-et-bordels-thailandais\/186830\/","title":{"rendered":"Le billet de Hatem Bourial &#8211; Medersas afghanes et bordels tha\u00eflandais"},"content":{"rendered":"<p>\u00c0 mes yeux, ils sont aussi path\u00e9tiques les uns que les autres. Ceux qui, esquivant les difficult\u00e9s du r\u00e9el, se laissent pousser la barbe et ceux qui, install\u00e9s dans le m\u00eame d\u00e9ni, fuient dans l\u2019alcool.<\/p>\n<p>Elles sont tout aussi path\u00e9tiques : celles qui semblent tout droit sorties d\u2019une medersa afghane avec leurs voiles d\u2019un autre monde et celles, d\u00e9nud\u00e9es, dont les voiles vaporeux montrent plus qu\u2019ils ne cachent.<\/p>\n<p>Ces derni\u00e8res semblent se rendre en nuisette vers un bordel tha\u00eflandais et sont aussi scandaleuses, outranci\u00e8res et pornographiques que les illumin\u00e9es en noir.<\/p>\n<p>Comme si les accoutrements pouvaient r\u00e9soudre quoi que ce soit \u00e0 la crise que nous vivons\u2026 Pourquoi se draper d\u2019id\u00e9ologie pour les unes et de l\u00e9g\u00e8ret\u00e9 pour les autres ?<\/p>\n<p>La r\u00e9ponse est limpide : pour fuir en avant, pour \u00e9vacuer le r\u00e9el, pour tourner le dos \u00e0 ce qui nous interpelle dans l\u2019urgence et que personne ne veut regarder en face.<\/p>\n<p>La dr\u00f4le de r\u00e9volution continue et s\u2019assume de plus en plus en tant que r\u00e9visionnisme ciblant l\u2019h\u00e9ritage moderniste de la Tunisie. L\u2019espoir n\u00e9 le 14 janvier 2011 s\u2019\u00e9vapore chaque jour davantage devant le d\u00e9ferlement des cheikhs int\u00e9gristes et des militants fondamentalistes.<\/p>\n<p>Dire que la semaine prochaine, le tristement c\u00e9l\u00e8bre Qardhaoui viendra nous r\u00e9p\u00e9ter que toutes les r\u00e9volutions arabes sont sorties de sa propre abaya\u2026<\/p>\n<p>Les roitelets de toute sorte semblent tenir leur revanche contre la Tunisie. Tous les r\u00e9trogrades du monde arabe et islamique se sont unis, se donnent la main et jubilent : avec la complicit\u00e9 de leurs agents locaux, ils ont mis \u00e0 genoux la Tunisie.<\/p>\n<p>La Tunisie, ce pays qu\u2019ils ha\u00efssent au fond d\u2019eux-m\u00eames, ce pays qu\u2019ils consid\u00e8rent avoir \u00e9t\u00e9 d\u00e9figur\u00e9 par \u00ab les m\u00e9cr\u00e9ants de la g\u00e9n\u00e9ration Bourguiba \u00bb, ce pays qui leur fait peur parce que les femmes y sont libres, ce pays qu\u2019ils redoutent, car il est longtemps demeur\u00e9 la seule r\u00e9publique civile du monde arabe.<\/p>\n<p>La plus douce revanche de tous ces fondamentalistes de l\u2019\u00e9tranger, c\u2019est voir la Tunisie se nier, s\u2019oublier, se m\u00e9prendre, perdre sa singularit\u00e9 et son originalit\u00e9.<\/p>\n<p>D\u00e9cid\u00e9ment, on ne peut pas grand chose lorsqu\u2019il s\u2019agit de lutter contre des p\u00e9trodollars\u2026<\/p>\n<p>Je suis mal plac\u00e9 pour discuter de la libert\u00e9 des uns et des autres. Chacun est majeur, citoyen et \u00e9lecteur et sait ce qu\u2019il (ou elle) fait.<\/p>\n<p>En ce qui me concerne, je suis plut\u00f4t surpris lorsque je vois des enfants voil\u00e9s, des fillettes en niqab. Je suis tout autant circonspect lorsque je vois des fillettes maquill\u00e9es outranci\u00e8rement et d\u00e9guis\u00e9es en Lolitas b\u00e9douines.<\/p>\n<p>Ces enfants sont mineurs et ne doivent pas \u00eatre les jouets de leurs parents. La responsabilit\u00e9 de ces derniers et engag\u00e9e clairement.<\/p>\n<p>Aujourd\u2019hui, la t\u00e9l\u00e9vision montre des enfants voil\u00e9es, des jardins d\u2019enfants ont des \u00e9l\u00e8ves voil\u00e9es. Je trouve cela franchement discutable. J\u2019affirme m\u00eame que cela proc\u00e8de du lavage de cerveaux innocents.<\/p>\n<p>Je ne vais pas ouvrir un d\u00e9bat maintenant. Toutefois, il est temps que la soci\u00e9t\u00e9 civile et les institutions r\u00e9agissent face \u00e0 ces bricolages qui touchent des enfants.<\/p>\n<p>De mani\u00e8re symptomatique, l\u2019un des avocats de la partie civile au Proc\u00e8s Nessma argumentait en affirmant : \u00ab Quand bien m\u00eame il s\u2019agit de l\u2019imaginaire d\u2019un enfant, cela ne doit pas \u00eatre repr\u00e9sent\u00e9, car il affecte l\u2019imaginaire de tous les enfants de l\u2019\u00e2ge de la fillette du film, encore innocente et influen\u00e7able \u00bb.<\/p>\n<p>On ne pourrait mieux dire dans la bouche d\u2019un sympathisant islamiste ! Tous les enfants sont innocents et influen\u00e7ables, et c\u2019est bien pour cela qu\u2019il vaut mieux les garder en dehors et \u00e0 l\u2019abri des options politiques ou id\u00e9ologiques de leurs parents qui eux sont libres d\u2019adopter le look de leur choix.<\/p>\n<p>Libre \u00e0 eux de ressembler aux ombres d\u2019une medersa afghane ou au frou-frou d\u2019un bordel tha\u00eflandais. Qu\u2019ils \u00e9pargnent simplement les enfants\u2026 Et se souviennent que l\u2019islamisme militant n\u2019a pas grand-chose \u00e0 voir avec l\u2019Islam de notre pays\u2026<\/p>\n","protected":false},"excerpt":{"rendered":"<p>Le billet de Hatem Bourial &#8211; Medersas afghanes et bordels tha\u00eflandais<\/p>\n","protected":false},"author":3229,"featured_media":334119,"comment_status":"open","ping_status":"closed","sticky":false,"template":"","format":"standard","meta":{"footnotes":""},"categories":[2596],"tags":[2600],"class_list":["post-186830","post","type-post","status-publish","format-standard","has-post-thumbnail","hentry","category-chroniques","tag-guerre"],"yoast_head":"<!-- This site is optimized with the Yoast SEO Premium plugin v27.5 (Yoast SEO v27.5) - https:\/\/yoast.com\/product\/yoast-seo-premium-wordpress\/ -->\n<title>Le billet de Hatem Bourial - Medersas afghanes et bordels tha\u00eflandais<\/title>\n<meta name=\"description\" content=\"Le billet de Hatem Bourial - Medersas afghanes et bordels tha\u00eflandais\" \/>\n<link rel=\"canonical\" href=\"https:\/\/www.webdo.tn\/fr\/actualite\/chroniques\/le-billet-de-hatem-bourial-medersas-afghanes-et-bordels-thailandais\/186830\/\" \/>\n<meta property=\"og:locale\" content=\"fr_FR\" \/>\n<meta property=\"og:type\" content=\"article\" \/>\n<meta property=\"og:title\" content=\"Le billet de Hatem Bourial - Medersas afghanes et bordels tha\u00eflandais\" \/>\n<meta property=\"og:description\" content=\"Le billet de Hatem Bourial - Medersas afghanes et bordels tha\u00eflandais\" \/>\n<meta property=\"og:url\" content=\"https:\/\/www.webdo.tn\/fr\/actualite\/chroniques\/le-billet-de-hatem-bourial-medersas-afghanes-et-bordels-thailandais\/186830\/\" \/>\n<meta property=\"og:site_name\" content=\"webdo\" \/>\n<meta property=\"article:publisher\" content=\"https:\/\/www.facebook.com\/webdotn\" \/>\n<meta property=\"article:author\" content=\"https:\/\/www.facebook.com\/hatem.bourial.2025\" \/>\n<meta property=\"article:published_time\" content=\"2012-04-23T11:35:00+00:00\" \/>\n<meta property=\"og:image\" content=\"https:\/\/www.webdo.tn\/fr\/wp-content\/uploads\/2012\/04\/Niqab-Kairouan-photo-H.B.jpg\" \/>\n\t<meta property=\"og:image:width\" content=\"257\" \/>\n\t<meta property=\"og:image:height\" content=\"343\" \/>\n\t<meta property=\"og:image:type\" content=\"image\/jpeg\" \/>\n<meta name=\"author\" content=\"Hatem Bourial\" \/>\n<meta name=\"twitter:card\" content=\"summary_large_image\" \/>\n<meta name=\"twitter:creator\" content=\"@webdo_tn\" \/>\n<meta name=\"twitter:site\" content=\"@webdo_tn\" \/>\n<meta name=\"twitter:label1\" content=\"\u00c9crit par\" \/>\n\t<meta name=\"twitter:data1\" content=\"Hatem Bourial\" \/>\n\t<meta name=\"twitter:label2\" content=\"Dur\u00e9e de lecture estim\u00e9e\" \/>\n\t<meta name=\"twitter:data2\" content=\"4 minutes\" \/>\n<script type=\"application\/ld+json\" class=\"yoast-schema-graph\">{\"@context\":\"https:\\\/\\\/schema.org\",\"@graph\":[{\"@type\":\"NewsArticle\",\"@id\":\"https:\\\/\\\/www.webdo.tn\\\/fr\\\/actualite\\\/chroniques\\\/le-billet-de-hatem-bourial-medersas-afghanes-et-bordels-thailandais\\\/186830\\\/#article\",\"isPartOf\":{\"@id\":\"https:\\\/\\\/www.webdo.tn\\\/fr\\\/actualite\\\/chroniques\\\/le-billet-de-hatem-bourial-medersas-afghanes-et-bordels-thailandais\\\/186830\\\/\"},\"author\":{\"name\":\"Hatem Bourial\",\"@id\":\"https:\\\/\\\/www.webdo.tn\\\/fr\\\/#\\\/schema\\\/person\\\/6bc0beba2cd23aec27cb5df85ca2554f\"},\"headline\":\"Le billet de Hatem Bourial &#8211; Medersas afghanes et bordels tha\u00eflandais\",\"datePublished\":\"2012-04-23T11:35:00+00:00\",\"mainEntityOfPage\":{\"@id\":\"https:\\\/\\\/www.webdo.tn\\\/fr\\\/actualite\\\/chroniques\\\/le-billet-de-hatem-bourial-medersas-afghanes-et-bordels-thailandais\\\/186830\\\/\"},\"wordCount\":740,\"commentCount\":0,\"publisher\":{\"@id\":\"https:\\\/\\\/www.webdo.tn\\\/fr\\\/#organization\"},\"image\":{\"@id\":\"https:\\\/\\\/www.webdo.tn\\\/fr\\\/actualite\\\/chroniques\\\/le-billet-de-hatem-bourial-medersas-afghanes-et-bordels-thailandais\\\/186830\\\/#primaryimage\"},\"thumbnailUrl\":\"https:\\\/\\\/www.webdo.tn\\\/fr\\\/wp-content\\\/uploads\\\/2012\\\/04\\\/Niqab-Kairouan-photo-H.B.jpg\",\"keywords\":[\"guerre\"],\"articleSection\":[\"Chroniques\"],\"inLanguage\":\"fr-FR\"},{\"@type\":\"WebPage\",\"@id\":\"https:\\\/\\\/www.webdo.tn\\\/fr\\\/actualite\\\/chroniques\\\/le-billet-de-hatem-bourial-medersas-afghanes-et-bordels-thailandais\\\/186830\\\/\",\"url\":\"https:\\\/\\\/www.webdo.tn\\\/fr\\\/actualite\\\/chroniques\\\/le-billet-de-hatem-bourial-medersas-afghanes-et-bordels-thailandais\\\/186830\\\/\",\"name\":\"Le billet de Hatem Bourial - Medersas afghanes et bordels tha\u00eflandais\",\"isPartOf\":{\"@id\":\"https:\\\/\\\/www.webdo.tn\\\/fr\\\/#website\"},\"primaryImageOfPage\":{\"@id\":\"https:\\\/\\\/www.webdo.tn\\\/fr\\\/actualite\\\/chroniques\\\/le-billet-de-hatem-bourial-medersas-afghanes-et-bordels-thailandais\\\/186830\\\/#primaryimage\"},\"image\":{\"@id\":\"https:\\\/\\\/www.webdo.tn\\\/fr\\\/actualite\\\/chroniques\\\/le-billet-de-hatem-bourial-medersas-afghanes-et-bordels-thailandais\\\/186830\\\/#primaryimage\"},\"thumbnailUrl\":\"https:\\\/\\\/www.webdo.tn\\\/fr\\\/wp-content\\\/uploads\\\/2012\\\/04\\\/Niqab-Kairouan-photo-H.B.jpg\",\"datePublished\":\"2012-04-23T11:35:00+00:00\",\"description\":\"Le billet de Hatem Bourial - Medersas afghanes et bordels tha\u00eflandais\",\"breadcrumb\":{\"@id\":\"https:\\\/\\\/www.webdo.tn\\\/fr\\\/actualite\\\/chroniques\\\/le-billet-de-hatem-bourial-medersas-afghanes-et-bordels-thailandais\\\/186830\\\/#breadcrumb\"},\"inLanguage\":\"fr-FR\",\"potentialAction\":[{\"@type\":\"ReadAction\",\"target\":[\"https:\\\/\\\/www.webdo.tn\\\/fr\\\/actualite\\\/chroniques\\\/le-billet-de-hatem-bourial-medersas-afghanes-et-bordels-thailandais\\\/186830\\\/\"]}]},{\"@type\":\"ImageObject\",\"inLanguage\":\"fr-FR\",\"@id\":\"https:\\\/\\\/www.webdo.tn\\\/fr\\\/actualite\\\/chroniques\\\/le-billet-de-hatem-bourial-medersas-afghanes-et-bordels-thailandais\\\/186830\\\/#primaryimage\",\"url\":\"https:\\\/\\\/www.webdo.tn\\\/fr\\\/wp-content\\\/uploads\\\/2012\\\/04\\\/Niqab-Kairouan-photo-H.B.jpg\",\"contentUrl\":\"https:\\\/\\\/www.webdo.tn\\\/fr\\\/wp-content\\\/uploads\\\/2012\\\/04\\\/Niqab-Kairouan-photo-H.B.jpg\",\"width\":257,\"height\":343,\"caption\":\"Le billet de Hatem Bourial - Medersas afghanes et bordels tha\u00eflandais\"},{\"@type\":\"BreadcrumbList\",\"@id\":\"https:\\\/\\\/www.webdo.tn\\\/fr\\\/actualite\\\/chroniques\\\/le-billet-de-hatem-bourial-medersas-afghanes-et-bordels-thailandais\\\/186830\\\/#breadcrumb\",\"itemListElement\":[{\"@type\":\"ListItem\",\"position\":1,\"name\":\"Accueil\",\"item\":\"https:\\\/\\\/www.webdo.tn\\\/fr\\\/\"},{\"@type\":\"ListItem\",\"position\":2,\"name\":\"Le billet de Hatem Bourial &#8211; Medersas afghanes et bordels tha\u00eflandais\"}]},{\"@type\":\"WebSite\",\"@id\":\"https:\\\/\\\/www.webdo.tn\\\/fr\\\/#website\",\"url\":\"https:\\\/\\\/www.webdo.tn\\\/fr\\\/\",\"name\":\"webdo\",\"description\":\"Tunisie - News en Tunisie et \u00e0 l&#039;international sur Webdo.tn\",\"publisher\":{\"@id\":\"https:\\\/\\\/www.webdo.tn\\\/fr\\\/#organization\"},\"potentialAction\":[{\"@type\":\"SearchAction\",\"target\":{\"@type\":\"EntryPoint\",\"urlTemplate\":\"https:\\\/\\\/www.webdo.tn\\\/fr\\\/?s={search_term_string}\"},\"query-input\":{\"@type\":\"PropertyValueSpecification\",\"valueRequired\":true,\"valueName\":\"search_term_string\"}}],\"inLanguage\":\"fr-FR\"},{\"@type\":\"Organization\",\"@id\":\"https:\\\/\\\/www.webdo.tn\\\/fr\\\/#organization\",\"name\":\"Webdo\",\"alternateName\":\"Webdo.tn\",\"url\":\"https:\\\/\\\/www.webdo.tn\\\/fr\\\/\",\"logo\":{\"@type\":\"ImageObject\",\"inLanguage\":\"fr-FR\",\"@id\":\"https:\\\/\\\/www.webdo.tn\\\/fr\\\/#\\\/schema\\\/logo\\\/image\\\/\",\"url\":\"https:\\\/\\\/www.webdo.tn\\\/fr\\\/wp-content\\\/uploads\\\/2025\\\/06\\\/Webdo-Tunisie_168377.jpg\",\"contentUrl\":\"https:\\\/\\\/www.webdo.tn\\\/fr\\\/wp-content\\\/uploads\\\/2025\\\/06\\\/Webdo-Tunisie_168377.jpg\",\"width\":301,\"height\":301,\"caption\":\"Webdo\"},\"image\":{\"@id\":\"https:\\\/\\\/www.webdo.tn\\\/fr\\\/#\\\/schema\\\/logo\\\/image\\\/\"},\"sameAs\":[\"https:\\\/\\\/www.facebook.com\\\/webdotn\",\"https:\\\/\\\/x.com\\\/webdo_tn\"],\"description\":\"Webdo est un m\u00e9dia num\u00e9rique tunisien fond\u00e9 en 2010, sp\u00e9cialis\u00e9 dans l\u2019actualit\u00e9 nationale et internationale, l\u2019\u00e9conomie, la soci\u00e9t\u00e9 et les analyses politiques. Le site s\u2019adresse \u00e0 un large public francophone et couvre l\u2019information tunisienne en temps r\u00e9el.\",\"email\":\"redac@webdo.tn\",\"legalName\":\"YNJ SARL\",\"foundingDate\":\"2010-09-06\",\"numberOfEmployees\":{\"@type\":\"QuantitativeValue\",\"minValue\":\"11\",\"maxValue\":\"50\"}},{\"@type\":\"Person\",\"@id\":\"https:\\\/\\\/www.webdo.tn\\\/fr\\\/#\\\/schema\\\/person\\\/6bc0beba2cd23aec27cb5df85ca2554f\",\"name\":\"Hatem Bourial\",\"image\":{\"@type\":\"ImageObject\",\"inLanguage\":\"fr-FR\",\"@id\":\"https:\\\/\\\/www.webdo.tn\\\/fr\\\/wp-content\\\/uploads\\\/2026\\\/04\\\/hatem-bourial_avatar-96x96.jpg\",\"url\":\"https:\\\/\\\/www.webdo.tn\\\/fr\\\/wp-content\\\/uploads\\\/2026\\\/04\\\/hatem-bourial_avatar-96x96.jpg\",\"contentUrl\":\"https:\\\/\\\/www.webdo.tn\\\/fr\\\/wp-content\\\/uploads\\\/2026\\\/04\\\/hatem-bourial_avatar-96x96.jpg\",\"caption\":\"Hatem Bourial\"},\"description\":\"Hatem Bourial est journaliste, \u00e9crivain et chroniqueur tunisien. Actif depuis plusieurs d\u00e9cennies, il s\u2019est impos\u00e9 comme un observateur attentif de la soci\u00e9t\u00e9 tunisienne, m\u00ealant dans ses \u00e9crits m\u00e9moire, culture et analyse du quotidien. Auteur de nombreux ouvrages, il d\u00e9veloppe une \u0153uvre \u00e0 la crois\u00e9e du r\u00e9cit, de la po\u00e9sie et de l\u2019observation sociologique. Parall\u00e8lement \u00e0 ses contributions dans la presse, il intervient r\u00e9guli\u00e8rement \u00e0 la radio et dans des espaces culturels, o\u00f9 il explore les enjeux li\u00e9s au patrimoine, \u00e0 l\u2019identit\u00e9 et aux transformations du monde contemporain. \u00c0 travers ses chroniques, Hatem Bourial propose une lecture sensible et approfondie de l\u2019actualit\u00e9, nourrie par une exp\u00e9rience journalistique et litt\u00e9raire reconnue. \ud83d\udd17 Facebook : https:\\\/\\\/www.facebook.com\\\/hatem.bourial.2025\",\"sameAs\":[\"https:\\\/\\\/www.facebook.com\\\/hatem.bourial.2025\",\"https:\\\/\\\/fr.wikipedia.org\\\/wiki\\\/Fichier:Hatem_Bourial.jpg\"],\"knowsAbout\":[\"Culture & patrimoine tunisien\",\"Chronique soci\u00e9tale\",\"Litt\u00e9rature & m\u00e9moire\",\"Cin\u00e9ma & critique culturelle\",\"Identit\u00e9 & mutations sociales\"],\"knowsLanguage\":[\"Arabe\",\"Fran\u00e7ais\",\"Anglais\",\"Italien\",\"Polonais\"],\"jobTitle\":\"Journaliste, \u00e9crivain et chroniqueur culturel\",\"worksFor\":\"Webdo\",\"url\":\"https:\\\/\\\/www.webdo.tn\\\/fr\\\/actualite\\\/author\\\/hatem-bourial-2\\\/\"}]}<\/script>\n<!-- \/ Yoast SEO Premium plugin. -->","yoast_head_json":{"title":"Le billet de Hatem Bourial - Medersas afghanes et bordels tha\u00eflandais","description":"Le billet de Hatem Bourial - Medersas afghanes et bordels tha\u00eflandais","canonical":"https:\/\/www.webdo.tn\/fr\/actualite\/chroniques\/le-billet-de-hatem-bourial-medersas-afghanes-et-bordels-thailandais\/186830\/","og_locale":"fr_FR","og_type":"article","og_title":"Le billet de Hatem Bourial - Medersas afghanes et bordels tha\u00eflandais","og_description":"Le billet de Hatem Bourial - Medersas afghanes et bordels tha\u00eflandais","og_url":"https:\/\/www.webdo.tn\/fr\/actualite\/chroniques\/le-billet-de-hatem-bourial-medersas-afghanes-et-bordels-thailandais\/186830\/","og_site_name":"webdo","article_publisher":"https:\/\/www.facebook.com\/webdotn","article_author":"https:\/\/www.facebook.com\/hatem.bourial.2025","article_published_time":"2012-04-23T11:35:00+00:00","og_image":[{"width":257,"height":343,"url":"https:\/\/www.webdo.tn\/fr\/wp-content\/uploads\/2012\/04\/Niqab-Kairouan-photo-H.B.jpg","type":"image\/jpeg"}],"author":"Hatem Bourial","twitter_card":"summary_large_image","twitter_creator":"@webdo_tn","twitter_site":"@webdo_tn","twitter_misc":{"\u00c9crit par":"Hatem Bourial","Dur\u00e9e de lecture estim\u00e9e":"4 minutes"},"schema":{"@context":"https:\/\/schema.org","@graph":[{"@type":"NewsArticle","@id":"https:\/\/www.webdo.tn\/fr\/actualite\/chroniques\/le-billet-de-hatem-bourial-medersas-afghanes-et-bordels-thailandais\/186830\/#article","isPartOf":{"@id":"https:\/\/www.webdo.tn\/fr\/actualite\/chroniques\/le-billet-de-hatem-bourial-medersas-afghanes-et-bordels-thailandais\/186830\/"},"author":{"name":"Hatem Bourial","@id":"https:\/\/www.webdo.tn\/fr\/#\/schema\/person\/6bc0beba2cd23aec27cb5df85ca2554f"},"headline":"Le billet de Hatem Bourial &#8211; Medersas afghanes et bordels tha\u00eflandais","datePublished":"2012-04-23T11:35:00+00:00","mainEntityOfPage":{"@id":"https:\/\/www.webdo.tn\/fr\/actualite\/chroniques\/le-billet-de-hatem-bourial-medersas-afghanes-et-bordels-thailandais\/186830\/"},"wordCount":740,"commentCount":0,"publisher":{"@id":"https:\/\/www.webdo.tn\/fr\/#organization"},"image":{"@id":"https:\/\/www.webdo.tn\/fr\/actualite\/chroniques\/le-billet-de-hatem-bourial-medersas-afghanes-et-bordels-thailandais\/186830\/#primaryimage"},"thumbnailUrl":"https:\/\/www.webdo.tn\/fr\/wp-content\/uploads\/2012\/04\/Niqab-Kairouan-photo-H.B.jpg","keywords":["guerre"],"articleSection":["Chroniques"],"inLanguage":"fr-FR"},{"@type":"WebPage","@id":"https:\/\/www.webdo.tn\/fr\/actualite\/chroniques\/le-billet-de-hatem-bourial-medersas-afghanes-et-bordels-thailandais\/186830\/","url":"https:\/\/www.webdo.tn\/fr\/actualite\/chroniques\/le-billet-de-hatem-bourial-medersas-afghanes-et-bordels-thailandais\/186830\/","name":"Le billet de Hatem Bourial - Medersas afghanes et bordels tha\u00eflandais","isPartOf":{"@id":"https:\/\/www.webdo.tn\/fr\/#website"},"primaryImageOfPage":{"@id":"https:\/\/www.webdo.tn\/fr\/actualite\/chroniques\/le-billet-de-hatem-bourial-medersas-afghanes-et-bordels-thailandais\/186830\/#primaryimage"},"image":{"@id":"https:\/\/www.webdo.tn\/fr\/actualite\/chroniques\/le-billet-de-hatem-bourial-medersas-afghanes-et-bordels-thailandais\/186830\/#primaryimage"},"thumbnailUrl":"https:\/\/www.webdo.tn\/fr\/wp-content\/uploads\/2012\/04\/Niqab-Kairouan-photo-H.B.jpg","datePublished":"2012-04-23T11:35:00+00:00","description":"Le billet de Hatem Bourial - Medersas afghanes et bordels tha\u00eflandais","breadcrumb":{"@id":"https:\/\/www.webdo.tn\/fr\/actualite\/chroniques\/le-billet-de-hatem-bourial-medersas-afghanes-et-bordels-thailandais\/186830\/#breadcrumb"},"inLanguage":"fr-FR","potentialAction":[{"@type":"ReadAction","target":["https:\/\/www.webdo.tn\/fr\/actualite\/chroniques\/le-billet-de-hatem-bourial-medersas-afghanes-et-bordels-thailandais\/186830\/"]}]},{"@type":"ImageObject","inLanguage":"fr-FR","@id":"https:\/\/www.webdo.tn\/fr\/actualite\/chroniques\/le-billet-de-hatem-bourial-medersas-afghanes-et-bordels-thailandais\/186830\/#primaryimage","url":"https:\/\/www.webdo.tn\/fr\/wp-content\/uploads\/2012\/04\/Niqab-Kairouan-photo-H.B.jpg","contentUrl":"https:\/\/www.webdo.tn\/fr\/wp-content\/uploads\/2012\/04\/Niqab-Kairouan-photo-H.B.jpg","width":257,"height":343,"caption":"Le billet de Hatem Bourial - Medersas afghanes et bordels tha\u00eflandais"},{"@type":"BreadcrumbList","@id":"https:\/\/www.webdo.tn\/fr\/actualite\/chroniques\/le-billet-de-hatem-bourial-medersas-afghanes-et-bordels-thailandais\/186830\/#breadcrumb","itemListElement":[{"@type":"ListItem","position":1,"name":"Accueil","item":"https:\/\/www.webdo.tn\/fr\/"},{"@type":"ListItem","position":2,"name":"Le billet de Hatem Bourial &#8211; Medersas afghanes et bordels tha\u00eflandais"}]},{"@type":"WebSite","@id":"https:\/\/www.webdo.tn\/fr\/#website","url":"https:\/\/www.webdo.tn\/fr\/","name":"webdo","description":"Tunisie - News en Tunisie et \u00e0 l&#039;international sur Webdo.tn","publisher":{"@id":"https:\/\/www.webdo.tn\/fr\/#organization"},"potentialAction":[{"@type":"SearchAction","target":{"@type":"EntryPoint","urlTemplate":"https:\/\/www.webdo.tn\/fr\/?s={search_term_string}"},"query-input":{"@type":"PropertyValueSpecification","valueRequired":true,"valueName":"search_term_string"}}],"inLanguage":"fr-FR"},{"@type":"Organization","@id":"https:\/\/www.webdo.tn\/fr\/#organization","name":"Webdo","alternateName":"Webdo.tn","url":"https:\/\/www.webdo.tn\/fr\/","logo":{"@type":"ImageObject","inLanguage":"fr-FR","@id":"https:\/\/www.webdo.tn\/fr\/#\/schema\/logo\/image\/","url":"https:\/\/www.webdo.tn\/fr\/wp-content\/uploads\/2025\/06\/Webdo-Tunisie_168377.jpg","contentUrl":"https:\/\/www.webdo.tn\/fr\/wp-content\/uploads\/2025\/06\/Webdo-Tunisie_168377.jpg","width":301,"height":301,"caption":"Webdo"},"image":{"@id":"https:\/\/www.webdo.tn\/fr\/#\/schema\/logo\/image\/"},"sameAs":["https:\/\/www.facebook.com\/webdotn","https:\/\/x.com\/webdo_tn"],"description":"Webdo est un m\u00e9dia num\u00e9rique tunisien fond\u00e9 en 2010, sp\u00e9cialis\u00e9 dans l\u2019actualit\u00e9 nationale et internationale, l\u2019\u00e9conomie, la soci\u00e9t\u00e9 et les analyses politiques. Le site s\u2019adresse \u00e0 un large public francophone et couvre l\u2019information tunisienne en temps r\u00e9el.","email":"redac@webdo.tn","legalName":"YNJ SARL","foundingDate":"2010-09-06","numberOfEmployees":{"@type":"QuantitativeValue","minValue":"11","maxValue":"50"}},{"@type":"Person","@id":"https:\/\/www.webdo.tn\/fr\/#\/schema\/person\/6bc0beba2cd23aec27cb5df85ca2554f","name":"Hatem Bourial","image":{"@type":"ImageObject","inLanguage":"fr-FR","@id":"https:\/\/www.webdo.tn\/fr\/wp-content\/uploads\/2026\/04\/hatem-bourial_avatar-96x96.jpg","url":"https:\/\/www.webdo.tn\/fr\/wp-content\/uploads\/2026\/04\/hatem-bourial_avatar-96x96.jpg","contentUrl":"https:\/\/www.webdo.tn\/fr\/wp-content\/uploads\/2026\/04\/hatem-bourial_avatar-96x96.jpg","caption":"Hatem Bourial"},"description":"Hatem Bourial est journaliste, \u00e9crivain et chroniqueur tunisien. Actif depuis plusieurs d\u00e9cennies, il s\u2019est impos\u00e9 comme un observateur attentif de la soci\u00e9t\u00e9 tunisienne, m\u00ealant dans ses \u00e9crits m\u00e9moire, culture et analyse du quotidien. Auteur de nombreux ouvrages, il d\u00e9veloppe une \u0153uvre \u00e0 la crois\u00e9e du r\u00e9cit, de la po\u00e9sie et de l\u2019observation sociologique. Parall\u00e8lement \u00e0 ses contributions dans la presse, il intervient r\u00e9guli\u00e8rement \u00e0 la radio et dans des espaces culturels, o\u00f9 il explore les enjeux li\u00e9s au patrimoine, \u00e0 l\u2019identit\u00e9 et aux transformations du monde contemporain. \u00c0 travers ses chroniques, Hatem Bourial propose une lecture sensible et approfondie de l\u2019actualit\u00e9, nourrie par une exp\u00e9rience journalistique et litt\u00e9raire reconnue. \ud83d\udd17 Facebook : https:\/\/www.facebook.com\/hatem.bourial.2025","sameAs":["https:\/\/www.facebook.com\/hatem.bourial.2025","https:\/\/fr.wikipedia.org\/wiki\/Fichier:Hatem_Bourial.jpg"],"knowsAbout":["Culture & patrimoine tunisien","Chronique soci\u00e9tale","Litt\u00e9rature & m\u00e9moire","Cin\u00e9ma & critique culturelle","Identit\u00e9 & mutations sociales"],"knowsLanguage":["Arabe","Fran\u00e7ais","Anglais","Italien","Polonais"],"jobTitle":"Journaliste, \u00e9crivain et chroniqueur culturel","worksFor":"Webdo","url":"https:\/\/www.webdo.tn\/fr\/actualite\/author\/hatem-bourial-2\/"}]}},"_links":{"self":[{"href":"https:\/\/www.webdo.tn\/fr\/wp-json\/wp\/v2\/posts\/186830","targetHints":{"allow":["GET"]}}],"collection":[{"href":"https:\/\/www.webdo.tn\/fr\/wp-json\/wp\/v2\/posts"}],"about":[{"href":"https:\/\/www.webdo.tn\/fr\/wp-json\/wp\/v2\/types\/post"}],"author":[{"embeddable":true,"href":"https:\/\/www.webdo.tn\/fr\/wp-json\/wp\/v2\/users\/3229"}],"replies":[{"embeddable":true,"href":"https:\/\/www.webdo.tn\/fr\/wp-json\/wp\/v2\/comments?post=186830"}],"version-history":[{"count":0,"href":"https:\/\/www.webdo.tn\/fr\/wp-json\/wp\/v2\/posts\/186830\/revisions"}],"wp:featuredmedia":[{"embeddable":true,"href":"https:\/\/www.webdo.tn\/fr\/wp-json\/wp\/v2\/media\/334119"}],"wp:attachment":[{"href":"https:\/\/www.webdo.tn\/fr\/wp-json\/wp\/v2\/media?parent=186830"}],"wp:term":[{"taxonomy":"category","embeddable":true,"href":"https:\/\/www.webdo.tn\/fr\/wp-json\/wp\/v2\/categories?post=186830"},{"taxonomy":"post_tag","embeddable":true,"href":"https:\/\/www.webdo.tn\/fr\/wp-json\/wp\/v2\/tags?post=186830"}],"curies":[{"name":"wp","href":"https:\/\/api.w.org\/{rel}","templated":true}]}}