{"id":186806,"date":"2011-11-17T21:45:00","date_gmt":"2011-11-17T21:45:00","guid":{"rendered":"https:\/\/www.webdo.tn\/fr\/blog\/rebonds-troublantes-gesticulations\/186806\/"},"modified":"2011-11-17T21:45:00","modified_gmt":"2011-11-17T21:45:00","slug":"rebonds-troublantes-gesticulations","status":"publish","type":"post","link":"https:\/\/www.webdo.tn\/fr\/actualite\/chroniques\/rebonds-troublantes-gesticulations\/186806\/","title":{"rendered":"Rebonds &#8211; Troublantes gesticulations"},"content":{"rendered":"<p>Certaines co\u00efncidences sont troublantes. Elles vous laissent perplexe, d\u00e9muni voire totalement sur le carreau.<\/p>\n<p>Voici un premier ministre en puissance qui se lance dans un \u00e9loge du califat. Ses propos peuvent-ils s&rsquo;\u00e9loigner \u00e0 ce point du lien r\u00e9publicain ? Rassure-t-il par ces envol\u00e9es l&rsquo;aile radicale de son mouvement qui -justement- remet en question notre R\u00e9publique ? L&rsquo;homme est loin d&rsquo;\u00eatre un amateur et ses dires, m\u00eame temp\u00e9r\u00e9s par une reculade tacticienne, sont loin d&rsquo;\u00eatre gratuits. Troublant!<\/p>\n<p>Voici un militant historique oppos\u00e9 de longue date au Destour et aujourd&rsquo;hui alli\u00e9 strat\u00e9gique des vainqueurs islamistes. Apr\u00e8s les premiers jours de la R\u00e9volution, il s&rsquo;est donn\u00e9 en spectacle, au point de fr\u00f4ler le ridicule, sur tous les plateaux de t\u00e9l\u00e9vision francais, affirmant \u00e0 qui voulait bien l&rsquo;entendre qu&rsquo;il serait le prochain pr\u00e9sident de la Tunisie. Ensuite, il s&rsquo;est fait porter en triomphe \u00e0 l&rsquo;a\u00e9roport dans un moment fort th\u00e9\u00e2tral, mais peu convaincant.<\/p>\n<p>Aujourd&rsquo;hui, il n&rsquo;en d\u00e9mord pas. Il veut \u00eatre pr\u00e9sident et on dirait qu&rsquo;il n&rsquo;y a que le fauteuil qui l&rsquo;int\u00e9resse. Tout aussi troublant! Et ceci me laisse d&rsquo;autant plus perplexe qu&rsquo;ayant connu l&rsquo;homme, je peux t\u00e9moigner que la modestie ne l&rsquo;\u00e9touffe pas.<\/p>\n<p>Voici donc deux alli\u00e9s, deux hommes qui se sont entendus pour se r\u00e9partir les hautes fonctions de la R\u00e9publique et qui, pour le premier, nous dit son d\u00e9sir de th\u00e9ocratie et pour le second succombe \u00e0 son \u00e9gol\u00e2trie. Troublant surtout lorsqu&rsquo;on sait que ces honorables politiciens se comparent d\u00e9j\u00e0 \u00e0 Mandela, Lula ou Walesa&#8230;<\/p>\n<p>En face de ces deux hommes qui nous promettent la d\u00e9mocratie, d&rsquo;autres hommes sont pour leur part inqui\u00e9t\u00e9s. Et cela aussi me trouble.<\/p>\n<p>Pourquoi cherche-t-on \u00e0 trainer Abdesslem Jrad dans la boue ? Et d&rsquo;abord que veut cet avocat, Abderaouf Ayadi, qui roule notoirement pour un parti politique ? En veut-on \u00e0 l&rsquo;UGTT d&rsquo;avoir \u00e9t\u00e9 un acteur v\u00e9ritable aux premi\u00e8res heures de la R\u00e9volution ? Faut-il voir dans ces effets de manche une mani\u00e8re d&rsquo;intimider la centrale syndicale qui demeure le seul contrepoids populaire face \u00e0 l&rsquo;actuelle majorit\u00e9 ? Ces questions se posent avec d&rsquo;autant plus d&rsquo;acuit\u00e9 que seule l&rsquo;UGTT pourrait g\u00eaner l&rsquo;agenda politique qui se d\u00e9ploie sous nos yeux. C&rsquo;est une v\u00e9rit\u00e9 qui se r\u00e9p\u00e8te encore une fois: le syndicalisme libre (et d\u00e9sormais pluriel) demeure une cible.<\/p>\n<p>La raison pr\u00e9vaudra, car on le voit bien ceux qui ont cherch\u00e9 \u00e0 salir l&rsquo;UGTT en visant Jrad ont vite fait de se replier, tout cela demeure tout de m\u00eame troublant.<\/p>\n<p>Sur un autre front, Nebil Karoui s&rsquo;est retrouv\u00e9 devant les tribunaux. Le patron de Nessma doit d\u00e9fendre sa chaine pour une affaire qui a fait couler beaucoup d&rsquo;encre. Lui aussi est train\u00e9 devant la justice et plac\u00e9 sous la menace d&rsquo;une condamnation. Dans ce cas, il s&rsquo;agit d&rsquo;une autre paire de manches et nous verrons bien ce que r\u00e9v\u00e9lera le proc\u00e8s. Souhaitons simplement que les propos de Karoui sur \u00ab\u00a0la mort\u00a0\u00bb de la libert\u00e9 d&rsquo;expression ne soient pas pr\u00e9monitoires.<\/p>\n<p>Ce qui est symptomatique, au-del\u00e0 de ces co\u00efncidences troublantes, c&rsquo;est bien le fait que la libert\u00e9 va \u00eatre un combat pour lequel il faudra se lever t\u00f4t le matin. Car la libert\u00e9 telle que la con\u00e7oivent Jebali, Marzouki et consorts risque fort de peser sur nos vies comme une chape de plomb maquill\u00e9e en revendication identitaire et doubl\u00e9e d&rsquo;une irr\u00e9sistible volont\u00e9 de revanche.<\/p>\n","protected":false},"excerpt":{"rendered":"<p>Rebonds &#8211; Troublantes gesticulations<\/p>\n","protected":false},"author":3229,"featured_media":333918,"comment_status":"open","ping_status":"closed","sticky":false,"template":"","format":"standard","meta":{"footnotes":""},"categories":[2596],"tags":[2600],"class_list":["post-186806","post","type-post","status-publish","format-standard","has-post-thumbnail","hentry","category-chroniques","tag-guerre"],"yoast_head":"<!-- This site is optimized with the Yoast SEO Premium plugin v27.5 (Yoast SEO v27.5) - https:\/\/yoast.com\/product\/yoast-seo-premium-wordpress\/ -->\n<title>Rebonds - Troublantes gesticulations<\/title>\n<meta name=\"description\" content=\"Rebonds - Troublantes gesticulations\" \/>\n<link rel=\"canonical\" href=\"https:\/\/www.webdo.tn\/fr\/actualite\/chroniques\/rebonds-troublantes-gesticulations\/186806\/\" \/>\n<meta property=\"og:locale\" content=\"fr_FR\" \/>\n<meta property=\"og:type\" content=\"article\" \/>\n<meta property=\"og:title\" content=\"Rebonds - Troublantes gesticulations\" \/>\n<meta property=\"og:description\" content=\"Rebonds - Troublantes gesticulations\" \/>\n<meta property=\"og:url\" content=\"https:\/\/www.webdo.tn\/fr\/actualite\/chroniques\/rebonds-troublantes-gesticulations\/186806\/\" \/>\n<meta property=\"og:site_name\" content=\"webdo\" \/>\n<meta property=\"article:publisher\" content=\"https:\/\/www.facebook.com\/webdotn\" \/>\n<meta property=\"article:author\" content=\"https:\/\/www.facebook.com\/hatem.bourial.2025\" \/>\n<meta property=\"article:published_time\" content=\"2011-11-17T21:45:00+00:00\" \/>\n<meta property=\"og:image\" content=\"https:\/\/www.webdo.tn\/fr\/wp-content\/uploads\/2011\/11\/Jebali-Marzouki-Jrad-et-Karoui.jpg\" \/>\n\t<meta property=\"og:image:width\" content=\"516\" \/>\n\t<meta property=\"og:image:height\" content=\"128\" \/>\n\t<meta property=\"og:image:type\" content=\"image\/jpeg\" \/>\n<meta name=\"author\" content=\"Hatem Bourial\" \/>\n<meta name=\"twitter:card\" content=\"summary_large_image\" \/>\n<meta name=\"twitter:creator\" content=\"@webdo_tn\" \/>\n<meta name=\"twitter:site\" content=\"@webdo_tn\" \/>\n<meta name=\"twitter:label1\" content=\"\u00c9crit par\" \/>\n\t<meta name=\"twitter:data1\" content=\"Hatem Bourial\" \/>\n\t<meta name=\"twitter:label2\" content=\"Dur\u00e9e de lecture estim\u00e9e\" \/>\n\t<meta name=\"twitter:data2\" content=\"3 minutes\" \/>\n<script type=\"application\/ld+json\" class=\"yoast-schema-graph\">{\"@context\":\"https:\\\/\\\/schema.org\",\"@graph\":[{\"@type\":\"NewsArticle\",\"@id\":\"https:\\\/\\\/www.webdo.tn\\\/fr\\\/actualite\\\/chroniques\\\/rebonds-troublantes-gesticulations\\\/186806\\\/#article\",\"isPartOf\":{\"@id\":\"https:\\\/\\\/www.webdo.tn\\\/fr\\\/actualite\\\/chroniques\\\/rebonds-troublantes-gesticulations\\\/186806\\\/\"},\"author\":{\"name\":\"Hatem Bourial\",\"@id\":\"https:\\\/\\\/www.webdo.tn\\\/fr\\\/#\\\/schema\\\/person\\\/6bc0beba2cd23aec27cb5df85ca2554f\"},\"headline\":\"Rebonds &#8211; Troublantes gesticulations\",\"datePublished\":\"2011-11-17T21:45:00+00:00\",\"mainEntityOfPage\":{\"@id\":\"https:\\\/\\\/www.webdo.tn\\\/fr\\\/actualite\\\/chroniques\\\/rebonds-troublantes-gesticulations\\\/186806\\\/\"},\"wordCount\":630,\"commentCount\":0,\"publisher\":{\"@id\":\"https:\\\/\\\/www.webdo.tn\\\/fr\\\/#organization\"},\"image\":{\"@id\":\"https:\\\/\\\/www.webdo.tn\\\/fr\\\/actualite\\\/chroniques\\\/rebonds-troublantes-gesticulations\\\/186806\\\/#primaryimage\"},\"thumbnailUrl\":\"https:\\\/\\\/www.webdo.tn\\\/fr\\\/wp-content\\\/uploads\\\/2011\\\/11\\\/Jebali-Marzouki-Jrad-et-Karoui.jpg\",\"keywords\":[\"guerre\"],\"articleSection\":[\"Chroniques\"],\"inLanguage\":\"fr-FR\"},{\"@type\":\"WebPage\",\"@id\":\"https:\\\/\\\/www.webdo.tn\\\/fr\\\/actualite\\\/chroniques\\\/rebonds-troublantes-gesticulations\\\/186806\\\/\",\"url\":\"https:\\\/\\\/www.webdo.tn\\\/fr\\\/actualite\\\/chroniques\\\/rebonds-troublantes-gesticulations\\\/186806\\\/\",\"name\":\"Rebonds - Troublantes gesticulations\",\"isPartOf\":{\"@id\":\"https:\\\/\\\/www.webdo.tn\\\/fr\\\/#website\"},\"primaryImageOfPage\":{\"@id\":\"https:\\\/\\\/www.webdo.tn\\\/fr\\\/actualite\\\/chroniques\\\/rebonds-troublantes-gesticulations\\\/186806\\\/#primaryimage\"},\"image\":{\"@id\":\"https:\\\/\\\/www.webdo.tn\\\/fr\\\/actualite\\\/chroniques\\\/rebonds-troublantes-gesticulations\\\/186806\\\/#primaryimage\"},\"thumbnailUrl\":\"https:\\\/\\\/www.webdo.tn\\\/fr\\\/wp-content\\\/uploads\\\/2011\\\/11\\\/Jebali-Marzouki-Jrad-et-Karoui.jpg\",\"datePublished\":\"2011-11-17T21:45:00+00:00\",\"description\":\"Rebonds - Troublantes gesticulations\",\"breadcrumb\":{\"@id\":\"https:\\\/\\\/www.webdo.tn\\\/fr\\\/actualite\\\/chroniques\\\/rebonds-troublantes-gesticulations\\\/186806\\\/#breadcrumb\"},\"inLanguage\":\"fr-FR\",\"potentialAction\":[{\"@type\":\"ReadAction\",\"target\":[\"https:\\\/\\\/www.webdo.tn\\\/fr\\\/actualite\\\/chroniques\\\/rebonds-troublantes-gesticulations\\\/186806\\\/\"]}]},{\"@type\":\"ImageObject\",\"inLanguage\":\"fr-FR\",\"@id\":\"https:\\\/\\\/www.webdo.tn\\\/fr\\\/actualite\\\/chroniques\\\/rebonds-troublantes-gesticulations\\\/186806\\\/#primaryimage\",\"url\":\"https:\\\/\\\/www.webdo.tn\\\/fr\\\/wp-content\\\/uploads\\\/2011\\\/11\\\/Jebali-Marzouki-Jrad-et-Karoui.jpg\",\"contentUrl\":\"https:\\\/\\\/www.webdo.tn\\\/fr\\\/wp-content\\\/uploads\\\/2011\\\/11\\\/Jebali-Marzouki-Jrad-et-Karoui.jpg\",\"width\":516,\"height\":128,\"caption\":\"Rebonds - Troublantes gesticulations\"},{\"@type\":\"BreadcrumbList\",\"@id\":\"https:\\\/\\\/www.webdo.tn\\\/fr\\\/actualite\\\/chroniques\\\/rebonds-troublantes-gesticulations\\\/186806\\\/#breadcrumb\",\"itemListElement\":[{\"@type\":\"ListItem\",\"position\":1,\"name\":\"Accueil\",\"item\":\"https:\\\/\\\/www.webdo.tn\\\/fr\\\/\"},{\"@type\":\"ListItem\",\"position\":2,\"name\":\"Rebonds &#8211; Troublantes gesticulations\"}]},{\"@type\":\"WebSite\",\"@id\":\"https:\\\/\\\/www.webdo.tn\\\/fr\\\/#website\",\"url\":\"https:\\\/\\\/www.webdo.tn\\\/fr\\\/\",\"name\":\"webdo\",\"description\":\"Tunisie - News en Tunisie et \u00e0 l&#039;international sur Webdo.tn\",\"publisher\":{\"@id\":\"https:\\\/\\\/www.webdo.tn\\\/fr\\\/#organization\"},\"potentialAction\":[{\"@type\":\"SearchAction\",\"target\":{\"@type\":\"EntryPoint\",\"urlTemplate\":\"https:\\\/\\\/www.webdo.tn\\\/fr\\\/?s={search_term_string}\"},\"query-input\":{\"@type\":\"PropertyValueSpecification\",\"valueRequired\":true,\"valueName\":\"search_term_string\"}}],\"inLanguage\":\"fr-FR\"},{\"@type\":\"Organization\",\"@id\":\"https:\\\/\\\/www.webdo.tn\\\/fr\\\/#organization\",\"name\":\"Webdo\",\"alternateName\":\"Webdo.tn\",\"url\":\"https:\\\/\\\/www.webdo.tn\\\/fr\\\/\",\"logo\":{\"@type\":\"ImageObject\",\"inLanguage\":\"fr-FR\",\"@id\":\"https:\\\/\\\/www.webdo.tn\\\/fr\\\/#\\\/schema\\\/logo\\\/image\\\/\",\"url\":\"https:\\\/\\\/www.webdo.tn\\\/fr\\\/wp-content\\\/uploads\\\/2025\\\/06\\\/Webdo-Tunisie_168377.jpg\",\"contentUrl\":\"https:\\\/\\\/www.webdo.tn\\\/fr\\\/wp-content\\\/uploads\\\/2025\\\/06\\\/Webdo-Tunisie_168377.jpg\",\"width\":301,\"height\":301,\"caption\":\"Webdo\"},\"image\":{\"@id\":\"https:\\\/\\\/www.webdo.tn\\\/fr\\\/#\\\/schema\\\/logo\\\/image\\\/\"},\"sameAs\":[\"https:\\\/\\\/www.facebook.com\\\/webdotn\",\"https:\\\/\\\/x.com\\\/webdo_tn\"],\"description\":\"Webdo est un m\u00e9dia num\u00e9rique tunisien fond\u00e9 en 2010, sp\u00e9cialis\u00e9 dans l\u2019actualit\u00e9 nationale et internationale, l\u2019\u00e9conomie, la soci\u00e9t\u00e9 et les analyses politiques. Le site s\u2019adresse \u00e0 un large public francophone et couvre l\u2019information tunisienne en temps r\u00e9el.\",\"email\":\"redac@webdo.tn\",\"legalName\":\"YNJ SARL\",\"foundingDate\":\"2010-09-06\",\"numberOfEmployees\":{\"@type\":\"QuantitativeValue\",\"minValue\":\"11\",\"maxValue\":\"50\"}},{\"@type\":\"Person\",\"@id\":\"https:\\\/\\\/www.webdo.tn\\\/fr\\\/#\\\/schema\\\/person\\\/6bc0beba2cd23aec27cb5df85ca2554f\",\"name\":\"Hatem Bourial\",\"image\":{\"@type\":\"ImageObject\",\"inLanguage\":\"fr-FR\",\"@id\":\"https:\\\/\\\/www.webdo.tn\\\/fr\\\/wp-content\\\/uploads\\\/2026\\\/04\\\/hatem-bourial_avatar-96x96.jpg\",\"url\":\"https:\\\/\\\/www.webdo.tn\\\/fr\\\/wp-content\\\/uploads\\\/2026\\\/04\\\/hatem-bourial_avatar-96x96.jpg\",\"contentUrl\":\"https:\\\/\\\/www.webdo.tn\\\/fr\\\/wp-content\\\/uploads\\\/2026\\\/04\\\/hatem-bourial_avatar-96x96.jpg\",\"caption\":\"Hatem Bourial\"},\"description\":\"Hatem Bourial est journaliste, \u00e9crivain et chroniqueur tunisien. Actif depuis plusieurs d\u00e9cennies, il s\u2019est impos\u00e9 comme un observateur attentif de la soci\u00e9t\u00e9 tunisienne, m\u00ealant dans ses \u00e9crits m\u00e9moire, culture et analyse du quotidien. Auteur de nombreux ouvrages, il d\u00e9veloppe une \u0153uvre \u00e0 la crois\u00e9e du r\u00e9cit, de la po\u00e9sie et de l\u2019observation sociologique. Parall\u00e8lement \u00e0 ses contributions dans la presse, il intervient r\u00e9guli\u00e8rement \u00e0 la radio et dans des espaces culturels, o\u00f9 il explore les enjeux li\u00e9s au patrimoine, \u00e0 l\u2019identit\u00e9 et aux transformations du monde contemporain. \u00c0 travers ses chroniques, Hatem Bourial propose une lecture sensible et approfondie de l\u2019actualit\u00e9, nourrie par une exp\u00e9rience journalistique et litt\u00e9raire reconnue. \ud83d\udd17 Facebook : https:\\\/\\\/www.facebook.com\\\/hatem.bourial.2025\",\"sameAs\":[\"https:\\\/\\\/www.facebook.com\\\/hatem.bourial.2025\",\"https:\\\/\\\/fr.wikipedia.org\\\/wiki\\\/Fichier:Hatem_Bourial.jpg\"],\"knowsAbout\":[\"Culture & patrimoine tunisien\",\"Chronique soci\u00e9tale\",\"Litt\u00e9rature & m\u00e9moire\",\"Cin\u00e9ma & critique culturelle\",\"Identit\u00e9 & mutations sociales\"],\"knowsLanguage\":[\"Arabe\",\"Fran\u00e7ais\",\"Anglais\",\"Italien\",\"Polonais\"],\"jobTitle\":\"Journaliste, \u00e9crivain et chroniqueur culturel\",\"worksFor\":\"Webdo\",\"url\":\"https:\\\/\\\/www.webdo.tn\\\/fr\\\/actualite\\\/author\\\/hatem-bourial-2\\\/\"}]}<\/script>\n<!-- \/ Yoast SEO Premium plugin. -->","yoast_head_json":{"title":"Rebonds - Troublantes gesticulations","description":"Rebonds - Troublantes gesticulations","canonical":"https:\/\/www.webdo.tn\/fr\/actualite\/chroniques\/rebonds-troublantes-gesticulations\/186806\/","og_locale":"fr_FR","og_type":"article","og_title":"Rebonds - Troublantes gesticulations","og_description":"Rebonds - Troublantes gesticulations","og_url":"https:\/\/www.webdo.tn\/fr\/actualite\/chroniques\/rebonds-troublantes-gesticulations\/186806\/","og_site_name":"webdo","article_publisher":"https:\/\/www.facebook.com\/webdotn","article_author":"https:\/\/www.facebook.com\/hatem.bourial.2025","article_published_time":"2011-11-17T21:45:00+00:00","og_image":[{"width":516,"height":128,"url":"https:\/\/www.webdo.tn\/fr\/wp-content\/uploads\/2011\/11\/Jebali-Marzouki-Jrad-et-Karoui.jpg","type":"image\/jpeg"}],"author":"Hatem Bourial","twitter_card":"summary_large_image","twitter_creator":"@webdo_tn","twitter_site":"@webdo_tn","twitter_misc":{"\u00c9crit par":"Hatem Bourial","Dur\u00e9e de lecture estim\u00e9e":"3 minutes"},"schema":{"@context":"https:\/\/schema.org","@graph":[{"@type":"NewsArticle","@id":"https:\/\/www.webdo.tn\/fr\/actualite\/chroniques\/rebonds-troublantes-gesticulations\/186806\/#article","isPartOf":{"@id":"https:\/\/www.webdo.tn\/fr\/actualite\/chroniques\/rebonds-troublantes-gesticulations\/186806\/"},"author":{"name":"Hatem Bourial","@id":"https:\/\/www.webdo.tn\/fr\/#\/schema\/person\/6bc0beba2cd23aec27cb5df85ca2554f"},"headline":"Rebonds &#8211; Troublantes gesticulations","datePublished":"2011-11-17T21:45:00+00:00","mainEntityOfPage":{"@id":"https:\/\/www.webdo.tn\/fr\/actualite\/chroniques\/rebonds-troublantes-gesticulations\/186806\/"},"wordCount":630,"commentCount":0,"publisher":{"@id":"https:\/\/www.webdo.tn\/fr\/#organization"},"image":{"@id":"https:\/\/www.webdo.tn\/fr\/actualite\/chroniques\/rebonds-troublantes-gesticulations\/186806\/#primaryimage"},"thumbnailUrl":"https:\/\/www.webdo.tn\/fr\/wp-content\/uploads\/2011\/11\/Jebali-Marzouki-Jrad-et-Karoui.jpg","keywords":["guerre"],"articleSection":["Chroniques"],"inLanguage":"fr-FR"},{"@type":"WebPage","@id":"https:\/\/www.webdo.tn\/fr\/actualite\/chroniques\/rebonds-troublantes-gesticulations\/186806\/","url":"https:\/\/www.webdo.tn\/fr\/actualite\/chroniques\/rebonds-troublantes-gesticulations\/186806\/","name":"Rebonds - Troublantes gesticulations","isPartOf":{"@id":"https:\/\/www.webdo.tn\/fr\/#website"},"primaryImageOfPage":{"@id":"https:\/\/www.webdo.tn\/fr\/actualite\/chroniques\/rebonds-troublantes-gesticulations\/186806\/#primaryimage"},"image":{"@id":"https:\/\/www.webdo.tn\/fr\/actualite\/chroniques\/rebonds-troublantes-gesticulations\/186806\/#primaryimage"},"thumbnailUrl":"https:\/\/www.webdo.tn\/fr\/wp-content\/uploads\/2011\/11\/Jebali-Marzouki-Jrad-et-Karoui.jpg","datePublished":"2011-11-17T21:45:00+00:00","description":"Rebonds - Troublantes gesticulations","breadcrumb":{"@id":"https:\/\/www.webdo.tn\/fr\/actualite\/chroniques\/rebonds-troublantes-gesticulations\/186806\/#breadcrumb"},"inLanguage":"fr-FR","potentialAction":[{"@type":"ReadAction","target":["https:\/\/www.webdo.tn\/fr\/actualite\/chroniques\/rebonds-troublantes-gesticulations\/186806\/"]}]},{"@type":"ImageObject","inLanguage":"fr-FR","@id":"https:\/\/www.webdo.tn\/fr\/actualite\/chroniques\/rebonds-troublantes-gesticulations\/186806\/#primaryimage","url":"https:\/\/www.webdo.tn\/fr\/wp-content\/uploads\/2011\/11\/Jebali-Marzouki-Jrad-et-Karoui.jpg","contentUrl":"https:\/\/www.webdo.tn\/fr\/wp-content\/uploads\/2011\/11\/Jebali-Marzouki-Jrad-et-Karoui.jpg","width":516,"height":128,"caption":"Rebonds - Troublantes gesticulations"},{"@type":"BreadcrumbList","@id":"https:\/\/www.webdo.tn\/fr\/actualite\/chroniques\/rebonds-troublantes-gesticulations\/186806\/#breadcrumb","itemListElement":[{"@type":"ListItem","position":1,"name":"Accueil","item":"https:\/\/www.webdo.tn\/fr\/"},{"@type":"ListItem","position":2,"name":"Rebonds &#8211; Troublantes gesticulations"}]},{"@type":"WebSite","@id":"https:\/\/www.webdo.tn\/fr\/#website","url":"https:\/\/www.webdo.tn\/fr\/","name":"webdo","description":"Tunisie - News en Tunisie et \u00e0 l&#039;international sur Webdo.tn","publisher":{"@id":"https:\/\/www.webdo.tn\/fr\/#organization"},"potentialAction":[{"@type":"SearchAction","target":{"@type":"EntryPoint","urlTemplate":"https:\/\/www.webdo.tn\/fr\/?s={search_term_string}"},"query-input":{"@type":"PropertyValueSpecification","valueRequired":true,"valueName":"search_term_string"}}],"inLanguage":"fr-FR"},{"@type":"Organization","@id":"https:\/\/www.webdo.tn\/fr\/#organization","name":"Webdo","alternateName":"Webdo.tn","url":"https:\/\/www.webdo.tn\/fr\/","logo":{"@type":"ImageObject","inLanguage":"fr-FR","@id":"https:\/\/www.webdo.tn\/fr\/#\/schema\/logo\/image\/","url":"https:\/\/www.webdo.tn\/fr\/wp-content\/uploads\/2025\/06\/Webdo-Tunisie_168377.jpg","contentUrl":"https:\/\/www.webdo.tn\/fr\/wp-content\/uploads\/2025\/06\/Webdo-Tunisie_168377.jpg","width":301,"height":301,"caption":"Webdo"},"image":{"@id":"https:\/\/www.webdo.tn\/fr\/#\/schema\/logo\/image\/"},"sameAs":["https:\/\/www.facebook.com\/webdotn","https:\/\/x.com\/webdo_tn"],"description":"Webdo est un m\u00e9dia num\u00e9rique tunisien fond\u00e9 en 2010, sp\u00e9cialis\u00e9 dans l\u2019actualit\u00e9 nationale et internationale, l\u2019\u00e9conomie, la soci\u00e9t\u00e9 et les analyses politiques. Le site s\u2019adresse \u00e0 un large public francophone et couvre l\u2019information tunisienne en temps r\u00e9el.","email":"redac@webdo.tn","legalName":"YNJ SARL","foundingDate":"2010-09-06","numberOfEmployees":{"@type":"QuantitativeValue","minValue":"11","maxValue":"50"}},{"@type":"Person","@id":"https:\/\/www.webdo.tn\/fr\/#\/schema\/person\/6bc0beba2cd23aec27cb5df85ca2554f","name":"Hatem Bourial","image":{"@type":"ImageObject","inLanguage":"fr-FR","@id":"https:\/\/www.webdo.tn\/fr\/wp-content\/uploads\/2026\/04\/hatem-bourial_avatar-96x96.jpg","url":"https:\/\/www.webdo.tn\/fr\/wp-content\/uploads\/2026\/04\/hatem-bourial_avatar-96x96.jpg","contentUrl":"https:\/\/www.webdo.tn\/fr\/wp-content\/uploads\/2026\/04\/hatem-bourial_avatar-96x96.jpg","caption":"Hatem Bourial"},"description":"Hatem Bourial est journaliste, \u00e9crivain et chroniqueur tunisien. Actif depuis plusieurs d\u00e9cennies, il s\u2019est impos\u00e9 comme un observateur attentif de la soci\u00e9t\u00e9 tunisienne, m\u00ealant dans ses \u00e9crits m\u00e9moire, culture et analyse du quotidien. Auteur de nombreux ouvrages, il d\u00e9veloppe une \u0153uvre \u00e0 la crois\u00e9e du r\u00e9cit, de la po\u00e9sie et de l\u2019observation sociologique. Parall\u00e8lement \u00e0 ses contributions dans la presse, il intervient r\u00e9guli\u00e8rement \u00e0 la radio et dans des espaces culturels, o\u00f9 il explore les enjeux li\u00e9s au patrimoine, \u00e0 l\u2019identit\u00e9 et aux transformations du monde contemporain. \u00c0 travers ses chroniques, Hatem Bourial propose une lecture sensible et approfondie de l\u2019actualit\u00e9, nourrie par une exp\u00e9rience journalistique et litt\u00e9raire reconnue. \ud83d\udd17 Facebook : https:\/\/www.facebook.com\/hatem.bourial.2025","sameAs":["https:\/\/www.facebook.com\/hatem.bourial.2025","https:\/\/fr.wikipedia.org\/wiki\/Fichier:Hatem_Bourial.jpg"],"knowsAbout":["Culture & patrimoine tunisien","Chronique soci\u00e9tale","Litt\u00e9rature & m\u00e9moire","Cin\u00e9ma & critique culturelle","Identit\u00e9 & mutations sociales"],"knowsLanguage":["Arabe","Fran\u00e7ais","Anglais","Italien","Polonais"],"jobTitle":"Journaliste, \u00e9crivain et chroniqueur culturel","worksFor":"Webdo","url":"https:\/\/www.webdo.tn\/fr\/actualite\/author\/hatem-bourial-2\/"}]}},"_links":{"self":[{"href":"https:\/\/www.webdo.tn\/fr\/wp-json\/wp\/v2\/posts\/186806","targetHints":{"allow":["GET"]}}],"collection":[{"href":"https:\/\/www.webdo.tn\/fr\/wp-json\/wp\/v2\/posts"}],"about":[{"href":"https:\/\/www.webdo.tn\/fr\/wp-json\/wp\/v2\/types\/post"}],"author":[{"embeddable":true,"href":"https:\/\/www.webdo.tn\/fr\/wp-json\/wp\/v2\/users\/3229"}],"replies":[{"embeddable":true,"href":"https:\/\/www.webdo.tn\/fr\/wp-json\/wp\/v2\/comments?post=186806"}],"version-history":[{"count":0,"href":"https:\/\/www.webdo.tn\/fr\/wp-json\/wp\/v2\/posts\/186806\/revisions"}],"wp:featuredmedia":[{"embeddable":true,"href":"https:\/\/www.webdo.tn\/fr\/wp-json\/wp\/v2\/media\/333918"}],"wp:attachment":[{"href":"https:\/\/www.webdo.tn\/fr\/wp-json\/wp\/v2\/media?parent=186806"}],"wp:term":[{"taxonomy":"category","embeddable":true,"href":"https:\/\/www.webdo.tn\/fr\/wp-json\/wp\/v2\/categories?post=186806"},{"taxonomy":"post_tag","embeddable":true,"href":"https:\/\/www.webdo.tn\/fr\/wp-json\/wp\/v2\/tags?post=186806"}],"curies":[{"name":"wp","href":"https:\/\/api.w.org\/{rel}","templated":true}]}}