{"id":186805,"date":"2011-11-17T18:17:00","date_gmt":"2011-11-17T18:17:00","guid":{"rendered":"https:\/\/www.webdo.tn\/fr\/blog\/le-billet-de-hatem-bourial-lettre-a-mon-oncle-du-qatar\/186805\/"},"modified":"2011-11-17T18:17:00","modified_gmt":"2011-11-17T18:17:00","slug":"le-billet-de-hatem-bourial-lettre-a-mon-oncle-du-qatar","status":"publish","type":"post","link":"https:\/\/www.webdo.tn\/fr\/actualite\/chroniques\/le-billet-de-hatem-bourial-lettre-a-mon-oncle-du-qatar\/186805\/","title":{"rendered":"Le billet de Hatem Bourial &#8211; Lettre \u00e0 mon oncle du Qatar"},"content":{"rendered":"<p>Bonjour Tonton,<\/p>\n<p>Je t&rsquo;\u00e9cris pour te dire que j&rsquo;ai d\u00e9j\u00e0 tout d\u00e9pens\u00e9 et qu&rsquo;il me faudrait encore un peu de liquidit\u00e9s pour continuer le boulot.<\/p>\n<p>Hamadi a un peu perdu les p\u00e9dales cette semaine en d\u00e9voilant un peu nos projets pour le long terme, mais nous l&rsquo;avons rappel\u00e9 \u00e0 l&rsquo;ordre. De toute fa\u00e7on, s&rsquo;il veut vraiment diriger le gouvernement, il devrait apprendre \u00e0 mieux se tenir et contr\u00f4ler ses pulsions.<\/p>\n<p>On a fait en sorte que l&rsquo;affaire soit class\u00e9e comme un simple lapsus linguae. Mais on a d\u00fb subir pas mal de sarcasmes, surtout que la sortie de Soeur Rhaiem \u00e9tait encore dans toutes les m\u00e9moires. Tu te souviens quand elle a repris le point de vue de cheikh Qardhaoui sur les m\u00e8res c\u00e9libataires.<\/p>\n<p>D\u00e9cid\u00e9ment, ces Tunisiens sont moins mous que pr\u00e9vu et nous donnent d\u00e9j\u00e0 du fil \u00e0 retordre. S&rsquo;ils continuent \u00e0 \u00eatre aussi vigilants,les choses ne vont pas \u00eatre aussi simples que pr\u00e9vu lors de nos discussions \u00e0 Doha.<\/p>\n<p>Des voix s&rsquo;\u00e9l\u00e8vent un peu partout. Les uns affirment que Hamadi n&rsquo;est pas digne de confiance. D&rsquo;autres le comparent \u00e0 Iznogoud,un m\u00e9chant de bandes dessin\u00e9es qui veut devenir calife \u00e0 la place du calife.<\/p>\n<p>Un peu partout, on raconte que tu nous aurais envoy\u00e9 un joli magot et qu&rsquo;il aurait \u00e9t\u00e9 plus judicieux de l&#8217;employer pour cr\u00e9er des emplois. En fait, cet argent a bel et bien servi \u00e0 cr\u00e9er des emplois puisque notre petite entreprise politique recrute \u00e0 tours de bras et investit aussi dans l&rsquo;immobilier.<\/p>\n<p>Ce que les gens peuvent \u00eatre m\u00e9chants! Ils ont vite oubli\u00e9 que tu as soutenu notre r\u00e9volution en mettant \u00e0 son service Al Jazira et en apportant ton soutien aux \u00e9lus que nous sommes d\u00e9sormais. Ils pr\u00e9f\u00e8rent \u00eatre insultants en propageant qu&rsquo;un monarque absolu ne peut en aucun cas devenir promoteur de d\u00e9mocratie.<\/p>\n<p>Ces mauvaises langues se cramponnent \u00e0 des d\u00e9tails. Ils reprochent au glorieux \u00e9mirat d&rsquo;accorder l&rsquo;asile \u00e0 Sakhr, l&rsquo;aiglon d\u00e9chu. Ils r\u00e9pandent qu&rsquo;il est injuste d&rsquo;accorder \u00e0 ce voleur le statut de r\u00e9sident chez toi alors qu&rsquo;il est recherch\u00e9 par Interpol. D&rsquo;autres font de l&rsquo;humour en disant que la terre b\u00e9nie de l&rsquo;\u00e9mirat, c&rsquo;est du sable, du gaz et des B\u00e9douins polygames. Je ne comprends pas ce qu&rsquo;ils ont tous contre la polygamie. Ah! m\u00eame mort, ce Bourguiba n&rsquo;a pas encore fini de nous mettre des b\u00e2tons dans les roues.<\/p>\n<p>Rien ne leur \u00e9chappe. Ils demandent des comptes \u00e0 Rochdi pour la visite qu&rsquo;il a rendue au boss fin octobre. Ils ont \u00e9vent\u00e9 notre projet d&rsquo;inviter les patrons \u00e0 l&rsquo;ouverture des travaux de la Constituante. On a \u00e9t\u00e9 oblig\u00e9s de faire marche arri\u00e8re \u00e0 ce sujet aussi. Vraiment difficile de travailler si la presse continue \u00e0 nous harceler. Pire,ils sont difficiles \u00e0 acheter vu qu&rsquo;ils agissent par conviction. De toute fa\u00e7on,envoie-nous encore des sous et on verra bien ce qu&rsquo;on peut faire.<\/p>\n<p>Pendant que nous y sommes, je voudrais aussi te demander de nous envoyer des billets d&rsquo;avion en quantit\u00e9 suffisante. Surtout que d\u00e9sormais, on va faire une pub d&rsquo;enfer pour ta compagnie qui s&rsquo;installe chez nous. Enfin chez vous ou chez nous c&rsquo;est kif-kif.<\/p>\n<p>Et puis une petite faveur, si c&rsquo;est possible. Ici,on parle des quatre mille travailleurs que tu vas embaucher. Les m\u00e9chants disent qu&rsquo;avec tes moyens, tu aurais pu en recruter beaucoup plus. De toute fa\u00e7on, les chiens aboient et la caravane passe.<\/p>\n<p>Pour la faveur que je veux demander, j&rsquo;ai six jeunes cousins et je vais faire envoyer leur candidature \u00e0 part. J&rsquo;attends, cher Tonton,un geste de ta part surtout que ce sont des vrais fr\u00e8res et pas des m\u00e9cr\u00e9ants maghr\u00e9bins qui ne parlent m\u00eame pas un arabe correct. Je compte sur toi pour les caser.<\/p>\n<p>Un dernier mot. Il y a ici quelques illumin\u00e9s qui pr\u00e9tendent que l&rsquo;\u00e9mirat de la majest\u00e9 et de la renaissance veut imposer son protectorat sur la Tunisie. Je ne sais pas comment ils arrivent \u00e0 cette conclusion. Je vais y r\u00e9fl\u00e9chir et on en reparle.<\/p>\n<p>Ton fr\u00e8re, peu importe lequel puisque nous sommes tous fr\u00e8res et que tu es notre Big Brother.<\/p>\n<p>PS: Est-il possible de faire supprimer le visa pour les Tunisiens qui voudraient se rendre chez toi ? \u00c7a nous permettra de faire campagne en vous distinguant des pays \u00e9trangers qui en demandent un. N&rsquo; y vois aucune vell\u00e9it\u00e9 de discussion, mais en tant que pays fr\u00e8re, ce serait bien de nous laisser venir chez toi sans pr\u00e9venir.<br \/>\nEt surtout, n&rsquo;oublie pas d&rsquo;envoyer l&rsquo;argent!<\/p>\n","protected":false},"excerpt":{"rendered":"<p>Le billet de Hatem Bourial &#8211; Lettre \u00e0 mon oncle du Qatar<\/p>\n","protected":false},"author":3229,"featured_media":333917,"comment_status":"open","ping_status":"closed","sticky":false,"template":"","format":"standard","meta":{"footnotes":""},"categories":[2596],"tags":[2600],"class_list":["post-186805","post","type-post","status-publish","format-standard","has-post-thumbnail","hentry","category-chroniques","tag-guerre"],"yoast_head":"<!-- This site is optimized with the Yoast SEO Premium plugin v27.5 (Yoast SEO v27.5) - https:\/\/yoast.com\/product\/yoast-seo-premium-wordpress\/ -->\n<title>Le billet de Hatem Bourial - Lettre \u00e0 mon oncle du Qatar<\/title>\n<meta name=\"description\" content=\"Le billet de Hatem Bourial - Lettre \u00e0 mon oncle du Qatar\" \/>\n<link rel=\"canonical\" href=\"https:\/\/www.webdo.tn\/fr\/actualite\/chroniques\/le-billet-de-hatem-bourial-lettre-a-mon-oncle-du-qatar\/186805\/\" \/>\n<meta property=\"og:locale\" content=\"fr_FR\" \/>\n<meta property=\"og:type\" content=\"article\" \/>\n<meta property=\"og:title\" content=\"Le billet de Hatem Bourial - Lettre \u00e0 mon oncle du Qatar\" \/>\n<meta property=\"og:description\" content=\"Le billet de Hatem Bourial - Lettre \u00e0 mon oncle du Qatar\" \/>\n<meta property=\"og:url\" content=\"https:\/\/www.webdo.tn\/fr\/actualite\/chroniques\/le-billet-de-hatem-bourial-lettre-a-mon-oncle-du-qatar\/186805\/\" \/>\n<meta property=\"og:site_name\" content=\"webdo\" \/>\n<meta property=\"article:publisher\" content=\"https:\/\/www.facebook.com\/webdotn\" \/>\n<meta property=\"article:author\" content=\"https:\/\/www.facebook.com\/hatem.bourial.2025\" \/>\n<meta property=\"article:published_time\" content=\"2011-11-17T18:17:00+00:00\" \/>\n<meta property=\"og:image\" content=\"https:\/\/www.webdo.tn\/fr\/wp-content\/uploads\/2011\/11\/Iznogoud.jpg\" \/>\n\t<meta property=\"og:image:width\" content=\"238\" \/>\n\t<meta property=\"og:image:height\" content=\"328\" \/>\n\t<meta property=\"og:image:type\" content=\"image\/jpeg\" \/>\n<meta name=\"author\" content=\"Hatem Bourial\" \/>\n<meta name=\"twitter:card\" content=\"summary_large_image\" \/>\n<meta name=\"twitter:creator\" content=\"@webdo_tn\" \/>\n<meta name=\"twitter:site\" content=\"@webdo_tn\" \/>\n<meta name=\"twitter:label1\" content=\"\u00c9crit par\" \/>\n\t<meta name=\"twitter:data1\" content=\"Hatem Bourial\" \/>\n\t<meta name=\"twitter:label2\" content=\"Dur\u00e9e de lecture estim\u00e9e\" \/>\n\t<meta name=\"twitter:data2\" content=\"4 minutes\" \/>\n<script type=\"application\/ld+json\" class=\"yoast-schema-graph\">{\"@context\":\"https:\\\/\\\/schema.org\",\"@graph\":[{\"@type\":\"NewsArticle\",\"@id\":\"https:\\\/\\\/www.webdo.tn\\\/fr\\\/actualite\\\/chroniques\\\/le-billet-de-hatem-bourial-lettre-a-mon-oncle-du-qatar\\\/186805\\\/#article\",\"isPartOf\":{\"@id\":\"https:\\\/\\\/www.webdo.tn\\\/fr\\\/actualite\\\/chroniques\\\/le-billet-de-hatem-bourial-lettre-a-mon-oncle-du-qatar\\\/186805\\\/\"},\"author\":{\"name\":\"Hatem Bourial\",\"@id\":\"https:\\\/\\\/www.webdo.tn\\\/fr\\\/#\\\/schema\\\/person\\\/6bc0beba2cd23aec27cb5df85ca2554f\"},\"headline\":\"Le billet de Hatem Bourial &#8211; Lettre \u00e0 mon oncle du Qatar\",\"datePublished\":\"2011-11-17T18:17:00+00:00\",\"mainEntityOfPage\":{\"@id\":\"https:\\\/\\\/www.webdo.tn\\\/fr\\\/actualite\\\/chroniques\\\/le-billet-de-hatem-bourial-lettre-a-mon-oncle-du-qatar\\\/186805\\\/\"},\"wordCount\":831,\"commentCount\":0,\"publisher\":{\"@id\":\"https:\\\/\\\/www.webdo.tn\\\/fr\\\/#organization\"},\"image\":{\"@id\":\"https:\\\/\\\/www.webdo.tn\\\/fr\\\/actualite\\\/chroniques\\\/le-billet-de-hatem-bourial-lettre-a-mon-oncle-du-qatar\\\/186805\\\/#primaryimage\"},\"thumbnailUrl\":\"https:\\\/\\\/www.webdo.tn\\\/fr\\\/wp-content\\\/uploads\\\/2011\\\/11\\\/Iznogoud.jpg\",\"keywords\":[\"guerre\"],\"articleSection\":[\"Chroniques\"],\"inLanguage\":\"fr-FR\"},{\"@type\":\"WebPage\",\"@id\":\"https:\\\/\\\/www.webdo.tn\\\/fr\\\/actualite\\\/chroniques\\\/le-billet-de-hatem-bourial-lettre-a-mon-oncle-du-qatar\\\/186805\\\/\",\"url\":\"https:\\\/\\\/www.webdo.tn\\\/fr\\\/actualite\\\/chroniques\\\/le-billet-de-hatem-bourial-lettre-a-mon-oncle-du-qatar\\\/186805\\\/\",\"name\":\"Le billet de Hatem Bourial - Lettre \u00e0 mon oncle du Qatar\",\"isPartOf\":{\"@id\":\"https:\\\/\\\/www.webdo.tn\\\/fr\\\/#website\"},\"primaryImageOfPage\":{\"@id\":\"https:\\\/\\\/www.webdo.tn\\\/fr\\\/actualite\\\/chroniques\\\/le-billet-de-hatem-bourial-lettre-a-mon-oncle-du-qatar\\\/186805\\\/#primaryimage\"},\"image\":{\"@id\":\"https:\\\/\\\/www.webdo.tn\\\/fr\\\/actualite\\\/chroniques\\\/le-billet-de-hatem-bourial-lettre-a-mon-oncle-du-qatar\\\/186805\\\/#primaryimage\"},\"thumbnailUrl\":\"https:\\\/\\\/www.webdo.tn\\\/fr\\\/wp-content\\\/uploads\\\/2011\\\/11\\\/Iznogoud.jpg\",\"datePublished\":\"2011-11-17T18:17:00+00:00\",\"description\":\"Le billet de Hatem Bourial - Lettre \u00e0 mon oncle du Qatar\",\"breadcrumb\":{\"@id\":\"https:\\\/\\\/www.webdo.tn\\\/fr\\\/actualite\\\/chroniques\\\/le-billet-de-hatem-bourial-lettre-a-mon-oncle-du-qatar\\\/186805\\\/#breadcrumb\"},\"inLanguage\":\"fr-FR\",\"potentialAction\":[{\"@type\":\"ReadAction\",\"target\":[\"https:\\\/\\\/www.webdo.tn\\\/fr\\\/actualite\\\/chroniques\\\/le-billet-de-hatem-bourial-lettre-a-mon-oncle-du-qatar\\\/186805\\\/\"]}]},{\"@type\":\"ImageObject\",\"inLanguage\":\"fr-FR\",\"@id\":\"https:\\\/\\\/www.webdo.tn\\\/fr\\\/actualite\\\/chroniques\\\/le-billet-de-hatem-bourial-lettre-a-mon-oncle-du-qatar\\\/186805\\\/#primaryimage\",\"url\":\"https:\\\/\\\/www.webdo.tn\\\/fr\\\/wp-content\\\/uploads\\\/2011\\\/11\\\/Iznogoud.jpg\",\"contentUrl\":\"https:\\\/\\\/www.webdo.tn\\\/fr\\\/wp-content\\\/uploads\\\/2011\\\/11\\\/Iznogoud.jpg\",\"width\":238,\"height\":328,\"caption\":\"Le billet de Hatem Bourial - Lettre \u00e0 mon oncle du Qatar\"},{\"@type\":\"BreadcrumbList\",\"@id\":\"https:\\\/\\\/www.webdo.tn\\\/fr\\\/actualite\\\/chroniques\\\/le-billet-de-hatem-bourial-lettre-a-mon-oncle-du-qatar\\\/186805\\\/#breadcrumb\",\"itemListElement\":[{\"@type\":\"ListItem\",\"position\":1,\"name\":\"Accueil\",\"item\":\"https:\\\/\\\/www.webdo.tn\\\/fr\\\/\"},{\"@type\":\"ListItem\",\"position\":2,\"name\":\"Le billet de Hatem Bourial &#8211; Lettre \u00e0 mon oncle du Qatar\"}]},{\"@type\":\"WebSite\",\"@id\":\"https:\\\/\\\/www.webdo.tn\\\/fr\\\/#website\",\"url\":\"https:\\\/\\\/www.webdo.tn\\\/fr\\\/\",\"name\":\"webdo\",\"description\":\"Tunisie - News en Tunisie et \u00e0 l&#039;international sur Webdo.tn\",\"publisher\":{\"@id\":\"https:\\\/\\\/www.webdo.tn\\\/fr\\\/#organization\"},\"potentialAction\":[{\"@type\":\"SearchAction\",\"target\":{\"@type\":\"EntryPoint\",\"urlTemplate\":\"https:\\\/\\\/www.webdo.tn\\\/fr\\\/?s={search_term_string}\"},\"query-input\":{\"@type\":\"PropertyValueSpecification\",\"valueRequired\":true,\"valueName\":\"search_term_string\"}}],\"inLanguage\":\"fr-FR\"},{\"@type\":\"Organization\",\"@id\":\"https:\\\/\\\/www.webdo.tn\\\/fr\\\/#organization\",\"name\":\"Webdo\",\"alternateName\":\"Webdo.tn\",\"url\":\"https:\\\/\\\/www.webdo.tn\\\/fr\\\/\",\"logo\":{\"@type\":\"ImageObject\",\"inLanguage\":\"fr-FR\",\"@id\":\"https:\\\/\\\/www.webdo.tn\\\/fr\\\/#\\\/schema\\\/logo\\\/image\\\/\",\"url\":\"https:\\\/\\\/www.webdo.tn\\\/fr\\\/wp-content\\\/uploads\\\/2025\\\/06\\\/Webdo-Tunisie_168377.jpg\",\"contentUrl\":\"https:\\\/\\\/www.webdo.tn\\\/fr\\\/wp-content\\\/uploads\\\/2025\\\/06\\\/Webdo-Tunisie_168377.jpg\",\"width\":301,\"height\":301,\"caption\":\"Webdo\"},\"image\":{\"@id\":\"https:\\\/\\\/www.webdo.tn\\\/fr\\\/#\\\/schema\\\/logo\\\/image\\\/\"},\"sameAs\":[\"https:\\\/\\\/www.facebook.com\\\/webdotn\",\"https:\\\/\\\/x.com\\\/webdo_tn\"],\"description\":\"Webdo est un m\u00e9dia num\u00e9rique tunisien fond\u00e9 en 2010, sp\u00e9cialis\u00e9 dans l\u2019actualit\u00e9 nationale et internationale, l\u2019\u00e9conomie, la soci\u00e9t\u00e9 et les analyses politiques. Le site s\u2019adresse \u00e0 un large public francophone et couvre l\u2019information tunisienne en temps r\u00e9el.\",\"email\":\"redac@webdo.tn\",\"legalName\":\"YNJ SARL\",\"foundingDate\":\"2010-09-06\",\"numberOfEmployees\":{\"@type\":\"QuantitativeValue\",\"minValue\":\"11\",\"maxValue\":\"50\"}},{\"@type\":\"Person\",\"@id\":\"https:\\\/\\\/www.webdo.tn\\\/fr\\\/#\\\/schema\\\/person\\\/6bc0beba2cd23aec27cb5df85ca2554f\",\"name\":\"Hatem Bourial\",\"image\":{\"@type\":\"ImageObject\",\"inLanguage\":\"fr-FR\",\"@id\":\"https:\\\/\\\/www.webdo.tn\\\/fr\\\/wp-content\\\/uploads\\\/2026\\\/04\\\/hatem-bourial_avatar-96x96.jpg\",\"url\":\"https:\\\/\\\/www.webdo.tn\\\/fr\\\/wp-content\\\/uploads\\\/2026\\\/04\\\/hatem-bourial_avatar-96x96.jpg\",\"contentUrl\":\"https:\\\/\\\/www.webdo.tn\\\/fr\\\/wp-content\\\/uploads\\\/2026\\\/04\\\/hatem-bourial_avatar-96x96.jpg\",\"caption\":\"Hatem Bourial\"},\"description\":\"Hatem Bourial est journaliste, \u00e9crivain et chroniqueur tunisien. Actif depuis plusieurs d\u00e9cennies, il s\u2019est impos\u00e9 comme un observateur attentif de la soci\u00e9t\u00e9 tunisienne, m\u00ealant dans ses \u00e9crits m\u00e9moire, culture et analyse du quotidien. Auteur de nombreux ouvrages, il d\u00e9veloppe une \u0153uvre \u00e0 la crois\u00e9e du r\u00e9cit, de la po\u00e9sie et de l\u2019observation sociologique. Parall\u00e8lement \u00e0 ses contributions dans la presse, il intervient r\u00e9guli\u00e8rement \u00e0 la radio et dans des espaces culturels, o\u00f9 il explore les enjeux li\u00e9s au patrimoine, \u00e0 l\u2019identit\u00e9 et aux transformations du monde contemporain. \u00c0 travers ses chroniques, Hatem Bourial propose une lecture sensible et approfondie de l\u2019actualit\u00e9, nourrie par une exp\u00e9rience journalistique et litt\u00e9raire reconnue. \ud83d\udd17 Facebook : https:\\\/\\\/www.facebook.com\\\/hatem.bourial.2025\",\"sameAs\":[\"https:\\\/\\\/www.facebook.com\\\/hatem.bourial.2025\",\"https:\\\/\\\/fr.wikipedia.org\\\/wiki\\\/Fichier:Hatem_Bourial.jpg\"],\"knowsAbout\":[\"Culture & patrimoine tunisien\",\"Chronique soci\u00e9tale\",\"Litt\u00e9rature & m\u00e9moire\",\"Cin\u00e9ma & critique culturelle\",\"Identit\u00e9 & mutations sociales\"],\"knowsLanguage\":[\"Arabe\",\"Fran\u00e7ais\",\"Anglais\",\"Italien\",\"Polonais\"],\"jobTitle\":\"Journaliste, \u00e9crivain et chroniqueur culturel\",\"worksFor\":\"Webdo\",\"url\":\"https:\\\/\\\/www.webdo.tn\\\/fr\\\/actualite\\\/author\\\/hatem-bourial-2\\\/\"}]}<\/script>\n<!-- \/ Yoast SEO Premium plugin. -->","yoast_head_json":{"title":"Le billet de Hatem Bourial - Lettre \u00e0 mon oncle du Qatar","description":"Le billet de Hatem Bourial - Lettre \u00e0 mon oncle du Qatar","canonical":"https:\/\/www.webdo.tn\/fr\/actualite\/chroniques\/le-billet-de-hatem-bourial-lettre-a-mon-oncle-du-qatar\/186805\/","og_locale":"fr_FR","og_type":"article","og_title":"Le billet de Hatem Bourial - Lettre \u00e0 mon oncle du Qatar","og_description":"Le billet de Hatem Bourial - Lettre \u00e0 mon oncle du Qatar","og_url":"https:\/\/www.webdo.tn\/fr\/actualite\/chroniques\/le-billet-de-hatem-bourial-lettre-a-mon-oncle-du-qatar\/186805\/","og_site_name":"webdo","article_publisher":"https:\/\/www.facebook.com\/webdotn","article_author":"https:\/\/www.facebook.com\/hatem.bourial.2025","article_published_time":"2011-11-17T18:17:00+00:00","og_image":[{"width":238,"height":328,"url":"https:\/\/www.webdo.tn\/fr\/wp-content\/uploads\/2011\/11\/Iznogoud.jpg","type":"image\/jpeg"}],"author":"Hatem Bourial","twitter_card":"summary_large_image","twitter_creator":"@webdo_tn","twitter_site":"@webdo_tn","twitter_misc":{"\u00c9crit par":"Hatem Bourial","Dur\u00e9e de lecture estim\u00e9e":"4 minutes"},"schema":{"@context":"https:\/\/schema.org","@graph":[{"@type":"NewsArticle","@id":"https:\/\/www.webdo.tn\/fr\/actualite\/chroniques\/le-billet-de-hatem-bourial-lettre-a-mon-oncle-du-qatar\/186805\/#article","isPartOf":{"@id":"https:\/\/www.webdo.tn\/fr\/actualite\/chroniques\/le-billet-de-hatem-bourial-lettre-a-mon-oncle-du-qatar\/186805\/"},"author":{"name":"Hatem Bourial","@id":"https:\/\/www.webdo.tn\/fr\/#\/schema\/person\/6bc0beba2cd23aec27cb5df85ca2554f"},"headline":"Le billet de Hatem Bourial &#8211; Lettre \u00e0 mon oncle du Qatar","datePublished":"2011-11-17T18:17:00+00:00","mainEntityOfPage":{"@id":"https:\/\/www.webdo.tn\/fr\/actualite\/chroniques\/le-billet-de-hatem-bourial-lettre-a-mon-oncle-du-qatar\/186805\/"},"wordCount":831,"commentCount":0,"publisher":{"@id":"https:\/\/www.webdo.tn\/fr\/#organization"},"image":{"@id":"https:\/\/www.webdo.tn\/fr\/actualite\/chroniques\/le-billet-de-hatem-bourial-lettre-a-mon-oncle-du-qatar\/186805\/#primaryimage"},"thumbnailUrl":"https:\/\/www.webdo.tn\/fr\/wp-content\/uploads\/2011\/11\/Iznogoud.jpg","keywords":["guerre"],"articleSection":["Chroniques"],"inLanguage":"fr-FR"},{"@type":"WebPage","@id":"https:\/\/www.webdo.tn\/fr\/actualite\/chroniques\/le-billet-de-hatem-bourial-lettre-a-mon-oncle-du-qatar\/186805\/","url":"https:\/\/www.webdo.tn\/fr\/actualite\/chroniques\/le-billet-de-hatem-bourial-lettre-a-mon-oncle-du-qatar\/186805\/","name":"Le billet de Hatem Bourial - Lettre \u00e0 mon oncle du Qatar","isPartOf":{"@id":"https:\/\/www.webdo.tn\/fr\/#website"},"primaryImageOfPage":{"@id":"https:\/\/www.webdo.tn\/fr\/actualite\/chroniques\/le-billet-de-hatem-bourial-lettre-a-mon-oncle-du-qatar\/186805\/#primaryimage"},"image":{"@id":"https:\/\/www.webdo.tn\/fr\/actualite\/chroniques\/le-billet-de-hatem-bourial-lettre-a-mon-oncle-du-qatar\/186805\/#primaryimage"},"thumbnailUrl":"https:\/\/www.webdo.tn\/fr\/wp-content\/uploads\/2011\/11\/Iznogoud.jpg","datePublished":"2011-11-17T18:17:00+00:00","description":"Le billet de Hatem Bourial - Lettre \u00e0 mon oncle du Qatar","breadcrumb":{"@id":"https:\/\/www.webdo.tn\/fr\/actualite\/chroniques\/le-billet-de-hatem-bourial-lettre-a-mon-oncle-du-qatar\/186805\/#breadcrumb"},"inLanguage":"fr-FR","potentialAction":[{"@type":"ReadAction","target":["https:\/\/www.webdo.tn\/fr\/actualite\/chroniques\/le-billet-de-hatem-bourial-lettre-a-mon-oncle-du-qatar\/186805\/"]}]},{"@type":"ImageObject","inLanguage":"fr-FR","@id":"https:\/\/www.webdo.tn\/fr\/actualite\/chroniques\/le-billet-de-hatem-bourial-lettre-a-mon-oncle-du-qatar\/186805\/#primaryimage","url":"https:\/\/www.webdo.tn\/fr\/wp-content\/uploads\/2011\/11\/Iznogoud.jpg","contentUrl":"https:\/\/www.webdo.tn\/fr\/wp-content\/uploads\/2011\/11\/Iznogoud.jpg","width":238,"height":328,"caption":"Le billet de Hatem Bourial - Lettre \u00e0 mon oncle du Qatar"},{"@type":"BreadcrumbList","@id":"https:\/\/www.webdo.tn\/fr\/actualite\/chroniques\/le-billet-de-hatem-bourial-lettre-a-mon-oncle-du-qatar\/186805\/#breadcrumb","itemListElement":[{"@type":"ListItem","position":1,"name":"Accueil","item":"https:\/\/www.webdo.tn\/fr\/"},{"@type":"ListItem","position":2,"name":"Le billet de Hatem Bourial &#8211; Lettre \u00e0 mon oncle du Qatar"}]},{"@type":"WebSite","@id":"https:\/\/www.webdo.tn\/fr\/#website","url":"https:\/\/www.webdo.tn\/fr\/","name":"webdo","description":"Tunisie - News en Tunisie et \u00e0 l&#039;international sur Webdo.tn","publisher":{"@id":"https:\/\/www.webdo.tn\/fr\/#organization"},"potentialAction":[{"@type":"SearchAction","target":{"@type":"EntryPoint","urlTemplate":"https:\/\/www.webdo.tn\/fr\/?s={search_term_string}"},"query-input":{"@type":"PropertyValueSpecification","valueRequired":true,"valueName":"search_term_string"}}],"inLanguage":"fr-FR"},{"@type":"Organization","@id":"https:\/\/www.webdo.tn\/fr\/#organization","name":"Webdo","alternateName":"Webdo.tn","url":"https:\/\/www.webdo.tn\/fr\/","logo":{"@type":"ImageObject","inLanguage":"fr-FR","@id":"https:\/\/www.webdo.tn\/fr\/#\/schema\/logo\/image\/","url":"https:\/\/www.webdo.tn\/fr\/wp-content\/uploads\/2025\/06\/Webdo-Tunisie_168377.jpg","contentUrl":"https:\/\/www.webdo.tn\/fr\/wp-content\/uploads\/2025\/06\/Webdo-Tunisie_168377.jpg","width":301,"height":301,"caption":"Webdo"},"image":{"@id":"https:\/\/www.webdo.tn\/fr\/#\/schema\/logo\/image\/"},"sameAs":["https:\/\/www.facebook.com\/webdotn","https:\/\/x.com\/webdo_tn"],"description":"Webdo est un m\u00e9dia num\u00e9rique tunisien fond\u00e9 en 2010, sp\u00e9cialis\u00e9 dans l\u2019actualit\u00e9 nationale et internationale, l\u2019\u00e9conomie, la soci\u00e9t\u00e9 et les analyses politiques. Le site s\u2019adresse \u00e0 un large public francophone et couvre l\u2019information tunisienne en temps r\u00e9el.","email":"redac@webdo.tn","legalName":"YNJ SARL","foundingDate":"2010-09-06","numberOfEmployees":{"@type":"QuantitativeValue","minValue":"11","maxValue":"50"}},{"@type":"Person","@id":"https:\/\/www.webdo.tn\/fr\/#\/schema\/person\/6bc0beba2cd23aec27cb5df85ca2554f","name":"Hatem Bourial","image":{"@type":"ImageObject","inLanguage":"fr-FR","@id":"https:\/\/www.webdo.tn\/fr\/wp-content\/uploads\/2026\/04\/hatem-bourial_avatar-96x96.jpg","url":"https:\/\/www.webdo.tn\/fr\/wp-content\/uploads\/2026\/04\/hatem-bourial_avatar-96x96.jpg","contentUrl":"https:\/\/www.webdo.tn\/fr\/wp-content\/uploads\/2026\/04\/hatem-bourial_avatar-96x96.jpg","caption":"Hatem Bourial"},"description":"Hatem Bourial est journaliste, \u00e9crivain et chroniqueur tunisien. Actif depuis plusieurs d\u00e9cennies, il s\u2019est impos\u00e9 comme un observateur attentif de la soci\u00e9t\u00e9 tunisienne, m\u00ealant dans ses \u00e9crits m\u00e9moire, culture et analyse du quotidien. Auteur de nombreux ouvrages, il d\u00e9veloppe une \u0153uvre \u00e0 la crois\u00e9e du r\u00e9cit, de la po\u00e9sie et de l\u2019observation sociologique. Parall\u00e8lement \u00e0 ses contributions dans la presse, il intervient r\u00e9guli\u00e8rement \u00e0 la radio et dans des espaces culturels, o\u00f9 il explore les enjeux li\u00e9s au patrimoine, \u00e0 l\u2019identit\u00e9 et aux transformations du monde contemporain. \u00c0 travers ses chroniques, Hatem Bourial propose une lecture sensible et approfondie de l\u2019actualit\u00e9, nourrie par une exp\u00e9rience journalistique et litt\u00e9raire reconnue. \ud83d\udd17 Facebook : https:\/\/www.facebook.com\/hatem.bourial.2025","sameAs":["https:\/\/www.facebook.com\/hatem.bourial.2025","https:\/\/fr.wikipedia.org\/wiki\/Fichier:Hatem_Bourial.jpg"],"knowsAbout":["Culture & patrimoine tunisien","Chronique soci\u00e9tale","Litt\u00e9rature & m\u00e9moire","Cin\u00e9ma & critique culturelle","Identit\u00e9 & mutations sociales"],"knowsLanguage":["Arabe","Fran\u00e7ais","Anglais","Italien","Polonais"],"jobTitle":"Journaliste, \u00e9crivain et chroniqueur culturel","worksFor":"Webdo","url":"https:\/\/www.webdo.tn\/fr\/actualite\/author\/hatem-bourial-2\/"}]}},"_links":{"self":[{"href":"https:\/\/www.webdo.tn\/fr\/wp-json\/wp\/v2\/posts\/186805","targetHints":{"allow":["GET"]}}],"collection":[{"href":"https:\/\/www.webdo.tn\/fr\/wp-json\/wp\/v2\/posts"}],"about":[{"href":"https:\/\/www.webdo.tn\/fr\/wp-json\/wp\/v2\/types\/post"}],"author":[{"embeddable":true,"href":"https:\/\/www.webdo.tn\/fr\/wp-json\/wp\/v2\/users\/3229"}],"replies":[{"embeddable":true,"href":"https:\/\/www.webdo.tn\/fr\/wp-json\/wp\/v2\/comments?post=186805"}],"version-history":[{"count":0,"href":"https:\/\/www.webdo.tn\/fr\/wp-json\/wp\/v2\/posts\/186805\/revisions"}],"wp:featuredmedia":[{"embeddable":true,"href":"https:\/\/www.webdo.tn\/fr\/wp-json\/wp\/v2\/media\/333917"}],"wp:attachment":[{"href":"https:\/\/www.webdo.tn\/fr\/wp-json\/wp\/v2\/media?parent=186805"}],"wp:term":[{"taxonomy":"category","embeddable":true,"href":"https:\/\/www.webdo.tn\/fr\/wp-json\/wp\/v2\/categories?post=186805"},{"taxonomy":"post_tag","embeddable":true,"href":"https:\/\/www.webdo.tn\/fr\/wp-json\/wp\/v2\/tags?post=186805"}],"curies":[{"name":"wp","href":"https:\/\/api.w.org\/{rel}","templated":true}]}}