{"id":186773,"date":"2011-06-17T12:52:00","date_gmt":"2011-06-17T12:52:00","guid":{"rendered":"https:\/\/www.webdo.tn\/fr\/actualite\/blog\/info-ou-intox-le-vendredi-sera-t-il-chome\/186773\/"},"modified":"2011-06-17T12:52:00","modified_gmt":"2011-06-17T12:52:00","slug":"info-ou-intox-le-vendredi-sera-t-il-chome","status":"publish","type":"post","link":"https:\/\/www.webdo.tn\/fr\/actualite\/chroniques\/info-ou-intox-le-vendredi-sera-t-il-chome\/186773\/","title":{"rendered":"Info ou intox: le vendredi sera-t-il ch\u00f4m\u00e9 ?"},"content":{"rendered":"<p>Plusieurs partis parmi la centaine que compte d\u00e9sormais notre paysage politique pr\u00f4nent un changement du jour de repos hebdomadaire.<\/p>\n<p>En effet, ces partis avancent que le vendredi devrait \u00eatre ch\u00f4m\u00e9 et le dimanche devenir un jour ouvrable comme les autres.<\/p>\n<p>Si les partisans de ce changement invoquent des motifs identitaires, tout le monde n&rsquo;est pas de cet avis. En effet, nombreux sont ceux qui pensent qu&rsquo;une telle mesure serait un handicap pour notre \u00e9conomie tourn\u00e9e vers l&rsquo;Europe.<\/p>\n<p>Ce \u00e0 quoi les partisans du vendredi ch\u00f4m\u00e9 r\u00e9torquent d\u00e9j\u00e0 que les travailleurs auraient tout \u00e0 y gagner car ils se reposeraient le jeudi toute la journ\u00e9e et le vendredi toute la journ\u00e9e au lieu du syst\u00e8me actuel.<\/p>\n<p>Pour l&rsquo;instant, c&rsquo;est le statu quo. En somme, la Tunisie de demain devra-t-elle s&rsquo;aligner sur l&rsquo;Egypte, la Libye et l&rsquo;Alg\u00e9rie qui se reposent le vendredi ou bien demeurerons-nous, \u00e0 l&rsquo;instar du Maroc; adeptes du repos dominical?<\/p>\n<p>A nos lecteurs d&rsquo;en juger \u00e0 travers leurs opinions et commentaires.\u00a0 Etes-vous plut\u00f4t vendredi ou plut\u00f4t dimanche?\u00a0 Nous attendons vos r\u00e9actions.<\/p>\n","protected":false},"excerpt":{"rendered":"<p>Info ou intox: le vendredi sera-t-il ch\u00f4m\u00e9 ? <\/p>\n","protected":false},"author":1,"featured_media":365281,"comment_status":"open","ping_status":"closed","sticky":false,"template":"","format":"standard","meta":{"footnotes":""},"categories":[2596],"tags":[],"class_list":["post-186773","post","type-post","status-publish","format-standard","has-post-thumbnail","hentry","category-chroniques"],"yoast_head":"<!-- This site is optimized with the Yoast SEO Premium plugin v27.5 (Yoast SEO v27.5) - https:\/\/yoast.com\/product\/yoast-seo-premium-wordpress\/ -->\n<title>Info ou intox: le vendredi sera-t-il ch\u00f4m\u00e9 ?<\/title>\n<meta name=\"description\" content=\"Info ou intox: le vendredi sera-t-il ch\u00f4m\u00e9 ?\" \/>\n<link rel=\"canonical\" href=\"https:\/\/www.webdo.tn\/fr\/actualite\/chroniques\/info-ou-intox-le-vendredi-sera-t-il-chome\/186773\/\" \/>\n<meta property=\"og:locale\" content=\"fr_FR\" \/>\n<meta property=\"og:type\" content=\"article\" \/>\n<meta property=\"og:title\" content=\"Info ou intox: le vendredi sera-t-il ch\u00f4m\u00e9 ?\" \/>\n<meta property=\"og:description\" content=\"Info ou intox: le vendredi sera-t-il ch\u00f4m\u00e9 ?\" \/>\n<meta property=\"og:url\" content=\"https:\/\/www.webdo.tn\/fr\/actualite\/chroniques\/info-ou-intox-le-vendredi-sera-t-il-chome\/186773\/\" \/>\n<meta property=\"og:site_name\" content=\"webdo\" \/>\n<meta property=\"article:publisher\" content=\"https:\/\/www.facebook.com\/webdotn\" \/>\n<meta property=\"article:published_time\" content=\"2011-06-17T12:52:00+00:00\" \/>\n<meta property=\"og:image\" content=\"https:\/\/www.webdo.tn\/fr\/wp-content\/uploads\/2011\/06\/sorry-were-closed.jpg\" \/>\n\t<meta property=\"og:image:width\" content=\"290\" \/>\n\t<meta property=\"og:image:height\" content=\"174\" \/>\n\t<meta property=\"og:image:type\" content=\"image\/jpeg\" \/>\n<meta name=\"twitter:card\" content=\"summary_large_image\" \/>\n<meta name=\"twitter:creator\" content=\"@webdo_tn\" \/>\n<meta name=\"twitter:site\" content=\"@webdo_tn\" \/>\n<meta name=\"twitter:label1\" content=\"\u00c9crit par\" \/>\n\t<meta name=\"twitter:data1\" content=\"\" \/>\n\t<meta name=\"twitter:label2\" content=\"Dur\u00e9e de lecture estim\u00e9e\" \/>\n\t<meta name=\"twitter:data2\" content=\"1 minute\" \/>\n<script type=\"application\/ld+json\" class=\"yoast-schema-graph\">{\"@context\":\"https:\\\/\\\/schema.org\",\"@graph\":[{\"@type\":\"NewsArticle\",\"@id\":\"https:\\\/\\\/www.webdo.tn\\\/fr\\\/actualite\\\/chroniques\\\/info-ou-intox-le-vendredi-sera-t-il-chome\\\/186773\\\/#article\",\"isPartOf\":{\"@id\":\"https:\\\/\\\/www.webdo.tn\\\/fr\\\/actualite\\\/chroniques\\\/info-ou-intox-le-vendredi-sera-t-il-chome\\\/186773\\\/\"},\"author\":{\"name\":\"\",\"@id\":\"\"},\"headline\":\"Info ou intox: le vendredi sera-t-il ch\u00f4m\u00e9 ?\",\"datePublished\":\"2011-06-17T12:52:00+00:00\",\"mainEntityOfPage\":{\"@id\":\"https:\\\/\\\/www.webdo.tn\\\/fr\\\/actualite\\\/chroniques\\\/info-ou-intox-le-vendredi-sera-t-il-chome\\\/186773\\\/\"},\"wordCount\":200,\"commentCount\":0,\"publisher\":{\"@id\":\"https:\\\/\\\/www.webdo.tn\\\/fr\\\/#organization\"},\"image\":{\"@id\":\"https:\\\/\\\/www.webdo.tn\\\/fr\\\/actualite\\\/chroniques\\\/info-ou-intox-le-vendredi-sera-t-il-chome\\\/186773\\\/#primaryimage\"},\"thumbnailUrl\":\"https:\\\/\\\/www.webdo.tn\\\/fr\\\/wp-content\\\/uploads\\\/2011\\\/06\\\/sorry-were-closed.jpg\",\"articleSection\":[\"Chroniques\"],\"inLanguage\":\"fr-FR\"},{\"@type\":\"WebPage\",\"@id\":\"https:\\\/\\\/www.webdo.tn\\\/fr\\\/actualite\\\/chroniques\\\/info-ou-intox-le-vendredi-sera-t-il-chome\\\/186773\\\/\",\"url\":\"https:\\\/\\\/www.webdo.tn\\\/fr\\\/actualite\\\/chroniques\\\/info-ou-intox-le-vendredi-sera-t-il-chome\\\/186773\\\/\",\"name\":\"Info ou intox: le vendredi sera-t-il ch\u00f4m\u00e9 ?\",\"isPartOf\":{\"@id\":\"https:\\\/\\\/www.webdo.tn\\\/fr\\\/#website\"},\"primaryImageOfPage\":{\"@id\":\"https:\\\/\\\/www.webdo.tn\\\/fr\\\/actualite\\\/chroniques\\\/info-ou-intox-le-vendredi-sera-t-il-chome\\\/186773\\\/#primaryimage\"},\"image\":{\"@id\":\"https:\\\/\\\/www.webdo.tn\\\/fr\\\/actualite\\\/chroniques\\\/info-ou-intox-le-vendredi-sera-t-il-chome\\\/186773\\\/#primaryimage\"},\"thumbnailUrl\":\"https:\\\/\\\/www.webdo.tn\\\/fr\\\/wp-content\\\/uploads\\\/2011\\\/06\\\/sorry-were-closed.jpg\",\"datePublished\":\"2011-06-17T12:52:00+00:00\",\"description\":\"Info ou intox: le vendredi sera-t-il ch\u00f4m\u00e9 ?\",\"breadcrumb\":{\"@id\":\"https:\\\/\\\/www.webdo.tn\\\/fr\\\/actualite\\\/chroniques\\\/info-ou-intox-le-vendredi-sera-t-il-chome\\\/186773\\\/#breadcrumb\"},\"inLanguage\":\"fr-FR\",\"potentialAction\":[{\"@type\":\"ReadAction\",\"target\":[\"https:\\\/\\\/www.webdo.tn\\\/fr\\\/actualite\\\/chroniques\\\/info-ou-intox-le-vendredi-sera-t-il-chome\\\/186773\\\/\"]}]},{\"@type\":\"ImageObject\",\"inLanguage\":\"fr-FR\",\"@id\":\"https:\\\/\\\/www.webdo.tn\\\/fr\\\/actualite\\\/chroniques\\\/info-ou-intox-le-vendredi-sera-t-il-chome\\\/186773\\\/#primaryimage\",\"url\":\"https:\\\/\\\/www.webdo.tn\\\/fr\\\/wp-content\\\/uploads\\\/2011\\\/06\\\/sorry-were-closed.jpg\",\"contentUrl\":\"https:\\\/\\\/www.webdo.tn\\\/fr\\\/wp-content\\\/uploads\\\/2011\\\/06\\\/sorry-were-closed.jpg\",\"width\":290,\"height\":174,\"caption\":\"Info ou intox: le vendredi sera-t-il ch\u00f4m\u00e9 ?\"},{\"@type\":\"BreadcrumbList\",\"@id\":\"https:\\\/\\\/www.webdo.tn\\\/fr\\\/actualite\\\/chroniques\\\/info-ou-intox-le-vendredi-sera-t-il-chome\\\/186773\\\/#breadcrumb\",\"itemListElement\":[{\"@type\":\"ListItem\",\"position\":1,\"name\":\"Accueil\",\"item\":\"https:\\\/\\\/www.webdo.tn\\\/fr\\\/\"},{\"@type\":\"ListItem\",\"position\":2,\"name\":\"Info ou intox: le vendredi sera-t-il ch\u00f4m\u00e9 ?\"}]},{\"@type\":\"WebSite\",\"@id\":\"https:\\\/\\\/www.webdo.tn\\\/fr\\\/#website\",\"url\":\"https:\\\/\\\/www.webdo.tn\\\/fr\\\/\",\"name\":\"webdo\",\"description\":\"Tunisie - News en Tunisie et \u00e0 l&#039;international sur Webdo.tn\",\"publisher\":{\"@id\":\"https:\\\/\\\/www.webdo.tn\\\/fr\\\/#organization\"},\"potentialAction\":[{\"@type\":\"SearchAction\",\"target\":{\"@type\":\"EntryPoint\",\"urlTemplate\":\"https:\\\/\\\/www.webdo.tn\\\/fr\\\/?s={search_term_string}\"},\"query-input\":{\"@type\":\"PropertyValueSpecification\",\"valueRequired\":true,\"valueName\":\"search_term_string\"}}],\"inLanguage\":\"fr-FR\"},{\"@type\":\"Organization\",\"@id\":\"https:\\\/\\\/www.webdo.tn\\\/fr\\\/#organization\",\"name\":\"Webdo\",\"alternateName\":\"Webdo.tn\",\"url\":\"https:\\\/\\\/www.webdo.tn\\\/fr\\\/\",\"logo\":{\"@type\":\"ImageObject\",\"inLanguage\":\"fr-FR\",\"@id\":\"https:\\\/\\\/www.webdo.tn\\\/fr\\\/#\\\/schema\\\/logo\\\/image\\\/\",\"url\":\"https:\\\/\\\/www.webdo.tn\\\/fr\\\/wp-content\\\/uploads\\\/2025\\\/06\\\/Webdo-Tunisie_168377.jpg\",\"contentUrl\":\"https:\\\/\\\/www.webdo.tn\\\/fr\\\/wp-content\\\/uploads\\\/2025\\\/06\\\/Webdo-Tunisie_168377.jpg\",\"width\":301,\"height\":301,\"caption\":\"Webdo\"},\"image\":{\"@id\":\"https:\\\/\\\/www.webdo.tn\\\/fr\\\/#\\\/schema\\\/logo\\\/image\\\/\"},\"sameAs\":[\"https:\\\/\\\/www.facebook.com\\\/webdotn\",\"https:\\\/\\\/x.com\\\/webdo_tn\"],\"description\":\"Webdo est un m\u00e9dia num\u00e9rique tunisien fond\u00e9 en 2010, sp\u00e9cialis\u00e9 dans l\u2019actualit\u00e9 nationale et internationale, l\u2019\u00e9conomie, la soci\u00e9t\u00e9 et les analyses politiques. Le site s\u2019adresse \u00e0 un large public francophone et couvre l\u2019information tunisienne en temps r\u00e9el.\",\"email\":\"redac@webdo.tn\",\"legalName\":\"YNJ SARL\",\"foundingDate\":\"2010-09-06\",\"numberOfEmployees\":{\"@type\":\"QuantitativeValue\",\"minValue\":\"11\",\"maxValue\":\"50\"}},{\"@type\":\"Person\",\"@id\":\"\",\"url\":\"https:\\\/\\\/www.webdo.tn\\\/fr\\\/actualite\\\/author\\\/\"}]}<\/script>\n<!-- \/ Yoast SEO Premium plugin. -->","yoast_head_json":{"title":"Info ou intox: le vendredi sera-t-il ch\u00f4m\u00e9 ?","description":"Info ou intox: le vendredi sera-t-il ch\u00f4m\u00e9 ?","canonical":"https:\/\/www.webdo.tn\/fr\/actualite\/chroniques\/info-ou-intox-le-vendredi-sera-t-il-chome\/186773\/","og_locale":"fr_FR","og_type":"article","og_title":"Info ou intox: le vendredi sera-t-il ch\u00f4m\u00e9 ?","og_description":"Info ou intox: le vendredi sera-t-il ch\u00f4m\u00e9 ?","og_url":"https:\/\/www.webdo.tn\/fr\/actualite\/chroniques\/info-ou-intox-le-vendredi-sera-t-il-chome\/186773\/","og_site_name":"webdo","article_publisher":"https:\/\/www.facebook.com\/webdotn","article_published_time":"2011-06-17T12:52:00+00:00","og_image":[{"width":290,"height":174,"url":"https:\/\/www.webdo.tn\/fr\/wp-content\/uploads\/2011\/06\/sorry-were-closed.jpg","type":"image\/jpeg"}],"twitter_card":"summary_large_image","twitter_creator":"@webdo_tn","twitter_site":"@webdo_tn","twitter_misc":{"\u00c9crit par":"","Dur\u00e9e de lecture estim\u00e9e":"1 minute"},"schema":{"@context":"https:\/\/schema.org","@graph":[{"@type":"NewsArticle","@id":"https:\/\/www.webdo.tn\/fr\/actualite\/chroniques\/info-ou-intox-le-vendredi-sera-t-il-chome\/186773\/#article","isPartOf":{"@id":"https:\/\/www.webdo.tn\/fr\/actualite\/chroniques\/info-ou-intox-le-vendredi-sera-t-il-chome\/186773\/"},"author":{"name":"","@id":""},"headline":"Info ou intox: le vendredi sera-t-il ch\u00f4m\u00e9 ?","datePublished":"2011-06-17T12:52:00+00:00","mainEntityOfPage":{"@id":"https:\/\/www.webdo.tn\/fr\/actualite\/chroniques\/info-ou-intox-le-vendredi-sera-t-il-chome\/186773\/"},"wordCount":200,"commentCount":0,"publisher":{"@id":"https:\/\/www.webdo.tn\/fr\/#organization"},"image":{"@id":"https:\/\/www.webdo.tn\/fr\/actualite\/chroniques\/info-ou-intox-le-vendredi-sera-t-il-chome\/186773\/#primaryimage"},"thumbnailUrl":"https:\/\/www.webdo.tn\/fr\/wp-content\/uploads\/2011\/06\/sorry-were-closed.jpg","articleSection":["Chroniques"],"inLanguage":"fr-FR"},{"@type":"WebPage","@id":"https:\/\/www.webdo.tn\/fr\/actualite\/chroniques\/info-ou-intox-le-vendredi-sera-t-il-chome\/186773\/","url":"https:\/\/www.webdo.tn\/fr\/actualite\/chroniques\/info-ou-intox-le-vendredi-sera-t-il-chome\/186773\/","name":"Info ou intox: le vendredi sera-t-il ch\u00f4m\u00e9 ?","isPartOf":{"@id":"https:\/\/www.webdo.tn\/fr\/#website"},"primaryImageOfPage":{"@id":"https:\/\/www.webdo.tn\/fr\/actualite\/chroniques\/info-ou-intox-le-vendredi-sera-t-il-chome\/186773\/#primaryimage"},"image":{"@id":"https:\/\/www.webdo.tn\/fr\/actualite\/chroniques\/info-ou-intox-le-vendredi-sera-t-il-chome\/186773\/#primaryimage"},"thumbnailUrl":"https:\/\/www.webdo.tn\/fr\/wp-content\/uploads\/2011\/06\/sorry-were-closed.jpg","datePublished":"2011-06-17T12:52:00+00:00","description":"Info ou intox: le vendredi sera-t-il ch\u00f4m\u00e9 ?","breadcrumb":{"@id":"https:\/\/www.webdo.tn\/fr\/actualite\/chroniques\/info-ou-intox-le-vendredi-sera-t-il-chome\/186773\/#breadcrumb"},"inLanguage":"fr-FR","potentialAction":[{"@type":"ReadAction","target":["https:\/\/www.webdo.tn\/fr\/actualite\/chroniques\/info-ou-intox-le-vendredi-sera-t-il-chome\/186773\/"]}]},{"@type":"ImageObject","inLanguage":"fr-FR","@id":"https:\/\/www.webdo.tn\/fr\/actualite\/chroniques\/info-ou-intox-le-vendredi-sera-t-il-chome\/186773\/#primaryimage","url":"https:\/\/www.webdo.tn\/fr\/wp-content\/uploads\/2011\/06\/sorry-were-closed.jpg","contentUrl":"https:\/\/www.webdo.tn\/fr\/wp-content\/uploads\/2011\/06\/sorry-were-closed.jpg","width":290,"height":174,"caption":"Info ou intox: le vendredi sera-t-il ch\u00f4m\u00e9 ?"},{"@type":"BreadcrumbList","@id":"https:\/\/www.webdo.tn\/fr\/actualite\/chroniques\/info-ou-intox-le-vendredi-sera-t-il-chome\/186773\/#breadcrumb","itemListElement":[{"@type":"ListItem","position":1,"name":"Accueil","item":"https:\/\/www.webdo.tn\/fr\/"},{"@type":"ListItem","position":2,"name":"Info ou intox: le vendredi sera-t-il ch\u00f4m\u00e9 ?"}]},{"@type":"WebSite","@id":"https:\/\/www.webdo.tn\/fr\/#website","url":"https:\/\/www.webdo.tn\/fr\/","name":"webdo","description":"Tunisie - News en Tunisie et \u00e0 l&#039;international sur Webdo.tn","publisher":{"@id":"https:\/\/www.webdo.tn\/fr\/#organization"},"potentialAction":[{"@type":"SearchAction","target":{"@type":"EntryPoint","urlTemplate":"https:\/\/www.webdo.tn\/fr\/?s={search_term_string}"},"query-input":{"@type":"PropertyValueSpecification","valueRequired":true,"valueName":"search_term_string"}}],"inLanguage":"fr-FR"},{"@type":"Organization","@id":"https:\/\/www.webdo.tn\/fr\/#organization","name":"Webdo","alternateName":"Webdo.tn","url":"https:\/\/www.webdo.tn\/fr\/","logo":{"@type":"ImageObject","inLanguage":"fr-FR","@id":"https:\/\/www.webdo.tn\/fr\/#\/schema\/logo\/image\/","url":"https:\/\/www.webdo.tn\/fr\/wp-content\/uploads\/2025\/06\/Webdo-Tunisie_168377.jpg","contentUrl":"https:\/\/www.webdo.tn\/fr\/wp-content\/uploads\/2025\/06\/Webdo-Tunisie_168377.jpg","width":301,"height":301,"caption":"Webdo"},"image":{"@id":"https:\/\/www.webdo.tn\/fr\/#\/schema\/logo\/image\/"},"sameAs":["https:\/\/www.facebook.com\/webdotn","https:\/\/x.com\/webdo_tn"],"description":"Webdo est un m\u00e9dia num\u00e9rique tunisien fond\u00e9 en 2010, sp\u00e9cialis\u00e9 dans l\u2019actualit\u00e9 nationale et internationale, l\u2019\u00e9conomie, la soci\u00e9t\u00e9 et les analyses politiques. Le site s\u2019adresse \u00e0 un large public francophone et couvre l\u2019information tunisienne en temps r\u00e9el.","email":"redac@webdo.tn","legalName":"YNJ SARL","foundingDate":"2010-09-06","numberOfEmployees":{"@type":"QuantitativeValue","minValue":"11","maxValue":"50"}},{"@type":"Person","@id":"","url":"https:\/\/www.webdo.tn\/fr\/actualite\/author\/"}]}},"_links":{"self":[{"href":"https:\/\/www.webdo.tn\/fr\/wp-json\/wp\/v2\/posts\/186773","targetHints":{"allow":["GET"]}}],"collection":[{"href":"https:\/\/www.webdo.tn\/fr\/wp-json\/wp\/v2\/posts"}],"about":[{"href":"https:\/\/www.webdo.tn\/fr\/wp-json\/wp\/v2\/types\/post"}],"author":[{"embeddable":true,"href":"https:\/\/www.webdo.tn\/fr\/wp-json\/wp\/v2\/users\/1"}],"replies":[{"embeddable":true,"href":"https:\/\/www.webdo.tn\/fr\/wp-json\/wp\/v2\/comments?post=186773"}],"version-history":[{"count":0,"href":"https:\/\/www.webdo.tn\/fr\/wp-json\/wp\/v2\/posts\/186773\/revisions"}],"wp:featuredmedia":[{"embeddable":true,"href":"https:\/\/www.webdo.tn\/fr\/wp-json\/wp\/v2\/media\/365281"}],"wp:attachment":[{"href":"https:\/\/www.webdo.tn\/fr\/wp-json\/wp\/v2\/media?parent=186773"}],"wp:term":[{"taxonomy":"category","embeddable":true,"href":"https:\/\/www.webdo.tn\/fr\/wp-json\/wp\/v2\/categories?post=186773"},{"taxonomy":"post_tag","embeddable":true,"href":"https:\/\/www.webdo.tn\/fr\/wp-json\/wp\/v2\/tags?post=186773"}],"curies":[{"name":"wp","href":"https:\/\/api.w.org\/{rel}","templated":true}]}}