{"id":186759,"date":"2011-04-11T11:50:00","date_gmt":"2011-04-11T11:50:00","guid":{"rendered":"https:\/\/www.webdo.tn\/fr\/actualite\/blog\/le-billet-de-hatem-bourial-flagrant-delit-damnesie\/186759\/"},"modified":"2011-04-11T11:50:00","modified_gmt":"2011-04-11T11:50:00","slug":"le-billet-de-hatem-bourial-flagrant-delit-damnesie","status":"publish","type":"post","link":"https:\/\/www.webdo.tn\/fr\/actualite\/chroniques\/le-billet-de-hatem-bourial-flagrant-delit-damnesie\/186759\/","title":{"rendered":"Le billet de Hatem Bourial\u00a0&#8211; Flagrant d\u00e9lit d\u2019amn\u00e9sie"},"content":{"rendered":"<p>Il y a neuf ans, jour pour jour, la synagogue de la Ghriba \u00e0 Djerba subissait une attaque terroriste qui sera d\u2019ailleurs revendiqu\u00e9e plus tard par la n\u00e9buleuse Al Qua\u00efda.<\/p>\n<p>A l\u2019\u00e9poque, les autorit\u00e9s s\u2019\u00e9taient install\u00e9es dans le d\u00e9ni de r\u00e9alit\u00e9 en cachant au public la v\u00e9rit\u00e9 des \u00e9v\u00e9nements.  Mais, tr\u00e8s vite, gr\u00e2ce aux t\u00e9l\u00e9visions satellitaires, le mensonge fut \u00e9vent\u00e9.  Nous e\u00fbmes m\u00eame droit \u00e0 ces moments dont nous \u00e9tions coutumiers lorsque le monde disait une chose et le Palais de Carthage une autre.  Mais pourquoi remuer ces turpitudes\u00a0?<\/p>\n<p>Que s\u2019est-il donc pass\u00e9 ce 11 avril 2002 \u00e0 la synagogue de Djerba\u00a0? Un camion-citerne charg\u00e9 de gaz et conduit par un kamikaze a explos\u00e9 \u00e0 la Ghriba.  Une vingtaine de morts (allemands, fran\u00e7ais, et tunisiens) seront \u00e0 d\u00e9plorer ainsi qu\u2019une trentaine de bless\u00e9s.  Le kamikaze, un islamiste franco-tunisien nomm\u00e9 Nizar Naouar avait re\u00e7u une formation dans les camps afghans.  Sur place,\u00a0 il b\u00e9n\u00e9ficia de la complicit\u00e9 de son oncle qui sera plus tard condamn\u00e9 \u00e0 vingt ans de r\u00e9clusion.<\/p>\n<p>Depuis, les mesures de s\u00e9curit\u00e9 autour du site ont \u00e9t\u00e9 fortement renforc\u00e9es et la synagogue continue \u00e0 \u00eatre l\u2019un des lieux les plus visit\u00e9s par les touristes \u00e0 Djerba.<\/p>\n<p>Quelques mots sur la Ghriba qui, sans nul doute, est la plus ancienne synagogue d\u2019Afrique du nord.  On remarquera d\u2019ailleurs que notre pays, terre b\u00e9nie et carrefour de la tol\u00e9rance, compte dans son patrimoine la premi\u00e8re mosqu\u00e9e maghr\u00e9bine \u00e0 Kairouan et aussi les premi\u00e8res \u00e9glises chr\u00e9tiennes de toute la r\u00e9gion.<\/p>\n<p>Ceci dit, la synagogue originelle n\u2019existe plus.  Au fil des si\u00e8cles, elle a \u00e9t\u00e9 remplac\u00e9e par l\u2019\u00e9difice que nous connaissons et qui date des ann\u00e9es 1920.  La l\u00e9gende veut qu\u2019une pierre c\u00e9leste soit tomb\u00e9e sur terre et qu\u2019une femme  apparaisse alors pour construire la synagogue.  Une autre croyance veut que les cl\u00e9s de la synagogue remontent au ciel apr\u00e8s de d\u00e9part du dernier Juif de Djerba.<\/p>\n<p>Notons enfin qu\u2019il existait en Tunisie d\u2019autres synagogues d\u00e9nomm\u00e9es \u00ab\u00a0Ghriba\u00a0\u00bb\u00a0: elles se trouvaient au Kef, \u00e0 L\u2019Ariana et aussi dans le quartier d\u2019El Hafsia \u00e0 Tunis. Toutefois, celle de Djerba est la plus ancienne.  Voil\u00e9e de myst\u00e8re, son nom signifie aussi bien merveilleuse qu\u2019\u00e9trange ou solitaire.  Quant \u00e0 sa fondation, elle remonterait \u00e0 586 avant J.C.  Anim\u00e9e au quotidien par la psalmodie des pri\u00e8res des batlanims (orants), la Ghriba accueille une s\u00e9ouda (p\u00e8lerinage annuel) \u00e0 l\u2019occasion de Lag Be Omer, une f\u00eate postpascale.<\/p>\n<p>Si je consacre ce billet \u00e0 la Ghriba, c\u2019est que cette date du 11 avril constitue un anniversaire qui fait partie de notre m\u00e9moire collective de Tunisiens.  Que ce crime ait pu \u00eatre planifi\u00e9 et ex\u00e9cut\u00e9 nous avait appris que nous n\u2019\u00e9tions pas invuln\u00e9rables.  Que les autorit\u00e9s aient choisi le mensonge et plaid\u00e9 l\u2019accident n\u2019\u00e9tait pas une surprise en soi.<\/p>\n<p>La vigilance est toujours de mise dans ce contexte troubl\u00e9 o\u00f9 des rumeurs (infond\u00e9es) d\u2019incendie d\u2019une synagogue \u00e0 El Hamma et des faits (av\u00e9r\u00e9s) d\u2019une manifestation devant celle de Tunis ont suscit\u00e9 l\u2019inqui\u00e9tude.  Il ne faut pas \u00e9vacuer ce crime contre la Tunisie de notre m\u00e9moire collective sous pr\u00e9texte que l\u2019\u00e9voquer pourrait avoir des r\u00e9percussions n\u00e9gatives sur notre tourisme.  Au contraire, l\u2019assumer et s\u2019en souvenir permettra d\u2019att\u00e9nuer la peine et construire la vigilance.  N\u2019ayons pas de contentieux avec notre propre histoire.  Ne soyons pas les victimes consentantes de la tentation amn\u00e9sique.<\/p>\n<p>Car si cette date du 11 avril interpelle notre m\u00e9moire souvent d\u00e9faillante, elle souligne aussi combien le pouvoir d\u00e9chu a cultiv\u00e9 l\u2019amn\u00e9sie et le mensonge.  Parce que personne ne leur en a jamais parl\u00e9, les jeunes d\u2019aujourd\u2019hui ignorent presque tout des mouvements sociaux  connus par le pays depuis les ann\u00e9es soixante-dix.  Et il est de notre devoir de combler cette lacune.<\/p>\n<p>Au-del\u00e0, cette date interpelle aussi notre compassion.  C\u2019est vrai en 2002, l\u2019\u00e9crasante majorit\u00e9 des Tunisiens a dit sa solidarit\u00e9 \u00e0 la communaut\u00e9 juive.  Mais qu\u2019on me permette aujourd\u2019hui d\u2019oser deux remarques.  En premier lieu, apr\u00e8s le tsunami meurtrier que vient de connaitre le Japon, seul le gouvernement a exprim\u00e9 sa compassion.  A mon avis, le peuple aussi devait le faire.  Ne serait-ce que pour dire que nous sommes sortis de la mentalit\u00e9 d\u2019assist\u00e9s qui laissent le gouvernement se charger de tout, y compris de leur \u00e9motion.<\/p>\n<p>Ensuite, nous aurions pu collectivement montrer notre compassion pour les r\u00e9fugi\u00e9s de Ras Jedir de diverses autres mani\u00e8res.  Ainsi, par exemple, les enfants somaliens n\u00e9s dans les camps auraient d\u00fb, \u00e0 mon sens, obtenir la nationalit\u00e9 tunisienne.  Au nom de l\u2019hospitalit\u00e9 et d\u2019une \u00e9thique plus g\u00e9n\u00e9reuse.  Ces enfants sont pour moi n\u00e9s Tunisiens et, forts de notre nouvelle identit\u00e9 r\u00e9volutionnaire, nous devrions les accueillir \u00e0 bras ouverts.  Ils le m\u00e9ritent autant que les footballeurs et autres bagatelles.<\/p>\n<p>Indissociables, le devoir de m\u00e9moire, la compassion et la vigilance de chacun sont le socle de notre responsabilit\u00e9 individuelle longtemps \u00e9cras\u00e9e par la seule raison d\u2019Etat.  Ce sont les expressions de ces petites vertus qui montreront que chacun a affectivement balay\u00e9 devant sa porte.  Sachons changer en profondeur, redevenons les acteurs de nos vies\u2026<\/p>\n<p>D\u00e8s lors, une pens\u00e9e pour les innocentes victimes de la Ghriba ne peut que renforcer cette r\u00e9conciliation avec nous-m\u00eames qui, plus que le verbiage politicien, est synonyme de promesse de lendemains qui chantent&#8230;<\/p>\n","protected":false},"excerpt":{"rendered":"<p>Le billet de Hatem Bourial\u00a0&#8211; Flagrant d\u00e9lit d\u2019amn\u00e9sie <\/p>\n","protected":false},"author":1,"featured_media":365482,"comment_status":"open","ping_status":"closed","sticky":false,"template":"","format":"standard","meta":{"footnotes":""},"categories":[2596],"tags":[],"class_list":["post-186759","post","type-post","status-publish","format-standard","has-post-thumbnail","hentry","category-chroniques"],"yoast_head":"<!-- This site is optimized with the Yoast SEO Premium plugin v27.5 (Yoast SEO v27.5) - https:\/\/yoast.com\/product\/yoast-seo-premium-wordpress\/ -->\n<title>Le billet de Hatem Bourial\u00a0- Flagrant d\u00e9lit d\u2019amn\u00e9sie<\/title>\n<meta name=\"description\" content=\"Le billet de Hatem Bourial\u00a0- Flagrant d\u00e9lit d\u2019amn\u00e9sie\" \/>\n<link rel=\"canonical\" href=\"https:\/\/www.webdo.tn\/fr\/actualite\/chroniques\/le-billet-de-hatem-bourial-flagrant-delit-damnesie\/186759\/\" \/>\n<meta property=\"og:locale\" content=\"fr_FR\" \/>\n<meta property=\"og:type\" content=\"article\" \/>\n<meta property=\"og:title\" content=\"Le billet de Hatem Bourial\u00a0- Flagrant d\u00e9lit d\u2019amn\u00e9sie\" \/>\n<meta property=\"og:description\" content=\"Le billet de Hatem Bourial\u00a0- Flagrant d\u00e9lit d\u2019amn\u00e9sie\" \/>\n<meta property=\"og:url\" content=\"https:\/\/www.webdo.tn\/fr\/actualite\/chroniques\/le-billet-de-hatem-bourial-flagrant-delit-damnesie\/186759\/\" \/>\n<meta property=\"og:site_name\" content=\"webdo\" \/>\n<meta property=\"article:publisher\" content=\"https:\/\/www.facebook.com\/webdotn\" \/>\n<meta property=\"article:published_time\" content=\"2011-04-11T11:50:00+00:00\" \/>\n<meta property=\"og:image\" content=\"https:\/\/www.webdo.tn\/fr\/wp-content\/uploads\/2011\/04\/Synagogue-Ghriba.jpg\" \/>\n\t<meta property=\"og:image:width\" content=\"275\" \/>\n\t<meta property=\"og:image:height\" content=\"183\" \/>\n\t<meta property=\"og:image:type\" content=\"image\/jpeg\" \/>\n<meta name=\"twitter:card\" content=\"summary_large_image\" \/>\n<meta name=\"twitter:creator\" content=\"@webdo_tn\" \/>\n<meta name=\"twitter:site\" content=\"@webdo_tn\" \/>\n<meta name=\"twitter:label1\" content=\"\u00c9crit par\" \/>\n\t<meta name=\"twitter:data1\" content=\"\" \/>\n\t<meta name=\"twitter:label2\" content=\"Dur\u00e9e de lecture estim\u00e9e\" \/>\n\t<meta name=\"twitter:data2\" content=\"5 minutes\" \/>\n<script type=\"application\/ld+json\" class=\"yoast-schema-graph\">{\"@context\":\"https:\\\/\\\/schema.org\",\"@graph\":[{\"@type\":\"NewsArticle\",\"@id\":\"https:\\\/\\\/www.webdo.tn\\\/fr\\\/actualite\\\/chroniques\\\/le-billet-de-hatem-bourial-flagrant-delit-damnesie\\\/186759\\\/#article\",\"isPartOf\":{\"@id\":\"https:\\\/\\\/www.webdo.tn\\\/fr\\\/actualite\\\/chroniques\\\/le-billet-de-hatem-bourial-flagrant-delit-damnesie\\\/186759\\\/\"},\"author\":{\"name\":\"\",\"@id\":\"\"},\"headline\":\"Le billet de Hatem Bourial\u00a0&#8211; Flagrant d\u00e9lit d\u2019amn\u00e9sie\",\"datePublished\":\"2011-04-11T11:50:00+00:00\",\"mainEntityOfPage\":{\"@id\":\"https:\\\/\\\/www.webdo.tn\\\/fr\\\/actualite\\\/chroniques\\\/le-billet-de-hatem-bourial-flagrant-delit-damnesie\\\/186759\\\/\"},\"wordCount\":976,\"commentCount\":0,\"publisher\":{\"@id\":\"https:\\\/\\\/www.webdo.tn\\\/fr\\\/#organization\"},\"image\":{\"@id\":\"https:\\\/\\\/www.webdo.tn\\\/fr\\\/actualite\\\/chroniques\\\/le-billet-de-hatem-bourial-flagrant-delit-damnesie\\\/186759\\\/#primaryimage\"},\"thumbnailUrl\":\"https:\\\/\\\/www.webdo.tn\\\/fr\\\/wp-content\\\/uploads\\\/2011\\\/04\\\/Synagogue-Ghriba.jpg\",\"articleSection\":[\"Chroniques\"],\"inLanguage\":\"fr-FR\"},{\"@type\":\"WebPage\",\"@id\":\"https:\\\/\\\/www.webdo.tn\\\/fr\\\/actualite\\\/chroniques\\\/le-billet-de-hatem-bourial-flagrant-delit-damnesie\\\/186759\\\/\",\"url\":\"https:\\\/\\\/www.webdo.tn\\\/fr\\\/actualite\\\/chroniques\\\/le-billet-de-hatem-bourial-flagrant-delit-damnesie\\\/186759\\\/\",\"name\":\"Le billet de Hatem Bourial\u00a0- Flagrant d\u00e9lit d\u2019amn\u00e9sie\",\"isPartOf\":{\"@id\":\"https:\\\/\\\/www.webdo.tn\\\/fr\\\/#website\"},\"primaryImageOfPage\":{\"@id\":\"https:\\\/\\\/www.webdo.tn\\\/fr\\\/actualite\\\/chroniques\\\/le-billet-de-hatem-bourial-flagrant-delit-damnesie\\\/186759\\\/#primaryimage\"},\"image\":{\"@id\":\"https:\\\/\\\/www.webdo.tn\\\/fr\\\/actualite\\\/chroniques\\\/le-billet-de-hatem-bourial-flagrant-delit-damnesie\\\/186759\\\/#primaryimage\"},\"thumbnailUrl\":\"https:\\\/\\\/www.webdo.tn\\\/fr\\\/wp-content\\\/uploads\\\/2011\\\/04\\\/Synagogue-Ghriba.jpg\",\"datePublished\":\"2011-04-11T11:50:00+00:00\",\"description\":\"Le billet de Hatem Bourial\u00a0- Flagrant d\u00e9lit d\u2019amn\u00e9sie\",\"breadcrumb\":{\"@id\":\"https:\\\/\\\/www.webdo.tn\\\/fr\\\/actualite\\\/chroniques\\\/le-billet-de-hatem-bourial-flagrant-delit-damnesie\\\/186759\\\/#breadcrumb\"},\"inLanguage\":\"fr-FR\",\"potentialAction\":[{\"@type\":\"ReadAction\",\"target\":[\"https:\\\/\\\/www.webdo.tn\\\/fr\\\/actualite\\\/chroniques\\\/le-billet-de-hatem-bourial-flagrant-delit-damnesie\\\/186759\\\/\"]}]},{\"@type\":\"ImageObject\",\"inLanguage\":\"fr-FR\",\"@id\":\"https:\\\/\\\/www.webdo.tn\\\/fr\\\/actualite\\\/chroniques\\\/le-billet-de-hatem-bourial-flagrant-delit-damnesie\\\/186759\\\/#primaryimage\",\"url\":\"https:\\\/\\\/www.webdo.tn\\\/fr\\\/wp-content\\\/uploads\\\/2011\\\/04\\\/Synagogue-Ghriba.jpg\",\"contentUrl\":\"https:\\\/\\\/www.webdo.tn\\\/fr\\\/wp-content\\\/uploads\\\/2011\\\/04\\\/Synagogue-Ghriba.jpg\",\"width\":275,\"height\":183,\"caption\":\"Le billet de Hatem Bourial\u00a0- Flagrant d\u00e9lit d\u2019amn\u00e9sie\"},{\"@type\":\"BreadcrumbList\",\"@id\":\"https:\\\/\\\/www.webdo.tn\\\/fr\\\/actualite\\\/chroniques\\\/le-billet-de-hatem-bourial-flagrant-delit-damnesie\\\/186759\\\/#breadcrumb\",\"itemListElement\":[{\"@type\":\"ListItem\",\"position\":1,\"name\":\"Accueil\",\"item\":\"https:\\\/\\\/www.webdo.tn\\\/fr\\\/\"},{\"@type\":\"ListItem\",\"position\":2,\"name\":\"Le billet de Hatem Bourial\u00a0&#8211; Flagrant d\u00e9lit d\u2019amn\u00e9sie\"}]},{\"@type\":\"WebSite\",\"@id\":\"https:\\\/\\\/www.webdo.tn\\\/fr\\\/#website\",\"url\":\"https:\\\/\\\/www.webdo.tn\\\/fr\\\/\",\"name\":\"webdo\",\"description\":\"Tunisie - News en Tunisie et \u00e0 l&#039;international sur Webdo.tn\",\"publisher\":{\"@id\":\"https:\\\/\\\/www.webdo.tn\\\/fr\\\/#organization\"},\"potentialAction\":[{\"@type\":\"SearchAction\",\"target\":{\"@type\":\"EntryPoint\",\"urlTemplate\":\"https:\\\/\\\/www.webdo.tn\\\/fr\\\/?s={search_term_string}\"},\"query-input\":{\"@type\":\"PropertyValueSpecification\",\"valueRequired\":true,\"valueName\":\"search_term_string\"}}],\"inLanguage\":\"fr-FR\"},{\"@type\":\"Organization\",\"@id\":\"https:\\\/\\\/www.webdo.tn\\\/fr\\\/#organization\",\"name\":\"Webdo\",\"alternateName\":\"Webdo.tn\",\"url\":\"https:\\\/\\\/www.webdo.tn\\\/fr\\\/\",\"logo\":{\"@type\":\"ImageObject\",\"inLanguage\":\"fr-FR\",\"@id\":\"https:\\\/\\\/www.webdo.tn\\\/fr\\\/#\\\/schema\\\/logo\\\/image\\\/\",\"url\":\"https:\\\/\\\/www.webdo.tn\\\/fr\\\/wp-content\\\/uploads\\\/2025\\\/06\\\/Webdo-Tunisie_168377.jpg\",\"contentUrl\":\"https:\\\/\\\/www.webdo.tn\\\/fr\\\/wp-content\\\/uploads\\\/2025\\\/06\\\/Webdo-Tunisie_168377.jpg\",\"width\":301,\"height\":301,\"caption\":\"Webdo\"},\"image\":{\"@id\":\"https:\\\/\\\/www.webdo.tn\\\/fr\\\/#\\\/schema\\\/logo\\\/image\\\/\"},\"sameAs\":[\"https:\\\/\\\/www.facebook.com\\\/webdotn\",\"https:\\\/\\\/x.com\\\/webdo_tn\"],\"description\":\"Webdo est un m\u00e9dia num\u00e9rique tunisien fond\u00e9 en 2010, sp\u00e9cialis\u00e9 dans l\u2019actualit\u00e9 nationale et internationale, l\u2019\u00e9conomie, la soci\u00e9t\u00e9 et les analyses politiques. Le site s\u2019adresse \u00e0 un large public francophone et couvre l\u2019information tunisienne en temps r\u00e9el.\",\"email\":\"redac@webdo.tn\",\"legalName\":\"YNJ SARL\",\"foundingDate\":\"2010-09-06\",\"numberOfEmployees\":{\"@type\":\"QuantitativeValue\",\"minValue\":\"11\",\"maxValue\":\"50\"}},{\"@type\":\"Person\",\"@id\":\"\",\"url\":\"https:\\\/\\\/www.webdo.tn\\\/fr\\\/actualite\\\/author\\\/\"}]}<\/script>\n<!-- \/ Yoast SEO Premium plugin. -->","yoast_head_json":{"title":"Le billet de Hatem Bourial\u00a0- Flagrant d\u00e9lit d\u2019amn\u00e9sie","description":"Le billet de Hatem Bourial\u00a0- Flagrant d\u00e9lit d\u2019amn\u00e9sie","canonical":"https:\/\/www.webdo.tn\/fr\/actualite\/chroniques\/le-billet-de-hatem-bourial-flagrant-delit-damnesie\/186759\/","og_locale":"fr_FR","og_type":"article","og_title":"Le billet de Hatem Bourial\u00a0- Flagrant d\u00e9lit d\u2019amn\u00e9sie","og_description":"Le billet de Hatem Bourial\u00a0- Flagrant d\u00e9lit d\u2019amn\u00e9sie","og_url":"https:\/\/www.webdo.tn\/fr\/actualite\/chroniques\/le-billet-de-hatem-bourial-flagrant-delit-damnesie\/186759\/","og_site_name":"webdo","article_publisher":"https:\/\/www.facebook.com\/webdotn","article_published_time":"2011-04-11T11:50:00+00:00","og_image":[{"width":275,"height":183,"url":"https:\/\/www.webdo.tn\/fr\/wp-content\/uploads\/2011\/04\/Synagogue-Ghriba.jpg","type":"image\/jpeg"}],"twitter_card":"summary_large_image","twitter_creator":"@webdo_tn","twitter_site":"@webdo_tn","twitter_misc":{"\u00c9crit par":"","Dur\u00e9e de lecture estim\u00e9e":"5 minutes"},"schema":{"@context":"https:\/\/schema.org","@graph":[{"@type":"NewsArticle","@id":"https:\/\/www.webdo.tn\/fr\/actualite\/chroniques\/le-billet-de-hatem-bourial-flagrant-delit-damnesie\/186759\/#article","isPartOf":{"@id":"https:\/\/www.webdo.tn\/fr\/actualite\/chroniques\/le-billet-de-hatem-bourial-flagrant-delit-damnesie\/186759\/"},"author":{"name":"","@id":""},"headline":"Le billet de Hatem Bourial\u00a0&#8211; Flagrant d\u00e9lit d\u2019amn\u00e9sie","datePublished":"2011-04-11T11:50:00+00:00","mainEntityOfPage":{"@id":"https:\/\/www.webdo.tn\/fr\/actualite\/chroniques\/le-billet-de-hatem-bourial-flagrant-delit-damnesie\/186759\/"},"wordCount":976,"commentCount":0,"publisher":{"@id":"https:\/\/www.webdo.tn\/fr\/#organization"},"image":{"@id":"https:\/\/www.webdo.tn\/fr\/actualite\/chroniques\/le-billet-de-hatem-bourial-flagrant-delit-damnesie\/186759\/#primaryimage"},"thumbnailUrl":"https:\/\/www.webdo.tn\/fr\/wp-content\/uploads\/2011\/04\/Synagogue-Ghriba.jpg","articleSection":["Chroniques"],"inLanguage":"fr-FR"},{"@type":"WebPage","@id":"https:\/\/www.webdo.tn\/fr\/actualite\/chroniques\/le-billet-de-hatem-bourial-flagrant-delit-damnesie\/186759\/","url":"https:\/\/www.webdo.tn\/fr\/actualite\/chroniques\/le-billet-de-hatem-bourial-flagrant-delit-damnesie\/186759\/","name":"Le billet de Hatem Bourial\u00a0- Flagrant d\u00e9lit d\u2019amn\u00e9sie","isPartOf":{"@id":"https:\/\/www.webdo.tn\/fr\/#website"},"primaryImageOfPage":{"@id":"https:\/\/www.webdo.tn\/fr\/actualite\/chroniques\/le-billet-de-hatem-bourial-flagrant-delit-damnesie\/186759\/#primaryimage"},"image":{"@id":"https:\/\/www.webdo.tn\/fr\/actualite\/chroniques\/le-billet-de-hatem-bourial-flagrant-delit-damnesie\/186759\/#primaryimage"},"thumbnailUrl":"https:\/\/www.webdo.tn\/fr\/wp-content\/uploads\/2011\/04\/Synagogue-Ghriba.jpg","datePublished":"2011-04-11T11:50:00+00:00","description":"Le billet de Hatem Bourial\u00a0- Flagrant d\u00e9lit d\u2019amn\u00e9sie","breadcrumb":{"@id":"https:\/\/www.webdo.tn\/fr\/actualite\/chroniques\/le-billet-de-hatem-bourial-flagrant-delit-damnesie\/186759\/#breadcrumb"},"inLanguage":"fr-FR","potentialAction":[{"@type":"ReadAction","target":["https:\/\/www.webdo.tn\/fr\/actualite\/chroniques\/le-billet-de-hatem-bourial-flagrant-delit-damnesie\/186759\/"]}]},{"@type":"ImageObject","inLanguage":"fr-FR","@id":"https:\/\/www.webdo.tn\/fr\/actualite\/chroniques\/le-billet-de-hatem-bourial-flagrant-delit-damnesie\/186759\/#primaryimage","url":"https:\/\/www.webdo.tn\/fr\/wp-content\/uploads\/2011\/04\/Synagogue-Ghriba.jpg","contentUrl":"https:\/\/www.webdo.tn\/fr\/wp-content\/uploads\/2011\/04\/Synagogue-Ghriba.jpg","width":275,"height":183,"caption":"Le billet de Hatem Bourial\u00a0- Flagrant d\u00e9lit d\u2019amn\u00e9sie"},{"@type":"BreadcrumbList","@id":"https:\/\/www.webdo.tn\/fr\/actualite\/chroniques\/le-billet-de-hatem-bourial-flagrant-delit-damnesie\/186759\/#breadcrumb","itemListElement":[{"@type":"ListItem","position":1,"name":"Accueil","item":"https:\/\/www.webdo.tn\/fr\/"},{"@type":"ListItem","position":2,"name":"Le billet de Hatem Bourial\u00a0&#8211; Flagrant d\u00e9lit d\u2019amn\u00e9sie"}]},{"@type":"WebSite","@id":"https:\/\/www.webdo.tn\/fr\/#website","url":"https:\/\/www.webdo.tn\/fr\/","name":"webdo","description":"Tunisie - News en Tunisie et \u00e0 l&#039;international sur Webdo.tn","publisher":{"@id":"https:\/\/www.webdo.tn\/fr\/#organization"},"potentialAction":[{"@type":"SearchAction","target":{"@type":"EntryPoint","urlTemplate":"https:\/\/www.webdo.tn\/fr\/?s={search_term_string}"},"query-input":{"@type":"PropertyValueSpecification","valueRequired":true,"valueName":"search_term_string"}}],"inLanguage":"fr-FR"},{"@type":"Organization","@id":"https:\/\/www.webdo.tn\/fr\/#organization","name":"Webdo","alternateName":"Webdo.tn","url":"https:\/\/www.webdo.tn\/fr\/","logo":{"@type":"ImageObject","inLanguage":"fr-FR","@id":"https:\/\/www.webdo.tn\/fr\/#\/schema\/logo\/image\/","url":"https:\/\/www.webdo.tn\/fr\/wp-content\/uploads\/2025\/06\/Webdo-Tunisie_168377.jpg","contentUrl":"https:\/\/www.webdo.tn\/fr\/wp-content\/uploads\/2025\/06\/Webdo-Tunisie_168377.jpg","width":301,"height":301,"caption":"Webdo"},"image":{"@id":"https:\/\/www.webdo.tn\/fr\/#\/schema\/logo\/image\/"},"sameAs":["https:\/\/www.facebook.com\/webdotn","https:\/\/x.com\/webdo_tn"],"description":"Webdo est un m\u00e9dia num\u00e9rique tunisien fond\u00e9 en 2010, sp\u00e9cialis\u00e9 dans l\u2019actualit\u00e9 nationale et internationale, l\u2019\u00e9conomie, la soci\u00e9t\u00e9 et les analyses politiques. Le site s\u2019adresse \u00e0 un large public francophone et couvre l\u2019information tunisienne en temps r\u00e9el.","email":"redac@webdo.tn","legalName":"YNJ SARL","foundingDate":"2010-09-06","numberOfEmployees":{"@type":"QuantitativeValue","minValue":"11","maxValue":"50"}},{"@type":"Person","@id":"","url":"https:\/\/www.webdo.tn\/fr\/actualite\/author\/"}]}},"_links":{"self":[{"href":"https:\/\/www.webdo.tn\/fr\/wp-json\/wp\/v2\/posts\/186759","targetHints":{"allow":["GET"]}}],"collection":[{"href":"https:\/\/www.webdo.tn\/fr\/wp-json\/wp\/v2\/posts"}],"about":[{"href":"https:\/\/www.webdo.tn\/fr\/wp-json\/wp\/v2\/types\/post"}],"author":[{"embeddable":true,"href":"https:\/\/www.webdo.tn\/fr\/wp-json\/wp\/v2\/users\/1"}],"replies":[{"embeddable":true,"href":"https:\/\/www.webdo.tn\/fr\/wp-json\/wp\/v2\/comments?post=186759"}],"version-history":[{"count":0,"href":"https:\/\/www.webdo.tn\/fr\/wp-json\/wp\/v2\/posts\/186759\/revisions"}],"wp:featuredmedia":[{"embeddable":true,"href":"https:\/\/www.webdo.tn\/fr\/wp-json\/wp\/v2\/media\/365482"}],"wp:attachment":[{"href":"https:\/\/www.webdo.tn\/fr\/wp-json\/wp\/v2\/media?parent=186759"}],"wp:term":[{"taxonomy":"category","embeddable":true,"href":"https:\/\/www.webdo.tn\/fr\/wp-json\/wp\/v2\/categories?post=186759"},{"taxonomy":"post_tag","embeddable":true,"href":"https:\/\/www.webdo.tn\/fr\/wp-json\/wp\/v2\/tags?post=186759"}],"curies":[{"name":"wp","href":"https:\/\/api.w.org\/{rel}","templated":true}]}}