{"id":186742,"date":"2022-10-10T09:18:00","date_gmt":"2022-10-10T09:18:00","guid":{"rendered":"https:\/\/www.webdo.tn\/fr\/blog\/elisabeth-borne-en-visite-en-algerie\/186742\/"},"modified":"2025-05-14T10:56:07","modified_gmt":"2025-05-14T10:56:07","slug":"elisabeth-borne-en-visite-en-algerie","status":"publish","type":"post","link":"https:\/\/www.webdo.tn\/fr\/actualite\/international\/elisabeth-borne-en-visite-en-algerie\/186742\/","title":{"rendered":"Elisabeth Borne en visite en Alg\u00e9rie"},"content":{"rendered":"<p>La Premi\u00e8re ministre fran\u00e7aise \u00c9lisabeth Borne s&rsquo;est rendue en Alg\u00e9rie pour une \u00ab\u00a0visite visant \u00e0 concr\u00e9tiser le partenariat conclu entre les chefs des deux \u00c9tats fin ao\u00fbt\u00a0\u00bb.<\/p>\n<p>Accompagn\u00e9e d&rsquo;une quinzaine de ministres, la Premi\u00e8re ministre fran\u00e7aise est arriv\u00e9e hier \u00e0 Alger pour une visite \u00e9galement destin\u00e9e \u00e0 la r\u00e9conciliation amorc\u00e9e en ao\u00fbt par les pr\u00e9sidents des deux pays.<\/p>\n<p>\u00c9lisabeth Borne a \u00e9t\u00e9 accueillie par son homologue A\u00efmene Benabderrahmane et d\u00e9marr\u00e9 sa visite en d\u00e9posant une gerbe au Monument des Martyrs, haut lieu de la m\u00e9moire alg\u00e9rienne de la guerre d&rsquo;ind\u00e9pendance (1954-1962) face \u00e0 la France, ainsi qu&rsquo;au cimeti\u00e8re Saint-Eug\u00e8ne \u00e0 Alger, o\u00f9 reposent nombre de Fran\u00e7ais n\u00e9s en Alg\u00e9rie.<\/p>\n<p>\u00c9lisabeth Borne co-pr\u00e9sidera, avec son homologue alg\u00e9rien, la cinqui\u00e8me session du comit\u00e9 intergouvernemental de haut niveau (CIHN).<\/p>\n<p>Elisabeth Borne et A\u00efmene Benabderrahmane ont pr\u00e9sid\u00e9 hier une r\u00e9union du Comit\u00e9 intergouvernemental de haut niveau (CIHN), dont la derni\u00e8re \u00e9dition remonte \u00e0 2017, o\u00f9 il a \u00e9t\u00e9 surtout question de coop\u00e9ration \u00e9conomique.<\/p>\n<p>La r\u00e9union a d\u00e9bouch\u00e9 sur la signature d&rsquo;une douzaine de textes, \u00ab\u00a0d\u00e9clarations d&rsquo;intention\u00a0\u00bb sur l&#8217;emploi, la coop\u00e9ration industrielle, le tourisme et l&rsquo;artisanat, ou le handicap, \u00ab\u00a0convention de partenariat\u00a0\u00bb dans le domaine agricole, \u00ab\u00a0m\u00e9morandum d&rsquo;accord\u00a0\u00bb sur les start-ups.<\/p>\n<p>Apr\u00e8s une ann\u00e9e de gel dans les relations entre Alger et Paris, celles-ci se sont r\u00e9chauff\u00e9es \u00e0 la suite de la visite de Macron en Alg\u00e9rie vers la fin du mois d\u2019ao\u00fbt dernier.<\/p>\n<p>La visite d\u2019\u00c9lisabeth Borne s\u2019inscrit dans ce r\u00e9chauffement des relations bilat\u00e9rales, mais intervient dans un contexte de crise \u00e9nerg\u00e9tique \u00e0 laquelle fait face l\u2019Europe \u00e0 la suite de la guerre entre la Russie et l\u2019Ukraine.<\/p>\n<p>Une possible augmentation des livraisons de gaz alg\u00e9rien en direction de la France, en pleine crise \u00e9nerg\u00e9tique sera vraisemblablement \u00e0 l\u2019ordre du jour m\u00eame si ce dossier \u00ab\u00a0n&rsquo;est pas \u00e0 l&rsquo;ordre du jour\u00a0\u00bb de cette visite, selon Matignon.<\/p>\n<p>Mme Borne a dit \u00e0 TSA souhaiter \u00ab\u00a0n\u00e9anmoins continuer \u00e0 d\u00e9velopper notre partenariat dans ce secteur avec l&rsquo;Alg\u00e9rie, notamment en mati\u00e8re de GNL, et pour accro\u00eetre l&rsquo;efficience de ses capacit\u00e9s de production gazi\u00e8re\u00a0\u00bb.<\/p>\n","protected":false},"excerpt":{"rendered":"<p>Elisabeth Borne en visite en Alg\u00e9rie<\/p>\n","protected":false},"author":3222,"featured_media":253628,"comment_status":"open","ping_status":"closed","sticky":false,"template":"","format":"standard","meta":{"footnotes":""},"categories":[2598],"tags":[],"class_list":["post-186742","post","type-post","status-publish","format-standard","has-post-thumbnail","hentry","category-international"],"yoast_head":"<!-- This site is optimized with the Yoast SEO Premium plugin v27.4 (Yoast SEO v27.4) - https:\/\/yoast.com\/product\/yoast-seo-premium-wordpress\/ -->\n<title>Elisabeth Borne en visite en Alg\u00e9rie<\/title>\n<meta name=\"description\" content=\"Elisabeth Borne en visite en Alg\u00e9rie\" \/>\n<link rel=\"canonical\" href=\"https:\/\/www.webdo.tn\/fr\/actualite\/international\/elisabeth-borne-en-visite-en-algerie\/186742\/\" \/>\n<meta property=\"og:locale\" content=\"fr_FR\" \/>\n<meta property=\"og:type\" content=\"article\" \/>\n<meta property=\"og:title\" content=\"Elisabeth Borne en visite en Alg\u00e9rie\" \/>\n<meta property=\"og:description\" content=\"Elisabeth Borne en visite en Alg\u00e9rie\" \/>\n<meta property=\"og:url\" content=\"https:\/\/www.webdo.tn\/fr\/actualite\/international\/elisabeth-borne-en-visite-en-algerie\/186742\/\" \/>\n<meta property=\"og:site_name\" content=\"webdo\" \/>\n<meta property=\"article:publisher\" content=\"https:\/\/www.facebook.com\/webdotn\" \/>\n<meta property=\"article:published_time\" content=\"2022-10-10T09:18:00+00:00\" \/>\n<meta property=\"article:modified_time\" content=\"2025-05-14T10:56:07+00:00\" \/>\n<meta property=\"og:image\" content=\"https:\/\/www.webdo.tn\/fr\/wp-content\/uploads\/2022\/10\/elisabeth_borne.jpg\" \/>\n\t<meta property=\"og:image:width\" content=\"650\" \/>\n\t<meta property=\"og:image:height\" content=\"365\" \/>\n\t<meta property=\"og:image:type\" content=\"image\/jpeg\" \/>\n<meta name=\"author\" content=\"webdo.tn\" \/>\n<meta name=\"twitter:card\" content=\"summary_large_image\" \/>\n<meta name=\"twitter:creator\" content=\"@webdo_tn\" \/>\n<meta name=\"twitter:site\" content=\"@webdo_tn\" \/>\n<meta name=\"twitter:label1\" content=\"\u00c9crit par\" \/>\n\t<meta name=\"twitter:data1\" content=\"webdo.tn\" \/>\n\t<meta name=\"twitter:label2\" content=\"Dur\u00e9e de lecture estim\u00e9e\" \/>\n\t<meta name=\"twitter:data2\" content=\"2 minutes\" \/>\n<script type=\"application\/ld+json\" class=\"yoast-schema-graph\">{\"@context\":\"https:\\\/\\\/schema.org\",\"@graph\":[{\"@type\":\"NewsArticle\",\"@id\":\"https:\\\/\\\/www.webdo.tn\\\/fr\\\/actualite\\\/international\\\/elisabeth-borne-en-visite-en-algerie\\\/186742\\\/#article\",\"isPartOf\":{\"@id\":\"https:\\\/\\\/www.webdo.tn\\\/fr\\\/actualite\\\/international\\\/elisabeth-borne-en-visite-en-algerie\\\/186742\\\/\"},\"author\":{\"name\":\"webdo.tn\",\"@id\":\"https:\\\/\\\/www.webdo.tn\\\/fr\\\/#\\\/schema\\\/person\\\/9a9c6118d687c117df8ef3cc36a4d175\"},\"headline\":\"Elisabeth Borne en visite en Alg\u00e9rie\",\"datePublished\":\"2022-10-10T09:18:00+00:00\",\"dateModified\":\"2025-05-14T10:56:07+00:00\",\"mainEntityOfPage\":{\"@id\":\"https:\\\/\\\/www.webdo.tn\\\/fr\\\/actualite\\\/international\\\/elisabeth-borne-en-visite-en-algerie\\\/186742\\\/\"},\"wordCount\":404,\"commentCount\":0,\"publisher\":{\"@id\":\"https:\\\/\\\/www.webdo.tn\\\/fr\\\/#organization\"},\"image\":{\"@id\":\"https:\\\/\\\/www.webdo.tn\\\/fr\\\/actualite\\\/international\\\/elisabeth-borne-en-visite-en-algerie\\\/186742\\\/#primaryimage\"},\"thumbnailUrl\":\"https:\\\/\\\/www.webdo.tn\\\/fr\\\/wp-content\\\/uploads\\\/2022\\\/10\\\/elisabeth_borne.jpg\",\"articleSection\":[\"International\"],\"inLanguage\":\"fr-FR\"},{\"@type\":\"WebPage\",\"@id\":\"https:\\\/\\\/www.webdo.tn\\\/fr\\\/actualite\\\/international\\\/elisabeth-borne-en-visite-en-algerie\\\/186742\\\/\",\"url\":\"https:\\\/\\\/www.webdo.tn\\\/fr\\\/actualite\\\/international\\\/elisabeth-borne-en-visite-en-algerie\\\/186742\\\/\",\"name\":\"Elisabeth Borne en visite en Alg\u00e9rie\",\"isPartOf\":{\"@id\":\"https:\\\/\\\/www.webdo.tn\\\/fr\\\/#website\"},\"primaryImageOfPage\":{\"@id\":\"https:\\\/\\\/www.webdo.tn\\\/fr\\\/actualite\\\/international\\\/elisabeth-borne-en-visite-en-algerie\\\/186742\\\/#primaryimage\"},\"image\":{\"@id\":\"https:\\\/\\\/www.webdo.tn\\\/fr\\\/actualite\\\/international\\\/elisabeth-borne-en-visite-en-algerie\\\/186742\\\/#primaryimage\"},\"thumbnailUrl\":\"https:\\\/\\\/www.webdo.tn\\\/fr\\\/wp-content\\\/uploads\\\/2022\\\/10\\\/elisabeth_borne.jpg\",\"datePublished\":\"2022-10-10T09:18:00+00:00\",\"dateModified\":\"2025-05-14T10:56:07+00:00\",\"description\":\"Elisabeth Borne en visite en Alg\u00e9rie\",\"breadcrumb\":{\"@id\":\"https:\\\/\\\/www.webdo.tn\\\/fr\\\/actualite\\\/international\\\/elisabeth-borne-en-visite-en-algerie\\\/186742\\\/#breadcrumb\"},\"inLanguage\":\"fr-FR\",\"potentialAction\":[{\"@type\":\"ReadAction\",\"target\":[\"https:\\\/\\\/www.webdo.tn\\\/fr\\\/actualite\\\/international\\\/elisabeth-borne-en-visite-en-algerie\\\/186742\\\/\"]}]},{\"@type\":\"ImageObject\",\"inLanguage\":\"fr-FR\",\"@id\":\"https:\\\/\\\/www.webdo.tn\\\/fr\\\/actualite\\\/international\\\/elisabeth-borne-en-visite-en-algerie\\\/186742\\\/#primaryimage\",\"url\":\"https:\\\/\\\/www.webdo.tn\\\/fr\\\/wp-content\\\/uploads\\\/2022\\\/10\\\/elisabeth_borne.jpg\",\"contentUrl\":\"https:\\\/\\\/www.webdo.tn\\\/fr\\\/wp-content\\\/uploads\\\/2022\\\/10\\\/elisabeth_borne.jpg\",\"width\":650,\"height\":365,\"caption\":\"Elisabeth Borne en visite en Alg\u00e9rie\"},{\"@type\":\"BreadcrumbList\",\"@id\":\"https:\\\/\\\/www.webdo.tn\\\/fr\\\/actualite\\\/international\\\/elisabeth-borne-en-visite-en-algerie\\\/186742\\\/#breadcrumb\",\"itemListElement\":[{\"@type\":\"ListItem\",\"position\":1,\"name\":\"Accueil\",\"item\":\"https:\\\/\\\/www.webdo.tn\\\/fr\\\/\"},{\"@type\":\"ListItem\",\"position\":2,\"name\":\"Elisabeth Borne en visite en Alg\u00e9rie\"}]},{\"@type\":\"WebSite\",\"@id\":\"https:\\\/\\\/www.webdo.tn\\\/fr\\\/#website\",\"url\":\"https:\\\/\\\/www.webdo.tn\\\/fr\\\/\",\"name\":\"webdo\",\"description\":\"Tunisie - News en Tunisie et \u00e0 l&#039;international sur Webdo.tn\",\"publisher\":{\"@id\":\"https:\\\/\\\/www.webdo.tn\\\/fr\\\/#organization\"},\"potentialAction\":[{\"@type\":\"SearchAction\",\"target\":{\"@type\":\"EntryPoint\",\"urlTemplate\":\"https:\\\/\\\/www.webdo.tn\\\/fr\\\/?s={search_term_string}\"},\"query-input\":{\"@type\":\"PropertyValueSpecification\",\"valueRequired\":true,\"valueName\":\"search_term_string\"}}],\"inLanguage\":\"fr-FR\"},{\"@type\":\"Organization\",\"@id\":\"https:\\\/\\\/www.webdo.tn\\\/fr\\\/#organization\",\"name\":\"Webdo\",\"alternateName\":\"Webdo.tn\",\"url\":\"https:\\\/\\\/www.webdo.tn\\\/fr\\\/\",\"logo\":{\"@type\":\"ImageObject\",\"inLanguage\":\"fr-FR\",\"@id\":\"https:\\\/\\\/www.webdo.tn\\\/fr\\\/#\\\/schema\\\/logo\\\/image\\\/\",\"url\":\"https:\\\/\\\/www.webdo.tn\\\/fr\\\/wp-content\\\/uploads\\\/2025\\\/06\\\/Webdo-Tunisie_168377.jpg\",\"contentUrl\":\"https:\\\/\\\/www.webdo.tn\\\/fr\\\/wp-content\\\/uploads\\\/2025\\\/06\\\/Webdo-Tunisie_168377.jpg\",\"width\":301,\"height\":301,\"caption\":\"Webdo\"},\"image\":{\"@id\":\"https:\\\/\\\/www.webdo.tn\\\/fr\\\/#\\\/schema\\\/logo\\\/image\\\/\"},\"sameAs\":[\"https:\\\/\\\/www.facebook.com\\\/webdotn\",\"https:\\\/\\\/x.com\\\/webdo_tn\"],\"description\":\"Webdo est un m\u00e9dia num\u00e9rique tunisien fond\u00e9 en 2010, sp\u00e9cialis\u00e9 dans l\u2019actualit\u00e9 nationale et internationale, l\u2019\u00e9conomie, la soci\u00e9t\u00e9 et les analyses politiques. Le site s\u2019adresse \u00e0 un large public francophone et couvre l\u2019information tunisienne en temps r\u00e9el.\",\"email\":\"redac@webdo.tn\",\"legalName\":\"YNJ SARL\",\"foundingDate\":\"2010-09-06\",\"numberOfEmployees\":{\"@type\":\"QuantitativeValue\",\"minValue\":\"11\",\"maxValue\":\"50\"}},{\"@type\":\"Person\",\"@id\":\"https:\\\/\\\/www.webdo.tn\\\/fr\\\/#\\\/schema\\\/person\\\/9a9c6118d687c117df8ef3cc36a4d175\",\"name\":\"webdo.tn\",\"image\":{\"@type\":\"ImageObject\",\"inLanguage\":\"fr-FR\",\"@id\":\"https:\\\/\\\/secure.gravatar.com\\\/avatar\\\/7ce1f28c0c3bbac99ff550b85ef8e44a6950c6ee24514fb6a5489e51d06f0298?s=96&d=mm&r=g\",\"url\":\"https:\\\/\\\/secure.gravatar.com\\\/avatar\\\/7ce1f28c0c3bbac99ff550b85ef8e44a6950c6ee24514fb6a5489e51d06f0298?s=96&d=mm&r=g\",\"contentUrl\":\"https:\\\/\\\/secure.gravatar.com\\\/avatar\\\/7ce1f28c0c3bbac99ff550b85ef8e44a6950c6ee24514fb6a5489e51d06f0298?s=96&d=mm&r=g\",\"caption\":\"webdo.tn\"},\"url\":\"https:\\\/\\\/www.webdo.tn\\\/fr\\\/actualite\\\/author\\\/webdotn\\\/\"}]}<\/script>\n<!-- \/ Yoast SEO Premium plugin. -->","yoast_head_json":{"title":"Elisabeth Borne en visite en Alg\u00e9rie","description":"Elisabeth Borne en visite en Alg\u00e9rie","canonical":"https:\/\/www.webdo.tn\/fr\/actualite\/international\/elisabeth-borne-en-visite-en-algerie\/186742\/","og_locale":"fr_FR","og_type":"article","og_title":"Elisabeth Borne en visite en Alg\u00e9rie","og_description":"Elisabeth Borne en visite en Alg\u00e9rie","og_url":"https:\/\/www.webdo.tn\/fr\/actualite\/international\/elisabeth-borne-en-visite-en-algerie\/186742\/","og_site_name":"webdo","article_publisher":"https:\/\/www.facebook.com\/webdotn","article_published_time":"2022-10-10T09:18:00+00:00","article_modified_time":"2025-05-14T10:56:07+00:00","og_image":[{"width":650,"height":365,"url":"https:\/\/www.webdo.tn\/fr\/wp-content\/uploads\/2022\/10\/elisabeth_borne.jpg","type":"image\/jpeg"}],"author":"webdo.tn","twitter_card":"summary_large_image","twitter_creator":"@webdo_tn","twitter_site":"@webdo_tn","twitter_misc":{"\u00c9crit par":"webdo.tn","Dur\u00e9e de lecture estim\u00e9e":"2 minutes"},"schema":{"@context":"https:\/\/schema.org","@graph":[{"@type":"NewsArticle","@id":"https:\/\/www.webdo.tn\/fr\/actualite\/international\/elisabeth-borne-en-visite-en-algerie\/186742\/#article","isPartOf":{"@id":"https:\/\/www.webdo.tn\/fr\/actualite\/international\/elisabeth-borne-en-visite-en-algerie\/186742\/"},"author":{"name":"webdo.tn","@id":"https:\/\/www.webdo.tn\/fr\/#\/schema\/person\/9a9c6118d687c117df8ef3cc36a4d175"},"headline":"Elisabeth Borne en visite en Alg\u00e9rie","datePublished":"2022-10-10T09:18:00+00:00","dateModified":"2025-05-14T10:56:07+00:00","mainEntityOfPage":{"@id":"https:\/\/www.webdo.tn\/fr\/actualite\/international\/elisabeth-borne-en-visite-en-algerie\/186742\/"},"wordCount":404,"commentCount":0,"publisher":{"@id":"https:\/\/www.webdo.tn\/fr\/#organization"},"image":{"@id":"https:\/\/www.webdo.tn\/fr\/actualite\/international\/elisabeth-borne-en-visite-en-algerie\/186742\/#primaryimage"},"thumbnailUrl":"https:\/\/www.webdo.tn\/fr\/wp-content\/uploads\/2022\/10\/elisabeth_borne.jpg","articleSection":["International"],"inLanguage":"fr-FR"},{"@type":"WebPage","@id":"https:\/\/www.webdo.tn\/fr\/actualite\/international\/elisabeth-borne-en-visite-en-algerie\/186742\/","url":"https:\/\/www.webdo.tn\/fr\/actualite\/international\/elisabeth-borne-en-visite-en-algerie\/186742\/","name":"Elisabeth Borne en visite en Alg\u00e9rie","isPartOf":{"@id":"https:\/\/www.webdo.tn\/fr\/#website"},"primaryImageOfPage":{"@id":"https:\/\/www.webdo.tn\/fr\/actualite\/international\/elisabeth-borne-en-visite-en-algerie\/186742\/#primaryimage"},"image":{"@id":"https:\/\/www.webdo.tn\/fr\/actualite\/international\/elisabeth-borne-en-visite-en-algerie\/186742\/#primaryimage"},"thumbnailUrl":"https:\/\/www.webdo.tn\/fr\/wp-content\/uploads\/2022\/10\/elisabeth_borne.jpg","datePublished":"2022-10-10T09:18:00+00:00","dateModified":"2025-05-14T10:56:07+00:00","description":"Elisabeth Borne en visite en Alg\u00e9rie","breadcrumb":{"@id":"https:\/\/www.webdo.tn\/fr\/actualite\/international\/elisabeth-borne-en-visite-en-algerie\/186742\/#breadcrumb"},"inLanguage":"fr-FR","potentialAction":[{"@type":"ReadAction","target":["https:\/\/www.webdo.tn\/fr\/actualite\/international\/elisabeth-borne-en-visite-en-algerie\/186742\/"]}]},{"@type":"ImageObject","inLanguage":"fr-FR","@id":"https:\/\/www.webdo.tn\/fr\/actualite\/international\/elisabeth-borne-en-visite-en-algerie\/186742\/#primaryimage","url":"https:\/\/www.webdo.tn\/fr\/wp-content\/uploads\/2022\/10\/elisabeth_borne.jpg","contentUrl":"https:\/\/www.webdo.tn\/fr\/wp-content\/uploads\/2022\/10\/elisabeth_borne.jpg","width":650,"height":365,"caption":"Elisabeth Borne en visite en Alg\u00e9rie"},{"@type":"BreadcrumbList","@id":"https:\/\/www.webdo.tn\/fr\/actualite\/international\/elisabeth-borne-en-visite-en-algerie\/186742\/#breadcrumb","itemListElement":[{"@type":"ListItem","position":1,"name":"Accueil","item":"https:\/\/www.webdo.tn\/fr\/"},{"@type":"ListItem","position":2,"name":"Elisabeth Borne en visite en Alg\u00e9rie"}]},{"@type":"WebSite","@id":"https:\/\/www.webdo.tn\/fr\/#website","url":"https:\/\/www.webdo.tn\/fr\/","name":"webdo","description":"Tunisie - News en Tunisie et \u00e0 l&#039;international sur Webdo.tn","publisher":{"@id":"https:\/\/www.webdo.tn\/fr\/#organization"},"potentialAction":[{"@type":"SearchAction","target":{"@type":"EntryPoint","urlTemplate":"https:\/\/www.webdo.tn\/fr\/?s={search_term_string}"},"query-input":{"@type":"PropertyValueSpecification","valueRequired":true,"valueName":"search_term_string"}}],"inLanguage":"fr-FR"},{"@type":"Organization","@id":"https:\/\/www.webdo.tn\/fr\/#organization","name":"Webdo","alternateName":"Webdo.tn","url":"https:\/\/www.webdo.tn\/fr\/","logo":{"@type":"ImageObject","inLanguage":"fr-FR","@id":"https:\/\/www.webdo.tn\/fr\/#\/schema\/logo\/image\/","url":"https:\/\/www.webdo.tn\/fr\/wp-content\/uploads\/2025\/06\/Webdo-Tunisie_168377.jpg","contentUrl":"https:\/\/www.webdo.tn\/fr\/wp-content\/uploads\/2025\/06\/Webdo-Tunisie_168377.jpg","width":301,"height":301,"caption":"Webdo"},"image":{"@id":"https:\/\/www.webdo.tn\/fr\/#\/schema\/logo\/image\/"},"sameAs":["https:\/\/www.facebook.com\/webdotn","https:\/\/x.com\/webdo_tn"],"description":"Webdo est un m\u00e9dia num\u00e9rique tunisien fond\u00e9 en 2010, sp\u00e9cialis\u00e9 dans l\u2019actualit\u00e9 nationale et internationale, l\u2019\u00e9conomie, la soci\u00e9t\u00e9 et les analyses politiques. Le site s\u2019adresse \u00e0 un large public francophone et couvre l\u2019information tunisienne en temps r\u00e9el.","email":"redac@webdo.tn","legalName":"YNJ SARL","foundingDate":"2010-09-06","numberOfEmployees":{"@type":"QuantitativeValue","minValue":"11","maxValue":"50"}},{"@type":"Person","@id":"https:\/\/www.webdo.tn\/fr\/#\/schema\/person\/9a9c6118d687c117df8ef3cc36a4d175","name":"webdo.tn","image":{"@type":"ImageObject","inLanguage":"fr-FR","@id":"https:\/\/secure.gravatar.com\/avatar\/7ce1f28c0c3bbac99ff550b85ef8e44a6950c6ee24514fb6a5489e51d06f0298?s=96&d=mm&r=g","url":"https:\/\/secure.gravatar.com\/avatar\/7ce1f28c0c3bbac99ff550b85ef8e44a6950c6ee24514fb6a5489e51d06f0298?s=96&d=mm&r=g","contentUrl":"https:\/\/secure.gravatar.com\/avatar\/7ce1f28c0c3bbac99ff550b85ef8e44a6950c6ee24514fb6a5489e51d06f0298?s=96&d=mm&r=g","caption":"webdo.tn"},"url":"https:\/\/www.webdo.tn\/fr\/actualite\/author\/webdotn\/"}]}},"_links":{"self":[{"href":"https:\/\/www.webdo.tn\/fr\/wp-json\/wp\/v2\/posts\/186742","targetHints":{"allow":["GET"]}}],"collection":[{"href":"https:\/\/www.webdo.tn\/fr\/wp-json\/wp\/v2\/posts"}],"about":[{"href":"https:\/\/www.webdo.tn\/fr\/wp-json\/wp\/v2\/types\/post"}],"author":[{"embeddable":true,"href":"https:\/\/www.webdo.tn\/fr\/wp-json\/wp\/v2\/users\/3222"}],"replies":[{"embeddable":true,"href":"https:\/\/www.webdo.tn\/fr\/wp-json\/wp\/v2\/comments?post=186742"}],"version-history":[{"count":0,"href":"https:\/\/www.webdo.tn\/fr\/wp-json\/wp\/v2\/posts\/186742\/revisions"}],"wp:featuredmedia":[{"embeddable":true,"href":"https:\/\/www.webdo.tn\/fr\/wp-json\/wp\/v2\/media\/253628"}],"wp:attachment":[{"href":"https:\/\/www.webdo.tn\/fr\/wp-json\/wp\/v2\/media?parent=186742"}],"wp:term":[{"taxonomy":"category","embeddable":true,"href":"https:\/\/www.webdo.tn\/fr\/wp-json\/wp\/v2\/categories?post=186742"},{"taxonomy":"post_tag","embeddable":true,"href":"https:\/\/www.webdo.tn\/fr\/wp-json\/wp\/v2\/tags?post=186742"}],"curies":[{"name":"wp","href":"https:\/\/api.w.org\/{rel}","templated":true}]}}