{"id":186734,"date":"2022-10-11T12:25:00","date_gmt":"2022-10-11T12:25:00","guid":{"rendered":"https:\/\/www.webdo.tn\/fr\/blog\/maher-zid-condamne-a-six-mois-de-prison\/186734\/"},"modified":"2025-05-14T10:56:02","modified_gmt":"2025-05-14T10:56:02","slug":"maher-zid-condamne-a-six-mois-de-prison","status":"publish","type":"post","link":"https:\/\/www.webdo.tn\/fr\/actualite\/national\/maher-zid-condamne-a-six-mois-de-prison\/186734\/","title":{"rendered":"Maher Zid condamn\u00e9 \u00e0 six mois de prison"},"content":{"rendered":"<p>L&rsquo;ancien d\u00e9put\u00e9 de la Coalition Al Karama, Maher Zid est de nouveau condamn\u00e9. Cette fois, il \u00e9cope d&rsquo;une peine de six mois de prison.<\/p>\n<p>Il a \u00e9t\u00e9 condamn\u00e9 \u00e0 six mois de prison par la Chambre p\u00e9nale de la Cour d&rsquo;appel de Tunis et ce, pour atteinte \u00e0 autrui via les r\u00e9seaux sociaux et pour offense au pr\u00e9sident de la R\u00e9publique.<\/p>\n<p>Cette affaire pour laquelle il a \u00e9t\u00e9 condamn\u00e9 concerne une plainte d\u00e9pos\u00e9e en 2018 concernant des statuts publi\u00e9s sur les r\u00e9seaux sociaux o\u00f9 le nom l&rsquo;ancien pr\u00e9sident de la R\u00e9publique, B\u00e9ji Ca\u00efed Essebsi a \u00e9t\u00e9 \u00e9voqu\u00e9, rapporte Mosaique fm.<\/p>\n<p>Condamn\u00e9, dans un premier temps, \u00e0 deux ans de prison, sa peine a \u00e9t\u00e9 r\u00e9duite \u00e0 six mois d&rsquo;incarc\u00e9ration en appel.<\/p>\n<p>Le 17 novembre 2021, il avait \u00e9t\u00e9 condamn\u00e9 par contumace (en fuite, Maher Zid a fait l&rsquo;objet d&rsquo;un mandat de recherche) \u00e0 trois ans de prison, suite \u00e0 une plainte d\u00e9pos\u00e9e par l\u2019ancien ministre de la D\u00e9fense, Ghazi Jribi.<\/p>\n<p>L\u2019ancien ministre avait saisi la justice, apr\u00e8s que Zid l\u2019ait accus\u00e9 de corruption financi\u00e8re en lien avec l\u2019acquisition d\u2019h\u00e9licopt\u00e8res militaires am\u00e9ricains par l\u2019arm\u00e9e nationale.<\/p>\n<p>Le 2 novembre 2021, il avait d\u00e9j\u00e0 \u00e9cop\u00e9 d&rsquo;une peine de quatre ans de prison ferme pour vol de documents officiels et de proc\u00e8s verbaux dans un tribunal de Tunis o\u00f9 il \u00e9tait employ\u00e9.<\/p>\n<p>Maher Zid avait \u00e9t\u00e9 arr\u00eat\u00e9 le 30 juillet dernier dans le cadre de cette affaire avant d\u2019\u00eatre rel\u00e2ch\u00e9 le lendemain. Son avocate Ines Harrath avait alors d\u00e9nonc\u00e9 son arrestation pour une affaire d\u00e9j\u00e0 class\u00e9e.<\/p>\n<p>Condamn\u00e9 le 20 janvier 2017 \u00e0 4 ans de prison ferme pour avoir subtilis\u00e9 des documents relatifs \u00e0 l\u2019affaire Chokri Belaid, du secr\u00e9tariat du tribunal, il avait fait l\u2019objet de nombreuses autres plaintes toutes class\u00e9es sans suite.<\/p>\n","protected":false},"excerpt":{"rendered":"<p>Maher Zid condamn\u00e9 \u00e0 six mois de prison<\/p>\n","protected":false},"author":3222,"featured_media":253607,"comment_status":"open","ping_status":"closed","sticky":false,"template":"","format":"standard","meta":{"footnotes":""},"categories":[44],"tags":[],"class_list":["post-186734","post","type-post","status-publish","format-standard","has-post-thumbnail","hentry","category-national"],"yoast_head":"<!-- This site is optimized with the Yoast SEO Premium plugin v27.4 (Yoast SEO v27.4) - https:\/\/yoast.com\/product\/yoast-seo-premium-wordpress\/ -->\n<title>Maher Zid condamn\u00e9 \u00e0 six mois de prison<\/title>\n<meta name=\"description\" content=\"Maher Zid condamn\u00e9 \u00e0 six mois de prison\" \/>\n<link rel=\"canonical\" href=\"https:\/\/www.webdo.tn\/fr\/actualite\/national\/maher-zid-condamne-a-six-mois-de-prison\/186734\/\" \/>\n<meta property=\"og:locale\" content=\"fr_FR\" \/>\n<meta property=\"og:type\" content=\"article\" \/>\n<meta property=\"og:title\" content=\"Maher Zid condamn\u00e9 \u00e0 six mois de prison\" \/>\n<meta property=\"og:description\" content=\"Maher Zid condamn\u00e9 \u00e0 six mois de prison\" \/>\n<meta property=\"og:url\" content=\"https:\/\/www.webdo.tn\/fr\/actualite\/national\/maher-zid-condamne-a-six-mois-de-prison\/186734\/\" \/>\n<meta property=\"og:site_name\" content=\"webdo\" \/>\n<meta property=\"article:publisher\" content=\"https:\/\/www.facebook.com\/webdotn\" \/>\n<meta property=\"article:published_time\" content=\"2022-10-11T12:25:00+00:00\" \/>\n<meta property=\"article:modified_time\" content=\"2025-05-14T10:56:02+00:00\" \/>\n<meta property=\"og:image\" content=\"https:\/\/www.webdo.tn\/fr\/wp-content\/uploads\/2022\/10\/maher-zid.jpg\" \/>\n\t<meta property=\"og:image:width\" content=\"650\" \/>\n\t<meta property=\"og:image:height\" content=\"365\" \/>\n\t<meta property=\"og:image:type\" content=\"image\/jpeg\" \/>\n<meta name=\"author\" content=\"webdo.tn\" \/>\n<meta name=\"twitter:card\" content=\"summary_large_image\" \/>\n<meta name=\"twitter:creator\" content=\"@webdo_tn\" \/>\n<meta name=\"twitter:site\" content=\"@webdo_tn\" \/>\n<meta name=\"twitter:label1\" content=\"\u00c9crit par\" \/>\n\t<meta name=\"twitter:data1\" content=\"webdo.tn\" \/>\n\t<meta name=\"twitter:label2\" content=\"Dur\u00e9e de lecture estim\u00e9e\" \/>\n\t<meta name=\"twitter:data2\" content=\"2 minutes\" \/>\n<script type=\"application\/ld+json\" class=\"yoast-schema-graph\">{\"@context\":\"https:\\\/\\\/schema.org\",\"@graph\":[{\"@type\":\"NewsArticle\",\"@id\":\"https:\\\/\\\/www.webdo.tn\\\/fr\\\/actualite\\\/national\\\/maher-zid-condamne-a-six-mois-de-prison\\\/186734\\\/#article\",\"isPartOf\":{\"@id\":\"https:\\\/\\\/www.webdo.tn\\\/fr\\\/actualite\\\/national\\\/maher-zid-condamne-a-six-mois-de-prison\\\/186734\\\/\"},\"author\":{\"name\":\"webdo.tn\",\"@id\":\"https:\\\/\\\/www.webdo.tn\\\/fr\\\/#\\\/schema\\\/person\\\/9a9c6118d687c117df8ef3cc36a4d175\"},\"headline\":\"Maher Zid condamn\u00e9 \u00e0 six mois de prison\",\"datePublished\":\"2022-10-11T12:25:00+00:00\",\"dateModified\":\"2025-05-14T10:56:02+00:00\",\"mainEntityOfPage\":{\"@id\":\"https:\\\/\\\/www.webdo.tn\\\/fr\\\/actualite\\\/national\\\/maher-zid-condamne-a-six-mois-de-prison\\\/186734\\\/\"},\"wordCount\":329,\"commentCount\":0,\"publisher\":{\"@id\":\"https:\\\/\\\/www.webdo.tn\\\/fr\\\/#organization\"},\"image\":{\"@id\":\"https:\\\/\\\/www.webdo.tn\\\/fr\\\/actualite\\\/national\\\/maher-zid-condamne-a-six-mois-de-prison\\\/186734\\\/#primaryimage\"},\"thumbnailUrl\":\"https:\\\/\\\/www.webdo.tn\\\/fr\\\/wp-content\\\/uploads\\\/2022\\\/10\\\/maher-zid.jpg\",\"articleSection\":[\"National\"],\"inLanguage\":\"fr-FR\"},{\"@type\":\"WebPage\",\"@id\":\"https:\\\/\\\/www.webdo.tn\\\/fr\\\/actualite\\\/national\\\/maher-zid-condamne-a-six-mois-de-prison\\\/186734\\\/\",\"url\":\"https:\\\/\\\/www.webdo.tn\\\/fr\\\/actualite\\\/national\\\/maher-zid-condamne-a-six-mois-de-prison\\\/186734\\\/\",\"name\":\"Maher Zid condamn\u00e9 \u00e0 six mois de prison\",\"isPartOf\":{\"@id\":\"https:\\\/\\\/www.webdo.tn\\\/fr\\\/#website\"},\"primaryImageOfPage\":{\"@id\":\"https:\\\/\\\/www.webdo.tn\\\/fr\\\/actualite\\\/national\\\/maher-zid-condamne-a-six-mois-de-prison\\\/186734\\\/#primaryimage\"},\"image\":{\"@id\":\"https:\\\/\\\/www.webdo.tn\\\/fr\\\/actualite\\\/national\\\/maher-zid-condamne-a-six-mois-de-prison\\\/186734\\\/#primaryimage\"},\"thumbnailUrl\":\"https:\\\/\\\/www.webdo.tn\\\/fr\\\/wp-content\\\/uploads\\\/2022\\\/10\\\/maher-zid.jpg\",\"datePublished\":\"2022-10-11T12:25:00+00:00\",\"dateModified\":\"2025-05-14T10:56:02+00:00\",\"description\":\"Maher Zid condamn\u00e9 \u00e0 six mois de prison\",\"breadcrumb\":{\"@id\":\"https:\\\/\\\/www.webdo.tn\\\/fr\\\/actualite\\\/national\\\/maher-zid-condamne-a-six-mois-de-prison\\\/186734\\\/#breadcrumb\"},\"inLanguage\":\"fr-FR\",\"potentialAction\":[{\"@type\":\"ReadAction\",\"target\":[\"https:\\\/\\\/www.webdo.tn\\\/fr\\\/actualite\\\/national\\\/maher-zid-condamne-a-six-mois-de-prison\\\/186734\\\/\"]}]},{\"@type\":\"ImageObject\",\"inLanguage\":\"fr-FR\",\"@id\":\"https:\\\/\\\/www.webdo.tn\\\/fr\\\/actualite\\\/national\\\/maher-zid-condamne-a-six-mois-de-prison\\\/186734\\\/#primaryimage\",\"url\":\"https:\\\/\\\/www.webdo.tn\\\/fr\\\/wp-content\\\/uploads\\\/2022\\\/10\\\/maher-zid.jpg\",\"contentUrl\":\"https:\\\/\\\/www.webdo.tn\\\/fr\\\/wp-content\\\/uploads\\\/2022\\\/10\\\/maher-zid.jpg\",\"width\":650,\"height\":365,\"caption\":\"Maher Zid condamn\u00e9 \u00e0 six mois de prison\"},{\"@type\":\"BreadcrumbList\",\"@id\":\"https:\\\/\\\/www.webdo.tn\\\/fr\\\/actualite\\\/national\\\/maher-zid-condamne-a-six-mois-de-prison\\\/186734\\\/#breadcrumb\",\"itemListElement\":[{\"@type\":\"ListItem\",\"position\":1,\"name\":\"Accueil\",\"item\":\"https:\\\/\\\/www.webdo.tn\\\/fr\\\/\"},{\"@type\":\"ListItem\",\"position\":2,\"name\":\"Maher Zid condamn\u00e9 \u00e0 six mois de prison\"}]},{\"@type\":\"WebSite\",\"@id\":\"https:\\\/\\\/www.webdo.tn\\\/fr\\\/#website\",\"url\":\"https:\\\/\\\/www.webdo.tn\\\/fr\\\/\",\"name\":\"webdo\",\"description\":\"Tunisie - News en Tunisie et \u00e0 l&#039;international sur Webdo.tn\",\"publisher\":{\"@id\":\"https:\\\/\\\/www.webdo.tn\\\/fr\\\/#organization\"},\"potentialAction\":[{\"@type\":\"SearchAction\",\"target\":{\"@type\":\"EntryPoint\",\"urlTemplate\":\"https:\\\/\\\/www.webdo.tn\\\/fr\\\/?s={search_term_string}\"},\"query-input\":{\"@type\":\"PropertyValueSpecification\",\"valueRequired\":true,\"valueName\":\"search_term_string\"}}],\"inLanguage\":\"fr-FR\"},{\"@type\":\"Organization\",\"@id\":\"https:\\\/\\\/www.webdo.tn\\\/fr\\\/#organization\",\"name\":\"Webdo\",\"alternateName\":\"Webdo.tn\",\"url\":\"https:\\\/\\\/www.webdo.tn\\\/fr\\\/\",\"logo\":{\"@type\":\"ImageObject\",\"inLanguage\":\"fr-FR\",\"@id\":\"https:\\\/\\\/www.webdo.tn\\\/fr\\\/#\\\/schema\\\/logo\\\/image\\\/\",\"url\":\"https:\\\/\\\/www.webdo.tn\\\/fr\\\/wp-content\\\/uploads\\\/2025\\\/06\\\/Webdo-Tunisie_168377.jpg\",\"contentUrl\":\"https:\\\/\\\/www.webdo.tn\\\/fr\\\/wp-content\\\/uploads\\\/2025\\\/06\\\/Webdo-Tunisie_168377.jpg\",\"width\":301,\"height\":301,\"caption\":\"Webdo\"},\"image\":{\"@id\":\"https:\\\/\\\/www.webdo.tn\\\/fr\\\/#\\\/schema\\\/logo\\\/image\\\/\"},\"sameAs\":[\"https:\\\/\\\/www.facebook.com\\\/webdotn\",\"https:\\\/\\\/x.com\\\/webdo_tn\"],\"description\":\"Webdo est un m\u00e9dia num\u00e9rique tunisien fond\u00e9 en 2010, sp\u00e9cialis\u00e9 dans l\u2019actualit\u00e9 nationale et internationale, l\u2019\u00e9conomie, la soci\u00e9t\u00e9 et les analyses politiques. Le site s\u2019adresse \u00e0 un large public francophone et couvre l\u2019information tunisienne en temps r\u00e9el.\",\"email\":\"redac@webdo.tn\",\"legalName\":\"YNJ SARL\",\"foundingDate\":\"2010-09-06\",\"numberOfEmployees\":{\"@type\":\"QuantitativeValue\",\"minValue\":\"11\",\"maxValue\":\"50\"}},{\"@type\":\"Person\",\"@id\":\"https:\\\/\\\/www.webdo.tn\\\/fr\\\/#\\\/schema\\\/person\\\/9a9c6118d687c117df8ef3cc36a4d175\",\"name\":\"webdo.tn\",\"image\":{\"@type\":\"ImageObject\",\"inLanguage\":\"fr-FR\",\"@id\":\"https:\\\/\\\/secure.gravatar.com\\\/avatar\\\/7ce1f28c0c3bbac99ff550b85ef8e44a6950c6ee24514fb6a5489e51d06f0298?s=96&d=mm&r=g\",\"url\":\"https:\\\/\\\/secure.gravatar.com\\\/avatar\\\/7ce1f28c0c3bbac99ff550b85ef8e44a6950c6ee24514fb6a5489e51d06f0298?s=96&d=mm&r=g\",\"contentUrl\":\"https:\\\/\\\/secure.gravatar.com\\\/avatar\\\/7ce1f28c0c3bbac99ff550b85ef8e44a6950c6ee24514fb6a5489e51d06f0298?s=96&d=mm&r=g\",\"caption\":\"webdo.tn\"},\"url\":\"https:\\\/\\\/www.webdo.tn\\\/fr\\\/actualite\\\/author\\\/webdotn\\\/\"}]}<\/script>\n<!-- \/ Yoast SEO Premium plugin. -->","yoast_head_json":{"title":"Maher Zid condamn\u00e9 \u00e0 six mois de prison","description":"Maher Zid condamn\u00e9 \u00e0 six mois de prison","canonical":"https:\/\/www.webdo.tn\/fr\/actualite\/national\/maher-zid-condamne-a-six-mois-de-prison\/186734\/","og_locale":"fr_FR","og_type":"article","og_title":"Maher Zid condamn\u00e9 \u00e0 six mois de prison","og_description":"Maher Zid condamn\u00e9 \u00e0 six mois de prison","og_url":"https:\/\/www.webdo.tn\/fr\/actualite\/national\/maher-zid-condamne-a-six-mois-de-prison\/186734\/","og_site_name":"webdo","article_publisher":"https:\/\/www.facebook.com\/webdotn","article_published_time":"2022-10-11T12:25:00+00:00","article_modified_time":"2025-05-14T10:56:02+00:00","og_image":[{"width":650,"height":365,"url":"https:\/\/www.webdo.tn\/fr\/wp-content\/uploads\/2022\/10\/maher-zid.jpg","type":"image\/jpeg"}],"author":"webdo.tn","twitter_card":"summary_large_image","twitter_creator":"@webdo_tn","twitter_site":"@webdo_tn","twitter_misc":{"\u00c9crit par":"webdo.tn","Dur\u00e9e de lecture estim\u00e9e":"2 minutes"},"schema":{"@context":"https:\/\/schema.org","@graph":[{"@type":"NewsArticle","@id":"https:\/\/www.webdo.tn\/fr\/actualite\/national\/maher-zid-condamne-a-six-mois-de-prison\/186734\/#article","isPartOf":{"@id":"https:\/\/www.webdo.tn\/fr\/actualite\/national\/maher-zid-condamne-a-six-mois-de-prison\/186734\/"},"author":{"name":"webdo.tn","@id":"https:\/\/www.webdo.tn\/fr\/#\/schema\/person\/9a9c6118d687c117df8ef3cc36a4d175"},"headline":"Maher Zid condamn\u00e9 \u00e0 six mois de prison","datePublished":"2022-10-11T12:25:00+00:00","dateModified":"2025-05-14T10:56:02+00:00","mainEntityOfPage":{"@id":"https:\/\/www.webdo.tn\/fr\/actualite\/national\/maher-zid-condamne-a-six-mois-de-prison\/186734\/"},"wordCount":329,"commentCount":0,"publisher":{"@id":"https:\/\/www.webdo.tn\/fr\/#organization"},"image":{"@id":"https:\/\/www.webdo.tn\/fr\/actualite\/national\/maher-zid-condamne-a-six-mois-de-prison\/186734\/#primaryimage"},"thumbnailUrl":"https:\/\/www.webdo.tn\/fr\/wp-content\/uploads\/2022\/10\/maher-zid.jpg","articleSection":["National"],"inLanguage":"fr-FR"},{"@type":"WebPage","@id":"https:\/\/www.webdo.tn\/fr\/actualite\/national\/maher-zid-condamne-a-six-mois-de-prison\/186734\/","url":"https:\/\/www.webdo.tn\/fr\/actualite\/national\/maher-zid-condamne-a-six-mois-de-prison\/186734\/","name":"Maher Zid condamn\u00e9 \u00e0 six mois de prison","isPartOf":{"@id":"https:\/\/www.webdo.tn\/fr\/#website"},"primaryImageOfPage":{"@id":"https:\/\/www.webdo.tn\/fr\/actualite\/national\/maher-zid-condamne-a-six-mois-de-prison\/186734\/#primaryimage"},"image":{"@id":"https:\/\/www.webdo.tn\/fr\/actualite\/national\/maher-zid-condamne-a-six-mois-de-prison\/186734\/#primaryimage"},"thumbnailUrl":"https:\/\/www.webdo.tn\/fr\/wp-content\/uploads\/2022\/10\/maher-zid.jpg","datePublished":"2022-10-11T12:25:00+00:00","dateModified":"2025-05-14T10:56:02+00:00","description":"Maher Zid condamn\u00e9 \u00e0 six mois de prison","breadcrumb":{"@id":"https:\/\/www.webdo.tn\/fr\/actualite\/national\/maher-zid-condamne-a-six-mois-de-prison\/186734\/#breadcrumb"},"inLanguage":"fr-FR","potentialAction":[{"@type":"ReadAction","target":["https:\/\/www.webdo.tn\/fr\/actualite\/national\/maher-zid-condamne-a-six-mois-de-prison\/186734\/"]}]},{"@type":"ImageObject","inLanguage":"fr-FR","@id":"https:\/\/www.webdo.tn\/fr\/actualite\/national\/maher-zid-condamne-a-six-mois-de-prison\/186734\/#primaryimage","url":"https:\/\/www.webdo.tn\/fr\/wp-content\/uploads\/2022\/10\/maher-zid.jpg","contentUrl":"https:\/\/www.webdo.tn\/fr\/wp-content\/uploads\/2022\/10\/maher-zid.jpg","width":650,"height":365,"caption":"Maher Zid condamn\u00e9 \u00e0 six mois de prison"},{"@type":"BreadcrumbList","@id":"https:\/\/www.webdo.tn\/fr\/actualite\/national\/maher-zid-condamne-a-six-mois-de-prison\/186734\/#breadcrumb","itemListElement":[{"@type":"ListItem","position":1,"name":"Accueil","item":"https:\/\/www.webdo.tn\/fr\/"},{"@type":"ListItem","position":2,"name":"Maher Zid condamn\u00e9 \u00e0 six mois de prison"}]},{"@type":"WebSite","@id":"https:\/\/www.webdo.tn\/fr\/#website","url":"https:\/\/www.webdo.tn\/fr\/","name":"webdo","description":"Tunisie - News en Tunisie et \u00e0 l&#039;international sur Webdo.tn","publisher":{"@id":"https:\/\/www.webdo.tn\/fr\/#organization"},"potentialAction":[{"@type":"SearchAction","target":{"@type":"EntryPoint","urlTemplate":"https:\/\/www.webdo.tn\/fr\/?s={search_term_string}"},"query-input":{"@type":"PropertyValueSpecification","valueRequired":true,"valueName":"search_term_string"}}],"inLanguage":"fr-FR"},{"@type":"Organization","@id":"https:\/\/www.webdo.tn\/fr\/#organization","name":"Webdo","alternateName":"Webdo.tn","url":"https:\/\/www.webdo.tn\/fr\/","logo":{"@type":"ImageObject","inLanguage":"fr-FR","@id":"https:\/\/www.webdo.tn\/fr\/#\/schema\/logo\/image\/","url":"https:\/\/www.webdo.tn\/fr\/wp-content\/uploads\/2025\/06\/Webdo-Tunisie_168377.jpg","contentUrl":"https:\/\/www.webdo.tn\/fr\/wp-content\/uploads\/2025\/06\/Webdo-Tunisie_168377.jpg","width":301,"height":301,"caption":"Webdo"},"image":{"@id":"https:\/\/www.webdo.tn\/fr\/#\/schema\/logo\/image\/"},"sameAs":["https:\/\/www.facebook.com\/webdotn","https:\/\/x.com\/webdo_tn"],"description":"Webdo est un m\u00e9dia num\u00e9rique tunisien fond\u00e9 en 2010, sp\u00e9cialis\u00e9 dans l\u2019actualit\u00e9 nationale et internationale, l\u2019\u00e9conomie, la soci\u00e9t\u00e9 et les analyses politiques. Le site s\u2019adresse \u00e0 un large public francophone et couvre l\u2019information tunisienne en temps r\u00e9el.","email":"redac@webdo.tn","legalName":"YNJ SARL","foundingDate":"2010-09-06","numberOfEmployees":{"@type":"QuantitativeValue","minValue":"11","maxValue":"50"}},{"@type":"Person","@id":"https:\/\/www.webdo.tn\/fr\/#\/schema\/person\/9a9c6118d687c117df8ef3cc36a4d175","name":"webdo.tn","image":{"@type":"ImageObject","inLanguage":"fr-FR","@id":"https:\/\/secure.gravatar.com\/avatar\/7ce1f28c0c3bbac99ff550b85ef8e44a6950c6ee24514fb6a5489e51d06f0298?s=96&d=mm&r=g","url":"https:\/\/secure.gravatar.com\/avatar\/7ce1f28c0c3bbac99ff550b85ef8e44a6950c6ee24514fb6a5489e51d06f0298?s=96&d=mm&r=g","contentUrl":"https:\/\/secure.gravatar.com\/avatar\/7ce1f28c0c3bbac99ff550b85ef8e44a6950c6ee24514fb6a5489e51d06f0298?s=96&d=mm&r=g","caption":"webdo.tn"},"url":"https:\/\/www.webdo.tn\/fr\/actualite\/author\/webdotn\/"}]}},"_links":{"self":[{"href":"https:\/\/www.webdo.tn\/fr\/wp-json\/wp\/v2\/posts\/186734","targetHints":{"allow":["GET"]}}],"collection":[{"href":"https:\/\/www.webdo.tn\/fr\/wp-json\/wp\/v2\/posts"}],"about":[{"href":"https:\/\/www.webdo.tn\/fr\/wp-json\/wp\/v2\/types\/post"}],"author":[{"embeddable":true,"href":"https:\/\/www.webdo.tn\/fr\/wp-json\/wp\/v2\/users\/3222"}],"replies":[{"embeddable":true,"href":"https:\/\/www.webdo.tn\/fr\/wp-json\/wp\/v2\/comments?post=186734"}],"version-history":[{"count":0,"href":"https:\/\/www.webdo.tn\/fr\/wp-json\/wp\/v2\/posts\/186734\/revisions"}],"wp:featuredmedia":[{"embeddable":true,"href":"https:\/\/www.webdo.tn\/fr\/wp-json\/wp\/v2\/media\/253607"}],"wp:attachment":[{"href":"https:\/\/www.webdo.tn\/fr\/wp-json\/wp\/v2\/media?parent=186734"}],"wp:term":[{"taxonomy":"category","embeddable":true,"href":"https:\/\/www.webdo.tn\/fr\/wp-json\/wp\/v2\/categories?post=186734"},{"taxonomy":"post_tag","embeddable":true,"href":"https:\/\/www.webdo.tn\/fr\/wp-json\/wp\/v2\/tags?post=186734"}],"curies":[{"name":"wp","href":"https:\/\/api.w.org\/{rel}","templated":true}]}}