{"id":186731,"date":"2022-10-11T10:32:00","date_gmt":"2022-10-11T10:32:00","guid":{"rendered":"https:\/\/www.webdo.tn\/fr\/blog\/fakher-fakhfakh-les-tunisiens-doivent-integrer-leurs-freres-africains\/186731\/"},"modified":"2022-10-11T10:32:00","modified_gmt":"2022-10-11T10:32:00","slug":"fakher-fakhfakh-les-tunisiens-doivent-integrer-leurs-freres-africains","status":"publish","type":"post","link":"https:\/\/www.webdo.tn\/fr\/actualite\/national\/fakher-fakhfakh-les-tunisiens-doivent-integrer-leurs-freres-africains\/186731\/","title":{"rendered":"Fakher Fakhfakh\u00a0: les Tunisiens doivent int\u00e9grer leurs fr\u00e8res africains"},"content":{"rendered":"<p>Le gouverneur de Sfax, Fakher Fakhfakh a remerci\u00e9 le pr\u00e9sident de la R\u00e9publique, Ka\u00efs Sa\u00efed, d&rsquo;avoir nomm\u00e9 \u00ab\u00a0un Sfaxien \u00e0 la t\u00eate du gouvernorat\u00a0\u00bb.<\/p>\n<p>Le gouverneur de Sfax a, \u00e9galement, \u00e9voqu\u00e9, au micro d\u2019Express fm, ce mardi 11 octobre 2022, le dossier de la migration irr\u00e9guli\u00e8re, affirmant la pr\u00e9sence d&rsquo;\u00e9trangers sur le territoire du gouvernorat :<\/p>\n<p>\u00ab Ils doivent \u00eatre bien int\u00e9gr\u00e9es. Nous avons proc\u00e9d\u00e9 \u00e0 la cr\u00e9ation d&rsquo;une coordination de la migration en partenariat avec l&rsquo;Organisation internationale de la migration. Les Tunisiens doivent int\u00e9grer leurs fr\u00e8res africains. Nous ne devons pas leur faire subir ce que nous ne voulons pas que les Tunisiens subissent en Europe \u00bb.<\/p>\n<p>Concernant ses priorit\u00e9s pour la p\u00e9riode \u00e0 venir, Fakhfakh a fait savoir qu\u2019elles portent sur la garantie d&rsquo;un environnement sain, l&rsquo;am\u00e9lioration des conditions de transport et faire de Sfax une destination touristique.<\/p>\n","protected":false},"excerpt":{"rendered":"<p>Fakher Fakhfakh\u00a0: les Tunisiens doivent int\u00e9grer leurs fr\u00e8res africains<\/p>\n","protected":false},"author":3222,"featured_media":253600,"comment_status":"open","ping_status":"closed","sticky":false,"template":"","format":"standard","meta":{"footnotes":""},"categories":[44],"tags":[],"class_list":["post-186731","post","type-post","status-publish","format-standard","has-post-thumbnail","hentry","category-national"],"yoast_head":"<!-- This site is optimized with the Yoast SEO Premium plugin v27.4 (Yoast SEO v27.4) - https:\/\/yoast.com\/product\/yoast-seo-premium-wordpress\/ -->\n<title>Fakher Fakhfakh\u00a0: les Tunisiens doivent int\u00e9grer leurs fr\u00e8res africains<\/title>\n<meta name=\"description\" content=\"Fakher Fakhfakh\u00a0: les Tunisiens doivent int\u00e9grer leurs fr\u00e8res africains\" \/>\n<link rel=\"canonical\" href=\"https:\/\/www.webdo.tn\/fr\/actualite\/national\/fakher-fakhfakh-les-tunisiens-doivent-integrer-leurs-freres-africains\/186731\/\" \/>\n<meta property=\"og:locale\" content=\"fr_FR\" \/>\n<meta property=\"og:type\" content=\"article\" \/>\n<meta property=\"og:title\" content=\"Fakher Fakhfakh\u00a0: les Tunisiens doivent int\u00e9grer leurs fr\u00e8res africains\" \/>\n<meta property=\"og:description\" content=\"Fakher Fakhfakh\u00a0: les Tunisiens doivent int\u00e9grer leurs fr\u00e8res africains\" \/>\n<meta property=\"og:url\" content=\"https:\/\/www.webdo.tn\/fr\/actualite\/national\/fakher-fakhfakh-les-tunisiens-doivent-integrer-leurs-freres-africains\/186731\/\" \/>\n<meta property=\"og:site_name\" content=\"webdo\" \/>\n<meta property=\"article:publisher\" content=\"https:\/\/www.facebook.com\/webdotn\" \/>\n<meta property=\"article:published_time\" content=\"2022-10-11T10:32:00+00:00\" \/>\n<meta property=\"og:image\" content=\"https:\/\/www.webdo.tn\/fr\/wp-content\/uploads\/2022\/10\/Fakher-Fakhfakh-2.jpg\" \/>\n\t<meta property=\"og:image:width\" content=\"720\" \/>\n\t<meta property=\"og:image:height\" content=\"480\" \/>\n\t<meta property=\"og:image:type\" content=\"image\/jpeg\" \/>\n<meta name=\"author\" content=\"webdo.tn\" \/>\n<meta name=\"twitter:card\" content=\"summary_large_image\" \/>\n<meta name=\"twitter:creator\" content=\"@webdo_tn\" \/>\n<meta name=\"twitter:site\" content=\"@webdo_tn\" \/>\n<meta name=\"twitter:label1\" content=\"\u00c9crit par\" \/>\n\t<meta name=\"twitter:data1\" content=\"webdo.tn\" \/>\n\t<meta name=\"twitter:label2\" content=\"Dur\u00e9e de lecture estim\u00e9e\" \/>\n\t<meta name=\"twitter:data2\" content=\"1 minute\" \/>\n<script type=\"application\/ld+json\" class=\"yoast-schema-graph\">{\"@context\":\"https:\\\/\\\/schema.org\",\"@graph\":[{\"@type\":\"NewsArticle\",\"@id\":\"https:\\\/\\\/www.webdo.tn\\\/fr\\\/actualite\\\/national\\\/fakher-fakhfakh-les-tunisiens-doivent-integrer-leurs-freres-africains\\\/186731\\\/#article\",\"isPartOf\":{\"@id\":\"https:\\\/\\\/www.webdo.tn\\\/fr\\\/actualite\\\/national\\\/fakher-fakhfakh-les-tunisiens-doivent-integrer-leurs-freres-africains\\\/186731\\\/\"},\"author\":{\"name\":\"webdo.tn\",\"@id\":\"https:\\\/\\\/www.webdo.tn\\\/fr\\\/#\\\/schema\\\/person\\\/9a9c6118d687c117df8ef3cc36a4d175\"},\"headline\":\"Fakher Fakhfakh\u00a0: les Tunisiens doivent int\u00e9grer leurs fr\u00e8res africains\",\"datePublished\":\"2022-10-11T10:32:00+00:00\",\"mainEntityOfPage\":{\"@id\":\"https:\\\/\\\/www.webdo.tn\\\/fr\\\/actualite\\\/national\\\/fakher-fakhfakh-les-tunisiens-doivent-integrer-leurs-freres-africains\\\/186731\\\/\"},\"wordCount\":168,\"commentCount\":0,\"publisher\":{\"@id\":\"https:\\\/\\\/www.webdo.tn\\\/fr\\\/#organization\"},\"image\":{\"@id\":\"https:\\\/\\\/www.webdo.tn\\\/fr\\\/actualite\\\/national\\\/fakher-fakhfakh-les-tunisiens-doivent-integrer-leurs-freres-africains\\\/186731\\\/#primaryimage\"},\"thumbnailUrl\":\"https:\\\/\\\/www.webdo.tn\\\/fr\\\/wp-content\\\/uploads\\\/2022\\\/10\\\/Fakher-Fakhfakh-2.jpg\",\"articleSection\":[\"National\"],\"inLanguage\":\"fr-FR\"},{\"@type\":\"WebPage\",\"@id\":\"https:\\\/\\\/www.webdo.tn\\\/fr\\\/actualite\\\/national\\\/fakher-fakhfakh-les-tunisiens-doivent-integrer-leurs-freres-africains\\\/186731\\\/\",\"url\":\"https:\\\/\\\/www.webdo.tn\\\/fr\\\/actualite\\\/national\\\/fakher-fakhfakh-les-tunisiens-doivent-integrer-leurs-freres-africains\\\/186731\\\/\",\"name\":\"Fakher Fakhfakh\u00a0: les Tunisiens doivent int\u00e9grer leurs fr\u00e8res africains\",\"isPartOf\":{\"@id\":\"https:\\\/\\\/www.webdo.tn\\\/fr\\\/#website\"},\"primaryImageOfPage\":{\"@id\":\"https:\\\/\\\/www.webdo.tn\\\/fr\\\/actualite\\\/national\\\/fakher-fakhfakh-les-tunisiens-doivent-integrer-leurs-freres-africains\\\/186731\\\/#primaryimage\"},\"image\":{\"@id\":\"https:\\\/\\\/www.webdo.tn\\\/fr\\\/actualite\\\/national\\\/fakher-fakhfakh-les-tunisiens-doivent-integrer-leurs-freres-africains\\\/186731\\\/#primaryimage\"},\"thumbnailUrl\":\"https:\\\/\\\/www.webdo.tn\\\/fr\\\/wp-content\\\/uploads\\\/2022\\\/10\\\/Fakher-Fakhfakh-2.jpg\",\"datePublished\":\"2022-10-11T10:32:00+00:00\",\"description\":\"Fakher Fakhfakh\u00a0: les Tunisiens doivent int\u00e9grer leurs fr\u00e8res africains\",\"breadcrumb\":{\"@id\":\"https:\\\/\\\/www.webdo.tn\\\/fr\\\/actualite\\\/national\\\/fakher-fakhfakh-les-tunisiens-doivent-integrer-leurs-freres-africains\\\/186731\\\/#breadcrumb\"},\"inLanguage\":\"fr-FR\",\"potentialAction\":[{\"@type\":\"ReadAction\",\"target\":[\"https:\\\/\\\/www.webdo.tn\\\/fr\\\/actualite\\\/national\\\/fakher-fakhfakh-les-tunisiens-doivent-integrer-leurs-freres-africains\\\/186731\\\/\"]}]},{\"@type\":\"ImageObject\",\"inLanguage\":\"fr-FR\",\"@id\":\"https:\\\/\\\/www.webdo.tn\\\/fr\\\/actualite\\\/national\\\/fakher-fakhfakh-les-tunisiens-doivent-integrer-leurs-freres-africains\\\/186731\\\/#primaryimage\",\"url\":\"https:\\\/\\\/www.webdo.tn\\\/fr\\\/wp-content\\\/uploads\\\/2022\\\/10\\\/Fakher-Fakhfakh-2.jpg\",\"contentUrl\":\"https:\\\/\\\/www.webdo.tn\\\/fr\\\/wp-content\\\/uploads\\\/2022\\\/10\\\/Fakher-Fakhfakh-2.jpg\",\"width\":720,\"height\":480,\"caption\":\"Fakher Fakhfakh\u00a0: les Tunisiens doivent int\u00e9grer leurs fr\u00e8res africains\"},{\"@type\":\"BreadcrumbList\",\"@id\":\"https:\\\/\\\/www.webdo.tn\\\/fr\\\/actualite\\\/national\\\/fakher-fakhfakh-les-tunisiens-doivent-integrer-leurs-freres-africains\\\/186731\\\/#breadcrumb\",\"itemListElement\":[{\"@type\":\"ListItem\",\"position\":1,\"name\":\"Accueil\",\"item\":\"https:\\\/\\\/www.webdo.tn\\\/fr\\\/\"},{\"@type\":\"ListItem\",\"position\":2,\"name\":\"Fakher Fakhfakh\u00a0: les Tunisiens doivent int\u00e9grer leurs fr\u00e8res africains\"}]},{\"@type\":\"WebSite\",\"@id\":\"https:\\\/\\\/www.webdo.tn\\\/fr\\\/#website\",\"url\":\"https:\\\/\\\/www.webdo.tn\\\/fr\\\/\",\"name\":\"webdo\",\"description\":\"Tunisie - News en Tunisie et \u00e0 l&#039;international sur Webdo.tn\",\"publisher\":{\"@id\":\"https:\\\/\\\/www.webdo.tn\\\/fr\\\/#organization\"},\"potentialAction\":[{\"@type\":\"SearchAction\",\"target\":{\"@type\":\"EntryPoint\",\"urlTemplate\":\"https:\\\/\\\/www.webdo.tn\\\/fr\\\/?s={search_term_string}\"},\"query-input\":{\"@type\":\"PropertyValueSpecification\",\"valueRequired\":true,\"valueName\":\"search_term_string\"}}],\"inLanguage\":\"fr-FR\"},{\"@type\":\"Organization\",\"@id\":\"https:\\\/\\\/www.webdo.tn\\\/fr\\\/#organization\",\"name\":\"Webdo\",\"alternateName\":\"Webdo.tn\",\"url\":\"https:\\\/\\\/www.webdo.tn\\\/fr\\\/\",\"logo\":{\"@type\":\"ImageObject\",\"inLanguage\":\"fr-FR\",\"@id\":\"https:\\\/\\\/www.webdo.tn\\\/fr\\\/#\\\/schema\\\/logo\\\/image\\\/\",\"url\":\"https:\\\/\\\/www.webdo.tn\\\/fr\\\/wp-content\\\/uploads\\\/2025\\\/06\\\/Webdo-Tunisie_168377.jpg\",\"contentUrl\":\"https:\\\/\\\/www.webdo.tn\\\/fr\\\/wp-content\\\/uploads\\\/2025\\\/06\\\/Webdo-Tunisie_168377.jpg\",\"width\":301,\"height\":301,\"caption\":\"Webdo\"},\"image\":{\"@id\":\"https:\\\/\\\/www.webdo.tn\\\/fr\\\/#\\\/schema\\\/logo\\\/image\\\/\"},\"sameAs\":[\"https:\\\/\\\/www.facebook.com\\\/webdotn\",\"https:\\\/\\\/x.com\\\/webdo_tn\"],\"description\":\"Webdo est un m\u00e9dia num\u00e9rique tunisien fond\u00e9 en 2010, sp\u00e9cialis\u00e9 dans l\u2019actualit\u00e9 nationale et internationale, l\u2019\u00e9conomie, la soci\u00e9t\u00e9 et les analyses politiques. Le site s\u2019adresse \u00e0 un large public francophone et couvre l\u2019information tunisienne en temps r\u00e9el.\",\"email\":\"redac@webdo.tn\",\"legalName\":\"YNJ SARL\",\"foundingDate\":\"2010-09-06\",\"numberOfEmployees\":{\"@type\":\"QuantitativeValue\",\"minValue\":\"11\",\"maxValue\":\"50\"}},{\"@type\":\"Person\",\"@id\":\"https:\\\/\\\/www.webdo.tn\\\/fr\\\/#\\\/schema\\\/person\\\/9a9c6118d687c117df8ef3cc36a4d175\",\"name\":\"webdo.tn\",\"image\":{\"@type\":\"ImageObject\",\"inLanguage\":\"fr-FR\",\"@id\":\"https:\\\/\\\/secure.gravatar.com\\\/avatar\\\/7ce1f28c0c3bbac99ff550b85ef8e44a6950c6ee24514fb6a5489e51d06f0298?s=96&d=mm&r=g\",\"url\":\"https:\\\/\\\/secure.gravatar.com\\\/avatar\\\/7ce1f28c0c3bbac99ff550b85ef8e44a6950c6ee24514fb6a5489e51d06f0298?s=96&d=mm&r=g\",\"contentUrl\":\"https:\\\/\\\/secure.gravatar.com\\\/avatar\\\/7ce1f28c0c3bbac99ff550b85ef8e44a6950c6ee24514fb6a5489e51d06f0298?s=96&d=mm&r=g\",\"caption\":\"webdo.tn\"},\"url\":\"https:\\\/\\\/www.webdo.tn\\\/fr\\\/actualite\\\/author\\\/webdotn\\\/\"}]}<\/script>\n<!-- \/ Yoast SEO Premium plugin. -->","yoast_head_json":{"title":"Fakher Fakhfakh\u00a0: les Tunisiens doivent int\u00e9grer leurs fr\u00e8res africains","description":"Fakher Fakhfakh\u00a0: les Tunisiens doivent int\u00e9grer leurs fr\u00e8res africains","canonical":"https:\/\/www.webdo.tn\/fr\/actualite\/national\/fakher-fakhfakh-les-tunisiens-doivent-integrer-leurs-freres-africains\/186731\/","og_locale":"fr_FR","og_type":"article","og_title":"Fakher Fakhfakh\u00a0: les Tunisiens doivent int\u00e9grer leurs fr\u00e8res africains","og_description":"Fakher Fakhfakh\u00a0: les Tunisiens doivent int\u00e9grer leurs fr\u00e8res africains","og_url":"https:\/\/www.webdo.tn\/fr\/actualite\/national\/fakher-fakhfakh-les-tunisiens-doivent-integrer-leurs-freres-africains\/186731\/","og_site_name":"webdo","article_publisher":"https:\/\/www.facebook.com\/webdotn","article_published_time":"2022-10-11T10:32:00+00:00","og_image":[{"width":720,"height":480,"url":"https:\/\/www.webdo.tn\/fr\/wp-content\/uploads\/2022\/10\/Fakher-Fakhfakh-2.jpg","type":"image\/jpeg"}],"author":"webdo.tn","twitter_card":"summary_large_image","twitter_creator":"@webdo_tn","twitter_site":"@webdo_tn","twitter_misc":{"\u00c9crit par":"webdo.tn","Dur\u00e9e de lecture estim\u00e9e":"1 minute"},"schema":{"@context":"https:\/\/schema.org","@graph":[{"@type":"NewsArticle","@id":"https:\/\/www.webdo.tn\/fr\/actualite\/national\/fakher-fakhfakh-les-tunisiens-doivent-integrer-leurs-freres-africains\/186731\/#article","isPartOf":{"@id":"https:\/\/www.webdo.tn\/fr\/actualite\/national\/fakher-fakhfakh-les-tunisiens-doivent-integrer-leurs-freres-africains\/186731\/"},"author":{"name":"webdo.tn","@id":"https:\/\/www.webdo.tn\/fr\/#\/schema\/person\/9a9c6118d687c117df8ef3cc36a4d175"},"headline":"Fakher Fakhfakh\u00a0: les Tunisiens doivent int\u00e9grer leurs fr\u00e8res africains","datePublished":"2022-10-11T10:32:00+00:00","mainEntityOfPage":{"@id":"https:\/\/www.webdo.tn\/fr\/actualite\/national\/fakher-fakhfakh-les-tunisiens-doivent-integrer-leurs-freres-africains\/186731\/"},"wordCount":168,"commentCount":0,"publisher":{"@id":"https:\/\/www.webdo.tn\/fr\/#organization"},"image":{"@id":"https:\/\/www.webdo.tn\/fr\/actualite\/national\/fakher-fakhfakh-les-tunisiens-doivent-integrer-leurs-freres-africains\/186731\/#primaryimage"},"thumbnailUrl":"https:\/\/www.webdo.tn\/fr\/wp-content\/uploads\/2022\/10\/Fakher-Fakhfakh-2.jpg","articleSection":["National"],"inLanguage":"fr-FR"},{"@type":"WebPage","@id":"https:\/\/www.webdo.tn\/fr\/actualite\/national\/fakher-fakhfakh-les-tunisiens-doivent-integrer-leurs-freres-africains\/186731\/","url":"https:\/\/www.webdo.tn\/fr\/actualite\/national\/fakher-fakhfakh-les-tunisiens-doivent-integrer-leurs-freres-africains\/186731\/","name":"Fakher Fakhfakh\u00a0: les Tunisiens doivent int\u00e9grer leurs fr\u00e8res africains","isPartOf":{"@id":"https:\/\/www.webdo.tn\/fr\/#website"},"primaryImageOfPage":{"@id":"https:\/\/www.webdo.tn\/fr\/actualite\/national\/fakher-fakhfakh-les-tunisiens-doivent-integrer-leurs-freres-africains\/186731\/#primaryimage"},"image":{"@id":"https:\/\/www.webdo.tn\/fr\/actualite\/national\/fakher-fakhfakh-les-tunisiens-doivent-integrer-leurs-freres-africains\/186731\/#primaryimage"},"thumbnailUrl":"https:\/\/www.webdo.tn\/fr\/wp-content\/uploads\/2022\/10\/Fakher-Fakhfakh-2.jpg","datePublished":"2022-10-11T10:32:00+00:00","description":"Fakher Fakhfakh\u00a0: les Tunisiens doivent int\u00e9grer leurs fr\u00e8res africains","breadcrumb":{"@id":"https:\/\/www.webdo.tn\/fr\/actualite\/national\/fakher-fakhfakh-les-tunisiens-doivent-integrer-leurs-freres-africains\/186731\/#breadcrumb"},"inLanguage":"fr-FR","potentialAction":[{"@type":"ReadAction","target":["https:\/\/www.webdo.tn\/fr\/actualite\/national\/fakher-fakhfakh-les-tunisiens-doivent-integrer-leurs-freres-africains\/186731\/"]}]},{"@type":"ImageObject","inLanguage":"fr-FR","@id":"https:\/\/www.webdo.tn\/fr\/actualite\/national\/fakher-fakhfakh-les-tunisiens-doivent-integrer-leurs-freres-africains\/186731\/#primaryimage","url":"https:\/\/www.webdo.tn\/fr\/wp-content\/uploads\/2022\/10\/Fakher-Fakhfakh-2.jpg","contentUrl":"https:\/\/www.webdo.tn\/fr\/wp-content\/uploads\/2022\/10\/Fakher-Fakhfakh-2.jpg","width":720,"height":480,"caption":"Fakher Fakhfakh\u00a0: les Tunisiens doivent int\u00e9grer leurs fr\u00e8res africains"},{"@type":"BreadcrumbList","@id":"https:\/\/www.webdo.tn\/fr\/actualite\/national\/fakher-fakhfakh-les-tunisiens-doivent-integrer-leurs-freres-africains\/186731\/#breadcrumb","itemListElement":[{"@type":"ListItem","position":1,"name":"Accueil","item":"https:\/\/www.webdo.tn\/fr\/"},{"@type":"ListItem","position":2,"name":"Fakher Fakhfakh\u00a0: les Tunisiens doivent int\u00e9grer leurs fr\u00e8res africains"}]},{"@type":"WebSite","@id":"https:\/\/www.webdo.tn\/fr\/#website","url":"https:\/\/www.webdo.tn\/fr\/","name":"webdo","description":"Tunisie - News en Tunisie et \u00e0 l&#039;international sur Webdo.tn","publisher":{"@id":"https:\/\/www.webdo.tn\/fr\/#organization"},"potentialAction":[{"@type":"SearchAction","target":{"@type":"EntryPoint","urlTemplate":"https:\/\/www.webdo.tn\/fr\/?s={search_term_string}"},"query-input":{"@type":"PropertyValueSpecification","valueRequired":true,"valueName":"search_term_string"}}],"inLanguage":"fr-FR"},{"@type":"Organization","@id":"https:\/\/www.webdo.tn\/fr\/#organization","name":"Webdo","alternateName":"Webdo.tn","url":"https:\/\/www.webdo.tn\/fr\/","logo":{"@type":"ImageObject","inLanguage":"fr-FR","@id":"https:\/\/www.webdo.tn\/fr\/#\/schema\/logo\/image\/","url":"https:\/\/www.webdo.tn\/fr\/wp-content\/uploads\/2025\/06\/Webdo-Tunisie_168377.jpg","contentUrl":"https:\/\/www.webdo.tn\/fr\/wp-content\/uploads\/2025\/06\/Webdo-Tunisie_168377.jpg","width":301,"height":301,"caption":"Webdo"},"image":{"@id":"https:\/\/www.webdo.tn\/fr\/#\/schema\/logo\/image\/"},"sameAs":["https:\/\/www.facebook.com\/webdotn","https:\/\/x.com\/webdo_tn"],"description":"Webdo est un m\u00e9dia num\u00e9rique tunisien fond\u00e9 en 2010, sp\u00e9cialis\u00e9 dans l\u2019actualit\u00e9 nationale et internationale, l\u2019\u00e9conomie, la soci\u00e9t\u00e9 et les analyses politiques. Le site s\u2019adresse \u00e0 un large public francophone et couvre l\u2019information tunisienne en temps r\u00e9el.","email":"redac@webdo.tn","legalName":"YNJ SARL","foundingDate":"2010-09-06","numberOfEmployees":{"@type":"QuantitativeValue","minValue":"11","maxValue":"50"}},{"@type":"Person","@id":"https:\/\/www.webdo.tn\/fr\/#\/schema\/person\/9a9c6118d687c117df8ef3cc36a4d175","name":"webdo.tn","image":{"@type":"ImageObject","inLanguage":"fr-FR","@id":"https:\/\/secure.gravatar.com\/avatar\/7ce1f28c0c3bbac99ff550b85ef8e44a6950c6ee24514fb6a5489e51d06f0298?s=96&d=mm&r=g","url":"https:\/\/secure.gravatar.com\/avatar\/7ce1f28c0c3bbac99ff550b85ef8e44a6950c6ee24514fb6a5489e51d06f0298?s=96&d=mm&r=g","contentUrl":"https:\/\/secure.gravatar.com\/avatar\/7ce1f28c0c3bbac99ff550b85ef8e44a6950c6ee24514fb6a5489e51d06f0298?s=96&d=mm&r=g","caption":"webdo.tn"},"url":"https:\/\/www.webdo.tn\/fr\/actualite\/author\/webdotn\/"}]}},"_links":{"self":[{"href":"https:\/\/www.webdo.tn\/fr\/wp-json\/wp\/v2\/posts\/186731","targetHints":{"allow":["GET"]}}],"collection":[{"href":"https:\/\/www.webdo.tn\/fr\/wp-json\/wp\/v2\/posts"}],"about":[{"href":"https:\/\/www.webdo.tn\/fr\/wp-json\/wp\/v2\/types\/post"}],"author":[{"embeddable":true,"href":"https:\/\/www.webdo.tn\/fr\/wp-json\/wp\/v2\/users\/3222"}],"replies":[{"embeddable":true,"href":"https:\/\/www.webdo.tn\/fr\/wp-json\/wp\/v2\/comments?post=186731"}],"version-history":[{"count":0,"href":"https:\/\/www.webdo.tn\/fr\/wp-json\/wp\/v2\/posts\/186731\/revisions"}],"wp:featuredmedia":[{"embeddable":true,"href":"https:\/\/www.webdo.tn\/fr\/wp-json\/wp\/v2\/media\/253600"}],"wp:attachment":[{"href":"https:\/\/www.webdo.tn\/fr\/wp-json\/wp\/v2\/media?parent=186731"}],"wp:term":[{"taxonomy":"category","embeddable":true,"href":"https:\/\/www.webdo.tn\/fr\/wp-json\/wp\/v2\/categories?post=186731"},{"taxonomy":"post_tag","embeddable":true,"href":"https:\/\/www.webdo.tn\/fr\/wp-json\/wp\/v2\/tags?post=186731"}],"curies":[{"name":"wp","href":"https:\/\/api.w.org\/{rel}","templated":true}]}}